{"id":76719,"date":"2016-05-22T23:58:36","date_gmt":"2016-05-22T21:58:36","guid":{"rendered":"http:\/\/eldigitaldeasturias.com\/magazine365\/?p=76719"},"modified":"2016-05-22T23:58:36","modified_gmt":"2016-05-22T21:58:36","slug":"gijon-se-prepara-para-el-verano-2016","status":"publish","type":"post","link":"https:\/\/eldigitaldeasturias.com\/magazine365\/gijon-se-prepara-para-el-verano-2016\/","title":{"rendered":"Gij\u00f3n se prepara para el verano 2016"},"content":{"rendered":"<p><img fetchpriority=\"high\" decoding=\"async\" class=\"alignleft size-medium wp-image-76720\" src=\"https:\/\/eldigitaldeasturias.com\/magazine365\/wp-content\/uploads\/2016\/05\/fotonoticia_20160520135540_800-360x270.jpg\" alt=\"fotonoticia_20160520135540_800\" width=\"360\" height=\"270\" srcset=\"https:\/\/eldigitaldeasturias.com\/magazine365\/wp-content\/uploads\/2016\/05\/fotonoticia_20160520135540_800-360x270.jpg 360w, https:\/\/eldigitaldeasturias.com\/magazine365\/wp-content\/uploads\/2016\/05\/fotonoticia_20160520135540_800-650x488.jpg 650w, https:\/\/eldigitaldeasturias.com\/magazine365\/wp-content\/uploads\/2016\/05\/fotonoticia_20160520135540_800-768x576.jpg 768w, https:\/\/eldigitaldeasturias.com\/magazine365\/wp-content\/uploads\/2016\/05\/fotonoticia_20160520135540_800-150x113.jpg 150w, https:\/\/eldigitaldeasturias.com\/magazine365\/wp-content\/uploads\/2016\/05\/fotonoticia_20160520135540_800-450x338.jpg 450w, https:\/\/eldigitaldeasturias.com\/magazine365\/wp-content\/uploads\/2016\/05\/fotonoticia_20160520135540_800-90x67.jpg 90w, https:\/\/eldigitaldeasturias.com\/magazine365\/wp-content\/uploads\/2016\/05\/fotonoticia_20160520135540_800-164x124.jpg 164w, https:\/\/eldigitaldeasturias.com\/magazine365\/wp-content\/uploads\/2016\/05\/fotonoticia_20160520135540_800-100x75.jpg 100w, https:\/\/eldigitaldeasturias.com\/magazine365\/wp-content\/uploads\/2016\/05\/fotonoticia_20160520135540_800.jpg 800w\" sizes=\"(max-width: 360px) 100vw, 360px\" \/>El Ayuntamiento de Gij\u00f3n oferta en su programa de verano un centenar de actividades y 12.000 plazas, con un presupuesto total de 480.000 euros. As\u00ed lo han destacado, en rueda de prensa, los concejales de Festejos, Turismo y Deportes, Jes\u00fas Mart\u00ednez Salvador, la de Bienestar Social, Eva Ill\u00e1n, y la de Educaci\u00f3n y Cultura, Montserrat L\u00f3pez.<\/p>\n<p>Mart\u00ednez Salvador, ha explicado que en el caso de las actividades deportivas, campus y campamentos se ofertan m\u00e1s de 6.000 plazas. Entre las novedades, ha se\u00f1alado que el campamento de ingl\u00e9s en el Bot\u00e1nico, &#8216;Summer in the Garden&#8217;, que este a\u00f1o se oferta con servicio de autob\u00fas sin suplemento de coste, y tambi\u00e9n el campamento Peque Bot\u00e1nico, para ni\u00f1os entre 3 y 5 a\u00f1os.<\/p>\n<p>Tambi\u00e9n ha destacado el campus de Balonmano que impartir\u00e1 el deportista Ra\u00fal Entrerr\u00edos, con opci\u00f3n de media pensi\u00f3n, y el de Multiaventura, con m\u00faltiples experiencias como expeleolog\u00eda o tirolina. Otras novedades son el Yoga sub, Flyboard, patr\u00f3n de embarcaci\u00f3n de vela y a motor y un parque acu\u00e1tico infantil en la playa de Poniente.<\/p>\n<p>En el caso de Ill\u00e1n, la edil ha avanzado que se est\u00e1 estudiando la proposici\u00f3n del Pleno aprobada por subvencionar al 100 por ciento las actividades para familias sin recursos. En el caso de beneficiarios de becas comedor, se remitir\u00e1 de nuevo una carta a las familias donde se informe de que las actividades ser\u00e1n gratuitas para ellos incluidas las comidas, solo con presentar ese escrito.<\/p>\n<p>Tambi\u00e9n ha avanzado que van a proponer a los grupos de la oposici\u00f3n, en una reuni\u00f3n que se celebrar\u00e1 el martes pr\u00f3ximo en la Fundaci\u00f3n Municipal de Servicios Sociales, el dar un cheque de comidas para los que teniendo beca comedor no quieren apuntarse a ninguna actividad, ante las protestas recibidas por algunas familias porque se &#8216;fuerza&#8217; a los ni\u00f1os a ir a los campamentos, seg\u00fan ella.<\/p>\n<p>El cheque ser\u00eda por el valor del coste del comedor, que incluye al menos comida y merienda, para gastar en determinados sitios concretos. Ill\u00e1n ha apuntado que entre 2.200 y 2.400 ni\u00f1os se podr\u00edan ver beneficiados.<\/p>\n<p>L\u00f3pez, por su lado, ha apuntado que los seis museos de la ciudad ofertan 28 actividades con 600 plazas, 100 de ellas de colonias, para lo que se ha asignado un presupuesto de 52.681 euros. Entre estas se incluyen campamentos del 11&#215;12, que se desarrolla durante 12 semanas con 12 temas distintos.<\/p>\n<p>La edil ha aprovechado para se\u00f1alar que este a\u00f1o sacar\u00e1n unas bases nuevas de las ayudas para adquisici\u00f3n de material escolar de Primaria y Secundaria, cuyos requisitos ser\u00e1n los mismos que para las becas comedor.<\/p>\n<p>&nbsp;<\/p>\n","protected":false},"excerpt":{"rendered":"<p>El Ayuntamiento de Gij\u00f3n oferta en su programa de verano un centenar de actividades y 12.000 plazas, con un presupuesto total de 480.000 euros. As\u00ed lo han destacado, en rueda de prensa, los concejales de Festejos, Turismo y Deportes, Jes\u00fas Mart\u00ednez Salvador, la de Bienestar Social, Eva Ill\u00e1n, y la de Educaci\u00f3n y Cultura, Montserrat<\/p>\n","protected":false},"author":1,"featured_media":76720,"comment_status":"open","ping_status":"closed","sticky":false,"template":"","format":"standard","meta":{"footnotes":""},"categories":[224],"tags":[],"class_list":{"0":"post-76719","1":"post","2":"type-post","3":"status-publish","4":"format-standard","5":"has-post-thumbnail","7":"category-noticias-actualidad"},"aioseo_notices":[],"aioseo_head":"\n\t\t<!-- All in One SEO Pro 4.9.6.1 - aioseo.com -->\n\t<meta name=\"description\" content=\"El Ayuntamiento de Gij\u00f3n oferta en su programa de verano un centenar de actividades y 12.000 plazas, con un presupuesto total de 480.000 euros. As\u00ed lo han destacado, en rueda de prensa, los concejales de Festejos, Turismo y Deportes, Jes\u00fas Mart\u00ednez Salvador, la de Bienestar Social, Eva Ill\u00e1n, y la de Educaci\u00f3n y Cultura, Montserrat\" \/>\n\t<meta name=\"robots\" content=\"max-image-preview:large\" \/>\n\t<meta name=\"author\" content=\"admin\"\/>\n\t<meta name=\"google-site-verification\" content=\"UA-38556648-1\" \/>\n\t<meta name=\"keywords\" content=\"noticias y actualidad\" \/>\n\t<link rel=\"canonical\" href=\"https:\/\/eldigitaldeasturias.com\/magazine365\/gijon-se-prepara-para-el-verano-2016\/\" \/>\n\t<meta name=\"generator\" content=\"All in One SEO Pro (AIOSEO) 4.9.6.1\" \/>\n\t\t<meta property=\"og:locale\" content=\"es_ES\" \/>\n\t\t<meta property=\"og:site_name\" content=\"El Digital de Asturias \u2013 Revista de ocio, turismo y estilo de vida\" \/>\n\t\t<meta property=\"og:type\" content=\"article\" \/>\n\t\t<meta property=\"og:title\" content=\"Gij\u00f3n se prepara para el verano 2016 | El Digital de Asturias\" \/>\n\t\t<meta property=\"og:description\" content=\"El Ayuntamiento de Gij\u00f3n oferta en su programa de verano un centenar de actividades y 12.000 plazas, con un presupuesto total de 480.000 euros. As\u00ed lo han destacado, en rueda de prensa, los concejales de Festejos, Turismo y Deportes, Jes\u00fas Mart\u00ednez Salvador, la de Bienestar Social, Eva Ill\u00e1n, y la de Educaci\u00f3n y Cultura, Montserrat\" \/>\n\t\t<meta property=\"og:url\" content=\"https:\/\/eldigitaldeasturias.com\/magazine365\/gijon-se-prepara-para-el-verano-2016\/\" \/>\n\t\t<meta property=\"og:image\" content=\"https:\/\/eldigitaldeasturias.com\/magazine365\/wp-content\/uploads\/2016\/05\/fotonoticia_20160520135540_800.jpg\" \/>\n\t\t<meta property=\"og:image:secure_url\" content=\"https:\/\/eldigitaldeasturias.com\/magazine365\/wp-content\/uploads\/2016\/05\/fotonoticia_20160520135540_800.jpg\" \/>\n\t\t<meta property=\"og:image:width\" content=\"800\" \/>\n\t\t<meta property=\"og:image:height\" content=\"600\" \/>\n\t\t<meta property=\"article:published_time\" content=\"2016-05-22T21:58:36+00:00\" \/>\n\t\t<meta property=\"article:modified_time\" content=\"2016-05-22T21:58:36+00:00\" \/>\n\t\t<meta name=\"twitter:card\" content=\"summary_large_image\" \/>\n\t\t<meta name=\"twitter:title\" content=\"Gij\u00f3n se prepara para el verano 2016 | El Digital de Asturias\" \/>\n\t\t<meta name=\"twitter:description\" content=\"El Ayuntamiento de Gij\u00f3n oferta en su programa de verano un centenar de actividades y 12.000 plazas, con un presupuesto total de 480.000 euros. As\u00ed lo han destacado, en rueda de prensa, los concejales de Festejos, Turismo y Deportes, Jes\u00fas Mart\u00ednez Salvador, la de Bienestar Social, Eva Ill\u00e1n, y la de Educaci\u00f3n y Cultura, Montserrat\" \/>\n\t\t<meta name=\"twitter:image\" content=\"https:\/\/eldigitaldeasturias.com\/magazine365\/wp-content\/uploads\/2016\/05\/fotonoticia_20160520135540_800.jpg\" \/>\n\t\t<script type=\"application\/ld+json\" class=\"aioseo-schema\">\n\t\t\t{\"@context\":\"https:\\\/\\\/schema.org\",\"@graph\":[{\"@type\":\"Article\",\"@id\":\"https:\\\/\\\/eldigitaldeasturias.com\\\/magazine365\\\/gijon-se-prepara-para-el-verano-2016\\\/#article\",\"name\":\"Gij\\u00f3n se prepara para el verano 2016 | El Digital de Asturias\",\"headline\":\"Gij\\u00f3n se prepara para el verano 2016\",\"author\":{\"@id\":\"https:\\\/\\\/eldigitaldeasturias.com\\\/magazine365\\\/author\\\/admin\\\/#author\"},\"publisher\":{\"@id\":\"https:\\\/\\\/eldigitaldeasturias.com\\\/magazine365\\\/#organization\"},\"image\":{\"@type\":\"ImageObject\",\"url\":\"https:\\\/\\\/eldigitaldeasturias.com\\\/magazine365\\\/wp-content\\\/uploads\\\/2016\\\/05\\\/fotonoticia_20160520135540_800.jpg\",\"width\":800,\"height\":600},\"datePublished\":\"2016-05-22T23:58:36+02:00\",\"dateModified\":\"2016-05-22T23:58:36+02:00\",\"inLanguage\":\"es-ES\",\"mainEntityOfPage\":{\"@id\":\"https:\\\/\\\/eldigitaldeasturias.com\\\/magazine365\\\/gijon-se-prepara-para-el-verano-2016\\\/#webpage\"},\"isPartOf\":{\"@id\":\"https:\\\/\\\/eldigitaldeasturias.com\\\/magazine365\\\/gijon-se-prepara-para-el-verano-2016\\\/#webpage\"},\"articleSection\":\"Noticias y Actualidad\"},{\"@type\":\"BreadcrumbList\",\"@id\":\"https:\\\/\\\/eldigitaldeasturias.com\\\/magazine365\\\/gijon-se-prepara-para-el-verano-2016\\\/#breadcrumblist\",\"itemListElement\":[{\"@type\":\"ListItem\",\"@id\":\"https:\\\/\\\/eldigitaldeasturias.com\\\/magazine365#listItem\",\"position\":1,\"name\":\"Home\",\"item\":\"https:\\\/\\\/eldigitaldeasturias.com\\\/magazine365\",\"nextItem\":{\"@type\":\"ListItem\",\"@id\":\"https:\\\/\\\/eldigitaldeasturias.com\\\/magazine365\\\/category\\\/noticias-actualidad\\\/#listItem\",\"name\":\"Noticias y Actualidad\"}},{\"@type\":\"ListItem\",\"@id\":\"https:\\\/\\\/eldigitaldeasturias.com\\\/magazine365\\\/category\\\/noticias-actualidad\\\/#listItem\",\"position\":2,\"name\":\"Noticias y Actualidad\",\"item\":\"https:\\\/\\\/eldigitaldeasturias.com\\\/magazine365\\\/category\\\/noticias-actualidad\\\/\",\"nextItem\":{\"@type\":\"ListItem\",\"@id\":\"https:\\\/\\\/eldigitaldeasturias.com\\\/magazine365\\\/gijon-se-prepara-para-el-verano-2016\\\/#listItem\",\"name\":\"Gij\\u00f3n se prepara para el verano 2016\"},\"previousItem\":{\"@type\":\"ListItem\",\"@id\":\"https:\\\/\\\/eldigitaldeasturias.com\\\/magazine365#listItem\",\"name\":\"Home\"}},{\"@type\":\"ListItem\",\"@id\":\"https:\\\/\\\/eldigitaldeasturias.com\\\/magazine365\\\/gijon-se-prepara-para-el-verano-2016\\\/#listItem\",\"position\":3,\"name\":\"Gij\\u00f3n se prepara para el verano 2016\",\"previousItem\":{\"@type\":\"ListItem\",\"@id\":\"https:\\\/\\\/eldigitaldeasturias.com\\\/magazine365\\\/category\\\/noticias-actualidad\\\/#listItem\",\"name\":\"Noticias y Actualidad\"}}]},{\"@type\":\"Organization\",\"@id\":\"https:\\\/\\\/eldigitaldeasturias.com\\\/magazine365\\\/#organization\",\"name\":\"El digital de Asturias\",\"description\":\"Revista de ocio, turismo y estilo de vida\",\"url\":\"https:\\\/\\\/eldigitaldeasturias.com\\\/magazine365\\\/\",\"logo\":{\"@type\":\"ImageObject\",\"url\":\"https:\\\/\\\/www.eldigitaldeasturias.com\\\/noticias\\\/wp-content\\\/uploads\\\/2020\\\/12\\\/EDA.jpg\",\"@id\":\"https:\\\/\\\/eldigitaldeasturias.com\\\/magazine365\\\/gijon-se-prepara-para-el-verano-2016\\\/#organizationLogo\"},\"image\":{\"@id\":\"https:\\\/\\\/eldigitaldeasturias.com\\\/magazine365\\\/gijon-se-prepara-para-el-verano-2016\\\/#organizationLogo\"}},{\"@type\":\"Person\",\"@id\":\"https:\\\/\\\/eldigitaldeasturias.com\\\/magazine365\\\/author\\\/admin\\\/#author\",\"url\":\"https:\\\/\\\/eldigitaldeasturias.com\\\/magazine365\\\/author\\\/admin\\\/\",\"name\":\"admin\",\"image\":{\"@type\":\"ImageObject\",\"@id\":\"https:\\\/\\\/eldigitaldeasturias.com\\\/magazine365\\\/gijon-se-prepara-para-el-verano-2016\\\/#authorImage\",\"url\":\"https:\\\/\\\/eldigitaldeasturias.com\\\/magazine365\\\/wp-content\\\/litespeed\\\/avatar\\\/e571bcf59a0edd6fa6838245a470f2fe.jpg?ver=1777574230\",\"width\":96,\"height\":96,\"caption\":\"admin\"}},{\"@type\":\"WebPage\",\"@id\":\"https:\\\/\\\/eldigitaldeasturias.com\\\/magazine365\\\/gijon-se-prepara-para-el-verano-2016\\\/#webpage\",\"url\":\"https:\\\/\\\/eldigitaldeasturias.com\\\/magazine365\\\/gijon-se-prepara-para-el-verano-2016\\\/\",\"name\":\"Gij\\u00f3n se prepara para el verano 2016 | El Digital de Asturias\",\"description\":\"El Ayuntamiento de Gij\\u00f3n oferta en su programa de verano un centenar de actividades y 12.000 plazas, con un presupuesto total de 480.000 euros. As\\u00ed lo han destacado, en rueda de prensa, los concejales de Festejos, Turismo y Deportes, Jes\\u00fas Mart\\u00ednez Salvador, la de Bienestar Social, Eva Ill\\u00e1n, y la de Educaci\\u00f3n y Cultura, Montserrat\",\"inLanguage\":\"es-ES\",\"isPartOf\":{\"@id\":\"https:\\\/\\\/eldigitaldeasturias.com\\\/magazine365\\\/#website\"},\"breadcrumb\":{\"@id\":\"https:\\\/\\\/eldigitaldeasturias.com\\\/magazine365\\\/gijon-se-prepara-para-el-verano-2016\\\/#breadcrumblist\"},\"author\":{\"@id\":\"https:\\\/\\\/eldigitaldeasturias.com\\\/magazine365\\\/author\\\/admin\\\/#author\"},\"creator\":{\"@id\":\"https:\\\/\\\/eldigitaldeasturias.com\\\/magazine365\\\/author\\\/admin\\\/#author\"},\"image\":{\"@type\":\"ImageObject\",\"url\":\"https:\\\/\\\/eldigitaldeasturias.com\\\/magazine365\\\/wp-content\\\/uploads\\\/2016\\\/05\\\/fotonoticia_20160520135540_800.jpg\",\"@id\":\"https:\\\/\\\/eldigitaldeasturias.com\\\/magazine365\\\/gijon-se-prepara-para-el-verano-2016\\\/#mainImage\",\"width\":800,\"height\":600},\"primaryImageOfPage\":{\"@id\":\"https:\\\/\\\/eldigitaldeasturias.com\\\/magazine365\\\/gijon-se-prepara-para-el-verano-2016\\\/#mainImage\"},\"datePublished\":\"2016-05-22T23:58:36+02:00\",\"dateModified\":\"2016-05-22T23:58:36+02:00\"},{\"@type\":\"WebSite\",\"@id\":\"https:\\\/\\\/eldigitaldeasturias.com\\\/magazine365\\\/#website\",\"url\":\"https:\\\/\\\/eldigitaldeasturias.com\\\/magazine365\\\/\",\"name\":\"El Digital de Asturias\",\"description\":\"Revista de ocio, turismo y estilo de vida\",\"inLanguage\":\"es-ES\",\"publisher\":{\"@id\":\"https:\\\/\\\/eldigitaldeasturias.com\\\/magazine365\\\/#organization\"}}]}\n\t\t<\/script>\n\t\t<!-- All in One SEO Pro -->\r\n\t\t<title>Gij\u00f3n se prepara para el verano 2016 | El Digital de Asturias<\/title>\n\n","aioseo_head_json":{"title":"Gij\u00f3n se prepara para el verano 2016 | El Digital de Asturias","description":"El Ayuntamiento de Gij\u00f3n oferta en su programa de verano un centenar de actividades y 12.000 plazas, con un presupuesto total de 480.000 euros. As\u00ed lo han destacado, en rueda de prensa, los concejales de Festejos, Turismo y Deportes, Jes\u00fas Mart\u00ednez Salvador, la de Bienestar Social, Eva Ill\u00e1n, y la de Educaci\u00f3n y Cultura, Montserrat","canonical_url":"https:\/\/eldigitaldeasturias.com\/magazine365\/gijon-se-prepara-para-el-verano-2016\/","robots":"max-image-preview:large","keywords":"noticias y actualidad","webmasterTools":{"google-site-verification":"UA-38556648-1","miscellaneous":""},"schema":{"@context":"https:\/\/schema.org","@graph":[{"@type":"Article","@id":"https:\/\/eldigitaldeasturias.com\/magazine365\/gijon-se-prepara-para-el-verano-2016\/#article","name":"Gij\u00f3n se prepara para el verano 2016 | El Digital de Asturias","headline":"Gij\u00f3n se prepara para el verano 2016","author":{"@id":"https:\/\/eldigitaldeasturias.com\/magazine365\/author\/admin\/#author"},"publisher":{"@id":"https:\/\/eldigitaldeasturias.com\/magazine365\/#organization"},"image":{"@type":"ImageObject","url":"https:\/\/eldigitaldeasturias.com\/magazine365\/wp-content\/uploads\/2016\/05\/fotonoticia_20160520135540_800.jpg","width":800,"height":600},"datePublished":"2016-05-22T23:58:36+02:00","dateModified":"2016-05-22T23:58:36+02:00","inLanguage":"es-ES","mainEntityOfPage":{"@id":"https:\/\/eldigitaldeasturias.com\/magazine365\/gijon-se-prepara-para-el-verano-2016\/#webpage"},"isPartOf":{"@id":"https:\/\/eldigitaldeasturias.com\/magazine365\/gijon-se-prepara-para-el-verano-2016\/#webpage"},"articleSection":"Noticias y Actualidad"},{"@type":"BreadcrumbList","@id":"https:\/\/eldigitaldeasturias.com\/magazine365\/gijon-se-prepara-para-el-verano-2016\/#breadcrumblist","itemListElement":[{"@type":"ListItem","@id":"https:\/\/eldigitaldeasturias.com\/magazine365#listItem","position":1,"name":"Home","item":"https:\/\/eldigitaldeasturias.com\/magazine365","nextItem":{"@type":"ListItem","@id":"https:\/\/eldigitaldeasturias.com\/magazine365\/category\/noticias-actualidad\/#listItem","name":"Noticias y Actualidad"}},{"@type":"ListItem","@id":"https:\/\/eldigitaldeasturias.com\/magazine365\/category\/noticias-actualidad\/#listItem","position":2,"name":"Noticias y Actualidad","item":"https:\/\/eldigitaldeasturias.com\/magazine365\/category\/noticias-actualidad\/","nextItem":{"@type":"ListItem","@id":"https:\/\/eldigitaldeasturias.com\/magazine365\/gijon-se-prepara-para-el-verano-2016\/#listItem","name":"Gij\u00f3n se prepara para el verano 2016"},"previousItem":{"@type":"ListItem","@id":"https:\/\/eldigitaldeasturias.com\/magazine365#listItem","name":"Home"}},{"@type":"ListItem","@id":"https:\/\/eldigitaldeasturias.com\/magazine365\/gijon-se-prepara-para-el-verano-2016\/#listItem","position":3,"name":"Gij\u00f3n se prepara para el verano 2016","previousItem":{"@type":"ListItem","@id":"https:\/\/eldigitaldeasturias.com\/magazine365\/category\/noticias-actualidad\/#listItem","name":"Noticias y Actualidad"}}]},{"@type":"Organization","@id":"https:\/\/eldigitaldeasturias.com\/magazine365\/#organization","name":"El digital de Asturias","description":"Revista de ocio, turismo y estilo de vida","url":"https:\/\/eldigitaldeasturias.com\/magazine365\/","logo":{"@type":"ImageObject","url":"https:\/\/www.eldigitaldeasturias.com\/noticias\/wp-content\/uploads\/2020\/12\/EDA.jpg","@id":"https:\/\/eldigitaldeasturias.com\/magazine365\/gijon-se-prepara-para-el-verano-2016\/#organizationLogo"},"image":{"@id":"https:\/\/eldigitaldeasturias.com\/magazine365\/gijon-se-prepara-para-el-verano-2016\/#organizationLogo"}},{"@type":"Person","@id":"https:\/\/eldigitaldeasturias.com\/magazine365\/author\/admin\/#author","url":"https:\/\/eldigitaldeasturias.com\/magazine365\/author\/admin\/","name":"admin","image":{"@type":"ImageObject","@id":"https:\/\/eldigitaldeasturias.com\/magazine365\/gijon-se-prepara-para-el-verano-2016\/#authorImage","url":"https:\/\/eldigitaldeasturias.com\/magazine365\/wp-content\/litespeed\/avatar\/e571bcf59a0edd6fa6838245a470f2fe.jpg?ver=1777574230","width":96,"height":96,"caption":"admin"}},{"@type":"WebPage","@id":"https:\/\/eldigitaldeasturias.com\/magazine365\/gijon-se-prepara-para-el-verano-2016\/#webpage","url":"https:\/\/eldigitaldeasturias.com\/magazine365\/gijon-se-prepara-para-el-verano-2016\/","name":"Gij\u00f3n se prepara para el verano 2016 | El Digital de Asturias","description":"El Ayuntamiento de Gij\u00f3n oferta en su programa de verano un centenar de actividades y 12.000 plazas, con un presupuesto total de 480.000 euros. As\u00ed lo han destacado, en rueda de prensa, los concejales de Festejos, Turismo y Deportes, Jes\u00fas Mart\u00ednez Salvador, la de Bienestar Social, Eva Ill\u00e1n, y la de Educaci\u00f3n y Cultura, Montserrat","inLanguage":"es-ES","isPartOf":{"@id":"https:\/\/eldigitaldeasturias.com\/magazine365\/#website"},"breadcrumb":{"@id":"https:\/\/eldigitaldeasturias.com\/magazine365\/gijon-se-prepara-para-el-verano-2016\/#breadcrumblist"},"author":{"@id":"https:\/\/eldigitaldeasturias.com\/magazine365\/author\/admin\/#author"},"creator":{"@id":"https:\/\/eldigitaldeasturias.com\/magazine365\/author\/admin\/#author"},"image":{"@type":"ImageObject","url":"https:\/\/eldigitaldeasturias.com\/magazine365\/wp-content\/uploads\/2016\/05\/fotonoticia_20160520135540_800.jpg","@id":"https:\/\/eldigitaldeasturias.com\/magazine365\/gijon-se-prepara-para-el-verano-2016\/#mainImage","width":800,"height":600},"primaryImageOfPage":{"@id":"https:\/\/eldigitaldeasturias.com\/magazine365\/gijon-se-prepara-para-el-verano-2016\/#mainImage"},"datePublished":"2016-05-22T23:58:36+02:00","dateModified":"2016-05-22T23:58:36+02:00"},{"@type":"WebSite","@id":"https:\/\/eldigitaldeasturias.com\/magazine365\/#website","url":"https:\/\/eldigitaldeasturias.com\/magazine365\/","name":"El Digital de Asturias","description":"Revista de ocio, turismo y estilo de vida","inLanguage":"es-ES","publisher":{"@id":"https:\/\/eldigitaldeasturias.com\/magazine365\/#organization"}}]},"og:locale":"es_ES","og:site_name":"El Digital de Asturias \u2013 Revista de ocio, turismo y estilo de vida","og:type":"article","og:title":"Gij\u00f3n se prepara para el verano 2016 | El Digital de Asturias","og:description":"El Ayuntamiento de Gij\u00f3n oferta en su programa de verano un centenar de actividades y 12.000 plazas, con un presupuesto total de 480.000 euros. As\u00ed lo han destacado, en rueda de prensa, los concejales de Festejos, Turismo y Deportes, Jes\u00fas Mart\u00ednez Salvador, la de Bienestar Social, Eva Ill\u00e1n, y la de Educaci\u00f3n y Cultura, Montserrat","og:url":"https:\/\/eldigitaldeasturias.com\/magazine365\/gijon-se-prepara-para-el-verano-2016\/","og:image":"https:\/\/eldigitaldeasturias.com\/magazine365\/wp-content\/uploads\/2016\/05\/fotonoticia_20160520135540_800.jpg","og:image:secure_url":"https:\/\/eldigitaldeasturias.com\/magazine365\/wp-content\/uploads\/2016\/05\/fotonoticia_20160520135540_800.jpg","og:image:width":800,"og:image:height":600,"article:published_time":"2016-05-22T21:58:36+00:00","article:modified_time":"2016-05-22T21:58:36+00:00","twitter:card":"summary_large_image","twitter:title":"Gij\u00f3n se prepara para el verano 2016 | El Digital de Asturias","twitter:description":"El Ayuntamiento de Gij\u00f3n oferta en su programa de verano un centenar de actividades y 12.000 plazas, con un presupuesto total de 480.000 euros. As\u00ed lo han destacado, en rueda de prensa, los concejales de Festejos, Turismo y Deportes, Jes\u00fas Mart\u00ednez Salvador, la de Bienestar Social, Eva Ill\u00e1n, y la de Educaci\u00f3n y Cultura, Montserrat","twitter:image":"https:\/\/eldigitaldeasturias.com\/magazine365\/wp-content\/uploads\/2016\/05\/fotonoticia_20160520135540_800.jpg"},"aioseo_meta_data":{"post_id":"76719","title":null,"description":null,"keywords":null,"keyphrases":null,"primary_term":null,"canonical_url":null,"og_title":null,"og_description":null,"og_object_type":"default","og_image_type":"default","og_image_url":null,"og_image_width":null,"og_image_height":null,"og_image_custom_url":null,"og_image_custom_fields":null,"og_video":null,"og_custom_url":null,"og_article_section":null,"og_article_tags":null,"twitter_use_og":false,"twitter_card":"default","twitter_image_type":"default","twitter_image_url":null,"twitter_image_custom_url":null,"twitter_image_custom_fields":null,"twitter_title":null,"twitter_description":null,"schema":{"blockGraphs":[],"customGraphs":[],"default":{"data":{"Article":[],"Course":[],"Dataset":[],"FAQPage":[],"Movie":[],"Person":[],"Product":[],"ProductReview":[],"Car":[],"Recipe":[],"Service":[],"SoftwareApplication":[],"WebPage":[]},"graphName":"","isEnabled":true},"graphs":[],"defaultGraph":"","defaultPostTypeGraph":""},"schema_type":null,"schema_type_options":null,"pillar_content":false,"robots_default":true,"robots_noindex":false,"robots_noarchive":false,"robots_nosnippet":false,"robots_nofollow":false,"robots_noimageindex":false,"robots_noodp":false,"robots_notranslate":false,"robots_max_snippet":null,"robots_max_videopreview":null,"robots_max_imagepreview":"large","priority":null,"frequency":null,"location":null,"local_seo":null,"seo_analyzer_scan_date":"2025-09-27 13:17:37","breadcrumb_settings":null,"limit_modified_date":false,"open_ai":null,"ai":null,"created":"2021-03-08 18:24:39","updated":"2025-09-27 13:17:37"},"aioseo_breadcrumb":"<div class=\"aioseo-breadcrumbs\"><span class=\"aioseo-breadcrumb\">\n\t<a href=\"https:\/\/eldigitaldeasturias.com\/magazine365\" title=\"Home\">Home<\/a>\n<\/span><span class=\"aioseo-breadcrumb-separator\">\u2013<\/span><span class=\"aioseo-breadcrumb\">\n\t<a href=\"https:\/\/eldigitaldeasturias.com\/magazine365\/category\/noticias-actualidad\/\" title=\"Noticias y Actualidad\">Noticias y Actualidad<\/a>\n<\/span><span class=\"aioseo-breadcrumb-separator\">\u2013<\/span><span class=\"aioseo-breadcrumb\">\n\t<a href=\"https:\/\/eldigitaldeasturias.com\/magazine365\/gijon-se-prepara-para-el-verano-2016\/\" title=\"Gij\u00f3n se prepara para el verano 2016\">Gij\u00f3n se prepara para el verano 2016<\/a>\n<\/span><\/div>","aioseo_breadcrumb_json":[{"label":"Home","link":"https:\/\/eldigitaldeasturias.com\/magazine365"},{"label":"Noticias y Actualidad","link":"https:\/\/eldigitaldeasturias.com\/magazine365\/category\/noticias-actualidad\/"},{"label":"Gij\u00f3n se prepara para el verano 2016","link":"https:\/\/eldigitaldeasturias.com\/magazine365\/gijon-se-prepara-para-el-verano-2016\/"}],"_links":{"self":[{"href":"https:\/\/eldigitaldeasturias.com\/magazine365\/wp-json\/wp\/v2\/posts\/76719","targetHints":{"allow":["GET"]}}],"collection":[{"href":"https:\/\/eldigitaldeasturias.com\/magazine365\/wp-json\/wp\/v2\/posts"}],"about":[{"href":"https:\/\/eldigitaldeasturias.com\/magazine365\/wp-json\/wp\/v2\/types\/post"}],"author":[{"embeddable":true,"href":"https:\/\/eldigitaldeasturias.com\/magazine365\/wp-json\/wp\/v2\/users\/1"}],"replies":[{"embeddable":true,"href":"https:\/\/eldigitaldeasturias.com\/magazine365\/wp-json\/wp\/v2\/comments?post=76719"}],"version-history":[{"count":0,"href":"https:\/\/eldigitaldeasturias.com\/magazine365\/wp-json\/wp\/v2\/posts\/76719\/revisions"}],"wp:featuredmedia":[{"embeddable":true,"href":"https:\/\/eldigitaldeasturias.com\/magazine365\/wp-json\/wp\/v2\/media\/76720"}],"wp:attachment":[{"href":"https:\/\/eldigitaldeasturias.com\/magazine365\/wp-json\/wp\/v2\/media?parent=76719"}],"wp:term":[{"taxonomy":"category","embeddable":true,"href":"https:\/\/eldigitaldeasturias.com\/magazine365\/wp-json\/wp\/v2\/categories?post=76719"},{"taxonomy":"post_tag","embeddable":true,"href":"https:\/\/eldigitaldeasturias.com\/magazine365\/wp-json\/wp\/v2\/tags?post=76719"}],"curies":[{"name":"wp","href":"https:\/\/api.w.org\/{rel}","templated":true}]}}