{"id":76715,"date":"2016-05-21T13:48:13","date_gmt":"2016-05-21T11:48:13","guid":{"rendered":"http:\/\/eldigitaldeasturias.com\/magazine365\/?p=76715"},"modified":"2016-05-21T13:48:13","modified_gmt":"2016-05-21T11:48:13","slug":"la-ocupacion-en-madrid-alcanza-el-68-por-la-final-de-la-copa-del-rey","status":"publish","type":"post","link":"https:\/\/eldigitaldeasturias.com\/magazine365\/la-ocupacion-en-madrid-alcanza-el-68-por-la-final-de-la-copa-del-rey\/","title":{"rendered":"La ocupaci\u00f3n en Madrid alcanza el 68% por la final de la Copa del Rey"},"content":{"rendered":"<p><img fetchpriority=\"high\" decoding=\"async\" class=\"alignleft size-medium wp-image-76716\" src=\"https:\/\/eldigitaldeasturias.com\/magazine365\/wp-content\/uploads\/2016\/05\/fotonoticia_20160521095940_800-360x153.jpg\" alt=\"fotonoticia_20160521095940_800\" width=\"360\" height=\"153\" srcset=\"https:\/\/eldigitaldeasturias.com\/magazine365\/wp-content\/uploads\/2016\/05\/fotonoticia_20160521095940_800-360x153.jpg 360w, https:\/\/eldigitaldeasturias.com\/magazine365\/wp-content\/uploads\/2016\/05\/fotonoticia_20160521095940_800-650x276.jpg 650w, https:\/\/eldigitaldeasturias.com\/magazine365\/wp-content\/uploads\/2016\/05\/fotonoticia_20160521095940_800-768x326.jpg 768w, https:\/\/eldigitaldeasturias.com\/magazine365\/wp-content\/uploads\/2016\/05\/fotonoticia_20160521095940_800-150x64.jpg 150w, https:\/\/eldigitaldeasturias.com\/magazine365\/wp-content\/uploads\/2016\/05\/fotonoticia_20160521095940_800-450x191.jpg 450w, https:\/\/eldigitaldeasturias.com\/magazine365\/wp-content\/uploads\/2016\/05\/fotonoticia_20160521095940_800.jpg 800w\" sizes=\"(max-width: 360px) 100vw, 360px\" \/>La ocupaci\u00f3n hotelera en Madrid de cara a la final de la Copa del Rey es del 68% para la noche del 22 de mayo, seg\u00fan los datos proporcionados por el buscador trivago.es.<\/p>\n<p>El precio medio por pernoctaci\u00f3n se eleva hasta los 186 euros, pero el buscador afirma que todav\u00eda se puede encontrar alojamiento a partir de los 30 euros en hoteles de una estrella en hoteles en pleno centro de la ciudad o cercanos al estadio.<\/p>\n<p>Por su parte, el precio medio de los establecimientos de Madrid para la noche del encuentro ha aumentado un 55% en comparaci\u00f3n con el precio medio del mes, siendo el coste medio de los alojamientos de la capital en mayo de 120\u20ac, seg\u00fan recoge el estudio mensual del \u00cdndice de Precios de Hoteles de trivago (tHPI).<\/p>\n<p>Asimismo, los hoteles de dos y tres estrellas, con 116 y 163 euros, respectivamente, tambi\u00e9n registran un precio medio por debajo por debajo de la media para la noche del partido.<\/p>\n<p>En cuanto a los hoteles de alta categor\u00eda, los precios medios ofertados son de 170 euros para cuatro estrellas y 364 euros en cinco estrellas.<\/p>\n<p>Los precios para la v\u00edspera del partido aumentan hasta los 260 euros. El factor de ocupaci\u00f3n para el d\u00eda de antes del acontecimiento repunta hasta el 87%, convirti\u00e9ndose en el d\u00eda m\u00e1s caro del fin de semana. Solo los hoteles de categor\u00eda alta ofertan disponibilidad el s\u00e1bado en habitaciones superiores, apunta trivago.<\/p>\n","protected":false},"excerpt":{"rendered":"<p>La ocupaci\u00f3n hotelera en Madrid de cara a la final de la Copa del Rey es del 68% para la noche del 22 de mayo, seg\u00fan los datos proporcionados por el buscador trivago.es. El precio medio por pernoctaci\u00f3n se eleva hasta los 186 euros, pero el buscador afirma que todav\u00eda se puede encontrar alojamiento a<\/p>\n","protected":false},"author":1,"featured_media":76716,"comment_status":"open","ping_status":"closed","sticky":false,"template":"","format":"standard","meta":{"footnotes":""},"categories":[224],"tags":[],"class_list":{"0":"post-76715","1":"post","2":"type-post","3":"status-publish","4":"format-standard","5":"has-post-thumbnail","7":"category-noticias-actualidad"},"aioseo_notices":[],"aioseo_head":"\n\t\t<!-- All in One SEO Pro 4.9.6.1 - aioseo.com -->\n\t<meta name=\"description\" content=\"La ocupaci\u00f3n hotelera en Madrid de cara a la final de la Copa del Rey es del 68% para la noche del 22 de mayo, seg\u00fan los datos proporcionados por el buscador trivago.es. El precio medio por pernoctaci\u00f3n se eleva hasta los 186 euros, pero el buscador afirma que todav\u00eda se puede encontrar alojamiento a\" \/>\n\t<meta name=\"robots\" content=\"max-image-preview:large\" \/>\n\t<meta name=\"author\" content=\"admin\"\/>\n\t<meta name=\"google-site-verification\" content=\"UA-38556648-1\" \/>\n\t<meta name=\"keywords\" content=\"noticias y actualidad\" \/>\n\t<link rel=\"canonical\" href=\"https:\/\/eldigitaldeasturias.com\/magazine365\/la-ocupacion-en-madrid-alcanza-el-68-por-la-final-de-la-copa-del-rey\/\" \/>\n\t<meta name=\"generator\" content=\"All in One SEO Pro (AIOSEO) 4.9.6.1\" \/>\n\t\t<meta property=\"og:locale\" content=\"es_ES\" \/>\n\t\t<meta property=\"og:site_name\" content=\"El Digital de Asturias \u2013 Revista de ocio, turismo y estilo de vida\" \/>\n\t\t<meta property=\"og:type\" content=\"article\" \/>\n\t\t<meta property=\"og:title\" content=\"La ocupaci\u00f3n en Madrid alcanza el 68% por la final de la Copa del Rey | El Digital de Asturias\" \/>\n\t\t<meta property=\"og:description\" content=\"La ocupaci\u00f3n hotelera en Madrid de cara a la final de la Copa del Rey es del 68% para la noche del 22 de mayo, seg\u00fan los datos proporcionados por el buscador trivago.es. El precio medio por pernoctaci\u00f3n se eleva hasta los 186 euros, pero el buscador afirma que todav\u00eda se puede encontrar alojamiento a\" \/>\n\t\t<meta property=\"og:url\" content=\"https:\/\/eldigitaldeasturias.com\/magazine365\/la-ocupacion-en-madrid-alcanza-el-68-por-la-final-de-la-copa-del-rey\/\" \/>\n\t\t<meta property=\"og:image\" content=\"https:\/\/eldigitaldeasturias.com\/magazine365\/wp-content\/uploads\/2016\/05\/fotonoticia_20160521095940_800.jpg\" \/>\n\t\t<meta property=\"og:image:secure_url\" content=\"https:\/\/eldigitaldeasturias.com\/magazine365\/wp-content\/uploads\/2016\/05\/fotonoticia_20160521095940_800.jpg\" \/>\n\t\t<meta property=\"og:image:width\" content=\"800\" \/>\n\t\t<meta property=\"og:image:height\" content=\"340\" \/>\n\t\t<meta property=\"article:published_time\" content=\"2016-05-21T11:48:13+00:00\" \/>\n\t\t<meta property=\"article:modified_time\" content=\"2016-05-21T11:48:13+00:00\" \/>\n\t\t<meta name=\"twitter:card\" content=\"summary_large_image\" \/>\n\t\t<meta name=\"twitter:title\" content=\"La ocupaci\u00f3n en Madrid alcanza el 68% por la final de la Copa del Rey | El Digital de Asturias\" \/>\n\t\t<meta name=\"twitter:description\" content=\"La ocupaci\u00f3n hotelera en Madrid de cara a la final de la Copa del Rey es del 68% para la noche del 22 de mayo, seg\u00fan los datos proporcionados por el buscador trivago.es. El precio medio por pernoctaci\u00f3n se eleva hasta los 186 euros, pero el buscador afirma que todav\u00eda se puede encontrar alojamiento a\" \/>\n\t\t<meta name=\"twitter:image\" content=\"https:\/\/eldigitaldeasturias.com\/magazine365\/wp-content\/uploads\/2016\/05\/fotonoticia_20160521095940_800.jpg\" \/>\n\t\t<script type=\"application\/ld+json\" class=\"aioseo-schema\">\n\t\t\t{\"@context\":\"https:\\\/\\\/schema.org\",\"@graph\":[{\"@type\":\"Article\",\"@id\":\"https:\\\/\\\/eldigitaldeasturias.com\\\/magazine365\\\/la-ocupacion-en-madrid-alcanza-el-68-por-la-final-de-la-copa-del-rey\\\/#article\",\"name\":\"La ocupaci\\u00f3n en Madrid alcanza el 68% por la final de la Copa del Rey | El Digital de Asturias\",\"headline\":\"La ocupaci\\u00f3n en Madrid alcanza el 68% por la final de la Copa del Rey\",\"author\":{\"@id\":\"https:\\\/\\\/eldigitaldeasturias.com\\\/magazine365\\\/author\\\/admin\\\/#author\"},\"publisher\":{\"@id\":\"https:\\\/\\\/eldigitaldeasturias.com\\\/magazine365\\\/#organization\"},\"image\":{\"@type\":\"ImageObject\",\"url\":\"https:\\\/\\\/eldigitaldeasturias.com\\\/magazine365\\\/wp-content\\\/uploads\\\/2016\\\/05\\\/fotonoticia_20160521095940_800.jpg\",\"width\":800,\"height\":340},\"datePublished\":\"2016-05-21T13:48:13+02:00\",\"dateModified\":\"2016-05-21T13:48:13+02:00\",\"inLanguage\":\"es-ES\",\"mainEntityOfPage\":{\"@id\":\"https:\\\/\\\/eldigitaldeasturias.com\\\/magazine365\\\/la-ocupacion-en-madrid-alcanza-el-68-por-la-final-de-la-copa-del-rey\\\/#webpage\"},\"isPartOf\":{\"@id\":\"https:\\\/\\\/eldigitaldeasturias.com\\\/magazine365\\\/la-ocupacion-en-madrid-alcanza-el-68-por-la-final-de-la-copa-del-rey\\\/#webpage\"},\"articleSection\":\"Noticias y Actualidad\"},{\"@type\":\"BreadcrumbList\",\"@id\":\"https:\\\/\\\/eldigitaldeasturias.com\\\/magazine365\\\/la-ocupacion-en-madrid-alcanza-el-68-por-la-final-de-la-copa-del-rey\\\/#breadcrumblist\",\"itemListElement\":[{\"@type\":\"ListItem\",\"@id\":\"https:\\\/\\\/eldigitaldeasturias.com\\\/magazine365#listItem\",\"position\":1,\"name\":\"Home\",\"item\":\"https:\\\/\\\/eldigitaldeasturias.com\\\/magazine365\",\"nextItem\":{\"@type\":\"ListItem\",\"@id\":\"https:\\\/\\\/eldigitaldeasturias.com\\\/magazine365\\\/category\\\/noticias-actualidad\\\/#listItem\",\"name\":\"Noticias y Actualidad\"}},{\"@type\":\"ListItem\",\"@id\":\"https:\\\/\\\/eldigitaldeasturias.com\\\/magazine365\\\/category\\\/noticias-actualidad\\\/#listItem\",\"position\":2,\"name\":\"Noticias y Actualidad\",\"item\":\"https:\\\/\\\/eldigitaldeasturias.com\\\/magazine365\\\/category\\\/noticias-actualidad\\\/\",\"nextItem\":{\"@type\":\"ListItem\",\"@id\":\"https:\\\/\\\/eldigitaldeasturias.com\\\/magazine365\\\/la-ocupacion-en-madrid-alcanza-el-68-por-la-final-de-la-copa-del-rey\\\/#listItem\",\"name\":\"La ocupaci\\u00f3n en Madrid alcanza el 68% por la final de la Copa del Rey\"},\"previousItem\":{\"@type\":\"ListItem\",\"@id\":\"https:\\\/\\\/eldigitaldeasturias.com\\\/magazine365#listItem\",\"name\":\"Home\"}},{\"@type\":\"ListItem\",\"@id\":\"https:\\\/\\\/eldigitaldeasturias.com\\\/magazine365\\\/la-ocupacion-en-madrid-alcanza-el-68-por-la-final-de-la-copa-del-rey\\\/#listItem\",\"position\":3,\"name\":\"La ocupaci\\u00f3n en Madrid alcanza el 68% por la final de la Copa del Rey\",\"previousItem\":{\"@type\":\"ListItem\",\"@id\":\"https:\\\/\\\/eldigitaldeasturias.com\\\/magazine365\\\/category\\\/noticias-actualidad\\\/#listItem\",\"name\":\"Noticias y Actualidad\"}}]},{\"@type\":\"Organization\",\"@id\":\"https:\\\/\\\/eldigitaldeasturias.com\\\/magazine365\\\/#organization\",\"name\":\"El digital de Asturias\",\"description\":\"Revista de ocio, turismo y estilo de vida\",\"url\":\"https:\\\/\\\/eldigitaldeasturias.com\\\/magazine365\\\/\",\"logo\":{\"@type\":\"ImageObject\",\"url\":\"https:\\\/\\\/www.eldigitaldeasturias.com\\\/noticias\\\/wp-content\\\/uploads\\\/2020\\\/12\\\/EDA.jpg\",\"@id\":\"https:\\\/\\\/eldigitaldeasturias.com\\\/magazine365\\\/la-ocupacion-en-madrid-alcanza-el-68-por-la-final-de-la-copa-del-rey\\\/#organizationLogo\"},\"image\":{\"@id\":\"https:\\\/\\\/eldigitaldeasturias.com\\\/magazine365\\\/la-ocupacion-en-madrid-alcanza-el-68-por-la-final-de-la-copa-del-rey\\\/#organizationLogo\"}},{\"@type\":\"Person\",\"@id\":\"https:\\\/\\\/eldigitaldeasturias.com\\\/magazine365\\\/author\\\/admin\\\/#author\",\"url\":\"https:\\\/\\\/eldigitaldeasturias.com\\\/magazine365\\\/author\\\/admin\\\/\",\"name\":\"admin\",\"image\":{\"@type\":\"ImageObject\",\"@id\":\"https:\\\/\\\/eldigitaldeasturias.com\\\/magazine365\\\/la-ocupacion-en-madrid-alcanza-el-68-por-la-final-de-la-copa-del-rey\\\/#authorImage\",\"url\":\"https:\\\/\\\/eldigitaldeasturias.com\\\/magazine365\\\/wp-content\\\/litespeed\\\/avatar\\\/e571bcf59a0edd6fa6838245a470f2fe.jpg?ver=1777574230\",\"width\":96,\"height\":96,\"caption\":\"admin\"}},{\"@type\":\"WebPage\",\"@id\":\"https:\\\/\\\/eldigitaldeasturias.com\\\/magazine365\\\/la-ocupacion-en-madrid-alcanza-el-68-por-la-final-de-la-copa-del-rey\\\/#webpage\",\"url\":\"https:\\\/\\\/eldigitaldeasturias.com\\\/magazine365\\\/la-ocupacion-en-madrid-alcanza-el-68-por-la-final-de-la-copa-del-rey\\\/\",\"name\":\"La ocupaci\\u00f3n en Madrid alcanza el 68% por la final de la Copa del Rey | El Digital de Asturias\",\"description\":\"La ocupaci\\u00f3n hotelera en Madrid de cara a la final de la Copa del Rey es del 68% para la noche del 22 de mayo, seg\\u00fan los datos proporcionados por el buscador trivago.es. El precio medio por pernoctaci\\u00f3n se eleva hasta los 186 euros, pero el buscador afirma que todav\\u00eda se puede encontrar alojamiento a\",\"inLanguage\":\"es-ES\",\"isPartOf\":{\"@id\":\"https:\\\/\\\/eldigitaldeasturias.com\\\/magazine365\\\/#website\"},\"breadcrumb\":{\"@id\":\"https:\\\/\\\/eldigitaldeasturias.com\\\/magazine365\\\/la-ocupacion-en-madrid-alcanza-el-68-por-la-final-de-la-copa-del-rey\\\/#breadcrumblist\"},\"author\":{\"@id\":\"https:\\\/\\\/eldigitaldeasturias.com\\\/magazine365\\\/author\\\/admin\\\/#author\"},\"creator\":{\"@id\":\"https:\\\/\\\/eldigitaldeasturias.com\\\/magazine365\\\/author\\\/admin\\\/#author\"},\"image\":{\"@type\":\"ImageObject\",\"url\":\"https:\\\/\\\/eldigitaldeasturias.com\\\/magazine365\\\/wp-content\\\/uploads\\\/2016\\\/05\\\/fotonoticia_20160521095940_800.jpg\",\"@id\":\"https:\\\/\\\/eldigitaldeasturias.com\\\/magazine365\\\/la-ocupacion-en-madrid-alcanza-el-68-por-la-final-de-la-copa-del-rey\\\/#mainImage\",\"width\":800,\"height\":340},\"primaryImageOfPage\":{\"@id\":\"https:\\\/\\\/eldigitaldeasturias.com\\\/magazine365\\\/la-ocupacion-en-madrid-alcanza-el-68-por-la-final-de-la-copa-del-rey\\\/#mainImage\"},\"datePublished\":\"2016-05-21T13:48:13+02:00\",\"dateModified\":\"2016-05-21T13:48:13+02:00\"},{\"@type\":\"WebSite\",\"@id\":\"https:\\\/\\\/eldigitaldeasturias.com\\\/magazine365\\\/#website\",\"url\":\"https:\\\/\\\/eldigitaldeasturias.com\\\/magazine365\\\/\",\"name\":\"El Digital de Asturias\",\"description\":\"Revista de ocio, turismo y estilo de vida\",\"inLanguage\":\"es-ES\",\"publisher\":{\"@id\":\"https:\\\/\\\/eldigitaldeasturias.com\\\/magazine365\\\/#organization\"}}]}\n\t\t<\/script>\n\t\t<!-- All in One SEO Pro -->\r\n\t\t<title>La ocupaci\u00f3n en Madrid alcanza el 68% por la final de la Copa del Rey | El Digital de Asturias<\/title>\n\n","aioseo_head_json":{"title":"La ocupaci\u00f3n en Madrid alcanza el 68% por la final de la Copa del Rey | El Digital de Asturias","description":"La ocupaci\u00f3n hotelera en Madrid de cara a la final de la Copa del Rey es del 68% para la noche del 22 de mayo, seg\u00fan los datos proporcionados por el buscador trivago.es. El precio medio por pernoctaci\u00f3n se eleva hasta los 186 euros, pero el buscador afirma que todav\u00eda se puede encontrar alojamiento a","canonical_url":"https:\/\/eldigitaldeasturias.com\/magazine365\/la-ocupacion-en-madrid-alcanza-el-68-por-la-final-de-la-copa-del-rey\/","robots":"max-image-preview:large","keywords":"noticias y actualidad","webmasterTools":{"google-site-verification":"UA-38556648-1","miscellaneous":""},"schema":{"@context":"https:\/\/schema.org","@graph":[{"@type":"Article","@id":"https:\/\/eldigitaldeasturias.com\/magazine365\/la-ocupacion-en-madrid-alcanza-el-68-por-la-final-de-la-copa-del-rey\/#article","name":"La ocupaci\u00f3n en Madrid alcanza el 68% por la final de la Copa del Rey | El Digital de Asturias","headline":"La ocupaci\u00f3n en Madrid alcanza el 68% por la final de la Copa del Rey","author":{"@id":"https:\/\/eldigitaldeasturias.com\/magazine365\/author\/admin\/#author"},"publisher":{"@id":"https:\/\/eldigitaldeasturias.com\/magazine365\/#organization"},"image":{"@type":"ImageObject","url":"https:\/\/eldigitaldeasturias.com\/magazine365\/wp-content\/uploads\/2016\/05\/fotonoticia_20160521095940_800.jpg","width":800,"height":340},"datePublished":"2016-05-21T13:48:13+02:00","dateModified":"2016-05-21T13:48:13+02:00","inLanguage":"es-ES","mainEntityOfPage":{"@id":"https:\/\/eldigitaldeasturias.com\/magazine365\/la-ocupacion-en-madrid-alcanza-el-68-por-la-final-de-la-copa-del-rey\/#webpage"},"isPartOf":{"@id":"https:\/\/eldigitaldeasturias.com\/magazine365\/la-ocupacion-en-madrid-alcanza-el-68-por-la-final-de-la-copa-del-rey\/#webpage"},"articleSection":"Noticias y Actualidad"},{"@type":"BreadcrumbList","@id":"https:\/\/eldigitaldeasturias.com\/magazine365\/la-ocupacion-en-madrid-alcanza-el-68-por-la-final-de-la-copa-del-rey\/#breadcrumblist","itemListElement":[{"@type":"ListItem","@id":"https:\/\/eldigitaldeasturias.com\/magazine365#listItem","position":1,"name":"Home","item":"https:\/\/eldigitaldeasturias.com\/magazine365","nextItem":{"@type":"ListItem","@id":"https:\/\/eldigitaldeasturias.com\/magazine365\/category\/noticias-actualidad\/#listItem","name":"Noticias y Actualidad"}},{"@type":"ListItem","@id":"https:\/\/eldigitaldeasturias.com\/magazine365\/category\/noticias-actualidad\/#listItem","position":2,"name":"Noticias y Actualidad","item":"https:\/\/eldigitaldeasturias.com\/magazine365\/category\/noticias-actualidad\/","nextItem":{"@type":"ListItem","@id":"https:\/\/eldigitaldeasturias.com\/magazine365\/la-ocupacion-en-madrid-alcanza-el-68-por-la-final-de-la-copa-del-rey\/#listItem","name":"La ocupaci\u00f3n en Madrid alcanza el 68% por la final de la Copa del Rey"},"previousItem":{"@type":"ListItem","@id":"https:\/\/eldigitaldeasturias.com\/magazine365#listItem","name":"Home"}},{"@type":"ListItem","@id":"https:\/\/eldigitaldeasturias.com\/magazine365\/la-ocupacion-en-madrid-alcanza-el-68-por-la-final-de-la-copa-del-rey\/#listItem","position":3,"name":"La ocupaci\u00f3n en Madrid alcanza el 68% por la final de la Copa del Rey","previousItem":{"@type":"ListItem","@id":"https:\/\/eldigitaldeasturias.com\/magazine365\/category\/noticias-actualidad\/#listItem","name":"Noticias y Actualidad"}}]},{"@type":"Organization","@id":"https:\/\/eldigitaldeasturias.com\/magazine365\/#organization","name":"El digital de Asturias","description":"Revista de ocio, turismo y estilo de vida","url":"https:\/\/eldigitaldeasturias.com\/magazine365\/","logo":{"@type":"ImageObject","url":"https:\/\/www.eldigitaldeasturias.com\/noticias\/wp-content\/uploads\/2020\/12\/EDA.jpg","@id":"https:\/\/eldigitaldeasturias.com\/magazine365\/la-ocupacion-en-madrid-alcanza-el-68-por-la-final-de-la-copa-del-rey\/#organizationLogo"},"image":{"@id":"https:\/\/eldigitaldeasturias.com\/magazine365\/la-ocupacion-en-madrid-alcanza-el-68-por-la-final-de-la-copa-del-rey\/#organizationLogo"}},{"@type":"Person","@id":"https:\/\/eldigitaldeasturias.com\/magazine365\/author\/admin\/#author","url":"https:\/\/eldigitaldeasturias.com\/magazine365\/author\/admin\/","name":"admin","image":{"@type":"ImageObject","@id":"https:\/\/eldigitaldeasturias.com\/magazine365\/la-ocupacion-en-madrid-alcanza-el-68-por-la-final-de-la-copa-del-rey\/#authorImage","url":"https:\/\/eldigitaldeasturias.com\/magazine365\/wp-content\/litespeed\/avatar\/e571bcf59a0edd6fa6838245a470f2fe.jpg?ver=1777574230","width":96,"height":96,"caption":"admin"}},{"@type":"WebPage","@id":"https:\/\/eldigitaldeasturias.com\/magazine365\/la-ocupacion-en-madrid-alcanza-el-68-por-la-final-de-la-copa-del-rey\/#webpage","url":"https:\/\/eldigitaldeasturias.com\/magazine365\/la-ocupacion-en-madrid-alcanza-el-68-por-la-final-de-la-copa-del-rey\/","name":"La ocupaci\u00f3n en Madrid alcanza el 68% por la final de la Copa del Rey | El Digital de Asturias","description":"La ocupaci\u00f3n hotelera en Madrid de cara a la final de la Copa del Rey es del 68% para la noche del 22 de mayo, seg\u00fan los datos proporcionados por el buscador trivago.es. El precio medio por pernoctaci\u00f3n se eleva hasta los 186 euros, pero el buscador afirma que todav\u00eda se puede encontrar alojamiento a","inLanguage":"es-ES","isPartOf":{"@id":"https:\/\/eldigitaldeasturias.com\/magazine365\/#website"},"breadcrumb":{"@id":"https:\/\/eldigitaldeasturias.com\/magazine365\/la-ocupacion-en-madrid-alcanza-el-68-por-la-final-de-la-copa-del-rey\/#breadcrumblist"},"author":{"@id":"https:\/\/eldigitaldeasturias.com\/magazine365\/author\/admin\/#author"},"creator":{"@id":"https:\/\/eldigitaldeasturias.com\/magazine365\/author\/admin\/#author"},"image":{"@type":"ImageObject","url":"https:\/\/eldigitaldeasturias.com\/magazine365\/wp-content\/uploads\/2016\/05\/fotonoticia_20160521095940_800.jpg","@id":"https:\/\/eldigitaldeasturias.com\/magazine365\/la-ocupacion-en-madrid-alcanza-el-68-por-la-final-de-la-copa-del-rey\/#mainImage","width":800,"height":340},"primaryImageOfPage":{"@id":"https:\/\/eldigitaldeasturias.com\/magazine365\/la-ocupacion-en-madrid-alcanza-el-68-por-la-final-de-la-copa-del-rey\/#mainImage"},"datePublished":"2016-05-21T13:48:13+02:00","dateModified":"2016-05-21T13:48:13+02:00"},{"@type":"WebSite","@id":"https:\/\/eldigitaldeasturias.com\/magazine365\/#website","url":"https:\/\/eldigitaldeasturias.com\/magazine365\/","name":"El Digital de Asturias","description":"Revista de ocio, turismo y estilo de vida","inLanguage":"es-ES","publisher":{"@id":"https:\/\/eldigitaldeasturias.com\/magazine365\/#organization"}}]},"og:locale":"es_ES","og:site_name":"El Digital de Asturias \u2013 Revista de ocio, turismo y estilo de vida","og:type":"article","og:title":"La ocupaci\u00f3n en Madrid alcanza el 68% por la final de la Copa del Rey | El Digital de Asturias","og:description":"La ocupaci\u00f3n hotelera en Madrid de cara a la final de la Copa del Rey es del 68% para la noche del 22 de mayo, seg\u00fan los datos proporcionados por el buscador trivago.es. El precio medio por pernoctaci\u00f3n se eleva hasta los 186 euros, pero el buscador afirma que todav\u00eda se puede encontrar alojamiento a","og:url":"https:\/\/eldigitaldeasturias.com\/magazine365\/la-ocupacion-en-madrid-alcanza-el-68-por-la-final-de-la-copa-del-rey\/","og:image":"https:\/\/eldigitaldeasturias.com\/magazine365\/wp-content\/uploads\/2016\/05\/fotonoticia_20160521095940_800.jpg","og:image:secure_url":"https:\/\/eldigitaldeasturias.com\/magazine365\/wp-content\/uploads\/2016\/05\/fotonoticia_20160521095940_800.jpg","og:image:width":800,"og:image:height":340,"article:published_time":"2016-05-21T11:48:13+00:00","article:modified_time":"2016-05-21T11:48:13+00:00","twitter:card":"summary_large_image","twitter:title":"La ocupaci\u00f3n en Madrid alcanza el 68% por la final de la Copa del Rey | El Digital de Asturias","twitter:description":"La ocupaci\u00f3n hotelera en Madrid de cara a la final de la Copa del Rey es del 68% para la noche del 22 de mayo, seg\u00fan los datos proporcionados por el buscador trivago.es. El precio medio por pernoctaci\u00f3n se eleva hasta los 186 euros, pero el buscador afirma que todav\u00eda se puede encontrar alojamiento a","twitter:image":"https:\/\/eldigitaldeasturias.com\/magazine365\/wp-content\/uploads\/2016\/05\/fotonoticia_20160521095940_800.jpg"},"aioseo_meta_data":{"post_id":"76715","title":null,"description":null,"keywords":null,"keyphrases":null,"primary_term":null,"canonical_url":null,"og_title":null,"og_description":null,"og_object_type":"default","og_image_type":"default","og_image_url":null,"og_image_width":null,"og_image_height":null,"og_image_custom_url":null,"og_image_custom_fields":null,"og_video":null,"og_custom_url":null,"og_article_section":null,"og_article_tags":null,"twitter_use_og":false,"twitter_card":"default","twitter_image_type":"default","twitter_image_url":null,"twitter_image_custom_url":null,"twitter_image_custom_fields":null,"twitter_title":null,"twitter_description":null,"schema":{"blockGraphs":[],"customGraphs":[],"default":{"data":{"Article":[],"Course":[],"Dataset":[],"FAQPage":[],"Movie":[],"Person":[],"Product":[],"ProductReview":[],"Car":[],"Recipe":[],"Service":[],"SoftwareApplication":[],"WebPage":[]},"graphName":"","isEnabled":true},"graphs":[]},"schema_type":null,"schema_type_options":null,"pillar_content":false,"robots_default":true,"robots_noindex":false,"robots_noarchive":false,"robots_nosnippet":false,"robots_nofollow":false,"robots_noimageindex":false,"robots_noodp":false,"robots_notranslate":false,"robots_max_snippet":null,"robots_max_videopreview":null,"robots_max_imagepreview":"large","priority":null,"frequency":null,"location":null,"local_seo":null,"seo_analyzer_scan_date":"2025-09-27 13:16:08","breadcrumb_settings":null,"limit_modified_date":false,"open_ai":null,"ai":null,"created":"2021-03-08 18:24:39","updated":"2025-09-27 13:16:08"},"aioseo_breadcrumb":"<div class=\"aioseo-breadcrumbs\"><span class=\"aioseo-breadcrumb\">\n\t<a href=\"https:\/\/eldigitaldeasturias.com\/magazine365\" title=\"Home\">Home<\/a>\n<\/span><span class=\"aioseo-breadcrumb-separator\">\u2013<\/span><span class=\"aioseo-breadcrumb\">\n\t<a href=\"https:\/\/eldigitaldeasturias.com\/magazine365\/category\/noticias-actualidad\/\" title=\"Noticias y Actualidad\">Noticias y Actualidad<\/a>\n<\/span><span class=\"aioseo-breadcrumb-separator\">\u2013<\/span><span class=\"aioseo-breadcrumb\">\n\t<a href=\"https:\/\/eldigitaldeasturias.com\/magazine365\/la-ocupacion-en-madrid-alcanza-el-68-por-la-final-de-la-copa-del-rey\/\" title=\"La ocupaci\u00f3n en Madrid alcanza el 68% por la final de la Copa del Rey\">La ocupaci\u00f3n en Madrid alcanza el 68% por la final de la Copa del Rey<\/a>\n<\/span><\/div>","aioseo_breadcrumb_json":[{"label":"Home","link":"https:\/\/eldigitaldeasturias.com\/magazine365"},{"label":"Noticias y Actualidad","link":"https:\/\/eldigitaldeasturias.com\/magazine365\/category\/noticias-actualidad\/"},{"label":"La ocupaci\u00f3n en Madrid alcanza el 68% por la final de la Copa del Rey","link":"https:\/\/eldigitaldeasturias.com\/magazine365\/la-ocupacion-en-madrid-alcanza-el-68-por-la-final-de-la-copa-del-rey\/"}],"_links":{"self":[{"href":"https:\/\/eldigitaldeasturias.com\/magazine365\/wp-json\/wp\/v2\/posts\/76715","targetHints":{"allow":["GET"]}}],"collection":[{"href":"https:\/\/eldigitaldeasturias.com\/magazine365\/wp-json\/wp\/v2\/posts"}],"about":[{"href":"https:\/\/eldigitaldeasturias.com\/magazine365\/wp-json\/wp\/v2\/types\/post"}],"author":[{"embeddable":true,"href":"https:\/\/eldigitaldeasturias.com\/magazine365\/wp-json\/wp\/v2\/users\/1"}],"replies":[{"embeddable":true,"href":"https:\/\/eldigitaldeasturias.com\/magazine365\/wp-json\/wp\/v2\/comments?post=76715"}],"version-history":[{"count":0,"href":"https:\/\/eldigitaldeasturias.com\/magazine365\/wp-json\/wp\/v2\/posts\/76715\/revisions"}],"wp:featuredmedia":[{"embeddable":true,"href":"https:\/\/eldigitaldeasturias.com\/magazine365\/wp-json\/wp\/v2\/media\/76716"}],"wp:attachment":[{"href":"https:\/\/eldigitaldeasturias.com\/magazine365\/wp-json\/wp\/v2\/media?parent=76715"}],"wp:term":[{"taxonomy":"category","embeddable":true,"href":"https:\/\/eldigitaldeasturias.com\/magazine365\/wp-json\/wp\/v2\/categories?post=76715"},{"taxonomy":"post_tag","embeddable":true,"href":"https:\/\/eldigitaldeasturias.com\/magazine365\/wp-json\/wp\/v2\/tags?post=76715"}],"curies":[{"name":"wp","href":"https:\/\/api.w.org\/{rel}","templated":true}]}}