{"id":76684,"date":"2016-05-21T08:23:05","date_gmt":"2016-05-21T06:23:05","guid":{"rendered":"http:\/\/eldigitaldeasturias.com\/magazine365\/?p=76684"},"modified":"2016-05-21T08:23:05","modified_gmt":"2016-05-21T06:23:05","slug":"diputacion-de-cordoba-participa-en-la-entrega-de-premios-del-concurso-de-patios-y-rincones-de-la-subbetica","status":"publish","type":"post","link":"https:\/\/eldigitaldeasturias.com\/magazine365\/diputacion-de-cordoba-participa-en-la-entrega-de-premios-del-concurso-de-patios-y-rincones-de-la-subbetica\/","title":{"rendered":"Diputaci\u00f3n de C\u00f3rdoba participa en la entrega de premios del Concurso de Patios y Rincones de la Subb\u00e9tica"},"content":{"rendered":"<p><img fetchpriority=\"high\" decoding=\"async\" class=\"alignleft size-medium wp-image-76685\" src=\"https:\/\/eldigitaldeasturias.com\/magazine365\/wp-content\/uploads\/2016\/05\/fotonoticia_20160520174434_800-360x221.jpg\" alt=\"fotonoticia_20160520174434_800\" width=\"360\" height=\"221\" srcset=\"https:\/\/eldigitaldeasturias.com\/magazine365\/wp-content\/uploads\/2016\/05\/fotonoticia_20160520174434_800-360x221.jpg 360w, https:\/\/eldigitaldeasturias.com\/magazine365\/wp-content\/uploads\/2016\/05\/fotonoticia_20160520174434_800-650x399.jpg 650w, https:\/\/eldigitaldeasturias.com\/magazine365\/wp-content\/uploads\/2016\/05\/fotonoticia_20160520174434_800-768x471.jpg 768w, https:\/\/eldigitaldeasturias.com\/magazine365\/wp-content\/uploads\/2016\/05\/fotonoticia_20160520174434_800-150x92.jpg 150w, https:\/\/eldigitaldeasturias.com\/magazine365\/wp-content\/uploads\/2016\/05\/fotonoticia_20160520174434_800-450x276.jpg 450w, https:\/\/eldigitaldeasturias.com\/magazine365\/wp-content\/uploads\/2016\/05\/fotonoticia_20160520174434_800.jpg 800w\" sizes=\"(max-width: 360px) 100vw, 360px\" \/>El presidente de la Diputaci\u00f3n de C\u00f3rdoba, Antonio Ruiz, junto a la alcaldesa de la localidad cordobesa de Luque, Felisa Ca\u00f1ete, y el presidente de la Mancomunidad de la Subb\u00e9tica, Juan P\u00e9rez, ha participado en la entrega de premios del IV Concurso de Patios, Balcones y Rincones T\u00edpicos de la Subb\u00e9tica Cordobesa, acto que ha tenido lugar en el Hotel Caser\u00edo de Izn\u00e1jar (C\u00f3rdoba).<\/p>\n<p>El primer premio en la modalidad de Patios, dotado con 300 euros, ha reca\u00eddo en el &#8216;Patio de Anselmo&#8217;, sito en la calle Empresario Teresa C\u00f3rdoba, en Rute (C\u00f3rdoba). El m\u00e1ximo galard\u00f3n en la modalidad de Rincones, dotada tambi\u00e9n con 300 euros, ha sido para el &#8216;Rinc\u00f3n del Patio de las Comedias&#8217; (Izn\u00e1jar) y en la de Balcones &#8211;dotado con 200 euros&#8211; ha reca\u00eddo en el balc\u00f3n de Mar\u00eda Carmen Jim\u00e9nez, situado en Luque en la calle Carrera n\u00famero 58.<\/p>\n<p>El presidente de la Diputaci\u00f3n ha insistido durante la entrega en que \u00aba ra\u00edz de la declaraci\u00f3n de los Patios como Patrimonio Inmaterial de la Humanidad desde la provincia somos conscientes de que tambi\u00e9n contamos con muchos rincones y patios andaluces que ten\u00edamos que poner en valor y darles difusi\u00f3n para poder tener en este recurso un reclamo m\u00e1s dentro de la amplia oferta de la provincia\u00bb.<\/p>\n<p>En este sentido, ha continuado, \u00abpusimos en marcha el II Concurso de Patios y Rincones y as\u00ed lo ha hecho tambi\u00e9n la Subb\u00e9tica porque es un recurso m\u00e1s para el turismo de interior que tiene que ver con el patrimonio cultural y la gastronom\u00eda\u00bb. \u00abIntentamos hacer una oferta integral dise\u00f1ando rutas con esos patios y rincones que sirva para realizar recorridos por todos los municipios de la comarca\u00bb, ha se\u00f1alado.<\/p>\n<p>Por su parte, el presidente de la Mancomunidad de la Subb\u00e9tica, Juan P\u00e9rez, ha indicado que con la celebraci\u00f3n de los dos concursos, el del Patronato de Turismo y el de la Subb\u00e9tica, \u00abpretendemos aunar recursos y compatibilizarlos para conseguir con dos productos favorecer el atractivo tur\u00edstico de la comarca\u00bb.<\/p>\n","protected":false},"excerpt":{"rendered":"<p>El presidente de la Diputaci\u00f3n de C\u00f3rdoba, Antonio Ruiz, junto a la alcaldesa de la localidad cordobesa de Luque, Felisa Ca\u00f1ete, y el presidente de la Mancomunidad de la Subb\u00e9tica, Juan P\u00e9rez, ha participado en la entrega de premios del IV Concurso de Patios, Balcones y Rincones T\u00edpicos de la Subb\u00e9tica Cordobesa, acto que ha<\/p>\n","protected":false},"author":1,"featured_media":76685,"comment_status":"open","ping_status":"closed","sticky":false,"template":"","format":"standard","meta":{"footnotes":""},"categories":[224],"tags":[],"class_list":{"0":"post-76684","1":"post","2":"type-post","3":"status-publish","4":"format-standard","5":"has-post-thumbnail","7":"category-noticias-actualidad"},"aioseo_notices":[],"aioseo_head":"\n\t\t<!-- All in One SEO Pro 4.9.6.1 - aioseo.com -->\n\t<meta name=\"description\" content=\"El presidente de la Diputaci\u00f3n de C\u00f3rdoba, Antonio Ruiz, junto a la alcaldesa de la localidad cordobesa de Luque, Felisa Ca\u00f1ete, y el presidente de la Mancomunidad de la Subb\u00e9tica, Juan P\u00e9rez, ha participado en la entrega de premios del IV Concurso de Patios, Balcones y Rincones T\u00edpicos de la Subb\u00e9tica Cordobesa, acto que ha\" \/>\n\t<meta name=\"robots\" content=\"max-image-preview:large\" \/>\n\t<meta name=\"author\" content=\"admin\"\/>\n\t<meta name=\"google-site-verification\" content=\"UA-38556648-1\" \/>\n\t<meta name=\"keywords\" content=\"noticias y actualidad\" \/>\n\t<link rel=\"canonical\" href=\"https:\/\/eldigitaldeasturias.com\/magazine365\/diputacion-de-cordoba-participa-en-la-entrega-de-premios-del-concurso-de-patios-y-rincones-de-la-subbetica\/\" \/>\n\t<meta name=\"generator\" content=\"All in One SEO Pro (AIOSEO) 4.9.6.1\" \/>\n\t\t<meta property=\"og:locale\" content=\"es_ES\" \/>\n\t\t<meta property=\"og:site_name\" content=\"El Digital de Asturias \u2013 Revista de ocio, turismo y estilo de vida\" \/>\n\t\t<meta property=\"og:type\" content=\"article\" \/>\n\t\t<meta property=\"og:title\" content=\"Diputaci\u00f3n de C\u00f3rdoba participa en la entrega de premios del Concurso de Patios y Rincones de la Subb\u00e9tica | El Digital de Asturias\" \/>\n\t\t<meta property=\"og:description\" content=\"El presidente de la Diputaci\u00f3n de C\u00f3rdoba, Antonio Ruiz, junto a la alcaldesa de la localidad cordobesa de Luque, Felisa Ca\u00f1ete, y el presidente de la Mancomunidad de la Subb\u00e9tica, Juan P\u00e9rez, ha participado en la entrega de premios del IV Concurso de Patios, Balcones y Rincones T\u00edpicos de la Subb\u00e9tica Cordobesa, acto que ha\" \/>\n\t\t<meta property=\"og:url\" content=\"https:\/\/eldigitaldeasturias.com\/magazine365\/diputacion-de-cordoba-participa-en-la-entrega-de-premios-del-concurso-de-patios-y-rincones-de-la-subbetica\/\" \/>\n\t\t<meta property=\"og:image\" content=\"https:\/\/eldigitaldeasturias.com\/magazine365\/wp-content\/uploads\/2016\/05\/fotonoticia_20160520174434_800.jpg\" \/>\n\t\t<meta property=\"og:image:secure_url\" content=\"https:\/\/eldigitaldeasturias.com\/magazine365\/wp-content\/uploads\/2016\/05\/fotonoticia_20160520174434_800.jpg\" \/>\n\t\t<meta property=\"og:image:width\" content=\"800\" \/>\n\t\t<meta property=\"og:image:height\" content=\"491\" \/>\n\t\t<meta property=\"article:published_time\" content=\"2016-05-21T06:23:05+00:00\" \/>\n\t\t<meta property=\"article:modified_time\" content=\"2016-05-21T06:23:05+00:00\" \/>\n\t\t<meta name=\"twitter:card\" content=\"summary_large_image\" \/>\n\t\t<meta name=\"twitter:title\" content=\"Diputaci\u00f3n de C\u00f3rdoba participa en la entrega de premios del Concurso de Patios y Rincones de la Subb\u00e9tica | El Digital de Asturias\" \/>\n\t\t<meta name=\"twitter:description\" content=\"El presidente de la Diputaci\u00f3n de C\u00f3rdoba, Antonio Ruiz, junto a la alcaldesa de la localidad cordobesa de Luque, Felisa Ca\u00f1ete, y el presidente de la Mancomunidad de la Subb\u00e9tica, Juan P\u00e9rez, ha participado en la entrega de premios del IV Concurso de Patios, Balcones y Rincones T\u00edpicos de la Subb\u00e9tica Cordobesa, acto que ha\" \/>\n\t\t<meta name=\"twitter:image\" content=\"https:\/\/eldigitaldeasturias.com\/magazine365\/wp-content\/uploads\/2016\/05\/fotonoticia_20160520174434_800.jpg\" \/>\n\t\t<script type=\"application\/ld+json\" class=\"aioseo-schema\">\n\t\t\t{\"@context\":\"https:\\\/\\\/schema.org\",\"@graph\":[{\"@type\":\"Article\",\"@id\":\"https:\\\/\\\/eldigitaldeasturias.com\\\/magazine365\\\/diputacion-de-cordoba-participa-en-la-entrega-de-premios-del-concurso-de-patios-y-rincones-de-la-subbetica\\\/#article\",\"name\":\"Diputaci\\u00f3n de C\\u00f3rdoba participa en la entrega de premios del Concurso de Patios y Rincones de la Subb\\u00e9tica | El Digital de Asturias\",\"headline\":\"Diputaci\\u00f3n de C\\u00f3rdoba participa en la entrega de premios del Concurso de Patios y Rincones de la Subb\\u00e9tica\",\"author\":{\"@id\":\"https:\\\/\\\/eldigitaldeasturias.com\\\/magazine365\\\/author\\\/admin\\\/#author\"},\"publisher\":{\"@id\":\"https:\\\/\\\/eldigitaldeasturias.com\\\/magazine365\\\/#organization\"},\"image\":{\"@type\":\"ImageObject\",\"url\":\"https:\\\/\\\/eldigitaldeasturias.com\\\/magazine365\\\/wp-content\\\/uploads\\\/2016\\\/05\\\/fotonoticia_20160520174434_800.jpg\",\"width\":800,\"height\":491},\"datePublished\":\"2016-05-21T08:23:05+02:00\",\"dateModified\":\"2016-05-21T08:23:05+02:00\",\"inLanguage\":\"es-ES\",\"mainEntityOfPage\":{\"@id\":\"https:\\\/\\\/eldigitaldeasturias.com\\\/magazine365\\\/diputacion-de-cordoba-participa-en-la-entrega-de-premios-del-concurso-de-patios-y-rincones-de-la-subbetica\\\/#webpage\"},\"isPartOf\":{\"@id\":\"https:\\\/\\\/eldigitaldeasturias.com\\\/magazine365\\\/diputacion-de-cordoba-participa-en-la-entrega-de-premios-del-concurso-de-patios-y-rincones-de-la-subbetica\\\/#webpage\"},\"articleSection\":\"Noticias y Actualidad\"},{\"@type\":\"BreadcrumbList\",\"@id\":\"https:\\\/\\\/eldigitaldeasturias.com\\\/magazine365\\\/diputacion-de-cordoba-participa-en-la-entrega-de-premios-del-concurso-de-patios-y-rincones-de-la-subbetica\\\/#breadcrumblist\",\"itemListElement\":[{\"@type\":\"ListItem\",\"@id\":\"https:\\\/\\\/eldigitaldeasturias.com\\\/magazine365#listItem\",\"position\":1,\"name\":\"Home\",\"item\":\"https:\\\/\\\/eldigitaldeasturias.com\\\/magazine365\",\"nextItem\":{\"@type\":\"ListItem\",\"@id\":\"https:\\\/\\\/eldigitaldeasturias.com\\\/magazine365\\\/category\\\/noticias-actualidad\\\/#listItem\",\"name\":\"Noticias y Actualidad\"}},{\"@type\":\"ListItem\",\"@id\":\"https:\\\/\\\/eldigitaldeasturias.com\\\/magazine365\\\/category\\\/noticias-actualidad\\\/#listItem\",\"position\":2,\"name\":\"Noticias y Actualidad\",\"item\":\"https:\\\/\\\/eldigitaldeasturias.com\\\/magazine365\\\/category\\\/noticias-actualidad\\\/\",\"nextItem\":{\"@type\":\"ListItem\",\"@id\":\"https:\\\/\\\/eldigitaldeasturias.com\\\/magazine365\\\/diputacion-de-cordoba-participa-en-la-entrega-de-premios-del-concurso-de-patios-y-rincones-de-la-subbetica\\\/#listItem\",\"name\":\"Diputaci\\u00f3n de C\\u00f3rdoba participa en la entrega de premios del Concurso de Patios y Rincones de la Subb\\u00e9tica\"},\"previousItem\":{\"@type\":\"ListItem\",\"@id\":\"https:\\\/\\\/eldigitaldeasturias.com\\\/magazine365#listItem\",\"name\":\"Home\"}},{\"@type\":\"ListItem\",\"@id\":\"https:\\\/\\\/eldigitaldeasturias.com\\\/magazine365\\\/diputacion-de-cordoba-participa-en-la-entrega-de-premios-del-concurso-de-patios-y-rincones-de-la-subbetica\\\/#listItem\",\"position\":3,\"name\":\"Diputaci\\u00f3n de C\\u00f3rdoba participa en la entrega de premios del Concurso de Patios y Rincones de la Subb\\u00e9tica\",\"previousItem\":{\"@type\":\"ListItem\",\"@id\":\"https:\\\/\\\/eldigitaldeasturias.com\\\/magazine365\\\/category\\\/noticias-actualidad\\\/#listItem\",\"name\":\"Noticias y Actualidad\"}}]},{\"@type\":\"Organization\",\"@id\":\"https:\\\/\\\/eldigitaldeasturias.com\\\/magazine365\\\/#organization\",\"name\":\"El digital de Asturias\",\"description\":\"Revista de ocio, turismo y estilo de vida\",\"url\":\"https:\\\/\\\/eldigitaldeasturias.com\\\/magazine365\\\/\",\"logo\":{\"@type\":\"ImageObject\",\"url\":\"https:\\\/\\\/www.eldigitaldeasturias.com\\\/noticias\\\/wp-content\\\/uploads\\\/2020\\\/12\\\/EDA.jpg\",\"@id\":\"https:\\\/\\\/eldigitaldeasturias.com\\\/magazine365\\\/diputacion-de-cordoba-participa-en-la-entrega-de-premios-del-concurso-de-patios-y-rincones-de-la-subbetica\\\/#organizationLogo\"},\"image\":{\"@id\":\"https:\\\/\\\/eldigitaldeasturias.com\\\/magazine365\\\/diputacion-de-cordoba-participa-en-la-entrega-de-premios-del-concurso-de-patios-y-rincones-de-la-subbetica\\\/#organizationLogo\"}},{\"@type\":\"Person\",\"@id\":\"https:\\\/\\\/eldigitaldeasturias.com\\\/magazine365\\\/author\\\/admin\\\/#author\",\"url\":\"https:\\\/\\\/eldigitaldeasturias.com\\\/magazine365\\\/author\\\/admin\\\/\",\"name\":\"admin\",\"image\":{\"@type\":\"ImageObject\",\"@id\":\"https:\\\/\\\/eldigitaldeasturias.com\\\/magazine365\\\/diputacion-de-cordoba-participa-en-la-entrega-de-premios-del-concurso-de-patios-y-rincones-de-la-subbetica\\\/#authorImage\",\"url\":\"https:\\\/\\\/eldigitaldeasturias.com\\\/magazine365\\\/wp-content\\\/litespeed\\\/avatar\\\/e571bcf59a0edd6fa6838245a470f2fe.jpg?ver=1777574230\",\"width\":96,\"height\":96,\"caption\":\"admin\"}},{\"@type\":\"WebPage\",\"@id\":\"https:\\\/\\\/eldigitaldeasturias.com\\\/magazine365\\\/diputacion-de-cordoba-participa-en-la-entrega-de-premios-del-concurso-de-patios-y-rincones-de-la-subbetica\\\/#webpage\",\"url\":\"https:\\\/\\\/eldigitaldeasturias.com\\\/magazine365\\\/diputacion-de-cordoba-participa-en-la-entrega-de-premios-del-concurso-de-patios-y-rincones-de-la-subbetica\\\/\",\"name\":\"Diputaci\\u00f3n de C\\u00f3rdoba participa en la entrega de premios del Concurso de Patios y Rincones de la Subb\\u00e9tica | El Digital de Asturias\",\"description\":\"El presidente de la Diputaci\\u00f3n de C\\u00f3rdoba, Antonio Ruiz, junto a la alcaldesa de la localidad cordobesa de Luque, Felisa Ca\\u00f1ete, y el presidente de la Mancomunidad de la Subb\\u00e9tica, Juan P\\u00e9rez, ha participado en la entrega de premios del IV Concurso de Patios, Balcones y Rincones T\\u00edpicos de la Subb\\u00e9tica Cordobesa, acto que ha\",\"inLanguage\":\"es-ES\",\"isPartOf\":{\"@id\":\"https:\\\/\\\/eldigitaldeasturias.com\\\/magazine365\\\/#website\"},\"breadcrumb\":{\"@id\":\"https:\\\/\\\/eldigitaldeasturias.com\\\/magazine365\\\/diputacion-de-cordoba-participa-en-la-entrega-de-premios-del-concurso-de-patios-y-rincones-de-la-subbetica\\\/#breadcrumblist\"},\"author\":{\"@id\":\"https:\\\/\\\/eldigitaldeasturias.com\\\/magazine365\\\/author\\\/admin\\\/#author\"},\"creator\":{\"@id\":\"https:\\\/\\\/eldigitaldeasturias.com\\\/magazine365\\\/author\\\/admin\\\/#author\"},\"image\":{\"@type\":\"ImageObject\",\"url\":\"https:\\\/\\\/eldigitaldeasturias.com\\\/magazine365\\\/wp-content\\\/uploads\\\/2016\\\/05\\\/fotonoticia_20160520174434_800.jpg\",\"@id\":\"https:\\\/\\\/eldigitaldeasturias.com\\\/magazine365\\\/diputacion-de-cordoba-participa-en-la-entrega-de-premios-del-concurso-de-patios-y-rincones-de-la-subbetica\\\/#mainImage\",\"width\":800,\"height\":491},\"primaryImageOfPage\":{\"@id\":\"https:\\\/\\\/eldigitaldeasturias.com\\\/magazine365\\\/diputacion-de-cordoba-participa-en-la-entrega-de-premios-del-concurso-de-patios-y-rincones-de-la-subbetica\\\/#mainImage\"},\"datePublished\":\"2016-05-21T08:23:05+02:00\",\"dateModified\":\"2016-05-21T08:23:05+02:00\"},{\"@type\":\"WebSite\",\"@id\":\"https:\\\/\\\/eldigitaldeasturias.com\\\/magazine365\\\/#website\",\"url\":\"https:\\\/\\\/eldigitaldeasturias.com\\\/magazine365\\\/\",\"name\":\"El Digital de Asturias\",\"description\":\"Revista de ocio, turismo y estilo de vida\",\"inLanguage\":\"es-ES\",\"publisher\":{\"@id\":\"https:\\\/\\\/eldigitaldeasturias.com\\\/magazine365\\\/#organization\"}}]}\n\t\t<\/script>\n\t\t<!-- All in One SEO Pro -->\r\n\t\t<title>Diputaci\u00f3n de C\u00f3rdoba participa en la entrega de premios del Concurso de Patios y Rincones de la Subb\u00e9tica | El Digital de Asturias<\/title>\n\n","aioseo_head_json":{"title":"Diputaci\u00f3n de C\u00f3rdoba participa en la entrega de premios del Concurso de Patios y Rincones de la Subb\u00e9tica | El Digital de Asturias","description":"El presidente de la Diputaci\u00f3n de C\u00f3rdoba, Antonio Ruiz, junto a la alcaldesa de la localidad cordobesa de Luque, Felisa Ca\u00f1ete, y el presidente de la Mancomunidad de la Subb\u00e9tica, Juan P\u00e9rez, ha participado en la entrega de premios del IV Concurso de Patios, Balcones y Rincones T\u00edpicos de la Subb\u00e9tica Cordobesa, acto que ha","canonical_url":"https:\/\/eldigitaldeasturias.com\/magazine365\/diputacion-de-cordoba-participa-en-la-entrega-de-premios-del-concurso-de-patios-y-rincones-de-la-subbetica\/","robots":"max-image-preview:large","keywords":"noticias y actualidad","webmasterTools":{"google-site-verification":"UA-38556648-1","miscellaneous":""},"schema":{"@context":"https:\/\/schema.org","@graph":[{"@type":"Article","@id":"https:\/\/eldigitaldeasturias.com\/magazine365\/diputacion-de-cordoba-participa-en-la-entrega-de-premios-del-concurso-de-patios-y-rincones-de-la-subbetica\/#article","name":"Diputaci\u00f3n de C\u00f3rdoba participa en la entrega de premios del Concurso de Patios y Rincones de la Subb\u00e9tica | El Digital de Asturias","headline":"Diputaci\u00f3n de C\u00f3rdoba participa en la entrega de premios del Concurso de Patios y Rincones de la Subb\u00e9tica","author":{"@id":"https:\/\/eldigitaldeasturias.com\/magazine365\/author\/admin\/#author"},"publisher":{"@id":"https:\/\/eldigitaldeasturias.com\/magazine365\/#organization"},"image":{"@type":"ImageObject","url":"https:\/\/eldigitaldeasturias.com\/magazine365\/wp-content\/uploads\/2016\/05\/fotonoticia_20160520174434_800.jpg","width":800,"height":491},"datePublished":"2016-05-21T08:23:05+02:00","dateModified":"2016-05-21T08:23:05+02:00","inLanguage":"es-ES","mainEntityOfPage":{"@id":"https:\/\/eldigitaldeasturias.com\/magazine365\/diputacion-de-cordoba-participa-en-la-entrega-de-premios-del-concurso-de-patios-y-rincones-de-la-subbetica\/#webpage"},"isPartOf":{"@id":"https:\/\/eldigitaldeasturias.com\/magazine365\/diputacion-de-cordoba-participa-en-la-entrega-de-premios-del-concurso-de-patios-y-rincones-de-la-subbetica\/#webpage"},"articleSection":"Noticias y Actualidad"},{"@type":"BreadcrumbList","@id":"https:\/\/eldigitaldeasturias.com\/magazine365\/diputacion-de-cordoba-participa-en-la-entrega-de-premios-del-concurso-de-patios-y-rincones-de-la-subbetica\/#breadcrumblist","itemListElement":[{"@type":"ListItem","@id":"https:\/\/eldigitaldeasturias.com\/magazine365#listItem","position":1,"name":"Home","item":"https:\/\/eldigitaldeasturias.com\/magazine365","nextItem":{"@type":"ListItem","@id":"https:\/\/eldigitaldeasturias.com\/magazine365\/category\/noticias-actualidad\/#listItem","name":"Noticias y Actualidad"}},{"@type":"ListItem","@id":"https:\/\/eldigitaldeasturias.com\/magazine365\/category\/noticias-actualidad\/#listItem","position":2,"name":"Noticias y Actualidad","item":"https:\/\/eldigitaldeasturias.com\/magazine365\/category\/noticias-actualidad\/","nextItem":{"@type":"ListItem","@id":"https:\/\/eldigitaldeasturias.com\/magazine365\/diputacion-de-cordoba-participa-en-la-entrega-de-premios-del-concurso-de-patios-y-rincones-de-la-subbetica\/#listItem","name":"Diputaci\u00f3n de C\u00f3rdoba participa en la entrega de premios del Concurso de Patios y Rincones de la Subb\u00e9tica"},"previousItem":{"@type":"ListItem","@id":"https:\/\/eldigitaldeasturias.com\/magazine365#listItem","name":"Home"}},{"@type":"ListItem","@id":"https:\/\/eldigitaldeasturias.com\/magazine365\/diputacion-de-cordoba-participa-en-la-entrega-de-premios-del-concurso-de-patios-y-rincones-de-la-subbetica\/#listItem","position":3,"name":"Diputaci\u00f3n de C\u00f3rdoba participa en la entrega de premios del Concurso de Patios y Rincones de la Subb\u00e9tica","previousItem":{"@type":"ListItem","@id":"https:\/\/eldigitaldeasturias.com\/magazine365\/category\/noticias-actualidad\/#listItem","name":"Noticias y Actualidad"}}]},{"@type":"Organization","@id":"https:\/\/eldigitaldeasturias.com\/magazine365\/#organization","name":"El digital de Asturias","description":"Revista de ocio, turismo y estilo de vida","url":"https:\/\/eldigitaldeasturias.com\/magazine365\/","logo":{"@type":"ImageObject","url":"https:\/\/www.eldigitaldeasturias.com\/noticias\/wp-content\/uploads\/2020\/12\/EDA.jpg","@id":"https:\/\/eldigitaldeasturias.com\/magazine365\/diputacion-de-cordoba-participa-en-la-entrega-de-premios-del-concurso-de-patios-y-rincones-de-la-subbetica\/#organizationLogo"},"image":{"@id":"https:\/\/eldigitaldeasturias.com\/magazine365\/diputacion-de-cordoba-participa-en-la-entrega-de-premios-del-concurso-de-patios-y-rincones-de-la-subbetica\/#organizationLogo"}},{"@type":"Person","@id":"https:\/\/eldigitaldeasturias.com\/magazine365\/author\/admin\/#author","url":"https:\/\/eldigitaldeasturias.com\/magazine365\/author\/admin\/","name":"admin","image":{"@type":"ImageObject","@id":"https:\/\/eldigitaldeasturias.com\/magazine365\/diputacion-de-cordoba-participa-en-la-entrega-de-premios-del-concurso-de-patios-y-rincones-de-la-subbetica\/#authorImage","url":"https:\/\/eldigitaldeasturias.com\/magazine365\/wp-content\/litespeed\/avatar\/e571bcf59a0edd6fa6838245a470f2fe.jpg?ver=1777574230","width":96,"height":96,"caption":"admin"}},{"@type":"WebPage","@id":"https:\/\/eldigitaldeasturias.com\/magazine365\/diputacion-de-cordoba-participa-en-la-entrega-de-premios-del-concurso-de-patios-y-rincones-de-la-subbetica\/#webpage","url":"https:\/\/eldigitaldeasturias.com\/magazine365\/diputacion-de-cordoba-participa-en-la-entrega-de-premios-del-concurso-de-patios-y-rincones-de-la-subbetica\/","name":"Diputaci\u00f3n de C\u00f3rdoba participa en la entrega de premios del Concurso de Patios y Rincones de la Subb\u00e9tica | El Digital de Asturias","description":"El presidente de la Diputaci\u00f3n de C\u00f3rdoba, Antonio Ruiz, junto a la alcaldesa de la localidad cordobesa de Luque, Felisa Ca\u00f1ete, y el presidente de la Mancomunidad de la Subb\u00e9tica, Juan P\u00e9rez, ha participado en la entrega de premios del IV Concurso de Patios, Balcones y Rincones T\u00edpicos de la Subb\u00e9tica Cordobesa, acto que ha","inLanguage":"es-ES","isPartOf":{"@id":"https:\/\/eldigitaldeasturias.com\/magazine365\/#website"},"breadcrumb":{"@id":"https:\/\/eldigitaldeasturias.com\/magazine365\/diputacion-de-cordoba-participa-en-la-entrega-de-premios-del-concurso-de-patios-y-rincones-de-la-subbetica\/#breadcrumblist"},"author":{"@id":"https:\/\/eldigitaldeasturias.com\/magazine365\/author\/admin\/#author"},"creator":{"@id":"https:\/\/eldigitaldeasturias.com\/magazine365\/author\/admin\/#author"},"image":{"@type":"ImageObject","url":"https:\/\/eldigitaldeasturias.com\/magazine365\/wp-content\/uploads\/2016\/05\/fotonoticia_20160520174434_800.jpg","@id":"https:\/\/eldigitaldeasturias.com\/magazine365\/diputacion-de-cordoba-participa-en-la-entrega-de-premios-del-concurso-de-patios-y-rincones-de-la-subbetica\/#mainImage","width":800,"height":491},"primaryImageOfPage":{"@id":"https:\/\/eldigitaldeasturias.com\/magazine365\/diputacion-de-cordoba-participa-en-la-entrega-de-premios-del-concurso-de-patios-y-rincones-de-la-subbetica\/#mainImage"},"datePublished":"2016-05-21T08:23:05+02:00","dateModified":"2016-05-21T08:23:05+02:00"},{"@type":"WebSite","@id":"https:\/\/eldigitaldeasturias.com\/magazine365\/#website","url":"https:\/\/eldigitaldeasturias.com\/magazine365\/","name":"El Digital de Asturias","description":"Revista de ocio, turismo y estilo de vida","inLanguage":"es-ES","publisher":{"@id":"https:\/\/eldigitaldeasturias.com\/magazine365\/#organization"}}]},"og:locale":"es_ES","og:site_name":"El Digital de Asturias \u2013 Revista de ocio, turismo y estilo de vida","og:type":"article","og:title":"Diputaci\u00f3n de C\u00f3rdoba participa en la entrega de premios del Concurso de Patios y Rincones de la Subb\u00e9tica | El Digital de Asturias","og:description":"El presidente de la Diputaci\u00f3n de C\u00f3rdoba, Antonio Ruiz, junto a la alcaldesa de la localidad cordobesa de Luque, Felisa Ca\u00f1ete, y el presidente de la Mancomunidad de la Subb\u00e9tica, Juan P\u00e9rez, ha participado en la entrega de premios del IV Concurso de Patios, Balcones y Rincones T\u00edpicos de la Subb\u00e9tica Cordobesa, acto que ha","og:url":"https:\/\/eldigitaldeasturias.com\/magazine365\/diputacion-de-cordoba-participa-en-la-entrega-de-premios-del-concurso-de-patios-y-rincones-de-la-subbetica\/","og:image":"https:\/\/eldigitaldeasturias.com\/magazine365\/wp-content\/uploads\/2016\/05\/fotonoticia_20160520174434_800.jpg","og:image:secure_url":"https:\/\/eldigitaldeasturias.com\/magazine365\/wp-content\/uploads\/2016\/05\/fotonoticia_20160520174434_800.jpg","og:image:width":800,"og:image:height":491,"article:published_time":"2016-05-21T06:23:05+00:00","article:modified_time":"2016-05-21T06:23:05+00:00","twitter:card":"summary_large_image","twitter:title":"Diputaci\u00f3n de C\u00f3rdoba participa en la entrega de premios del Concurso de Patios y Rincones de la Subb\u00e9tica | El Digital de Asturias","twitter:description":"El presidente de la Diputaci\u00f3n de C\u00f3rdoba, Antonio Ruiz, junto a la alcaldesa de la localidad cordobesa de Luque, Felisa Ca\u00f1ete, y el presidente de la Mancomunidad de la Subb\u00e9tica, Juan P\u00e9rez, ha participado en la entrega de premios del IV Concurso de Patios, Balcones y Rincones T\u00edpicos de la Subb\u00e9tica Cordobesa, acto que ha","twitter:image":"https:\/\/eldigitaldeasturias.com\/magazine365\/wp-content\/uploads\/2016\/05\/fotonoticia_20160520174434_800.jpg"},"aioseo_meta_data":{"post_id":"76684","title":null,"description":null,"keywords":null,"keyphrases":null,"primary_term":null,"canonical_url":null,"og_title":null,"og_description":null,"og_object_type":"default","og_image_type":"default","og_image_url":null,"og_image_width":null,"og_image_height":null,"og_image_custom_url":null,"og_image_custom_fields":null,"og_video":null,"og_custom_url":null,"og_article_section":null,"og_article_tags":null,"twitter_use_og":false,"twitter_card":"default","twitter_image_type":"default","twitter_image_url":null,"twitter_image_custom_url":null,"twitter_image_custom_fields":null,"twitter_title":null,"twitter_description":null,"schema":{"blockGraphs":[],"customGraphs":[],"default":{"data":{"Article":[],"Course":[],"Dataset":[],"FAQPage":[],"Movie":[],"Person":[],"Product":[],"ProductReview":[],"Car":[],"Recipe":[],"Service":[],"SoftwareApplication":[],"WebPage":[]},"graphName":"","isEnabled":true},"graphs":[],"defaultGraph":"","defaultPostTypeGraph":""},"schema_type":null,"schema_type_options":null,"pillar_content":false,"robots_default":true,"robots_noindex":false,"robots_noarchive":false,"robots_nosnippet":false,"robots_nofollow":false,"robots_noimageindex":false,"robots_noodp":false,"robots_notranslate":false,"robots_max_snippet":null,"robots_max_videopreview":null,"robots_max_imagepreview":"large","priority":null,"frequency":null,"location":null,"local_seo":null,"seo_analyzer_scan_date":"2025-09-27 13:12:58","breadcrumb_settings":null,"limit_modified_date":false,"open_ai":null,"ai":null,"created":"2021-03-08 18:24:39","updated":"2025-09-27 13:12:58"},"aioseo_breadcrumb":"<div class=\"aioseo-breadcrumbs\"><span class=\"aioseo-breadcrumb\">\n\t<a href=\"https:\/\/eldigitaldeasturias.com\/magazine365\" title=\"Home\">Home<\/a>\n<\/span><span class=\"aioseo-breadcrumb-separator\">\u2013<\/span><span class=\"aioseo-breadcrumb\">\n\t<a href=\"https:\/\/eldigitaldeasturias.com\/magazine365\/category\/noticias-actualidad\/\" title=\"Noticias y Actualidad\">Noticias y Actualidad<\/a>\n<\/span><span class=\"aioseo-breadcrumb-separator\">\u2013<\/span><span class=\"aioseo-breadcrumb\">\n\t<a href=\"https:\/\/eldigitaldeasturias.com\/magazine365\/diputacion-de-cordoba-participa-en-la-entrega-de-premios-del-concurso-de-patios-y-rincones-de-la-subbetica\/\" title=\"Diputaci\u00f3n de C\u00f3rdoba participa en la entrega de premios del Concurso de Patios y Rincones de la Subb\u00e9tica\">Diputaci\u00f3n de C\u00f3rdoba participa en la entrega de premios del Concurso de Patios y Rincones de la Subb\u00e9tica<\/a>\n<\/span><\/div>","aioseo_breadcrumb_json":[{"label":"Home","link":"https:\/\/eldigitaldeasturias.com\/magazine365"},{"label":"Noticias y Actualidad","link":"https:\/\/eldigitaldeasturias.com\/magazine365\/category\/noticias-actualidad\/"},{"label":"Diputaci\u00f3n de C\u00f3rdoba participa en la entrega de premios del Concurso de Patios y Rincones de la Subb\u00e9tica","link":"https:\/\/eldigitaldeasturias.com\/magazine365\/diputacion-de-cordoba-participa-en-la-entrega-de-premios-del-concurso-de-patios-y-rincones-de-la-subbetica\/"}],"_links":{"self":[{"href":"https:\/\/eldigitaldeasturias.com\/magazine365\/wp-json\/wp\/v2\/posts\/76684","targetHints":{"allow":["GET"]}}],"collection":[{"href":"https:\/\/eldigitaldeasturias.com\/magazine365\/wp-json\/wp\/v2\/posts"}],"about":[{"href":"https:\/\/eldigitaldeasturias.com\/magazine365\/wp-json\/wp\/v2\/types\/post"}],"author":[{"embeddable":true,"href":"https:\/\/eldigitaldeasturias.com\/magazine365\/wp-json\/wp\/v2\/users\/1"}],"replies":[{"embeddable":true,"href":"https:\/\/eldigitaldeasturias.com\/magazine365\/wp-json\/wp\/v2\/comments?post=76684"}],"version-history":[{"count":0,"href":"https:\/\/eldigitaldeasturias.com\/magazine365\/wp-json\/wp\/v2\/posts\/76684\/revisions"}],"wp:featuredmedia":[{"embeddable":true,"href":"https:\/\/eldigitaldeasturias.com\/magazine365\/wp-json\/wp\/v2\/media\/76685"}],"wp:attachment":[{"href":"https:\/\/eldigitaldeasturias.com\/magazine365\/wp-json\/wp\/v2\/media?parent=76684"}],"wp:term":[{"taxonomy":"category","embeddable":true,"href":"https:\/\/eldigitaldeasturias.com\/magazine365\/wp-json\/wp\/v2\/categories?post=76684"},{"taxonomy":"post_tag","embeddable":true,"href":"https:\/\/eldigitaldeasturias.com\/magazine365\/wp-json\/wp\/v2\/tags?post=76684"}],"curies":[{"name":"wp","href":"https:\/\/api.w.org\/{rel}","templated":true}]}}