{"id":76676,"date":"2016-05-21T08:20:05","date_gmt":"2016-05-21T06:20:05","guid":{"rendered":"http:\/\/eldigitaldeasturias.com\/magazine365\/?p=76676"},"modified":"2016-05-21T08:20:05","modified_gmt":"2016-05-21T06:20:05","slug":"entra-en-vigor-la-prohibicion-de-dar-muerte-al-toro-de-la-vega","status":"publish","type":"post","link":"https:\/\/eldigitaldeasturias.com\/magazine365\/entra-en-vigor-la-prohibicion-de-dar-muerte-al-toro-de-la-vega\/","title":{"rendered":"Entra en vigor la prohibici\u00f3n de dar muerte al Toro de la Vega"},"content":{"rendered":"<p><img fetchpriority=\"high\" decoding=\"async\" class=\"alignleft size-medium wp-image-76677\" src=\"https:\/\/eldigitaldeasturias.com\/magazine365\/wp-content\/uploads\/2016\/05\/fotonoticia_20160520172531_800-317x300.jpg\" alt=\"fotonoticia_20160520172531_800\" width=\"317\" height=\"300\" srcset=\"https:\/\/eldigitaldeasturias.com\/magazine365\/wp-content\/uploads\/2016\/05\/fotonoticia_20160520172531_800-317x300.jpg 317w, https:\/\/eldigitaldeasturias.com\/magazine365\/wp-content\/uploads\/2016\/05\/fotonoticia_20160520172531_800-650x614.jpg 650w, https:\/\/eldigitaldeasturias.com\/magazine365\/wp-content\/uploads\/2016\/05\/fotonoticia_20160520172531_800-768x726.jpg 768w, https:\/\/eldigitaldeasturias.com\/magazine365\/wp-content\/uploads\/2016\/05\/fotonoticia_20160520172531_800-150x142.jpg 150w, https:\/\/eldigitaldeasturias.com\/magazine365\/wp-content\/uploads\/2016\/05\/fotonoticia_20160520172531_800-450x425.jpg 450w, https:\/\/eldigitaldeasturias.com\/magazine365\/wp-content\/uploads\/2016\/05\/fotonoticia_20160520172531_800.jpg 800w\" sizes=\"(max-width: 317px) 100vw, 317px\" \/>El Bolet\u00edn Oficial de Castilla y Le\u00f3n (Bocyl) publica en su edici\u00f3n de este viernes, 20 de mayo, el Decreto Ley de la Junta que proh\u00edbe matar reses de lidia en espect\u00e1culos taurinos populares y tradicionales, lo que afecta al &#8216;Toro de Vega&#8217; que se celebra en la localidad vallisoletana de Tordesillas en septiembre, \u00fanico espect\u00e1culo de estas caracter\u00edsticas de Castilla y Le\u00f3n que da muerte al animal. El decreto ha entrado este viernes en vigor.<\/p>\n<p>Este Decreto Ley fue presentado ayer por el consejero de la Presidencia, Jos\u00e9 Antonio de Santiago-Ju\u00e1rez, tras el Consejo de Gobierno donde inform\u00f3 de que la norma ser\u00e1 convalidada por las Cortes en un mes con el objetivo de conjugar la tradici\u00f3n y la \u00absensibilidad\u00bb del siglo XXI.<\/p>\n<p>De Santiago-Ju\u00e1rez asegur\u00f3 que para elaborar esta norma se puso en contacto con diversos colectivos entre los que destacan expertos taurinos, partidos de la oposici\u00f3n y con el alcalde de Tordesillas (Valladolid), el socialista Jos\u00e9 Antonio Gonz\u00e1lez Poncela, ya que ser\u00e1 la autoridad local la que deba ahora adaptar el Reglamento del festejo para \u00abmantener la tradici\u00f3n\u00bb sin dar muerte al toro.<\/p>\n<p>\u00abEl objetivo es adaptar festejos y tradiciones a la cultura y la sensibilidad del siglo XXI\u00bb, ha aseverado el consejero, quien ha considerado que las tradiciones hay que adaptarlas.<\/p>\n<p>En este sentido, De Santiago-Ju\u00e1rez ha recordado que no es la primera vez que se adapta este torneo y ha asegurado que tras las consultas realizadas desde la Junta \u00abpr\u00e1cticamente todo el mundo esta de acuerdo con que esta es la mejor salida para mantener la tradici\u00f3n\u00bb.<\/p>\n<p>DECRETO-LEY<\/p>\n<p>El Decreto-Ley se estructura en una exposici\u00f3n de motivos en la que se establece la \u00aburgencia\u00bb en la aprobaci\u00f3n del texto como consecuencia de la \u00abfuerte demanda social\u00bb y la \u00abmovilizaci\u00f3n ciudadana\u00bb y un art\u00edculo \u00fanico en el que se establece textualmente que \u00aben la Comunidad de Castilla y Le\u00f3n queda prohibido dar muerte a las reses de lidia en presencia del p\u00fablicos en los espect\u00e1culos taurinos populares y tradicionales\u00bb.<\/p>\n<p>Sobre este punto, De Santiago-Ju\u00e1rez ha detallado que en Castilla y Le\u00f3n existen 13 espect\u00e1culos catalogados como tradicionales pero \u00fanicamente es en el Torneo del Toro de la Vega en el que se da muerte al animal.<\/p>\n<p>El art\u00edculo de esta normativa establece adem\u00e1s que se entiende por espect\u00e1culos taurinos populares aquellos festejos en los que se utilicen reses de lidia para el ocio y recreo de los ciudadanos. En concreto tendr\u00e1n esta consideraci\u00f3n en encierro, pudiendo ser urbano, de campo y mixto; vaquillas, capea o probadilla y concursos de cortes.<\/p>\n<p>La Junta detalla adem\u00e1s que se entiende por espect\u00e1culos taurinos tradicionales aquellos festejos populares con reses de lidia cuya celebraci\u00f3n arraigada socialmente se realice en la localidad de forma continuada desde tiempos inmemoriales, es decir, en los que se acredite que tienen una antig\u00fcedad de al menos 200 a\u00f1os.<\/p>\n<p>Por \u00faltimo, el texto de la norma establece una disposici\u00f3n derogatoria que declara la p\u00e9rdida de vigencia de las disposiciones de igual o inferior rango en aquello que lo contravengan y las disposiciones finales eluden a la habilitaci\u00f3n normativa para su desarrollo y ejecuci\u00f3n.<\/p>\n<p>HISTORIA DEL TORO DE LA VEGA<\/p>\n<p>La celebraci\u00f3n del Toro de la Vega en la localidad vallisoletana de Tordesillas ha provocado durante los \u00faltimos a\u00f1os un acalorado debate e incluso enfrentamientos entre sus defensores y los que critican esta tradici\u00f3n.<\/p>\n<p>La versi\u00f3n oficial sobre los or\u00edgenes del festejo no es muy clara, ya que podr\u00eda situarse incluso en 1335, cuando el Rey Pedro I de Castilla decret\u00f3 que los torneos de lance con toros que ya se hac\u00edan en muchas localidades se deb\u00edan celebrar a campo abierto, terminando la justa \u00abcon el despe\u00f1amiento del morlaco\u00bb.<\/p>\n<p>El festejo se celebra todos los a\u00f1os en septiembre, en el marco de las fiestas en honor de Nuestra Se\u00f1ora la Virgen de la Pe\u00f1a, patrona de Tordesillas, el primer martes siguiente al d\u00eda de la Patrona. En la jornada previa se desarrolla un primer encierro nocturno en el que el toro va acompa\u00f1ado por cabestros (mansos) desde los corrales, situados en la Vega, hasta la plaza de toros.<\/p>\n<p>El animal que protagoniza el festejo se elige varios meses antes por parte del Patronato que lo regula y con las condiciones de que tenga \u00abgran presencia y trap\u00edo\u00bb, entre 4 y 7 a\u00f1os y m\u00e1s de 600 kilogramos de peso.<\/p>\n<p>Pese a que la afluencia de p\u00fablico a este festejo puede rondar las 35.000 personas &#8211;en un pueblo de 9.000 habitantes&#8211;, las personas que quieran atacar al toro con lanzas deben inscribirse previamente.<\/p>\n<p>NORMAS ACTUALES DEL TORNEO<\/p>\n<p>Los participantes, que no pueden ir en veh\u00edculos a motor, s\u00f3lo a pie o a caballo, tratan de matar al toro clav\u00e1ndole una lanza antes de que sobrepase los l\u00edmites fijados por la organizaci\u00f3n. Si lo consigue, el toro ganar\u00eda el torneo y ser\u00eda indultado. El lancero que se estime que ha asestado la herida mortal ser\u00e1 ganador del &#8216;torneo&#8217;, que no conlleva premio en met\u00e1lico.<\/p>\n<p>Se trata de un festejo taurino que se celebra tradicionalmente en el mes de septiembre en el que varias decenas de personas armadas con lanzas intentan abatir a un toro, bien sea a pie o bien a caballo, para ganar el &#8216;torneo&#8217;.<\/p>\n<p>El pleno del Ayuntamiento aprob\u00f3 en el a\u00f1o 2013 una ordenanza para regular el torneo que modific\u00f3 la anterior regulaci\u00f3n de los a\u00f1os 90 y estableci\u00f3 una lista de infracciones castigadas con multas de hasta 9.000 euros.<\/p>\n<p>El torneo siempre se ha regido por unas normas de lidia, recogidas en un reglamento, que establecen que los lanceros pueden intentar abatir al toro s\u00f3lo en campo abierto, a cuerpo limpio, sin tipo alguno de enga\u00f1o y en su salida no deber\u00e1 haber defensa u obst\u00e1culo artificial que lo beneficie para su cobijo. Deben enfrentarse al toro de uno en uno y se intenta seguir un orden que marca el turno del primer lancero que haya alanceado al toro.<\/p>\n","protected":false},"excerpt":{"rendered":"<p>El Bolet\u00edn Oficial de Castilla y Le\u00f3n (Bocyl) publica en su edici\u00f3n de este viernes, 20 de mayo, el Decreto Ley de la Junta que proh\u00edbe matar reses de lidia en espect\u00e1culos taurinos populares y tradicionales, lo que afecta al &#8216;Toro de Vega&#8217; que se celebra en la localidad vallisoletana de Tordesillas en septiembre, \u00fanico<\/p>\n","protected":false},"author":1,"featured_media":76677,"comment_status":"open","ping_status":"closed","sticky":false,"template":"","format":"standard","meta":{"footnotes":""},"categories":[224],"tags":[],"class_list":{"0":"post-76676","1":"post","2":"type-post","3":"status-publish","4":"format-standard","5":"has-post-thumbnail","7":"category-noticias-actualidad"},"aioseo_notices":[],"aioseo_head":"\n\t\t<!-- All in One SEO Pro 4.9.6.1 - aioseo.com -->\n\t<meta name=\"description\" content=\"El Bolet\u00edn Oficial de Castilla y Le\u00f3n (Bocyl) publica en su edici\u00f3n de este viernes, 20 de mayo, el Decreto Ley de la Junta que proh\u00edbe matar reses de lidia en espect\u00e1culos taurinos populares y tradicionales, lo que afecta al &#039;Toro de Vega&#039; que se celebra en la localidad vallisoletana de Tordesillas en septiembre, \u00fanico\" \/>\n\t<meta name=\"robots\" content=\"max-image-preview:large\" \/>\n\t<meta name=\"author\" content=\"admin\"\/>\n\t<meta name=\"google-site-verification\" content=\"UA-38556648-1\" \/>\n\t<meta name=\"keywords\" content=\"noticias y actualidad\" \/>\n\t<link rel=\"canonical\" href=\"https:\/\/eldigitaldeasturias.com\/magazine365\/entra-en-vigor-la-prohibicion-de-dar-muerte-al-toro-de-la-vega\/\" \/>\n\t<meta name=\"generator\" content=\"All in One SEO Pro (AIOSEO) 4.9.6.1\" \/>\n\t\t<meta property=\"og:locale\" content=\"es_ES\" \/>\n\t\t<meta property=\"og:site_name\" content=\"El Digital de Asturias \u2013 Revista de ocio, turismo y estilo de vida\" \/>\n\t\t<meta property=\"og:type\" content=\"article\" \/>\n\t\t<meta property=\"og:title\" content=\"Entra en vigor la prohibici\u00f3n de dar muerte al Toro de la Vega | El Digital de Asturias\" \/>\n\t\t<meta property=\"og:description\" content=\"El Bolet\u00edn Oficial de Castilla y Le\u00f3n (Bocyl) publica en su edici\u00f3n de este viernes, 20 de mayo, el Decreto Ley de la Junta que proh\u00edbe matar reses de lidia en espect\u00e1culos taurinos populares y tradicionales, lo que afecta al &#039;Toro de Vega&#039; que se celebra en la localidad vallisoletana de Tordesillas en septiembre, \u00fanico\" \/>\n\t\t<meta property=\"og:url\" content=\"https:\/\/eldigitaldeasturias.com\/magazine365\/entra-en-vigor-la-prohibicion-de-dar-muerte-al-toro-de-la-vega\/\" \/>\n\t\t<meta property=\"og:image\" content=\"https:\/\/eldigitaldeasturias.com\/magazine365\/wp-content\/uploads\/2016\/05\/fotonoticia_20160520172531_800.jpg\" \/>\n\t\t<meta property=\"og:image:secure_url\" content=\"https:\/\/eldigitaldeasturias.com\/magazine365\/wp-content\/uploads\/2016\/05\/fotonoticia_20160520172531_800.jpg\" \/>\n\t\t<meta property=\"og:image:width\" content=\"800\" \/>\n\t\t<meta property=\"og:image:height\" content=\"756\" \/>\n\t\t<meta property=\"article:published_time\" content=\"2016-05-21T06:20:05+00:00\" \/>\n\t\t<meta property=\"article:modified_time\" content=\"2016-05-21T06:20:05+00:00\" \/>\n\t\t<meta name=\"twitter:card\" content=\"summary_large_image\" \/>\n\t\t<meta name=\"twitter:title\" content=\"Entra en vigor la prohibici\u00f3n de dar muerte al Toro de la Vega | El Digital de Asturias\" \/>\n\t\t<meta name=\"twitter:description\" content=\"El Bolet\u00edn Oficial de Castilla y Le\u00f3n (Bocyl) publica en su edici\u00f3n de este viernes, 20 de mayo, el Decreto Ley de la Junta que proh\u00edbe matar reses de lidia en espect\u00e1culos taurinos populares y tradicionales, lo que afecta al &#039;Toro de Vega&#039; que se celebra en la localidad vallisoletana de Tordesillas en septiembre, \u00fanico\" \/>\n\t\t<meta name=\"twitter:image\" content=\"https:\/\/eldigitaldeasturias.com\/magazine365\/wp-content\/uploads\/2016\/05\/fotonoticia_20160520172531_800.jpg\" \/>\n\t\t<script type=\"application\/ld+json\" class=\"aioseo-schema\">\n\t\t\t{\"@context\":\"https:\\\/\\\/schema.org\",\"@graph\":[{\"@type\":\"Article\",\"@id\":\"https:\\\/\\\/eldigitaldeasturias.com\\\/magazine365\\\/entra-en-vigor-la-prohibicion-de-dar-muerte-al-toro-de-la-vega\\\/#article\",\"name\":\"Entra en vigor la prohibici\\u00f3n de dar muerte al Toro de la Vega | El Digital de Asturias\",\"headline\":\"Entra en vigor la prohibici\\u00f3n de dar muerte al Toro de la Vega\",\"author\":{\"@id\":\"https:\\\/\\\/eldigitaldeasturias.com\\\/magazine365\\\/author\\\/admin\\\/#author\"},\"publisher\":{\"@id\":\"https:\\\/\\\/eldigitaldeasturias.com\\\/magazine365\\\/#organization\"},\"image\":{\"@type\":\"ImageObject\",\"url\":\"https:\\\/\\\/eldigitaldeasturias.com\\\/magazine365\\\/wp-content\\\/uploads\\\/2016\\\/05\\\/fotonoticia_20160520172531_800.jpg\",\"width\":800,\"height\":756},\"datePublished\":\"2016-05-21T08:20:05+02:00\",\"dateModified\":\"2016-05-21T08:20:05+02:00\",\"inLanguage\":\"es-ES\",\"mainEntityOfPage\":{\"@id\":\"https:\\\/\\\/eldigitaldeasturias.com\\\/magazine365\\\/entra-en-vigor-la-prohibicion-de-dar-muerte-al-toro-de-la-vega\\\/#webpage\"},\"isPartOf\":{\"@id\":\"https:\\\/\\\/eldigitaldeasturias.com\\\/magazine365\\\/entra-en-vigor-la-prohibicion-de-dar-muerte-al-toro-de-la-vega\\\/#webpage\"},\"articleSection\":\"Noticias y Actualidad\"},{\"@type\":\"BreadcrumbList\",\"@id\":\"https:\\\/\\\/eldigitaldeasturias.com\\\/magazine365\\\/entra-en-vigor-la-prohibicion-de-dar-muerte-al-toro-de-la-vega\\\/#breadcrumblist\",\"itemListElement\":[{\"@type\":\"ListItem\",\"@id\":\"https:\\\/\\\/eldigitaldeasturias.com\\\/magazine365#listItem\",\"position\":1,\"name\":\"Home\",\"item\":\"https:\\\/\\\/eldigitaldeasturias.com\\\/magazine365\",\"nextItem\":{\"@type\":\"ListItem\",\"@id\":\"https:\\\/\\\/eldigitaldeasturias.com\\\/magazine365\\\/category\\\/noticias-actualidad\\\/#listItem\",\"name\":\"Noticias y Actualidad\"}},{\"@type\":\"ListItem\",\"@id\":\"https:\\\/\\\/eldigitaldeasturias.com\\\/magazine365\\\/category\\\/noticias-actualidad\\\/#listItem\",\"position\":2,\"name\":\"Noticias y Actualidad\",\"item\":\"https:\\\/\\\/eldigitaldeasturias.com\\\/magazine365\\\/category\\\/noticias-actualidad\\\/\",\"nextItem\":{\"@type\":\"ListItem\",\"@id\":\"https:\\\/\\\/eldigitaldeasturias.com\\\/magazine365\\\/entra-en-vigor-la-prohibicion-de-dar-muerte-al-toro-de-la-vega\\\/#listItem\",\"name\":\"Entra en vigor la prohibici\\u00f3n de dar muerte al Toro de la Vega\"},\"previousItem\":{\"@type\":\"ListItem\",\"@id\":\"https:\\\/\\\/eldigitaldeasturias.com\\\/magazine365#listItem\",\"name\":\"Home\"}},{\"@type\":\"ListItem\",\"@id\":\"https:\\\/\\\/eldigitaldeasturias.com\\\/magazine365\\\/entra-en-vigor-la-prohibicion-de-dar-muerte-al-toro-de-la-vega\\\/#listItem\",\"position\":3,\"name\":\"Entra en vigor la prohibici\\u00f3n de dar muerte al Toro de la Vega\",\"previousItem\":{\"@type\":\"ListItem\",\"@id\":\"https:\\\/\\\/eldigitaldeasturias.com\\\/magazine365\\\/category\\\/noticias-actualidad\\\/#listItem\",\"name\":\"Noticias y Actualidad\"}}]},{\"@type\":\"Organization\",\"@id\":\"https:\\\/\\\/eldigitaldeasturias.com\\\/magazine365\\\/#organization\",\"name\":\"El digital de Asturias\",\"description\":\"Revista de ocio, turismo y estilo de vida\",\"url\":\"https:\\\/\\\/eldigitaldeasturias.com\\\/magazine365\\\/\",\"logo\":{\"@type\":\"ImageObject\",\"url\":\"https:\\\/\\\/www.eldigitaldeasturias.com\\\/noticias\\\/wp-content\\\/uploads\\\/2020\\\/12\\\/EDA.jpg\",\"@id\":\"https:\\\/\\\/eldigitaldeasturias.com\\\/magazine365\\\/entra-en-vigor-la-prohibicion-de-dar-muerte-al-toro-de-la-vega\\\/#organizationLogo\"},\"image\":{\"@id\":\"https:\\\/\\\/eldigitaldeasturias.com\\\/magazine365\\\/entra-en-vigor-la-prohibicion-de-dar-muerte-al-toro-de-la-vega\\\/#organizationLogo\"}},{\"@type\":\"Person\",\"@id\":\"https:\\\/\\\/eldigitaldeasturias.com\\\/magazine365\\\/author\\\/admin\\\/#author\",\"url\":\"https:\\\/\\\/eldigitaldeasturias.com\\\/magazine365\\\/author\\\/admin\\\/\",\"name\":\"admin\",\"image\":{\"@type\":\"ImageObject\",\"@id\":\"https:\\\/\\\/eldigitaldeasturias.com\\\/magazine365\\\/entra-en-vigor-la-prohibicion-de-dar-muerte-al-toro-de-la-vega\\\/#authorImage\",\"url\":\"https:\\\/\\\/eldigitaldeasturias.com\\\/magazine365\\\/wp-content\\\/litespeed\\\/avatar\\\/e571bcf59a0edd6fa6838245a470f2fe.jpg?ver=1777574230\",\"width\":96,\"height\":96,\"caption\":\"admin\"}},{\"@type\":\"WebPage\",\"@id\":\"https:\\\/\\\/eldigitaldeasturias.com\\\/magazine365\\\/entra-en-vigor-la-prohibicion-de-dar-muerte-al-toro-de-la-vega\\\/#webpage\",\"url\":\"https:\\\/\\\/eldigitaldeasturias.com\\\/magazine365\\\/entra-en-vigor-la-prohibicion-de-dar-muerte-al-toro-de-la-vega\\\/\",\"name\":\"Entra en vigor la prohibici\\u00f3n de dar muerte al Toro de la Vega | El Digital de Asturias\",\"description\":\"El Bolet\\u00edn Oficial de Castilla y Le\\u00f3n (Bocyl) publica en su edici\\u00f3n de este viernes, 20 de mayo, el Decreto Ley de la Junta que proh\\u00edbe matar reses de lidia en espect\\u00e1culos taurinos populares y tradicionales, lo que afecta al 'Toro de Vega' que se celebra en la localidad vallisoletana de Tordesillas en septiembre, \\u00fanico\",\"inLanguage\":\"es-ES\",\"isPartOf\":{\"@id\":\"https:\\\/\\\/eldigitaldeasturias.com\\\/magazine365\\\/#website\"},\"breadcrumb\":{\"@id\":\"https:\\\/\\\/eldigitaldeasturias.com\\\/magazine365\\\/entra-en-vigor-la-prohibicion-de-dar-muerte-al-toro-de-la-vega\\\/#breadcrumblist\"},\"author\":{\"@id\":\"https:\\\/\\\/eldigitaldeasturias.com\\\/magazine365\\\/author\\\/admin\\\/#author\"},\"creator\":{\"@id\":\"https:\\\/\\\/eldigitaldeasturias.com\\\/magazine365\\\/author\\\/admin\\\/#author\"},\"image\":{\"@type\":\"ImageObject\",\"url\":\"https:\\\/\\\/eldigitaldeasturias.com\\\/magazine365\\\/wp-content\\\/uploads\\\/2016\\\/05\\\/fotonoticia_20160520172531_800.jpg\",\"@id\":\"https:\\\/\\\/eldigitaldeasturias.com\\\/magazine365\\\/entra-en-vigor-la-prohibicion-de-dar-muerte-al-toro-de-la-vega\\\/#mainImage\",\"width\":800,\"height\":756},\"primaryImageOfPage\":{\"@id\":\"https:\\\/\\\/eldigitaldeasturias.com\\\/magazine365\\\/entra-en-vigor-la-prohibicion-de-dar-muerte-al-toro-de-la-vega\\\/#mainImage\"},\"datePublished\":\"2016-05-21T08:20:05+02:00\",\"dateModified\":\"2016-05-21T08:20:05+02:00\"},{\"@type\":\"WebSite\",\"@id\":\"https:\\\/\\\/eldigitaldeasturias.com\\\/magazine365\\\/#website\",\"url\":\"https:\\\/\\\/eldigitaldeasturias.com\\\/magazine365\\\/\",\"name\":\"El Digital de Asturias\",\"description\":\"Revista de ocio, turismo y estilo de vida\",\"inLanguage\":\"es-ES\",\"publisher\":{\"@id\":\"https:\\\/\\\/eldigitaldeasturias.com\\\/magazine365\\\/#organization\"}}]}\n\t\t<\/script>\n\t\t<!-- All in One SEO Pro -->\r\n\t\t<title>Entra en vigor la prohibici\u00f3n de dar muerte al Toro de la Vega | El Digital de Asturias<\/title>\n\n","aioseo_head_json":{"title":"Entra en vigor la prohibici\u00f3n de dar muerte al Toro de la Vega | El Digital de Asturias","description":"El Bolet\u00edn Oficial de Castilla y Le\u00f3n (Bocyl) publica en su edici\u00f3n de este viernes, 20 de mayo, el Decreto Ley de la Junta que proh\u00edbe matar reses de lidia en espect\u00e1culos taurinos populares y tradicionales, lo que afecta al 'Toro de Vega' que se celebra en la localidad vallisoletana de Tordesillas en septiembre, \u00fanico","canonical_url":"https:\/\/eldigitaldeasturias.com\/magazine365\/entra-en-vigor-la-prohibicion-de-dar-muerte-al-toro-de-la-vega\/","robots":"max-image-preview:large","keywords":"noticias y actualidad","webmasterTools":{"google-site-verification":"UA-38556648-1","miscellaneous":""},"schema":{"@context":"https:\/\/schema.org","@graph":[{"@type":"Article","@id":"https:\/\/eldigitaldeasturias.com\/magazine365\/entra-en-vigor-la-prohibicion-de-dar-muerte-al-toro-de-la-vega\/#article","name":"Entra en vigor la prohibici\u00f3n de dar muerte al Toro de la Vega | El Digital de Asturias","headline":"Entra en vigor la prohibici\u00f3n de dar muerte al Toro de la Vega","author":{"@id":"https:\/\/eldigitaldeasturias.com\/magazine365\/author\/admin\/#author"},"publisher":{"@id":"https:\/\/eldigitaldeasturias.com\/magazine365\/#organization"},"image":{"@type":"ImageObject","url":"https:\/\/eldigitaldeasturias.com\/magazine365\/wp-content\/uploads\/2016\/05\/fotonoticia_20160520172531_800.jpg","width":800,"height":756},"datePublished":"2016-05-21T08:20:05+02:00","dateModified":"2016-05-21T08:20:05+02:00","inLanguage":"es-ES","mainEntityOfPage":{"@id":"https:\/\/eldigitaldeasturias.com\/magazine365\/entra-en-vigor-la-prohibicion-de-dar-muerte-al-toro-de-la-vega\/#webpage"},"isPartOf":{"@id":"https:\/\/eldigitaldeasturias.com\/magazine365\/entra-en-vigor-la-prohibicion-de-dar-muerte-al-toro-de-la-vega\/#webpage"},"articleSection":"Noticias y Actualidad"},{"@type":"BreadcrumbList","@id":"https:\/\/eldigitaldeasturias.com\/magazine365\/entra-en-vigor-la-prohibicion-de-dar-muerte-al-toro-de-la-vega\/#breadcrumblist","itemListElement":[{"@type":"ListItem","@id":"https:\/\/eldigitaldeasturias.com\/magazine365#listItem","position":1,"name":"Home","item":"https:\/\/eldigitaldeasturias.com\/magazine365","nextItem":{"@type":"ListItem","@id":"https:\/\/eldigitaldeasturias.com\/magazine365\/category\/noticias-actualidad\/#listItem","name":"Noticias y Actualidad"}},{"@type":"ListItem","@id":"https:\/\/eldigitaldeasturias.com\/magazine365\/category\/noticias-actualidad\/#listItem","position":2,"name":"Noticias y Actualidad","item":"https:\/\/eldigitaldeasturias.com\/magazine365\/category\/noticias-actualidad\/","nextItem":{"@type":"ListItem","@id":"https:\/\/eldigitaldeasturias.com\/magazine365\/entra-en-vigor-la-prohibicion-de-dar-muerte-al-toro-de-la-vega\/#listItem","name":"Entra en vigor la prohibici\u00f3n de dar muerte al Toro de la Vega"},"previousItem":{"@type":"ListItem","@id":"https:\/\/eldigitaldeasturias.com\/magazine365#listItem","name":"Home"}},{"@type":"ListItem","@id":"https:\/\/eldigitaldeasturias.com\/magazine365\/entra-en-vigor-la-prohibicion-de-dar-muerte-al-toro-de-la-vega\/#listItem","position":3,"name":"Entra en vigor la prohibici\u00f3n de dar muerte al Toro de la Vega","previousItem":{"@type":"ListItem","@id":"https:\/\/eldigitaldeasturias.com\/magazine365\/category\/noticias-actualidad\/#listItem","name":"Noticias y Actualidad"}}]},{"@type":"Organization","@id":"https:\/\/eldigitaldeasturias.com\/magazine365\/#organization","name":"El digital de Asturias","description":"Revista de ocio, turismo y estilo de vida","url":"https:\/\/eldigitaldeasturias.com\/magazine365\/","logo":{"@type":"ImageObject","url":"https:\/\/www.eldigitaldeasturias.com\/noticias\/wp-content\/uploads\/2020\/12\/EDA.jpg","@id":"https:\/\/eldigitaldeasturias.com\/magazine365\/entra-en-vigor-la-prohibicion-de-dar-muerte-al-toro-de-la-vega\/#organizationLogo"},"image":{"@id":"https:\/\/eldigitaldeasturias.com\/magazine365\/entra-en-vigor-la-prohibicion-de-dar-muerte-al-toro-de-la-vega\/#organizationLogo"}},{"@type":"Person","@id":"https:\/\/eldigitaldeasturias.com\/magazine365\/author\/admin\/#author","url":"https:\/\/eldigitaldeasturias.com\/magazine365\/author\/admin\/","name":"admin","image":{"@type":"ImageObject","@id":"https:\/\/eldigitaldeasturias.com\/magazine365\/entra-en-vigor-la-prohibicion-de-dar-muerte-al-toro-de-la-vega\/#authorImage","url":"https:\/\/eldigitaldeasturias.com\/magazine365\/wp-content\/litespeed\/avatar\/e571bcf59a0edd6fa6838245a470f2fe.jpg?ver=1777574230","width":96,"height":96,"caption":"admin"}},{"@type":"WebPage","@id":"https:\/\/eldigitaldeasturias.com\/magazine365\/entra-en-vigor-la-prohibicion-de-dar-muerte-al-toro-de-la-vega\/#webpage","url":"https:\/\/eldigitaldeasturias.com\/magazine365\/entra-en-vigor-la-prohibicion-de-dar-muerte-al-toro-de-la-vega\/","name":"Entra en vigor la prohibici\u00f3n de dar muerte al Toro de la Vega | El Digital de Asturias","description":"El Bolet\u00edn Oficial de Castilla y Le\u00f3n (Bocyl) publica en su edici\u00f3n de este viernes, 20 de mayo, el Decreto Ley de la Junta que proh\u00edbe matar reses de lidia en espect\u00e1culos taurinos populares y tradicionales, lo que afecta al 'Toro de Vega' que se celebra en la localidad vallisoletana de Tordesillas en septiembre, \u00fanico","inLanguage":"es-ES","isPartOf":{"@id":"https:\/\/eldigitaldeasturias.com\/magazine365\/#website"},"breadcrumb":{"@id":"https:\/\/eldigitaldeasturias.com\/magazine365\/entra-en-vigor-la-prohibicion-de-dar-muerte-al-toro-de-la-vega\/#breadcrumblist"},"author":{"@id":"https:\/\/eldigitaldeasturias.com\/magazine365\/author\/admin\/#author"},"creator":{"@id":"https:\/\/eldigitaldeasturias.com\/magazine365\/author\/admin\/#author"},"image":{"@type":"ImageObject","url":"https:\/\/eldigitaldeasturias.com\/magazine365\/wp-content\/uploads\/2016\/05\/fotonoticia_20160520172531_800.jpg","@id":"https:\/\/eldigitaldeasturias.com\/magazine365\/entra-en-vigor-la-prohibicion-de-dar-muerte-al-toro-de-la-vega\/#mainImage","width":800,"height":756},"primaryImageOfPage":{"@id":"https:\/\/eldigitaldeasturias.com\/magazine365\/entra-en-vigor-la-prohibicion-de-dar-muerte-al-toro-de-la-vega\/#mainImage"},"datePublished":"2016-05-21T08:20:05+02:00","dateModified":"2016-05-21T08:20:05+02:00"},{"@type":"WebSite","@id":"https:\/\/eldigitaldeasturias.com\/magazine365\/#website","url":"https:\/\/eldigitaldeasturias.com\/magazine365\/","name":"El Digital de Asturias","description":"Revista de ocio, turismo y estilo de vida","inLanguage":"es-ES","publisher":{"@id":"https:\/\/eldigitaldeasturias.com\/magazine365\/#organization"}}]},"og:locale":"es_ES","og:site_name":"El Digital de Asturias \u2013 Revista de ocio, turismo y estilo de vida","og:type":"article","og:title":"Entra en vigor la prohibici\u00f3n de dar muerte al Toro de la Vega | El Digital de Asturias","og:description":"El Bolet\u00edn Oficial de Castilla y Le\u00f3n (Bocyl) publica en su edici\u00f3n de este viernes, 20 de mayo, el Decreto Ley de la Junta que proh\u00edbe matar reses de lidia en espect\u00e1culos taurinos populares y tradicionales, lo que afecta al 'Toro de Vega' que se celebra en la localidad vallisoletana de Tordesillas en septiembre, \u00fanico","og:url":"https:\/\/eldigitaldeasturias.com\/magazine365\/entra-en-vigor-la-prohibicion-de-dar-muerte-al-toro-de-la-vega\/","og:image":"https:\/\/eldigitaldeasturias.com\/magazine365\/wp-content\/uploads\/2016\/05\/fotonoticia_20160520172531_800.jpg","og:image:secure_url":"https:\/\/eldigitaldeasturias.com\/magazine365\/wp-content\/uploads\/2016\/05\/fotonoticia_20160520172531_800.jpg","og:image:width":800,"og:image:height":756,"article:published_time":"2016-05-21T06:20:05+00:00","article:modified_time":"2016-05-21T06:20:05+00:00","twitter:card":"summary_large_image","twitter:title":"Entra en vigor la prohibici\u00f3n de dar muerte al Toro de la Vega | El Digital de Asturias","twitter:description":"El Bolet\u00edn Oficial de Castilla y Le\u00f3n (Bocyl) publica en su edici\u00f3n de este viernes, 20 de mayo, el Decreto Ley de la Junta que proh\u00edbe matar reses de lidia en espect\u00e1culos taurinos populares y tradicionales, lo que afecta al 'Toro de Vega' que se celebra en la localidad vallisoletana de Tordesillas en septiembre, \u00fanico","twitter:image":"https:\/\/eldigitaldeasturias.com\/magazine365\/wp-content\/uploads\/2016\/05\/fotonoticia_20160520172531_800.jpg"},"aioseo_meta_data":{"post_id":"76676","title":null,"description":null,"keywords":null,"keyphrases":null,"primary_term":null,"canonical_url":null,"og_title":null,"og_description":null,"og_object_type":"default","og_image_type":"default","og_image_url":null,"og_image_width":null,"og_image_height":null,"og_image_custom_url":null,"og_image_custom_fields":null,"og_video":null,"og_custom_url":null,"og_article_section":null,"og_article_tags":null,"twitter_use_og":false,"twitter_card":"default","twitter_image_type":"default","twitter_image_url":null,"twitter_image_custom_url":null,"twitter_image_custom_fields":null,"twitter_title":null,"twitter_description":null,"schema":{"blockGraphs":[],"customGraphs":[],"default":{"data":{"Article":[],"Course":[],"Dataset":[],"FAQPage":[],"Movie":[],"Person":[],"Product":[],"ProductReview":[],"Car":[],"Recipe":[],"Service":[],"SoftwareApplication":[],"WebPage":[]},"graphName":"","isEnabled":true},"graphs":[],"defaultGraph":"","defaultPostTypeGraph":""},"schema_type":null,"schema_type_options":null,"pillar_content":false,"robots_default":true,"robots_noindex":false,"robots_noarchive":false,"robots_nosnippet":false,"robots_nofollow":false,"robots_noimageindex":false,"robots_noodp":false,"robots_notranslate":false,"robots_max_snippet":null,"robots_max_videopreview":null,"robots_max_imagepreview":"large","priority":null,"frequency":null,"location":null,"local_seo":null,"seo_analyzer_scan_date":"2025-09-27 13:12:55","breadcrumb_settings":null,"limit_modified_date":false,"open_ai":null,"ai":null,"created":"2021-03-08 18:26:09","updated":"2025-09-27 13:12:55"},"aioseo_breadcrumb":"<div class=\"aioseo-breadcrumbs\"><span class=\"aioseo-breadcrumb\">\n\t<a href=\"https:\/\/eldigitaldeasturias.com\/magazine365\" title=\"Home\">Home<\/a>\n<\/span><span class=\"aioseo-breadcrumb-separator\">\u2013<\/span><span class=\"aioseo-breadcrumb\">\n\t<a href=\"https:\/\/eldigitaldeasturias.com\/magazine365\/category\/noticias-actualidad\/\" title=\"Noticias y Actualidad\">Noticias y Actualidad<\/a>\n<\/span><span class=\"aioseo-breadcrumb-separator\">\u2013<\/span><span class=\"aioseo-breadcrumb\">\n\t<a href=\"https:\/\/eldigitaldeasturias.com\/magazine365\/entra-en-vigor-la-prohibicion-de-dar-muerte-al-toro-de-la-vega\/\" title=\"Entra en vigor la prohibici\u00f3n de dar muerte al Toro de la Vega\">Entra en vigor la prohibici\u00f3n de dar muerte al Toro de la Vega<\/a>\n<\/span><\/div>","aioseo_breadcrumb_json":[{"label":"Home","link":"https:\/\/eldigitaldeasturias.com\/magazine365"},{"label":"Noticias y Actualidad","link":"https:\/\/eldigitaldeasturias.com\/magazine365\/category\/noticias-actualidad\/"},{"label":"Entra en vigor la prohibici\u00f3n de dar muerte al Toro de la Vega","link":"https:\/\/eldigitaldeasturias.com\/magazine365\/entra-en-vigor-la-prohibicion-de-dar-muerte-al-toro-de-la-vega\/"}],"_links":{"self":[{"href":"https:\/\/eldigitaldeasturias.com\/magazine365\/wp-json\/wp\/v2\/posts\/76676","targetHints":{"allow":["GET"]}}],"collection":[{"href":"https:\/\/eldigitaldeasturias.com\/magazine365\/wp-json\/wp\/v2\/posts"}],"about":[{"href":"https:\/\/eldigitaldeasturias.com\/magazine365\/wp-json\/wp\/v2\/types\/post"}],"author":[{"embeddable":true,"href":"https:\/\/eldigitaldeasturias.com\/magazine365\/wp-json\/wp\/v2\/users\/1"}],"replies":[{"embeddable":true,"href":"https:\/\/eldigitaldeasturias.com\/magazine365\/wp-json\/wp\/v2\/comments?post=76676"}],"version-history":[{"count":0,"href":"https:\/\/eldigitaldeasturias.com\/magazine365\/wp-json\/wp\/v2\/posts\/76676\/revisions"}],"wp:featuredmedia":[{"embeddable":true,"href":"https:\/\/eldigitaldeasturias.com\/magazine365\/wp-json\/wp\/v2\/media\/76677"}],"wp:attachment":[{"href":"https:\/\/eldigitaldeasturias.com\/magazine365\/wp-json\/wp\/v2\/media?parent=76676"}],"wp:term":[{"taxonomy":"category","embeddable":true,"href":"https:\/\/eldigitaldeasturias.com\/magazine365\/wp-json\/wp\/v2\/categories?post=76676"},{"taxonomy":"post_tag","embeddable":true,"href":"https:\/\/eldigitaldeasturias.com\/magazine365\/wp-json\/wp\/v2\/tags?post=76676"}],"curies":[{"name":"wp","href":"https:\/\/api.w.org\/{rel}","templated":true}]}}