{"id":76673,"date":"2016-05-21T08:17:24","date_gmt":"2016-05-21T06:17:24","guid":{"rendered":"http:\/\/eldigitaldeasturias.com\/magazine365\/?p=76673"},"modified":"2016-05-21T08:17:24","modified_gmt":"2016-05-21T06:17:24","slug":"el-turismo-de-lujo-de-la-provincia-de-malaga-llega-a-brasil","status":"publish","type":"post","link":"https:\/\/eldigitaldeasturias.com\/magazine365\/el-turismo-de-lujo-de-la-provincia-de-malaga-llega-a-brasil\/","title":{"rendered":"El turismo de lujo de la provincia de M\u00e1laga llega a Brasil"},"content":{"rendered":"<p><img fetchpriority=\"high\" decoding=\"async\" class=\"alignleft size-medium wp-image-76674\" src=\"https:\/\/eldigitaldeasturias.com\/magazine365\/wp-content\/uploads\/2016\/05\/fotonoticia_20160520171435_800-360x269.jpg\" alt=\"fotonoticia_20160520171435_800\" width=\"360\" height=\"269\" srcset=\"https:\/\/eldigitaldeasturias.com\/magazine365\/wp-content\/uploads\/2016\/05\/fotonoticia_20160520171435_800-360x269.jpg 360w, https:\/\/eldigitaldeasturias.com\/magazine365\/wp-content\/uploads\/2016\/05\/fotonoticia_20160520171435_800-650x485.jpg 650w, https:\/\/eldigitaldeasturias.com\/magazine365\/wp-content\/uploads\/2016\/05\/fotonoticia_20160520171435_800-768x573.jpg 768w, https:\/\/eldigitaldeasturias.com\/magazine365\/wp-content\/uploads\/2016\/05\/fotonoticia_20160520171435_800-150x112.jpg 150w, https:\/\/eldigitaldeasturias.com\/magazine365\/wp-content\/uploads\/2016\/05\/fotonoticia_20160520171435_800-450x336.jpg 450w, https:\/\/eldigitaldeasturias.com\/magazine365\/wp-content\/uploads\/2016\/05\/fotonoticia_20160520171435_800-90x67.jpg 90w, https:\/\/eldigitaldeasturias.com\/magazine365\/wp-content\/uploads\/2016\/05\/fotonoticia_20160520171435_800-164x124.jpg 164w, https:\/\/eldigitaldeasturias.com\/magazine365\/wp-content\/uploads\/2016\/05\/fotonoticia_20160520171435_800-100x75.jpg 100w, https:\/\/eldigitaldeasturias.com\/magazine365\/wp-content\/uploads\/2016\/05\/fotonoticia_20160520171435_800.jpg 800w\" sizes=\"(max-width: 360px) 100vw, 360px\" \/>Turismo Costa del Sol ha participado en la sexta edici\u00f3n de la Travelweek, uno de los principales encuentros de profesionales especializados en turismo de lujo que ha reunido en la ciudad brasile\u00f1a de Sao Paulo a cerca de 600 proveedores procedentes de 80 pa\u00edses.<\/p>\n<p>Este es el tercer a\u00f1o consecutivo que Turismo Costa del Sol ha estado presente en el evento, lo que demuestra, en palabras del presidente de dicho organismo, El\u00edas Bendodo, que este territorio \u00abproyecta, como pocos lugares a nivel nacional, un espacio \u00f3ptimo para el desarrollo del turismo de \u00e9lite gracias a sus magn\u00edficas infraestructuras y a la presencia de productos y marcas de prestigio a lo largo de toda la provincia, especialmente en su litoral costero\u00bb.<\/p>\n<p>M\u00e1laga es un destino que goza de un posicionamiento privilegiado en el sector de compras y lujo, ha apuntado, al tiempo que ha explicado que, \u00abmediante la segmentaci\u00f3n, logramos una presencia potente de la marca Costa del Sol en cada uno de los eventos especializados que tienen lugar a lo largo del mundo\u00bb.<\/p>\n<p>En el caso de la Travelweek, \u00abel segmento \u00c9lite pone todo de su parte para presentar a los profesionales una oferta de destino potente, estable y con variedad de alternativas para el turismo de lujo y compras\u00bb, ha precisado Bendodo a trav\u00e9s de un comunicado.<\/p>\n<p>EVENTO DE REFERENCIA PARA EL TURISMO DE LUJO<\/p>\n<p>La sexta edici\u00f3n de Travelweek ha presentado un formato de reuni\u00f3n din\u00e1mico, con encuentros no prolongables m\u00e1s de 15 minutos, lo que ha facilitado el continuo intercambio entre empresas y el desarrollo de hasta 20.000 citas a lo largo de tres d\u00edas.<\/p>\n<p>M\u00e1s de medio millar de compradores, intermediarios y agentes de todo el mercado latinoamericano, as\u00ed como operadores tur\u00edsticos de M\u00e9xico, Argentina, Colombia, Puerto Rico, Per\u00fa, Ecuador y Venezuela, adem\u00e1s de Estados Unidos, han buscado ofertas con las que promover el turismo de lujo.<\/p>\n<p>El evento ha estado impulsado por la International Luxury Travel Market (ILTM), que organiza citas de la misma naturaleza por todo el mundo y es referencia en el turismo de lujo y compras.<\/p>\n","protected":false},"excerpt":{"rendered":"<p>Turismo Costa del Sol ha participado en la sexta edici\u00f3n de la Travelweek, uno de los principales encuentros de profesionales especializados en turismo de lujo que ha reunido en la ciudad brasile\u00f1a de Sao Paulo a cerca de 600 proveedores procedentes de 80 pa\u00edses. Este es el tercer a\u00f1o consecutivo que Turismo Costa del Sol<\/p>\n","protected":false},"author":1,"featured_media":76674,"comment_status":"open","ping_status":"closed","sticky":false,"template":"","format":"standard","meta":{"footnotes":""},"categories":[224],"tags":[],"class_list":{"0":"post-76673","1":"post","2":"type-post","3":"status-publish","4":"format-standard","5":"has-post-thumbnail","7":"category-noticias-actualidad"},"aioseo_notices":[],"aioseo_head":"\n\t\t<!-- All in One SEO Pro 4.9.6.1 - aioseo.com -->\n\t<meta name=\"description\" content=\"Turismo Costa del Sol ha participado en la sexta edici\u00f3n de la Travelweek, uno de los principales encuentros de profesionales especializados en turismo de lujo que ha reunido en la ciudad brasile\u00f1a de Sao Paulo a cerca de 600 proveedores procedentes de 80 pa\u00edses. Este es el tercer a\u00f1o consecutivo que Turismo Costa del Sol\" \/>\n\t<meta name=\"robots\" content=\"max-image-preview:large\" \/>\n\t<meta name=\"author\" content=\"admin\"\/>\n\t<meta name=\"google-site-verification\" content=\"UA-38556648-1\" \/>\n\t<meta name=\"keywords\" content=\"noticias y actualidad\" \/>\n\t<link rel=\"canonical\" href=\"https:\/\/eldigitaldeasturias.com\/magazine365\/el-turismo-de-lujo-de-la-provincia-de-malaga-llega-a-brasil\/\" \/>\n\t<meta name=\"generator\" content=\"All in One SEO Pro (AIOSEO) 4.9.6.1\" \/>\n\t\t<meta property=\"og:locale\" content=\"es_ES\" \/>\n\t\t<meta property=\"og:site_name\" content=\"El Digital de Asturias \u2013 Revista de ocio, turismo y estilo de vida\" \/>\n\t\t<meta property=\"og:type\" content=\"article\" \/>\n\t\t<meta property=\"og:title\" content=\"El turismo de lujo de la provincia de M\u00e1laga llega a Brasil | El Digital de Asturias\" \/>\n\t\t<meta property=\"og:description\" content=\"Turismo Costa del Sol ha participado en la sexta edici\u00f3n de la Travelweek, uno de los principales encuentros de profesionales especializados en turismo de lujo que ha reunido en la ciudad brasile\u00f1a de Sao Paulo a cerca de 600 proveedores procedentes de 80 pa\u00edses. Este es el tercer a\u00f1o consecutivo que Turismo Costa del Sol\" \/>\n\t\t<meta property=\"og:url\" content=\"https:\/\/eldigitaldeasturias.com\/magazine365\/el-turismo-de-lujo-de-la-provincia-de-malaga-llega-a-brasil\/\" \/>\n\t\t<meta property=\"og:image\" content=\"https:\/\/eldigitaldeasturias.com\/magazine365\/wp-content\/uploads\/2016\/05\/fotonoticia_20160520171435_800.jpg\" \/>\n\t\t<meta property=\"og:image:secure_url\" content=\"https:\/\/eldigitaldeasturias.com\/magazine365\/wp-content\/uploads\/2016\/05\/fotonoticia_20160520171435_800.jpg\" \/>\n\t\t<meta property=\"og:image:width\" content=\"800\" \/>\n\t\t<meta property=\"og:image:height\" content=\"597\" \/>\n\t\t<meta property=\"article:published_time\" content=\"2016-05-21T06:17:24+00:00\" \/>\n\t\t<meta property=\"article:modified_time\" content=\"2016-05-21T06:17:24+00:00\" \/>\n\t\t<meta name=\"twitter:card\" content=\"summary_large_image\" \/>\n\t\t<meta name=\"twitter:title\" content=\"El turismo de lujo de la provincia de M\u00e1laga llega a Brasil | El Digital de Asturias\" \/>\n\t\t<meta name=\"twitter:description\" content=\"Turismo Costa del Sol ha participado en la sexta edici\u00f3n de la Travelweek, uno de los principales encuentros de profesionales especializados en turismo de lujo que ha reunido en la ciudad brasile\u00f1a de Sao Paulo a cerca de 600 proveedores procedentes de 80 pa\u00edses. Este es el tercer a\u00f1o consecutivo que Turismo Costa del Sol\" \/>\n\t\t<meta name=\"twitter:image\" content=\"https:\/\/eldigitaldeasturias.com\/magazine365\/wp-content\/uploads\/2016\/05\/fotonoticia_20160520171435_800.jpg\" \/>\n\t\t<script type=\"application\/ld+json\" class=\"aioseo-schema\">\n\t\t\t{\"@context\":\"https:\\\/\\\/schema.org\",\"@graph\":[{\"@type\":\"Article\",\"@id\":\"https:\\\/\\\/eldigitaldeasturias.com\\\/magazine365\\\/el-turismo-de-lujo-de-la-provincia-de-malaga-llega-a-brasil\\\/#article\",\"name\":\"El turismo de lujo de la provincia de M\\u00e1laga llega a Brasil | El Digital de Asturias\",\"headline\":\"El turismo de lujo de la provincia de M\\u00e1laga llega a Brasil\",\"author\":{\"@id\":\"https:\\\/\\\/eldigitaldeasturias.com\\\/magazine365\\\/author\\\/admin\\\/#author\"},\"publisher\":{\"@id\":\"https:\\\/\\\/eldigitaldeasturias.com\\\/magazine365\\\/#organization\"},\"image\":{\"@type\":\"ImageObject\",\"url\":\"https:\\\/\\\/eldigitaldeasturias.com\\\/magazine365\\\/wp-content\\\/uploads\\\/2016\\\/05\\\/fotonoticia_20160520171435_800.jpg\",\"width\":800,\"height\":597},\"datePublished\":\"2016-05-21T08:17:24+02:00\",\"dateModified\":\"2016-05-21T08:17:24+02:00\",\"inLanguage\":\"es-ES\",\"mainEntityOfPage\":{\"@id\":\"https:\\\/\\\/eldigitaldeasturias.com\\\/magazine365\\\/el-turismo-de-lujo-de-la-provincia-de-malaga-llega-a-brasil\\\/#webpage\"},\"isPartOf\":{\"@id\":\"https:\\\/\\\/eldigitaldeasturias.com\\\/magazine365\\\/el-turismo-de-lujo-de-la-provincia-de-malaga-llega-a-brasil\\\/#webpage\"},\"articleSection\":\"Noticias y Actualidad\"},{\"@type\":\"BreadcrumbList\",\"@id\":\"https:\\\/\\\/eldigitaldeasturias.com\\\/magazine365\\\/el-turismo-de-lujo-de-la-provincia-de-malaga-llega-a-brasil\\\/#breadcrumblist\",\"itemListElement\":[{\"@type\":\"ListItem\",\"@id\":\"https:\\\/\\\/eldigitaldeasturias.com\\\/magazine365#listItem\",\"position\":1,\"name\":\"Home\",\"item\":\"https:\\\/\\\/eldigitaldeasturias.com\\\/magazine365\",\"nextItem\":{\"@type\":\"ListItem\",\"@id\":\"https:\\\/\\\/eldigitaldeasturias.com\\\/magazine365\\\/category\\\/noticias-actualidad\\\/#listItem\",\"name\":\"Noticias y Actualidad\"}},{\"@type\":\"ListItem\",\"@id\":\"https:\\\/\\\/eldigitaldeasturias.com\\\/magazine365\\\/category\\\/noticias-actualidad\\\/#listItem\",\"position\":2,\"name\":\"Noticias y Actualidad\",\"item\":\"https:\\\/\\\/eldigitaldeasturias.com\\\/magazine365\\\/category\\\/noticias-actualidad\\\/\",\"nextItem\":{\"@type\":\"ListItem\",\"@id\":\"https:\\\/\\\/eldigitaldeasturias.com\\\/magazine365\\\/el-turismo-de-lujo-de-la-provincia-de-malaga-llega-a-brasil\\\/#listItem\",\"name\":\"El turismo de lujo de la provincia de M\\u00e1laga llega a Brasil\"},\"previousItem\":{\"@type\":\"ListItem\",\"@id\":\"https:\\\/\\\/eldigitaldeasturias.com\\\/magazine365#listItem\",\"name\":\"Home\"}},{\"@type\":\"ListItem\",\"@id\":\"https:\\\/\\\/eldigitaldeasturias.com\\\/magazine365\\\/el-turismo-de-lujo-de-la-provincia-de-malaga-llega-a-brasil\\\/#listItem\",\"position\":3,\"name\":\"El turismo de lujo de la provincia de M\\u00e1laga llega a Brasil\",\"previousItem\":{\"@type\":\"ListItem\",\"@id\":\"https:\\\/\\\/eldigitaldeasturias.com\\\/magazine365\\\/category\\\/noticias-actualidad\\\/#listItem\",\"name\":\"Noticias y Actualidad\"}}]},{\"@type\":\"Organization\",\"@id\":\"https:\\\/\\\/eldigitaldeasturias.com\\\/magazine365\\\/#organization\",\"name\":\"El digital de Asturias\",\"description\":\"Revista de ocio, turismo y estilo de vida\",\"url\":\"https:\\\/\\\/eldigitaldeasturias.com\\\/magazine365\\\/\",\"logo\":{\"@type\":\"ImageObject\",\"url\":\"https:\\\/\\\/www.eldigitaldeasturias.com\\\/noticias\\\/wp-content\\\/uploads\\\/2020\\\/12\\\/EDA.jpg\",\"@id\":\"https:\\\/\\\/eldigitaldeasturias.com\\\/magazine365\\\/el-turismo-de-lujo-de-la-provincia-de-malaga-llega-a-brasil\\\/#organizationLogo\"},\"image\":{\"@id\":\"https:\\\/\\\/eldigitaldeasturias.com\\\/magazine365\\\/el-turismo-de-lujo-de-la-provincia-de-malaga-llega-a-brasil\\\/#organizationLogo\"}},{\"@type\":\"Person\",\"@id\":\"https:\\\/\\\/eldigitaldeasturias.com\\\/magazine365\\\/author\\\/admin\\\/#author\",\"url\":\"https:\\\/\\\/eldigitaldeasturias.com\\\/magazine365\\\/author\\\/admin\\\/\",\"name\":\"admin\",\"image\":{\"@type\":\"ImageObject\",\"@id\":\"https:\\\/\\\/eldigitaldeasturias.com\\\/magazine365\\\/el-turismo-de-lujo-de-la-provincia-de-malaga-llega-a-brasil\\\/#authorImage\",\"url\":\"https:\\\/\\\/eldigitaldeasturias.com\\\/magazine365\\\/wp-content\\\/litespeed\\\/avatar\\\/e571bcf59a0edd6fa6838245a470f2fe.jpg?ver=1777574230\",\"width\":96,\"height\":96,\"caption\":\"admin\"}},{\"@type\":\"WebPage\",\"@id\":\"https:\\\/\\\/eldigitaldeasturias.com\\\/magazine365\\\/el-turismo-de-lujo-de-la-provincia-de-malaga-llega-a-brasil\\\/#webpage\",\"url\":\"https:\\\/\\\/eldigitaldeasturias.com\\\/magazine365\\\/el-turismo-de-lujo-de-la-provincia-de-malaga-llega-a-brasil\\\/\",\"name\":\"El turismo de lujo de la provincia de M\\u00e1laga llega a Brasil | El Digital de Asturias\",\"description\":\"Turismo Costa del Sol ha participado en la sexta edici\\u00f3n de la Travelweek, uno de los principales encuentros de profesionales especializados en turismo de lujo que ha reunido en la ciudad brasile\\u00f1a de Sao Paulo a cerca de 600 proveedores procedentes de 80 pa\\u00edses. Este es el tercer a\\u00f1o consecutivo que Turismo Costa del Sol\",\"inLanguage\":\"es-ES\",\"isPartOf\":{\"@id\":\"https:\\\/\\\/eldigitaldeasturias.com\\\/magazine365\\\/#website\"},\"breadcrumb\":{\"@id\":\"https:\\\/\\\/eldigitaldeasturias.com\\\/magazine365\\\/el-turismo-de-lujo-de-la-provincia-de-malaga-llega-a-brasil\\\/#breadcrumblist\"},\"author\":{\"@id\":\"https:\\\/\\\/eldigitaldeasturias.com\\\/magazine365\\\/author\\\/admin\\\/#author\"},\"creator\":{\"@id\":\"https:\\\/\\\/eldigitaldeasturias.com\\\/magazine365\\\/author\\\/admin\\\/#author\"},\"image\":{\"@type\":\"ImageObject\",\"url\":\"https:\\\/\\\/eldigitaldeasturias.com\\\/magazine365\\\/wp-content\\\/uploads\\\/2016\\\/05\\\/fotonoticia_20160520171435_800.jpg\",\"@id\":\"https:\\\/\\\/eldigitaldeasturias.com\\\/magazine365\\\/el-turismo-de-lujo-de-la-provincia-de-malaga-llega-a-brasil\\\/#mainImage\",\"width\":800,\"height\":597},\"primaryImageOfPage\":{\"@id\":\"https:\\\/\\\/eldigitaldeasturias.com\\\/magazine365\\\/el-turismo-de-lujo-de-la-provincia-de-malaga-llega-a-brasil\\\/#mainImage\"},\"datePublished\":\"2016-05-21T08:17:24+02:00\",\"dateModified\":\"2016-05-21T08:17:24+02:00\"},{\"@type\":\"WebSite\",\"@id\":\"https:\\\/\\\/eldigitaldeasturias.com\\\/magazine365\\\/#website\",\"url\":\"https:\\\/\\\/eldigitaldeasturias.com\\\/magazine365\\\/\",\"name\":\"El Digital de Asturias\",\"description\":\"Revista de ocio, turismo y estilo de vida\",\"inLanguage\":\"es-ES\",\"publisher\":{\"@id\":\"https:\\\/\\\/eldigitaldeasturias.com\\\/magazine365\\\/#organization\"}}]}\n\t\t<\/script>\n\t\t<!-- All in One SEO Pro -->\r\n\t\t<title>El turismo de lujo de la provincia de M\u00e1laga llega a Brasil | El Digital de Asturias<\/title>\n\n","aioseo_head_json":{"title":"El turismo de lujo de la provincia de M\u00e1laga llega a Brasil | El Digital de Asturias","description":"Turismo Costa del Sol ha participado en la sexta edici\u00f3n de la Travelweek, uno de los principales encuentros de profesionales especializados en turismo de lujo que ha reunido en la ciudad brasile\u00f1a de Sao Paulo a cerca de 600 proveedores procedentes de 80 pa\u00edses. Este es el tercer a\u00f1o consecutivo que Turismo Costa del Sol","canonical_url":"https:\/\/eldigitaldeasturias.com\/magazine365\/el-turismo-de-lujo-de-la-provincia-de-malaga-llega-a-brasil\/","robots":"max-image-preview:large","keywords":"noticias y actualidad","webmasterTools":{"google-site-verification":"UA-38556648-1","miscellaneous":""},"schema":{"@context":"https:\/\/schema.org","@graph":[{"@type":"Article","@id":"https:\/\/eldigitaldeasturias.com\/magazine365\/el-turismo-de-lujo-de-la-provincia-de-malaga-llega-a-brasil\/#article","name":"El turismo de lujo de la provincia de M\u00e1laga llega a Brasil | El Digital de Asturias","headline":"El turismo de lujo de la provincia de M\u00e1laga llega a Brasil","author":{"@id":"https:\/\/eldigitaldeasturias.com\/magazine365\/author\/admin\/#author"},"publisher":{"@id":"https:\/\/eldigitaldeasturias.com\/magazine365\/#organization"},"image":{"@type":"ImageObject","url":"https:\/\/eldigitaldeasturias.com\/magazine365\/wp-content\/uploads\/2016\/05\/fotonoticia_20160520171435_800.jpg","width":800,"height":597},"datePublished":"2016-05-21T08:17:24+02:00","dateModified":"2016-05-21T08:17:24+02:00","inLanguage":"es-ES","mainEntityOfPage":{"@id":"https:\/\/eldigitaldeasturias.com\/magazine365\/el-turismo-de-lujo-de-la-provincia-de-malaga-llega-a-brasil\/#webpage"},"isPartOf":{"@id":"https:\/\/eldigitaldeasturias.com\/magazine365\/el-turismo-de-lujo-de-la-provincia-de-malaga-llega-a-brasil\/#webpage"},"articleSection":"Noticias y Actualidad"},{"@type":"BreadcrumbList","@id":"https:\/\/eldigitaldeasturias.com\/magazine365\/el-turismo-de-lujo-de-la-provincia-de-malaga-llega-a-brasil\/#breadcrumblist","itemListElement":[{"@type":"ListItem","@id":"https:\/\/eldigitaldeasturias.com\/magazine365#listItem","position":1,"name":"Home","item":"https:\/\/eldigitaldeasturias.com\/magazine365","nextItem":{"@type":"ListItem","@id":"https:\/\/eldigitaldeasturias.com\/magazine365\/category\/noticias-actualidad\/#listItem","name":"Noticias y Actualidad"}},{"@type":"ListItem","@id":"https:\/\/eldigitaldeasturias.com\/magazine365\/category\/noticias-actualidad\/#listItem","position":2,"name":"Noticias y Actualidad","item":"https:\/\/eldigitaldeasturias.com\/magazine365\/category\/noticias-actualidad\/","nextItem":{"@type":"ListItem","@id":"https:\/\/eldigitaldeasturias.com\/magazine365\/el-turismo-de-lujo-de-la-provincia-de-malaga-llega-a-brasil\/#listItem","name":"El turismo de lujo de la provincia de M\u00e1laga llega a Brasil"},"previousItem":{"@type":"ListItem","@id":"https:\/\/eldigitaldeasturias.com\/magazine365#listItem","name":"Home"}},{"@type":"ListItem","@id":"https:\/\/eldigitaldeasturias.com\/magazine365\/el-turismo-de-lujo-de-la-provincia-de-malaga-llega-a-brasil\/#listItem","position":3,"name":"El turismo de lujo de la provincia de M\u00e1laga llega a Brasil","previousItem":{"@type":"ListItem","@id":"https:\/\/eldigitaldeasturias.com\/magazine365\/category\/noticias-actualidad\/#listItem","name":"Noticias y Actualidad"}}]},{"@type":"Organization","@id":"https:\/\/eldigitaldeasturias.com\/magazine365\/#organization","name":"El digital de Asturias","description":"Revista de ocio, turismo y estilo de vida","url":"https:\/\/eldigitaldeasturias.com\/magazine365\/","logo":{"@type":"ImageObject","url":"https:\/\/www.eldigitaldeasturias.com\/noticias\/wp-content\/uploads\/2020\/12\/EDA.jpg","@id":"https:\/\/eldigitaldeasturias.com\/magazine365\/el-turismo-de-lujo-de-la-provincia-de-malaga-llega-a-brasil\/#organizationLogo"},"image":{"@id":"https:\/\/eldigitaldeasturias.com\/magazine365\/el-turismo-de-lujo-de-la-provincia-de-malaga-llega-a-brasil\/#organizationLogo"}},{"@type":"Person","@id":"https:\/\/eldigitaldeasturias.com\/magazine365\/author\/admin\/#author","url":"https:\/\/eldigitaldeasturias.com\/magazine365\/author\/admin\/","name":"admin","image":{"@type":"ImageObject","@id":"https:\/\/eldigitaldeasturias.com\/magazine365\/el-turismo-de-lujo-de-la-provincia-de-malaga-llega-a-brasil\/#authorImage","url":"https:\/\/eldigitaldeasturias.com\/magazine365\/wp-content\/litespeed\/avatar\/e571bcf59a0edd6fa6838245a470f2fe.jpg?ver=1777574230","width":96,"height":96,"caption":"admin"}},{"@type":"WebPage","@id":"https:\/\/eldigitaldeasturias.com\/magazine365\/el-turismo-de-lujo-de-la-provincia-de-malaga-llega-a-brasil\/#webpage","url":"https:\/\/eldigitaldeasturias.com\/magazine365\/el-turismo-de-lujo-de-la-provincia-de-malaga-llega-a-brasil\/","name":"El turismo de lujo de la provincia de M\u00e1laga llega a Brasil | El Digital de Asturias","description":"Turismo Costa del Sol ha participado en la sexta edici\u00f3n de la Travelweek, uno de los principales encuentros de profesionales especializados en turismo de lujo que ha reunido en la ciudad brasile\u00f1a de Sao Paulo a cerca de 600 proveedores procedentes de 80 pa\u00edses. Este es el tercer a\u00f1o consecutivo que Turismo Costa del Sol","inLanguage":"es-ES","isPartOf":{"@id":"https:\/\/eldigitaldeasturias.com\/magazine365\/#website"},"breadcrumb":{"@id":"https:\/\/eldigitaldeasturias.com\/magazine365\/el-turismo-de-lujo-de-la-provincia-de-malaga-llega-a-brasil\/#breadcrumblist"},"author":{"@id":"https:\/\/eldigitaldeasturias.com\/magazine365\/author\/admin\/#author"},"creator":{"@id":"https:\/\/eldigitaldeasturias.com\/magazine365\/author\/admin\/#author"},"image":{"@type":"ImageObject","url":"https:\/\/eldigitaldeasturias.com\/magazine365\/wp-content\/uploads\/2016\/05\/fotonoticia_20160520171435_800.jpg","@id":"https:\/\/eldigitaldeasturias.com\/magazine365\/el-turismo-de-lujo-de-la-provincia-de-malaga-llega-a-brasil\/#mainImage","width":800,"height":597},"primaryImageOfPage":{"@id":"https:\/\/eldigitaldeasturias.com\/magazine365\/el-turismo-de-lujo-de-la-provincia-de-malaga-llega-a-brasil\/#mainImage"},"datePublished":"2016-05-21T08:17:24+02:00","dateModified":"2016-05-21T08:17:24+02:00"},{"@type":"WebSite","@id":"https:\/\/eldigitaldeasturias.com\/magazine365\/#website","url":"https:\/\/eldigitaldeasturias.com\/magazine365\/","name":"El Digital de Asturias","description":"Revista de ocio, turismo y estilo de vida","inLanguage":"es-ES","publisher":{"@id":"https:\/\/eldigitaldeasturias.com\/magazine365\/#organization"}}]},"og:locale":"es_ES","og:site_name":"El Digital de Asturias \u2013 Revista de ocio, turismo y estilo de vida","og:type":"article","og:title":"El turismo de lujo de la provincia de M\u00e1laga llega a Brasil | El Digital de Asturias","og:description":"Turismo Costa del Sol ha participado en la sexta edici\u00f3n de la Travelweek, uno de los principales encuentros de profesionales especializados en turismo de lujo que ha reunido en la ciudad brasile\u00f1a de Sao Paulo a cerca de 600 proveedores procedentes de 80 pa\u00edses. Este es el tercer a\u00f1o consecutivo que Turismo Costa del Sol","og:url":"https:\/\/eldigitaldeasturias.com\/magazine365\/el-turismo-de-lujo-de-la-provincia-de-malaga-llega-a-brasil\/","og:image":"https:\/\/eldigitaldeasturias.com\/magazine365\/wp-content\/uploads\/2016\/05\/fotonoticia_20160520171435_800.jpg","og:image:secure_url":"https:\/\/eldigitaldeasturias.com\/magazine365\/wp-content\/uploads\/2016\/05\/fotonoticia_20160520171435_800.jpg","og:image:width":800,"og:image:height":597,"article:published_time":"2016-05-21T06:17:24+00:00","article:modified_time":"2016-05-21T06:17:24+00:00","twitter:card":"summary_large_image","twitter:title":"El turismo de lujo de la provincia de M\u00e1laga llega a Brasil | El Digital de Asturias","twitter:description":"Turismo Costa del Sol ha participado en la sexta edici\u00f3n de la Travelweek, uno de los principales encuentros de profesionales especializados en turismo de lujo que ha reunido en la ciudad brasile\u00f1a de Sao Paulo a cerca de 600 proveedores procedentes de 80 pa\u00edses. Este es el tercer a\u00f1o consecutivo que Turismo Costa del Sol","twitter:image":"https:\/\/eldigitaldeasturias.com\/magazine365\/wp-content\/uploads\/2016\/05\/fotonoticia_20160520171435_800.jpg"},"aioseo_meta_data":{"post_id":"76673","title":null,"description":null,"keywords":null,"keyphrases":null,"primary_term":null,"canonical_url":null,"og_title":null,"og_description":null,"og_object_type":"default","og_image_type":"default","og_image_url":null,"og_image_width":null,"og_image_height":null,"og_image_custom_url":null,"og_image_custom_fields":null,"og_video":null,"og_custom_url":null,"og_article_section":null,"og_article_tags":null,"twitter_use_og":false,"twitter_card":"default","twitter_image_type":"default","twitter_image_url":null,"twitter_image_custom_url":null,"twitter_image_custom_fields":null,"twitter_title":null,"twitter_description":null,"schema":{"blockGraphs":[],"customGraphs":[],"default":{"data":{"Article":[],"Course":[],"Dataset":[],"FAQPage":[],"Movie":[],"Person":[],"Product":[],"ProductReview":[],"Car":[],"Recipe":[],"Service":[],"SoftwareApplication":[],"WebPage":[]},"graphName":"","isEnabled":true},"graphs":[],"defaultGraph":"","defaultPostTypeGraph":""},"schema_type":null,"schema_type_options":null,"pillar_content":false,"robots_default":true,"robots_noindex":false,"robots_noarchive":false,"robots_nosnippet":false,"robots_nofollow":false,"robots_noimageindex":false,"robots_noodp":false,"robots_notranslate":false,"robots_max_snippet":null,"robots_max_videopreview":null,"robots_max_imagepreview":"large","priority":null,"frequency":null,"location":null,"local_seo":null,"seo_analyzer_scan_date":"2025-09-27 13:12:54","breadcrumb_settings":null,"limit_modified_date":false,"open_ai":null,"ai":null,"created":"2021-03-08 18:26:09","updated":"2025-09-27 13:12:54"},"aioseo_breadcrumb":"<div class=\"aioseo-breadcrumbs\"><span class=\"aioseo-breadcrumb\">\n\t<a href=\"https:\/\/eldigitaldeasturias.com\/magazine365\" title=\"Home\">Home<\/a>\n<\/span><span class=\"aioseo-breadcrumb-separator\">\u2013<\/span><span class=\"aioseo-breadcrumb\">\n\t<a href=\"https:\/\/eldigitaldeasturias.com\/magazine365\/category\/noticias-actualidad\/\" title=\"Noticias y Actualidad\">Noticias y Actualidad<\/a>\n<\/span><span class=\"aioseo-breadcrumb-separator\">\u2013<\/span><span class=\"aioseo-breadcrumb\">\n\t<a href=\"https:\/\/eldigitaldeasturias.com\/magazine365\/el-turismo-de-lujo-de-la-provincia-de-malaga-llega-a-brasil\/\" title=\"El turismo de lujo de la provincia de M\u00e1laga llega a Brasil\">El turismo de lujo de la provincia de M\u00e1laga llega a Brasil<\/a>\n<\/span><\/div>","aioseo_breadcrumb_json":[{"label":"Home","link":"https:\/\/eldigitaldeasturias.com\/magazine365"},{"label":"Noticias y Actualidad","link":"https:\/\/eldigitaldeasturias.com\/magazine365\/category\/noticias-actualidad\/"},{"label":"El turismo de lujo de la provincia de M\u00e1laga llega a Brasil","link":"https:\/\/eldigitaldeasturias.com\/magazine365\/el-turismo-de-lujo-de-la-provincia-de-malaga-llega-a-brasil\/"}],"_links":{"self":[{"href":"https:\/\/eldigitaldeasturias.com\/magazine365\/wp-json\/wp\/v2\/posts\/76673","targetHints":{"allow":["GET"]}}],"collection":[{"href":"https:\/\/eldigitaldeasturias.com\/magazine365\/wp-json\/wp\/v2\/posts"}],"about":[{"href":"https:\/\/eldigitaldeasturias.com\/magazine365\/wp-json\/wp\/v2\/types\/post"}],"author":[{"embeddable":true,"href":"https:\/\/eldigitaldeasturias.com\/magazine365\/wp-json\/wp\/v2\/users\/1"}],"replies":[{"embeddable":true,"href":"https:\/\/eldigitaldeasturias.com\/magazine365\/wp-json\/wp\/v2\/comments?post=76673"}],"version-history":[{"count":0,"href":"https:\/\/eldigitaldeasturias.com\/magazine365\/wp-json\/wp\/v2\/posts\/76673\/revisions"}],"wp:featuredmedia":[{"embeddable":true,"href":"https:\/\/eldigitaldeasturias.com\/magazine365\/wp-json\/wp\/v2\/media\/76674"}],"wp:attachment":[{"href":"https:\/\/eldigitaldeasturias.com\/magazine365\/wp-json\/wp\/v2\/media?parent=76673"}],"wp:term":[{"taxonomy":"category","embeddable":true,"href":"https:\/\/eldigitaldeasturias.com\/magazine365\/wp-json\/wp\/v2\/categories?post=76673"},{"taxonomy":"post_tag","embeddable":true,"href":"https:\/\/eldigitaldeasturias.com\/magazine365\/wp-json\/wp\/v2\/tags?post=76673"}],"curies":[{"name":"wp","href":"https:\/\/api.w.org\/{rel}","templated":true}]}}