{"id":76658,"date":"2016-05-21T08:04:25","date_gmt":"2016-05-21T06:04:25","guid":{"rendered":"http:\/\/eldigitaldeasturias.com\/magazine365\/?p=76658"},"modified":"2016-05-21T08:04:25","modified_gmt":"2016-05-21T06:04:25","slug":"el-ayuntamiento-de-cordoba-inicia-la-contratacion-del-espectaculo-nocturno-del-alcazar","status":"publish","type":"post","link":"https:\/\/eldigitaldeasturias.com\/magazine365\/el-ayuntamiento-de-cordoba-inicia-la-contratacion-del-espectaculo-nocturno-del-alcazar\/","title":{"rendered":"El Ayuntamiento de C\u00f3rdoba inicia la contrataci\u00f3n del espect\u00e1culo nocturno del Alc\u00e1zar"},"content":{"rendered":"<p><img fetchpriority=\"high\" decoding=\"async\" class=\"alignleft size-medium wp-image-76659\" src=\"https:\/\/eldigitaldeasturias.com\/magazine365\/wp-content\/uploads\/2016\/05\/fotonoticia_20160520160934_800-360x270.jpg\" alt=\"fotonoticia_20160520160934_800\" width=\"360\" height=\"270\" srcset=\"https:\/\/eldigitaldeasturias.com\/magazine365\/wp-content\/uploads\/2016\/05\/fotonoticia_20160520160934_800-360x270.jpg 360w, https:\/\/eldigitaldeasturias.com\/magazine365\/wp-content\/uploads\/2016\/05\/fotonoticia_20160520160934_800-650x488.jpg 650w, https:\/\/eldigitaldeasturias.com\/magazine365\/wp-content\/uploads\/2016\/05\/fotonoticia_20160520160934_800-768x576.jpg 768w, https:\/\/eldigitaldeasturias.com\/magazine365\/wp-content\/uploads\/2016\/05\/fotonoticia_20160520160934_800-150x113.jpg 150w, https:\/\/eldigitaldeasturias.com\/magazine365\/wp-content\/uploads\/2016\/05\/fotonoticia_20160520160934_800-450x338.jpg 450w, https:\/\/eldigitaldeasturias.com\/magazine365\/wp-content\/uploads\/2016\/05\/fotonoticia_20160520160934_800-90x67.jpg 90w, https:\/\/eldigitaldeasturias.com\/magazine365\/wp-content\/uploads\/2016\/05\/fotonoticia_20160520160934_800-164x124.jpg 164w, https:\/\/eldigitaldeasturias.com\/magazine365\/wp-content\/uploads\/2016\/05\/fotonoticia_20160520160934_800-100x75.jpg 100w, https:\/\/eldigitaldeasturias.com\/magazine365\/wp-content\/uploads\/2016\/05\/fotonoticia_20160520160934_800.jpg 800w\" sizes=\"(max-width: 360px) 100vw, 360px\" \/>Los tenientes de alcalde del Ayuntamiento de C\u00f3rdoba Emilio Aumente (PSOE) y Alba Doblas (IU) han informado este viernes de los asuntos tratados en la Junta de Gobierno Local, entre los que se ha aprobado el expediente de contrataci\u00f3n del servicio de dise\u00f1o, producci\u00f3n, realizaci\u00f3n, proyecci\u00f3n y asistencia t\u00e9cnica del espect\u00e1culo nocturno en el Alc\u00e1zar de los Reyes Cristianos.<\/p>\n<p>En una rueda de prensa, el concejal ha destacado que se ha aprobado el pliego y ahora seguir\u00e1 los tr\u00e1mites correspondiente para su adjudicaci\u00f3n por \u00abprocedimiento abierto\u00bb, al tiempo que ha calculado que en \u00abun mes y medio o dos meses\u00bb estar\u00eda adjudicado.<\/p>\n<p>En este sentido, el presupuesto base de licitaci\u00f3n es de 58.000 euros, con una anualidad de 32.000 para 2016 y 26.000 euros para 2017, mientras que el valor estimado del contrato alcanza los 95.800 euros.<\/p>\n<p>Por otra parte, se ha aprobado por \u00abprimera vez\u00bb un plan de autoprotecci\u00f3n para la Feria de Nuestra Se\u00f1ora de la Salud, dado que es \u00abde obligado cumplimiento al haber una acumulaci\u00f3n de m\u00e1s de 20.000 personas\u00bb, ha subrayado el edil, quien ha defendido que \u00abes un documento importante ante cualquier situaci\u00f3n imprevista y de emergencia para poner en marcha determinados mecanismos de seguridad\u00bb, de cara a \u00abuna perfecta evacuaci\u00f3n y coordinaci\u00f3n de todos los servicios\u00bb.<\/p>\n<p>Igualmente, se ha dado el visto bueno al expediente de contrataci\u00f3n para el suministro de dos equipos de salto para el Servicio de Extinci\u00f3n de Incendios y Salvamento (SEIS), por valor de 24.200 euros; se ha adjudicado el contrato para el mantenimiento de parques infantiles y \u00e1reas cardiosaludables, por unos 554.909 euros para dos a\u00f1os, y se prev\u00e9 firmar el contrato la pr\u00f3xima semana, tras lo cual comenzar\u00e1n las obras.<\/p>\n<p>Asimismo, se ha aprobado la encomienda de gesti\u00f3n al Instituto Municipal de las Artes Esc\u00e9nicas (IMAE) del programa &#8216;Vamos al teatro&#8217;, as\u00ed como el contrato de publicidad de la programaci\u00f3n de la Delegaci\u00f3n de Cultura hasta final de a\u00f1o, por valor 72.600 euros.<\/p>\n<p>LOS IMPAGOS DE BARES<\/p>\n<p>En otro orden de cosas, los concejales han detallado que se han resuelto dos contratos de bares y cafeter\u00edas del Parque de la Asomadilla y el Balc\u00f3n del Guadalquivir, por \u00abimpago\u00bb del canon mensual desde 2012 y 2013, en un caso con 1.371 euros m\u00e1s IVA y en otro con 1.550 euros m\u00e1s IVA, que son del mismo adjudicatario, est\u00e1n cerrados y concretamente el de la Asomadilla debe desde 2012 un total de 65.808, mientras que el del Balc\u00f3n del Guadalquivir debe desde 2013, un total de 63.550 euros.<\/p>\n<p>Dicha situaci\u00f3n es similar a la que ocurri\u00f3 en otros cuatros establecimientos del Vial, que deb\u00edan cerca de un mill\u00f3n de euros en concepto de canon, despu\u00e9s de que fueron \u00abrealquilados\u00bb a otras personas en algunos casos, y que en estos momentos est\u00e1n en tr\u00e1mites de salir a licitaci\u00f3n.<\/p>\n<p>Al respecto, la edil de Hacienda ha subrayado que este gobierno local ha actuado \u00abante la falta de pago\u00bb, mientras que el concejal de Seguridad Ciudadana ha comentado que se revisan estas situaciones respecto al resto de la ciudad, al tiempo que los hechos se han puesto en conocimiento de la asesor\u00eda jur\u00eddica.<\/p>\n<p>Tambi\u00e9n, en la Junta de Gobierno Local se ha recepcionado una obra del plan asfalto de 2015, por valor superior a 289.000 euros, y ha salido adelante una transferencia de 87.000 euros para inversiones solicitadas por la Gerencia Municipal de Urbanismo (GMU) para equipos y aplicaciones inform\u00e1ticas.<\/p>\n","protected":false},"excerpt":{"rendered":"<p>Los tenientes de alcalde del Ayuntamiento de C\u00f3rdoba Emilio Aumente (PSOE) y Alba Doblas (IU) han informado este viernes de los asuntos tratados en la Junta de Gobierno Local, entre los que se ha aprobado el expediente de contrataci\u00f3n del servicio de dise\u00f1o, producci\u00f3n, realizaci\u00f3n, proyecci\u00f3n y asistencia t\u00e9cnica del espect\u00e1culo nocturno en el Alc\u00e1zar<\/p>\n","protected":false},"author":1,"featured_media":76659,"comment_status":"open","ping_status":"closed","sticky":false,"template":"","format":"standard","meta":{"footnotes":""},"categories":[224],"tags":[],"class_list":{"0":"post-76658","1":"post","2":"type-post","3":"status-publish","4":"format-standard","5":"has-post-thumbnail","7":"category-noticias-actualidad"},"aioseo_notices":[],"aioseo_head":"\n\t\t<!-- All in One SEO Pro 4.9.6.1 - aioseo.com -->\n\t<meta name=\"description\" content=\"Los tenientes de alcalde del Ayuntamiento de C\u00f3rdoba Emilio Aumente (PSOE) y Alba Doblas (IU) han informado este viernes de los asuntos tratados en la Junta de Gobierno Local, entre los que se ha aprobado el expediente de contrataci\u00f3n del servicio de dise\u00f1o, producci\u00f3n, realizaci\u00f3n, proyecci\u00f3n y asistencia t\u00e9cnica del espect\u00e1culo nocturno en el Alc\u00e1zar\" \/>\n\t<meta name=\"robots\" content=\"max-image-preview:large\" \/>\n\t<meta name=\"author\" content=\"admin\"\/>\n\t<meta name=\"google-site-verification\" content=\"UA-38556648-1\" \/>\n\t<meta name=\"keywords\" content=\"noticias y actualidad\" \/>\n\t<link rel=\"canonical\" href=\"https:\/\/eldigitaldeasturias.com\/magazine365\/el-ayuntamiento-de-cordoba-inicia-la-contratacion-del-espectaculo-nocturno-del-alcazar\/\" \/>\n\t<meta name=\"generator\" content=\"All in One SEO Pro (AIOSEO) 4.9.6.1\" \/>\n\t\t<meta property=\"og:locale\" content=\"es_ES\" \/>\n\t\t<meta property=\"og:site_name\" content=\"El Digital de Asturias \u2013 Revista de ocio, turismo y estilo de vida\" \/>\n\t\t<meta property=\"og:type\" content=\"article\" \/>\n\t\t<meta property=\"og:title\" content=\"El Ayuntamiento de C\u00f3rdoba inicia la contrataci\u00f3n del espect\u00e1culo nocturno del Alc\u00e1zar | El Digital de Asturias\" \/>\n\t\t<meta property=\"og:description\" content=\"Los tenientes de alcalde del Ayuntamiento de C\u00f3rdoba Emilio Aumente (PSOE) y Alba Doblas (IU) han informado este viernes de los asuntos tratados en la Junta de Gobierno Local, entre los que se ha aprobado el expediente de contrataci\u00f3n del servicio de dise\u00f1o, producci\u00f3n, realizaci\u00f3n, proyecci\u00f3n y asistencia t\u00e9cnica del espect\u00e1culo nocturno en el Alc\u00e1zar\" \/>\n\t\t<meta property=\"og:url\" content=\"https:\/\/eldigitaldeasturias.com\/magazine365\/el-ayuntamiento-de-cordoba-inicia-la-contratacion-del-espectaculo-nocturno-del-alcazar\/\" \/>\n\t\t<meta property=\"og:image\" content=\"https:\/\/eldigitaldeasturias.com\/magazine365\/wp-content\/uploads\/2016\/05\/fotonoticia_20160520160934_800.jpg\" \/>\n\t\t<meta property=\"og:image:secure_url\" content=\"https:\/\/eldigitaldeasturias.com\/magazine365\/wp-content\/uploads\/2016\/05\/fotonoticia_20160520160934_800.jpg\" \/>\n\t\t<meta property=\"og:image:width\" content=\"800\" \/>\n\t\t<meta property=\"og:image:height\" content=\"600\" \/>\n\t\t<meta property=\"article:published_time\" content=\"2016-05-21T06:04:25+00:00\" \/>\n\t\t<meta property=\"article:modified_time\" content=\"2016-05-21T06:04:25+00:00\" \/>\n\t\t<meta name=\"twitter:card\" content=\"summary_large_image\" \/>\n\t\t<meta name=\"twitter:title\" content=\"El Ayuntamiento de C\u00f3rdoba inicia la contrataci\u00f3n del espect\u00e1culo nocturno del Alc\u00e1zar | El Digital de Asturias\" \/>\n\t\t<meta name=\"twitter:description\" content=\"Los tenientes de alcalde del Ayuntamiento de C\u00f3rdoba Emilio Aumente (PSOE) y Alba Doblas (IU) han informado este viernes de los asuntos tratados en la Junta de Gobierno Local, entre los que se ha aprobado el expediente de contrataci\u00f3n del servicio de dise\u00f1o, producci\u00f3n, realizaci\u00f3n, proyecci\u00f3n y asistencia t\u00e9cnica del espect\u00e1culo nocturno en el Alc\u00e1zar\" \/>\n\t\t<meta name=\"twitter:image\" content=\"https:\/\/eldigitaldeasturias.com\/magazine365\/wp-content\/uploads\/2016\/05\/fotonoticia_20160520160934_800.jpg\" \/>\n\t\t<script type=\"application\/ld+json\" class=\"aioseo-schema\">\n\t\t\t{\"@context\":\"https:\\\/\\\/schema.org\",\"@graph\":[{\"@type\":\"Article\",\"@id\":\"https:\\\/\\\/eldigitaldeasturias.com\\\/magazine365\\\/el-ayuntamiento-de-cordoba-inicia-la-contratacion-del-espectaculo-nocturno-del-alcazar\\\/#article\",\"name\":\"El Ayuntamiento de C\\u00f3rdoba inicia la contrataci\\u00f3n del espect\\u00e1culo nocturno del Alc\\u00e1zar | El Digital de Asturias\",\"headline\":\"El Ayuntamiento de C\\u00f3rdoba inicia la contrataci\\u00f3n del espect\\u00e1culo nocturno del Alc\\u00e1zar\",\"author\":{\"@id\":\"https:\\\/\\\/eldigitaldeasturias.com\\\/magazine365\\\/author\\\/admin\\\/#author\"},\"publisher\":{\"@id\":\"https:\\\/\\\/eldigitaldeasturias.com\\\/magazine365\\\/#organization\"},\"image\":{\"@type\":\"ImageObject\",\"url\":\"https:\\\/\\\/eldigitaldeasturias.com\\\/magazine365\\\/wp-content\\\/uploads\\\/2016\\\/05\\\/fotonoticia_20160520160934_800.jpg\",\"width\":800,\"height\":600},\"datePublished\":\"2016-05-21T08:04:25+02:00\",\"dateModified\":\"2016-05-21T08:04:25+02:00\",\"inLanguage\":\"es-ES\",\"mainEntityOfPage\":{\"@id\":\"https:\\\/\\\/eldigitaldeasturias.com\\\/magazine365\\\/el-ayuntamiento-de-cordoba-inicia-la-contratacion-del-espectaculo-nocturno-del-alcazar\\\/#webpage\"},\"isPartOf\":{\"@id\":\"https:\\\/\\\/eldigitaldeasturias.com\\\/magazine365\\\/el-ayuntamiento-de-cordoba-inicia-la-contratacion-del-espectaculo-nocturno-del-alcazar\\\/#webpage\"},\"articleSection\":\"Noticias y Actualidad\"},{\"@type\":\"BreadcrumbList\",\"@id\":\"https:\\\/\\\/eldigitaldeasturias.com\\\/magazine365\\\/el-ayuntamiento-de-cordoba-inicia-la-contratacion-del-espectaculo-nocturno-del-alcazar\\\/#breadcrumblist\",\"itemListElement\":[{\"@type\":\"ListItem\",\"@id\":\"https:\\\/\\\/eldigitaldeasturias.com\\\/magazine365#listItem\",\"position\":1,\"name\":\"Home\",\"item\":\"https:\\\/\\\/eldigitaldeasturias.com\\\/magazine365\",\"nextItem\":{\"@type\":\"ListItem\",\"@id\":\"https:\\\/\\\/eldigitaldeasturias.com\\\/magazine365\\\/category\\\/noticias-actualidad\\\/#listItem\",\"name\":\"Noticias y Actualidad\"}},{\"@type\":\"ListItem\",\"@id\":\"https:\\\/\\\/eldigitaldeasturias.com\\\/magazine365\\\/category\\\/noticias-actualidad\\\/#listItem\",\"position\":2,\"name\":\"Noticias y Actualidad\",\"item\":\"https:\\\/\\\/eldigitaldeasturias.com\\\/magazine365\\\/category\\\/noticias-actualidad\\\/\",\"nextItem\":{\"@type\":\"ListItem\",\"@id\":\"https:\\\/\\\/eldigitaldeasturias.com\\\/magazine365\\\/el-ayuntamiento-de-cordoba-inicia-la-contratacion-del-espectaculo-nocturno-del-alcazar\\\/#listItem\",\"name\":\"El Ayuntamiento de C\\u00f3rdoba inicia la contrataci\\u00f3n del espect\\u00e1culo nocturno del Alc\\u00e1zar\"},\"previousItem\":{\"@type\":\"ListItem\",\"@id\":\"https:\\\/\\\/eldigitaldeasturias.com\\\/magazine365#listItem\",\"name\":\"Home\"}},{\"@type\":\"ListItem\",\"@id\":\"https:\\\/\\\/eldigitaldeasturias.com\\\/magazine365\\\/el-ayuntamiento-de-cordoba-inicia-la-contratacion-del-espectaculo-nocturno-del-alcazar\\\/#listItem\",\"position\":3,\"name\":\"El Ayuntamiento de C\\u00f3rdoba inicia la contrataci\\u00f3n del espect\\u00e1culo nocturno del Alc\\u00e1zar\",\"previousItem\":{\"@type\":\"ListItem\",\"@id\":\"https:\\\/\\\/eldigitaldeasturias.com\\\/magazine365\\\/category\\\/noticias-actualidad\\\/#listItem\",\"name\":\"Noticias y Actualidad\"}}]},{\"@type\":\"Organization\",\"@id\":\"https:\\\/\\\/eldigitaldeasturias.com\\\/magazine365\\\/#organization\",\"name\":\"El digital de Asturias\",\"description\":\"Revista de ocio, turismo y estilo de vida\",\"url\":\"https:\\\/\\\/eldigitaldeasturias.com\\\/magazine365\\\/\",\"logo\":{\"@type\":\"ImageObject\",\"url\":\"https:\\\/\\\/www.eldigitaldeasturias.com\\\/noticias\\\/wp-content\\\/uploads\\\/2020\\\/12\\\/EDA.jpg\",\"@id\":\"https:\\\/\\\/eldigitaldeasturias.com\\\/magazine365\\\/el-ayuntamiento-de-cordoba-inicia-la-contratacion-del-espectaculo-nocturno-del-alcazar\\\/#organizationLogo\"},\"image\":{\"@id\":\"https:\\\/\\\/eldigitaldeasturias.com\\\/magazine365\\\/el-ayuntamiento-de-cordoba-inicia-la-contratacion-del-espectaculo-nocturno-del-alcazar\\\/#organizationLogo\"}},{\"@type\":\"Person\",\"@id\":\"https:\\\/\\\/eldigitaldeasturias.com\\\/magazine365\\\/author\\\/admin\\\/#author\",\"url\":\"https:\\\/\\\/eldigitaldeasturias.com\\\/magazine365\\\/author\\\/admin\\\/\",\"name\":\"admin\",\"image\":{\"@type\":\"ImageObject\",\"@id\":\"https:\\\/\\\/eldigitaldeasturias.com\\\/magazine365\\\/el-ayuntamiento-de-cordoba-inicia-la-contratacion-del-espectaculo-nocturno-del-alcazar\\\/#authorImage\",\"url\":\"https:\\\/\\\/eldigitaldeasturias.com\\\/magazine365\\\/wp-content\\\/litespeed\\\/avatar\\\/e571bcf59a0edd6fa6838245a470f2fe.jpg?ver=1777574230\",\"width\":96,\"height\":96,\"caption\":\"admin\"}},{\"@type\":\"WebPage\",\"@id\":\"https:\\\/\\\/eldigitaldeasturias.com\\\/magazine365\\\/el-ayuntamiento-de-cordoba-inicia-la-contratacion-del-espectaculo-nocturno-del-alcazar\\\/#webpage\",\"url\":\"https:\\\/\\\/eldigitaldeasturias.com\\\/magazine365\\\/el-ayuntamiento-de-cordoba-inicia-la-contratacion-del-espectaculo-nocturno-del-alcazar\\\/\",\"name\":\"El Ayuntamiento de C\\u00f3rdoba inicia la contrataci\\u00f3n del espect\\u00e1culo nocturno del Alc\\u00e1zar | El Digital de Asturias\",\"description\":\"Los tenientes de alcalde del Ayuntamiento de C\\u00f3rdoba Emilio Aumente (PSOE) y Alba Doblas (IU) han informado este viernes de los asuntos tratados en la Junta de Gobierno Local, entre los que se ha aprobado el expediente de contrataci\\u00f3n del servicio de dise\\u00f1o, producci\\u00f3n, realizaci\\u00f3n, proyecci\\u00f3n y asistencia t\\u00e9cnica del espect\\u00e1culo nocturno en el Alc\\u00e1zar\",\"inLanguage\":\"es-ES\",\"isPartOf\":{\"@id\":\"https:\\\/\\\/eldigitaldeasturias.com\\\/magazine365\\\/#website\"},\"breadcrumb\":{\"@id\":\"https:\\\/\\\/eldigitaldeasturias.com\\\/magazine365\\\/el-ayuntamiento-de-cordoba-inicia-la-contratacion-del-espectaculo-nocturno-del-alcazar\\\/#breadcrumblist\"},\"author\":{\"@id\":\"https:\\\/\\\/eldigitaldeasturias.com\\\/magazine365\\\/author\\\/admin\\\/#author\"},\"creator\":{\"@id\":\"https:\\\/\\\/eldigitaldeasturias.com\\\/magazine365\\\/author\\\/admin\\\/#author\"},\"image\":{\"@type\":\"ImageObject\",\"url\":\"https:\\\/\\\/eldigitaldeasturias.com\\\/magazine365\\\/wp-content\\\/uploads\\\/2016\\\/05\\\/fotonoticia_20160520160934_800.jpg\",\"@id\":\"https:\\\/\\\/eldigitaldeasturias.com\\\/magazine365\\\/el-ayuntamiento-de-cordoba-inicia-la-contratacion-del-espectaculo-nocturno-del-alcazar\\\/#mainImage\",\"width\":800,\"height\":600},\"primaryImageOfPage\":{\"@id\":\"https:\\\/\\\/eldigitaldeasturias.com\\\/magazine365\\\/el-ayuntamiento-de-cordoba-inicia-la-contratacion-del-espectaculo-nocturno-del-alcazar\\\/#mainImage\"},\"datePublished\":\"2016-05-21T08:04:25+02:00\",\"dateModified\":\"2016-05-21T08:04:25+02:00\"},{\"@type\":\"WebSite\",\"@id\":\"https:\\\/\\\/eldigitaldeasturias.com\\\/magazine365\\\/#website\",\"url\":\"https:\\\/\\\/eldigitaldeasturias.com\\\/magazine365\\\/\",\"name\":\"El Digital de Asturias\",\"description\":\"Revista de ocio, turismo y estilo de vida\",\"inLanguage\":\"es-ES\",\"publisher\":{\"@id\":\"https:\\\/\\\/eldigitaldeasturias.com\\\/magazine365\\\/#organization\"}}]}\n\t\t<\/script>\n\t\t<!-- All in One SEO Pro -->\r\n\t\t<title>El Ayuntamiento de C\u00f3rdoba inicia la contrataci\u00f3n del espect\u00e1culo nocturno del Alc\u00e1zar | El Digital de Asturias<\/title>\n\n","aioseo_head_json":{"title":"El Ayuntamiento de C\u00f3rdoba inicia la contrataci\u00f3n del espect\u00e1culo nocturno del Alc\u00e1zar | El Digital de Asturias","description":"Los tenientes de alcalde del Ayuntamiento de C\u00f3rdoba Emilio Aumente (PSOE) y Alba Doblas (IU) han informado este viernes de los asuntos tratados en la Junta de Gobierno Local, entre los que se ha aprobado el expediente de contrataci\u00f3n del servicio de dise\u00f1o, producci\u00f3n, realizaci\u00f3n, proyecci\u00f3n y asistencia t\u00e9cnica del espect\u00e1culo nocturno en el Alc\u00e1zar","canonical_url":"https:\/\/eldigitaldeasturias.com\/magazine365\/el-ayuntamiento-de-cordoba-inicia-la-contratacion-del-espectaculo-nocturno-del-alcazar\/","robots":"max-image-preview:large","keywords":"noticias y actualidad","webmasterTools":{"google-site-verification":"UA-38556648-1","miscellaneous":""},"schema":{"@context":"https:\/\/schema.org","@graph":[{"@type":"Article","@id":"https:\/\/eldigitaldeasturias.com\/magazine365\/el-ayuntamiento-de-cordoba-inicia-la-contratacion-del-espectaculo-nocturno-del-alcazar\/#article","name":"El Ayuntamiento de C\u00f3rdoba inicia la contrataci\u00f3n del espect\u00e1culo nocturno del Alc\u00e1zar | El Digital de Asturias","headline":"El Ayuntamiento de C\u00f3rdoba inicia la contrataci\u00f3n del espect\u00e1culo nocturno del Alc\u00e1zar","author":{"@id":"https:\/\/eldigitaldeasturias.com\/magazine365\/author\/admin\/#author"},"publisher":{"@id":"https:\/\/eldigitaldeasturias.com\/magazine365\/#organization"},"image":{"@type":"ImageObject","url":"https:\/\/eldigitaldeasturias.com\/magazine365\/wp-content\/uploads\/2016\/05\/fotonoticia_20160520160934_800.jpg","width":800,"height":600},"datePublished":"2016-05-21T08:04:25+02:00","dateModified":"2016-05-21T08:04:25+02:00","inLanguage":"es-ES","mainEntityOfPage":{"@id":"https:\/\/eldigitaldeasturias.com\/magazine365\/el-ayuntamiento-de-cordoba-inicia-la-contratacion-del-espectaculo-nocturno-del-alcazar\/#webpage"},"isPartOf":{"@id":"https:\/\/eldigitaldeasturias.com\/magazine365\/el-ayuntamiento-de-cordoba-inicia-la-contratacion-del-espectaculo-nocturno-del-alcazar\/#webpage"},"articleSection":"Noticias y Actualidad"},{"@type":"BreadcrumbList","@id":"https:\/\/eldigitaldeasturias.com\/magazine365\/el-ayuntamiento-de-cordoba-inicia-la-contratacion-del-espectaculo-nocturno-del-alcazar\/#breadcrumblist","itemListElement":[{"@type":"ListItem","@id":"https:\/\/eldigitaldeasturias.com\/magazine365#listItem","position":1,"name":"Home","item":"https:\/\/eldigitaldeasturias.com\/magazine365","nextItem":{"@type":"ListItem","@id":"https:\/\/eldigitaldeasturias.com\/magazine365\/category\/noticias-actualidad\/#listItem","name":"Noticias y Actualidad"}},{"@type":"ListItem","@id":"https:\/\/eldigitaldeasturias.com\/magazine365\/category\/noticias-actualidad\/#listItem","position":2,"name":"Noticias y Actualidad","item":"https:\/\/eldigitaldeasturias.com\/magazine365\/category\/noticias-actualidad\/","nextItem":{"@type":"ListItem","@id":"https:\/\/eldigitaldeasturias.com\/magazine365\/el-ayuntamiento-de-cordoba-inicia-la-contratacion-del-espectaculo-nocturno-del-alcazar\/#listItem","name":"El Ayuntamiento de C\u00f3rdoba inicia la contrataci\u00f3n del espect\u00e1culo nocturno del Alc\u00e1zar"},"previousItem":{"@type":"ListItem","@id":"https:\/\/eldigitaldeasturias.com\/magazine365#listItem","name":"Home"}},{"@type":"ListItem","@id":"https:\/\/eldigitaldeasturias.com\/magazine365\/el-ayuntamiento-de-cordoba-inicia-la-contratacion-del-espectaculo-nocturno-del-alcazar\/#listItem","position":3,"name":"El Ayuntamiento de C\u00f3rdoba inicia la contrataci\u00f3n del espect\u00e1culo nocturno del Alc\u00e1zar","previousItem":{"@type":"ListItem","@id":"https:\/\/eldigitaldeasturias.com\/magazine365\/category\/noticias-actualidad\/#listItem","name":"Noticias y Actualidad"}}]},{"@type":"Organization","@id":"https:\/\/eldigitaldeasturias.com\/magazine365\/#organization","name":"El digital de Asturias","description":"Revista de ocio, turismo y estilo de vida","url":"https:\/\/eldigitaldeasturias.com\/magazine365\/","logo":{"@type":"ImageObject","url":"https:\/\/www.eldigitaldeasturias.com\/noticias\/wp-content\/uploads\/2020\/12\/EDA.jpg","@id":"https:\/\/eldigitaldeasturias.com\/magazine365\/el-ayuntamiento-de-cordoba-inicia-la-contratacion-del-espectaculo-nocturno-del-alcazar\/#organizationLogo"},"image":{"@id":"https:\/\/eldigitaldeasturias.com\/magazine365\/el-ayuntamiento-de-cordoba-inicia-la-contratacion-del-espectaculo-nocturno-del-alcazar\/#organizationLogo"}},{"@type":"Person","@id":"https:\/\/eldigitaldeasturias.com\/magazine365\/author\/admin\/#author","url":"https:\/\/eldigitaldeasturias.com\/magazine365\/author\/admin\/","name":"admin","image":{"@type":"ImageObject","@id":"https:\/\/eldigitaldeasturias.com\/magazine365\/el-ayuntamiento-de-cordoba-inicia-la-contratacion-del-espectaculo-nocturno-del-alcazar\/#authorImage","url":"https:\/\/eldigitaldeasturias.com\/magazine365\/wp-content\/litespeed\/avatar\/e571bcf59a0edd6fa6838245a470f2fe.jpg?ver=1777574230","width":96,"height":96,"caption":"admin"}},{"@type":"WebPage","@id":"https:\/\/eldigitaldeasturias.com\/magazine365\/el-ayuntamiento-de-cordoba-inicia-la-contratacion-del-espectaculo-nocturno-del-alcazar\/#webpage","url":"https:\/\/eldigitaldeasturias.com\/magazine365\/el-ayuntamiento-de-cordoba-inicia-la-contratacion-del-espectaculo-nocturno-del-alcazar\/","name":"El Ayuntamiento de C\u00f3rdoba inicia la contrataci\u00f3n del espect\u00e1culo nocturno del Alc\u00e1zar | El Digital de Asturias","description":"Los tenientes de alcalde del Ayuntamiento de C\u00f3rdoba Emilio Aumente (PSOE) y Alba Doblas (IU) han informado este viernes de los asuntos tratados en la Junta de Gobierno Local, entre los que se ha aprobado el expediente de contrataci\u00f3n del servicio de dise\u00f1o, producci\u00f3n, realizaci\u00f3n, proyecci\u00f3n y asistencia t\u00e9cnica del espect\u00e1culo nocturno en el Alc\u00e1zar","inLanguage":"es-ES","isPartOf":{"@id":"https:\/\/eldigitaldeasturias.com\/magazine365\/#website"},"breadcrumb":{"@id":"https:\/\/eldigitaldeasturias.com\/magazine365\/el-ayuntamiento-de-cordoba-inicia-la-contratacion-del-espectaculo-nocturno-del-alcazar\/#breadcrumblist"},"author":{"@id":"https:\/\/eldigitaldeasturias.com\/magazine365\/author\/admin\/#author"},"creator":{"@id":"https:\/\/eldigitaldeasturias.com\/magazine365\/author\/admin\/#author"},"image":{"@type":"ImageObject","url":"https:\/\/eldigitaldeasturias.com\/magazine365\/wp-content\/uploads\/2016\/05\/fotonoticia_20160520160934_800.jpg","@id":"https:\/\/eldigitaldeasturias.com\/magazine365\/el-ayuntamiento-de-cordoba-inicia-la-contratacion-del-espectaculo-nocturno-del-alcazar\/#mainImage","width":800,"height":600},"primaryImageOfPage":{"@id":"https:\/\/eldigitaldeasturias.com\/magazine365\/el-ayuntamiento-de-cordoba-inicia-la-contratacion-del-espectaculo-nocturno-del-alcazar\/#mainImage"},"datePublished":"2016-05-21T08:04:25+02:00","dateModified":"2016-05-21T08:04:25+02:00"},{"@type":"WebSite","@id":"https:\/\/eldigitaldeasturias.com\/magazine365\/#website","url":"https:\/\/eldigitaldeasturias.com\/magazine365\/","name":"El Digital de Asturias","description":"Revista de ocio, turismo y estilo de vida","inLanguage":"es-ES","publisher":{"@id":"https:\/\/eldigitaldeasturias.com\/magazine365\/#organization"}}]},"og:locale":"es_ES","og:site_name":"El Digital de Asturias \u2013 Revista de ocio, turismo y estilo de vida","og:type":"article","og:title":"El Ayuntamiento de C\u00f3rdoba inicia la contrataci\u00f3n del espect\u00e1culo nocturno del Alc\u00e1zar | El Digital de Asturias","og:description":"Los tenientes de alcalde del Ayuntamiento de C\u00f3rdoba Emilio Aumente (PSOE) y Alba Doblas (IU) han informado este viernes de los asuntos tratados en la Junta de Gobierno Local, entre los que se ha aprobado el expediente de contrataci\u00f3n del servicio de dise\u00f1o, producci\u00f3n, realizaci\u00f3n, proyecci\u00f3n y asistencia t\u00e9cnica del espect\u00e1culo nocturno en el Alc\u00e1zar","og:url":"https:\/\/eldigitaldeasturias.com\/magazine365\/el-ayuntamiento-de-cordoba-inicia-la-contratacion-del-espectaculo-nocturno-del-alcazar\/","og:image":"https:\/\/eldigitaldeasturias.com\/magazine365\/wp-content\/uploads\/2016\/05\/fotonoticia_20160520160934_800.jpg","og:image:secure_url":"https:\/\/eldigitaldeasturias.com\/magazine365\/wp-content\/uploads\/2016\/05\/fotonoticia_20160520160934_800.jpg","og:image:width":800,"og:image:height":600,"article:published_time":"2016-05-21T06:04:25+00:00","article:modified_time":"2016-05-21T06:04:25+00:00","twitter:card":"summary_large_image","twitter:title":"El Ayuntamiento de C\u00f3rdoba inicia la contrataci\u00f3n del espect\u00e1culo nocturno del Alc\u00e1zar | El Digital de Asturias","twitter:description":"Los tenientes de alcalde del Ayuntamiento de C\u00f3rdoba Emilio Aumente (PSOE) y Alba Doblas (IU) han informado este viernes de los asuntos tratados en la Junta de Gobierno Local, entre los que se ha aprobado el expediente de contrataci\u00f3n del servicio de dise\u00f1o, producci\u00f3n, realizaci\u00f3n, proyecci\u00f3n y asistencia t\u00e9cnica del espect\u00e1culo nocturno en el Alc\u00e1zar","twitter:image":"https:\/\/eldigitaldeasturias.com\/magazine365\/wp-content\/uploads\/2016\/05\/fotonoticia_20160520160934_800.jpg"},"aioseo_meta_data":{"post_id":"76658","title":null,"description":null,"keywords":null,"keyphrases":null,"primary_term":null,"canonical_url":null,"og_title":null,"og_description":null,"og_object_type":"default","og_image_type":"default","og_image_url":null,"og_image_width":null,"og_image_height":null,"og_image_custom_url":null,"og_image_custom_fields":null,"og_video":null,"og_custom_url":null,"og_article_section":null,"og_article_tags":null,"twitter_use_og":false,"twitter_card":"default","twitter_image_type":"default","twitter_image_url":null,"twitter_image_custom_url":null,"twitter_image_custom_fields":null,"twitter_title":null,"twitter_description":null,"schema":{"blockGraphs":[],"customGraphs":[],"default":{"data":{"Article":[],"Course":[],"Dataset":[],"FAQPage":[],"Movie":[],"Person":[],"Product":[],"ProductReview":[],"Car":[],"Recipe":[],"Service":[],"SoftwareApplication":[],"WebPage":[]},"graphName":"","isEnabled":true},"graphs":[],"defaultGraph":"","defaultPostTypeGraph":""},"schema_type":null,"schema_type_options":null,"pillar_content":false,"robots_default":true,"robots_noindex":false,"robots_noarchive":false,"robots_nosnippet":false,"robots_nofollow":false,"robots_noimageindex":false,"robots_noodp":false,"robots_notranslate":false,"robots_max_snippet":null,"robots_max_videopreview":null,"robots_max_imagepreview":"large","priority":null,"frequency":null,"location":null,"local_seo":null,"seo_analyzer_scan_date":"2025-09-27 13:11:24","breadcrumb_settings":null,"limit_modified_date":false,"open_ai":null,"ai":null,"created":"2021-03-08 18:26:09","updated":"2025-09-27 13:11:24"},"aioseo_breadcrumb":"<div class=\"aioseo-breadcrumbs\"><span class=\"aioseo-breadcrumb\">\n\t<a href=\"https:\/\/eldigitaldeasturias.com\/magazine365\" title=\"Home\">Home<\/a>\n<\/span><span class=\"aioseo-breadcrumb-separator\">\u2013<\/span><span class=\"aioseo-breadcrumb\">\n\t<a href=\"https:\/\/eldigitaldeasturias.com\/magazine365\/category\/noticias-actualidad\/\" title=\"Noticias y Actualidad\">Noticias y Actualidad<\/a>\n<\/span><span class=\"aioseo-breadcrumb-separator\">\u2013<\/span><span class=\"aioseo-breadcrumb\">\n\t<a href=\"https:\/\/eldigitaldeasturias.com\/magazine365\/el-ayuntamiento-de-cordoba-inicia-la-contratacion-del-espectaculo-nocturno-del-alcazar\/\" title=\"El Ayuntamiento de C\u00f3rdoba inicia la contrataci\u00f3n del espect\u00e1culo nocturno del Alc\u00e1zar\">El Ayuntamiento de C\u00f3rdoba inicia la contrataci\u00f3n del espect\u00e1culo nocturno del Alc\u00e1zar<\/a>\n<\/span><\/div>","aioseo_breadcrumb_json":[{"label":"Home","link":"https:\/\/eldigitaldeasturias.com\/magazine365"},{"label":"Noticias y Actualidad","link":"https:\/\/eldigitaldeasturias.com\/magazine365\/category\/noticias-actualidad\/"},{"label":"El Ayuntamiento de C\u00f3rdoba inicia la contrataci\u00f3n del espect\u00e1culo nocturno del Alc\u00e1zar","link":"https:\/\/eldigitaldeasturias.com\/magazine365\/el-ayuntamiento-de-cordoba-inicia-la-contratacion-del-espectaculo-nocturno-del-alcazar\/"}],"_links":{"self":[{"href":"https:\/\/eldigitaldeasturias.com\/magazine365\/wp-json\/wp\/v2\/posts\/76658","targetHints":{"allow":["GET"]}}],"collection":[{"href":"https:\/\/eldigitaldeasturias.com\/magazine365\/wp-json\/wp\/v2\/posts"}],"about":[{"href":"https:\/\/eldigitaldeasturias.com\/magazine365\/wp-json\/wp\/v2\/types\/post"}],"author":[{"embeddable":true,"href":"https:\/\/eldigitaldeasturias.com\/magazine365\/wp-json\/wp\/v2\/users\/1"}],"replies":[{"embeddable":true,"href":"https:\/\/eldigitaldeasturias.com\/magazine365\/wp-json\/wp\/v2\/comments?post=76658"}],"version-history":[{"count":0,"href":"https:\/\/eldigitaldeasturias.com\/magazine365\/wp-json\/wp\/v2\/posts\/76658\/revisions"}],"wp:featuredmedia":[{"embeddable":true,"href":"https:\/\/eldigitaldeasturias.com\/magazine365\/wp-json\/wp\/v2\/media\/76659"}],"wp:attachment":[{"href":"https:\/\/eldigitaldeasturias.com\/magazine365\/wp-json\/wp\/v2\/media?parent=76658"}],"wp:term":[{"taxonomy":"category","embeddable":true,"href":"https:\/\/eldigitaldeasturias.com\/magazine365\/wp-json\/wp\/v2\/categories?post=76658"},{"taxonomy":"post_tag","embeddable":true,"href":"https:\/\/eldigitaldeasturias.com\/magazine365\/wp-json\/wp\/v2\/tags?post=76658"}],"curies":[{"name":"wp","href":"https:\/\/api.w.org\/{rel}","templated":true}]}}