{"id":76652,"date":"2016-05-21T08:02:15","date_gmt":"2016-05-21T06:02:15","guid":{"rendered":"http:\/\/eldigitaldeasturias.com\/magazine365\/?p=76652"},"modified":"2016-05-21T08:02:15","modified_gmt":"2016-05-21T06:02:15","slug":"productos-con-el-sello-galicia-calidade-protagonizan-la-gastronomia-del-festival-de-cans","status":"publish","type":"post","link":"https:\/\/eldigitaldeasturias.com\/magazine365\/productos-con-el-sello-galicia-calidade-protagonizan-la-gastronomia-del-festival-de-cans\/","title":{"rendered":"Productos con el sello Galicia Calidade protagonizan la gastronom\u00eda del Festival de Cans"},"content":{"rendered":"<p><img fetchpriority=\"high\" decoding=\"async\" class=\"alignleft size-medium wp-image-76653\" src=\"https:\/\/eldigitaldeasturias.com\/magazine365\/wp-content\/uploads\/2016\/05\/fotonoticia_20160520154434_800-360x240.jpg\" alt=\"fotonoticia_20160520154434_800\" width=\"360\" height=\"240\" srcset=\"https:\/\/eldigitaldeasturias.com\/magazine365\/wp-content\/uploads\/2016\/05\/fotonoticia_20160520154434_800-360x240.jpg 360w, https:\/\/eldigitaldeasturias.com\/magazine365\/wp-content\/uploads\/2016\/05\/fotonoticia_20160520154434_800-650x433.jpg 650w, https:\/\/eldigitaldeasturias.com\/magazine365\/wp-content\/uploads\/2016\/05\/fotonoticia_20160520154434_800-768x512.jpg 768w, https:\/\/eldigitaldeasturias.com\/magazine365\/wp-content\/uploads\/2016\/05\/fotonoticia_20160520154434_800-150x100.jpg 150w, https:\/\/eldigitaldeasturias.com\/magazine365\/wp-content\/uploads\/2016\/05\/fotonoticia_20160520154434_800-450x300.jpg 450w, https:\/\/eldigitaldeasturias.com\/magazine365\/wp-content\/uploads\/2016\/05\/fotonoticia_20160520154434_800-101x66.jpg 101w, https:\/\/eldigitaldeasturias.com\/magazine365\/wp-content\/uploads\/2016\/05\/fotonoticia_20160520154434_800.jpg 800w\" sizes=\"(max-width: 360px) 100vw, 360px\" \/>Galicia Calidade vuelve a formar parte del elenco de la \u00faltima edici\u00f3n del Festival de Cans, que se celebra entre este mi\u00e9rcoles y s\u00e1bado en O Porri\u00f1o (Pontevedra), y donde los productos certificados con este sello ser\u00e1n los protagonistas de la gastronom\u00eda.<\/p>\n<p>A trav\u00e9s de diversas actividades, Galicia Calidade proyectar\u00e1 entre el p\u00fablico asistente a los actos del s\u00e1bado, d\u00eda 21, \u00abla importancia de contar con productos certificados en la gastronom\u00eda\u00bb.<\/p>\n<p>De esta manera, se abrir\u00e1 una nueva secci\u00f3n gastron\u00f3mica por la que a las 11,30 horas en la &#8216;Leira de Alicia&#8217; habr\u00e1 a cargo del barista \u00d3scar del Toro una degustaci\u00f3n de caf\u00e9 elaborado con productos con este sello de garant\u00eda.<\/p>\n<p>Adem\u00e1s, Galicia Calidade tambi\u00e9n ofrecer\u00e1 la comida y la cena oficial que el festival brindar\u00e1 a los invitados, con men\u00fas elaborados a partir de productos de las empresas que cuentan con la certificaci\u00f3n.<\/p>\n<p>El Festival de Cans celebra estos d\u00edas su XIII edici\u00f3n, con una propuesta en la que fusionar\u00e1 disciplinas como el audiovisual, la m\u00fasica, la danza y la gastronom\u00eda en unos d\u00edas en los que saldr\u00e1n a concurso 18 cortometrajes y otros tantos videoclips, y habr\u00e1 m\u00e1s de 20 conciertos.<\/p>\n","protected":false},"excerpt":{"rendered":"<p>Galicia Calidade vuelve a formar parte del elenco de la \u00faltima edici\u00f3n del Festival de Cans, que se celebra entre este mi\u00e9rcoles y s\u00e1bado en O Porri\u00f1o (Pontevedra), y donde los productos certificados con este sello ser\u00e1n los protagonistas de la gastronom\u00eda. A trav\u00e9s de diversas actividades, Galicia Calidade proyectar\u00e1 entre el p\u00fablico asistente a<\/p>\n","protected":false},"author":1,"featured_media":76653,"comment_status":"open","ping_status":"closed","sticky":false,"template":"","format":"standard","meta":{"footnotes":""},"categories":[224],"tags":[],"class_list":{"0":"post-76652","1":"post","2":"type-post","3":"status-publish","4":"format-standard","5":"has-post-thumbnail","7":"category-noticias-actualidad"},"aioseo_notices":[],"aioseo_head":"\n\t\t<!-- All in One SEO Pro 4.9.6.1 - aioseo.com -->\n\t<meta name=\"description\" content=\"Galicia Calidade vuelve a formar parte del elenco de la \u00faltima edici\u00f3n del Festival de Cans, que se celebra entre este mi\u00e9rcoles y s\u00e1bado en O Porri\u00f1o (Pontevedra), y donde los productos certificados con este sello ser\u00e1n los protagonistas de la gastronom\u00eda. A trav\u00e9s de diversas actividades, Galicia Calidade proyectar\u00e1 entre el p\u00fablico asistente a\" \/>\n\t<meta name=\"robots\" content=\"max-image-preview:large\" \/>\n\t<meta name=\"author\" content=\"admin\"\/>\n\t<meta name=\"google-site-verification\" content=\"UA-38556648-1\" \/>\n\t<meta name=\"keywords\" content=\"noticias y actualidad\" \/>\n\t<link rel=\"canonical\" href=\"https:\/\/eldigitaldeasturias.com\/magazine365\/productos-con-el-sello-galicia-calidade-protagonizan-la-gastronomia-del-festival-de-cans\/\" \/>\n\t<meta name=\"generator\" content=\"All in One SEO Pro (AIOSEO) 4.9.6.1\" \/>\n\t\t<meta property=\"og:locale\" content=\"es_ES\" \/>\n\t\t<meta property=\"og:site_name\" content=\"El Digital de Asturias \u2013 Revista de ocio, turismo y estilo de vida\" \/>\n\t\t<meta property=\"og:type\" content=\"article\" \/>\n\t\t<meta property=\"og:title\" content=\"Productos con el sello Galicia Calidade protagonizan la gastronom\u00eda del Festival de Cans | El Digital de Asturias\" \/>\n\t\t<meta property=\"og:description\" content=\"Galicia Calidade vuelve a formar parte del elenco de la \u00faltima edici\u00f3n del Festival de Cans, que se celebra entre este mi\u00e9rcoles y s\u00e1bado en O Porri\u00f1o (Pontevedra), y donde los productos certificados con este sello ser\u00e1n los protagonistas de la gastronom\u00eda. A trav\u00e9s de diversas actividades, Galicia Calidade proyectar\u00e1 entre el p\u00fablico asistente a\" \/>\n\t\t<meta property=\"og:url\" content=\"https:\/\/eldigitaldeasturias.com\/magazine365\/productos-con-el-sello-galicia-calidade-protagonizan-la-gastronomia-del-festival-de-cans\/\" \/>\n\t\t<meta property=\"og:image\" content=\"https:\/\/eldigitaldeasturias.com\/magazine365\/wp-content\/uploads\/2016\/05\/fotonoticia_20160520154434_800.jpg\" \/>\n\t\t<meta property=\"og:image:secure_url\" content=\"https:\/\/eldigitaldeasturias.com\/magazine365\/wp-content\/uploads\/2016\/05\/fotonoticia_20160520154434_800.jpg\" \/>\n\t\t<meta property=\"og:image:width\" content=\"800\" \/>\n\t\t<meta property=\"og:image:height\" content=\"533\" \/>\n\t\t<meta property=\"article:published_time\" content=\"2016-05-21T06:02:15+00:00\" \/>\n\t\t<meta property=\"article:modified_time\" content=\"2016-05-21T06:02:15+00:00\" \/>\n\t\t<meta name=\"twitter:card\" content=\"summary_large_image\" \/>\n\t\t<meta name=\"twitter:title\" content=\"Productos con el sello Galicia Calidade protagonizan la gastronom\u00eda del Festival de Cans | El Digital de Asturias\" \/>\n\t\t<meta name=\"twitter:description\" content=\"Galicia Calidade vuelve a formar parte del elenco de la \u00faltima edici\u00f3n del Festival de Cans, que se celebra entre este mi\u00e9rcoles y s\u00e1bado en O Porri\u00f1o (Pontevedra), y donde los productos certificados con este sello ser\u00e1n los protagonistas de la gastronom\u00eda. A trav\u00e9s de diversas actividades, Galicia Calidade proyectar\u00e1 entre el p\u00fablico asistente a\" \/>\n\t\t<meta name=\"twitter:image\" content=\"https:\/\/eldigitaldeasturias.com\/magazine365\/wp-content\/uploads\/2016\/05\/fotonoticia_20160520154434_800.jpg\" \/>\n\t\t<script type=\"application\/ld+json\" class=\"aioseo-schema\">\n\t\t\t{\"@context\":\"https:\\\/\\\/schema.org\",\"@graph\":[{\"@type\":\"Article\",\"@id\":\"https:\\\/\\\/eldigitaldeasturias.com\\\/magazine365\\\/productos-con-el-sello-galicia-calidade-protagonizan-la-gastronomia-del-festival-de-cans\\\/#article\",\"name\":\"Productos con el sello Galicia Calidade protagonizan la gastronom\\u00eda del Festival de Cans | El Digital de Asturias\",\"headline\":\"Productos con el sello Galicia Calidade protagonizan la gastronom\\u00eda del Festival de Cans\",\"author\":{\"@id\":\"https:\\\/\\\/eldigitaldeasturias.com\\\/magazine365\\\/author\\\/admin\\\/#author\"},\"publisher\":{\"@id\":\"https:\\\/\\\/eldigitaldeasturias.com\\\/magazine365\\\/#organization\"},\"image\":{\"@type\":\"ImageObject\",\"url\":\"https:\\\/\\\/eldigitaldeasturias.com\\\/magazine365\\\/wp-content\\\/uploads\\\/2016\\\/05\\\/fotonoticia_20160520154434_800.jpg\",\"width\":800,\"height\":533},\"datePublished\":\"2016-05-21T08:02:15+02:00\",\"dateModified\":\"2016-05-21T08:02:15+02:00\",\"inLanguage\":\"es-ES\",\"mainEntityOfPage\":{\"@id\":\"https:\\\/\\\/eldigitaldeasturias.com\\\/magazine365\\\/productos-con-el-sello-galicia-calidade-protagonizan-la-gastronomia-del-festival-de-cans\\\/#webpage\"},\"isPartOf\":{\"@id\":\"https:\\\/\\\/eldigitaldeasturias.com\\\/magazine365\\\/productos-con-el-sello-galicia-calidade-protagonizan-la-gastronomia-del-festival-de-cans\\\/#webpage\"},\"articleSection\":\"Noticias y Actualidad\"},{\"@type\":\"BreadcrumbList\",\"@id\":\"https:\\\/\\\/eldigitaldeasturias.com\\\/magazine365\\\/productos-con-el-sello-galicia-calidade-protagonizan-la-gastronomia-del-festival-de-cans\\\/#breadcrumblist\",\"itemListElement\":[{\"@type\":\"ListItem\",\"@id\":\"https:\\\/\\\/eldigitaldeasturias.com\\\/magazine365#listItem\",\"position\":1,\"name\":\"Home\",\"item\":\"https:\\\/\\\/eldigitaldeasturias.com\\\/magazine365\",\"nextItem\":{\"@type\":\"ListItem\",\"@id\":\"https:\\\/\\\/eldigitaldeasturias.com\\\/magazine365\\\/category\\\/noticias-actualidad\\\/#listItem\",\"name\":\"Noticias y Actualidad\"}},{\"@type\":\"ListItem\",\"@id\":\"https:\\\/\\\/eldigitaldeasturias.com\\\/magazine365\\\/category\\\/noticias-actualidad\\\/#listItem\",\"position\":2,\"name\":\"Noticias y Actualidad\",\"item\":\"https:\\\/\\\/eldigitaldeasturias.com\\\/magazine365\\\/category\\\/noticias-actualidad\\\/\",\"nextItem\":{\"@type\":\"ListItem\",\"@id\":\"https:\\\/\\\/eldigitaldeasturias.com\\\/magazine365\\\/productos-con-el-sello-galicia-calidade-protagonizan-la-gastronomia-del-festival-de-cans\\\/#listItem\",\"name\":\"Productos con el sello Galicia Calidade protagonizan la gastronom\\u00eda del Festival de Cans\"},\"previousItem\":{\"@type\":\"ListItem\",\"@id\":\"https:\\\/\\\/eldigitaldeasturias.com\\\/magazine365#listItem\",\"name\":\"Home\"}},{\"@type\":\"ListItem\",\"@id\":\"https:\\\/\\\/eldigitaldeasturias.com\\\/magazine365\\\/productos-con-el-sello-galicia-calidade-protagonizan-la-gastronomia-del-festival-de-cans\\\/#listItem\",\"position\":3,\"name\":\"Productos con el sello Galicia Calidade protagonizan la gastronom\\u00eda del Festival de Cans\",\"previousItem\":{\"@type\":\"ListItem\",\"@id\":\"https:\\\/\\\/eldigitaldeasturias.com\\\/magazine365\\\/category\\\/noticias-actualidad\\\/#listItem\",\"name\":\"Noticias y Actualidad\"}}]},{\"@type\":\"Organization\",\"@id\":\"https:\\\/\\\/eldigitaldeasturias.com\\\/magazine365\\\/#organization\",\"name\":\"El digital de Asturias\",\"description\":\"Revista de ocio, turismo y estilo de vida\",\"url\":\"https:\\\/\\\/eldigitaldeasturias.com\\\/magazine365\\\/\",\"logo\":{\"@type\":\"ImageObject\",\"url\":\"https:\\\/\\\/www.eldigitaldeasturias.com\\\/noticias\\\/wp-content\\\/uploads\\\/2020\\\/12\\\/EDA.jpg\",\"@id\":\"https:\\\/\\\/eldigitaldeasturias.com\\\/magazine365\\\/productos-con-el-sello-galicia-calidade-protagonizan-la-gastronomia-del-festival-de-cans\\\/#organizationLogo\"},\"image\":{\"@id\":\"https:\\\/\\\/eldigitaldeasturias.com\\\/magazine365\\\/productos-con-el-sello-galicia-calidade-protagonizan-la-gastronomia-del-festival-de-cans\\\/#organizationLogo\"}},{\"@type\":\"Person\",\"@id\":\"https:\\\/\\\/eldigitaldeasturias.com\\\/magazine365\\\/author\\\/admin\\\/#author\",\"url\":\"https:\\\/\\\/eldigitaldeasturias.com\\\/magazine365\\\/author\\\/admin\\\/\",\"name\":\"admin\",\"image\":{\"@type\":\"ImageObject\",\"@id\":\"https:\\\/\\\/eldigitaldeasturias.com\\\/magazine365\\\/productos-con-el-sello-galicia-calidade-protagonizan-la-gastronomia-del-festival-de-cans\\\/#authorImage\",\"url\":\"https:\\\/\\\/eldigitaldeasturias.com\\\/magazine365\\\/wp-content\\\/litespeed\\\/avatar\\\/e571bcf59a0edd6fa6838245a470f2fe.jpg?ver=1777574230\",\"width\":96,\"height\":96,\"caption\":\"admin\"}},{\"@type\":\"WebPage\",\"@id\":\"https:\\\/\\\/eldigitaldeasturias.com\\\/magazine365\\\/productos-con-el-sello-galicia-calidade-protagonizan-la-gastronomia-del-festival-de-cans\\\/#webpage\",\"url\":\"https:\\\/\\\/eldigitaldeasturias.com\\\/magazine365\\\/productos-con-el-sello-galicia-calidade-protagonizan-la-gastronomia-del-festival-de-cans\\\/\",\"name\":\"Productos con el sello Galicia Calidade protagonizan la gastronom\\u00eda del Festival de Cans | El Digital de Asturias\",\"description\":\"Galicia Calidade vuelve a formar parte del elenco de la \\u00faltima edici\\u00f3n del Festival de Cans, que se celebra entre este mi\\u00e9rcoles y s\\u00e1bado en O Porri\\u00f1o (Pontevedra), y donde los productos certificados con este sello ser\\u00e1n los protagonistas de la gastronom\\u00eda. A trav\\u00e9s de diversas actividades, Galicia Calidade proyectar\\u00e1 entre el p\\u00fablico asistente a\",\"inLanguage\":\"es-ES\",\"isPartOf\":{\"@id\":\"https:\\\/\\\/eldigitaldeasturias.com\\\/magazine365\\\/#website\"},\"breadcrumb\":{\"@id\":\"https:\\\/\\\/eldigitaldeasturias.com\\\/magazine365\\\/productos-con-el-sello-galicia-calidade-protagonizan-la-gastronomia-del-festival-de-cans\\\/#breadcrumblist\"},\"author\":{\"@id\":\"https:\\\/\\\/eldigitaldeasturias.com\\\/magazine365\\\/author\\\/admin\\\/#author\"},\"creator\":{\"@id\":\"https:\\\/\\\/eldigitaldeasturias.com\\\/magazine365\\\/author\\\/admin\\\/#author\"},\"image\":{\"@type\":\"ImageObject\",\"url\":\"https:\\\/\\\/eldigitaldeasturias.com\\\/magazine365\\\/wp-content\\\/uploads\\\/2016\\\/05\\\/fotonoticia_20160520154434_800.jpg\",\"@id\":\"https:\\\/\\\/eldigitaldeasturias.com\\\/magazine365\\\/productos-con-el-sello-galicia-calidade-protagonizan-la-gastronomia-del-festival-de-cans\\\/#mainImage\",\"width\":800,\"height\":533},\"primaryImageOfPage\":{\"@id\":\"https:\\\/\\\/eldigitaldeasturias.com\\\/magazine365\\\/productos-con-el-sello-galicia-calidade-protagonizan-la-gastronomia-del-festival-de-cans\\\/#mainImage\"},\"datePublished\":\"2016-05-21T08:02:15+02:00\",\"dateModified\":\"2016-05-21T08:02:15+02:00\"},{\"@type\":\"WebSite\",\"@id\":\"https:\\\/\\\/eldigitaldeasturias.com\\\/magazine365\\\/#website\",\"url\":\"https:\\\/\\\/eldigitaldeasturias.com\\\/magazine365\\\/\",\"name\":\"El Digital de Asturias\",\"description\":\"Revista de ocio, turismo y estilo de vida\",\"inLanguage\":\"es-ES\",\"publisher\":{\"@id\":\"https:\\\/\\\/eldigitaldeasturias.com\\\/magazine365\\\/#organization\"}}]}\n\t\t<\/script>\n\t\t<!-- All in One SEO Pro -->\r\n\t\t<title>Productos con el sello Galicia Calidade protagonizan la gastronom\u00eda del Festival de Cans | El Digital de Asturias<\/title>\n\n","aioseo_head_json":{"title":"Productos con el sello Galicia Calidade protagonizan la gastronom\u00eda del Festival de Cans | El Digital de Asturias","description":"Galicia Calidade vuelve a formar parte del elenco de la \u00faltima edici\u00f3n del Festival de Cans, que se celebra entre este mi\u00e9rcoles y s\u00e1bado en O Porri\u00f1o (Pontevedra), y donde los productos certificados con este sello ser\u00e1n los protagonistas de la gastronom\u00eda. A trav\u00e9s de diversas actividades, Galicia Calidade proyectar\u00e1 entre el p\u00fablico asistente a","canonical_url":"https:\/\/eldigitaldeasturias.com\/magazine365\/productos-con-el-sello-galicia-calidade-protagonizan-la-gastronomia-del-festival-de-cans\/","robots":"max-image-preview:large","keywords":"noticias y actualidad","webmasterTools":{"google-site-verification":"UA-38556648-1","miscellaneous":""},"schema":{"@context":"https:\/\/schema.org","@graph":[{"@type":"Article","@id":"https:\/\/eldigitaldeasturias.com\/magazine365\/productos-con-el-sello-galicia-calidade-protagonizan-la-gastronomia-del-festival-de-cans\/#article","name":"Productos con el sello Galicia Calidade protagonizan la gastronom\u00eda del Festival de Cans | El Digital de Asturias","headline":"Productos con el sello Galicia Calidade protagonizan la gastronom\u00eda del Festival de Cans","author":{"@id":"https:\/\/eldigitaldeasturias.com\/magazine365\/author\/admin\/#author"},"publisher":{"@id":"https:\/\/eldigitaldeasturias.com\/magazine365\/#organization"},"image":{"@type":"ImageObject","url":"https:\/\/eldigitaldeasturias.com\/magazine365\/wp-content\/uploads\/2016\/05\/fotonoticia_20160520154434_800.jpg","width":800,"height":533},"datePublished":"2016-05-21T08:02:15+02:00","dateModified":"2016-05-21T08:02:15+02:00","inLanguage":"es-ES","mainEntityOfPage":{"@id":"https:\/\/eldigitaldeasturias.com\/magazine365\/productos-con-el-sello-galicia-calidade-protagonizan-la-gastronomia-del-festival-de-cans\/#webpage"},"isPartOf":{"@id":"https:\/\/eldigitaldeasturias.com\/magazine365\/productos-con-el-sello-galicia-calidade-protagonizan-la-gastronomia-del-festival-de-cans\/#webpage"},"articleSection":"Noticias y Actualidad"},{"@type":"BreadcrumbList","@id":"https:\/\/eldigitaldeasturias.com\/magazine365\/productos-con-el-sello-galicia-calidade-protagonizan-la-gastronomia-del-festival-de-cans\/#breadcrumblist","itemListElement":[{"@type":"ListItem","@id":"https:\/\/eldigitaldeasturias.com\/magazine365#listItem","position":1,"name":"Home","item":"https:\/\/eldigitaldeasturias.com\/magazine365","nextItem":{"@type":"ListItem","@id":"https:\/\/eldigitaldeasturias.com\/magazine365\/category\/noticias-actualidad\/#listItem","name":"Noticias y Actualidad"}},{"@type":"ListItem","@id":"https:\/\/eldigitaldeasturias.com\/magazine365\/category\/noticias-actualidad\/#listItem","position":2,"name":"Noticias y Actualidad","item":"https:\/\/eldigitaldeasturias.com\/magazine365\/category\/noticias-actualidad\/","nextItem":{"@type":"ListItem","@id":"https:\/\/eldigitaldeasturias.com\/magazine365\/productos-con-el-sello-galicia-calidade-protagonizan-la-gastronomia-del-festival-de-cans\/#listItem","name":"Productos con el sello Galicia Calidade protagonizan la gastronom\u00eda del Festival de Cans"},"previousItem":{"@type":"ListItem","@id":"https:\/\/eldigitaldeasturias.com\/magazine365#listItem","name":"Home"}},{"@type":"ListItem","@id":"https:\/\/eldigitaldeasturias.com\/magazine365\/productos-con-el-sello-galicia-calidade-protagonizan-la-gastronomia-del-festival-de-cans\/#listItem","position":3,"name":"Productos con el sello Galicia Calidade protagonizan la gastronom\u00eda del Festival de Cans","previousItem":{"@type":"ListItem","@id":"https:\/\/eldigitaldeasturias.com\/magazine365\/category\/noticias-actualidad\/#listItem","name":"Noticias y Actualidad"}}]},{"@type":"Organization","@id":"https:\/\/eldigitaldeasturias.com\/magazine365\/#organization","name":"El digital de Asturias","description":"Revista de ocio, turismo y estilo de vida","url":"https:\/\/eldigitaldeasturias.com\/magazine365\/","logo":{"@type":"ImageObject","url":"https:\/\/www.eldigitaldeasturias.com\/noticias\/wp-content\/uploads\/2020\/12\/EDA.jpg","@id":"https:\/\/eldigitaldeasturias.com\/magazine365\/productos-con-el-sello-galicia-calidade-protagonizan-la-gastronomia-del-festival-de-cans\/#organizationLogo"},"image":{"@id":"https:\/\/eldigitaldeasturias.com\/magazine365\/productos-con-el-sello-galicia-calidade-protagonizan-la-gastronomia-del-festival-de-cans\/#organizationLogo"}},{"@type":"Person","@id":"https:\/\/eldigitaldeasturias.com\/magazine365\/author\/admin\/#author","url":"https:\/\/eldigitaldeasturias.com\/magazine365\/author\/admin\/","name":"admin","image":{"@type":"ImageObject","@id":"https:\/\/eldigitaldeasturias.com\/magazine365\/productos-con-el-sello-galicia-calidade-protagonizan-la-gastronomia-del-festival-de-cans\/#authorImage","url":"https:\/\/eldigitaldeasturias.com\/magazine365\/wp-content\/litespeed\/avatar\/e571bcf59a0edd6fa6838245a470f2fe.jpg?ver=1777574230","width":96,"height":96,"caption":"admin"}},{"@type":"WebPage","@id":"https:\/\/eldigitaldeasturias.com\/magazine365\/productos-con-el-sello-galicia-calidade-protagonizan-la-gastronomia-del-festival-de-cans\/#webpage","url":"https:\/\/eldigitaldeasturias.com\/magazine365\/productos-con-el-sello-galicia-calidade-protagonizan-la-gastronomia-del-festival-de-cans\/","name":"Productos con el sello Galicia Calidade protagonizan la gastronom\u00eda del Festival de Cans | El Digital de Asturias","description":"Galicia Calidade vuelve a formar parte del elenco de la \u00faltima edici\u00f3n del Festival de Cans, que se celebra entre este mi\u00e9rcoles y s\u00e1bado en O Porri\u00f1o (Pontevedra), y donde los productos certificados con este sello ser\u00e1n los protagonistas de la gastronom\u00eda. A trav\u00e9s de diversas actividades, Galicia Calidade proyectar\u00e1 entre el p\u00fablico asistente a","inLanguage":"es-ES","isPartOf":{"@id":"https:\/\/eldigitaldeasturias.com\/magazine365\/#website"},"breadcrumb":{"@id":"https:\/\/eldigitaldeasturias.com\/magazine365\/productos-con-el-sello-galicia-calidade-protagonizan-la-gastronomia-del-festival-de-cans\/#breadcrumblist"},"author":{"@id":"https:\/\/eldigitaldeasturias.com\/magazine365\/author\/admin\/#author"},"creator":{"@id":"https:\/\/eldigitaldeasturias.com\/magazine365\/author\/admin\/#author"},"image":{"@type":"ImageObject","url":"https:\/\/eldigitaldeasturias.com\/magazine365\/wp-content\/uploads\/2016\/05\/fotonoticia_20160520154434_800.jpg","@id":"https:\/\/eldigitaldeasturias.com\/magazine365\/productos-con-el-sello-galicia-calidade-protagonizan-la-gastronomia-del-festival-de-cans\/#mainImage","width":800,"height":533},"primaryImageOfPage":{"@id":"https:\/\/eldigitaldeasturias.com\/magazine365\/productos-con-el-sello-galicia-calidade-protagonizan-la-gastronomia-del-festival-de-cans\/#mainImage"},"datePublished":"2016-05-21T08:02:15+02:00","dateModified":"2016-05-21T08:02:15+02:00"},{"@type":"WebSite","@id":"https:\/\/eldigitaldeasturias.com\/magazine365\/#website","url":"https:\/\/eldigitaldeasturias.com\/magazine365\/","name":"El Digital de Asturias","description":"Revista de ocio, turismo y estilo de vida","inLanguage":"es-ES","publisher":{"@id":"https:\/\/eldigitaldeasturias.com\/magazine365\/#organization"}}]},"og:locale":"es_ES","og:site_name":"El Digital de Asturias \u2013 Revista de ocio, turismo y estilo de vida","og:type":"article","og:title":"Productos con el sello Galicia Calidade protagonizan la gastronom\u00eda del Festival de Cans | El Digital de Asturias","og:description":"Galicia Calidade vuelve a formar parte del elenco de la \u00faltima edici\u00f3n del Festival de Cans, que se celebra entre este mi\u00e9rcoles y s\u00e1bado en O Porri\u00f1o (Pontevedra), y donde los productos certificados con este sello ser\u00e1n los protagonistas de la gastronom\u00eda. A trav\u00e9s de diversas actividades, Galicia Calidade proyectar\u00e1 entre el p\u00fablico asistente a","og:url":"https:\/\/eldigitaldeasturias.com\/magazine365\/productos-con-el-sello-galicia-calidade-protagonizan-la-gastronomia-del-festival-de-cans\/","og:image":"https:\/\/eldigitaldeasturias.com\/magazine365\/wp-content\/uploads\/2016\/05\/fotonoticia_20160520154434_800.jpg","og:image:secure_url":"https:\/\/eldigitaldeasturias.com\/magazine365\/wp-content\/uploads\/2016\/05\/fotonoticia_20160520154434_800.jpg","og:image:width":800,"og:image:height":533,"article:published_time":"2016-05-21T06:02:15+00:00","article:modified_time":"2016-05-21T06:02:15+00:00","twitter:card":"summary_large_image","twitter:title":"Productos con el sello Galicia Calidade protagonizan la gastronom\u00eda del Festival de Cans | El Digital de Asturias","twitter:description":"Galicia Calidade vuelve a formar parte del elenco de la \u00faltima edici\u00f3n del Festival de Cans, que se celebra entre este mi\u00e9rcoles y s\u00e1bado en O Porri\u00f1o (Pontevedra), y donde los productos certificados con este sello ser\u00e1n los protagonistas de la gastronom\u00eda. A trav\u00e9s de diversas actividades, Galicia Calidade proyectar\u00e1 entre el p\u00fablico asistente a","twitter:image":"https:\/\/eldigitaldeasturias.com\/magazine365\/wp-content\/uploads\/2016\/05\/fotonoticia_20160520154434_800.jpg"},"aioseo_meta_data":{"post_id":"76652","title":null,"description":null,"keywords":null,"keyphrases":null,"primary_term":null,"canonical_url":null,"og_title":null,"og_description":null,"og_object_type":"default","og_image_type":"default","og_image_url":null,"og_image_width":null,"og_image_height":null,"og_image_custom_url":null,"og_image_custom_fields":null,"og_video":null,"og_custom_url":null,"og_article_section":null,"og_article_tags":null,"twitter_use_og":false,"twitter_card":"default","twitter_image_type":"default","twitter_image_url":null,"twitter_image_custom_url":null,"twitter_image_custom_fields":null,"twitter_title":null,"twitter_description":null,"schema":{"blockGraphs":[],"customGraphs":[],"default":{"data":{"Article":[],"Course":[],"Dataset":[],"FAQPage":[],"Movie":[],"Person":[],"Product":[],"ProductReview":[],"Car":[],"Recipe":[],"Service":[],"SoftwareApplication":[],"WebPage":[]},"graphName":"","isEnabled":true},"graphs":[],"defaultGraph":"","defaultPostTypeGraph":""},"schema_type":null,"schema_type_options":null,"pillar_content":false,"robots_default":true,"robots_noindex":false,"robots_noarchive":false,"robots_nosnippet":false,"robots_nofollow":false,"robots_noimageindex":false,"robots_noodp":false,"robots_notranslate":false,"robots_max_snippet":null,"robots_max_videopreview":null,"robots_max_imagepreview":"large","priority":null,"frequency":null,"location":null,"local_seo":null,"seo_analyzer_scan_date":"2025-09-27 13:09:37","breadcrumb_settings":null,"limit_modified_date":false,"open_ai":null,"ai":null,"created":"2021-03-08 18:26:09","updated":"2025-09-27 13:09:37"},"aioseo_breadcrumb":"<div class=\"aioseo-breadcrumbs\"><span class=\"aioseo-breadcrumb\">\n\t<a href=\"https:\/\/eldigitaldeasturias.com\/magazine365\" title=\"Home\">Home<\/a>\n<\/span><span class=\"aioseo-breadcrumb-separator\">\u2013<\/span><span class=\"aioseo-breadcrumb\">\n\t<a href=\"https:\/\/eldigitaldeasturias.com\/magazine365\/category\/noticias-actualidad\/\" title=\"Noticias y Actualidad\">Noticias y Actualidad<\/a>\n<\/span><span class=\"aioseo-breadcrumb-separator\">\u2013<\/span><span class=\"aioseo-breadcrumb\">\n\t<a href=\"https:\/\/eldigitaldeasturias.com\/magazine365\/productos-con-el-sello-galicia-calidade-protagonizan-la-gastronomia-del-festival-de-cans\/\" title=\"Productos con el sello Galicia Calidade protagonizan la gastronom\u00eda del Festival de Cans\">Productos con el sello Galicia Calidade protagonizan la gastronom\u00eda del Festival de Cans<\/a>\n<\/span><\/div>","aioseo_breadcrumb_json":[{"label":"Home","link":"https:\/\/eldigitaldeasturias.com\/magazine365"},{"label":"Noticias y Actualidad","link":"https:\/\/eldigitaldeasturias.com\/magazine365\/category\/noticias-actualidad\/"},{"label":"Productos con el sello Galicia Calidade protagonizan la gastronom\u00eda del Festival de Cans","link":"https:\/\/eldigitaldeasturias.com\/magazine365\/productos-con-el-sello-galicia-calidade-protagonizan-la-gastronomia-del-festival-de-cans\/"}],"_links":{"self":[{"href":"https:\/\/eldigitaldeasturias.com\/magazine365\/wp-json\/wp\/v2\/posts\/76652","targetHints":{"allow":["GET"]}}],"collection":[{"href":"https:\/\/eldigitaldeasturias.com\/magazine365\/wp-json\/wp\/v2\/posts"}],"about":[{"href":"https:\/\/eldigitaldeasturias.com\/magazine365\/wp-json\/wp\/v2\/types\/post"}],"author":[{"embeddable":true,"href":"https:\/\/eldigitaldeasturias.com\/magazine365\/wp-json\/wp\/v2\/users\/1"}],"replies":[{"embeddable":true,"href":"https:\/\/eldigitaldeasturias.com\/magazine365\/wp-json\/wp\/v2\/comments?post=76652"}],"version-history":[{"count":0,"href":"https:\/\/eldigitaldeasturias.com\/magazine365\/wp-json\/wp\/v2\/posts\/76652\/revisions"}],"wp:featuredmedia":[{"embeddable":true,"href":"https:\/\/eldigitaldeasturias.com\/magazine365\/wp-json\/wp\/v2\/media\/76653"}],"wp:attachment":[{"href":"https:\/\/eldigitaldeasturias.com\/magazine365\/wp-json\/wp\/v2\/media?parent=76652"}],"wp:term":[{"taxonomy":"category","embeddable":true,"href":"https:\/\/eldigitaldeasturias.com\/magazine365\/wp-json\/wp\/v2\/categories?post=76652"},{"taxonomy":"post_tag","embeddable":true,"href":"https:\/\/eldigitaldeasturias.com\/magazine365\/wp-json\/wp\/v2\/tags?post=76652"}],"curies":[{"name":"wp","href":"https:\/\/api.w.org\/{rel}","templated":true}]}}