{"id":76647,"date":"2016-05-21T08:00:48","date_gmt":"2016-05-21T06:00:48","guid":{"rendered":"http:\/\/eldigitaldeasturias.com\/magazine365\/?p=76647"},"modified":"2016-05-21T08:01:14","modified_gmt":"2016-05-21T06:01:14","slug":"paradores-vende-1-200-habitaciones-en-el-primer-dia-de-su-campana-de-venta-anticipada","status":"publish","type":"post","link":"https:\/\/eldigitaldeasturias.com\/magazine365\/paradores-vende-1-200-habitaciones-en-el-primer-dia-de-su-campana-de-venta-anticipada\/","title":{"rendered":"Paradores vende 1.200 habitaciones en el primer d\u00eda de su campa\u00f1a de venta anticipada"},"content":{"rendered":"<p><img fetchpriority=\"high\" decoding=\"async\" class=\"alignleft size-medium wp-image-76650\" src=\"https:\/\/eldigitaldeasturias.com\/magazine365\/wp-content\/uploads\/2016\/05\/fotonoticia_20160520153339_800-360x202.jpg\" alt=\"fotonoticia_20160520153339_800\" width=\"360\" height=\"202\" srcset=\"https:\/\/eldigitaldeasturias.com\/magazine365\/wp-content\/uploads\/2016\/05\/fotonoticia_20160520153339_800-360x202.jpg 360w, https:\/\/eldigitaldeasturias.com\/magazine365\/wp-content\/uploads\/2016\/05\/fotonoticia_20160520153339_800-650x365.jpg 650w, https:\/\/eldigitaldeasturias.com\/magazine365\/wp-content\/uploads\/2016\/05\/fotonoticia_20160520153339_800-768x431.jpg 768w, https:\/\/eldigitaldeasturias.com\/magazine365\/wp-content\/uploads\/2016\/05\/fotonoticia_20160520153339_800-150x84.jpg 150w, https:\/\/eldigitaldeasturias.com\/magazine365\/wp-content\/uploads\/2016\/05\/fotonoticia_20160520153339_800-450x253.jpg 450w, https:\/\/eldigitaldeasturias.com\/magazine365\/wp-content\/uploads\/2016\/05\/fotonoticia_20160520153339_800-499x280.jpg 499w, https:\/\/eldigitaldeasturias.com\/magazine365\/wp-content\/uploads\/2016\/05\/fotonoticia_20160520153339_800.jpg 800w\" sizes=\"(max-width: 360px) 100vw, 360px\" \/>Paradores de Turismo ha logrado un aumento del 50% en las ventas en el primer d\u00eda de su campa\u00f1a de venta anticipada con respecto a la temporada pasada, hasta 1.200 habitaciones, sistema por el que se pueden formalizar reservas entre el 18 y el 25 de mayo, inform\u00f3 la cadena hotelera p\u00fablica.<\/p>\n<p>Un a\u00f1o m\u00e1s, apuesta por la venta anticipada con el objetivo de premiar con mejores precios a quienes adelantan sus reservas, con una tarifa especial a partir de 65 euros, en una habitaci\u00f3n doble en r\u00e9gimen de alojamiento, y que permite alojarse durante los meses de junio a septiembre en muchos de los establecimientos de la cadena.<\/p>\n<p>La comercializaci\u00f3n de la temporada de verano supone \u00abun peso muy importante\u00bb para el negocio de Paradores, que de junio a septiembre genera casi la mitad de sus ventas.<\/p>\n<p>El \u00e9xito de la promoci\u00f3n unido a la mejora prevista del turismo extranjero, ofrecen unas \u00abbuenas expectativas\u00bb de actividad y permiten a Paradores tener buenas previsiones de ocupaci\u00f3n, se\u00f1ala la cadena hotelera.<\/p>\n<p>Paradores ve con optimismo la evoluci\u00f3n del negocio en la temporada de verano, como ha ocurrido en el primer trimestre, despu\u00e9s de acometer varios par\u00e1metros de mejora como el redise\u00f1o comercial del producto y la captaci\u00f3n de clientes, que han resultado \u00abclaves\u00bb para recuperar una situaci\u00f3n saneada de la red.<\/p>\n","protected":false},"excerpt":{"rendered":"<p>Paradores de Turismo ha logrado un aumento del 50% en las ventas en el primer d\u00eda de su campa\u00f1a de venta anticipada con respecto a la temporada pasada, hasta 1.200 habitaciones, sistema por el que se pueden formalizar reservas entre el 18 y el 25 de mayo, inform\u00f3 la cadena hotelera p\u00fablica. Un a\u00f1o m\u00e1s,<\/p>\n","protected":false},"author":1,"featured_media":76650,"comment_status":"open","ping_status":"closed","sticky":false,"template":"","format":"standard","meta":{"footnotes":""},"categories":[224],"tags":[],"class_list":{"0":"post-76647","1":"post","2":"type-post","3":"status-publish","4":"format-standard","5":"has-post-thumbnail","7":"category-noticias-actualidad"},"aioseo_notices":[],"aioseo_head":"\n\t\t<!-- All in One SEO Pro 4.9.6.1 - aioseo.com -->\n\t<meta name=\"description\" content=\"Paradores de Turismo ha logrado un aumento del 50% en las ventas en el primer d\u00eda de su campa\u00f1a de venta anticipada con respecto a la temporada pasada, hasta 1.200 habitaciones, sistema por el que se pueden formalizar reservas entre el 18 y el 25 de mayo, inform\u00f3 la cadena hotelera p\u00fablica. Un a\u00f1o m\u00e1s,\" \/>\n\t<meta name=\"robots\" content=\"max-image-preview:large\" \/>\n\t<meta name=\"author\" content=\"admin\"\/>\n\t<meta name=\"google-site-verification\" content=\"UA-38556648-1\" \/>\n\t<meta name=\"keywords\" content=\"noticias y actualidad\" \/>\n\t<link rel=\"canonical\" href=\"https:\/\/eldigitaldeasturias.com\/magazine365\/paradores-vende-1-200-habitaciones-en-el-primer-dia-de-su-campana-de-venta-anticipada\/\" \/>\n\t<meta name=\"generator\" content=\"All in One SEO Pro (AIOSEO) 4.9.6.1\" \/>\n\t\t<meta property=\"og:locale\" content=\"es_ES\" \/>\n\t\t<meta property=\"og:site_name\" content=\"El Digital de Asturias \u2013 Revista de ocio, turismo y estilo de vida\" \/>\n\t\t<meta property=\"og:type\" content=\"article\" \/>\n\t\t<meta property=\"og:title\" content=\"Paradores vende 1.200 habitaciones en el primer d\u00eda de su campa\u00f1a de venta anticipada | El Digital de Asturias\" \/>\n\t\t<meta property=\"og:description\" content=\"Paradores de Turismo ha logrado un aumento del 50% en las ventas en el primer d\u00eda de su campa\u00f1a de venta anticipada con respecto a la temporada pasada, hasta 1.200 habitaciones, sistema por el que se pueden formalizar reservas entre el 18 y el 25 de mayo, inform\u00f3 la cadena hotelera p\u00fablica. Un a\u00f1o m\u00e1s,\" \/>\n\t\t<meta property=\"og:url\" content=\"https:\/\/eldigitaldeasturias.com\/magazine365\/paradores-vende-1-200-habitaciones-en-el-primer-dia-de-su-campana-de-venta-anticipada\/\" \/>\n\t\t<meta property=\"og:image\" content=\"https:\/\/eldigitaldeasturias.com\/magazine365\/wp-content\/uploads\/2016\/05\/fotonoticia_20160520153339_800.jpg\" \/>\n\t\t<meta property=\"og:image:secure_url\" content=\"https:\/\/eldigitaldeasturias.com\/magazine365\/wp-content\/uploads\/2016\/05\/fotonoticia_20160520153339_800.jpg\" \/>\n\t\t<meta property=\"og:image:width\" content=\"800\" \/>\n\t\t<meta property=\"og:image:height\" content=\"449\" \/>\n\t\t<meta property=\"article:published_time\" content=\"2016-05-21T06:00:48+00:00\" \/>\n\t\t<meta property=\"article:modified_time\" content=\"2016-05-21T06:01:14+00:00\" \/>\n\t\t<meta name=\"twitter:card\" content=\"summary_large_image\" \/>\n\t\t<meta name=\"twitter:title\" content=\"Paradores vende 1.200 habitaciones en el primer d\u00eda de su campa\u00f1a de venta anticipada | El Digital de Asturias\" \/>\n\t\t<meta name=\"twitter:description\" content=\"Paradores de Turismo ha logrado un aumento del 50% en las ventas en el primer d\u00eda de su campa\u00f1a de venta anticipada con respecto a la temporada pasada, hasta 1.200 habitaciones, sistema por el que se pueden formalizar reservas entre el 18 y el 25 de mayo, inform\u00f3 la cadena hotelera p\u00fablica. Un a\u00f1o m\u00e1s,\" \/>\n\t\t<meta name=\"twitter:image\" content=\"https:\/\/eldigitaldeasturias.com\/magazine365\/wp-content\/uploads\/2016\/05\/fotonoticia_20160520153339_800.jpg\" \/>\n\t\t<script type=\"application\/ld+json\" class=\"aioseo-schema\">\n\t\t\t{\"@context\":\"https:\\\/\\\/schema.org\",\"@graph\":[{\"@type\":\"Article\",\"@id\":\"https:\\\/\\\/eldigitaldeasturias.com\\\/magazine365\\\/paradores-vende-1-200-habitaciones-en-el-primer-dia-de-su-campana-de-venta-anticipada\\\/#article\",\"name\":\"Paradores vende 1.200 habitaciones en el primer d\\u00eda de su campa\\u00f1a de venta anticipada | El Digital de Asturias\",\"headline\":\"Paradores vende 1.200 habitaciones en el primer d\\u00eda de su campa\\u00f1a de venta anticipada\",\"author\":{\"@id\":\"https:\\\/\\\/eldigitaldeasturias.com\\\/magazine365\\\/author\\\/admin\\\/#author\"},\"publisher\":{\"@id\":\"https:\\\/\\\/eldigitaldeasturias.com\\\/magazine365\\\/#organization\"},\"image\":{\"@type\":\"ImageObject\",\"url\":\"https:\\\/\\\/eldigitaldeasturias.com\\\/magazine365\\\/wp-content\\\/uploads\\\/2016\\\/05\\\/fotonoticia_20160520153339_800.jpg\",\"width\":800,\"height\":449},\"datePublished\":\"2016-05-21T08:00:48+02:00\",\"dateModified\":\"2016-05-21T08:01:14+02:00\",\"inLanguage\":\"es-ES\",\"mainEntityOfPage\":{\"@id\":\"https:\\\/\\\/eldigitaldeasturias.com\\\/magazine365\\\/paradores-vende-1-200-habitaciones-en-el-primer-dia-de-su-campana-de-venta-anticipada\\\/#webpage\"},\"isPartOf\":{\"@id\":\"https:\\\/\\\/eldigitaldeasturias.com\\\/magazine365\\\/paradores-vende-1-200-habitaciones-en-el-primer-dia-de-su-campana-de-venta-anticipada\\\/#webpage\"},\"articleSection\":\"Noticias y Actualidad\"},{\"@type\":\"BreadcrumbList\",\"@id\":\"https:\\\/\\\/eldigitaldeasturias.com\\\/magazine365\\\/paradores-vende-1-200-habitaciones-en-el-primer-dia-de-su-campana-de-venta-anticipada\\\/#breadcrumblist\",\"itemListElement\":[{\"@type\":\"ListItem\",\"@id\":\"https:\\\/\\\/eldigitaldeasturias.com\\\/magazine365#listItem\",\"position\":1,\"name\":\"Home\",\"item\":\"https:\\\/\\\/eldigitaldeasturias.com\\\/magazine365\",\"nextItem\":{\"@type\":\"ListItem\",\"@id\":\"https:\\\/\\\/eldigitaldeasturias.com\\\/magazine365\\\/category\\\/noticias-actualidad\\\/#listItem\",\"name\":\"Noticias y Actualidad\"}},{\"@type\":\"ListItem\",\"@id\":\"https:\\\/\\\/eldigitaldeasturias.com\\\/magazine365\\\/category\\\/noticias-actualidad\\\/#listItem\",\"position\":2,\"name\":\"Noticias y Actualidad\",\"item\":\"https:\\\/\\\/eldigitaldeasturias.com\\\/magazine365\\\/category\\\/noticias-actualidad\\\/\",\"nextItem\":{\"@type\":\"ListItem\",\"@id\":\"https:\\\/\\\/eldigitaldeasturias.com\\\/magazine365\\\/paradores-vende-1-200-habitaciones-en-el-primer-dia-de-su-campana-de-venta-anticipada\\\/#listItem\",\"name\":\"Paradores vende 1.200 habitaciones en el primer d\\u00eda de su campa\\u00f1a de venta anticipada\"},\"previousItem\":{\"@type\":\"ListItem\",\"@id\":\"https:\\\/\\\/eldigitaldeasturias.com\\\/magazine365#listItem\",\"name\":\"Home\"}},{\"@type\":\"ListItem\",\"@id\":\"https:\\\/\\\/eldigitaldeasturias.com\\\/magazine365\\\/paradores-vende-1-200-habitaciones-en-el-primer-dia-de-su-campana-de-venta-anticipada\\\/#listItem\",\"position\":3,\"name\":\"Paradores vende 1.200 habitaciones en el primer d\\u00eda de su campa\\u00f1a de venta anticipada\",\"previousItem\":{\"@type\":\"ListItem\",\"@id\":\"https:\\\/\\\/eldigitaldeasturias.com\\\/magazine365\\\/category\\\/noticias-actualidad\\\/#listItem\",\"name\":\"Noticias y Actualidad\"}}]},{\"@type\":\"Organization\",\"@id\":\"https:\\\/\\\/eldigitaldeasturias.com\\\/magazine365\\\/#organization\",\"name\":\"El digital de Asturias\",\"description\":\"Revista de ocio, turismo y estilo de vida\",\"url\":\"https:\\\/\\\/eldigitaldeasturias.com\\\/magazine365\\\/\",\"logo\":{\"@type\":\"ImageObject\",\"url\":\"https:\\\/\\\/www.eldigitaldeasturias.com\\\/noticias\\\/wp-content\\\/uploads\\\/2020\\\/12\\\/EDA.jpg\",\"@id\":\"https:\\\/\\\/eldigitaldeasturias.com\\\/magazine365\\\/paradores-vende-1-200-habitaciones-en-el-primer-dia-de-su-campana-de-venta-anticipada\\\/#organizationLogo\"},\"image\":{\"@id\":\"https:\\\/\\\/eldigitaldeasturias.com\\\/magazine365\\\/paradores-vende-1-200-habitaciones-en-el-primer-dia-de-su-campana-de-venta-anticipada\\\/#organizationLogo\"}},{\"@type\":\"Person\",\"@id\":\"https:\\\/\\\/eldigitaldeasturias.com\\\/magazine365\\\/author\\\/admin\\\/#author\",\"url\":\"https:\\\/\\\/eldigitaldeasturias.com\\\/magazine365\\\/author\\\/admin\\\/\",\"name\":\"admin\",\"image\":{\"@type\":\"ImageObject\",\"@id\":\"https:\\\/\\\/eldigitaldeasturias.com\\\/magazine365\\\/paradores-vende-1-200-habitaciones-en-el-primer-dia-de-su-campana-de-venta-anticipada\\\/#authorImage\",\"url\":\"https:\\\/\\\/eldigitaldeasturias.com\\\/magazine365\\\/wp-content\\\/litespeed\\\/avatar\\\/e571bcf59a0edd6fa6838245a470f2fe.jpg?ver=1777574230\",\"width\":96,\"height\":96,\"caption\":\"admin\"}},{\"@type\":\"WebPage\",\"@id\":\"https:\\\/\\\/eldigitaldeasturias.com\\\/magazine365\\\/paradores-vende-1-200-habitaciones-en-el-primer-dia-de-su-campana-de-venta-anticipada\\\/#webpage\",\"url\":\"https:\\\/\\\/eldigitaldeasturias.com\\\/magazine365\\\/paradores-vende-1-200-habitaciones-en-el-primer-dia-de-su-campana-de-venta-anticipada\\\/\",\"name\":\"Paradores vende 1.200 habitaciones en el primer d\\u00eda de su campa\\u00f1a de venta anticipada | El Digital de Asturias\",\"description\":\"Paradores de Turismo ha logrado un aumento del 50% en las ventas en el primer d\\u00eda de su campa\\u00f1a de venta anticipada con respecto a la temporada pasada, hasta 1.200 habitaciones, sistema por el que se pueden formalizar reservas entre el 18 y el 25 de mayo, inform\\u00f3 la cadena hotelera p\\u00fablica. Un a\\u00f1o m\\u00e1s,\",\"inLanguage\":\"es-ES\",\"isPartOf\":{\"@id\":\"https:\\\/\\\/eldigitaldeasturias.com\\\/magazine365\\\/#website\"},\"breadcrumb\":{\"@id\":\"https:\\\/\\\/eldigitaldeasturias.com\\\/magazine365\\\/paradores-vende-1-200-habitaciones-en-el-primer-dia-de-su-campana-de-venta-anticipada\\\/#breadcrumblist\"},\"author\":{\"@id\":\"https:\\\/\\\/eldigitaldeasturias.com\\\/magazine365\\\/author\\\/admin\\\/#author\"},\"creator\":{\"@id\":\"https:\\\/\\\/eldigitaldeasturias.com\\\/magazine365\\\/author\\\/admin\\\/#author\"},\"image\":{\"@type\":\"ImageObject\",\"url\":\"https:\\\/\\\/eldigitaldeasturias.com\\\/magazine365\\\/wp-content\\\/uploads\\\/2016\\\/05\\\/fotonoticia_20160520153339_800.jpg\",\"@id\":\"https:\\\/\\\/eldigitaldeasturias.com\\\/magazine365\\\/paradores-vende-1-200-habitaciones-en-el-primer-dia-de-su-campana-de-venta-anticipada\\\/#mainImage\",\"width\":800,\"height\":449},\"primaryImageOfPage\":{\"@id\":\"https:\\\/\\\/eldigitaldeasturias.com\\\/magazine365\\\/paradores-vende-1-200-habitaciones-en-el-primer-dia-de-su-campana-de-venta-anticipada\\\/#mainImage\"},\"datePublished\":\"2016-05-21T08:00:48+02:00\",\"dateModified\":\"2016-05-21T08:01:14+02:00\"},{\"@type\":\"WebSite\",\"@id\":\"https:\\\/\\\/eldigitaldeasturias.com\\\/magazine365\\\/#website\",\"url\":\"https:\\\/\\\/eldigitaldeasturias.com\\\/magazine365\\\/\",\"name\":\"El Digital de Asturias\",\"description\":\"Revista de ocio, turismo y estilo de vida\",\"inLanguage\":\"es-ES\",\"publisher\":{\"@id\":\"https:\\\/\\\/eldigitaldeasturias.com\\\/magazine365\\\/#organization\"}}]}\n\t\t<\/script>\n\t\t<!-- All in One SEO Pro -->\r\n\t\t<title>Paradores vende 1.200 habitaciones en el primer d\u00eda de su campa\u00f1a de venta anticipada | El Digital de Asturias<\/title>\n\n","aioseo_head_json":{"title":"Paradores vende 1.200 habitaciones en el primer d\u00eda de su campa\u00f1a de venta anticipada | El Digital de Asturias","description":"Paradores de Turismo ha logrado un aumento del 50% en las ventas en el primer d\u00eda de su campa\u00f1a de venta anticipada con respecto a la temporada pasada, hasta 1.200 habitaciones, sistema por el que se pueden formalizar reservas entre el 18 y el 25 de mayo, inform\u00f3 la cadena hotelera p\u00fablica. Un a\u00f1o m\u00e1s,","canonical_url":"https:\/\/eldigitaldeasturias.com\/magazine365\/paradores-vende-1-200-habitaciones-en-el-primer-dia-de-su-campana-de-venta-anticipada\/","robots":"max-image-preview:large","keywords":"noticias y actualidad","webmasterTools":{"google-site-verification":"UA-38556648-1","miscellaneous":""},"schema":{"@context":"https:\/\/schema.org","@graph":[{"@type":"Article","@id":"https:\/\/eldigitaldeasturias.com\/magazine365\/paradores-vende-1-200-habitaciones-en-el-primer-dia-de-su-campana-de-venta-anticipada\/#article","name":"Paradores vende 1.200 habitaciones en el primer d\u00eda de su campa\u00f1a de venta anticipada | El Digital de Asturias","headline":"Paradores vende 1.200 habitaciones en el primer d\u00eda de su campa\u00f1a de venta anticipada","author":{"@id":"https:\/\/eldigitaldeasturias.com\/magazine365\/author\/admin\/#author"},"publisher":{"@id":"https:\/\/eldigitaldeasturias.com\/magazine365\/#organization"},"image":{"@type":"ImageObject","url":"https:\/\/eldigitaldeasturias.com\/magazine365\/wp-content\/uploads\/2016\/05\/fotonoticia_20160520153339_800.jpg","width":800,"height":449},"datePublished":"2016-05-21T08:00:48+02:00","dateModified":"2016-05-21T08:01:14+02:00","inLanguage":"es-ES","mainEntityOfPage":{"@id":"https:\/\/eldigitaldeasturias.com\/magazine365\/paradores-vende-1-200-habitaciones-en-el-primer-dia-de-su-campana-de-venta-anticipada\/#webpage"},"isPartOf":{"@id":"https:\/\/eldigitaldeasturias.com\/magazine365\/paradores-vende-1-200-habitaciones-en-el-primer-dia-de-su-campana-de-venta-anticipada\/#webpage"},"articleSection":"Noticias y Actualidad"},{"@type":"BreadcrumbList","@id":"https:\/\/eldigitaldeasturias.com\/magazine365\/paradores-vende-1-200-habitaciones-en-el-primer-dia-de-su-campana-de-venta-anticipada\/#breadcrumblist","itemListElement":[{"@type":"ListItem","@id":"https:\/\/eldigitaldeasturias.com\/magazine365#listItem","position":1,"name":"Home","item":"https:\/\/eldigitaldeasturias.com\/magazine365","nextItem":{"@type":"ListItem","@id":"https:\/\/eldigitaldeasturias.com\/magazine365\/category\/noticias-actualidad\/#listItem","name":"Noticias y Actualidad"}},{"@type":"ListItem","@id":"https:\/\/eldigitaldeasturias.com\/magazine365\/category\/noticias-actualidad\/#listItem","position":2,"name":"Noticias y Actualidad","item":"https:\/\/eldigitaldeasturias.com\/magazine365\/category\/noticias-actualidad\/","nextItem":{"@type":"ListItem","@id":"https:\/\/eldigitaldeasturias.com\/magazine365\/paradores-vende-1-200-habitaciones-en-el-primer-dia-de-su-campana-de-venta-anticipada\/#listItem","name":"Paradores vende 1.200 habitaciones en el primer d\u00eda de su campa\u00f1a de venta anticipada"},"previousItem":{"@type":"ListItem","@id":"https:\/\/eldigitaldeasturias.com\/magazine365#listItem","name":"Home"}},{"@type":"ListItem","@id":"https:\/\/eldigitaldeasturias.com\/magazine365\/paradores-vende-1-200-habitaciones-en-el-primer-dia-de-su-campana-de-venta-anticipada\/#listItem","position":3,"name":"Paradores vende 1.200 habitaciones en el primer d\u00eda de su campa\u00f1a de venta anticipada","previousItem":{"@type":"ListItem","@id":"https:\/\/eldigitaldeasturias.com\/magazine365\/category\/noticias-actualidad\/#listItem","name":"Noticias y Actualidad"}}]},{"@type":"Organization","@id":"https:\/\/eldigitaldeasturias.com\/magazine365\/#organization","name":"El digital de Asturias","description":"Revista de ocio, turismo y estilo de vida","url":"https:\/\/eldigitaldeasturias.com\/magazine365\/","logo":{"@type":"ImageObject","url":"https:\/\/www.eldigitaldeasturias.com\/noticias\/wp-content\/uploads\/2020\/12\/EDA.jpg","@id":"https:\/\/eldigitaldeasturias.com\/magazine365\/paradores-vende-1-200-habitaciones-en-el-primer-dia-de-su-campana-de-venta-anticipada\/#organizationLogo"},"image":{"@id":"https:\/\/eldigitaldeasturias.com\/magazine365\/paradores-vende-1-200-habitaciones-en-el-primer-dia-de-su-campana-de-venta-anticipada\/#organizationLogo"}},{"@type":"Person","@id":"https:\/\/eldigitaldeasturias.com\/magazine365\/author\/admin\/#author","url":"https:\/\/eldigitaldeasturias.com\/magazine365\/author\/admin\/","name":"admin","image":{"@type":"ImageObject","@id":"https:\/\/eldigitaldeasturias.com\/magazine365\/paradores-vende-1-200-habitaciones-en-el-primer-dia-de-su-campana-de-venta-anticipada\/#authorImage","url":"https:\/\/eldigitaldeasturias.com\/magazine365\/wp-content\/litespeed\/avatar\/e571bcf59a0edd6fa6838245a470f2fe.jpg?ver=1777574230","width":96,"height":96,"caption":"admin"}},{"@type":"WebPage","@id":"https:\/\/eldigitaldeasturias.com\/magazine365\/paradores-vende-1-200-habitaciones-en-el-primer-dia-de-su-campana-de-venta-anticipada\/#webpage","url":"https:\/\/eldigitaldeasturias.com\/magazine365\/paradores-vende-1-200-habitaciones-en-el-primer-dia-de-su-campana-de-venta-anticipada\/","name":"Paradores vende 1.200 habitaciones en el primer d\u00eda de su campa\u00f1a de venta anticipada | El Digital de Asturias","description":"Paradores de Turismo ha logrado un aumento del 50% en las ventas en el primer d\u00eda de su campa\u00f1a de venta anticipada con respecto a la temporada pasada, hasta 1.200 habitaciones, sistema por el que se pueden formalizar reservas entre el 18 y el 25 de mayo, inform\u00f3 la cadena hotelera p\u00fablica. Un a\u00f1o m\u00e1s,","inLanguage":"es-ES","isPartOf":{"@id":"https:\/\/eldigitaldeasturias.com\/magazine365\/#website"},"breadcrumb":{"@id":"https:\/\/eldigitaldeasturias.com\/magazine365\/paradores-vende-1-200-habitaciones-en-el-primer-dia-de-su-campana-de-venta-anticipada\/#breadcrumblist"},"author":{"@id":"https:\/\/eldigitaldeasturias.com\/magazine365\/author\/admin\/#author"},"creator":{"@id":"https:\/\/eldigitaldeasturias.com\/magazine365\/author\/admin\/#author"},"image":{"@type":"ImageObject","url":"https:\/\/eldigitaldeasturias.com\/magazine365\/wp-content\/uploads\/2016\/05\/fotonoticia_20160520153339_800.jpg","@id":"https:\/\/eldigitaldeasturias.com\/magazine365\/paradores-vende-1-200-habitaciones-en-el-primer-dia-de-su-campana-de-venta-anticipada\/#mainImage","width":800,"height":449},"primaryImageOfPage":{"@id":"https:\/\/eldigitaldeasturias.com\/magazine365\/paradores-vende-1-200-habitaciones-en-el-primer-dia-de-su-campana-de-venta-anticipada\/#mainImage"},"datePublished":"2016-05-21T08:00:48+02:00","dateModified":"2016-05-21T08:01:14+02:00"},{"@type":"WebSite","@id":"https:\/\/eldigitaldeasturias.com\/magazine365\/#website","url":"https:\/\/eldigitaldeasturias.com\/magazine365\/","name":"El Digital de Asturias","description":"Revista de ocio, turismo y estilo de vida","inLanguage":"es-ES","publisher":{"@id":"https:\/\/eldigitaldeasturias.com\/magazine365\/#organization"}}]},"og:locale":"es_ES","og:site_name":"El Digital de Asturias \u2013 Revista de ocio, turismo y estilo de vida","og:type":"article","og:title":"Paradores vende 1.200 habitaciones en el primer d\u00eda de su campa\u00f1a de venta anticipada | El Digital de Asturias","og:description":"Paradores de Turismo ha logrado un aumento del 50% en las ventas en el primer d\u00eda de su campa\u00f1a de venta anticipada con respecto a la temporada pasada, hasta 1.200 habitaciones, sistema por el que se pueden formalizar reservas entre el 18 y el 25 de mayo, inform\u00f3 la cadena hotelera p\u00fablica. Un a\u00f1o m\u00e1s,","og:url":"https:\/\/eldigitaldeasturias.com\/magazine365\/paradores-vende-1-200-habitaciones-en-el-primer-dia-de-su-campana-de-venta-anticipada\/","og:image":"https:\/\/eldigitaldeasturias.com\/magazine365\/wp-content\/uploads\/2016\/05\/fotonoticia_20160520153339_800.jpg","og:image:secure_url":"https:\/\/eldigitaldeasturias.com\/magazine365\/wp-content\/uploads\/2016\/05\/fotonoticia_20160520153339_800.jpg","og:image:width":800,"og:image:height":449,"article:published_time":"2016-05-21T06:00:48+00:00","article:modified_time":"2016-05-21T06:01:14+00:00","twitter:card":"summary_large_image","twitter:title":"Paradores vende 1.200 habitaciones en el primer d\u00eda de su campa\u00f1a de venta anticipada | El Digital de Asturias","twitter:description":"Paradores de Turismo ha logrado un aumento del 50% en las ventas en el primer d\u00eda de su campa\u00f1a de venta anticipada con respecto a la temporada pasada, hasta 1.200 habitaciones, sistema por el que se pueden formalizar reservas entre el 18 y el 25 de mayo, inform\u00f3 la cadena hotelera p\u00fablica. Un a\u00f1o m\u00e1s,","twitter:image":"https:\/\/eldigitaldeasturias.com\/magazine365\/wp-content\/uploads\/2016\/05\/fotonoticia_20160520153339_800.jpg"},"aioseo_meta_data":{"post_id":"76647","title":null,"description":null,"keywords":null,"keyphrases":null,"primary_term":null,"canonical_url":null,"og_title":null,"og_description":null,"og_object_type":"default","og_image_type":"default","og_image_url":null,"og_image_width":null,"og_image_height":null,"og_image_custom_url":null,"og_image_custom_fields":null,"og_video":null,"og_custom_url":null,"og_article_section":null,"og_article_tags":null,"twitter_use_og":false,"twitter_card":"default","twitter_image_type":"default","twitter_image_url":null,"twitter_image_custom_url":null,"twitter_image_custom_fields":null,"twitter_title":null,"twitter_description":null,"schema":{"blockGraphs":[],"customGraphs":[],"default":{"data":{"Article":[],"Course":[],"Dataset":[],"FAQPage":[],"Movie":[],"Person":[],"Product":[],"ProductReview":[],"Car":[],"Recipe":[],"Service":[],"SoftwareApplication":[],"WebPage":[]},"graphName":"","isEnabled":true},"graphs":[],"defaultGraph":"","defaultPostTypeGraph":""},"schema_type":null,"schema_type_options":null,"pillar_content":false,"robots_default":true,"robots_noindex":false,"robots_noarchive":false,"robots_nosnippet":false,"robots_nofollow":false,"robots_noimageindex":false,"robots_noodp":false,"robots_notranslate":false,"robots_max_snippet":null,"robots_max_videopreview":null,"robots_max_imagepreview":"large","priority":null,"frequency":null,"location":null,"local_seo":null,"seo_analyzer_scan_date":"2025-09-27 13:09:36","breadcrumb_settings":null,"limit_modified_date":false,"open_ai":null,"ai":null,"created":"2021-03-08 18:26:09","updated":"2025-09-27 13:09:36"},"aioseo_breadcrumb":"<div class=\"aioseo-breadcrumbs\"><span class=\"aioseo-breadcrumb\">\n\t<a href=\"https:\/\/eldigitaldeasturias.com\/magazine365\" title=\"Home\">Home<\/a>\n<\/span><span class=\"aioseo-breadcrumb-separator\">\u2013<\/span><span class=\"aioseo-breadcrumb\">\n\t<a href=\"https:\/\/eldigitaldeasturias.com\/magazine365\/category\/noticias-actualidad\/\" title=\"Noticias y Actualidad\">Noticias y Actualidad<\/a>\n<\/span><span class=\"aioseo-breadcrumb-separator\">\u2013<\/span><span class=\"aioseo-breadcrumb\">\n\t<a href=\"https:\/\/eldigitaldeasturias.com\/magazine365\/paradores-vende-1-200-habitaciones-en-el-primer-dia-de-su-campana-de-venta-anticipada\/\" title=\"Paradores vende 1.200 habitaciones en el primer d\u00eda de su campa\u00f1a de venta anticipada\">Paradores vende 1.200 habitaciones en el primer d\u00eda de su campa\u00f1a de venta anticipada<\/a>\n<\/span><\/div>","aioseo_breadcrumb_json":[{"label":"Home","link":"https:\/\/eldigitaldeasturias.com\/magazine365"},{"label":"Noticias y Actualidad","link":"https:\/\/eldigitaldeasturias.com\/magazine365\/category\/noticias-actualidad\/"},{"label":"Paradores vende 1.200 habitaciones en el primer d\u00eda de su campa\u00f1a de venta anticipada","link":"https:\/\/eldigitaldeasturias.com\/magazine365\/paradores-vende-1-200-habitaciones-en-el-primer-dia-de-su-campana-de-venta-anticipada\/"}],"_links":{"self":[{"href":"https:\/\/eldigitaldeasturias.com\/magazine365\/wp-json\/wp\/v2\/posts\/76647","targetHints":{"allow":["GET"]}}],"collection":[{"href":"https:\/\/eldigitaldeasturias.com\/magazine365\/wp-json\/wp\/v2\/posts"}],"about":[{"href":"https:\/\/eldigitaldeasturias.com\/magazine365\/wp-json\/wp\/v2\/types\/post"}],"author":[{"embeddable":true,"href":"https:\/\/eldigitaldeasturias.com\/magazine365\/wp-json\/wp\/v2\/users\/1"}],"replies":[{"embeddable":true,"href":"https:\/\/eldigitaldeasturias.com\/magazine365\/wp-json\/wp\/v2\/comments?post=76647"}],"version-history":[{"count":0,"href":"https:\/\/eldigitaldeasturias.com\/magazine365\/wp-json\/wp\/v2\/posts\/76647\/revisions"}],"wp:featuredmedia":[{"embeddable":true,"href":"https:\/\/eldigitaldeasturias.com\/magazine365\/wp-json\/wp\/v2\/media\/76650"}],"wp:attachment":[{"href":"https:\/\/eldigitaldeasturias.com\/magazine365\/wp-json\/wp\/v2\/media?parent=76647"}],"wp:term":[{"taxonomy":"category","embeddable":true,"href":"https:\/\/eldigitaldeasturias.com\/magazine365\/wp-json\/wp\/v2\/categories?post=76647"},{"taxonomy":"post_tag","embeddable":true,"href":"https:\/\/eldigitaldeasturias.com\/magazine365\/wp-json\/wp\/v2\/tags?post=76647"}],"curies":[{"name":"wp","href":"https:\/\/api.w.org\/{rel}","templated":true}]}}