{"id":76635,"date":"2016-05-21T07:56:27","date_gmt":"2016-05-21T05:56:27","guid":{"rendered":"http:\/\/eldigitaldeasturias.com\/magazine365\/?p=76635"},"modified":"2016-05-21T07:56:27","modified_gmt":"2016-05-21T05:56:27","slug":"el-supremo-avala-que-fomento-no-rescatara-en-2011-a-una-de-las-autopistas-actualmente-en-quiebra","status":"publish","type":"post","link":"https:\/\/eldigitaldeasturias.com\/magazine365\/el-supremo-avala-que-fomento-no-rescatara-en-2011-a-una-de-las-autopistas-actualmente-en-quiebra\/","title":{"rendered":"El Supremo avala que Fomento no &#8216;rescatara&#8217; en 2011 a una de las autopistas actualmente en quiebra"},"content":{"rendered":"<p><img fetchpriority=\"high\" decoding=\"async\" class=\"alignleft size-medium wp-image-76636\" src=\"https:\/\/eldigitaldeasturias.com\/magazine365\/wp-content\/uploads\/2016\/05\/fotonoticia_20160520150622_800-360x234.jpg\" alt=\"fotonoticia_20160520150622_800\" width=\"360\" height=\"234\" srcset=\"https:\/\/eldigitaldeasturias.com\/magazine365\/wp-content\/uploads\/2016\/05\/fotonoticia_20160520150622_800-360x234.jpg 360w, https:\/\/eldigitaldeasturias.com\/magazine365\/wp-content\/uploads\/2016\/05\/fotonoticia_20160520150622_800-650x423.jpg 650w, https:\/\/eldigitaldeasturias.com\/magazine365\/wp-content\/uploads\/2016\/05\/fotonoticia_20160520150622_800-768x500.jpg 768w, https:\/\/eldigitaldeasturias.com\/magazine365\/wp-content\/uploads\/2016\/05\/fotonoticia_20160520150622_800-150x98.jpg 150w, https:\/\/eldigitaldeasturias.com\/magazine365\/wp-content\/uploads\/2016\/05\/fotonoticia_20160520150622_800-450x293.jpg 450w, https:\/\/eldigitaldeasturias.com\/magazine365\/wp-content\/uploads\/2016\/05\/fotonoticia_20160520150622_800-225x145.jpg 225w, https:\/\/eldigitaldeasturias.com\/magazine365\/wp-content\/uploads\/2016\/05\/fotonoticia_20160520150622_800-121x79.jpg 121w, https:\/\/eldigitaldeasturias.com\/magazine365\/wp-content\/uploads\/2016\/05\/fotonoticia_20160520150622_800-101x66.jpg 101w, https:\/\/eldigitaldeasturias.com\/magazine365\/wp-content\/uploads\/2016\/05\/fotonoticia_20160520150622_800-326x213.jpg 326w, https:\/\/eldigitaldeasturias.com\/magazine365\/wp-content\/uploads\/2016\/05\/fotonoticia_20160520150622_800.jpg 800w\" sizes=\"(max-width: 360px) 100vw, 360px\" \/>El Tribunal Supremo ha avalado que el Ministerio de Fomento no accediera en 2011 a &#8216;rescatar&#8217; a la autopista de peaje radial R-2 Madrid-Guadalajara, actualmente en concurso de acreedores, al considerar que la concesionaria de la v\u00eda realiz\u00f3 una \u00abexcesiva\u00bb estimaci\u00f3n de tr\u00e1fico en el momento en que se adjudic\u00f3 su costrucci\u00f3n.<\/p>\n<p>La ca\u00edda del tr\u00e1fico, junto con el sobrecoste de las expropiaciones, son los principales factores que esta y otras siete autopistas se\u00f1alan como principal causa de su actual situaci\u00f3n de quiebra.<\/p>\n<p>\u00abEl plan econ\u00f3mico-financiero elaborado por la concesionaria de la R-2 y que determin\u00f3 la adjudicaci\u00f3n de la concesi\u00f3n de la autopista present\u00f3 una valoraci\u00f3n excesiva de las estimaciones de tr\u00e1fico, muy superiores a todas las registradas en el estudio elaborado por el Ministerio de Fomento\u00bb, indica la sentencia del Alto Tribunal.<\/p>\n<p>En su auto, el Supremo se pronuncia sobre el recurso que Henarsa, firma concesionaria de la v\u00eda, present\u00f3 en julio de 2012 al no recibir respuesta del Ministerio de Fomento a la solicitud de medidas para reequilibrar la autopista que le hab\u00eda presentado en octubre de 2011, dos a\u00f1os antes de que en septiembre de 2013 la v\u00eda se declarara en concurso.<\/p>\n<p>Henarsa, la firma concesionaria de la R-2, est\u00e1 participada por el grupo de concesioens Abertis, la constructora ACS y Bankia.<\/p>\n<p>En el auto emitido ahora por el Supremo, cuatro a\u00f1os despu\u00e9s de presentarse el recurso y tres tras la declaraci\u00f3n de concurso de esta autopista, avala la decisi\u00f3n de Fomento de no &#8216;rescatarla&#8217; en 2011.<\/p>\n<p>El Supremo centra su rechazo en las \u00abexcesivas\u00bb previsiones de tr\u00e1fico que la concesionaria realiz\u00f3 para lograr la autopista. Tambi\u00e9n indica que los ingresos que la concesionaria preve\u00eda lograr con el peaje de la v\u00eda durante los 24 a\u00f1os de plazo de concesi\u00f3n se calcularon a partir de \u00abun escenario socioecon\u00f3mico optimista\u00bb.<\/p>\n<p>LA CRISIS NO ES UN \u00abRIESGO IMPREVISIBLE\u00bb.<\/p>\n<p>Adem\u00e1s, apelando a otras sentencias anteriores, el Alto Tribunal rechaza que se pueda considerar un \u00abriesgo imprevisible\u00bb el hecho de que el tr\u00e1fico de las autopistas haya ca\u00eddo como consecuencia de la crisis econ\u00f3mica.<\/p>\n<p>El Supremo tambi\u00e9n rechaza el hecho de que finalmente no se construyera una autopista entre Madrid y Tudela, que dar\u00eda continuidad a la R-2, haya afectado al tr\u00e1fico de \u00e9sta, al considerar probado que esta infraestructura \u00abno era un proyecto consolidado y de efectiva y pr\u00f3xima realizaci\u00f3n\u00bb cuando se concret\u00f3 el de la radial.<\/p>\n<p>Por todo ello, adem\u00e1s de respaldar la decisi\u00f3n de Fomento de no adoptar medidas para reequilibrar la autopista en 2011, impone a la concesionaria el pago de las costas del juicio, por importe de 6.000 euros.<\/p>\n<p>OTRAS V\u00cdAS EN QUIEBRA.<\/p>\n<p>Adem\u00e1s de la R-2, el resto de autopistas actualmente quebradas son las otras tres radiales de Madrid (R-3, R-4 y R-5), la que une la capital con el aeropuerto de Barajas, la Oca\u00f1a-La Roda, la Madrid-Toledo y la Cartagena-Vera.<\/p>\n<p>Tras no fraguarse un acuerdo sobre el plan de rescate que propuso el actual Gobierno en funciones, que pasaba por nacionalizar las v\u00edas tras aplicar una quita del 50% en la deuda de 3.200 millones que suman, alguna de las autopistas han entrado YA en fase de liquidaci\u00f3n.<\/p>\n<p>En el caso de la R-3 y la R-5, el auto de liquidaci\u00f3n insta a la concesionaria a dejar de prestar servicio el pr\u00f3ximo 1 de octubre, con lo que las v\u00edas dejar\u00e1n de estar operativas en esa fecha en caso de que Fomento no las asuma.<\/p>\n","protected":false},"excerpt":{"rendered":"<p>El Tribunal Supremo ha avalado que el Ministerio de Fomento no accediera en 2011 a &#8216;rescatar&#8217; a la autopista de peaje radial R-2 Madrid-Guadalajara, actualmente en concurso de acreedores, al considerar que la concesionaria de la v\u00eda realiz\u00f3 una \u00abexcesiva\u00bb estimaci\u00f3n de tr\u00e1fico en el momento en que se adjudic\u00f3 su costrucci\u00f3n. La ca\u00edda del<\/p>\n","protected":false},"author":1,"featured_media":76636,"comment_status":"open","ping_status":"closed","sticky":false,"template":"","format":"standard","meta":{"footnotes":""},"categories":[224],"tags":[],"class_list":{"0":"post-76635","1":"post","2":"type-post","3":"status-publish","4":"format-standard","5":"has-post-thumbnail","7":"category-noticias-actualidad"},"aioseo_notices":[],"aioseo_head":"\n\t\t<!-- All in One SEO Pro 4.9.6.1 - aioseo.com -->\n\t<meta name=\"description\" content=\"El Tribunal Supremo ha avalado que el Ministerio de Fomento no accediera en 2011 a &#039;rescatar&#039; a la autopista de peaje radial R-2 Madrid-Guadalajara, actualmente en concurso de acreedores, al considerar que la concesionaria de la v\u00eda realiz\u00f3 una &quot;excesiva&quot; estimaci\u00f3n de tr\u00e1fico en el momento en que se adjudic\u00f3 su costrucci\u00f3n. La ca\u00edda del\" \/>\n\t<meta name=\"robots\" content=\"max-image-preview:large\" \/>\n\t<meta name=\"author\" content=\"admin\"\/>\n\t<meta name=\"google-site-verification\" content=\"UA-38556648-1\" \/>\n\t<meta name=\"keywords\" content=\"noticias y actualidad\" \/>\n\t<link rel=\"canonical\" href=\"https:\/\/eldigitaldeasturias.com\/magazine365\/el-supremo-avala-que-fomento-no-rescatara-en-2011-a-una-de-las-autopistas-actualmente-en-quiebra\/\" \/>\n\t<meta name=\"generator\" content=\"All in One SEO Pro (AIOSEO) 4.9.6.1\" \/>\n\t\t<meta property=\"og:locale\" content=\"es_ES\" \/>\n\t\t<meta property=\"og:site_name\" content=\"El Digital de Asturias \u2013 Revista de ocio, turismo y estilo de vida\" \/>\n\t\t<meta property=\"og:type\" content=\"article\" \/>\n\t\t<meta property=\"og:title\" content=\"El Supremo avala que Fomento no \u2018rescatara\u2019 en 2011 a una de las autopistas actualmente en quiebra | El Digital de Asturias\" \/>\n\t\t<meta property=\"og:description\" content=\"El Tribunal Supremo ha avalado que el Ministerio de Fomento no accediera en 2011 a &#039;rescatar&#039; a la autopista de peaje radial R-2 Madrid-Guadalajara, actualmente en concurso de acreedores, al considerar que la concesionaria de la v\u00eda realiz\u00f3 una &quot;excesiva&quot; estimaci\u00f3n de tr\u00e1fico en el momento en que se adjudic\u00f3 su costrucci\u00f3n. La ca\u00edda del\" \/>\n\t\t<meta property=\"og:url\" content=\"https:\/\/eldigitaldeasturias.com\/magazine365\/el-supremo-avala-que-fomento-no-rescatara-en-2011-a-una-de-las-autopistas-actualmente-en-quiebra\/\" \/>\n\t\t<meta property=\"og:image\" content=\"https:\/\/eldigitaldeasturias.com\/magazine365\/wp-content\/uploads\/2016\/05\/fotonoticia_20160520150622_800.jpg\" \/>\n\t\t<meta property=\"og:image:secure_url\" content=\"https:\/\/eldigitaldeasturias.com\/magazine365\/wp-content\/uploads\/2016\/05\/fotonoticia_20160520150622_800.jpg\" \/>\n\t\t<meta property=\"og:image:width\" content=\"800\" \/>\n\t\t<meta property=\"og:image:height\" content=\"521\" \/>\n\t\t<meta property=\"article:published_time\" content=\"2016-05-21T05:56:27+00:00\" \/>\n\t\t<meta property=\"article:modified_time\" content=\"2016-05-21T05:56:27+00:00\" \/>\n\t\t<meta name=\"twitter:card\" content=\"summary_large_image\" \/>\n\t\t<meta name=\"twitter:title\" content=\"El Supremo avala que Fomento no \u2018rescatara\u2019 en 2011 a una de las autopistas actualmente en quiebra | El Digital de Asturias\" \/>\n\t\t<meta name=\"twitter:description\" content=\"El Tribunal Supremo ha avalado que el Ministerio de Fomento no accediera en 2011 a &#039;rescatar&#039; a la autopista de peaje radial R-2 Madrid-Guadalajara, actualmente en concurso de acreedores, al considerar que la concesionaria de la v\u00eda realiz\u00f3 una &quot;excesiva&quot; estimaci\u00f3n de tr\u00e1fico en el momento en que se adjudic\u00f3 su costrucci\u00f3n. La ca\u00edda del\" \/>\n\t\t<meta name=\"twitter:image\" content=\"https:\/\/eldigitaldeasturias.com\/magazine365\/wp-content\/uploads\/2016\/05\/fotonoticia_20160520150622_800.jpg\" \/>\n\t\t<script type=\"application\/ld+json\" class=\"aioseo-schema\">\n\t\t\t{\"@context\":\"https:\\\/\\\/schema.org\",\"@graph\":[{\"@type\":\"Article\",\"@id\":\"https:\\\/\\\/eldigitaldeasturias.com\\\/magazine365\\\/el-supremo-avala-que-fomento-no-rescatara-en-2011-a-una-de-las-autopistas-actualmente-en-quiebra\\\/#article\",\"name\":\"El Supremo avala que Fomento no \\u2018rescatara\\u2019 en 2011 a una de las autopistas actualmente en quiebra | El Digital de Asturias\",\"headline\":\"El Supremo avala que Fomento no &#8216;rescatara&#8217; en 2011 a una de las autopistas actualmente en quiebra\",\"author\":{\"@id\":\"https:\\\/\\\/eldigitaldeasturias.com\\\/magazine365\\\/author\\\/admin\\\/#author\"},\"publisher\":{\"@id\":\"https:\\\/\\\/eldigitaldeasturias.com\\\/magazine365\\\/#organization\"},\"image\":{\"@type\":\"ImageObject\",\"url\":\"https:\\\/\\\/eldigitaldeasturias.com\\\/magazine365\\\/wp-content\\\/uploads\\\/2016\\\/05\\\/fotonoticia_20160520150622_800.jpg\",\"width\":800,\"height\":521},\"datePublished\":\"2016-05-21T07:56:27+02:00\",\"dateModified\":\"2016-05-21T07:56:27+02:00\",\"inLanguage\":\"es-ES\",\"mainEntityOfPage\":{\"@id\":\"https:\\\/\\\/eldigitaldeasturias.com\\\/magazine365\\\/el-supremo-avala-que-fomento-no-rescatara-en-2011-a-una-de-las-autopistas-actualmente-en-quiebra\\\/#webpage\"},\"isPartOf\":{\"@id\":\"https:\\\/\\\/eldigitaldeasturias.com\\\/magazine365\\\/el-supremo-avala-que-fomento-no-rescatara-en-2011-a-una-de-las-autopistas-actualmente-en-quiebra\\\/#webpage\"},\"articleSection\":\"Noticias y Actualidad\"},{\"@type\":\"BreadcrumbList\",\"@id\":\"https:\\\/\\\/eldigitaldeasturias.com\\\/magazine365\\\/el-supremo-avala-que-fomento-no-rescatara-en-2011-a-una-de-las-autopistas-actualmente-en-quiebra\\\/#breadcrumblist\",\"itemListElement\":[{\"@type\":\"ListItem\",\"@id\":\"https:\\\/\\\/eldigitaldeasturias.com\\\/magazine365#listItem\",\"position\":1,\"name\":\"Home\",\"item\":\"https:\\\/\\\/eldigitaldeasturias.com\\\/magazine365\",\"nextItem\":{\"@type\":\"ListItem\",\"@id\":\"https:\\\/\\\/eldigitaldeasturias.com\\\/magazine365\\\/category\\\/noticias-actualidad\\\/#listItem\",\"name\":\"Noticias y Actualidad\"}},{\"@type\":\"ListItem\",\"@id\":\"https:\\\/\\\/eldigitaldeasturias.com\\\/magazine365\\\/category\\\/noticias-actualidad\\\/#listItem\",\"position\":2,\"name\":\"Noticias y Actualidad\",\"item\":\"https:\\\/\\\/eldigitaldeasturias.com\\\/magazine365\\\/category\\\/noticias-actualidad\\\/\",\"nextItem\":{\"@type\":\"ListItem\",\"@id\":\"https:\\\/\\\/eldigitaldeasturias.com\\\/magazine365\\\/el-supremo-avala-que-fomento-no-rescatara-en-2011-a-una-de-las-autopistas-actualmente-en-quiebra\\\/#listItem\",\"name\":\"El Supremo avala que Fomento no &#8216;rescatara&#8217; en 2011 a una de las autopistas actualmente en quiebra\"},\"previousItem\":{\"@type\":\"ListItem\",\"@id\":\"https:\\\/\\\/eldigitaldeasturias.com\\\/magazine365#listItem\",\"name\":\"Home\"}},{\"@type\":\"ListItem\",\"@id\":\"https:\\\/\\\/eldigitaldeasturias.com\\\/magazine365\\\/el-supremo-avala-que-fomento-no-rescatara-en-2011-a-una-de-las-autopistas-actualmente-en-quiebra\\\/#listItem\",\"position\":3,\"name\":\"El Supremo avala que Fomento no &#8216;rescatara&#8217; en 2011 a una de las autopistas actualmente en quiebra\",\"previousItem\":{\"@type\":\"ListItem\",\"@id\":\"https:\\\/\\\/eldigitaldeasturias.com\\\/magazine365\\\/category\\\/noticias-actualidad\\\/#listItem\",\"name\":\"Noticias y Actualidad\"}}]},{\"@type\":\"Organization\",\"@id\":\"https:\\\/\\\/eldigitaldeasturias.com\\\/magazine365\\\/#organization\",\"name\":\"El digital de Asturias\",\"description\":\"Revista de ocio, turismo y estilo de vida\",\"url\":\"https:\\\/\\\/eldigitaldeasturias.com\\\/magazine365\\\/\",\"logo\":{\"@type\":\"ImageObject\",\"url\":\"https:\\\/\\\/www.eldigitaldeasturias.com\\\/noticias\\\/wp-content\\\/uploads\\\/2020\\\/12\\\/EDA.jpg\",\"@id\":\"https:\\\/\\\/eldigitaldeasturias.com\\\/magazine365\\\/el-supremo-avala-que-fomento-no-rescatara-en-2011-a-una-de-las-autopistas-actualmente-en-quiebra\\\/#organizationLogo\"},\"image\":{\"@id\":\"https:\\\/\\\/eldigitaldeasturias.com\\\/magazine365\\\/el-supremo-avala-que-fomento-no-rescatara-en-2011-a-una-de-las-autopistas-actualmente-en-quiebra\\\/#organizationLogo\"}},{\"@type\":\"Person\",\"@id\":\"https:\\\/\\\/eldigitaldeasturias.com\\\/magazine365\\\/author\\\/admin\\\/#author\",\"url\":\"https:\\\/\\\/eldigitaldeasturias.com\\\/magazine365\\\/author\\\/admin\\\/\",\"name\":\"admin\",\"image\":{\"@type\":\"ImageObject\",\"@id\":\"https:\\\/\\\/eldigitaldeasturias.com\\\/magazine365\\\/el-supremo-avala-que-fomento-no-rescatara-en-2011-a-una-de-las-autopistas-actualmente-en-quiebra\\\/#authorImage\",\"url\":\"https:\\\/\\\/eldigitaldeasturias.com\\\/magazine365\\\/wp-content\\\/litespeed\\\/avatar\\\/e571bcf59a0edd6fa6838245a470f2fe.jpg?ver=1777574230\",\"width\":96,\"height\":96,\"caption\":\"admin\"}},{\"@type\":\"WebPage\",\"@id\":\"https:\\\/\\\/eldigitaldeasturias.com\\\/magazine365\\\/el-supremo-avala-que-fomento-no-rescatara-en-2011-a-una-de-las-autopistas-actualmente-en-quiebra\\\/#webpage\",\"url\":\"https:\\\/\\\/eldigitaldeasturias.com\\\/magazine365\\\/el-supremo-avala-que-fomento-no-rescatara-en-2011-a-una-de-las-autopistas-actualmente-en-quiebra\\\/\",\"name\":\"El Supremo avala que Fomento no \\u2018rescatara\\u2019 en 2011 a una de las autopistas actualmente en quiebra | El Digital de Asturias\",\"description\":\"El Tribunal Supremo ha avalado que el Ministerio de Fomento no accediera en 2011 a 'rescatar' a la autopista de peaje radial R-2 Madrid-Guadalajara, actualmente en concurso de acreedores, al considerar que la concesionaria de la v\\u00eda realiz\\u00f3 una \\\"excesiva\\\" estimaci\\u00f3n de tr\\u00e1fico en el momento en que se adjudic\\u00f3 su costrucci\\u00f3n. La ca\\u00edda del\",\"inLanguage\":\"es-ES\",\"isPartOf\":{\"@id\":\"https:\\\/\\\/eldigitaldeasturias.com\\\/magazine365\\\/#website\"},\"breadcrumb\":{\"@id\":\"https:\\\/\\\/eldigitaldeasturias.com\\\/magazine365\\\/el-supremo-avala-que-fomento-no-rescatara-en-2011-a-una-de-las-autopistas-actualmente-en-quiebra\\\/#breadcrumblist\"},\"author\":{\"@id\":\"https:\\\/\\\/eldigitaldeasturias.com\\\/magazine365\\\/author\\\/admin\\\/#author\"},\"creator\":{\"@id\":\"https:\\\/\\\/eldigitaldeasturias.com\\\/magazine365\\\/author\\\/admin\\\/#author\"},\"image\":{\"@type\":\"ImageObject\",\"url\":\"https:\\\/\\\/eldigitaldeasturias.com\\\/magazine365\\\/wp-content\\\/uploads\\\/2016\\\/05\\\/fotonoticia_20160520150622_800.jpg\",\"@id\":\"https:\\\/\\\/eldigitaldeasturias.com\\\/magazine365\\\/el-supremo-avala-que-fomento-no-rescatara-en-2011-a-una-de-las-autopistas-actualmente-en-quiebra\\\/#mainImage\",\"width\":800,\"height\":521},\"primaryImageOfPage\":{\"@id\":\"https:\\\/\\\/eldigitaldeasturias.com\\\/magazine365\\\/el-supremo-avala-que-fomento-no-rescatara-en-2011-a-una-de-las-autopistas-actualmente-en-quiebra\\\/#mainImage\"},\"datePublished\":\"2016-05-21T07:56:27+02:00\",\"dateModified\":\"2016-05-21T07:56:27+02:00\"},{\"@type\":\"WebSite\",\"@id\":\"https:\\\/\\\/eldigitaldeasturias.com\\\/magazine365\\\/#website\",\"url\":\"https:\\\/\\\/eldigitaldeasturias.com\\\/magazine365\\\/\",\"name\":\"El Digital de Asturias\",\"description\":\"Revista de ocio, turismo y estilo de vida\",\"inLanguage\":\"es-ES\",\"publisher\":{\"@id\":\"https:\\\/\\\/eldigitaldeasturias.com\\\/magazine365\\\/#organization\"}}]}\n\t\t<\/script>\n\t\t<!-- All in One SEO Pro -->\r\n\t\t<title>El Supremo avala que Fomento no \u2018rescatara\u2019 en 2011 a una de las autopistas actualmente en quiebra | El Digital de Asturias<\/title>\n\n","aioseo_head_json":{"title":"El Supremo avala que Fomento no \u2018rescatara\u2019 en 2011 a una de las autopistas actualmente en quiebra | El Digital de Asturias","description":"El Tribunal Supremo ha avalado que el Ministerio de Fomento no accediera en 2011 a 'rescatar' a la autopista de peaje radial R-2 Madrid-Guadalajara, actualmente en concurso de acreedores, al considerar que la concesionaria de la v\u00eda realiz\u00f3 una \"excesiva\" estimaci\u00f3n de tr\u00e1fico en el momento en que se adjudic\u00f3 su costrucci\u00f3n. La ca\u00edda del","canonical_url":"https:\/\/eldigitaldeasturias.com\/magazine365\/el-supremo-avala-que-fomento-no-rescatara-en-2011-a-una-de-las-autopistas-actualmente-en-quiebra\/","robots":"max-image-preview:large","keywords":"noticias y actualidad","webmasterTools":{"google-site-verification":"UA-38556648-1","miscellaneous":""},"schema":{"@context":"https:\/\/schema.org","@graph":[{"@type":"Article","@id":"https:\/\/eldigitaldeasturias.com\/magazine365\/el-supremo-avala-que-fomento-no-rescatara-en-2011-a-una-de-las-autopistas-actualmente-en-quiebra\/#article","name":"El Supremo avala que Fomento no \u2018rescatara\u2019 en 2011 a una de las autopistas actualmente en quiebra | El Digital de Asturias","headline":"El Supremo avala que Fomento no &#8216;rescatara&#8217; en 2011 a una de las autopistas actualmente en quiebra","author":{"@id":"https:\/\/eldigitaldeasturias.com\/magazine365\/author\/admin\/#author"},"publisher":{"@id":"https:\/\/eldigitaldeasturias.com\/magazine365\/#organization"},"image":{"@type":"ImageObject","url":"https:\/\/eldigitaldeasturias.com\/magazine365\/wp-content\/uploads\/2016\/05\/fotonoticia_20160520150622_800.jpg","width":800,"height":521},"datePublished":"2016-05-21T07:56:27+02:00","dateModified":"2016-05-21T07:56:27+02:00","inLanguage":"es-ES","mainEntityOfPage":{"@id":"https:\/\/eldigitaldeasturias.com\/magazine365\/el-supremo-avala-que-fomento-no-rescatara-en-2011-a-una-de-las-autopistas-actualmente-en-quiebra\/#webpage"},"isPartOf":{"@id":"https:\/\/eldigitaldeasturias.com\/magazine365\/el-supremo-avala-que-fomento-no-rescatara-en-2011-a-una-de-las-autopistas-actualmente-en-quiebra\/#webpage"},"articleSection":"Noticias y Actualidad"},{"@type":"BreadcrumbList","@id":"https:\/\/eldigitaldeasturias.com\/magazine365\/el-supremo-avala-que-fomento-no-rescatara-en-2011-a-una-de-las-autopistas-actualmente-en-quiebra\/#breadcrumblist","itemListElement":[{"@type":"ListItem","@id":"https:\/\/eldigitaldeasturias.com\/magazine365#listItem","position":1,"name":"Home","item":"https:\/\/eldigitaldeasturias.com\/magazine365","nextItem":{"@type":"ListItem","@id":"https:\/\/eldigitaldeasturias.com\/magazine365\/category\/noticias-actualidad\/#listItem","name":"Noticias y Actualidad"}},{"@type":"ListItem","@id":"https:\/\/eldigitaldeasturias.com\/magazine365\/category\/noticias-actualidad\/#listItem","position":2,"name":"Noticias y Actualidad","item":"https:\/\/eldigitaldeasturias.com\/magazine365\/category\/noticias-actualidad\/","nextItem":{"@type":"ListItem","@id":"https:\/\/eldigitaldeasturias.com\/magazine365\/el-supremo-avala-que-fomento-no-rescatara-en-2011-a-una-de-las-autopistas-actualmente-en-quiebra\/#listItem","name":"El Supremo avala que Fomento no &#8216;rescatara&#8217; en 2011 a una de las autopistas actualmente en quiebra"},"previousItem":{"@type":"ListItem","@id":"https:\/\/eldigitaldeasturias.com\/magazine365#listItem","name":"Home"}},{"@type":"ListItem","@id":"https:\/\/eldigitaldeasturias.com\/magazine365\/el-supremo-avala-que-fomento-no-rescatara-en-2011-a-una-de-las-autopistas-actualmente-en-quiebra\/#listItem","position":3,"name":"El Supremo avala que Fomento no &#8216;rescatara&#8217; en 2011 a una de las autopistas actualmente en quiebra","previousItem":{"@type":"ListItem","@id":"https:\/\/eldigitaldeasturias.com\/magazine365\/category\/noticias-actualidad\/#listItem","name":"Noticias y Actualidad"}}]},{"@type":"Organization","@id":"https:\/\/eldigitaldeasturias.com\/magazine365\/#organization","name":"El digital de Asturias","description":"Revista de ocio, turismo y estilo de vida","url":"https:\/\/eldigitaldeasturias.com\/magazine365\/","logo":{"@type":"ImageObject","url":"https:\/\/www.eldigitaldeasturias.com\/noticias\/wp-content\/uploads\/2020\/12\/EDA.jpg","@id":"https:\/\/eldigitaldeasturias.com\/magazine365\/el-supremo-avala-que-fomento-no-rescatara-en-2011-a-una-de-las-autopistas-actualmente-en-quiebra\/#organizationLogo"},"image":{"@id":"https:\/\/eldigitaldeasturias.com\/magazine365\/el-supremo-avala-que-fomento-no-rescatara-en-2011-a-una-de-las-autopistas-actualmente-en-quiebra\/#organizationLogo"}},{"@type":"Person","@id":"https:\/\/eldigitaldeasturias.com\/magazine365\/author\/admin\/#author","url":"https:\/\/eldigitaldeasturias.com\/magazine365\/author\/admin\/","name":"admin","image":{"@type":"ImageObject","@id":"https:\/\/eldigitaldeasturias.com\/magazine365\/el-supremo-avala-que-fomento-no-rescatara-en-2011-a-una-de-las-autopistas-actualmente-en-quiebra\/#authorImage","url":"https:\/\/eldigitaldeasturias.com\/magazine365\/wp-content\/litespeed\/avatar\/e571bcf59a0edd6fa6838245a470f2fe.jpg?ver=1777574230","width":96,"height":96,"caption":"admin"}},{"@type":"WebPage","@id":"https:\/\/eldigitaldeasturias.com\/magazine365\/el-supremo-avala-que-fomento-no-rescatara-en-2011-a-una-de-las-autopistas-actualmente-en-quiebra\/#webpage","url":"https:\/\/eldigitaldeasturias.com\/magazine365\/el-supremo-avala-que-fomento-no-rescatara-en-2011-a-una-de-las-autopistas-actualmente-en-quiebra\/","name":"El Supremo avala que Fomento no \u2018rescatara\u2019 en 2011 a una de las autopistas actualmente en quiebra | El Digital de Asturias","description":"El Tribunal Supremo ha avalado que el Ministerio de Fomento no accediera en 2011 a 'rescatar' a la autopista de peaje radial R-2 Madrid-Guadalajara, actualmente en concurso de acreedores, al considerar que la concesionaria de la v\u00eda realiz\u00f3 una \"excesiva\" estimaci\u00f3n de tr\u00e1fico en el momento en que se adjudic\u00f3 su costrucci\u00f3n. La ca\u00edda del","inLanguage":"es-ES","isPartOf":{"@id":"https:\/\/eldigitaldeasturias.com\/magazine365\/#website"},"breadcrumb":{"@id":"https:\/\/eldigitaldeasturias.com\/magazine365\/el-supremo-avala-que-fomento-no-rescatara-en-2011-a-una-de-las-autopistas-actualmente-en-quiebra\/#breadcrumblist"},"author":{"@id":"https:\/\/eldigitaldeasturias.com\/magazine365\/author\/admin\/#author"},"creator":{"@id":"https:\/\/eldigitaldeasturias.com\/magazine365\/author\/admin\/#author"},"image":{"@type":"ImageObject","url":"https:\/\/eldigitaldeasturias.com\/magazine365\/wp-content\/uploads\/2016\/05\/fotonoticia_20160520150622_800.jpg","@id":"https:\/\/eldigitaldeasturias.com\/magazine365\/el-supremo-avala-que-fomento-no-rescatara-en-2011-a-una-de-las-autopistas-actualmente-en-quiebra\/#mainImage","width":800,"height":521},"primaryImageOfPage":{"@id":"https:\/\/eldigitaldeasturias.com\/magazine365\/el-supremo-avala-que-fomento-no-rescatara-en-2011-a-una-de-las-autopistas-actualmente-en-quiebra\/#mainImage"},"datePublished":"2016-05-21T07:56:27+02:00","dateModified":"2016-05-21T07:56:27+02:00"},{"@type":"WebSite","@id":"https:\/\/eldigitaldeasturias.com\/magazine365\/#website","url":"https:\/\/eldigitaldeasturias.com\/magazine365\/","name":"El Digital de Asturias","description":"Revista de ocio, turismo y estilo de vida","inLanguage":"es-ES","publisher":{"@id":"https:\/\/eldigitaldeasturias.com\/magazine365\/#organization"}}]},"og:locale":"es_ES","og:site_name":"El Digital de Asturias \u2013 Revista de ocio, turismo y estilo de vida","og:type":"article","og:title":"El Supremo avala que Fomento no \u2018rescatara\u2019 en 2011 a una de las autopistas actualmente en quiebra | El Digital de Asturias","og:description":"El Tribunal Supremo ha avalado que el Ministerio de Fomento no accediera en 2011 a 'rescatar' a la autopista de peaje radial R-2 Madrid-Guadalajara, actualmente en concurso de acreedores, al considerar que la concesionaria de la v\u00eda realiz\u00f3 una &quot;excesiva&quot; estimaci\u00f3n de tr\u00e1fico en el momento en que se adjudic\u00f3 su costrucci\u00f3n. La ca\u00edda del","og:url":"https:\/\/eldigitaldeasturias.com\/magazine365\/el-supremo-avala-que-fomento-no-rescatara-en-2011-a-una-de-las-autopistas-actualmente-en-quiebra\/","og:image":"https:\/\/eldigitaldeasturias.com\/magazine365\/wp-content\/uploads\/2016\/05\/fotonoticia_20160520150622_800.jpg","og:image:secure_url":"https:\/\/eldigitaldeasturias.com\/magazine365\/wp-content\/uploads\/2016\/05\/fotonoticia_20160520150622_800.jpg","og:image:width":800,"og:image:height":521,"article:published_time":"2016-05-21T05:56:27+00:00","article:modified_time":"2016-05-21T05:56:27+00:00","twitter:card":"summary_large_image","twitter:title":"El Supremo avala que Fomento no \u2018rescatara\u2019 en 2011 a una de las autopistas actualmente en quiebra | El Digital de Asturias","twitter:description":"El Tribunal Supremo ha avalado que el Ministerio de Fomento no accediera en 2011 a 'rescatar' a la autopista de peaje radial R-2 Madrid-Guadalajara, actualmente en concurso de acreedores, al considerar que la concesionaria de la v\u00eda realiz\u00f3 una &quot;excesiva&quot; estimaci\u00f3n de tr\u00e1fico en el momento en que se adjudic\u00f3 su costrucci\u00f3n. La ca\u00edda del","twitter:image":"https:\/\/eldigitaldeasturias.com\/magazine365\/wp-content\/uploads\/2016\/05\/fotonoticia_20160520150622_800.jpg"},"aioseo_meta_data":{"post_id":"76635","title":null,"description":null,"keywords":null,"keyphrases":null,"primary_term":null,"canonical_url":null,"og_title":null,"og_description":null,"og_object_type":"default","og_image_type":"default","og_image_url":null,"og_image_width":null,"og_image_height":null,"og_image_custom_url":null,"og_image_custom_fields":null,"og_video":null,"og_custom_url":null,"og_article_section":null,"og_article_tags":null,"twitter_use_og":false,"twitter_card":"default","twitter_image_type":"default","twitter_image_url":null,"twitter_image_custom_url":null,"twitter_image_custom_fields":null,"twitter_title":null,"twitter_description":null,"schema":{"blockGraphs":[],"customGraphs":[],"default":{"data":{"Article":[],"Course":[],"Dataset":[],"FAQPage":[],"Movie":[],"Person":[],"Product":[],"ProductReview":[],"Car":[],"Recipe":[],"Service":[],"SoftwareApplication":[],"WebPage":[]},"graphName":"","isEnabled":true},"graphs":[],"defaultGraph":"","defaultPostTypeGraph":""},"schema_type":null,"schema_type_options":null,"pillar_content":false,"robots_default":true,"robots_noindex":false,"robots_noarchive":false,"robots_nosnippet":false,"robots_nofollow":false,"robots_noimageindex":false,"robots_noodp":false,"robots_notranslate":false,"robots_max_snippet":null,"robots_max_videopreview":null,"robots_max_imagepreview":"large","priority":null,"frequency":null,"location":null,"local_seo":null,"seo_analyzer_scan_date":"2025-09-27 13:07:22","breadcrumb_settings":null,"limit_modified_date":false,"open_ai":null,"ai":null,"created":"2021-03-08 18:26:09","updated":"2025-09-27 13:07:22"},"aioseo_breadcrumb":"<div class=\"aioseo-breadcrumbs\"><span class=\"aioseo-breadcrumb\">\n\t<a href=\"https:\/\/eldigitaldeasturias.com\/magazine365\" title=\"Home\">Home<\/a>\n<\/span><span class=\"aioseo-breadcrumb-separator\">\u2013<\/span><span class=\"aioseo-breadcrumb\">\n\t<a href=\"https:\/\/eldigitaldeasturias.com\/magazine365\/category\/noticias-actualidad\/\" title=\"Noticias y Actualidad\">Noticias y Actualidad<\/a>\n<\/span><span class=\"aioseo-breadcrumb-separator\">\u2013<\/span><span class=\"aioseo-breadcrumb\">\n\t<a href=\"https:\/\/eldigitaldeasturias.com\/magazine365\/el-supremo-avala-que-fomento-no-rescatara-en-2011-a-una-de-las-autopistas-actualmente-en-quiebra\/\" title=\"El Supremo avala que Fomento no \u2018rescatara\u2019 en 2011 a una de las autopistas actualmente en quiebra\">El Supremo avala que Fomento no \u2018rescatara\u2019 en 2011 a una de las autopistas actualmente en quiebra<\/a>\n<\/span><\/div>","aioseo_breadcrumb_json":[{"label":"Home","link":"https:\/\/eldigitaldeasturias.com\/magazine365"},{"label":"Noticias y Actualidad","link":"https:\/\/eldigitaldeasturias.com\/magazine365\/category\/noticias-actualidad\/"},{"label":"El Supremo avala que Fomento no &#8216;rescatara&#8217; en 2011 a una de las autopistas actualmente en quiebra","link":"https:\/\/eldigitaldeasturias.com\/magazine365\/el-supremo-avala-que-fomento-no-rescatara-en-2011-a-una-de-las-autopistas-actualmente-en-quiebra\/"}],"_links":{"self":[{"href":"https:\/\/eldigitaldeasturias.com\/magazine365\/wp-json\/wp\/v2\/posts\/76635","targetHints":{"allow":["GET"]}}],"collection":[{"href":"https:\/\/eldigitaldeasturias.com\/magazine365\/wp-json\/wp\/v2\/posts"}],"about":[{"href":"https:\/\/eldigitaldeasturias.com\/magazine365\/wp-json\/wp\/v2\/types\/post"}],"author":[{"embeddable":true,"href":"https:\/\/eldigitaldeasturias.com\/magazine365\/wp-json\/wp\/v2\/users\/1"}],"replies":[{"embeddable":true,"href":"https:\/\/eldigitaldeasturias.com\/magazine365\/wp-json\/wp\/v2\/comments?post=76635"}],"version-history":[{"count":0,"href":"https:\/\/eldigitaldeasturias.com\/magazine365\/wp-json\/wp\/v2\/posts\/76635\/revisions"}],"wp:featuredmedia":[{"embeddable":true,"href":"https:\/\/eldigitaldeasturias.com\/magazine365\/wp-json\/wp\/v2\/media\/76636"}],"wp:attachment":[{"href":"https:\/\/eldigitaldeasturias.com\/magazine365\/wp-json\/wp\/v2\/media?parent=76635"}],"wp:term":[{"taxonomy":"category","embeddable":true,"href":"https:\/\/eldigitaldeasturias.com\/magazine365\/wp-json\/wp\/v2\/categories?post=76635"},{"taxonomy":"post_tag","embeddable":true,"href":"https:\/\/eldigitaldeasturias.com\/magazine365\/wp-json\/wp\/v2\/tags?post=76635"}],"curies":[{"name":"wp","href":"https:\/\/api.w.org\/{rel}","templated":true}]}}