{"id":76626,"date":"2016-05-21T07:35:52","date_gmt":"2016-05-21T05:35:52","guid":{"rendered":"http:\/\/eldigitaldeasturias.com\/magazine365\/?p=76626"},"modified":"2016-05-21T07:35:52","modified_gmt":"2016-05-21T05:35:52","slug":"la-dgt-intensifica-la-vigilancia-en-carreteras-frecuentadas-por-ciclistas-y-motoristas","status":"publish","type":"post","link":"https:\/\/eldigitaldeasturias.com\/magazine365\/la-dgt-intensifica-la-vigilancia-en-carreteras-frecuentadas-por-ciclistas-y-motoristas\/","title":{"rendered":"La DGT intensifica la vigilancia en carreteras frecuentadas por ciclistas y motoristas"},"content":{"rendered":"<p><img fetchpriority=\"high\" decoding=\"async\" class=\"alignleft size-medium wp-image-76627\" src=\"https:\/\/eldigitaldeasturias.com\/magazine365\/wp-content\/uploads\/2016\/05\/fotonoticia_20160520144257_800-360x259.jpg\" alt=\"fotonoticia_20160520144257_800\" width=\"360\" height=\"259\" srcset=\"https:\/\/eldigitaldeasturias.com\/magazine365\/wp-content\/uploads\/2016\/05\/fotonoticia_20160520144257_800-360x259.jpg 360w, https:\/\/eldigitaldeasturias.com\/magazine365\/wp-content\/uploads\/2016\/05\/fotonoticia_20160520144257_800-650x467.jpg 650w, https:\/\/eldigitaldeasturias.com\/magazine365\/wp-content\/uploads\/2016\/05\/fotonoticia_20160520144257_800-768x552.jpg 768w, https:\/\/eldigitaldeasturias.com\/magazine365\/wp-content\/uploads\/2016\/05\/fotonoticia_20160520144257_800-150x108.jpg 150w, https:\/\/eldigitaldeasturias.com\/magazine365\/wp-content\/uploads\/2016\/05\/fotonoticia_20160520144257_800-450x323.jpg 450w, https:\/\/eldigitaldeasturias.com\/magazine365\/wp-content\/uploads\/2016\/05\/fotonoticia_20160520144257_800.jpg 800w\" sizes=\"(max-width: 360px) 100vw, 360px\" \/>La Direcci\u00f3n General de Tr\u00e1fico (DGT)intensificar\u00e1 este fin de semana y el pr\u00f3ximo la vigilancia en las carreteras frecuentadas por cicilistas y motoristas. La campa\u00f1a se pone en marcha con motivo del aumento de la circulaci\u00f3n de bicicletas y motos durante los fines de semana de primavera y verano.<\/p>\n<p>La campa\u00f1a se desarrollar\u00e1 durante este s\u00e1bado y domingo, 21 y 22 de mayo, y el pr\u00f3ximo, periodos durante los cuales los agentes de la Agrupaci\u00f3n de Tr\u00e1fico de la Guardia Civil vigilar\u00e1n a pie de carretera y desde el aire, con los helic\u00f3pteros de la DGT, que los conductores respetan las normas de seguridad vial establecidas.<\/p>\n<p>Seg\u00fan el \u00faltimo Bar\u00f3metro de la Bicicleta, 3,8 millones de ciudadanos o uno de cada diez utiliza la bicicleta a diario o casi a diario, una cifra que ha aumentado nueve puntos respecto al \u00faltimo bar\u00f3metro de 2011.<\/p>\n<p>El mayor n\u00famero de accidentes de tr\u00e1fico con v\u00edctimas usuarias de bicicleta se produce en las v\u00edas urbanas, aunque es en las interurbanas donde la lesividad es mayor y donde se produce el mayor n\u00famero de fallecidos. En 2015, 42 ciclistas fallecieron en v\u00edas interurbanas y en los cinco primeros meses de este a\u00f1o ya han fallecido 11 usuarios de bicicleta.<\/p>\n<p>Seg\u00fan el bar\u00f3metro de la Bicicleta, seis de cada diez espa\u00f1oles no conoce la normativa sobre circulaci\u00f3n de bicicletas, incluidos cuatro de cada diez usuarios de bici, motivo por el cual, durante la campa\u00f1a, los agentes recordar\u00e1n a los conductores que paren e identifiquen las normas a cumplir, tanto si es conductor de una bicicleta o moto o si se es conductor de cualquier otro veh\u00edculo.<\/p>\n<p>En cuanto a las motocicletas, de los 32 millones que componen el parque automovil\u00edstico en Espa\u00f1a, tres son motos, lo que representa en 10% del total del parque. En 2015 los usuarios de motocicleta fallecidos en carreteras interurbanas fueron 219 y en los cinco meses de este a\u00f1o 51 usuarios de moto han fallecido ya en accidentes.<\/p>\n<p>La DGT recuerda que estos veh\u00edculos de dos ruedas son especialmente vulnerables. El riesgo de morir en accidente de tr\u00e1fico es 17 veces mayor en moto que en coche. Adem\u00e1s, el 95% de las v\u00edctimas mortales en accidente de tr\u00e1fico en las que est\u00e1 implicada una moto, el fallecido es el propio motorista.<\/p>\n<p>Pese a que el uso del casco es obligatorio tanto en v\u00edas urbanas como en interurbanas, en 2015, nueve personas que viajaban en moto no hac\u00edan uso de este dispositivo de seguridad, objeto que en muchas ocasiones evita la muerte.<\/p>\n<p>Por lo tanto, desde la DGT se apela a todos los usuarios de moto a que lleven puesto el casco siempre que se desplacen en estos veh\u00edculos, independientemente de si el trayecto es corto o largo ya que es un seguro de vida.<\/p>\n<p>Tambi\u00e9n se llama la atenci\u00f3n sobre el n\u00famero de motos que circulan por las carreteras sin la correspondiente Inspecci\u00f3n T\u00e9cnica de Veh\u00edculos, en un momento, en el que el mantenimiento del veh\u00edculo es esencial debido al envejecido parque de motos, cuya edad media es de 15 a\u00f1os. Estas circunstancias se reflejan en la siniestralidad, donde la edad de las motos en las que viajaban los motoristas fallecidos sigue aumentando (7,8 a\u00f1os en 2014 y 9,6 a\u00f1os en 2015) y el 9% de las motos en las que se desplazaban las v\u00edctimas mortales ten\u00edan la ITV caducada.<\/p>\n","protected":false},"excerpt":{"rendered":"<p>La Direcci\u00f3n General de Tr\u00e1fico (DGT)intensificar\u00e1 este fin de semana y el pr\u00f3ximo la vigilancia en las carreteras frecuentadas por cicilistas y motoristas. La campa\u00f1a se pone en marcha con motivo del aumento de la circulaci\u00f3n de bicicletas y motos durante los fines de semana de primavera y verano. La campa\u00f1a se desarrollar\u00e1 durante este<\/p>\n","protected":false},"author":1,"featured_media":76627,"comment_status":"open","ping_status":"closed","sticky":false,"template":"","format":"standard","meta":{"footnotes":""},"categories":[224],"tags":[],"class_list":{"0":"post-76626","1":"post","2":"type-post","3":"status-publish","4":"format-standard","5":"has-post-thumbnail","7":"category-noticias-actualidad"},"aioseo_notices":[],"aioseo_head":"\n\t\t<!-- All in One SEO Pro 4.9.6.1 - aioseo.com -->\n\t<meta name=\"description\" content=\"La Direcci\u00f3n General de Tr\u00e1fico (DGT)intensificar\u00e1 este fin de semana y el pr\u00f3ximo la vigilancia en las carreteras frecuentadas por cicilistas y motoristas. La campa\u00f1a se pone en marcha con motivo del aumento de la circulaci\u00f3n de bicicletas y motos durante los fines de semana de primavera y verano. La campa\u00f1a se desarrollar\u00e1 durante este\" \/>\n\t<meta name=\"robots\" content=\"max-image-preview:large\" \/>\n\t<meta name=\"author\" content=\"admin\"\/>\n\t<meta name=\"google-site-verification\" content=\"UA-38556648-1\" \/>\n\t<meta name=\"keywords\" content=\"noticias y actualidad\" \/>\n\t<link rel=\"canonical\" href=\"https:\/\/eldigitaldeasturias.com\/magazine365\/la-dgt-intensifica-la-vigilancia-en-carreteras-frecuentadas-por-ciclistas-y-motoristas\/\" \/>\n\t<meta name=\"generator\" content=\"All in One SEO Pro (AIOSEO) 4.9.6.1\" \/>\n\t\t<meta property=\"og:locale\" content=\"es_ES\" \/>\n\t\t<meta property=\"og:site_name\" content=\"El Digital de Asturias \u2013 Revista de ocio, turismo y estilo de vida\" \/>\n\t\t<meta property=\"og:type\" content=\"article\" \/>\n\t\t<meta property=\"og:title\" content=\"La DGT intensifica la vigilancia en carreteras frecuentadas por ciclistas y motoristas | El Digital de Asturias\" \/>\n\t\t<meta property=\"og:description\" content=\"La Direcci\u00f3n General de Tr\u00e1fico (DGT)intensificar\u00e1 este fin de semana y el pr\u00f3ximo la vigilancia en las carreteras frecuentadas por cicilistas y motoristas. La campa\u00f1a se pone en marcha con motivo del aumento de la circulaci\u00f3n de bicicletas y motos durante los fines de semana de primavera y verano. La campa\u00f1a se desarrollar\u00e1 durante este\" \/>\n\t\t<meta property=\"og:url\" content=\"https:\/\/eldigitaldeasturias.com\/magazine365\/la-dgt-intensifica-la-vigilancia-en-carreteras-frecuentadas-por-ciclistas-y-motoristas\/\" \/>\n\t\t<meta property=\"og:image\" content=\"https:\/\/eldigitaldeasturias.com\/magazine365\/wp-content\/uploads\/2016\/05\/fotonoticia_20160520144257_800.jpg\" \/>\n\t\t<meta property=\"og:image:secure_url\" content=\"https:\/\/eldigitaldeasturias.com\/magazine365\/wp-content\/uploads\/2016\/05\/fotonoticia_20160520144257_800.jpg\" \/>\n\t\t<meta property=\"og:image:width\" content=\"800\" \/>\n\t\t<meta property=\"og:image:height\" content=\"575\" \/>\n\t\t<meta property=\"article:published_time\" content=\"2016-05-21T05:35:52+00:00\" \/>\n\t\t<meta property=\"article:modified_time\" content=\"2016-05-21T05:35:52+00:00\" \/>\n\t\t<meta name=\"twitter:card\" content=\"summary_large_image\" \/>\n\t\t<meta name=\"twitter:title\" content=\"La DGT intensifica la vigilancia en carreteras frecuentadas por ciclistas y motoristas | El Digital de Asturias\" \/>\n\t\t<meta name=\"twitter:description\" content=\"La Direcci\u00f3n General de Tr\u00e1fico (DGT)intensificar\u00e1 este fin de semana y el pr\u00f3ximo la vigilancia en las carreteras frecuentadas por cicilistas y motoristas. La campa\u00f1a se pone en marcha con motivo del aumento de la circulaci\u00f3n de bicicletas y motos durante los fines de semana de primavera y verano. La campa\u00f1a se desarrollar\u00e1 durante este\" \/>\n\t\t<meta name=\"twitter:image\" content=\"https:\/\/eldigitaldeasturias.com\/magazine365\/wp-content\/uploads\/2016\/05\/fotonoticia_20160520144257_800.jpg\" \/>\n\t\t<script type=\"application\/ld+json\" class=\"aioseo-schema\">\n\t\t\t{\"@context\":\"https:\\\/\\\/schema.org\",\"@graph\":[{\"@type\":\"Article\",\"@id\":\"https:\\\/\\\/eldigitaldeasturias.com\\\/magazine365\\\/la-dgt-intensifica-la-vigilancia-en-carreteras-frecuentadas-por-ciclistas-y-motoristas\\\/#article\",\"name\":\"La DGT intensifica la vigilancia en carreteras frecuentadas por ciclistas y motoristas | El Digital de Asturias\",\"headline\":\"La DGT intensifica la vigilancia en carreteras frecuentadas por ciclistas y motoristas\",\"author\":{\"@id\":\"https:\\\/\\\/eldigitaldeasturias.com\\\/magazine365\\\/author\\\/admin\\\/#author\"},\"publisher\":{\"@id\":\"https:\\\/\\\/eldigitaldeasturias.com\\\/magazine365\\\/#organization\"},\"image\":{\"@type\":\"ImageObject\",\"url\":\"https:\\\/\\\/eldigitaldeasturias.com\\\/magazine365\\\/wp-content\\\/uploads\\\/2016\\\/05\\\/fotonoticia_20160520144257_800.jpg\",\"width\":800,\"height\":575},\"datePublished\":\"2016-05-21T07:35:52+02:00\",\"dateModified\":\"2016-05-21T07:35:52+02:00\",\"inLanguage\":\"es-ES\",\"mainEntityOfPage\":{\"@id\":\"https:\\\/\\\/eldigitaldeasturias.com\\\/magazine365\\\/la-dgt-intensifica-la-vigilancia-en-carreteras-frecuentadas-por-ciclistas-y-motoristas\\\/#webpage\"},\"isPartOf\":{\"@id\":\"https:\\\/\\\/eldigitaldeasturias.com\\\/magazine365\\\/la-dgt-intensifica-la-vigilancia-en-carreteras-frecuentadas-por-ciclistas-y-motoristas\\\/#webpage\"},\"articleSection\":\"Noticias y Actualidad\"},{\"@type\":\"BreadcrumbList\",\"@id\":\"https:\\\/\\\/eldigitaldeasturias.com\\\/magazine365\\\/la-dgt-intensifica-la-vigilancia-en-carreteras-frecuentadas-por-ciclistas-y-motoristas\\\/#breadcrumblist\",\"itemListElement\":[{\"@type\":\"ListItem\",\"@id\":\"https:\\\/\\\/eldigitaldeasturias.com\\\/magazine365#listItem\",\"position\":1,\"name\":\"Home\",\"item\":\"https:\\\/\\\/eldigitaldeasturias.com\\\/magazine365\",\"nextItem\":{\"@type\":\"ListItem\",\"@id\":\"https:\\\/\\\/eldigitaldeasturias.com\\\/magazine365\\\/category\\\/noticias-actualidad\\\/#listItem\",\"name\":\"Noticias y Actualidad\"}},{\"@type\":\"ListItem\",\"@id\":\"https:\\\/\\\/eldigitaldeasturias.com\\\/magazine365\\\/category\\\/noticias-actualidad\\\/#listItem\",\"position\":2,\"name\":\"Noticias y Actualidad\",\"item\":\"https:\\\/\\\/eldigitaldeasturias.com\\\/magazine365\\\/category\\\/noticias-actualidad\\\/\",\"nextItem\":{\"@type\":\"ListItem\",\"@id\":\"https:\\\/\\\/eldigitaldeasturias.com\\\/magazine365\\\/la-dgt-intensifica-la-vigilancia-en-carreteras-frecuentadas-por-ciclistas-y-motoristas\\\/#listItem\",\"name\":\"La DGT intensifica la vigilancia en carreteras frecuentadas por ciclistas y motoristas\"},\"previousItem\":{\"@type\":\"ListItem\",\"@id\":\"https:\\\/\\\/eldigitaldeasturias.com\\\/magazine365#listItem\",\"name\":\"Home\"}},{\"@type\":\"ListItem\",\"@id\":\"https:\\\/\\\/eldigitaldeasturias.com\\\/magazine365\\\/la-dgt-intensifica-la-vigilancia-en-carreteras-frecuentadas-por-ciclistas-y-motoristas\\\/#listItem\",\"position\":3,\"name\":\"La DGT intensifica la vigilancia en carreteras frecuentadas por ciclistas y motoristas\",\"previousItem\":{\"@type\":\"ListItem\",\"@id\":\"https:\\\/\\\/eldigitaldeasturias.com\\\/magazine365\\\/category\\\/noticias-actualidad\\\/#listItem\",\"name\":\"Noticias y Actualidad\"}}]},{\"@type\":\"Organization\",\"@id\":\"https:\\\/\\\/eldigitaldeasturias.com\\\/magazine365\\\/#organization\",\"name\":\"El digital de Asturias\",\"description\":\"Revista de ocio, turismo y estilo de vida\",\"url\":\"https:\\\/\\\/eldigitaldeasturias.com\\\/magazine365\\\/\",\"logo\":{\"@type\":\"ImageObject\",\"url\":\"https:\\\/\\\/www.eldigitaldeasturias.com\\\/noticias\\\/wp-content\\\/uploads\\\/2020\\\/12\\\/EDA.jpg\",\"@id\":\"https:\\\/\\\/eldigitaldeasturias.com\\\/magazine365\\\/la-dgt-intensifica-la-vigilancia-en-carreteras-frecuentadas-por-ciclistas-y-motoristas\\\/#organizationLogo\"},\"image\":{\"@id\":\"https:\\\/\\\/eldigitaldeasturias.com\\\/magazine365\\\/la-dgt-intensifica-la-vigilancia-en-carreteras-frecuentadas-por-ciclistas-y-motoristas\\\/#organizationLogo\"}},{\"@type\":\"Person\",\"@id\":\"https:\\\/\\\/eldigitaldeasturias.com\\\/magazine365\\\/author\\\/admin\\\/#author\",\"url\":\"https:\\\/\\\/eldigitaldeasturias.com\\\/magazine365\\\/author\\\/admin\\\/\",\"name\":\"admin\",\"image\":{\"@type\":\"ImageObject\",\"@id\":\"https:\\\/\\\/eldigitaldeasturias.com\\\/magazine365\\\/la-dgt-intensifica-la-vigilancia-en-carreteras-frecuentadas-por-ciclistas-y-motoristas\\\/#authorImage\",\"url\":\"https:\\\/\\\/eldigitaldeasturias.com\\\/magazine365\\\/wp-content\\\/litespeed\\\/avatar\\\/e571bcf59a0edd6fa6838245a470f2fe.jpg?ver=1777574230\",\"width\":96,\"height\":96,\"caption\":\"admin\"}},{\"@type\":\"WebPage\",\"@id\":\"https:\\\/\\\/eldigitaldeasturias.com\\\/magazine365\\\/la-dgt-intensifica-la-vigilancia-en-carreteras-frecuentadas-por-ciclistas-y-motoristas\\\/#webpage\",\"url\":\"https:\\\/\\\/eldigitaldeasturias.com\\\/magazine365\\\/la-dgt-intensifica-la-vigilancia-en-carreteras-frecuentadas-por-ciclistas-y-motoristas\\\/\",\"name\":\"La DGT intensifica la vigilancia en carreteras frecuentadas por ciclistas y motoristas | El Digital de Asturias\",\"description\":\"La Direcci\\u00f3n General de Tr\\u00e1fico (DGT)intensificar\\u00e1 este fin de semana y el pr\\u00f3ximo la vigilancia en las carreteras frecuentadas por cicilistas y motoristas. La campa\\u00f1a se pone en marcha con motivo del aumento de la circulaci\\u00f3n de bicicletas y motos durante los fines de semana de primavera y verano. La campa\\u00f1a se desarrollar\\u00e1 durante este\",\"inLanguage\":\"es-ES\",\"isPartOf\":{\"@id\":\"https:\\\/\\\/eldigitaldeasturias.com\\\/magazine365\\\/#website\"},\"breadcrumb\":{\"@id\":\"https:\\\/\\\/eldigitaldeasturias.com\\\/magazine365\\\/la-dgt-intensifica-la-vigilancia-en-carreteras-frecuentadas-por-ciclistas-y-motoristas\\\/#breadcrumblist\"},\"author\":{\"@id\":\"https:\\\/\\\/eldigitaldeasturias.com\\\/magazine365\\\/author\\\/admin\\\/#author\"},\"creator\":{\"@id\":\"https:\\\/\\\/eldigitaldeasturias.com\\\/magazine365\\\/author\\\/admin\\\/#author\"},\"image\":{\"@type\":\"ImageObject\",\"url\":\"https:\\\/\\\/eldigitaldeasturias.com\\\/magazine365\\\/wp-content\\\/uploads\\\/2016\\\/05\\\/fotonoticia_20160520144257_800.jpg\",\"@id\":\"https:\\\/\\\/eldigitaldeasturias.com\\\/magazine365\\\/la-dgt-intensifica-la-vigilancia-en-carreteras-frecuentadas-por-ciclistas-y-motoristas\\\/#mainImage\",\"width\":800,\"height\":575},\"primaryImageOfPage\":{\"@id\":\"https:\\\/\\\/eldigitaldeasturias.com\\\/magazine365\\\/la-dgt-intensifica-la-vigilancia-en-carreteras-frecuentadas-por-ciclistas-y-motoristas\\\/#mainImage\"},\"datePublished\":\"2016-05-21T07:35:52+02:00\",\"dateModified\":\"2016-05-21T07:35:52+02:00\"},{\"@type\":\"WebSite\",\"@id\":\"https:\\\/\\\/eldigitaldeasturias.com\\\/magazine365\\\/#website\",\"url\":\"https:\\\/\\\/eldigitaldeasturias.com\\\/magazine365\\\/\",\"name\":\"El Digital de Asturias\",\"description\":\"Revista de ocio, turismo y estilo de vida\",\"inLanguage\":\"es-ES\",\"publisher\":{\"@id\":\"https:\\\/\\\/eldigitaldeasturias.com\\\/magazine365\\\/#organization\"}}]}\n\t\t<\/script>\n\t\t<!-- All in One SEO Pro -->\r\n\t\t<title>La DGT intensifica la vigilancia en carreteras frecuentadas por ciclistas y motoristas | El Digital de Asturias<\/title>\n\n","aioseo_head_json":{"title":"La DGT intensifica la vigilancia en carreteras frecuentadas por ciclistas y motoristas | El Digital de Asturias","description":"La Direcci\u00f3n General de Tr\u00e1fico (DGT)intensificar\u00e1 este fin de semana y el pr\u00f3ximo la vigilancia en las carreteras frecuentadas por cicilistas y motoristas. La campa\u00f1a se pone en marcha con motivo del aumento de la circulaci\u00f3n de bicicletas y motos durante los fines de semana de primavera y verano. La campa\u00f1a se desarrollar\u00e1 durante este","canonical_url":"https:\/\/eldigitaldeasturias.com\/magazine365\/la-dgt-intensifica-la-vigilancia-en-carreteras-frecuentadas-por-ciclistas-y-motoristas\/","robots":"max-image-preview:large","keywords":"noticias y actualidad","webmasterTools":{"google-site-verification":"UA-38556648-1","miscellaneous":""},"schema":{"@context":"https:\/\/schema.org","@graph":[{"@type":"Article","@id":"https:\/\/eldigitaldeasturias.com\/magazine365\/la-dgt-intensifica-la-vigilancia-en-carreteras-frecuentadas-por-ciclistas-y-motoristas\/#article","name":"La DGT intensifica la vigilancia en carreteras frecuentadas por ciclistas y motoristas | El Digital de Asturias","headline":"La DGT intensifica la vigilancia en carreteras frecuentadas por ciclistas y motoristas","author":{"@id":"https:\/\/eldigitaldeasturias.com\/magazine365\/author\/admin\/#author"},"publisher":{"@id":"https:\/\/eldigitaldeasturias.com\/magazine365\/#organization"},"image":{"@type":"ImageObject","url":"https:\/\/eldigitaldeasturias.com\/magazine365\/wp-content\/uploads\/2016\/05\/fotonoticia_20160520144257_800.jpg","width":800,"height":575},"datePublished":"2016-05-21T07:35:52+02:00","dateModified":"2016-05-21T07:35:52+02:00","inLanguage":"es-ES","mainEntityOfPage":{"@id":"https:\/\/eldigitaldeasturias.com\/magazine365\/la-dgt-intensifica-la-vigilancia-en-carreteras-frecuentadas-por-ciclistas-y-motoristas\/#webpage"},"isPartOf":{"@id":"https:\/\/eldigitaldeasturias.com\/magazine365\/la-dgt-intensifica-la-vigilancia-en-carreteras-frecuentadas-por-ciclistas-y-motoristas\/#webpage"},"articleSection":"Noticias y Actualidad"},{"@type":"BreadcrumbList","@id":"https:\/\/eldigitaldeasturias.com\/magazine365\/la-dgt-intensifica-la-vigilancia-en-carreteras-frecuentadas-por-ciclistas-y-motoristas\/#breadcrumblist","itemListElement":[{"@type":"ListItem","@id":"https:\/\/eldigitaldeasturias.com\/magazine365#listItem","position":1,"name":"Home","item":"https:\/\/eldigitaldeasturias.com\/magazine365","nextItem":{"@type":"ListItem","@id":"https:\/\/eldigitaldeasturias.com\/magazine365\/category\/noticias-actualidad\/#listItem","name":"Noticias y Actualidad"}},{"@type":"ListItem","@id":"https:\/\/eldigitaldeasturias.com\/magazine365\/category\/noticias-actualidad\/#listItem","position":2,"name":"Noticias y Actualidad","item":"https:\/\/eldigitaldeasturias.com\/magazine365\/category\/noticias-actualidad\/","nextItem":{"@type":"ListItem","@id":"https:\/\/eldigitaldeasturias.com\/magazine365\/la-dgt-intensifica-la-vigilancia-en-carreteras-frecuentadas-por-ciclistas-y-motoristas\/#listItem","name":"La DGT intensifica la vigilancia en carreteras frecuentadas por ciclistas y motoristas"},"previousItem":{"@type":"ListItem","@id":"https:\/\/eldigitaldeasturias.com\/magazine365#listItem","name":"Home"}},{"@type":"ListItem","@id":"https:\/\/eldigitaldeasturias.com\/magazine365\/la-dgt-intensifica-la-vigilancia-en-carreteras-frecuentadas-por-ciclistas-y-motoristas\/#listItem","position":3,"name":"La DGT intensifica la vigilancia en carreteras frecuentadas por ciclistas y motoristas","previousItem":{"@type":"ListItem","@id":"https:\/\/eldigitaldeasturias.com\/magazine365\/category\/noticias-actualidad\/#listItem","name":"Noticias y Actualidad"}}]},{"@type":"Organization","@id":"https:\/\/eldigitaldeasturias.com\/magazine365\/#organization","name":"El digital de Asturias","description":"Revista de ocio, turismo y estilo de vida","url":"https:\/\/eldigitaldeasturias.com\/magazine365\/","logo":{"@type":"ImageObject","url":"https:\/\/www.eldigitaldeasturias.com\/noticias\/wp-content\/uploads\/2020\/12\/EDA.jpg","@id":"https:\/\/eldigitaldeasturias.com\/magazine365\/la-dgt-intensifica-la-vigilancia-en-carreteras-frecuentadas-por-ciclistas-y-motoristas\/#organizationLogo"},"image":{"@id":"https:\/\/eldigitaldeasturias.com\/magazine365\/la-dgt-intensifica-la-vigilancia-en-carreteras-frecuentadas-por-ciclistas-y-motoristas\/#organizationLogo"}},{"@type":"Person","@id":"https:\/\/eldigitaldeasturias.com\/magazine365\/author\/admin\/#author","url":"https:\/\/eldigitaldeasturias.com\/magazine365\/author\/admin\/","name":"admin","image":{"@type":"ImageObject","@id":"https:\/\/eldigitaldeasturias.com\/magazine365\/la-dgt-intensifica-la-vigilancia-en-carreteras-frecuentadas-por-ciclistas-y-motoristas\/#authorImage","url":"https:\/\/eldigitaldeasturias.com\/magazine365\/wp-content\/litespeed\/avatar\/e571bcf59a0edd6fa6838245a470f2fe.jpg?ver=1777574230","width":96,"height":96,"caption":"admin"}},{"@type":"WebPage","@id":"https:\/\/eldigitaldeasturias.com\/magazine365\/la-dgt-intensifica-la-vigilancia-en-carreteras-frecuentadas-por-ciclistas-y-motoristas\/#webpage","url":"https:\/\/eldigitaldeasturias.com\/magazine365\/la-dgt-intensifica-la-vigilancia-en-carreteras-frecuentadas-por-ciclistas-y-motoristas\/","name":"La DGT intensifica la vigilancia en carreteras frecuentadas por ciclistas y motoristas | El Digital de Asturias","description":"La Direcci\u00f3n General de Tr\u00e1fico (DGT)intensificar\u00e1 este fin de semana y el pr\u00f3ximo la vigilancia en las carreteras frecuentadas por cicilistas y motoristas. La campa\u00f1a se pone en marcha con motivo del aumento de la circulaci\u00f3n de bicicletas y motos durante los fines de semana de primavera y verano. La campa\u00f1a se desarrollar\u00e1 durante este","inLanguage":"es-ES","isPartOf":{"@id":"https:\/\/eldigitaldeasturias.com\/magazine365\/#website"},"breadcrumb":{"@id":"https:\/\/eldigitaldeasturias.com\/magazine365\/la-dgt-intensifica-la-vigilancia-en-carreteras-frecuentadas-por-ciclistas-y-motoristas\/#breadcrumblist"},"author":{"@id":"https:\/\/eldigitaldeasturias.com\/magazine365\/author\/admin\/#author"},"creator":{"@id":"https:\/\/eldigitaldeasturias.com\/magazine365\/author\/admin\/#author"},"image":{"@type":"ImageObject","url":"https:\/\/eldigitaldeasturias.com\/magazine365\/wp-content\/uploads\/2016\/05\/fotonoticia_20160520144257_800.jpg","@id":"https:\/\/eldigitaldeasturias.com\/magazine365\/la-dgt-intensifica-la-vigilancia-en-carreteras-frecuentadas-por-ciclistas-y-motoristas\/#mainImage","width":800,"height":575},"primaryImageOfPage":{"@id":"https:\/\/eldigitaldeasturias.com\/magazine365\/la-dgt-intensifica-la-vigilancia-en-carreteras-frecuentadas-por-ciclistas-y-motoristas\/#mainImage"},"datePublished":"2016-05-21T07:35:52+02:00","dateModified":"2016-05-21T07:35:52+02:00"},{"@type":"WebSite","@id":"https:\/\/eldigitaldeasturias.com\/magazine365\/#website","url":"https:\/\/eldigitaldeasturias.com\/magazine365\/","name":"El Digital de Asturias","description":"Revista de ocio, turismo y estilo de vida","inLanguage":"es-ES","publisher":{"@id":"https:\/\/eldigitaldeasturias.com\/magazine365\/#organization"}}]},"og:locale":"es_ES","og:site_name":"El Digital de Asturias \u2013 Revista de ocio, turismo y estilo de vida","og:type":"article","og:title":"La DGT intensifica la vigilancia en carreteras frecuentadas por ciclistas y motoristas | El Digital de Asturias","og:description":"La Direcci\u00f3n General de Tr\u00e1fico (DGT)intensificar\u00e1 este fin de semana y el pr\u00f3ximo la vigilancia en las carreteras frecuentadas por cicilistas y motoristas. La campa\u00f1a se pone en marcha con motivo del aumento de la circulaci\u00f3n de bicicletas y motos durante los fines de semana de primavera y verano. La campa\u00f1a se desarrollar\u00e1 durante este","og:url":"https:\/\/eldigitaldeasturias.com\/magazine365\/la-dgt-intensifica-la-vigilancia-en-carreteras-frecuentadas-por-ciclistas-y-motoristas\/","og:image":"https:\/\/eldigitaldeasturias.com\/magazine365\/wp-content\/uploads\/2016\/05\/fotonoticia_20160520144257_800.jpg","og:image:secure_url":"https:\/\/eldigitaldeasturias.com\/magazine365\/wp-content\/uploads\/2016\/05\/fotonoticia_20160520144257_800.jpg","og:image:width":800,"og:image:height":575,"article:published_time":"2016-05-21T05:35:52+00:00","article:modified_time":"2016-05-21T05:35:52+00:00","twitter:card":"summary_large_image","twitter:title":"La DGT intensifica la vigilancia en carreteras frecuentadas por ciclistas y motoristas | El Digital de Asturias","twitter:description":"La Direcci\u00f3n General de Tr\u00e1fico (DGT)intensificar\u00e1 este fin de semana y el pr\u00f3ximo la vigilancia en las carreteras frecuentadas por cicilistas y motoristas. La campa\u00f1a se pone en marcha con motivo del aumento de la circulaci\u00f3n de bicicletas y motos durante los fines de semana de primavera y verano. La campa\u00f1a se desarrollar\u00e1 durante este","twitter:image":"https:\/\/eldigitaldeasturias.com\/magazine365\/wp-content\/uploads\/2016\/05\/fotonoticia_20160520144257_800.jpg"},"aioseo_meta_data":{"post_id":"76626","title":null,"description":null,"keywords":null,"keyphrases":null,"primary_term":null,"canonical_url":null,"og_title":null,"og_description":null,"og_object_type":"default","og_image_type":"default","og_image_url":null,"og_image_width":null,"og_image_height":null,"og_image_custom_url":null,"og_image_custom_fields":null,"og_video":null,"og_custom_url":null,"og_article_section":null,"og_article_tags":null,"twitter_use_og":false,"twitter_card":"default","twitter_image_type":"default","twitter_image_url":null,"twitter_image_custom_url":null,"twitter_image_custom_fields":null,"twitter_title":null,"twitter_description":null,"schema":{"blockGraphs":[],"customGraphs":[],"default":{"data":{"Article":[],"Course":[],"Dataset":[],"FAQPage":[],"Movie":[],"Person":[],"Product":[],"ProductReview":[],"Car":[],"Recipe":[],"Service":[],"SoftwareApplication":[],"WebPage":[]},"graphName":"","isEnabled":true},"graphs":[],"defaultGraph":"","defaultPostTypeGraph":""},"schema_type":null,"schema_type_options":null,"pillar_content":false,"robots_default":true,"robots_noindex":false,"robots_noarchive":false,"robots_nosnippet":false,"robots_nofollow":false,"robots_noimageindex":false,"robots_noodp":false,"robots_notranslate":false,"robots_max_snippet":null,"robots_max_videopreview":null,"robots_max_imagepreview":"large","priority":null,"frequency":null,"location":null,"local_seo":null,"seo_analyzer_scan_date":"2025-09-27 13:07:19","breadcrumb_settings":null,"limit_modified_date":false,"open_ai":null,"ai":null,"created":"2021-03-08 18:26:09","updated":"2025-09-27 13:07:19"},"aioseo_breadcrumb":"<div class=\"aioseo-breadcrumbs\"><span class=\"aioseo-breadcrumb\">\n\t<a href=\"https:\/\/eldigitaldeasturias.com\/magazine365\" title=\"Home\">Home<\/a>\n<\/span><span class=\"aioseo-breadcrumb-separator\">\u2013<\/span><span class=\"aioseo-breadcrumb\">\n\t<a href=\"https:\/\/eldigitaldeasturias.com\/magazine365\/category\/noticias-actualidad\/\" title=\"Noticias y Actualidad\">Noticias y Actualidad<\/a>\n<\/span><span class=\"aioseo-breadcrumb-separator\">\u2013<\/span><span class=\"aioseo-breadcrumb\">\n\t<a href=\"https:\/\/eldigitaldeasturias.com\/magazine365\/la-dgt-intensifica-la-vigilancia-en-carreteras-frecuentadas-por-ciclistas-y-motoristas\/\" title=\"La DGT intensifica la vigilancia en carreteras frecuentadas por ciclistas y motoristas\">La DGT intensifica la vigilancia en carreteras frecuentadas por ciclistas y motoristas<\/a>\n<\/span><\/div>","aioseo_breadcrumb_json":[{"label":"Home","link":"https:\/\/eldigitaldeasturias.com\/magazine365"},{"label":"Noticias y Actualidad","link":"https:\/\/eldigitaldeasturias.com\/magazine365\/category\/noticias-actualidad\/"},{"label":"La DGT intensifica la vigilancia en carreteras frecuentadas por ciclistas y motoristas","link":"https:\/\/eldigitaldeasturias.com\/magazine365\/la-dgt-intensifica-la-vigilancia-en-carreteras-frecuentadas-por-ciclistas-y-motoristas\/"}],"_links":{"self":[{"href":"https:\/\/eldigitaldeasturias.com\/magazine365\/wp-json\/wp\/v2\/posts\/76626","targetHints":{"allow":["GET"]}}],"collection":[{"href":"https:\/\/eldigitaldeasturias.com\/magazine365\/wp-json\/wp\/v2\/posts"}],"about":[{"href":"https:\/\/eldigitaldeasturias.com\/magazine365\/wp-json\/wp\/v2\/types\/post"}],"author":[{"embeddable":true,"href":"https:\/\/eldigitaldeasturias.com\/magazine365\/wp-json\/wp\/v2\/users\/1"}],"replies":[{"embeddable":true,"href":"https:\/\/eldigitaldeasturias.com\/magazine365\/wp-json\/wp\/v2\/comments?post=76626"}],"version-history":[{"count":0,"href":"https:\/\/eldigitaldeasturias.com\/magazine365\/wp-json\/wp\/v2\/posts\/76626\/revisions"}],"wp:featuredmedia":[{"embeddable":true,"href":"https:\/\/eldigitaldeasturias.com\/magazine365\/wp-json\/wp\/v2\/media\/76627"}],"wp:attachment":[{"href":"https:\/\/eldigitaldeasturias.com\/magazine365\/wp-json\/wp\/v2\/media?parent=76626"}],"wp:term":[{"taxonomy":"category","embeddable":true,"href":"https:\/\/eldigitaldeasturias.com\/magazine365\/wp-json\/wp\/v2\/categories?post=76626"},{"taxonomy":"post_tag","embeddable":true,"href":"https:\/\/eldigitaldeasturias.com\/magazine365\/wp-json\/wp\/v2\/tags?post=76626"}],"curies":[{"name":"wp","href":"https:\/\/api.w.org\/{rel}","templated":true}]}}