{"id":76623,"date":"2016-05-21T07:34:26","date_gmt":"2016-05-21T05:34:26","guid":{"rendered":"http:\/\/eldigitaldeasturias.com\/magazine365\/?p=76623"},"modified":"2016-05-21T07:34:26","modified_gmt":"2016-05-21T05:34:26","slug":"el-parador-de-cambados-celebra-su-50-aniversario","status":"publish","type":"post","link":"https:\/\/eldigitaldeasturias.com\/magazine365\/el-parador-de-cambados-celebra-su-50-aniversario\/","title":{"rendered":"El Parador de Cambados celebra su 50 aniversario"},"content":{"rendered":"<p><img fetchpriority=\"high\" decoding=\"async\" class=\"alignleft size-medium wp-image-76624\" src=\"https:\/\/eldigitaldeasturias.com\/magazine365\/wp-content\/uploads\/2016\/05\/fotonoticia_20160520142353_800-360x224.jpg\" alt=\"fotonoticia_20160520142353_800\" width=\"360\" height=\"224\" srcset=\"https:\/\/eldigitaldeasturias.com\/magazine365\/wp-content\/uploads\/2016\/05\/fotonoticia_20160520142353_800-360x224.jpg 360w, https:\/\/eldigitaldeasturias.com\/magazine365\/wp-content\/uploads\/2016\/05\/fotonoticia_20160520142353_800-650x404.jpg 650w, https:\/\/eldigitaldeasturias.com\/magazine365\/wp-content\/uploads\/2016\/05\/fotonoticia_20160520142353_800-768x477.jpg 768w, https:\/\/eldigitaldeasturias.com\/magazine365\/wp-content\/uploads\/2016\/05\/fotonoticia_20160520142353_800-150x93.jpg 150w, https:\/\/eldigitaldeasturias.com\/magazine365\/wp-content\/uploads\/2016\/05\/fotonoticia_20160520142353_800-450x280.jpg 450w, https:\/\/eldigitaldeasturias.com\/magazine365\/wp-content\/uploads\/2016\/05\/fotonoticia_20160520142353_800-279x173.jpg 279w, https:\/\/eldigitaldeasturias.com\/magazine365\/wp-content\/uploads\/2016\/05\/fotonoticia_20160520142353_800-160x100.jpg 160w, https:\/\/eldigitaldeasturias.com\/magazine365\/wp-content\/uploads\/2016\/05\/fotonoticia_20160520142353_800.jpg 800w\" sizes=\"(max-width: 360px) 100vw, 360px\" \/>El presidente de la Xunta de Galicia, Alberto N\u00fa\u00f1ez Feij\u00f3o, ha presidido este viernes la celebraci\u00f3n del cincuenta aniversario del Parador de Turismo de Cambados situado en Pontevedra.<\/p>\n<p>Un acto ha tenido lugar en las instalaciones de este emblem\u00e1tico establecimiento y ha contado con la participaci\u00f3n de la presidenta de Paradores \u00c1ngeles Alarc\u00f3, as\u00ed como parte del equipo directivo de la empresa hotelera.<\/p>\n<p>Alarc\u00f3 record\u00f3 que el pasado ejercicio la red alcanz\u00f3 un resultado positivo tras seis a\u00f1os de p\u00e9rdidas y ajustes y destac\u00f3 la importante labor de Paradores, \u00abimpulsando la conservaci\u00f3n y el cuidado de nuestro patrimonio hist\u00f3rico-art\u00edstico\u00bb.<\/p>\n<p>La alcaldesa de Cambados, F\u00e1tima Abal, destac\u00f3 la trayectoria y el papel que sigue jugando este establecimiento hostelero en el pueblo, y en el conjunto de la comunidad aut\u00f3noma.<\/p>\n<p>Por su parte el presidente de la Xunta cerr\u00f3 el acto destacando que \u00absi Paradores gana dinero, ganamos todos los espa\u00f1oles, que somos accionistas de la empresa\u00bb.<\/p>\n<p>Durante su intervenci\u00f3n realiz\u00f3 emotivas alusiones a Emilia Pardo Baz\u00e1n a \u00c1lvaro Cunqueiro, as\u00ed como a Manuel Fraga, ministro de Informaci\u00f3n y Turismo de la \u00e9poca y precursor de varios paradores en la zona.<\/p>\n<p>EL PARADOR DE LOS 15 MILLONES DE PESETAS.<\/p>\n<p>La inauguraci\u00f3n se produjo el 22 de mayo de 1966, d\u00eda en el que los peri\u00f3dicos de la \u00e9poca publicaban que \u00abel nuevo Parador que ha costado 15 millones de pesetas cuenta con un sal\u00f3n para 125 personas, marisquer\u00eda, salones sociales y una amplia zona ajardinada donde se realiza la fiesta del Albari\u00f1o\u00bb.<\/p>\n<p>A finales de los a\u00f1os 70 sufri\u00f3 otra remodelaci\u00f3n para ampliar su capacidad de alojamiento y en 2003 volvi\u00f3 a ser reformado para adaptarle a los actuales est\u00e1ndares de calidad y confort.<\/p>\n<p>Un total de 14 Paradores celebran este a\u00f1o el 50 aniversario de su fecha de apertura: Aiguablava (Girona), Alarc\u00f3n (Cuenca), Arcos de la Frontera (C\u00e1diz), \u00c1vila, Ayamonte (Huelva), Baiona (Pontevedra), Cambados (Pontevedra), El Saler (Valencia), Fuente D\u00e9 (Cantabria), Jarandilla de la Vera (C\u00e1ceres), Moj\u00e1car (Almer\u00eda), Olite (Navarra), Soria, Vielha (Lleida).<\/p>\n","protected":false},"excerpt":{"rendered":"<p>El presidente de la Xunta de Galicia, Alberto N\u00fa\u00f1ez Feij\u00f3o, ha presidido este viernes la celebraci\u00f3n del cincuenta aniversario del Parador de Turismo de Cambados situado en Pontevedra. Un acto ha tenido lugar en las instalaciones de este emblem\u00e1tico establecimiento y ha contado con la participaci\u00f3n de la presidenta de Paradores \u00c1ngeles Alarc\u00f3, as\u00ed como<\/p>\n","protected":false},"author":1,"featured_media":76624,"comment_status":"open","ping_status":"closed","sticky":false,"template":"","format":"standard","meta":{"footnotes":""},"categories":[224],"tags":[],"class_list":{"0":"post-76623","1":"post","2":"type-post","3":"status-publish","4":"format-standard","5":"has-post-thumbnail","7":"category-noticias-actualidad"},"aioseo_notices":[],"aioseo_head":"\n\t\t<!-- All in One SEO Pro 4.9.6.1 - aioseo.com -->\n\t<meta name=\"description\" content=\"El presidente de la Xunta de Galicia, Alberto N\u00fa\u00f1ez Feij\u00f3o, ha presidido este viernes la celebraci\u00f3n del cincuenta aniversario del Parador de Turismo de Cambados situado en Pontevedra. Un acto ha tenido lugar en las instalaciones de este emblem\u00e1tico establecimiento y ha contado con la participaci\u00f3n de la presidenta de Paradores \u00c1ngeles Alarc\u00f3, as\u00ed como\" \/>\n\t<meta name=\"robots\" content=\"max-image-preview:large\" \/>\n\t<meta name=\"author\" content=\"admin\"\/>\n\t<meta name=\"google-site-verification\" content=\"UA-38556648-1\" \/>\n\t<meta name=\"keywords\" content=\"noticias y actualidad\" \/>\n\t<link rel=\"canonical\" href=\"https:\/\/eldigitaldeasturias.com\/magazine365\/el-parador-de-cambados-celebra-su-50-aniversario\/\" \/>\n\t<meta name=\"generator\" content=\"All in One SEO Pro (AIOSEO) 4.9.6.1\" \/>\n\t\t<meta property=\"og:locale\" content=\"es_ES\" \/>\n\t\t<meta property=\"og:site_name\" content=\"El Digital de Asturias \u2013 Revista de ocio, turismo y estilo de vida\" \/>\n\t\t<meta property=\"og:type\" content=\"article\" \/>\n\t\t<meta property=\"og:title\" content=\"El Parador de Cambados celebra su 50 aniversario | El Digital de Asturias\" \/>\n\t\t<meta property=\"og:description\" content=\"El presidente de la Xunta de Galicia, Alberto N\u00fa\u00f1ez Feij\u00f3o, ha presidido este viernes la celebraci\u00f3n del cincuenta aniversario del Parador de Turismo de Cambados situado en Pontevedra. Un acto ha tenido lugar en las instalaciones de este emblem\u00e1tico establecimiento y ha contado con la participaci\u00f3n de la presidenta de Paradores \u00c1ngeles Alarc\u00f3, as\u00ed como\" \/>\n\t\t<meta property=\"og:url\" content=\"https:\/\/eldigitaldeasturias.com\/magazine365\/el-parador-de-cambados-celebra-su-50-aniversario\/\" \/>\n\t\t<meta property=\"og:image\" content=\"https:\/\/eldigitaldeasturias.com\/magazine365\/wp-content\/uploads\/2016\/05\/fotonoticia_20160520142353_800.jpg\" \/>\n\t\t<meta property=\"og:image:secure_url\" content=\"https:\/\/eldigitaldeasturias.com\/magazine365\/wp-content\/uploads\/2016\/05\/fotonoticia_20160520142353_800.jpg\" \/>\n\t\t<meta property=\"og:image:width\" content=\"800\" \/>\n\t\t<meta property=\"og:image:height\" content=\"497\" \/>\n\t\t<meta property=\"article:published_time\" content=\"2016-05-21T05:34:26+00:00\" \/>\n\t\t<meta property=\"article:modified_time\" content=\"2016-05-21T05:34:26+00:00\" \/>\n\t\t<meta name=\"twitter:card\" content=\"summary_large_image\" \/>\n\t\t<meta name=\"twitter:title\" content=\"El Parador de Cambados celebra su 50 aniversario | El Digital de Asturias\" \/>\n\t\t<meta name=\"twitter:description\" content=\"El presidente de la Xunta de Galicia, Alberto N\u00fa\u00f1ez Feij\u00f3o, ha presidido este viernes la celebraci\u00f3n del cincuenta aniversario del Parador de Turismo de Cambados situado en Pontevedra. Un acto ha tenido lugar en las instalaciones de este emblem\u00e1tico establecimiento y ha contado con la participaci\u00f3n de la presidenta de Paradores \u00c1ngeles Alarc\u00f3, as\u00ed como\" \/>\n\t\t<meta name=\"twitter:image\" content=\"https:\/\/eldigitaldeasturias.com\/magazine365\/wp-content\/uploads\/2016\/05\/fotonoticia_20160520142353_800.jpg\" \/>\n\t\t<script type=\"application\/ld+json\" class=\"aioseo-schema\">\n\t\t\t{\"@context\":\"https:\\\/\\\/schema.org\",\"@graph\":[{\"@type\":\"Article\",\"@id\":\"https:\\\/\\\/eldigitaldeasturias.com\\\/magazine365\\\/el-parador-de-cambados-celebra-su-50-aniversario\\\/#article\",\"name\":\"El Parador de Cambados celebra su 50 aniversario | El Digital de Asturias\",\"headline\":\"El Parador de Cambados celebra su 50 aniversario\",\"author\":{\"@id\":\"https:\\\/\\\/eldigitaldeasturias.com\\\/magazine365\\\/author\\\/admin\\\/#author\"},\"publisher\":{\"@id\":\"https:\\\/\\\/eldigitaldeasturias.com\\\/magazine365\\\/#organization\"},\"image\":{\"@type\":\"ImageObject\",\"url\":\"https:\\\/\\\/eldigitaldeasturias.com\\\/magazine365\\\/wp-content\\\/uploads\\\/2016\\\/05\\\/fotonoticia_20160520142353_800.jpg\",\"width\":800,\"height\":497},\"datePublished\":\"2016-05-21T07:34:26+02:00\",\"dateModified\":\"2016-05-21T07:34:26+02:00\",\"inLanguage\":\"es-ES\",\"mainEntityOfPage\":{\"@id\":\"https:\\\/\\\/eldigitaldeasturias.com\\\/magazine365\\\/el-parador-de-cambados-celebra-su-50-aniversario\\\/#webpage\"},\"isPartOf\":{\"@id\":\"https:\\\/\\\/eldigitaldeasturias.com\\\/magazine365\\\/el-parador-de-cambados-celebra-su-50-aniversario\\\/#webpage\"},\"articleSection\":\"Noticias y Actualidad\"},{\"@type\":\"BreadcrumbList\",\"@id\":\"https:\\\/\\\/eldigitaldeasturias.com\\\/magazine365\\\/el-parador-de-cambados-celebra-su-50-aniversario\\\/#breadcrumblist\",\"itemListElement\":[{\"@type\":\"ListItem\",\"@id\":\"https:\\\/\\\/eldigitaldeasturias.com\\\/magazine365#listItem\",\"position\":1,\"name\":\"Home\",\"item\":\"https:\\\/\\\/eldigitaldeasturias.com\\\/magazine365\",\"nextItem\":{\"@type\":\"ListItem\",\"@id\":\"https:\\\/\\\/eldigitaldeasturias.com\\\/magazine365\\\/category\\\/noticias-actualidad\\\/#listItem\",\"name\":\"Noticias y Actualidad\"}},{\"@type\":\"ListItem\",\"@id\":\"https:\\\/\\\/eldigitaldeasturias.com\\\/magazine365\\\/category\\\/noticias-actualidad\\\/#listItem\",\"position\":2,\"name\":\"Noticias y Actualidad\",\"item\":\"https:\\\/\\\/eldigitaldeasturias.com\\\/magazine365\\\/category\\\/noticias-actualidad\\\/\",\"nextItem\":{\"@type\":\"ListItem\",\"@id\":\"https:\\\/\\\/eldigitaldeasturias.com\\\/magazine365\\\/el-parador-de-cambados-celebra-su-50-aniversario\\\/#listItem\",\"name\":\"El Parador de Cambados celebra su 50 aniversario\"},\"previousItem\":{\"@type\":\"ListItem\",\"@id\":\"https:\\\/\\\/eldigitaldeasturias.com\\\/magazine365#listItem\",\"name\":\"Home\"}},{\"@type\":\"ListItem\",\"@id\":\"https:\\\/\\\/eldigitaldeasturias.com\\\/magazine365\\\/el-parador-de-cambados-celebra-su-50-aniversario\\\/#listItem\",\"position\":3,\"name\":\"El Parador de Cambados celebra su 50 aniversario\",\"previousItem\":{\"@type\":\"ListItem\",\"@id\":\"https:\\\/\\\/eldigitaldeasturias.com\\\/magazine365\\\/category\\\/noticias-actualidad\\\/#listItem\",\"name\":\"Noticias y Actualidad\"}}]},{\"@type\":\"Organization\",\"@id\":\"https:\\\/\\\/eldigitaldeasturias.com\\\/magazine365\\\/#organization\",\"name\":\"El digital de Asturias\",\"description\":\"Revista de ocio, turismo y estilo de vida\",\"url\":\"https:\\\/\\\/eldigitaldeasturias.com\\\/magazine365\\\/\",\"logo\":{\"@type\":\"ImageObject\",\"url\":\"https:\\\/\\\/www.eldigitaldeasturias.com\\\/noticias\\\/wp-content\\\/uploads\\\/2020\\\/12\\\/EDA.jpg\",\"@id\":\"https:\\\/\\\/eldigitaldeasturias.com\\\/magazine365\\\/el-parador-de-cambados-celebra-su-50-aniversario\\\/#organizationLogo\"},\"image\":{\"@id\":\"https:\\\/\\\/eldigitaldeasturias.com\\\/magazine365\\\/el-parador-de-cambados-celebra-su-50-aniversario\\\/#organizationLogo\"}},{\"@type\":\"Person\",\"@id\":\"https:\\\/\\\/eldigitaldeasturias.com\\\/magazine365\\\/author\\\/admin\\\/#author\",\"url\":\"https:\\\/\\\/eldigitaldeasturias.com\\\/magazine365\\\/author\\\/admin\\\/\",\"name\":\"admin\",\"image\":{\"@type\":\"ImageObject\",\"@id\":\"https:\\\/\\\/eldigitaldeasturias.com\\\/magazine365\\\/el-parador-de-cambados-celebra-su-50-aniversario\\\/#authorImage\",\"url\":\"https:\\\/\\\/eldigitaldeasturias.com\\\/magazine365\\\/wp-content\\\/litespeed\\\/avatar\\\/e571bcf59a0edd6fa6838245a470f2fe.jpg?ver=1777574230\",\"width\":96,\"height\":96,\"caption\":\"admin\"}},{\"@type\":\"WebPage\",\"@id\":\"https:\\\/\\\/eldigitaldeasturias.com\\\/magazine365\\\/el-parador-de-cambados-celebra-su-50-aniversario\\\/#webpage\",\"url\":\"https:\\\/\\\/eldigitaldeasturias.com\\\/magazine365\\\/el-parador-de-cambados-celebra-su-50-aniversario\\\/\",\"name\":\"El Parador de Cambados celebra su 50 aniversario | El Digital de Asturias\",\"description\":\"El presidente de la Xunta de Galicia, Alberto N\\u00fa\\u00f1ez Feij\\u00f3o, ha presidido este viernes la celebraci\\u00f3n del cincuenta aniversario del Parador de Turismo de Cambados situado en Pontevedra. Un acto ha tenido lugar en las instalaciones de este emblem\\u00e1tico establecimiento y ha contado con la participaci\\u00f3n de la presidenta de Paradores \\u00c1ngeles Alarc\\u00f3, as\\u00ed como\",\"inLanguage\":\"es-ES\",\"isPartOf\":{\"@id\":\"https:\\\/\\\/eldigitaldeasturias.com\\\/magazine365\\\/#website\"},\"breadcrumb\":{\"@id\":\"https:\\\/\\\/eldigitaldeasturias.com\\\/magazine365\\\/el-parador-de-cambados-celebra-su-50-aniversario\\\/#breadcrumblist\"},\"author\":{\"@id\":\"https:\\\/\\\/eldigitaldeasturias.com\\\/magazine365\\\/author\\\/admin\\\/#author\"},\"creator\":{\"@id\":\"https:\\\/\\\/eldigitaldeasturias.com\\\/magazine365\\\/author\\\/admin\\\/#author\"},\"image\":{\"@type\":\"ImageObject\",\"url\":\"https:\\\/\\\/eldigitaldeasturias.com\\\/magazine365\\\/wp-content\\\/uploads\\\/2016\\\/05\\\/fotonoticia_20160520142353_800.jpg\",\"@id\":\"https:\\\/\\\/eldigitaldeasturias.com\\\/magazine365\\\/el-parador-de-cambados-celebra-su-50-aniversario\\\/#mainImage\",\"width\":800,\"height\":497},\"primaryImageOfPage\":{\"@id\":\"https:\\\/\\\/eldigitaldeasturias.com\\\/magazine365\\\/el-parador-de-cambados-celebra-su-50-aniversario\\\/#mainImage\"},\"datePublished\":\"2016-05-21T07:34:26+02:00\",\"dateModified\":\"2016-05-21T07:34:26+02:00\"},{\"@type\":\"WebSite\",\"@id\":\"https:\\\/\\\/eldigitaldeasturias.com\\\/magazine365\\\/#website\",\"url\":\"https:\\\/\\\/eldigitaldeasturias.com\\\/magazine365\\\/\",\"name\":\"El Digital de Asturias\",\"description\":\"Revista de ocio, turismo y estilo de vida\",\"inLanguage\":\"es-ES\",\"publisher\":{\"@id\":\"https:\\\/\\\/eldigitaldeasturias.com\\\/magazine365\\\/#organization\"}}]}\n\t\t<\/script>\n\t\t<!-- All in One SEO Pro -->\r\n\t\t<title>El Parador de Cambados celebra su 50 aniversario | El Digital de Asturias<\/title>\n\n","aioseo_head_json":{"title":"El Parador de Cambados celebra su 50 aniversario | El Digital de Asturias","description":"El presidente de la Xunta de Galicia, Alberto N\u00fa\u00f1ez Feij\u00f3o, ha presidido este viernes la celebraci\u00f3n del cincuenta aniversario del Parador de Turismo de Cambados situado en Pontevedra. Un acto ha tenido lugar en las instalaciones de este emblem\u00e1tico establecimiento y ha contado con la participaci\u00f3n de la presidenta de Paradores \u00c1ngeles Alarc\u00f3, as\u00ed como","canonical_url":"https:\/\/eldigitaldeasturias.com\/magazine365\/el-parador-de-cambados-celebra-su-50-aniversario\/","robots":"max-image-preview:large","keywords":"noticias y actualidad","webmasterTools":{"google-site-verification":"UA-38556648-1","miscellaneous":""},"schema":{"@context":"https:\/\/schema.org","@graph":[{"@type":"Article","@id":"https:\/\/eldigitaldeasturias.com\/magazine365\/el-parador-de-cambados-celebra-su-50-aniversario\/#article","name":"El Parador de Cambados celebra su 50 aniversario | El Digital de Asturias","headline":"El Parador de Cambados celebra su 50 aniversario","author":{"@id":"https:\/\/eldigitaldeasturias.com\/magazine365\/author\/admin\/#author"},"publisher":{"@id":"https:\/\/eldigitaldeasturias.com\/magazine365\/#organization"},"image":{"@type":"ImageObject","url":"https:\/\/eldigitaldeasturias.com\/magazine365\/wp-content\/uploads\/2016\/05\/fotonoticia_20160520142353_800.jpg","width":800,"height":497},"datePublished":"2016-05-21T07:34:26+02:00","dateModified":"2016-05-21T07:34:26+02:00","inLanguage":"es-ES","mainEntityOfPage":{"@id":"https:\/\/eldigitaldeasturias.com\/magazine365\/el-parador-de-cambados-celebra-su-50-aniversario\/#webpage"},"isPartOf":{"@id":"https:\/\/eldigitaldeasturias.com\/magazine365\/el-parador-de-cambados-celebra-su-50-aniversario\/#webpage"},"articleSection":"Noticias y Actualidad"},{"@type":"BreadcrumbList","@id":"https:\/\/eldigitaldeasturias.com\/magazine365\/el-parador-de-cambados-celebra-su-50-aniversario\/#breadcrumblist","itemListElement":[{"@type":"ListItem","@id":"https:\/\/eldigitaldeasturias.com\/magazine365#listItem","position":1,"name":"Home","item":"https:\/\/eldigitaldeasturias.com\/magazine365","nextItem":{"@type":"ListItem","@id":"https:\/\/eldigitaldeasturias.com\/magazine365\/category\/noticias-actualidad\/#listItem","name":"Noticias y Actualidad"}},{"@type":"ListItem","@id":"https:\/\/eldigitaldeasturias.com\/magazine365\/category\/noticias-actualidad\/#listItem","position":2,"name":"Noticias y Actualidad","item":"https:\/\/eldigitaldeasturias.com\/magazine365\/category\/noticias-actualidad\/","nextItem":{"@type":"ListItem","@id":"https:\/\/eldigitaldeasturias.com\/magazine365\/el-parador-de-cambados-celebra-su-50-aniversario\/#listItem","name":"El Parador de Cambados celebra su 50 aniversario"},"previousItem":{"@type":"ListItem","@id":"https:\/\/eldigitaldeasturias.com\/magazine365#listItem","name":"Home"}},{"@type":"ListItem","@id":"https:\/\/eldigitaldeasturias.com\/magazine365\/el-parador-de-cambados-celebra-su-50-aniversario\/#listItem","position":3,"name":"El Parador de Cambados celebra su 50 aniversario","previousItem":{"@type":"ListItem","@id":"https:\/\/eldigitaldeasturias.com\/magazine365\/category\/noticias-actualidad\/#listItem","name":"Noticias y Actualidad"}}]},{"@type":"Organization","@id":"https:\/\/eldigitaldeasturias.com\/magazine365\/#organization","name":"El digital de Asturias","description":"Revista de ocio, turismo y estilo de vida","url":"https:\/\/eldigitaldeasturias.com\/magazine365\/","logo":{"@type":"ImageObject","url":"https:\/\/www.eldigitaldeasturias.com\/noticias\/wp-content\/uploads\/2020\/12\/EDA.jpg","@id":"https:\/\/eldigitaldeasturias.com\/magazine365\/el-parador-de-cambados-celebra-su-50-aniversario\/#organizationLogo"},"image":{"@id":"https:\/\/eldigitaldeasturias.com\/magazine365\/el-parador-de-cambados-celebra-su-50-aniversario\/#organizationLogo"}},{"@type":"Person","@id":"https:\/\/eldigitaldeasturias.com\/magazine365\/author\/admin\/#author","url":"https:\/\/eldigitaldeasturias.com\/magazine365\/author\/admin\/","name":"admin","image":{"@type":"ImageObject","@id":"https:\/\/eldigitaldeasturias.com\/magazine365\/el-parador-de-cambados-celebra-su-50-aniversario\/#authorImage","url":"https:\/\/eldigitaldeasturias.com\/magazine365\/wp-content\/litespeed\/avatar\/e571bcf59a0edd6fa6838245a470f2fe.jpg?ver=1777574230","width":96,"height":96,"caption":"admin"}},{"@type":"WebPage","@id":"https:\/\/eldigitaldeasturias.com\/magazine365\/el-parador-de-cambados-celebra-su-50-aniversario\/#webpage","url":"https:\/\/eldigitaldeasturias.com\/magazine365\/el-parador-de-cambados-celebra-su-50-aniversario\/","name":"El Parador de Cambados celebra su 50 aniversario | El Digital de Asturias","description":"El presidente de la Xunta de Galicia, Alberto N\u00fa\u00f1ez Feij\u00f3o, ha presidido este viernes la celebraci\u00f3n del cincuenta aniversario del Parador de Turismo de Cambados situado en Pontevedra. Un acto ha tenido lugar en las instalaciones de este emblem\u00e1tico establecimiento y ha contado con la participaci\u00f3n de la presidenta de Paradores \u00c1ngeles Alarc\u00f3, as\u00ed como","inLanguage":"es-ES","isPartOf":{"@id":"https:\/\/eldigitaldeasturias.com\/magazine365\/#website"},"breadcrumb":{"@id":"https:\/\/eldigitaldeasturias.com\/magazine365\/el-parador-de-cambados-celebra-su-50-aniversario\/#breadcrumblist"},"author":{"@id":"https:\/\/eldigitaldeasturias.com\/magazine365\/author\/admin\/#author"},"creator":{"@id":"https:\/\/eldigitaldeasturias.com\/magazine365\/author\/admin\/#author"},"image":{"@type":"ImageObject","url":"https:\/\/eldigitaldeasturias.com\/magazine365\/wp-content\/uploads\/2016\/05\/fotonoticia_20160520142353_800.jpg","@id":"https:\/\/eldigitaldeasturias.com\/magazine365\/el-parador-de-cambados-celebra-su-50-aniversario\/#mainImage","width":800,"height":497},"primaryImageOfPage":{"@id":"https:\/\/eldigitaldeasturias.com\/magazine365\/el-parador-de-cambados-celebra-su-50-aniversario\/#mainImage"},"datePublished":"2016-05-21T07:34:26+02:00","dateModified":"2016-05-21T07:34:26+02:00"},{"@type":"WebSite","@id":"https:\/\/eldigitaldeasturias.com\/magazine365\/#website","url":"https:\/\/eldigitaldeasturias.com\/magazine365\/","name":"El Digital de Asturias","description":"Revista de ocio, turismo y estilo de vida","inLanguage":"es-ES","publisher":{"@id":"https:\/\/eldigitaldeasturias.com\/magazine365\/#organization"}}]},"og:locale":"es_ES","og:site_name":"El Digital de Asturias \u2013 Revista de ocio, turismo y estilo de vida","og:type":"article","og:title":"El Parador de Cambados celebra su 50 aniversario | El Digital de Asturias","og:description":"El presidente de la Xunta de Galicia, Alberto N\u00fa\u00f1ez Feij\u00f3o, ha presidido este viernes la celebraci\u00f3n del cincuenta aniversario del Parador de Turismo de Cambados situado en Pontevedra. Un acto ha tenido lugar en las instalaciones de este emblem\u00e1tico establecimiento y ha contado con la participaci\u00f3n de la presidenta de Paradores \u00c1ngeles Alarc\u00f3, as\u00ed como","og:url":"https:\/\/eldigitaldeasturias.com\/magazine365\/el-parador-de-cambados-celebra-su-50-aniversario\/","og:image":"https:\/\/eldigitaldeasturias.com\/magazine365\/wp-content\/uploads\/2016\/05\/fotonoticia_20160520142353_800.jpg","og:image:secure_url":"https:\/\/eldigitaldeasturias.com\/magazine365\/wp-content\/uploads\/2016\/05\/fotonoticia_20160520142353_800.jpg","og:image:width":800,"og:image:height":497,"article:published_time":"2016-05-21T05:34:26+00:00","article:modified_time":"2016-05-21T05:34:26+00:00","twitter:card":"summary_large_image","twitter:title":"El Parador de Cambados celebra su 50 aniversario | El Digital de Asturias","twitter:description":"El presidente de la Xunta de Galicia, Alberto N\u00fa\u00f1ez Feij\u00f3o, ha presidido este viernes la celebraci\u00f3n del cincuenta aniversario del Parador de Turismo de Cambados situado en Pontevedra. Un acto ha tenido lugar en las instalaciones de este emblem\u00e1tico establecimiento y ha contado con la participaci\u00f3n de la presidenta de Paradores \u00c1ngeles Alarc\u00f3, as\u00ed como","twitter:image":"https:\/\/eldigitaldeasturias.com\/magazine365\/wp-content\/uploads\/2016\/05\/fotonoticia_20160520142353_800.jpg"},"aioseo_meta_data":{"post_id":"76623","title":null,"description":null,"keywords":null,"keyphrases":null,"primary_term":null,"canonical_url":null,"og_title":null,"og_description":null,"og_object_type":"default","og_image_type":"default","og_image_url":null,"og_image_width":null,"og_image_height":null,"og_image_custom_url":null,"og_image_custom_fields":null,"og_video":null,"og_custom_url":null,"og_article_section":null,"og_article_tags":null,"twitter_use_og":false,"twitter_card":"default","twitter_image_type":"default","twitter_image_url":null,"twitter_image_custom_url":null,"twitter_image_custom_fields":null,"twitter_title":null,"twitter_description":null,"schema":{"blockGraphs":[],"customGraphs":[],"default":{"data":{"Article":[],"Course":[],"Dataset":[],"FAQPage":[],"Movie":[],"Person":[],"Product":[],"ProductReview":[],"Car":[],"Recipe":[],"Service":[],"SoftwareApplication":[],"WebPage":[]},"graphName":"","isEnabled":true},"graphs":[]},"schema_type":null,"schema_type_options":null,"pillar_content":false,"robots_default":true,"robots_noindex":false,"robots_noarchive":false,"robots_nosnippet":false,"robots_nofollow":false,"robots_noimageindex":false,"robots_noodp":false,"robots_notranslate":false,"robots_max_snippet":null,"robots_max_videopreview":null,"robots_max_imagepreview":"large","priority":null,"frequency":null,"location":null,"local_seo":null,"seo_analyzer_scan_date":"2025-09-27 13:06:05","breadcrumb_settings":null,"limit_modified_date":false,"open_ai":null,"ai":null,"created":"2021-03-08 18:26:09","updated":"2025-09-27 13:06:05"},"aioseo_breadcrumb":"<div class=\"aioseo-breadcrumbs\"><span class=\"aioseo-breadcrumb\">\n\t<a href=\"https:\/\/eldigitaldeasturias.com\/magazine365\" title=\"Home\">Home<\/a>\n<\/span><span class=\"aioseo-breadcrumb-separator\">\u2013<\/span><span class=\"aioseo-breadcrumb\">\n\t<a href=\"https:\/\/eldigitaldeasturias.com\/magazine365\/category\/noticias-actualidad\/\" title=\"Noticias y Actualidad\">Noticias y Actualidad<\/a>\n<\/span><span class=\"aioseo-breadcrumb-separator\">\u2013<\/span><span class=\"aioseo-breadcrumb\">\n\t<a href=\"https:\/\/eldigitaldeasturias.com\/magazine365\/el-parador-de-cambados-celebra-su-50-aniversario\/\" title=\"El Parador de Cambados celebra su 50 aniversario\">El Parador de Cambados celebra su 50 aniversario<\/a>\n<\/span><\/div>","aioseo_breadcrumb_json":[{"label":"Home","link":"https:\/\/eldigitaldeasturias.com\/magazine365"},{"label":"Noticias y Actualidad","link":"https:\/\/eldigitaldeasturias.com\/magazine365\/category\/noticias-actualidad\/"},{"label":"El Parador de Cambados celebra su 50 aniversario","link":"https:\/\/eldigitaldeasturias.com\/magazine365\/el-parador-de-cambados-celebra-su-50-aniversario\/"}],"_links":{"self":[{"href":"https:\/\/eldigitaldeasturias.com\/magazine365\/wp-json\/wp\/v2\/posts\/76623","targetHints":{"allow":["GET"]}}],"collection":[{"href":"https:\/\/eldigitaldeasturias.com\/magazine365\/wp-json\/wp\/v2\/posts"}],"about":[{"href":"https:\/\/eldigitaldeasturias.com\/magazine365\/wp-json\/wp\/v2\/types\/post"}],"author":[{"embeddable":true,"href":"https:\/\/eldigitaldeasturias.com\/magazine365\/wp-json\/wp\/v2\/users\/1"}],"replies":[{"embeddable":true,"href":"https:\/\/eldigitaldeasturias.com\/magazine365\/wp-json\/wp\/v2\/comments?post=76623"}],"version-history":[{"count":0,"href":"https:\/\/eldigitaldeasturias.com\/magazine365\/wp-json\/wp\/v2\/posts\/76623\/revisions"}],"wp:featuredmedia":[{"embeddable":true,"href":"https:\/\/eldigitaldeasturias.com\/magazine365\/wp-json\/wp\/v2\/media\/76624"}],"wp:attachment":[{"href":"https:\/\/eldigitaldeasturias.com\/magazine365\/wp-json\/wp\/v2\/media?parent=76623"}],"wp:term":[{"taxonomy":"category","embeddable":true,"href":"https:\/\/eldigitaldeasturias.com\/magazine365\/wp-json\/wp\/v2\/categories?post=76623"},{"taxonomy":"post_tag","embeddable":true,"href":"https:\/\/eldigitaldeasturias.com\/magazine365\/wp-json\/wp\/v2\/tags?post=76623"}],"curies":[{"name":"wp","href":"https:\/\/api.w.org\/{rel}","templated":true}]}}