{"id":76620,"date":"2016-05-21T07:32:21","date_gmt":"2016-05-21T05:32:21","guid":{"rendered":"http:\/\/eldigitaldeasturias.com\/magazine365\/?p=76620"},"modified":"2016-05-21T07:32:21","modified_gmt":"2016-05-21T05:32:21","slug":"ryanair-amplia-24-horas-mas-su-campana-contra-el-brexit","status":"publish","type":"post","link":"https:\/\/eldigitaldeasturias.com\/magazine365\/ryanair-amplia-24-horas-mas-su-campana-contra-el-brexit\/","title":{"rendered":"Ryanair ampl\u00eda 24 horas m\u00e1s su campa\u00f1a contra el &#8216;Brexit&#8217;"},"content":{"rendered":"<p><img fetchpriority=\"high\" decoding=\"async\" class=\"alignleft size-medium wp-image-76621\" src=\"https:\/\/eldigitaldeasturias.com\/magazine365\/wp-content\/uploads\/2016\/05\/fotonoticia_20160520141747_800-360x270.jpg\" alt=\"fotonoticia_20160520141747_800\" width=\"360\" height=\"270\" srcset=\"https:\/\/eldigitaldeasturias.com\/magazine365\/wp-content\/uploads\/2016\/05\/fotonoticia_20160520141747_800-360x270.jpg 360w, https:\/\/eldigitaldeasturias.com\/magazine365\/wp-content\/uploads\/2016\/05\/fotonoticia_20160520141747_800-650x488.jpg 650w, https:\/\/eldigitaldeasturias.com\/magazine365\/wp-content\/uploads\/2016\/05\/fotonoticia_20160520141747_800-768x576.jpg 768w, https:\/\/eldigitaldeasturias.com\/magazine365\/wp-content\/uploads\/2016\/05\/fotonoticia_20160520141747_800-150x113.jpg 150w, https:\/\/eldigitaldeasturias.com\/magazine365\/wp-content\/uploads\/2016\/05\/fotonoticia_20160520141747_800-450x338.jpg 450w, https:\/\/eldigitaldeasturias.com\/magazine365\/wp-content\/uploads\/2016\/05\/fotonoticia_20160520141747_800-90x67.jpg 90w, https:\/\/eldigitaldeasturias.com\/magazine365\/wp-content\/uploads\/2016\/05\/fotonoticia_20160520141747_800-164x124.jpg 164w, https:\/\/eldigitaldeasturias.com\/magazine365\/wp-content\/uploads\/2016\/05\/fotonoticia_20160520141747_800-100x75.jpg 100w, https:\/\/eldigitaldeasturias.com\/magazine365\/wp-content\/uploads\/2016\/05\/fotonoticia_20160520141747_800.jpg 800w\" sizes=\"(max-width: 360px) 100vw, 360px\" \/>Ryanair ha ampliado 24 horas m\u00e1s su campa\u00f1a &#8216;Fly Home To Vote Remain&#8217; en contra de la eventual salida de Reino Unido de la UE, proceso conocido como &#8216;Brexit&#8217;, poniendo a la venta billetes a 19,99 euros para viajar a Reino Unido los pr\u00f3ximos d\u00edas 22 y 23 de junio para votar en el refer\u00e9ndum.<\/p>\n<p>La compa\u00f1\u00eda ha tomado esta decisi\u00f3n despu\u00e9s de que los partidarios de la salida de la UE, &#8216;Leave&#8217;, denunciaran la campa\u00f1a lanzada por la &#8216;low cost&#8217; que finalizaba ayer ante la polic\u00eda metropolitana.<\/p>\n<p>La aerol\u00ednea de bajo coste irlandesa, que es partidario activo de la campa\u00f1a por la permanencia de Reino Unido en la UE, justifica esta promoci\u00f3n para facilitar su desplazamiento a los 1,2 millones brit\u00e1nicos que viven en otros pa\u00edses y que acudan a votar en el refer\u00e9ndum previsto para el 23 de junio. La oferta estar\u00e1 en vigor hasta la medianoche de este viernes en la web de la &#8216;low cost&#8217;.<\/p>\n<p>Ryanair cuenta con 13 bases en Reino Unido, donde emplea a un total de 3.000 personas, en un mercado en el que transporta a m\u00e1s de 41 millones de pasajeros al a\u00f1o entre este pa\u00eds y Europa, inform\u00f3 la aerol\u00ednea.<\/p>\n<p>La &#8216;low cost&#8217; defiende la permanencia de Reino Unido en la UE por considerar que genera mayores puestos de trabajo y un mejor crecimiento econ\u00f3mico del pa\u00eds, en el que espacio a\u00e9reo europeo ha transformado el turismo y las perspectivas. \u00abLa inversi\u00f3n extranjera en Reino Unido se perder\u00e1 en favor de Irlanda y Alemania, si Reino Unido sale de Europa\u00bb, advierte.<\/p>\n<p>\u00abComo la mayor aerol\u00ednea de Reino Unido, Ryanair tiene claro que la econom\u00eda del pa\u00eds y sus perspectivas de crecimiento futuras son m\u00e1s fuertes como miembro de la UE\u00bb, ha afirmado el responsable de Marketing de la compa\u00f1\u00eda irlandesa, Kenny Jacobs.<\/p>\n","protected":false},"excerpt":{"rendered":"<p>Ryanair ha ampliado 24 horas m\u00e1s su campa\u00f1a &#8216;Fly Home To Vote Remain&#8217; en contra de la eventual salida de Reino Unido de la UE, proceso conocido como &#8216;Brexit&#8217;, poniendo a la venta billetes a 19,99 euros para viajar a Reino Unido los pr\u00f3ximos d\u00edas 22 y 23 de junio para votar en el refer\u00e9ndum.<\/p>\n","protected":false},"author":1,"featured_media":76621,"comment_status":"open","ping_status":"closed","sticky":false,"template":"","format":"standard","meta":{"footnotes":""},"categories":[224],"tags":[],"class_list":{"0":"post-76620","1":"post","2":"type-post","3":"status-publish","4":"format-standard","5":"has-post-thumbnail","7":"category-noticias-actualidad"},"aioseo_notices":[],"aioseo_head":"\n\t\t<!-- All in One SEO Pro 4.9.6.1 - aioseo.com -->\n\t<meta name=\"description\" content=\"Ryanair ha ampliado 24 horas m\u00e1s su campa\u00f1a &#039;Fly Home To Vote Remain&#039; en contra de la eventual salida de Reino Unido de la UE, proceso conocido como &#039;Brexit&#039;, poniendo a la venta billetes a 19,99 euros para viajar a Reino Unido los pr\u00f3ximos d\u00edas 22 y 23 de junio para votar en el refer\u00e9ndum.\" \/>\n\t<meta name=\"robots\" content=\"max-image-preview:large\" \/>\n\t<meta name=\"author\" content=\"admin\"\/>\n\t<meta name=\"google-site-verification\" content=\"UA-38556648-1\" \/>\n\t<meta name=\"keywords\" content=\"noticias y actualidad\" \/>\n\t<link rel=\"canonical\" href=\"https:\/\/eldigitaldeasturias.com\/magazine365\/ryanair-amplia-24-horas-mas-su-campana-contra-el-brexit\/\" \/>\n\t<meta name=\"generator\" content=\"All in One SEO Pro (AIOSEO) 4.9.6.1\" \/>\n\t\t<meta property=\"og:locale\" content=\"es_ES\" \/>\n\t\t<meta property=\"og:site_name\" content=\"El Digital de Asturias \u2013 Revista de ocio, turismo y estilo de vida\" \/>\n\t\t<meta property=\"og:type\" content=\"article\" \/>\n\t\t<meta property=\"og:title\" content=\"Ryanair ampl\u00eda 24 horas m\u00e1s su campa\u00f1a contra el \u2018Brexit\u2019 | El Digital de Asturias\" \/>\n\t\t<meta property=\"og:description\" content=\"Ryanair ha ampliado 24 horas m\u00e1s su campa\u00f1a &#039;Fly Home To Vote Remain&#039; en contra de la eventual salida de Reino Unido de la UE, proceso conocido como &#039;Brexit&#039;, poniendo a la venta billetes a 19,99 euros para viajar a Reino Unido los pr\u00f3ximos d\u00edas 22 y 23 de junio para votar en el refer\u00e9ndum.\" \/>\n\t\t<meta property=\"og:url\" content=\"https:\/\/eldigitaldeasturias.com\/magazine365\/ryanair-amplia-24-horas-mas-su-campana-contra-el-brexit\/\" \/>\n\t\t<meta property=\"og:image\" content=\"https:\/\/eldigitaldeasturias.com\/magazine365\/wp-content\/uploads\/2016\/05\/fotonoticia_20160520141747_800.jpg\" \/>\n\t\t<meta property=\"og:image:secure_url\" content=\"https:\/\/eldigitaldeasturias.com\/magazine365\/wp-content\/uploads\/2016\/05\/fotonoticia_20160520141747_800.jpg\" \/>\n\t\t<meta property=\"og:image:width\" content=\"800\" \/>\n\t\t<meta property=\"og:image:height\" content=\"600\" \/>\n\t\t<meta property=\"article:published_time\" content=\"2016-05-21T05:32:21+00:00\" \/>\n\t\t<meta property=\"article:modified_time\" content=\"2016-05-21T05:32:21+00:00\" \/>\n\t\t<meta name=\"twitter:card\" content=\"summary_large_image\" \/>\n\t\t<meta name=\"twitter:title\" content=\"Ryanair ampl\u00eda 24 horas m\u00e1s su campa\u00f1a contra el \u2018Brexit\u2019 | El Digital de Asturias\" \/>\n\t\t<meta name=\"twitter:description\" content=\"Ryanair ha ampliado 24 horas m\u00e1s su campa\u00f1a &#039;Fly Home To Vote Remain&#039; en contra de la eventual salida de Reino Unido de la UE, proceso conocido como &#039;Brexit&#039;, poniendo a la venta billetes a 19,99 euros para viajar a Reino Unido los pr\u00f3ximos d\u00edas 22 y 23 de junio para votar en el refer\u00e9ndum.\" \/>\n\t\t<meta name=\"twitter:image\" content=\"https:\/\/eldigitaldeasturias.com\/magazine365\/wp-content\/uploads\/2016\/05\/fotonoticia_20160520141747_800.jpg\" \/>\n\t\t<script type=\"application\/ld+json\" class=\"aioseo-schema\">\n\t\t\t{\"@context\":\"https:\\\/\\\/schema.org\",\"@graph\":[{\"@type\":\"Article\",\"@id\":\"https:\\\/\\\/eldigitaldeasturias.com\\\/magazine365\\\/ryanair-amplia-24-horas-mas-su-campana-contra-el-brexit\\\/#article\",\"name\":\"Ryanair ampl\\u00eda 24 horas m\\u00e1s su campa\\u00f1a contra el \\u2018Brexit\\u2019 | El Digital de Asturias\",\"headline\":\"Ryanair ampl\\u00eda 24 horas m\\u00e1s su campa\\u00f1a contra el &#8216;Brexit&#8217;\",\"author\":{\"@id\":\"https:\\\/\\\/eldigitaldeasturias.com\\\/magazine365\\\/author\\\/admin\\\/#author\"},\"publisher\":{\"@id\":\"https:\\\/\\\/eldigitaldeasturias.com\\\/magazine365\\\/#organization\"},\"image\":{\"@type\":\"ImageObject\",\"url\":\"https:\\\/\\\/eldigitaldeasturias.com\\\/magazine365\\\/wp-content\\\/uploads\\\/2016\\\/05\\\/fotonoticia_20160520141747_800.jpg\",\"width\":800,\"height\":600},\"datePublished\":\"2016-05-21T07:32:21+02:00\",\"dateModified\":\"2016-05-21T07:32:21+02:00\",\"inLanguage\":\"es-ES\",\"mainEntityOfPage\":{\"@id\":\"https:\\\/\\\/eldigitaldeasturias.com\\\/magazine365\\\/ryanair-amplia-24-horas-mas-su-campana-contra-el-brexit\\\/#webpage\"},\"isPartOf\":{\"@id\":\"https:\\\/\\\/eldigitaldeasturias.com\\\/magazine365\\\/ryanair-amplia-24-horas-mas-su-campana-contra-el-brexit\\\/#webpage\"},\"articleSection\":\"Noticias y Actualidad\"},{\"@type\":\"BreadcrumbList\",\"@id\":\"https:\\\/\\\/eldigitaldeasturias.com\\\/magazine365\\\/ryanair-amplia-24-horas-mas-su-campana-contra-el-brexit\\\/#breadcrumblist\",\"itemListElement\":[{\"@type\":\"ListItem\",\"@id\":\"https:\\\/\\\/eldigitaldeasturias.com\\\/magazine365#listItem\",\"position\":1,\"name\":\"Home\",\"item\":\"https:\\\/\\\/eldigitaldeasturias.com\\\/magazine365\",\"nextItem\":{\"@type\":\"ListItem\",\"@id\":\"https:\\\/\\\/eldigitaldeasturias.com\\\/magazine365\\\/category\\\/noticias-actualidad\\\/#listItem\",\"name\":\"Noticias y Actualidad\"}},{\"@type\":\"ListItem\",\"@id\":\"https:\\\/\\\/eldigitaldeasturias.com\\\/magazine365\\\/category\\\/noticias-actualidad\\\/#listItem\",\"position\":2,\"name\":\"Noticias y Actualidad\",\"item\":\"https:\\\/\\\/eldigitaldeasturias.com\\\/magazine365\\\/category\\\/noticias-actualidad\\\/\",\"nextItem\":{\"@type\":\"ListItem\",\"@id\":\"https:\\\/\\\/eldigitaldeasturias.com\\\/magazine365\\\/ryanair-amplia-24-horas-mas-su-campana-contra-el-brexit\\\/#listItem\",\"name\":\"Ryanair ampl\\u00eda 24 horas m\\u00e1s su campa\\u00f1a contra el &#8216;Brexit&#8217;\"},\"previousItem\":{\"@type\":\"ListItem\",\"@id\":\"https:\\\/\\\/eldigitaldeasturias.com\\\/magazine365#listItem\",\"name\":\"Home\"}},{\"@type\":\"ListItem\",\"@id\":\"https:\\\/\\\/eldigitaldeasturias.com\\\/magazine365\\\/ryanair-amplia-24-horas-mas-su-campana-contra-el-brexit\\\/#listItem\",\"position\":3,\"name\":\"Ryanair ampl\\u00eda 24 horas m\\u00e1s su campa\\u00f1a contra el &#8216;Brexit&#8217;\",\"previousItem\":{\"@type\":\"ListItem\",\"@id\":\"https:\\\/\\\/eldigitaldeasturias.com\\\/magazine365\\\/category\\\/noticias-actualidad\\\/#listItem\",\"name\":\"Noticias y Actualidad\"}}]},{\"@type\":\"Organization\",\"@id\":\"https:\\\/\\\/eldigitaldeasturias.com\\\/magazine365\\\/#organization\",\"name\":\"El digital de Asturias\",\"description\":\"Revista de ocio, turismo y estilo de vida\",\"url\":\"https:\\\/\\\/eldigitaldeasturias.com\\\/magazine365\\\/\",\"logo\":{\"@type\":\"ImageObject\",\"url\":\"https:\\\/\\\/www.eldigitaldeasturias.com\\\/noticias\\\/wp-content\\\/uploads\\\/2020\\\/12\\\/EDA.jpg\",\"@id\":\"https:\\\/\\\/eldigitaldeasturias.com\\\/magazine365\\\/ryanair-amplia-24-horas-mas-su-campana-contra-el-brexit\\\/#organizationLogo\"},\"image\":{\"@id\":\"https:\\\/\\\/eldigitaldeasturias.com\\\/magazine365\\\/ryanair-amplia-24-horas-mas-su-campana-contra-el-brexit\\\/#organizationLogo\"}},{\"@type\":\"Person\",\"@id\":\"https:\\\/\\\/eldigitaldeasturias.com\\\/magazine365\\\/author\\\/admin\\\/#author\",\"url\":\"https:\\\/\\\/eldigitaldeasturias.com\\\/magazine365\\\/author\\\/admin\\\/\",\"name\":\"admin\",\"image\":{\"@type\":\"ImageObject\",\"@id\":\"https:\\\/\\\/eldigitaldeasturias.com\\\/magazine365\\\/ryanair-amplia-24-horas-mas-su-campana-contra-el-brexit\\\/#authorImage\",\"url\":\"https:\\\/\\\/eldigitaldeasturias.com\\\/magazine365\\\/wp-content\\\/litespeed\\\/avatar\\\/e571bcf59a0edd6fa6838245a470f2fe.jpg?ver=1777574230\",\"width\":96,\"height\":96,\"caption\":\"admin\"}},{\"@type\":\"WebPage\",\"@id\":\"https:\\\/\\\/eldigitaldeasturias.com\\\/magazine365\\\/ryanair-amplia-24-horas-mas-su-campana-contra-el-brexit\\\/#webpage\",\"url\":\"https:\\\/\\\/eldigitaldeasturias.com\\\/magazine365\\\/ryanair-amplia-24-horas-mas-su-campana-contra-el-brexit\\\/\",\"name\":\"Ryanair ampl\\u00eda 24 horas m\\u00e1s su campa\\u00f1a contra el \\u2018Brexit\\u2019 | El Digital de Asturias\",\"description\":\"Ryanair ha ampliado 24 horas m\\u00e1s su campa\\u00f1a 'Fly Home To Vote Remain' en contra de la eventual salida de Reino Unido de la UE, proceso conocido como 'Brexit', poniendo a la venta billetes a 19,99 euros para viajar a Reino Unido los pr\\u00f3ximos d\\u00edas 22 y 23 de junio para votar en el refer\\u00e9ndum.\",\"inLanguage\":\"es-ES\",\"isPartOf\":{\"@id\":\"https:\\\/\\\/eldigitaldeasturias.com\\\/magazine365\\\/#website\"},\"breadcrumb\":{\"@id\":\"https:\\\/\\\/eldigitaldeasturias.com\\\/magazine365\\\/ryanair-amplia-24-horas-mas-su-campana-contra-el-brexit\\\/#breadcrumblist\"},\"author\":{\"@id\":\"https:\\\/\\\/eldigitaldeasturias.com\\\/magazine365\\\/author\\\/admin\\\/#author\"},\"creator\":{\"@id\":\"https:\\\/\\\/eldigitaldeasturias.com\\\/magazine365\\\/author\\\/admin\\\/#author\"},\"image\":{\"@type\":\"ImageObject\",\"url\":\"https:\\\/\\\/eldigitaldeasturias.com\\\/magazine365\\\/wp-content\\\/uploads\\\/2016\\\/05\\\/fotonoticia_20160520141747_800.jpg\",\"@id\":\"https:\\\/\\\/eldigitaldeasturias.com\\\/magazine365\\\/ryanair-amplia-24-horas-mas-su-campana-contra-el-brexit\\\/#mainImage\",\"width\":800,\"height\":600},\"primaryImageOfPage\":{\"@id\":\"https:\\\/\\\/eldigitaldeasturias.com\\\/magazine365\\\/ryanair-amplia-24-horas-mas-su-campana-contra-el-brexit\\\/#mainImage\"},\"datePublished\":\"2016-05-21T07:32:21+02:00\",\"dateModified\":\"2016-05-21T07:32:21+02:00\"},{\"@type\":\"WebSite\",\"@id\":\"https:\\\/\\\/eldigitaldeasturias.com\\\/magazine365\\\/#website\",\"url\":\"https:\\\/\\\/eldigitaldeasturias.com\\\/magazine365\\\/\",\"name\":\"El Digital de Asturias\",\"description\":\"Revista de ocio, turismo y estilo de vida\",\"inLanguage\":\"es-ES\",\"publisher\":{\"@id\":\"https:\\\/\\\/eldigitaldeasturias.com\\\/magazine365\\\/#organization\"}}]}\n\t\t<\/script>\n\t\t<!-- All in One SEO Pro -->\r\n\t\t<title>Ryanair ampl\u00eda 24 horas m\u00e1s su campa\u00f1a contra el \u2018Brexit\u2019 | El Digital de Asturias<\/title>\n\n","aioseo_head_json":{"title":"Ryanair ampl\u00eda 24 horas m\u00e1s su campa\u00f1a contra el \u2018Brexit\u2019 | El Digital de Asturias","description":"Ryanair ha ampliado 24 horas m\u00e1s su campa\u00f1a 'Fly Home To Vote Remain' en contra de la eventual salida de Reino Unido de la UE, proceso conocido como 'Brexit', poniendo a la venta billetes a 19,99 euros para viajar a Reino Unido los pr\u00f3ximos d\u00edas 22 y 23 de junio para votar en el refer\u00e9ndum.","canonical_url":"https:\/\/eldigitaldeasturias.com\/magazine365\/ryanair-amplia-24-horas-mas-su-campana-contra-el-brexit\/","robots":"max-image-preview:large","keywords":"noticias y actualidad","webmasterTools":{"google-site-verification":"UA-38556648-1","miscellaneous":""},"schema":{"@context":"https:\/\/schema.org","@graph":[{"@type":"Article","@id":"https:\/\/eldigitaldeasturias.com\/magazine365\/ryanair-amplia-24-horas-mas-su-campana-contra-el-brexit\/#article","name":"Ryanair ampl\u00eda 24 horas m\u00e1s su campa\u00f1a contra el \u2018Brexit\u2019 | El Digital de Asturias","headline":"Ryanair ampl\u00eda 24 horas m\u00e1s su campa\u00f1a contra el &#8216;Brexit&#8217;","author":{"@id":"https:\/\/eldigitaldeasturias.com\/magazine365\/author\/admin\/#author"},"publisher":{"@id":"https:\/\/eldigitaldeasturias.com\/magazine365\/#organization"},"image":{"@type":"ImageObject","url":"https:\/\/eldigitaldeasturias.com\/magazine365\/wp-content\/uploads\/2016\/05\/fotonoticia_20160520141747_800.jpg","width":800,"height":600},"datePublished":"2016-05-21T07:32:21+02:00","dateModified":"2016-05-21T07:32:21+02:00","inLanguage":"es-ES","mainEntityOfPage":{"@id":"https:\/\/eldigitaldeasturias.com\/magazine365\/ryanair-amplia-24-horas-mas-su-campana-contra-el-brexit\/#webpage"},"isPartOf":{"@id":"https:\/\/eldigitaldeasturias.com\/magazine365\/ryanair-amplia-24-horas-mas-su-campana-contra-el-brexit\/#webpage"},"articleSection":"Noticias y Actualidad"},{"@type":"BreadcrumbList","@id":"https:\/\/eldigitaldeasturias.com\/magazine365\/ryanair-amplia-24-horas-mas-su-campana-contra-el-brexit\/#breadcrumblist","itemListElement":[{"@type":"ListItem","@id":"https:\/\/eldigitaldeasturias.com\/magazine365#listItem","position":1,"name":"Home","item":"https:\/\/eldigitaldeasturias.com\/magazine365","nextItem":{"@type":"ListItem","@id":"https:\/\/eldigitaldeasturias.com\/magazine365\/category\/noticias-actualidad\/#listItem","name":"Noticias y Actualidad"}},{"@type":"ListItem","@id":"https:\/\/eldigitaldeasturias.com\/magazine365\/category\/noticias-actualidad\/#listItem","position":2,"name":"Noticias y Actualidad","item":"https:\/\/eldigitaldeasturias.com\/magazine365\/category\/noticias-actualidad\/","nextItem":{"@type":"ListItem","@id":"https:\/\/eldigitaldeasturias.com\/magazine365\/ryanair-amplia-24-horas-mas-su-campana-contra-el-brexit\/#listItem","name":"Ryanair ampl\u00eda 24 horas m\u00e1s su campa\u00f1a contra el &#8216;Brexit&#8217;"},"previousItem":{"@type":"ListItem","@id":"https:\/\/eldigitaldeasturias.com\/magazine365#listItem","name":"Home"}},{"@type":"ListItem","@id":"https:\/\/eldigitaldeasturias.com\/magazine365\/ryanair-amplia-24-horas-mas-su-campana-contra-el-brexit\/#listItem","position":3,"name":"Ryanair ampl\u00eda 24 horas m\u00e1s su campa\u00f1a contra el &#8216;Brexit&#8217;","previousItem":{"@type":"ListItem","@id":"https:\/\/eldigitaldeasturias.com\/magazine365\/category\/noticias-actualidad\/#listItem","name":"Noticias y Actualidad"}}]},{"@type":"Organization","@id":"https:\/\/eldigitaldeasturias.com\/magazine365\/#organization","name":"El digital de Asturias","description":"Revista de ocio, turismo y estilo de vida","url":"https:\/\/eldigitaldeasturias.com\/magazine365\/","logo":{"@type":"ImageObject","url":"https:\/\/www.eldigitaldeasturias.com\/noticias\/wp-content\/uploads\/2020\/12\/EDA.jpg","@id":"https:\/\/eldigitaldeasturias.com\/magazine365\/ryanair-amplia-24-horas-mas-su-campana-contra-el-brexit\/#organizationLogo"},"image":{"@id":"https:\/\/eldigitaldeasturias.com\/magazine365\/ryanair-amplia-24-horas-mas-su-campana-contra-el-brexit\/#organizationLogo"}},{"@type":"Person","@id":"https:\/\/eldigitaldeasturias.com\/magazine365\/author\/admin\/#author","url":"https:\/\/eldigitaldeasturias.com\/magazine365\/author\/admin\/","name":"admin","image":{"@type":"ImageObject","@id":"https:\/\/eldigitaldeasturias.com\/magazine365\/ryanair-amplia-24-horas-mas-su-campana-contra-el-brexit\/#authorImage","url":"https:\/\/eldigitaldeasturias.com\/magazine365\/wp-content\/litespeed\/avatar\/e571bcf59a0edd6fa6838245a470f2fe.jpg?ver=1777574230","width":96,"height":96,"caption":"admin"}},{"@type":"WebPage","@id":"https:\/\/eldigitaldeasturias.com\/magazine365\/ryanair-amplia-24-horas-mas-su-campana-contra-el-brexit\/#webpage","url":"https:\/\/eldigitaldeasturias.com\/magazine365\/ryanair-amplia-24-horas-mas-su-campana-contra-el-brexit\/","name":"Ryanair ampl\u00eda 24 horas m\u00e1s su campa\u00f1a contra el \u2018Brexit\u2019 | El Digital de Asturias","description":"Ryanair ha ampliado 24 horas m\u00e1s su campa\u00f1a 'Fly Home To Vote Remain' en contra de la eventual salida de Reino Unido de la UE, proceso conocido como 'Brexit', poniendo a la venta billetes a 19,99 euros para viajar a Reino Unido los pr\u00f3ximos d\u00edas 22 y 23 de junio para votar en el refer\u00e9ndum.","inLanguage":"es-ES","isPartOf":{"@id":"https:\/\/eldigitaldeasturias.com\/magazine365\/#website"},"breadcrumb":{"@id":"https:\/\/eldigitaldeasturias.com\/magazine365\/ryanair-amplia-24-horas-mas-su-campana-contra-el-brexit\/#breadcrumblist"},"author":{"@id":"https:\/\/eldigitaldeasturias.com\/magazine365\/author\/admin\/#author"},"creator":{"@id":"https:\/\/eldigitaldeasturias.com\/magazine365\/author\/admin\/#author"},"image":{"@type":"ImageObject","url":"https:\/\/eldigitaldeasturias.com\/magazine365\/wp-content\/uploads\/2016\/05\/fotonoticia_20160520141747_800.jpg","@id":"https:\/\/eldigitaldeasturias.com\/magazine365\/ryanair-amplia-24-horas-mas-su-campana-contra-el-brexit\/#mainImage","width":800,"height":600},"primaryImageOfPage":{"@id":"https:\/\/eldigitaldeasturias.com\/magazine365\/ryanair-amplia-24-horas-mas-su-campana-contra-el-brexit\/#mainImage"},"datePublished":"2016-05-21T07:32:21+02:00","dateModified":"2016-05-21T07:32:21+02:00"},{"@type":"WebSite","@id":"https:\/\/eldigitaldeasturias.com\/magazine365\/#website","url":"https:\/\/eldigitaldeasturias.com\/magazine365\/","name":"El Digital de Asturias","description":"Revista de ocio, turismo y estilo de vida","inLanguage":"es-ES","publisher":{"@id":"https:\/\/eldigitaldeasturias.com\/magazine365\/#organization"}}]},"og:locale":"es_ES","og:site_name":"El Digital de Asturias \u2013 Revista de ocio, turismo y estilo de vida","og:type":"article","og:title":"Ryanair ampl\u00eda 24 horas m\u00e1s su campa\u00f1a contra el \u2018Brexit\u2019 | El Digital de Asturias","og:description":"Ryanair ha ampliado 24 horas m\u00e1s su campa\u00f1a 'Fly Home To Vote Remain' en contra de la eventual salida de Reino Unido de la UE, proceso conocido como 'Brexit', poniendo a la venta billetes a 19,99 euros para viajar a Reino Unido los pr\u00f3ximos d\u00edas 22 y 23 de junio para votar en el refer\u00e9ndum.","og:url":"https:\/\/eldigitaldeasturias.com\/magazine365\/ryanair-amplia-24-horas-mas-su-campana-contra-el-brexit\/","og:image":"https:\/\/eldigitaldeasturias.com\/magazine365\/wp-content\/uploads\/2016\/05\/fotonoticia_20160520141747_800.jpg","og:image:secure_url":"https:\/\/eldigitaldeasturias.com\/magazine365\/wp-content\/uploads\/2016\/05\/fotonoticia_20160520141747_800.jpg","og:image:width":800,"og:image:height":600,"article:published_time":"2016-05-21T05:32:21+00:00","article:modified_time":"2016-05-21T05:32:21+00:00","twitter:card":"summary_large_image","twitter:title":"Ryanair ampl\u00eda 24 horas m\u00e1s su campa\u00f1a contra el \u2018Brexit\u2019 | El Digital de Asturias","twitter:description":"Ryanair ha ampliado 24 horas m\u00e1s su campa\u00f1a 'Fly Home To Vote Remain' en contra de la eventual salida de Reino Unido de la UE, proceso conocido como 'Brexit', poniendo a la venta billetes a 19,99 euros para viajar a Reino Unido los pr\u00f3ximos d\u00edas 22 y 23 de junio para votar en el refer\u00e9ndum.","twitter:image":"https:\/\/eldigitaldeasturias.com\/magazine365\/wp-content\/uploads\/2016\/05\/fotonoticia_20160520141747_800.jpg"},"aioseo_meta_data":{"post_id":"76620","title":null,"description":null,"keywords":null,"keyphrases":null,"primary_term":null,"canonical_url":null,"og_title":null,"og_description":null,"og_object_type":"default","og_image_type":"default","og_image_url":null,"og_image_width":null,"og_image_height":null,"og_image_custom_url":null,"og_image_custom_fields":null,"og_video":null,"og_custom_url":null,"og_article_section":null,"og_article_tags":null,"twitter_use_og":false,"twitter_card":"default","twitter_image_type":"default","twitter_image_url":null,"twitter_image_custom_url":null,"twitter_image_custom_fields":null,"twitter_title":null,"twitter_description":null,"schema":{"blockGraphs":[],"customGraphs":[],"default":{"data":{"Article":[],"Course":[],"Dataset":[],"FAQPage":[],"Movie":[],"Person":[],"Product":[],"ProductReview":[],"Car":[],"Recipe":[],"Service":[],"SoftwareApplication":[],"WebPage":[]},"graphName":"","isEnabled":true},"graphs":[],"defaultGraph":"","defaultPostTypeGraph":""},"schema_type":null,"schema_type_options":null,"pillar_content":false,"robots_default":true,"robots_noindex":false,"robots_noarchive":false,"robots_nosnippet":false,"robots_nofollow":false,"robots_noimageindex":false,"robots_noodp":false,"robots_notranslate":false,"robots_max_snippet":null,"robots_max_videopreview":null,"robots_max_imagepreview":"large","priority":null,"frequency":null,"location":null,"local_seo":null,"seo_analyzer_scan_date":"2025-09-27 13:06:04","breadcrumb_settings":null,"limit_modified_date":false,"open_ai":null,"ai":null,"created":"2021-03-08 18:26:09","updated":"2025-09-27 13:06:04"},"aioseo_breadcrumb":"<div class=\"aioseo-breadcrumbs\"><span class=\"aioseo-breadcrumb\">\n\t<a href=\"https:\/\/eldigitaldeasturias.com\/magazine365\" title=\"Home\">Home<\/a>\n<\/span><span class=\"aioseo-breadcrumb-separator\">\u2013<\/span><span class=\"aioseo-breadcrumb\">\n\t<a href=\"https:\/\/eldigitaldeasturias.com\/magazine365\/category\/noticias-actualidad\/\" title=\"Noticias y Actualidad\">Noticias y Actualidad<\/a>\n<\/span><span class=\"aioseo-breadcrumb-separator\">\u2013<\/span><span class=\"aioseo-breadcrumb\">\n\t<a href=\"https:\/\/eldigitaldeasturias.com\/magazine365\/ryanair-amplia-24-horas-mas-su-campana-contra-el-brexit\/\" title=\"Ryanair ampl\u00eda 24 horas m\u00e1s su campa\u00f1a contra el \u2018Brexit\u2019\">Ryanair ampl\u00eda 24 horas m\u00e1s su campa\u00f1a contra el \u2018Brexit\u2019<\/a>\n<\/span><\/div>","aioseo_breadcrumb_json":[{"label":"Home","link":"https:\/\/eldigitaldeasturias.com\/magazine365"},{"label":"Noticias y Actualidad","link":"https:\/\/eldigitaldeasturias.com\/magazine365\/category\/noticias-actualidad\/"},{"label":"Ryanair ampl\u00eda 24 horas m\u00e1s su campa\u00f1a contra el &#8216;Brexit&#8217;","link":"https:\/\/eldigitaldeasturias.com\/magazine365\/ryanair-amplia-24-horas-mas-su-campana-contra-el-brexit\/"}],"_links":{"self":[{"href":"https:\/\/eldigitaldeasturias.com\/magazine365\/wp-json\/wp\/v2\/posts\/76620","targetHints":{"allow":["GET"]}}],"collection":[{"href":"https:\/\/eldigitaldeasturias.com\/magazine365\/wp-json\/wp\/v2\/posts"}],"about":[{"href":"https:\/\/eldigitaldeasturias.com\/magazine365\/wp-json\/wp\/v2\/types\/post"}],"author":[{"embeddable":true,"href":"https:\/\/eldigitaldeasturias.com\/magazine365\/wp-json\/wp\/v2\/users\/1"}],"replies":[{"embeddable":true,"href":"https:\/\/eldigitaldeasturias.com\/magazine365\/wp-json\/wp\/v2\/comments?post=76620"}],"version-history":[{"count":0,"href":"https:\/\/eldigitaldeasturias.com\/magazine365\/wp-json\/wp\/v2\/posts\/76620\/revisions"}],"wp:featuredmedia":[{"embeddable":true,"href":"https:\/\/eldigitaldeasturias.com\/magazine365\/wp-json\/wp\/v2\/media\/76621"}],"wp:attachment":[{"href":"https:\/\/eldigitaldeasturias.com\/magazine365\/wp-json\/wp\/v2\/media?parent=76620"}],"wp:term":[{"taxonomy":"category","embeddable":true,"href":"https:\/\/eldigitaldeasturias.com\/magazine365\/wp-json\/wp\/v2\/categories?post=76620"},{"taxonomy":"post_tag","embeddable":true,"href":"https:\/\/eldigitaldeasturias.com\/magazine365\/wp-json\/wp\/v2\/tags?post=76620"}],"curies":[{"name":"wp","href":"https:\/\/api.w.org\/{rel}","templated":true}]}}