{"id":76611,"date":"2016-05-21T07:18:15","date_gmt":"2016-05-21T05:18:15","guid":{"rendered":"http:\/\/eldigitaldeasturias.com\/magazine365\/?p=76611"},"modified":"2016-05-21T07:18:15","modified_gmt":"2016-05-21T05:18:15","slug":"miguel-de-la-quadra-salcedo-gran-cruz-de-alfonso-x-el-sabio-a-titulo-postumo","status":"publish","type":"post","link":"https:\/\/eldigitaldeasturias.com\/magazine365\/miguel-de-la-quadra-salcedo-gran-cruz-de-alfonso-x-el-sabio-a-titulo-postumo\/","title":{"rendered":"Miguel de la Quadra-Salcedo, Gran Cruz de Alfonso X el Sabio a t\u00edtulo p\u00f3stumo"},"content":{"rendered":"<p><img fetchpriority=\"high\" decoding=\"async\" class=\"alignleft size-medium wp-image-76612\" src=\"https:\/\/eldigitaldeasturias.com\/magazine365\/wp-content\/uploads\/2016\/05\/fotonoticia_20160520134931_800-221x300.jpg\" alt=\"fotonoticia_20160520134931_800\" width=\"221\" height=\"300\" srcset=\"https:\/\/eldigitaldeasturias.com\/magazine365\/wp-content\/uploads\/2016\/05\/fotonoticia_20160520134931_800-221x300.jpg 221w, https:\/\/eldigitaldeasturias.com\/magazine365\/wp-content\/uploads\/2016\/05\/fotonoticia_20160520134931_800-472x640.jpg 472w, https:\/\/eldigitaldeasturias.com\/magazine365\/wp-content\/uploads\/2016\/05\/fotonoticia_20160520134931_800-768x1042.jpg 768w, https:\/\/eldigitaldeasturias.com\/magazine365\/wp-content\/uploads\/2016\/05\/fotonoticia_20160520134931_800-150x203.jpg 150w, https:\/\/eldigitaldeasturias.com\/magazine365\/wp-content\/uploads\/2016\/05\/fotonoticia_20160520134931_800-450x610.jpg 450w, https:\/\/eldigitaldeasturias.com\/magazine365\/wp-content\/uploads\/2016\/05\/fotonoticia_20160520134931_800.jpg 800w\" sizes=\"(max-width: 221px) 100vw, 221px\" \/>El reportero, deportista y explorador Miguel de la Quadra-Salcedo, fallecido este viernes 20 de mayo en Madrid, ha sido reconocido con la Gran Cruz de Alfonso X el Sabio a t\u00edtulo p\u00f3stumo, concedida por el Consejo de Ministros, a propuesta del ministro de Educaci\u00f3n, Cultura y Deporte, \u00cd\u00f1igo M\u00e9ndez de Vigo.<\/p>\n<p>Seg\u00fan ha recordado el Ministerio de Educaci\u00f3n, Cultura y Deporte, esta condecoraci\u00f3n tiene car\u00e1cter restringido (500) y se otorga a personas f\u00edsicas espa\u00f1olas o extranjeras que hayan contribuido en grado extraordinario al desarrollo de la educaci\u00f3n, la ciencia, la cultura, la docencia o la investigaci\u00f3n, siempre que sea patente el nivel excepcional de sus m\u00e9ritos.<\/p>\n<p>En este sentido, M\u00e9ndez de Vigo ha lamentado el fallecimiento \u00abde un gran deportista, que represent\u00f3 a Espa\u00f1a en los Juegos Ol\u00edmpicos de Roma en 1960\u00bb. \u00abSu esfuerzo, dedicaci\u00f3n y entrega le hicieron digno merecedor de la Medalla de Plata de la Real Orden del M\u00e9rito Deportivo, la m\u00e1s alta distinci\u00f3n que se otorga al deporte en Espa\u00f1a\u00bb, ha apuntado.<\/p>\n<p>\u00abSiempre recordar\u00e9 a ese hombre polifac\u00e9tico que pase\u00f3 con orgullo el nombre de Espa\u00f1a por los cinco continentes\u00bb, ha manifestado el titular de la cartera de Educaci\u00f3n, Cultura y Deporte, quien ha agregado que la labor del reportero siempre le ha parecido \u00abadmirable, no s\u00f3lo como deportista o explorador, sino tambi\u00e9n como periodista\u00bb de ah\u00ed la concesi\u00f3n del Premio Nacional de Televisi\u00f3n por &#8216;Managua y el terremoto&#8217; y tambi\u00e9n por &#8216;Cama\u00f1o y los marines&#8217;.<\/p>\n<p>El Ministerio ha recordados asimismo que su trabajo fue objeto de reconocimiento fuera de Espa\u00f1a, siendo galardonado con el Premio Internacional de la Cr\u00edtica de Televisi\u00f3n en Cannes por &#8216;La muerte del Che Guevara&#8217; (1967), y con el Premio Internacional de Televisi\u00f3n por &#8216;La larga marcha de los eritreos&#8217;.<\/p>\n<p>\u00abHoy es un d\u00eda triste para todos los que somos seguidores de Miguel\u00bb, ha insistido el ministro, para despu\u00e9s agregar que \u00abgracias a \u00e9l miles de j\u00f3venes conocieron los problemas a los que se enfrenta actualmente la sociedad en los diferentes puntos del planeta\u00bb y que fue capaz de\u00bb despertar en ellos vocaciones que puedan serles de utilidad en la elecci\u00f3n de sus futuras carreras universitarias\u00bb.<\/p>\n<p>Por \u00faltimo, ha confesado que tuvo \u00abla suerte\u00bb de pasar con \u00e9l una ma\u00f1ana hace unos meses coincidiendo con la presentaci\u00f3n de la expedici\u00f3n 2016 de la Ruta BBVA. \u00abSu figura siempre ser\u00e1 recordada por haber combinado la educaci\u00f3n en valores, el intercambio cultural y la aventura\u00bb, ha concluido el ministro, quien ha trasladado sus condolencias a la mujer y los hijos de Miguel de la Quadra-Salcedo.<\/p>\n","protected":false},"excerpt":{"rendered":"<p>El reportero, deportista y explorador Miguel de la Quadra-Salcedo, fallecido este viernes 20 de mayo en Madrid, ha sido reconocido con la Gran Cruz de Alfonso X el Sabio a t\u00edtulo p\u00f3stumo, concedida por el Consejo de Ministros, a propuesta del ministro de Educaci\u00f3n, Cultura y Deporte, \u00cd\u00f1igo M\u00e9ndez de Vigo. Seg\u00fan ha recordado el<\/p>\n","protected":false},"author":1,"featured_media":76612,"comment_status":"open","ping_status":"closed","sticky":false,"template":"","format":"standard","meta":{"footnotes":""},"categories":[224],"tags":[],"class_list":{"0":"post-76611","1":"post","2":"type-post","3":"status-publish","4":"format-standard","5":"has-post-thumbnail","7":"category-noticias-actualidad"},"aioseo_notices":[],"aioseo_head":"\n\t\t<!-- All in One SEO Pro 4.9.6.1 - aioseo.com -->\n\t<meta name=\"description\" content=\"El reportero, deportista y explorador Miguel de la Quadra-Salcedo, fallecido este viernes 20 de mayo en Madrid, ha sido reconocido con la Gran Cruz de Alfonso X el Sabio a t\u00edtulo p\u00f3stumo, concedida por el Consejo de Ministros, a propuesta del ministro de Educaci\u00f3n, Cultura y Deporte, \u00cd\u00f1igo M\u00e9ndez de Vigo. Seg\u00fan ha recordado el\" \/>\n\t<meta name=\"robots\" content=\"max-image-preview:large\" \/>\n\t<meta name=\"author\" content=\"admin\"\/>\n\t<meta name=\"google-site-verification\" content=\"UA-38556648-1\" \/>\n\t<meta name=\"keywords\" content=\"noticias y actualidad\" \/>\n\t<link rel=\"canonical\" href=\"https:\/\/eldigitaldeasturias.com\/magazine365\/miguel-de-la-quadra-salcedo-gran-cruz-de-alfonso-x-el-sabio-a-titulo-postumo\/\" \/>\n\t<meta name=\"generator\" content=\"All in One SEO Pro (AIOSEO) 4.9.6.1\" \/>\n\t\t<meta property=\"og:locale\" content=\"es_ES\" \/>\n\t\t<meta property=\"og:site_name\" content=\"El Digital de Asturias \u2013 Revista de ocio, turismo y estilo de vida\" \/>\n\t\t<meta property=\"og:type\" content=\"article\" \/>\n\t\t<meta property=\"og:title\" content=\"Miguel de la Quadra-Salcedo, Gran Cruz de Alfonso X el Sabio a t\u00edtulo p\u00f3stumo | El Digital de Asturias\" \/>\n\t\t<meta property=\"og:description\" content=\"El reportero, deportista y explorador Miguel de la Quadra-Salcedo, fallecido este viernes 20 de mayo en Madrid, ha sido reconocido con la Gran Cruz de Alfonso X el Sabio a t\u00edtulo p\u00f3stumo, concedida por el Consejo de Ministros, a propuesta del ministro de Educaci\u00f3n, Cultura y Deporte, \u00cd\u00f1igo M\u00e9ndez de Vigo. Seg\u00fan ha recordado el\" \/>\n\t\t<meta property=\"og:url\" content=\"https:\/\/eldigitaldeasturias.com\/magazine365\/miguel-de-la-quadra-salcedo-gran-cruz-de-alfonso-x-el-sabio-a-titulo-postumo\/\" \/>\n\t\t<meta property=\"og:image\" content=\"https:\/\/eldigitaldeasturias.com\/magazine365\/wp-content\/uploads\/2016\/05\/fotonoticia_20160520134931_800.jpg\" \/>\n\t\t<meta property=\"og:image:secure_url\" content=\"https:\/\/eldigitaldeasturias.com\/magazine365\/wp-content\/uploads\/2016\/05\/fotonoticia_20160520134931_800.jpg\" \/>\n\t\t<meta property=\"og:image:width\" content=\"800\" \/>\n\t\t<meta property=\"og:image:height\" content=\"1085\" \/>\n\t\t<meta property=\"article:published_time\" content=\"2016-05-21T05:18:15+00:00\" \/>\n\t\t<meta property=\"article:modified_time\" content=\"2016-05-21T05:18:15+00:00\" \/>\n\t\t<meta name=\"twitter:card\" content=\"summary_large_image\" \/>\n\t\t<meta name=\"twitter:title\" content=\"Miguel de la Quadra-Salcedo, Gran Cruz de Alfonso X el Sabio a t\u00edtulo p\u00f3stumo | El Digital de Asturias\" \/>\n\t\t<meta name=\"twitter:description\" content=\"El reportero, deportista y explorador Miguel de la Quadra-Salcedo, fallecido este viernes 20 de mayo en Madrid, ha sido reconocido con la Gran Cruz de Alfonso X el Sabio a t\u00edtulo p\u00f3stumo, concedida por el Consejo de Ministros, a propuesta del ministro de Educaci\u00f3n, Cultura y Deporte, \u00cd\u00f1igo M\u00e9ndez de Vigo. Seg\u00fan ha recordado el\" \/>\n\t\t<meta name=\"twitter:image\" content=\"https:\/\/eldigitaldeasturias.com\/magazine365\/wp-content\/uploads\/2016\/05\/fotonoticia_20160520134931_800.jpg\" \/>\n\t\t<script type=\"application\/ld+json\" class=\"aioseo-schema\">\n\t\t\t{\"@context\":\"https:\\\/\\\/schema.org\",\"@graph\":[{\"@type\":\"Article\",\"@id\":\"https:\\\/\\\/eldigitaldeasturias.com\\\/magazine365\\\/miguel-de-la-quadra-salcedo-gran-cruz-de-alfonso-x-el-sabio-a-titulo-postumo\\\/#article\",\"name\":\"Miguel de la Quadra-Salcedo, Gran Cruz de Alfonso X el Sabio a t\\u00edtulo p\\u00f3stumo | El Digital de Asturias\",\"headline\":\"Miguel de la Quadra-Salcedo, Gran Cruz de Alfonso X el Sabio a t\\u00edtulo p\\u00f3stumo\",\"author\":{\"@id\":\"https:\\\/\\\/eldigitaldeasturias.com\\\/magazine365\\\/author\\\/admin\\\/#author\"},\"publisher\":{\"@id\":\"https:\\\/\\\/eldigitaldeasturias.com\\\/magazine365\\\/#organization\"},\"image\":{\"@type\":\"ImageObject\",\"url\":\"https:\\\/\\\/eldigitaldeasturias.com\\\/magazine365\\\/wp-content\\\/uploads\\\/2016\\\/05\\\/fotonoticia_20160520134931_800.jpg\",\"width\":800,\"height\":1085},\"datePublished\":\"2016-05-21T07:18:15+02:00\",\"dateModified\":\"2016-05-21T07:18:15+02:00\",\"inLanguage\":\"es-ES\",\"mainEntityOfPage\":{\"@id\":\"https:\\\/\\\/eldigitaldeasturias.com\\\/magazine365\\\/miguel-de-la-quadra-salcedo-gran-cruz-de-alfonso-x-el-sabio-a-titulo-postumo\\\/#webpage\"},\"isPartOf\":{\"@id\":\"https:\\\/\\\/eldigitaldeasturias.com\\\/magazine365\\\/miguel-de-la-quadra-salcedo-gran-cruz-de-alfonso-x-el-sabio-a-titulo-postumo\\\/#webpage\"},\"articleSection\":\"Noticias y Actualidad\"},{\"@type\":\"BreadcrumbList\",\"@id\":\"https:\\\/\\\/eldigitaldeasturias.com\\\/magazine365\\\/miguel-de-la-quadra-salcedo-gran-cruz-de-alfonso-x-el-sabio-a-titulo-postumo\\\/#breadcrumblist\",\"itemListElement\":[{\"@type\":\"ListItem\",\"@id\":\"https:\\\/\\\/eldigitaldeasturias.com\\\/magazine365#listItem\",\"position\":1,\"name\":\"Home\",\"item\":\"https:\\\/\\\/eldigitaldeasturias.com\\\/magazine365\",\"nextItem\":{\"@type\":\"ListItem\",\"@id\":\"https:\\\/\\\/eldigitaldeasturias.com\\\/magazine365\\\/category\\\/noticias-actualidad\\\/#listItem\",\"name\":\"Noticias y Actualidad\"}},{\"@type\":\"ListItem\",\"@id\":\"https:\\\/\\\/eldigitaldeasturias.com\\\/magazine365\\\/category\\\/noticias-actualidad\\\/#listItem\",\"position\":2,\"name\":\"Noticias y Actualidad\",\"item\":\"https:\\\/\\\/eldigitaldeasturias.com\\\/magazine365\\\/category\\\/noticias-actualidad\\\/\",\"nextItem\":{\"@type\":\"ListItem\",\"@id\":\"https:\\\/\\\/eldigitaldeasturias.com\\\/magazine365\\\/miguel-de-la-quadra-salcedo-gran-cruz-de-alfonso-x-el-sabio-a-titulo-postumo\\\/#listItem\",\"name\":\"Miguel de la Quadra-Salcedo, Gran Cruz de Alfonso X el Sabio a t\\u00edtulo p\\u00f3stumo\"},\"previousItem\":{\"@type\":\"ListItem\",\"@id\":\"https:\\\/\\\/eldigitaldeasturias.com\\\/magazine365#listItem\",\"name\":\"Home\"}},{\"@type\":\"ListItem\",\"@id\":\"https:\\\/\\\/eldigitaldeasturias.com\\\/magazine365\\\/miguel-de-la-quadra-salcedo-gran-cruz-de-alfonso-x-el-sabio-a-titulo-postumo\\\/#listItem\",\"position\":3,\"name\":\"Miguel de la Quadra-Salcedo, Gran Cruz de Alfonso X el Sabio a t\\u00edtulo p\\u00f3stumo\",\"previousItem\":{\"@type\":\"ListItem\",\"@id\":\"https:\\\/\\\/eldigitaldeasturias.com\\\/magazine365\\\/category\\\/noticias-actualidad\\\/#listItem\",\"name\":\"Noticias y Actualidad\"}}]},{\"@type\":\"Organization\",\"@id\":\"https:\\\/\\\/eldigitaldeasturias.com\\\/magazine365\\\/#organization\",\"name\":\"El digital de Asturias\",\"description\":\"Revista de ocio, turismo y estilo de vida\",\"url\":\"https:\\\/\\\/eldigitaldeasturias.com\\\/magazine365\\\/\",\"logo\":{\"@type\":\"ImageObject\",\"url\":\"https:\\\/\\\/www.eldigitaldeasturias.com\\\/noticias\\\/wp-content\\\/uploads\\\/2020\\\/12\\\/EDA.jpg\",\"@id\":\"https:\\\/\\\/eldigitaldeasturias.com\\\/magazine365\\\/miguel-de-la-quadra-salcedo-gran-cruz-de-alfonso-x-el-sabio-a-titulo-postumo\\\/#organizationLogo\"},\"image\":{\"@id\":\"https:\\\/\\\/eldigitaldeasturias.com\\\/magazine365\\\/miguel-de-la-quadra-salcedo-gran-cruz-de-alfonso-x-el-sabio-a-titulo-postumo\\\/#organizationLogo\"}},{\"@type\":\"Person\",\"@id\":\"https:\\\/\\\/eldigitaldeasturias.com\\\/magazine365\\\/author\\\/admin\\\/#author\",\"url\":\"https:\\\/\\\/eldigitaldeasturias.com\\\/magazine365\\\/author\\\/admin\\\/\",\"name\":\"admin\",\"image\":{\"@type\":\"ImageObject\",\"@id\":\"https:\\\/\\\/eldigitaldeasturias.com\\\/magazine365\\\/miguel-de-la-quadra-salcedo-gran-cruz-de-alfonso-x-el-sabio-a-titulo-postumo\\\/#authorImage\",\"url\":\"https:\\\/\\\/eldigitaldeasturias.com\\\/magazine365\\\/wp-content\\\/litespeed\\\/avatar\\\/e571bcf59a0edd6fa6838245a470f2fe.jpg?ver=1777574230\",\"width\":96,\"height\":96,\"caption\":\"admin\"}},{\"@type\":\"WebPage\",\"@id\":\"https:\\\/\\\/eldigitaldeasturias.com\\\/magazine365\\\/miguel-de-la-quadra-salcedo-gran-cruz-de-alfonso-x-el-sabio-a-titulo-postumo\\\/#webpage\",\"url\":\"https:\\\/\\\/eldigitaldeasturias.com\\\/magazine365\\\/miguel-de-la-quadra-salcedo-gran-cruz-de-alfonso-x-el-sabio-a-titulo-postumo\\\/\",\"name\":\"Miguel de la Quadra-Salcedo, Gran Cruz de Alfonso X el Sabio a t\\u00edtulo p\\u00f3stumo | El Digital de Asturias\",\"description\":\"El reportero, deportista y explorador Miguel de la Quadra-Salcedo, fallecido este viernes 20 de mayo en Madrid, ha sido reconocido con la Gran Cruz de Alfonso X el Sabio a t\\u00edtulo p\\u00f3stumo, concedida por el Consejo de Ministros, a propuesta del ministro de Educaci\\u00f3n, Cultura y Deporte, \\u00cd\\u00f1igo M\\u00e9ndez de Vigo. Seg\\u00fan ha recordado el\",\"inLanguage\":\"es-ES\",\"isPartOf\":{\"@id\":\"https:\\\/\\\/eldigitaldeasturias.com\\\/magazine365\\\/#website\"},\"breadcrumb\":{\"@id\":\"https:\\\/\\\/eldigitaldeasturias.com\\\/magazine365\\\/miguel-de-la-quadra-salcedo-gran-cruz-de-alfonso-x-el-sabio-a-titulo-postumo\\\/#breadcrumblist\"},\"author\":{\"@id\":\"https:\\\/\\\/eldigitaldeasturias.com\\\/magazine365\\\/author\\\/admin\\\/#author\"},\"creator\":{\"@id\":\"https:\\\/\\\/eldigitaldeasturias.com\\\/magazine365\\\/author\\\/admin\\\/#author\"},\"image\":{\"@type\":\"ImageObject\",\"url\":\"https:\\\/\\\/eldigitaldeasturias.com\\\/magazine365\\\/wp-content\\\/uploads\\\/2016\\\/05\\\/fotonoticia_20160520134931_800.jpg\",\"@id\":\"https:\\\/\\\/eldigitaldeasturias.com\\\/magazine365\\\/miguel-de-la-quadra-salcedo-gran-cruz-de-alfonso-x-el-sabio-a-titulo-postumo\\\/#mainImage\",\"width\":800,\"height\":1085},\"primaryImageOfPage\":{\"@id\":\"https:\\\/\\\/eldigitaldeasturias.com\\\/magazine365\\\/miguel-de-la-quadra-salcedo-gran-cruz-de-alfonso-x-el-sabio-a-titulo-postumo\\\/#mainImage\"},\"datePublished\":\"2016-05-21T07:18:15+02:00\",\"dateModified\":\"2016-05-21T07:18:15+02:00\"},{\"@type\":\"WebSite\",\"@id\":\"https:\\\/\\\/eldigitaldeasturias.com\\\/magazine365\\\/#website\",\"url\":\"https:\\\/\\\/eldigitaldeasturias.com\\\/magazine365\\\/\",\"name\":\"El Digital de Asturias\",\"description\":\"Revista de ocio, turismo y estilo de vida\",\"inLanguage\":\"es-ES\",\"publisher\":{\"@id\":\"https:\\\/\\\/eldigitaldeasturias.com\\\/magazine365\\\/#organization\"}}]}\n\t\t<\/script>\n\t\t<!-- All in One SEO Pro -->\r\n\t\t<title>Miguel de la Quadra-Salcedo, Gran Cruz de Alfonso X el Sabio a t\u00edtulo p\u00f3stumo | El Digital de Asturias<\/title>\n\n","aioseo_head_json":{"title":"Miguel de la Quadra-Salcedo, Gran Cruz de Alfonso X el Sabio a t\u00edtulo p\u00f3stumo | El Digital de Asturias","description":"El reportero, deportista y explorador Miguel de la Quadra-Salcedo, fallecido este viernes 20 de mayo en Madrid, ha sido reconocido con la Gran Cruz de Alfonso X el Sabio a t\u00edtulo p\u00f3stumo, concedida por el Consejo de Ministros, a propuesta del ministro de Educaci\u00f3n, Cultura y Deporte, \u00cd\u00f1igo M\u00e9ndez de Vigo. Seg\u00fan ha recordado el","canonical_url":"https:\/\/eldigitaldeasturias.com\/magazine365\/miguel-de-la-quadra-salcedo-gran-cruz-de-alfonso-x-el-sabio-a-titulo-postumo\/","robots":"max-image-preview:large","keywords":"noticias y actualidad","webmasterTools":{"google-site-verification":"UA-38556648-1","miscellaneous":""},"schema":{"@context":"https:\/\/schema.org","@graph":[{"@type":"Article","@id":"https:\/\/eldigitaldeasturias.com\/magazine365\/miguel-de-la-quadra-salcedo-gran-cruz-de-alfonso-x-el-sabio-a-titulo-postumo\/#article","name":"Miguel de la Quadra-Salcedo, Gran Cruz de Alfonso X el Sabio a t\u00edtulo p\u00f3stumo | El Digital de Asturias","headline":"Miguel de la Quadra-Salcedo, Gran Cruz de Alfonso X el Sabio a t\u00edtulo p\u00f3stumo","author":{"@id":"https:\/\/eldigitaldeasturias.com\/magazine365\/author\/admin\/#author"},"publisher":{"@id":"https:\/\/eldigitaldeasturias.com\/magazine365\/#organization"},"image":{"@type":"ImageObject","url":"https:\/\/eldigitaldeasturias.com\/magazine365\/wp-content\/uploads\/2016\/05\/fotonoticia_20160520134931_800.jpg","width":800,"height":1085},"datePublished":"2016-05-21T07:18:15+02:00","dateModified":"2016-05-21T07:18:15+02:00","inLanguage":"es-ES","mainEntityOfPage":{"@id":"https:\/\/eldigitaldeasturias.com\/magazine365\/miguel-de-la-quadra-salcedo-gran-cruz-de-alfonso-x-el-sabio-a-titulo-postumo\/#webpage"},"isPartOf":{"@id":"https:\/\/eldigitaldeasturias.com\/magazine365\/miguel-de-la-quadra-salcedo-gran-cruz-de-alfonso-x-el-sabio-a-titulo-postumo\/#webpage"},"articleSection":"Noticias y Actualidad"},{"@type":"BreadcrumbList","@id":"https:\/\/eldigitaldeasturias.com\/magazine365\/miguel-de-la-quadra-salcedo-gran-cruz-de-alfonso-x-el-sabio-a-titulo-postumo\/#breadcrumblist","itemListElement":[{"@type":"ListItem","@id":"https:\/\/eldigitaldeasturias.com\/magazine365#listItem","position":1,"name":"Home","item":"https:\/\/eldigitaldeasturias.com\/magazine365","nextItem":{"@type":"ListItem","@id":"https:\/\/eldigitaldeasturias.com\/magazine365\/category\/noticias-actualidad\/#listItem","name":"Noticias y Actualidad"}},{"@type":"ListItem","@id":"https:\/\/eldigitaldeasturias.com\/magazine365\/category\/noticias-actualidad\/#listItem","position":2,"name":"Noticias y Actualidad","item":"https:\/\/eldigitaldeasturias.com\/magazine365\/category\/noticias-actualidad\/","nextItem":{"@type":"ListItem","@id":"https:\/\/eldigitaldeasturias.com\/magazine365\/miguel-de-la-quadra-salcedo-gran-cruz-de-alfonso-x-el-sabio-a-titulo-postumo\/#listItem","name":"Miguel de la Quadra-Salcedo, Gran Cruz de Alfonso X el Sabio a t\u00edtulo p\u00f3stumo"},"previousItem":{"@type":"ListItem","@id":"https:\/\/eldigitaldeasturias.com\/magazine365#listItem","name":"Home"}},{"@type":"ListItem","@id":"https:\/\/eldigitaldeasturias.com\/magazine365\/miguel-de-la-quadra-salcedo-gran-cruz-de-alfonso-x-el-sabio-a-titulo-postumo\/#listItem","position":3,"name":"Miguel de la Quadra-Salcedo, Gran Cruz de Alfonso X el Sabio a t\u00edtulo p\u00f3stumo","previousItem":{"@type":"ListItem","@id":"https:\/\/eldigitaldeasturias.com\/magazine365\/category\/noticias-actualidad\/#listItem","name":"Noticias y Actualidad"}}]},{"@type":"Organization","@id":"https:\/\/eldigitaldeasturias.com\/magazine365\/#organization","name":"El digital de Asturias","description":"Revista de ocio, turismo y estilo de vida","url":"https:\/\/eldigitaldeasturias.com\/magazine365\/","logo":{"@type":"ImageObject","url":"https:\/\/www.eldigitaldeasturias.com\/noticias\/wp-content\/uploads\/2020\/12\/EDA.jpg","@id":"https:\/\/eldigitaldeasturias.com\/magazine365\/miguel-de-la-quadra-salcedo-gran-cruz-de-alfonso-x-el-sabio-a-titulo-postumo\/#organizationLogo"},"image":{"@id":"https:\/\/eldigitaldeasturias.com\/magazine365\/miguel-de-la-quadra-salcedo-gran-cruz-de-alfonso-x-el-sabio-a-titulo-postumo\/#organizationLogo"}},{"@type":"Person","@id":"https:\/\/eldigitaldeasturias.com\/magazine365\/author\/admin\/#author","url":"https:\/\/eldigitaldeasturias.com\/magazine365\/author\/admin\/","name":"admin","image":{"@type":"ImageObject","@id":"https:\/\/eldigitaldeasturias.com\/magazine365\/miguel-de-la-quadra-salcedo-gran-cruz-de-alfonso-x-el-sabio-a-titulo-postumo\/#authorImage","url":"https:\/\/eldigitaldeasturias.com\/magazine365\/wp-content\/litespeed\/avatar\/e571bcf59a0edd6fa6838245a470f2fe.jpg?ver=1777574230","width":96,"height":96,"caption":"admin"}},{"@type":"WebPage","@id":"https:\/\/eldigitaldeasturias.com\/magazine365\/miguel-de-la-quadra-salcedo-gran-cruz-de-alfonso-x-el-sabio-a-titulo-postumo\/#webpage","url":"https:\/\/eldigitaldeasturias.com\/magazine365\/miguel-de-la-quadra-salcedo-gran-cruz-de-alfonso-x-el-sabio-a-titulo-postumo\/","name":"Miguel de la Quadra-Salcedo, Gran Cruz de Alfonso X el Sabio a t\u00edtulo p\u00f3stumo | El Digital de Asturias","description":"El reportero, deportista y explorador Miguel de la Quadra-Salcedo, fallecido este viernes 20 de mayo en Madrid, ha sido reconocido con la Gran Cruz de Alfonso X el Sabio a t\u00edtulo p\u00f3stumo, concedida por el Consejo de Ministros, a propuesta del ministro de Educaci\u00f3n, Cultura y Deporte, \u00cd\u00f1igo M\u00e9ndez de Vigo. Seg\u00fan ha recordado el","inLanguage":"es-ES","isPartOf":{"@id":"https:\/\/eldigitaldeasturias.com\/magazine365\/#website"},"breadcrumb":{"@id":"https:\/\/eldigitaldeasturias.com\/magazine365\/miguel-de-la-quadra-salcedo-gran-cruz-de-alfonso-x-el-sabio-a-titulo-postumo\/#breadcrumblist"},"author":{"@id":"https:\/\/eldigitaldeasturias.com\/magazine365\/author\/admin\/#author"},"creator":{"@id":"https:\/\/eldigitaldeasturias.com\/magazine365\/author\/admin\/#author"},"image":{"@type":"ImageObject","url":"https:\/\/eldigitaldeasturias.com\/magazine365\/wp-content\/uploads\/2016\/05\/fotonoticia_20160520134931_800.jpg","@id":"https:\/\/eldigitaldeasturias.com\/magazine365\/miguel-de-la-quadra-salcedo-gran-cruz-de-alfonso-x-el-sabio-a-titulo-postumo\/#mainImage","width":800,"height":1085},"primaryImageOfPage":{"@id":"https:\/\/eldigitaldeasturias.com\/magazine365\/miguel-de-la-quadra-salcedo-gran-cruz-de-alfonso-x-el-sabio-a-titulo-postumo\/#mainImage"},"datePublished":"2016-05-21T07:18:15+02:00","dateModified":"2016-05-21T07:18:15+02:00"},{"@type":"WebSite","@id":"https:\/\/eldigitaldeasturias.com\/magazine365\/#website","url":"https:\/\/eldigitaldeasturias.com\/magazine365\/","name":"El Digital de Asturias","description":"Revista de ocio, turismo y estilo de vida","inLanguage":"es-ES","publisher":{"@id":"https:\/\/eldigitaldeasturias.com\/magazine365\/#organization"}}]},"og:locale":"es_ES","og:site_name":"El Digital de Asturias \u2013 Revista de ocio, turismo y estilo de vida","og:type":"article","og:title":"Miguel de la Quadra-Salcedo, Gran Cruz de Alfonso X el Sabio a t\u00edtulo p\u00f3stumo | El Digital de Asturias","og:description":"El reportero, deportista y explorador Miguel de la Quadra-Salcedo, fallecido este viernes 20 de mayo en Madrid, ha sido reconocido con la Gran Cruz de Alfonso X el Sabio a t\u00edtulo p\u00f3stumo, concedida por el Consejo de Ministros, a propuesta del ministro de Educaci\u00f3n, Cultura y Deporte, \u00cd\u00f1igo M\u00e9ndez de Vigo. Seg\u00fan ha recordado el","og:url":"https:\/\/eldigitaldeasturias.com\/magazine365\/miguel-de-la-quadra-salcedo-gran-cruz-de-alfonso-x-el-sabio-a-titulo-postumo\/","og:image":"https:\/\/eldigitaldeasturias.com\/magazine365\/wp-content\/uploads\/2016\/05\/fotonoticia_20160520134931_800.jpg","og:image:secure_url":"https:\/\/eldigitaldeasturias.com\/magazine365\/wp-content\/uploads\/2016\/05\/fotonoticia_20160520134931_800.jpg","og:image:width":800,"og:image:height":1085,"article:published_time":"2016-05-21T05:18:15+00:00","article:modified_time":"2016-05-21T05:18:15+00:00","twitter:card":"summary_large_image","twitter:title":"Miguel de la Quadra-Salcedo, Gran Cruz de Alfonso X el Sabio a t\u00edtulo p\u00f3stumo | El Digital de Asturias","twitter:description":"El reportero, deportista y explorador Miguel de la Quadra-Salcedo, fallecido este viernes 20 de mayo en Madrid, ha sido reconocido con la Gran Cruz de Alfonso X el Sabio a t\u00edtulo p\u00f3stumo, concedida por el Consejo de Ministros, a propuesta del ministro de Educaci\u00f3n, Cultura y Deporte, \u00cd\u00f1igo M\u00e9ndez de Vigo. Seg\u00fan ha recordado el","twitter:image":"https:\/\/eldigitaldeasturias.com\/magazine365\/wp-content\/uploads\/2016\/05\/fotonoticia_20160520134931_800.jpg"},"aioseo_meta_data":{"post_id":"76611","title":null,"description":null,"keywords":null,"keyphrases":null,"primary_term":null,"canonical_url":null,"og_title":null,"og_description":null,"og_object_type":"default","og_image_type":"default","og_image_url":null,"og_image_width":null,"og_image_height":null,"og_image_custom_url":null,"og_image_custom_fields":null,"og_video":null,"og_custom_url":null,"og_article_section":null,"og_article_tags":null,"twitter_use_og":false,"twitter_card":"default","twitter_image_type":"default","twitter_image_url":null,"twitter_image_custom_url":null,"twitter_image_custom_fields":null,"twitter_title":null,"twitter_description":null,"schema":{"blockGraphs":[],"customGraphs":[],"default":{"data":{"Article":[],"Course":[],"Dataset":[],"FAQPage":[],"Movie":[],"Person":[],"Product":[],"ProductReview":[],"Car":[],"Recipe":[],"Service":[],"SoftwareApplication":[],"WebPage":[]},"graphName":"","isEnabled":true},"graphs":[],"defaultGraph":"","defaultPostTypeGraph":""},"schema_type":null,"schema_type_options":null,"pillar_content":false,"robots_default":true,"robots_noindex":false,"robots_noarchive":false,"robots_nosnippet":false,"robots_nofollow":false,"robots_noimageindex":false,"robots_noodp":false,"robots_notranslate":false,"robots_max_snippet":null,"robots_max_videopreview":null,"robots_max_imagepreview":"large","priority":null,"frequency":null,"location":null,"local_seo":null,"seo_analyzer_scan_date":"2025-09-27 13:06:00","breadcrumb_settings":null,"limit_modified_date":false,"open_ai":null,"ai":null,"created":"2021-03-08 18:26:09","updated":"2025-09-27 13:06:00"},"aioseo_breadcrumb":"<div class=\"aioseo-breadcrumbs\"><span class=\"aioseo-breadcrumb\">\n\t<a href=\"https:\/\/eldigitaldeasturias.com\/magazine365\" title=\"Home\">Home<\/a>\n<\/span><span class=\"aioseo-breadcrumb-separator\">\u2013<\/span><span class=\"aioseo-breadcrumb\">\n\t<a href=\"https:\/\/eldigitaldeasturias.com\/magazine365\/category\/noticias-actualidad\/\" title=\"Noticias y Actualidad\">Noticias y Actualidad<\/a>\n<\/span><span class=\"aioseo-breadcrumb-separator\">\u2013<\/span><span class=\"aioseo-breadcrumb\">\n\t<a href=\"https:\/\/eldigitaldeasturias.com\/magazine365\/miguel-de-la-quadra-salcedo-gran-cruz-de-alfonso-x-el-sabio-a-titulo-postumo\/\" title=\"Miguel de la Quadra-Salcedo, Gran Cruz de Alfonso X el Sabio a t\u00edtulo p\u00f3stumo\">Miguel de la Quadra-Salcedo, Gran Cruz de Alfonso X el Sabio a t\u00edtulo p\u00f3stumo<\/a>\n<\/span><\/div>","aioseo_breadcrumb_json":[{"label":"Home","link":"https:\/\/eldigitaldeasturias.com\/magazine365"},{"label":"Noticias y Actualidad","link":"https:\/\/eldigitaldeasturias.com\/magazine365\/category\/noticias-actualidad\/"},{"label":"Miguel de la Quadra-Salcedo, Gran Cruz de Alfonso X el Sabio a t\u00edtulo p\u00f3stumo","link":"https:\/\/eldigitaldeasturias.com\/magazine365\/miguel-de-la-quadra-salcedo-gran-cruz-de-alfonso-x-el-sabio-a-titulo-postumo\/"}],"_links":{"self":[{"href":"https:\/\/eldigitaldeasturias.com\/magazine365\/wp-json\/wp\/v2\/posts\/76611","targetHints":{"allow":["GET"]}}],"collection":[{"href":"https:\/\/eldigitaldeasturias.com\/magazine365\/wp-json\/wp\/v2\/posts"}],"about":[{"href":"https:\/\/eldigitaldeasturias.com\/magazine365\/wp-json\/wp\/v2\/types\/post"}],"author":[{"embeddable":true,"href":"https:\/\/eldigitaldeasturias.com\/magazine365\/wp-json\/wp\/v2\/users\/1"}],"replies":[{"embeddable":true,"href":"https:\/\/eldigitaldeasturias.com\/magazine365\/wp-json\/wp\/v2\/comments?post=76611"}],"version-history":[{"count":0,"href":"https:\/\/eldigitaldeasturias.com\/magazine365\/wp-json\/wp\/v2\/posts\/76611\/revisions"}],"wp:featuredmedia":[{"embeddable":true,"href":"https:\/\/eldigitaldeasturias.com\/magazine365\/wp-json\/wp\/v2\/media\/76612"}],"wp:attachment":[{"href":"https:\/\/eldigitaldeasturias.com\/magazine365\/wp-json\/wp\/v2\/media?parent=76611"}],"wp:term":[{"taxonomy":"category","embeddable":true,"href":"https:\/\/eldigitaldeasturias.com\/magazine365\/wp-json\/wp\/v2\/categories?post=76611"},{"taxonomy":"post_tag","embeddable":true,"href":"https:\/\/eldigitaldeasturias.com\/magazine365\/wp-json\/wp\/v2\/tags?post=76611"}],"curies":[{"name":"wp","href":"https:\/\/api.w.org\/{rel}","templated":true}]}}