{"id":76603,"date":"2016-05-21T07:10:23","date_gmt":"2016-05-21T05:10:23","guid":{"rendered":"http:\/\/eldigitaldeasturias.com\/magazine365\/?p=76603"},"modified":"2016-05-21T07:10:23","modified_gmt":"2016-05-21T05:10:23","slug":"el-tsj-admite-a-tramite-el-recurso-del-gobierno-contra-los-decretos-de-turismo-y-deporte-de-la-generalitat-valenciana","status":"publish","type":"post","link":"https:\/\/eldigitaldeasturias.com\/magazine365\/el-tsj-admite-a-tramite-el-recurso-del-gobierno-contra-los-decretos-de-turismo-y-deporte-de-la-generalitat-valenciana\/","title":{"rendered":"El TSJ admite a tr\u00e1mite el recurso del Gobierno contra los decretos de turismo y deporte de la Generalitat Valenciana"},"content":{"rendered":"<p><img fetchpriority=\"high\" decoding=\"async\" class=\"alignleft size-medium wp-image-76604\" src=\"https:\/\/eldigitaldeasturias.com\/magazine365\/wp-content\/uploads\/2016\/05\/fotonoticia_20160520132009_800-360x270.jpg\" alt=\"fotonoticia_20160520132009_800\" width=\"360\" height=\"270\" srcset=\"https:\/\/eldigitaldeasturias.com\/magazine365\/wp-content\/uploads\/2016\/05\/fotonoticia_20160520132009_800-360x270.jpg 360w, https:\/\/eldigitaldeasturias.com\/magazine365\/wp-content\/uploads\/2016\/05\/fotonoticia_20160520132009_800-650x488.jpg 650w, https:\/\/eldigitaldeasturias.com\/magazine365\/wp-content\/uploads\/2016\/05\/fotonoticia_20160520132009_800-768x576.jpg 768w, https:\/\/eldigitaldeasturias.com\/magazine365\/wp-content\/uploads\/2016\/05\/fotonoticia_20160520132009_800-150x113.jpg 150w, https:\/\/eldigitaldeasturias.com\/magazine365\/wp-content\/uploads\/2016\/05\/fotonoticia_20160520132009_800-450x338.jpg 450w, https:\/\/eldigitaldeasturias.com\/magazine365\/wp-content\/uploads\/2016\/05\/fotonoticia_20160520132009_800-90x67.jpg 90w, https:\/\/eldigitaldeasturias.com\/magazine365\/wp-content\/uploads\/2016\/05\/fotonoticia_20160520132009_800-164x124.jpg 164w, https:\/\/eldigitaldeasturias.com\/magazine365\/wp-content\/uploads\/2016\/05\/fotonoticia_20160520132009_800-100x75.jpg 100w, https:\/\/eldigitaldeasturias.com\/magazine365\/wp-content\/uploads\/2016\/05\/fotonoticia_20160520132009_800.jpg 800w\" sizes=\"(max-width: 360px) 100vw, 360px\" \/>El Tribunal Superior de Justicia de la Comunitat Valenciana ha admitido a tr\u00e1mite el recurso interpuesto por la Abogac\u00eda del Estado contra los decretos del Consell que coordina la pol\u00edtica tur\u00edstica y de deportes de la Comunidad Valenciana.<\/p>\n<p>As\u00ed, lo ha anunciado este viernes el delegado del Gobierno en la Comunitat Valenciana, Juan Carlos Moragues, tras reunirse con los representantes de la Mesa por la Educaci\u00f3n en Libertad.<\/p>\n<p>Moragues ha informado de que este viernes se ha recibido la comunicaci\u00f3n de que se admitido a tr\u00e1mite el recurso contencioso administrativo presentado por el Gobierno de Espa\u00f1a contra estos dos decretos.<\/p>\n<p>Al respecto, ha explicado el Gobierno de Espa\u00f1a \u00abdefiende el principio de autonom\u00eda\u00bb de las Diputaciones provinciales que \u00abest\u00e1 reconocido por la Constituci\u00f3n espa\u00f1ola y por \u00ablas leyes\u00bb. Por ello, ha recalcado que el Gobierno valenciano \u00abno puede dictar reglamentos ejecutivos dando la espalda a estos sectores\u00bb.<\/p>\n<p>De hecho, ha apuntado que la Constituci\u00f3n se\u00f1ala que la Generalitat se tiene que \u00abcoordinar\u00bb con las Diputaciones pero \u00abnunca imponer\u00bb. \u00abPero con estos reglamentos ejecutivos lo que ha querido hacer es imponer determinadas normas, pautas y criterios y por eso el Gobierno de Espa\u00f1a ha recurrido al Tribunal Superior de Justicia\u00bb, ha apostillado.<\/p>\n","protected":false},"excerpt":{"rendered":"<p>El Tribunal Superior de Justicia de la Comunitat Valenciana ha admitido a tr\u00e1mite el recurso interpuesto por la Abogac\u00eda del Estado contra los decretos del Consell que coordina la pol\u00edtica tur\u00edstica y de deportes de la Comunidad Valenciana. As\u00ed, lo ha anunciado este viernes el delegado del Gobierno en la Comunitat Valenciana, Juan Carlos Moragues,<\/p>\n","protected":false},"author":1,"featured_media":76604,"comment_status":"open","ping_status":"closed","sticky":false,"template":"","format":"standard","meta":{"footnotes":""},"categories":[224],"tags":[],"class_list":{"0":"post-76603","1":"post","2":"type-post","3":"status-publish","4":"format-standard","5":"has-post-thumbnail","7":"category-noticias-actualidad"},"aioseo_notices":[],"aioseo_head":"\n\t\t<!-- All in One SEO Pro 4.9.6.1 - aioseo.com -->\n\t<meta name=\"description\" content=\"El Tribunal Superior de Justicia de la Comunitat Valenciana ha admitido a tr\u00e1mite el recurso interpuesto por la Abogac\u00eda del Estado contra los decretos del Consell que coordina la pol\u00edtica tur\u00edstica y de deportes de la Comunidad Valenciana. As\u00ed, lo ha anunciado este viernes el delegado del Gobierno en la Comunitat Valenciana, Juan Carlos Moragues,\" \/>\n\t<meta name=\"robots\" content=\"max-image-preview:large\" \/>\n\t<meta name=\"author\" content=\"admin\"\/>\n\t<meta name=\"google-site-verification\" content=\"UA-38556648-1\" \/>\n\t<meta name=\"keywords\" content=\"noticias y actualidad\" \/>\n\t<link rel=\"canonical\" href=\"https:\/\/eldigitaldeasturias.com\/magazine365\/el-tsj-admite-a-tramite-el-recurso-del-gobierno-contra-los-decretos-de-turismo-y-deporte-de-la-generalitat-valenciana\/\" \/>\n\t<meta name=\"generator\" content=\"All in One SEO Pro (AIOSEO) 4.9.6.1\" \/>\n\t\t<meta property=\"og:locale\" content=\"es_ES\" \/>\n\t\t<meta property=\"og:site_name\" content=\"El Digital de Asturias \u2013 Revista de ocio, turismo y estilo de vida\" \/>\n\t\t<meta property=\"og:type\" content=\"article\" \/>\n\t\t<meta property=\"og:title\" content=\"El TSJ admite a tr\u00e1mite el recurso del Gobierno contra los decretos de turismo y deporte de la Generalitat Valenciana | El Digital de Asturias\" \/>\n\t\t<meta property=\"og:description\" content=\"El Tribunal Superior de Justicia de la Comunitat Valenciana ha admitido a tr\u00e1mite el recurso interpuesto por la Abogac\u00eda del Estado contra los decretos del Consell que coordina la pol\u00edtica tur\u00edstica y de deportes de la Comunidad Valenciana. As\u00ed, lo ha anunciado este viernes el delegado del Gobierno en la Comunitat Valenciana, Juan Carlos Moragues,\" \/>\n\t\t<meta property=\"og:url\" content=\"https:\/\/eldigitaldeasturias.com\/magazine365\/el-tsj-admite-a-tramite-el-recurso-del-gobierno-contra-los-decretos-de-turismo-y-deporte-de-la-generalitat-valenciana\/\" \/>\n\t\t<meta property=\"og:image\" content=\"https:\/\/eldigitaldeasturias.com\/magazine365\/wp-content\/uploads\/2016\/05\/fotonoticia_20160520132009_800.jpg\" \/>\n\t\t<meta property=\"og:image:secure_url\" content=\"https:\/\/eldigitaldeasturias.com\/magazine365\/wp-content\/uploads\/2016\/05\/fotonoticia_20160520132009_800.jpg\" \/>\n\t\t<meta property=\"og:image:width\" content=\"800\" \/>\n\t\t<meta property=\"og:image:height\" content=\"600\" \/>\n\t\t<meta property=\"article:published_time\" content=\"2016-05-21T05:10:23+00:00\" \/>\n\t\t<meta property=\"article:modified_time\" content=\"2016-05-21T05:10:23+00:00\" \/>\n\t\t<meta name=\"twitter:card\" content=\"summary_large_image\" \/>\n\t\t<meta name=\"twitter:title\" content=\"El TSJ admite a tr\u00e1mite el recurso del Gobierno contra los decretos de turismo y deporte de la Generalitat Valenciana | El Digital de Asturias\" \/>\n\t\t<meta name=\"twitter:description\" content=\"El Tribunal Superior de Justicia de la Comunitat Valenciana ha admitido a tr\u00e1mite el recurso interpuesto por la Abogac\u00eda del Estado contra los decretos del Consell que coordina la pol\u00edtica tur\u00edstica y de deportes de la Comunidad Valenciana. As\u00ed, lo ha anunciado este viernes el delegado del Gobierno en la Comunitat Valenciana, Juan Carlos Moragues,\" \/>\n\t\t<meta name=\"twitter:image\" content=\"https:\/\/eldigitaldeasturias.com\/magazine365\/wp-content\/uploads\/2016\/05\/fotonoticia_20160520132009_800.jpg\" \/>\n\t\t<script type=\"application\/ld+json\" class=\"aioseo-schema\">\n\t\t\t{\"@context\":\"https:\\\/\\\/schema.org\",\"@graph\":[{\"@type\":\"Article\",\"@id\":\"https:\\\/\\\/eldigitaldeasturias.com\\\/magazine365\\\/el-tsj-admite-a-tramite-el-recurso-del-gobierno-contra-los-decretos-de-turismo-y-deporte-de-la-generalitat-valenciana\\\/#article\",\"name\":\"El TSJ admite a tr\\u00e1mite el recurso del Gobierno contra los decretos de turismo y deporte de la Generalitat Valenciana | El Digital de Asturias\",\"headline\":\"El TSJ admite a tr\\u00e1mite el recurso del Gobierno contra los decretos de turismo y deporte de la Generalitat Valenciana\",\"author\":{\"@id\":\"https:\\\/\\\/eldigitaldeasturias.com\\\/magazine365\\\/author\\\/admin\\\/#author\"},\"publisher\":{\"@id\":\"https:\\\/\\\/eldigitaldeasturias.com\\\/magazine365\\\/#organization\"},\"image\":{\"@type\":\"ImageObject\",\"url\":\"https:\\\/\\\/eldigitaldeasturias.com\\\/magazine365\\\/wp-content\\\/uploads\\\/2016\\\/05\\\/fotonoticia_20160520132009_800.jpg\",\"width\":800,\"height\":600},\"datePublished\":\"2016-05-21T07:10:23+02:00\",\"dateModified\":\"2016-05-21T07:10:23+02:00\",\"inLanguage\":\"es-ES\",\"mainEntityOfPage\":{\"@id\":\"https:\\\/\\\/eldigitaldeasturias.com\\\/magazine365\\\/el-tsj-admite-a-tramite-el-recurso-del-gobierno-contra-los-decretos-de-turismo-y-deporte-de-la-generalitat-valenciana\\\/#webpage\"},\"isPartOf\":{\"@id\":\"https:\\\/\\\/eldigitaldeasturias.com\\\/magazine365\\\/el-tsj-admite-a-tramite-el-recurso-del-gobierno-contra-los-decretos-de-turismo-y-deporte-de-la-generalitat-valenciana\\\/#webpage\"},\"articleSection\":\"Noticias y Actualidad\"},{\"@type\":\"BreadcrumbList\",\"@id\":\"https:\\\/\\\/eldigitaldeasturias.com\\\/magazine365\\\/el-tsj-admite-a-tramite-el-recurso-del-gobierno-contra-los-decretos-de-turismo-y-deporte-de-la-generalitat-valenciana\\\/#breadcrumblist\",\"itemListElement\":[{\"@type\":\"ListItem\",\"@id\":\"https:\\\/\\\/eldigitaldeasturias.com\\\/magazine365#listItem\",\"position\":1,\"name\":\"Home\",\"item\":\"https:\\\/\\\/eldigitaldeasturias.com\\\/magazine365\",\"nextItem\":{\"@type\":\"ListItem\",\"@id\":\"https:\\\/\\\/eldigitaldeasturias.com\\\/magazine365\\\/category\\\/noticias-actualidad\\\/#listItem\",\"name\":\"Noticias y Actualidad\"}},{\"@type\":\"ListItem\",\"@id\":\"https:\\\/\\\/eldigitaldeasturias.com\\\/magazine365\\\/category\\\/noticias-actualidad\\\/#listItem\",\"position\":2,\"name\":\"Noticias y Actualidad\",\"item\":\"https:\\\/\\\/eldigitaldeasturias.com\\\/magazine365\\\/category\\\/noticias-actualidad\\\/\",\"nextItem\":{\"@type\":\"ListItem\",\"@id\":\"https:\\\/\\\/eldigitaldeasturias.com\\\/magazine365\\\/el-tsj-admite-a-tramite-el-recurso-del-gobierno-contra-los-decretos-de-turismo-y-deporte-de-la-generalitat-valenciana\\\/#listItem\",\"name\":\"El TSJ admite a tr\\u00e1mite el recurso del Gobierno contra los decretos de turismo y deporte de la Generalitat Valenciana\"},\"previousItem\":{\"@type\":\"ListItem\",\"@id\":\"https:\\\/\\\/eldigitaldeasturias.com\\\/magazine365#listItem\",\"name\":\"Home\"}},{\"@type\":\"ListItem\",\"@id\":\"https:\\\/\\\/eldigitaldeasturias.com\\\/magazine365\\\/el-tsj-admite-a-tramite-el-recurso-del-gobierno-contra-los-decretos-de-turismo-y-deporte-de-la-generalitat-valenciana\\\/#listItem\",\"position\":3,\"name\":\"El TSJ admite a tr\\u00e1mite el recurso del Gobierno contra los decretos de turismo y deporte de la Generalitat Valenciana\",\"previousItem\":{\"@type\":\"ListItem\",\"@id\":\"https:\\\/\\\/eldigitaldeasturias.com\\\/magazine365\\\/category\\\/noticias-actualidad\\\/#listItem\",\"name\":\"Noticias y Actualidad\"}}]},{\"@type\":\"Organization\",\"@id\":\"https:\\\/\\\/eldigitaldeasturias.com\\\/magazine365\\\/#organization\",\"name\":\"El digital de Asturias\",\"description\":\"Revista de ocio, turismo y estilo de vida\",\"url\":\"https:\\\/\\\/eldigitaldeasturias.com\\\/magazine365\\\/\",\"logo\":{\"@type\":\"ImageObject\",\"url\":\"https:\\\/\\\/www.eldigitaldeasturias.com\\\/noticias\\\/wp-content\\\/uploads\\\/2020\\\/12\\\/EDA.jpg\",\"@id\":\"https:\\\/\\\/eldigitaldeasturias.com\\\/magazine365\\\/el-tsj-admite-a-tramite-el-recurso-del-gobierno-contra-los-decretos-de-turismo-y-deporte-de-la-generalitat-valenciana\\\/#organizationLogo\"},\"image\":{\"@id\":\"https:\\\/\\\/eldigitaldeasturias.com\\\/magazine365\\\/el-tsj-admite-a-tramite-el-recurso-del-gobierno-contra-los-decretos-de-turismo-y-deporte-de-la-generalitat-valenciana\\\/#organizationLogo\"}},{\"@type\":\"Person\",\"@id\":\"https:\\\/\\\/eldigitaldeasturias.com\\\/magazine365\\\/author\\\/admin\\\/#author\",\"url\":\"https:\\\/\\\/eldigitaldeasturias.com\\\/magazine365\\\/author\\\/admin\\\/\",\"name\":\"admin\",\"image\":{\"@type\":\"ImageObject\",\"@id\":\"https:\\\/\\\/eldigitaldeasturias.com\\\/magazine365\\\/el-tsj-admite-a-tramite-el-recurso-del-gobierno-contra-los-decretos-de-turismo-y-deporte-de-la-generalitat-valenciana\\\/#authorImage\",\"url\":\"https:\\\/\\\/eldigitaldeasturias.com\\\/magazine365\\\/wp-content\\\/litespeed\\\/avatar\\\/e571bcf59a0edd6fa6838245a470f2fe.jpg?ver=1777574230\",\"width\":96,\"height\":96,\"caption\":\"admin\"}},{\"@type\":\"WebPage\",\"@id\":\"https:\\\/\\\/eldigitaldeasturias.com\\\/magazine365\\\/el-tsj-admite-a-tramite-el-recurso-del-gobierno-contra-los-decretos-de-turismo-y-deporte-de-la-generalitat-valenciana\\\/#webpage\",\"url\":\"https:\\\/\\\/eldigitaldeasturias.com\\\/magazine365\\\/el-tsj-admite-a-tramite-el-recurso-del-gobierno-contra-los-decretos-de-turismo-y-deporte-de-la-generalitat-valenciana\\\/\",\"name\":\"El TSJ admite a tr\\u00e1mite el recurso del Gobierno contra los decretos de turismo y deporte de la Generalitat Valenciana | El Digital de Asturias\",\"description\":\"El Tribunal Superior de Justicia de la Comunitat Valenciana ha admitido a tr\\u00e1mite el recurso interpuesto por la Abogac\\u00eda del Estado contra los decretos del Consell que coordina la pol\\u00edtica tur\\u00edstica y de deportes de la Comunidad Valenciana. As\\u00ed, lo ha anunciado este viernes el delegado del Gobierno en la Comunitat Valenciana, Juan Carlos Moragues,\",\"inLanguage\":\"es-ES\",\"isPartOf\":{\"@id\":\"https:\\\/\\\/eldigitaldeasturias.com\\\/magazine365\\\/#website\"},\"breadcrumb\":{\"@id\":\"https:\\\/\\\/eldigitaldeasturias.com\\\/magazine365\\\/el-tsj-admite-a-tramite-el-recurso-del-gobierno-contra-los-decretos-de-turismo-y-deporte-de-la-generalitat-valenciana\\\/#breadcrumblist\"},\"author\":{\"@id\":\"https:\\\/\\\/eldigitaldeasturias.com\\\/magazine365\\\/author\\\/admin\\\/#author\"},\"creator\":{\"@id\":\"https:\\\/\\\/eldigitaldeasturias.com\\\/magazine365\\\/author\\\/admin\\\/#author\"},\"image\":{\"@type\":\"ImageObject\",\"url\":\"https:\\\/\\\/eldigitaldeasturias.com\\\/magazine365\\\/wp-content\\\/uploads\\\/2016\\\/05\\\/fotonoticia_20160520132009_800.jpg\",\"@id\":\"https:\\\/\\\/eldigitaldeasturias.com\\\/magazine365\\\/el-tsj-admite-a-tramite-el-recurso-del-gobierno-contra-los-decretos-de-turismo-y-deporte-de-la-generalitat-valenciana\\\/#mainImage\",\"width\":800,\"height\":600},\"primaryImageOfPage\":{\"@id\":\"https:\\\/\\\/eldigitaldeasturias.com\\\/magazine365\\\/el-tsj-admite-a-tramite-el-recurso-del-gobierno-contra-los-decretos-de-turismo-y-deporte-de-la-generalitat-valenciana\\\/#mainImage\"},\"datePublished\":\"2016-05-21T07:10:23+02:00\",\"dateModified\":\"2016-05-21T07:10:23+02:00\"},{\"@type\":\"WebSite\",\"@id\":\"https:\\\/\\\/eldigitaldeasturias.com\\\/magazine365\\\/#website\",\"url\":\"https:\\\/\\\/eldigitaldeasturias.com\\\/magazine365\\\/\",\"name\":\"El Digital de Asturias\",\"description\":\"Revista de ocio, turismo y estilo de vida\",\"inLanguage\":\"es-ES\",\"publisher\":{\"@id\":\"https:\\\/\\\/eldigitaldeasturias.com\\\/magazine365\\\/#organization\"}}]}\n\t\t<\/script>\n\t\t<!-- All in One SEO Pro -->\r\n\t\t<title>El TSJ admite a tr\u00e1mite el recurso del Gobierno contra los decretos de turismo y deporte de la Generalitat Valenciana | El Digital de Asturias<\/title>\n\n","aioseo_head_json":{"title":"El TSJ admite a tr\u00e1mite el recurso del Gobierno contra los decretos de turismo y deporte de la Generalitat Valenciana | El Digital de Asturias","description":"El Tribunal Superior de Justicia de la Comunitat Valenciana ha admitido a tr\u00e1mite el recurso interpuesto por la Abogac\u00eda del Estado contra los decretos del Consell que coordina la pol\u00edtica tur\u00edstica y de deportes de la Comunidad Valenciana. As\u00ed, lo ha anunciado este viernes el delegado del Gobierno en la Comunitat Valenciana, Juan Carlos Moragues,","canonical_url":"https:\/\/eldigitaldeasturias.com\/magazine365\/el-tsj-admite-a-tramite-el-recurso-del-gobierno-contra-los-decretos-de-turismo-y-deporte-de-la-generalitat-valenciana\/","robots":"max-image-preview:large","keywords":"noticias y actualidad","webmasterTools":{"google-site-verification":"UA-38556648-1","miscellaneous":""},"schema":{"@context":"https:\/\/schema.org","@graph":[{"@type":"Article","@id":"https:\/\/eldigitaldeasturias.com\/magazine365\/el-tsj-admite-a-tramite-el-recurso-del-gobierno-contra-los-decretos-de-turismo-y-deporte-de-la-generalitat-valenciana\/#article","name":"El TSJ admite a tr\u00e1mite el recurso del Gobierno contra los decretos de turismo y deporte de la Generalitat Valenciana | El Digital de Asturias","headline":"El TSJ admite a tr\u00e1mite el recurso del Gobierno contra los decretos de turismo y deporte de la Generalitat Valenciana","author":{"@id":"https:\/\/eldigitaldeasturias.com\/magazine365\/author\/admin\/#author"},"publisher":{"@id":"https:\/\/eldigitaldeasturias.com\/magazine365\/#organization"},"image":{"@type":"ImageObject","url":"https:\/\/eldigitaldeasturias.com\/magazine365\/wp-content\/uploads\/2016\/05\/fotonoticia_20160520132009_800.jpg","width":800,"height":600},"datePublished":"2016-05-21T07:10:23+02:00","dateModified":"2016-05-21T07:10:23+02:00","inLanguage":"es-ES","mainEntityOfPage":{"@id":"https:\/\/eldigitaldeasturias.com\/magazine365\/el-tsj-admite-a-tramite-el-recurso-del-gobierno-contra-los-decretos-de-turismo-y-deporte-de-la-generalitat-valenciana\/#webpage"},"isPartOf":{"@id":"https:\/\/eldigitaldeasturias.com\/magazine365\/el-tsj-admite-a-tramite-el-recurso-del-gobierno-contra-los-decretos-de-turismo-y-deporte-de-la-generalitat-valenciana\/#webpage"},"articleSection":"Noticias y Actualidad"},{"@type":"BreadcrumbList","@id":"https:\/\/eldigitaldeasturias.com\/magazine365\/el-tsj-admite-a-tramite-el-recurso-del-gobierno-contra-los-decretos-de-turismo-y-deporte-de-la-generalitat-valenciana\/#breadcrumblist","itemListElement":[{"@type":"ListItem","@id":"https:\/\/eldigitaldeasturias.com\/magazine365#listItem","position":1,"name":"Home","item":"https:\/\/eldigitaldeasturias.com\/magazine365","nextItem":{"@type":"ListItem","@id":"https:\/\/eldigitaldeasturias.com\/magazine365\/category\/noticias-actualidad\/#listItem","name":"Noticias y Actualidad"}},{"@type":"ListItem","@id":"https:\/\/eldigitaldeasturias.com\/magazine365\/category\/noticias-actualidad\/#listItem","position":2,"name":"Noticias y Actualidad","item":"https:\/\/eldigitaldeasturias.com\/magazine365\/category\/noticias-actualidad\/","nextItem":{"@type":"ListItem","@id":"https:\/\/eldigitaldeasturias.com\/magazine365\/el-tsj-admite-a-tramite-el-recurso-del-gobierno-contra-los-decretos-de-turismo-y-deporte-de-la-generalitat-valenciana\/#listItem","name":"El TSJ admite a tr\u00e1mite el recurso del Gobierno contra los decretos de turismo y deporte de la Generalitat Valenciana"},"previousItem":{"@type":"ListItem","@id":"https:\/\/eldigitaldeasturias.com\/magazine365#listItem","name":"Home"}},{"@type":"ListItem","@id":"https:\/\/eldigitaldeasturias.com\/magazine365\/el-tsj-admite-a-tramite-el-recurso-del-gobierno-contra-los-decretos-de-turismo-y-deporte-de-la-generalitat-valenciana\/#listItem","position":3,"name":"El TSJ admite a tr\u00e1mite el recurso del Gobierno contra los decretos de turismo y deporte de la Generalitat Valenciana","previousItem":{"@type":"ListItem","@id":"https:\/\/eldigitaldeasturias.com\/magazine365\/category\/noticias-actualidad\/#listItem","name":"Noticias y Actualidad"}}]},{"@type":"Organization","@id":"https:\/\/eldigitaldeasturias.com\/magazine365\/#organization","name":"El digital de Asturias","description":"Revista de ocio, turismo y estilo de vida","url":"https:\/\/eldigitaldeasturias.com\/magazine365\/","logo":{"@type":"ImageObject","url":"https:\/\/www.eldigitaldeasturias.com\/noticias\/wp-content\/uploads\/2020\/12\/EDA.jpg","@id":"https:\/\/eldigitaldeasturias.com\/magazine365\/el-tsj-admite-a-tramite-el-recurso-del-gobierno-contra-los-decretos-de-turismo-y-deporte-de-la-generalitat-valenciana\/#organizationLogo"},"image":{"@id":"https:\/\/eldigitaldeasturias.com\/magazine365\/el-tsj-admite-a-tramite-el-recurso-del-gobierno-contra-los-decretos-de-turismo-y-deporte-de-la-generalitat-valenciana\/#organizationLogo"}},{"@type":"Person","@id":"https:\/\/eldigitaldeasturias.com\/magazine365\/author\/admin\/#author","url":"https:\/\/eldigitaldeasturias.com\/magazine365\/author\/admin\/","name":"admin","image":{"@type":"ImageObject","@id":"https:\/\/eldigitaldeasturias.com\/magazine365\/el-tsj-admite-a-tramite-el-recurso-del-gobierno-contra-los-decretos-de-turismo-y-deporte-de-la-generalitat-valenciana\/#authorImage","url":"https:\/\/eldigitaldeasturias.com\/magazine365\/wp-content\/litespeed\/avatar\/e571bcf59a0edd6fa6838245a470f2fe.jpg?ver=1777574230","width":96,"height":96,"caption":"admin"}},{"@type":"WebPage","@id":"https:\/\/eldigitaldeasturias.com\/magazine365\/el-tsj-admite-a-tramite-el-recurso-del-gobierno-contra-los-decretos-de-turismo-y-deporte-de-la-generalitat-valenciana\/#webpage","url":"https:\/\/eldigitaldeasturias.com\/magazine365\/el-tsj-admite-a-tramite-el-recurso-del-gobierno-contra-los-decretos-de-turismo-y-deporte-de-la-generalitat-valenciana\/","name":"El TSJ admite a tr\u00e1mite el recurso del Gobierno contra los decretos de turismo y deporte de la Generalitat Valenciana | El Digital de Asturias","description":"El Tribunal Superior de Justicia de la Comunitat Valenciana ha admitido a tr\u00e1mite el recurso interpuesto por la Abogac\u00eda del Estado contra los decretos del Consell que coordina la pol\u00edtica tur\u00edstica y de deportes de la Comunidad Valenciana. As\u00ed, lo ha anunciado este viernes el delegado del Gobierno en la Comunitat Valenciana, Juan Carlos Moragues,","inLanguage":"es-ES","isPartOf":{"@id":"https:\/\/eldigitaldeasturias.com\/magazine365\/#website"},"breadcrumb":{"@id":"https:\/\/eldigitaldeasturias.com\/magazine365\/el-tsj-admite-a-tramite-el-recurso-del-gobierno-contra-los-decretos-de-turismo-y-deporte-de-la-generalitat-valenciana\/#breadcrumblist"},"author":{"@id":"https:\/\/eldigitaldeasturias.com\/magazine365\/author\/admin\/#author"},"creator":{"@id":"https:\/\/eldigitaldeasturias.com\/magazine365\/author\/admin\/#author"},"image":{"@type":"ImageObject","url":"https:\/\/eldigitaldeasturias.com\/magazine365\/wp-content\/uploads\/2016\/05\/fotonoticia_20160520132009_800.jpg","@id":"https:\/\/eldigitaldeasturias.com\/magazine365\/el-tsj-admite-a-tramite-el-recurso-del-gobierno-contra-los-decretos-de-turismo-y-deporte-de-la-generalitat-valenciana\/#mainImage","width":800,"height":600},"primaryImageOfPage":{"@id":"https:\/\/eldigitaldeasturias.com\/magazine365\/el-tsj-admite-a-tramite-el-recurso-del-gobierno-contra-los-decretos-de-turismo-y-deporte-de-la-generalitat-valenciana\/#mainImage"},"datePublished":"2016-05-21T07:10:23+02:00","dateModified":"2016-05-21T07:10:23+02:00"},{"@type":"WebSite","@id":"https:\/\/eldigitaldeasturias.com\/magazine365\/#website","url":"https:\/\/eldigitaldeasturias.com\/magazine365\/","name":"El Digital de Asturias","description":"Revista de ocio, turismo y estilo de vida","inLanguage":"es-ES","publisher":{"@id":"https:\/\/eldigitaldeasturias.com\/magazine365\/#organization"}}]},"og:locale":"es_ES","og:site_name":"El Digital de Asturias \u2013 Revista de ocio, turismo y estilo de vida","og:type":"article","og:title":"El TSJ admite a tr\u00e1mite el recurso del Gobierno contra los decretos de turismo y deporte de la Generalitat Valenciana | El Digital de Asturias","og:description":"El Tribunal Superior de Justicia de la Comunitat Valenciana ha admitido a tr\u00e1mite el recurso interpuesto por la Abogac\u00eda del Estado contra los decretos del Consell que coordina la pol\u00edtica tur\u00edstica y de deportes de la Comunidad Valenciana. As\u00ed, lo ha anunciado este viernes el delegado del Gobierno en la Comunitat Valenciana, Juan Carlos Moragues,","og:url":"https:\/\/eldigitaldeasturias.com\/magazine365\/el-tsj-admite-a-tramite-el-recurso-del-gobierno-contra-los-decretos-de-turismo-y-deporte-de-la-generalitat-valenciana\/","og:image":"https:\/\/eldigitaldeasturias.com\/magazine365\/wp-content\/uploads\/2016\/05\/fotonoticia_20160520132009_800.jpg","og:image:secure_url":"https:\/\/eldigitaldeasturias.com\/magazine365\/wp-content\/uploads\/2016\/05\/fotonoticia_20160520132009_800.jpg","og:image:width":800,"og:image:height":600,"article:published_time":"2016-05-21T05:10:23+00:00","article:modified_time":"2016-05-21T05:10:23+00:00","twitter:card":"summary_large_image","twitter:title":"El TSJ admite a tr\u00e1mite el recurso del Gobierno contra los decretos de turismo y deporte de la Generalitat Valenciana | El Digital de Asturias","twitter:description":"El Tribunal Superior de Justicia de la Comunitat Valenciana ha admitido a tr\u00e1mite el recurso interpuesto por la Abogac\u00eda del Estado contra los decretos del Consell que coordina la pol\u00edtica tur\u00edstica y de deportes de la Comunidad Valenciana. As\u00ed, lo ha anunciado este viernes el delegado del Gobierno en la Comunitat Valenciana, Juan Carlos Moragues,","twitter:image":"https:\/\/eldigitaldeasturias.com\/magazine365\/wp-content\/uploads\/2016\/05\/fotonoticia_20160520132009_800.jpg"},"aioseo_meta_data":{"post_id":"76603","title":null,"description":null,"keywords":null,"keyphrases":null,"primary_term":null,"canonical_url":null,"og_title":null,"og_description":null,"og_object_type":"default","og_image_type":"default","og_image_url":null,"og_image_width":null,"og_image_height":null,"og_image_custom_url":null,"og_image_custom_fields":null,"og_video":null,"og_custom_url":null,"og_article_section":null,"og_article_tags":null,"twitter_use_og":false,"twitter_card":"default","twitter_image_type":"default","twitter_image_url":null,"twitter_image_custom_url":null,"twitter_image_custom_fields":null,"twitter_title":null,"twitter_description":null,"schema":{"blockGraphs":[],"customGraphs":[],"default":{"data":{"Article":[],"Course":[],"Dataset":[],"FAQPage":[],"Movie":[],"Person":[],"Product":[],"ProductReview":[],"Car":[],"Recipe":[],"Service":[],"SoftwareApplication":[],"WebPage":[]},"graphName":"","isEnabled":true},"graphs":[],"defaultGraph":"","defaultPostTypeGraph":""},"schema_type":null,"schema_type_options":null,"pillar_content":false,"robots_default":true,"robots_noindex":false,"robots_noarchive":false,"robots_nosnippet":false,"robots_nofollow":false,"robots_noimageindex":false,"robots_noodp":false,"robots_notranslate":false,"robots_max_snippet":null,"robots_max_videopreview":null,"robots_max_imagepreview":"large","priority":null,"frequency":null,"location":null,"local_seo":null,"seo_analyzer_scan_date":"2025-09-27 13:04:09","breadcrumb_settings":null,"limit_modified_date":false,"open_ai":null,"ai":null,"created":"2021-03-08 18:27:03","updated":"2025-09-27 13:04:09"},"aioseo_breadcrumb":"<div class=\"aioseo-breadcrumbs\"><span class=\"aioseo-breadcrumb\">\n\t<a href=\"https:\/\/eldigitaldeasturias.com\/magazine365\" title=\"Home\">Home<\/a>\n<\/span><span class=\"aioseo-breadcrumb-separator\">\u2013<\/span><span class=\"aioseo-breadcrumb\">\n\t<a href=\"https:\/\/eldigitaldeasturias.com\/magazine365\/category\/noticias-actualidad\/\" title=\"Noticias y Actualidad\">Noticias y Actualidad<\/a>\n<\/span><span class=\"aioseo-breadcrumb-separator\">\u2013<\/span><span class=\"aioseo-breadcrumb\">\n\t<a href=\"https:\/\/eldigitaldeasturias.com\/magazine365\/el-tsj-admite-a-tramite-el-recurso-del-gobierno-contra-los-decretos-de-turismo-y-deporte-de-la-generalitat-valenciana\/\" title=\"El TSJ admite a tr\u00e1mite el recurso del Gobierno contra los decretos de turismo y deporte de la Generalitat Valenciana\">El TSJ admite a tr\u00e1mite el recurso del Gobierno contra los decretos de turismo y deporte de la Generalitat Valenciana<\/a>\n<\/span><\/div>","aioseo_breadcrumb_json":[{"label":"Home","link":"https:\/\/eldigitaldeasturias.com\/magazine365"},{"label":"Noticias y Actualidad","link":"https:\/\/eldigitaldeasturias.com\/magazine365\/category\/noticias-actualidad\/"},{"label":"El TSJ admite a tr\u00e1mite el recurso del Gobierno contra los decretos de turismo y deporte de la Generalitat Valenciana","link":"https:\/\/eldigitaldeasturias.com\/magazine365\/el-tsj-admite-a-tramite-el-recurso-del-gobierno-contra-los-decretos-de-turismo-y-deporte-de-la-generalitat-valenciana\/"}],"_links":{"self":[{"href":"https:\/\/eldigitaldeasturias.com\/magazine365\/wp-json\/wp\/v2\/posts\/76603","targetHints":{"allow":["GET"]}}],"collection":[{"href":"https:\/\/eldigitaldeasturias.com\/magazine365\/wp-json\/wp\/v2\/posts"}],"about":[{"href":"https:\/\/eldigitaldeasturias.com\/magazine365\/wp-json\/wp\/v2\/types\/post"}],"author":[{"embeddable":true,"href":"https:\/\/eldigitaldeasturias.com\/magazine365\/wp-json\/wp\/v2\/users\/1"}],"replies":[{"embeddable":true,"href":"https:\/\/eldigitaldeasturias.com\/magazine365\/wp-json\/wp\/v2\/comments?post=76603"}],"version-history":[{"count":0,"href":"https:\/\/eldigitaldeasturias.com\/magazine365\/wp-json\/wp\/v2\/posts\/76603\/revisions"}],"wp:featuredmedia":[{"embeddable":true,"href":"https:\/\/eldigitaldeasturias.com\/magazine365\/wp-json\/wp\/v2\/media\/76604"}],"wp:attachment":[{"href":"https:\/\/eldigitaldeasturias.com\/magazine365\/wp-json\/wp\/v2\/media?parent=76603"}],"wp:term":[{"taxonomy":"category","embeddable":true,"href":"https:\/\/eldigitaldeasturias.com\/magazine365\/wp-json\/wp\/v2\/categories?post=76603"},{"taxonomy":"post_tag","embeddable":true,"href":"https:\/\/eldigitaldeasturias.com\/magazine365\/wp-json\/wp\/v2\/tags?post=76603"}],"curies":[{"name":"wp","href":"https:\/\/api.w.org\/{rel}","templated":true}]}}