{"id":76580,"date":"2016-05-21T06:46:06","date_gmt":"2016-05-21T04:46:06","guid":{"rendered":"http:\/\/eldigitaldeasturias.com\/magazine365\/?p=76580"},"modified":"2016-05-21T06:46:06","modified_gmt":"2016-05-21T04:46:06","slug":"agentes-de-viajes-de-paises-europeos-y-latinoamericanos-recorren-la-ruta-turistica-caminos-de-pasion","status":"publish","type":"post","link":"https:\/\/eldigitaldeasturias.com\/magazine365\/agentes-de-viajes-de-paises-europeos-y-latinoamericanos-recorren-la-ruta-turistica-caminos-de-pasion\/","title":{"rendered":"Agentes de viajes de pa\u00edses europeos y latinoamericanos recorren la ruta tur\u00edstica &#8216;Caminos de Pasi\u00f3n&#8217;"},"content":{"rendered":"<p><img fetchpriority=\"high\" decoding=\"async\" class=\"alignleft size-medium wp-image-76581\" src=\"https:\/\/eldigitaldeasturias.com\/magazine365\/wp-content\/uploads\/2016\/05\/fotonoticia_20160520105508_800-360x203.jpg\" alt=\"fotonoticia_20160520105508_800\" width=\"360\" height=\"203\" srcset=\"https:\/\/eldigitaldeasturias.com\/magazine365\/wp-content\/uploads\/2016\/05\/fotonoticia_20160520105508_800-360x203.jpg 360w, https:\/\/eldigitaldeasturias.com\/magazine365\/wp-content\/uploads\/2016\/05\/fotonoticia_20160520105508_800-650x366.jpg 650w, https:\/\/eldigitaldeasturias.com\/magazine365\/wp-content\/uploads\/2016\/05\/fotonoticia_20160520105508_800-768x432.jpg 768w, https:\/\/eldigitaldeasturias.com\/magazine365\/wp-content\/uploads\/2016\/05\/fotonoticia_20160520105508_800-150x84.jpg 150w, https:\/\/eldigitaldeasturias.com\/magazine365\/wp-content\/uploads\/2016\/05\/fotonoticia_20160520105508_800-450x253.jpg 450w, https:\/\/eldigitaldeasturias.com\/magazine365\/wp-content\/uploads\/2016\/05\/fotonoticia_20160520105508_800-499x280.jpg 499w, https:\/\/eldigitaldeasturias.com\/magazine365\/wp-content\/uploads\/2016\/05\/fotonoticia_20160520105508_800-510x289.jpg 510w, https:\/\/eldigitaldeasturias.com\/magazine365\/wp-content\/uploads\/2016\/05\/fotonoticia_20160520105508_800.jpg 800w\" sizes=\"(max-width: 360px) 100vw, 360px\" \/>La ruta tur\u00edstica &#8216;Caminos de Pasi\u00f3n&#8217; recibe estos d\u00edas la visita de 14 agentes de viajes y tour operadores de pa\u00edses europeos y latinoamericanos en un viaje de familiarizaci\u00f3n, organizado por Turespa\u00f1a, Turismo Andaluz y los patronatos de C\u00f3rdoba, Sevilla y Ja\u00e9n, junto a &#8216;Caminos de Pasi\u00f3n&#8217;, Con el objetivo de dar a conocer los atractivos tur\u00edsticos de los diez municipios que integran la ruta y promocionar sus distintas propuestas.<\/p>\n<p>Seg\u00fan informan desde &#8216;Caminos de Pasi\u00f3n&#8217;, el objetivo del &#8216;fam trip&#8217; es la promoci\u00f3n de la ruta como uno de los principales destinos de interior en Andaluc\u00eda, ampliando sus canales de venta al mercado internacional, a trav\u00e9s de agencias de viajes de algunos de los mercados m\u00e1s importantes en Andaluc\u00eda como Reino Unido, Holanda, Noruega, Italia y otros que est\u00e1n teniendo un gran crecimiento como M\u00e9xico y Brasil.<\/p>\n<p>As\u00ed, desde este jueves y hasta el lunes 23, los asistentes tienen la oportunidad de impregnarse de las tradiciones y costumbres de estos pueblos, saborear su rica oferta gastron\u00f3mica, alojarse en sus hoteles, conocer algunos de los principales monumentos y disfrutar de distintos servicios y atractivos tur\u00edsticos de los que dispone la ruta en un viaje dise\u00f1ado para que los participantes puedan conocer las particularidades de cada uno de ellos.<\/p>\n<p>Concretamente, han iniciado el recorrido en los municipios sevillanos de Utrera y Carmona, con paradas en el Santuario de la Consolaci\u00f3n o el Alc\u00e1zar Puerta de Sevilla, entre otras. Este viernes la comitiva estar\u00e1 en \u00c9cija y Osuna (Sevilla) y Puente Genil (C\u00f3rdoba) donde, respectivamente, conocer\u00e1n las yeguadas de caballo espa\u00f1ol, La Colegiata, o la Villa Romana de Fuente \u00c1lamo.<\/p>\n<p>Adem\u00e1s, este mismo viernes en Bodegas Delgado de Puente Genil tiene lugar a las 19,00 horas una sesi\u00f3n de trabajo que abrir\u00e1 el alcalde de Puente Genil, Esteban S\u00e1nchez Morales (PSOE), tambi\u00e9n vicepresidente de &#8216;Caminos de Pasi\u00f3n&#8217;.<\/p>\n<p>Este encuentro internacional servir\u00e1 para mostrar el potencial tur\u00edstico de los municipios integrantes de Caminos de Pasi\u00f3n, as\u00ed como las instalaciones y facilidades que ofrece para el turismo cultural y de naturaleza en el interior andaluz. A la cita asistir\u00e1n una treintena de empresarios procedentes de todos los municipios de la ruta, entre los que estar\u00e1n alojamientos, empresas de servicios y visitas guiadas, empresas de turismo activo y actividades complementarias.<\/p>\n<p>JORNADAS DEL S\u00c1BADO Y DOMINGO<\/p>\n<p>Mientras, Lucena, Baena y Priego de C\u00f3rdoba (C\u00f3rdoba) ser\u00e1n los destinos de este s\u00e1bado en el que el grupo podr\u00e1, entre otras actividades, conocer la Muestra de la Santeria lucentina o visitar la Almazara N\u00fa\u00f1ez de Prado de Baena. El \u00faltimo d\u00eda realizar\u00e1n rutas a caballo y en bici por la V\u00eda Verde del Aceite a su paso por Cabra, visitar\u00e1n la Fortaleza de la Mota del municipio jiennense de Alcal\u00e1 la Real y asistir\u00e1n a la procesi\u00f3n de los &#8216;Domingos de Mayo&#8217; de Priego de C\u00f3rdoba, entre otras propuestas.<\/p>\n<p>Cabe destacar que todas estas acciones promocionales son posibles gracias a la colaboraci\u00f3n de la Consejer\u00eda de Turismo y Deporte de la Junta de Andaluc\u00eda.<\/p>\n","protected":false},"excerpt":{"rendered":"<p>La ruta tur\u00edstica &#8216;Caminos de Pasi\u00f3n&#8217; recibe estos d\u00edas la visita de 14 agentes de viajes y tour operadores de pa\u00edses europeos y latinoamericanos en un viaje de familiarizaci\u00f3n, organizado por Turespa\u00f1a, Turismo Andaluz y los patronatos de C\u00f3rdoba, Sevilla y Ja\u00e9n, junto a &#8216;Caminos de Pasi\u00f3n&#8217;, Con el objetivo de dar a conocer los<\/p>\n","protected":false},"author":1,"featured_media":76581,"comment_status":"open","ping_status":"closed","sticky":false,"template":"","format":"standard","meta":{"footnotes":""},"categories":[224],"tags":[],"class_list":{"0":"post-76580","1":"post","2":"type-post","3":"status-publish","4":"format-standard","5":"has-post-thumbnail","7":"category-noticias-actualidad"},"aioseo_notices":[],"aioseo_head":"\n\t\t<!-- All in One SEO Pro 4.9.6.1 - aioseo.com -->\n\t<meta name=\"description\" content=\"La ruta tur\u00edstica &#039;Caminos de Pasi\u00f3n&#039; recibe estos d\u00edas la visita de 14 agentes de viajes y tour operadores de pa\u00edses europeos y latinoamericanos en un viaje de familiarizaci\u00f3n, organizado por Turespa\u00f1a, Turismo Andaluz y los patronatos de C\u00f3rdoba, Sevilla y Ja\u00e9n, junto a &#039;Caminos de Pasi\u00f3n&#039;, Con el objetivo de dar a conocer los\" \/>\n\t<meta name=\"robots\" content=\"max-image-preview:large\" \/>\n\t<meta name=\"author\" content=\"admin\"\/>\n\t<meta name=\"google-site-verification\" content=\"UA-38556648-1\" \/>\n\t<meta name=\"keywords\" content=\"noticias y actualidad\" \/>\n\t<link rel=\"canonical\" href=\"https:\/\/eldigitaldeasturias.com\/magazine365\/agentes-de-viajes-de-paises-europeos-y-latinoamericanos-recorren-la-ruta-turistica-caminos-de-pasion\/\" \/>\n\t<meta name=\"generator\" content=\"All in One SEO Pro (AIOSEO) 4.9.6.1\" \/>\n\t\t<meta property=\"og:locale\" content=\"es_ES\" \/>\n\t\t<meta property=\"og:site_name\" content=\"El Digital de Asturias \u2013 Revista de ocio, turismo y estilo de vida\" \/>\n\t\t<meta property=\"og:type\" content=\"article\" \/>\n\t\t<meta property=\"og:title\" content=\"Agentes de viajes de pa\u00edses europeos y latinoamericanos recorren la ruta tur\u00edstica \u2018Caminos de Pasi\u00f3n\u2019 | El Digital de Asturias\" \/>\n\t\t<meta property=\"og:description\" content=\"La ruta tur\u00edstica &#039;Caminos de Pasi\u00f3n&#039; recibe estos d\u00edas la visita de 14 agentes de viajes y tour operadores de pa\u00edses europeos y latinoamericanos en un viaje de familiarizaci\u00f3n, organizado por Turespa\u00f1a, Turismo Andaluz y los patronatos de C\u00f3rdoba, Sevilla y Ja\u00e9n, junto a &#039;Caminos de Pasi\u00f3n&#039;, Con el objetivo de dar a conocer los\" \/>\n\t\t<meta property=\"og:url\" content=\"https:\/\/eldigitaldeasturias.com\/magazine365\/agentes-de-viajes-de-paises-europeos-y-latinoamericanos-recorren-la-ruta-turistica-caminos-de-pasion\/\" \/>\n\t\t<meta property=\"og:image\" content=\"https:\/\/eldigitaldeasturias.com\/magazine365\/wp-content\/uploads\/2016\/05\/fotonoticia_20160520105508_800.jpg\" \/>\n\t\t<meta property=\"og:image:secure_url\" content=\"https:\/\/eldigitaldeasturias.com\/magazine365\/wp-content\/uploads\/2016\/05\/fotonoticia_20160520105508_800.jpg\" \/>\n\t\t<meta property=\"og:image:width\" content=\"800\" \/>\n\t\t<meta property=\"og:image:height\" content=\"450\" \/>\n\t\t<meta property=\"article:published_time\" content=\"2016-05-21T04:46:06+00:00\" \/>\n\t\t<meta property=\"article:modified_time\" content=\"2016-05-21T04:46:06+00:00\" \/>\n\t\t<meta name=\"twitter:card\" content=\"summary_large_image\" \/>\n\t\t<meta name=\"twitter:title\" content=\"Agentes de viajes de pa\u00edses europeos y latinoamericanos recorren la ruta tur\u00edstica \u2018Caminos de Pasi\u00f3n\u2019 | El Digital de Asturias\" \/>\n\t\t<meta name=\"twitter:description\" content=\"La ruta tur\u00edstica &#039;Caminos de Pasi\u00f3n&#039; recibe estos d\u00edas la visita de 14 agentes de viajes y tour operadores de pa\u00edses europeos y latinoamericanos en un viaje de familiarizaci\u00f3n, organizado por Turespa\u00f1a, Turismo Andaluz y los patronatos de C\u00f3rdoba, Sevilla y Ja\u00e9n, junto a &#039;Caminos de Pasi\u00f3n&#039;, Con el objetivo de dar a conocer los\" \/>\n\t\t<meta name=\"twitter:image\" content=\"https:\/\/eldigitaldeasturias.com\/magazine365\/wp-content\/uploads\/2016\/05\/fotonoticia_20160520105508_800.jpg\" \/>\n\t\t<script type=\"application\/ld+json\" class=\"aioseo-schema\">\n\t\t\t{\"@context\":\"https:\\\/\\\/schema.org\",\"@graph\":[{\"@type\":\"Article\",\"@id\":\"https:\\\/\\\/eldigitaldeasturias.com\\\/magazine365\\\/agentes-de-viajes-de-paises-europeos-y-latinoamericanos-recorren-la-ruta-turistica-caminos-de-pasion\\\/#article\",\"name\":\"Agentes de viajes de pa\\u00edses europeos y latinoamericanos recorren la ruta tur\\u00edstica \\u2018Caminos de Pasi\\u00f3n\\u2019 | El Digital de Asturias\",\"headline\":\"Agentes de viajes de pa\\u00edses europeos y latinoamericanos recorren la ruta tur\\u00edstica &#8216;Caminos de Pasi\\u00f3n&#8217;\",\"author\":{\"@id\":\"https:\\\/\\\/eldigitaldeasturias.com\\\/magazine365\\\/author\\\/admin\\\/#author\"},\"publisher\":{\"@id\":\"https:\\\/\\\/eldigitaldeasturias.com\\\/magazine365\\\/#organization\"},\"image\":{\"@type\":\"ImageObject\",\"url\":\"https:\\\/\\\/eldigitaldeasturias.com\\\/magazine365\\\/wp-content\\\/uploads\\\/2016\\\/05\\\/fotonoticia_20160520105508_800.jpg\",\"width\":800,\"height\":450},\"datePublished\":\"2016-05-21T06:46:06+02:00\",\"dateModified\":\"2016-05-21T06:46:06+02:00\",\"inLanguage\":\"es-ES\",\"mainEntityOfPage\":{\"@id\":\"https:\\\/\\\/eldigitaldeasturias.com\\\/magazine365\\\/agentes-de-viajes-de-paises-europeos-y-latinoamericanos-recorren-la-ruta-turistica-caminos-de-pasion\\\/#webpage\"},\"isPartOf\":{\"@id\":\"https:\\\/\\\/eldigitaldeasturias.com\\\/magazine365\\\/agentes-de-viajes-de-paises-europeos-y-latinoamericanos-recorren-la-ruta-turistica-caminos-de-pasion\\\/#webpage\"},\"articleSection\":\"Noticias y Actualidad\"},{\"@type\":\"BreadcrumbList\",\"@id\":\"https:\\\/\\\/eldigitaldeasturias.com\\\/magazine365\\\/agentes-de-viajes-de-paises-europeos-y-latinoamericanos-recorren-la-ruta-turistica-caminos-de-pasion\\\/#breadcrumblist\",\"itemListElement\":[{\"@type\":\"ListItem\",\"@id\":\"https:\\\/\\\/eldigitaldeasturias.com\\\/magazine365#listItem\",\"position\":1,\"name\":\"Home\",\"item\":\"https:\\\/\\\/eldigitaldeasturias.com\\\/magazine365\",\"nextItem\":{\"@type\":\"ListItem\",\"@id\":\"https:\\\/\\\/eldigitaldeasturias.com\\\/magazine365\\\/category\\\/noticias-actualidad\\\/#listItem\",\"name\":\"Noticias y Actualidad\"}},{\"@type\":\"ListItem\",\"@id\":\"https:\\\/\\\/eldigitaldeasturias.com\\\/magazine365\\\/category\\\/noticias-actualidad\\\/#listItem\",\"position\":2,\"name\":\"Noticias y Actualidad\",\"item\":\"https:\\\/\\\/eldigitaldeasturias.com\\\/magazine365\\\/category\\\/noticias-actualidad\\\/\",\"nextItem\":{\"@type\":\"ListItem\",\"@id\":\"https:\\\/\\\/eldigitaldeasturias.com\\\/magazine365\\\/agentes-de-viajes-de-paises-europeos-y-latinoamericanos-recorren-la-ruta-turistica-caminos-de-pasion\\\/#listItem\",\"name\":\"Agentes de viajes de pa\\u00edses europeos y latinoamericanos recorren la ruta tur\\u00edstica &#8216;Caminos de Pasi\\u00f3n&#8217;\"},\"previousItem\":{\"@type\":\"ListItem\",\"@id\":\"https:\\\/\\\/eldigitaldeasturias.com\\\/magazine365#listItem\",\"name\":\"Home\"}},{\"@type\":\"ListItem\",\"@id\":\"https:\\\/\\\/eldigitaldeasturias.com\\\/magazine365\\\/agentes-de-viajes-de-paises-europeos-y-latinoamericanos-recorren-la-ruta-turistica-caminos-de-pasion\\\/#listItem\",\"position\":3,\"name\":\"Agentes de viajes de pa\\u00edses europeos y latinoamericanos recorren la ruta tur\\u00edstica &#8216;Caminos de Pasi\\u00f3n&#8217;\",\"previousItem\":{\"@type\":\"ListItem\",\"@id\":\"https:\\\/\\\/eldigitaldeasturias.com\\\/magazine365\\\/category\\\/noticias-actualidad\\\/#listItem\",\"name\":\"Noticias y Actualidad\"}}]},{\"@type\":\"Organization\",\"@id\":\"https:\\\/\\\/eldigitaldeasturias.com\\\/magazine365\\\/#organization\",\"name\":\"El digital de Asturias\",\"description\":\"Revista de ocio, turismo y estilo de vida\",\"url\":\"https:\\\/\\\/eldigitaldeasturias.com\\\/magazine365\\\/\",\"logo\":{\"@type\":\"ImageObject\",\"url\":\"https:\\\/\\\/www.eldigitaldeasturias.com\\\/noticias\\\/wp-content\\\/uploads\\\/2020\\\/12\\\/EDA.jpg\",\"@id\":\"https:\\\/\\\/eldigitaldeasturias.com\\\/magazine365\\\/agentes-de-viajes-de-paises-europeos-y-latinoamericanos-recorren-la-ruta-turistica-caminos-de-pasion\\\/#organizationLogo\"},\"image\":{\"@id\":\"https:\\\/\\\/eldigitaldeasturias.com\\\/magazine365\\\/agentes-de-viajes-de-paises-europeos-y-latinoamericanos-recorren-la-ruta-turistica-caminos-de-pasion\\\/#organizationLogo\"}},{\"@type\":\"Person\",\"@id\":\"https:\\\/\\\/eldigitaldeasturias.com\\\/magazine365\\\/author\\\/admin\\\/#author\",\"url\":\"https:\\\/\\\/eldigitaldeasturias.com\\\/magazine365\\\/author\\\/admin\\\/\",\"name\":\"admin\",\"image\":{\"@type\":\"ImageObject\",\"@id\":\"https:\\\/\\\/eldigitaldeasturias.com\\\/magazine365\\\/agentes-de-viajes-de-paises-europeos-y-latinoamericanos-recorren-la-ruta-turistica-caminos-de-pasion\\\/#authorImage\",\"url\":\"https:\\\/\\\/eldigitaldeasturias.com\\\/magazine365\\\/wp-content\\\/litespeed\\\/avatar\\\/e571bcf59a0edd6fa6838245a470f2fe.jpg?ver=1777574230\",\"width\":96,\"height\":96,\"caption\":\"admin\"}},{\"@type\":\"WebPage\",\"@id\":\"https:\\\/\\\/eldigitaldeasturias.com\\\/magazine365\\\/agentes-de-viajes-de-paises-europeos-y-latinoamericanos-recorren-la-ruta-turistica-caminos-de-pasion\\\/#webpage\",\"url\":\"https:\\\/\\\/eldigitaldeasturias.com\\\/magazine365\\\/agentes-de-viajes-de-paises-europeos-y-latinoamericanos-recorren-la-ruta-turistica-caminos-de-pasion\\\/\",\"name\":\"Agentes de viajes de pa\\u00edses europeos y latinoamericanos recorren la ruta tur\\u00edstica \\u2018Caminos de Pasi\\u00f3n\\u2019 | El Digital de Asturias\",\"description\":\"La ruta tur\\u00edstica 'Caminos de Pasi\\u00f3n' recibe estos d\\u00edas la visita de 14 agentes de viajes y tour operadores de pa\\u00edses europeos y latinoamericanos en un viaje de familiarizaci\\u00f3n, organizado por Turespa\\u00f1a, Turismo Andaluz y los patronatos de C\\u00f3rdoba, Sevilla y Ja\\u00e9n, junto a 'Caminos de Pasi\\u00f3n', Con el objetivo de dar a conocer los\",\"inLanguage\":\"es-ES\",\"isPartOf\":{\"@id\":\"https:\\\/\\\/eldigitaldeasturias.com\\\/magazine365\\\/#website\"},\"breadcrumb\":{\"@id\":\"https:\\\/\\\/eldigitaldeasturias.com\\\/magazine365\\\/agentes-de-viajes-de-paises-europeos-y-latinoamericanos-recorren-la-ruta-turistica-caminos-de-pasion\\\/#breadcrumblist\"},\"author\":{\"@id\":\"https:\\\/\\\/eldigitaldeasturias.com\\\/magazine365\\\/author\\\/admin\\\/#author\"},\"creator\":{\"@id\":\"https:\\\/\\\/eldigitaldeasturias.com\\\/magazine365\\\/author\\\/admin\\\/#author\"},\"image\":{\"@type\":\"ImageObject\",\"url\":\"https:\\\/\\\/eldigitaldeasturias.com\\\/magazine365\\\/wp-content\\\/uploads\\\/2016\\\/05\\\/fotonoticia_20160520105508_800.jpg\",\"@id\":\"https:\\\/\\\/eldigitaldeasturias.com\\\/magazine365\\\/agentes-de-viajes-de-paises-europeos-y-latinoamericanos-recorren-la-ruta-turistica-caminos-de-pasion\\\/#mainImage\",\"width\":800,\"height\":450},\"primaryImageOfPage\":{\"@id\":\"https:\\\/\\\/eldigitaldeasturias.com\\\/magazine365\\\/agentes-de-viajes-de-paises-europeos-y-latinoamericanos-recorren-la-ruta-turistica-caminos-de-pasion\\\/#mainImage\"},\"datePublished\":\"2016-05-21T06:46:06+02:00\",\"dateModified\":\"2016-05-21T06:46:06+02:00\"},{\"@type\":\"WebSite\",\"@id\":\"https:\\\/\\\/eldigitaldeasturias.com\\\/magazine365\\\/#website\",\"url\":\"https:\\\/\\\/eldigitaldeasturias.com\\\/magazine365\\\/\",\"name\":\"El Digital de Asturias\",\"description\":\"Revista de ocio, turismo y estilo de vida\",\"inLanguage\":\"es-ES\",\"publisher\":{\"@id\":\"https:\\\/\\\/eldigitaldeasturias.com\\\/magazine365\\\/#organization\"}}]}\n\t\t<\/script>\n\t\t<!-- All in One SEO Pro -->\r\n\t\t<title>Agentes de viajes de pa\u00edses europeos y latinoamericanos recorren la ruta tur\u00edstica \u2018Caminos de Pasi\u00f3n\u2019 | El Digital de Asturias<\/title>\n\n","aioseo_head_json":{"title":"Agentes de viajes de pa\u00edses europeos y latinoamericanos recorren la ruta tur\u00edstica \u2018Caminos de Pasi\u00f3n\u2019 | El Digital de Asturias","description":"La ruta tur\u00edstica 'Caminos de Pasi\u00f3n' recibe estos d\u00edas la visita de 14 agentes de viajes y tour operadores de pa\u00edses europeos y latinoamericanos en un viaje de familiarizaci\u00f3n, organizado por Turespa\u00f1a, Turismo Andaluz y los patronatos de C\u00f3rdoba, Sevilla y Ja\u00e9n, junto a 'Caminos de Pasi\u00f3n', Con el objetivo de dar a conocer los","canonical_url":"https:\/\/eldigitaldeasturias.com\/magazine365\/agentes-de-viajes-de-paises-europeos-y-latinoamericanos-recorren-la-ruta-turistica-caminos-de-pasion\/","robots":"max-image-preview:large","keywords":"noticias y actualidad","webmasterTools":{"google-site-verification":"UA-38556648-1","miscellaneous":""},"schema":{"@context":"https:\/\/schema.org","@graph":[{"@type":"Article","@id":"https:\/\/eldigitaldeasturias.com\/magazine365\/agentes-de-viajes-de-paises-europeos-y-latinoamericanos-recorren-la-ruta-turistica-caminos-de-pasion\/#article","name":"Agentes de viajes de pa\u00edses europeos y latinoamericanos recorren la ruta tur\u00edstica \u2018Caminos de Pasi\u00f3n\u2019 | El Digital de Asturias","headline":"Agentes de viajes de pa\u00edses europeos y latinoamericanos recorren la ruta tur\u00edstica &#8216;Caminos de Pasi\u00f3n&#8217;","author":{"@id":"https:\/\/eldigitaldeasturias.com\/magazine365\/author\/admin\/#author"},"publisher":{"@id":"https:\/\/eldigitaldeasturias.com\/magazine365\/#organization"},"image":{"@type":"ImageObject","url":"https:\/\/eldigitaldeasturias.com\/magazine365\/wp-content\/uploads\/2016\/05\/fotonoticia_20160520105508_800.jpg","width":800,"height":450},"datePublished":"2016-05-21T06:46:06+02:00","dateModified":"2016-05-21T06:46:06+02:00","inLanguage":"es-ES","mainEntityOfPage":{"@id":"https:\/\/eldigitaldeasturias.com\/magazine365\/agentes-de-viajes-de-paises-europeos-y-latinoamericanos-recorren-la-ruta-turistica-caminos-de-pasion\/#webpage"},"isPartOf":{"@id":"https:\/\/eldigitaldeasturias.com\/magazine365\/agentes-de-viajes-de-paises-europeos-y-latinoamericanos-recorren-la-ruta-turistica-caminos-de-pasion\/#webpage"},"articleSection":"Noticias y Actualidad"},{"@type":"BreadcrumbList","@id":"https:\/\/eldigitaldeasturias.com\/magazine365\/agentes-de-viajes-de-paises-europeos-y-latinoamericanos-recorren-la-ruta-turistica-caminos-de-pasion\/#breadcrumblist","itemListElement":[{"@type":"ListItem","@id":"https:\/\/eldigitaldeasturias.com\/magazine365#listItem","position":1,"name":"Home","item":"https:\/\/eldigitaldeasturias.com\/magazine365","nextItem":{"@type":"ListItem","@id":"https:\/\/eldigitaldeasturias.com\/magazine365\/category\/noticias-actualidad\/#listItem","name":"Noticias y Actualidad"}},{"@type":"ListItem","@id":"https:\/\/eldigitaldeasturias.com\/magazine365\/category\/noticias-actualidad\/#listItem","position":2,"name":"Noticias y Actualidad","item":"https:\/\/eldigitaldeasturias.com\/magazine365\/category\/noticias-actualidad\/","nextItem":{"@type":"ListItem","@id":"https:\/\/eldigitaldeasturias.com\/magazine365\/agentes-de-viajes-de-paises-europeos-y-latinoamericanos-recorren-la-ruta-turistica-caminos-de-pasion\/#listItem","name":"Agentes de viajes de pa\u00edses europeos y latinoamericanos recorren la ruta tur\u00edstica &#8216;Caminos de Pasi\u00f3n&#8217;"},"previousItem":{"@type":"ListItem","@id":"https:\/\/eldigitaldeasturias.com\/magazine365#listItem","name":"Home"}},{"@type":"ListItem","@id":"https:\/\/eldigitaldeasturias.com\/magazine365\/agentes-de-viajes-de-paises-europeos-y-latinoamericanos-recorren-la-ruta-turistica-caminos-de-pasion\/#listItem","position":3,"name":"Agentes de viajes de pa\u00edses europeos y latinoamericanos recorren la ruta tur\u00edstica &#8216;Caminos de Pasi\u00f3n&#8217;","previousItem":{"@type":"ListItem","@id":"https:\/\/eldigitaldeasturias.com\/magazine365\/category\/noticias-actualidad\/#listItem","name":"Noticias y Actualidad"}}]},{"@type":"Organization","@id":"https:\/\/eldigitaldeasturias.com\/magazine365\/#organization","name":"El digital de Asturias","description":"Revista de ocio, turismo y estilo de vida","url":"https:\/\/eldigitaldeasturias.com\/magazine365\/","logo":{"@type":"ImageObject","url":"https:\/\/www.eldigitaldeasturias.com\/noticias\/wp-content\/uploads\/2020\/12\/EDA.jpg","@id":"https:\/\/eldigitaldeasturias.com\/magazine365\/agentes-de-viajes-de-paises-europeos-y-latinoamericanos-recorren-la-ruta-turistica-caminos-de-pasion\/#organizationLogo"},"image":{"@id":"https:\/\/eldigitaldeasturias.com\/magazine365\/agentes-de-viajes-de-paises-europeos-y-latinoamericanos-recorren-la-ruta-turistica-caminos-de-pasion\/#organizationLogo"}},{"@type":"Person","@id":"https:\/\/eldigitaldeasturias.com\/magazine365\/author\/admin\/#author","url":"https:\/\/eldigitaldeasturias.com\/magazine365\/author\/admin\/","name":"admin","image":{"@type":"ImageObject","@id":"https:\/\/eldigitaldeasturias.com\/magazine365\/agentes-de-viajes-de-paises-europeos-y-latinoamericanos-recorren-la-ruta-turistica-caminos-de-pasion\/#authorImage","url":"https:\/\/eldigitaldeasturias.com\/magazine365\/wp-content\/litespeed\/avatar\/e571bcf59a0edd6fa6838245a470f2fe.jpg?ver=1777574230","width":96,"height":96,"caption":"admin"}},{"@type":"WebPage","@id":"https:\/\/eldigitaldeasturias.com\/magazine365\/agentes-de-viajes-de-paises-europeos-y-latinoamericanos-recorren-la-ruta-turistica-caminos-de-pasion\/#webpage","url":"https:\/\/eldigitaldeasturias.com\/magazine365\/agentes-de-viajes-de-paises-europeos-y-latinoamericanos-recorren-la-ruta-turistica-caminos-de-pasion\/","name":"Agentes de viajes de pa\u00edses europeos y latinoamericanos recorren la ruta tur\u00edstica \u2018Caminos de Pasi\u00f3n\u2019 | El Digital de Asturias","description":"La ruta tur\u00edstica 'Caminos de Pasi\u00f3n' recibe estos d\u00edas la visita de 14 agentes de viajes y tour operadores de pa\u00edses europeos y latinoamericanos en un viaje de familiarizaci\u00f3n, organizado por Turespa\u00f1a, Turismo Andaluz y los patronatos de C\u00f3rdoba, Sevilla y Ja\u00e9n, junto a 'Caminos de Pasi\u00f3n', Con el objetivo de dar a conocer los","inLanguage":"es-ES","isPartOf":{"@id":"https:\/\/eldigitaldeasturias.com\/magazine365\/#website"},"breadcrumb":{"@id":"https:\/\/eldigitaldeasturias.com\/magazine365\/agentes-de-viajes-de-paises-europeos-y-latinoamericanos-recorren-la-ruta-turistica-caminos-de-pasion\/#breadcrumblist"},"author":{"@id":"https:\/\/eldigitaldeasturias.com\/magazine365\/author\/admin\/#author"},"creator":{"@id":"https:\/\/eldigitaldeasturias.com\/magazine365\/author\/admin\/#author"},"image":{"@type":"ImageObject","url":"https:\/\/eldigitaldeasturias.com\/magazine365\/wp-content\/uploads\/2016\/05\/fotonoticia_20160520105508_800.jpg","@id":"https:\/\/eldigitaldeasturias.com\/magazine365\/agentes-de-viajes-de-paises-europeos-y-latinoamericanos-recorren-la-ruta-turistica-caminos-de-pasion\/#mainImage","width":800,"height":450},"primaryImageOfPage":{"@id":"https:\/\/eldigitaldeasturias.com\/magazine365\/agentes-de-viajes-de-paises-europeos-y-latinoamericanos-recorren-la-ruta-turistica-caminos-de-pasion\/#mainImage"},"datePublished":"2016-05-21T06:46:06+02:00","dateModified":"2016-05-21T06:46:06+02:00"},{"@type":"WebSite","@id":"https:\/\/eldigitaldeasturias.com\/magazine365\/#website","url":"https:\/\/eldigitaldeasturias.com\/magazine365\/","name":"El Digital de Asturias","description":"Revista de ocio, turismo y estilo de vida","inLanguage":"es-ES","publisher":{"@id":"https:\/\/eldigitaldeasturias.com\/magazine365\/#organization"}}]},"og:locale":"es_ES","og:site_name":"El Digital de Asturias \u2013 Revista de ocio, turismo y estilo de vida","og:type":"article","og:title":"Agentes de viajes de pa\u00edses europeos y latinoamericanos recorren la ruta tur\u00edstica \u2018Caminos de Pasi\u00f3n\u2019 | El Digital de Asturias","og:description":"La ruta tur\u00edstica 'Caminos de Pasi\u00f3n' recibe estos d\u00edas la visita de 14 agentes de viajes y tour operadores de pa\u00edses europeos y latinoamericanos en un viaje de familiarizaci\u00f3n, organizado por Turespa\u00f1a, Turismo Andaluz y los patronatos de C\u00f3rdoba, Sevilla y Ja\u00e9n, junto a 'Caminos de Pasi\u00f3n', Con el objetivo de dar a conocer los","og:url":"https:\/\/eldigitaldeasturias.com\/magazine365\/agentes-de-viajes-de-paises-europeos-y-latinoamericanos-recorren-la-ruta-turistica-caminos-de-pasion\/","og:image":"https:\/\/eldigitaldeasturias.com\/magazine365\/wp-content\/uploads\/2016\/05\/fotonoticia_20160520105508_800.jpg","og:image:secure_url":"https:\/\/eldigitaldeasturias.com\/magazine365\/wp-content\/uploads\/2016\/05\/fotonoticia_20160520105508_800.jpg","og:image:width":800,"og:image:height":450,"article:published_time":"2016-05-21T04:46:06+00:00","article:modified_time":"2016-05-21T04:46:06+00:00","twitter:card":"summary_large_image","twitter:title":"Agentes de viajes de pa\u00edses europeos y latinoamericanos recorren la ruta tur\u00edstica \u2018Caminos de Pasi\u00f3n\u2019 | El Digital de Asturias","twitter:description":"La ruta tur\u00edstica 'Caminos de Pasi\u00f3n' recibe estos d\u00edas la visita de 14 agentes de viajes y tour operadores de pa\u00edses europeos y latinoamericanos en un viaje de familiarizaci\u00f3n, organizado por Turespa\u00f1a, Turismo Andaluz y los patronatos de C\u00f3rdoba, Sevilla y Ja\u00e9n, junto a 'Caminos de Pasi\u00f3n', Con el objetivo de dar a conocer los","twitter:image":"https:\/\/eldigitaldeasturias.com\/magazine365\/wp-content\/uploads\/2016\/05\/fotonoticia_20160520105508_800.jpg"},"aioseo_meta_data":{"post_id":"76580","title":null,"description":null,"keywords":null,"keyphrases":null,"primary_term":null,"canonical_url":null,"og_title":null,"og_description":null,"og_object_type":"default","og_image_type":"default","og_image_url":null,"og_image_width":null,"og_image_height":null,"og_image_custom_url":null,"og_image_custom_fields":null,"og_video":null,"og_custom_url":null,"og_article_section":null,"og_article_tags":null,"twitter_use_og":false,"twitter_card":"default","twitter_image_type":"default","twitter_image_url":null,"twitter_image_custom_url":null,"twitter_image_custom_fields":null,"twitter_title":null,"twitter_description":null,"schema":{"blockGraphs":[],"customGraphs":[],"default":{"data":{"Article":[],"Course":[],"Dataset":[],"FAQPage":[],"Movie":[],"Person":[],"Product":[],"ProductReview":[],"Car":[],"Recipe":[],"Service":[],"SoftwareApplication":[],"WebPage":[]},"graphName":"","isEnabled":true},"graphs":[],"defaultGraph":"","defaultPostTypeGraph":""},"schema_type":null,"schema_type_options":null,"pillar_content":false,"robots_default":true,"robots_noindex":false,"robots_noarchive":false,"robots_nosnippet":false,"robots_nofollow":false,"robots_noimageindex":false,"robots_noodp":false,"robots_notranslate":false,"robots_max_snippet":null,"robots_max_videopreview":null,"robots_max_imagepreview":"large","priority":null,"frequency":null,"location":null,"local_seo":null,"seo_analyzer_scan_date":"2025-09-27 12:59:10","breadcrumb_settings":null,"limit_modified_date":false,"open_ai":null,"ai":null,"created":"2021-03-08 18:27:04","updated":"2025-09-27 12:59:10"},"aioseo_breadcrumb":"<div class=\"aioseo-breadcrumbs\"><span class=\"aioseo-breadcrumb\">\n\t<a href=\"https:\/\/eldigitaldeasturias.com\/magazine365\" title=\"Home\">Home<\/a>\n<\/span><span class=\"aioseo-breadcrumb-separator\">\u2013<\/span><span class=\"aioseo-breadcrumb\">\n\t<a href=\"https:\/\/eldigitaldeasturias.com\/magazine365\/category\/noticias-actualidad\/\" title=\"Noticias y Actualidad\">Noticias y Actualidad<\/a>\n<\/span><span class=\"aioseo-breadcrumb-separator\">\u2013<\/span><span class=\"aioseo-breadcrumb\">\n\t<a href=\"https:\/\/eldigitaldeasturias.com\/magazine365\/agentes-de-viajes-de-paises-europeos-y-latinoamericanos-recorren-la-ruta-turistica-caminos-de-pasion\/\" title=\"Agentes de viajes de pa\u00edses europeos y latinoamericanos recorren la ruta tur\u00edstica \u2018Caminos de Pasi\u00f3n\u2019\">Agentes de viajes de pa\u00edses europeos y latinoamericanos recorren la ruta tur\u00edstica \u2018Caminos de Pasi\u00f3n\u2019<\/a>\n<\/span><\/div>","aioseo_breadcrumb_json":[{"label":"Home","link":"https:\/\/eldigitaldeasturias.com\/magazine365"},{"label":"Noticias y Actualidad","link":"https:\/\/eldigitaldeasturias.com\/magazine365\/category\/noticias-actualidad\/"},{"label":"Agentes de viajes de pa\u00edses europeos y latinoamericanos recorren la ruta tur\u00edstica &#8216;Caminos de Pasi\u00f3n&#8217;","link":"https:\/\/eldigitaldeasturias.com\/magazine365\/agentes-de-viajes-de-paises-europeos-y-latinoamericanos-recorren-la-ruta-turistica-caminos-de-pasion\/"}],"_links":{"self":[{"href":"https:\/\/eldigitaldeasturias.com\/magazine365\/wp-json\/wp\/v2\/posts\/76580","targetHints":{"allow":["GET"]}}],"collection":[{"href":"https:\/\/eldigitaldeasturias.com\/magazine365\/wp-json\/wp\/v2\/posts"}],"about":[{"href":"https:\/\/eldigitaldeasturias.com\/magazine365\/wp-json\/wp\/v2\/types\/post"}],"author":[{"embeddable":true,"href":"https:\/\/eldigitaldeasturias.com\/magazine365\/wp-json\/wp\/v2\/users\/1"}],"replies":[{"embeddable":true,"href":"https:\/\/eldigitaldeasturias.com\/magazine365\/wp-json\/wp\/v2\/comments?post=76580"}],"version-history":[{"count":0,"href":"https:\/\/eldigitaldeasturias.com\/magazine365\/wp-json\/wp\/v2\/posts\/76580\/revisions"}],"wp:featuredmedia":[{"embeddable":true,"href":"https:\/\/eldigitaldeasturias.com\/magazine365\/wp-json\/wp\/v2\/media\/76581"}],"wp:attachment":[{"href":"https:\/\/eldigitaldeasturias.com\/magazine365\/wp-json\/wp\/v2\/media?parent=76580"}],"wp:term":[{"taxonomy":"category","embeddable":true,"href":"https:\/\/eldigitaldeasturias.com\/magazine365\/wp-json\/wp\/v2\/categories?post=76580"},{"taxonomy":"post_tag","embeddable":true,"href":"https:\/\/eldigitaldeasturias.com\/magazine365\/wp-json\/wp\/v2\/tags?post=76580"}],"curies":[{"name":"wp","href":"https:\/\/api.w.org\/{rel}","templated":true}]}}