{"id":76574,"date":"2016-05-21T06:43:50","date_gmt":"2016-05-21T04:43:50","guid":{"rendered":"http:\/\/eldigitaldeasturias.com\/magazine365\/?p=76574"},"modified":"2016-05-21T06:43:50","modified_gmt":"2016-05-21T04:43:50","slug":"santa-cruz-de-tenerife-concentra-el-negocio-turistico-de-las-islas-con-la-feria-de-vacaciones","status":"publish","type":"post","link":"https:\/\/eldigitaldeasturias.com\/magazine365\/santa-cruz-de-tenerife-concentra-el-negocio-turistico-de-las-islas-con-la-feria-de-vacaciones\/","title":{"rendered":"Santa Cruz de Tenerife concentra el negocio tur\u00edstico de las islas con la feria de vacaciones"},"content":{"rendered":"<p><img fetchpriority=\"high\" decoding=\"async\" class=\"alignleft size-medium wp-image-76575\" src=\"https:\/\/eldigitaldeasturias.com\/magazine365\/wp-content\/uploads\/2016\/05\/fotonoticia_20160520102444_800-360x240.jpg\" alt=\"fotonoticia_20160520102444_800\" width=\"360\" height=\"240\" srcset=\"https:\/\/eldigitaldeasturias.com\/magazine365\/wp-content\/uploads\/2016\/05\/fotonoticia_20160520102444_800-360x240.jpg 360w, https:\/\/eldigitaldeasturias.com\/magazine365\/wp-content\/uploads\/2016\/05\/fotonoticia_20160520102444_800-650x433.jpg 650w, https:\/\/eldigitaldeasturias.com\/magazine365\/wp-content\/uploads\/2016\/05\/fotonoticia_20160520102444_800-768x512.jpg 768w, https:\/\/eldigitaldeasturias.com\/magazine365\/wp-content\/uploads\/2016\/05\/fotonoticia_20160520102444_800-150x100.jpg 150w, https:\/\/eldigitaldeasturias.com\/magazine365\/wp-content\/uploads\/2016\/05\/fotonoticia_20160520102444_800-450x300.jpg 450w, https:\/\/eldigitaldeasturias.com\/magazine365\/wp-content\/uploads\/2016\/05\/fotonoticia_20160520102444_800-101x66.jpg 101w, https:\/\/eldigitaldeasturias.com\/magazine365\/wp-content\/uploads\/2016\/05\/fotonoticia_20160520102444_800.jpg 800w\" sizes=\"(max-width: 360px) 100vw, 360px\" \/>La plaza Miguel Vel\u00e1zquez de Santa Cruz de Tenerife acoger\u00e1 hasta el pr\u00f3ximo s\u00e1bado la cuarta edici\u00f3n de la &#8216;Feria de Vacaciones&#8217;, iniciativa impulsada por el Corte Ingl\u00e9s que contar\u00e1 con numerosas actividades para todos los p\u00fablicos y podr\u00e1 visitarse desde hoy y hasta el s\u00e1bado, en horario ininterrumpido de 11.00 a 21.00 horas.<\/p>\n<p>La feria supone un aldabonazo a la estrategia del Ayuntamiento de Santa Cruz de posicionarse en el sector tur\u00edstico, no solo con la promoci\u00f3n de su oferta sino como centro de los negocios relacionados con el mismo, explic\u00f3 este jueves el noveno teniente de alcalde y concejal de Promoci\u00f3n Econ\u00f3mica, Alfonso Cabello.<\/p>\n<p>Cabello particip\u00f3 en la presentaci\u00f3n de la feria, junto al director de El Corte Ingl\u00e9s de Tres de Mayo, \u00c1lvaro Rojas; el director regional de Viajes El Corte Ingl\u00e9s, Jes\u00fas del R\u00edo, y la responsable del \u00e1rea de Relaciones Externas de la firma, Cristina Gonz\u00e1lez.<\/p>\n<p>El concejal record\u00f3 que se trata de la cuarta edici\u00f3n de esta feria de vacaciones, que tiene car\u00e1cter regional, \u00abpero es la primera vez que se celebra en Santa Cruz de Tenerife, lo que supone un gran aliciente dado el nivel de oferta empresarial que lleva aparejada\u00bb.<\/p>\n<p>Una treintena de carpas con m\u00e1s de 40 marcas representadas, entre las que se encuentran hoteles, navieras, compa\u00f1\u00edas a\u00e9reas, touroperadores, parques tem\u00e1ticos as\u00ed como el segmento de cruceros, podr\u00e1n visitarse hasta el s\u00e1bado en la plaza Miguel Vel\u00e1zquez de la capital tinerfe\u00f1a.<\/p>\n<p>Cabello se\u00f1al\u00f3 tambi\u00e9n que \u00abse trata de una oportunidad m\u00e1s para que el tejido productivo tur\u00edstico se exponga en Santa Cruz, al tiempo que la ciudadan\u00eda pueda encontrar las mejores ofertas de cara a la planificaci\u00f3n de sus vacaciones\u00bb, y apunt\u00f3 que la semana pasada esta feria se celebr\u00f3 Gran Canaria, donde tambi\u00e9n estuvo presente la capital tinerfe\u00f1a a trav\u00e9s de un stand propio y donde se promocion\u00f3 la ciudad como destino tur\u00edstico.<\/p>\n<p>\u00abLa iniciativa privada vuelve a tomar protagonismo dinamizando la ciudad, algo que agradecemos enormemente desde el Ayuntamiento de Santa Cruz al tiempo que nos reafirmamos en nuestro compromiso de continuar trabajando en la l\u00ednea de la colaboraci\u00f3n p\u00fablico-privada\u00bb, dijo.<\/p>\n<p>Por su parte, el director del Corte Ingl\u00e9s de 3 de Mayo, \u00c1lvaro Rojas, explic\u00f3 que de la mano de Viajes El Corte Ingl\u00e9s se pretende continuar la senda de dinamizar la cuidad, por lo que adem\u00e1s, en el marco de la feria, se celebrar\u00e1n numerosas actividades para todos los p\u00fablicos.<\/p>\n<p>Igualmente, el director regional de Viajes El Corte Ingl\u00e9s, Jes\u00fas del R\u00edo, destac\u00f3 que \u00abel objetivo de esta feria es mostrar, de la mano de los principales promotores tur\u00edsticos, las buenas ofertas que existen en la actualidad, en un ambiente dinamizado y con un montaje que simula un entorno vacacional\u00bb.<\/p>\n<p>M\u00c1S DE CUARENTA MARCAS<\/p>\n<p>De esta manera, explic\u00f3 que \u00abla muestra de las m\u00e1s de cuarenta marcas que expondr\u00e1n sus ofertas aqu\u00ed hasta el s\u00e1bado es lo suficientemente nutrida como para adaptarse a todas las necesidades\u00bb.<\/p>\n<p>La feria de vacaciones est\u00e1 impulsada por el Corte Ingl\u00e9s y podr\u00e1 visitarse hasta el s\u00e1bado, en horario de 11.00 a 21.00 horas en la plaza Miguel Vel\u00e1zquez.<\/p>\n<p>Adem\u00e1s contar\u00e1 con actividades para todos los p\u00fablicos entre las que destacan una &#8216;masterclass&#8217; de zumba, un concurso y un concierto a cargo de &#8216;The Trippers&#8217; para el viernes, mientras que el s\u00e1bado se celebrar\u00e1n dos &#8216;masterclass&#8217;, de &#8216;hip hop&#8217; y salsa, as\u00ed como dos concursos.<\/p>\n","protected":false},"excerpt":{"rendered":"<p>La plaza Miguel Vel\u00e1zquez de Santa Cruz de Tenerife acoger\u00e1 hasta el pr\u00f3ximo s\u00e1bado la cuarta edici\u00f3n de la &#8216;Feria de Vacaciones&#8217;, iniciativa impulsada por el Corte Ingl\u00e9s que contar\u00e1 con numerosas actividades para todos los p\u00fablicos y podr\u00e1 visitarse desde hoy y hasta el s\u00e1bado, en horario ininterrumpido de 11.00 a 21.00 horas. La<\/p>\n","protected":false},"author":1,"featured_media":76575,"comment_status":"open","ping_status":"closed","sticky":false,"template":"","format":"standard","meta":{"footnotes":""},"categories":[224],"tags":[],"class_list":{"0":"post-76574","1":"post","2":"type-post","3":"status-publish","4":"format-standard","5":"has-post-thumbnail","7":"category-noticias-actualidad"},"aioseo_notices":[],"aioseo_head":"\n\t\t<!-- All in One SEO Pro 4.9.6.1 - aioseo.com -->\n\t<meta name=\"description\" content=\"La plaza Miguel Vel\u00e1zquez de Santa Cruz de Tenerife acoger\u00e1 hasta el pr\u00f3ximo s\u00e1bado la cuarta edici\u00f3n de la &#039;Feria de Vacaciones&#039;, iniciativa impulsada por el Corte Ingl\u00e9s que contar\u00e1 con numerosas actividades para todos los p\u00fablicos y podr\u00e1 visitarse desde hoy y hasta el s\u00e1bado, en horario ininterrumpido de 11.00 a 21.00 horas. La\" \/>\n\t<meta name=\"robots\" content=\"max-image-preview:large\" \/>\n\t<meta name=\"author\" content=\"admin\"\/>\n\t<meta name=\"google-site-verification\" content=\"UA-38556648-1\" \/>\n\t<meta name=\"keywords\" content=\"noticias y actualidad\" \/>\n\t<link rel=\"canonical\" href=\"https:\/\/eldigitaldeasturias.com\/magazine365\/santa-cruz-de-tenerife-concentra-el-negocio-turistico-de-las-islas-con-la-feria-de-vacaciones\/\" \/>\n\t<meta name=\"generator\" content=\"All in One SEO Pro (AIOSEO) 4.9.6.1\" \/>\n\t\t<meta property=\"og:locale\" content=\"es_ES\" \/>\n\t\t<meta property=\"og:site_name\" content=\"El Digital de Asturias \u2013 Revista de ocio, turismo y estilo de vida\" \/>\n\t\t<meta property=\"og:type\" content=\"article\" \/>\n\t\t<meta property=\"og:title\" content=\"Santa Cruz de Tenerife concentra el negocio tur\u00edstico de las islas con la feria de vacaciones | El Digital de Asturias\" \/>\n\t\t<meta property=\"og:description\" content=\"La plaza Miguel Vel\u00e1zquez de Santa Cruz de Tenerife acoger\u00e1 hasta el pr\u00f3ximo s\u00e1bado la cuarta edici\u00f3n de la &#039;Feria de Vacaciones&#039;, iniciativa impulsada por el Corte Ingl\u00e9s que contar\u00e1 con numerosas actividades para todos los p\u00fablicos y podr\u00e1 visitarse desde hoy y hasta el s\u00e1bado, en horario ininterrumpido de 11.00 a 21.00 horas. La\" \/>\n\t\t<meta property=\"og:url\" content=\"https:\/\/eldigitaldeasturias.com\/magazine365\/santa-cruz-de-tenerife-concentra-el-negocio-turistico-de-las-islas-con-la-feria-de-vacaciones\/\" \/>\n\t\t<meta property=\"og:image\" content=\"https:\/\/eldigitaldeasturias.com\/magazine365\/wp-content\/uploads\/2016\/05\/fotonoticia_20160520102444_800.jpg\" \/>\n\t\t<meta property=\"og:image:secure_url\" content=\"https:\/\/eldigitaldeasturias.com\/magazine365\/wp-content\/uploads\/2016\/05\/fotonoticia_20160520102444_800.jpg\" \/>\n\t\t<meta property=\"og:image:width\" content=\"800\" \/>\n\t\t<meta property=\"og:image:height\" content=\"533\" \/>\n\t\t<meta property=\"article:published_time\" content=\"2016-05-21T04:43:50+00:00\" \/>\n\t\t<meta property=\"article:modified_time\" content=\"2016-05-21T04:43:50+00:00\" \/>\n\t\t<meta name=\"twitter:card\" content=\"summary_large_image\" \/>\n\t\t<meta name=\"twitter:title\" content=\"Santa Cruz de Tenerife concentra el negocio tur\u00edstico de las islas con la feria de vacaciones | El Digital de Asturias\" \/>\n\t\t<meta name=\"twitter:description\" content=\"La plaza Miguel Vel\u00e1zquez de Santa Cruz de Tenerife acoger\u00e1 hasta el pr\u00f3ximo s\u00e1bado la cuarta edici\u00f3n de la &#039;Feria de Vacaciones&#039;, iniciativa impulsada por el Corte Ingl\u00e9s que contar\u00e1 con numerosas actividades para todos los p\u00fablicos y podr\u00e1 visitarse desde hoy y hasta el s\u00e1bado, en horario ininterrumpido de 11.00 a 21.00 horas. La\" \/>\n\t\t<meta name=\"twitter:image\" content=\"https:\/\/eldigitaldeasturias.com\/magazine365\/wp-content\/uploads\/2016\/05\/fotonoticia_20160520102444_800.jpg\" \/>\n\t\t<script type=\"application\/ld+json\" class=\"aioseo-schema\">\n\t\t\t{\"@context\":\"https:\\\/\\\/schema.org\",\"@graph\":[{\"@type\":\"Article\",\"@id\":\"https:\\\/\\\/eldigitaldeasturias.com\\\/magazine365\\\/santa-cruz-de-tenerife-concentra-el-negocio-turistico-de-las-islas-con-la-feria-de-vacaciones\\\/#article\",\"name\":\"Santa Cruz de Tenerife concentra el negocio tur\\u00edstico de las islas con la feria de vacaciones | El Digital de Asturias\",\"headline\":\"Santa Cruz de Tenerife concentra el negocio tur\\u00edstico de las islas con la feria de vacaciones\",\"author\":{\"@id\":\"https:\\\/\\\/eldigitaldeasturias.com\\\/magazine365\\\/author\\\/admin\\\/#author\"},\"publisher\":{\"@id\":\"https:\\\/\\\/eldigitaldeasturias.com\\\/magazine365\\\/#organization\"},\"image\":{\"@type\":\"ImageObject\",\"url\":\"https:\\\/\\\/eldigitaldeasturias.com\\\/magazine365\\\/wp-content\\\/uploads\\\/2016\\\/05\\\/fotonoticia_20160520102444_800.jpg\",\"width\":800,\"height\":533},\"datePublished\":\"2016-05-21T06:43:50+02:00\",\"dateModified\":\"2016-05-21T06:43:50+02:00\",\"inLanguage\":\"es-ES\",\"mainEntityOfPage\":{\"@id\":\"https:\\\/\\\/eldigitaldeasturias.com\\\/magazine365\\\/santa-cruz-de-tenerife-concentra-el-negocio-turistico-de-las-islas-con-la-feria-de-vacaciones\\\/#webpage\"},\"isPartOf\":{\"@id\":\"https:\\\/\\\/eldigitaldeasturias.com\\\/magazine365\\\/santa-cruz-de-tenerife-concentra-el-negocio-turistico-de-las-islas-con-la-feria-de-vacaciones\\\/#webpage\"},\"articleSection\":\"Noticias y Actualidad\"},{\"@type\":\"BreadcrumbList\",\"@id\":\"https:\\\/\\\/eldigitaldeasturias.com\\\/magazine365\\\/santa-cruz-de-tenerife-concentra-el-negocio-turistico-de-las-islas-con-la-feria-de-vacaciones\\\/#breadcrumblist\",\"itemListElement\":[{\"@type\":\"ListItem\",\"@id\":\"https:\\\/\\\/eldigitaldeasturias.com\\\/magazine365#listItem\",\"position\":1,\"name\":\"Home\",\"item\":\"https:\\\/\\\/eldigitaldeasturias.com\\\/magazine365\",\"nextItem\":{\"@type\":\"ListItem\",\"@id\":\"https:\\\/\\\/eldigitaldeasturias.com\\\/magazine365\\\/category\\\/noticias-actualidad\\\/#listItem\",\"name\":\"Noticias y Actualidad\"}},{\"@type\":\"ListItem\",\"@id\":\"https:\\\/\\\/eldigitaldeasturias.com\\\/magazine365\\\/category\\\/noticias-actualidad\\\/#listItem\",\"position\":2,\"name\":\"Noticias y Actualidad\",\"item\":\"https:\\\/\\\/eldigitaldeasturias.com\\\/magazine365\\\/category\\\/noticias-actualidad\\\/\",\"nextItem\":{\"@type\":\"ListItem\",\"@id\":\"https:\\\/\\\/eldigitaldeasturias.com\\\/magazine365\\\/santa-cruz-de-tenerife-concentra-el-negocio-turistico-de-las-islas-con-la-feria-de-vacaciones\\\/#listItem\",\"name\":\"Santa Cruz de Tenerife concentra el negocio tur\\u00edstico de las islas con la feria de vacaciones\"},\"previousItem\":{\"@type\":\"ListItem\",\"@id\":\"https:\\\/\\\/eldigitaldeasturias.com\\\/magazine365#listItem\",\"name\":\"Home\"}},{\"@type\":\"ListItem\",\"@id\":\"https:\\\/\\\/eldigitaldeasturias.com\\\/magazine365\\\/santa-cruz-de-tenerife-concentra-el-negocio-turistico-de-las-islas-con-la-feria-de-vacaciones\\\/#listItem\",\"position\":3,\"name\":\"Santa Cruz de Tenerife concentra el negocio tur\\u00edstico de las islas con la feria de vacaciones\",\"previousItem\":{\"@type\":\"ListItem\",\"@id\":\"https:\\\/\\\/eldigitaldeasturias.com\\\/magazine365\\\/category\\\/noticias-actualidad\\\/#listItem\",\"name\":\"Noticias y Actualidad\"}}]},{\"@type\":\"Organization\",\"@id\":\"https:\\\/\\\/eldigitaldeasturias.com\\\/magazine365\\\/#organization\",\"name\":\"El digital de Asturias\",\"description\":\"Revista de ocio, turismo y estilo de vida\",\"url\":\"https:\\\/\\\/eldigitaldeasturias.com\\\/magazine365\\\/\",\"logo\":{\"@type\":\"ImageObject\",\"url\":\"https:\\\/\\\/www.eldigitaldeasturias.com\\\/noticias\\\/wp-content\\\/uploads\\\/2020\\\/12\\\/EDA.jpg\",\"@id\":\"https:\\\/\\\/eldigitaldeasturias.com\\\/magazine365\\\/santa-cruz-de-tenerife-concentra-el-negocio-turistico-de-las-islas-con-la-feria-de-vacaciones\\\/#organizationLogo\"},\"image\":{\"@id\":\"https:\\\/\\\/eldigitaldeasturias.com\\\/magazine365\\\/santa-cruz-de-tenerife-concentra-el-negocio-turistico-de-las-islas-con-la-feria-de-vacaciones\\\/#organizationLogo\"}},{\"@type\":\"Person\",\"@id\":\"https:\\\/\\\/eldigitaldeasturias.com\\\/magazine365\\\/author\\\/admin\\\/#author\",\"url\":\"https:\\\/\\\/eldigitaldeasturias.com\\\/magazine365\\\/author\\\/admin\\\/\",\"name\":\"admin\",\"image\":{\"@type\":\"ImageObject\",\"@id\":\"https:\\\/\\\/eldigitaldeasturias.com\\\/magazine365\\\/santa-cruz-de-tenerife-concentra-el-negocio-turistico-de-las-islas-con-la-feria-de-vacaciones\\\/#authorImage\",\"url\":\"https:\\\/\\\/eldigitaldeasturias.com\\\/magazine365\\\/wp-content\\\/litespeed\\\/avatar\\\/e571bcf59a0edd6fa6838245a470f2fe.jpg?ver=1777574230\",\"width\":96,\"height\":96,\"caption\":\"admin\"}},{\"@type\":\"WebPage\",\"@id\":\"https:\\\/\\\/eldigitaldeasturias.com\\\/magazine365\\\/santa-cruz-de-tenerife-concentra-el-negocio-turistico-de-las-islas-con-la-feria-de-vacaciones\\\/#webpage\",\"url\":\"https:\\\/\\\/eldigitaldeasturias.com\\\/magazine365\\\/santa-cruz-de-tenerife-concentra-el-negocio-turistico-de-las-islas-con-la-feria-de-vacaciones\\\/\",\"name\":\"Santa Cruz de Tenerife concentra el negocio tur\\u00edstico de las islas con la feria de vacaciones | El Digital de Asturias\",\"description\":\"La plaza Miguel Vel\\u00e1zquez de Santa Cruz de Tenerife acoger\\u00e1 hasta el pr\\u00f3ximo s\\u00e1bado la cuarta edici\\u00f3n de la 'Feria de Vacaciones', iniciativa impulsada por el Corte Ingl\\u00e9s que contar\\u00e1 con numerosas actividades para todos los p\\u00fablicos y podr\\u00e1 visitarse desde hoy y hasta el s\\u00e1bado, en horario ininterrumpido de 11.00 a 21.00 horas. La\",\"inLanguage\":\"es-ES\",\"isPartOf\":{\"@id\":\"https:\\\/\\\/eldigitaldeasturias.com\\\/magazine365\\\/#website\"},\"breadcrumb\":{\"@id\":\"https:\\\/\\\/eldigitaldeasturias.com\\\/magazine365\\\/santa-cruz-de-tenerife-concentra-el-negocio-turistico-de-las-islas-con-la-feria-de-vacaciones\\\/#breadcrumblist\"},\"author\":{\"@id\":\"https:\\\/\\\/eldigitaldeasturias.com\\\/magazine365\\\/author\\\/admin\\\/#author\"},\"creator\":{\"@id\":\"https:\\\/\\\/eldigitaldeasturias.com\\\/magazine365\\\/author\\\/admin\\\/#author\"},\"image\":{\"@type\":\"ImageObject\",\"url\":\"https:\\\/\\\/eldigitaldeasturias.com\\\/magazine365\\\/wp-content\\\/uploads\\\/2016\\\/05\\\/fotonoticia_20160520102444_800.jpg\",\"@id\":\"https:\\\/\\\/eldigitaldeasturias.com\\\/magazine365\\\/santa-cruz-de-tenerife-concentra-el-negocio-turistico-de-las-islas-con-la-feria-de-vacaciones\\\/#mainImage\",\"width\":800,\"height\":533},\"primaryImageOfPage\":{\"@id\":\"https:\\\/\\\/eldigitaldeasturias.com\\\/magazine365\\\/santa-cruz-de-tenerife-concentra-el-negocio-turistico-de-las-islas-con-la-feria-de-vacaciones\\\/#mainImage\"},\"datePublished\":\"2016-05-21T06:43:50+02:00\",\"dateModified\":\"2016-05-21T06:43:50+02:00\"},{\"@type\":\"WebSite\",\"@id\":\"https:\\\/\\\/eldigitaldeasturias.com\\\/magazine365\\\/#website\",\"url\":\"https:\\\/\\\/eldigitaldeasturias.com\\\/magazine365\\\/\",\"name\":\"El Digital de Asturias\",\"description\":\"Revista de ocio, turismo y estilo de vida\",\"inLanguage\":\"es-ES\",\"publisher\":{\"@id\":\"https:\\\/\\\/eldigitaldeasturias.com\\\/magazine365\\\/#organization\"}}]}\n\t\t<\/script>\n\t\t<!-- All in One SEO Pro -->\r\n\t\t<title>Santa Cruz de Tenerife concentra el negocio tur\u00edstico de las islas con la feria de vacaciones | El Digital de Asturias<\/title>\n\n","aioseo_head_json":{"title":"Santa Cruz de Tenerife concentra el negocio tur\u00edstico de las islas con la feria de vacaciones | El Digital de Asturias","description":"La plaza Miguel Vel\u00e1zquez de Santa Cruz de Tenerife acoger\u00e1 hasta el pr\u00f3ximo s\u00e1bado la cuarta edici\u00f3n de la 'Feria de Vacaciones', iniciativa impulsada por el Corte Ingl\u00e9s que contar\u00e1 con numerosas actividades para todos los p\u00fablicos y podr\u00e1 visitarse desde hoy y hasta el s\u00e1bado, en horario ininterrumpido de 11.00 a 21.00 horas. La","canonical_url":"https:\/\/eldigitaldeasturias.com\/magazine365\/santa-cruz-de-tenerife-concentra-el-negocio-turistico-de-las-islas-con-la-feria-de-vacaciones\/","robots":"max-image-preview:large","keywords":"noticias y actualidad","webmasterTools":{"google-site-verification":"UA-38556648-1","miscellaneous":""},"schema":{"@context":"https:\/\/schema.org","@graph":[{"@type":"Article","@id":"https:\/\/eldigitaldeasturias.com\/magazine365\/santa-cruz-de-tenerife-concentra-el-negocio-turistico-de-las-islas-con-la-feria-de-vacaciones\/#article","name":"Santa Cruz de Tenerife concentra el negocio tur\u00edstico de las islas con la feria de vacaciones | El Digital de Asturias","headline":"Santa Cruz de Tenerife concentra el negocio tur\u00edstico de las islas con la feria de vacaciones","author":{"@id":"https:\/\/eldigitaldeasturias.com\/magazine365\/author\/admin\/#author"},"publisher":{"@id":"https:\/\/eldigitaldeasturias.com\/magazine365\/#organization"},"image":{"@type":"ImageObject","url":"https:\/\/eldigitaldeasturias.com\/magazine365\/wp-content\/uploads\/2016\/05\/fotonoticia_20160520102444_800.jpg","width":800,"height":533},"datePublished":"2016-05-21T06:43:50+02:00","dateModified":"2016-05-21T06:43:50+02:00","inLanguage":"es-ES","mainEntityOfPage":{"@id":"https:\/\/eldigitaldeasturias.com\/magazine365\/santa-cruz-de-tenerife-concentra-el-negocio-turistico-de-las-islas-con-la-feria-de-vacaciones\/#webpage"},"isPartOf":{"@id":"https:\/\/eldigitaldeasturias.com\/magazine365\/santa-cruz-de-tenerife-concentra-el-negocio-turistico-de-las-islas-con-la-feria-de-vacaciones\/#webpage"},"articleSection":"Noticias y Actualidad"},{"@type":"BreadcrumbList","@id":"https:\/\/eldigitaldeasturias.com\/magazine365\/santa-cruz-de-tenerife-concentra-el-negocio-turistico-de-las-islas-con-la-feria-de-vacaciones\/#breadcrumblist","itemListElement":[{"@type":"ListItem","@id":"https:\/\/eldigitaldeasturias.com\/magazine365#listItem","position":1,"name":"Home","item":"https:\/\/eldigitaldeasturias.com\/magazine365","nextItem":{"@type":"ListItem","@id":"https:\/\/eldigitaldeasturias.com\/magazine365\/category\/noticias-actualidad\/#listItem","name":"Noticias y Actualidad"}},{"@type":"ListItem","@id":"https:\/\/eldigitaldeasturias.com\/magazine365\/category\/noticias-actualidad\/#listItem","position":2,"name":"Noticias y Actualidad","item":"https:\/\/eldigitaldeasturias.com\/magazine365\/category\/noticias-actualidad\/","nextItem":{"@type":"ListItem","@id":"https:\/\/eldigitaldeasturias.com\/magazine365\/santa-cruz-de-tenerife-concentra-el-negocio-turistico-de-las-islas-con-la-feria-de-vacaciones\/#listItem","name":"Santa Cruz de Tenerife concentra el negocio tur\u00edstico de las islas con la feria de vacaciones"},"previousItem":{"@type":"ListItem","@id":"https:\/\/eldigitaldeasturias.com\/magazine365#listItem","name":"Home"}},{"@type":"ListItem","@id":"https:\/\/eldigitaldeasturias.com\/magazine365\/santa-cruz-de-tenerife-concentra-el-negocio-turistico-de-las-islas-con-la-feria-de-vacaciones\/#listItem","position":3,"name":"Santa Cruz de Tenerife concentra el negocio tur\u00edstico de las islas con la feria de vacaciones","previousItem":{"@type":"ListItem","@id":"https:\/\/eldigitaldeasturias.com\/magazine365\/category\/noticias-actualidad\/#listItem","name":"Noticias y Actualidad"}}]},{"@type":"Organization","@id":"https:\/\/eldigitaldeasturias.com\/magazine365\/#organization","name":"El digital de Asturias","description":"Revista de ocio, turismo y estilo de vida","url":"https:\/\/eldigitaldeasturias.com\/magazine365\/","logo":{"@type":"ImageObject","url":"https:\/\/www.eldigitaldeasturias.com\/noticias\/wp-content\/uploads\/2020\/12\/EDA.jpg","@id":"https:\/\/eldigitaldeasturias.com\/magazine365\/santa-cruz-de-tenerife-concentra-el-negocio-turistico-de-las-islas-con-la-feria-de-vacaciones\/#organizationLogo"},"image":{"@id":"https:\/\/eldigitaldeasturias.com\/magazine365\/santa-cruz-de-tenerife-concentra-el-negocio-turistico-de-las-islas-con-la-feria-de-vacaciones\/#organizationLogo"}},{"@type":"Person","@id":"https:\/\/eldigitaldeasturias.com\/magazine365\/author\/admin\/#author","url":"https:\/\/eldigitaldeasturias.com\/magazine365\/author\/admin\/","name":"admin","image":{"@type":"ImageObject","@id":"https:\/\/eldigitaldeasturias.com\/magazine365\/santa-cruz-de-tenerife-concentra-el-negocio-turistico-de-las-islas-con-la-feria-de-vacaciones\/#authorImage","url":"https:\/\/eldigitaldeasturias.com\/magazine365\/wp-content\/litespeed\/avatar\/e571bcf59a0edd6fa6838245a470f2fe.jpg?ver=1777574230","width":96,"height":96,"caption":"admin"}},{"@type":"WebPage","@id":"https:\/\/eldigitaldeasturias.com\/magazine365\/santa-cruz-de-tenerife-concentra-el-negocio-turistico-de-las-islas-con-la-feria-de-vacaciones\/#webpage","url":"https:\/\/eldigitaldeasturias.com\/magazine365\/santa-cruz-de-tenerife-concentra-el-negocio-turistico-de-las-islas-con-la-feria-de-vacaciones\/","name":"Santa Cruz de Tenerife concentra el negocio tur\u00edstico de las islas con la feria de vacaciones | El Digital de Asturias","description":"La plaza Miguel Vel\u00e1zquez de Santa Cruz de Tenerife acoger\u00e1 hasta el pr\u00f3ximo s\u00e1bado la cuarta edici\u00f3n de la 'Feria de Vacaciones', iniciativa impulsada por el Corte Ingl\u00e9s que contar\u00e1 con numerosas actividades para todos los p\u00fablicos y podr\u00e1 visitarse desde hoy y hasta el s\u00e1bado, en horario ininterrumpido de 11.00 a 21.00 horas. La","inLanguage":"es-ES","isPartOf":{"@id":"https:\/\/eldigitaldeasturias.com\/magazine365\/#website"},"breadcrumb":{"@id":"https:\/\/eldigitaldeasturias.com\/magazine365\/santa-cruz-de-tenerife-concentra-el-negocio-turistico-de-las-islas-con-la-feria-de-vacaciones\/#breadcrumblist"},"author":{"@id":"https:\/\/eldigitaldeasturias.com\/magazine365\/author\/admin\/#author"},"creator":{"@id":"https:\/\/eldigitaldeasturias.com\/magazine365\/author\/admin\/#author"},"image":{"@type":"ImageObject","url":"https:\/\/eldigitaldeasturias.com\/magazine365\/wp-content\/uploads\/2016\/05\/fotonoticia_20160520102444_800.jpg","@id":"https:\/\/eldigitaldeasturias.com\/magazine365\/santa-cruz-de-tenerife-concentra-el-negocio-turistico-de-las-islas-con-la-feria-de-vacaciones\/#mainImage","width":800,"height":533},"primaryImageOfPage":{"@id":"https:\/\/eldigitaldeasturias.com\/magazine365\/santa-cruz-de-tenerife-concentra-el-negocio-turistico-de-las-islas-con-la-feria-de-vacaciones\/#mainImage"},"datePublished":"2016-05-21T06:43:50+02:00","dateModified":"2016-05-21T06:43:50+02:00"},{"@type":"WebSite","@id":"https:\/\/eldigitaldeasturias.com\/magazine365\/#website","url":"https:\/\/eldigitaldeasturias.com\/magazine365\/","name":"El Digital de Asturias","description":"Revista de ocio, turismo y estilo de vida","inLanguage":"es-ES","publisher":{"@id":"https:\/\/eldigitaldeasturias.com\/magazine365\/#organization"}}]},"og:locale":"es_ES","og:site_name":"El Digital de Asturias \u2013 Revista de ocio, turismo y estilo de vida","og:type":"article","og:title":"Santa Cruz de Tenerife concentra el negocio tur\u00edstico de las islas con la feria de vacaciones | El Digital de Asturias","og:description":"La plaza Miguel Vel\u00e1zquez de Santa Cruz de Tenerife acoger\u00e1 hasta el pr\u00f3ximo s\u00e1bado la cuarta edici\u00f3n de la 'Feria de Vacaciones', iniciativa impulsada por el Corte Ingl\u00e9s que contar\u00e1 con numerosas actividades para todos los p\u00fablicos y podr\u00e1 visitarse desde hoy y hasta el s\u00e1bado, en horario ininterrumpido de 11.00 a 21.00 horas. La","og:url":"https:\/\/eldigitaldeasturias.com\/magazine365\/santa-cruz-de-tenerife-concentra-el-negocio-turistico-de-las-islas-con-la-feria-de-vacaciones\/","og:image":"https:\/\/eldigitaldeasturias.com\/magazine365\/wp-content\/uploads\/2016\/05\/fotonoticia_20160520102444_800.jpg","og:image:secure_url":"https:\/\/eldigitaldeasturias.com\/magazine365\/wp-content\/uploads\/2016\/05\/fotonoticia_20160520102444_800.jpg","og:image:width":800,"og:image:height":533,"article:published_time":"2016-05-21T04:43:50+00:00","article:modified_time":"2016-05-21T04:43:50+00:00","twitter:card":"summary_large_image","twitter:title":"Santa Cruz de Tenerife concentra el negocio tur\u00edstico de las islas con la feria de vacaciones | El Digital de Asturias","twitter:description":"La plaza Miguel Vel\u00e1zquez de Santa Cruz de Tenerife acoger\u00e1 hasta el pr\u00f3ximo s\u00e1bado la cuarta edici\u00f3n de la 'Feria de Vacaciones', iniciativa impulsada por el Corte Ingl\u00e9s que contar\u00e1 con numerosas actividades para todos los p\u00fablicos y podr\u00e1 visitarse desde hoy y hasta el s\u00e1bado, en horario ininterrumpido de 11.00 a 21.00 horas. La","twitter:image":"https:\/\/eldigitaldeasturias.com\/magazine365\/wp-content\/uploads\/2016\/05\/fotonoticia_20160520102444_800.jpg"},"aioseo_meta_data":{"post_id":"76574","title":null,"description":null,"keywords":null,"keyphrases":null,"primary_term":null,"canonical_url":null,"og_title":null,"og_description":null,"og_object_type":"default","og_image_type":"default","og_image_url":null,"og_image_width":null,"og_image_height":null,"og_image_custom_url":null,"og_image_custom_fields":null,"og_video":null,"og_custom_url":null,"og_article_section":null,"og_article_tags":null,"twitter_use_og":false,"twitter_card":"default","twitter_image_type":"default","twitter_image_url":null,"twitter_image_custom_url":null,"twitter_image_custom_fields":null,"twitter_title":null,"twitter_description":null,"schema":{"blockGraphs":[],"customGraphs":[],"default":{"data":{"Article":[],"Course":[],"Dataset":[],"FAQPage":[],"Movie":[],"Person":[],"Product":[],"ProductReview":[],"Car":[],"Recipe":[],"Service":[],"SoftwareApplication":[],"WebPage":[]},"graphName":"","isEnabled":true},"graphs":[],"defaultGraph":"","defaultPostTypeGraph":""},"schema_type":null,"schema_type_options":null,"pillar_content":false,"robots_default":true,"robots_noindex":false,"robots_noarchive":false,"robots_nosnippet":false,"robots_nofollow":false,"robots_noimageindex":false,"robots_noodp":false,"robots_notranslate":false,"robots_max_snippet":null,"robots_max_videopreview":null,"robots_max_imagepreview":"large","priority":null,"frequency":null,"location":null,"local_seo":null,"seo_analyzer_scan_date":"2025-09-27 12:59:08","breadcrumb_settings":null,"limit_modified_date":false,"open_ai":null,"ai":null,"created":"2021-03-08 18:27:04","updated":"2025-09-27 12:59:08"},"aioseo_breadcrumb":"<div class=\"aioseo-breadcrumbs\"><span class=\"aioseo-breadcrumb\">\n\t<a href=\"https:\/\/eldigitaldeasturias.com\/magazine365\" title=\"Home\">Home<\/a>\n<\/span><span class=\"aioseo-breadcrumb-separator\">\u2013<\/span><span class=\"aioseo-breadcrumb\">\n\t<a href=\"https:\/\/eldigitaldeasturias.com\/magazine365\/category\/noticias-actualidad\/\" title=\"Noticias y Actualidad\">Noticias y Actualidad<\/a>\n<\/span><span class=\"aioseo-breadcrumb-separator\">\u2013<\/span><span class=\"aioseo-breadcrumb\">\n\t<a href=\"https:\/\/eldigitaldeasturias.com\/magazine365\/santa-cruz-de-tenerife-concentra-el-negocio-turistico-de-las-islas-con-la-feria-de-vacaciones\/\" title=\"Santa Cruz de Tenerife concentra el negocio tur\u00edstico de las islas con la feria de vacaciones\">Santa Cruz de Tenerife concentra el negocio tur\u00edstico de las islas con la feria de vacaciones<\/a>\n<\/span><\/div>","aioseo_breadcrumb_json":[{"label":"Home","link":"https:\/\/eldigitaldeasturias.com\/magazine365"},{"label":"Noticias y Actualidad","link":"https:\/\/eldigitaldeasturias.com\/magazine365\/category\/noticias-actualidad\/"},{"label":"Santa Cruz de Tenerife concentra el negocio tur\u00edstico de las islas con la feria de vacaciones","link":"https:\/\/eldigitaldeasturias.com\/magazine365\/santa-cruz-de-tenerife-concentra-el-negocio-turistico-de-las-islas-con-la-feria-de-vacaciones\/"}],"_links":{"self":[{"href":"https:\/\/eldigitaldeasturias.com\/magazine365\/wp-json\/wp\/v2\/posts\/76574","targetHints":{"allow":["GET"]}}],"collection":[{"href":"https:\/\/eldigitaldeasturias.com\/magazine365\/wp-json\/wp\/v2\/posts"}],"about":[{"href":"https:\/\/eldigitaldeasturias.com\/magazine365\/wp-json\/wp\/v2\/types\/post"}],"author":[{"embeddable":true,"href":"https:\/\/eldigitaldeasturias.com\/magazine365\/wp-json\/wp\/v2\/users\/1"}],"replies":[{"embeddable":true,"href":"https:\/\/eldigitaldeasturias.com\/magazine365\/wp-json\/wp\/v2\/comments?post=76574"}],"version-history":[{"count":0,"href":"https:\/\/eldigitaldeasturias.com\/magazine365\/wp-json\/wp\/v2\/posts\/76574\/revisions"}],"wp:featuredmedia":[{"embeddable":true,"href":"https:\/\/eldigitaldeasturias.com\/magazine365\/wp-json\/wp\/v2\/media\/76575"}],"wp:attachment":[{"href":"https:\/\/eldigitaldeasturias.com\/magazine365\/wp-json\/wp\/v2\/media?parent=76574"}],"wp:term":[{"taxonomy":"category","embeddable":true,"href":"https:\/\/eldigitaldeasturias.com\/magazine365\/wp-json\/wp\/v2\/categories?post=76574"},{"taxonomy":"post_tag","embeddable":true,"href":"https:\/\/eldigitaldeasturias.com\/magazine365\/wp-json\/wp\/v2\/tags?post=76574"}],"curies":[{"name":"wp","href":"https:\/\/api.w.org\/{rel}","templated":true}]}}