{"id":76562,"date":"2016-05-21T06:33:33","date_gmt":"2016-05-21T04:33:33","guid":{"rendered":"http:\/\/eldigitaldeasturias.com\/magazine365\/?p=76562"},"modified":"2016-05-21T06:33:33","modified_gmt":"2016-05-21T04:33:33","slug":"egyptair-aclara-que-no-se-han-localizado-los-restos-del-avion-desaparecido","status":"publish","type":"post","link":"https:\/\/eldigitaldeasturias.com\/magazine365\/egyptair-aclara-que-no-se-han-localizado-los-restos-del-avion-desaparecido\/","title":{"rendered":"EgyptAir aclara que no se han localizado los restos del avi\u00f3n desaparecido"},"content":{"rendered":"<p><img fetchpriority=\"high\" decoding=\"async\" class=\"alignleft size-medium wp-image-76563\" src=\"https:\/\/eldigitaldeasturias.com\/magazine365\/wp-content\/uploads\/2016\/05\/fotonoticia_20160519235855_800-360x217.jpg\" alt=\"fotonoticia_20160519235855_800\" width=\"360\" height=\"217\" srcset=\"https:\/\/eldigitaldeasturias.com\/magazine365\/wp-content\/uploads\/2016\/05\/fotonoticia_20160519235855_800-360x217.jpg 360w, https:\/\/eldigitaldeasturias.com\/magazine365\/wp-content\/uploads\/2016\/05\/fotonoticia_20160519235855_800-650x392.jpg 650w, https:\/\/eldigitaldeasturias.com\/magazine365\/wp-content\/uploads\/2016\/05\/fotonoticia_20160519235855_800-768x464.jpg 768w, https:\/\/eldigitaldeasturias.com\/magazine365\/wp-content\/uploads\/2016\/05\/fotonoticia_20160519235855_800-150x91.jpg 150w, https:\/\/eldigitaldeasturias.com\/magazine365\/wp-content\/uploads\/2016\/05\/fotonoticia_20160519235855_800-450x272.jpg 450w, https:\/\/eldigitaldeasturias.com\/magazine365\/wp-content\/uploads\/2016\/05\/fotonoticia_20160519235855_800.jpg 800w\" sizes=\"(max-width: 360px) 100vw, 360px\" \/>El vicepresidente de la aerol\u00ednea EgyptAir, Ahmed Adel, ha \u00abcorregido\u00bb las informaciones previas sobre el hallazgo del avi\u00f3n desaparecido en el Mediterr\u00e1neo y ha asegurado que los restos encontrados hasta ahora no corresponden con el vuelo MS804.<\/p>\n<p>Adel hab\u00eda informado inicialmente a CNN del hallazgo de los restos y, horas despu\u00e9s, ha vuelto a hablar con la misma cadena para \u00abcorregir\u00bb el dato. \u00abLo que identificamos no es parte de nuestro avi\u00f3n, as\u00ed que la b\u00fasqueda contin\u00faa\u00bb, ha matizado.<\/p>\n<p>La aerol\u00ednea tambi\u00e9n hab\u00eda confirmado el hallazgo en un comunicado, bas\u00e1ndose en una \u00abcarta oficial\u00bb remitida por el Ministerio de Exteriores de Egipto al de Aviaci\u00f3n Civil. EgyptAir traslad\u00f3 en esta nota sus \u00abcondolencias\u00bb a los familiares de las 66 personas que viajaban a bordo, a las que ya da por muertas.<\/p>\n<p>El presidente de Egipto, Abdelfat\u00e1 al Sisi, ha ordenado a las autoridades civiles y militares del pa\u00eds que intensifiquen la b\u00fasqueda, toda vez que de ello depende en gran medida esclarecer los motivos de este siniestro. El ministro de Aviaci\u00f3n Civil egipcio, Sherif Fathy, ha apuntado al atentado como hip\u00f3tesis m\u00e1s probable.<\/p>\n","protected":false},"excerpt":{"rendered":"<p>El vicepresidente de la aerol\u00ednea EgyptAir, Ahmed Adel, ha \u00abcorregido\u00bb las informaciones previas sobre el hallazgo del avi\u00f3n desaparecido en el Mediterr\u00e1neo y ha asegurado que los restos encontrados hasta ahora no corresponden con el vuelo MS804. Adel hab\u00eda informado inicialmente a CNN del hallazgo de los restos y, horas despu\u00e9s, ha vuelto a hablar<\/p>\n","protected":false},"author":1,"featured_media":76563,"comment_status":"open","ping_status":"closed","sticky":false,"template":"","format":"standard","meta":{"footnotes":""},"categories":[224],"tags":[],"class_list":{"0":"post-76562","1":"post","2":"type-post","3":"status-publish","4":"format-standard","5":"has-post-thumbnail","7":"category-noticias-actualidad"},"aioseo_notices":[],"aioseo_head":"\n\t\t<!-- All in One SEO Pro 4.9.6.1 - aioseo.com -->\n\t<meta name=\"description\" content=\"El vicepresidente de la aerol\u00ednea EgyptAir, Ahmed Adel, ha &quot;corregido&quot; las informaciones previas sobre el hallazgo del avi\u00f3n desaparecido en el Mediterr\u00e1neo y ha asegurado que los restos encontrados hasta ahora no corresponden con el vuelo MS804. Adel hab\u00eda informado inicialmente a CNN del hallazgo de los restos y, horas despu\u00e9s, ha vuelto a hablar\" \/>\n\t<meta name=\"robots\" content=\"max-image-preview:large\" \/>\n\t<meta name=\"author\" content=\"admin\"\/>\n\t<meta name=\"google-site-verification\" content=\"UA-38556648-1\" \/>\n\t<meta name=\"keywords\" content=\"noticias y actualidad\" \/>\n\t<link rel=\"canonical\" href=\"https:\/\/eldigitaldeasturias.com\/magazine365\/egyptair-aclara-que-no-se-han-localizado-los-restos-del-avion-desaparecido\/\" \/>\n\t<meta name=\"generator\" content=\"All in One SEO Pro (AIOSEO) 4.9.6.1\" \/>\n\t\t<meta property=\"og:locale\" content=\"es_ES\" \/>\n\t\t<meta property=\"og:site_name\" content=\"El Digital de Asturias \u2013 Revista de ocio, turismo y estilo de vida\" \/>\n\t\t<meta property=\"og:type\" content=\"article\" \/>\n\t\t<meta property=\"og:title\" content=\"EgyptAir aclara que no se han localizado los restos del avi\u00f3n desaparecido | El Digital de Asturias\" \/>\n\t\t<meta property=\"og:description\" content=\"El vicepresidente de la aerol\u00ednea EgyptAir, Ahmed Adel, ha &quot;corregido&quot; las informaciones previas sobre el hallazgo del avi\u00f3n desaparecido en el Mediterr\u00e1neo y ha asegurado que los restos encontrados hasta ahora no corresponden con el vuelo MS804. Adel hab\u00eda informado inicialmente a CNN del hallazgo de los restos y, horas despu\u00e9s, ha vuelto a hablar\" \/>\n\t\t<meta property=\"og:url\" content=\"https:\/\/eldigitaldeasturias.com\/magazine365\/egyptair-aclara-que-no-se-han-localizado-los-restos-del-avion-desaparecido\/\" \/>\n\t\t<meta property=\"og:image\" content=\"https:\/\/eldigitaldeasturias.com\/magazine365\/wp-content\/uploads\/2016\/05\/fotonoticia_20160519235855_800.jpg\" \/>\n\t\t<meta property=\"og:image:secure_url\" content=\"https:\/\/eldigitaldeasturias.com\/magazine365\/wp-content\/uploads\/2016\/05\/fotonoticia_20160519235855_800.jpg\" \/>\n\t\t<meta property=\"og:image:width\" content=\"800\" \/>\n\t\t<meta property=\"og:image:height\" content=\"483\" \/>\n\t\t<meta property=\"article:published_time\" content=\"2016-05-21T04:33:33+00:00\" \/>\n\t\t<meta property=\"article:modified_time\" content=\"2016-05-21T04:33:33+00:00\" \/>\n\t\t<meta name=\"twitter:card\" content=\"summary_large_image\" \/>\n\t\t<meta name=\"twitter:title\" content=\"EgyptAir aclara que no se han localizado los restos del avi\u00f3n desaparecido | El Digital de Asturias\" \/>\n\t\t<meta name=\"twitter:description\" content=\"El vicepresidente de la aerol\u00ednea EgyptAir, Ahmed Adel, ha &quot;corregido&quot; las informaciones previas sobre el hallazgo del avi\u00f3n desaparecido en el Mediterr\u00e1neo y ha asegurado que los restos encontrados hasta ahora no corresponden con el vuelo MS804. Adel hab\u00eda informado inicialmente a CNN del hallazgo de los restos y, horas despu\u00e9s, ha vuelto a hablar\" \/>\n\t\t<meta name=\"twitter:image\" content=\"https:\/\/eldigitaldeasturias.com\/magazine365\/wp-content\/uploads\/2016\/05\/fotonoticia_20160519235855_800.jpg\" \/>\n\t\t<script type=\"application\/ld+json\" class=\"aioseo-schema\">\n\t\t\t{\"@context\":\"https:\\\/\\\/schema.org\",\"@graph\":[{\"@type\":\"Article\",\"@id\":\"https:\\\/\\\/eldigitaldeasturias.com\\\/magazine365\\\/egyptair-aclara-que-no-se-han-localizado-los-restos-del-avion-desaparecido\\\/#article\",\"name\":\"EgyptAir aclara que no se han localizado los restos del avi\\u00f3n desaparecido | El Digital de Asturias\",\"headline\":\"EgyptAir aclara que no se han localizado los restos del avi\\u00f3n desaparecido\",\"author\":{\"@id\":\"https:\\\/\\\/eldigitaldeasturias.com\\\/magazine365\\\/author\\\/admin\\\/#author\"},\"publisher\":{\"@id\":\"https:\\\/\\\/eldigitaldeasturias.com\\\/magazine365\\\/#organization\"},\"image\":{\"@type\":\"ImageObject\",\"url\":\"https:\\\/\\\/eldigitaldeasturias.com\\\/magazine365\\\/wp-content\\\/uploads\\\/2016\\\/05\\\/fotonoticia_20160519235855_800.jpg\",\"width\":800,\"height\":483},\"datePublished\":\"2016-05-21T06:33:33+02:00\",\"dateModified\":\"2016-05-21T06:33:33+02:00\",\"inLanguage\":\"es-ES\",\"mainEntityOfPage\":{\"@id\":\"https:\\\/\\\/eldigitaldeasturias.com\\\/magazine365\\\/egyptair-aclara-que-no-se-han-localizado-los-restos-del-avion-desaparecido\\\/#webpage\"},\"isPartOf\":{\"@id\":\"https:\\\/\\\/eldigitaldeasturias.com\\\/magazine365\\\/egyptair-aclara-que-no-se-han-localizado-los-restos-del-avion-desaparecido\\\/#webpage\"},\"articleSection\":\"Noticias y Actualidad\"},{\"@type\":\"BreadcrumbList\",\"@id\":\"https:\\\/\\\/eldigitaldeasturias.com\\\/magazine365\\\/egyptair-aclara-que-no-se-han-localizado-los-restos-del-avion-desaparecido\\\/#breadcrumblist\",\"itemListElement\":[{\"@type\":\"ListItem\",\"@id\":\"https:\\\/\\\/eldigitaldeasturias.com\\\/magazine365#listItem\",\"position\":1,\"name\":\"Home\",\"item\":\"https:\\\/\\\/eldigitaldeasturias.com\\\/magazine365\",\"nextItem\":{\"@type\":\"ListItem\",\"@id\":\"https:\\\/\\\/eldigitaldeasturias.com\\\/magazine365\\\/category\\\/noticias-actualidad\\\/#listItem\",\"name\":\"Noticias y Actualidad\"}},{\"@type\":\"ListItem\",\"@id\":\"https:\\\/\\\/eldigitaldeasturias.com\\\/magazine365\\\/category\\\/noticias-actualidad\\\/#listItem\",\"position\":2,\"name\":\"Noticias y Actualidad\",\"item\":\"https:\\\/\\\/eldigitaldeasturias.com\\\/magazine365\\\/category\\\/noticias-actualidad\\\/\",\"nextItem\":{\"@type\":\"ListItem\",\"@id\":\"https:\\\/\\\/eldigitaldeasturias.com\\\/magazine365\\\/egyptair-aclara-que-no-se-han-localizado-los-restos-del-avion-desaparecido\\\/#listItem\",\"name\":\"EgyptAir aclara que no se han localizado los restos del avi\\u00f3n desaparecido\"},\"previousItem\":{\"@type\":\"ListItem\",\"@id\":\"https:\\\/\\\/eldigitaldeasturias.com\\\/magazine365#listItem\",\"name\":\"Home\"}},{\"@type\":\"ListItem\",\"@id\":\"https:\\\/\\\/eldigitaldeasturias.com\\\/magazine365\\\/egyptair-aclara-que-no-se-han-localizado-los-restos-del-avion-desaparecido\\\/#listItem\",\"position\":3,\"name\":\"EgyptAir aclara que no se han localizado los restos del avi\\u00f3n desaparecido\",\"previousItem\":{\"@type\":\"ListItem\",\"@id\":\"https:\\\/\\\/eldigitaldeasturias.com\\\/magazine365\\\/category\\\/noticias-actualidad\\\/#listItem\",\"name\":\"Noticias y Actualidad\"}}]},{\"@type\":\"Organization\",\"@id\":\"https:\\\/\\\/eldigitaldeasturias.com\\\/magazine365\\\/#organization\",\"name\":\"El digital de Asturias\",\"description\":\"Revista de ocio, turismo y estilo de vida\",\"url\":\"https:\\\/\\\/eldigitaldeasturias.com\\\/magazine365\\\/\",\"logo\":{\"@type\":\"ImageObject\",\"url\":\"https:\\\/\\\/www.eldigitaldeasturias.com\\\/noticias\\\/wp-content\\\/uploads\\\/2020\\\/12\\\/EDA.jpg\",\"@id\":\"https:\\\/\\\/eldigitaldeasturias.com\\\/magazine365\\\/egyptair-aclara-que-no-se-han-localizado-los-restos-del-avion-desaparecido\\\/#organizationLogo\"},\"image\":{\"@id\":\"https:\\\/\\\/eldigitaldeasturias.com\\\/magazine365\\\/egyptair-aclara-que-no-se-han-localizado-los-restos-del-avion-desaparecido\\\/#organizationLogo\"}},{\"@type\":\"Person\",\"@id\":\"https:\\\/\\\/eldigitaldeasturias.com\\\/magazine365\\\/author\\\/admin\\\/#author\",\"url\":\"https:\\\/\\\/eldigitaldeasturias.com\\\/magazine365\\\/author\\\/admin\\\/\",\"name\":\"admin\",\"image\":{\"@type\":\"ImageObject\",\"@id\":\"https:\\\/\\\/eldigitaldeasturias.com\\\/magazine365\\\/egyptair-aclara-que-no-se-han-localizado-los-restos-del-avion-desaparecido\\\/#authorImage\",\"url\":\"https:\\\/\\\/eldigitaldeasturias.com\\\/magazine365\\\/wp-content\\\/litespeed\\\/avatar\\\/e571bcf59a0edd6fa6838245a470f2fe.jpg?ver=1777574230\",\"width\":96,\"height\":96,\"caption\":\"admin\"}},{\"@type\":\"WebPage\",\"@id\":\"https:\\\/\\\/eldigitaldeasturias.com\\\/magazine365\\\/egyptair-aclara-que-no-se-han-localizado-los-restos-del-avion-desaparecido\\\/#webpage\",\"url\":\"https:\\\/\\\/eldigitaldeasturias.com\\\/magazine365\\\/egyptair-aclara-que-no-se-han-localizado-los-restos-del-avion-desaparecido\\\/\",\"name\":\"EgyptAir aclara que no se han localizado los restos del avi\\u00f3n desaparecido | El Digital de Asturias\",\"description\":\"El vicepresidente de la aerol\\u00ednea EgyptAir, Ahmed Adel, ha \\\"corregido\\\" las informaciones previas sobre el hallazgo del avi\\u00f3n desaparecido en el Mediterr\\u00e1neo y ha asegurado que los restos encontrados hasta ahora no corresponden con el vuelo MS804. Adel hab\\u00eda informado inicialmente a CNN del hallazgo de los restos y, horas despu\\u00e9s, ha vuelto a hablar\",\"inLanguage\":\"es-ES\",\"isPartOf\":{\"@id\":\"https:\\\/\\\/eldigitaldeasturias.com\\\/magazine365\\\/#website\"},\"breadcrumb\":{\"@id\":\"https:\\\/\\\/eldigitaldeasturias.com\\\/magazine365\\\/egyptair-aclara-que-no-se-han-localizado-los-restos-del-avion-desaparecido\\\/#breadcrumblist\"},\"author\":{\"@id\":\"https:\\\/\\\/eldigitaldeasturias.com\\\/magazine365\\\/author\\\/admin\\\/#author\"},\"creator\":{\"@id\":\"https:\\\/\\\/eldigitaldeasturias.com\\\/magazine365\\\/author\\\/admin\\\/#author\"},\"image\":{\"@type\":\"ImageObject\",\"url\":\"https:\\\/\\\/eldigitaldeasturias.com\\\/magazine365\\\/wp-content\\\/uploads\\\/2016\\\/05\\\/fotonoticia_20160519235855_800.jpg\",\"@id\":\"https:\\\/\\\/eldigitaldeasturias.com\\\/magazine365\\\/egyptair-aclara-que-no-se-han-localizado-los-restos-del-avion-desaparecido\\\/#mainImage\",\"width\":800,\"height\":483},\"primaryImageOfPage\":{\"@id\":\"https:\\\/\\\/eldigitaldeasturias.com\\\/magazine365\\\/egyptair-aclara-que-no-se-han-localizado-los-restos-del-avion-desaparecido\\\/#mainImage\"},\"datePublished\":\"2016-05-21T06:33:33+02:00\",\"dateModified\":\"2016-05-21T06:33:33+02:00\"},{\"@type\":\"WebSite\",\"@id\":\"https:\\\/\\\/eldigitaldeasturias.com\\\/magazine365\\\/#website\",\"url\":\"https:\\\/\\\/eldigitaldeasturias.com\\\/magazine365\\\/\",\"name\":\"El Digital de Asturias\",\"description\":\"Revista de ocio, turismo y estilo de vida\",\"inLanguage\":\"es-ES\",\"publisher\":{\"@id\":\"https:\\\/\\\/eldigitaldeasturias.com\\\/magazine365\\\/#organization\"}}]}\n\t\t<\/script>\n\t\t<!-- All in One SEO Pro -->\r\n\t\t<title>EgyptAir aclara que no se han localizado los restos del avi\u00f3n desaparecido | El Digital de Asturias<\/title>\n\n","aioseo_head_json":{"title":"EgyptAir aclara que no se han localizado los restos del avi\u00f3n desaparecido | El Digital de Asturias","description":"El vicepresidente de la aerol\u00ednea EgyptAir, Ahmed Adel, ha \"corregido\" las informaciones previas sobre el hallazgo del avi\u00f3n desaparecido en el Mediterr\u00e1neo y ha asegurado que los restos encontrados hasta ahora no corresponden con el vuelo MS804. Adel hab\u00eda informado inicialmente a CNN del hallazgo de los restos y, horas despu\u00e9s, ha vuelto a hablar","canonical_url":"https:\/\/eldigitaldeasturias.com\/magazine365\/egyptair-aclara-que-no-se-han-localizado-los-restos-del-avion-desaparecido\/","robots":"max-image-preview:large","keywords":"noticias y actualidad","webmasterTools":{"google-site-verification":"UA-38556648-1","miscellaneous":""},"schema":{"@context":"https:\/\/schema.org","@graph":[{"@type":"Article","@id":"https:\/\/eldigitaldeasturias.com\/magazine365\/egyptair-aclara-que-no-se-han-localizado-los-restos-del-avion-desaparecido\/#article","name":"EgyptAir aclara que no se han localizado los restos del avi\u00f3n desaparecido | El Digital de Asturias","headline":"EgyptAir aclara que no se han localizado los restos del avi\u00f3n desaparecido","author":{"@id":"https:\/\/eldigitaldeasturias.com\/magazine365\/author\/admin\/#author"},"publisher":{"@id":"https:\/\/eldigitaldeasturias.com\/magazine365\/#organization"},"image":{"@type":"ImageObject","url":"https:\/\/eldigitaldeasturias.com\/magazine365\/wp-content\/uploads\/2016\/05\/fotonoticia_20160519235855_800.jpg","width":800,"height":483},"datePublished":"2016-05-21T06:33:33+02:00","dateModified":"2016-05-21T06:33:33+02:00","inLanguage":"es-ES","mainEntityOfPage":{"@id":"https:\/\/eldigitaldeasturias.com\/magazine365\/egyptair-aclara-que-no-se-han-localizado-los-restos-del-avion-desaparecido\/#webpage"},"isPartOf":{"@id":"https:\/\/eldigitaldeasturias.com\/magazine365\/egyptair-aclara-que-no-se-han-localizado-los-restos-del-avion-desaparecido\/#webpage"},"articleSection":"Noticias y Actualidad"},{"@type":"BreadcrumbList","@id":"https:\/\/eldigitaldeasturias.com\/magazine365\/egyptair-aclara-que-no-se-han-localizado-los-restos-del-avion-desaparecido\/#breadcrumblist","itemListElement":[{"@type":"ListItem","@id":"https:\/\/eldigitaldeasturias.com\/magazine365#listItem","position":1,"name":"Home","item":"https:\/\/eldigitaldeasturias.com\/magazine365","nextItem":{"@type":"ListItem","@id":"https:\/\/eldigitaldeasturias.com\/magazine365\/category\/noticias-actualidad\/#listItem","name":"Noticias y Actualidad"}},{"@type":"ListItem","@id":"https:\/\/eldigitaldeasturias.com\/magazine365\/category\/noticias-actualidad\/#listItem","position":2,"name":"Noticias y Actualidad","item":"https:\/\/eldigitaldeasturias.com\/magazine365\/category\/noticias-actualidad\/","nextItem":{"@type":"ListItem","@id":"https:\/\/eldigitaldeasturias.com\/magazine365\/egyptair-aclara-que-no-se-han-localizado-los-restos-del-avion-desaparecido\/#listItem","name":"EgyptAir aclara que no se han localizado los restos del avi\u00f3n desaparecido"},"previousItem":{"@type":"ListItem","@id":"https:\/\/eldigitaldeasturias.com\/magazine365#listItem","name":"Home"}},{"@type":"ListItem","@id":"https:\/\/eldigitaldeasturias.com\/magazine365\/egyptair-aclara-que-no-se-han-localizado-los-restos-del-avion-desaparecido\/#listItem","position":3,"name":"EgyptAir aclara que no se han localizado los restos del avi\u00f3n desaparecido","previousItem":{"@type":"ListItem","@id":"https:\/\/eldigitaldeasturias.com\/magazine365\/category\/noticias-actualidad\/#listItem","name":"Noticias y Actualidad"}}]},{"@type":"Organization","@id":"https:\/\/eldigitaldeasturias.com\/magazine365\/#organization","name":"El digital de Asturias","description":"Revista de ocio, turismo y estilo de vida","url":"https:\/\/eldigitaldeasturias.com\/magazine365\/","logo":{"@type":"ImageObject","url":"https:\/\/www.eldigitaldeasturias.com\/noticias\/wp-content\/uploads\/2020\/12\/EDA.jpg","@id":"https:\/\/eldigitaldeasturias.com\/magazine365\/egyptair-aclara-que-no-se-han-localizado-los-restos-del-avion-desaparecido\/#organizationLogo"},"image":{"@id":"https:\/\/eldigitaldeasturias.com\/magazine365\/egyptair-aclara-que-no-se-han-localizado-los-restos-del-avion-desaparecido\/#organizationLogo"}},{"@type":"Person","@id":"https:\/\/eldigitaldeasturias.com\/magazine365\/author\/admin\/#author","url":"https:\/\/eldigitaldeasturias.com\/magazine365\/author\/admin\/","name":"admin","image":{"@type":"ImageObject","@id":"https:\/\/eldigitaldeasturias.com\/magazine365\/egyptair-aclara-que-no-se-han-localizado-los-restos-del-avion-desaparecido\/#authorImage","url":"https:\/\/eldigitaldeasturias.com\/magazine365\/wp-content\/litespeed\/avatar\/e571bcf59a0edd6fa6838245a470f2fe.jpg?ver=1777574230","width":96,"height":96,"caption":"admin"}},{"@type":"WebPage","@id":"https:\/\/eldigitaldeasturias.com\/magazine365\/egyptair-aclara-que-no-se-han-localizado-los-restos-del-avion-desaparecido\/#webpage","url":"https:\/\/eldigitaldeasturias.com\/magazine365\/egyptair-aclara-que-no-se-han-localizado-los-restos-del-avion-desaparecido\/","name":"EgyptAir aclara que no se han localizado los restos del avi\u00f3n desaparecido | El Digital de Asturias","description":"El vicepresidente de la aerol\u00ednea EgyptAir, Ahmed Adel, ha \"corregido\" las informaciones previas sobre el hallazgo del avi\u00f3n desaparecido en el Mediterr\u00e1neo y ha asegurado que los restos encontrados hasta ahora no corresponden con el vuelo MS804. Adel hab\u00eda informado inicialmente a CNN del hallazgo de los restos y, horas despu\u00e9s, ha vuelto a hablar","inLanguage":"es-ES","isPartOf":{"@id":"https:\/\/eldigitaldeasturias.com\/magazine365\/#website"},"breadcrumb":{"@id":"https:\/\/eldigitaldeasturias.com\/magazine365\/egyptair-aclara-que-no-se-han-localizado-los-restos-del-avion-desaparecido\/#breadcrumblist"},"author":{"@id":"https:\/\/eldigitaldeasturias.com\/magazine365\/author\/admin\/#author"},"creator":{"@id":"https:\/\/eldigitaldeasturias.com\/magazine365\/author\/admin\/#author"},"image":{"@type":"ImageObject","url":"https:\/\/eldigitaldeasturias.com\/magazine365\/wp-content\/uploads\/2016\/05\/fotonoticia_20160519235855_800.jpg","@id":"https:\/\/eldigitaldeasturias.com\/magazine365\/egyptair-aclara-que-no-se-han-localizado-los-restos-del-avion-desaparecido\/#mainImage","width":800,"height":483},"primaryImageOfPage":{"@id":"https:\/\/eldigitaldeasturias.com\/magazine365\/egyptair-aclara-que-no-se-han-localizado-los-restos-del-avion-desaparecido\/#mainImage"},"datePublished":"2016-05-21T06:33:33+02:00","dateModified":"2016-05-21T06:33:33+02:00"},{"@type":"WebSite","@id":"https:\/\/eldigitaldeasturias.com\/magazine365\/#website","url":"https:\/\/eldigitaldeasturias.com\/magazine365\/","name":"El Digital de Asturias","description":"Revista de ocio, turismo y estilo de vida","inLanguage":"es-ES","publisher":{"@id":"https:\/\/eldigitaldeasturias.com\/magazine365\/#organization"}}]},"og:locale":"es_ES","og:site_name":"El Digital de Asturias \u2013 Revista de ocio, turismo y estilo de vida","og:type":"article","og:title":"EgyptAir aclara que no se han localizado los restos del avi\u00f3n desaparecido | El Digital de Asturias","og:description":"El vicepresidente de la aerol\u00ednea EgyptAir, Ahmed Adel, ha &quot;corregido&quot; las informaciones previas sobre el hallazgo del avi\u00f3n desaparecido en el Mediterr\u00e1neo y ha asegurado que los restos encontrados hasta ahora no corresponden con el vuelo MS804. Adel hab\u00eda informado inicialmente a CNN del hallazgo de los restos y, horas despu\u00e9s, ha vuelto a hablar","og:url":"https:\/\/eldigitaldeasturias.com\/magazine365\/egyptair-aclara-que-no-se-han-localizado-los-restos-del-avion-desaparecido\/","og:image":"https:\/\/eldigitaldeasturias.com\/magazine365\/wp-content\/uploads\/2016\/05\/fotonoticia_20160519235855_800.jpg","og:image:secure_url":"https:\/\/eldigitaldeasturias.com\/magazine365\/wp-content\/uploads\/2016\/05\/fotonoticia_20160519235855_800.jpg","og:image:width":800,"og:image:height":483,"article:published_time":"2016-05-21T04:33:33+00:00","article:modified_time":"2016-05-21T04:33:33+00:00","twitter:card":"summary_large_image","twitter:title":"EgyptAir aclara que no se han localizado los restos del avi\u00f3n desaparecido | El Digital de Asturias","twitter:description":"El vicepresidente de la aerol\u00ednea EgyptAir, Ahmed Adel, ha &quot;corregido&quot; las informaciones previas sobre el hallazgo del avi\u00f3n desaparecido en el Mediterr\u00e1neo y ha asegurado que los restos encontrados hasta ahora no corresponden con el vuelo MS804. Adel hab\u00eda informado inicialmente a CNN del hallazgo de los restos y, horas despu\u00e9s, ha vuelto a hablar","twitter:image":"https:\/\/eldigitaldeasturias.com\/magazine365\/wp-content\/uploads\/2016\/05\/fotonoticia_20160519235855_800.jpg"},"aioseo_meta_data":{"post_id":"76562","title":null,"description":null,"keywords":null,"keyphrases":null,"primary_term":null,"canonical_url":null,"og_title":null,"og_description":null,"og_object_type":"default","og_image_type":"default","og_image_url":null,"og_image_width":null,"og_image_height":null,"og_image_custom_url":null,"og_image_custom_fields":null,"og_video":null,"og_custom_url":null,"og_article_section":null,"og_article_tags":null,"twitter_use_og":false,"twitter_card":"default","twitter_image_type":"default","twitter_image_url":null,"twitter_image_custom_url":null,"twitter_image_custom_fields":null,"twitter_title":null,"twitter_description":null,"schema":{"blockGraphs":[],"customGraphs":[],"default":{"data":{"Article":[],"Course":[],"Dataset":[],"FAQPage":[],"Movie":[],"Person":[],"Product":[],"ProductReview":[],"Car":[],"Recipe":[],"Service":[],"SoftwareApplication":[],"WebPage":[]},"graphName":"","isEnabled":true},"graphs":[],"defaultGraph":"","defaultPostTypeGraph":""},"schema_type":null,"schema_type_options":null,"pillar_content":false,"robots_default":true,"robots_noindex":false,"robots_noarchive":false,"robots_nosnippet":false,"robots_nofollow":false,"robots_noimageindex":false,"robots_noodp":false,"robots_notranslate":false,"robots_max_snippet":null,"robots_max_videopreview":null,"robots_max_imagepreview":"large","priority":null,"frequency":null,"location":null,"local_seo":null,"seo_analyzer_scan_date":"2025-09-27 12:57:45","breadcrumb_settings":null,"limit_modified_date":false,"open_ai":null,"ai":null,"created":"2021-03-08 18:27:04","updated":"2025-09-27 12:57:45"},"aioseo_breadcrumb":"<div class=\"aioseo-breadcrumbs\"><span class=\"aioseo-breadcrumb\">\n\t<a href=\"https:\/\/eldigitaldeasturias.com\/magazine365\" title=\"Home\">Home<\/a>\n<\/span><span class=\"aioseo-breadcrumb-separator\">\u2013<\/span><span class=\"aioseo-breadcrumb\">\n\t<a href=\"https:\/\/eldigitaldeasturias.com\/magazine365\/category\/noticias-actualidad\/\" title=\"Noticias y Actualidad\">Noticias y Actualidad<\/a>\n<\/span><span class=\"aioseo-breadcrumb-separator\">\u2013<\/span><span class=\"aioseo-breadcrumb\">\n\t<a href=\"https:\/\/eldigitaldeasturias.com\/magazine365\/egyptair-aclara-que-no-se-han-localizado-los-restos-del-avion-desaparecido\/\" title=\"EgyptAir aclara que no se han localizado los restos del avi\u00f3n desaparecido\">EgyptAir aclara que no se han localizado los restos del avi\u00f3n desaparecido<\/a>\n<\/span><\/div>","aioseo_breadcrumb_json":[{"label":"Home","link":"https:\/\/eldigitaldeasturias.com\/magazine365"},{"label":"Noticias y Actualidad","link":"https:\/\/eldigitaldeasturias.com\/magazine365\/category\/noticias-actualidad\/"},{"label":"EgyptAir aclara que no se han localizado los restos del avi\u00f3n desaparecido","link":"https:\/\/eldigitaldeasturias.com\/magazine365\/egyptair-aclara-que-no-se-han-localizado-los-restos-del-avion-desaparecido\/"}],"_links":{"self":[{"href":"https:\/\/eldigitaldeasturias.com\/magazine365\/wp-json\/wp\/v2\/posts\/76562","targetHints":{"allow":["GET"]}}],"collection":[{"href":"https:\/\/eldigitaldeasturias.com\/magazine365\/wp-json\/wp\/v2\/posts"}],"about":[{"href":"https:\/\/eldigitaldeasturias.com\/magazine365\/wp-json\/wp\/v2\/types\/post"}],"author":[{"embeddable":true,"href":"https:\/\/eldigitaldeasturias.com\/magazine365\/wp-json\/wp\/v2\/users\/1"}],"replies":[{"embeddable":true,"href":"https:\/\/eldigitaldeasturias.com\/magazine365\/wp-json\/wp\/v2\/comments?post=76562"}],"version-history":[{"count":0,"href":"https:\/\/eldigitaldeasturias.com\/magazine365\/wp-json\/wp\/v2\/posts\/76562\/revisions"}],"wp:featuredmedia":[{"embeddable":true,"href":"https:\/\/eldigitaldeasturias.com\/magazine365\/wp-json\/wp\/v2\/media\/76563"}],"wp:attachment":[{"href":"https:\/\/eldigitaldeasturias.com\/magazine365\/wp-json\/wp\/v2\/media?parent=76562"}],"wp:term":[{"taxonomy":"category","embeddable":true,"href":"https:\/\/eldigitaldeasturias.com\/magazine365\/wp-json\/wp\/v2\/categories?post=76562"},{"taxonomy":"post_tag","embeddable":true,"href":"https:\/\/eldigitaldeasturias.com\/magazine365\/wp-json\/wp\/v2\/tags?post=76562"}],"curies":[{"name":"wp","href":"https:\/\/api.w.org\/{rel}","templated":true}]}}