{"id":76556,"date":"2016-05-21T06:30:19","date_gmt":"2016-05-21T04:30:19","guid":{"rendered":"http:\/\/eldigitaldeasturias.com\/magazine365\/?p=76556"},"modified":"2016-05-21T06:30:19","modified_gmt":"2016-05-21T04:30:19","slug":"rincon-de-la-victoria-celebra-una-nueva-edicion-de-la-feria-de-la-tapa","status":"publish","type":"post","link":"https:\/\/eldigitaldeasturias.com\/magazine365\/rincon-de-la-victoria-celebra-una-nueva-edicion-de-la-feria-de-la-tapa\/","title":{"rendered":"Rinc\u00f3n de la Victoria celebra una nueva edici\u00f3n de la Feria de la Tapa"},"content":{"rendered":"<p><img fetchpriority=\"high\" decoding=\"async\" class=\"alignleft size-medium wp-image-76557\" src=\"https:\/\/eldigitaldeasturias.com\/magazine365\/wp-content\/uploads\/2016\/05\/fotonoticia_20160519194635_800-360x239.jpg\" alt=\"fotonoticia_20160519194635_800\" width=\"360\" height=\"239\" srcset=\"https:\/\/eldigitaldeasturias.com\/magazine365\/wp-content\/uploads\/2016\/05\/fotonoticia_20160519194635_800-360x239.jpg 360w, https:\/\/eldigitaldeasturias.com\/magazine365\/wp-content\/uploads\/2016\/05\/fotonoticia_20160519194635_800-650x432.jpg 650w, https:\/\/eldigitaldeasturias.com\/magazine365\/wp-content\/uploads\/2016\/05\/fotonoticia_20160519194635_800-768x511.jpg 768w, https:\/\/eldigitaldeasturias.com\/magazine365\/wp-content\/uploads\/2016\/05\/fotonoticia_20160519194635_800-150x100.jpg 150w, https:\/\/eldigitaldeasturias.com\/magazine365\/wp-content\/uploads\/2016\/05\/fotonoticia_20160519194635_800-450x299.jpg 450w, https:\/\/eldigitaldeasturias.com\/magazine365\/wp-content\/uploads\/2016\/05\/fotonoticia_20160519194635_800-121x79.jpg 121w, https:\/\/eldigitaldeasturias.com\/magazine365\/wp-content\/uploads\/2016\/05\/fotonoticia_20160519194635_800-101x66.jpg 101w, https:\/\/eldigitaldeasturias.com\/magazine365\/wp-content\/uploads\/2016\/05\/fotonoticia_20160519194635_800.jpg 800w\" sizes=\"(max-width: 360px) 100vw, 360px\" \/>El municipio malague\u00f1o de Rinc\u00f3n de la Victoria celebra una nueva edici\u00f3n de la Feria de la Tapa del 2 al 5 de junio, en la que participar\u00e1n una decena de establecimientos de la localidad y en la que se espera la asistencia de unos 30.000 visitantes, seg\u00fan ha anunciado este jueves el concejal de Turismo, Javier L\u00f3pez.<\/p>\n<p>La cita gastron\u00f3mica, organizada por la Asociaci\u00f3n de Empresarios y Comerciantes de Rinc\u00f3n de la Victoria (Acerv), y el Ayuntamiento, presenta este a\u00f1o diversas novedades como la comercializaci\u00f3n del evento gastron\u00f3mico como paquete tur\u00edstico a trav\u00e9s de casi 300 agencias de viaje de Andaluc\u00eda, que permitir\u00e1 a los visitantes recorrer durante dos d\u00edas el municipio, el servicio gratuito de wifi a todos los visitantes, o la presencia de la Asociaci\u00f3n La Carta Malacitana como asesor gastron\u00f3mico para situar el evento como referente culinario de Andaluc\u00eda.<\/p>\n<p>La alcaldesa de Rinc\u00f3n de la Victoria, Encarnaci\u00f3n Anaya, ha destacado la relevancia de la cita consolidada en el calendario de eventos del municipio \u00abfruto del compromiso, trabajo y estrecha colaboraci\u00f3n con la Asociaci\u00f3n de Comerciantes y Empresarios, colaboradores y nuevas entidades que se suman este a\u00f1o como La Mancomunidad de la Axarqu\u00eda para apostar por la marca costa del sol-axarquia, o La Carta Malacitana para la promoci\u00f3n y puesta en valor de la gastronom\u00eda local\u00bb.<\/p>\n<p>Anaya ha valorado el evento \u00abcomo uno de los de mayor impacto econ\u00f3mico y de afluencia de visitantes m\u00e1s importantes que se celebra en el municipio a lo largo del a\u00f1o, y que en esta edici\u00f3n esperamos superar innovando con iniciativas como la promoci\u00f3n de paquetes tur\u00edsticos a trav\u00e9s de las agencias o el ofrecer platos para cel\u00edacos\u00bb.<\/p>\n<p>Por su parte, el concejal de Turismo ha explicado que la Feria de la Tapa contar\u00e1 este a\u00f1o con una programaci\u00f3n que acoge el tradicional concurso, actuaciones musicales todos los d\u00edas con grupos locales de m\u00fasica y baile, y por primera vez con los conciertos musicales del grupo flamenco-pop, Sonique, y de pop-rock Money Makers.<\/p>\n<p>Asimismo, ha adelantado que este a\u00f1o \u00abllevaremos a cabo un cambio en la visualizaci\u00f3n de las instalaciones, as\u00ed como en el espect\u00e1culo de luz y sonido\u00bb.<\/p>\n<p>El presidente de la Acerv, Jos\u00e9 Antonio Villodres, ha agradecido el apoyo institucional \u00abque este a\u00f1o destaca por su especial innovaci\u00f3n\u00bb y ha valorado el esfuerzo de los establecimientos participantes \u00abpor estar en este importante escaparate del sector de la hosteler\u00eda del municipio\u00bb.<\/p>\n<p>Tambi\u00e9n el presidente de la Mancomunidad de Municipios de la Costa del Sol Axarqu\u00eda, Gregorio Campos, ha mostrado su satisfacci\u00f3n \u00abpor hacernos part\u00edcipes de este importante evento tur\u00edstico-gastron\u00f3mico, que adem\u00e1s viene a generar empleo y activar la econom\u00eda local\u00bb.<\/p>\n<p>La cita abre la agenda de verano del municipio y ofrece como m\u00ednimo seis tapas distintas por establecimiento al precio de 2,5 euros en los que se incluyen bebida m\u00e1s tapa, ofreciendo la posibilidad de canjear dos tapas o dos bebidas por consumici\u00f3n.<\/p>\n<p>El horario es de 12.00 a 17.00 horas y de 20.00 a 01.00 horas en una carpa instalada junto a la Oficina Municipal de Turismo de Rinc\u00f3n de la Victoria. Entre las tapas que se podr\u00e1n degustar durante los cuatro d\u00edas se encuentran los platos tradicionales de la gastronom\u00eda local y malague\u00f1a como el lomo al vino de Moclinejo, callos, paella o carne mech\u00e1, entre otros.<\/p>\n<p>Por otro lado, el preg\u00f3n de la decimoctava edici\u00f3n de la Feria de la Tapa se celebra el 26 de mayo a cargo del periodista malague\u00f1o y premio de la Academia Internacional de la Gastronom\u00eda por su tesis doctoral &#8216;La cocina de la cr\u00edtica&#8217;, Fernando S\u00e1nchez, a las 20.00 horas en la Oficina de Turismo.<\/p>\n","protected":false},"excerpt":{"rendered":"<p>El municipio malague\u00f1o de Rinc\u00f3n de la Victoria celebra una nueva edici\u00f3n de la Feria de la Tapa del 2 al 5 de junio, en la que participar\u00e1n una decena de establecimientos de la localidad y en la que se espera la asistencia de unos 30.000 visitantes, seg\u00fan ha anunciado este jueves el concejal de<\/p>\n","protected":false},"author":1,"featured_media":76557,"comment_status":"open","ping_status":"closed","sticky":false,"template":"","format":"standard","meta":{"footnotes":""},"categories":[224],"tags":[],"class_list":{"0":"post-76556","1":"post","2":"type-post","3":"status-publish","4":"format-standard","5":"has-post-thumbnail","7":"category-noticias-actualidad"},"aioseo_notices":[],"aioseo_head":"\n\t\t<!-- All in One SEO Pro 4.9.6.1 - aioseo.com -->\n\t<meta name=\"description\" content=\"El municipio malague\u00f1o de Rinc\u00f3n de la Victoria celebra una nueva edici\u00f3n de la Feria de la Tapa del 2 al 5 de junio, en la que participar\u00e1n una decena de establecimientos de la localidad y en la que se espera la asistencia de unos 30.000 visitantes, seg\u00fan ha anunciado este jueves el concejal de\" \/>\n\t<meta name=\"robots\" content=\"max-image-preview:large\" \/>\n\t<meta name=\"author\" content=\"admin\"\/>\n\t<meta name=\"google-site-verification\" content=\"UA-38556648-1\" \/>\n\t<meta name=\"keywords\" content=\"noticias y actualidad\" \/>\n\t<link rel=\"canonical\" href=\"https:\/\/eldigitaldeasturias.com\/magazine365\/rincon-de-la-victoria-celebra-una-nueva-edicion-de-la-feria-de-la-tapa\/\" \/>\n\t<meta name=\"generator\" content=\"All in One SEO Pro (AIOSEO) 4.9.6.1\" \/>\n\t\t<meta property=\"og:locale\" content=\"es_ES\" \/>\n\t\t<meta property=\"og:site_name\" content=\"El Digital de Asturias \u2013 Revista de ocio, turismo y estilo de vida\" \/>\n\t\t<meta property=\"og:type\" content=\"article\" \/>\n\t\t<meta property=\"og:title\" content=\"Rinc\u00f3n de la Victoria celebra una nueva edici\u00f3n de la Feria de la Tapa | El Digital de Asturias\" \/>\n\t\t<meta property=\"og:description\" content=\"El municipio malague\u00f1o de Rinc\u00f3n de la Victoria celebra una nueva edici\u00f3n de la Feria de la Tapa del 2 al 5 de junio, en la que participar\u00e1n una decena de establecimientos de la localidad y en la que se espera la asistencia de unos 30.000 visitantes, seg\u00fan ha anunciado este jueves el concejal de\" \/>\n\t\t<meta property=\"og:url\" content=\"https:\/\/eldigitaldeasturias.com\/magazine365\/rincon-de-la-victoria-celebra-una-nueva-edicion-de-la-feria-de-la-tapa\/\" \/>\n\t\t<meta property=\"og:image\" content=\"https:\/\/eldigitaldeasturias.com\/magazine365\/wp-content\/uploads\/2016\/05\/fotonoticia_20160519194635_800.jpg\" \/>\n\t\t<meta property=\"og:image:secure_url\" content=\"https:\/\/eldigitaldeasturias.com\/magazine365\/wp-content\/uploads\/2016\/05\/fotonoticia_20160519194635_800.jpg\" \/>\n\t\t<meta property=\"og:image:width\" content=\"800\" \/>\n\t\t<meta property=\"og:image:height\" content=\"532\" \/>\n\t\t<meta property=\"article:published_time\" content=\"2016-05-21T04:30:19+00:00\" \/>\n\t\t<meta property=\"article:modified_time\" content=\"2016-05-21T04:30:19+00:00\" \/>\n\t\t<meta name=\"twitter:card\" content=\"summary_large_image\" \/>\n\t\t<meta name=\"twitter:title\" content=\"Rinc\u00f3n de la Victoria celebra una nueva edici\u00f3n de la Feria de la Tapa | El Digital de Asturias\" \/>\n\t\t<meta name=\"twitter:description\" content=\"El municipio malague\u00f1o de Rinc\u00f3n de la Victoria celebra una nueva edici\u00f3n de la Feria de la Tapa del 2 al 5 de junio, en la que participar\u00e1n una decena de establecimientos de la localidad y en la que se espera la asistencia de unos 30.000 visitantes, seg\u00fan ha anunciado este jueves el concejal de\" \/>\n\t\t<meta name=\"twitter:image\" content=\"https:\/\/eldigitaldeasturias.com\/magazine365\/wp-content\/uploads\/2016\/05\/fotonoticia_20160519194635_800.jpg\" \/>\n\t\t<script type=\"application\/ld+json\" class=\"aioseo-schema\">\n\t\t\t{\"@context\":\"https:\\\/\\\/schema.org\",\"@graph\":[{\"@type\":\"Article\",\"@id\":\"https:\\\/\\\/eldigitaldeasturias.com\\\/magazine365\\\/rincon-de-la-victoria-celebra-una-nueva-edicion-de-la-feria-de-la-tapa\\\/#article\",\"name\":\"Rinc\\u00f3n de la Victoria celebra una nueva edici\\u00f3n de la Feria de la Tapa | El Digital de Asturias\",\"headline\":\"Rinc\\u00f3n de la Victoria celebra una nueva edici\\u00f3n de la Feria de la Tapa\",\"author\":{\"@id\":\"https:\\\/\\\/eldigitaldeasturias.com\\\/magazine365\\\/author\\\/admin\\\/#author\"},\"publisher\":{\"@id\":\"https:\\\/\\\/eldigitaldeasturias.com\\\/magazine365\\\/#organization\"},\"image\":{\"@type\":\"ImageObject\",\"url\":\"https:\\\/\\\/eldigitaldeasturias.com\\\/magazine365\\\/wp-content\\\/uploads\\\/2016\\\/05\\\/fotonoticia_20160519194635_800.jpg\",\"width\":800,\"height\":532},\"datePublished\":\"2016-05-21T06:30:19+02:00\",\"dateModified\":\"2016-05-21T06:30:19+02:00\",\"inLanguage\":\"es-ES\",\"mainEntityOfPage\":{\"@id\":\"https:\\\/\\\/eldigitaldeasturias.com\\\/magazine365\\\/rincon-de-la-victoria-celebra-una-nueva-edicion-de-la-feria-de-la-tapa\\\/#webpage\"},\"isPartOf\":{\"@id\":\"https:\\\/\\\/eldigitaldeasturias.com\\\/magazine365\\\/rincon-de-la-victoria-celebra-una-nueva-edicion-de-la-feria-de-la-tapa\\\/#webpage\"},\"articleSection\":\"Noticias y Actualidad\"},{\"@type\":\"BreadcrumbList\",\"@id\":\"https:\\\/\\\/eldigitaldeasturias.com\\\/magazine365\\\/rincon-de-la-victoria-celebra-una-nueva-edicion-de-la-feria-de-la-tapa\\\/#breadcrumblist\",\"itemListElement\":[{\"@type\":\"ListItem\",\"@id\":\"https:\\\/\\\/eldigitaldeasturias.com\\\/magazine365#listItem\",\"position\":1,\"name\":\"Home\",\"item\":\"https:\\\/\\\/eldigitaldeasturias.com\\\/magazine365\",\"nextItem\":{\"@type\":\"ListItem\",\"@id\":\"https:\\\/\\\/eldigitaldeasturias.com\\\/magazine365\\\/category\\\/noticias-actualidad\\\/#listItem\",\"name\":\"Noticias y Actualidad\"}},{\"@type\":\"ListItem\",\"@id\":\"https:\\\/\\\/eldigitaldeasturias.com\\\/magazine365\\\/category\\\/noticias-actualidad\\\/#listItem\",\"position\":2,\"name\":\"Noticias y Actualidad\",\"item\":\"https:\\\/\\\/eldigitaldeasturias.com\\\/magazine365\\\/category\\\/noticias-actualidad\\\/\",\"nextItem\":{\"@type\":\"ListItem\",\"@id\":\"https:\\\/\\\/eldigitaldeasturias.com\\\/magazine365\\\/rincon-de-la-victoria-celebra-una-nueva-edicion-de-la-feria-de-la-tapa\\\/#listItem\",\"name\":\"Rinc\\u00f3n de la Victoria celebra una nueva edici\\u00f3n de la Feria de la Tapa\"},\"previousItem\":{\"@type\":\"ListItem\",\"@id\":\"https:\\\/\\\/eldigitaldeasturias.com\\\/magazine365#listItem\",\"name\":\"Home\"}},{\"@type\":\"ListItem\",\"@id\":\"https:\\\/\\\/eldigitaldeasturias.com\\\/magazine365\\\/rincon-de-la-victoria-celebra-una-nueva-edicion-de-la-feria-de-la-tapa\\\/#listItem\",\"position\":3,\"name\":\"Rinc\\u00f3n de la Victoria celebra una nueva edici\\u00f3n de la Feria de la Tapa\",\"previousItem\":{\"@type\":\"ListItem\",\"@id\":\"https:\\\/\\\/eldigitaldeasturias.com\\\/magazine365\\\/category\\\/noticias-actualidad\\\/#listItem\",\"name\":\"Noticias y Actualidad\"}}]},{\"@type\":\"Organization\",\"@id\":\"https:\\\/\\\/eldigitaldeasturias.com\\\/magazine365\\\/#organization\",\"name\":\"El digital de Asturias\",\"description\":\"Revista de ocio, turismo y estilo de vida\",\"url\":\"https:\\\/\\\/eldigitaldeasturias.com\\\/magazine365\\\/\",\"logo\":{\"@type\":\"ImageObject\",\"url\":\"https:\\\/\\\/www.eldigitaldeasturias.com\\\/noticias\\\/wp-content\\\/uploads\\\/2020\\\/12\\\/EDA.jpg\",\"@id\":\"https:\\\/\\\/eldigitaldeasturias.com\\\/magazine365\\\/rincon-de-la-victoria-celebra-una-nueva-edicion-de-la-feria-de-la-tapa\\\/#organizationLogo\"},\"image\":{\"@id\":\"https:\\\/\\\/eldigitaldeasturias.com\\\/magazine365\\\/rincon-de-la-victoria-celebra-una-nueva-edicion-de-la-feria-de-la-tapa\\\/#organizationLogo\"}},{\"@type\":\"Person\",\"@id\":\"https:\\\/\\\/eldigitaldeasturias.com\\\/magazine365\\\/author\\\/admin\\\/#author\",\"url\":\"https:\\\/\\\/eldigitaldeasturias.com\\\/magazine365\\\/author\\\/admin\\\/\",\"name\":\"admin\",\"image\":{\"@type\":\"ImageObject\",\"@id\":\"https:\\\/\\\/eldigitaldeasturias.com\\\/magazine365\\\/rincon-de-la-victoria-celebra-una-nueva-edicion-de-la-feria-de-la-tapa\\\/#authorImage\",\"url\":\"https:\\\/\\\/eldigitaldeasturias.com\\\/magazine365\\\/wp-content\\\/litespeed\\\/avatar\\\/e571bcf59a0edd6fa6838245a470f2fe.jpg?ver=1777574230\",\"width\":96,\"height\":96,\"caption\":\"admin\"}},{\"@type\":\"WebPage\",\"@id\":\"https:\\\/\\\/eldigitaldeasturias.com\\\/magazine365\\\/rincon-de-la-victoria-celebra-una-nueva-edicion-de-la-feria-de-la-tapa\\\/#webpage\",\"url\":\"https:\\\/\\\/eldigitaldeasturias.com\\\/magazine365\\\/rincon-de-la-victoria-celebra-una-nueva-edicion-de-la-feria-de-la-tapa\\\/\",\"name\":\"Rinc\\u00f3n de la Victoria celebra una nueva edici\\u00f3n de la Feria de la Tapa | El Digital de Asturias\",\"description\":\"El municipio malague\\u00f1o de Rinc\\u00f3n de la Victoria celebra una nueva edici\\u00f3n de la Feria de la Tapa del 2 al 5 de junio, en la que participar\\u00e1n una decena de establecimientos de la localidad y en la que se espera la asistencia de unos 30.000 visitantes, seg\\u00fan ha anunciado este jueves el concejal de\",\"inLanguage\":\"es-ES\",\"isPartOf\":{\"@id\":\"https:\\\/\\\/eldigitaldeasturias.com\\\/magazine365\\\/#website\"},\"breadcrumb\":{\"@id\":\"https:\\\/\\\/eldigitaldeasturias.com\\\/magazine365\\\/rincon-de-la-victoria-celebra-una-nueva-edicion-de-la-feria-de-la-tapa\\\/#breadcrumblist\"},\"author\":{\"@id\":\"https:\\\/\\\/eldigitaldeasturias.com\\\/magazine365\\\/author\\\/admin\\\/#author\"},\"creator\":{\"@id\":\"https:\\\/\\\/eldigitaldeasturias.com\\\/magazine365\\\/author\\\/admin\\\/#author\"},\"image\":{\"@type\":\"ImageObject\",\"url\":\"https:\\\/\\\/eldigitaldeasturias.com\\\/magazine365\\\/wp-content\\\/uploads\\\/2016\\\/05\\\/fotonoticia_20160519194635_800.jpg\",\"@id\":\"https:\\\/\\\/eldigitaldeasturias.com\\\/magazine365\\\/rincon-de-la-victoria-celebra-una-nueva-edicion-de-la-feria-de-la-tapa\\\/#mainImage\",\"width\":800,\"height\":532},\"primaryImageOfPage\":{\"@id\":\"https:\\\/\\\/eldigitaldeasturias.com\\\/magazine365\\\/rincon-de-la-victoria-celebra-una-nueva-edicion-de-la-feria-de-la-tapa\\\/#mainImage\"},\"datePublished\":\"2016-05-21T06:30:19+02:00\",\"dateModified\":\"2016-05-21T06:30:19+02:00\"},{\"@type\":\"WebSite\",\"@id\":\"https:\\\/\\\/eldigitaldeasturias.com\\\/magazine365\\\/#website\",\"url\":\"https:\\\/\\\/eldigitaldeasturias.com\\\/magazine365\\\/\",\"name\":\"El Digital de Asturias\",\"description\":\"Revista de ocio, turismo y estilo de vida\",\"inLanguage\":\"es-ES\",\"publisher\":{\"@id\":\"https:\\\/\\\/eldigitaldeasturias.com\\\/magazine365\\\/#organization\"}}]}\n\t\t<\/script>\n\t\t<!-- All in One SEO Pro -->\r\n\t\t<title>Rinc\u00f3n de la Victoria celebra una nueva edici\u00f3n de la Feria de la Tapa | El Digital de Asturias<\/title>\n\n","aioseo_head_json":{"title":"Rinc\u00f3n de la Victoria celebra una nueva edici\u00f3n de la Feria de la Tapa | El Digital de Asturias","description":"El municipio malague\u00f1o de Rinc\u00f3n de la Victoria celebra una nueva edici\u00f3n de la Feria de la Tapa del 2 al 5 de junio, en la que participar\u00e1n una decena de establecimientos de la localidad y en la que se espera la asistencia de unos 30.000 visitantes, seg\u00fan ha anunciado este jueves el concejal de","canonical_url":"https:\/\/eldigitaldeasturias.com\/magazine365\/rincon-de-la-victoria-celebra-una-nueva-edicion-de-la-feria-de-la-tapa\/","robots":"max-image-preview:large","keywords":"noticias y actualidad","webmasterTools":{"google-site-verification":"UA-38556648-1","miscellaneous":""},"schema":{"@context":"https:\/\/schema.org","@graph":[{"@type":"Article","@id":"https:\/\/eldigitaldeasturias.com\/magazine365\/rincon-de-la-victoria-celebra-una-nueva-edicion-de-la-feria-de-la-tapa\/#article","name":"Rinc\u00f3n de la Victoria celebra una nueva edici\u00f3n de la Feria de la Tapa | El Digital de Asturias","headline":"Rinc\u00f3n de la Victoria celebra una nueva edici\u00f3n de la Feria de la Tapa","author":{"@id":"https:\/\/eldigitaldeasturias.com\/magazine365\/author\/admin\/#author"},"publisher":{"@id":"https:\/\/eldigitaldeasturias.com\/magazine365\/#organization"},"image":{"@type":"ImageObject","url":"https:\/\/eldigitaldeasturias.com\/magazine365\/wp-content\/uploads\/2016\/05\/fotonoticia_20160519194635_800.jpg","width":800,"height":532},"datePublished":"2016-05-21T06:30:19+02:00","dateModified":"2016-05-21T06:30:19+02:00","inLanguage":"es-ES","mainEntityOfPage":{"@id":"https:\/\/eldigitaldeasturias.com\/magazine365\/rincon-de-la-victoria-celebra-una-nueva-edicion-de-la-feria-de-la-tapa\/#webpage"},"isPartOf":{"@id":"https:\/\/eldigitaldeasturias.com\/magazine365\/rincon-de-la-victoria-celebra-una-nueva-edicion-de-la-feria-de-la-tapa\/#webpage"},"articleSection":"Noticias y Actualidad"},{"@type":"BreadcrumbList","@id":"https:\/\/eldigitaldeasturias.com\/magazine365\/rincon-de-la-victoria-celebra-una-nueva-edicion-de-la-feria-de-la-tapa\/#breadcrumblist","itemListElement":[{"@type":"ListItem","@id":"https:\/\/eldigitaldeasturias.com\/magazine365#listItem","position":1,"name":"Home","item":"https:\/\/eldigitaldeasturias.com\/magazine365","nextItem":{"@type":"ListItem","@id":"https:\/\/eldigitaldeasturias.com\/magazine365\/category\/noticias-actualidad\/#listItem","name":"Noticias y Actualidad"}},{"@type":"ListItem","@id":"https:\/\/eldigitaldeasturias.com\/magazine365\/category\/noticias-actualidad\/#listItem","position":2,"name":"Noticias y Actualidad","item":"https:\/\/eldigitaldeasturias.com\/magazine365\/category\/noticias-actualidad\/","nextItem":{"@type":"ListItem","@id":"https:\/\/eldigitaldeasturias.com\/magazine365\/rincon-de-la-victoria-celebra-una-nueva-edicion-de-la-feria-de-la-tapa\/#listItem","name":"Rinc\u00f3n de la Victoria celebra una nueva edici\u00f3n de la Feria de la Tapa"},"previousItem":{"@type":"ListItem","@id":"https:\/\/eldigitaldeasturias.com\/magazine365#listItem","name":"Home"}},{"@type":"ListItem","@id":"https:\/\/eldigitaldeasturias.com\/magazine365\/rincon-de-la-victoria-celebra-una-nueva-edicion-de-la-feria-de-la-tapa\/#listItem","position":3,"name":"Rinc\u00f3n de la Victoria celebra una nueva edici\u00f3n de la Feria de la Tapa","previousItem":{"@type":"ListItem","@id":"https:\/\/eldigitaldeasturias.com\/magazine365\/category\/noticias-actualidad\/#listItem","name":"Noticias y Actualidad"}}]},{"@type":"Organization","@id":"https:\/\/eldigitaldeasturias.com\/magazine365\/#organization","name":"El digital de Asturias","description":"Revista de ocio, turismo y estilo de vida","url":"https:\/\/eldigitaldeasturias.com\/magazine365\/","logo":{"@type":"ImageObject","url":"https:\/\/www.eldigitaldeasturias.com\/noticias\/wp-content\/uploads\/2020\/12\/EDA.jpg","@id":"https:\/\/eldigitaldeasturias.com\/magazine365\/rincon-de-la-victoria-celebra-una-nueva-edicion-de-la-feria-de-la-tapa\/#organizationLogo"},"image":{"@id":"https:\/\/eldigitaldeasturias.com\/magazine365\/rincon-de-la-victoria-celebra-una-nueva-edicion-de-la-feria-de-la-tapa\/#organizationLogo"}},{"@type":"Person","@id":"https:\/\/eldigitaldeasturias.com\/magazine365\/author\/admin\/#author","url":"https:\/\/eldigitaldeasturias.com\/magazine365\/author\/admin\/","name":"admin","image":{"@type":"ImageObject","@id":"https:\/\/eldigitaldeasturias.com\/magazine365\/rincon-de-la-victoria-celebra-una-nueva-edicion-de-la-feria-de-la-tapa\/#authorImage","url":"https:\/\/eldigitaldeasturias.com\/magazine365\/wp-content\/litespeed\/avatar\/e571bcf59a0edd6fa6838245a470f2fe.jpg?ver=1777574230","width":96,"height":96,"caption":"admin"}},{"@type":"WebPage","@id":"https:\/\/eldigitaldeasturias.com\/magazine365\/rincon-de-la-victoria-celebra-una-nueva-edicion-de-la-feria-de-la-tapa\/#webpage","url":"https:\/\/eldigitaldeasturias.com\/magazine365\/rincon-de-la-victoria-celebra-una-nueva-edicion-de-la-feria-de-la-tapa\/","name":"Rinc\u00f3n de la Victoria celebra una nueva edici\u00f3n de la Feria de la Tapa | El Digital de Asturias","description":"El municipio malague\u00f1o de Rinc\u00f3n de la Victoria celebra una nueva edici\u00f3n de la Feria de la Tapa del 2 al 5 de junio, en la que participar\u00e1n una decena de establecimientos de la localidad y en la que se espera la asistencia de unos 30.000 visitantes, seg\u00fan ha anunciado este jueves el concejal de","inLanguage":"es-ES","isPartOf":{"@id":"https:\/\/eldigitaldeasturias.com\/magazine365\/#website"},"breadcrumb":{"@id":"https:\/\/eldigitaldeasturias.com\/magazine365\/rincon-de-la-victoria-celebra-una-nueva-edicion-de-la-feria-de-la-tapa\/#breadcrumblist"},"author":{"@id":"https:\/\/eldigitaldeasturias.com\/magazine365\/author\/admin\/#author"},"creator":{"@id":"https:\/\/eldigitaldeasturias.com\/magazine365\/author\/admin\/#author"},"image":{"@type":"ImageObject","url":"https:\/\/eldigitaldeasturias.com\/magazine365\/wp-content\/uploads\/2016\/05\/fotonoticia_20160519194635_800.jpg","@id":"https:\/\/eldigitaldeasturias.com\/magazine365\/rincon-de-la-victoria-celebra-una-nueva-edicion-de-la-feria-de-la-tapa\/#mainImage","width":800,"height":532},"primaryImageOfPage":{"@id":"https:\/\/eldigitaldeasturias.com\/magazine365\/rincon-de-la-victoria-celebra-una-nueva-edicion-de-la-feria-de-la-tapa\/#mainImage"},"datePublished":"2016-05-21T06:30:19+02:00","dateModified":"2016-05-21T06:30:19+02:00"},{"@type":"WebSite","@id":"https:\/\/eldigitaldeasturias.com\/magazine365\/#website","url":"https:\/\/eldigitaldeasturias.com\/magazine365\/","name":"El Digital de Asturias","description":"Revista de ocio, turismo y estilo de vida","inLanguage":"es-ES","publisher":{"@id":"https:\/\/eldigitaldeasturias.com\/magazine365\/#organization"}}]},"og:locale":"es_ES","og:site_name":"El Digital de Asturias \u2013 Revista de ocio, turismo y estilo de vida","og:type":"article","og:title":"Rinc\u00f3n de la Victoria celebra una nueva edici\u00f3n de la Feria de la Tapa | El Digital de Asturias","og:description":"El municipio malague\u00f1o de Rinc\u00f3n de la Victoria celebra una nueva edici\u00f3n de la Feria de la Tapa del 2 al 5 de junio, en la que participar\u00e1n una decena de establecimientos de la localidad y en la que se espera la asistencia de unos 30.000 visitantes, seg\u00fan ha anunciado este jueves el concejal de","og:url":"https:\/\/eldigitaldeasturias.com\/magazine365\/rincon-de-la-victoria-celebra-una-nueva-edicion-de-la-feria-de-la-tapa\/","og:image":"https:\/\/eldigitaldeasturias.com\/magazine365\/wp-content\/uploads\/2016\/05\/fotonoticia_20160519194635_800.jpg","og:image:secure_url":"https:\/\/eldigitaldeasturias.com\/magazine365\/wp-content\/uploads\/2016\/05\/fotonoticia_20160519194635_800.jpg","og:image:width":800,"og:image:height":532,"article:published_time":"2016-05-21T04:30:19+00:00","article:modified_time":"2016-05-21T04:30:19+00:00","twitter:card":"summary_large_image","twitter:title":"Rinc\u00f3n de la Victoria celebra una nueva edici\u00f3n de la Feria de la Tapa | El Digital de Asturias","twitter:description":"El municipio malague\u00f1o de Rinc\u00f3n de la Victoria celebra una nueva edici\u00f3n de la Feria de la Tapa del 2 al 5 de junio, en la que participar\u00e1n una decena de establecimientos de la localidad y en la que se espera la asistencia de unos 30.000 visitantes, seg\u00fan ha anunciado este jueves el concejal de","twitter:image":"https:\/\/eldigitaldeasturias.com\/magazine365\/wp-content\/uploads\/2016\/05\/fotonoticia_20160519194635_800.jpg"},"aioseo_meta_data":{"post_id":"76556","title":null,"description":null,"keywords":null,"keyphrases":null,"primary_term":null,"canonical_url":null,"og_title":null,"og_description":null,"og_object_type":"default","og_image_type":"default","og_image_url":null,"og_image_width":null,"og_image_height":null,"og_image_custom_url":null,"og_image_custom_fields":null,"og_video":null,"og_custom_url":null,"og_article_section":null,"og_article_tags":null,"twitter_use_og":false,"twitter_card":"default","twitter_image_type":"default","twitter_image_url":null,"twitter_image_custom_url":null,"twitter_image_custom_fields":null,"twitter_title":null,"twitter_description":null,"schema":{"blockGraphs":[],"customGraphs":[],"default":{"data":{"Article":[],"Course":[],"Dataset":[],"FAQPage":[],"Movie":[],"Person":[],"Product":[],"ProductReview":[],"Car":[],"Recipe":[],"Service":[],"SoftwareApplication":[],"WebPage":[]},"graphName":"","isEnabled":true},"graphs":[],"defaultGraph":"","defaultPostTypeGraph":""},"schema_type":null,"schema_type_options":null,"pillar_content":false,"robots_default":true,"robots_noindex":false,"robots_noarchive":false,"robots_nosnippet":false,"robots_nofollow":false,"robots_noimageindex":false,"robots_noodp":false,"robots_notranslate":false,"robots_max_snippet":null,"robots_max_videopreview":null,"robots_max_imagepreview":"large","priority":null,"frequency":null,"location":null,"local_seo":null,"seo_analyzer_scan_date":"2025-09-27 12:57:42","breadcrumb_settings":null,"limit_modified_date":false,"open_ai":null,"ai":null,"created":"2021-03-08 18:27:04","updated":"2025-09-27 12:57:42"},"aioseo_breadcrumb":"<div class=\"aioseo-breadcrumbs\"><span class=\"aioseo-breadcrumb\">\n\t<a href=\"https:\/\/eldigitaldeasturias.com\/magazine365\" title=\"Home\">Home<\/a>\n<\/span><span class=\"aioseo-breadcrumb-separator\">\u2013<\/span><span class=\"aioseo-breadcrumb\">\n\t<a href=\"https:\/\/eldigitaldeasturias.com\/magazine365\/category\/noticias-actualidad\/\" title=\"Noticias y Actualidad\">Noticias y Actualidad<\/a>\n<\/span><span class=\"aioseo-breadcrumb-separator\">\u2013<\/span><span class=\"aioseo-breadcrumb\">\n\t<a href=\"https:\/\/eldigitaldeasturias.com\/magazine365\/rincon-de-la-victoria-celebra-una-nueva-edicion-de-la-feria-de-la-tapa\/\" title=\"Rinc\u00f3n de la Victoria celebra una nueva edici\u00f3n de la Feria de la Tapa\">Rinc\u00f3n de la Victoria celebra una nueva edici\u00f3n de la Feria de la Tapa<\/a>\n<\/span><\/div>","aioseo_breadcrumb_json":[{"label":"Home","link":"https:\/\/eldigitaldeasturias.com\/magazine365"},{"label":"Noticias y Actualidad","link":"https:\/\/eldigitaldeasturias.com\/magazine365\/category\/noticias-actualidad\/"},{"label":"Rinc\u00f3n de la Victoria celebra una nueva edici\u00f3n de la Feria de la Tapa","link":"https:\/\/eldigitaldeasturias.com\/magazine365\/rincon-de-la-victoria-celebra-una-nueva-edicion-de-la-feria-de-la-tapa\/"}],"_links":{"self":[{"href":"https:\/\/eldigitaldeasturias.com\/magazine365\/wp-json\/wp\/v2\/posts\/76556","targetHints":{"allow":["GET"]}}],"collection":[{"href":"https:\/\/eldigitaldeasturias.com\/magazine365\/wp-json\/wp\/v2\/posts"}],"about":[{"href":"https:\/\/eldigitaldeasturias.com\/magazine365\/wp-json\/wp\/v2\/types\/post"}],"author":[{"embeddable":true,"href":"https:\/\/eldigitaldeasturias.com\/magazine365\/wp-json\/wp\/v2\/users\/1"}],"replies":[{"embeddable":true,"href":"https:\/\/eldigitaldeasturias.com\/magazine365\/wp-json\/wp\/v2\/comments?post=76556"}],"version-history":[{"count":0,"href":"https:\/\/eldigitaldeasturias.com\/magazine365\/wp-json\/wp\/v2\/posts\/76556\/revisions"}],"wp:featuredmedia":[{"embeddable":true,"href":"https:\/\/eldigitaldeasturias.com\/magazine365\/wp-json\/wp\/v2\/media\/76557"}],"wp:attachment":[{"href":"https:\/\/eldigitaldeasturias.com\/magazine365\/wp-json\/wp\/v2\/media?parent=76556"}],"wp:term":[{"taxonomy":"category","embeddable":true,"href":"https:\/\/eldigitaldeasturias.com\/magazine365\/wp-json\/wp\/v2\/categories?post=76556"},{"taxonomy":"post_tag","embeddable":true,"href":"https:\/\/eldigitaldeasturias.com\/magazine365\/wp-json\/wp\/v2\/tags?post=76556"}],"curies":[{"name":"wp","href":"https:\/\/api.w.org\/{rel}","templated":true}]}}