{"id":76547,"date":"2016-05-21T06:25:22","date_gmt":"2016-05-21T04:25:22","guid":{"rendered":"http:\/\/eldigitaldeasturias.com\/magazine365\/?p=76547"},"modified":"2016-05-21T06:25:22","modified_gmt":"2016-05-21T04:25:22","slug":"un-total-de-50-agentes-de-la-policia-local-vigilaran-las-playas-de-valencia-hasta-septiembre","status":"publish","type":"post","link":"https:\/\/eldigitaldeasturias.com\/magazine365\/un-total-de-50-agentes-de-la-policia-local-vigilaran-las-playas-de-valencia-hasta-septiembre\/","title":{"rendered":"Un total de 50 agentes de la Polic\u00eda Local vigilar\u00e1n las playas de Valencia hasta septiembre"},"content":{"rendered":"<p><img fetchpriority=\"high\" decoding=\"async\" class=\"alignleft size-medium wp-image-76548\" src=\"https:\/\/eldigitaldeasturias.com\/magazine365\/wp-content\/uploads\/2016\/05\/fotonoticia_20160519191434_800-360x270.jpg\" alt=\"fotonoticia_20160519191434_800\" width=\"360\" height=\"270\" srcset=\"https:\/\/eldigitaldeasturias.com\/magazine365\/wp-content\/uploads\/2016\/05\/fotonoticia_20160519191434_800-360x270.jpg 360w, https:\/\/eldigitaldeasturias.com\/magazine365\/wp-content\/uploads\/2016\/05\/fotonoticia_20160519191434_800-650x488.jpg 650w, https:\/\/eldigitaldeasturias.com\/magazine365\/wp-content\/uploads\/2016\/05\/fotonoticia_20160519191434_800-768x576.jpg 768w, https:\/\/eldigitaldeasturias.com\/magazine365\/wp-content\/uploads\/2016\/05\/fotonoticia_20160519191434_800-150x113.jpg 150w, https:\/\/eldigitaldeasturias.com\/magazine365\/wp-content\/uploads\/2016\/05\/fotonoticia_20160519191434_800-450x338.jpg 450w, https:\/\/eldigitaldeasturias.com\/magazine365\/wp-content\/uploads\/2016\/05\/fotonoticia_20160519191434_800-90x67.jpg 90w, https:\/\/eldigitaldeasturias.com\/magazine365\/wp-content\/uploads\/2016\/05\/fotonoticia_20160519191434_800-164x124.jpg 164w, https:\/\/eldigitaldeasturias.com\/magazine365\/wp-content\/uploads\/2016\/05\/fotonoticia_20160519191434_800-100x75.jpg 100w, https:\/\/eldigitaldeasturias.com\/magazine365\/wp-content\/uploads\/2016\/05\/fotonoticia_20160519191434_800.jpg 800w\" sizes=\"(max-width: 360px) 100vw, 360px\" \/>Un total de 50 agentes de la Polic\u00eda Local de Valencia componen el operativo especial que se mantendr\u00e1 en las playas del t\u00e9rmino municipal hasta el pr\u00f3ximo mes de septiembre con el objetivo de que los ciudadanos y turistas puedan \u00abdisfrutar con el m\u00e1ximo confort y la m\u00e1xima seguridad\u00bb.<\/p>\n<p>As\u00ed lo han indicado este jueves el alcalde de la ciudad, Joan Rib\u00f3, y la concejala de Protecci\u00f3n Ciudadana, Sandra G\u00f3mez, durante la puesta en marcha de este dispositivo \u00abamplio\u00bb de vigilancia \u00abque abarca muchos cometidos y cuenta con abundantes medios y efectivos\u00bb, ha asegurado el primer edil.<\/p>\n<p>El operativo est\u00e1 compuesto por 50 agentes y diversos veh\u00edculos, como quads, coches el\u00e9ctricos, bicicletas segway, motocicletas y todoterrenos, que ser\u00e1n reforzados con el servicio de caballer\u00eda en la zona de El Saler. \u00abSin ser un experto en seguridad, me parece claramente suficiente como para poder mantener las playas con un nivel de seguridad importante\u00bb, ha indicado Rib\u00f3.<\/p>\n<p>Por su parte, Sandra G\u00f3mez ha destacado las principales novedades del operativo para esta temporada playera 2016, entre ellas el cambio del ret\u00e9n policial, \u00abque es nuevo, porque el anterior estaba muy deteriorado\u00bb u que se ha ampliado con un m\u00f3dulo m\u00e1s y con unos sanitarios.<\/p>\n<p>RECOGIDA DE DENUNCIAS<\/p>\n<p>La responsable de la Polic\u00eda Local se ha referido tambi\u00e9n a que \u00abpor primera vez\u00bb se podr\u00e1n recoger denuncias de cualquier incidente o delito que pueda cometerse en las playas, mediante a un acuerdo que alcanzado con la Polic\u00eda Nacional.<\/p>\n<p>\u00abHasta ahora lo que hac\u00eda la Polic\u00eda Local era remitir a los denunciantes a la Polic\u00eda Nacional, y ahora por primera vez vamos a poder recoger denuncias y tramitarlas luego judicialmente. Con eso evitamos la molestia de tener que desplazarse a otro punto de la ciudad a poner una denuncia, al poderlo hacer aqu\u00ed con toda comodidad\u00bb, ha explicado.<\/p>\n<p>DESDE PINEDO HASTA EL PERELLONET<\/p>\n<p>Los 50 agentes van a cubrir una zona de servicio que abarca todas las playas de la ciudad de Valencia, incluyendo las que hay en las pedan\u00edas desde Pinedo hasta El Perellonet. En este sentido, G\u00f3mez ha rese\u00f1ado la labor que en El Saler va a llevar a cabo el servicio de caballer\u00eda de la Polic\u00eda Local.<\/p>\n<p>\u00abVa a patrullar las playas de El Saler en tareas de vigilancia y tambi\u00e9n de prevenci\u00f3n de incendios que tanto nos ayudaron el a\u00f1o pasado cuando hubo incendios en la Devesa de El Saler\u00bb, ha destacado.<\/p>\n<p>Asimismo, ha resaltado la importancia de una labor policial de proximidad como la que desarrollan estos 50 agentes del operativo de playas: \u00abestar al lado de los ba\u00f1istas, controlar los estacionamientos y vigilar el cumplimiento de las ordenanzas municipales en cuanto a limpieza, perros, control sanitario o venta ambulante ilegal\u00bb.<\/p>\n<p>147 SERVICIOS HUMANITARIOS EN 2015<\/p>\n<p>\u00abEs imprescindible acercar la Polic\u00eda Local a la gente. El a\u00f1o pasado se realizaron 147 servicios humanitarios en estas playas y m\u00e1s de 1.825 servicios de seguridad ciudadana entre detenciones por reclamaciones judiciales, delitos contra la propiedad intelectual, drogas, veh\u00edculos sustra\u00eddos, 181 entregas de objetos perdidos, 169 decomisos de venta ambulante con la retirada de 400 kilos de productos perecederos y bebidas sin control sanitario\u00bb, ha enumerado la concejala.<\/p>\n<p>Adem\u00e1s, ha informado de que \u00abse est\u00e1n poniendo muchos medios para controlar la venta ambulante ilegal y la venta de falsificaciones, porque creemos que hace mucho da\u00f1o al comercio, a todos los comerciantes que pagan sus tasas y piden sus licencias y quieren. Creemos que es una competencia desleal hasta ahora muy frecuente en estas zonas en verano, y es algo en lo que nos vamos a centrar mucho tambi\u00e9n con la patrulla nocturna\u00bb, ha apostillado.<\/p>\n","protected":false},"excerpt":{"rendered":"<p>Un total de 50 agentes de la Polic\u00eda Local de Valencia componen el operativo especial que se mantendr\u00e1 en las playas del t\u00e9rmino municipal hasta el pr\u00f3ximo mes de septiembre con el objetivo de que los ciudadanos y turistas puedan \u00abdisfrutar con el m\u00e1ximo confort y la m\u00e1xima seguridad\u00bb. As\u00ed lo han indicado este jueves<\/p>\n","protected":false},"author":1,"featured_media":76548,"comment_status":"open","ping_status":"closed","sticky":false,"template":"","format":"standard","meta":{"footnotes":""},"categories":[224],"tags":[],"class_list":{"0":"post-76547","1":"post","2":"type-post","3":"status-publish","4":"format-standard","5":"has-post-thumbnail","7":"category-noticias-actualidad"},"aioseo_notices":[],"aioseo_head":"\n\t\t<!-- All in One SEO Pro 4.9.6.1 - aioseo.com -->\n\t<meta name=\"description\" content=\"Un total de 50 agentes de la Polic\u00eda Local de Valencia componen el operativo especial que se mantendr\u00e1 en las playas del t\u00e9rmino municipal hasta el pr\u00f3ximo mes de septiembre con el objetivo de que los ciudadanos y turistas puedan &quot;disfrutar con el m\u00e1ximo confort y la m\u00e1xima seguridad&quot;. As\u00ed lo han indicado este jueves\" \/>\n\t<meta name=\"robots\" content=\"max-image-preview:large\" \/>\n\t<meta name=\"author\" content=\"admin\"\/>\n\t<meta name=\"google-site-verification\" content=\"UA-38556648-1\" \/>\n\t<meta name=\"keywords\" content=\"noticias y actualidad\" \/>\n\t<link rel=\"canonical\" href=\"https:\/\/eldigitaldeasturias.com\/magazine365\/un-total-de-50-agentes-de-la-policia-local-vigilaran-las-playas-de-valencia-hasta-septiembre\/\" \/>\n\t<meta name=\"generator\" content=\"All in One SEO Pro (AIOSEO) 4.9.6.1\" \/>\n\t\t<meta property=\"og:locale\" content=\"es_ES\" \/>\n\t\t<meta property=\"og:site_name\" content=\"El Digital de Asturias \u2013 Revista de ocio, turismo y estilo de vida\" \/>\n\t\t<meta property=\"og:type\" content=\"article\" \/>\n\t\t<meta property=\"og:title\" content=\"Un total de 50 agentes de la Polic\u00eda Local vigilar\u00e1n las playas de Valencia hasta septiembre | El Digital de Asturias\" \/>\n\t\t<meta property=\"og:description\" content=\"Un total de 50 agentes de la Polic\u00eda Local de Valencia componen el operativo especial que se mantendr\u00e1 en las playas del t\u00e9rmino municipal hasta el pr\u00f3ximo mes de septiembre con el objetivo de que los ciudadanos y turistas puedan &quot;disfrutar con el m\u00e1ximo confort y la m\u00e1xima seguridad&quot;. As\u00ed lo han indicado este jueves\" \/>\n\t\t<meta property=\"og:url\" content=\"https:\/\/eldigitaldeasturias.com\/magazine365\/un-total-de-50-agentes-de-la-policia-local-vigilaran-las-playas-de-valencia-hasta-septiembre\/\" \/>\n\t\t<meta property=\"og:image\" content=\"https:\/\/eldigitaldeasturias.com\/magazine365\/wp-content\/uploads\/2016\/05\/fotonoticia_20160519191434_800.jpg\" \/>\n\t\t<meta property=\"og:image:secure_url\" content=\"https:\/\/eldigitaldeasturias.com\/magazine365\/wp-content\/uploads\/2016\/05\/fotonoticia_20160519191434_800.jpg\" \/>\n\t\t<meta property=\"og:image:width\" content=\"800\" \/>\n\t\t<meta property=\"og:image:height\" content=\"600\" \/>\n\t\t<meta property=\"article:published_time\" content=\"2016-05-21T04:25:22+00:00\" \/>\n\t\t<meta property=\"article:modified_time\" content=\"2016-05-21T04:25:22+00:00\" \/>\n\t\t<meta name=\"twitter:card\" content=\"summary_large_image\" \/>\n\t\t<meta name=\"twitter:title\" content=\"Un total de 50 agentes de la Polic\u00eda Local vigilar\u00e1n las playas de Valencia hasta septiembre | El Digital de Asturias\" \/>\n\t\t<meta name=\"twitter:description\" content=\"Un total de 50 agentes de la Polic\u00eda Local de Valencia componen el operativo especial que se mantendr\u00e1 en las playas del t\u00e9rmino municipal hasta el pr\u00f3ximo mes de septiembre con el objetivo de que los ciudadanos y turistas puedan &quot;disfrutar con el m\u00e1ximo confort y la m\u00e1xima seguridad&quot;. As\u00ed lo han indicado este jueves\" \/>\n\t\t<meta name=\"twitter:image\" content=\"https:\/\/eldigitaldeasturias.com\/magazine365\/wp-content\/uploads\/2016\/05\/fotonoticia_20160519191434_800.jpg\" \/>\n\t\t<script type=\"application\/ld+json\" class=\"aioseo-schema\">\n\t\t\t{\"@context\":\"https:\\\/\\\/schema.org\",\"@graph\":[{\"@type\":\"Article\",\"@id\":\"https:\\\/\\\/eldigitaldeasturias.com\\\/magazine365\\\/un-total-de-50-agentes-de-la-policia-local-vigilaran-las-playas-de-valencia-hasta-septiembre\\\/#article\",\"name\":\"Un total de 50 agentes de la Polic\\u00eda Local vigilar\\u00e1n las playas de Valencia hasta septiembre | El Digital de Asturias\",\"headline\":\"Un total de 50 agentes de la Polic\\u00eda Local vigilar\\u00e1n las playas de Valencia hasta septiembre\",\"author\":{\"@id\":\"https:\\\/\\\/eldigitaldeasturias.com\\\/magazine365\\\/author\\\/admin\\\/#author\"},\"publisher\":{\"@id\":\"https:\\\/\\\/eldigitaldeasturias.com\\\/magazine365\\\/#organization\"},\"image\":{\"@type\":\"ImageObject\",\"url\":\"https:\\\/\\\/eldigitaldeasturias.com\\\/magazine365\\\/wp-content\\\/uploads\\\/2016\\\/05\\\/fotonoticia_20160519191434_800.jpg\",\"width\":800,\"height\":600},\"datePublished\":\"2016-05-21T06:25:22+02:00\",\"dateModified\":\"2016-05-21T06:25:22+02:00\",\"inLanguage\":\"es-ES\",\"mainEntityOfPage\":{\"@id\":\"https:\\\/\\\/eldigitaldeasturias.com\\\/magazine365\\\/un-total-de-50-agentes-de-la-policia-local-vigilaran-las-playas-de-valencia-hasta-septiembre\\\/#webpage\"},\"isPartOf\":{\"@id\":\"https:\\\/\\\/eldigitaldeasturias.com\\\/magazine365\\\/un-total-de-50-agentes-de-la-policia-local-vigilaran-las-playas-de-valencia-hasta-septiembre\\\/#webpage\"},\"articleSection\":\"Noticias y Actualidad\"},{\"@type\":\"BreadcrumbList\",\"@id\":\"https:\\\/\\\/eldigitaldeasturias.com\\\/magazine365\\\/un-total-de-50-agentes-de-la-policia-local-vigilaran-las-playas-de-valencia-hasta-septiembre\\\/#breadcrumblist\",\"itemListElement\":[{\"@type\":\"ListItem\",\"@id\":\"https:\\\/\\\/eldigitaldeasturias.com\\\/magazine365#listItem\",\"position\":1,\"name\":\"Home\",\"item\":\"https:\\\/\\\/eldigitaldeasturias.com\\\/magazine365\",\"nextItem\":{\"@type\":\"ListItem\",\"@id\":\"https:\\\/\\\/eldigitaldeasturias.com\\\/magazine365\\\/category\\\/noticias-actualidad\\\/#listItem\",\"name\":\"Noticias y Actualidad\"}},{\"@type\":\"ListItem\",\"@id\":\"https:\\\/\\\/eldigitaldeasturias.com\\\/magazine365\\\/category\\\/noticias-actualidad\\\/#listItem\",\"position\":2,\"name\":\"Noticias y Actualidad\",\"item\":\"https:\\\/\\\/eldigitaldeasturias.com\\\/magazine365\\\/category\\\/noticias-actualidad\\\/\",\"nextItem\":{\"@type\":\"ListItem\",\"@id\":\"https:\\\/\\\/eldigitaldeasturias.com\\\/magazine365\\\/un-total-de-50-agentes-de-la-policia-local-vigilaran-las-playas-de-valencia-hasta-septiembre\\\/#listItem\",\"name\":\"Un total de 50 agentes de la Polic\\u00eda Local vigilar\\u00e1n las playas de Valencia hasta septiembre\"},\"previousItem\":{\"@type\":\"ListItem\",\"@id\":\"https:\\\/\\\/eldigitaldeasturias.com\\\/magazine365#listItem\",\"name\":\"Home\"}},{\"@type\":\"ListItem\",\"@id\":\"https:\\\/\\\/eldigitaldeasturias.com\\\/magazine365\\\/un-total-de-50-agentes-de-la-policia-local-vigilaran-las-playas-de-valencia-hasta-septiembre\\\/#listItem\",\"position\":3,\"name\":\"Un total de 50 agentes de la Polic\\u00eda Local vigilar\\u00e1n las playas de Valencia hasta septiembre\",\"previousItem\":{\"@type\":\"ListItem\",\"@id\":\"https:\\\/\\\/eldigitaldeasturias.com\\\/magazine365\\\/category\\\/noticias-actualidad\\\/#listItem\",\"name\":\"Noticias y Actualidad\"}}]},{\"@type\":\"Organization\",\"@id\":\"https:\\\/\\\/eldigitaldeasturias.com\\\/magazine365\\\/#organization\",\"name\":\"El digital de Asturias\",\"description\":\"Revista de ocio, turismo y estilo de vida\",\"url\":\"https:\\\/\\\/eldigitaldeasturias.com\\\/magazine365\\\/\",\"logo\":{\"@type\":\"ImageObject\",\"url\":\"https:\\\/\\\/www.eldigitaldeasturias.com\\\/noticias\\\/wp-content\\\/uploads\\\/2020\\\/12\\\/EDA.jpg\",\"@id\":\"https:\\\/\\\/eldigitaldeasturias.com\\\/magazine365\\\/un-total-de-50-agentes-de-la-policia-local-vigilaran-las-playas-de-valencia-hasta-septiembre\\\/#organizationLogo\"},\"image\":{\"@id\":\"https:\\\/\\\/eldigitaldeasturias.com\\\/magazine365\\\/un-total-de-50-agentes-de-la-policia-local-vigilaran-las-playas-de-valencia-hasta-septiembre\\\/#organizationLogo\"}},{\"@type\":\"Person\",\"@id\":\"https:\\\/\\\/eldigitaldeasturias.com\\\/magazine365\\\/author\\\/admin\\\/#author\",\"url\":\"https:\\\/\\\/eldigitaldeasturias.com\\\/magazine365\\\/author\\\/admin\\\/\",\"name\":\"admin\",\"image\":{\"@type\":\"ImageObject\",\"@id\":\"https:\\\/\\\/eldigitaldeasturias.com\\\/magazine365\\\/un-total-de-50-agentes-de-la-policia-local-vigilaran-las-playas-de-valencia-hasta-septiembre\\\/#authorImage\",\"url\":\"https:\\\/\\\/eldigitaldeasturias.com\\\/magazine365\\\/wp-content\\\/litespeed\\\/avatar\\\/e571bcf59a0edd6fa6838245a470f2fe.jpg?ver=1777574230\",\"width\":96,\"height\":96,\"caption\":\"admin\"}},{\"@type\":\"WebPage\",\"@id\":\"https:\\\/\\\/eldigitaldeasturias.com\\\/magazine365\\\/un-total-de-50-agentes-de-la-policia-local-vigilaran-las-playas-de-valencia-hasta-septiembre\\\/#webpage\",\"url\":\"https:\\\/\\\/eldigitaldeasturias.com\\\/magazine365\\\/un-total-de-50-agentes-de-la-policia-local-vigilaran-las-playas-de-valencia-hasta-septiembre\\\/\",\"name\":\"Un total de 50 agentes de la Polic\\u00eda Local vigilar\\u00e1n las playas de Valencia hasta septiembre | El Digital de Asturias\",\"description\":\"Un total de 50 agentes de la Polic\\u00eda Local de Valencia componen el operativo especial que se mantendr\\u00e1 en las playas del t\\u00e9rmino municipal hasta el pr\\u00f3ximo mes de septiembre con el objetivo de que los ciudadanos y turistas puedan \\\"disfrutar con el m\\u00e1ximo confort y la m\\u00e1xima seguridad\\\". As\\u00ed lo han indicado este jueves\",\"inLanguage\":\"es-ES\",\"isPartOf\":{\"@id\":\"https:\\\/\\\/eldigitaldeasturias.com\\\/magazine365\\\/#website\"},\"breadcrumb\":{\"@id\":\"https:\\\/\\\/eldigitaldeasturias.com\\\/magazine365\\\/un-total-de-50-agentes-de-la-policia-local-vigilaran-las-playas-de-valencia-hasta-septiembre\\\/#breadcrumblist\"},\"author\":{\"@id\":\"https:\\\/\\\/eldigitaldeasturias.com\\\/magazine365\\\/author\\\/admin\\\/#author\"},\"creator\":{\"@id\":\"https:\\\/\\\/eldigitaldeasturias.com\\\/magazine365\\\/author\\\/admin\\\/#author\"},\"image\":{\"@type\":\"ImageObject\",\"url\":\"https:\\\/\\\/eldigitaldeasturias.com\\\/magazine365\\\/wp-content\\\/uploads\\\/2016\\\/05\\\/fotonoticia_20160519191434_800.jpg\",\"@id\":\"https:\\\/\\\/eldigitaldeasturias.com\\\/magazine365\\\/un-total-de-50-agentes-de-la-policia-local-vigilaran-las-playas-de-valencia-hasta-septiembre\\\/#mainImage\",\"width\":800,\"height\":600},\"primaryImageOfPage\":{\"@id\":\"https:\\\/\\\/eldigitaldeasturias.com\\\/magazine365\\\/un-total-de-50-agentes-de-la-policia-local-vigilaran-las-playas-de-valencia-hasta-septiembre\\\/#mainImage\"},\"datePublished\":\"2016-05-21T06:25:22+02:00\",\"dateModified\":\"2016-05-21T06:25:22+02:00\"},{\"@type\":\"WebSite\",\"@id\":\"https:\\\/\\\/eldigitaldeasturias.com\\\/magazine365\\\/#website\",\"url\":\"https:\\\/\\\/eldigitaldeasturias.com\\\/magazine365\\\/\",\"name\":\"El Digital de Asturias\",\"description\":\"Revista de ocio, turismo y estilo de vida\",\"inLanguage\":\"es-ES\",\"publisher\":{\"@id\":\"https:\\\/\\\/eldigitaldeasturias.com\\\/magazine365\\\/#organization\"}}]}\n\t\t<\/script>\n\t\t<!-- All in One SEO Pro -->\r\n\t\t<title>Un total de 50 agentes de la Polic\u00eda Local vigilar\u00e1n las playas de Valencia hasta septiembre | El Digital de Asturias<\/title>\n\n","aioseo_head_json":{"title":"Un total de 50 agentes de la Polic\u00eda Local vigilar\u00e1n las playas de Valencia hasta septiembre | El Digital de Asturias","description":"Un total de 50 agentes de la Polic\u00eda Local de Valencia componen el operativo especial que se mantendr\u00e1 en las playas del t\u00e9rmino municipal hasta el pr\u00f3ximo mes de septiembre con el objetivo de que los ciudadanos y turistas puedan \"disfrutar con el m\u00e1ximo confort y la m\u00e1xima seguridad\". As\u00ed lo han indicado este jueves","canonical_url":"https:\/\/eldigitaldeasturias.com\/magazine365\/un-total-de-50-agentes-de-la-policia-local-vigilaran-las-playas-de-valencia-hasta-septiembre\/","robots":"max-image-preview:large","keywords":"noticias y actualidad","webmasterTools":{"google-site-verification":"UA-38556648-1","miscellaneous":""},"schema":{"@context":"https:\/\/schema.org","@graph":[{"@type":"Article","@id":"https:\/\/eldigitaldeasturias.com\/magazine365\/un-total-de-50-agentes-de-la-policia-local-vigilaran-las-playas-de-valencia-hasta-septiembre\/#article","name":"Un total de 50 agentes de la Polic\u00eda Local vigilar\u00e1n las playas de Valencia hasta septiembre | El Digital de Asturias","headline":"Un total de 50 agentes de la Polic\u00eda Local vigilar\u00e1n las playas de Valencia hasta septiembre","author":{"@id":"https:\/\/eldigitaldeasturias.com\/magazine365\/author\/admin\/#author"},"publisher":{"@id":"https:\/\/eldigitaldeasturias.com\/magazine365\/#organization"},"image":{"@type":"ImageObject","url":"https:\/\/eldigitaldeasturias.com\/magazine365\/wp-content\/uploads\/2016\/05\/fotonoticia_20160519191434_800.jpg","width":800,"height":600},"datePublished":"2016-05-21T06:25:22+02:00","dateModified":"2016-05-21T06:25:22+02:00","inLanguage":"es-ES","mainEntityOfPage":{"@id":"https:\/\/eldigitaldeasturias.com\/magazine365\/un-total-de-50-agentes-de-la-policia-local-vigilaran-las-playas-de-valencia-hasta-septiembre\/#webpage"},"isPartOf":{"@id":"https:\/\/eldigitaldeasturias.com\/magazine365\/un-total-de-50-agentes-de-la-policia-local-vigilaran-las-playas-de-valencia-hasta-septiembre\/#webpage"},"articleSection":"Noticias y Actualidad"},{"@type":"BreadcrumbList","@id":"https:\/\/eldigitaldeasturias.com\/magazine365\/un-total-de-50-agentes-de-la-policia-local-vigilaran-las-playas-de-valencia-hasta-septiembre\/#breadcrumblist","itemListElement":[{"@type":"ListItem","@id":"https:\/\/eldigitaldeasturias.com\/magazine365#listItem","position":1,"name":"Home","item":"https:\/\/eldigitaldeasturias.com\/magazine365","nextItem":{"@type":"ListItem","@id":"https:\/\/eldigitaldeasturias.com\/magazine365\/category\/noticias-actualidad\/#listItem","name":"Noticias y Actualidad"}},{"@type":"ListItem","@id":"https:\/\/eldigitaldeasturias.com\/magazine365\/category\/noticias-actualidad\/#listItem","position":2,"name":"Noticias y Actualidad","item":"https:\/\/eldigitaldeasturias.com\/magazine365\/category\/noticias-actualidad\/","nextItem":{"@type":"ListItem","@id":"https:\/\/eldigitaldeasturias.com\/magazine365\/un-total-de-50-agentes-de-la-policia-local-vigilaran-las-playas-de-valencia-hasta-septiembre\/#listItem","name":"Un total de 50 agentes de la Polic\u00eda Local vigilar\u00e1n las playas de Valencia hasta septiembre"},"previousItem":{"@type":"ListItem","@id":"https:\/\/eldigitaldeasturias.com\/magazine365#listItem","name":"Home"}},{"@type":"ListItem","@id":"https:\/\/eldigitaldeasturias.com\/magazine365\/un-total-de-50-agentes-de-la-policia-local-vigilaran-las-playas-de-valencia-hasta-septiembre\/#listItem","position":3,"name":"Un total de 50 agentes de la Polic\u00eda Local vigilar\u00e1n las playas de Valencia hasta septiembre","previousItem":{"@type":"ListItem","@id":"https:\/\/eldigitaldeasturias.com\/magazine365\/category\/noticias-actualidad\/#listItem","name":"Noticias y Actualidad"}}]},{"@type":"Organization","@id":"https:\/\/eldigitaldeasturias.com\/magazine365\/#organization","name":"El digital de Asturias","description":"Revista de ocio, turismo y estilo de vida","url":"https:\/\/eldigitaldeasturias.com\/magazine365\/","logo":{"@type":"ImageObject","url":"https:\/\/www.eldigitaldeasturias.com\/noticias\/wp-content\/uploads\/2020\/12\/EDA.jpg","@id":"https:\/\/eldigitaldeasturias.com\/magazine365\/un-total-de-50-agentes-de-la-policia-local-vigilaran-las-playas-de-valencia-hasta-septiembre\/#organizationLogo"},"image":{"@id":"https:\/\/eldigitaldeasturias.com\/magazine365\/un-total-de-50-agentes-de-la-policia-local-vigilaran-las-playas-de-valencia-hasta-septiembre\/#organizationLogo"}},{"@type":"Person","@id":"https:\/\/eldigitaldeasturias.com\/magazine365\/author\/admin\/#author","url":"https:\/\/eldigitaldeasturias.com\/magazine365\/author\/admin\/","name":"admin","image":{"@type":"ImageObject","@id":"https:\/\/eldigitaldeasturias.com\/magazine365\/un-total-de-50-agentes-de-la-policia-local-vigilaran-las-playas-de-valencia-hasta-septiembre\/#authorImage","url":"https:\/\/eldigitaldeasturias.com\/magazine365\/wp-content\/litespeed\/avatar\/e571bcf59a0edd6fa6838245a470f2fe.jpg?ver=1777574230","width":96,"height":96,"caption":"admin"}},{"@type":"WebPage","@id":"https:\/\/eldigitaldeasturias.com\/magazine365\/un-total-de-50-agentes-de-la-policia-local-vigilaran-las-playas-de-valencia-hasta-septiembre\/#webpage","url":"https:\/\/eldigitaldeasturias.com\/magazine365\/un-total-de-50-agentes-de-la-policia-local-vigilaran-las-playas-de-valencia-hasta-septiembre\/","name":"Un total de 50 agentes de la Polic\u00eda Local vigilar\u00e1n las playas de Valencia hasta septiembre | El Digital de Asturias","description":"Un total de 50 agentes de la Polic\u00eda Local de Valencia componen el operativo especial que se mantendr\u00e1 en las playas del t\u00e9rmino municipal hasta el pr\u00f3ximo mes de septiembre con el objetivo de que los ciudadanos y turistas puedan \"disfrutar con el m\u00e1ximo confort y la m\u00e1xima seguridad\". As\u00ed lo han indicado este jueves","inLanguage":"es-ES","isPartOf":{"@id":"https:\/\/eldigitaldeasturias.com\/magazine365\/#website"},"breadcrumb":{"@id":"https:\/\/eldigitaldeasturias.com\/magazine365\/un-total-de-50-agentes-de-la-policia-local-vigilaran-las-playas-de-valencia-hasta-septiembre\/#breadcrumblist"},"author":{"@id":"https:\/\/eldigitaldeasturias.com\/magazine365\/author\/admin\/#author"},"creator":{"@id":"https:\/\/eldigitaldeasturias.com\/magazine365\/author\/admin\/#author"},"image":{"@type":"ImageObject","url":"https:\/\/eldigitaldeasturias.com\/magazine365\/wp-content\/uploads\/2016\/05\/fotonoticia_20160519191434_800.jpg","@id":"https:\/\/eldigitaldeasturias.com\/magazine365\/un-total-de-50-agentes-de-la-policia-local-vigilaran-las-playas-de-valencia-hasta-septiembre\/#mainImage","width":800,"height":600},"primaryImageOfPage":{"@id":"https:\/\/eldigitaldeasturias.com\/magazine365\/un-total-de-50-agentes-de-la-policia-local-vigilaran-las-playas-de-valencia-hasta-septiembre\/#mainImage"},"datePublished":"2016-05-21T06:25:22+02:00","dateModified":"2016-05-21T06:25:22+02:00"},{"@type":"WebSite","@id":"https:\/\/eldigitaldeasturias.com\/magazine365\/#website","url":"https:\/\/eldigitaldeasturias.com\/magazine365\/","name":"El Digital de Asturias","description":"Revista de ocio, turismo y estilo de vida","inLanguage":"es-ES","publisher":{"@id":"https:\/\/eldigitaldeasturias.com\/magazine365\/#organization"}}]},"og:locale":"es_ES","og:site_name":"El Digital de Asturias \u2013 Revista de ocio, turismo y estilo de vida","og:type":"article","og:title":"Un total de 50 agentes de la Polic\u00eda Local vigilar\u00e1n las playas de Valencia hasta septiembre | El Digital de Asturias","og:description":"Un total de 50 agentes de la Polic\u00eda Local de Valencia componen el operativo especial que se mantendr\u00e1 en las playas del t\u00e9rmino municipal hasta el pr\u00f3ximo mes de septiembre con el objetivo de que los ciudadanos y turistas puedan &quot;disfrutar con el m\u00e1ximo confort y la m\u00e1xima seguridad&quot;. As\u00ed lo han indicado este jueves","og:url":"https:\/\/eldigitaldeasturias.com\/magazine365\/un-total-de-50-agentes-de-la-policia-local-vigilaran-las-playas-de-valencia-hasta-septiembre\/","og:image":"https:\/\/eldigitaldeasturias.com\/magazine365\/wp-content\/uploads\/2016\/05\/fotonoticia_20160519191434_800.jpg","og:image:secure_url":"https:\/\/eldigitaldeasturias.com\/magazine365\/wp-content\/uploads\/2016\/05\/fotonoticia_20160519191434_800.jpg","og:image:width":800,"og:image:height":600,"article:published_time":"2016-05-21T04:25:22+00:00","article:modified_time":"2016-05-21T04:25:22+00:00","twitter:card":"summary_large_image","twitter:title":"Un total de 50 agentes de la Polic\u00eda Local vigilar\u00e1n las playas de Valencia hasta septiembre | El Digital de Asturias","twitter:description":"Un total de 50 agentes de la Polic\u00eda Local de Valencia componen el operativo especial que se mantendr\u00e1 en las playas del t\u00e9rmino municipal hasta el pr\u00f3ximo mes de septiembre con el objetivo de que los ciudadanos y turistas puedan &quot;disfrutar con el m\u00e1ximo confort y la m\u00e1xima seguridad&quot;. As\u00ed lo han indicado este jueves","twitter:image":"https:\/\/eldigitaldeasturias.com\/magazine365\/wp-content\/uploads\/2016\/05\/fotonoticia_20160519191434_800.jpg"},"aioseo_meta_data":{"post_id":"76547","title":null,"description":null,"keywords":null,"keyphrases":null,"primary_term":null,"canonical_url":null,"og_title":null,"og_description":null,"og_object_type":"default","og_image_type":"default","og_image_url":null,"og_image_width":null,"og_image_height":null,"og_image_custom_url":null,"og_image_custom_fields":null,"og_video":null,"og_custom_url":null,"og_article_section":null,"og_article_tags":null,"twitter_use_og":false,"twitter_card":"default","twitter_image_type":"default","twitter_image_url":null,"twitter_image_custom_url":null,"twitter_image_custom_fields":null,"twitter_title":null,"twitter_description":null,"schema":{"blockGraphs":[],"customGraphs":[],"default":{"data":{"Article":[],"Course":[],"Dataset":[],"FAQPage":[],"Movie":[],"Person":[],"Product":[],"ProductReview":[],"Car":[],"Recipe":[],"Service":[],"SoftwareApplication":[],"WebPage":[]},"graphName":"","isEnabled":true},"graphs":[],"defaultGraph":"","defaultPostTypeGraph":""},"schema_type":null,"schema_type_options":null,"pillar_content":false,"robots_default":true,"robots_noindex":false,"robots_noarchive":false,"robots_nosnippet":false,"robots_nofollow":false,"robots_noimageindex":false,"robots_noodp":false,"robots_notranslate":false,"robots_max_snippet":null,"robots_max_videopreview":null,"robots_max_imagepreview":"large","priority":null,"frequency":null,"location":null,"local_seo":null,"seo_analyzer_scan_date":"2025-09-27 12:53:55","breadcrumb_settings":null,"limit_modified_date":false,"open_ai":null,"ai":null,"created":"2021-03-08 18:27:04","updated":"2025-09-27 12:53:55"},"aioseo_breadcrumb":"<div class=\"aioseo-breadcrumbs\"><span class=\"aioseo-breadcrumb\">\n\t<a href=\"https:\/\/eldigitaldeasturias.com\/magazine365\" title=\"Home\">Home<\/a>\n<\/span><span class=\"aioseo-breadcrumb-separator\">\u2013<\/span><span class=\"aioseo-breadcrumb\">\n\t<a href=\"https:\/\/eldigitaldeasturias.com\/magazine365\/category\/noticias-actualidad\/\" title=\"Noticias y Actualidad\">Noticias y Actualidad<\/a>\n<\/span><span class=\"aioseo-breadcrumb-separator\">\u2013<\/span><span class=\"aioseo-breadcrumb\">\n\t<a href=\"https:\/\/eldigitaldeasturias.com\/magazine365\/un-total-de-50-agentes-de-la-policia-local-vigilaran-las-playas-de-valencia-hasta-septiembre\/\" title=\"Un total de 50 agentes de la Polic\u00eda Local vigilar\u00e1n las playas de Valencia hasta septiembre\">Un total de 50 agentes de la Polic\u00eda Local vigilar\u00e1n las playas de Valencia hasta septiembre<\/a>\n<\/span><\/div>","aioseo_breadcrumb_json":[{"label":"Home","link":"https:\/\/eldigitaldeasturias.com\/magazine365"},{"label":"Noticias y Actualidad","link":"https:\/\/eldigitaldeasturias.com\/magazine365\/category\/noticias-actualidad\/"},{"label":"Un total de 50 agentes de la Polic\u00eda Local vigilar\u00e1n las playas de Valencia hasta septiembre","link":"https:\/\/eldigitaldeasturias.com\/magazine365\/un-total-de-50-agentes-de-la-policia-local-vigilaran-las-playas-de-valencia-hasta-septiembre\/"}],"_links":{"self":[{"href":"https:\/\/eldigitaldeasturias.com\/magazine365\/wp-json\/wp\/v2\/posts\/76547","targetHints":{"allow":["GET"]}}],"collection":[{"href":"https:\/\/eldigitaldeasturias.com\/magazine365\/wp-json\/wp\/v2\/posts"}],"about":[{"href":"https:\/\/eldigitaldeasturias.com\/magazine365\/wp-json\/wp\/v2\/types\/post"}],"author":[{"embeddable":true,"href":"https:\/\/eldigitaldeasturias.com\/magazine365\/wp-json\/wp\/v2\/users\/1"}],"replies":[{"embeddable":true,"href":"https:\/\/eldigitaldeasturias.com\/magazine365\/wp-json\/wp\/v2\/comments?post=76547"}],"version-history":[{"count":0,"href":"https:\/\/eldigitaldeasturias.com\/magazine365\/wp-json\/wp\/v2\/posts\/76547\/revisions"}],"wp:featuredmedia":[{"embeddable":true,"href":"https:\/\/eldigitaldeasturias.com\/magazine365\/wp-json\/wp\/v2\/media\/76548"}],"wp:attachment":[{"href":"https:\/\/eldigitaldeasturias.com\/magazine365\/wp-json\/wp\/v2\/media?parent=76547"}],"wp:term":[{"taxonomy":"category","embeddable":true,"href":"https:\/\/eldigitaldeasturias.com\/magazine365\/wp-json\/wp\/v2\/categories?post=76547"},{"taxonomy":"post_tag","embeddable":true,"href":"https:\/\/eldigitaldeasturias.com\/magazine365\/wp-json\/wp\/v2\/tags?post=76547"}],"curies":[{"name":"wp","href":"https:\/\/api.w.org\/{rel}","templated":true}]}}