{"id":76542,"date":"2016-05-21T06:21:35","date_gmt":"2016-05-21T04:21:35","guid":{"rendered":"http:\/\/eldigitaldeasturias.com\/magazine365\/?p=76542"},"modified":"2016-05-21T06:21:35","modified_gmt":"2016-05-21T04:21:35","slug":"egyptair-confirma-el-hallazgo-de-los-restos-del-avion-desaparecido","status":"publish","type":"post","link":"https:\/\/eldigitaldeasturias.com\/magazine365\/egyptair-confirma-el-hallazgo-de-los-restos-del-avion-desaparecido\/","title":{"rendered":"EgyptAir confirma el hallazgo de los restos del avi\u00f3n desaparecido"},"content":{"rendered":"<p><img fetchpriority=\"high\" decoding=\"async\" class=\"alignleft size-medium wp-image-76403\" src=\"https:\/\/eldigitaldeasturias.com\/magazine365\/wp-content\/uploads\/2016\/05\/fotonoticia_20160519084348_800-360x256.jpg\" alt=\"fotonoticia_20160519084348_800\" width=\"360\" height=\"256\" srcset=\"https:\/\/eldigitaldeasturias.com\/magazine365\/wp-content\/uploads\/2016\/05\/fotonoticia_20160519084348_800-360x256.jpg 360w, https:\/\/eldigitaldeasturias.com\/magazine365\/wp-content\/uploads\/2016\/05\/fotonoticia_20160519084348_800-650x462.jpg 650w, https:\/\/eldigitaldeasturias.com\/magazine365\/wp-content\/uploads\/2016\/05\/fotonoticia_20160519084348_800-768x546.jpg 768w, https:\/\/eldigitaldeasturias.com\/magazine365\/wp-content\/uploads\/2016\/05\/fotonoticia_20160519084348_800-150x107.jpg 150w, https:\/\/eldigitaldeasturias.com\/magazine365\/wp-content\/uploads\/2016\/05\/fotonoticia_20160519084348_800-450x320.jpg 450w, https:\/\/eldigitaldeasturias.com\/magazine365\/wp-content\/uploads\/2016\/05\/fotonoticia_20160519084348_800.jpg 800w\" sizes=\"(max-width: 360px) 100vw, 360px\" \/>El vicepresidente de EgyptAir, Ahmed Adel, ha confirmado la localizaci\u00f3n de los restos del avi\u00f3n que desapareci\u00f3 este jueves de madrugada en el Mediterr\u00e1neo con 66 personas a bordo.<\/p>\n<p>\u00abHemos encontrado los restos\u00bb, ha asegurado el directivo en declaraciones a la cadena estadounidense CNN. Hasta ahora, s\u00f3lo se ten\u00eda constancia de la localizaci\u00f3n de varias supuestas piezas y de dos chalecos salvavidas.<\/p>\n<p>El embajador egipcio en Francia tambi\u00e9n ha asegurado que las autoridades de Grecia han notificado el hallazgo de restos azules y blancos que encajar\u00edan con el avi\u00f3n, seg\u00fan la agencia Reuters.<\/p>\n<p>Tanto Francia como Egipto, pa\u00edses de origen y destino de la aeronave, han confirmado que el avi\u00f3n se ha estrellado en el mar, aunque ninguno de los gobiernos ha aclarado los motivos. El ministro de Aviaci\u00f3n Civil egipcio, Sherif Fathy, ha citado como principal hip\u00f3tesis el atentado terrorista.<\/p>\n<p>\u00abHay muchas razones por las que un avi\u00f3n puede caer y estrellarse. No tenemos explicaciones en este momento. Necesitamos m\u00e1s investigaciones\u00bb, ha asegurado el vicepresidente de la aerol\u00ednea.<\/p>\n<p>El avi\u00f3n desapareci\u00f3 al sur de la isla griega de K\u00e1rpatos, aunque los primeros restos fueron localizados ya en aguas bajo jurisdicci\u00f3n de Egipto. Grecia decidi\u00f3 entonces reducir el operativo de b\u00fasqueda que hab\u00eda desplegado en las \u00faltimas horas.<\/p>\n","protected":false},"excerpt":{"rendered":"<p>El vicepresidente de EgyptAir, Ahmed Adel, ha confirmado la localizaci\u00f3n de los restos del avi\u00f3n que desapareci\u00f3 este jueves de madrugada en el Mediterr\u00e1neo con 66 personas a bordo. \u00abHemos encontrado los restos\u00bb, ha asegurado el directivo en declaraciones a la cadena estadounidense CNN. Hasta ahora, s\u00f3lo se ten\u00eda constancia de la localizaci\u00f3n de varias<\/p>\n","protected":false},"author":1,"featured_media":76403,"comment_status":"open","ping_status":"closed","sticky":false,"template":"","format":"standard","meta":{"footnotes":""},"categories":[224],"tags":[],"class_list":{"0":"post-76542","1":"post","2":"type-post","3":"status-publish","4":"format-standard","5":"has-post-thumbnail","7":"category-noticias-actualidad"},"aioseo_notices":[],"aioseo_head":"\n\t\t<!-- All in One SEO Pro 4.9.6.1 - aioseo.com -->\n\t<meta name=\"description\" content=\"El vicepresidente de EgyptAir, Ahmed Adel, ha confirmado la localizaci\u00f3n de los restos del avi\u00f3n que desapareci\u00f3 este jueves de madrugada en el Mediterr\u00e1neo con 66 personas a bordo. &quot;Hemos encontrado los restos&quot;, ha asegurado el directivo en declaraciones a la cadena estadounidense CNN. Hasta ahora, s\u00f3lo se ten\u00eda constancia de la localizaci\u00f3n de varias\" \/>\n\t<meta name=\"robots\" content=\"max-image-preview:large\" \/>\n\t<meta name=\"author\" content=\"admin\"\/>\n\t<meta name=\"google-site-verification\" content=\"UA-38556648-1\" \/>\n\t<meta name=\"keywords\" content=\"noticias y actualidad\" \/>\n\t<link rel=\"canonical\" href=\"https:\/\/eldigitaldeasturias.com\/magazine365\/egyptair-confirma-el-hallazgo-de-los-restos-del-avion-desaparecido\/\" \/>\n\t<meta name=\"generator\" content=\"All in One SEO Pro (AIOSEO) 4.9.6.1\" \/>\n\t\t<meta property=\"og:locale\" content=\"es_ES\" \/>\n\t\t<meta property=\"og:site_name\" content=\"El Digital de Asturias \u2013 Revista de ocio, turismo y estilo de vida\" \/>\n\t\t<meta property=\"og:type\" content=\"article\" \/>\n\t\t<meta property=\"og:title\" content=\"EgyptAir confirma el hallazgo de los restos del avi\u00f3n desaparecido | El Digital de Asturias\" \/>\n\t\t<meta property=\"og:description\" content=\"El vicepresidente de EgyptAir, Ahmed Adel, ha confirmado la localizaci\u00f3n de los restos del avi\u00f3n que desapareci\u00f3 este jueves de madrugada en el Mediterr\u00e1neo con 66 personas a bordo. &quot;Hemos encontrado los restos&quot;, ha asegurado el directivo en declaraciones a la cadena estadounidense CNN. Hasta ahora, s\u00f3lo se ten\u00eda constancia de la localizaci\u00f3n de varias\" \/>\n\t\t<meta property=\"og:url\" content=\"https:\/\/eldigitaldeasturias.com\/magazine365\/egyptair-confirma-el-hallazgo-de-los-restos-del-avion-desaparecido\/\" \/>\n\t\t<meta property=\"og:image\" content=\"https:\/\/eldigitaldeasturias.com\/magazine365\/wp-content\/uploads\/2016\/05\/fotonoticia_20160519084348_800.jpg\" \/>\n\t\t<meta property=\"og:image:secure_url\" content=\"https:\/\/eldigitaldeasturias.com\/magazine365\/wp-content\/uploads\/2016\/05\/fotonoticia_20160519084348_800.jpg\" \/>\n\t\t<meta property=\"og:image:width\" content=\"800\" \/>\n\t\t<meta property=\"og:image:height\" content=\"569\" \/>\n\t\t<meta property=\"article:published_time\" content=\"2016-05-21T04:21:35+00:00\" \/>\n\t\t<meta property=\"article:modified_time\" content=\"2016-05-21T04:21:35+00:00\" \/>\n\t\t<meta name=\"twitter:card\" content=\"summary_large_image\" \/>\n\t\t<meta name=\"twitter:title\" content=\"EgyptAir confirma el hallazgo de los restos del avi\u00f3n desaparecido | El Digital de Asturias\" \/>\n\t\t<meta name=\"twitter:description\" content=\"El vicepresidente de EgyptAir, Ahmed Adel, ha confirmado la localizaci\u00f3n de los restos del avi\u00f3n que desapareci\u00f3 este jueves de madrugada en el Mediterr\u00e1neo con 66 personas a bordo. &quot;Hemos encontrado los restos&quot;, ha asegurado el directivo en declaraciones a la cadena estadounidense CNN. Hasta ahora, s\u00f3lo se ten\u00eda constancia de la localizaci\u00f3n de varias\" \/>\n\t\t<meta name=\"twitter:image\" content=\"https:\/\/eldigitaldeasturias.com\/magazine365\/wp-content\/uploads\/2016\/05\/fotonoticia_20160519084348_800.jpg\" \/>\n\t\t<script type=\"application\/ld+json\" class=\"aioseo-schema\">\n\t\t\t{\"@context\":\"https:\\\/\\\/schema.org\",\"@graph\":[{\"@type\":\"Article\",\"@id\":\"https:\\\/\\\/eldigitaldeasturias.com\\\/magazine365\\\/egyptair-confirma-el-hallazgo-de-los-restos-del-avion-desaparecido\\\/#article\",\"name\":\"EgyptAir confirma el hallazgo de los restos del avi\\u00f3n desaparecido | El Digital de Asturias\",\"headline\":\"EgyptAir confirma el hallazgo de los restos del avi\\u00f3n desaparecido\",\"author\":{\"@id\":\"https:\\\/\\\/eldigitaldeasturias.com\\\/magazine365\\\/author\\\/admin\\\/#author\"},\"publisher\":{\"@id\":\"https:\\\/\\\/eldigitaldeasturias.com\\\/magazine365\\\/#organization\"},\"image\":{\"@type\":\"ImageObject\",\"url\":\"https:\\\/\\\/eldigitaldeasturias.com\\\/magazine365\\\/wp-content\\\/uploads\\\/2016\\\/05\\\/fotonoticia_20160519084348_800.jpg\",\"width\":800,\"height\":569},\"datePublished\":\"2016-05-21T06:21:35+02:00\",\"dateModified\":\"2016-05-21T06:21:35+02:00\",\"inLanguage\":\"es-ES\",\"mainEntityOfPage\":{\"@id\":\"https:\\\/\\\/eldigitaldeasturias.com\\\/magazine365\\\/egyptair-confirma-el-hallazgo-de-los-restos-del-avion-desaparecido\\\/#webpage\"},\"isPartOf\":{\"@id\":\"https:\\\/\\\/eldigitaldeasturias.com\\\/magazine365\\\/egyptair-confirma-el-hallazgo-de-los-restos-del-avion-desaparecido\\\/#webpage\"},\"articleSection\":\"Noticias y Actualidad\"},{\"@type\":\"BreadcrumbList\",\"@id\":\"https:\\\/\\\/eldigitaldeasturias.com\\\/magazine365\\\/egyptair-confirma-el-hallazgo-de-los-restos-del-avion-desaparecido\\\/#breadcrumblist\",\"itemListElement\":[{\"@type\":\"ListItem\",\"@id\":\"https:\\\/\\\/eldigitaldeasturias.com\\\/magazine365#listItem\",\"position\":1,\"name\":\"Home\",\"item\":\"https:\\\/\\\/eldigitaldeasturias.com\\\/magazine365\",\"nextItem\":{\"@type\":\"ListItem\",\"@id\":\"https:\\\/\\\/eldigitaldeasturias.com\\\/magazine365\\\/category\\\/noticias-actualidad\\\/#listItem\",\"name\":\"Noticias y Actualidad\"}},{\"@type\":\"ListItem\",\"@id\":\"https:\\\/\\\/eldigitaldeasturias.com\\\/magazine365\\\/category\\\/noticias-actualidad\\\/#listItem\",\"position\":2,\"name\":\"Noticias y Actualidad\",\"item\":\"https:\\\/\\\/eldigitaldeasturias.com\\\/magazine365\\\/category\\\/noticias-actualidad\\\/\",\"nextItem\":{\"@type\":\"ListItem\",\"@id\":\"https:\\\/\\\/eldigitaldeasturias.com\\\/magazine365\\\/egyptair-confirma-el-hallazgo-de-los-restos-del-avion-desaparecido\\\/#listItem\",\"name\":\"EgyptAir confirma el hallazgo de los restos del avi\\u00f3n desaparecido\"},\"previousItem\":{\"@type\":\"ListItem\",\"@id\":\"https:\\\/\\\/eldigitaldeasturias.com\\\/magazine365#listItem\",\"name\":\"Home\"}},{\"@type\":\"ListItem\",\"@id\":\"https:\\\/\\\/eldigitaldeasturias.com\\\/magazine365\\\/egyptair-confirma-el-hallazgo-de-los-restos-del-avion-desaparecido\\\/#listItem\",\"position\":3,\"name\":\"EgyptAir confirma el hallazgo de los restos del avi\\u00f3n desaparecido\",\"previousItem\":{\"@type\":\"ListItem\",\"@id\":\"https:\\\/\\\/eldigitaldeasturias.com\\\/magazine365\\\/category\\\/noticias-actualidad\\\/#listItem\",\"name\":\"Noticias y Actualidad\"}}]},{\"@type\":\"Organization\",\"@id\":\"https:\\\/\\\/eldigitaldeasturias.com\\\/magazine365\\\/#organization\",\"name\":\"El digital de Asturias\",\"description\":\"Revista de ocio, turismo y estilo de vida\",\"url\":\"https:\\\/\\\/eldigitaldeasturias.com\\\/magazine365\\\/\",\"logo\":{\"@type\":\"ImageObject\",\"url\":\"https:\\\/\\\/www.eldigitaldeasturias.com\\\/noticias\\\/wp-content\\\/uploads\\\/2020\\\/12\\\/EDA.jpg\",\"@id\":\"https:\\\/\\\/eldigitaldeasturias.com\\\/magazine365\\\/egyptair-confirma-el-hallazgo-de-los-restos-del-avion-desaparecido\\\/#organizationLogo\"},\"image\":{\"@id\":\"https:\\\/\\\/eldigitaldeasturias.com\\\/magazine365\\\/egyptair-confirma-el-hallazgo-de-los-restos-del-avion-desaparecido\\\/#organizationLogo\"}},{\"@type\":\"Person\",\"@id\":\"https:\\\/\\\/eldigitaldeasturias.com\\\/magazine365\\\/author\\\/admin\\\/#author\",\"url\":\"https:\\\/\\\/eldigitaldeasturias.com\\\/magazine365\\\/author\\\/admin\\\/\",\"name\":\"admin\",\"image\":{\"@type\":\"ImageObject\",\"@id\":\"https:\\\/\\\/eldigitaldeasturias.com\\\/magazine365\\\/egyptair-confirma-el-hallazgo-de-los-restos-del-avion-desaparecido\\\/#authorImage\",\"url\":\"https:\\\/\\\/eldigitaldeasturias.com\\\/magazine365\\\/wp-content\\\/litespeed\\\/avatar\\\/e571bcf59a0edd6fa6838245a470f2fe.jpg?ver=1777574230\",\"width\":96,\"height\":96,\"caption\":\"admin\"}},{\"@type\":\"WebPage\",\"@id\":\"https:\\\/\\\/eldigitaldeasturias.com\\\/magazine365\\\/egyptair-confirma-el-hallazgo-de-los-restos-del-avion-desaparecido\\\/#webpage\",\"url\":\"https:\\\/\\\/eldigitaldeasturias.com\\\/magazine365\\\/egyptair-confirma-el-hallazgo-de-los-restos-del-avion-desaparecido\\\/\",\"name\":\"EgyptAir confirma el hallazgo de los restos del avi\\u00f3n desaparecido | El Digital de Asturias\",\"description\":\"El vicepresidente de EgyptAir, Ahmed Adel, ha confirmado la localizaci\\u00f3n de los restos del avi\\u00f3n que desapareci\\u00f3 este jueves de madrugada en el Mediterr\\u00e1neo con 66 personas a bordo. \\\"Hemos encontrado los restos\\\", ha asegurado el directivo en declaraciones a la cadena estadounidense CNN. Hasta ahora, s\\u00f3lo se ten\\u00eda constancia de la localizaci\\u00f3n de varias\",\"inLanguage\":\"es-ES\",\"isPartOf\":{\"@id\":\"https:\\\/\\\/eldigitaldeasturias.com\\\/magazine365\\\/#website\"},\"breadcrumb\":{\"@id\":\"https:\\\/\\\/eldigitaldeasturias.com\\\/magazine365\\\/egyptair-confirma-el-hallazgo-de-los-restos-del-avion-desaparecido\\\/#breadcrumblist\"},\"author\":{\"@id\":\"https:\\\/\\\/eldigitaldeasturias.com\\\/magazine365\\\/author\\\/admin\\\/#author\"},\"creator\":{\"@id\":\"https:\\\/\\\/eldigitaldeasturias.com\\\/magazine365\\\/author\\\/admin\\\/#author\"},\"image\":{\"@type\":\"ImageObject\",\"url\":\"https:\\\/\\\/eldigitaldeasturias.com\\\/magazine365\\\/wp-content\\\/uploads\\\/2016\\\/05\\\/fotonoticia_20160519084348_800.jpg\",\"@id\":\"https:\\\/\\\/eldigitaldeasturias.com\\\/magazine365\\\/egyptair-confirma-el-hallazgo-de-los-restos-del-avion-desaparecido\\\/#mainImage\",\"width\":800,\"height\":569},\"primaryImageOfPage\":{\"@id\":\"https:\\\/\\\/eldigitaldeasturias.com\\\/magazine365\\\/egyptair-confirma-el-hallazgo-de-los-restos-del-avion-desaparecido\\\/#mainImage\"},\"datePublished\":\"2016-05-21T06:21:35+02:00\",\"dateModified\":\"2016-05-21T06:21:35+02:00\"},{\"@type\":\"WebSite\",\"@id\":\"https:\\\/\\\/eldigitaldeasturias.com\\\/magazine365\\\/#website\",\"url\":\"https:\\\/\\\/eldigitaldeasturias.com\\\/magazine365\\\/\",\"name\":\"El Digital de Asturias\",\"description\":\"Revista de ocio, turismo y estilo de vida\",\"inLanguage\":\"es-ES\",\"publisher\":{\"@id\":\"https:\\\/\\\/eldigitaldeasturias.com\\\/magazine365\\\/#organization\"}}]}\n\t\t<\/script>\n\t\t<!-- All in One SEO Pro -->\r\n\t\t<title>EgyptAir confirma el hallazgo de los restos del avi\u00f3n desaparecido | El Digital de Asturias<\/title>\n\n","aioseo_head_json":{"title":"EgyptAir confirma el hallazgo de los restos del avi\u00f3n desaparecido | El Digital de Asturias","description":"El vicepresidente de EgyptAir, Ahmed Adel, ha confirmado la localizaci\u00f3n de los restos del avi\u00f3n que desapareci\u00f3 este jueves de madrugada en el Mediterr\u00e1neo con 66 personas a bordo. \"Hemos encontrado los restos\", ha asegurado el directivo en declaraciones a la cadena estadounidense CNN. Hasta ahora, s\u00f3lo se ten\u00eda constancia de la localizaci\u00f3n de varias","canonical_url":"https:\/\/eldigitaldeasturias.com\/magazine365\/egyptair-confirma-el-hallazgo-de-los-restos-del-avion-desaparecido\/","robots":"max-image-preview:large","keywords":"noticias y actualidad","webmasterTools":{"google-site-verification":"UA-38556648-1","miscellaneous":""},"schema":{"@context":"https:\/\/schema.org","@graph":[{"@type":"Article","@id":"https:\/\/eldigitaldeasturias.com\/magazine365\/egyptair-confirma-el-hallazgo-de-los-restos-del-avion-desaparecido\/#article","name":"EgyptAir confirma el hallazgo de los restos del avi\u00f3n desaparecido | El Digital de Asturias","headline":"EgyptAir confirma el hallazgo de los restos del avi\u00f3n desaparecido","author":{"@id":"https:\/\/eldigitaldeasturias.com\/magazine365\/author\/admin\/#author"},"publisher":{"@id":"https:\/\/eldigitaldeasturias.com\/magazine365\/#organization"},"image":{"@type":"ImageObject","url":"https:\/\/eldigitaldeasturias.com\/magazine365\/wp-content\/uploads\/2016\/05\/fotonoticia_20160519084348_800.jpg","width":800,"height":569},"datePublished":"2016-05-21T06:21:35+02:00","dateModified":"2016-05-21T06:21:35+02:00","inLanguage":"es-ES","mainEntityOfPage":{"@id":"https:\/\/eldigitaldeasturias.com\/magazine365\/egyptair-confirma-el-hallazgo-de-los-restos-del-avion-desaparecido\/#webpage"},"isPartOf":{"@id":"https:\/\/eldigitaldeasturias.com\/magazine365\/egyptair-confirma-el-hallazgo-de-los-restos-del-avion-desaparecido\/#webpage"},"articleSection":"Noticias y Actualidad"},{"@type":"BreadcrumbList","@id":"https:\/\/eldigitaldeasturias.com\/magazine365\/egyptair-confirma-el-hallazgo-de-los-restos-del-avion-desaparecido\/#breadcrumblist","itemListElement":[{"@type":"ListItem","@id":"https:\/\/eldigitaldeasturias.com\/magazine365#listItem","position":1,"name":"Home","item":"https:\/\/eldigitaldeasturias.com\/magazine365","nextItem":{"@type":"ListItem","@id":"https:\/\/eldigitaldeasturias.com\/magazine365\/category\/noticias-actualidad\/#listItem","name":"Noticias y Actualidad"}},{"@type":"ListItem","@id":"https:\/\/eldigitaldeasturias.com\/magazine365\/category\/noticias-actualidad\/#listItem","position":2,"name":"Noticias y Actualidad","item":"https:\/\/eldigitaldeasturias.com\/magazine365\/category\/noticias-actualidad\/","nextItem":{"@type":"ListItem","@id":"https:\/\/eldigitaldeasturias.com\/magazine365\/egyptair-confirma-el-hallazgo-de-los-restos-del-avion-desaparecido\/#listItem","name":"EgyptAir confirma el hallazgo de los restos del avi\u00f3n desaparecido"},"previousItem":{"@type":"ListItem","@id":"https:\/\/eldigitaldeasturias.com\/magazine365#listItem","name":"Home"}},{"@type":"ListItem","@id":"https:\/\/eldigitaldeasturias.com\/magazine365\/egyptair-confirma-el-hallazgo-de-los-restos-del-avion-desaparecido\/#listItem","position":3,"name":"EgyptAir confirma el hallazgo de los restos del avi\u00f3n desaparecido","previousItem":{"@type":"ListItem","@id":"https:\/\/eldigitaldeasturias.com\/magazine365\/category\/noticias-actualidad\/#listItem","name":"Noticias y Actualidad"}}]},{"@type":"Organization","@id":"https:\/\/eldigitaldeasturias.com\/magazine365\/#organization","name":"El digital de Asturias","description":"Revista de ocio, turismo y estilo de vida","url":"https:\/\/eldigitaldeasturias.com\/magazine365\/","logo":{"@type":"ImageObject","url":"https:\/\/www.eldigitaldeasturias.com\/noticias\/wp-content\/uploads\/2020\/12\/EDA.jpg","@id":"https:\/\/eldigitaldeasturias.com\/magazine365\/egyptair-confirma-el-hallazgo-de-los-restos-del-avion-desaparecido\/#organizationLogo"},"image":{"@id":"https:\/\/eldigitaldeasturias.com\/magazine365\/egyptair-confirma-el-hallazgo-de-los-restos-del-avion-desaparecido\/#organizationLogo"}},{"@type":"Person","@id":"https:\/\/eldigitaldeasturias.com\/magazine365\/author\/admin\/#author","url":"https:\/\/eldigitaldeasturias.com\/magazine365\/author\/admin\/","name":"admin","image":{"@type":"ImageObject","@id":"https:\/\/eldigitaldeasturias.com\/magazine365\/egyptair-confirma-el-hallazgo-de-los-restos-del-avion-desaparecido\/#authorImage","url":"https:\/\/eldigitaldeasturias.com\/magazine365\/wp-content\/litespeed\/avatar\/e571bcf59a0edd6fa6838245a470f2fe.jpg?ver=1777574230","width":96,"height":96,"caption":"admin"}},{"@type":"WebPage","@id":"https:\/\/eldigitaldeasturias.com\/magazine365\/egyptair-confirma-el-hallazgo-de-los-restos-del-avion-desaparecido\/#webpage","url":"https:\/\/eldigitaldeasturias.com\/magazine365\/egyptair-confirma-el-hallazgo-de-los-restos-del-avion-desaparecido\/","name":"EgyptAir confirma el hallazgo de los restos del avi\u00f3n desaparecido | El Digital de Asturias","description":"El vicepresidente de EgyptAir, Ahmed Adel, ha confirmado la localizaci\u00f3n de los restos del avi\u00f3n que desapareci\u00f3 este jueves de madrugada en el Mediterr\u00e1neo con 66 personas a bordo. \"Hemos encontrado los restos\", ha asegurado el directivo en declaraciones a la cadena estadounidense CNN. Hasta ahora, s\u00f3lo se ten\u00eda constancia de la localizaci\u00f3n de varias","inLanguage":"es-ES","isPartOf":{"@id":"https:\/\/eldigitaldeasturias.com\/magazine365\/#website"},"breadcrumb":{"@id":"https:\/\/eldigitaldeasturias.com\/magazine365\/egyptair-confirma-el-hallazgo-de-los-restos-del-avion-desaparecido\/#breadcrumblist"},"author":{"@id":"https:\/\/eldigitaldeasturias.com\/magazine365\/author\/admin\/#author"},"creator":{"@id":"https:\/\/eldigitaldeasturias.com\/magazine365\/author\/admin\/#author"},"image":{"@type":"ImageObject","url":"https:\/\/eldigitaldeasturias.com\/magazine365\/wp-content\/uploads\/2016\/05\/fotonoticia_20160519084348_800.jpg","@id":"https:\/\/eldigitaldeasturias.com\/magazine365\/egyptair-confirma-el-hallazgo-de-los-restos-del-avion-desaparecido\/#mainImage","width":800,"height":569},"primaryImageOfPage":{"@id":"https:\/\/eldigitaldeasturias.com\/magazine365\/egyptair-confirma-el-hallazgo-de-los-restos-del-avion-desaparecido\/#mainImage"},"datePublished":"2016-05-21T06:21:35+02:00","dateModified":"2016-05-21T06:21:35+02:00"},{"@type":"WebSite","@id":"https:\/\/eldigitaldeasturias.com\/magazine365\/#website","url":"https:\/\/eldigitaldeasturias.com\/magazine365\/","name":"El Digital de Asturias","description":"Revista de ocio, turismo y estilo de vida","inLanguage":"es-ES","publisher":{"@id":"https:\/\/eldigitaldeasturias.com\/magazine365\/#organization"}}]},"og:locale":"es_ES","og:site_name":"El Digital de Asturias \u2013 Revista de ocio, turismo y estilo de vida","og:type":"article","og:title":"EgyptAir confirma el hallazgo de los restos del avi\u00f3n desaparecido | El Digital de Asturias","og:description":"El vicepresidente de EgyptAir, Ahmed Adel, ha confirmado la localizaci\u00f3n de los restos del avi\u00f3n que desapareci\u00f3 este jueves de madrugada en el Mediterr\u00e1neo con 66 personas a bordo. &quot;Hemos encontrado los restos&quot;, ha asegurado el directivo en declaraciones a la cadena estadounidense CNN. Hasta ahora, s\u00f3lo se ten\u00eda constancia de la localizaci\u00f3n de varias","og:url":"https:\/\/eldigitaldeasturias.com\/magazine365\/egyptair-confirma-el-hallazgo-de-los-restos-del-avion-desaparecido\/","og:image":"https:\/\/eldigitaldeasturias.com\/magazine365\/wp-content\/uploads\/2016\/05\/fotonoticia_20160519084348_800.jpg","og:image:secure_url":"https:\/\/eldigitaldeasturias.com\/magazine365\/wp-content\/uploads\/2016\/05\/fotonoticia_20160519084348_800.jpg","og:image:width":800,"og:image:height":569,"article:published_time":"2016-05-21T04:21:35+00:00","article:modified_time":"2016-05-21T04:21:35+00:00","twitter:card":"summary_large_image","twitter:title":"EgyptAir confirma el hallazgo de los restos del avi\u00f3n desaparecido | El Digital de Asturias","twitter:description":"El vicepresidente de EgyptAir, Ahmed Adel, ha confirmado la localizaci\u00f3n de los restos del avi\u00f3n que desapareci\u00f3 este jueves de madrugada en el Mediterr\u00e1neo con 66 personas a bordo. &quot;Hemos encontrado los restos&quot;, ha asegurado el directivo en declaraciones a la cadena estadounidense CNN. Hasta ahora, s\u00f3lo se ten\u00eda constancia de la localizaci\u00f3n de varias","twitter:image":"https:\/\/eldigitaldeasturias.com\/magazine365\/wp-content\/uploads\/2016\/05\/fotonoticia_20160519084348_800.jpg"},"aioseo_meta_data":{"post_id":"76542","title":null,"description":null,"keywords":null,"keyphrases":null,"primary_term":null,"canonical_url":null,"og_title":null,"og_description":null,"og_object_type":"default","og_image_type":"default","og_image_url":null,"og_image_width":null,"og_image_height":null,"og_image_custom_url":null,"og_image_custom_fields":null,"og_video":null,"og_custom_url":null,"og_article_section":null,"og_article_tags":null,"twitter_use_og":false,"twitter_card":"default","twitter_image_type":"default","twitter_image_url":null,"twitter_image_custom_url":null,"twitter_image_custom_fields":null,"twitter_title":null,"twitter_description":null,"schema":{"blockGraphs":[],"customGraphs":[],"default":{"data":{"Article":[],"Course":[],"Dataset":[],"FAQPage":[],"Movie":[],"Person":[],"Product":[],"ProductReview":[],"Car":[],"Recipe":[],"Service":[],"SoftwareApplication":[],"WebPage":[]},"graphName":"","isEnabled":true},"graphs":[],"defaultGraph":"","defaultPostTypeGraph":""},"schema_type":null,"schema_type_options":null,"pillar_content":false,"robots_default":true,"robots_noindex":false,"robots_noarchive":false,"robots_nosnippet":false,"robots_nofollow":false,"robots_noimageindex":false,"robots_noodp":false,"robots_notranslate":false,"robots_max_snippet":null,"robots_max_videopreview":null,"robots_max_imagepreview":"large","priority":null,"frequency":null,"location":null,"local_seo":null,"seo_analyzer_scan_date":"2025-09-27 12:53:53","breadcrumb_settings":null,"limit_modified_date":false,"open_ai":null,"ai":null,"created":"2021-03-08 18:27:04","updated":"2025-09-27 12:53:53"},"aioseo_breadcrumb":"<div class=\"aioseo-breadcrumbs\"><span class=\"aioseo-breadcrumb\">\n\t<a href=\"https:\/\/eldigitaldeasturias.com\/magazine365\" title=\"Home\">Home<\/a>\n<\/span><span class=\"aioseo-breadcrumb-separator\">\u2013<\/span><span class=\"aioseo-breadcrumb\">\n\t<a href=\"https:\/\/eldigitaldeasturias.com\/magazine365\/category\/noticias-actualidad\/\" title=\"Noticias y Actualidad\">Noticias y Actualidad<\/a>\n<\/span><span class=\"aioseo-breadcrumb-separator\">\u2013<\/span><span class=\"aioseo-breadcrumb\">\n\t<a href=\"https:\/\/eldigitaldeasturias.com\/magazine365\/egyptair-confirma-el-hallazgo-de-los-restos-del-avion-desaparecido\/\" title=\"EgyptAir confirma el hallazgo de los restos del avi\u00f3n desaparecido\">EgyptAir confirma el hallazgo de los restos del avi\u00f3n desaparecido<\/a>\n<\/span><\/div>","aioseo_breadcrumb_json":[{"label":"Home","link":"https:\/\/eldigitaldeasturias.com\/magazine365"},{"label":"Noticias y Actualidad","link":"https:\/\/eldigitaldeasturias.com\/magazine365\/category\/noticias-actualidad\/"},{"label":"EgyptAir confirma el hallazgo de los restos del avi\u00f3n desaparecido","link":"https:\/\/eldigitaldeasturias.com\/magazine365\/egyptair-confirma-el-hallazgo-de-los-restos-del-avion-desaparecido\/"}],"_links":{"self":[{"href":"https:\/\/eldigitaldeasturias.com\/magazine365\/wp-json\/wp\/v2\/posts\/76542","targetHints":{"allow":["GET"]}}],"collection":[{"href":"https:\/\/eldigitaldeasturias.com\/magazine365\/wp-json\/wp\/v2\/posts"}],"about":[{"href":"https:\/\/eldigitaldeasturias.com\/magazine365\/wp-json\/wp\/v2\/types\/post"}],"author":[{"embeddable":true,"href":"https:\/\/eldigitaldeasturias.com\/magazine365\/wp-json\/wp\/v2\/users\/1"}],"replies":[{"embeddable":true,"href":"https:\/\/eldigitaldeasturias.com\/magazine365\/wp-json\/wp\/v2\/comments?post=76542"}],"version-history":[{"count":0,"href":"https:\/\/eldigitaldeasturias.com\/magazine365\/wp-json\/wp\/v2\/posts\/76542\/revisions"}],"wp:featuredmedia":[{"embeddable":true,"href":"https:\/\/eldigitaldeasturias.com\/magazine365\/wp-json\/wp\/v2\/media\/76403"}],"wp:attachment":[{"href":"https:\/\/eldigitaldeasturias.com\/magazine365\/wp-json\/wp\/v2\/media?parent=76542"}],"wp:term":[{"taxonomy":"category","embeddable":true,"href":"https:\/\/eldigitaldeasturias.com\/magazine365\/wp-json\/wp\/v2\/categories?post=76542"},{"taxonomy":"post_tag","embeddable":true,"href":"https:\/\/eldigitaldeasturias.com\/magazine365\/wp-json\/wp\/v2\/tags?post=76542"}],"curies":[{"name":"wp","href":"https:\/\/api.w.org\/{rel}","templated":true}]}}