{"id":76530,"date":"2016-05-21T06:15:56","date_gmt":"2016-05-21T04:15:56","guid":{"rendered":"http:\/\/eldigitaldeasturias.com\/magazine365\/?p=76530"},"modified":"2016-05-21T06:15:56","modified_gmt":"2016-05-21T04:15:56","slug":"vueling-convoca-el-25-de-mayo-un-open-day-en-asturias","status":"publish","type":"post","link":"https:\/\/eldigitaldeasturias.com\/magazine365\/vueling-convoca-el-25-de-mayo-un-open-day-en-asturias\/","title":{"rendered":"Vueling convoca el 25 de mayo un &#8216;Open Day&#8217; en Asturias"},"content":{"rendered":"<p><img fetchpriority=\"high\" decoding=\"async\" class=\"alignleft size-medium wp-image-76531\" src=\"https:\/\/eldigitaldeasturias.com\/magazine365\/wp-content\/uploads\/2016\/05\/fotonoticia_20160519184029_800-360x240.jpg\" alt=\"fotonoticia_20160519184029_800\" width=\"360\" height=\"240\" srcset=\"https:\/\/eldigitaldeasturias.com\/magazine365\/wp-content\/uploads\/2016\/05\/fotonoticia_20160519184029_800-360x240.jpg 360w, https:\/\/eldigitaldeasturias.com\/magazine365\/wp-content\/uploads\/2016\/05\/fotonoticia_20160519184029_800-650x434.jpg 650w, https:\/\/eldigitaldeasturias.com\/magazine365\/wp-content\/uploads\/2016\/05\/fotonoticia_20160519184029_800-768x513.jpg 768w, https:\/\/eldigitaldeasturias.com\/magazine365\/wp-content\/uploads\/2016\/05\/fotonoticia_20160519184029_800-150x100.jpg 150w, https:\/\/eldigitaldeasturias.com\/magazine365\/wp-content\/uploads\/2016\/05\/fotonoticia_20160519184029_800-450x300.jpg 450w, https:\/\/eldigitaldeasturias.com\/magazine365\/wp-content\/uploads\/2016\/05\/fotonoticia_20160519184029_800-101x66.jpg 101w, https:\/\/eldigitaldeasturias.com\/magazine365\/wp-content\/uploads\/2016\/05\/fotonoticia_20160519184029_800.jpg 800w\" sizes=\"(max-width: 360px) 100vw, 360px\" \/>Vueling anuncia la apertura de una nueva convocatoria de tripulantes de cabina (TCP) en Asturias el pr\u00f3ximo 25 de mayo para hacer frente la operativa del pr\u00f3ximo verano, en el que por primera vez en su historia la aerol\u00ednea operar\u00e1 m\u00e1s de 400 rutas.<\/p>\n<p>Vueling, que tambi\u00e9n est\u00e1 realizando otros &#8216;Open Days&#8217; en ciudades como La Coru\u00f1a, Alicante, Barcelona, Bilbao, Madrid, M\u00e1laga, Sevilla, Tenerife o Gran Canaria, entre otras, tiene previsto contratar hasta 400 profesionales que pasar\u00e1n a integrarse en la plantilla actual de la compa\u00f1\u00eda durante los pr\u00f3ximos meses tanto para sus bases nacionales como europeas.<\/p>\n<p>Para participar ser\u00e1 necesario enviar un e-mail a la direcci\u00f3n seleccion.openday@vueling.com, marcando en el asunto Open Day Asturias. Los requisitos son, entre otros, ser mayor de edad; poseer el t\u00edtulo de Bachillerato, FP o equivalente; vocaci\u00f3n de servicio y un alto conocimiento de ingl\u00e9s.<\/p>\n<p>Una vez hecha la aplicaci\u00f3n los solicitantes recibir\u00e1n informaci\u00f3n ampliada de la convocatoria as\u00ed como la documentaci\u00f3n que deber\u00e1n aportar. El proceso de selecci\u00f3n se alargar\u00e1 durante todo el d\u00eda para aquellos candidatos que lleguen a la fase final.<\/p>\n","protected":false},"excerpt":{"rendered":"<p>Vueling anuncia la apertura de una nueva convocatoria de tripulantes de cabina (TCP) en Asturias el pr\u00f3ximo 25 de mayo para hacer frente la operativa del pr\u00f3ximo verano, en el que por primera vez en su historia la aerol\u00ednea operar\u00e1 m\u00e1s de 400 rutas. Vueling, que tambi\u00e9n est\u00e1 realizando otros &#8216;Open Days&#8217; en ciudades como<\/p>\n","protected":false},"author":1,"featured_media":76531,"comment_status":"open","ping_status":"closed","sticky":false,"template":"","format":"standard","meta":{"footnotes":""},"categories":[224],"tags":[],"class_list":{"0":"post-76530","1":"post","2":"type-post","3":"status-publish","4":"format-standard","5":"has-post-thumbnail","7":"category-noticias-actualidad"},"aioseo_notices":[],"aioseo_head":"\n\t\t<!-- All in One SEO Pro 4.9.6.1 - aioseo.com -->\n\t<meta name=\"description\" content=\"Vueling anuncia la apertura de una nueva convocatoria de tripulantes de cabina (TCP) en Asturias el pr\u00f3ximo 25 de mayo para hacer frente la operativa del pr\u00f3ximo verano, en el que por primera vez en su historia la aerol\u00ednea operar\u00e1 m\u00e1s de 400 rutas. Vueling, que tambi\u00e9n est\u00e1 realizando otros &#039;Open Days&#039; en ciudades como\" \/>\n\t<meta name=\"robots\" content=\"max-image-preview:large\" \/>\n\t<meta name=\"author\" content=\"admin\"\/>\n\t<meta name=\"google-site-verification\" content=\"UA-38556648-1\" \/>\n\t<meta name=\"keywords\" content=\"noticias y actualidad\" \/>\n\t<link rel=\"canonical\" href=\"https:\/\/eldigitaldeasturias.com\/magazine365\/vueling-convoca-el-25-de-mayo-un-open-day-en-asturias\/\" \/>\n\t<meta name=\"generator\" content=\"All in One SEO Pro (AIOSEO) 4.9.6.1\" \/>\n\t\t<meta property=\"og:locale\" content=\"es_ES\" \/>\n\t\t<meta property=\"og:site_name\" content=\"El Digital de Asturias \u2013 Revista de ocio, turismo y estilo de vida\" \/>\n\t\t<meta property=\"og:type\" content=\"article\" \/>\n\t\t<meta property=\"og:title\" content=\"Vueling convoca el 25 de mayo un \u2018Open Day\u2019 en Asturias | El Digital de Asturias\" \/>\n\t\t<meta property=\"og:description\" content=\"Vueling anuncia la apertura de una nueva convocatoria de tripulantes de cabina (TCP) en Asturias el pr\u00f3ximo 25 de mayo para hacer frente la operativa del pr\u00f3ximo verano, en el que por primera vez en su historia la aerol\u00ednea operar\u00e1 m\u00e1s de 400 rutas. Vueling, que tambi\u00e9n est\u00e1 realizando otros &#039;Open Days&#039; en ciudades como\" \/>\n\t\t<meta property=\"og:url\" content=\"https:\/\/eldigitaldeasturias.com\/magazine365\/vueling-convoca-el-25-de-mayo-un-open-day-en-asturias\/\" \/>\n\t\t<meta property=\"og:image\" content=\"https:\/\/eldigitaldeasturias.com\/magazine365\/wp-content\/uploads\/2016\/05\/fotonoticia_20160519184029_800.jpg\" \/>\n\t\t<meta property=\"og:image:secure_url\" content=\"https:\/\/eldigitaldeasturias.com\/magazine365\/wp-content\/uploads\/2016\/05\/fotonoticia_20160519184029_800.jpg\" \/>\n\t\t<meta property=\"og:image:width\" content=\"800\" \/>\n\t\t<meta property=\"og:image:height\" content=\"534\" \/>\n\t\t<meta property=\"article:published_time\" content=\"2016-05-21T04:15:56+00:00\" \/>\n\t\t<meta property=\"article:modified_time\" content=\"2016-05-21T04:15:56+00:00\" \/>\n\t\t<meta name=\"twitter:card\" content=\"summary_large_image\" \/>\n\t\t<meta name=\"twitter:title\" content=\"Vueling convoca el 25 de mayo un \u2018Open Day\u2019 en Asturias | El Digital de Asturias\" \/>\n\t\t<meta name=\"twitter:description\" content=\"Vueling anuncia la apertura de una nueva convocatoria de tripulantes de cabina (TCP) en Asturias el pr\u00f3ximo 25 de mayo para hacer frente la operativa del pr\u00f3ximo verano, en el que por primera vez en su historia la aerol\u00ednea operar\u00e1 m\u00e1s de 400 rutas. Vueling, que tambi\u00e9n est\u00e1 realizando otros &#039;Open Days&#039; en ciudades como\" \/>\n\t\t<meta name=\"twitter:image\" content=\"https:\/\/eldigitaldeasturias.com\/magazine365\/wp-content\/uploads\/2016\/05\/fotonoticia_20160519184029_800.jpg\" \/>\n\t\t<script type=\"application\/ld+json\" class=\"aioseo-schema\">\n\t\t\t{\"@context\":\"https:\\\/\\\/schema.org\",\"@graph\":[{\"@type\":\"Article\",\"@id\":\"https:\\\/\\\/eldigitaldeasturias.com\\\/magazine365\\\/vueling-convoca-el-25-de-mayo-un-open-day-en-asturias\\\/#article\",\"name\":\"Vueling convoca el 25 de mayo un \\u2018Open Day\\u2019 en Asturias | El Digital de Asturias\",\"headline\":\"Vueling convoca el 25 de mayo un &#8216;Open Day&#8217; en Asturias\",\"author\":{\"@id\":\"https:\\\/\\\/eldigitaldeasturias.com\\\/magazine365\\\/author\\\/admin\\\/#author\"},\"publisher\":{\"@id\":\"https:\\\/\\\/eldigitaldeasturias.com\\\/magazine365\\\/#organization\"},\"image\":{\"@type\":\"ImageObject\",\"url\":\"https:\\\/\\\/eldigitaldeasturias.com\\\/magazine365\\\/wp-content\\\/uploads\\\/2016\\\/05\\\/fotonoticia_20160519184029_800.jpg\",\"width\":800,\"height\":534},\"datePublished\":\"2016-05-21T06:15:56+02:00\",\"dateModified\":\"2016-05-21T06:15:56+02:00\",\"inLanguage\":\"es-ES\",\"mainEntityOfPage\":{\"@id\":\"https:\\\/\\\/eldigitaldeasturias.com\\\/magazine365\\\/vueling-convoca-el-25-de-mayo-un-open-day-en-asturias\\\/#webpage\"},\"isPartOf\":{\"@id\":\"https:\\\/\\\/eldigitaldeasturias.com\\\/magazine365\\\/vueling-convoca-el-25-de-mayo-un-open-day-en-asturias\\\/#webpage\"},\"articleSection\":\"Noticias y Actualidad\"},{\"@type\":\"BreadcrumbList\",\"@id\":\"https:\\\/\\\/eldigitaldeasturias.com\\\/magazine365\\\/vueling-convoca-el-25-de-mayo-un-open-day-en-asturias\\\/#breadcrumblist\",\"itemListElement\":[{\"@type\":\"ListItem\",\"@id\":\"https:\\\/\\\/eldigitaldeasturias.com\\\/magazine365#listItem\",\"position\":1,\"name\":\"Home\",\"item\":\"https:\\\/\\\/eldigitaldeasturias.com\\\/magazine365\",\"nextItem\":{\"@type\":\"ListItem\",\"@id\":\"https:\\\/\\\/eldigitaldeasturias.com\\\/magazine365\\\/category\\\/noticias-actualidad\\\/#listItem\",\"name\":\"Noticias y Actualidad\"}},{\"@type\":\"ListItem\",\"@id\":\"https:\\\/\\\/eldigitaldeasturias.com\\\/magazine365\\\/category\\\/noticias-actualidad\\\/#listItem\",\"position\":2,\"name\":\"Noticias y Actualidad\",\"item\":\"https:\\\/\\\/eldigitaldeasturias.com\\\/magazine365\\\/category\\\/noticias-actualidad\\\/\",\"nextItem\":{\"@type\":\"ListItem\",\"@id\":\"https:\\\/\\\/eldigitaldeasturias.com\\\/magazine365\\\/vueling-convoca-el-25-de-mayo-un-open-day-en-asturias\\\/#listItem\",\"name\":\"Vueling convoca el 25 de mayo un &#8216;Open Day&#8217; en Asturias\"},\"previousItem\":{\"@type\":\"ListItem\",\"@id\":\"https:\\\/\\\/eldigitaldeasturias.com\\\/magazine365#listItem\",\"name\":\"Home\"}},{\"@type\":\"ListItem\",\"@id\":\"https:\\\/\\\/eldigitaldeasturias.com\\\/magazine365\\\/vueling-convoca-el-25-de-mayo-un-open-day-en-asturias\\\/#listItem\",\"position\":3,\"name\":\"Vueling convoca el 25 de mayo un &#8216;Open Day&#8217; en Asturias\",\"previousItem\":{\"@type\":\"ListItem\",\"@id\":\"https:\\\/\\\/eldigitaldeasturias.com\\\/magazine365\\\/category\\\/noticias-actualidad\\\/#listItem\",\"name\":\"Noticias y Actualidad\"}}]},{\"@type\":\"Organization\",\"@id\":\"https:\\\/\\\/eldigitaldeasturias.com\\\/magazine365\\\/#organization\",\"name\":\"El digital de Asturias\",\"description\":\"Revista de ocio, turismo y estilo de vida\",\"url\":\"https:\\\/\\\/eldigitaldeasturias.com\\\/magazine365\\\/\",\"logo\":{\"@type\":\"ImageObject\",\"url\":\"https:\\\/\\\/www.eldigitaldeasturias.com\\\/noticias\\\/wp-content\\\/uploads\\\/2020\\\/12\\\/EDA.jpg\",\"@id\":\"https:\\\/\\\/eldigitaldeasturias.com\\\/magazine365\\\/vueling-convoca-el-25-de-mayo-un-open-day-en-asturias\\\/#organizationLogo\"},\"image\":{\"@id\":\"https:\\\/\\\/eldigitaldeasturias.com\\\/magazine365\\\/vueling-convoca-el-25-de-mayo-un-open-day-en-asturias\\\/#organizationLogo\"}},{\"@type\":\"Person\",\"@id\":\"https:\\\/\\\/eldigitaldeasturias.com\\\/magazine365\\\/author\\\/admin\\\/#author\",\"url\":\"https:\\\/\\\/eldigitaldeasturias.com\\\/magazine365\\\/author\\\/admin\\\/\",\"name\":\"admin\",\"image\":{\"@type\":\"ImageObject\",\"@id\":\"https:\\\/\\\/eldigitaldeasturias.com\\\/magazine365\\\/vueling-convoca-el-25-de-mayo-un-open-day-en-asturias\\\/#authorImage\",\"url\":\"https:\\\/\\\/eldigitaldeasturias.com\\\/magazine365\\\/wp-content\\\/litespeed\\\/avatar\\\/e571bcf59a0edd6fa6838245a470f2fe.jpg?ver=1777574230\",\"width\":96,\"height\":96,\"caption\":\"admin\"}},{\"@type\":\"WebPage\",\"@id\":\"https:\\\/\\\/eldigitaldeasturias.com\\\/magazine365\\\/vueling-convoca-el-25-de-mayo-un-open-day-en-asturias\\\/#webpage\",\"url\":\"https:\\\/\\\/eldigitaldeasturias.com\\\/magazine365\\\/vueling-convoca-el-25-de-mayo-un-open-day-en-asturias\\\/\",\"name\":\"Vueling convoca el 25 de mayo un \\u2018Open Day\\u2019 en Asturias | El Digital de Asturias\",\"description\":\"Vueling anuncia la apertura de una nueva convocatoria de tripulantes de cabina (TCP) en Asturias el pr\\u00f3ximo 25 de mayo para hacer frente la operativa del pr\\u00f3ximo verano, en el que por primera vez en su historia la aerol\\u00ednea operar\\u00e1 m\\u00e1s de 400 rutas. Vueling, que tambi\\u00e9n est\\u00e1 realizando otros 'Open Days' en ciudades como\",\"inLanguage\":\"es-ES\",\"isPartOf\":{\"@id\":\"https:\\\/\\\/eldigitaldeasturias.com\\\/magazine365\\\/#website\"},\"breadcrumb\":{\"@id\":\"https:\\\/\\\/eldigitaldeasturias.com\\\/magazine365\\\/vueling-convoca-el-25-de-mayo-un-open-day-en-asturias\\\/#breadcrumblist\"},\"author\":{\"@id\":\"https:\\\/\\\/eldigitaldeasturias.com\\\/magazine365\\\/author\\\/admin\\\/#author\"},\"creator\":{\"@id\":\"https:\\\/\\\/eldigitaldeasturias.com\\\/magazine365\\\/author\\\/admin\\\/#author\"},\"image\":{\"@type\":\"ImageObject\",\"url\":\"https:\\\/\\\/eldigitaldeasturias.com\\\/magazine365\\\/wp-content\\\/uploads\\\/2016\\\/05\\\/fotonoticia_20160519184029_800.jpg\",\"@id\":\"https:\\\/\\\/eldigitaldeasturias.com\\\/magazine365\\\/vueling-convoca-el-25-de-mayo-un-open-day-en-asturias\\\/#mainImage\",\"width\":800,\"height\":534},\"primaryImageOfPage\":{\"@id\":\"https:\\\/\\\/eldigitaldeasturias.com\\\/magazine365\\\/vueling-convoca-el-25-de-mayo-un-open-day-en-asturias\\\/#mainImage\"},\"datePublished\":\"2016-05-21T06:15:56+02:00\",\"dateModified\":\"2016-05-21T06:15:56+02:00\"},{\"@type\":\"WebSite\",\"@id\":\"https:\\\/\\\/eldigitaldeasturias.com\\\/magazine365\\\/#website\",\"url\":\"https:\\\/\\\/eldigitaldeasturias.com\\\/magazine365\\\/\",\"name\":\"El Digital de Asturias\",\"description\":\"Revista de ocio, turismo y estilo de vida\",\"inLanguage\":\"es-ES\",\"publisher\":{\"@id\":\"https:\\\/\\\/eldigitaldeasturias.com\\\/magazine365\\\/#organization\"}}]}\n\t\t<\/script>\n\t\t<!-- All in One SEO Pro -->\r\n\t\t<title>Vueling convoca el 25 de mayo un \u2018Open Day\u2019 en Asturias | El Digital de Asturias<\/title>\n\n","aioseo_head_json":{"title":"Vueling convoca el 25 de mayo un \u2018Open Day\u2019 en Asturias | El Digital de Asturias","description":"Vueling anuncia la apertura de una nueva convocatoria de tripulantes de cabina (TCP) en Asturias el pr\u00f3ximo 25 de mayo para hacer frente la operativa del pr\u00f3ximo verano, en el que por primera vez en su historia la aerol\u00ednea operar\u00e1 m\u00e1s de 400 rutas. Vueling, que tambi\u00e9n est\u00e1 realizando otros 'Open Days' en ciudades como","canonical_url":"https:\/\/eldigitaldeasturias.com\/magazine365\/vueling-convoca-el-25-de-mayo-un-open-day-en-asturias\/","robots":"max-image-preview:large","keywords":"noticias y actualidad","webmasterTools":{"google-site-verification":"UA-38556648-1","miscellaneous":""},"schema":{"@context":"https:\/\/schema.org","@graph":[{"@type":"Article","@id":"https:\/\/eldigitaldeasturias.com\/magazine365\/vueling-convoca-el-25-de-mayo-un-open-day-en-asturias\/#article","name":"Vueling convoca el 25 de mayo un \u2018Open Day\u2019 en Asturias | El Digital de Asturias","headline":"Vueling convoca el 25 de mayo un &#8216;Open Day&#8217; en Asturias","author":{"@id":"https:\/\/eldigitaldeasturias.com\/magazine365\/author\/admin\/#author"},"publisher":{"@id":"https:\/\/eldigitaldeasturias.com\/magazine365\/#organization"},"image":{"@type":"ImageObject","url":"https:\/\/eldigitaldeasturias.com\/magazine365\/wp-content\/uploads\/2016\/05\/fotonoticia_20160519184029_800.jpg","width":800,"height":534},"datePublished":"2016-05-21T06:15:56+02:00","dateModified":"2016-05-21T06:15:56+02:00","inLanguage":"es-ES","mainEntityOfPage":{"@id":"https:\/\/eldigitaldeasturias.com\/magazine365\/vueling-convoca-el-25-de-mayo-un-open-day-en-asturias\/#webpage"},"isPartOf":{"@id":"https:\/\/eldigitaldeasturias.com\/magazine365\/vueling-convoca-el-25-de-mayo-un-open-day-en-asturias\/#webpage"},"articleSection":"Noticias y Actualidad"},{"@type":"BreadcrumbList","@id":"https:\/\/eldigitaldeasturias.com\/magazine365\/vueling-convoca-el-25-de-mayo-un-open-day-en-asturias\/#breadcrumblist","itemListElement":[{"@type":"ListItem","@id":"https:\/\/eldigitaldeasturias.com\/magazine365#listItem","position":1,"name":"Home","item":"https:\/\/eldigitaldeasturias.com\/magazine365","nextItem":{"@type":"ListItem","@id":"https:\/\/eldigitaldeasturias.com\/magazine365\/category\/noticias-actualidad\/#listItem","name":"Noticias y Actualidad"}},{"@type":"ListItem","@id":"https:\/\/eldigitaldeasturias.com\/magazine365\/category\/noticias-actualidad\/#listItem","position":2,"name":"Noticias y Actualidad","item":"https:\/\/eldigitaldeasturias.com\/magazine365\/category\/noticias-actualidad\/","nextItem":{"@type":"ListItem","@id":"https:\/\/eldigitaldeasturias.com\/magazine365\/vueling-convoca-el-25-de-mayo-un-open-day-en-asturias\/#listItem","name":"Vueling convoca el 25 de mayo un &#8216;Open Day&#8217; en Asturias"},"previousItem":{"@type":"ListItem","@id":"https:\/\/eldigitaldeasturias.com\/magazine365#listItem","name":"Home"}},{"@type":"ListItem","@id":"https:\/\/eldigitaldeasturias.com\/magazine365\/vueling-convoca-el-25-de-mayo-un-open-day-en-asturias\/#listItem","position":3,"name":"Vueling convoca el 25 de mayo un &#8216;Open Day&#8217; en Asturias","previousItem":{"@type":"ListItem","@id":"https:\/\/eldigitaldeasturias.com\/magazine365\/category\/noticias-actualidad\/#listItem","name":"Noticias y Actualidad"}}]},{"@type":"Organization","@id":"https:\/\/eldigitaldeasturias.com\/magazine365\/#organization","name":"El digital de Asturias","description":"Revista de ocio, turismo y estilo de vida","url":"https:\/\/eldigitaldeasturias.com\/magazine365\/","logo":{"@type":"ImageObject","url":"https:\/\/www.eldigitaldeasturias.com\/noticias\/wp-content\/uploads\/2020\/12\/EDA.jpg","@id":"https:\/\/eldigitaldeasturias.com\/magazine365\/vueling-convoca-el-25-de-mayo-un-open-day-en-asturias\/#organizationLogo"},"image":{"@id":"https:\/\/eldigitaldeasturias.com\/magazine365\/vueling-convoca-el-25-de-mayo-un-open-day-en-asturias\/#organizationLogo"}},{"@type":"Person","@id":"https:\/\/eldigitaldeasturias.com\/magazine365\/author\/admin\/#author","url":"https:\/\/eldigitaldeasturias.com\/magazine365\/author\/admin\/","name":"admin","image":{"@type":"ImageObject","@id":"https:\/\/eldigitaldeasturias.com\/magazine365\/vueling-convoca-el-25-de-mayo-un-open-day-en-asturias\/#authorImage","url":"https:\/\/eldigitaldeasturias.com\/magazine365\/wp-content\/litespeed\/avatar\/e571bcf59a0edd6fa6838245a470f2fe.jpg?ver=1777574230","width":96,"height":96,"caption":"admin"}},{"@type":"WebPage","@id":"https:\/\/eldigitaldeasturias.com\/magazine365\/vueling-convoca-el-25-de-mayo-un-open-day-en-asturias\/#webpage","url":"https:\/\/eldigitaldeasturias.com\/magazine365\/vueling-convoca-el-25-de-mayo-un-open-day-en-asturias\/","name":"Vueling convoca el 25 de mayo un \u2018Open Day\u2019 en Asturias | El Digital de Asturias","description":"Vueling anuncia la apertura de una nueva convocatoria de tripulantes de cabina (TCP) en Asturias el pr\u00f3ximo 25 de mayo para hacer frente la operativa del pr\u00f3ximo verano, en el que por primera vez en su historia la aerol\u00ednea operar\u00e1 m\u00e1s de 400 rutas. Vueling, que tambi\u00e9n est\u00e1 realizando otros 'Open Days' en ciudades como","inLanguage":"es-ES","isPartOf":{"@id":"https:\/\/eldigitaldeasturias.com\/magazine365\/#website"},"breadcrumb":{"@id":"https:\/\/eldigitaldeasturias.com\/magazine365\/vueling-convoca-el-25-de-mayo-un-open-day-en-asturias\/#breadcrumblist"},"author":{"@id":"https:\/\/eldigitaldeasturias.com\/magazine365\/author\/admin\/#author"},"creator":{"@id":"https:\/\/eldigitaldeasturias.com\/magazine365\/author\/admin\/#author"},"image":{"@type":"ImageObject","url":"https:\/\/eldigitaldeasturias.com\/magazine365\/wp-content\/uploads\/2016\/05\/fotonoticia_20160519184029_800.jpg","@id":"https:\/\/eldigitaldeasturias.com\/magazine365\/vueling-convoca-el-25-de-mayo-un-open-day-en-asturias\/#mainImage","width":800,"height":534},"primaryImageOfPage":{"@id":"https:\/\/eldigitaldeasturias.com\/magazine365\/vueling-convoca-el-25-de-mayo-un-open-day-en-asturias\/#mainImage"},"datePublished":"2016-05-21T06:15:56+02:00","dateModified":"2016-05-21T06:15:56+02:00"},{"@type":"WebSite","@id":"https:\/\/eldigitaldeasturias.com\/magazine365\/#website","url":"https:\/\/eldigitaldeasturias.com\/magazine365\/","name":"El Digital de Asturias","description":"Revista de ocio, turismo y estilo de vida","inLanguage":"es-ES","publisher":{"@id":"https:\/\/eldigitaldeasturias.com\/magazine365\/#organization"}}]},"og:locale":"es_ES","og:site_name":"El Digital de Asturias \u2013 Revista de ocio, turismo y estilo de vida","og:type":"article","og:title":"Vueling convoca el 25 de mayo un \u2018Open Day\u2019 en Asturias | El Digital de Asturias","og:description":"Vueling anuncia la apertura de una nueva convocatoria de tripulantes de cabina (TCP) en Asturias el pr\u00f3ximo 25 de mayo para hacer frente la operativa del pr\u00f3ximo verano, en el que por primera vez en su historia la aerol\u00ednea operar\u00e1 m\u00e1s de 400 rutas. Vueling, que tambi\u00e9n est\u00e1 realizando otros 'Open Days' en ciudades como","og:url":"https:\/\/eldigitaldeasturias.com\/magazine365\/vueling-convoca-el-25-de-mayo-un-open-day-en-asturias\/","og:image":"https:\/\/eldigitaldeasturias.com\/magazine365\/wp-content\/uploads\/2016\/05\/fotonoticia_20160519184029_800.jpg","og:image:secure_url":"https:\/\/eldigitaldeasturias.com\/magazine365\/wp-content\/uploads\/2016\/05\/fotonoticia_20160519184029_800.jpg","og:image:width":800,"og:image:height":534,"article:published_time":"2016-05-21T04:15:56+00:00","article:modified_time":"2016-05-21T04:15:56+00:00","twitter:card":"summary_large_image","twitter:title":"Vueling convoca el 25 de mayo un \u2018Open Day\u2019 en Asturias | El Digital de Asturias","twitter:description":"Vueling anuncia la apertura de una nueva convocatoria de tripulantes de cabina (TCP) en Asturias el pr\u00f3ximo 25 de mayo para hacer frente la operativa del pr\u00f3ximo verano, en el que por primera vez en su historia la aerol\u00ednea operar\u00e1 m\u00e1s de 400 rutas. Vueling, que tambi\u00e9n est\u00e1 realizando otros 'Open Days' en ciudades como","twitter:image":"https:\/\/eldigitaldeasturias.com\/magazine365\/wp-content\/uploads\/2016\/05\/fotonoticia_20160519184029_800.jpg"},"aioseo_meta_data":{"post_id":"76530","title":null,"description":null,"keywords":null,"keyphrases":null,"primary_term":null,"canonical_url":null,"og_title":null,"og_description":null,"og_object_type":"default","og_image_type":"default","og_image_url":null,"og_image_width":null,"og_image_height":null,"og_image_custom_url":null,"og_image_custom_fields":null,"og_video":null,"og_custom_url":null,"og_article_section":null,"og_article_tags":null,"twitter_use_og":false,"twitter_card":"default","twitter_image_type":"default","twitter_image_url":null,"twitter_image_custom_url":null,"twitter_image_custom_fields":null,"twitter_title":null,"twitter_description":null,"schema":{"blockGraphs":[],"customGraphs":[],"default":{"data":{"Article":[],"Course":[],"Dataset":[],"FAQPage":[],"Movie":[],"Person":[],"Product":[],"ProductReview":[],"Car":[],"Recipe":[],"Service":[],"SoftwareApplication":[],"WebPage":[]},"graphName":"","isEnabled":true},"graphs":[],"defaultGraph":"","defaultPostTypeGraph":""},"schema_type":null,"schema_type_options":null,"pillar_content":false,"robots_default":true,"robots_noindex":false,"robots_noarchive":false,"robots_nosnippet":false,"robots_nofollow":false,"robots_noimageindex":false,"robots_noodp":false,"robots_notranslate":false,"robots_max_snippet":null,"robots_max_videopreview":null,"robots_max_imagepreview":"large","priority":null,"frequency":null,"location":null,"local_seo":null,"seo_analyzer_scan_date":"2025-09-27 12:51:56","breadcrumb_settings":null,"limit_modified_date":false,"open_ai":null,"ai":null,"created":"2021-03-08 18:27:04","updated":"2025-09-27 12:51:56"},"aioseo_breadcrumb":"<div class=\"aioseo-breadcrumbs\"><span class=\"aioseo-breadcrumb\">\n\t<a href=\"https:\/\/eldigitaldeasturias.com\/magazine365\" title=\"Home\">Home<\/a>\n<\/span><span class=\"aioseo-breadcrumb-separator\">\u2013<\/span><span class=\"aioseo-breadcrumb\">\n\t<a href=\"https:\/\/eldigitaldeasturias.com\/magazine365\/category\/noticias-actualidad\/\" title=\"Noticias y Actualidad\">Noticias y Actualidad<\/a>\n<\/span><span class=\"aioseo-breadcrumb-separator\">\u2013<\/span><span class=\"aioseo-breadcrumb\">\n\t<a href=\"https:\/\/eldigitaldeasturias.com\/magazine365\/vueling-convoca-el-25-de-mayo-un-open-day-en-asturias\/\" title=\"Vueling convoca el 25 de mayo un \u2018Open Day\u2019 en Asturias\">Vueling convoca el 25 de mayo un \u2018Open Day\u2019 en Asturias<\/a>\n<\/span><\/div>","aioseo_breadcrumb_json":[{"label":"Home","link":"https:\/\/eldigitaldeasturias.com\/magazine365"},{"label":"Noticias y Actualidad","link":"https:\/\/eldigitaldeasturias.com\/magazine365\/category\/noticias-actualidad\/"},{"label":"Vueling convoca el 25 de mayo un &#8216;Open Day&#8217; en Asturias","link":"https:\/\/eldigitaldeasturias.com\/magazine365\/vueling-convoca-el-25-de-mayo-un-open-day-en-asturias\/"}],"_links":{"self":[{"href":"https:\/\/eldigitaldeasturias.com\/magazine365\/wp-json\/wp\/v2\/posts\/76530","targetHints":{"allow":["GET"]}}],"collection":[{"href":"https:\/\/eldigitaldeasturias.com\/magazine365\/wp-json\/wp\/v2\/posts"}],"about":[{"href":"https:\/\/eldigitaldeasturias.com\/magazine365\/wp-json\/wp\/v2\/types\/post"}],"author":[{"embeddable":true,"href":"https:\/\/eldigitaldeasturias.com\/magazine365\/wp-json\/wp\/v2\/users\/1"}],"replies":[{"embeddable":true,"href":"https:\/\/eldigitaldeasturias.com\/magazine365\/wp-json\/wp\/v2\/comments?post=76530"}],"version-history":[{"count":0,"href":"https:\/\/eldigitaldeasturias.com\/magazine365\/wp-json\/wp\/v2\/posts\/76530\/revisions"}],"wp:featuredmedia":[{"embeddable":true,"href":"https:\/\/eldigitaldeasturias.com\/magazine365\/wp-json\/wp\/v2\/media\/76531"}],"wp:attachment":[{"href":"https:\/\/eldigitaldeasturias.com\/magazine365\/wp-json\/wp\/v2\/media?parent=76530"}],"wp:term":[{"taxonomy":"category","embeddable":true,"href":"https:\/\/eldigitaldeasturias.com\/magazine365\/wp-json\/wp\/v2\/categories?post=76530"},{"taxonomy":"post_tag","embeddable":true,"href":"https:\/\/eldigitaldeasturias.com\/magazine365\/wp-json\/wp\/v2\/tags?post=76530"}],"curies":[{"name":"wp","href":"https:\/\/api.w.org\/{rel}","templated":true}]}}