{"id":76525,"date":"2016-05-21T06:09:38","date_gmt":"2016-05-21T04:09:38","guid":{"rendered":"http:\/\/eldigitaldeasturias.com\/magazine365\/?p=76525"},"modified":"2016-05-21T06:09:38","modified_gmt":"2016-05-21T04:09:38","slug":"un-ministro-egipcio-ve-mas-probable-la-tesis-de-un-atentado-terrorista-que-un-fallo-en-el-vuelo-ms804","status":"publish","type":"post","link":"https:\/\/eldigitaldeasturias.com\/magazine365\/un-ministro-egipcio-ve-mas-probable-la-tesis-de-un-atentado-terrorista-que-un-fallo-en-el-vuelo-ms804\/","title":{"rendered":"Un ministro egipcio ve m\u00e1s probable la tesis de un atentado terrorista que un fallo en el vuelo MS804"},"content":{"rendered":"<p><img fetchpriority=\"high\" decoding=\"async\" class=\"alignleft size-medium wp-image-76403\" src=\"https:\/\/eldigitaldeasturias.com\/magazine365\/wp-content\/uploads\/2016\/05\/fotonoticia_20160519084348_800-360x256.jpg\" alt=\"fotonoticia_20160519084348_800\" width=\"360\" height=\"256\" srcset=\"https:\/\/eldigitaldeasturias.com\/magazine365\/wp-content\/uploads\/2016\/05\/fotonoticia_20160519084348_800-360x256.jpg 360w, https:\/\/eldigitaldeasturias.com\/magazine365\/wp-content\/uploads\/2016\/05\/fotonoticia_20160519084348_800-650x462.jpg 650w, https:\/\/eldigitaldeasturias.com\/magazine365\/wp-content\/uploads\/2016\/05\/fotonoticia_20160519084348_800-768x546.jpg 768w, https:\/\/eldigitaldeasturias.com\/magazine365\/wp-content\/uploads\/2016\/05\/fotonoticia_20160519084348_800-150x107.jpg 150w, https:\/\/eldigitaldeasturias.com\/magazine365\/wp-content\/uploads\/2016\/05\/fotonoticia_20160519084348_800-450x320.jpg 450w, https:\/\/eldigitaldeasturias.com\/magazine365\/wp-content\/uploads\/2016\/05\/fotonoticia_20160519084348_800.jpg 800w\" sizes=\"(max-width: 360px) 100vw, 360px\" \/>El ministro de Aviaci\u00f3n Civil egipcio, Sherif Fathy, ha considerado este jueves que es m\u00e1s probable que el avi\u00f3n de EgyptAir haya sido v\u00edctima de alg\u00fan tipo de ataque terrorista que el que haya podido producirse alg\u00fan fallo t\u00e9cnico.<\/p>\n<p>\u00abLa posibilidad de un ataque terrorista es mayor que la de un error t\u00e9cnico\u00bb, ha sostenido en rueda de prensa, seg\u00fan informa el diario estatal &#8216;Al Ahram&#8217;.<\/p>\n<p>Preguntado por los motivos que le empujan a hacer esta afirmaci\u00f3n, el ministro ha indicado que lo ha dicho \u00aben base a lo que he le\u00eddo y a mi experiencia, pero se trata de conjeturas y posibles escenarios\u00bb, ha afirmado.<\/p>\n<p>\u00abSeguir\u00e9 usando la palabra &#8216;desaparecido&#8217; hasta que encontremos los restos\u00bb, ha a\u00f1adido. Sus declaraciones se han producido antes de que se conociera la noticia de que habr\u00edan sido avistados los primeros restos del aparato al sur de la isla griega de Creta.<\/p>\n<p>El jefe del Servicio de Seguridad Federal (FSB) ruso, Alexander Bortnikov, tambi\u00e9n parece compartir esta tesis. \u00abDesgraciadamente se ha producido otro incidente hoy con un avi\u00f3n de aerol\u00edneas egipcias\u00bb, ha comentado. \u00abLo m\u00e1s probable es que fuera un ataque terrorista lo que ha matado a 66 personas de doce pa\u00edses\u00bb, ha declarado desde Minsk, seg\u00fan la agencia Itar-Tass.<\/p>\n<p>En este sentido, Bortnikov ha llamado a \u00abtodas las partes interesadas, incluidos nuestros socios en Europa, a adoptar medias conjuntas para identificar a las personas implicadas en este terrible ataque\u00bb.<\/p>\n","protected":false},"excerpt":{"rendered":"<p>El ministro de Aviaci\u00f3n Civil egipcio, Sherif Fathy, ha considerado este jueves que es m\u00e1s probable que el avi\u00f3n de EgyptAir haya sido v\u00edctima de alg\u00fan tipo de ataque terrorista que el que haya podido producirse alg\u00fan fallo t\u00e9cnico. \u00abLa posibilidad de un ataque terrorista es mayor que la de un error t\u00e9cnico\u00bb, ha sostenido<\/p>\n","protected":false},"author":1,"featured_media":76403,"comment_status":"open","ping_status":"closed","sticky":false,"template":"","format":"standard","meta":{"footnotes":""},"categories":[224],"tags":[],"class_list":{"0":"post-76525","1":"post","2":"type-post","3":"status-publish","4":"format-standard","5":"has-post-thumbnail","7":"category-noticias-actualidad"},"aioseo_notices":[],"aioseo_head":"\n\t\t<!-- All in One SEO Pro 4.9.6.1 - aioseo.com -->\n\t<meta name=\"description\" content=\"El ministro de Aviaci\u00f3n Civil egipcio, Sherif Fathy, ha considerado este jueves que es m\u00e1s probable que el avi\u00f3n de EgyptAir haya sido v\u00edctima de alg\u00fan tipo de ataque terrorista que el que haya podido producirse alg\u00fan fallo t\u00e9cnico. &quot;La posibilidad de un ataque terrorista es mayor que la de un error t\u00e9cnico&quot;, ha sostenido\" \/>\n\t<meta name=\"robots\" content=\"max-image-preview:large\" \/>\n\t<meta name=\"author\" content=\"admin\"\/>\n\t<meta name=\"google-site-verification\" content=\"UA-38556648-1\" \/>\n\t<meta name=\"keywords\" content=\"noticias y actualidad\" \/>\n\t<link rel=\"canonical\" href=\"https:\/\/eldigitaldeasturias.com\/magazine365\/un-ministro-egipcio-ve-mas-probable-la-tesis-de-un-atentado-terrorista-que-un-fallo-en-el-vuelo-ms804\/\" \/>\n\t<meta name=\"generator\" content=\"All in One SEO Pro (AIOSEO) 4.9.6.1\" \/>\n\t\t<meta property=\"og:locale\" content=\"es_ES\" \/>\n\t\t<meta property=\"og:site_name\" content=\"El Digital de Asturias \u2013 Revista de ocio, turismo y estilo de vida\" \/>\n\t\t<meta property=\"og:type\" content=\"article\" \/>\n\t\t<meta property=\"og:title\" content=\"Un ministro egipcio ve m\u00e1s probable la tesis de un atentado terrorista que un fallo en el vuelo MS804 | El Digital de Asturias\" \/>\n\t\t<meta property=\"og:description\" content=\"El ministro de Aviaci\u00f3n Civil egipcio, Sherif Fathy, ha considerado este jueves que es m\u00e1s probable que el avi\u00f3n de EgyptAir haya sido v\u00edctima de alg\u00fan tipo de ataque terrorista que el que haya podido producirse alg\u00fan fallo t\u00e9cnico. &quot;La posibilidad de un ataque terrorista es mayor que la de un error t\u00e9cnico&quot;, ha sostenido\" \/>\n\t\t<meta property=\"og:url\" content=\"https:\/\/eldigitaldeasturias.com\/magazine365\/un-ministro-egipcio-ve-mas-probable-la-tesis-de-un-atentado-terrorista-que-un-fallo-en-el-vuelo-ms804\/\" \/>\n\t\t<meta property=\"og:image\" content=\"https:\/\/eldigitaldeasturias.com\/magazine365\/wp-content\/uploads\/2016\/05\/fotonoticia_20160519084348_800.jpg\" \/>\n\t\t<meta property=\"og:image:secure_url\" content=\"https:\/\/eldigitaldeasturias.com\/magazine365\/wp-content\/uploads\/2016\/05\/fotonoticia_20160519084348_800.jpg\" \/>\n\t\t<meta property=\"og:image:width\" content=\"800\" \/>\n\t\t<meta property=\"og:image:height\" content=\"569\" \/>\n\t\t<meta property=\"article:published_time\" content=\"2016-05-21T04:09:38+00:00\" \/>\n\t\t<meta property=\"article:modified_time\" content=\"2016-05-21T04:09:38+00:00\" \/>\n\t\t<meta name=\"twitter:card\" content=\"summary_large_image\" \/>\n\t\t<meta name=\"twitter:title\" content=\"Un ministro egipcio ve m\u00e1s probable la tesis de un atentado terrorista que un fallo en el vuelo MS804 | El Digital de Asturias\" \/>\n\t\t<meta name=\"twitter:description\" content=\"El ministro de Aviaci\u00f3n Civil egipcio, Sherif Fathy, ha considerado este jueves que es m\u00e1s probable que el avi\u00f3n de EgyptAir haya sido v\u00edctima de alg\u00fan tipo de ataque terrorista que el que haya podido producirse alg\u00fan fallo t\u00e9cnico. &quot;La posibilidad de un ataque terrorista es mayor que la de un error t\u00e9cnico&quot;, ha sostenido\" \/>\n\t\t<meta name=\"twitter:image\" content=\"https:\/\/eldigitaldeasturias.com\/magazine365\/wp-content\/uploads\/2016\/05\/fotonoticia_20160519084348_800.jpg\" \/>\n\t\t<script type=\"application\/ld+json\" class=\"aioseo-schema\">\n\t\t\t{\"@context\":\"https:\\\/\\\/schema.org\",\"@graph\":[{\"@type\":\"Article\",\"@id\":\"https:\\\/\\\/eldigitaldeasturias.com\\\/magazine365\\\/un-ministro-egipcio-ve-mas-probable-la-tesis-de-un-atentado-terrorista-que-un-fallo-en-el-vuelo-ms804\\\/#article\",\"name\":\"Un ministro egipcio ve m\\u00e1s probable la tesis de un atentado terrorista que un fallo en el vuelo MS804 | El Digital de Asturias\",\"headline\":\"Un ministro egipcio ve m\\u00e1s probable la tesis de un atentado terrorista que un fallo en el vuelo MS804\",\"author\":{\"@id\":\"https:\\\/\\\/eldigitaldeasturias.com\\\/magazine365\\\/author\\\/admin\\\/#author\"},\"publisher\":{\"@id\":\"https:\\\/\\\/eldigitaldeasturias.com\\\/magazine365\\\/#organization\"},\"image\":{\"@type\":\"ImageObject\",\"url\":\"https:\\\/\\\/eldigitaldeasturias.com\\\/magazine365\\\/wp-content\\\/uploads\\\/2016\\\/05\\\/fotonoticia_20160519084348_800.jpg\",\"width\":800,\"height\":569},\"datePublished\":\"2016-05-21T06:09:38+02:00\",\"dateModified\":\"2016-05-21T06:09:38+02:00\",\"inLanguage\":\"es-ES\",\"mainEntityOfPage\":{\"@id\":\"https:\\\/\\\/eldigitaldeasturias.com\\\/magazine365\\\/un-ministro-egipcio-ve-mas-probable-la-tesis-de-un-atentado-terrorista-que-un-fallo-en-el-vuelo-ms804\\\/#webpage\"},\"isPartOf\":{\"@id\":\"https:\\\/\\\/eldigitaldeasturias.com\\\/magazine365\\\/un-ministro-egipcio-ve-mas-probable-la-tesis-de-un-atentado-terrorista-que-un-fallo-en-el-vuelo-ms804\\\/#webpage\"},\"articleSection\":\"Noticias y Actualidad\"},{\"@type\":\"BreadcrumbList\",\"@id\":\"https:\\\/\\\/eldigitaldeasturias.com\\\/magazine365\\\/un-ministro-egipcio-ve-mas-probable-la-tesis-de-un-atentado-terrorista-que-un-fallo-en-el-vuelo-ms804\\\/#breadcrumblist\",\"itemListElement\":[{\"@type\":\"ListItem\",\"@id\":\"https:\\\/\\\/eldigitaldeasturias.com\\\/magazine365#listItem\",\"position\":1,\"name\":\"Home\",\"item\":\"https:\\\/\\\/eldigitaldeasturias.com\\\/magazine365\",\"nextItem\":{\"@type\":\"ListItem\",\"@id\":\"https:\\\/\\\/eldigitaldeasturias.com\\\/magazine365\\\/category\\\/noticias-actualidad\\\/#listItem\",\"name\":\"Noticias y Actualidad\"}},{\"@type\":\"ListItem\",\"@id\":\"https:\\\/\\\/eldigitaldeasturias.com\\\/magazine365\\\/category\\\/noticias-actualidad\\\/#listItem\",\"position\":2,\"name\":\"Noticias y Actualidad\",\"item\":\"https:\\\/\\\/eldigitaldeasturias.com\\\/magazine365\\\/category\\\/noticias-actualidad\\\/\",\"nextItem\":{\"@type\":\"ListItem\",\"@id\":\"https:\\\/\\\/eldigitaldeasturias.com\\\/magazine365\\\/un-ministro-egipcio-ve-mas-probable-la-tesis-de-un-atentado-terrorista-que-un-fallo-en-el-vuelo-ms804\\\/#listItem\",\"name\":\"Un ministro egipcio ve m\\u00e1s probable la tesis de un atentado terrorista que un fallo en el vuelo MS804\"},\"previousItem\":{\"@type\":\"ListItem\",\"@id\":\"https:\\\/\\\/eldigitaldeasturias.com\\\/magazine365#listItem\",\"name\":\"Home\"}},{\"@type\":\"ListItem\",\"@id\":\"https:\\\/\\\/eldigitaldeasturias.com\\\/magazine365\\\/un-ministro-egipcio-ve-mas-probable-la-tesis-de-un-atentado-terrorista-que-un-fallo-en-el-vuelo-ms804\\\/#listItem\",\"position\":3,\"name\":\"Un ministro egipcio ve m\\u00e1s probable la tesis de un atentado terrorista que un fallo en el vuelo MS804\",\"previousItem\":{\"@type\":\"ListItem\",\"@id\":\"https:\\\/\\\/eldigitaldeasturias.com\\\/magazine365\\\/category\\\/noticias-actualidad\\\/#listItem\",\"name\":\"Noticias y Actualidad\"}}]},{\"@type\":\"Organization\",\"@id\":\"https:\\\/\\\/eldigitaldeasturias.com\\\/magazine365\\\/#organization\",\"name\":\"El digital de Asturias\",\"description\":\"Revista de ocio, turismo y estilo de vida\",\"url\":\"https:\\\/\\\/eldigitaldeasturias.com\\\/magazine365\\\/\",\"logo\":{\"@type\":\"ImageObject\",\"url\":\"https:\\\/\\\/www.eldigitaldeasturias.com\\\/noticias\\\/wp-content\\\/uploads\\\/2020\\\/12\\\/EDA.jpg\",\"@id\":\"https:\\\/\\\/eldigitaldeasturias.com\\\/magazine365\\\/un-ministro-egipcio-ve-mas-probable-la-tesis-de-un-atentado-terrorista-que-un-fallo-en-el-vuelo-ms804\\\/#organizationLogo\"},\"image\":{\"@id\":\"https:\\\/\\\/eldigitaldeasturias.com\\\/magazine365\\\/un-ministro-egipcio-ve-mas-probable-la-tesis-de-un-atentado-terrorista-que-un-fallo-en-el-vuelo-ms804\\\/#organizationLogo\"}},{\"@type\":\"Person\",\"@id\":\"https:\\\/\\\/eldigitaldeasturias.com\\\/magazine365\\\/author\\\/admin\\\/#author\",\"url\":\"https:\\\/\\\/eldigitaldeasturias.com\\\/magazine365\\\/author\\\/admin\\\/\",\"name\":\"admin\",\"image\":{\"@type\":\"ImageObject\",\"@id\":\"https:\\\/\\\/eldigitaldeasturias.com\\\/magazine365\\\/un-ministro-egipcio-ve-mas-probable-la-tesis-de-un-atentado-terrorista-que-un-fallo-en-el-vuelo-ms804\\\/#authorImage\",\"url\":\"https:\\\/\\\/eldigitaldeasturias.com\\\/magazine365\\\/wp-content\\\/litespeed\\\/avatar\\\/e571bcf59a0edd6fa6838245a470f2fe.jpg?ver=1777574230\",\"width\":96,\"height\":96,\"caption\":\"admin\"}},{\"@type\":\"WebPage\",\"@id\":\"https:\\\/\\\/eldigitaldeasturias.com\\\/magazine365\\\/un-ministro-egipcio-ve-mas-probable-la-tesis-de-un-atentado-terrorista-que-un-fallo-en-el-vuelo-ms804\\\/#webpage\",\"url\":\"https:\\\/\\\/eldigitaldeasturias.com\\\/magazine365\\\/un-ministro-egipcio-ve-mas-probable-la-tesis-de-un-atentado-terrorista-que-un-fallo-en-el-vuelo-ms804\\\/\",\"name\":\"Un ministro egipcio ve m\\u00e1s probable la tesis de un atentado terrorista que un fallo en el vuelo MS804 | El Digital de Asturias\",\"description\":\"El ministro de Aviaci\\u00f3n Civil egipcio, Sherif Fathy, ha considerado este jueves que es m\\u00e1s probable que el avi\\u00f3n de EgyptAir haya sido v\\u00edctima de alg\\u00fan tipo de ataque terrorista que el que haya podido producirse alg\\u00fan fallo t\\u00e9cnico. \\\"La posibilidad de un ataque terrorista es mayor que la de un error t\\u00e9cnico\\\", ha sostenido\",\"inLanguage\":\"es-ES\",\"isPartOf\":{\"@id\":\"https:\\\/\\\/eldigitaldeasturias.com\\\/magazine365\\\/#website\"},\"breadcrumb\":{\"@id\":\"https:\\\/\\\/eldigitaldeasturias.com\\\/magazine365\\\/un-ministro-egipcio-ve-mas-probable-la-tesis-de-un-atentado-terrorista-que-un-fallo-en-el-vuelo-ms804\\\/#breadcrumblist\"},\"author\":{\"@id\":\"https:\\\/\\\/eldigitaldeasturias.com\\\/magazine365\\\/author\\\/admin\\\/#author\"},\"creator\":{\"@id\":\"https:\\\/\\\/eldigitaldeasturias.com\\\/magazine365\\\/author\\\/admin\\\/#author\"},\"image\":{\"@type\":\"ImageObject\",\"url\":\"https:\\\/\\\/eldigitaldeasturias.com\\\/magazine365\\\/wp-content\\\/uploads\\\/2016\\\/05\\\/fotonoticia_20160519084348_800.jpg\",\"@id\":\"https:\\\/\\\/eldigitaldeasturias.com\\\/magazine365\\\/un-ministro-egipcio-ve-mas-probable-la-tesis-de-un-atentado-terrorista-que-un-fallo-en-el-vuelo-ms804\\\/#mainImage\",\"width\":800,\"height\":569},\"primaryImageOfPage\":{\"@id\":\"https:\\\/\\\/eldigitaldeasturias.com\\\/magazine365\\\/un-ministro-egipcio-ve-mas-probable-la-tesis-de-un-atentado-terrorista-que-un-fallo-en-el-vuelo-ms804\\\/#mainImage\"},\"datePublished\":\"2016-05-21T06:09:38+02:00\",\"dateModified\":\"2016-05-21T06:09:38+02:00\"},{\"@type\":\"WebSite\",\"@id\":\"https:\\\/\\\/eldigitaldeasturias.com\\\/magazine365\\\/#website\",\"url\":\"https:\\\/\\\/eldigitaldeasturias.com\\\/magazine365\\\/\",\"name\":\"El Digital de Asturias\",\"description\":\"Revista de ocio, turismo y estilo de vida\",\"inLanguage\":\"es-ES\",\"publisher\":{\"@id\":\"https:\\\/\\\/eldigitaldeasturias.com\\\/magazine365\\\/#organization\"}}]}\n\t\t<\/script>\n\t\t<!-- All in One SEO Pro -->\r\n\t\t<title>Un ministro egipcio ve m\u00e1s probable la tesis de un atentado terrorista que un fallo en el vuelo MS804 | El Digital de Asturias<\/title>\n\n","aioseo_head_json":{"title":"Un ministro egipcio ve m\u00e1s probable la tesis de un atentado terrorista que un fallo en el vuelo MS804 | El Digital de Asturias","description":"El ministro de Aviaci\u00f3n Civil egipcio, Sherif Fathy, ha considerado este jueves que es m\u00e1s probable que el avi\u00f3n de EgyptAir haya sido v\u00edctima de alg\u00fan tipo de ataque terrorista que el que haya podido producirse alg\u00fan fallo t\u00e9cnico. \"La posibilidad de un ataque terrorista es mayor que la de un error t\u00e9cnico\", ha sostenido","canonical_url":"https:\/\/eldigitaldeasturias.com\/magazine365\/un-ministro-egipcio-ve-mas-probable-la-tesis-de-un-atentado-terrorista-que-un-fallo-en-el-vuelo-ms804\/","robots":"max-image-preview:large","keywords":"noticias y actualidad","webmasterTools":{"google-site-verification":"UA-38556648-1","miscellaneous":""},"schema":{"@context":"https:\/\/schema.org","@graph":[{"@type":"Article","@id":"https:\/\/eldigitaldeasturias.com\/magazine365\/un-ministro-egipcio-ve-mas-probable-la-tesis-de-un-atentado-terrorista-que-un-fallo-en-el-vuelo-ms804\/#article","name":"Un ministro egipcio ve m\u00e1s probable la tesis de un atentado terrorista que un fallo en el vuelo MS804 | El Digital de Asturias","headline":"Un ministro egipcio ve m\u00e1s probable la tesis de un atentado terrorista que un fallo en el vuelo MS804","author":{"@id":"https:\/\/eldigitaldeasturias.com\/magazine365\/author\/admin\/#author"},"publisher":{"@id":"https:\/\/eldigitaldeasturias.com\/magazine365\/#organization"},"image":{"@type":"ImageObject","url":"https:\/\/eldigitaldeasturias.com\/magazine365\/wp-content\/uploads\/2016\/05\/fotonoticia_20160519084348_800.jpg","width":800,"height":569},"datePublished":"2016-05-21T06:09:38+02:00","dateModified":"2016-05-21T06:09:38+02:00","inLanguage":"es-ES","mainEntityOfPage":{"@id":"https:\/\/eldigitaldeasturias.com\/magazine365\/un-ministro-egipcio-ve-mas-probable-la-tesis-de-un-atentado-terrorista-que-un-fallo-en-el-vuelo-ms804\/#webpage"},"isPartOf":{"@id":"https:\/\/eldigitaldeasturias.com\/magazine365\/un-ministro-egipcio-ve-mas-probable-la-tesis-de-un-atentado-terrorista-que-un-fallo-en-el-vuelo-ms804\/#webpage"},"articleSection":"Noticias y Actualidad"},{"@type":"BreadcrumbList","@id":"https:\/\/eldigitaldeasturias.com\/magazine365\/un-ministro-egipcio-ve-mas-probable-la-tesis-de-un-atentado-terrorista-que-un-fallo-en-el-vuelo-ms804\/#breadcrumblist","itemListElement":[{"@type":"ListItem","@id":"https:\/\/eldigitaldeasturias.com\/magazine365#listItem","position":1,"name":"Home","item":"https:\/\/eldigitaldeasturias.com\/magazine365","nextItem":{"@type":"ListItem","@id":"https:\/\/eldigitaldeasturias.com\/magazine365\/category\/noticias-actualidad\/#listItem","name":"Noticias y Actualidad"}},{"@type":"ListItem","@id":"https:\/\/eldigitaldeasturias.com\/magazine365\/category\/noticias-actualidad\/#listItem","position":2,"name":"Noticias y Actualidad","item":"https:\/\/eldigitaldeasturias.com\/magazine365\/category\/noticias-actualidad\/","nextItem":{"@type":"ListItem","@id":"https:\/\/eldigitaldeasturias.com\/magazine365\/un-ministro-egipcio-ve-mas-probable-la-tesis-de-un-atentado-terrorista-que-un-fallo-en-el-vuelo-ms804\/#listItem","name":"Un ministro egipcio ve m\u00e1s probable la tesis de un atentado terrorista que un fallo en el vuelo MS804"},"previousItem":{"@type":"ListItem","@id":"https:\/\/eldigitaldeasturias.com\/magazine365#listItem","name":"Home"}},{"@type":"ListItem","@id":"https:\/\/eldigitaldeasturias.com\/magazine365\/un-ministro-egipcio-ve-mas-probable-la-tesis-de-un-atentado-terrorista-que-un-fallo-en-el-vuelo-ms804\/#listItem","position":3,"name":"Un ministro egipcio ve m\u00e1s probable la tesis de un atentado terrorista que un fallo en el vuelo MS804","previousItem":{"@type":"ListItem","@id":"https:\/\/eldigitaldeasturias.com\/magazine365\/category\/noticias-actualidad\/#listItem","name":"Noticias y Actualidad"}}]},{"@type":"Organization","@id":"https:\/\/eldigitaldeasturias.com\/magazine365\/#organization","name":"El digital de Asturias","description":"Revista de ocio, turismo y estilo de vida","url":"https:\/\/eldigitaldeasturias.com\/magazine365\/","logo":{"@type":"ImageObject","url":"https:\/\/www.eldigitaldeasturias.com\/noticias\/wp-content\/uploads\/2020\/12\/EDA.jpg","@id":"https:\/\/eldigitaldeasturias.com\/magazine365\/un-ministro-egipcio-ve-mas-probable-la-tesis-de-un-atentado-terrorista-que-un-fallo-en-el-vuelo-ms804\/#organizationLogo"},"image":{"@id":"https:\/\/eldigitaldeasturias.com\/magazine365\/un-ministro-egipcio-ve-mas-probable-la-tesis-de-un-atentado-terrorista-que-un-fallo-en-el-vuelo-ms804\/#organizationLogo"}},{"@type":"Person","@id":"https:\/\/eldigitaldeasturias.com\/magazine365\/author\/admin\/#author","url":"https:\/\/eldigitaldeasturias.com\/magazine365\/author\/admin\/","name":"admin","image":{"@type":"ImageObject","@id":"https:\/\/eldigitaldeasturias.com\/magazine365\/un-ministro-egipcio-ve-mas-probable-la-tesis-de-un-atentado-terrorista-que-un-fallo-en-el-vuelo-ms804\/#authorImage","url":"https:\/\/eldigitaldeasturias.com\/magazine365\/wp-content\/litespeed\/avatar\/e571bcf59a0edd6fa6838245a470f2fe.jpg?ver=1777574230","width":96,"height":96,"caption":"admin"}},{"@type":"WebPage","@id":"https:\/\/eldigitaldeasturias.com\/magazine365\/un-ministro-egipcio-ve-mas-probable-la-tesis-de-un-atentado-terrorista-que-un-fallo-en-el-vuelo-ms804\/#webpage","url":"https:\/\/eldigitaldeasturias.com\/magazine365\/un-ministro-egipcio-ve-mas-probable-la-tesis-de-un-atentado-terrorista-que-un-fallo-en-el-vuelo-ms804\/","name":"Un ministro egipcio ve m\u00e1s probable la tesis de un atentado terrorista que un fallo en el vuelo MS804 | El Digital de Asturias","description":"El ministro de Aviaci\u00f3n Civil egipcio, Sherif Fathy, ha considerado este jueves que es m\u00e1s probable que el avi\u00f3n de EgyptAir haya sido v\u00edctima de alg\u00fan tipo de ataque terrorista que el que haya podido producirse alg\u00fan fallo t\u00e9cnico. \"La posibilidad de un ataque terrorista es mayor que la de un error t\u00e9cnico\", ha sostenido","inLanguage":"es-ES","isPartOf":{"@id":"https:\/\/eldigitaldeasturias.com\/magazine365\/#website"},"breadcrumb":{"@id":"https:\/\/eldigitaldeasturias.com\/magazine365\/un-ministro-egipcio-ve-mas-probable-la-tesis-de-un-atentado-terrorista-que-un-fallo-en-el-vuelo-ms804\/#breadcrumblist"},"author":{"@id":"https:\/\/eldigitaldeasturias.com\/magazine365\/author\/admin\/#author"},"creator":{"@id":"https:\/\/eldigitaldeasturias.com\/magazine365\/author\/admin\/#author"},"image":{"@type":"ImageObject","url":"https:\/\/eldigitaldeasturias.com\/magazine365\/wp-content\/uploads\/2016\/05\/fotonoticia_20160519084348_800.jpg","@id":"https:\/\/eldigitaldeasturias.com\/magazine365\/un-ministro-egipcio-ve-mas-probable-la-tesis-de-un-atentado-terrorista-que-un-fallo-en-el-vuelo-ms804\/#mainImage","width":800,"height":569},"primaryImageOfPage":{"@id":"https:\/\/eldigitaldeasturias.com\/magazine365\/un-ministro-egipcio-ve-mas-probable-la-tesis-de-un-atentado-terrorista-que-un-fallo-en-el-vuelo-ms804\/#mainImage"},"datePublished":"2016-05-21T06:09:38+02:00","dateModified":"2016-05-21T06:09:38+02:00"},{"@type":"WebSite","@id":"https:\/\/eldigitaldeasturias.com\/magazine365\/#website","url":"https:\/\/eldigitaldeasturias.com\/magazine365\/","name":"El Digital de Asturias","description":"Revista de ocio, turismo y estilo de vida","inLanguage":"es-ES","publisher":{"@id":"https:\/\/eldigitaldeasturias.com\/magazine365\/#organization"}}]},"og:locale":"es_ES","og:site_name":"El Digital de Asturias \u2013 Revista de ocio, turismo y estilo de vida","og:type":"article","og:title":"Un ministro egipcio ve m\u00e1s probable la tesis de un atentado terrorista que un fallo en el vuelo MS804 | El Digital de Asturias","og:description":"El ministro de Aviaci\u00f3n Civil egipcio, Sherif Fathy, ha considerado este jueves que es m\u00e1s probable que el avi\u00f3n de EgyptAir haya sido v\u00edctima de alg\u00fan tipo de ataque terrorista que el que haya podido producirse alg\u00fan fallo t\u00e9cnico. &quot;La posibilidad de un ataque terrorista es mayor que la de un error t\u00e9cnico&quot;, ha sostenido","og:url":"https:\/\/eldigitaldeasturias.com\/magazine365\/un-ministro-egipcio-ve-mas-probable-la-tesis-de-un-atentado-terrorista-que-un-fallo-en-el-vuelo-ms804\/","og:image":"https:\/\/eldigitaldeasturias.com\/magazine365\/wp-content\/uploads\/2016\/05\/fotonoticia_20160519084348_800.jpg","og:image:secure_url":"https:\/\/eldigitaldeasturias.com\/magazine365\/wp-content\/uploads\/2016\/05\/fotonoticia_20160519084348_800.jpg","og:image:width":800,"og:image:height":569,"article:published_time":"2016-05-21T04:09:38+00:00","article:modified_time":"2016-05-21T04:09:38+00:00","twitter:card":"summary_large_image","twitter:title":"Un ministro egipcio ve m\u00e1s probable la tesis de un atentado terrorista que un fallo en el vuelo MS804 | El Digital de Asturias","twitter:description":"El ministro de Aviaci\u00f3n Civil egipcio, Sherif Fathy, ha considerado este jueves que es m\u00e1s probable que el avi\u00f3n de EgyptAir haya sido v\u00edctima de alg\u00fan tipo de ataque terrorista que el que haya podido producirse alg\u00fan fallo t\u00e9cnico. &quot;La posibilidad de un ataque terrorista es mayor que la de un error t\u00e9cnico&quot;, ha sostenido","twitter:image":"https:\/\/eldigitaldeasturias.com\/magazine365\/wp-content\/uploads\/2016\/05\/fotonoticia_20160519084348_800.jpg"},"aioseo_meta_data":{"post_id":"76525","title":null,"description":null,"keywords":null,"keyphrases":null,"primary_term":null,"canonical_url":null,"og_title":null,"og_description":null,"og_object_type":"default","og_image_type":"default","og_image_url":null,"og_image_width":null,"og_image_height":null,"og_image_custom_url":null,"og_image_custom_fields":null,"og_video":null,"og_custom_url":null,"og_article_section":null,"og_article_tags":null,"twitter_use_og":false,"twitter_card":"default","twitter_image_type":"default","twitter_image_url":null,"twitter_image_custom_url":null,"twitter_image_custom_fields":null,"twitter_title":null,"twitter_description":null,"schema":{"blockGraphs":[],"customGraphs":[],"default":{"data":{"Article":[],"Course":[],"Dataset":[],"FAQPage":[],"Movie":[],"Person":[],"Product":[],"ProductReview":[],"Car":[],"Recipe":[],"Service":[],"SoftwareApplication":[],"WebPage":[]},"graphName":"","isEnabled":true},"graphs":[],"defaultGraph":"","defaultPostTypeGraph":""},"schema_type":null,"schema_type_options":null,"pillar_content":false,"robots_default":true,"robots_noindex":false,"robots_noarchive":false,"robots_nosnippet":false,"robots_nofollow":false,"robots_noimageindex":false,"robots_noodp":false,"robots_notranslate":false,"robots_max_snippet":null,"robots_max_videopreview":null,"robots_max_imagepreview":"large","priority":null,"frequency":null,"location":null,"local_seo":null,"seo_analyzer_scan_date":"2025-09-27 12:51:53","breadcrumb_settings":null,"limit_modified_date":false,"open_ai":null,"ai":null,"created":"2021-03-08 18:27:57","updated":"2025-09-27 12:51:53"},"aioseo_breadcrumb":"<div class=\"aioseo-breadcrumbs\"><span class=\"aioseo-breadcrumb\">\n\t<a href=\"https:\/\/eldigitaldeasturias.com\/magazine365\" title=\"Home\">Home<\/a>\n<\/span><span class=\"aioseo-breadcrumb-separator\">\u2013<\/span><span class=\"aioseo-breadcrumb\">\n\t<a href=\"https:\/\/eldigitaldeasturias.com\/magazine365\/category\/noticias-actualidad\/\" title=\"Noticias y Actualidad\">Noticias y Actualidad<\/a>\n<\/span><span class=\"aioseo-breadcrumb-separator\">\u2013<\/span><span class=\"aioseo-breadcrumb\">\n\t<a href=\"https:\/\/eldigitaldeasturias.com\/magazine365\/un-ministro-egipcio-ve-mas-probable-la-tesis-de-un-atentado-terrorista-que-un-fallo-en-el-vuelo-ms804\/\" title=\"Un ministro egipcio ve m\u00e1s probable la tesis de un atentado terrorista que un fallo en el vuelo MS804\">Un ministro egipcio ve m\u00e1s probable la tesis de un atentado terrorista que un fallo en el vuelo MS804<\/a>\n<\/span><\/div>","aioseo_breadcrumb_json":[{"label":"Home","link":"https:\/\/eldigitaldeasturias.com\/magazine365"},{"label":"Noticias y Actualidad","link":"https:\/\/eldigitaldeasturias.com\/magazine365\/category\/noticias-actualidad\/"},{"label":"Un ministro egipcio ve m\u00e1s probable la tesis de un atentado terrorista que un fallo en el vuelo MS804","link":"https:\/\/eldigitaldeasturias.com\/magazine365\/un-ministro-egipcio-ve-mas-probable-la-tesis-de-un-atentado-terrorista-que-un-fallo-en-el-vuelo-ms804\/"}],"_links":{"self":[{"href":"https:\/\/eldigitaldeasturias.com\/magazine365\/wp-json\/wp\/v2\/posts\/76525","targetHints":{"allow":["GET"]}}],"collection":[{"href":"https:\/\/eldigitaldeasturias.com\/magazine365\/wp-json\/wp\/v2\/posts"}],"about":[{"href":"https:\/\/eldigitaldeasturias.com\/magazine365\/wp-json\/wp\/v2\/types\/post"}],"author":[{"embeddable":true,"href":"https:\/\/eldigitaldeasturias.com\/magazine365\/wp-json\/wp\/v2\/users\/1"}],"replies":[{"embeddable":true,"href":"https:\/\/eldigitaldeasturias.com\/magazine365\/wp-json\/wp\/v2\/comments?post=76525"}],"version-history":[{"count":0,"href":"https:\/\/eldigitaldeasturias.com\/magazine365\/wp-json\/wp\/v2\/posts\/76525\/revisions"}],"wp:featuredmedia":[{"embeddable":true,"href":"https:\/\/eldigitaldeasturias.com\/magazine365\/wp-json\/wp\/v2\/media\/76403"}],"wp:attachment":[{"href":"https:\/\/eldigitaldeasturias.com\/magazine365\/wp-json\/wp\/v2\/media?parent=76525"}],"wp:term":[{"taxonomy":"category","embeddable":true,"href":"https:\/\/eldigitaldeasturias.com\/magazine365\/wp-json\/wp\/v2\/categories?post=76525"},{"taxonomy":"post_tag","embeddable":true,"href":"https:\/\/eldigitaldeasturias.com\/magazine365\/wp-json\/wp\/v2\/tags?post=76525"}],"curies":[{"name":"wp","href":"https:\/\/api.w.org\/{rel}","templated":true}]}}