{"id":76520,"date":"2016-05-21T06:01:53","date_gmt":"2016-05-21T04:01:53","guid":{"rendered":"http:\/\/eldigitaldeasturias.com\/magazine365\/?p=76520"},"modified":"2016-05-21T06:01:53","modified_gmt":"2016-05-21T04:01:53","slug":"malaga-presenta-su-oferta-turistica-en-estocolmo-ante-agentes-de-viajes-escandinavos","status":"publish","type":"post","link":"https:\/\/eldigitaldeasturias.com\/magazine365\/malaga-presenta-su-oferta-turistica-en-estocolmo-ante-agentes-de-viajes-escandinavos\/","title":{"rendered":"M\u00e1laga presenta su oferta tur\u00edstica en Estocolmo ante agentes de viajes escandinavos"},"content":{"rendered":"<p><img fetchpriority=\"high\" decoding=\"async\" class=\"alignleft size-medium wp-image-76521\" src=\"https:\/\/eldigitaldeasturias.com\/magazine365\/wp-content\/uploads\/2016\/05\/fotonoticia_20160519173935_800-360x240.jpg\" alt=\"fotonoticia_20160519173935_800\" width=\"360\" height=\"240\" srcset=\"https:\/\/eldigitaldeasturias.com\/magazine365\/wp-content\/uploads\/2016\/05\/fotonoticia_20160519173935_800-360x240.jpg 360w, https:\/\/eldigitaldeasturias.com\/magazine365\/wp-content\/uploads\/2016\/05\/fotonoticia_20160519173935_800-650x434.jpg 650w, https:\/\/eldigitaldeasturias.com\/magazine365\/wp-content\/uploads\/2016\/05\/fotonoticia_20160519173935_800-768x513.jpg 768w, https:\/\/eldigitaldeasturias.com\/magazine365\/wp-content\/uploads\/2016\/05\/fotonoticia_20160519173935_800-150x100.jpg 150w, https:\/\/eldigitaldeasturias.com\/magazine365\/wp-content\/uploads\/2016\/05\/fotonoticia_20160519173935_800-450x300.jpg 450w, https:\/\/eldigitaldeasturias.com\/magazine365\/wp-content\/uploads\/2016\/05\/fotonoticia_20160519173935_800-101x66.jpg 101w, https:\/\/eldigitaldeasturias.com\/magazine365\/wp-content\/uploads\/2016\/05\/fotonoticia_20160519173935_800.jpg 800w\" sizes=\"(max-width: 360px) 100vw, 360px\" \/>El \u00c1rea de Turismo y Promoci\u00f3n de la Ciudad del Ayuntamiento de M\u00e1laga estar\u00e1 este jueves en Estocolmo para participar en la jornada comercial que organiza la Oficina Espa\u00f1ola de Turismo (OET) en Suecia con el fin de presentar la oferta tur\u00edstica y cultural del destino.<\/p>\n<p>Este &#8216;workshop&#8217;, que se celebrar\u00e1 en el AB Operak\u00e4llaren, tiene previsto reunir a medio centenar de agentes de viajes y profesionales de toda Escandinavia, lo que supone \u00abuna oportunidad muy importante\u00bb para la ciudad de M\u00e1laga, que compartir\u00e1 espacio con Turismo y Planificaci\u00f3n Costa del Sol.<\/p>\n<p>El mercado sueco es uno de los m\u00e1s importantes para la ciudad de M\u00e1laga y uno de los que m\u00e1s crecen. En concreto, en los \u00faltimos cinco a\u00f1os el n\u00famero de turistas de Suecia alojados en los establecimientos hoteleros de la ciudad ha crecido un 237 por ciento.<\/p>\n<p>En 2015, Suecia fue el cuarto emisor internacional con mayor porcentaje de crecimiento. Adem\u00e1s, el a\u00f1o pasado se alojaron en los hoteles de la ciudad un total de 16.942 turistas suecos, un 20,49 por ciento m\u00e1s que en 2014.<\/p>\n<p>Por delante de Suecia s\u00f3lo se situaron la Rep\u00fablica Checa, con una subida del 29,96 por ciento &#8211;hasta los 3.098 turistas&#8211;; Austria &#8211;6.537 turistas, un 28,43 por ciento m\u00e1s&#8211;; y China &#8211;13.155 turistas, un 22,97 por ciento m\u00e1s&#8211;.<\/p>\n<p>Este a\u00f1o se mantiene la tendencia alcista, ya que en el primer trimestre se han alojado en los hoteles malague\u00f1os 5.023 turistas suecos, un 36,5 por ciento m\u00e1s. Estos viajeros han generado 13.600 pernoctaciones, un 33,8 por ciento m\u00e1s.<\/p>\n<p>El concejal de Turismo y Promoci\u00f3n de la Ciudad, Julio Andrade, ha destacado, a trav\u00e9s de un comunicado, la importancia de esta nueva acci\u00f3n promocional, \u00abque permitir\u00e1 que la oferta tur\u00edstica de M\u00e1laga est\u00e9 presente en las principales agencias de viajes y puntos de venta suecos\u00bb.<\/p>\n<p>\u00abM\u00e1laga se ha marcado como objetivo seguir apostando fuerte por el turismo cultural, que es uno de los segmentos que m\u00e1s han crecido en los \u00faltimos a\u00f1os, al tiempo que se hace hincapi\u00e9 en nuestra oferta de naturaleza, que tiene un gran potencial, por lo que estar presente en los cat\u00e1logos de los grandes touroperadores supone un gran avance para crecer en un mercado que a\u00fan es muy dependiente de los mayoristas\u00bb, ha asegurado Andrade.<\/p>\n<p>&nbsp;<\/p>\n","protected":false},"excerpt":{"rendered":"<p>El \u00c1rea de Turismo y Promoci\u00f3n de la Ciudad del Ayuntamiento de M\u00e1laga estar\u00e1 este jueves en Estocolmo para participar en la jornada comercial que organiza la Oficina Espa\u00f1ola de Turismo (OET) en Suecia con el fin de presentar la oferta tur\u00edstica y cultural del destino. Este &#8216;workshop&#8217;, que se celebrar\u00e1 en el AB Operak\u00e4llaren,<\/p>\n","protected":false},"author":1,"featured_media":76521,"comment_status":"open","ping_status":"closed","sticky":false,"template":"","format":"standard","meta":{"footnotes":""},"categories":[224],"tags":[],"class_list":{"0":"post-76520","1":"post","2":"type-post","3":"status-publish","4":"format-standard","5":"has-post-thumbnail","7":"category-noticias-actualidad"},"aioseo_notices":[],"aioseo_head":"\n\t\t<!-- All in One SEO Pro 4.9.6.1 - aioseo.com -->\n\t<meta name=\"description\" content=\"El \u00c1rea de Turismo y Promoci\u00f3n de la Ciudad del Ayuntamiento de M\u00e1laga estar\u00e1 este jueves en Estocolmo para participar en la jornada comercial que organiza la Oficina Espa\u00f1ola de Turismo (OET) en Suecia con el fin de presentar la oferta tur\u00edstica y cultural del destino. Este &#039;workshop&#039;, que se celebrar\u00e1 en el AB Operak\u00e4llaren,\" \/>\n\t<meta name=\"robots\" content=\"max-image-preview:large\" \/>\n\t<meta name=\"author\" content=\"admin\"\/>\n\t<meta name=\"google-site-verification\" content=\"UA-38556648-1\" \/>\n\t<meta name=\"keywords\" content=\"noticias y actualidad\" \/>\n\t<link rel=\"canonical\" href=\"https:\/\/eldigitaldeasturias.com\/magazine365\/malaga-presenta-su-oferta-turistica-en-estocolmo-ante-agentes-de-viajes-escandinavos\/\" \/>\n\t<meta name=\"generator\" content=\"All in One SEO Pro (AIOSEO) 4.9.6.1\" \/>\n\t\t<meta property=\"og:locale\" content=\"es_ES\" \/>\n\t\t<meta property=\"og:site_name\" content=\"El Digital de Asturias \u2013 Revista de ocio, turismo y estilo de vida\" \/>\n\t\t<meta property=\"og:type\" content=\"article\" \/>\n\t\t<meta property=\"og:title\" content=\"M\u00e1laga presenta su oferta tur\u00edstica en Estocolmo ante agentes de viajes escandinavos | El Digital de Asturias\" \/>\n\t\t<meta property=\"og:description\" content=\"El \u00c1rea de Turismo y Promoci\u00f3n de la Ciudad del Ayuntamiento de M\u00e1laga estar\u00e1 este jueves en Estocolmo para participar en la jornada comercial que organiza la Oficina Espa\u00f1ola de Turismo (OET) en Suecia con el fin de presentar la oferta tur\u00edstica y cultural del destino. Este &#039;workshop&#039;, que se celebrar\u00e1 en el AB Operak\u00e4llaren,\" \/>\n\t\t<meta property=\"og:url\" content=\"https:\/\/eldigitaldeasturias.com\/magazine365\/malaga-presenta-su-oferta-turistica-en-estocolmo-ante-agentes-de-viajes-escandinavos\/\" \/>\n\t\t<meta property=\"og:image\" content=\"https:\/\/eldigitaldeasturias.com\/magazine365\/wp-content\/uploads\/2016\/05\/fotonoticia_20160519173935_800.jpg\" \/>\n\t\t<meta property=\"og:image:secure_url\" content=\"https:\/\/eldigitaldeasturias.com\/magazine365\/wp-content\/uploads\/2016\/05\/fotonoticia_20160519173935_800.jpg\" \/>\n\t\t<meta property=\"og:image:width\" content=\"800\" \/>\n\t\t<meta property=\"og:image:height\" content=\"534\" \/>\n\t\t<meta property=\"article:published_time\" content=\"2016-05-21T04:01:53+00:00\" \/>\n\t\t<meta property=\"article:modified_time\" content=\"2016-05-21T04:01:53+00:00\" \/>\n\t\t<meta name=\"twitter:card\" content=\"summary_large_image\" \/>\n\t\t<meta name=\"twitter:title\" content=\"M\u00e1laga presenta su oferta tur\u00edstica en Estocolmo ante agentes de viajes escandinavos | El Digital de Asturias\" \/>\n\t\t<meta name=\"twitter:description\" content=\"El \u00c1rea de Turismo y Promoci\u00f3n de la Ciudad del Ayuntamiento de M\u00e1laga estar\u00e1 este jueves en Estocolmo para participar en la jornada comercial que organiza la Oficina Espa\u00f1ola de Turismo (OET) en Suecia con el fin de presentar la oferta tur\u00edstica y cultural del destino. Este &#039;workshop&#039;, que se celebrar\u00e1 en el AB Operak\u00e4llaren,\" \/>\n\t\t<meta name=\"twitter:image\" content=\"https:\/\/eldigitaldeasturias.com\/magazine365\/wp-content\/uploads\/2016\/05\/fotonoticia_20160519173935_800.jpg\" \/>\n\t\t<script type=\"application\/ld+json\" class=\"aioseo-schema\">\n\t\t\t{\"@context\":\"https:\\\/\\\/schema.org\",\"@graph\":[{\"@type\":\"Article\",\"@id\":\"https:\\\/\\\/eldigitaldeasturias.com\\\/magazine365\\\/malaga-presenta-su-oferta-turistica-en-estocolmo-ante-agentes-de-viajes-escandinavos\\\/#article\",\"name\":\"M\\u00e1laga presenta su oferta tur\\u00edstica en Estocolmo ante agentes de viajes escandinavos | El Digital de Asturias\",\"headline\":\"M\\u00e1laga presenta su oferta tur\\u00edstica en Estocolmo ante agentes de viajes escandinavos\",\"author\":{\"@id\":\"https:\\\/\\\/eldigitaldeasturias.com\\\/magazine365\\\/author\\\/admin\\\/#author\"},\"publisher\":{\"@id\":\"https:\\\/\\\/eldigitaldeasturias.com\\\/magazine365\\\/#organization\"},\"image\":{\"@type\":\"ImageObject\",\"url\":\"https:\\\/\\\/eldigitaldeasturias.com\\\/magazine365\\\/wp-content\\\/uploads\\\/2016\\\/05\\\/fotonoticia_20160519173935_800.jpg\",\"width\":800,\"height\":534},\"datePublished\":\"2016-05-21T06:01:53+02:00\",\"dateModified\":\"2016-05-21T06:01:53+02:00\",\"inLanguage\":\"es-ES\",\"mainEntityOfPage\":{\"@id\":\"https:\\\/\\\/eldigitaldeasturias.com\\\/magazine365\\\/malaga-presenta-su-oferta-turistica-en-estocolmo-ante-agentes-de-viajes-escandinavos\\\/#webpage\"},\"isPartOf\":{\"@id\":\"https:\\\/\\\/eldigitaldeasturias.com\\\/magazine365\\\/malaga-presenta-su-oferta-turistica-en-estocolmo-ante-agentes-de-viajes-escandinavos\\\/#webpage\"},\"articleSection\":\"Noticias y Actualidad\"},{\"@type\":\"BreadcrumbList\",\"@id\":\"https:\\\/\\\/eldigitaldeasturias.com\\\/magazine365\\\/malaga-presenta-su-oferta-turistica-en-estocolmo-ante-agentes-de-viajes-escandinavos\\\/#breadcrumblist\",\"itemListElement\":[{\"@type\":\"ListItem\",\"@id\":\"https:\\\/\\\/eldigitaldeasturias.com\\\/magazine365#listItem\",\"position\":1,\"name\":\"Home\",\"item\":\"https:\\\/\\\/eldigitaldeasturias.com\\\/magazine365\",\"nextItem\":{\"@type\":\"ListItem\",\"@id\":\"https:\\\/\\\/eldigitaldeasturias.com\\\/magazine365\\\/category\\\/noticias-actualidad\\\/#listItem\",\"name\":\"Noticias y Actualidad\"}},{\"@type\":\"ListItem\",\"@id\":\"https:\\\/\\\/eldigitaldeasturias.com\\\/magazine365\\\/category\\\/noticias-actualidad\\\/#listItem\",\"position\":2,\"name\":\"Noticias y Actualidad\",\"item\":\"https:\\\/\\\/eldigitaldeasturias.com\\\/magazine365\\\/category\\\/noticias-actualidad\\\/\",\"nextItem\":{\"@type\":\"ListItem\",\"@id\":\"https:\\\/\\\/eldigitaldeasturias.com\\\/magazine365\\\/malaga-presenta-su-oferta-turistica-en-estocolmo-ante-agentes-de-viajes-escandinavos\\\/#listItem\",\"name\":\"M\\u00e1laga presenta su oferta tur\\u00edstica en Estocolmo ante agentes de viajes escandinavos\"},\"previousItem\":{\"@type\":\"ListItem\",\"@id\":\"https:\\\/\\\/eldigitaldeasturias.com\\\/magazine365#listItem\",\"name\":\"Home\"}},{\"@type\":\"ListItem\",\"@id\":\"https:\\\/\\\/eldigitaldeasturias.com\\\/magazine365\\\/malaga-presenta-su-oferta-turistica-en-estocolmo-ante-agentes-de-viajes-escandinavos\\\/#listItem\",\"position\":3,\"name\":\"M\\u00e1laga presenta su oferta tur\\u00edstica en Estocolmo ante agentes de viajes escandinavos\",\"previousItem\":{\"@type\":\"ListItem\",\"@id\":\"https:\\\/\\\/eldigitaldeasturias.com\\\/magazine365\\\/category\\\/noticias-actualidad\\\/#listItem\",\"name\":\"Noticias y Actualidad\"}}]},{\"@type\":\"Organization\",\"@id\":\"https:\\\/\\\/eldigitaldeasturias.com\\\/magazine365\\\/#organization\",\"name\":\"El digital de Asturias\",\"description\":\"Revista de ocio, turismo y estilo de vida\",\"url\":\"https:\\\/\\\/eldigitaldeasturias.com\\\/magazine365\\\/\",\"logo\":{\"@type\":\"ImageObject\",\"url\":\"https:\\\/\\\/www.eldigitaldeasturias.com\\\/noticias\\\/wp-content\\\/uploads\\\/2020\\\/12\\\/EDA.jpg\",\"@id\":\"https:\\\/\\\/eldigitaldeasturias.com\\\/magazine365\\\/malaga-presenta-su-oferta-turistica-en-estocolmo-ante-agentes-de-viajes-escandinavos\\\/#organizationLogo\"},\"image\":{\"@id\":\"https:\\\/\\\/eldigitaldeasturias.com\\\/magazine365\\\/malaga-presenta-su-oferta-turistica-en-estocolmo-ante-agentes-de-viajes-escandinavos\\\/#organizationLogo\"}},{\"@type\":\"Person\",\"@id\":\"https:\\\/\\\/eldigitaldeasturias.com\\\/magazine365\\\/author\\\/admin\\\/#author\",\"url\":\"https:\\\/\\\/eldigitaldeasturias.com\\\/magazine365\\\/author\\\/admin\\\/\",\"name\":\"admin\",\"image\":{\"@type\":\"ImageObject\",\"@id\":\"https:\\\/\\\/eldigitaldeasturias.com\\\/magazine365\\\/malaga-presenta-su-oferta-turistica-en-estocolmo-ante-agentes-de-viajes-escandinavos\\\/#authorImage\",\"url\":\"https:\\\/\\\/eldigitaldeasturias.com\\\/magazine365\\\/wp-content\\\/litespeed\\\/avatar\\\/e571bcf59a0edd6fa6838245a470f2fe.jpg?ver=1777574230\",\"width\":96,\"height\":96,\"caption\":\"admin\"}},{\"@type\":\"WebPage\",\"@id\":\"https:\\\/\\\/eldigitaldeasturias.com\\\/magazine365\\\/malaga-presenta-su-oferta-turistica-en-estocolmo-ante-agentes-de-viajes-escandinavos\\\/#webpage\",\"url\":\"https:\\\/\\\/eldigitaldeasturias.com\\\/magazine365\\\/malaga-presenta-su-oferta-turistica-en-estocolmo-ante-agentes-de-viajes-escandinavos\\\/\",\"name\":\"M\\u00e1laga presenta su oferta tur\\u00edstica en Estocolmo ante agentes de viajes escandinavos | El Digital de Asturias\",\"description\":\"El \\u00c1rea de Turismo y Promoci\\u00f3n de la Ciudad del Ayuntamiento de M\\u00e1laga estar\\u00e1 este jueves en Estocolmo para participar en la jornada comercial que organiza la Oficina Espa\\u00f1ola de Turismo (OET) en Suecia con el fin de presentar la oferta tur\\u00edstica y cultural del destino. Este 'workshop', que se celebrar\\u00e1 en el AB Operak\\u00e4llaren,\",\"inLanguage\":\"es-ES\",\"isPartOf\":{\"@id\":\"https:\\\/\\\/eldigitaldeasturias.com\\\/magazine365\\\/#website\"},\"breadcrumb\":{\"@id\":\"https:\\\/\\\/eldigitaldeasturias.com\\\/magazine365\\\/malaga-presenta-su-oferta-turistica-en-estocolmo-ante-agentes-de-viajes-escandinavos\\\/#breadcrumblist\"},\"author\":{\"@id\":\"https:\\\/\\\/eldigitaldeasturias.com\\\/magazine365\\\/author\\\/admin\\\/#author\"},\"creator\":{\"@id\":\"https:\\\/\\\/eldigitaldeasturias.com\\\/magazine365\\\/author\\\/admin\\\/#author\"},\"image\":{\"@type\":\"ImageObject\",\"url\":\"https:\\\/\\\/eldigitaldeasturias.com\\\/magazine365\\\/wp-content\\\/uploads\\\/2016\\\/05\\\/fotonoticia_20160519173935_800.jpg\",\"@id\":\"https:\\\/\\\/eldigitaldeasturias.com\\\/magazine365\\\/malaga-presenta-su-oferta-turistica-en-estocolmo-ante-agentes-de-viajes-escandinavos\\\/#mainImage\",\"width\":800,\"height\":534},\"primaryImageOfPage\":{\"@id\":\"https:\\\/\\\/eldigitaldeasturias.com\\\/magazine365\\\/malaga-presenta-su-oferta-turistica-en-estocolmo-ante-agentes-de-viajes-escandinavos\\\/#mainImage\"},\"datePublished\":\"2016-05-21T06:01:53+02:00\",\"dateModified\":\"2016-05-21T06:01:53+02:00\"},{\"@type\":\"WebSite\",\"@id\":\"https:\\\/\\\/eldigitaldeasturias.com\\\/magazine365\\\/#website\",\"url\":\"https:\\\/\\\/eldigitaldeasturias.com\\\/magazine365\\\/\",\"name\":\"El Digital de Asturias\",\"description\":\"Revista de ocio, turismo y estilo de vida\",\"inLanguage\":\"es-ES\",\"publisher\":{\"@id\":\"https:\\\/\\\/eldigitaldeasturias.com\\\/magazine365\\\/#organization\"}}]}\n\t\t<\/script>\n\t\t<!-- All in One SEO Pro -->\r\n\t\t<title>M\u00e1laga presenta su oferta tur\u00edstica en Estocolmo ante agentes de viajes escandinavos | El Digital de Asturias<\/title>\n\n","aioseo_head_json":{"title":"M\u00e1laga presenta su oferta tur\u00edstica en Estocolmo ante agentes de viajes escandinavos | El Digital de Asturias","description":"El \u00c1rea de Turismo y Promoci\u00f3n de la Ciudad del Ayuntamiento de M\u00e1laga estar\u00e1 este jueves en Estocolmo para participar en la jornada comercial que organiza la Oficina Espa\u00f1ola de Turismo (OET) en Suecia con el fin de presentar la oferta tur\u00edstica y cultural del destino. Este 'workshop', que se celebrar\u00e1 en el AB Operak\u00e4llaren,","canonical_url":"https:\/\/eldigitaldeasturias.com\/magazine365\/malaga-presenta-su-oferta-turistica-en-estocolmo-ante-agentes-de-viajes-escandinavos\/","robots":"max-image-preview:large","keywords":"noticias y actualidad","webmasterTools":{"google-site-verification":"UA-38556648-1","miscellaneous":""},"schema":{"@context":"https:\/\/schema.org","@graph":[{"@type":"Article","@id":"https:\/\/eldigitaldeasturias.com\/magazine365\/malaga-presenta-su-oferta-turistica-en-estocolmo-ante-agentes-de-viajes-escandinavos\/#article","name":"M\u00e1laga presenta su oferta tur\u00edstica en Estocolmo ante agentes de viajes escandinavos | El Digital de Asturias","headline":"M\u00e1laga presenta su oferta tur\u00edstica en Estocolmo ante agentes de viajes escandinavos","author":{"@id":"https:\/\/eldigitaldeasturias.com\/magazine365\/author\/admin\/#author"},"publisher":{"@id":"https:\/\/eldigitaldeasturias.com\/magazine365\/#organization"},"image":{"@type":"ImageObject","url":"https:\/\/eldigitaldeasturias.com\/magazine365\/wp-content\/uploads\/2016\/05\/fotonoticia_20160519173935_800.jpg","width":800,"height":534},"datePublished":"2016-05-21T06:01:53+02:00","dateModified":"2016-05-21T06:01:53+02:00","inLanguage":"es-ES","mainEntityOfPage":{"@id":"https:\/\/eldigitaldeasturias.com\/magazine365\/malaga-presenta-su-oferta-turistica-en-estocolmo-ante-agentes-de-viajes-escandinavos\/#webpage"},"isPartOf":{"@id":"https:\/\/eldigitaldeasturias.com\/magazine365\/malaga-presenta-su-oferta-turistica-en-estocolmo-ante-agentes-de-viajes-escandinavos\/#webpage"},"articleSection":"Noticias y Actualidad"},{"@type":"BreadcrumbList","@id":"https:\/\/eldigitaldeasturias.com\/magazine365\/malaga-presenta-su-oferta-turistica-en-estocolmo-ante-agentes-de-viajes-escandinavos\/#breadcrumblist","itemListElement":[{"@type":"ListItem","@id":"https:\/\/eldigitaldeasturias.com\/magazine365#listItem","position":1,"name":"Home","item":"https:\/\/eldigitaldeasturias.com\/magazine365","nextItem":{"@type":"ListItem","@id":"https:\/\/eldigitaldeasturias.com\/magazine365\/category\/noticias-actualidad\/#listItem","name":"Noticias y Actualidad"}},{"@type":"ListItem","@id":"https:\/\/eldigitaldeasturias.com\/magazine365\/category\/noticias-actualidad\/#listItem","position":2,"name":"Noticias y Actualidad","item":"https:\/\/eldigitaldeasturias.com\/magazine365\/category\/noticias-actualidad\/","nextItem":{"@type":"ListItem","@id":"https:\/\/eldigitaldeasturias.com\/magazine365\/malaga-presenta-su-oferta-turistica-en-estocolmo-ante-agentes-de-viajes-escandinavos\/#listItem","name":"M\u00e1laga presenta su oferta tur\u00edstica en Estocolmo ante agentes de viajes escandinavos"},"previousItem":{"@type":"ListItem","@id":"https:\/\/eldigitaldeasturias.com\/magazine365#listItem","name":"Home"}},{"@type":"ListItem","@id":"https:\/\/eldigitaldeasturias.com\/magazine365\/malaga-presenta-su-oferta-turistica-en-estocolmo-ante-agentes-de-viajes-escandinavos\/#listItem","position":3,"name":"M\u00e1laga presenta su oferta tur\u00edstica en Estocolmo ante agentes de viajes escandinavos","previousItem":{"@type":"ListItem","@id":"https:\/\/eldigitaldeasturias.com\/magazine365\/category\/noticias-actualidad\/#listItem","name":"Noticias y Actualidad"}}]},{"@type":"Organization","@id":"https:\/\/eldigitaldeasturias.com\/magazine365\/#organization","name":"El digital de Asturias","description":"Revista de ocio, turismo y estilo de vida","url":"https:\/\/eldigitaldeasturias.com\/magazine365\/","logo":{"@type":"ImageObject","url":"https:\/\/www.eldigitaldeasturias.com\/noticias\/wp-content\/uploads\/2020\/12\/EDA.jpg","@id":"https:\/\/eldigitaldeasturias.com\/magazine365\/malaga-presenta-su-oferta-turistica-en-estocolmo-ante-agentes-de-viajes-escandinavos\/#organizationLogo"},"image":{"@id":"https:\/\/eldigitaldeasturias.com\/magazine365\/malaga-presenta-su-oferta-turistica-en-estocolmo-ante-agentes-de-viajes-escandinavos\/#organizationLogo"}},{"@type":"Person","@id":"https:\/\/eldigitaldeasturias.com\/magazine365\/author\/admin\/#author","url":"https:\/\/eldigitaldeasturias.com\/magazine365\/author\/admin\/","name":"admin","image":{"@type":"ImageObject","@id":"https:\/\/eldigitaldeasturias.com\/magazine365\/malaga-presenta-su-oferta-turistica-en-estocolmo-ante-agentes-de-viajes-escandinavos\/#authorImage","url":"https:\/\/eldigitaldeasturias.com\/magazine365\/wp-content\/litespeed\/avatar\/e571bcf59a0edd6fa6838245a470f2fe.jpg?ver=1777574230","width":96,"height":96,"caption":"admin"}},{"@type":"WebPage","@id":"https:\/\/eldigitaldeasturias.com\/magazine365\/malaga-presenta-su-oferta-turistica-en-estocolmo-ante-agentes-de-viajes-escandinavos\/#webpage","url":"https:\/\/eldigitaldeasturias.com\/magazine365\/malaga-presenta-su-oferta-turistica-en-estocolmo-ante-agentes-de-viajes-escandinavos\/","name":"M\u00e1laga presenta su oferta tur\u00edstica en Estocolmo ante agentes de viajes escandinavos | El Digital de Asturias","description":"El \u00c1rea de Turismo y Promoci\u00f3n de la Ciudad del Ayuntamiento de M\u00e1laga estar\u00e1 este jueves en Estocolmo para participar en la jornada comercial que organiza la Oficina Espa\u00f1ola de Turismo (OET) en Suecia con el fin de presentar la oferta tur\u00edstica y cultural del destino. Este 'workshop', que se celebrar\u00e1 en el AB Operak\u00e4llaren,","inLanguage":"es-ES","isPartOf":{"@id":"https:\/\/eldigitaldeasturias.com\/magazine365\/#website"},"breadcrumb":{"@id":"https:\/\/eldigitaldeasturias.com\/magazine365\/malaga-presenta-su-oferta-turistica-en-estocolmo-ante-agentes-de-viajes-escandinavos\/#breadcrumblist"},"author":{"@id":"https:\/\/eldigitaldeasturias.com\/magazine365\/author\/admin\/#author"},"creator":{"@id":"https:\/\/eldigitaldeasturias.com\/magazine365\/author\/admin\/#author"},"image":{"@type":"ImageObject","url":"https:\/\/eldigitaldeasturias.com\/magazine365\/wp-content\/uploads\/2016\/05\/fotonoticia_20160519173935_800.jpg","@id":"https:\/\/eldigitaldeasturias.com\/magazine365\/malaga-presenta-su-oferta-turistica-en-estocolmo-ante-agentes-de-viajes-escandinavos\/#mainImage","width":800,"height":534},"primaryImageOfPage":{"@id":"https:\/\/eldigitaldeasturias.com\/magazine365\/malaga-presenta-su-oferta-turistica-en-estocolmo-ante-agentes-de-viajes-escandinavos\/#mainImage"},"datePublished":"2016-05-21T06:01:53+02:00","dateModified":"2016-05-21T06:01:53+02:00"},{"@type":"WebSite","@id":"https:\/\/eldigitaldeasturias.com\/magazine365\/#website","url":"https:\/\/eldigitaldeasturias.com\/magazine365\/","name":"El Digital de Asturias","description":"Revista de ocio, turismo y estilo de vida","inLanguage":"es-ES","publisher":{"@id":"https:\/\/eldigitaldeasturias.com\/magazine365\/#organization"}}]},"og:locale":"es_ES","og:site_name":"El Digital de Asturias \u2013 Revista de ocio, turismo y estilo de vida","og:type":"article","og:title":"M\u00e1laga presenta su oferta tur\u00edstica en Estocolmo ante agentes de viajes escandinavos | El Digital de Asturias","og:description":"El \u00c1rea de Turismo y Promoci\u00f3n de la Ciudad del Ayuntamiento de M\u00e1laga estar\u00e1 este jueves en Estocolmo para participar en la jornada comercial que organiza la Oficina Espa\u00f1ola de Turismo (OET) en Suecia con el fin de presentar la oferta tur\u00edstica y cultural del destino. Este 'workshop', que se celebrar\u00e1 en el AB Operak\u00e4llaren,","og:url":"https:\/\/eldigitaldeasturias.com\/magazine365\/malaga-presenta-su-oferta-turistica-en-estocolmo-ante-agentes-de-viajes-escandinavos\/","og:image":"https:\/\/eldigitaldeasturias.com\/magazine365\/wp-content\/uploads\/2016\/05\/fotonoticia_20160519173935_800.jpg","og:image:secure_url":"https:\/\/eldigitaldeasturias.com\/magazine365\/wp-content\/uploads\/2016\/05\/fotonoticia_20160519173935_800.jpg","og:image:width":800,"og:image:height":534,"article:published_time":"2016-05-21T04:01:53+00:00","article:modified_time":"2016-05-21T04:01:53+00:00","twitter:card":"summary_large_image","twitter:title":"M\u00e1laga presenta su oferta tur\u00edstica en Estocolmo ante agentes de viajes escandinavos | El Digital de Asturias","twitter:description":"El \u00c1rea de Turismo y Promoci\u00f3n de la Ciudad del Ayuntamiento de M\u00e1laga estar\u00e1 este jueves en Estocolmo para participar en la jornada comercial que organiza la Oficina Espa\u00f1ola de Turismo (OET) en Suecia con el fin de presentar la oferta tur\u00edstica y cultural del destino. Este 'workshop', que se celebrar\u00e1 en el AB Operak\u00e4llaren,","twitter:image":"https:\/\/eldigitaldeasturias.com\/magazine365\/wp-content\/uploads\/2016\/05\/fotonoticia_20160519173935_800.jpg"},"aioseo_meta_data":{"post_id":"76520","title":null,"description":null,"keywords":null,"keyphrases":null,"primary_term":null,"canonical_url":null,"og_title":null,"og_description":null,"og_object_type":"default","og_image_type":"default","og_image_url":null,"og_image_width":null,"og_image_height":null,"og_image_custom_url":null,"og_image_custom_fields":null,"og_video":null,"og_custom_url":null,"og_article_section":null,"og_article_tags":null,"twitter_use_og":false,"twitter_card":"default","twitter_image_type":"default","twitter_image_url":null,"twitter_image_custom_url":null,"twitter_image_custom_fields":null,"twitter_title":null,"twitter_description":null,"schema":{"blockGraphs":[],"customGraphs":[],"default":{"data":{"Article":[],"Course":[],"Dataset":[],"FAQPage":[],"Movie":[],"Person":[],"Product":[],"ProductReview":[],"Car":[],"Recipe":[],"Service":[],"SoftwareApplication":[],"WebPage":[]},"graphName":"","isEnabled":true},"graphs":[],"defaultGraph":"","defaultPostTypeGraph":""},"schema_type":null,"schema_type_options":null,"pillar_content":false,"robots_default":true,"robots_noindex":false,"robots_noarchive":false,"robots_nosnippet":false,"robots_nofollow":false,"robots_noimageindex":false,"robots_noodp":false,"robots_notranslate":false,"robots_max_snippet":null,"robots_max_videopreview":null,"robots_max_imagepreview":"large","priority":null,"frequency":null,"location":null,"local_seo":null,"seo_analyzer_scan_date":"2025-09-27 12:50:12","breadcrumb_settings":null,"limit_modified_date":false,"open_ai":null,"ai":null,"created":"2021-03-08 18:27:57","updated":"2025-09-27 12:50:12"},"aioseo_breadcrumb":"<div class=\"aioseo-breadcrumbs\"><span class=\"aioseo-breadcrumb\">\n\t<a href=\"https:\/\/eldigitaldeasturias.com\/magazine365\" title=\"Home\">Home<\/a>\n<\/span><span class=\"aioseo-breadcrumb-separator\">\u2013<\/span><span class=\"aioseo-breadcrumb\">\n\t<a href=\"https:\/\/eldigitaldeasturias.com\/magazine365\/category\/noticias-actualidad\/\" title=\"Noticias y Actualidad\">Noticias y Actualidad<\/a>\n<\/span><span class=\"aioseo-breadcrumb-separator\">\u2013<\/span><span class=\"aioseo-breadcrumb\">\n\t<a href=\"https:\/\/eldigitaldeasturias.com\/magazine365\/malaga-presenta-su-oferta-turistica-en-estocolmo-ante-agentes-de-viajes-escandinavos\/\" title=\"M\u00e1laga presenta su oferta tur\u00edstica en Estocolmo ante agentes de viajes escandinavos\">M\u00e1laga presenta su oferta tur\u00edstica en Estocolmo ante agentes de viajes escandinavos<\/a>\n<\/span><\/div>","aioseo_breadcrumb_json":[{"label":"Home","link":"https:\/\/eldigitaldeasturias.com\/magazine365"},{"label":"Noticias y Actualidad","link":"https:\/\/eldigitaldeasturias.com\/magazine365\/category\/noticias-actualidad\/"},{"label":"M\u00e1laga presenta su oferta tur\u00edstica en Estocolmo ante agentes de viajes escandinavos","link":"https:\/\/eldigitaldeasturias.com\/magazine365\/malaga-presenta-su-oferta-turistica-en-estocolmo-ante-agentes-de-viajes-escandinavos\/"}],"_links":{"self":[{"href":"https:\/\/eldigitaldeasturias.com\/magazine365\/wp-json\/wp\/v2\/posts\/76520","targetHints":{"allow":["GET"]}}],"collection":[{"href":"https:\/\/eldigitaldeasturias.com\/magazine365\/wp-json\/wp\/v2\/posts"}],"about":[{"href":"https:\/\/eldigitaldeasturias.com\/magazine365\/wp-json\/wp\/v2\/types\/post"}],"author":[{"embeddable":true,"href":"https:\/\/eldigitaldeasturias.com\/magazine365\/wp-json\/wp\/v2\/users\/1"}],"replies":[{"embeddable":true,"href":"https:\/\/eldigitaldeasturias.com\/magazine365\/wp-json\/wp\/v2\/comments?post=76520"}],"version-history":[{"count":0,"href":"https:\/\/eldigitaldeasturias.com\/magazine365\/wp-json\/wp\/v2\/posts\/76520\/revisions"}],"wp:featuredmedia":[{"embeddable":true,"href":"https:\/\/eldigitaldeasturias.com\/magazine365\/wp-json\/wp\/v2\/media\/76521"}],"wp:attachment":[{"href":"https:\/\/eldigitaldeasturias.com\/magazine365\/wp-json\/wp\/v2\/media?parent=76520"}],"wp:term":[{"taxonomy":"category","embeddable":true,"href":"https:\/\/eldigitaldeasturias.com\/magazine365\/wp-json\/wp\/v2\/categories?post=76520"},{"taxonomy":"post_tag","embeddable":true,"href":"https:\/\/eldigitaldeasturias.com\/magazine365\/wp-json\/wp\/v2\/tags?post=76520"}],"curies":[{"name":"wp","href":"https:\/\/api.w.org\/{rel}","templated":true}]}}