{"id":76515,"date":"2016-05-21T05:55:17","date_gmt":"2016-05-21T03:55:17","guid":{"rendered":"http:\/\/eldigitaldeasturias.com\/magazine365\/?p=76515"},"modified":"2016-05-21T05:55:17","modified_gmt":"2016-05-21T03:55:17","slug":"turismo-de-gran-canaria-presenta-en-noruega-sus-novedades-para-la-temporada-de-verano","status":"publish","type":"post","link":"https:\/\/eldigitaldeasturias.com\/magazine365\/turismo-de-gran-canaria-presenta-en-noruega-sus-novedades-para-la-temporada-de-verano\/","title":{"rendered":"Turismo de Gran Canaria presenta en Noruega sus novedades para la temporada de verano"},"content":{"rendered":"<p><img fetchpriority=\"high\" decoding=\"async\" class=\"alignleft size-medium wp-image-76516\" src=\"https:\/\/eldigitaldeasturias.com\/magazine365\/wp-content\/uploads\/2016\/05\/fotonoticia_20160519172933_800-360x240.jpg\" alt=\"fotonoticia_20160519172933_800\" width=\"360\" height=\"240\" srcset=\"https:\/\/eldigitaldeasturias.com\/magazine365\/wp-content\/uploads\/2016\/05\/fotonoticia_20160519172933_800-360x240.jpg 360w, https:\/\/eldigitaldeasturias.com\/magazine365\/wp-content\/uploads\/2016\/05\/fotonoticia_20160519172933_800-650x434.jpg 650w, https:\/\/eldigitaldeasturias.com\/magazine365\/wp-content\/uploads\/2016\/05\/fotonoticia_20160519172933_800-768x513.jpg 768w, https:\/\/eldigitaldeasturias.com\/magazine365\/wp-content\/uploads\/2016\/05\/fotonoticia_20160519172933_800-150x100.jpg 150w, https:\/\/eldigitaldeasturias.com\/magazine365\/wp-content\/uploads\/2016\/05\/fotonoticia_20160519172933_800-450x300.jpg 450w, https:\/\/eldigitaldeasturias.com\/magazine365\/wp-content\/uploads\/2016\/05\/fotonoticia_20160519172933_800-101x66.jpg 101w, https:\/\/eldigitaldeasturias.com\/magazine365\/wp-content\/uploads\/2016\/05\/fotonoticia_20160519172933_800.jpg 800w\" sizes=\"(max-width: 360px) 100vw, 360px\" \/>El Patronato de Turismo de Gran Canaria ha presentado las novedades del destino para la temporada de verano en el D\u00eda de Espa\u00f1a en Noruega, una jornada profesional organizada por la Oficina Espa\u00f1ola de Turismo de Oslo, que re\u00fane a medios de comunicaci\u00f3n, touroperadores, agencias de viaje y l\u00edneas \u00e1reas.<\/p>\n<p>En una nota de prensa, el Cabildo explic\u00f3 que al encuentro asistieron como p\u00fablico unas 280 personas relacionadas con el sector, adem\u00e1s de 54 agentes de viaje privados y 40 periodistas en representaci\u00f3n de 37 medios de comunicaci\u00f3n noruegos.<\/p>\n<p>En este sentido, todos ellos mostraron su predisposici\u00f3n a colaborar en el futuro con el Patronato de Turismo para realizar alg\u00fan tipo de acci\u00f3n promocional en forma de Press Trip.<\/p>\n<p>Asimismo, el periodista Birger Lovland, confirm\u00f3 que regresar\u00e1 a Gran Canaria en noviembre para actualizar su gu\u00eda de la Isla, que se ha convertido en un gran \u00e9xito de ventas en Noruega.<\/p>\n<p>El nuevo viaje se centrar\u00e1 en descubrir a sus lectores la otra cara de Gran Canaria, para lo que visitar\u00e1 las zonas de monta\u00f1a y pueblos del interior, sin dejar de mostrar las novedades que ofrecen las zonas tur\u00edsticas m\u00e1s importantes de sol y playa.<\/p>\n<p>Por su parte, el a\u00f1o pasado visitaron Gran Canaria 247.000 personas procedentes de Noruega, lo que supone un 6 por ciento del volumen total de turistas acumulado en 2016.<\/p>\n<p>Gran Canaria es el destino favorito a nivel mundial para los noruegos, que ocupan el segundo lugar dentro del ranking de pa\u00edses que forman el mercado n\u00f3rdico, solo superado por Suecia, con 366.000 turistas.<\/p>\n","protected":false},"excerpt":{"rendered":"<p>El Patronato de Turismo de Gran Canaria ha presentado las novedades del destino para la temporada de verano en el D\u00eda de Espa\u00f1a en Noruega, una jornada profesional organizada por la Oficina Espa\u00f1ola de Turismo de Oslo, que re\u00fane a medios de comunicaci\u00f3n, touroperadores, agencias de viaje y l\u00edneas \u00e1reas. En una nota de prensa,<\/p>\n","protected":false},"author":1,"featured_media":76516,"comment_status":"open","ping_status":"closed","sticky":false,"template":"","format":"standard","meta":{"footnotes":""},"categories":[224],"tags":[],"class_list":{"0":"post-76515","1":"post","2":"type-post","3":"status-publish","4":"format-standard","5":"has-post-thumbnail","7":"category-noticias-actualidad"},"aioseo_notices":[],"aioseo_head":"\n\t\t<!-- All in One SEO Pro 4.9.6.1 - aioseo.com -->\n\t<meta name=\"description\" content=\"El Patronato de Turismo de Gran Canaria ha presentado las novedades del destino para la temporada de verano en el D\u00eda de Espa\u00f1a en Noruega, una jornada profesional organizada por la Oficina Espa\u00f1ola de Turismo de Oslo, que re\u00fane a medios de comunicaci\u00f3n, touroperadores, agencias de viaje y l\u00edneas \u00e1reas. En una nota de prensa,\" \/>\n\t<meta name=\"robots\" content=\"max-image-preview:large\" \/>\n\t<meta name=\"author\" content=\"admin\"\/>\n\t<meta name=\"google-site-verification\" content=\"UA-38556648-1\" \/>\n\t<meta name=\"keywords\" content=\"noticias y actualidad\" \/>\n\t<link rel=\"canonical\" href=\"https:\/\/eldigitaldeasturias.com\/magazine365\/turismo-de-gran-canaria-presenta-en-noruega-sus-novedades-para-la-temporada-de-verano\/\" \/>\n\t<meta name=\"generator\" content=\"All in One SEO Pro (AIOSEO) 4.9.6.1\" \/>\n\t\t<meta property=\"og:locale\" content=\"es_ES\" \/>\n\t\t<meta property=\"og:site_name\" content=\"El Digital de Asturias \u2013 Revista de ocio, turismo y estilo de vida\" \/>\n\t\t<meta property=\"og:type\" content=\"article\" \/>\n\t\t<meta property=\"og:title\" content=\"Turismo de Gran Canaria presenta en Noruega sus novedades para la temporada de verano | El Digital de Asturias\" \/>\n\t\t<meta property=\"og:description\" content=\"El Patronato de Turismo de Gran Canaria ha presentado las novedades del destino para la temporada de verano en el D\u00eda de Espa\u00f1a en Noruega, una jornada profesional organizada por la Oficina Espa\u00f1ola de Turismo de Oslo, que re\u00fane a medios de comunicaci\u00f3n, touroperadores, agencias de viaje y l\u00edneas \u00e1reas. En una nota de prensa,\" \/>\n\t\t<meta property=\"og:url\" content=\"https:\/\/eldigitaldeasturias.com\/magazine365\/turismo-de-gran-canaria-presenta-en-noruega-sus-novedades-para-la-temporada-de-verano\/\" \/>\n\t\t<meta property=\"og:image\" content=\"https:\/\/eldigitaldeasturias.com\/magazine365\/wp-content\/uploads\/2016\/05\/fotonoticia_20160519172933_800.jpg\" \/>\n\t\t<meta property=\"og:image:secure_url\" content=\"https:\/\/eldigitaldeasturias.com\/magazine365\/wp-content\/uploads\/2016\/05\/fotonoticia_20160519172933_800.jpg\" \/>\n\t\t<meta property=\"og:image:width\" content=\"800\" \/>\n\t\t<meta property=\"og:image:height\" content=\"534\" \/>\n\t\t<meta property=\"article:published_time\" content=\"2016-05-21T03:55:17+00:00\" \/>\n\t\t<meta property=\"article:modified_time\" content=\"2016-05-21T03:55:17+00:00\" \/>\n\t\t<meta name=\"twitter:card\" content=\"summary_large_image\" \/>\n\t\t<meta name=\"twitter:title\" content=\"Turismo de Gran Canaria presenta en Noruega sus novedades para la temporada de verano | El Digital de Asturias\" \/>\n\t\t<meta name=\"twitter:description\" content=\"El Patronato de Turismo de Gran Canaria ha presentado las novedades del destino para la temporada de verano en el D\u00eda de Espa\u00f1a en Noruega, una jornada profesional organizada por la Oficina Espa\u00f1ola de Turismo de Oslo, que re\u00fane a medios de comunicaci\u00f3n, touroperadores, agencias de viaje y l\u00edneas \u00e1reas. En una nota de prensa,\" \/>\n\t\t<meta name=\"twitter:image\" content=\"https:\/\/eldigitaldeasturias.com\/magazine365\/wp-content\/uploads\/2016\/05\/fotonoticia_20160519172933_800.jpg\" \/>\n\t\t<script type=\"application\/ld+json\" class=\"aioseo-schema\">\n\t\t\t{\"@context\":\"https:\\\/\\\/schema.org\",\"@graph\":[{\"@type\":\"Article\",\"@id\":\"https:\\\/\\\/eldigitaldeasturias.com\\\/magazine365\\\/turismo-de-gran-canaria-presenta-en-noruega-sus-novedades-para-la-temporada-de-verano\\\/#article\",\"name\":\"Turismo de Gran Canaria presenta en Noruega sus novedades para la temporada de verano | El Digital de Asturias\",\"headline\":\"Turismo de Gran Canaria presenta en Noruega sus novedades para la temporada de verano\",\"author\":{\"@id\":\"https:\\\/\\\/eldigitaldeasturias.com\\\/magazine365\\\/author\\\/admin\\\/#author\"},\"publisher\":{\"@id\":\"https:\\\/\\\/eldigitaldeasturias.com\\\/magazine365\\\/#organization\"},\"image\":{\"@type\":\"ImageObject\",\"url\":\"https:\\\/\\\/eldigitaldeasturias.com\\\/magazine365\\\/wp-content\\\/uploads\\\/2016\\\/05\\\/fotonoticia_20160519172933_800.jpg\",\"width\":800,\"height\":534},\"datePublished\":\"2016-05-21T05:55:17+02:00\",\"dateModified\":\"2016-05-21T05:55:17+02:00\",\"inLanguage\":\"es-ES\",\"mainEntityOfPage\":{\"@id\":\"https:\\\/\\\/eldigitaldeasturias.com\\\/magazine365\\\/turismo-de-gran-canaria-presenta-en-noruega-sus-novedades-para-la-temporada-de-verano\\\/#webpage\"},\"isPartOf\":{\"@id\":\"https:\\\/\\\/eldigitaldeasturias.com\\\/magazine365\\\/turismo-de-gran-canaria-presenta-en-noruega-sus-novedades-para-la-temporada-de-verano\\\/#webpage\"},\"articleSection\":\"Noticias y Actualidad\"},{\"@type\":\"BreadcrumbList\",\"@id\":\"https:\\\/\\\/eldigitaldeasturias.com\\\/magazine365\\\/turismo-de-gran-canaria-presenta-en-noruega-sus-novedades-para-la-temporada-de-verano\\\/#breadcrumblist\",\"itemListElement\":[{\"@type\":\"ListItem\",\"@id\":\"https:\\\/\\\/eldigitaldeasturias.com\\\/magazine365#listItem\",\"position\":1,\"name\":\"Home\",\"item\":\"https:\\\/\\\/eldigitaldeasturias.com\\\/magazine365\",\"nextItem\":{\"@type\":\"ListItem\",\"@id\":\"https:\\\/\\\/eldigitaldeasturias.com\\\/magazine365\\\/category\\\/noticias-actualidad\\\/#listItem\",\"name\":\"Noticias y Actualidad\"}},{\"@type\":\"ListItem\",\"@id\":\"https:\\\/\\\/eldigitaldeasturias.com\\\/magazine365\\\/category\\\/noticias-actualidad\\\/#listItem\",\"position\":2,\"name\":\"Noticias y Actualidad\",\"item\":\"https:\\\/\\\/eldigitaldeasturias.com\\\/magazine365\\\/category\\\/noticias-actualidad\\\/\",\"nextItem\":{\"@type\":\"ListItem\",\"@id\":\"https:\\\/\\\/eldigitaldeasturias.com\\\/magazine365\\\/turismo-de-gran-canaria-presenta-en-noruega-sus-novedades-para-la-temporada-de-verano\\\/#listItem\",\"name\":\"Turismo de Gran Canaria presenta en Noruega sus novedades para la temporada de verano\"},\"previousItem\":{\"@type\":\"ListItem\",\"@id\":\"https:\\\/\\\/eldigitaldeasturias.com\\\/magazine365#listItem\",\"name\":\"Home\"}},{\"@type\":\"ListItem\",\"@id\":\"https:\\\/\\\/eldigitaldeasturias.com\\\/magazine365\\\/turismo-de-gran-canaria-presenta-en-noruega-sus-novedades-para-la-temporada-de-verano\\\/#listItem\",\"position\":3,\"name\":\"Turismo de Gran Canaria presenta en Noruega sus novedades para la temporada de verano\",\"previousItem\":{\"@type\":\"ListItem\",\"@id\":\"https:\\\/\\\/eldigitaldeasturias.com\\\/magazine365\\\/category\\\/noticias-actualidad\\\/#listItem\",\"name\":\"Noticias y Actualidad\"}}]},{\"@type\":\"Organization\",\"@id\":\"https:\\\/\\\/eldigitaldeasturias.com\\\/magazine365\\\/#organization\",\"name\":\"El digital de Asturias\",\"description\":\"Revista de ocio, turismo y estilo de vida\",\"url\":\"https:\\\/\\\/eldigitaldeasturias.com\\\/magazine365\\\/\",\"logo\":{\"@type\":\"ImageObject\",\"url\":\"https:\\\/\\\/www.eldigitaldeasturias.com\\\/noticias\\\/wp-content\\\/uploads\\\/2020\\\/12\\\/EDA.jpg\",\"@id\":\"https:\\\/\\\/eldigitaldeasturias.com\\\/magazine365\\\/turismo-de-gran-canaria-presenta-en-noruega-sus-novedades-para-la-temporada-de-verano\\\/#organizationLogo\"},\"image\":{\"@id\":\"https:\\\/\\\/eldigitaldeasturias.com\\\/magazine365\\\/turismo-de-gran-canaria-presenta-en-noruega-sus-novedades-para-la-temporada-de-verano\\\/#organizationLogo\"}},{\"@type\":\"Person\",\"@id\":\"https:\\\/\\\/eldigitaldeasturias.com\\\/magazine365\\\/author\\\/admin\\\/#author\",\"url\":\"https:\\\/\\\/eldigitaldeasturias.com\\\/magazine365\\\/author\\\/admin\\\/\",\"name\":\"admin\",\"image\":{\"@type\":\"ImageObject\",\"@id\":\"https:\\\/\\\/eldigitaldeasturias.com\\\/magazine365\\\/turismo-de-gran-canaria-presenta-en-noruega-sus-novedades-para-la-temporada-de-verano\\\/#authorImage\",\"url\":\"https:\\\/\\\/eldigitaldeasturias.com\\\/magazine365\\\/wp-content\\\/litespeed\\\/avatar\\\/e571bcf59a0edd6fa6838245a470f2fe.jpg?ver=1777574230\",\"width\":96,\"height\":96,\"caption\":\"admin\"}},{\"@type\":\"WebPage\",\"@id\":\"https:\\\/\\\/eldigitaldeasturias.com\\\/magazine365\\\/turismo-de-gran-canaria-presenta-en-noruega-sus-novedades-para-la-temporada-de-verano\\\/#webpage\",\"url\":\"https:\\\/\\\/eldigitaldeasturias.com\\\/magazine365\\\/turismo-de-gran-canaria-presenta-en-noruega-sus-novedades-para-la-temporada-de-verano\\\/\",\"name\":\"Turismo de Gran Canaria presenta en Noruega sus novedades para la temporada de verano | El Digital de Asturias\",\"description\":\"El Patronato de Turismo de Gran Canaria ha presentado las novedades del destino para la temporada de verano en el D\\u00eda de Espa\\u00f1a en Noruega, una jornada profesional organizada por la Oficina Espa\\u00f1ola de Turismo de Oslo, que re\\u00fane a medios de comunicaci\\u00f3n, touroperadores, agencias de viaje y l\\u00edneas \\u00e1reas. En una nota de prensa,\",\"inLanguage\":\"es-ES\",\"isPartOf\":{\"@id\":\"https:\\\/\\\/eldigitaldeasturias.com\\\/magazine365\\\/#website\"},\"breadcrumb\":{\"@id\":\"https:\\\/\\\/eldigitaldeasturias.com\\\/magazine365\\\/turismo-de-gran-canaria-presenta-en-noruega-sus-novedades-para-la-temporada-de-verano\\\/#breadcrumblist\"},\"author\":{\"@id\":\"https:\\\/\\\/eldigitaldeasturias.com\\\/magazine365\\\/author\\\/admin\\\/#author\"},\"creator\":{\"@id\":\"https:\\\/\\\/eldigitaldeasturias.com\\\/magazine365\\\/author\\\/admin\\\/#author\"},\"image\":{\"@type\":\"ImageObject\",\"url\":\"https:\\\/\\\/eldigitaldeasturias.com\\\/magazine365\\\/wp-content\\\/uploads\\\/2016\\\/05\\\/fotonoticia_20160519172933_800.jpg\",\"@id\":\"https:\\\/\\\/eldigitaldeasturias.com\\\/magazine365\\\/turismo-de-gran-canaria-presenta-en-noruega-sus-novedades-para-la-temporada-de-verano\\\/#mainImage\",\"width\":800,\"height\":534},\"primaryImageOfPage\":{\"@id\":\"https:\\\/\\\/eldigitaldeasturias.com\\\/magazine365\\\/turismo-de-gran-canaria-presenta-en-noruega-sus-novedades-para-la-temporada-de-verano\\\/#mainImage\"},\"datePublished\":\"2016-05-21T05:55:17+02:00\",\"dateModified\":\"2016-05-21T05:55:17+02:00\"},{\"@type\":\"WebSite\",\"@id\":\"https:\\\/\\\/eldigitaldeasturias.com\\\/magazine365\\\/#website\",\"url\":\"https:\\\/\\\/eldigitaldeasturias.com\\\/magazine365\\\/\",\"name\":\"El Digital de Asturias\",\"description\":\"Revista de ocio, turismo y estilo de vida\",\"inLanguage\":\"es-ES\",\"publisher\":{\"@id\":\"https:\\\/\\\/eldigitaldeasturias.com\\\/magazine365\\\/#organization\"}}]}\n\t\t<\/script>\n\t\t<!-- All in One SEO Pro -->\r\n\t\t<title>Turismo de Gran Canaria presenta en Noruega sus novedades para la temporada de verano | El Digital de Asturias<\/title>\n\n","aioseo_head_json":{"title":"Turismo de Gran Canaria presenta en Noruega sus novedades para la temporada de verano | El Digital de Asturias","description":"El Patronato de Turismo de Gran Canaria ha presentado las novedades del destino para la temporada de verano en el D\u00eda de Espa\u00f1a en Noruega, una jornada profesional organizada por la Oficina Espa\u00f1ola de Turismo de Oslo, que re\u00fane a medios de comunicaci\u00f3n, touroperadores, agencias de viaje y l\u00edneas \u00e1reas. En una nota de prensa,","canonical_url":"https:\/\/eldigitaldeasturias.com\/magazine365\/turismo-de-gran-canaria-presenta-en-noruega-sus-novedades-para-la-temporada-de-verano\/","robots":"max-image-preview:large","keywords":"noticias y actualidad","webmasterTools":{"google-site-verification":"UA-38556648-1","miscellaneous":""},"schema":{"@context":"https:\/\/schema.org","@graph":[{"@type":"Article","@id":"https:\/\/eldigitaldeasturias.com\/magazine365\/turismo-de-gran-canaria-presenta-en-noruega-sus-novedades-para-la-temporada-de-verano\/#article","name":"Turismo de Gran Canaria presenta en Noruega sus novedades para la temporada de verano | El Digital de Asturias","headline":"Turismo de Gran Canaria presenta en Noruega sus novedades para la temporada de verano","author":{"@id":"https:\/\/eldigitaldeasturias.com\/magazine365\/author\/admin\/#author"},"publisher":{"@id":"https:\/\/eldigitaldeasturias.com\/magazine365\/#organization"},"image":{"@type":"ImageObject","url":"https:\/\/eldigitaldeasturias.com\/magazine365\/wp-content\/uploads\/2016\/05\/fotonoticia_20160519172933_800.jpg","width":800,"height":534},"datePublished":"2016-05-21T05:55:17+02:00","dateModified":"2016-05-21T05:55:17+02:00","inLanguage":"es-ES","mainEntityOfPage":{"@id":"https:\/\/eldigitaldeasturias.com\/magazine365\/turismo-de-gran-canaria-presenta-en-noruega-sus-novedades-para-la-temporada-de-verano\/#webpage"},"isPartOf":{"@id":"https:\/\/eldigitaldeasturias.com\/magazine365\/turismo-de-gran-canaria-presenta-en-noruega-sus-novedades-para-la-temporada-de-verano\/#webpage"},"articleSection":"Noticias y Actualidad"},{"@type":"BreadcrumbList","@id":"https:\/\/eldigitaldeasturias.com\/magazine365\/turismo-de-gran-canaria-presenta-en-noruega-sus-novedades-para-la-temporada-de-verano\/#breadcrumblist","itemListElement":[{"@type":"ListItem","@id":"https:\/\/eldigitaldeasturias.com\/magazine365#listItem","position":1,"name":"Home","item":"https:\/\/eldigitaldeasturias.com\/magazine365","nextItem":{"@type":"ListItem","@id":"https:\/\/eldigitaldeasturias.com\/magazine365\/category\/noticias-actualidad\/#listItem","name":"Noticias y Actualidad"}},{"@type":"ListItem","@id":"https:\/\/eldigitaldeasturias.com\/magazine365\/category\/noticias-actualidad\/#listItem","position":2,"name":"Noticias y Actualidad","item":"https:\/\/eldigitaldeasturias.com\/magazine365\/category\/noticias-actualidad\/","nextItem":{"@type":"ListItem","@id":"https:\/\/eldigitaldeasturias.com\/magazine365\/turismo-de-gran-canaria-presenta-en-noruega-sus-novedades-para-la-temporada-de-verano\/#listItem","name":"Turismo de Gran Canaria presenta en Noruega sus novedades para la temporada de verano"},"previousItem":{"@type":"ListItem","@id":"https:\/\/eldigitaldeasturias.com\/magazine365#listItem","name":"Home"}},{"@type":"ListItem","@id":"https:\/\/eldigitaldeasturias.com\/magazine365\/turismo-de-gran-canaria-presenta-en-noruega-sus-novedades-para-la-temporada-de-verano\/#listItem","position":3,"name":"Turismo de Gran Canaria presenta en Noruega sus novedades para la temporada de verano","previousItem":{"@type":"ListItem","@id":"https:\/\/eldigitaldeasturias.com\/magazine365\/category\/noticias-actualidad\/#listItem","name":"Noticias y Actualidad"}}]},{"@type":"Organization","@id":"https:\/\/eldigitaldeasturias.com\/magazine365\/#organization","name":"El digital de Asturias","description":"Revista de ocio, turismo y estilo de vida","url":"https:\/\/eldigitaldeasturias.com\/magazine365\/","logo":{"@type":"ImageObject","url":"https:\/\/www.eldigitaldeasturias.com\/noticias\/wp-content\/uploads\/2020\/12\/EDA.jpg","@id":"https:\/\/eldigitaldeasturias.com\/magazine365\/turismo-de-gran-canaria-presenta-en-noruega-sus-novedades-para-la-temporada-de-verano\/#organizationLogo"},"image":{"@id":"https:\/\/eldigitaldeasturias.com\/magazine365\/turismo-de-gran-canaria-presenta-en-noruega-sus-novedades-para-la-temporada-de-verano\/#organizationLogo"}},{"@type":"Person","@id":"https:\/\/eldigitaldeasturias.com\/magazine365\/author\/admin\/#author","url":"https:\/\/eldigitaldeasturias.com\/magazine365\/author\/admin\/","name":"admin","image":{"@type":"ImageObject","@id":"https:\/\/eldigitaldeasturias.com\/magazine365\/turismo-de-gran-canaria-presenta-en-noruega-sus-novedades-para-la-temporada-de-verano\/#authorImage","url":"https:\/\/eldigitaldeasturias.com\/magazine365\/wp-content\/litespeed\/avatar\/e571bcf59a0edd6fa6838245a470f2fe.jpg?ver=1777574230","width":96,"height":96,"caption":"admin"}},{"@type":"WebPage","@id":"https:\/\/eldigitaldeasturias.com\/magazine365\/turismo-de-gran-canaria-presenta-en-noruega-sus-novedades-para-la-temporada-de-verano\/#webpage","url":"https:\/\/eldigitaldeasturias.com\/magazine365\/turismo-de-gran-canaria-presenta-en-noruega-sus-novedades-para-la-temporada-de-verano\/","name":"Turismo de Gran Canaria presenta en Noruega sus novedades para la temporada de verano | El Digital de Asturias","description":"El Patronato de Turismo de Gran Canaria ha presentado las novedades del destino para la temporada de verano en el D\u00eda de Espa\u00f1a en Noruega, una jornada profesional organizada por la Oficina Espa\u00f1ola de Turismo de Oslo, que re\u00fane a medios de comunicaci\u00f3n, touroperadores, agencias de viaje y l\u00edneas \u00e1reas. En una nota de prensa,","inLanguage":"es-ES","isPartOf":{"@id":"https:\/\/eldigitaldeasturias.com\/magazine365\/#website"},"breadcrumb":{"@id":"https:\/\/eldigitaldeasturias.com\/magazine365\/turismo-de-gran-canaria-presenta-en-noruega-sus-novedades-para-la-temporada-de-verano\/#breadcrumblist"},"author":{"@id":"https:\/\/eldigitaldeasturias.com\/magazine365\/author\/admin\/#author"},"creator":{"@id":"https:\/\/eldigitaldeasturias.com\/magazine365\/author\/admin\/#author"},"image":{"@type":"ImageObject","url":"https:\/\/eldigitaldeasturias.com\/magazine365\/wp-content\/uploads\/2016\/05\/fotonoticia_20160519172933_800.jpg","@id":"https:\/\/eldigitaldeasturias.com\/magazine365\/turismo-de-gran-canaria-presenta-en-noruega-sus-novedades-para-la-temporada-de-verano\/#mainImage","width":800,"height":534},"primaryImageOfPage":{"@id":"https:\/\/eldigitaldeasturias.com\/magazine365\/turismo-de-gran-canaria-presenta-en-noruega-sus-novedades-para-la-temporada-de-verano\/#mainImage"},"datePublished":"2016-05-21T05:55:17+02:00","dateModified":"2016-05-21T05:55:17+02:00"},{"@type":"WebSite","@id":"https:\/\/eldigitaldeasturias.com\/magazine365\/#website","url":"https:\/\/eldigitaldeasturias.com\/magazine365\/","name":"El Digital de Asturias","description":"Revista de ocio, turismo y estilo de vida","inLanguage":"es-ES","publisher":{"@id":"https:\/\/eldigitaldeasturias.com\/magazine365\/#organization"}}]},"og:locale":"es_ES","og:site_name":"El Digital de Asturias \u2013 Revista de ocio, turismo y estilo de vida","og:type":"article","og:title":"Turismo de Gran Canaria presenta en Noruega sus novedades para la temporada de verano | El Digital de Asturias","og:description":"El Patronato de Turismo de Gran Canaria ha presentado las novedades del destino para la temporada de verano en el D\u00eda de Espa\u00f1a en Noruega, una jornada profesional organizada por la Oficina Espa\u00f1ola de Turismo de Oslo, que re\u00fane a medios de comunicaci\u00f3n, touroperadores, agencias de viaje y l\u00edneas \u00e1reas. En una nota de prensa,","og:url":"https:\/\/eldigitaldeasturias.com\/magazine365\/turismo-de-gran-canaria-presenta-en-noruega-sus-novedades-para-la-temporada-de-verano\/","og:image":"https:\/\/eldigitaldeasturias.com\/magazine365\/wp-content\/uploads\/2016\/05\/fotonoticia_20160519172933_800.jpg","og:image:secure_url":"https:\/\/eldigitaldeasturias.com\/magazine365\/wp-content\/uploads\/2016\/05\/fotonoticia_20160519172933_800.jpg","og:image:width":800,"og:image:height":534,"article:published_time":"2016-05-21T03:55:17+00:00","article:modified_time":"2016-05-21T03:55:17+00:00","twitter:card":"summary_large_image","twitter:title":"Turismo de Gran Canaria presenta en Noruega sus novedades para la temporada de verano | El Digital de Asturias","twitter:description":"El Patronato de Turismo de Gran Canaria ha presentado las novedades del destino para la temporada de verano en el D\u00eda de Espa\u00f1a en Noruega, una jornada profesional organizada por la Oficina Espa\u00f1ola de Turismo de Oslo, que re\u00fane a medios de comunicaci\u00f3n, touroperadores, agencias de viaje y l\u00edneas \u00e1reas. En una nota de prensa,","twitter:image":"https:\/\/eldigitaldeasturias.com\/magazine365\/wp-content\/uploads\/2016\/05\/fotonoticia_20160519172933_800.jpg"},"aioseo_meta_data":{"post_id":"76515","title":null,"description":null,"keywords":null,"keyphrases":null,"primary_term":null,"canonical_url":null,"og_title":null,"og_description":null,"og_object_type":"default","og_image_type":"default","og_image_url":null,"og_image_width":null,"og_image_height":null,"og_image_custom_url":null,"og_image_custom_fields":null,"og_video":null,"og_custom_url":null,"og_article_section":null,"og_article_tags":null,"twitter_use_og":false,"twitter_card":"default","twitter_image_type":"default","twitter_image_url":null,"twitter_image_custom_url":null,"twitter_image_custom_fields":null,"twitter_title":null,"twitter_description":null,"schema":{"blockGraphs":[],"customGraphs":[],"default":{"data":{"Article":[],"Course":[],"Dataset":[],"FAQPage":[],"Movie":[],"Person":[],"Product":[],"ProductReview":[],"Car":[],"Recipe":[],"Service":[],"SoftwareApplication":[],"WebPage":[]},"graphName":"","isEnabled":true},"graphs":[],"defaultGraph":"","defaultPostTypeGraph":""},"schema_type":null,"schema_type_options":null,"pillar_content":false,"robots_default":true,"robots_noindex":false,"robots_noarchive":false,"robots_nosnippet":false,"robots_nofollow":false,"robots_noimageindex":false,"robots_noodp":false,"robots_notranslate":false,"robots_max_snippet":null,"robots_max_videopreview":null,"robots_max_imagepreview":"large","priority":null,"frequency":null,"location":null,"local_seo":null,"seo_analyzer_scan_date":"2025-09-27 12:50:09","breadcrumb_settings":null,"limit_modified_date":false,"open_ai":null,"ai":null,"created":"2021-03-08 18:27:57","updated":"2025-09-27 12:50:09"},"aioseo_breadcrumb":"<div class=\"aioseo-breadcrumbs\"><span class=\"aioseo-breadcrumb\">\n\t<a href=\"https:\/\/eldigitaldeasturias.com\/magazine365\" title=\"Home\">Home<\/a>\n<\/span><span class=\"aioseo-breadcrumb-separator\">\u2013<\/span><span class=\"aioseo-breadcrumb\">\n\t<a href=\"https:\/\/eldigitaldeasturias.com\/magazine365\/category\/noticias-actualidad\/\" title=\"Noticias y Actualidad\">Noticias y Actualidad<\/a>\n<\/span><span class=\"aioseo-breadcrumb-separator\">\u2013<\/span><span class=\"aioseo-breadcrumb\">\n\t<a href=\"https:\/\/eldigitaldeasturias.com\/magazine365\/turismo-de-gran-canaria-presenta-en-noruega-sus-novedades-para-la-temporada-de-verano\/\" title=\"Turismo de Gran Canaria presenta en Noruega sus novedades para la temporada de verano\">Turismo de Gran Canaria presenta en Noruega sus novedades para la temporada de verano<\/a>\n<\/span><\/div>","aioseo_breadcrumb_json":[{"label":"Home","link":"https:\/\/eldigitaldeasturias.com\/magazine365"},{"label":"Noticias y Actualidad","link":"https:\/\/eldigitaldeasturias.com\/magazine365\/category\/noticias-actualidad\/"},{"label":"Turismo de Gran Canaria presenta en Noruega sus novedades para la temporada de verano","link":"https:\/\/eldigitaldeasturias.com\/magazine365\/turismo-de-gran-canaria-presenta-en-noruega-sus-novedades-para-la-temporada-de-verano\/"}],"_links":{"self":[{"href":"https:\/\/eldigitaldeasturias.com\/magazine365\/wp-json\/wp\/v2\/posts\/76515","targetHints":{"allow":["GET"]}}],"collection":[{"href":"https:\/\/eldigitaldeasturias.com\/magazine365\/wp-json\/wp\/v2\/posts"}],"about":[{"href":"https:\/\/eldigitaldeasturias.com\/magazine365\/wp-json\/wp\/v2\/types\/post"}],"author":[{"embeddable":true,"href":"https:\/\/eldigitaldeasturias.com\/magazine365\/wp-json\/wp\/v2\/users\/1"}],"replies":[{"embeddable":true,"href":"https:\/\/eldigitaldeasturias.com\/magazine365\/wp-json\/wp\/v2\/comments?post=76515"}],"version-history":[{"count":0,"href":"https:\/\/eldigitaldeasturias.com\/magazine365\/wp-json\/wp\/v2\/posts\/76515\/revisions"}],"wp:featuredmedia":[{"embeddable":true,"href":"https:\/\/eldigitaldeasturias.com\/magazine365\/wp-json\/wp\/v2\/media\/76516"}],"wp:attachment":[{"href":"https:\/\/eldigitaldeasturias.com\/magazine365\/wp-json\/wp\/v2\/media?parent=76515"}],"wp:term":[{"taxonomy":"category","embeddable":true,"href":"https:\/\/eldigitaldeasturias.com\/magazine365\/wp-json\/wp\/v2\/categories?post=76515"},{"taxonomy":"post_tag","embeddable":true,"href":"https:\/\/eldigitaldeasturias.com\/magazine365\/wp-json\/wp\/v2\/tags?post=76515"}],"curies":[{"name":"wp","href":"https:\/\/api.w.org\/{rel}","templated":true}]}}