{"id":76512,"date":"2016-05-21T05:54:13","date_gmt":"2016-05-21T03:54:13","guid":{"rendered":"http:\/\/eldigitaldeasturias.com\/magazine365\/?p=76512"},"modified":"2016-05-21T05:54:13","modified_gmt":"2016-05-21T03:54:13","slug":"defensa-dice-que-buscara-recursos-para-el-proyecto-de-aviones-no-tripulados-en-andalucia-porque-es-una-prioridad","status":"publish","type":"post","link":"https:\/\/eldigitaldeasturias.com\/magazine365\/defensa-dice-que-buscara-recursos-para-el-proyecto-de-aviones-no-tripulados-en-andalucia-porque-es-una-prioridad\/","title":{"rendered":"Defensa dice que buscar\u00e1 recursos para el proyecto de aviones no tripulados en Andaluc\u00eda porque es \u00abuna prioridad\u00bb"},"content":{"rendered":"<p><img fetchpriority=\"high\" decoding=\"async\" class=\"alignleft size-medium wp-image-76513\" src=\"https:\/\/eldigitaldeasturias.com\/magazine365\/wp-content\/uploads\/2016\/05\/fotonoticia_20160519172906_800-360x203.jpg\" alt=\"fotonoticia_20160519172906_800\" width=\"360\" height=\"203\" srcset=\"https:\/\/eldigitaldeasturias.com\/magazine365\/wp-content\/uploads\/2016\/05\/fotonoticia_20160519172906_800-360x203.jpg 360w, https:\/\/eldigitaldeasturias.com\/magazine365\/wp-content\/uploads\/2016\/05\/fotonoticia_20160519172906_800-650x366.jpg 650w, https:\/\/eldigitaldeasturias.com\/magazine365\/wp-content\/uploads\/2016\/05\/fotonoticia_20160519172906_800-768x432.jpg 768w, https:\/\/eldigitaldeasturias.com\/magazine365\/wp-content\/uploads\/2016\/05\/fotonoticia_20160519172906_800-150x84.jpg 150w, https:\/\/eldigitaldeasturias.com\/magazine365\/wp-content\/uploads\/2016\/05\/fotonoticia_20160519172906_800-450x253.jpg 450w, https:\/\/eldigitaldeasturias.com\/magazine365\/wp-content\/uploads\/2016\/05\/fotonoticia_20160519172906_800-499x280.jpg 499w, https:\/\/eldigitaldeasturias.com\/magazine365\/wp-content\/uploads\/2016\/05\/fotonoticia_20160519172906_800-510x289.jpg 510w, https:\/\/eldigitaldeasturias.com\/magazine365\/wp-content\/uploads\/2016\/05\/fotonoticia_20160519172906_800.jpg 800w\" sizes=\"(max-width: 360px) 100vw, 360px\" \/>El ministro de Defensa en funciones, Pedro Moren\u00e9s, ha visitado este jueves el Centro de Experimentaci\u00f3n de El Arenosillo (Cedea), ubicado en Mazag\u00f3n (Huelva), donde ha remarcado que el Centro de Aviones no Tripulados, conocido como el proyecto CEUS, sigue siendo a d\u00eda de hoy \u00abuna prioridad\u00bb para el Instituto Nacional de T\u00e9cnica Aeroespacial (INTA), por lo que el Gobierno central buscar\u00e1 recursos para su puesta en marcha con el fin de poder realizar el mismo junto a la Junta de Andaluc\u00eda y la Uni\u00f3n Europea (UE).<\/p>\n<p>En declaraciones a los periodistas en el citado centro, Moren\u00e9s ha explicado que el proyecto, para el que se prev\u00e9 una inversi\u00f3n que ronda los 40 millones de euros, \u00abha sufrido retrasos por motivos financieros y no tanto de \u00edndole tecnol\u00f3gica o del conocimiento\u00bb.<\/p>\n<p>Acompa\u00f1ado por el secretario de Estado de Defensa, Pedro Arg\u00fcelles, y el director general del Instituto Nacional de T\u00e9cnica Aeroespacial, el teniente general Ignacio Azqueta, el ministro ha manifestado que la l\u00ednea a seguir va a ser recuperar esos fondos europeos ahora que la Comisi\u00f3n Europea (CE) va a abrir nuevas l\u00edneas de financiaci\u00f3n para todas las actividades que, \u00abdentro del \u00e1mbito militar, tambi\u00e9n sirvan para el \u00e1mbito civil\u00bb.<\/p>\n<p>De igual manera, ha subrayado que desde el Gobierno \u00abno van a cejar en el empe\u00f1o porque en ese proyecto se concentra el futuro de la instalaci\u00f3n\u00bb.<\/p>\n<p>Sobre el Arenosillo, ha precisado que se trata de un centro \u00abbastante conocido que hace que Espa\u00f1a est\u00e9 considerada de una manera muy elevada en un \u00e1mbito en el que no ha sido hist\u00f3ricamente especialmente destacada\u00bb.<\/p>\n<p>Del mismo modo, ha subrayado que los gobiernos norteamericano, brit\u00e1nico, alem\u00e1n y el espa\u00f1ol est\u00e1n utilizando estas instalaciones para sus necesidades, una hecho que le llena \u00abde satisfacci\u00f3n\u00bb y m\u00e1s en \u00abun lugar porque es un terreno extraordinariamente maravilloso y sirve para la defensa de los espa\u00f1oles\u00bb.<\/p>\n<p>El centro de experimentaci\u00f3n del Arenosillo tiene sus or\u00edgenes en un acuerdo de cooperaci\u00f3n entre la Nasa y la Comisi\u00f3n nacional de Investigacion del Espacio (Conie) espa\u00f1ola en 1964. La Nasa requer\u00eda de Espa\u00f1a emplazamiento para instalar un campo de lanzamiento de cohetes meteorol\u00f3gicos con los que estudiar la din\u00e1mica estratomesosf\u00e9ric, es decir, la variaci\u00f3n del viento y la temperatura en los primeros 100 kil\u00f3metros.<\/p>\n<p>Poco a poco tambi\u00e9n ha ido desarrollando su propia tecnolog\u00eda y en la actualidad hay confeccionadas tres l\u00edneas: fomento de energ\u00edas renovables; ensayos atmosf\u00e9ricos y lanzamiento de cohetes de sondeo.<\/p>\n","protected":false},"excerpt":{"rendered":"<p>El ministro de Defensa en funciones, Pedro Moren\u00e9s, ha visitado este jueves el Centro de Experimentaci\u00f3n de El Arenosillo (Cedea), ubicado en Mazag\u00f3n (Huelva), donde ha remarcado que el Centro de Aviones no Tripulados, conocido como el proyecto CEUS, sigue siendo a d\u00eda de hoy \u00abuna prioridad\u00bb para el Instituto Nacional de T\u00e9cnica Aeroespacial (INTA),<\/p>\n","protected":false},"author":1,"featured_media":76513,"comment_status":"open","ping_status":"closed","sticky":false,"template":"","format":"standard","meta":{"footnotes":""},"categories":[224],"tags":[],"class_list":{"0":"post-76512","1":"post","2":"type-post","3":"status-publish","4":"format-standard","5":"has-post-thumbnail","7":"category-noticias-actualidad"},"aioseo_notices":[],"aioseo_head":"\n\t\t<!-- All in One SEO Pro 4.9.6.1 - aioseo.com -->\n\t<meta name=\"description\" content=\"El ministro de Defensa en funciones, Pedro Moren\u00e9s, ha visitado este jueves el Centro de Experimentaci\u00f3n de El Arenosillo (Cedea), ubicado en Mazag\u00f3n (Huelva), donde ha remarcado que el Centro de Aviones no Tripulados, conocido como el proyecto CEUS, sigue siendo a d\u00eda de hoy &quot;una prioridad&quot; para el Instituto Nacional de T\u00e9cnica Aeroespacial (INTA),\" \/>\n\t<meta name=\"robots\" content=\"max-image-preview:large\" \/>\n\t<meta name=\"author\" content=\"admin\"\/>\n\t<meta name=\"google-site-verification\" content=\"UA-38556648-1\" \/>\n\t<meta name=\"keywords\" content=\"noticias y actualidad\" \/>\n\t<link rel=\"canonical\" href=\"https:\/\/eldigitaldeasturias.com\/magazine365\/defensa-dice-que-buscara-recursos-para-el-proyecto-de-aviones-no-tripulados-en-andalucia-porque-es-una-prioridad\/\" \/>\n\t<meta name=\"generator\" content=\"All in One SEO Pro (AIOSEO) 4.9.6.1\" \/>\n\t\t<meta property=\"og:locale\" content=\"es_ES\" \/>\n\t\t<meta property=\"og:site_name\" content=\"El Digital de Asturias \u2013 Revista de ocio, turismo y estilo de vida\" \/>\n\t\t<meta property=\"og:type\" content=\"article\" \/>\n\t\t<meta property=\"og:title\" content=\"Defensa dice que buscar\u00e1 recursos para el proyecto de aviones no tripulados en Andaluc\u00eda porque es \u00abuna prioridad\u00bb | El Digital de Asturias\" \/>\n\t\t<meta property=\"og:description\" content=\"El ministro de Defensa en funciones, Pedro Moren\u00e9s, ha visitado este jueves el Centro de Experimentaci\u00f3n de El Arenosillo (Cedea), ubicado en Mazag\u00f3n (Huelva), donde ha remarcado que el Centro de Aviones no Tripulados, conocido como el proyecto CEUS, sigue siendo a d\u00eda de hoy &quot;una prioridad&quot; para el Instituto Nacional de T\u00e9cnica Aeroespacial (INTA),\" \/>\n\t\t<meta property=\"og:url\" content=\"https:\/\/eldigitaldeasturias.com\/magazine365\/defensa-dice-que-buscara-recursos-para-el-proyecto-de-aviones-no-tripulados-en-andalucia-porque-es-una-prioridad\/\" \/>\n\t\t<meta property=\"og:image\" content=\"https:\/\/eldigitaldeasturias.com\/magazine365\/wp-content\/uploads\/2016\/05\/fotonoticia_20160519172906_800.jpg\" \/>\n\t\t<meta property=\"og:image:secure_url\" content=\"https:\/\/eldigitaldeasturias.com\/magazine365\/wp-content\/uploads\/2016\/05\/fotonoticia_20160519172906_800.jpg\" \/>\n\t\t<meta property=\"og:image:width\" content=\"800\" \/>\n\t\t<meta property=\"og:image:height\" content=\"450\" \/>\n\t\t<meta property=\"article:published_time\" content=\"2016-05-21T03:54:13+00:00\" \/>\n\t\t<meta property=\"article:modified_time\" content=\"2016-05-21T03:54:13+00:00\" \/>\n\t\t<meta name=\"twitter:card\" content=\"summary_large_image\" \/>\n\t\t<meta name=\"twitter:title\" content=\"Defensa dice que buscar\u00e1 recursos para el proyecto de aviones no tripulados en Andaluc\u00eda porque es \u00abuna prioridad\u00bb | El Digital de Asturias\" \/>\n\t\t<meta name=\"twitter:description\" content=\"El ministro de Defensa en funciones, Pedro Moren\u00e9s, ha visitado este jueves el Centro de Experimentaci\u00f3n de El Arenosillo (Cedea), ubicado en Mazag\u00f3n (Huelva), donde ha remarcado que el Centro de Aviones no Tripulados, conocido como el proyecto CEUS, sigue siendo a d\u00eda de hoy &quot;una prioridad&quot; para el Instituto Nacional de T\u00e9cnica Aeroespacial (INTA),\" \/>\n\t\t<meta name=\"twitter:image\" content=\"https:\/\/eldigitaldeasturias.com\/magazine365\/wp-content\/uploads\/2016\/05\/fotonoticia_20160519172906_800.jpg\" \/>\n\t\t<script type=\"application\/ld+json\" class=\"aioseo-schema\">\n\t\t\t{\"@context\":\"https:\\\/\\\/schema.org\",\"@graph\":[{\"@type\":\"Article\",\"@id\":\"https:\\\/\\\/eldigitaldeasturias.com\\\/magazine365\\\/defensa-dice-que-buscara-recursos-para-el-proyecto-de-aviones-no-tripulados-en-andalucia-porque-es-una-prioridad\\\/#article\",\"name\":\"Defensa dice que buscar\\u00e1 recursos para el proyecto de aviones no tripulados en Andaluc\\u00eda porque es \\u00abuna prioridad\\u00bb | El Digital de Asturias\",\"headline\":\"Defensa dice que buscar\\u00e1 recursos para el proyecto de aviones no tripulados en Andaluc\\u00eda porque es \\u00abuna prioridad\\u00bb\",\"author\":{\"@id\":\"https:\\\/\\\/eldigitaldeasturias.com\\\/magazine365\\\/author\\\/admin\\\/#author\"},\"publisher\":{\"@id\":\"https:\\\/\\\/eldigitaldeasturias.com\\\/magazine365\\\/#organization\"},\"image\":{\"@type\":\"ImageObject\",\"url\":\"https:\\\/\\\/eldigitaldeasturias.com\\\/magazine365\\\/wp-content\\\/uploads\\\/2016\\\/05\\\/fotonoticia_20160519172906_800.jpg\",\"width\":800,\"height\":450},\"datePublished\":\"2016-05-21T05:54:13+02:00\",\"dateModified\":\"2016-05-21T05:54:13+02:00\",\"inLanguage\":\"es-ES\",\"mainEntityOfPage\":{\"@id\":\"https:\\\/\\\/eldigitaldeasturias.com\\\/magazine365\\\/defensa-dice-que-buscara-recursos-para-el-proyecto-de-aviones-no-tripulados-en-andalucia-porque-es-una-prioridad\\\/#webpage\"},\"isPartOf\":{\"@id\":\"https:\\\/\\\/eldigitaldeasturias.com\\\/magazine365\\\/defensa-dice-que-buscara-recursos-para-el-proyecto-de-aviones-no-tripulados-en-andalucia-porque-es-una-prioridad\\\/#webpage\"},\"articleSection\":\"Noticias y Actualidad\"},{\"@type\":\"BreadcrumbList\",\"@id\":\"https:\\\/\\\/eldigitaldeasturias.com\\\/magazine365\\\/defensa-dice-que-buscara-recursos-para-el-proyecto-de-aviones-no-tripulados-en-andalucia-porque-es-una-prioridad\\\/#breadcrumblist\",\"itemListElement\":[{\"@type\":\"ListItem\",\"@id\":\"https:\\\/\\\/eldigitaldeasturias.com\\\/magazine365#listItem\",\"position\":1,\"name\":\"Home\",\"item\":\"https:\\\/\\\/eldigitaldeasturias.com\\\/magazine365\",\"nextItem\":{\"@type\":\"ListItem\",\"@id\":\"https:\\\/\\\/eldigitaldeasturias.com\\\/magazine365\\\/category\\\/noticias-actualidad\\\/#listItem\",\"name\":\"Noticias y Actualidad\"}},{\"@type\":\"ListItem\",\"@id\":\"https:\\\/\\\/eldigitaldeasturias.com\\\/magazine365\\\/category\\\/noticias-actualidad\\\/#listItem\",\"position\":2,\"name\":\"Noticias y Actualidad\",\"item\":\"https:\\\/\\\/eldigitaldeasturias.com\\\/magazine365\\\/category\\\/noticias-actualidad\\\/\",\"nextItem\":{\"@type\":\"ListItem\",\"@id\":\"https:\\\/\\\/eldigitaldeasturias.com\\\/magazine365\\\/defensa-dice-que-buscara-recursos-para-el-proyecto-de-aviones-no-tripulados-en-andalucia-porque-es-una-prioridad\\\/#listItem\",\"name\":\"Defensa dice que buscar\\u00e1 recursos para el proyecto de aviones no tripulados en Andaluc\\u00eda porque es \\u00abuna prioridad\\u00bb\"},\"previousItem\":{\"@type\":\"ListItem\",\"@id\":\"https:\\\/\\\/eldigitaldeasturias.com\\\/magazine365#listItem\",\"name\":\"Home\"}},{\"@type\":\"ListItem\",\"@id\":\"https:\\\/\\\/eldigitaldeasturias.com\\\/magazine365\\\/defensa-dice-que-buscara-recursos-para-el-proyecto-de-aviones-no-tripulados-en-andalucia-porque-es-una-prioridad\\\/#listItem\",\"position\":3,\"name\":\"Defensa dice que buscar\\u00e1 recursos para el proyecto de aviones no tripulados en Andaluc\\u00eda porque es \\u00abuna prioridad\\u00bb\",\"previousItem\":{\"@type\":\"ListItem\",\"@id\":\"https:\\\/\\\/eldigitaldeasturias.com\\\/magazine365\\\/category\\\/noticias-actualidad\\\/#listItem\",\"name\":\"Noticias y Actualidad\"}}]},{\"@type\":\"Organization\",\"@id\":\"https:\\\/\\\/eldigitaldeasturias.com\\\/magazine365\\\/#organization\",\"name\":\"El digital de Asturias\",\"description\":\"Revista de ocio, turismo y estilo de vida\",\"url\":\"https:\\\/\\\/eldigitaldeasturias.com\\\/magazine365\\\/\",\"logo\":{\"@type\":\"ImageObject\",\"url\":\"https:\\\/\\\/www.eldigitaldeasturias.com\\\/noticias\\\/wp-content\\\/uploads\\\/2020\\\/12\\\/EDA.jpg\",\"@id\":\"https:\\\/\\\/eldigitaldeasturias.com\\\/magazine365\\\/defensa-dice-que-buscara-recursos-para-el-proyecto-de-aviones-no-tripulados-en-andalucia-porque-es-una-prioridad\\\/#organizationLogo\"},\"image\":{\"@id\":\"https:\\\/\\\/eldigitaldeasturias.com\\\/magazine365\\\/defensa-dice-que-buscara-recursos-para-el-proyecto-de-aviones-no-tripulados-en-andalucia-porque-es-una-prioridad\\\/#organizationLogo\"}},{\"@type\":\"Person\",\"@id\":\"https:\\\/\\\/eldigitaldeasturias.com\\\/magazine365\\\/author\\\/admin\\\/#author\",\"url\":\"https:\\\/\\\/eldigitaldeasturias.com\\\/magazine365\\\/author\\\/admin\\\/\",\"name\":\"admin\",\"image\":{\"@type\":\"ImageObject\",\"@id\":\"https:\\\/\\\/eldigitaldeasturias.com\\\/magazine365\\\/defensa-dice-que-buscara-recursos-para-el-proyecto-de-aviones-no-tripulados-en-andalucia-porque-es-una-prioridad\\\/#authorImage\",\"url\":\"https:\\\/\\\/eldigitaldeasturias.com\\\/magazine365\\\/wp-content\\\/litespeed\\\/avatar\\\/e571bcf59a0edd6fa6838245a470f2fe.jpg?ver=1777574230\",\"width\":96,\"height\":96,\"caption\":\"admin\"}},{\"@type\":\"WebPage\",\"@id\":\"https:\\\/\\\/eldigitaldeasturias.com\\\/magazine365\\\/defensa-dice-que-buscara-recursos-para-el-proyecto-de-aviones-no-tripulados-en-andalucia-porque-es-una-prioridad\\\/#webpage\",\"url\":\"https:\\\/\\\/eldigitaldeasturias.com\\\/magazine365\\\/defensa-dice-que-buscara-recursos-para-el-proyecto-de-aviones-no-tripulados-en-andalucia-porque-es-una-prioridad\\\/\",\"name\":\"Defensa dice que buscar\\u00e1 recursos para el proyecto de aviones no tripulados en Andaluc\\u00eda porque es \\u00abuna prioridad\\u00bb | El Digital de Asturias\",\"description\":\"El ministro de Defensa en funciones, Pedro Moren\\u00e9s, ha visitado este jueves el Centro de Experimentaci\\u00f3n de El Arenosillo (Cedea), ubicado en Mazag\\u00f3n (Huelva), donde ha remarcado que el Centro de Aviones no Tripulados, conocido como el proyecto CEUS, sigue siendo a d\\u00eda de hoy \\\"una prioridad\\\" para el Instituto Nacional de T\\u00e9cnica Aeroespacial (INTA),\",\"inLanguage\":\"es-ES\",\"isPartOf\":{\"@id\":\"https:\\\/\\\/eldigitaldeasturias.com\\\/magazine365\\\/#website\"},\"breadcrumb\":{\"@id\":\"https:\\\/\\\/eldigitaldeasturias.com\\\/magazine365\\\/defensa-dice-que-buscara-recursos-para-el-proyecto-de-aviones-no-tripulados-en-andalucia-porque-es-una-prioridad\\\/#breadcrumblist\"},\"author\":{\"@id\":\"https:\\\/\\\/eldigitaldeasturias.com\\\/magazine365\\\/author\\\/admin\\\/#author\"},\"creator\":{\"@id\":\"https:\\\/\\\/eldigitaldeasturias.com\\\/magazine365\\\/author\\\/admin\\\/#author\"},\"image\":{\"@type\":\"ImageObject\",\"url\":\"https:\\\/\\\/eldigitaldeasturias.com\\\/magazine365\\\/wp-content\\\/uploads\\\/2016\\\/05\\\/fotonoticia_20160519172906_800.jpg\",\"@id\":\"https:\\\/\\\/eldigitaldeasturias.com\\\/magazine365\\\/defensa-dice-que-buscara-recursos-para-el-proyecto-de-aviones-no-tripulados-en-andalucia-porque-es-una-prioridad\\\/#mainImage\",\"width\":800,\"height\":450},\"primaryImageOfPage\":{\"@id\":\"https:\\\/\\\/eldigitaldeasturias.com\\\/magazine365\\\/defensa-dice-que-buscara-recursos-para-el-proyecto-de-aviones-no-tripulados-en-andalucia-porque-es-una-prioridad\\\/#mainImage\"},\"datePublished\":\"2016-05-21T05:54:13+02:00\",\"dateModified\":\"2016-05-21T05:54:13+02:00\"},{\"@type\":\"WebSite\",\"@id\":\"https:\\\/\\\/eldigitaldeasturias.com\\\/magazine365\\\/#website\",\"url\":\"https:\\\/\\\/eldigitaldeasturias.com\\\/magazine365\\\/\",\"name\":\"El Digital de Asturias\",\"description\":\"Revista de ocio, turismo y estilo de vida\",\"inLanguage\":\"es-ES\",\"publisher\":{\"@id\":\"https:\\\/\\\/eldigitaldeasturias.com\\\/magazine365\\\/#organization\"}}]}\n\t\t<\/script>\n\t\t<!-- All in One SEO Pro -->\r\n\t\t<title>Defensa dice que buscar\u00e1 recursos para el proyecto de aviones no tripulados en Andaluc\u00eda porque es \u00abuna prioridad\u00bb | El Digital de Asturias<\/title>\n\n","aioseo_head_json":{"title":"Defensa dice que buscar\u00e1 recursos para el proyecto de aviones no tripulados en Andaluc\u00eda porque es \u00abuna prioridad\u00bb | El Digital de Asturias","description":"El ministro de Defensa en funciones, Pedro Moren\u00e9s, ha visitado este jueves el Centro de Experimentaci\u00f3n de El Arenosillo (Cedea), ubicado en Mazag\u00f3n (Huelva), donde ha remarcado que el Centro de Aviones no Tripulados, conocido como el proyecto CEUS, sigue siendo a d\u00eda de hoy \"una prioridad\" para el Instituto Nacional de T\u00e9cnica Aeroespacial (INTA),","canonical_url":"https:\/\/eldigitaldeasturias.com\/magazine365\/defensa-dice-que-buscara-recursos-para-el-proyecto-de-aviones-no-tripulados-en-andalucia-porque-es-una-prioridad\/","robots":"max-image-preview:large","keywords":"noticias y actualidad","webmasterTools":{"google-site-verification":"UA-38556648-1","miscellaneous":""},"schema":{"@context":"https:\/\/schema.org","@graph":[{"@type":"Article","@id":"https:\/\/eldigitaldeasturias.com\/magazine365\/defensa-dice-que-buscara-recursos-para-el-proyecto-de-aviones-no-tripulados-en-andalucia-porque-es-una-prioridad\/#article","name":"Defensa dice que buscar\u00e1 recursos para el proyecto de aviones no tripulados en Andaluc\u00eda porque es \u00abuna prioridad\u00bb | El Digital de Asturias","headline":"Defensa dice que buscar\u00e1 recursos para el proyecto de aviones no tripulados en Andaluc\u00eda porque es \u00abuna prioridad\u00bb","author":{"@id":"https:\/\/eldigitaldeasturias.com\/magazine365\/author\/admin\/#author"},"publisher":{"@id":"https:\/\/eldigitaldeasturias.com\/magazine365\/#organization"},"image":{"@type":"ImageObject","url":"https:\/\/eldigitaldeasturias.com\/magazine365\/wp-content\/uploads\/2016\/05\/fotonoticia_20160519172906_800.jpg","width":800,"height":450},"datePublished":"2016-05-21T05:54:13+02:00","dateModified":"2016-05-21T05:54:13+02:00","inLanguage":"es-ES","mainEntityOfPage":{"@id":"https:\/\/eldigitaldeasturias.com\/magazine365\/defensa-dice-que-buscara-recursos-para-el-proyecto-de-aviones-no-tripulados-en-andalucia-porque-es-una-prioridad\/#webpage"},"isPartOf":{"@id":"https:\/\/eldigitaldeasturias.com\/magazine365\/defensa-dice-que-buscara-recursos-para-el-proyecto-de-aviones-no-tripulados-en-andalucia-porque-es-una-prioridad\/#webpage"},"articleSection":"Noticias y Actualidad"},{"@type":"BreadcrumbList","@id":"https:\/\/eldigitaldeasturias.com\/magazine365\/defensa-dice-que-buscara-recursos-para-el-proyecto-de-aviones-no-tripulados-en-andalucia-porque-es-una-prioridad\/#breadcrumblist","itemListElement":[{"@type":"ListItem","@id":"https:\/\/eldigitaldeasturias.com\/magazine365#listItem","position":1,"name":"Home","item":"https:\/\/eldigitaldeasturias.com\/magazine365","nextItem":{"@type":"ListItem","@id":"https:\/\/eldigitaldeasturias.com\/magazine365\/category\/noticias-actualidad\/#listItem","name":"Noticias y Actualidad"}},{"@type":"ListItem","@id":"https:\/\/eldigitaldeasturias.com\/magazine365\/category\/noticias-actualidad\/#listItem","position":2,"name":"Noticias y Actualidad","item":"https:\/\/eldigitaldeasturias.com\/magazine365\/category\/noticias-actualidad\/","nextItem":{"@type":"ListItem","@id":"https:\/\/eldigitaldeasturias.com\/magazine365\/defensa-dice-que-buscara-recursos-para-el-proyecto-de-aviones-no-tripulados-en-andalucia-porque-es-una-prioridad\/#listItem","name":"Defensa dice que buscar\u00e1 recursos para el proyecto de aviones no tripulados en Andaluc\u00eda porque es \u00abuna prioridad\u00bb"},"previousItem":{"@type":"ListItem","@id":"https:\/\/eldigitaldeasturias.com\/magazine365#listItem","name":"Home"}},{"@type":"ListItem","@id":"https:\/\/eldigitaldeasturias.com\/magazine365\/defensa-dice-que-buscara-recursos-para-el-proyecto-de-aviones-no-tripulados-en-andalucia-porque-es-una-prioridad\/#listItem","position":3,"name":"Defensa dice que buscar\u00e1 recursos para el proyecto de aviones no tripulados en Andaluc\u00eda porque es \u00abuna prioridad\u00bb","previousItem":{"@type":"ListItem","@id":"https:\/\/eldigitaldeasturias.com\/magazine365\/category\/noticias-actualidad\/#listItem","name":"Noticias y Actualidad"}}]},{"@type":"Organization","@id":"https:\/\/eldigitaldeasturias.com\/magazine365\/#organization","name":"El digital de Asturias","description":"Revista de ocio, turismo y estilo de vida","url":"https:\/\/eldigitaldeasturias.com\/magazine365\/","logo":{"@type":"ImageObject","url":"https:\/\/www.eldigitaldeasturias.com\/noticias\/wp-content\/uploads\/2020\/12\/EDA.jpg","@id":"https:\/\/eldigitaldeasturias.com\/magazine365\/defensa-dice-que-buscara-recursos-para-el-proyecto-de-aviones-no-tripulados-en-andalucia-porque-es-una-prioridad\/#organizationLogo"},"image":{"@id":"https:\/\/eldigitaldeasturias.com\/magazine365\/defensa-dice-que-buscara-recursos-para-el-proyecto-de-aviones-no-tripulados-en-andalucia-porque-es-una-prioridad\/#organizationLogo"}},{"@type":"Person","@id":"https:\/\/eldigitaldeasturias.com\/magazine365\/author\/admin\/#author","url":"https:\/\/eldigitaldeasturias.com\/magazine365\/author\/admin\/","name":"admin","image":{"@type":"ImageObject","@id":"https:\/\/eldigitaldeasturias.com\/magazine365\/defensa-dice-que-buscara-recursos-para-el-proyecto-de-aviones-no-tripulados-en-andalucia-porque-es-una-prioridad\/#authorImage","url":"https:\/\/eldigitaldeasturias.com\/magazine365\/wp-content\/litespeed\/avatar\/e571bcf59a0edd6fa6838245a470f2fe.jpg?ver=1777574230","width":96,"height":96,"caption":"admin"}},{"@type":"WebPage","@id":"https:\/\/eldigitaldeasturias.com\/magazine365\/defensa-dice-que-buscara-recursos-para-el-proyecto-de-aviones-no-tripulados-en-andalucia-porque-es-una-prioridad\/#webpage","url":"https:\/\/eldigitaldeasturias.com\/magazine365\/defensa-dice-que-buscara-recursos-para-el-proyecto-de-aviones-no-tripulados-en-andalucia-porque-es-una-prioridad\/","name":"Defensa dice que buscar\u00e1 recursos para el proyecto de aviones no tripulados en Andaluc\u00eda porque es \u00abuna prioridad\u00bb | El Digital de Asturias","description":"El ministro de Defensa en funciones, Pedro Moren\u00e9s, ha visitado este jueves el Centro de Experimentaci\u00f3n de El Arenosillo (Cedea), ubicado en Mazag\u00f3n (Huelva), donde ha remarcado que el Centro de Aviones no Tripulados, conocido como el proyecto CEUS, sigue siendo a d\u00eda de hoy \"una prioridad\" para el Instituto Nacional de T\u00e9cnica Aeroespacial (INTA),","inLanguage":"es-ES","isPartOf":{"@id":"https:\/\/eldigitaldeasturias.com\/magazine365\/#website"},"breadcrumb":{"@id":"https:\/\/eldigitaldeasturias.com\/magazine365\/defensa-dice-que-buscara-recursos-para-el-proyecto-de-aviones-no-tripulados-en-andalucia-porque-es-una-prioridad\/#breadcrumblist"},"author":{"@id":"https:\/\/eldigitaldeasturias.com\/magazine365\/author\/admin\/#author"},"creator":{"@id":"https:\/\/eldigitaldeasturias.com\/magazine365\/author\/admin\/#author"},"image":{"@type":"ImageObject","url":"https:\/\/eldigitaldeasturias.com\/magazine365\/wp-content\/uploads\/2016\/05\/fotonoticia_20160519172906_800.jpg","@id":"https:\/\/eldigitaldeasturias.com\/magazine365\/defensa-dice-que-buscara-recursos-para-el-proyecto-de-aviones-no-tripulados-en-andalucia-porque-es-una-prioridad\/#mainImage","width":800,"height":450},"primaryImageOfPage":{"@id":"https:\/\/eldigitaldeasturias.com\/magazine365\/defensa-dice-que-buscara-recursos-para-el-proyecto-de-aviones-no-tripulados-en-andalucia-porque-es-una-prioridad\/#mainImage"},"datePublished":"2016-05-21T05:54:13+02:00","dateModified":"2016-05-21T05:54:13+02:00"},{"@type":"WebSite","@id":"https:\/\/eldigitaldeasturias.com\/magazine365\/#website","url":"https:\/\/eldigitaldeasturias.com\/magazine365\/","name":"El Digital de Asturias","description":"Revista de ocio, turismo y estilo de vida","inLanguage":"es-ES","publisher":{"@id":"https:\/\/eldigitaldeasturias.com\/magazine365\/#organization"}}]},"og:locale":"es_ES","og:site_name":"El Digital de Asturias \u2013 Revista de ocio, turismo y estilo de vida","og:type":"article","og:title":"Defensa dice que buscar\u00e1 recursos para el proyecto de aviones no tripulados en Andaluc\u00eda porque es \u00abuna prioridad\u00bb | El Digital de Asturias","og:description":"El ministro de Defensa en funciones, Pedro Moren\u00e9s, ha visitado este jueves el Centro de Experimentaci\u00f3n de El Arenosillo (Cedea), ubicado en Mazag\u00f3n (Huelva), donde ha remarcado que el Centro de Aviones no Tripulados, conocido como el proyecto CEUS, sigue siendo a d\u00eda de hoy &quot;una prioridad&quot; para el Instituto Nacional de T\u00e9cnica Aeroespacial (INTA),","og:url":"https:\/\/eldigitaldeasturias.com\/magazine365\/defensa-dice-que-buscara-recursos-para-el-proyecto-de-aviones-no-tripulados-en-andalucia-porque-es-una-prioridad\/","og:image":"https:\/\/eldigitaldeasturias.com\/magazine365\/wp-content\/uploads\/2016\/05\/fotonoticia_20160519172906_800.jpg","og:image:secure_url":"https:\/\/eldigitaldeasturias.com\/magazine365\/wp-content\/uploads\/2016\/05\/fotonoticia_20160519172906_800.jpg","og:image:width":800,"og:image:height":450,"article:published_time":"2016-05-21T03:54:13+00:00","article:modified_time":"2016-05-21T03:54:13+00:00","twitter:card":"summary_large_image","twitter:title":"Defensa dice que buscar\u00e1 recursos para el proyecto de aviones no tripulados en Andaluc\u00eda porque es \u00abuna prioridad\u00bb | El Digital de Asturias","twitter:description":"El ministro de Defensa en funciones, Pedro Moren\u00e9s, ha visitado este jueves el Centro de Experimentaci\u00f3n de El Arenosillo (Cedea), ubicado en Mazag\u00f3n (Huelva), donde ha remarcado que el Centro de Aviones no Tripulados, conocido como el proyecto CEUS, sigue siendo a d\u00eda de hoy &quot;una prioridad&quot; para el Instituto Nacional de T\u00e9cnica Aeroespacial (INTA),","twitter:image":"https:\/\/eldigitaldeasturias.com\/magazine365\/wp-content\/uploads\/2016\/05\/fotonoticia_20160519172906_800.jpg"},"aioseo_meta_data":{"post_id":"76512","title":null,"description":null,"keywords":null,"keyphrases":null,"primary_term":null,"canonical_url":null,"og_title":null,"og_description":null,"og_object_type":"default","og_image_type":"default","og_image_url":null,"og_image_width":null,"og_image_height":null,"og_image_custom_url":null,"og_image_custom_fields":null,"og_video":null,"og_custom_url":null,"og_article_section":null,"og_article_tags":null,"twitter_use_og":false,"twitter_card":"default","twitter_image_type":"default","twitter_image_url":null,"twitter_image_custom_url":null,"twitter_image_custom_fields":null,"twitter_title":null,"twitter_description":null,"schema":{"blockGraphs":[],"customGraphs":[],"default":{"data":{"Article":[],"Course":[],"Dataset":[],"FAQPage":[],"Movie":[],"Person":[],"Product":[],"ProductReview":[],"Car":[],"Recipe":[],"Service":[],"SoftwareApplication":[],"WebPage":[]},"graphName":"","isEnabled":true},"graphs":[],"defaultGraph":"","defaultPostTypeGraph":""},"schema_type":null,"schema_type_options":null,"pillar_content":false,"robots_default":true,"robots_noindex":false,"robots_noarchive":false,"robots_nosnippet":false,"robots_nofollow":false,"robots_noimageindex":false,"robots_noodp":false,"robots_notranslate":false,"robots_max_snippet":null,"robots_max_videopreview":null,"robots_max_imagepreview":"large","priority":null,"frequency":null,"location":null,"local_seo":null,"seo_analyzer_scan_date":"2025-09-27 12:50:07","breadcrumb_settings":null,"limit_modified_date":false,"open_ai":null,"ai":null,"created":"2021-03-08 18:27:57","updated":"2025-09-27 12:50:07"},"aioseo_breadcrumb":"<div class=\"aioseo-breadcrumbs\"><span class=\"aioseo-breadcrumb\">\n\t<a href=\"https:\/\/eldigitaldeasturias.com\/magazine365\" title=\"Home\">Home<\/a>\n<\/span><span class=\"aioseo-breadcrumb-separator\">\u2013<\/span><span class=\"aioseo-breadcrumb\">\n\t<a href=\"https:\/\/eldigitaldeasturias.com\/magazine365\/category\/noticias-actualidad\/\" title=\"Noticias y Actualidad\">Noticias y Actualidad<\/a>\n<\/span><span class=\"aioseo-breadcrumb-separator\">\u2013<\/span><span class=\"aioseo-breadcrumb\">\n\t<a href=\"https:\/\/eldigitaldeasturias.com\/magazine365\/defensa-dice-que-buscara-recursos-para-el-proyecto-de-aviones-no-tripulados-en-andalucia-porque-es-una-prioridad\/\" title=\"Defensa dice que buscar\u00e1 recursos para el proyecto de aviones no tripulados en Andaluc\u00eda porque es \u00abuna prioridad\u00bb\">Defensa dice que buscar\u00e1 recursos para el proyecto de aviones no tripulados en Andaluc\u00eda porque es \u00abuna prioridad\u00bb<\/a>\n<\/span><\/div>","aioseo_breadcrumb_json":[{"label":"Home","link":"https:\/\/eldigitaldeasturias.com\/magazine365"},{"label":"Noticias y Actualidad","link":"https:\/\/eldigitaldeasturias.com\/magazine365\/category\/noticias-actualidad\/"},{"label":"Defensa dice que buscar\u00e1 recursos para el proyecto de aviones no tripulados en Andaluc\u00eda porque es \u00abuna prioridad\u00bb","link":"https:\/\/eldigitaldeasturias.com\/magazine365\/defensa-dice-que-buscara-recursos-para-el-proyecto-de-aviones-no-tripulados-en-andalucia-porque-es-una-prioridad\/"}],"_links":{"self":[{"href":"https:\/\/eldigitaldeasturias.com\/magazine365\/wp-json\/wp\/v2\/posts\/76512","targetHints":{"allow":["GET"]}}],"collection":[{"href":"https:\/\/eldigitaldeasturias.com\/magazine365\/wp-json\/wp\/v2\/posts"}],"about":[{"href":"https:\/\/eldigitaldeasturias.com\/magazine365\/wp-json\/wp\/v2\/types\/post"}],"author":[{"embeddable":true,"href":"https:\/\/eldigitaldeasturias.com\/magazine365\/wp-json\/wp\/v2\/users\/1"}],"replies":[{"embeddable":true,"href":"https:\/\/eldigitaldeasturias.com\/magazine365\/wp-json\/wp\/v2\/comments?post=76512"}],"version-history":[{"count":0,"href":"https:\/\/eldigitaldeasturias.com\/magazine365\/wp-json\/wp\/v2\/posts\/76512\/revisions"}],"wp:featuredmedia":[{"embeddable":true,"href":"https:\/\/eldigitaldeasturias.com\/magazine365\/wp-json\/wp\/v2\/media\/76513"}],"wp:attachment":[{"href":"https:\/\/eldigitaldeasturias.com\/magazine365\/wp-json\/wp\/v2\/media?parent=76512"}],"wp:term":[{"taxonomy":"category","embeddable":true,"href":"https:\/\/eldigitaldeasturias.com\/magazine365\/wp-json\/wp\/v2\/categories?post=76512"},{"taxonomy":"post_tag","embeddable":true,"href":"https:\/\/eldigitaldeasturias.com\/magazine365\/wp-json\/wp\/v2\/tags?post=76512"}],"curies":[{"name":"wp","href":"https:\/\/api.w.org\/{rel}","templated":true}]}}