{"id":76498,"date":"2016-05-21T05:48:45","date_gmt":"2016-05-21T03:48:45","guid":{"rendered":"http:\/\/eldigitaldeasturias.com\/magazine365\/?p=76498"},"modified":"2016-05-21T05:48:45","modified_gmt":"2016-05-21T03:48:45","slug":"la-alcaldesa-de-ciudad-real-confia-en-el-turismo-para-la-promocion-economica-de-la-ciudad","status":"publish","type":"post","link":"https:\/\/eldigitaldeasturias.com\/magazine365\/la-alcaldesa-de-ciudad-real-confia-en-el-turismo-para-la-promocion-economica-de-la-ciudad\/","title":{"rendered":"La alcaldesa de Ciudad Real conf\u00eda en el turismo \u00abpara la promoci\u00f3n econ\u00f3mica\u00bb de la ciudad"},"content":{"rendered":"<p><img fetchpriority=\"high\" decoding=\"async\" class=\"alignleft size-medium wp-image-76499\" src=\"https:\/\/eldigitaldeasturias.com\/magazine365\/wp-content\/uploads\/2016\/05\/fotonoticia_20160519171228_800-360x239.jpg\" alt=\"fotonoticia_20160519171228_800\" width=\"360\" height=\"239\" srcset=\"https:\/\/eldigitaldeasturias.com\/magazine365\/wp-content\/uploads\/2016\/05\/fotonoticia_20160519171228_800-360x239.jpg 360w, https:\/\/eldigitaldeasturias.com\/magazine365\/wp-content\/uploads\/2016\/05\/fotonoticia_20160519171228_800-650x432.jpg 650w, https:\/\/eldigitaldeasturias.com\/magazine365\/wp-content\/uploads\/2016\/05\/fotonoticia_20160519171228_800-768x511.jpg 768w, https:\/\/eldigitaldeasturias.com\/magazine365\/wp-content\/uploads\/2016\/05\/fotonoticia_20160519171228_800-150x100.jpg 150w, https:\/\/eldigitaldeasturias.com\/magazine365\/wp-content\/uploads\/2016\/05\/fotonoticia_20160519171228_800-450x299.jpg 450w, https:\/\/eldigitaldeasturias.com\/magazine365\/wp-content\/uploads\/2016\/05\/fotonoticia_20160519171228_800-121x79.jpg 121w, https:\/\/eldigitaldeasturias.com\/magazine365\/wp-content\/uploads\/2016\/05\/fotonoticia_20160519171228_800-101x66.jpg 101w, https:\/\/eldigitaldeasturias.com\/magazine365\/wp-content\/uploads\/2016\/05\/fotonoticia_20160519171228_800.jpg 800w\" sizes=\"(max-width: 360px) 100vw, 360px\" \/>La alcaldesa de Ciudad Real, Pilar Zamora, ha se\u00f1alado, durante la visita que ha realizado al Taller de Empleo &#8216;Cervantes&#8217;, el cual est\u00e1 relacionado con la organizaci\u00f3n y gesti\u00f3n de eventos culturales en la ciudad, que conf\u00eda \u00aben la cultura y el turismo para la promoci\u00f3n econ\u00f3mica de Ciudad Real\u00bb.<\/p>\n<p>Durante la visita, Zamora ha estado acompa\u00f1ada de la delegada de la Junta de Comunidades, Carmen Olmedo, la directora general de Turismo y Artesan\u00eda, Ana Isabel Fern\u00e1ndez y el concejal de Promoci\u00f3n Econ\u00f3mica, Cultural y Tur\u00edstica, Jos\u00e9 Luis Herrera, seg\u00fan ha informado el Ayuntamiento de Ciudad Real en nota de prensa.<\/p>\n<p>Para los seis meses que dura este Taller, 12 personas desempleadas han sido contratadas por el Instituto Municipal de Promoci\u00f3n Econ\u00f3mica, Formaci\u00f3n y Empleo de Ciudad Real (IMPEFE) bajo la modalidad de contrato para la formaci\u00f3n y recibir\u00e1n una retribuci\u00f3n de 655,20 euros brutos al mes. Adem\u00e1s, obtendr\u00e1n el correspondiente Certificado de Profesionalidad en la especialidad formativa &#8216;Creaci\u00f3n y gesti\u00f3n de viajes combinados y eventos&#8217;.<\/p>\n<p>Pilar Zamora ha afirmado que \u00abla apuesta del Ayuntamiento de Ciudad Real y del IMPEFE es la b\u00fasqueda de soluciones para arreglar el desempleo\u00bb. Por eso este taller era \u00ab\u00f3ptimo\u00bb, ya que \u00abconjuga formaci\u00f3n y empleo\u00bb.<\/p>\n<p>Por su parte, la delegada de la Junta ha considerado que este es un taller de empleo que est\u00e1 articulado \u00abpara paliar los efectos del paro y formar a gente para prepararse en un mercado que tiene demanda de empleo\u00bb. Olmedo ha valorado tambi\u00e9n la elecci\u00f3n de este taller de empleo ya que \u00ablos datos de empleo en el sector tur\u00edstico son muy buenos e interesantes en los \u00faltimos meses con un crecimiento del 6 por ciento en Castilla-La Mancha\u00bb.<\/p>\n<p>Se trata de un programa mixto de formaci\u00f3n en alternancia con el empleo, desarrollado por el IMPEFE y subvencionado por la Consejer\u00eda de Econom\u00eda, Empresas y Empleo y el Fondo Social Europeo.<\/p>\n","protected":false},"excerpt":{"rendered":"<p>La alcaldesa de Ciudad Real, Pilar Zamora, ha se\u00f1alado, durante la visita que ha realizado al Taller de Empleo &#8216;Cervantes&#8217;, el cual est\u00e1 relacionado con la organizaci\u00f3n y gesti\u00f3n de eventos culturales en la ciudad, que conf\u00eda \u00aben la cultura y el turismo para la promoci\u00f3n econ\u00f3mica de Ciudad Real\u00bb. Durante la visita, Zamora ha<\/p>\n","protected":false},"author":1,"featured_media":76499,"comment_status":"open","ping_status":"closed","sticky":false,"template":"","format":"standard","meta":{"footnotes":""},"categories":[224],"tags":[],"class_list":{"0":"post-76498","1":"post","2":"type-post","3":"status-publish","4":"format-standard","5":"has-post-thumbnail","7":"category-noticias-actualidad"},"aioseo_notices":[],"aioseo_head":"\n\t\t<!-- All in One SEO Pro 4.9.6.1 - aioseo.com -->\n\t<meta name=\"description\" content=\"La alcaldesa de Ciudad Real, Pilar Zamora, ha se\u00f1alado, durante la visita que ha realizado al Taller de Empleo &#039;Cervantes&#039;, el cual est\u00e1 relacionado con la organizaci\u00f3n y gesti\u00f3n de eventos culturales en la ciudad, que conf\u00eda &quot;en la cultura y el turismo para la promoci\u00f3n econ\u00f3mica de Ciudad Real&quot;. Durante la visita, Zamora ha\" \/>\n\t<meta name=\"robots\" content=\"max-image-preview:large\" \/>\n\t<meta name=\"author\" content=\"admin\"\/>\n\t<meta name=\"google-site-verification\" content=\"UA-38556648-1\" \/>\n\t<meta name=\"keywords\" content=\"noticias y actualidad\" \/>\n\t<link rel=\"canonical\" href=\"https:\/\/eldigitaldeasturias.com\/magazine365\/la-alcaldesa-de-ciudad-real-confia-en-el-turismo-para-la-promocion-economica-de-la-ciudad\/\" \/>\n\t<meta name=\"generator\" content=\"All in One SEO Pro (AIOSEO) 4.9.6.1\" \/>\n\t\t<meta property=\"og:locale\" content=\"es_ES\" \/>\n\t\t<meta property=\"og:site_name\" content=\"El Digital de Asturias \u2013 Revista de ocio, turismo y estilo de vida\" \/>\n\t\t<meta property=\"og:type\" content=\"article\" \/>\n\t\t<meta property=\"og:title\" content=\"La alcaldesa de Ciudad Real conf\u00eda en el turismo \u00abpara la promoci\u00f3n econ\u00f3mica\u00bb de la ciudad | El Digital de Asturias\" \/>\n\t\t<meta property=\"og:description\" content=\"La alcaldesa de Ciudad Real, Pilar Zamora, ha se\u00f1alado, durante la visita que ha realizado al Taller de Empleo &#039;Cervantes&#039;, el cual est\u00e1 relacionado con la organizaci\u00f3n y gesti\u00f3n de eventos culturales en la ciudad, que conf\u00eda &quot;en la cultura y el turismo para la promoci\u00f3n econ\u00f3mica de Ciudad Real&quot;. Durante la visita, Zamora ha\" \/>\n\t\t<meta property=\"og:url\" content=\"https:\/\/eldigitaldeasturias.com\/magazine365\/la-alcaldesa-de-ciudad-real-confia-en-el-turismo-para-la-promocion-economica-de-la-ciudad\/\" \/>\n\t\t<meta property=\"og:image\" content=\"https:\/\/eldigitaldeasturias.com\/magazine365\/wp-content\/uploads\/2016\/05\/fotonoticia_20160519171228_800.jpg\" \/>\n\t\t<meta property=\"og:image:secure_url\" content=\"https:\/\/eldigitaldeasturias.com\/magazine365\/wp-content\/uploads\/2016\/05\/fotonoticia_20160519171228_800.jpg\" \/>\n\t\t<meta property=\"og:image:width\" content=\"800\" \/>\n\t\t<meta property=\"og:image:height\" content=\"532\" \/>\n\t\t<meta property=\"article:published_time\" content=\"2016-05-21T03:48:45+00:00\" \/>\n\t\t<meta property=\"article:modified_time\" content=\"2016-05-21T03:48:45+00:00\" \/>\n\t\t<meta name=\"twitter:card\" content=\"summary_large_image\" \/>\n\t\t<meta name=\"twitter:title\" content=\"La alcaldesa de Ciudad Real conf\u00eda en el turismo \u00abpara la promoci\u00f3n econ\u00f3mica\u00bb de la ciudad | El Digital de Asturias\" \/>\n\t\t<meta name=\"twitter:description\" content=\"La alcaldesa de Ciudad Real, Pilar Zamora, ha se\u00f1alado, durante la visita que ha realizado al Taller de Empleo &#039;Cervantes&#039;, el cual est\u00e1 relacionado con la organizaci\u00f3n y gesti\u00f3n de eventos culturales en la ciudad, que conf\u00eda &quot;en la cultura y el turismo para la promoci\u00f3n econ\u00f3mica de Ciudad Real&quot;. Durante la visita, Zamora ha\" \/>\n\t\t<meta name=\"twitter:image\" content=\"https:\/\/eldigitaldeasturias.com\/magazine365\/wp-content\/uploads\/2016\/05\/fotonoticia_20160519171228_800.jpg\" \/>\n\t\t<script type=\"application\/ld+json\" class=\"aioseo-schema\">\n\t\t\t{\"@context\":\"https:\\\/\\\/schema.org\",\"@graph\":[{\"@type\":\"Article\",\"@id\":\"https:\\\/\\\/eldigitaldeasturias.com\\\/magazine365\\\/la-alcaldesa-de-ciudad-real-confia-en-el-turismo-para-la-promocion-economica-de-la-ciudad\\\/#article\",\"name\":\"La alcaldesa de Ciudad Real conf\\u00eda en el turismo \\u00abpara la promoci\\u00f3n econ\\u00f3mica\\u00bb de la ciudad | El Digital de Asturias\",\"headline\":\"La alcaldesa de Ciudad Real conf\\u00eda en el turismo \\u00abpara la promoci\\u00f3n econ\\u00f3mica\\u00bb de la ciudad\",\"author\":{\"@id\":\"https:\\\/\\\/eldigitaldeasturias.com\\\/magazine365\\\/author\\\/admin\\\/#author\"},\"publisher\":{\"@id\":\"https:\\\/\\\/eldigitaldeasturias.com\\\/magazine365\\\/#organization\"},\"image\":{\"@type\":\"ImageObject\",\"url\":\"https:\\\/\\\/eldigitaldeasturias.com\\\/magazine365\\\/wp-content\\\/uploads\\\/2016\\\/05\\\/fotonoticia_20160519171228_800.jpg\",\"width\":800,\"height\":532},\"datePublished\":\"2016-05-21T05:48:45+02:00\",\"dateModified\":\"2016-05-21T05:48:45+02:00\",\"inLanguage\":\"es-ES\",\"mainEntityOfPage\":{\"@id\":\"https:\\\/\\\/eldigitaldeasturias.com\\\/magazine365\\\/la-alcaldesa-de-ciudad-real-confia-en-el-turismo-para-la-promocion-economica-de-la-ciudad\\\/#webpage\"},\"isPartOf\":{\"@id\":\"https:\\\/\\\/eldigitaldeasturias.com\\\/magazine365\\\/la-alcaldesa-de-ciudad-real-confia-en-el-turismo-para-la-promocion-economica-de-la-ciudad\\\/#webpage\"},\"articleSection\":\"Noticias y Actualidad\"},{\"@type\":\"BreadcrumbList\",\"@id\":\"https:\\\/\\\/eldigitaldeasturias.com\\\/magazine365\\\/la-alcaldesa-de-ciudad-real-confia-en-el-turismo-para-la-promocion-economica-de-la-ciudad\\\/#breadcrumblist\",\"itemListElement\":[{\"@type\":\"ListItem\",\"@id\":\"https:\\\/\\\/eldigitaldeasturias.com\\\/magazine365#listItem\",\"position\":1,\"name\":\"Home\",\"item\":\"https:\\\/\\\/eldigitaldeasturias.com\\\/magazine365\",\"nextItem\":{\"@type\":\"ListItem\",\"@id\":\"https:\\\/\\\/eldigitaldeasturias.com\\\/magazine365\\\/category\\\/noticias-actualidad\\\/#listItem\",\"name\":\"Noticias y Actualidad\"}},{\"@type\":\"ListItem\",\"@id\":\"https:\\\/\\\/eldigitaldeasturias.com\\\/magazine365\\\/category\\\/noticias-actualidad\\\/#listItem\",\"position\":2,\"name\":\"Noticias y Actualidad\",\"item\":\"https:\\\/\\\/eldigitaldeasturias.com\\\/magazine365\\\/category\\\/noticias-actualidad\\\/\",\"nextItem\":{\"@type\":\"ListItem\",\"@id\":\"https:\\\/\\\/eldigitaldeasturias.com\\\/magazine365\\\/la-alcaldesa-de-ciudad-real-confia-en-el-turismo-para-la-promocion-economica-de-la-ciudad\\\/#listItem\",\"name\":\"La alcaldesa de Ciudad Real conf\\u00eda en el turismo \\u00abpara la promoci\\u00f3n econ\\u00f3mica\\u00bb de la ciudad\"},\"previousItem\":{\"@type\":\"ListItem\",\"@id\":\"https:\\\/\\\/eldigitaldeasturias.com\\\/magazine365#listItem\",\"name\":\"Home\"}},{\"@type\":\"ListItem\",\"@id\":\"https:\\\/\\\/eldigitaldeasturias.com\\\/magazine365\\\/la-alcaldesa-de-ciudad-real-confia-en-el-turismo-para-la-promocion-economica-de-la-ciudad\\\/#listItem\",\"position\":3,\"name\":\"La alcaldesa de Ciudad Real conf\\u00eda en el turismo \\u00abpara la promoci\\u00f3n econ\\u00f3mica\\u00bb de la ciudad\",\"previousItem\":{\"@type\":\"ListItem\",\"@id\":\"https:\\\/\\\/eldigitaldeasturias.com\\\/magazine365\\\/category\\\/noticias-actualidad\\\/#listItem\",\"name\":\"Noticias y Actualidad\"}}]},{\"@type\":\"Organization\",\"@id\":\"https:\\\/\\\/eldigitaldeasturias.com\\\/magazine365\\\/#organization\",\"name\":\"El digital de Asturias\",\"description\":\"Revista de ocio, turismo y estilo de vida\",\"url\":\"https:\\\/\\\/eldigitaldeasturias.com\\\/magazine365\\\/\",\"logo\":{\"@type\":\"ImageObject\",\"url\":\"https:\\\/\\\/www.eldigitaldeasturias.com\\\/noticias\\\/wp-content\\\/uploads\\\/2020\\\/12\\\/EDA.jpg\",\"@id\":\"https:\\\/\\\/eldigitaldeasturias.com\\\/magazine365\\\/la-alcaldesa-de-ciudad-real-confia-en-el-turismo-para-la-promocion-economica-de-la-ciudad\\\/#organizationLogo\"},\"image\":{\"@id\":\"https:\\\/\\\/eldigitaldeasturias.com\\\/magazine365\\\/la-alcaldesa-de-ciudad-real-confia-en-el-turismo-para-la-promocion-economica-de-la-ciudad\\\/#organizationLogo\"}},{\"@type\":\"Person\",\"@id\":\"https:\\\/\\\/eldigitaldeasturias.com\\\/magazine365\\\/author\\\/admin\\\/#author\",\"url\":\"https:\\\/\\\/eldigitaldeasturias.com\\\/magazine365\\\/author\\\/admin\\\/\",\"name\":\"admin\",\"image\":{\"@type\":\"ImageObject\",\"@id\":\"https:\\\/\\\/eldigitaldeasturias.com\\\/magazine365\\\/la-alcaldesa-de-ciudad-real-confia-en-el-turismo-para-la-promocion-economica-de-la-ciudad\\\/#authorImage\",\"url\":\"https:\\\/\\\/eldigitaldeasturias.com\\\/magazine365\\\/wp-content\\\/litespeed\\\/avatar\\\/e571bcf59a0edd6fa6838245a470f2fe.jpg?ver=1777574230\",\"width\":96,\"height\":96,\"caption\":\"admin\"}},{\"@type\":\"WebPage\",\"@id\":\"https:\\\/\\\/eldigitaldeasturias.com\\\/magazine365\\\/la-alcaldesa-de-ciudad-real-confia-en-el-turismo-para-la-promocion-economica-de-la-ciudad\\\/#webpage\",\"url\":\"https:\\\/\\\/eldigitaldeasturias.com\\\/magazine365\\\/la-alcaldesa-de-ciudad-real-confia-en-el-turismo-para-la-promocion-economica-de-la-ciudad\\\/\",\"name\":\"La alcaldesa de Ciudad Real conf\\u00eda en el turismo \\u00abpara la promoci\\u00f3n econ\\u00f3mica\\u00bb de la ciudad | El Digital de Asturias\",\"description\":\"La alcaldesa de Ciudad Real, Pilar Zamora, ha se\\u00f1alado, durante la visita que ha realizado al Taller de Empleo 'Cervantes', el cual est\\u00e1 relacionado con la organizaci\\u00f3n y gesti\\u00f3n de eventos culturales en la ciudad, que conf\\u00eda \\\"en la cultura y el turismo para la promoci\\u00f3n econ\\u00f3mica de Ciudad Real\\\". Durante la visita, Zamora ha\",\"inLanguage\":\"es-ES\",\"isPartOf\":{\"@id\":\"https:\\\/\\\/eldigitaldeasturias.com\\\/magazine365\\\/#website\"},\"breadcrumb\":{\"@id\":\"https:\\\/\\\/eldigitaldeasturias.com\\\/magazine365\\\/la-alcaldesa-de-ciudad-real-confia-en-el-turismo-para-la-promocion-economica-de-la-ciudad\\\/#breadcrumblist\"},\"author\":{\"@id\":\"https:\\\/\\\/eldigitaldeasturias.com\\\/magazine365\\\/author\\\/admin\\\/#author\"},\"creator\":{\"@id\":\"https:\\\/\\\/eldigitaldeasturias.com\\\/magazine365\\\/author\\\/admin\\\/#author\"},\"image\":{\"@type\":\"ImageObject\",\"url\":\"https:\\\/\\\/eldigitaldeasturias.com\\\/magazine365\\\/wp-content\\\/uploads\\\/2016\\\/05\\\/fotonoticia_20160519171228_800.jpg\",\"@id\":\"https:\\\/\\\/eldigitaldeasturias.com\\\/magazine365\\\/la-alcaldesa-de-ciudad-real-confia-en-el-turismo-para-la-promocion-economica-de-la-ciudad\\\/#mainImage\",\"width\":800,\"height\":532},\"primaryImageOfPage\":{\"@id\":\"https:\\\/\\\/eldigitaldeasturias.com\\\/magazine365\\\/la-alcaldesa-de-ciudad-real-confia-en-el-turismo-para-la-promocion-economica-de-la-ciudad\\\/#mainImage\"},\"datePublished\":\"2016-05-21T05:48:45+02:00\",\"dateModified\":\"2016-05-21T05:48:45+02:00\"},{\"@type\":\"WebSite\",\"@id\":\"https:\\\/\\\/eldigitaldeasturias.com\\\/magazine365\\\/#website\",\"url\":\"https:\\\/\\\/eldigitaldeasturias.com\\\/magazine365\\\/\",\"name\":\"El Digital de Asturias\",\"description\":\"Revista de ocio, turismo y estilo de vida\",\"inLanguage\":\"es-ES\",\"publisher\":{\"@id\":\"https:\\\/\\\/eldigitaldeasturias.com\\\/magazine365\\\/#organization\"}}]}\n\t\t<\/script>\n\t\t<!-- All in One SEO Pro -->\r\n\t\t<title>La alcaldesa de Ciudad Real conf\u00eda en el turismo \u00abpara la promoci\u00f3n econ\u00f3mica\u00bb de la ciudad | El Digital de Asturias<\/title>\n\n","aioseo_head_json":{"title":"La alcaldesa de Ciudad Real conf\u00eda en el turismo \u00abpara la promoci\u00f3n econ\u00f3mica\u00bb de la ciudad | El Digital de Asturias","description":"La alcaldesa de Ciudad Real, Pilar Zamora, ha se\u00f1alado, durante la visita que ha realizado al Taller de Empleo 'Cervantes', el cual est\u00e1 relacionado con la organizaci\u00f3n y gesti\u00f3n de eventos culturales en la ciudad, que conf\u00eda \"en la cultura y el turismo para la promoci\u00f3n econ\u00f3mica de Ciudad Real\". Durante la visita, Zamora ha","canonical_url":"https:\/\/eldigitaldeasturias.com\/magazine365\/la-alcaldesa-de-ciudad-real-confia-en-el-turismo-para-la-promocion-economica-de-la-ciudad\/","robots":"max-image-preview:large","keywords":"noticias y actualidad","webmasterTools":{"google-site-verification":"UA-38556648-1","miscellaneous":""},"schema":{"@context":"https:\/\/schema.org","@graph":[{"@type":"Article","@id":"https:\/\/eldigitaldeasturias.com\/magazine365\/la-alcaldesa-de-ciudad-real-confia-en-el-turismo-para-la-promocion-economica-de-la-ciudad\/#article","name":"La alcaldesa de Ciudad Real conf\u00eda en el turismo \u00abpara la promoci\u00f3n econ\u00f3mica\u00bb de la ciudad | El Digital de Asturias","headline":"La alcaldesa de Ciudad Real conf\u00eda en el turismo \u00abpara la promoci\u00f3n econ\u00f3mica\u00bb de la ciudad","author":{"@id":"https:\/\/eldigitaldeasturias.com\/magazine365\/author\/admin\/#author"},"publisher":{"@id":"https:\/\/eldigitaldeasturias.com\/magazine365\/#organization"},"image":{"@type":"ImageObject","url":"https:\/\/eldigitaldeasturias.com\/magazine365\/wp-content\/uploads\/2016\/05\/fotonoticia_20160519171228_800.jpg","width":800,"height":532},"datePublished":"2016-05-21T05:48:45+02:00","dateModified":"2016-05-21T05:48:45+02:00","inLanguage":"es-ES","mainEntityOfPage":{"@id":"https:\/\/eldigitaldeasturias.com\/magazine365\/la-alcaldesa-de-ciudad-real-confia-en-el-turismo-para-la-promocion-economica-de-la-ciudad\/#webpage"},"isPartOf":{"@id":"https:\/\/eldigitaldeasturias.com\/magazine365\/la-alcaldesa-de-ciudad-real-confia-en-el-turismo-para-la-promocion-economica-de-la-ciudad\/#webpage"},"articleSection":"Noticias y Actualidad"},{"@type":"BreadcrumbList","@id":"https:\/\/eldigitaldeasturias.com\/magazine365\/la-alcaldesa-de-ciudad-real-confia-en-el-turismo-para-la-promocion-economica-de-la-ciudad\/#breadcrumblist","itemListElement":[{"@type":"ListItem","@id":"https:\/\/eldigitaldeasturias.com\/magazine365#listItem","position":1,"name":"Home","item":"https:\/\/eldigitaldeasturias.com\/magazine365","nextItem":{"@type":"ListItem","@id":"https:\/\/eldigitaldeasturias.com\/magazine365\/category\/noticias-actualidad\/#listItem","name":"Noticias y Actualidad"}},{"@type":"ListItem","@id":"https:\/\/eldigitaldeasturias.com\/magazine365\/category\/noticias-actualidad\/#listItem","position":2,"name":"Noticias y Actualidad","item":"https:\/\/eldigitaldeasturias.com\/magazine365\/category\/noticias-actualidad\/","nextItem":{"@type":"ListItem","@id":"https:\/\/eldigitaldeasturias.com\/magazine365\/la-alcaldesa-de-ciudad-real-confia-en-el-turismo-para-la-promocion-economica-de-la-ciudad\/#listItem","name":"La alcaldesa de Ciudad Real conf\u00eda en el turismo \u00abpara la promoci\u00f3n econ\u00f3mica\u00bb de la ciudad"},"previousItem":{"@type":"ListItem","@id":"https:\/\/eldigitaldeasturias.com\/magazine365#listItem","name":"Home"}},{"@type":"ListItem","@id":"https:\/\/eldigitaldeasturias.com\/magazine365\/la-alcaldesa-de-ciudad-real-confia-en-el-turismo-para-la-promocion-economica-de-la-ciudad\/#listItem","position":3,"name":"La alcaldesa de Ciudad Real conf\u00eda en el turismo \u00abpara la promoci\u00f3n econ\u00f3mica\u00bb de la ciudad","previousItem":{"@type":"ListItem","@id":"https:\/\/eldigitaldeasturias.com\/magazine365\/category\/noticias-actualidad\/#listItem","name":"Noticias y Actualidad"}}]},{"@type":"Organization","@id":"https:\/\/eldigitaldeasturias.com\/magazine365\/#organization","name":"El digital de Asturias","description":"Revista de ocio, turismo y estilo de vida","url":"https:\/\/eldigitaldeasturias.com\/magazine365\/","logo":{"@type":"ImageObject","url":"https:\/\/www.eldigitaldeasturias.com\/noticias\/wp-content\/uploads\/2020\/12\/EDA.jpg","@id":"https:\/\/eldigitaldeasturias.com\/magazine365\/la-alcaldesa-de-ciudad-real-confia-en-el-turismo-para-la-promocion-economica-de-la-ciudad\/#organizationLogo"},"image":{"@id":"https:\/\/eldigitaldeasturias.com\/magazine365\/la-alcaldesa-de-ciudad-real-confia-en-el-turismo-para-la-promocion-economica-de-la-ciudad\/#organizationLogo"}},{"@type":"Person","@id":"https:\/\/eldigitaldeasturias.com\/magazine365\/author\/admin\/#author","url":"https:\/\/eldigitaldeasturias.com\/magazine365\/author\/admin\/","name":"admin","image":{"@type":"ImageObject","@id":"https:\/\/eldigitaldeasturias.com\/magazine365\/la-alcaldesa-de-ciudad-real-confia-en-el-turismo-para-la-promocion-economica-de-la-ciudad\/#authorImage","url":"https:\/\/eldigitaldeasturias.com\/magazine365\/wp-content\/litespeed\/avatar\/e571bcf59a0edd6fa6838245a470f2fe.jpg?ver=1777574230","width":96,"height":96,"caption":"admin"}},{"@type":"WebPage","@id":"https:\/\/eldigitaldeasturias.com\/magazine365\/la-alcaldesa-de-ciudad-real-confia-en-el-turismo-para-la-promocion-economica-de-la-ciudad\/#webpage","url":"https:\/\/eldigitaldeasturias.com\/magazine365\/la-alcaldesa-de-ciudad-real-confia-en-el-turismo-para-la-promocion-economica-de-la-ciudad\/","name":"La alcaldesa de Ciudad Real conf\u00eda en el turismo \u00abpara la promoci\u00f3n econ\u00f3mica\u00bb de la ciudad | El Digital de Asturias","description":"La alcaldesa de Ciudad Real, Pilar Zamora, ha se\u00f1alado, durante la visita que ha realizado al Taller de Empleo 'Cervantes', el cual est\u00e1 relacionado con la organizaci\u00f3n y gesti\u00f3n de eventos culturales en la ciudad, que conf\u00eda \"en la cultura y el turismo para la promoci\u00f3n econ\u00f3mica de Ciudad Real\". Durante la visita, Zamora ha","inLanguage":"es-ES","isPartOf":{"@id":"https:\/\/eldigitaldeasturias.com\/magazine365\/#website"},"breadcrumb":{"@id":"https:\/\/eldigitaldeasturias.com\/magazine365\/la-alcaldesa-de-ciudad-real-confia-en-el-turismo-para-la-promocion-economica-de-la-ciudad\/#breadcrumblist"},"author":{"@id":"https:\/\/eldigitaldeasturias.com\/magazine365\/author\/admin\/#author"},"creator":{"@id":"https:\/\/eldigitaldeasturias.com\/magazine365\/author\/admin\/#author"},"image":{"@type":"ImageObject","url":"https:\/\/eldigitaldeasturias.com\/magazine365\/wp-content\/uploads\/2016\/05\/fotonoticia_20160519171228_800.jpg","@id":"https:\/\/eldigitaldeasturias.com\/magazine365\/la-alcaldesa-de-ciudad-real-confia-en-el-turismo-para-la-promocion-economica-de-la-ciudad\/#mainImage","width":800,"height":532},"primaryImageOfPage":{"@id":"https:\/\/eldigitaldeasturias.com\/magazine365\/la-alcaldesa-de-ciudad-real-confia-en-el-turismo-para-la-promocion-economica-de-la-ciudad\/#mainImage"},"datePublished":"2016-05-21T05:48:45+02:00","dateModified":"2016-05-21T05:48:45+02:00"},{"@type":"WebSite","@id":"https:\/\/eldigitaldeasturias.com\/magazine365\/#website","url":"https:\/\/eldigitaldeasturias.com\/magazine365\/","name":"El Digital de Asturias","description":"Revista de ocio, turismo y estilo de vida","inLanguage":"es-ES","publisher":{"@id":"https:\/\/eldigitaldeasturias.com\/magazine365\/#organization"}}]},"og:locale":"es_ES","og:site_name":"El Digital de Asturias \u2013 Revista de ocio, turismo y estilo de vida","og:type":"article","og:title":"La alcaldesa de Ciudad Real conf\u00eda en el turismo \u00abpara la promoci\u00f3n econ\u00f3mica\u00bb de la ciudad | El Digital de Asturias","og:description":"La alcaldesa de Ciudad Real, Pilar Zamora, ha se\u00f1alado, durante la visita que ha realizado al Taller de Empleo 'Cervantes', el cual est\u00e1 relacionado con la organizaci\u00f3n y gesti\u00f3n de eventos culturales en la ciudad, que conf\u00eda &quot;en la cultura y el turismo para la promoci\u00f3n econ\u00f3mica de Ciudad Real&quot;. Durante la visita, Zamora ha","og:url":"https:\/\/eldigitaldeasturias.com\/magazine365\/la-alcaldesa-de-ciudad-real-confia-en-el-turismo-para-la-promocion-economica-de-la-ciudad\/","og:image":"https:\/\/eldigitaldeasturias.com\/magazine365\/wp-content\/uploads\/2016\/05\/fotonoticia_20160519171228_800.jpg","og:image:secure_url":"https:\/\/eldigitaldeasturias.com\/magazine365\/wp-content\/uploads\/2016\/05\/fotonoticia_20160519171228_800.jpg","og:image:width":800,"og:image:height":532,"article:published_time":"2016-05-21T03:48:45+00:00","article:modified_time":"2016-05-21T03:48:45+00:00","twitter:card":"summary_large_image","twitter:title":"La alcaldesa de Ciudad Real conf\u00eda en el turismo \u00abpara la promoci\u00f3n econ\u00f3mica\u00bb de la ciudad | El Digital de Asturias","twitter:description":"La alcaldesa de Ciudad Real, Pilar Zamora, ha se\u00f1alado, durante la visita que ha realizado al Taller de Empleo 'Cervantes', el cual est\u00e1 relacionado con la organizaci\u00f3n y gesti\u00f3n de eventos culturales en la ciudad, que conf\u00eda &quot;en la cultura y el turismo para la promoci\u00f3n econ\u00f3mica de Ciudad Real&quot;. Durante la visita, Zamora ha","twitter:image":"https:\/\/eldigitaldeasturias.com\/magazine365\/wp-content\/uploads\/2016\/05\/fotonoticia_20160519171228_800.jpg"},"aioseo_meta_data":{"post_id":"76498","title":null,"description":null,"keywords":null,"keyphrases":null,"primary_term":null,"canonical_url":null,"og_title":null,"og_description":null,"og_object_type":"default","og_image_type":"default","og_image_url":null,"og_image_width":null,"og_image_height":null,"og_image_custom_url":null,"og_image_custom_fields":null,"og_video":null,"og_custom_url":null,"og_article_section":null,"og_article_tags":null,"twitter_use_og":false,"twitter_card":"default","twitter_image_type":"default","twitter_image_url":null,"twitter_image_custom_url":null,"twitter_image_custom_fields":null,"twitter_title":null,"twitter_description":null,"schema":{"blockGraphs":[],"customGraphs":[],"default":{"data":{"Article":[],"Course":[],"Dataset":[],"FAQPage":[],"Movie":[],"Person":[],"Product":[],"ProductReview":[],"Car":[],"Recipe":[],"Service":[],"SoftwareApplication":[],"WebPage":[]},"graphName":"","isEnabled":true},"graphs":[]},"schema_type":null,"schema_type_options":null,"pillar_content":false,"robots_default":true,"robots_noindex":false,"robots_noarchive":false,"robots_nosnippet":false,"robots_nofollow":false,"robots_noimageindex":false,"robots_noodp":false,"robots_notranslate":false,"robots_max_snippet":null,"robots_max_videopreview":null,"robots_max_imagepreview":"large","priority":null,"frequency":null,"location":null,"local_seo":null,"seo_analyzer_scan_date":"2025-09-27 12:47:46","breadcrumb_settings":null,"limit_modified_date":false,"open_ai":null,"ai":null,"created":"2021-03-08 18:27:57","updated":"2025-09-27 12:47:46"},"aioseo_breadcrumb":"<div class=\"aioseo-breadcrumbs\"><span class=\"aioseo-breadcrumb\">\n\t<a href=\"https:\/\/eldigitaldeasturias.com\/magazine365\" title=\"Home\">Home<\/a>\n<\/span><span class=\"aioseo-breadcrumb-separator\">\u2013<\/span><span class=\"aioseo-breadcrumb\">\n\t<a href=\"https:\/\/eldigitaldeasturias.com\/magazine365\/category\/noticias-actualidad\/\" title=\"Noticias y Actualidad\">Noticias y Actualidad<\/a>\n<\/span><span class=\"aioseo-breadcrumb-separator\">\u2013<\/span><span class=\"aioseo-breadcrumb\">\n\t<a href=\"https:\/\/eldigitaldeasturias.com\/magazine365\/la-alcaldesa-de-ciudad-real-confia-en-el-turismo-para-la-promocion-economica-de-la-ciudad\/\" title=\"La alcaldesa de Ciudad Real conf\u00eda en el turismo \u00abpara la promoci\u00f3n econ\u00f3mica\u00bb de la ciudad\">La alcaldesa de Ciudad Real conf\u00eda en el turismo \u00abpara la promoci\u00f3n econ\u00f3mica\u00bb de la ciudad<\/a>\n<\/span><\/div>","aioseo_breadcrumb_json":[{"label":"Home","link":"https:\/\/eldigitaldeasturias.com\/magazine365"},{"label":"Noticias y Actualidad","link":"https:\/\/eldigitaldeasturias.com\/magazine365\/category\/noticias-actualidad\/"},{"label":"La alcaldesa de Ciudad Real conf\u00eda en el turismo \u00abpara la promoci\u00f3n econ\u00f3mica\u00bb de la ciudad","link":"https:\/\/eldigitaldeasturias.com\/magazine365\/la-alcaldesa-de-ciudad-real-confia-en-el-turismo-para-la-promocion-economica-de-la-ciudad\/"}],"_links":{"self":[{"href":"https:\/\/eldigitaldeasturias.com\/magazine365\/wp-json\/wp\/v2\/posts\/76498","targetHints":{"allow":["GET"]}}],"collection":[{"href":"https:\/\/eldigitaldeasturias.com\/magazine365\/wp-json\/wp\/v2\/posts"}],"about":[{"href":"https:\/\/eldigitaldeasturias.com\/magazine365\/wp-json\/wp\/v2\/types\/post"}],"author":[{"embeddable":true,"href":"https:\/\/eldigitaldeasturias.com\/magazine365\/wp-json\/wp\/v2\/users\/1"}],"replies":[{"embeddable":true,"href":"https:\/\/eldigitaldeasturias.com\/magazine365\/wp-json\/wp\/v2\/comments?post=76498"}],"version-history":[{"count":0,"href":"https:\/\/eldigitaldeasturias.com\/magazine365\/wp-json\/wp\/v2\/posts\/76498\/revisions"}],"wp:featuredmedia":[{"embeddable":true,"href":"https:\/\/eldigitaldeasturias.com\/magazine365\/wp-json\/wp\/v2\/media\/76499"}],"wp:attachment":[{"href":"https:\/\/eldigitaldeasturias.com\/magazine365\/wp-json\/wp\/v2\/media?parent=76498"}],"wp:term":[{"taxonomy":"category","embeddable":true,"href":"https:\/\/eldigitaldeasturias.com\/magazine365\/wp-json\/wp\/v2\/categories?post=76498"},{"taxonomy":"post_tag","embeddable":true,"href":"https:\/\/eldigitaldeasturias.com\/magazine365\/wp-json\/wp\/v2\/tags?post=76498"}],"curies":[{"name":"wp","href":"https:\/\/api.w.org\/{rel}","templated":true}]}}