{"id":76495,"date":"2016-05-21T05:41:29","date_gmt":"2016-05-21T03:41:29","guid":{"rendered":"http:\/\/eldigitaldeasturias.com\/magazine365\/?p=76495"},"modified":"2016-05-21T05:41:29","modified_gmt":"2016-05-21T03:41:29","slug":"nh-preve-un-verano-positivo-en-espana","status":"publish","type":"post","link":"https:\/\/eldigitaldeasturias.com\/magazine365\/nh-preve-un-verano-positivo-en-espana\/","title":{"rendered":"NH prev\u00e9 un verano positivo en Espa\u00f1a"},"content":{"rendered":"<p><img fetchpriority=\"high\" decoding=\"async\" class=\"alignleft size-medium wp-image-76496\" src=\"https:\/\/eldigitaldeasturias.com\/magazine365\/wp-content\/uploads\/2016\/05\/fotonoticia_20160519143822_800-360x270.jpg\" alt=\"fotonoticia_20160519143822_800\" width=\"360\" height=\"270\" srcset=\"https:\/\/eldigitaldeasturias.com\/magazine365\/wp-content\/uploads\/2016\/05\/fotonoticia_20160519143822_800-360x270.jpg 360w, https:\/\/eldigitaldeasturias.com\/magazine365\/wp-content\/uploads\/2016\/05\/fotonoticia_20160519143822_800-650x488.jpg 650w, https:\/\/eldigitaldeasturias.com\/magazine365\/wp-content\/uploads\/2016\/05\/fotonoticia_20160519143822_800-768x576.jpg 768w, https:\/\/eldigitaldeasturias.com\/magazine365\/wp-content\/uploads\/2016\/05\/fotonoticia_20160519143822_800-150x113.jpg 150w, https:\/\/eldigitaldeasturias.com\/magazine365\/wp-content\/uploads\/2016\/05\/fotonoticia_20160519143822_800-450x338.jpg 450w, https:\/\/eldigitaldeasturias.com\/magazine365\/wp-content\/uploads\/2016\/05\/fotonoticia_20160519143822_800-90x67.jpg 90w, https:\/\/eldigitaldeasturias.com\/magazine365\/wp-content\/uploads\/2016\/05\/fotonoticia_20160519143822_800-164x124.jpg 164w, https:\/\/eldigitaldeasturias.com\/magazine365\/wp-content\/uploads\/2016\/05\/fotonoticia_20160519143822_800-100x75.jpg 100w, https:\/\/eldigitaldeasturias.com\/magazine365\/wp-content\/uploads\/2016\/05\/fotonoticia_20160519143822_800.jpg 800w\" sizes=\"(max-width: 360px) 100vw, 360px\" \/>El director general de NH Hotel Group para Espa\u00f1a y Portugal, Hugo Rovira, asegur\u00f3 este jueves durante la presentaci\u00f3n del nuevo NH Collection Colon en Madrid, en plena &#8216;milla de oro&#8217; de la capital, que la compa\u00f1\u00eda hotelera prev\u00e9 continuar con crecimiento este verano en nuestro pa\u00eds, tanto en el segmento urbano como en el vacacional.<\/p>\n<p>\u00abTodo pinta bien con respecto al a\u00f1o anterior\u00bb, asegur\u00f3 el directivo quien a\u00f1adi\u00f3 que conf\u00eda en que los resultados del resultado bruto de explotaci\u00f3n (Ebitda) del segundo trimestre sean tambi\u00e9n \u00abmuy positivos\u00bb, a lo que se a\u00f1ade que en el \u00faltimo a\u00f1o el mercado tur\u00edstico nacional ha mejorado.<\/p>\n<p>En su opini\u00f3n, a ello ha contribuido tanto el esfuerzo empresarial para mejorar la planta hotelera, como el otros sectores empresariales del pa\u00eds como las l\u00edneas a\u00e9reas que han realizado tambi\u00e9n importantes esfuerzos por mejorar las conexiones con mercados interesantes para el sector tur\u00edstico espa\u00f1ol.<\/p>\n<p>\u00abTodo apunta a cierto optimismo tras a\u00f1os dif\u00edciles\u00bb, asegur\u00f3 Rovira, quien no obstante advirti\u00f3 de que el sector tur\u00edstico es \u00abmuy sensible\u00bb a situaciones excepcionales, \u00abpor lo que siempre hay que tener cierta precauci\u00f3n\u00bb.<\/p>\n","protected":false},"excerpt":{"rendered":"<p>El director general de NH Hotel Group para Espa\u00f1a y Portugal, Hugo Rovira, asegur\u00f3 este jueves durante la presentaci\u00f3n del nuevo NH Collection Colon en Madrid, en plena &#8216;milla de oro&#8217; de la capital, que la compa\u00f1\u00eda hotelera prev\u00e9 continuar con crecimiento este verano en nuestro pa\u00eds, tanto en el segmento urbano como en el<\/p>\n","protected":false},"author":1,"featured_media":76496,"comment_status":"open","ping_status":"closed","sticky":false,"template":"","format":"standard","meta":{"footnotes":""},"categories":[224],"tags":[],"class_list":{"0":"post-76495","1":"post","2":"type-post","3":"status-publish","4":"format-standard","5":"has-post-thumbnail","7":"category-noticias-actualidad"},"aioseo_notices":[],"aioseo_head":"\n\t\t<!-- All in One SEO Pro 4.9.6.1 - aioseo.com -->\n\t<meta name=\"description\" content=\"El director general de NH Hotel Group para Espa\u00f1a y Portugal, Hugo Rovira, asegur\u00f3 este jueves durante la presentaci\u00f3n del nuevo NH Collection Colon en Madrid, en plena &#039;milla de oro&#039; de la capital, que la compa\u00f1\u00eda hotelera prev\u00e9 continuar con crecimiento este verano en nuestro pa\u00eds, tanto en el segmento urbano como en el\" \/>\n\t<meta name=\"robots\" content=\"max-image-preview:large\" \/>\n\t<meta name=\"author\" content=\"admin\"\/>\n\t<meta name=\"google-site-verification\" content=\"UA-38556648-1\" \/>\n\t<meta name=\"keywords\" content=\"noticias y actualidad\" \/>\n\t<link rel=\"canonical\" href=\"https:\/\/eldigitaldeasturias.com\/magazine365\/nh-preve-un-verano-positivo-en-espana\/\" \/>\n\t<meta name=\"generator\" content=\"All in One SEO Pro (AIOSEO) 4.9.6.1\" \/>\n\t\t<meta property=\"og:locale\" content=\"es_ES\" \/>\n\t\t<meta property=\"og:site_name\" content=\"El Digital de Asturias \u2013 Revista de ocio, turismo y estilo de vida\" \/>\n\t\t<meta property=\"og:type\" content=\"article\" \/>\n\t\t<meta property=\"og:title\" content=\"NH prev\u00e9 un verano positivo en Espa\u00f1a | El Digital de Asturias\" \/>\n\t\t<meta property=\"og:description\" content=\"El director general de NH Hotel Group para Espa\u00f1a y Portugal, Hugo Rovira, asegur\u00f3 este jueves durante la presentaci\u00f3n del nuevo NH Collection Colon en Madrid, en plena &#039;milla de oro&#039; de la capital, que la compa\u00f1\u00eda hotelera prev\u00e9 continuar con crecimiento este verano en nuestro pa\u00eds, tanto en el segmento urbano como en el\" \/>\n\t\t<meta property=\"og:url\" content=\"https:\/\/eldigitaldeasturias.com\/magazine365\/nh-preve-un-verano-positivo-en-espana\/\" \/>\n\t\t<meta property=\"og:image\" content=\"https:\/\/eldigitaldeasturias.com\/magazine365\/wp-content\/uploads\/2016\/05\/fotonoticia_20160519143822_800.jpg\" \/>\n\t\t<meta property=\"og:image:secure_url\" content=\"https:\/\/eldigitaldeasturias.com\/magazine365\/wp-content\/uploads\/2016\/05\/fotonoticia_20160519143822_800.jpg\" \/>\n\t\t<meta property=\"og:image:width\" content=\"800\" \/>\n\t\t<meta property=\"og:image:height\" content=\"600\" \/>\n\t\t<meta property=\"article:published_time\" content=\"2016-05-21T03:41:29+00:00\" \/>\n\t\t<meta property=\"article:modified_time\" content=\"2016-05-21T03:41:29+00:00\" \/>\n\t\t<meta name=\"twitter:card\" content=\"summary_large_image\" \/>\n\t\t<meta name=\"twitter:title\" content=\"NH prev\u00e9 un verano positivo en Espa\u00f1a | El Digital de Asturias\" \/>\n\t\t<meta name=\"twitter:description\" content=\"El director general de NH Hotel Group para Espa\u00f1a y Portugal, Hugo Rovira, asegur\u00f3 este jueves durante la presentaci\u00f3n del nuevo NH Collection Colon en Madrid, en plena &#039;milla de oro&#039; de la capital, que la compa\u00f1\u00eda hotelera prev\u00e9 continuar con crecimiento este verano en nuestro pa\u00eds, tanto en el segmento urbano como en el\" \/>\n\t\t<meta name=\"twitter:image\" content=\"https:\/\/eldigitaldeasturias.com\/magazine365\/wp-content\/uploads\/2016\/05\/fotonoticia_20160519143822_800.jpg\" \/>\n\t\t<script type=\"application\/ld+json\" class=\"aioseo-schema\">\n\t\t\t{\"@context\":\"https:\\\/\\\/schema.org\",\"@graph\":[{\"@type\":\"Article\",\"@id\":\"https:\\\/\\\/eldigitaldeasturias.com\\\/magazine365\\\/nh-preve-un-verano-positivo-en-espana\\\/#article\",\"name\":\"NH prev\\u00e9 un verano positivo en Espa\\u00f1a | El Digital de Asturias\",\"headline\":\"NH prev\\u00e9 un verano positivo en Espa\\u00f1a\",\"author\":{\"@id\":\"https:\\\/\\\/eldigitaldeasturias.com\\\/magazine365\\\/author\\\/admin\\\/#author\"},\"publisher\":{\"@id\":\"https:\\\/\\\/eldigitaldeasturias.com\\\/magazine365\\\/#organization\"},\"image\":{\"@type\":\"ImageObject\",\"url\":\"https:\\\/\\\/eldigitaldeasturias.com\\\/magazine365\\\/wp-content\\\/uploads\\\/2016\\\/05\\\/fotonoticia_20160519143822_800.jpg\",\"width\":800,\"height\":600},\"datePublished\":\"2016-05-21T05:41:29+02:00\",\"dateModified\":\"2016-05-21T05:41:29+02:00\",\"inLanguage\":\"es-ES\",\"mainEntityOfPage\":{\"@id\":\"https:\\\/\\\/eldigitaldeasturias.com\\\/magazine365\\\/nh-preve-un-verano-positivo-en-espana\\\/#webpage\"},\"isPartOf\":{\"@id\":\"https:\\\/\\\/eldigitaldeasturias.com\\\/magazine365\\\/nh-preve-un-verano-positivo-en-espana\\\/#webpage\"},\"articleSection\":\"Noticias y Actualidad\"},{\"@type\":\"BreadcrumbList\",\"@id\":\"https:\\\/\\\/eldigitaldeasturias.com\\\/magazine365\\\/nh-preve-un-verano-positivo-en-espana\\\/#breadcrumblist\",\"itemListElement\":[{\"@type\":\"ListItem\",\"@id\":\"https:\\\/\\\/eldigitaldeasturias.com\\\/magazine365#listItem\",\"position\":1,\"name\":\"Home\",\"item\":\"https:\\\/\\\/eldigitaldeasturias.com\\\/magazine365\",\"nextItem\":{\"@type\":\"ListItem\",\"@id\":\"https:\\\/\\\/eldigitaldeasturias.com\\\/magazine365\\\/category\\\/noticias-actualidad\\\/#listItem\",\"name\":\"Noticias y Actualidad\"}},{\"@type\":\"ListItem\",\"@id\":\"https:\\\/\\\/eldigitaldeasturias.com\\\/magazine365\\\/category\\\/noticias-actualidad\\\/#listItem\",\"position\":2,\"name\":\"Noticias y Actualidad\",\"item\":\"https:\\\/\\\/eldigitaldeasturias.com\\\/magazine365\\\/category\\\/noticias-actualidad\\\/\",\"nextItem\":{\"@type\":\"ListItem\",\"@id\":\"https:\\\/\\\/eldigitaldeasturias.com\\\/magazine365\\\/nh-preve-un-verano-positivo-en-espana\\\/#listItem\",\"name\":\"NH prev\\u00e9 un verano positivo en Espa\\u00f1a\"},\"previousItem\":{\"@type\":\"ListItem\",\"@id\":\"https:\\\/\\\/eldigitaldeasturias.com\\\/magazine365#listItem\",\"name\":\"Home\"}},{\"@type\":\"ListItem\",\"@id\":\"https:\\\/\\\/eldigitaldeasturias.com\\\/magazine365\\\/nh-preve-un-verano-positivo-en-espana\\\/#listItem\",\"position\":3,\"name\":\"NH prev\\u00e9 un verano positivo en Espa\\u00f1a\",\"previousItem\":{\"@type\":\"ListItem\",\"@id\":\"https:\\\/\\\/eldigitaldeasturias.com\\\/magazine365\\\/category\\\/noticias-actualidad\\\/#listItem\",\"name\":\"Noticias y Actualidad\"}}]},{\"@type\":\"Organization\",\"@id\":\"https:\\\/\\\/eldigitaldeasturias.com\\\/magazine365\\\/#organization\",\"name\":\"El digital de Asturias\",\"description\":\"Revista de ocio, turismo y estilo de vida\",\"url\":\"https:\\\/\\\/eldigitaldeasturias.com\\\/magazine365\\\/\",\"logo\":{\"@type\":\"ImageObject\",\"url\":\"https:\\\/\\\/www.eldigitaldeasturias.com\\\/noticias\\\/wp-content\\\/uploads\\\/2020\\\/12\\\/EDA.jpg\",\"@id\":\"https:\\\/\\\/eldigitaldeasturias.com\\\/magazine365\\\/nh-preve-un-verano-positivo-en-espana\\\/#organizationLogo\"},\"image\":{\"@id\":\"https:\\\/\\\/eldigitaldeasturias.com\\\/magazine365\\\/nh-preve-un-verano-positivo-en-espana\\\/#organizationLogo\"}},{\"@type\":\"Person\",\"@id\":\"https:\\\/\\\/eldigitaldeasturias.com\\\/magazine365\\\/author\\\/admin\\\/#author\",\"url\":\"https:\\\/\\\/eldigitaldeasturias.com\\\/magazine365\\\/author\\\/admin\\\/\",\"name\":\"admin\",\"image\":{\"@type\":\"ImageObject\",\"@id\":\"https:\\\/\\\/eldigitaldeasturias.com\\\/magazine365\\\/nh-preve-un-verano-positivo-en-espana\\\/#authorImage\",\"url\":\"https:\\\/\\\/eldigitaldeasturias.com\\\/magazine365\\\/wp-content\\\/litespeed\\\/avatar\\\/e571bcf59a0edd6fa6838245a470f2fe.jpg?ver=1777574230\",\"width\":96,\"height\":96,\"caption\":\"admin\"}},{\"@type\":\"WebPage\",\"@id\":\"https:\\\/\\\/eldigitaldeasturias.com\\\/magazine365\\\/nh-preve-un-verano-positivo-en-espana\\\/#webpage\",\"url\":\"https:\\\/\\\/eldigitaldeasturias.com\\\/magazine365\\\/nh-preve-un-verano-positivo-en-espana\\\/\",\"name\":\"NH prev\\u00e9 un verano positivo en Espa\\u00f1a | El Digital de Asturias\",\"description\":\"El director general de NH Hotel Group para Espa\\u00f1a y Portugal, Hugo Rovira, asegur\\u00f3 este jueves durante la presentaci\\u00f3n del nuevo NH Collection Colon en Madrid, en plena 'milla de oro' de la capital, que la compa\\u00f1\\u00eda hotelera prev\\u00e9 continuar con crecimiento este verano en nuestro pa\\u00eds, tanto en el segmento urbano como en el\",\"inLanguage\":\"es-ES\",\"isPartOf\":{\"@id\":\"https:\\\/\\\/eldigitaldeasturias.com\\\/magazine365\\\/#website\"},\"breadcrumb\":{\"@id\":\"https:\\\/\\\/eldigitaldeasturias.com\\\/magazine365\\\/nh-preve-un-verano-positivo-en-espana\\\/#breadcrumblist\"},\"author\":{\"@id\":\"https:\\\/\\\/eldigitaldeasturias.com\\\/magazine365\\\/author\\\/admin\\\/#author\"},\"creator\":{\"@id\":\"https:\\\/\\\/eldigitaldeasturias.com\\\/magazine365\\\/author\\\/admin\\\/#author\"},\"image\":{\"@type\":\"ImageObject\",\"url\":\"https:\\\/\\\/eldigitaldeasturias.com\\\/magazine365\\\/wp-content\\\/uploads\\\/2016\\\/05\\\/fotonoticia_20160519143822_800.jpg\",\"@id\":\"https:\\\/\\\/eldigitaldeasturias.com\\\/magazine365\\\/nh-preve-un-verano-positivo-en-espana\\\/#mainImage\",\"width\":800,\"height\":600},\"primaryImageOfPage\":{\"@id\":\"https:\\\/\\\/eldigitaldeasturias.com\\\/magazine365\\\/nh-preve-un-verano-positivo-en-espana\\\/#mainImage\"},\"datePublished\":\"2016-05-21T05:41:29+02:00\",\"dateModified\":\"2016-05-21T05:41:29+02:00\"},{\"@type\":\"WebSite\",\"@id\":\"https:\\\/\\\/eldigitaldeasturias.com\\\/magazine365\\\/#website\",\"url\":\"https:\\\/\\\/eldigitaldeasturias.com\\\/magazine365\\\/\",\"name\":\"El Digital de Asturias\",\"description\":\"Revista de ocio, turismo y estilo de vida\",\"inLanguage\":\"es-ES\",\"publisher\":{\"@id\":\"https:\\\/\\\/eldigitaldeasturias.com\\\/magazine365\\\/#organization\"}}]}\n\t\t<\/script>\n\t\t<!-- All in One SEO Pro -->\r\n\t\t<title>NH prev\u00e9 un verano positivo en Espa\u00f1a | El Digital de Asturias<\/title>\n\n","aioseo_head_json":{"title":"NH prev\u00e9 un verano positivo en Espa\u00f1a | El Digital de Asturias","description":"El director general de NH Hotel Group para Espa\u00f1a y Portugal, Hugo Rovira, asegur\u00f3 este jueves durante la presentaci\u00f3n del nuevo NH Collection Colon en Madrid, en plena 'milla de oro' de la capital, que la compa\u00f1\u00eda hotelera prev\u00e9 continuar con crecimiento este verano en nuestro pa\u00eds, tanto en el segmento urbano como en el","canonical_url":"https:\/\/eldigitaldeasturias.com\/magazine365\/nh-preve-un-verano-positivo-en-espana\/","robots":"max-image-preview:large","keywords":"noticias y actualidad","webmasterTools":{"google-site-verification":"UA-38556648-1","miscellaneous":""},"schema":{"@context":"https:\/\/schema.org","@graph":[{"@type":"Article","@id":"https:\/\/eldigitaldeasturias.com\/magazine365\/nh-preve-un-verano-positivo-en-espana\/#article","name":"NH prev\u00e9 un verano positivo en Espa\u00f1a | El Digital de Asturias","headline":"NH prev\u00e9 un verano positivo en Espa\u00f1a","author":{"@id":"https:\/\/eldigitaldeasturias.com\/magazine365\/author\/admin\/#author"},"publisher":{"@id":"https:\/\/eldigitaldeasturias.com\/magazine365\/#organization"},"image":{"@type":"ImageObject","url":"https:\/\/eldigitaldeasturias.com\/magazine365\/wp-content\/uploads\/2016\/05\/fotonoticia_20160519143822_800.jpg","width":800,"height":600},"datePublished":"2016-05-21T05:41:29+02:00","dateModified":"2016-05-21T05:41:29+02:00","inLanguage":"es-ES","mainEntityOfPage":{"@id":"https:\/\/eldigitaldeasturias.com\/magazine365\/nh-preve-un-verano-positivo-en-espana\/#webpage"},"isPartOf":{"@id":"https:\/\/eldigitaldeasturias.com\/magazine365\/nh-preve-un-verano-positivo-en-espana\/#webpage"},"articleSection":"Noticias y Actualidad"},{"@type":"BreadcrumbList","@id":"https:\/\/eldigitaldeasturias.com\/magazine365\/nh-preve-un-verano-positivo-en-espana\/#breadcrumblist","itemListElement":[{"@type":"ListItem","@id":"https:\/\/eldigitaldeasturias.com\/magazine365#listItem","position":1,"name":"Home","item":"https:\/\/eldigitaldeasturias.com\/magazine365","nextItem":{"@type":"ListItem","@id":"https:\/\/eldigitaldeasturias.com\/magazine365\/category\/noticias-actualidad\/#listItem","name":"Noticias y Actualidad"}},{"@type":"ListItem","@id":"https:\/\/eldigitaldeasturias.com\/magazine365\/category\/noticias-actualidad\/#listItem","position":2,"name":"Noticias y Actualidad","item":"https:\/\/eldigitaldeasturias.com\/magazine365\/category\/noticias-actualidad\/","nextItem":{"@type":"ListItem","@id":"https:\/\/eldigitaldeasturias.com\/magazine365\/nh-preve-un-verano-positivo-en-espana\/#listItem","name":"NH prev\u00e9 un verano positivo en Espa\u00f1a"},"previousItem":{"@type":"ListItem","@id":"https:\/\/eldigitaldeasturias.com\/magazine365#listItem","name":"Home"}},{"@type":"ListItem","@id":"https:\/\/eldigitaldeasturias.com\/magazine365\/nh-preve-un-verano-positivo-en-espana\/#listItem","position":3,"name":"NH prev\u00e9 un verano positivo en Espa\u00f1a","previousItem":{"@type":"ListItem","@id":"https:\/\/eldigitaldeasturias.com\/magazine365\/category\/noticias-actualidad\/#listItem","name":"Noticias y Actualidad"}}]},{"@type":"Organization","@id":"https:\/\/eldigitaldeasturias.com\/magazine365\/#organization","name":"El digital de Asturias","description":"Revista de ocio, turismo y estilo de vida","url":"https:\/\/eldigitaldeasturias.com\/magazine365\/","logo":{"@type":"ImageObject","url":"https:\/\/www.eldigitaldeasturias.com\/noticias\/wp-content\/uploads\/2020\/12\/EDA.jpg","@id":"https:\/\/eldigitaldeasturias.com\/magazine365\/nh-preve-un-verano-positivo-en-espana\/#organizationLogo"},"image":{"@id":"https:\/\/eldigitaldeasturias.com\/magazine365\/nh-preve-un-verano-positivo-en-espana\/#organizationLogo"}},{"@type":"Person","@id":"https:\/\/eldigitaldeasturias.com\/magazine365\/author\/admin\/#author","url":"https:\/\/eldigitaldeasturias.com\/magazine365\/author\/admin\/","name":"admin","image":{"@type":"ImageObject","@id":"https:\/\/eldigitaldeasturias.com\/magazine365\/nh-preve-un-verano-positivo-en-espana\/#authorImage","url":"https:\/\/eldigitaldeasturias.com\/magazine365\/wp-content\/litespeed\/avatar\/e571bcf59a0edd6fa6838245a470f2fe.jpg?ver=1777574230","width":96,"height":96,"caption":"admin"}},{"@type":"WebPage","@id":"https:\/\/eldigitaldeasturias.com\/magazine365\/nh-preve-un-verano-positivo-en-espana\/#webpage","url":"https:\/\/eldigitaldeasturias.com\/magazine365\/nh-preve-un-verano-positivo-en-espana\/","name":"NH prev\u00e9 un verano positivo en Espa\u00f1a | El Digital de Asturias","description":"El director general de NH Hotel Group para Espa\u00f1a y Portugal, Hugo Rovira, asegur\u00f3 este jueves durante la presentaci\u00f3n del nuevo NH Collection Colon en Madrid, en plena 'milla de oro' de la capital, que la compa\u00f1\u00eda hotelera prev\u00e9 continuar con crecimiento este verano en nuestro pa\u00eds, tanto en el segmento urbano como en el","inLanguage":"es-ES","isPartOf":{"@id":"https:\/\/eldigitaldeasturias.com\/magazine365\/#website"},"breadcrumb":{"@id":"https:\/\/eldigitaldeasturias.com\/magazine365\/nh-preve-un-verano-positivo-en-espana\/#breadcrumblist"},"author":{"@id":"https:\/\/eldigitaldeasturias.com\/magazine365\/author\/admin\/#author"},"creator":{"@id":"https:\/\/eldigitaldeasturias.com\/magazine365\/author\/admin\/#author"},"image":{"@type":"ImageObject","url":"https:\/\/eldigitaldeasturias.com\/magazine365\/wp-content\/uploads\/2016\/05\/fotonoticia_20160519143822_800.jpg","@id":"https:\/\/eldigitaldeasturias.com\/magazine365\/nh-preve-un-verano-positivo-en-espana\/#mainImage","width":800,"height":600},"primaryImageOfPage":{"@id":"https:\/\/eldigitaldeasturias.com\/magazine365\/nh-preve-un-verano-positivo-en-espana\/#mainImage"},"datePublished":"2016-05-21T05:41:29+02:00","dateModified":"2016-05-21T05:41:29+02:00"},{"@type":"WebSite","@id":"https:\/\/eldigitaldeasturias.com\/magazine365\/#website","url":"https:\/\/eldigitaldeasturias.com\/magazine365\/","name":"El Digital de Asturias","description":"Revista de ocio, turismo y estilo de vida","inLanguage":"es-ES","publisher":{"@id":"https:\/\/eldigitaldeasturias.com\/magazine365\/#organization"}}]},"og:locale":"es_ES","og:site_name":"El Digital de Asturias \u2013 Revista de ocio, turismo y estilo de vida","og:type":"article","og:title":"NH prev\u00e9 un verano positivo en Espa\u00f1a | El Digital de Asturias","og:description":"El director general de NH Hotel Group para Espa\u00f1a y Portugal, Hugo Rovira, asegur\u00f3 este jueves durante la presentaci\u00f3n del nuevo NH Collection Colon en Madrid, en plena 'milla de oro' de la capital, que la compa\u00f1\u00eda hotelera prev\u00e9 continuar con crecimiento este verano en nuestro pa\u00eds, tanto en el segmento urbano como en el","og:url":"https:\/\/eldigitaldeasturias.com\/magazine365\/nh-preve-un-verano-positivo-en-espana\/","og:image":"https:\/\/eldigitaldeasturias.com\/magazine365\/wp-content\/uploads\/2016\/05\/fotonoticia_20160519143822_800.jpg","og:image:secure_url":"https:\/\/eldigitaldeasturias.com\/magazine365\/wp-content\/uploads\/2016\/05\/fotonoticia_20160519143822_800.jpg","og:image:width":800,"og:image:height":600,"article:published_time":"2016-05-21T03:41:29+00:00","article:modified_time":"2016-05-21T03:41:29+00:00","twitter:card":"summary_large_image","twitter:title":"NH prev\u00e9 un verano positivo en Espa\u00f1a | El Digital de Asturias","twitter:description":"El director general de NH Hotel Group para Espa\u00f1a y Portugal, Hugo Rovira, asegur\u00f3 este jueves durante la presentaci\u00f3n del nuevo NH Collection Colon en Madrid, en plena 'milla de oro' de la capital, que la compa\u00f1\u00eda hotelera prev\u00e9 continuar con crecimiento este verano en nuestro pa\u00eds, tanto en el segmento urbano como en el","twitter:image":"https:\/\/eldigitaldeasturias.com\/magazine365\/wp-content\/uploads\/2016\/05\/fotonoticia_20160519143822_800.jpg"},"aioseo_meta_data":{"post_id":"76495","title":null,"description":null,"keywords":null,"keyphrases":null,"primary_term":null,"canonical_url":null,"og_title":null,"og_description":null,"og_object_type":"default","og_image_type":"default","og_image_url":null,"og_image_width":null,"og_image_height":null,"og_image_custom_url":null,"og_image_custom_fields":null,"og_video":null,"og_custom_url":null,"og_article_section":null,"og_article_tags":null,"twitter_use_og":false,"twitter_card":"default","twitter_image_type":"default","twitter_image_url":null,"twitter_image_custom_url":null,"twitter_image_custom_fields":null,"twitter_title":null,"twitter_description":null,"schema":{"blockGraphs":[],"customGraphs":[],"default":{"data":{"Article":[],"Course":[],"Dataset":[],"FAQPage":[],"Movie":[],"Person":[],"Product":[],"ProductReview":[],"Car":[],"Recipe":[],"Service":[],"SoftwareApplication":[],"WebPage":[]},"graphName":"","isEnabled":true},"graphs":[],"defaultGraph":"","defaultPostTypeGraph":""},"schema_type":null,"schema_type_options":null,"pillar_content":false,"robots_default":true,"robots_noindex":false,"robots_noarchive":false,"robots_nosnippet":false,"robots_nofollow":false,"robots_noimageindex":false,"robots_noodp":false,"robots_notranslate":false,"robots_max_snippet":null,"robots_max_videopreview":null,"robots_max_imagepreview":"large","priority":null,"frequency":null,"location":null,"local_seo":null,"seo_analyzer_scan_date":"2025-09-27 12:44:57","breadcrumb_settings":null,"limit_modified_date":false,"open_ai":null,"ai":null,"created":"2021-03-08 18:27:57","updated":"2025-09-27 12:44:57"},"aioseo_breadcrumb":"<div class=\"aioseo-breadcrumbs\"><span class=\"aioseo-breadcrumb\">\n\t<a href=\"https:\/\/eldigitaldeasturias.com\/magazine365\" title=\"Home\">Home<\/a>\n<\/span><span class=\"aioseo-breadcrumb-separator\">\u2013<\/span><span class=\"aioseo-breadcrumb\">\n\t<a href=\"https:\/\/eldigitaldeasturias.com\/magazine365\/category\/noticias-actualidad\/\" title=\"Noticias y Actualidad\">Noticias y Actualidad<\/a>\n<\/span><span class=\"aioseo-breadcrumb-separator\">\u2013<\/span><span class=\"aioseo-breadcrumb\">\n\t<a href=\"https:\/\/eldigitaldeasturias.com\/magazine365\/nh-preve-un-verano-positivo-en-espana\/\" title=\"NH prev\u00e9 un verano positivo en Espa\u00f1a\">NH prev\u00e9 un verano positivo en Espa\u00f1a<\/a>\n<\/span><\/div>","aioseo_breadcrumb_json":[{"label":"Home","link":"https:\/\/eldigitaldeasturias.com\/magazine365"},{"label":"Noticias y Actualidad","link":"https:\/\/eldigitaldeasturias.com\/magazine365\/category\/noticias-actualidad\/"},{"label":"NH prev\u00e9 un verano positivo en Espa\u00f1a","link":"https:\/\/eldigitaldeasturias.com\/magazine365\/nh-preve-un-verano-positivo-en-espana\/"}],"_links":{"self":[{"href":"https:\/\/eldigitaldeasturias.com\/magazine365\/wp-json\/wp\/v2\/posts\/76495","targetHints":{"allow":["GET"]}}],"collection":[{"href":"https:\/\/eldigitaldeasturias.com\/magazine365\/wp-json\/wp\/v2\/posts"}],"about":[{"href":"https:\/\/eldigitaldeasturias.com\/magazine365\/wp-json\/wp\/v2\/types\/post"}],"author":[{"embeddable":true,"href":"https:\/\/eldigitaldeasturias.com\/magazine365\/wp-json\/wp\/v2\/users\/1"}],"replies":[{"embeddable":true,"href":"https:\/\/eldigitaldeasturias.com\/magazine365\/wp-json\/wp\/v2\/comments?post=76495"}],"version-history":[{"count":0,"href":"https:\/\/eldigitaldeasturias.com\/magazine365\/wp-json\/wp\/v2\/posts\/76495\/revisions"}],"wp:featuredmedia":[{"embeddable":true,"href":"https:\/\/eldigitaldeasturias.com\/magazine365\/wp-json\/wp\/v2\/media\/76496"}],"wp:attachment":[{"href":"https:\/\/eldigitaldeasturias.com\/magazine365\/wp-json\/wp\/v2\/media?parent=76495"}],"wp:term":[{"taxonomy":"category","embeddable":true,"href":"https:\/\/eldigitaldeasturias.com\/magazine365\/wp-json\/wp\/v2\/categories?post=76495"},{"taxonomy":"post_tag","embeddable":true,"href":"https:\/\/eldigitaldeasturias.com\/magazine365\/wp-json\/wp\/v2\/tags?post=76495"}],"curies":[{"name":"wp","href":"https:\/\/api.w.org\/{rel}","templated":true}]}}