{"id":76486,"date":"2016-05-21T05:36:22","date_gmt":"2016-05-21T03:36:22","guid":{"rendered":"http:\/\/eldigitaldeasturias.com\/magazine365\/?p=76486"},"modified":"2016-05-21T05:36:22","modified_gmt":"2016-05-21T03:36:22","slug":"la-creacion-de-empleo-turistico-en-murcia-se-consolida","status":"publish","type":"post","link":"https:\/\/eldigitaldeasturias.com\/magazine365\/la-creacion-de-empleo-turistico-en-murcia-se-consolida\/","title":{"rendered":"La creaci\u00f3n de empleo tur\u00edstico en Murcia se consolida"},"content":{"rendered":"<p><img fetchpriority=\"high\" decoding=\"async\" class=\"alignleft size-medium wp-image-76487\" src=\"https:\/\/eldigitaldeasturias.com\/magazine365\/wp-content\/uploads\/2016\/05\/fotonoticia_20160519145939_800-214x300.jpg\" alt=\"fotonoticia_20160519145939_800\" width=\"214\" height=\"300\" srcset=\"https:\/\/eldigitaldeasturias.com\/magazine365\/wp-content\/uploads\/2016\/05\/fotonoticia_20160519145939_800-214x300.jpg 214w, https:\/\/eldigitaldeasturias.com\/magazine365\/wp-content\/uploads\/2016\/05\/fotonoticia_20160519145939_800-457x640.jpg 457w, https:\/\/eldigitaldeasturias.com\/magazine365\/wp-content\/uploads\/2016\/05\/fotonoticia_20160519145939_800-768x1075.jpg 768w, https:\/\/eldigitaldeasturias.com\/magazine365\/wp-content\/uploads\/2016\/05\/fotonoticia_20160519145939_800-150x210.jpg 150w, https:\/\/eldigitaldeasturias.com\/magazine365\/wp-content\/uploads\/2016\/05\/fotonoticia_20160519145939_800-450x630.jpg 450w, https:\/\/eldigitaldeasturias.com\/magazine365\/wp-content\/uploads\/2016\/05\/fotonoticia_20160519145939_800.jpg 800w\" sizes=\"(max-width: 214px) 100vw, 214px\" \/>La creaci\u00f3n de empleo tur\u00edstico \u00abse consolida y alcanza un incremento sostenido durante tres a\u00f1os consecutivos\u00bb, seg\u00fan ha confirmado el consejero de Desarrollo Econ\u00f3mico, Turismo y Empleo, Juan Hern\u00e1ndez, tras conocer los datos ofrecidos por el Instituto Nacional de Estad\u00edstica.<\/p>\n<p>As\u00ed, el mes de abril se cerr\u00f3 en las actividades de Hosteler\u00eda y Agencias de Viajes dando empleo a 38.372 trabajadores en la Regi\u00f3n, lo que supone un aumento respecto al mes anterior del 5,6 por ciento (2.038 afiliados m\u00e1s). Adem\u00e1s, Murcia supera la media nacional (5,4 por ciento) y representa el tercer mayor incremento por comunidades, tras Baleares y Andaluc\u00eda.<\/p>\n<p>El dato regional representa un crecimiento interanual del 6,1 por ciento, una \u00abcifra r\u00e9cord\u00bb que se traduce en 2.191 trabajadores m\u00e1s en el sector que en abril de 2015. Por su parte, el conjunto de Espa\u00f1a registr\u00f3 un aumento interanual del 7 por ciento respecto al a\u00f1o anterior, y Murcia es la sexta comunidad que m\u00e1s crece.<\/p>\n<p>En los cuatro primeros meses de este a\u00f1o, la Regi\u00f3n registr\u00f3 un total de 36.044 trabajadores en hosteler\u00eda y agencias de viajes, con un crecimiento interanual del 4,8 por ciento (1.657 afiliados nuevos). \u00c9ste es el mejor valor medio de afiliaci\u00f3n registrado para este per\u00edodo, con 3.779 empleos m\u00e1s que la media de los \u00faltimos diez a\u00f1os.<\/p>\n<p>El titular de Turismo ha valorado \u00abel buen arranque de a\u00f1o a nivel tur\u00edstico, junto con los buenos resultados de la Semana Santa y las favorables expectativas para los pr\u00f3ximos meses no s\u00f3lo han consolidado las cifras de afiliaci\u00f3n a la Seguridad Social de 2015, sino que han acelerado y dinamizado la generaci\u00f3n de empleo en el sector\u00bb.<\/p>\n<p>Asimismo, Hern\u00e1ndez ha asegurado que \u00abla desestacionalizaci\u00f3n est\u00e1 contribuyendo a dinamizar el mercado laboral en el sector durante la temporada que va de octubre a abril, con una afiliaci\u00f3n media en hosteler\u00eda y agencias de viajes que ha crecido a una tasa interanual del 5,1 por ciento, frente a un crecimiento del 4,1 por ciento en la temporada alta de 2015\u00bb.<\/p>\n<p>Respecto a la estad\u00edstica de contratos registrados por el Servicio P\u00fablico de Empleo Estatal, el sector de la hosteler\u00eda y el turismo gener\u00f3 durante el primer cuatrimestre del a\u00f1o un total de 45.093 contratos en las actividades de alojamiento tur\u00edstico y restauraci\u00f3n, un 16,3 por ciento m\u00e1s que en el mismo periodo de 2015, un porcentaje que supone \u00abun ritmo de crecimiento m\u00e1s vivo que el del conjunto de Espa\u00f1a\u00bb que fue del 12,7 por ciento.<\/p>\n","protected":false},"excerpt":{"rendered":"<p>La creaci\u00f3n de empleo tur\u00edstico \u00abse consolida y alcanza un incremento sostenido durante tres a\u00f1os consecutivos\u00bb, seg\u00fan ha confirmado el consejero de Desarrollo Econ\u00f3mico, Turismo y Empleo, Juan Hern\u00e1ndez, tras conocer los datos ofrecidos por el Instituto Nacional de Estad\u00edstica. As\u00ed, el mes de abril se cerr\u00f3 en las actividades de Hosteler\u00eda y Agencias de<\/p>\n","protected":false},"author":1,"featured_media":76487,"comment_status":"open","ping_status":"closed","sticky":false,"template":"","format":"standard","meta":{"footnotes":""},"categories":[224],"tags":[],"class_list":{"0":"post-76486","1":"post","2":"type-post","3":"status-publish","4":"format-standard","5":"has-post-thumbnail","7":"category-noticias-actualidad"},"aioseo_notices":[],"aioseo_head":"\n\t\t<!-- All in One SEO Pro 4.9.6.1 - aioseo.com -->\n\t<meta name=\"description\" content=\"La creaci\u00f3n de empleo tur\u00edstico &quot;se consolida y alcanza un incremento sostenido durante tres a\u00f1os consecutivos&quot;, seg\u00fan ha confirmado el consejero de Desarrollo Econ\u00f3mico, Turismo y Empleo, Juan Hern\u00e1ndez, tras conocer los datos ofrecidos por el Instituto Nacional de Estad\u00edstica. As\u00ed, el mes de abril se cerr\u00f3 en las actividades de Hosteler\u00eda y Agencias de\" \/>\n\t<meta name=\"robots\" content=\"max-image-preview:large\" \/>\n\t<meta name=\"author\" content=\"admin\"\/>\n\t<meta name=\"google-site-verification\" content=\"UA-38556648-1\" \/>\n\t<meta name=\"keywords\" content=\"noticias y actualidad\" \/>\n\t<link rel=\"canonical\" href=\"https:\/\/eldigitaldeasturias.com\/magazine365\/la-creacion-de-empleo-turistico-en-murcia-se-consolida\/\" \/>\n\t<meta name=\"generator\" content=\"All in One SEO Pro (AIOSEO) 4.9.6.1\" \/>\n\t\t<meta property=\"og:locale\" content=\"es_ES\" \/>\n\t\t<meta property=\"og:site_name\" content=\"El Digital de Asturias \u2013 Revista de ocio, turismo y estilo de vida\" \/>\n\t\t<meta property=\"og:type\" content=\"article\" \/>\n\t\t<meta property=\"og:title\" content=\"La creaci\u00f3n de empleo tur\u00edstico en Murcia se consolida | El Digital de Asturias\" \/>\n\t\t<meta property=\"og:description\" content=\"La creaci\u00f3n de empleo tur\u00edstico &quot;se consolida y alcanza un incremento sostenido durante tres a\u00f1os consecutivos&quot;, seg\u00fan ha confirmado el consejero de Desarrollo Econ\u00f3mico, Turismo y Empleo, Juan Hern\u00e1ndez, tras conocer los datos ofrecidos por el Instituto Nacional de Estad\u00edstica. As\u00ed, el mes de abril se cerr\u00f3 en las actividades de Hosteler\u00eda y Agencias de\" \/>\n\t\t<meta property=\"og:url\" content=\"https:\/\/eldigitaldeasturias.com\/magazine365\/la-creacion-de-empleo-turistico-en-murcia-se-consolida\/\" \/>\n\t\t<meta property=\"og:image\" content=\"https:\/\/eldigitaldeasturias.com\/magazine365\/wp-content\/uploads\/2016\/05\/fotonoticia_20160519145939_800.jpg\" \/>\n\t\t<meta property=\"og:image:secure_url\" content=\"https:\/\/eldigitaldeasturias.com\/magazine365\/wp-content\/uploads\/2016\/05\/fotonoticia_20160519145939_800.jpg\" \/>\n\t\t<meta property=\"og:image:width\" content=\"800\" \/>\n\t\t<meta property=\"og:image:height\" content=\"1120\" \/>\n\t\t<meta property=\"article:published_time\" content=\"2016-05-21T03:36:22+00:00\" \/>\n\t\t<meta property=\"article:modified_time\" content=\"2016-05-21T03:36:22+00:00\" \/>\n\t\t<meta name=\"twitter:card\" content=\"summary_large_image\" \/>\n\t\t<meta name=\"twitter:title\" content=\"La creaci\u00f3n de empleo tur\u00edstico en Murcia se consolida | El Digital de Asturias\" \/>\n\t\t<meta name=\"twitter:description\" content=\"La creaci\u00f3n de empleo tur\u00edstico &quot;se consolida y alcanza un incremento sostenido durante tres a\u00f1os consecutivos&quot;, seg\u00fan ha confirmado el consejero de Desarrollo Econ\u00f3mico, Turismo y Empleo, Juan Hern\u00e1ndez, tras conocer los datos ofrecidos por el Instituto Nacional de Estad\u00edstica. As\u00ed, el mes de abril se cerr\u00f3 en las actividades de Hosteler\u00eda y Agencias de\" \/>\n\t\t<meta name=\"twitter:image\" content=\"https:\/\/eldigitaldeasturias.com\/magazine365\/wp-content\/uploads\/2016\/05\/fotonoticia_20160519145939_800.jpg\" \/>\n\t\t<script type=\"application\/ld+json\" class=\"aioseo-schema\">\n\t\t\t{\"@context\":\"https:\\\/\\\/schema.org\",\"@graph\":[{\"@type\":\"Article\",\"@id\":\"https:\\\/\\\/eldigitaldeasturias.com\\\/magazine365\\\/la-creacion-de-empleo-turistico-en-murcia-se-consolida\\\/#article\",\"name\":\"La creaci\\u00f3n de empleo tur\\u00edstico en Murcia se consolida | El Digital de Asturias\",\"headline\":\"La creaci\\u00f3n de empleo tur\\u00edstico en Murcia se consolida\",\"author\":{\"@id\":\"https:\\\/\\\/eldigitaldeasturias.com\\\/magazine365\\\/author\\\/admin\\\/#author\"},\"publisher\":{\"@id\":\"https:\\\/\\\/eldigitaldeasturias.com\\\/magazine365\\\/#organization\"},\"image\":{\"@type\":\"ImageObject\",\"url\":\"https:\\\/\\\/eldigitaldeasturias.com\\\/magazine365\\\/wp-content\\\/uploads\\\/2016\\\/05\\\/fotonoticia_20160519145939_800.jpg\",\"width\":800,\"height\":1120},\"datePublished\":\"2016-05-21T05:36:22+02:00\",\"dateModified\":\"2016-05-21T05:36:22+02:00\",\"inLanguage\":\"es-ES\",\"mainEntityOfPage\":{\"@id\":\"https:\\\/\\\/eldigitaldeasturias.com\\\/magazine365\\\/la-creacion-de-empleo-turistico-en-murcia-se-consolida\\\/#webpage\"},\"isPartOf\":{\"@id\":\"https:\\\/\\\/eldigitaldeasturias.com\\\/magazine365\\\/la-creacion-de-empleo-turistico-en-murcia-se-consolida\\\/#webpage\"},\"articleSection\":\"Noticias y Actualidad\"},{\"@type\":\"BreadcrumbList\",\"@id\":\"https:\\\/\\\/eldigitaldeasturias.com\\\/magazine365\\\/la-creacion-de-empleo-turistico-en-murcia-se-consolida\\\/#breadcrumblist\",\"itemListElement\":[{\"@type\":\"ListItem\",\"@id\":\"https:\\\/\\\/eldigitaldeasturias.com\\\/magazine365#listItem\",\"position\":1,\"name\":\"Home\",\"item\":\"https:\\\/\\\/eldigitaldeasturias.com\\\/magazine365\",\"nextItem\":{\"@type\":\"ListItem\",\"@id\":\"https:\\\/\\\/eldigitaldeasturias.com\\\/magazine365\\\/category\\\/noticias-actualidad\\\/#listItem\",\"name\":\"Noticias y Actualidad\"}},{\"@type\":\"ListItem\",\"@id\":\"https:\\\/\\\/eldigitaldeasturias.com\\\/magazine365\\\/category\\\/noticias-actualidad\\\/#listItem\",\"position\":2,\"name\":\"Noticias y Actualidad\",\"item\":\"https:\\\/\\\/eldigitaldeasturias.com\\\/magazine365\\\/category\\\/noticias-actualidad\\\/\",\"nextItem\":{\"@type\":\"ListItem\",\"@id\":\"https:\\\/\\\/eldigitaldeasturias.com\\\/magazine365\\\/la-creacion-de-empleo-turistico-en-murcia-se-consolida\\\/#listItem\",\"name\":\"La creaci\\u00f3n de empleo tur\\u00edstico en Murcia se consolida\"},\"previousItem\":{\"@type\":\"ListItem\",\"@id\":\"https:\\\/\\\/eldigitaldeasturias.com\\\/magazine365#listItem\",\"name\":\"Home\"}},{\"@type\":\"ListItem\",\"@id\":\"https:\\\/\\\/eldigitaldeasturias.com\\\/magazine365\\\/la-creacion-de-empleo-turistico-en-murcia-se-consolida\\\/#listItem\",\"position\":3,\"name\":\"La creaci\\u00f3n de empleo tur\\u00edstico en Murcia se consolida\",\"previousItem\":{\"@type\":\"ListItem\",\"@id\":\"https:\\\/\\\/eldigitaldeasturias.com\\\/magazine365\\\/category\\\/noticias-actualidad\\\/#listItem\",\"name\":\"Noticias y Actualidad\"}}]},{\"@type\":\"Organization\",\"@id\":\"https:\\\/\\\/eldigitaldeasturias.com\\\/magazine365\\\/#organization\",\"name\":\"El digital de Asturias\",\"description\":\"Revista de ocio, turismo y estilo de vida\",\"url\":\"https:\\\/\\\/eldigitaldeasturias.com\\\/magazine365\\\/\",\"logo\":{\"@type\":\"ImageObject\",\"url\":\"https:\\\/\\\/www.eldigitaldeasturias.com\\\/noticias\\\/wp-content\\\/uploads\\\/2020\\\/12\\\/EDA.jpg\",\"@id\":\"https:\\\/\\\/eldigitaldeasturias.com\\\/magazine365\\\/la-creacion-de-empleo-turistico-en-murcia-se-consolida\\\/#organizationLogo\"},\"image\":{\"@id\":\"https:\\\/\\\/eldigitaldeasturias.com\\\/magazine365\\\/la-creacion-de-empleo-turistico-en-murcia-se-consolida\\\/#organizationLogo\"}},{\"@type\":\"Person\",\"@id\":\"https:\\\/\\\/eldigitaldeasturias.com\\\/magazine365\\\/author\\\/admin\\\/#author\",\"url\":\"https:\\\/\\\/eldigitaldeasturias.com\\\/magazine365\\\/author\\\/admin\\\/\",\"name\":\"admin\",\"image\":{\"@type\":\"ImageObject\",\"@id\":\"https:\\\/\\\/eldigitaldeasturias.com\\\/magazine365\\\/la-creacion-de-empleo-turistico-en-murcia-se-consolida\\\/#authorImage\",\"url\":\"https:\\\/\\\/eldigitaldeasturias.com\\\/magazine365\\\/wp-content\\\/litespeed\\\/avatar\\\/e571bcf59a0edd6fa6838245a470f2fe.jpg?ver=1777574230\",\"width\":96,\"height\":96,\"caption\":\"admin\"}},{\"@type\":\"WebPage\",\"@id\":\"https:\\\/\\\/eldigitaldeasturias.com\\\/magazine365\\\/la-creacion-de-empleo-turistico-en-murcia-se-consolida\\\/#webpage\",\"url\":\"https:\\\/\\\/eldigitaldeasturias.com\\\/magazine365\\\/la-creacion-de-empleo-turistico-en-murcia-se-consolida\\\/\",\"name\":\"La creaci\\u00f3n de empleo tur\\u00edstico en Murcia se consolida | El Digital de Asturias\",\"description\":\"La creaci\\u00f3n de empleo tur\\u00edstico \\\"se consolida y alcanza un incremento sostenido durante tres a\\u00f1os consecutivos\\\", seg\\u00fan ha confirmado el consejero de Desarrollo Econ\\u00f3mico, Turismo y Empleo, Juan Hern\\u00e1ndez, tras conocer los datos ofrecidos por el Instituto Nacional de Estad\\u00edstica. As\\u00ed, el mes de abril se cerr\\u00f3 en las actividades de Hosteler\\u00eda y Agencias de\",\"inLanguage\":\"es-ES\",\"isPartOf\":{\"@id\":\"https:\\\/\\\/eldigitaldeasturias.com\\\/magazine365\\\/#website\"},\"breadcrumb\":{\"@id\":\"https:\\\/\\\/eldigitaldeasturias.com\\\/magazine365\\\/la-creacion-de-empleo-turistico-en-murcia-se-consolida\\\/#breadcrumblist\"},\"author\":{\"@id\":\"https:\\\/\\\/eldigitaldeasturias.com\\\/magazine365\\\/author\\\/admin\\\/#author\"},\"creator\":{\"@id\":\"https:\\\/\\\/eldigitaldeasturias.com\\\/magazine365\\\/author\\\/admin\\\/#author\"},\"image\":{\"@type\":\"ImageObject\",\"url\":\"https:\\\/\\\/eldigitaldeasturias.com\\\/magazine365\\\/wp-content\\\/uploads\\\/2016\\\/05\\\/fotonoticia_20160519145939_800.jpg\",\"@id\":\"https:\\\/\\\/eldigitaldeasturias.com\\\/magazine365\\\/la-creacion-de-empleo-turistico-en-murcia-se-consolida\\\/#mainImage\",\"width\":800,\"height\":1120},\"primaryImageOfPage\":{\"@id\":\"https:\\\/\\\/eldigitaldeasturias.com\\\/magazine365\\\/la-creacion-de-empleo-turistico-en-murcia-se-consolida\\\/#mainImage\"},\"datePublished\":\"2016-05-21T05:36:22+02:00\",\"dateModified\":\"2016-05-21T05:36:22+02:00\"},{\"@type\":\"WebSite\",\"@id\":\"https:\\\/\\\/eldigitaldeasturias.com\\\/magazine365\\\/#website\",\"url\":\"https:\\\/\\\/eldigitaldeasturias.com\\\/magazine365\\\/\",\"name\":\"El Digital de Asturias\",\"description\":\"Revista de ocio, turismo y estilo de vida\",\"inLanguage\":\"es-ES\",\"publisher\":{\"@id\":\"https:\\\/\\\/eldigitaldeasturias.com\\\/magazine365\\\/#organization\"}}]}\n\t\t<\/script>\n\t\t<!-- All in One SEO Pro -->\r\n\t\t<title>La creaci\u00f3n de empleo tur\u00edstico en Murcia se consolida | El Digital de Asturias<\/title>\n\n","aioseo_head_json":{"title":"La creaci\u00f3n de empleo tur\u00edstico en Murcia se consolida | El Digital de Asturias","description":"La creaci\u00f3n de empleo tur\u00edstico \"se consolida y alcanza un incremento sostenido durante tres a\u00f1os consecutivos\", seg\u00fan ha confirmado el consejero de Desarrollo Econ\u00f3mico, Turismo y Empleo, Juan Hern\u00e1ndez, tras conocer los datos ofrecidos por el Instituto Nacional de Estad\u00edstica. As\u00ed, el mes de abril se cerr\u00f3 en las actividades de Hosteler\u00eda y Agencias de","canonical_url":"https:\/\/eldigitaldeasturias.com\/magazine365\/la-creacion-de-empleo-turistico-en-murcia-se-consolida\/","robots":"max-image-preview:large","keywords":"noticias y actualidad","webmasterTools":{"google-site-verification":"UA-38556648-1","miscellaneous":""},"schema":{"@context":"https:\/\/schema.org","@graph":[{"@type":"Article","@id":"https:\/\/eldigitaldeasturias.com\/magazine365\/la-creacion-de-empleo-turistico-en-murcia-se-consolida\/#article","name":"La creaci\u00f3n de empleo tur\u00edstico en Murcia se consolida | El Digital de Asturias","headline":"La creaci\u00f3n de empleo tur\u00edstico en Murcia se consolida","author":{"@id":"https:\/\/eldigitaldeasturias.com\/magazine365\/author\/admin\/#author"},"publisher":{"@id":"https:\/\/eldigitaldeasturias.com\/magazine365\/#organization"},"image":{"@type":"ImageObject","url":"https:\/\/eldigitaldeasturias.com\/magazine365\/wp-content\/uploads\/2016\/05\/fotonoticia_20160519145939_800.jpg","width":800,"height":1120},"datePublished":"2016-05-21T05:36:22+02:00","dateModified":"2016-05-21T05:36:22+02:00","inLanguage":"es-ES","mainEntityOfPage":{"@id":"https:\/\/eldigitaldeasturias.com\/magazine365\/la-creacion-de-empleo-turistico-en-murcia-se-consolida\/#webpage"},"isPartOf":{"@id":"https:\/\/eldigitaldeasturias.com\/magazine365\/la-creacion-de-empleo-turistico-en-murcia-se-consolida\/#webpage"},"articleSection":"Noticias y Actualidad"},{"@type":"BreadcrumbList","@id":"https:\/\/eldigitaldeasturias.com\/magazine365\/la-creacion-de-empleo-turistico-en-murcia-se-consolida\/#breadcrumblist","itemListElement":[{"@type":"ListItem","@id":"https:\/\/eldigitaldeasturias.com\/magazine365#listItem","position":1,"name":"Home","item":"https:\/\/eldigitaldeasturias.com\/magazine365","nextItem":{"@type":"ListItem","@id":"https:\/\/eldigitaldeasturias.com\/magazine365\/category\/noticias-actualidad\/#listItem","name":"Noticias y Actualidad"}},{"@type":"ListItem","@id":"https:\/\/eldigitaldeasturias.com\/magazine365\/category\/noticias-actualidad\/#listItem","position":2,"name":"Noticias y Actualidad","item":"https:\/\/eldigitaldeasturias.com\/magazine365\/category\/noticias-actualidad\/","nextItem":{"@type":"ListItem","@id":"https:\/\/eldigitaldeasturias.com\/magazine365\/la-creacion-de-empleo-turistico-en-murcia-se-consolida\/#listItem","name":"La creaci\u00f3n de empleo tur\u00edstico en Murcia se consolida"},"previousItem":{"@type":"ListItem","@id":"https:\/\/eldigitaldeasturias.com\/magazine365#listItem","name":"Home"}},{"@type":"ListItem","@id":"https:\/\/eldigitaldeasturias.com\/magazine365\/la-creacion-de-empleo-turistico-en-murcia-se-consolida\/#listItem","position":3,"name":"La creaci\u00f3n de empleo tur\u00edstico en Murcia se consolida","previousItem":{"@type":"ListItem","@id":"https:\/\/eldigitaldeasturias.com\/magazine365\/category\/noticias-actualidad\/#listItem","name":"Noticias y Actualidad"}}]},{"@type":"Organization","@id":"https:\/\/eldigitaldeasturias.com\/magazine365\/#organization","name":"El digital de Asturias","description":"Revista de ocio, turismo y estilo de vida","url":"https:\/\/eldigitaldeasturias.com\/magazine365\/","logo":{"@type":"ImageObject","url":"https:\/\/www.eldigitaldeasturias.com\/noticias\/wp-content\/uploads\/2020\/12\/EDA.jpg","@id":"https:\/\/eldigitaldeasturias.com\/magazine365\/la-creacion-de-empleo-turistico-en-murcia-se-consolida\/#organizationLogo"},"image":{"@id":"https:\/\/eldigitaldeasturias.com\/magazine365\/la-creacion-de-empleo-turistico-en-murcia-se-consolida\/#organizationLogo"}},{"@type":"Person","@id":"https:\/\/eldigitaldeasturias.com\/magazine365\/author\/admin\/#author","url":"https:\/\/eldigitaldeasturias.com\/magazine365\/author\/admin\/","name":"admin","image":{"@type":"ImageObject","@id":"https:\/\/eldigitaldeasturias.com\/magazine365\/la-creacion-de-empleo-turistico-en-murcia-se-consolida\/#authorImage","url":"https:\/\/eldigitaldeasturias.com\/magazine365\/wp-content\/litespeed\/avatar\/e571bcf59a0edd6fa6838245a470f2fe.jpg?ver=1777574230","width":96,"height":96,"caption":"admin"}},{"@type":"WebPage","@id":"https:\/\/eldigitaldeasturias.com\/magazine365\/la-creacion-de-empleo-turistico-en-murcia-se-consolida\/#webpage","url":"https:\/\/eldigitaldeasturias.com\/magazine365\/la-creacion-de-empleo-turistico-en-murcia-se-consolida\/","name":"La creaci\u00f3n de empleo tur\u00edstico en Murcia se consolida | El Digital de Asturias","description":"La creaci\u00f3n de empleo tur\u00edstico \"se consolida y alcanza un incremento sostenido durante tres a\u00f1os consecutivos\", seg\u00fan ha confirmado el consejero de Desarrollo Econ\u00f3mico, Turismo y Empleo, Juan Hern\u00e1ndez, tras conocer los datos ofrecidos por el Instituto Nacional de Estad\u00edstica. As\u00ed, el mes de abril se cerr\u00f3 en las actividades de Hosteler\u00eda y Agencias de","inLanguage":"es-ES","isPartOf":{"@id":"https:\/\/eldigitaldeasturias.com\/magazine365\/#website"},"breadcrumb":{"@id":"https:\/\/eldigitaldeasturias.com\/magazine365\/la-creacion-de-empleo-turistico-en-murcia-se-consolida\/#breadcrumblist"},"author":{"@id":"https:\/\/eldigitaldeasturias.com\/magazine365\/author\/admin\/#author"},"creator":{"@id":"https:\/\/eldigitaldeasturias.com\/magazine365\/author\/admin\/#author"},"image":{"@type":"ImageObject","url":"https:\/\/eldigitaldeasturias.com\/magazine365\/wp-content\/uploads\/2016\/05\/fotonoticia_20160519145939_800.jpg","@id":"https:\/\/eldigitaldeasturias.com\/magazine365\/la-creacion-de-empleo-turistico-en-murcia-se-consolida\/#mainImage","width":800,"height":1120},"primaryImageOfPage":{"@id":"https:\/\/eldigitaldeasturias.com\/magazine365\/la-creacion-de-empleo-turistico-en-murcia-se-consolida\/#mainImage"},"datePublished":"2016-05-21T05:36:22+02:00","dateModified":"2016-05-21T05:36:22+02:00"},{"@type":"WebSite","@id":"https:\/\/eldigitaldeasturias.com\/magazine365\/#website","url":"https:\/\/eldigitaldeasturias.com\/magazine365\/","name":"El Digital de Asturias","description":"Revista de ocio, turismo y estilo de vida","inLanguage":"es-ES","publisher":{"@id":"https:\/\/eldigitaldeasturias.com\/magazine365\/#organization"}}]},"og:locale":"es_ES","og:site_name":"El Digital de Asturias \u2013 Revista de ocio, turismo y estilo de vida","og:type":"article","og:title":"La creaci\u00f3n de empleo tur\u00edstico en Murcia se consolida | El Digital de Asturias","og:description":"La creaci\u00f3n de empleo tur\u00edstico &quot;se consolida y alcanza un incremento sostenido durante tres a\u00f1os consecutivos&quot;, seg\u00fan ha confirmado el consejero de Desarrollo Econ\u00f3mico, Turismo y Empleo, Juan Hern\u00e1ndez, tras conocer los datos ofrecidos por el Instituto Nacional de Estad\u00edstica. As\u00ed, el mes de abril se cerr\u00f3 en las actividades de Hosteler\u00eda y Agencias de","og:url":"https:\/\/eldigitaldeasturias.com\/magazine365\/la-creacion-de-empleo-turistico-en-murcia-se-consolida\/","og:image":"https:\/\/eldigitaldeasturias.com\/magazine365\/wp-content\/uploads\/2016\/05\/fotonoticia_20160519145939_800.jpg","og:image:secure_url":"https:\/\/eldigitaldeasturias.com\/magazine365\/wp-content\/uploads\/2016\/05\/fotonoticia_20160519145939_800.jpg","og:image:width":800,"og:image:height":1120,"article:published_time":"2016-05-21T03:36:22+00:00","article:modified_time":"2016-05-21T03:36:22+00:00","twitter:card":"summary_large_image","twitter:title":"La creaci\u00f3n de empleo tur\u00edstico en Murcia se consolida | El Digital de Asturias","twitter:description":"La creaci\u00f3n de empleo tur\u00edstico &quot;se consolida y alcanza un incremento sostenido durante tres a\u00f1os consecutivos&quot;, seg\u00fan ha confirmado el consejero de Desarrollo Econ\u00f3mico, Turismo y Empleo, Juan Hern\u00e1ndez, tras conocer los datos ofrecidos por el Instituto Nacional de Estad\u00edstica. As\u00ed, el mes de abril se cerr\u00f3 en las actividades de Hosteler\u00eda y Agencias de","twitter:image":"https:\/\/eldigitaldeasturias.com\/magazine365\/wp-content\/uploads\/2016\/05\/fotonoticia_20160519145939_800.jpg"},"aioseo_meta_data":{"post_id":"76486","title":null,"description":null,"keywords":null,"keyphrases":null,"primary_term":null,"canonical_url":null,"og_title":null,"og_description":null,"og_object_type":"default","og_image_type":"default","og_image_url":null,"og_image_width":null,"og_image_height":null,"og_image_custom_url":null,"og_image_custom_fields":null,"og_video":null,"og_custom_url":null,"og_article_section":null,"og_article_tags":null,"twitter_use_og":false,"twitter_card":"default","twitter_image_type":"default","twitter_image_url":null,"twitter_image_custom_url":null,"twitter_image_custom_fields":null,"twitter_title":null,"twitter_description":null,"schema":{"blockGraphs":[],"customGraphs":[],"default":{"data":{"Article":[],"Course":[],"Dataset":[],"FAQPage":[],"Movie":[],"Person":[],"Product":[],"ProductReview":[],"Car":[],"Recipe":[],"Service":[],"SoftwareApplication":[],"WebPage":[]},"graphName":"","isEnabled":true},"graphs":[],"defaultGraph":"","defaultPostTypeGraph":""},"schema_type":null,"schema_type_options":null,"pillar_content":false,"robots_default":true,"robots_noindex":false,"robots_noarchive":false,"robots_nosnippet":false,"robots_nofollow":false,"robots_noimageindex":false,"robots_noodp":false,"robots_notranslate":false,"robots_max_snippet":null,"robots_max_videopreview":null,"robots_max_imagepreview":"large","priority":null,"frequency":null,"location":null,"local_seo":null,"seo_analyzer_scan_date":"2025-09-27 12:44:54","breadcrumb_settings":null,"limit_modified_date":false,"open_ai":null,"ai":null,"created":"2021-03-08 18:27:57","updated":"2025-09-27 12:44:54"},"aioseo_breadcrumb":"<div class=\"aioseo-breadcrumbs\"><span class=\"aioseo-breadcrumb\">\n\t<a href=\"https:\/\/eldigitaldeasturias.com\/magazine365\" title=\"Home\">Home<\/a>\n<\/span><span class=\"aioseo-breadcrumb-separator\">\u2013<\/span><span class=\"aioseo-breadcrumb\">\n\t<a href=\"https:\/\/eldigitaldeasturias.com\/magazine365\/category\/noticias-actualidad\/\" title=\"Noticias y Actualidad\">Noticias y Actualidad<\/a>\n<\/span><span class=\"aioseo-breadcrumb-separator\">\u2013<\/span><span class=\"aioseo-breadcrumb\">\n\t<a href=\"https:\/\/eldigitaldeasturias.com\/magazine365\/la-creacion-de-empleo-turistico-en-murcia-se-consolida\/\" title=\"La creaci\u00f3n de empleo tur\u00edstico en Murcia se consolida\">La creaci\u00f3n de empleo tur\u00edstico en Murcia se consolida<\/a>\n<\/span><\/div>","aioseo_breadcrumb_json":[{"label":"Home","link":"https:\/\/eldigitaldeasturias.com\/magazine365"},{"label":"Noticias y Actualidad","link":"https:\/\/eldigitaldeasturias.com\/magazine365\/category\/noticias-actualidad\/"},{"label":"La creaci\u00f3n de empleo tur\u00edstico en Murcia se consolida","link":"https:\/\/eldigitaldeasturias.com\/magazine365\/la-creacion-de-empleo-turistico-en-murcia-se-consolida\/"}],"_links":{"self":[{"href":"https:\/\/eldigitaldeasturias.com\/magazine365\/wp-json\/wp\/v2\/posts\/76486","targetHints":{"allow":["GET"]}}],"collection":[{"href":"https:\/\/eldigitaldeasturias.com\/magazine365\/wp-json\/wp\/v2\/posts"}],"about":[{"href":"https:\/\/eldigitaldeasturias.com\/magazine365\/wp-json\/wp\/v2\/types\/post"}],"author":[{"embeddable":true,"href":"https:\/\/eldigitaldeasturias.com\/magazine365\/wp-json\/wp\/v2\/users\/1"}],"replies":[{"embeddable":true,"href":"https:\/\/eldigitaldeasturias.com\/magazine365\/wp-json\/wp\/v2\/comments?post=76486"}],"version-history":[{"count":0,"href":"https:\/\/eldigitaldeasturias.com\/magazine365\/wp-json\/wp\/v2\/posts\/76486\/revisions"}],"wp:featuredmedia":[{"embeddable":true,"href":"https:\/\/eldigitaldeasturias.com\/magazine365\/wp-json\/wp\/v2\/media\/76487"}],"wp:attachment":[{"href":"https:\/\/eldigitaldeasturias.com\/magazine365\/wp-json\/wp\/v2\/media?parent=76486"}],"wp:term":[{"taxonomy":"category","embeddable":true,"href":"https:\/\/eldigitaldeasturias.com\/magazine365\/wp-json\/wp\/v2\/categories?post=76486"},{"taxonomy":"post_tag","embeddable":true,"href":"https:\/\/eldigitaldeasturias.com\/magazine365\/wp-json\/wp\/v2\/tags?post=76486"}],"curies":[{"name":"wp","href":"https:\/\/api.w.org\/{rel}","templated":true}]}}