{"id":76480,"date":"2016-05-21T05:31:43","date_gmt":"2016-05-21T03:31:43","guid":{"rendered":"http:\/\/eldigitaldeasturias.com\/magazine365\/?p=76480"},"modified":"2016-05-21T05:31:43","modified_gmt":"2016-05-21T03:31:43","slug":"junta-difundira-la-oferta-turistica-andaluza-en-unas-jornadas-profesionales-que-recorreran-los-paises-balticos","status":"publish","type":"post","link":"https:\/\/eldigitaldeasturias.com\/magazine365\/junta-difundira-la-oferta-turistica-andaluza-en-unas-jornadas-profesionales-que-recorreran-los-paises-balticos\/","title":{"rendered":"Junta difundir\u00e1 la oferta tur\u00edstica andaluza en unas jornadas profesionales que recorrer\u00e1n los pa\u00edses b\u00e1lticos"},"content":{"rendered":"<p><img fetchpriority=\"high\" decoding=\"async\" class=\"alignleft size-medium wp-image-76481\" src=\"https:\/\/eldigitaldeasturias.com\/magazine365\/wp-content\/uploads\/2016\/05\/fotonoticia_20160519140014_800-360x203.jpg\" alt=\"fotonoticia_20160519140014_800\" width=\"360\" height=\"203\" srcset=\"https:\/\/eldigitaldeasturias.com\/magazine365\/wp-content\/uploads\/2016\/05\/fotonoticia_20160519140014_800-360x203.jpg 360w, https:\/\/eldigitaldeasturias.com\/magazine365\/wp-content\/uploads\/2016\/05\/fotonoticia_20160519140014_800-650x366.jpg 650w, https:\/\/eldigitaldeasturias.com\/magazine365\/wp-content\/uploads\/2016\/05\/fotonoticia_20160519140014_800-768x432.jpg 768w, https:\/\/eldigitaldeasturias.com\/magazine365\/wp-content\/uploads\/2016\/05\/fotonoticia_20160519140014_800-150x84.jpg 150w, https:\/\/eldigitaldeasturias.com\/magazine365\/wp-content\/uploads\/2016\/05\/fotonoticia_20160519140014_800-450x253.jpg 450w, https:\/\/eldigitaldeasturias.com\/magazine365\/wp-content\/uploads\/2016\/05\/fotonoticia_20160519140014_800-499x280.jpg 499w, https:\/\/eldigitaldeasturias.com\/magazine365\/wp-content\/uploads\/2016\/05\/fotonoticia_20160519140014_800-510x289.jpg 510w, https:\/\/eldigitaldeasturias.com\/magazine365\/wp-content\/uploads\/2016\/05\/fotonoticia_20160519140014_800.jpg 800w\" sizes=\"(max-width: 360px) 100vw, 360px\" \/>La Consejer\u00eda de Turismo y Deporte difundir\u00e1 la oferta tur\u00edstica de Andaluc\u00eda entre los pr\u00f3ximos d\u00edas 22 y 24 de mayo en una acci\u00f3n promocional itinerante que se desarrollar\u00e1 en los pa\u00edses b\u00e1lticos y que, bajo la organizaci\u00f3n de Turespa\u00f1a, recorrer\u00e1 Lituania, Letonia y Estonia.<\/p>\n<p>Se trata de unas jornadas profesionales en formato de taller de trabajo en las que la delegaci\u00f3n andaluza tendr\u00e1 la oportunidad de contactar directamente con los responsables de las principales agencias de viaje, operadores y prensa especializada de las ciudades de Vilna, Tallin y Riga, seg\u00fan ha se\u00f1alado en una nota la Consejer\u00eda del ramo.<\/p>\n<p>La presencia en estas tres capitales, que suman cerca de 1,6 millones de habitantes, permitir\u00e1 reforzar el conocimiento de los atractivos de Andaluc\u00eda a los profesionales del sector tur\u00edstico de \u00e1reas que cuentan con un importante potencial emisor.<\/p>\n<p>De este modo, la acci\u00f3n supone una oportunidad para consolidar la imagen de la comunidad en estos mercados emergentes, en los que se incidir\u00e1 en los segmentos de sol y playa e idiom\u00e1tico, principales motivaciones de los viajeros de estos pa\u00edses que llegan al destino.<\/p>\n<p>Los encuentros de trabajo, tras las reuniones t\u00e9cnicas entre profesionales de la oferta y la demanda de estas ciudades, ofrecer\u00e1n adem\u00e1s la ocasi\u00f3n de que estos agentes degusten la oferta gastron\u00f3mica en una cena conjunta que contribuir\u00e1 a que conozcan nuevos atractivos del destino.<\/p>\n","protected":false},"excerpt":{"rendered":"<p>La Consejer\u00eda de Turismo y Deporte difundir\u00e1 la oferta tur\u00edstica de Andaluc\u00eda entre los pr\u00f3ximos d\u00edas 22 y 24 de mayo en una acci\u00f3n promocional itinerante que se desarrollar\u00e1 en los pa\u00edses b\u00e1lticos y que, bajo la organizaci\u00f3n de Turespa\u00f1a, recorrer\u00e1 Lituania, Letonia y Estonia. Se trata de unas jornadas profesionales en formato de taller<\/p>\n","protected":false},"author":1,"featured_media":76481,"comment_status":"open","ping_status":"closed","sticky":false,"template":"","format":"standard","meta":{"footnotes":""},"categories":[224],"tags":[],"class_list":{"0":"post-76480","1":"post","2":"type-post","3":"status-publish","4":"format-standard","5":"has-post-thumbnail","7":"category-noticias-actualidad"},"aioseo_notices":[],"aioseo_head":"\n\t\t<!-- All in One SEO Pro 4.9.6.1 - aioseo.com -->\n\t<meta name=\"description\" content=\"La Consejer\u00eda de Turismo y Deporte difundir\u00e1 la oferta tur\u00edstica de Andaluc\u00eda entre los pr\u00f3ximos d\u00edas 22 y 24 de mayo en una acci\u00f3n promocional itinerante que se desarrollar\u00e1 en los pa\u00edses b\u00e1lticos y que, bajo la organizaci\u00f3n de Turespa\u00f1a, recorrer\u00e1 Lituania, Letonia y Estonia. Se trata de unas jornadas profesionales en formato de taller\" \/>\n\t<meta name=\"robots\" content=\"max-image-preview:large\" \/>\n\t<meta name=\"author\" content=\"admin\"\/>\n\t<meta name=\"google-site-verification\" content=\"UA-38556648-1\" \/>\n\t<meta name=\"keywords\" content=\"noticias y actualidad\" \/>\n\t<link rel=\"canonical\" href=\"https:\/\/eldigitaldeasturias.com\/magazine365\/junta-difundira-la-oferta-turistica-andaluza-en-unas-jornadas-profesionales-que-recorreran-los-paises-balticos\/\" \/>\n\t<meta name=\"generator\" content=\"All in One SEO Pro (AIOSEO) 4.9.6.1\" \/>\n\t\t<meta property=\"og:locale\" content=\"es_ES\" \/>\n\t\t<meta property=\"og:site_name\" content=\"El Digital de Asturias \u2013 Revista de ocio, turismo y estilo de vida\" \/>\n\t\t<meta property=\"og:type\" content=\"article\" \/>\n\t\t<meta property=\"og:title\" content=\"Junta difundir\u00e1 la oferta tur\u00edstica andaluza en unas jornadas profesionales que recorrer\u00e1n los pa\u00edses b\u00e1lticos | El Digital de Asturias\" \/>\n\t\t<meta property=\"og:description\" content=\"La Consejer\u00eda de Turismo y Deporte difundir\u00e1 la oferta tur\u00edstica de Andaluc\u00eda entre los pr\u00f3ximos d\u00edas 22 y 24 de mayo en una acci\u00f3n promocional itinerante que se desarrollar\u00e1 en los pa\u00edses b\u00e1lticos y que, bajo la organizaci\u00f3n de Turespa\u00f1a, recorrer\u00e1 Lituania, Letonia y Estonia. Se trata de unas jornadas profesionales en formato de taller\" \/>\n\t\t<meta property=\"og:url\" content=\"https:\/\/eldigitaldeasturias.com\/magazine365\/junta-difundira-la-oferta-turistica-andaluza-en-unas-jornadas-profesionales-que-recorreran-los-paises-balticos\/\" \/>\n\t\t<meta property=\"og:image\" content=\"https:\/\/eldigitaldeasturias.com\/magazine365\/wp-content\/uploads\/2016\/05\/fotonoticia_20160519140014_800.jpg\" \/>\n\t\t<meta property=\"og:image:secure_url\" content=\"https:\/\/eldigitaldeasturias.com\/magazine365\/wp-content\/uploads\/2016\/05\/fotonoticia_20160519140014_800.jpg\" \/>\n\t\t<meta property=\"og:image:width\" content=\"800\" \/>\n\t\t<meta property=\"og:image:height\" content=\"450\" \/>\n\t\t<meta property=\"article:published_time\" content=\"2016-05-21T03:31:43+00:00\" \/>\n\t\t<meta property=\"article:modified_time\" content=\"2016-05-21T03:31:43+00:00\" \/>\n\t\t<meta name=\"twitter:card\" content=\"summary_large_image\" \/>\n\t\t<meta name=\"twitter:title\" content=\"Junta difundir\u00e1 la oferta tur\u00edstica andaluza en unas jornadas profesionales que recorrer\u00e1n los pa\u00edses b\u00e1lticos | El Digital de Asturias\" \/>\n\t\t<meta name=\"twitter:description\" content=\"La Consejer\u00eda de Turismo y Deporte difundir\u00e1 la oferta tur\u00edstica de Andaluc\u00eda entre los pr\u00f3ximos d\u00edas 22 y 24 de mayo en una acci\u00f3n promocional itinerante que se desarrollar\u00e1 en los pa\u00edses b\u00e1lticos y que, bajo la organizaci\u00f3n de Turespa\u00f1a, recorrer\u00e1 Lituania, Letonia y Estonia. Se trata de unas jornadas profesionales en formato de taller\" \/>\n\t\t<meta name=\"twitter:image\" content=\"https:\/\/eldigitaldeasturias.com\/magazine365\/wp-content\/uploads\/2016\/05\/fotonoticia_20160519140014_800.jpg\" \/>\n\t\t<script type=\"application\/ld+json\" class=\"aioseo-schema\">\n\t\t\t{\"@context\":\"https:\\\/\\\/schema.org\",\"@graph\":[{\"@type\":\"Article\",\"@id\":\"https:\\\/\\\/eldigitaldeasturias.com\\\/magazine365\\\/junta-difundira-la-oferta-turistica-andaluza-en-unas-jornadas-profesionales-que-recorreran-los-paises-balticos\\\/#article\",\"name\":\"Junta difundir\\u00e1 la oferta tur\\u00edstica andaluza en unas jornadas profesionales que recorrer\\u00e1n los pa\\u00edses b\\u00e1lticos | El Digital de Asturias\",\"headline\":\"Junta difundir\\u00e1 la oferta tur\\u00edstica andaluza en unas jornadas profesionales que recorrer\\u00e1n los pa\\u00edses b\\u00e1lticos\",\"author\":{\"@id\":\"https:\\\/\\\/eldigitaldeasturias.com\\\/magazine365\\\/author\\\/admin\\\/#author\"},\"publisher\":{\"@id\":\"https:\\\/\\\/eldigitaldeasturias.com\\\/magazine365\\\/#organization\"},\"image\":{\"@type\":\"ImageObject\",\"url\":\"https:\\\/\\\/eldigitaldeasturias.com\\\/magazine365\\\/wp-content\\\/uploads\\\/2016\\\/05\\\/fotonoticia_20160519140014_800.jpg\",\"width\":800,\"height\":450},\"datePublished\":\"2016-05-21T05:31:43+02:00\",\"dateModified\":\"2016-05-21T05:31:43+02:00\",\"inLanguage\":\"es-ES\",\"mainEntityOfPage\":{\"@id\":\"https:\\\/\\\/eldigitaldeasturias.com\\\/magazine365\\\/junta-difundira-la-oferta-turistica-andaluza-en-unas-jornadas-profesionales-que-recorreran-los-paises-balticos\\\/#webpage\"},\"isPartOf\":{\"@id\":\"https:\\\/\\\/eldigitaldeasturias.com\\\/magazine365\\\/junta-difundira-la-oferta-turistica-andaluza-en-unas-jornadas-profesionales-que-recorreran-los-paises-balticos\\\/#webpage\"},\"articleSection\":\"Noticias y Actualidad\"},{\"@type\":\"BreadcrumbList\",\"@id\":\"https:\\\/\\\/eldigitaldeasturias.com\\\/magazine365\\\/junta-difundira-la-oferta-turistica-andaluza-en-unas-jornadas-profesionales-que-recorreran-los-paises-balticos\\\/#breadcrumblist\",\"itemListElement\":[{\"@type\":\"ListItem\",\"@id\":\"https:\\\/\\\/eldigitaldeasturias.com\\\/magazine365#listItem\",\"position\":1,\"name\":\"Home\",\"item\":\"https:\\\/\\\/eldigitaldeasturias.com\\\/magazine365\",\"nextItem\":{\"@type\":\"ListItem\",\"@id\":\"https:\\\/\\\/eldigitaldeasturias.com\\\/magazine365\\\/category\\\/noticias-actualidad\\\/#listItem\",\"name\":\"Noticias y Actualidad\"}},{\"@type\":\"ListItem\",\"@id\":\"https:\\\/\\\/eldigitaldeasturias.com\\\/magazine365\\\/category\\\/noticias-actualidad\\\/#listItem\",\"position\":2,\"name\":\"Noticias y Actualidad\",\"item\":\"https:\\\/\\\/eldigitaldeasturias.com\\\/magazine365\\\/category\\\/noticias-actualidad\\\/\",\"nextItem\":{\"@type\":\"ListItem\",\"@id\":\"https:\\\/\\\/eldigitaldeasturias.com\\\/magazine365\\\/junta-difundira-la-oferta-turistica-andaluza-en-unas-jornadas-profesionales-que-recorreran-los-paises-balticos\\\/#listItem\",\"name\":\"Junta difundir\\u00e1 la oferta tur\\u00edstica andaluza en unas jornadas profesionales que recorrer\\u00e1n los pa\\u00edses b\\u00e1lticos\"},\"previousItem\":{\"@type\":\"ListItem\",\"@id\":\"https:\\\/\\\/eldigitaldeasturias.com\\\/magazine365#listItem\",\"name\":\"Home\"}},{\"@type\":\"ListItem\",\"@id\":\"https:\\\/\\\/eldigitaldeasturias.com\\\/magazine365\\\/junta-difundira-la-oferta-turistica-andaluza-en-unas-jornadas-profesionales-que-recorreran-los-paises-balticos\\\/#listItem\",\"position\":3,\"name\":\"Junta difundir\\u00e1 la oferta tur\\u00edstica andaluza en unas jornadas profesionales que recorrer\\u00e1n los pa\\u00edses b\\u00e1lticos\",\"previousItem\":{\"@type\":\"ListItem\",\"@id\":\"https:\\\/\\\/eldigitaldeasturias.com\\\/magazine365\\\/category\\\/noticias-actualidad\\\/#listItem\",\"name\":\"Noticias y Actualidad\"}}]},{\"@type\":\"Organization\",\"@id\":\"https:\\\/\\\/eldigitaldeasturias.com\\\/magazine365\\\/#organization\",\"name\":\"El digital de Asturias\",\"description\":\"Revista de ocio, turismo y estilo de vida\",\"url\":\"https:\\\/\\\/eldigitaldeasturias.com\\\/magazine365\\\/\",\"logo\":{\"@type\":\"ImageObject\",\"url\":\"https:\\\/\\\/www.eldigitaldeasturias.com\\\/noticias\\\/wp-content\\\/uploads\\\/2020\\\/12\\\/EDA.jpg\",\"@id\":\"https:\\\/\\\/eldigitaldeasturias.com\\\/magazine365\\\/junta-difundira-la-oferta-turistica-andaluza-en-unas-jornadas-profesionales-que-recorreran-los-paises-balticos\\\/#organizationLogo\"},\"image\":{\"@id\":\"https:\\\/\\\/eldigitaldeasturias.com\\\/magazine365\\\/junta-difundira-la-oferta-turistica-andaluza-en-unas-jornadas-profesionales-que-recorreran-los-paises-balticos\\\/#organizationLogo\"}},{\"@type\":\"Person\",\"@id\":\"https:\\\/\\\/eldigitaldeasturias.com\\\/magazine365\\\/author\\\/admin\\\/#author\",\"url\":\"https:\\\/\\\/eldigitaldeasturias.com\\\/magazine365\\\/author\\\/admin\\\/\",\"name\":\"admin\",\"image\":{\"@type\":\"ImageObject\",\"@id\":\"https:\\\/\\\/eldigitaldeasturias.com\\\/magazine365\\\/junta-difundira-la-oferta-turistica-andaluza-en-unas-jornadas-profesionales-que-recorreran-los-paises-balticos\\\/#authorImage\",\"url\":\"https:\\\/\\\/eldigitaldeasturias.com\\\/magazine365\\\/wp-content\\\/litespeed\\\/avatar\\\/e571bcf59a0edd6fa6838245a470f2fe.jpg?ver=1777574230\",\"width\":96,\"height\":96,\"caption\":\"admin\"}},{\"@type\":\"WebPage\",\"@id\":\"https:\\\/\\\/eldigitaldeasturias.com\\\/magazine365\\\/junta-difundira-la-oferta-turistica-andaluza-en-unas-jornadas-profesionales-que-recorreran-los-paises-balticos\\\/#webpage\",\"url\":\"https:\\\/\\\/eldigitaldeasturias.com\\\/magazine365\\\/junta-difundira-la-oferta-turistica-andaluza-en-unas-jornadas-profesionales-que-recorreran-los-paises-balticos\\\/\",\"name\":\"Junta difundir\\u00e1 la oferta tur\\u00edstica andaluza en unas jornadas profesionales que recorrer\\u00e1n los pa\\u00edses b\\u00e1lticos | El Digital de Asturias\",\"description\":\"La Consejer\\u00eda de Turismo y Deporte difundir\\u00e1 la oferta tur\\u00edstica de Andaluc\\u00eda entre los pr\\u00f3ximos d\\u00edas 22 y 24 de mayo en una acci\\u00f3n promocional itinerante que se desarrollar\\u00e1 en los pa\\u00edses b\\u00e1lticos y que, bajo la organizaci\\u00f3n de Turespa\\u00f1a, recorrer\\u00e1 Lituania, Letonia y Estonia. Se trata de unas jornadas profesionales en formato de taller\",\"inLanguage\":\"es-ES\",\"isPartOf\":{\"@id\":\"https:\\\/\\\/eldigitaldeasturias.com\\\/magazine365\\\/#website\"},\"breadcrumb\":{\"@id\":\"https:\\\/\\\/eldigitaldeasturias.com\\\/magazine365\\\/junta-difundira-la-oferta-turistica-andaluza-en-unas-jornadas-profesionales-que-recorreran-los-paises-balticos\\\/#breadcrumblist\"},\"author\":{\"@id\":\"https:\\\/\\\/eldigitaldeasturias.com\\\/magazine365\\\/author\\\/admin\\\/#author\"},\"creator\":{\"@id\":\"https:\\\/\\\/eldigitaldeasturias.com\\\/magazine365\\\/author\\\/admin\\\/#author\"},\"image\":{\"@type\":\"ImageObject\",\"url\":\"https:\\\/\\\/eldigitaldeasturias.com\\\/magazine365\\\/wp-content\\\/uploads\\\/2016\\\/05\\\/fotonoticia_20160519140014_800.jpg\",\"@id\":\"https:\\\/\\\/eldigitaldeasturias.com\\\/magazine365\\\/junta-difundira-la-oferta-turistica-andaluza-en-unas-jornadas-profesionales-que-recorreran-los-paises-balticos\\\/#mainImage\",\"width\":800,\"height\":450},\"primaryImageOfPage\":{\"@id\":\"https:\\\/\\\/eldigitaldeasturias.com\\\/magazine365\\\/junta-difundira-la-oferta-turistica-andaluza-en-unas-jornadas-profesionales-que-recorreran-los-paises-balticos\\\/#mainImage\"},\"datePublished\":\"2016-05-21T05:31:43+02:00\",\"dateModified\":\"2016-05-21T05:31:43+02:00\"},{\"@type\":\"WebSite\",\"@id\":\"https:\\\/\\\/eldigitaldeasturias.com\\\/magazine365\\\/#website\",\"url\":\"https:\\\/\\\/eldigitaldeasturias.com\\\/magazine365\\\/\",\"name\":\"El Digital de Asturias\",\"description\":\"Revista de ocio, turismo y estilo de vida\",\"inLanguage\":\"es-ES\",\"publisher\":{\"@id\":\"https:\\\/\\\/eldigitaldeasturias.com\\\/magazine365\\\/#organization\"}}]}\n\t\t<\/script>\n\t\t<!-- All in One SEO Pro -->\r\n\t\t<title>Junta difundir\u00e1 la oferta tur\u00edstica andaluza en unas jornadas profesionales que recorrer\u00e1n los pa\u00edses b\u00e1lticos | El Digital de Asturias<\/title>\n\n","aioseo_head_json":{"title":"Junta difundir\u00e1 la oferta tur\u00edstica andaluza en unas jornadas profesionales que recorrer\u00e1n los pa\u00edses b\u00e1lticos | El Digital de Asturias","description":"La Consejer\u00eda de Turismo y Deporte difundir\u00e1 la oferta tur\u00edstica de Andaluc\u00eda entre los pr\u00f3ximos d\u00edas 22 y 24 de mayo en una acci\u00f3n promocional itinerante que se desarrollar\u00e1 en los pa\u00edses b\u00e1lticos y que, bajo la organizaci\u00f3n de Turespa\u00f1a, recorrer\u00e1 Lituania, Letonia y Estonia. Se trata de unas jornadas profesionales en formato de taller","canonical_url":"https:\/\/eldigitaldeasturias.com\/magazine365\/junta-difundira-la-oferta-turistica-andaluza-en-unas-jornadas-profesionales-que-recorreran-los-paises-balticos\/","robots":"max-image-preview:large","keywords":"noticias y actualidad","webmasterTools":{"google-site-verification":"UA-38556648-1","miscellaneous":""},"schema":{"@context":"https:\/\/schema.org","@graph":[{"@type":"Article","@id":"https:\/\/eldigitaldeasturias.com\/magazine365\/junta-difundira-la-oferta-turistica-andaluza-en-unas-jornadas-profesionales-que-recorreran-los-paises-balticos\/#article","name":"Junta difundir\u00e1 la oferta tur\u00edstica andaluza en unas jornadas profesionales que recorrer\u00e1n los pa\u00edses b\u00e1lticos | El Digital de Asturias","headline":"Junta difundir\u00e1 la oferta tur\u00edstica andaluza en unas jornadas profesionales que recorrer\u00e1n los pa\u00edses b\u00e1lticos","author":{"@id":"https:\/\/eldigitaldeasturias.com\/magazine365\/author\/admin\/#author"},"publisher":{"@id":"https:\/\/eldigitaldeasturias.com\/magazine365\/#organization"},"image":{"@type":"ImageObject","url":"https:\/\/eldigitaldeasturias.com\/magazine365\/wp-content\/uploads\/2016\/05\/fotonoticia_20160519140014_800.jpg","width":800,"height":450},"datePublished":"2016-05-21T05:31:43+02:00","dateModified":"2016-05-21T05:31:43+02:00","inLanguage":"es-ES","mainEntityOfPage":{"@id":"https:\/\/eldigitaldeasturias.com\/magazine365\/junta-difundira-la-oferta-turistica-andaluza-en-unas-jornadas-profesionales-que-recorreran-los-paises-balticos\/#webpage"},"isPartOf":{"@id":"https:\/\/eldigitaldeasturias.com\/magazine365\/junta-difundira-la-oferta-turistica-andaluza-en-unas-jornadas-profesionales-que-recorreran-los-paises-balticos\/#webpage"},"articleSection":"Noticias y Actualidad"},{"@type":"BreadcrumbList","@id":"https:\/\/eldigitaldeasturias.com\/magazine365\/junta-difundira-la-oferta-turistica-andaluza-en-unas-jornadas-profesionales-que-recorreran-los-paises-balticos\/#breadcrumblist","itemListElement":[{"@type":"ListItem","@id":"https:\/\/eldigitaldeasturias.com\/magazine365#listItem","position":1,"name":"Home","item":"https:\/\/eldigitaldeasturias.com\/magazine365","nextItem":{"@type":"ListItem","@id":"https:\/\/eldigitaldeasturias.com\/magazine365\/category\/noticias-actualidad\/#listItem","name":"Noticias y Actualidad"}},{"@type":"ListItem","@id":"https:\/\/eldigitaldeasturias.com\/magazine365\/category\/noticias-actualidad\/#listItem","position":2,"name":"Noticias y Actualidad","item":"https:\/\/eldigitaldeasturias.com\/magazine365\/category\/noticias-actualidad\/","nextItem":{"@type":"ListItem","@id":"https:\/\/eldigitaldeasturias.com\/magazine365\/junta-difundira-la-oferta-turistica-andaluza-en-unas-jornadas-profesionales-que-recorreran-los-paises-balticos\/#listItem","name":"Junta difundir\u00e1 la oferta tur\u00edstica andaluza en unas jornadas profesionales que recorrer\u00e1n los pa\u00edses b\u00e1lticos"},"previousItem":{"@type":"ListItem","@id":"https:\/\/eldigitaldeasturias.com\/magazine365#listItem","name":"Home"}},{"@type":"ListItem","@id":"https:\/\/eldigitaldeasturias.com\/magazine365\/junta-difundira-la-oferta-turistica-andaluza-en-unas-jornadas-profesionales-que-recorreran-los-paises-balticos\/#listItem","position":3,"name":"Junta difundir\u00e1 la oferta tur\u00edstica andaluza en unas jornadas profesionales que recorrer\u00e1n los pa\u00edses b\u00e1lticos","previousItem":{"@type":"ListItem","@id":"https:\/\/eldigitaldeasturias.com\/magazine365\/category\/noticias-actualidad\/#listItem","name":"Noticias y Actualidad"}}]},{"@type":"Organization","@id":"https:\/\/eldigitaldeasturias.com\/magazine365\/#organization","name":"El digital de Asturias","description":"Revista de ocio, turismo y estilo de vida","url":"https:\/\/eldigitaldeasturias.com\/magazine365\/","logo":{"@type":"ImageObject","url":"https:\/\/www.eldigitaldeasturias.com\/noticias\/wp-content\/uploads\/2020\/12\/EDA.jpg","@id":"https:\/\/eldigitaldeasturias.com\/magazine365\/junta-difundira-la-oferta-turistica-andaluza-en-unas-jornadas-profesionales-que-recorreran-los-paises-balticos\/#organizationLogo"},"image":{"@id":"https:\/\/eldigitaldeasturias.com\/magazine365\/junta-difundira-la-oferta-turistica-andaluza-en-unas-jornadas-profesionales-que-recorreran-los-paises-balticos\/#organizationLogo"}},{"@type":"Person","@id":"https:\/\/eldigitaldeasturias.com\/magazine365\/author\/admin\/#author","url":"https:\/\/eldigitaldeasturias.com\/magazine365\/author\/admin\/","name":"admin","image":{"@type":"ImageObject","@id":"https:\/\/eldigitaldeasturias.com\/magazine365\/junta-difundira-la-oferta-turistica-andaluza-en-unas-jornadas-profesionales-que-recorreran-los-paises-balticos\/#authorImage","url":"https:\/\/eldigitaldeasturias.com\/magazine365\/wp-content\/litespeed\/avatar\/e571bcf59a0edd6fa6838245a470f2fe.jpg?ver=1777574230","width":96,"height":96,"caption":"admin"}},{"@type":"WebPage","@id":"https:\/\/eldigitaldeasturias.com\/magazine365\/junta-difundira-la-oferta-turistica-andaluza-en-unas-jornadas-profesionales-que-recorreran-los-paises-balticos\/#webpage","url":"https:\/\/eldigitaldeasturias.com\/magazine365\/junta-difundira-la-oferta-turistica-andaluza-en-unas-jornadas-profesionales-que-recorreran-los-paises-balticos\/","name":"Junta difundir\u00e1 la oferta tur\u00edstica andaluza en unas jornadas profesionales que recorrer\u00e1n los pa\u00edses b\u00e1lticos | El Digital de Asturias","description":"La Consejer\u00eda de Turismo y Deporte difundir\u00e1 la oferta tur\u00edstica de Andaluc\u00eda entre los pr\u00f3ximos d\u00edas 22 y 24 de mayo en una acci\u00f3n promocional itinerante que se desarrollar\u00e1 en los pa\u00edses b\u00e1lticos y que, bajo la organizaci\u00f3n de Turespa\u00f1a, recorrer\u00e1 Lituania, Letonia y Estonia. Se trata de unas jornadas profesionales en formato de taller","inLanguage":"es-ES","isPartOf":{"@id":"https:\/\/eldigitaldeasturias.com\/magazine365\/#website"},"breadcrumb":{"@id":"https:\/\/eldigitaldeasturias.com\/magazine365\/junta-difundira-la-oferta-turistica-andaluza-en-unas-jornadas-profesionales-que-recorreran-los-paises-balticos\/#breadcrumblist"},"author":{"@id":"https:\/\/eldigitaldeasturias.com\/magazine365\/author\/admin\/#author"},"creator":{"@id":"https:\/\/eldigitaldeasturias.com\/magazine365\/author\/admin\/#author"},"image":{"@type":"ImageObject","url":"https:\/\/eldigitaldeasturias.com\/magazine365\/wp-content\/uploads\/2016\/05\/fotonoticia_20160519140014_800.jpg","@id":"https:\/\/eldigitaldeasturias.com\/magazine365\/junta-difundira-la-oferta-turistica-andaluza-en-unas-jornadas-profesionales-que-recorreran-los-paises-balticos\/#mainImage","width":800,"height":450},"primaryImageOfPage":{"@id":"https:\/\/eldigitaldeasturias.com\/magazine365\/junta-difundira-la-oferta-turistica-andaluza-en-unas-jornadas-profesionales-que-recorreran-los-paises-balticos\/#mainImage"},"datePublished":"2016-05-21T05:31:43+02:00","dateModified":"2016-05-21T05:31:43+02:00"},{"@type":"WebSite","@id":"https:\/\/eldigitaldeasturias.com\/magazine365\/#website","url":"https:\/\/eldigitaldeasturias.com\/magazine365\/","name":"El Digital de Asturias","description":"Revista de ocio, turismo y estilo de vida","inLanguage":"es-ES","publisher":{"@id":"https:\/\/eldigitaldeasturias.com\/magazine365\/#organization"}}]},"og:locale":"es_ES","og:site_name":"El Digital de Asturias \u2013 Revista de ocio, turismo y estilo de vida","og:type":"article","og:title":"Junta difundir\u00e1 la oferta tur\u00edstica andaluza en unas jornadas profesionales que recorrer\u00e1n los pa\u00edses b\u00e1lticos | El Digital de Asturias","og:description":"La Consejer\u00eda de Turismo y Deporte difundir\u00e1 la oferta tur\u00edstica de Andaluc\u00eda entre los pr\u00f3ximos d\u00edas 22 y 24 de mayo en una acci\u00f3n promocional itinerante que se desarrollar\u00e1 en los pa\u00edses b\u00e1lticos y que, bajo la organizaci\u00f3n de Turespa\u00f1a, recorrer\u00e1 Lituania, Letonia y Estonia. Se trata de unas jornadas profesionales en formato de taller","og:url":"https:\/\/eldigitaldeasturias.com\/magazine365\/junta-difundira-la-oferta-turistica-andaluza-en-unas-jornadas-profesionales-que-recorreran-los-paises-balticos\/","og:image":"https:\/\/eldigitaldeasturias.com\/magazine365\/wp-content\/uploads\/2016\/05\/fotonoticia_20160519140014_800.jpg","og:image:secure_url":"https:\/\/eldigitaldeasturias.com\/magazine365\/wp-content\/uploads\/2016\/05\/fotonoticia_20160519140014_800.jpg","og:image:width":800,"og:image:height":450,"article:published_time":"2016-05-21T03:31:43+00:00","article:modified_time":"2016-05-21T03:31:43+00:00","twitter:card":"summary_large_image","twitter:title":"Junta difundir\u00e1 la oferta tur\u00edstica andaluza en unas jornadas profesionales que recorrer\u00e1n los pa\u00edses b\u00e1lticos | El Digital de Asturias","twitter:description":"La Consejer\u00eda de Turismo y Deporte difundir\u00e1 la oferta tur\u00edstica de Andaluc\u00eda entre los pr\u00f3ximos d\u00edas 22 y 24 de mayo en una acci\u00f3n promocional itinerante que se desarrollar\u00e1 en los pa\u00edses b\u00e1lticos y que, bajo la organizaci\u00f3n de Turespa\u00f1a, recorrer\u00e1 Lituania, Letonia y Estonia. Se trata de unas jornadas profesionales en formato de taller","twitter:image":"https:\/\/eldigitaldeasturias.com\/magazine365\/wp-content\/uploads\/2016\/05\/fotonoticia_20160519140014_800.jpg"},"aioseo_meta_data":{"post_id":"76480","title":null,"description":null,"keywords":null,"keyphrases":null,"primary_term":null,"canonical_url":null,"og_title":null,"og_description":null,"og_object_type":"default","og_image_type":"default","og_image_url":null,"og_image_width":null,"og_image_height":null,"og_image_custom_url":null,"og_image_custom_fields":null,"og_video":null,"og_custom_url":null,"og_article_section":null,"og_article_tags":null,"twitter_use_og":false,"twitter_card":"default","twitter_image_type":"default","twitter_image_url":null,"twitter_image_custom_url":null,"twitter_image_custom_fields":null,"twitter_title":null,"twitter_description":null,"schema":{"blockGraphs":[],"customGraphs":[],"default":{"data":{"Article":[],"Course":[],"Dataset":[],"FAQPage":[],"Movie":[],"Person":[],"Product":[],"ProductReview":[],"Car":[],"Recipe":[],"Service":[],"SoftwareApplication":[],"WebPage":[]},"graphName":"","isEnabled":true},"graphs":[],"defaultGraph":"","defaultPostTypeGraph":""},"schema_type":null,"schema_type_options":null,"pillar_content":false,"robots_default":true,"robots_noindex":false,"robots_noarchive":false,"robots_nosnippet":false,"robots_nofollow":false,"robots_noimageindex":false,"robots_noodp":false,"robots_notranslate":false,"robots_max_snippet":null,"robots_max_videopreview":null,"robots_max_imagepreview":"large","priority":null,"frequency":null,"location":null,"local_seo":null,"seo_analyzer_scan_date":"2025-09-27 12:42:59","breadcrumb_settings":null,"limit_modified_date":false,"open_ai":null,"ai":null,"created":"2021-03-08 18:27:57","updated":"2025-09-27 12:42:59"},"aioseo_breadcrumb":"<div class=\"aioseo-breadcrumbs\"><span class=\"aioseo-breadcrumb\">\n\t<a href=\"https:\/\/eldigitaldeasturias.com\/magazine365\" title=\"Home\">Home<\/a>\n<\/span><span class=\"aioseo-breadcrumb-separator\">\u2013<\/span><span class=\"aioseo-breadcrumb\">\n\t<a href=\"https:\/\/eldigitaldeasturias.com\/magazine365\/category\/noticias-actualidad\/\" title=\"Noticias y Actualidad\">Noticias y Actualidad<\/a>\n<\/span><span class=\"aioseo-breadcrumb-separator\">\u2013<\/span><span class=\"aioseo-breadcrumb\">\n\t<a href=\"https:\/\/eldigitaldeasturias.com\/magazine365\/junta-difundira-la-oferta-turistica-andaluza-en-unas-jornadas-profesionales-que-recorreran-los-paises-balticos\/\" title=\"Junta difundir\u00e1 la oferta tur\u00edstica andaluza en unas jornadas profesionales que recorrer\u00e1n los pa\u00edses b\u00e1lticos\">Junta difundir\u00e1 la oferta tur\u00edstica andaluza en unas jornadas profesionales que recorrer\u00e1n los pa\u00edses b\u00e1lticos<\/a>\n<\/span><\/div>","aioseo_breadcrumb_json":[{"label":"Home","link":"https:\/\/eldigitaldeasturias.com\/magazine365"},{"label":"Noticias y Actualidad","link":"https:\/\/eldigitaldeasturias.com\/magazine365\/category\/noticias-actualidad\/"},{"label":"Junta difundir\u00e1 la oferta tur\u00edstica andaluza en unas jornadas profesionales que recorrer\u00e1n los pa\u00edses b\u00e1lticos","link":"https:\/\/eldigitaldeasturias.com\/magazine365\/junta-difundira-la-oferta-turistica-andaluza-en-unas-jornadas-profesionales-que-recorreran-los-paises-balticos\/"}],"_links":{"self":[{"href":"https:\/\/eldigitaldeasturias.com\/magazine365\/wp-json\/wp\/v2\/posts\/76480","targetHints":{"allow":["GET"]}}],"collection":[{"href":"https:\/\/eldigitaldeasturias.com\/magazine365\/wp-json\/wp\/v2\/posts"}],"about":[{"href":"https:\/\/eldigitaldeasturias.com\/magazine365\/wp-json\/wp\/v2\/types\/post"}],"author":[{"embeddable":true,"href":"https:\/\/eldigitaldeasturias.com\/magazine365\/wp-json\/wp\/v2\/users\/1"}],"replies":[{"embeddable":true,"href":"https:\/\/eldigitaldeasturias.com\/magazine365\/wp-json\/wp\/v2\/comments?post=76480"}],"version-history":[{"count":0,"href":"https:\/\/eldigitaldeasturias.com\/magazine365\/wp-json\/wp\/v2\/posts\/76480\/revisions"}],"wp:featuredmedia":[{"embeddable":true,"href":"https:\/\/eldigitaldeasturias.com\/magazine365\/wp-json\/wp\/v2\/media\/76481"}],"wp:attachment":[{"href":"https:\/\/eldigitaldeasturias.com\/magazine365\/wp-json\/wp\/v2\/media?parent=76480"}],"wp:term":[{"taxonomy":"category","embeddable":true,"href":"https:\/\/eldigitaldeasturias.com\/magazine365\/wp-json\/wp\/v2\/categories?post=76480"},{"taxonomy":"post_tag","embeddable":true,"href":"https:\/\/eldigitaldeasturias.com\/magazine365\/wp-json\/wp\/v2\/tags?post=76480"}],"curies":[{"name":"wp","href":"https:\/\/api.w.org\/{rel}","templated":true}]}}