{"id":76472,"date":"2016-05-21T05:24:43","date_gmt":"2016-05-21T03:24:43","guid":{"rendered":"http:\/\/eldigitaldeasturias.com\/magazine365\/?p=76472"},"modified":"2016-05-21T05:24:43","modified_gmt":"2016-05-21T03:24:43","slug":"bruselas-sigue-de-cerca-la-busqueda-del-avion-y-ofrece-la-asistencia-necesaria","status":"publish","type":"post","link":"https:\/\/eldigitaldeasturias.com\/magazine365\/bruselas-sigue-de-cerca-la-busqueda-del-avion-y-ofrece-la-asistencia-necesaria\/","title":{"rendered":"Bruselas sigue de cerca la b\u00fasqueda del avi\u00f3n y ofrece la \u00abasistencia necesaria\u00bb"},"content":{"rendered":"<p><img fetchpriority=\"high\" decoding=\"async\" class=\"alignleft size-medium wp-image-76403\" src=\"https:\/\/eldigitaldeasturias.com\/magazine365\/wp-content\/uploads\/2016\/05\/fotonoticia_20160519084348_800-360x256.jpg\" alt=\"fotonoticia_20160519084348_800\" width=\"360\" height=\"256\" srcset=\"https:\/\/eldigitaldeasturias.com\/magazine365\/wp-content\/uploads\/2016\/05\/fotonoticia_20160519084348_800-360x256.jpg 360w, https:\/\/eldigitaldeasturias.com\/magazine365\/wp-content\/uploads\/2016\/05\/fotonoticia_20160519084348_800-650x462.jpg 650w, https:\/\/eldigitaldeasturias.com\/magazine365\/wp-content\/uploads\/2016\/05\/fotonoticia_20160519084348_800-768x546.jpg 768w, https:\/\/eldigitaldeasturias.com\/magazine365\/wp-content\/uploads\/2016\/05\/fotonoticia_20160519084348_800-150x107.jpg 150w, https:\/\/eldigitaldeasturias.com\/magazine365\/wp-content\/uploads\/2016\/05\/fotonoticia_20160519084348_800-450x320.jpg 450w, https:\/\/eldigitaldeasturias.com\/magazine365\/wp-content\/uploads\/2016\/05\/fotonoticia_20160519084348_800.jpg 800w\" sizes=\"(max-width: 360px) 100vw, 360px\" \/>La Comisi\u00f3n Europea ha informado de que sigue \u00abde cerca\u00bb las tareas de b\u00fasqueda del avi\u00f3n A320 de EgyptAir desaparecido cuando sobrevolaba el mar Mediterr\u00e1neo horas despu\u00e9s de despegar desde Par\u00eds, al tiempo que ha ofrecido a las autoridades francesas la \u00abasistencia necesaria\u00bb.<\/p>\n<p>\u00abCualquier opini\u00f3n concluyente ser\u00eda prematura\u00bb, ha advertido el portavoz comunitario de Transportes, Jakub Adamowicz, al ser preguntado en una rueda de prensa por las medidas de seguridad que se exigen a las compa\u00f1\u00edas a\u00e9reas que operan en la Uni\u00f3n Europea.<\/p>\n<p>Adamowiz ha a\u00f1adido que los servicios del Ejecutivo comunitario est\u00e1n en \u00abcontacto estrecho\u00bb con Par\u00eds para conocer los detalles de la situaci\u00f3n y ha expresado la disposici\u00f3n de Bruselas de ofrecer \u00abtoda asistencia que sea necesaria\u00bb.<\/p>\n<p>\u00abSeguimos de cerca la situaci\u00f3n, nuestros pensamientos est\u00e1n con las familias y amigos de las 66 personas que viajaban a bordo (del aparato desaparecido)\u00bb, ha expresado el portavoz.<\/p>\n","protected":false},"excerpt":{"rendered":"<p>La Comisi\u00f3n Europea ha informado de que sigue \u00abde cerca\u00bb las tareas de b\u00fasqueda del avi\u00f3n A320 de EgyptAir desaparecido cuando sobrevolaba el mar Mediterr\u00e1neo horas despu\u00e9s de despegar desde Par\u00eds, al tiempo que ha ofrecido a las autoridades francesas la \u00abasistencia necesaria\u00bb. \u00abCualquier opini\u00f3n concluyente ser\u00eda prematura\u00bb, ha advertido el portavoz comunitario de Transportes,<\/p>\n","protected":false},"author":1,"featured_media":76403,"comment_status":"open","ping_status":"closed","sticky":false,"template":"","format":"standard","meta":{"footnotes":""},"categories":[224],"tags":[],"class_list":{"0":"post-76472","1":"post","2":"type-post","3":"status-publish","4":"format-standard","5":"has-post-thumbnail","7":"category-noticias-actualidad"},"aioseo_notices":[],"aioseo_head":"\n\t\t<!-- All in One SEO Pro 4.9.6.1 - aioseo.com -->\n\t<meta name=\"description\" content=\"La Comisi\u00f3n Europea ha informado de que sigue &quot;de cerca&quot; las tareas de b\u00fasqueda del avi\u00f3n A320 de EgyptAir desaparecido cuando sobrevolaba el mar Mediterr\u00e1neo horas despu\u00e9s de despegar desde Par\u00eds, al tiempo que ha ofrecido a las autoridades francesas la &quot;asistencia necesaria&quot;. &quot;Cualquier opini\u00f3n concluyente ser\u00eda prematura&quot;, ha advertido el portavoz comunitario de Transportes,\" \/>\n\t<meta name=\"robots\" content=\"max-image-preview:large\" \/>\n\t<meta name=\"author\" content=\"admin\"\/>\n\t<meta name=\"google-site-verification\" content=\"UA-38556648-1\" \/>\n\t<meta name=\"keywords\" content=\"noticias y actualidad\" \/>\n\t<link rel=\"canonical\" href=\"https:\/\/eldigitaldeasturias.com\/magazine365\/bruselas-sigue-de-cerca-la-busqueda-del-avion-y-ofrece-la-asistencia-necesaria\/\" \/>\n\t<meta name=\"generator\" content=\"All in One SEO Pro (AIOSEO) 4.9.6.1\" \/>\n\t\t<meta property=\"og:locale\" content=\"es_ES\" \/>\n\t\t<meta property=\"og:site_name\" content=\"El Digital de Asturias \u2013 Revista de ocio, turismo y estilo de vida\" \/>\n\t\t<meta property=\"og:type\" content=\"article\" \/>\n\t\t<meta property=\"og:title\" content=\"Bruselas sigue de cerca la b\u00fasqueda del avi\u00f3n y ofrece la \u00abasistencia necesaria\u00bb | El Digital de Asturias\" \/>\n\t\t<meta property=\"og:description\" content=\"La Comisi\u00f3n Europea ha informado de que sigue &quot;de cerca&quot; las tareas de b\u00fasqueda del avi\u00f3n A320 de EgyptAir desaparecido cuando sobrevolaba el mar Mediterr\u00e1neo horas despu\u00e9s de despegar desde Par\u00eds, al tiempo que ha ofrecido a las autoridades francesas la &quot;asistencia necesaria&quot;. &quot;Cualquier opini\u00f3n concluyente ser\u00eda prematura&quot;, ha advertido el portavoz comunitario de Transportes,\" \/>\n\t\t<meta property=\"og:url\" content=\"https:\/\/eldigitaldeasturias.com\/magazine365\/bruselas-sigue-de-cerca-la-busqueda-del-avion-y-ofrece-la-asistencia-necesaria\/\" \/>\n\t\t<meta property=\"og:image\" content=\"https:\/\/eldigitaldeasturias.com\/magazine365\/wp-content\/uploads\/2016\/05\/fotonoticia_20160519084348_800.jpg\" \/>\n\t\t<meta property=\"og:image:secure_url\" content=\"https:\/\/eldigitaldeasturias.com\/magazine365\/wp-content\/uploads\/2016\/05\/fotonoticia_20160519084348_800.jpg\" \/>\n\t\t<meta property=\"og:image:width\" content=\"800\" \/>\n\t\t<meta property=\"og:image:height\" content=\"569\" \/>\n\t\t<meta property=\"article:published_time\" content=\"2016-05-21T03:24:43+00:00\" \/>\n\t\t<meta property=\"article:modified_time\" content=\"2016-05-21T03:24:43+00:00\" \/>\n\t\t<meta name=\"twitter:card\" content=\"summary_large_image\" \/>\n\t\t<meta name=\"twitter:title\" content=\"Bruselas sigue de cerca la b\u00fasqueda del avi\u00f3n y ofrece la \u00abasistencia necesaria\u00bb | El Digital de Asturias\" \/>\n\t\t<meta name=\"twitter:description\" content=\"La Comisi\u00f3n Europea ha informado de que sigue &quot;de cerca&quot; las tareas de b\u00fasqueda del avi\u00f3n A320 de EgyptAir desaparecido cuando sobrevolaba el mar Mediterr\u00e1neo horas despu\u00e9s de despegar desde Par\u00eds, al tiempo que ha ofrecido a las autoridades francesas la &quot;asistencia necesaria&quot;. &quot;Cualquier opini\u00f3n concluyente ser\u00eda prematura&quot;, ha advertido el portavoz comunitario de Transportes,\" \/>\n\t\t<meta name=\"twitter:image\" content=\"https:\/\/eldigitaldeasturias.com\/magazine365\/wp-content\/uploads\/2016\/05\/fotonoticia_20160519084348_800.jpg\" \/>\n\t\t<script type=\"application\/ld+json\" class=\"aioseo-schema\">\n\t\t\t{\"@context\":\"https:\\\/\\\/schema.org\",\"@graph\":[{\"@type\":\"Article\",\"@id\":\"https:\\\/\\\/eldigitaldeasturias.com\\\/magazine365\\\/bruselas-sigue-de-cerca-la-busqueda-del-avion-y-ofrece-la-asistencia-necesaria\\\/#article\",\"name\":\"Bruselas sigue de cerca la b\\u00fasqueda del avi\\u00f3n y ofrece la \\u00abasistencia necesaria\\u00bb | El Digital de Asturias\",\"headline\":\"Bruselas sigue de cerca la b\\u00fasqueda del avi\\u00f3n y ofrece la \\u00abasistencia necesaria\\u00bb\",\"author\":{\"@id\":\"https:\\\/\\\/eldigitaldeasturias.com\\\/magazine365\\\/author\\\/admin\\\/#author\"},\"publisher\":{\"@id\":\"https:\\\/\\\/eldigitaldeasturias.com\\\/magazine365\\\/#organization\"},\"image\":{\"@type\":\"ImageObject\",\"url\":\"https:\\\/\\\/eldigitaldeasturias.com\\\/magazine365\\\/wp-content\\\/uploads\\\/2016\\\/05\\\/fotonoticia_20160519084348_800.jpg\",\"width\":800,\"height\":569},\"datePublished\":\"2016-05-21T05:24:43+02:00\",\"dateModified\":\"2016-05-21T05:24:43+02:00\",\"inLanguage\":\"es-ES\",\"mainEntityOfPage\":{\"@id\":\"https:\\\/\\\/eldigitaldeasturias.com\\\/magazine365\\\/bruselas-sigue-de-cerca-la-busqueda-del-avion-y-ofrece-la-asistencia-necesaria\\\/#webpage\"},\"isPartOf\":{\"@id\":\"https:\\\/\\\/eldigitaldeasturias.com\\\/magazine365\\\/bruselas-sigue-de-cerca-la-busqueda-del-avion-y-ofrece-la-asistencia-necesaria\\\/#webpage\"},\"articleSection\":\"Noticias y Actualidad\"},{\"@type\":\"BreadcrumbList\",\"@id\":\"https:\\\/\\\/eldigitaldeasturias.com\\\/magazine365\\\/bruselas-sigue-de-cerca-la-busqueda-del-avion-y-ofrece-la-asistencia-necesaria\\\/#breadcrumblist\",\"itemListElement\":[{\"@type\":\"ListItem\",\"@id\":\"https:\\\/\\\/eldigitaldeasturias.com\\\/magazine365#listItem\",\"position\":1,\"name\":\"Home\",\"item\":\"https:\\\/\\\/eldigitaldeasturias.com\\\/magazine365\",\"nextItem\":{\"@type\":\"ListItem\",\"@id\":\"https:\\\/\\\/eldigitaldeasturias.com\\\/magazine365\\\/category\\\/noticias-actualidad\\\/#listItem\",\"name\":\"Noticias y Actualidad\"}},{\"@type\":\"ListItem\",\"@id\":\"https:\\\/\\\/eldigitaldeasturias.com\\\/magazine365\\\/category\\\/noticias-actualidad\\\/#listItem\",\"position\":2,\"name\":\"Noticias y Actualidad\",\"item\":\"https:\\\/\\\/eldigitaldeasturias.com\\\/magazine365\\\/category\\\/noticias-actualidad\\\/\",\"nextItem\":{\"@type\":\"ListItem\",\"@id\":\"https:\\\/\\\/eldigitaldeasturias.com\\\/magazine365\\\/bruselas-sigue-de-cerca-la-busqueda-del-avion-y-ofrece-la-asistencia-necesaria\\\/#listItem\",\"name\":\"Bruselas sigue de cerca la b\\u00fasqueda del avi\\u00f3n y ofrece la \\u00abasistencia necesaria\\u00bb\"},\"previousItem\":{\"@type\":\"ListItem\",\"@id\":\"https:\\\/\\\/eldigitaldeasturias.com\\\/magazine365#listItem\",\"name\":\"Home\"}},{\"@type\":\"ListItem\",\"@id\":\"https:\\\/\\\/eldigitaldeasturias.com\\\/magazine365\\\/bruselas-sigue-de-cerca-la-busqueda-del-avion-y-ofrece-la-asistencia-necesaria\\\/#listItem\",\"position\":3,\"name\":\"Bruselas sigue de cerca la b\\u00fasqueda del avi\\u00f3n y ofrece la \\u00abasistencia necesaria\\u00bb\",\"previousItem\":{\"@type\":\"ListItem\",\"@id\":\"https:\\\/\\\/eldigitaldeasturias.com\\\/magazine365\\\/category\\\/noticias-actualidad\\\/#listItem\",\"name\":\"Noticias y Actualidad\"}}]},{\"@type\":\"Organization\",\"@id\":\"https:\\\/\\\/eldigitaldeasturias.com\\\/magazine365\\\/#organization\",\"name\":\"El digital de Asturias\",\"description\":\"Revista de ocio, turismo y estilo de vida\",\"url\":\"https:\\\/\\\/eldigitaldeasturias.com\\\/magazine365\\\/\",\"logo\":{\"@type\":\"ImageObject\",\"url\":\"https:\\\/\\\/www.eldigitaldeasturias.com\\\/noticias\\\/wp-content\\\/uploads\\\/2020\\\/12\\\/EDA.jpg\",\"@id\":\"https:\\\/\\\/eldigitaldeasturias.com\\\/magazine365\\\/bruselas-sigue-de-cerca-la-busqueda-del-avion-y-ofrece-la-asistencia-necesaria\\\/#organizationLogo\"},\"image\":{\"@id\":\"https:\\\/\\\/eldigitaldeasturias.com\\\/magazine365\\\/bruselas-sigue-de-cerca-la-busqueda-del-avion-y-ofrece-la-asistencia-necesaria\\\/#organizationLogo\"}},{\"@type\":\"Person\",\"@id\":\"https:\\\/\\\/eldigitaldeasturias.com\\\/magazine365\\\/author\\\/admin\\\/#author\",\"url\":\"https:\\\/\\\/eldigitaldeasturias.com\\\/magazine365\\\/author\\\/admin\\\/\",\"name\":\"admin\",\"image\":{\"@type\":\"ImageObject\",\"@id\":\"https:\\\/\\\/eldigitaldeasturias.com\\\/magazine365\\\/bruselas-sigue-de-cerca-la-busqueda-del-avion-y-ofrece-la-asistencia-necesaria\\\/#authorImage\",\"url\":\"https:\\\/\\\/eldigitaldeasturias.com\\\/magazine365\\\/wp-content\\\/litespeed\\\/avatar\\\/e571bcf59a0edd6fa6838245a470f2fe.jpg?ver=1777574230\",\"width\":96,\"height\":96,\"caption\":\"admin\"}},{\"@type\":\"WebPage\",\"@id\":\"https:\\\/\\\/eldigitaldeasturias.com\\\/magazine365\\\/bruselas-sigue-de-cerca-la-busqueda-del-avion-y-ofrece-la-asistencia-necesaria\\\/#webpage\",\"url\":\"https:\\\/\\\/eldigitaldeasturias.com\\\/magazine365\\\/bruselas-sigue-de-cerca-la-busqueda-del-avion-y-ofrece-la-asistencia-necesaria\\\/\",\"name\":\"Bruselas sigue de cerca la b\\u00fasqueda del avi\\u00f3n y ofrece la \\u00abasistencia necesaria\\u00bb | El Digital de Asturias\",\"description\":\"La Comisi\\u00f3n Europea ha informado de que sigue \\\"de cerca\\\" las tareas de b\\u00fasqueda del avi\\u00f3n A320 de EgyptAir desaparecido cuando sobrevolaba el mar Mediterr\\u00e1neo horas despu\\u00e9s de despegar desde Par\\u00eds, al tiempo que ha ofrecido a las autoridades francesas la \\\"asistencia necesaria\\\". \\\"Cualquier opini\\u00f3n concluyente ser\\u00eda prematura\\\", ha advertido el portavoz comunitario de Transportes,\",\"inLanguage\":\"es-ES\",\"isPartOf\":{\"@id\":\"https:\\\/\\\/eldigitaldeasturias.com\\\/magazine365\\\/#website\"},\"breadcrumb\":{\"@id\":\"https:\\\/\\\/eldigitaldeasturias.com\\\/magazine365\\\/bruselas-sigue-de-cerca-la-busqueda-del-avion-y-ofrece-la-asistencia-necesaria\\\/#breadcrumblist\"},\"author\":{\"@id\":\"https:\\\/\\\/eldigitaldeasturias.com\\\/magazine365\\\/author\\\/admin\\\/#author\"},\"creator\":{\"@id\":\"https:\\\/\\\/eldigitaldeasturias.com\\\/magazine365\\\/author\\\/admin\\\/#author\"},\"image\":{\"@type\":\"ImageObject\",\"url\":\"https:\\\/\\\/eldigitaldeasturias.com\\\/magazine365\\\/wp-content\\\/uploads\\\/2016\\\/05\\\/fotonoticia_20160519084348_800.jpg\",\"@id\":\"https:\\\/\\\/eldigitaldeasturias.com\\\/magazine365\\\/bruselas-sigue-de-cerca-la-busqueda-del-avion-y-ofrece-la-asistencia-necesaria\\\/#mainImage\",\"width\":800,\"height\":569},\"primaryImageOfPage\":{\"@id\":\"https:\\\/\\\/eldigitaldeasturias.com\\\/magazine365\\\/bruselas-sigue-de-cerca-la-busqueda-del-avion-y-ofrece-la-asistencia-necesaria\\\/#mainImage\"},\"datePublished\":\"2016-05-21T05:24:43+02:00\",\"dateModified\":\"2016-05-21T05:24:43+02:00\"},{\"@type\":\"WebSite\",\"@id\":\"https:\\\/\\\/eldigitaldeasturias.com\\\/magazine365\\\/#website\",\"url\":\"https:\\\/\\\/eldigitaldeasturias.com\\\/magazine365\\\/\",\"name\":\"El Digital de Asturias\",\"description\":\"Revista de ocio, turismo y estilo de vida\",\"inLanguage\":\"es-ES\",\"publisher\":{\"@id\":\"https:\\\/\\\/eldigitaldeasturias.com\\\/magazine365\\\/#organization\"}}]}\n\t\t<\/script>\n\t\t<!-- All in One SEO Pro -->\r\n\t\t<title>Bruselas sigue de cerca la b\u00fasqueda del avi\u00f3n y ofrece la \u00abasistencia necesaria\u00bb | El Digital de Asturias<\/title>\n\n","aioseo_head_json":{"title":"Bruselas sigue de cerca la b\u00fasqueda del avi\u00f3n y ofrece la \u00abasistencia necesaria\u00bb | El Digital de Asturias","description":"La Comisi\u00f3n Europea ha informado de que sigue \"de cerca\" las tareas de b\u00fasqueda del avi\u00f3n A320 de EgyptAir desaparecido cuando sobrevolaba el mar Mediterr\u00e1neo horas despu\u00e9s de despegar desde Par\u00eds, al tiempo que ha ofrecido a las autoridades francesas la \"asistencia necesaria\". \"Cualquier opini\u00f3n concluyente ser\u00eda prematura\", ha advertido el portavoz comunitario de Transportes,","canonical_url":"https:\/\/eldigitaldeasturias.com\/magazine365\/bruselas-sigue-de-cerca-la-busqueda-del-avion-y-ofrece-la-asistencia-necesaria\/","robots":"max-image-preview:large","keywords":"noticias y actualidad","webmasterTools":{"google-site-verification":"UA-38556648-1","miscellaneous":""},"schema":{"@context":"https:\/\/schema.org","@graph":[{"@type":"Article","@id":"https:\/\/eldigitaldeasturias.com\/magazine365\/bruselas-sigue-de-cerca-la-busqueda-del-avion-y-ofrece-la-asistencia-necesaria\/#article","name":"Bruselas sigue de cerca la b\u00fasqueda del avi\u00f3n y ofrece la \u00abasistencia necesaria\u00bb | El Digital de Asturias","headline":"Bruselas sigue de cerca la b\u00fasqueda del avi\u00f3n y ofrece la \u00abasistencia necesaria\u00bb","author":{"@id":"https:\/\/eldigitaldeasturias.com\/magazine365\/author\/admin\/#author"},"publisher":{"@id":"https:\/\/eldigitaldeasturias.com\/magazine365\/#organization"},"image":{"@type":"ImageObject","url":"https:\/\/eldigitaldeasturias.com\/magazine365\/wp-content\/uploads\/2016\/05\/fotonoticia_20160519084348_800.jpg","width":800,"height":569},"datePublished":"2016-05-21T05:24:43+02:00","dateModified":"2016-05-21T05:24:43+02:00","inLanguage":"es-ES","mainEntityOfPage":{"@id":"https:\/\/eldigitaldeasturias.com\/magazine365\/bruselas-sigue-de-cerca-la-busqueda-del-avion-y-ofrece-la-asistencia-necesaria\/#webpage"},"isPartOf":{"@id":"https:\/\/eldigitaldeasturias.com\/magazine365\/bruselas-sigue-de-cerca-la-busqueda-del-avion-y-ofrece-la-asistencia-necesaria\/#webpage"},"articleSection":"Noticias y Actualidad"},{"@type":"BreadcrumbList","@id":"https:\/\/eldigitaldeasturias.com\/magazine365\/bruselas-sigue-de-cerca-la-busqueda-del-avion-y-ofrece-la-asistencia-necesaria\/#breadcrumblist","itemListElement":[{"@type":"ListItem","@id":"https:\/\/eldigitaldeasturias.com\/magazine365#listItem","position":1,"name":"Home","item":"https:\/\/eldigitaldeasturias.com\/magazine365","nextItem":{"@type":"ListItem","@id":"https:\/\/eldigitaldeasturias.com\/magazine365\/category\/noticias-actualidad\/#listItem","name":"Noticias y Actualidad"}},{"@type":"ListItem","@id":"https:\/\/eldigitaldeasturias.com\/magazine365\/category\/noticias-actualidad\/#listItem","position":2,"name":"Noticias y Actualidad","item":"https:\/\/eldigitaldeasturias.com\/magazine365\/category\/noticias-actualidad\/","nextItem":{"@type":"ListItem","@id":"https:\/\/eldigitaldeasturias.com\/magazine365\/bruselas-sigue-de-cerca-la-busqueda-del-avion-y-ofrece-la-asistencia-necesaria\/#listItem","name":"Bruselas sigue de cerca la b\u00fasqueda del avi\u00f3n y ofrece la \u00abasistencia necesaria\u00bb"},"previousItem":{"@type":"ListItem","@id":"https:\/\/eldigitaldeasturias.com\/magazine365#listItem","name":"Home"}},{"@type":"ListItem","@id":"https:\/\/eldigitaldeasturias.com\/magazine365\/bruselas-sigue-de-cerca-la-busqueda-del-avion-y-ofrece-la-asistencia-necesaria\/#listItem","position":3,"name":"Bruselas sigue de cerca la b\u00fasqueda del avi\u00f3n y ofrece la \u00abasistencia necesaria\u00bb","previousItem":{"@type":"ListItem","@id":"https:\/\/eldigitaldeasturias.com\/magazine365\/category\/noticias-actualidad\/#listItem","name":"Noticias y Actualidad"}}]},{"@type":"Organization","@id":"https:\/\/eldigitaldeasturias.com\/magazine365\/#organization","name":"El digital de Asturias","description":"Revista de ocio, turismo y estilo de vida","url":"https:\/\/eldigitaldeasturias.com\/magazine365\/","logo":{"@type":"ImageObject","url":"https:\/\/www.eldigitaldeasturias.com\/noticias\/wp-content\/uploads\/2020\/12\/EDA.jpg","@id":"https:\/\/eldigitaldeasturias.com\/magazine365\/bruselas-sigue-de-cerca-la-busqueda-del-avion-y-ofrece-la-asistencia-necesaria\/#organizationLogo"},"image":{"@id":"https:\/\/eldigitaldeasturias.com\/magazine365\/bruselas-sigue-de-cerca-la-busqueda-del-avion-y-ofrece-la-asistencia-necesaria\/#organizationLogo"}},{"@type":"Person","@id":"https:\/\/eldigitaldeasturias.com\/magazine365\/author\/admin\/#author","url":"https:\/\/eldigitaldeasturias.com\/magazine365\/author\/admin\/","name":"admin","image":{"@type":"ImageObject","@id":"https:\/\/eldigitaldeasturias.com\/magazine365\/bruselas-sigue-de-cerca-la-busqueda-del-avion-y-ofrece-la-asistencia-necesaria\/#authorImage","url":"https:\/\/eldigitaldeasturias.com\/magazine365\/wp-content\/litespeed\/avatar\/e571bcf59a0edd6fa6838245a470f2fe.jpg?ver=1777574230","width":96,"height":96,"caption":"admin"}},{"@type":"WebPage","@id":"https:\/\/eldigitaldeasturias.com\/magazine365\/bruselas-sigue-de-cerca-la-busqueda-del-avion-y-ofrece-la-asistencia-necesaria\/#webpage","url":"https:\/\/eldigitaldeasturias.com\/magazine365\/bruselas-sigue-de-cerca-la-busqueda-del-avion-y-ofrece-la-asistencia-necesaria\/","name":"Bruselas sigue de cerca la b\u00fasqueda del avi\u00f3n y ofrece la \u00abasistencia necesaria\u00bb | El Digital de Asturias","description":"La Comisi\u00f3n Europea ha informado de que sigue \"de cerca\" las tareas de b\u00fasqueda del avi\u00f3n A320 de EgyptAir desaparecido cuando sobrevolaba el mar Mediterr\u00e1neo horas despu\u00e9s de despegar desde Par\u00eds, al tiempo que ha ofrecido a las autoridades francesas la \"asistencia necesaria\". \"Cualquier opini\u00f3n concluyente ser\u00eda prematura\", ha advertido el portavoz comunitario de Transportes,","inLanguage":"es-ES","isPartOf":{"@id":"https:\/\/eldigitaldeasturias.com\/magazine365\/#website"},"breadcrumb":{"@id":"https:\/\/eldigitaldeasturias.com\/magazine365\/bruselas-sigue-de-cerca-la-busqueda-del-avion-y-ofrece-la-asistencia-necesaria\/#breadcrumblist"},"author":{"@id":"https:\/\/eldigitaldeasturias.com\/magazine365\/author\/admin\/#author"},"creator":{"@id":"https:\/\/eldigitaldeasturias.com\/magazine365\/author\/admin\/#author"},"image":{"@type":"ImageObject","url":"https:\/\/eldigitaldeasturias.com\/magazine365\/wp-content\/uploads\/2016\/05\/fotonoticia_20160519084348_800.jpg","@id":"https:\/\/eldigitaldeasturias.com\/magazine365\/bruselas-sigue-de-cerca-la-busqueda-del-avion-y-ofrece-la-asistencia-necesaria\/#mainImage","width":800,"height":569},"primaryImageOfPage":{"@id":"https:\/\/eldigitaldeasturias.com\/magazine365\/bruselas-sigue-de-cerca-la-busqueda-del-avion-y-ofrece-la-asistencia-necesaria\/#mainImage"},"datePublished":"2016-05-21T05:24:43+02:00","dateModified":"2016-05-21T05:24:43+02:00"},{"@type":"WebSite","@id":"https:\/\/eldigitaldeasturias.com\/magazine365\/#website","url":"https:\/\/eldigitaldeasturias.com\/magazine365\/","name":"El Digital de Asturias","description":"Revista de ocio, turismo y estilo de vida","inLanguage":"es-ES","publisher":{"@id":"https:\/\/eldigitaldeasturias.com\/magazine365\/#organization"}}]},"og:locale":"es_ES","og:site_name":"El Digital de Asturias \u2013 Revista de ocio, turismo y estilo de vida","og:type":"article","og:title":"Bruselas sigue de cerca la b\u00fasqueda del avi\u00f3n y ofrece la \u00abasistencia necesaria\u00bb | El Digital de Asturias","og:description":"La Comisi\u00f3n Europea ha informado de que sigue &quot;de cerca&quot; las tareas de b\u00fasqueda del avi\u00f3n A320 de EgyptAir desaparecido cuando sobrevolaba el mar Mediterr\u00e1neo horas despu\u00e9s de despegar desde Par\u00eds, al tiempo que ha ofrecido a las autoridades francesas la &quot;asistencia necesaria&quot;. &quot;Cualquier opini\u00f3n concluyente ser\u00eda prematura&quot;, ha advertido el portavoz comunitario de Transportes,","og:url":"https:\/\/eldigitaldeasturias.com\/magazine365\/bruselas-sigue-de-cerca-la-busqueda-del-avion-y-ofrece-la-asistencia-necesaria\/","og:image":"https:\/\/eldigitaldeasturias.com\/magazine365\/wp-content\/uploads\/2016\/05\/fotonoticia_20160519084348_800.jpg","og:image:secure_url":"https:\/\/eldigitaldeasturias.com\/magazine365\/wp-content\/uploads\/2016\/05\/fotonoticia_20160519084348_800.jpg","og:image:width":800,"og:image:height":569,"article:published_time":"2016-05-21T03:24:43+00:00","article:modified_time":"2016-05-21T03:24:43+00:00","twitter:card":"summary_large_image","twitter:title":"Bruselas sigue de cerca la b\u00fasqueda del avi\u00f3n y ofrece la \u00abasistencia necesaria\u00bb | El Digital de Asturias","twitter:description":"La Comisi\u00f3n Europea ha informado de que sigue &quot;de cerca&quot; las tareas de b\u00fasqueda del avi\u00f3n A320 de EgyptAir desaparecido cuando sobrevolaba el mar Mediterr\u00e1neo horas despu\u00e9s de despegar desde Par\u00eds, al tiempo que ha ofrecido a las autoridades francesas la &quot;asistencia necesaria&quot;. &quot;Cualquier opini\u00f3n concluyente ser\u00eda prematura&quot;, ha advertido el portavoz comunitario de Transportes,","twitter:image":"https:\/\/eldigitaldeasturias.com\/magazine365\/wp-content\/uploads\/2016\/05\/fotonoticia_20160519084348_800.jpg"},"aioseo_meta_data":{"post_id":"76472","title":null,"description":null,"keywords":null,"keyphrases":null,"primary_term":null,"canonical_url":null,"og_title":null,"og_description":null,"og_object_type":"default","og_image_type":"default","og_image_url":null,"og_image_width":null,"og_image_height":null,"og_image_custom_url":null,"og_image_custom_fields":null,"og_video":null,"og_custom_url":null,"og_article_section":null,"og_article_tags":null,"twitter_use_og":false,"twitter_card":"default","twitter_image_type":"default","twitter_image_url":null,"twitter_image_custom_url":null,"twitter_image_custom_fields":null,"twitter_title":null,"twitter_description":null,"schema":{"blockGraphs":[],"customGraphs":[],"default":{"data":{"Article":[],"Course":[],"Dataset":[],"FAQPage":[],"Movie":[],"Person":[],"Product":[],"ProductReview":[],"Car":[],"Recipe":[],"Service":[],"SoftwareApplication":[],"WebPage":[]},"graphName":"","isEnabled":true},"graphs":[],"defaultGraph":"","defaultPostTypeGraph":""},"schema_type":null,"schema_type_options":null,"pillar_content":false,"robots_default":true,"robots_noindex":false,"robots_noarchive":false,"robots_nosnippet":false,"robots_nofollow":false,"robots_noimageindex":false,"robots_noodp":false,"robots_notranslate":false,"robots_max_snippet":null,"robots_max_videopreview":null,"robots_max_imagepreview":"large","priority":null,"frequency":null,"location":null,"local_seo":null,"seo_analyzer_scan_date":"2025-09-27 12:42:56","breadcrumb_settings":null,"limit_modified_date":false,"open_ai":null,"ai":null,"created":"2021-03-08 18:27:57","updated":"2025-09-27 12:42:56"},"aioseo_breadcrumb":"<div class=\"aioseo-breadcrumbs\"><span class=\"aioseo-breadcrumb\">\n\t<a href=\"https:\/\/eldigitaldeasturias.com\/magazine365\" title=\"Home\">Home<\/a>\n<\/span><span class=\"aioseo-breadcrumb-separator\">\u2013<\/span><span class=\"aioseo-breadcrumb\">\n\t<a href=\"https:\/\/eldigitaldeasturias.com\/magazine365\/category\/noticias-actualidad\/\" title=\"Noticias y Actualidad\">Noticias y Actualidad<\/a>\n<\/span><span class=\"aioseo-breadcrumb-separator\">\u2013<\/span><span class=\"aioseo-breadcrumb\">\n\t<a href=\"https:\/\/eldigitaldeasturias.com\/magazine365\/bruselas-sigue-de-cerca-la-busqueda-del-avion-y-ofrece-la-asistencia-necesaria\/\" title=\"Bruselas sigue de cerca la b\u00fasqueda del avi\u00f3n y ofrece la \u00abasistencia necesaria\u00bb\">Bruselas sigue de cerca la b\u00fasqueda del avi\u00f3n y ofrece la \u00abasistencia necesaria\u00bb<\/a>\n<\/span><\/div>","aioseo_breadcrumb_json":[{"label":"Home","link":"https:\/\/eldigitaldeasturias.com\/magazine365"},{"label":"Noticias y Actualidad","link":"https:\/\/eldigitaldeasturias.com\/magazine365\/category\/noticias-actualidad\/"},{"label":"Bruselas sigue de cerca la b\u00fasqueda del avi\u00f3n y ofrece la \u00abasistencia necesaria\u00bb","link":"https:\/\/eldigitaldeasturias.com\/magazine365\/bruselas-sigue-de-cerca-la-busqueda-del-avion-y-ofrece-la-asistencia-necesaria\/"}],"_links":{"self":[{"href":"https:\/\/eldigitaldeasturias.com\/magazine365\/wp-json\/wp\/v2\/posts\/76472","targetHints":{"allow":["GET"]}}],"collection":[{"href":"https:\/\/eldigitaldeasturias.com\/magazine365\/wp-json\/wp\/v2\/posts"}],"about":[{"href":"https:\/\/eldigitaldeasturias.com\/magazine365\/wp-json\/wp\/v2\/types\/post"}],"author":[{"embeddable":true,"href":"https:\/\/eldigitaldeasturias.com\/magazine365\/wp-json\/wp\/v2\/users\/1"}],"replies":[{"embeddable":true,"href":"https:\/\/eldigitaldeasturias.com\/magazine365\/wp-json\/wp\/v2\/comments?post=76472"}],"version-history":[{"count":0,"href":"https:\/\/eldigitaldeasturias.com\/magazine365\/wp-json\/wp\/v2\/posts\/76472\/revisions"}],"wp:featuredmedia":[{"embeddable":true,"href":"https:\/\/eldigitaldeasturias.com\/magazine365\/wp-json\/wp\/v2\/media\/76403"}],"wp:attachment":[{"href":"https:\/\/eldigitaldeasturias.com\/magazine365\/wp-json\/wp\/v2\/media?parent=76472"}],"wp:term":[{"taxonomy":"category","embeddable":true,"href":"https:\/\/eldigitaldeasturias.com\/magazine365\/wp-json\/wp\/v2\/categories?post=76472"},{"taxonomy":"post_tag","embeddable":true,"href":"https:\/\/eldigitaldeasturias.com\/magazine365\/wp-json\/wp\/v2\/tags?post=76472"}],"curies":[{"name":"wp","href":"https:\/\/api.w.org\/{rel}","templated":true}]}}