{"id":76468,"date":"2016-05-21T05:22:31","date_gmt":"2016-05-21T03:22:31","guid":{"rendered":"http:\/\/eldigitaldeasturias.com\/magazine365\/?p=76468"},"modified":"2016-05-21T05:22:31","modified_gmt":"2016-05-21T03:22:31","slug":"hollande-confirma-que-el-avion-desaparecido-de-egyptair-se-ha-estrellado","status":"publish","type":"post","link":"https:\/\/eldigitaldeasturias.com\/magazine365\/hollande-confirma-que-el-avion-desaparecido-de-egyptair-se-ha-estrellado\/","title":{"rendered":"Hollande confirma que el avi\u00f3n desaparecido de EgyptAir \u00abse ha estrellado\u00bb"},"content":{"rendered":"<p><img fetchpriority=\"high\" decoding=\"async\" class=\"alignleft size-medium wp-image-76403\" src=\"https:\/\/eldigitaldeasturias.com\/magazine365\/wp-content\/uploads\/2016\/05\/fotonoticia_20160519084348_800-360x256.jpg\" alt=\"fotonoticia_20160519084348_800\" width=\"360\" height=\"256\" srcset=\"https:\/\/eldigitaldeasturias.com\/magazine365\/wp-content\/uploads\/2016\/05\/fotonoticia_20160519084348_800-360x256.jpg 360w, https:\/\/eldigitaldeasturias.com\/magazine365\/wp-content\/uploads\/2016\/05\/fotonoticia_20160519084348_800-650x462.jpg 650w, https:\/\/eldigitaldeasturias.com\/magazine365\/wp-content\/uploads\/2016\/05\/fotonoticia_20160519084348_800-768x546.jpg 768w, https:\/\/eldigitaldeasturias.com\/magazine365\/wp-content\/uploads\/2016\/05\/fotonoticia_20160519084348_800-150x107.jpg 150w, https:\/\/eldigitaldeasturias.com\/magazine365\/wp-content\/uploads\/2016\/05\/fotonoticia_20160519084348_800-450x320.jpg 450w, https:\/\/eldigitaldeasturias.com\/magazine365\/wp-content\/uploads\/2016\/05\/fotonoticia_20160519084348_800.jpg 800w\" sizes=\"(max-width: 360px) 100vw, 360px\" \/>El presidente de Francia, Fran\u00e7ois Hollande, ha confirmado este jueves que el avi\u00f3n de EgyptAir desaparecido de los radares \u00abse ha estrellado\u00bb cuando volaba con 66 personas a bordo, de las cuales quince tienen nacionalidad francesa.<\/p>\n<p>\u00abSe ha estrellado. Llevaba 66 personas a bordo, de las cuales quince eran franceses\u00bb, ha asegurado el mandatario galo, durante su intervenci\u00f3n en una conferencia en Par\u00eds. \u00abMe han informado de que el avi\u00f3n que ha salido de Par\u00eds hacia El Cairo hab\u00eda desaparecido. Se ha estrellado\u00bb, ha afirmado el mandatario, seg\u00fan informa El El\u00edseo.<\/p>\n<p>El avi\u00f3n, un A320 de EgyptAir, despeg\u00f3 de Par\u00eds con destino a El Cairo y ha desaparecido de los sistemas de radar en la madrugada de este jueves. Las autoridades griegas est\u00e1n buscando la aeronave en aguas pr\u00f3ximas a las isla de K\u00e1rpatos.<\/p>\n","protected":false},"excerpt":{"rendered":"<p>El presidente de Francia, Fran\u00e7ois Hollande, ha confirmado este jueves que el avi\u00f3n de EgyptAir desaparecido de los radares \u00abse ha estrellado\u00bb cuando volaba con 66 personas a bordo, de las cuales quince tienen nacionalidad francesa. \u00abSe ha estrellado. Llevaba 66 personas a bordo, de las cuales quince eran franceses\u00bb, ha asegurado el mandatario galo,<\/p>\n","protected":false},"author":1,"featured_media":76403,"comment_status":"open","ping_status":"closed","sticky":false,"template":"","format":"standard","meta":{"footnotes":""},"categories":[224],"tags":[],"class_list":{"0":"post-76468","1":"post","2":"type-post","3":"status-publish","4":"format-standard","5":"has-post-thumbnail","7":"category-noticias-actualidad"},"aioseo_notices":[],"aioseo_head":"\n\t\t<!-- All in One SEO Pro 4.9.6.1 - aioseo.com -->\n\t<meta name=\"description\" content=\"El presidente de Francia, Fran\u00e7ois Hollande, ha confirmado este jueves que el avi\u00f3n de EgyptAir desaparecido de los radares &quot;se ha estrellado&quot; cuando volaba con 66 personas a bordo, de las cuales quince tienen nacionalidad francesa. &quot;Se ha estrellado. Llevaba 66 personas a bordo, de las cuales quince eran franceses&quot;, ha asegurado el mandatario galo,\" \/>\n\t<meta name=\"robots\" content=\"max-image-preview:large\" \/>\n\t<meta name=\"author\" content=\"admin\"\/>\n\t<meta name=\"google-site-verification\" content=\"UA-38556648-1\" \/>\n\t<meta name=\"keywords\" content=\"noticias y actualidad\" \/>\n\t<link rel=\"canonical\" href=\"https:\/\/eldigitaldeasturias.com\/magazine365\/hollande-confirma-que-el-avion-desaparecido-de-egyptair-se-ha-estrellado\/\" \/>\n\t<meta name=\"generator\" content=\"All in One SEO Pro (AIOSEO) 4.9.6.1\" \/>\n\t\t<meta property=\"og:locale\" content=\"es_ES\" \/>\n\t\t<meta property=\"og:site_name\" content=\"El Digital de Asturias \u2013 Revista de ocio, turismo y estilo de vida\" \/>\n\t\t<meta property=\"og:type\" content=\"article\" \/>\n\t\t<meta property=\"og:title\" content=\"Hollande confirma que el avi\u00f3n desaparecido de EgyptAir \u00abse ha estrellado\u00bb | El Digital de Asturias\" \/>\n\t\t<meta property=\"og:description\" content=\"El presidente de Francia, Fran\u00e7ois Hollande, ha confirmado este jueves que el avi\u00f3n de EgyptAir desaparecido de los radares &quot;se ha estrellado&quot; cuando volaba con 66 personas a bordo, de las cuales quince tienen nacionalidad francesa. &quot;Se ha estrellado. Llevaba 66 personas a bordo, de las cuales quince eran franceses&quot;, ha asegurado el mandatario galo,\" \/>\n\t\t<meta property=\"og:url\" content=\"https:\/\/eldigitaldeasturias.com\/magazine365\/hollande-confirma-que-el-avion-desaparecido-de-egyptair-se-ha-estrellado\/\" \/>\n\t\t<meta property=\"og:image\" content=\"https:\/\/eldigitaldeasturias.com\/magazine365\/wp-content\/uploads\/2016\/05\/fotonoticia_20160519084348_800.jpg\" \/>\n\t\t<meta property=\"og:image:secure_url\" content=\"https:\/\/eldigitaldeasturias.com\/magazine365\/wp-content\/uploads\/2016\/05\/fotonoticia_20160519084348_800.jpg\" \/>\n\t\t<meta property=\"og:image:width\" content=\"800\" \/>\n\t\t<meta property=\"og:image:height\" content=\"569\" \/>\n\t\t<meta property=\"article:published_time\" content=\"2016-05-21T03:22:31+00:00\" \/>\n\t\t<meta property=\"article:modified_time\" content=\"2016-05-21T03:22:31+00:00\" \/>\n\t\t<meta name=\"twitter:card\" content=\"summary_large_image\" \/>\n\t\t<meta name=\"twitter:title\" content=\"Hollande confirma que el avi\u00f3n desaparecido de EgyptAir \u00abse ha estrellado\u00bb | El Digital de Asturias\" \/>\n\t\t<meta name=\"twitter:description\" content=\"El presidente de Francia, Fran\u00e7ois Hollande, ha confirmado este jueves que el avi\u00f3n de EgyptAir desaparecido de los radares &quot;se ha estrellado&quot; cuando volaba con 66 personas a bordo, de las cuales quince tienen nacionalidad francesa. &quot;Se ha estrellado. Llevaba 66 personas a bordo, de las cuales quince eran franceses&quot;, ha asegurado el mandatario galo,\" \/>\n\t\t<meta name=\"twitter:image\" content=\"https:\/\/eldigitaldeasturias.com\/magazine365\/wp-content\/uploads\/2016\/05\/fotonoticia_20160519084348_800.jpg\" \/>\n\t\t<script type=\"application\/ld+json\" class=\"aioseo-schema\">\n\t\t\t{\"@context\":\"https:\\\/\\\/schema.org\",\"@graph\":[{\"@type\":\"Article\",\"@id\":\"https:\\\/\\\/eldigitaldeasturias.com\\\/magazine365\\\/hollande-confirma-que-el-avion-desaparecido-de-egyptair-se-ha-estrellado\\\/#article\",\"name\":\"Hollande confirma que el avi\\u00f3n desaparecido de EgyptAir \\u00abse ha estrellado\\u00bb | El Digital de Asturias\",\"headline\":\"Hollande confirma que el avi\\u00f3n desaparecido de EgyptAir \\u00abse ha estrellado\\u00bb\",\"author\":{\"@id\":\"https:\\\/\\\/eldigitaldeasturias.com\\\/magazine365\\\/author\\\/admin\\\/#author\"},\"publisher\":{\"@id\":\"https:\\\/\\\/eldigitaldeasturias.com\\\/magazine365\\\/#organization\"},\"image\":{\"@type\":\"ImageObject\",\"url\":\"https:\\\/\\\/eldigitaldeasturias.com\\\/magazine365\\\/wp-content\\\/uploads\\\/2016\\\/05\\\/fotonoticia_20160519084348_800.jpg\",\"width\":800,\"height\":569},\"datePublished\":\"2016-05-21T05:22:31+02:00\",\"dateModified\":\"2016-05-21T05:22:31+02:00\",\"inLanguage\":\"es-ES\",\"mainEntityOfPage\":{\"@id\":\"https:\\\/\\\/eldigitaldeasturias.com\\\/magazine365\\\/hollande-confirma-que-el-avion-desaparecido-de-egyptair-se-ha-estrellado\\\/#webpage\"},\"isPartOf\":{\"@id\":\"https:\\\/\\\/eldigitaldeasturias.com\\\/magazine365\\\/hollande-confirma-que-el-avion-desaparecido-de-egyptair-se-ha-estrellado\\\/#webpage\"},\"articleSection\":\"Noticias y Actualidad\"},{\"@type\":\"BreadcrumbList\",\"@id\":\"https:\\\/\\\/eldigitaldeasturias.com\\\/magazine365\\\/hollande-confirma-que-el-avion-desaparecido-de-egyptair-se-ha-estrellado\\\/#breadcrumblist\",\"itemListElement\":[{\"@type\":\"ListItem\",\"@id\":\"https:\\\/\\\/eldigitaldeasturias.com\\\/magazine365#listItem\",\"position\":1,\"name\":\"Home\",\"item\":\"https:\\\/\\\/eldigitaldeasturias.com\\\/magazine365\",\"nextItem\":{\"@type\":\"ListItem\",\"@id\":\"https:\\\/\\\/eldigitaldeasturias.com\\\/magazine365\\\/category\\\/noticias-actualidad\\\/#listItem\",\"name\":\"Noticias y Actualidad\"}},{\"@type\":\"ListItem\",\"@id\":\"https:\\\/\\\/eldigitaldeasturias.com\\\/magazine365\\\/category\\\/noticias-actualidad\\\/#listItem\",\"position\":2,\"name\":\"Noticias y Actualidad\",\"item\":\"https:\\\/\\\/eldigitaldeasturias.com\\\/magazine365\\\/category\\\/noticias-actualidad\\\/\",\"nextItem\":{\"@type\":\"ListItem\",\"@id\":\"https:\\\/\\\/eldigitaldeasturias.com\\\/magazine365\\\/hollande-confirma-que-el-avion-desaparecido-de-egyptair-se-ha-estrellado\\\/#listItem\",\"name\":\"Hollande confirma que el avi\\u00f3n desaparecido de EgyptAir \\u00abse ha estrellado\\u00bb\"},\"previousItem\":{\"@type\":\"ListItem\",\"@id\":\"https:\\\/\\\/eldigitaldeasturias.com\\\/magazine365#listItem\",\"name\":\"Home\"}},{\"@type\":\"ListItem\",\"@id\":\"https:\\\/\\\/eldigitaldeasturias.com\\\/magazine365\\\/hollande-confirma-que-el-avion-desaparecido-de-egyptair-se-ha-estrellado\\\/#listItem\",\"position\":3,\"name\":\"Hollande confirma que el avi\\u00f3n desaparecido de EgyptAir \\u00abse ha estrellado\\u00bb\",\"previousItem\":{\"@type\":\"ListItem\",\"@id\":\"https:\\\/\\\/eldigitaldeasturias.com\\\/magazine365\\\/category\\\/noticias-actualidad\\\/#listItem\",\"name\":\"Noticias y Actualidad\"}}]},{\"@type\":\"Organization\",\"@id\":\"https:\\\/\\\/eldigitaldeasturias.com\\\/magazine365\\\/#organization\",\"name\":\"El digital de Asturias\",\"description\":\"Revista de ocio, turismo y estilo de vida\",\"url\":\"https:\\\/\\\/eldigitaldeasturias.com\\\/magazine365\\\/\",\"logo\":{\"@type\":\"ImageObject\",\"url\":\"https:\\\/\\\/www.eldigitaldeasturias.com\\\/noticias\\\/wp-content\\\/uploads\\\/2020\\\/12\\\/EDA.jpg\",\"@id\":\"https:\\\/\\\/eldigitaldeasturias.com\\\/magazine365\\\/hollande-confirma-que-el-avion-desaparecido-de-egyptair-se-ha-estrellado\\\/#organizationLogo\"},\"image\":{\"@id\":\"https:\\\/\\\/eldigitaldeasturias.com\\\/magazine365\\\/hollande-confirma-que-el-avion-desaparecido-de-egyptair-se-ha-estrellado\\\/#organizationLogo\"}},{\"@type\":\"Person\",\"@id\":\"https:\\\/\\\/eldigitaldeasturias.com\\\/magazine365\\\/author\\\/admin\\\/#author\",\"url\":\"https:\\\/\\\/eldigitaldeasturias.com\\\/magazine365\\\/author\\\/admin\\\/\",\"name\":\"admin\",\"image\":{\"@type\":\"ImageObject\",\"@id\":\"https:\\\/\\\/eldigitaldeasturias.com\\\/magazine365\\\/hollande-confirma-que-el-avion-desaparecido-de-egyptair-se-ha-estrellado\\\/#authorImage\",\"url\":\"https:\\\/\\\/eldigitaldeasturias.com\\\/magazine365\\\/wp-content\\\/litespeed\\\/avatar\\\/e571bcf59a0edd6fa6838245a470f2fe.jpg?ver=1777574230\",\"width\":96,\"height\":96,\"caption\":\"admin\"}},{\"@type\":\"WebPage\",\"@id\":\"https:\\\/\\\/eldigitaldeasturias.com\\\/magazine365\\\/hollande-confirma-que-el-avion-desaparecido-de-egyptair-se-ha-estrellado\\\/#webpage\",\"url\":\"https:\\\/\\\/eldigitaldeasturias.com\\\/magazine365\\\/hollande-confirma-que-el-avion-desaparecido-de-egyptair-se-ha-estrellado\\\/\",\"name\":\"Hollande confirma que el avi\\u00f3n desaparecido de EgyptAir \\u00abse ha estrellado\\u00bb | El Digital de Asturias\",\"description\":\"El presidente de Francia, Fran\\u00e7ois Hollande, ha confirmado este jueves que el avi\\u00f3n de EgyptAir desaparecido de los radares \\\"se ha estrellado\\\" cuando volaba con 66 personas a bordo, de las cuales quince tienen nacionalidad francesa. \\\"Se ha estrellado. Llevaba 66 personas a bordo, de las cuales quince eran franceses\\\", ha asegurado el mandatario galo,\",\"inLanguage\":\"es-ES\",\"isPartOf\":{\"@id\":\"https:\\\/\\\/eldigitaldeasturias.com\\\/magazine365\\\/#website\"},\"breadcrumb\":{\"@id\":\"https:\\\/\\\/eldigitaldeasturias.com\\\/magazine365\\\/hollande-confirma-que-el-avion-desaparecido-de-egyptair-se-ha-estrellado\\\/#breadcrumblist\"},\"author\":{\"@id\":\"https:\\\/\\\/eldigitaldeasturias.com\\\/magazine365\\\/author\\\/admin\\\/#author\"},\"creator\":{\"@id\":\"https:\\\/\\\/eldigitaldeasturias.com\\\/magazine365\\\/author\\\/admin\\\/#author\"},\"image\":{\"@type\":\"ImageObject\",\"url\":\"https:\\\/\\\/eldigitaldeasturias.com\\\/magazine365\\\/wp-content\\\/uploads\\\/2016\\\/05\\\/fotonoticia_20160519084348_800.jpg\",\"@id\":\"https:\\\/\\\/eldigitaldeasturias.com\\\/magazine365\\\/hollande-confirma-que-el-avion-desaparecido-de-egyptair-se-ha-estrellado\\\/#mainImage\",\"width\":800,\"height\":569},\"primaryImageOfPage\":{\"@id\":\"https:\\\/\\\/eldigitaldeasturias.com\\\/magazine365\\\/hollande-confirma-que-el-avion-desaparecido-de-egyptair-se-ha-estrellado\\\/#mainImage\"},\"datePublished\":\"2016-05-21T05:22:31+02:00\",\"dateModified\":\"2016-05-21T05:22:31+02:00\"},{\"@type\":\"WebSite\",\"@id\":\"https:\\\/\\\/eldigitaldeasturias.com\\\/magazine365\\\/#website\",\"url\":\"https:\\\/\\\/eldigitaldeasturias.com\\\/magazine365\\\/\",\"name\":\"El Digital de Asturias\",\"description\":\"Revista de ocio, turismo y estilo de vida\",\"inLanguage\":\"es-ES\",\"publisher\":{\"@id\":\"https:\\\/\\\/eldigitaldeasturias.com\\\/magazine365\\\/#organization\"}}]}\n\t\t<\/script>\n\t\t<!-- All in One SEO Pro -->\r\n\t\t<title>Hollande confirma que el avi\u00f3n desaparecido de EgyptAir \u00abse ha estrellado\u00bb | El Digital de Asturias<\/title>\n\n","aioseo_head_json":{"title":"Hollande confirma que el avi\u00f3n desaparecido de EgyptAir \u00abse ha estrellado\u00bb | El Digital de Asturias","description":"El presidente de Francia, Fran\u00e7ois Hollande, ha confirmado este jueves que el avi\u00f3n de EgyptAir desaparecido de los radares \"se ha estrellado\" cuando volaba con 66 personas a bordo, de las cuales quince tienen nacionalidad francesa. \"Se ha estrellado. Llevaba 66 personas a bordo, de las cuales quince eran franceses\", ha asegurado el mandatario galo,","canonical_url":"https:\/\/eldigitaldeasturias.com\/magazine365\/hollande-confirma-que-el-avion-desaparecido-de-egyptair-se-ha-estrellado\/","robots":"max-image-preview:large","keywords":"noticias y actualidad","webmasterTools":{"google-site-verification":"UA-38556648-1","miscellaneous":""},"schema":{"@context":"https:\/\/schema.org","@graph":[{"@type":"Article","@id":"https:\/\/eldigitaldeasturias.com\/magazine365\/hollande-confirma-que-el-avion-desaparecido-de-egyptair-se-ha-estrellado\/#article","name":"Hollande confirma que el avi\u00f3n desaparecido de EgyptAir \u00abse ha estrellado\u00bb | El Digital de Asturias","headline":"Hollande confirma que el avi\u00f3n desaparecido de EgyptAir \u00abse ha estrellado\u00bb","author":{"@id":"https:\/\/eldigitaldeasturias.com\/magazine365\/author\/admin\/#author"},"publisher":{"@id":"https:\/\/eldigitaldeasturias.com\/magazine365\/#organization"},"image":{"@type":"ImageObject","url":"https:\/\/eldigitaldeasturias.com\/magazine365\/wp-content\/uploads\/2016\/05\/fotonoticia_20160519084348_800.jpg","width":800,"height":569},"datePublished":"2016-05-21T05:22:31+02:00","dateModified":"2016-05-21T05:22:31+02:00","inLanguage":"es-ES","mainEntityOfPage":{"@id":"https:\/\/eldigitaldeasturias.com\/magazine365\/hollande-confirma-que-el-avion-desaparecido-de-egyptair-se-ha-estrellado\/#webpage"},"isPartOf":{"@id":"https:\/\/eldigitaldeasturias.com\/magazine365\/hollande-confirma-que-el-avion-desaparecido-de-egyptair-se-ha-estrellado\/#webpage"},"articleSection":"Noticias y Actualidad"},{"@type":"BreadcrumbList","@id":"https:\/\/eldigitaldeasturias.com\/magazine365\/hollande-confirma-que-el-avion-desaparecido-de-egyptair-se-ha-estrellado\/#breadcrumblist","itemListElement":[{"@type":"ListItem","@id":"https:\/\/eldigitaldeasturias.com\/magazine365#listItem","position":1,"name":"Home","item":"https:\/\/eldigitaldeasturias.com\/magazine365","nextItem":{"@type":"ListItem","@id":"https:\/\/eldigitaldeasturias.com\/magazine365\/category\/noticias-actualidad\/#listItem","name":"Noticias y Actualidad"}},{"@type":"ListItem","@id":"https:\/\/eldigitaldeasturias.com\/magazine365\/category\/noticias-actualidad\/#listItem","position":2,"name":"Noticias y Actualidad","item":"https:\/\/eldigitaldeasturias.com\/magazine365\/category\/noticias-actualidad\/","nextItem":{"@type":"ListItem","@id":"https:\/\/eldigitaldeasturias.com\/magazine365\/hollande-confirma-que-el-avion-desaparecido-de-egyptair-se-ha-estrellado\/#listItem","name":"Hollande confirma que el avi\u00f3n desaparecido de EgyptAir \u00abse ha estrellado\u00bb"},"previousItem":{"@type":"ListItem","@id":"https:\/\/eldigitaldeasturias.com\/magazine365#listItem","name":"Home"}},{"@type":"ListItem","@id":"https:\/\/eldigitaldeasturias.com\/magazine365\/hollande-confirma-que-el-avion-desaparecido-de-egyptair-se-ha-estrellado\/#listItem","position":3,"name":"Hollande confirma que el avi\u00f3n desaparecido de EgyptAir \u00abse ha estrellado\u00bb","previousItem":{"@type":"ListItem","@id":"https:\/\/eldigitaldeasturias.com\/magazine365\/category\/noticias-actualidad\/#listItem","name":"Noticias y Actualidad"}}]},{"@type":"Organization","@id":"https:\/\/eldigitaldeasturias.com\/magazine365\/#organization","name":"El digital de Asturias","description":"Revista de ocio, turismo y estilo de vida","url":"https:\/\/eldigitaldeasturias.com\/magazine365\/","logo":{"@type":"ImageObject","url":"https:\/\/www.eldigitaldeasturias.com\/noticias\/wp-content\/uploads\/2020\/12\/EDA.jpg","@id":"https:\/\/eldigitaldeasturias.com\/magazine365\/hollande-confirma-que-el-avion-desaparecido-de-egyptair-se-ha-estrellado\/#organizationLogo"},"image":{"@id":"https:\/\/eldigitaldeasturias.com\/magazine365\/hollande-confirma-que-el-avion-desaparecido-de-egyptair-se-ha-estrellado\/#organizationLogo"}},{"@type":"Person","@id":"https:\/\/eldigitaldeasturias.com\/magazine365\/author\/admin\/#author","url":"https:\/\/eldigitaldeasturias.com\/magazine365\/author\/admin\/","name":"admin","image":{"@type":"ImageObject","@id":"https:\/\/eldigitaldeasturias.com\/magazine365\/hollande-confirma-que-el-avion-desaparecido-de-egyptair-se-ha-estrellado\/#authorImage","url":"https:\/\/eldigitaldeasturias.com\/magazine365\/wp-content\/litespeed\/avatar\/e571bcf59a0edd6fa6838245a470f2fe.jpg?ver=1777574230","width":96,"height":96,"caption":"admin"}},{"@type":"WebPage","@id":"https:\/\/eldigitaldeasturias.com\/magazine365\/hollande-confirma-que-el-avion-desaparecido-de-egyptair-se-ha-estrellado\/#webpage","url":"https:\/\/eldigitaldeasturias.com\/magazine365\/hollande-confirma-que-el-avion-desaparecido-de-egyptair-se-ha-estrellado\/","name":"Hollande confirma que el avi\u00f3n desaparecido de EgyptAir \u00abse ha estrellado\u00bb | El Digital de Asturias","description":"El presidente de Francia, Fran\u00e7ois Hollande, ha confirmado este jueves que el avi\u00f3n de EgyptAir desaparecido de los radares \"se ha estrellado\" cuando volaba con 66 personas a bordo, de las cuales quince tienen nacionalidad francesa. \"Se ha estrellado. Llevaba 66 personas a bordo, de las cuales quince eran franceses\", ha asegurado el mandatario galo,","inLanguage":"es-ES","isPartOf":{"@id":"https:\/\/eldigitaldeasturias.com\/magazine365\/#website"},"breadcrumb":{"@id":"https:\/\/eldigitaldeasturias.com\/magazine365\/hollande-confirma-que-el-avion-desaparecido-de-egyptair-se-ha-estrellado\/#breadcrumblist"},"author":{"@id":"https:\/\/eldigitaldeasturias.com\/magazine365\/author\/admin\/#author"},"creator":{"@id":"https:\/\/eldigitaldeasturias.com\/magazine365\/author\/admin\/#author"},"image":{"@type":"ImageObject","url":"https:\/\/eldigitaldeasturias.com\/magazine365\/wp-content\/uploads\/2016\/05\/fotonoticia_20160519084348_800.jpg","@id":"https:\/\/eldigitaldeasturias.com\/magazine365\/hollande-confirma-que-el-avion-desaparecido-de-egyptair-se-ha-estrellado\/#mainImage","width":800,"height":569},"primaryImageOfPage":{"@id":"https:\/\/eldigitaldeasturias.com\/magazine365\/hollande-confirma-que-el-avion-desaparecido-de-egyptair-se-ha-estrellado\/#mainImage"},"datePublished":"2016-05-21T05:22:31+02:00","dateModified":"2016-05-21T05:22:31+02:00"},{"@type":"WebSite","@id":"https:\/\/eldigitaldeasturias.com\/magazine365\/#website","url":"https:\/\/eldigitaldeasturias.com\/magazine365\/","name":"El Digital de Asturias","description":"Revista de ocio, turismo y estilo de vida","inLanguage":"es-ES","publisher":{"@id":"https:\/\/eldigitaldeasturias.com\/magazine365\/#organization"}}]},"og:locale":"es_ES","og:site_name":"El Digital de Asturias \u2013 Revista de ocio, turismo y estilo de vida","og:type":"article","og:title":"Hollande confirma que el avi\u00f3n desaparecido de EgyptAir \u00abse ha estrellado\u00bb | El Digital de Asturias","og:description":"El presidente de Francia, Fran\u00e7ois Hollande, ha confirmado este jueves que el avi\u00f3n de EgyptAir desaparecido de los radares &quot;se ha estrellado&quot; cuando volaba con 66 personas a bordo, de las cuales quince tienen nacionalidad francesa. &quot;Se ha estrellado. Llevaba 66 personas a bordo, de las cuales quince eran franceses&quot;, ha asegurado el mandatario galo,","og:url":"https:\/\/eldigitaldeasturias.com\/magazine365\/hollande-confirma-que-el-avion-desaparecido-de-egyptair-se-ha-estrellado\/","og:image":"https:\/\/eldigitaldeasturias.com\/magazine365\/wp-content\/uploads\/2016\/05\/fotonoticia_20160519084348_800.jpg","og:image:secure_url":"https:\/\/eldigitaldeasturias.com\/magazine365\/wp-content\/uploads\/2016\/05\/fotonoticia_20160519084348_800.jpg","og:image:width":800,"og:image:height":569,"article:published_time":"2016-05-21T03:22:31+00:00","article:modified_time":"2016-05-21T03:22:31+00:00","twitter:card":"summary_large_image","twitter:title":"Hollande confirma que el avi\u00f3n desaparecido de EgyptAir \u00abse ha estrellado\u00bb | El Digital de Asturias","twitter:description":"El presidente de Francia, Fran\u00e7ois Hollande, ha confirmado este jueves que el avi\u00f3n de EgyptAir desaparecido de los radares &quot;se ha estrellado&quot; cuando volaba con 66 personas a bordo, de las cuales quince tienen nacionalidad francesa. &quot;Se ha estrellado. Llevaba 66 personas a bordo, de las cuales quince eran franceses&quot;, ha asegurado el mandatario galo,","twitter:image":"https:\/\/eldigitaldeasturias.com\/magazine365\/wp-content\/uploads\/2016\/05\/fotonoticia_20160519084348_800.jpg"},"aioseo_meta_data":{"post_id":"76468","title":null,"description":null,"keywords":null,"keyphrases":null,"primary_term":null,"canonical_url":null,"og_title":null,"og_description":null,"og_object_type":"default","og_image_type":"default","og_image_url":null,"og_image_width":null,"og_image_height":null,"og_image_custom_url":null,"og_image_custom_fields":null,"og_video":null,"og_custom_url":null,"og_article_section":null,"og_article_tags":null,"twitter_use_og":false,"twitter_card":"default","twitter_image_type":"default","twitter_image_url":null,"twitter_image_custom_url":null,"twitter_image_custom_fields":null,"twitter_title":null,"twitter_description":null,"schema":{"blockGraphs":[],"customGraphs":[],"default":{"data":{"Article":[],"Course":[],"Dataset":[],"FAQPage":[],"Movie":[],"Person":[],"Product":[],"ProductReview":[],"Car":[],"Recipe":[],"Service":[],"SoftwareApplication":[],"WebPage":[]},"graphName":"","isEnabled":true},"graphs":[]},"schema_type":null,"schema_type_options":null,"pillar_content":false,"robots_default":true,"robots_noindex":false,"robots_noarchive":false,"robots_nosnippet":false,"robots_nofollow":false,"robots_noimageindex":false,"robots_noodp":false,"robots_notranslate":false,"robots_max_snippet":null,"robots_max_videopreview":null,"robots_max_imagepreview":"large","priority":null,"frequency":null,"location":null,"local_seo":null,"seo_analyzer_scan_date":"2025-09-27 12:41:08","breadcrumb_settings":null,"limit_modified_date":false,"open_ai":null,"ai":null,"created":"2021-03-08 18:27:57","updated":"2025-09-27 12:41:08"},"aioseo_breadcrumb":"<div class=\"aioseo-breadcrumbs\"><span class=\"aioseo-breadcrumb\">\n\t<a href=\"https:\/\/eldigitaldeasturias.com\/magazine365\" title=\"Home\">Home<\/a>\n<\/span><span class=\"aioseo-breadcrumb-separator\">\u2013<\/span><span class=\"aioseo-breadcrumb\">\n\t<a href=\"https:\/\/eldigitaldeasturias.com\/magazine365\/category\/noticias-actualidad\/\" title=\"Noticias y Actualidad\">Noticias y Actualidad<\/a>\n<\/span><span class=\"aioseo-breadcrumb-separator\">\u2013<\/span><span class=\"aioseo-breadcrumb\">\n\t<a href=\"https:\/\/eldigitaldeasturias.com\/magazine365\/hollande-confirma-que-el-avion-desaparecido-de-egyptair-se-ha-estrellado\/\" title=\"Hollande confirma que el avi\u00f3n desaparecido de EgyptAir \u00abse ha estrellado\u00bb\">Hollande confirma que el avi\u00f3n desaparecido de EgyptAir \u00abse ha estrellado\u00bb<\/a>\n<\/span><\/div>","aioseo_breadcrumb_json":[{"label":"Home","link":"https:\/\/eldigitaldeasturias.com\/magazine365"},{"label":"Noticias y Actualidad","link":"https:\/\/eldigitaldeasturias.com\/magazine365\/category\/noticias-actualidad\/"},{"label":"Hollande confirma que el avi\u00f3n desaparecido de EgyptAir \u00abse ha estrellado\u00bb","link":"https:\/\/eldigitaldeasturias.com\/magazine365\/hollande-confirma-que-el-avion-desaparecido-de-egyptair-se-ha-estrellado\/"}],"_links":{"self":[{"href":"https:\/\/eldigitaldeasturias.com\/magazine365\/wp-json\/wp\/v2\/posts\/76468","targetHints":{"allow":["GET"]}}],"collection":[{"href":"https:\/\/eldigitaldeasturias.com\/magazine365\/wp-json\/wp\/v2\/posts"}],"about":[{"href":"https:\/\/eldigitaldeasturias.com\/magazine365\/wp-json\/wp\/v2\/types\/post"}],"author":[{"embeddable":true,"href":"https:\/\/eldigitaldeasturias.com\/magazine365\/wp-json\/wp\/v2\/users\/1"}],"replies":[{"embeddable":true,"href":"https:\/\/eldigitaldeasturias.com\/magazine365\/wp-json\/wp\/v2\/comments?post=76468"}],"version-history":[{"count":0,"href":"https:\/\/eldigitaldeasturias.com\/magazine365\/wp-json\/wp\/v2\/posts\/76468\/revisions"}],"wp:featuredmedia":[{"embeddable":true,"href":"https:\/\/eldigitaldeasturias.com\/magazine365\/wp-json\/wp\/v2\/media\/76403"}],"wp:attachment":[{"href":"https:\/\/eldigitaldeasturias.com\/magazine365\/wp-json\/wp\/v2\/media?parent=76468"}],"wp:term":[{"taxonomy":"category","embeddable":true,"href":"https:\/\/eldigitaldeasturias.com\/magazine365\/wp-json\/wp\/v2\/categories?post=76468"},{"taxonomy":"post_tag","embeddable":true,"href":"https:\/\/eldigitaldeasturias.com\/magazine365\/wp-json\/wp\/v2\/tags?post=76468"}],"curies":[{"name":"wp","href":"https:\/\/api.w.org\/{rel}","templated":true}]}}