{"id":76460,"date":"2016-05-21T05:16:48","date_gmt":"2016-05-21T03:16:48","guid":{"rendered":"http:\/\/eldigitaldeasturias.com\/magazine365\/?p=76460"},"modified":"2016-05-21T05:16:48","modified_gmt":"2016-05-21T03:16:48","slug":"la-primavera-enogastronomica-en-la-ruta-ribera-del-guadiana-ofrece-dos-nuevas-propuestas-en-matanegra-y-alange","status":"publish","type":"post","link":"https:\/\/eldigitaldeasturias.com\/magazine365\/la-primavera-enogastronomica-en-la-ruta-ribera-del-guadiana-ofrece-dos-nuevas-propuestas-en-matanegra-y-alange\/","title":{"rendered":"La Primavera Enogastron\u00f3mica en la ruta Ribera del Guadiana ofrece dos nuevas propuestas en Matanegra y Alange"},"content":{"rendered":"<p><img fetchpriority=\"high\" decoding=\"async\" class=\"alignleft size-medium wp-image-76461\" src=\"https:\/\/eldigitaldeasturias.com\/magazine365\/wp-content\/uploads\/2016\/05\/fotonoticia_20160519123041_800-215x300.jpg\" alt=\"fotonoticia_20160519123041_800\" width=\"215\" height=\"300\" srcset=\"https:\/\/eldigitaldeasturias.com\/magazine365\/wp-content\/uploads\/2016\/05\/fotonoticia_20160519123041_800-215x300.jpg 215w, https:\/\/eldigitaldeasturias.com\/magazine365\/wp-content\/uploads\/2016\/05\/fotonoticia_20160519123041_800-459x640.jpg 459w, https:\/\/eldigitaldeasturias.com\/magazine365\/wp-content\/uploads\/2016\/05\/fotonoticia_20160519123041_800-768x1071.jpg 768w, https:\/\/eldigitaldeasturias.com\/magazine365\/wp-content\/uploads\/2016\/05\/fotonoticia_20160519123041_800-150x209.jpg 150w, https:\/\/eldigitaldeasturias.com\/magazine365\/wp-content\/uploads\/2016\/05\/fotonoticia_20160519123041_800-450x628.jpg 450w, https:\/\/eldigitaldeasturias.com\/magazine365\/wp-content\/uploads\/2016\/05\/fotonoticia_20160519123041_800.jpg 800w\" sizes=\"(max-width: 215px) 100vw, 215px\" \/>La Primavera Enogastron\u00f3mica en la ruta Ribera del Guadiana ofrece dos nuevas propuestas denominadas &#8216;Entre Vi\u00f1edos y Olivares&#8217;, que se desarrollar\u00e1 en la bodega Palacio Quemado de Alange, y &#8216;Ornitolog\u00eda y Vino&#8217;, que tendr\u00e1 lugar en la zona vitiv\u00edcola de Matanegra.<\/p>\n<p>&#8216;Catave-Ornitolog\u00eda y Vino&#8217; tendr\u00e1 lugar el s\u00e1bado, 21 de mayo, y comenzar\u00e1 a las 09,00 horas con un desayuno en Bodegas Romero de El Raposo, consistente en migas extreme\u00f1as con vino ecol\u00f3gico Eva Beba.<\/p>\n<p>A continuaci\u00f3n tendr\u00e1 lugar la ruta para la observaci\u00f3n de aves y para finalizar, a las 14,00 horas, se invitar\u00e1 a una comida en Bodegas La Pelina.<\/p>\n<p>Para m\u00e1s informaci\u00f3n y reservas, las personas interesadas podr\u00e1n contactar en la direcci\u00f3n de correo electr\u00f3nico sientextrem@gmail.com, en el tel\u00e9fono 654 927 519. y en la Oficina de Turismo de Almendralejo, en el e-mail: turismo@almendralejo.es o en el tel\u00e9fono 924 666 967.<\/p>\n<p>Para dicha actividad se recomienda llevar ropa y calzado c\u00f3modo, as\u00ed como prism\u00e1ticos y c\u00e1maras fotogr\u00e1ficas. Adem\u00e1s, esta oferta es apta para ni\u00f1os, que tendr\u00e1n una cata de mostos, seg\u00fan ha informado la Diputaci\u00f3n de Badajoz en nota de prensa.<\/p>\n<p>Por su parte, la otra actividad es &#8216;Entre Vi\u00f1edos y Olivares&#8217;, que tendr\u00e1 lugar el domingo 22 de mayo y consiste en una visita a los vi\u00f1edos y la bodega Palacio Quemado de Alange.<\/p>\n<p>La ma\u00f1ana comenzar\u00e1 con una ruta senderista y cata de aceite en el olivar y continuar\u00e1 con una visita a los vi\u00f1edos y una degustaci\u00f3n de vinos y paseo en remolque, visita a la bodega y show cooking con degustaci\u00f3n de vinos y tapas.<\/p>\n<p>Los interesados en participar en esta actividad podr\u00e1n obtener m\u00e1s informaci\u00f3n y reservas en las Bodegas Palacio Quemado, en la direcci\u00f3n de correo electr\u00f3nico turismo@alvear.es o en los tel\u00e9fonos 924 120 082 y 620 403 692.<\/p>\n<p>Asimismo, se podr\u00e1n dirigir a Oficina de Turismo de Almendralejo, a su direcci\u00f3n de e-mail turismo@almendralejo.es o al tel\u00e9fono 924 666 967 y a la Oficina de Turismo de Alange, en el mail turismo@alange.es o en el tel\u00e9fono 924 365 219.<\/p>\n<p>La Primavera Enogastron\u00f3mica en la Ruta del Vino Ribera del Guadiana es un evento que incluye un amplio programa de actividades relacionadas con el mundo del vino, el cava, la gastronom\u00eda, la naturaleza y la cultura, que cuenta con la participaci\u00f3n de la Diputaci\u00f3n de Badajoz, Denominaci\u00f3n de Origen &#8216;Ribera del Guadiana&#8217;, Junta de Extremadura, Diputaci\u00f3n de C\u00e1ceres y Rutas del Vino de Espa\u00f1a.<\/p>\n","protected":false},"excerpt":{"rendered":"<p>La Primavera Enogastron\u00f3mica en la ruta Ribera del Guadiana ofrece dos nuevas propuestas denominadas &#8216;Entre Vi\u00f1edos y Olivares&#8217;, que se desarrollar\u00e1 en la bodega Palacio Quemado de Alange, y &#8216;Ornitolog\u00eda y Vino&#8217;, que tendr\u00e1 lugar en la zona vitiv\u00edcola de Matanegra. &#8216;Catave-Ornitolog\u00eda y Vino&#8217; tendr\u00e1 lugar el s\u00e1bado, 21 de mayo, y comenzar\u00e1 a las<\/p>\n","protected":false},"author":1,"featured_media":76461,"comment_status":"open","ping_status":"closed","sticky":false,"template":"","format":"standard","meta":{"footnotes":""},"categories":[224],"tags":[],"class_list":{"0":"post-76460","1":"post","2":"type-post","3":"status-publish","4":"format-standard","5":"has-post-thumbnail","7":"category-noticias-actualidad"},"aioseo_notices":[],"aioseo_head":"\n\t\t<!-- All in One SEO Pro 4.9.6.1 - aioseo.com -->\n\t<meta name=\"description\" content=\"La Primavera Enogastron\u00f3mica en la ruta Ribera del Guadiana ofrece dos nuevas propuestas denominadas &#039;Entre Vi\u00f1edos y Olivares&#039;, que se desarrollar\u00e1 en la bodega Palacio Quemado de Alange, y &#039;Ornitolog\u00eda y Vino&#039;, que tendr\u00e1 lugar en la zona vitiv\u00edcola de Matanegra. &#039;Catave-Ornitolog\u00eda y Vino&#039; tendr\u00e1 lugar el s\u00e1bado, 21 de mayo, y comenzar\u00e1 a las\" \/>\n\t<meta name=\"robots\" content=\"max-image-preview:large\" \/>\n\t<meta name=\"author\" content=\"admin\"\/>\n\t<meta name=\"google-site-verification\" content=\"UA-38556648-1\" \/>\n\t<meta name=\"keywords\" content=\"noticias y actualidad\" \/>\n\t<link rel=\"canonical\" href=\"https:\/\/eldigitaldeasturias.com\/magazine365\/la-primavera-enogastronomica-en-la-ruta-ribera-del-guadiana-ofrece-dos-nuevas-propuestas-en-matanegra-y-alange\/\" \/>\n\t<meta name=\"generator\" content=\"All in One SEO Pro (AIOSEO) 4.9.6.1\" \/>\n\t\t<meta property=\"og:locale\" content=\"es_ES\" \/>\n\t\t<meta property=\"og:site_name\" content=\"El Digital de Asturias \u2013 Revista de ocio, turismo y estilo de vida\" \/>\n\t\t<meta property=\"og:type\" content=\"article\" \/>\n\t\t<meta property=\"og:title\" content=\"La Primavera Enogastron\u00f3mica en la ruta Ribera del Guadiana ofrece dos nuevas propuestas en Matanegra y Alange | El Digital de Asturias\" \/>\n\t\t<meta property=\"og:description\" content=\"La Primavera Enogastron\u00f3mica en la ruta Ribera del Guadiana ofrece dos nuevas propuestas denominadas &#039;Entre Vi\u00f1edos y Olivares&#039;, que se desarrollar\u00e1 en la bodega Palacio Quemado de Alange, y &#039;Ornitolog\u00eda y Vino&#039;, que tendr\u00e1 lugar en la zona vitiv\u00edcola de Matanegra. &#039;Catave-Ornitolog\u00eda y Vino&#039; tendr\u00e1 lugar el s\u00e1bado, 21 de mayo, y comenzar\u00e1 a las\" \/>\n\t\t<meta property=\"og:url\" content=\"https:\/\/eldigitaldeasturias.com\/magazine365\/la-primavera-enogastronomica-en-la-ruta-ribera-del-guadiana-ofrece-dos-nuevas-propuestas-en-matanegra-y-alange\/\" \/>\n\t\t<meta property=\"og:image\" content=\"https:\/\/eldigitaldeasturias.com\/magazine365\/wp-content\/uploads\/2016\/05\/fotonoticia_20160519123041_800.jpg\" \/>\n\t\t<meta property=\"og:image:secure_url\" content=\"https:\/\/eldigitaldeasturias.com\/magazine365\/wp-content\/uploads\/2016\/05\/fotonoticia_20160519123041_800.jpg\" \/>\n\t\t<meta property=\"og:image:width\" content=\"800\" \/>\n\t\t<meta property=\"og:image:height\" content=\"1116\" \/>\n\t\t<meta property=\"article:published_time\" content=\"2016-05-21T03:16:48+00:00\" \/>\n\t\t<meta property=\"article:modified_time\" content=\"2016-05-21T03:16:48+00:00\" \/>\n\t\t<meta name=\"twitter:card\" content=\"summary_large_image\" \/>\n\t\t<meta name=\"twitter:title\" content=\"La Primavera Enogastron\u00f3mica en la ruta Ribera del Guadiana ofrece dos nuevas propuestas en Matanegra y Alange | El Digital de Asturias\" \/>\n\t\t<meta name=\"twitter:description\" content=\"La Primavera Enogastron\u00f3mica en la ruta Ribera del Guadiana ofrece dos nuevas propuestas denominadas &#039;Entre Vi\u00f1edos y Olivares&#039;, que se desarrollar\u00e1 en la bodega Palacio Quemado de Alange, y &#039;Ornitolog\u00eda y Vino&#039;, que tendr\u00e1 lugar en la zona vitiv\u00edcola de Matanegra. &#039;Catave-Ornitolog\u00eda y Vino&#039; tendr\u00e1 lugar el s\u00e1bado, 21 de mayo, y comenzar\u00e1 a las\" \/>\n\t\t<meta name=\"twitter:image\" content=\"https:\/\/eldigitaldeasturias.com\/magazine365\/wp-content\/uploads\/2016\/05\/fotonoticia_20160519123041_800.jpg\" \/>\n\t\t<script type=\"application\/ld+json\" class=\"aioseo-schema\">\n\t\t\t{\"@context\":\"https:\\\/\\\/schema.org\",\"@graph\":[{\"@type\":\"Article\",\"@id\":\"https:\\\/\\\/eldigitaldeasturias.com\\\/magazine365\\\/la-primavera-enogastronomica-en-la-ruta-ribera-del-guadiana-ofrece-dos-nuevas-propuestas-en-matanegra-y-alange\\\/#article\",\"name\":\"La Primavera Enogastron\\u00f3mica en la ruta Ribera del Guadiana ofrece dos nuevas propuestas en Matanegra y Alange | El Digital de Asturias\",\"headline\":\"La Primavera Enogastron\\u00f3mica en la ruta Ribera del Guadiana ofrece dos nuevas propuestas en Matanegra y Alange\",\"author\":{\"@id\":\"https:\\\/\\\/eldigitaldeasturias.com\\\/magazine365\\\/author\\\/admin\\\/#author\"},\"publisher\":{\"@id\":\"https:\\\/\\\/eldigitaldeasturias.com\\\/magazine365\\\/#organization\"},\"image\":{\"@type\":\"ImageObject\",\"url\":\"https:\\\/\\\/eldigitaldeasturias.com\\\/magazine365\\\/wp-content\\\/uploads\\\/2016\\\/05\\\/fotonoticia_20160519123041_800.jpg\",\"width\":800,\"height\":1116},\"datePublished\":\"2016-05-21T05:16:48+02:00\",\"dateModified\":\"2016-05-21T05:16:48+02:00\",\"inLanguage\":\"es-ES\",\"mainEntityOfPage\":{\"@id\":\"https:\\\/\\\/eldigitaldeasturias.com\\\/magazine365\\\/la-primavera-enogastronomica-en-la-ruta-ribera-del-guadiana-ofrece-dos-nuevas-propuestas-en-matanegra-y-alange\\\/#webpage\"},\"isPartOf\":{\"@id\":\"https:\\\/\\\/eldigitaldeasturias.com\\\/magazine365\\\/la-primavera-enogastronomica-en-la-ruta-ribera-del-guadiana-ofrece-dos-nuevas-propuestas-en-matanegra-y-alange\\\/#webpage\"},\"articleSection\":\"Noticias y Actualidad\"},{\"@type\":\"BreadcrumbList\",\"@id\":\"https:\\\/\\\/eldigitaldeasturias.com\\\/magazine365\\\/la-primavera-enogastronomica-en-la-ruta-ribera-del-guadiana-ofrece-dos-nuevas-propuestas-en-matanegra-y-alange\\\/#breadcrumblist\",\"itemListElement\":[{\"@type\":\"ListItem\",\"@id\":\"https:\\\/\\\/eldigitaldeasturias.com\\\/magazine365#listItem\",\"position\":1,\"name\":\"Home\",\"item\":\"https:\\\/\\\/eldigitaldeasturias.com\\\/magazine365\",\"nextItem\":{\"@type\":\"ListItem\",\"@id\":\"https:\\\/\\\/eldigitaldeasturias.com\\\/magazine365\\\/category\\\/noticias-actualidad\\\/#listItem\",\"name\":\"Noticias y Actualidad\"}},{\"@type\":\"ListItem\",\"@id\":\"https:\\\/\\\/eldigitaldeasturias.com\\\/magazine365\\\/category\\\/noticias-actualidad\\\/#listItem\",\"position\":2,\"name\":\"Noticias y Actualidad\",\"item\":\"https:\\\/\\\/eldigitaldeasturias.com\\\/magazine365\\\/category\\\/noticias-actualidad\\\/\",\"nextItem\":{\"@type\":\"ListItem\",\"@id\":\"https:\\\/\\\/eldigitaldeasturias.com\\\/magazine365\\\/la-primavera-enogastronomica-en-la-ruta-ribera-del-guadiana-ofrece-dos-nuevas-propuestas-en-matanegra-y-alange\\\/#listItem\",\"name\":\"La Primavera Enogastron\\u00f3mica en la ruta Ribera del Guadiana ofrece dos nuevas propuestas en Matanegra y Alange\"},\"previousItem\":{\"@type\":\"ListItem\",\"@id\":\"https:\\\/\\\/eldigitaldeasturias.com\\\/magazine365#listItem\",\"name\":\"Home\"}},{\"@type\":\"ListItem\",\"@id\":\"https:\\\/\\\/eldigitaldeasturias.com\\\/magazine365\\\/la-primavera-enogastronomica-en-la-ruta-ribera-del-guadiana-ofrece-dos-nuevas-propuestas-en-matanegra-y-alange\\\/#listItem\",\"position\":3,\"name\":\"La Primavera Enogastron\\u00f3mica en la ruta Ribera del Guadiana ofrece dos nuevas propuestas en Matanegra y Alange\",\"previousItem\":{\"@type\":\"ListItem\",\"@id\":\"https:\\\/\\\/eldigitaldeasturias.com\\\/magazine365\\\/category\\\/noticias-actualidad\\\/#listItem\",\"name\":\"Noticias y Actualidad\"}}]},{\"@type\":\"Organization\",\"@id\":\"https:\\\/\\\/eldigitaldeasturias.com\\\/magazine365\\\/#organization\",\"name\":\"El digital de Asturias\",\"description\":\"Revista de ocio, turismo y estilo de vida\",\"url\":\"https:\\\/\\\/eldigitaldeasturias.com\\\/magazine365\\\/\",\"logo\":{\"@type\":\"ImageObject\",\"url\":\"https:\\\/\\\/www.eldigitaldeasturias.com\\\/noticias\\\/wp-content\\\/uploads\\\/2020\\\/12\\\/EDA.jpg\",\"@id\":\"https:\\\/\\\/eldigitaldeasturias.com\\\/magazine365\\\/la-primavera-enogastronomica-en-la-ruta-ribera-del-guadiana-ofrece-dos-nuevas-propuestas-en-matanegra-y-alange\\\/#organizationLogo\"},\"image\":{\"@id\":\"https:\\\/\\\/eldigitaldeasturias.com\\\/magazine365\\\/la-primavera-enogastronomica-en-la-ruta-ribera-del-guadiana-ofrece-dos-nuevas-propuestas-en-matanegra-y-alange\\\/#organizationLogo\"}},{\"@type\":\"Person\",\"@id\":\"https:\\\/\\\/eldigitaldeasturias.com\\\/magazine365\\\/author\\\/admin\\\/#author\",\"url\":\"https:\\\/\\\/eldigitaldeasturias.com\\\/magazine365\\\/author\\\/admin\\\/\",\"name\":\"admin\",\"image\":{\"@type\":\"ImageObject\",\"@id\":\"https:\\\/\\\/eldigitaldeasturias.com\\\/magazine365\\\/la-primavera-enogastronomica-en-la-ruta-ribera-del-guadiana-ofrece-dos-nuevas-propuestas-en-matanegra-y-alange\\\/#authorImage\",\"url\":\"https:\\\/\\\/eldigitaldeasturias.com\\\/magazine365\\\/wp-content\\\/litespeed\\\/avatar\\\/e571bcf59a0edd6fa6838245a470f2fe.jpg?ver=1777574230\",\"width\":96,\"height\":96,\"caption\":\"admin\"}},{\"@type\":\"WebPage\",\"@id\":\"https:\\\/\\\/eldigitaldeasturias.com\\\/magazine365\\\/la-primavera-enogastronomica-en-la-ruta-ribera-del-guadiana-ofrece-dos-nuevas-propuestas-en-matanegra-y-alange\\\/#webpage\",\"url\":\"https:\\\/\\\/eldigitaldeasturias.com\\\/magazine365\\\/la-primavera-enogastronomica-en-la-ruta-ribera-del-guadiana-ofrece-dos-nuevas-propuestas-en-matanegra-y-alange\\\/\",\"name\":\"La Primavera Enogastron\\u00f3mica en la ruta Ribera del Guadiana ofrece dos nuevas propuestas en Matanegra y Alange | El Digital de Asturias\",\"description\":\"La Primavera Enogastron\\u00f3mica en la ruta Ribera del Guadiana ofrece dos nuevas propuestas denominadas 'Entre Vi\\u00f1edos y Olivares', que se desarrollar\\u00e1 en la bodega Palacio Quemado de Alange, y 'Ornitolog\\u00eda y Vino', que tendr\\u00e1 lugar en la zona vitiv\\u00edcola de Matanegra. 'Catave-Ornitolog\\u00eda y Vino' tendr\\u00e1 lugar el s\\u00e1bado, 21 de mayo, y comenzar\\u00e1 a las\",\"inLanguage\":\"es-ES\",\"isPartOf\":{\"@id\":\"https:\\\/\\\/eldigitaldeasturias.com\\\/magazine365\\\/#website\"},\"breadcrumb\":{\"@id\":\"https:\\\/\\\/eldigitaldeasturias.com\\\/magazine365\\\/la-primavera-enogastronomica-en-la-ruta-ribera-del-guadiana-ofrece-dos-nuevas-propuestas-en-matanegra-y-alange\\\/#breadcrumblist\"},\"author\":{\"@id\":\"https:\\\/\\\/eldigitaldeasturias.com\\\/magazine365\\\/author\\\/admin\\\/#author\"},\"creator\":{\"@id\":\"https:\\\/\\\/eldigitaldeasturias.com\\\/magazine365\\\/author\\\/admin\\\/#author\"},\"image\":{\"@type\":\"ImageObject\",\"url\":\"https:\\\/\\\/eldigitaldeasturias.com\\\/magazine365\\\/wp-content\\\/uploads\\\/2016\\\/05\\\/fotonoticia_20160519123041_800.jpg\",\"@id\":\"https:\\\/\\\/eldigitaldeasturias.com\\\/magazine365\\\/la-primavera-enogastronomica-en-la-ruta-ribera-del-guadiana-ofrece-dos-nuevas-propuestas-en-matanegra-y-alange\\\/#mainImage\",\"width\":800,\"height\":1116},\"primaryImageOfPage\":{\"@id\":\"https:\\\/\\\/eldigitaldeasturias.com\\\/magazine365\\\/la-primavera-enogastronomica-en-la-ruta-ribera-del-guadiana-ofrece-dos-nuevas-propuestas-en-matanegra-y-alange\\\/#mainImage\"},\"datePublished\":\"2016-05-21T05:16:48+02:00\",\"dateModified\":\"2016-05-21T05:16:48+02:00\"},{\"@type\":\"WebSite\",\"@id\":\"https:\\\/\\\/eldigitaldeasturias.com\\\/magazine365\\\/#website\",\"url\":\"https:\\\/\\\/eldigitaldeasturias.com\\\/magazine365\\\/\",\"name\":\"El Digital de Asturias\",\"description\":\"Revista de ocio, turismo y estilo de vida\",\"inLanguage\":\"es-ES\",\"publisher\":{\"@id\":\"https:\\\/\\\/eldigitaldeasturias.com\\\/magazine365\\\/#organization\"}}]}\n\t\t<\/script>\n\t\t<!-- All in One SEO Pro -->\r\n\t\t<title>La Primavera Enogastron\u00f3mica en la ruta Ribera del Guadiana ofrece dos nuevas propuestas en Matanegra y Alange | El Digital de Asturias<\/title>\n\n","aioseo_head_json":{"title":"La Primavera Enogastron\u00f3mica en la ruta Ribera del Guadiana ofrece dos nuevas propuestas en Matanegra y Alange | El Digital de Asturias","description":"La Primavera Enogastron\u00f3mica en la ruta Ribera del Guadiana ofrece dos nuevas propuestas denominadas 'Entre Vi\u00f1edos y Olivares', que se desarrollar\u00e1 en la bodega Palacio Quemado de Alange, y 'Ornitolog\u00eda y Vino', que tendr\u00e1 lugar en la zona vitiv\u00edcola de Matanegra. 'Catave-Ornitolog\u00eda y Vino' tendr\u00e1 lugar el s\u00e1bado, 21 de mayo, y comenzar\u00e1 a las","canonical_url":"https:\/\/eldigitaldeasturias.com\/magazine365\/la-primavera-enogastronomica-en-la-ruta-ribera-del-guadiana-ofrece-dos-nuevas-propuestas-en-matanegra-y-alange\/","robots":"max-image-preview:large","keywords":"noticias y actualidad","webmasterTools":{"google-site-verification":"UA-38556648-1","miscellaneous":""},"schema":{"@context":"https:\/\/schema.org","@graph":[{"@type":"Article","@id":"https:\/\/eldigitaldeasturias.com\/magazine365\/la-primavera-enogastronomica-en-la-ruta-ribera-del-guadiana-ofrece-dos-nuevas-propuestas-en-matanegra-y-alange\/#article","name":"La Primavera Enogastron\u00f3mica en la ruta Ribera del Guadiana ofrece dos nuevas propuestas en Matanegra y Alange | El Digital de Asturias","headline":"La Primavera Enogastron\u00f3mica en la ruta Ribera del Guadiana ofrece dos nuevas propuestas en Matanegra y Alange","author":{"@id":"https:\/\/eldigitaldeasturias.com\/magazine365\/author\/admin\/#author"},"publisher":{"@id":"https:\/\/eldigitaldeasturias.com\/magazine365\/#organization"},"image":{"@type":"ImageObject","url":"https:\/\/eldigitaldeasturias.com\/magazine365\/wp-content\/uploads\/2016\/05\/fotonoticia_20160519123041_800.jpg","width":800,"height":1116},"datePublished":"2016-05-21T05:16:48+02:00","dateModified":"2016-05-21T05:16:48+02:00","inLanguage":"es-ES","mainEntityOfPage":{"@id":"https:\/\/eldigitaldeasturias.com\/magazine365\/la-primavera-enogastronomica-en-la-ruta-ribera-del-guadiana-ofrece-dos-nuevas-propuestas-en-matanegra-y-alange\/#webpage"},"isPartOf":{"@id":"https:\/\/eldigitaldeasturias.com\/magazine365\/la-primavera-enogastronomica-en-la-ruta-ribera-del-guadiana-ofrece-dos-nuevas-propuestas-en-matanegra-y-alange\/#webpage"},"articleSection":"Noticias y Actualidad"},{"@type":"BreadcrumbList","@id":"https:\/\/eldigitaldeasturias.com\/magazine365\/la-primavera-enogastronomica-en-la-ruta-ribera-del-guadiana-ofrece-dos-nuevas-propuestas-en-matanegra-y-alange\/#breadcrumblist","itemListElement":[{"@type":"ListItem","@id":"https:\/\/eldigitaldeasturias.com\/magazine365#listItem","position":1,"name":"Home","item":"https:\/\/eldigitaldeasturias.com\/magazine365","nextItem":{"@type":"ListItem","@id":"https:\/\/eldigitaldeasturias.com\/magazine365\/category\/noticias-actualidad\/#listItem","name":"Noticias y Actualidad"}},{"@type":"ListItem","@id":"https:\/\/eldigitaldeasturias.com\/magazine365\/category\/noticias-actualidad\/#listItem","position":2,"name":"Noticias y Actualidad","item":"https:\/\/eldigitaldeasturias.com\/magazine365\/category\/noticias-actualidad\/","nextItem":{"@type":"ListItem","@id":"https:\/\/eldigitaldeasturias.com\/magazine365\/la-primavera-enogastronomica-en-la-ruta-ribera-del-guadiana-ofrece-dos-nuevas-propuestas-en-matanegra-y-alange\/#listItem","name":"La Primavera Enogastron\u00f3mica en la ruta Ribera del Guadiana ofrece dos nuevas propuestas en Matanegra y Alange"},"previousItem":{"@type":"ListItem","@id":"https:\/\/eldigitaldeasturias.com\/magazine365#listItem","name":"Home"}},{"@type":"ListItem","@id":"https:\/\/eldigitaldeasturias.com\/magazine365\/la-primavera-enogastronomica-en-la-ruta-ribera-del-guadiana-ofrece-dos-nuevas-propuestas-en-matanegra-y-alange\/#listItem","position":3,"name":"La Primavera Enogastron\u00f3mica en la ruta Ribera del Guadiana ofrece dos nuevas propuestas en Matanegra y Alange","previousItem":{"@type":"ListItem","@id":"https:\/\/eldigitaldeasturias.com\/magazine365\/category\/noticias-actualidad\/#listItem","name":"Noticias y Actualidad"}}]},{"@type":"Organization","@id":"https:\/\/eldigitaldeasturias.com\/magazine365\/#organization","name":"El digital de Asturias","description":"Revista de ocio, turismo y estilo de vida","url":"https:\/\/eldigitaldeasturias.com\/magazine365\/","logo":{"@type":"ImageObject","url":"https:\/\/www.eldigitaldeasturias.com\/noticias\/wp-content\/uploads\/2020\/12\/EDA.jpg","@id":"https:\/\/eldigitaldeasturias.com\/magazine365\/la-primavera-enogastronomica-en-la-ruta-ribera-del-guadiana-ofrece-dos-nuevas-propuestas-en-matanegra-y-alange\/#organizationLogo"},"image":{"@id":"https:\/\/eldigitaldeasturias.com\/magazine365\/la-primavera-enogastronomica-en-la-ruta-ribera-del-guadiana-ofrece-dos-nuevas-propuestas-en-matanegra-y-alange\/#organizationLogo"}},{"@type":"Person","@id":"https:\/\/eldigitaldeasturias.com\/magazine365\/author\/admin\/#author","url":"https:\/\/eldigitaldeasturias.com\/magazine365\/author\/admin\/","name":"admin","image":{"@type":"ImageObject","@id":"https:\/\/eldigitaldeasturias.com\/magazine365\/la-primavera-enogastronomica-en-la-ruta-ribera-del-guadiana-ofrece-dos-nuevas-propuestas-en-matanegra-y-alange\/#authorImage","url":"https:\/\/eldigitaldeasturias.com\/magazine365\/wp-content\/litespeed\/avatar\/e571bcf59a0edd6fa6838245a470f2fe.jpg?ver=1777574230","width":96,"height":96,"caption":"admin"}},{"@type":"WebPage","@id":"https:\/\/eldigitaldeasturias.com\/magazine365\/la-primavera-enogastronomica-en-la-ruta-ribera-del-guadiana-ofrece-dos-nuevas-propuestas-en-matanegra-y-alange\/#webpage","url":"https:\/\/eldigitaldeasturias.com\/magazine365\/la-primavera-enogastronomica-en-la-ruta-ribera-del-guadiana-ofrece-dos-nuevas-propuestas-en-matanegra-y-alange\/","name":"La Primavera Enogastron\u00f3mica en la ruta Ribera del Guadiana ofrece dos nuevas propuestas en Matanegra y Alange | El Digital de Asturias","description":"La Primavera Enogastron\u00f3mica en la ruta Ribera del Guadiana ofrece dos nuevas propuestas denominadas 'Entre Vi\u00f1edos y Olivares', que se desarrollar\u00e1 en la bodega Palacio Quemado de Alange, y 'Ornitolog\u00eda y Vino', que tendr\u00e1 lugar en la zona vitiv\u00edcola de Matanegra. 'Catave-Ornitolog\u00eda y Vino' tendr\u00e1 lugar el s\u00e1bado, 21 de mayo, y comenzar\u00e1 a las","inLanguage":"es-ES","isPartOf":{"@id":"https:\/\/eldigitaldeasturias.com\/magazine365\/#website"},"breadcrumb":{"@id":"https:\/\/eldigitaldeasturias.com\/magazine365\/la-primavera-enogastronomica-en-la-ruta-ribera-del-guadiana-ofrece-dos-nuevas-propuestas-en-matanegra-y-alange\/#breadcrumblist"},"author":{"@id":"https:\/\/eldigitaldeasturias.com\/magazine365\/author\/admin\/#author"},"creator":{"@id":"https:\/\/eldigitaldeasturias.com\/magazine365\/author\/admin\/#author"},"image":{"@type":"ImageObject","url":"https:\/\/eldigitaldeasturias.com\/magazine365\/wp-content\/uploads\/2016\/05\/fotonoticia_20160519123041_800.jpg","@id":"https:\/\/eldigitaldeasturias.com\/magazine365\/la-primavera-enogastronomica-en-la-ruta-ribera-del-guadiana-ofrece-dos-nuevas-propuestas-en-matanegra-y-alange\/#mainImage","width":800,"height":1116},"primaryImageOfPage":{"@id":"https:\/\/eldigitaldeasturias.com\/magazine365\/la-primavera-enogastronomica-en-la-ruta-ribera-del-guadiana-ofrece-dos-nuevas-propuestas-en-matanegra-y-alange\/#mainImage"},"datePublished":"2016-05-21T05:16:48+02:00","dateModified":"2016-05-21T05:16:48+02:00"},{"@type":"WebSite","@id":"https:\/\/eldigitaldeasturias.com\/magazine365\/#website","url":"https:\/\/eldigitaldeasturias.com\/magazine365\/","name":"El Digital de Asturias","description":"Revista de ocio, turismo y estilo de vida","inLanguage":"es-ES","publisher":{"@id":"https:\/\/eldigitaldeasturias.com\/magazine365\/#organization"}}]},"og:locale":"es_ES","og:site_name":"El Digital de Asturias \u2013 Revista de ocio, turismo y estilo de vida","og:type":"article","og:title":"La Primavera Enogastron\u00f3mica en la ruta Ribera del Guadiana ofrece dos nuevas propuestas en Matanegra y Alange | El Digital de Asturias","og:description":"La Primavera Enogastron\u00f3mica en la ruta Ribera del Guadiana ofrece dos nuevas propuestas denominadas 'Entre Vi\u00f1edos y Olivares', que se desarrollar\u00e1 en la bodega Palacio Quemado de Alange, y 'Ornitolog\u00eda y Vino', que tendr\u00e1 lugar en la zona vitiv\u00edcola de Matanegra. 'Catave-Ornitolog\u00eda y Vino' tendr\u00e1 lugar el s\u00e1bado, 21 de mayo, y comenzar\u00e1 a las","og:url":"https:\/\/eldigitaldeasturias.com\/magazine365\/la-primavera-enogastronomica-en-la-ruta-ribera-del-guadiana-ofrece-dos-nuevas-propuestas-en-matanegra-y-alange\/","og:image":"https:\/\/eldigitaldeasturias.com\/magazine365\/wp-content\/uploads\/2016\/05\/fotonoticia_20160519123041_800.jpg","og:image:secure_url":"https:\/\/eldigitaldeasturias.com\/magazine365\/wp-content\/uploads\/2016\/05\/fotonoticia_20160519123041_800.jpg","og:image:width":800,"og:image:height":1116,"article:published_time":"2016-05-21T03:16:48+00:00","article:modified_time":"2016-05-21T03:16:48+00:00","twitter:card":"summary_large_image","twitter:title":"La Primavera Enogastron\u00f3mica en la ruta Ribera del Guadiana ofrece dos nuevas propuestas en Matanegra y Alange | El Digital de Asturias","twitter:description":"La Primavera Enogastron\u00f3mica en la ruta Ribera del Guadiana ofrece dos nuevas propuestas denominadas 'Entre Vi\u00f1edos y Olivares', que se desarrollar\u00e1 en la bodega Palacio Quemado de Alange, y 'Ornitolog\u00eda y Vino', que tendr\u00e1 lugar en la zona vitiv\u00edcola de Matanegra. 'Catave-Ornitolog\u00eda y Vino' tendr\u00e1 lugar el s\u00e1bado, 21 de mayo, y comenzar\u00e1 a las","twitter:image":"https:\/\/eldigitaldeasturias.com\/magazine365\/wp-content\/uploads\/2016\/05\/fotonoticia_20160519123041_800.jpg"},"aioseo_meta_data":{"post_id":"76460","title":null,"description":null,"keywords":null,"keyphrases":null,"primary_term":null,"canonical_url":null,"og_title":null,"og_description":null,"og_object_type":"default","og_image_type":"default","og_image_url":null,"og_image_width":null,"og_image_height":null,"og_image_custom_url":null,"og_image_custom_fields":null,"og_video":null,"og_custom_url":null,"og_article_section":null,"og_article_tags":null,"twitter_use_og":false,"twitter_card":"default","twitter_image_type":"default","twitter_image_url":null,"twitter_image_custom_url":null,"twitter_image_custom_fields":null,"twitter_title":null,"twitter_description":null,"schema":{"blockGraphs":[],"customGraphs":[],"default":{"data":{"Article":[],"Course":[],"Dataset":[],"FAQPage":[],"Movie":[],"Person":[],"Product":[],"ProductReview":[],"Car":[],"Recipe":[],"Service":[],"SoftwareApplication":[],"WebPage":[]},"graphName":"","isEnabled":true},"graphs":[]},"schema_type":null,"schema_type_options":null,"pillar_content":false,"robots_default":true,"robots_noindex":false,"robots_noarchive":false,"robots_nosnippet":false,"robots_nofollow":false,"robots_noimageindex":false,"robots_noodp":false,"robots_notranslate":false,"robots_max_snippet":null,"robots_max_videopreview":null,"robots_max_imagepreview":"large","priority":null,"frequency":null,"location":null,"local_seo":null,"seo_analyzer_scan_date":"2025-09-27 12:41:05","breadcrumb_settings":null,"limit_modified_date":false,"open_ai":null,"ai":null,"created":"2021-03-08 18:27:57","updated":"2025-09-27 12:41:05"},"aioseo_breadcrumb":"<div class=\"aioseo-breadcrumbs\"><span class=\"aioseo-breadcrumb\">\n\t<a href=\"https:\/\/eldigitaldeasturias.com\/magazine365\" title=\"Home\">Home<\/a>\n<\/span><span class=\"aioseo-breadcrumb-separator\">\u2013<\/span><span class=\"aioseo-breadcrumb\">\n\t<a href=\"https:\/\/eldigitaldeasturias.com\/magazine365\/category\/noticias-actualidad\/\" title=\"Noticias y Actualidad\">Noticias y Actualidad<\/a>\n<\/span><span class=\"aioseo-breadcrumb-separator\">\u2013<\/span><span class=\"aioseo-breadcrumb\">\n\t<a href=\"https:\/\/eldigitaldeasturias.com\/magazine365\/la-primavera-enogastronomica-en-la-ruta-ribera-del-guadiana-ofrece-dos-nuevas-propuestas-en-matanegra-y-alange\/\" title=\"La Primavera Enogastron\u00f3mica en la ruta Ribera del Guadiana ofrece dos nuevas propuestas en Matanegra y Alange\">La Primavera Enogastron\u00f3mica en la ruta Ribera del Guadiana ofrece dos nuevas propuestas en Matanegra y Alange<\/a>\n<\/span><\/div>","aioseo_breadcrumb_json":[{"label":"Home","link":"https:\/\/eldigitaldeasturias.com\/magazine365"},{"label":"Noticias y Actualidad","link":"https:\/\/eldigitaldeasturias.com\/magazine365\/category\/noticias-actualidad\/"},{"label":"La Primavera Enogastron\u00f3mica en la ruta Ribera del Guadiana ofrece dos nuevas propuestas en Matanegra y Alange","link":"https:\/\/eldigitaldeasturias.com\/magazine365\/la-primavera-enogastronomica-en-la-ruta-ribera-del-guadiana-ofrece-dos-nuevas-propuestas-en-matanegra-y-alange\/"}],"_links":{"self":[{"href":"https:\/\/eldigitaldeasturias.com\/magazine365\/wp-json\/wp\/v2\/posts\/76460","targetHints":{"allow":["GET"]}}],"collection":[{"href":"https:\/\/eldigitaldeasturias.com\/magazine365\/wp-json\/wp\/v2\/posts"}],"about":[{"href":"https:\/\/eldigitaldeasturias.com\/magazine365\/wp-json\/wp\/v2\/types\/post"}],"author":[{"embeddable":true,"href":"https:\/\/eldigitaldeasturias.com\/magazine365\/wp-json\/wp\/v2\/users\/1"}],"replies":[{"embeddable":true,"href":"https:\/\/eldigitaldeasturias.com\/magazine365\/wp-json\/wp\/v2\/comments?post=76460"}],"version-history":[{"count":0,"href":"https:\/\/eldigitaldeasturias.com\/magazine365\/wp-json\/wp\/v2\/posts\/76460\/revisions"}],"wp:featuredmedia":[{"embeddable":true,"href":"https:\/\/eldigitaldeasturias.com\/magazine365\/wp-json\/wp\/v2\/media\/76461"}],"wp:attachment":[{"href":"https:\/\/eldigitaldeasturias.com\/magazine365\/wp-json\/wp\/v2\/media?parent=76460"}],"wp:term":[{"taxonomy":"category","embeddable":true,"href":"https:\/\/eldigitaldeasturias.com\/magazine365\/wp-json\/wp\/v2\/categories?post=76460"},{"taxonomy":"post_tag","embeddable":true,"href":"https:\/\/eldigitaldeasturias.com\/magazine365\/wp-json\/wp\/v2\/tags?post=76460"}],"curies":[{"name":"wp","href":"https:\/\/api.w.org\/{rel}","templated":true}]}}