{"id":76443,"date":"2016-05-21T05:06:44","date_gmt":"2016-05-21T03:06:44","guid":{"rendered":"http:\/\/eldigitaldeasturias.com\/magazine365\/?p=76443"},"modified":"2016-05-21T05:06:44","modified_gmt":"2016-05-21T03:06:44","slug":"joan-gaspart-sobre-los-foros-de-baleares-ojala-se-hubieran-hecho-tambien-en-barcelona","status":"publish","type":"post","link":"https:\/\/eldigitaldeasturias.com\/magazine365\/joan-gaspart-sobre-los-foros-de-baleares-ojala-se-hubieran-hecho-tambien-en-barcelona\/","title":{"rendered":"Joan Gaspart, sobre los foros de Baleares: \u00abOjal\u00e1 se hubieran hecho tambi\u00e9n en Barcelona\u00bb"},"content":{"rendered":"<p><img fetchpriority=\"high\" decoding=\"async\" class=\"alignleft size-medium wp-image-76444\" src=\"https:\/\/eldigitaldeasturias.com\/magazine365\/wp-content\/uploads\/2016\/05\/fotonoticia_20160519111427_800-360x213.jpg\" alt=\"fotonoticia_20160519111427_800\" width=\"360\" height=\"213\" srcset=\"https:\/\/eldigitaldeasturias.com\/magazine365\/wp-content\/uploads\/2016\/05\/fotonoticia_20160519111427_800-360x213.jpg 360w, https:\/\/eldigitaldeasturias.com\/magazine365\/wp-content\/uploads\/2016\/05\/fotonoticia_20160519111427_800-650x385.jpg 650w, https:\/\/eldigitaldeasturias.com\/magazine365\/wp-content\/uploads\/2016\/05\/fotonoticia_20160519111427_800-768x455.jpg 768w, https:\/\/eldigitaldeasturias.com\/magazine365\/wp-content\/uploads\/2016\/05\/fotonoticia_20160519111427_800-150x89.jpg 150w, https:\/\/eldigitaldeasturias.com\/magazine365\/wp-content\/uploads\/2016\/05\/fotonoticia_20160519111427_800-450x267.jpg 450w, https:\/\/eldigitaldeasturias.com\/magazine365\/wp-content\/uploads\/2016\/05\/fotonoticia_20160519111427_800.jpg 800w\" sizes=\"(max-width: 360px) 100vw, 360px\" \/>El expresidente del FC Barcelona Joan Gaspart, quien ha declarado como testigo en el juicio del caso N\u00f3os, ha manifestado, al ser inquirido sobre los denominados Illes Balears Forum, por cuya organizaci\u00f3n el Instituto N\u00f3os cobr\u00f3 2,3 millones de euros p\u00fablicos, que \u00abojal\u00e1 se hubieran hecho tambi\u00e9n en Barcelona\u00bb, al recalcar la imporancia de promocionar unidos el deporte y el turismo.<\/p>\n<p>Durante su comparecencia, propuesta por la defensa de I\u00f1aki Urdangarin, el empresario ha alabado el papel de este tipo de eventos: \u00abS\u00e9 la importancia que tiene el deporte para una ciudad. No hay m\u00e1s que ver la repercusi\u00f3n de los Juegos Ol\u00edmpicos en Barcelona\u00bb, ha subrayado.<\/p>\n<p>Gaspart es uno de los \u00faltimos testigos en declarar en el juicio, ya que este jueves el tribunal prev\u00e9 poner fin a la fase de testificales. Durante estos meses, m\u00e1s de 300 personas han testificado sobre el conocimiento que ten\u00edan acerca de las actividades del Instituto N\u00f3os y de su vinculaci\u00f3n con las Administraciones p\u00fablicas, de las que de forma presuntamente irregular la entidad percibi\u00f3 m\u00e1s de seis millones de euros.<\/p>\n<p>El testigo ha se\u00f1alado en su declaraci\u00f3n que particip\u00f3 como ponente en el primer foro de Palma, celebrado en 2005, y, preguntado sobre qui\u00e9n pag\u00f3 el viaje, ha manifestado que \u00e9l mismo puesto que \u00abaprovech\u00e9 para visitar mis hoteles\u00bb en la capital balear.<\/p>\n<p>El empresario ha sido asimismo inquirido sobre el precio de distintos eventos sobre turismo y deporte, similares a los Illes Balears Forum, como el Global Export Forum celebrado en Barcelona, lo que ha manifestado desconocer puesto que se celebran \u00abmuchos foros\u00bb sobre estos \u00e1mbitos.<\/p>\n<p>\u00abNosotros tenemos 55 millones en Turismo Barcelona y nos los gastamos todo en promocionar la ciudad, pero no soy experto. No s\u00e9 si valen 4, 10 \u00f3 14 millones\u00bb, ha incidido Gaspart, quien ha se\u00f1alado que todo depende de la repercusi\u00f3n econ\u00f3mica que supongan para la ciudad. \u00abGastarme 90 millones y garantizar una inversi\u00f3n de 3.000 es un buen negocio. Si gastase 90 millones y lograse 20, no lo ser\u00eda\u00bb, ha recalcado.<\/p>\n<p>Finalmente, al ser interpelado sobre si cobr\u00f3 por participar en la cumbre de Palma, Gaspart ha se\u00f1alado: \u00abSi se entiende por cobrar un bol\u00edgrafo, es lo que nos dieron a todos\u00bb. El empresario ha apuntado finalmente que tambi\u00e9n particip\u00f3 en una de las ediciones del Valencia Summit, tambi\u00e9n organizado por N\u00f3os.<\/p>\n","protected":false},"excerpt":{"rendered":"<p>El expresidente del FC Barcelona Joan Gaspart, quien ha declarado como testigo en el juicio del caso N\u00f3os, ha manifestado, al ser inquirido sobre los denominados Illes Balears Forum, por cuya organizaci\u00f3n el Instituto N\u00f3os cobr\u00f3 2,3 millones de euros p\u00fablicos, que \u00abojal\u00e1 se hubieran hecho tambi\u00e9n en Barcelona\u00bb, al recalcar la imporancia de promocionar<\/p>\n","protected":false},"author":1,"featured_media":76444,"comment_status":"open","ping_status":"closed","sticky":false,"template":"","format":"standard","meta":{"footnotes":""},"categories":[224],"tags":[],"class_list":{"0":"post-76443","1":"post","2":"type-post","3":"status-publish","4":"format-standard","5":"has-post-thumbnail","7":"category-noticias-actualidad"},"aioseo_notices":[],"aioseo_head":"\n\t\t<!-- All in One SEO Pro 4.9.6.1 - aioseo.com -->\n\t<meta name=\"description\" content=\"El expresidente del FC Barcelona Joan Gaspart, quien ha declarado como testigo en el juicio del caso N\u00f3os, ha manifestado, al ser inquirido sobre los denominados Illes Balears Forum, por cuya organizaci\u00f3n el Instituto N\u00f3os cobr\u00f3 2,3 millones de euros p\u00fablicos, que &quot;ojal\u00e1 se hubieran hecho tambi\u00e9n en Barcelona&quot;, al recalcar la imporancia de promocionar\" \/>\n\t<meta name=\"robots\" content=\"max-image-preview:large\" \/>\n\t<meta name=\"author\" content=\"admin\"\/>\n\t<meta name=\"google-site-verification\" content=\"UA-38556648-1\" \/>\n\t<meta name=\"keywords\" content=\"noticias y actualidad\" \/>\n\t<link rel=\"canonical\" href=\"https:\/\/eldigitaldeasturias.com\/magazine365\/joan-gaspart-sobre-los-foros-de-baleares-ojala-se-hubieran-hecho-tambien-en-barcelona\/\" \/>\n\t<meta name=\"generator\" content=\"All in One SEO Pro (AIOSEO) 4.9.6.1\" \/>\n\t\t<meta property=\"og:locale\" content=\"es_ES\" \/>\n\t\t<meta property=\"og:site_name\" content=\"El Digital de Asturias \u2013 Revista de ocio, turismo y estilo de vida\" \/>\n\t\t<meta property=\"og:type\" content=\"article\" \/>\n\t\t<meta property=\"og:title\" content=\"Joan Gaspart, sobre los foros de Baleares: \u00abOjal\u00e1 se hubieran hecho tambi\u00e9n en Barcelona\u00bb | El Digital de Asturias\" \/>\n\t\t<meta property=\"og:description\" content=\"El expresidente del FC Barcelona Joan Gaspart, quien ha declarado como testigo en el juicio del caso N\u00f3os, ha manifestado, al ser inquirido sobre los denominados Illes Balears Forum, por cuya organizaci\u00f3n el Instituto N\u00f3os cobr\u00f3 2,3 millones de euros p\u00fablicos, que &quot;ojal\u00e1 se hubieran hecho tambi\u00e9n en Barcelona&quot;, al recalcar la imporancia de promocionar\" \/>\n\t\t<meta property=\"og:url\" content=\"https:\/\/eldigitaldeasturias.com\/magazine365\/joan-gaspart-sobre-los-foros-de-baleares-ojala-se-hubieran-hecho-tambien-en-barcelona\/\" \/>\n\t\t<meta property=\"og:image\" content=\"https:\/\/eldigitaldeasturias.com\/magazine365\/wp-content\/uploads\/2016\/05\/fotonoticia_20160519111427_800.jpg\" \/>\n\t\t<meta property=\"og:image:secure_url\" content=\"https:\/\/eldigitaldeasturias.com\/magazine365\/wp-content\/uploads\/2016\/05\/fotonoticia_20160519111427_800.jpg\" \/>\n\t\t<meta property=\"og:image:width\" content=\"800\" \/>\n\t\t<meta property=\"og:image:height\" content=\"474\" \/>\n\t\t<meta property=\"article:published_time\" content=\"2016-05-21T03:06:44+00:00\" \/>\n\t\t<meta property=\"article:modified_time\" content=\"2016-05-21T03:06:44+00:00\" \/>\n\t\t<meta name=\"twitter:card\" content=\"summary_large_image\" \/>\n\t\t<meta name=\"twitter:title\" content=\"Joan Gaspart, sobre los foros de Baleares: \u00abOjal\u00e1 se hubieran hecho tambi\u00e9n en Barcelona\u00bb | El Digital de Asturias\" \/>\n\t\t<meta name=\"twitter:description\" content=\"El expresidente del FC Barcelona Joan Gaspart, quien ha declarado como testigo en el juicio del caso N\u00f3os, ha manifestado, al ser inquirido sobre los denominados Illes Balears Forum, por cuya organizaci\u00f3n el Instituto N\u00f3os cobr\u00f3 2,3 millones de euros p\u00fablicos, que &quot;ojal\u00e1 se hubieran hecho tambi\u00e9n en Barcelona&quot;, al recalcar la imporancia de promocionar\" \/>\n\t\t<meta name=\"twitter:image\" content=\"https:\/\/eldigitaldeasturias.com\/magazine365\/wp-content\/uploads\/2016\/05\/fotonoticia_20160519111427_800.jpg\" \/>\n\t\t<script type=\"application\/ld+json\" class=\"aioseo-schema\">\n\t\t\t{\"@context\":\"https:\\\/\\\/schema.org\",\"@graph\":[{\"@type\":\"Article\",\"@id\":\"https:\\\/\\\/eldigitaldeasturias.com\\\/magazine365\\\/joan-gaspart-sobre-los-foros-de-baleares-ojala-se-hubieran-hecho-tambien-en-barcelona\\\/#article\",\"name\":\"Joan Gaspart, sobre los foros de Baleares: \\u00abOjal\\u00e1 se hubieran hecho tambi\\u00e9n en Barcelona\\u00bb | El Digital de Asturias\",\"headline\":\"Joan Gaspart, sobre los foros de Baleares: \\u00abOjal\\u00e1 se hubieran hecho tambi\\u00e9n en Barcelona\\u00bb\",\"author\":{\"@id\":\"https:\\\/\\\/eldigitaldeasturias.com\\\/magazine365\\\/author\\\/admin\\\/#author\"},\"publisher\":{\"@id\":\"https:\\\/\\\/eldigitaldeasturias.com\\\/magazine365\\\/#organization\"},\"image\":{\"@type\":\"ImageObject\",\"url\":\"https:\\\/\\\/eldigitaldeasturias.com\\\/magazine365\\\/wp-content\\\/uploads\\\/2016\\\/05\\\/fotonoticia_20160519111427_800.jpg\",\"width\":800,\"height\":474},\"datePublished\":\"2016-05-21T05:06:44+02:00\",\"dateModified\":\"2016-05-21T05:06:44+02:00\",\"inLanguage\":\"es-ES\",\"mainEntityOfPage\":{\"@id\":\"https:\\\/\\\/eldigitaldeasturias.com\\\/magazine365\\\/joan-gaspart-sobre-los-foros-de-baleares-ojala-se-hubieran-hecho-tambien-en-barcelona\\\/#webpage\"},\"isPartOf\":{\"@id\":\"https:\\\/\\\/eldigitaldeasturias.com\\\/magazine365\\\/joan-gaspart-sobre-los-foros-de-baleares-ojala-se-hubieran-hecho-tambien-en-barcelona\\\/#webpage\"},\"articleSection\":\"Noticias y Actualidad\"},{\"@type\":\"BreadcrumbList\",\"@id\":\"https:\\\/\\\/eldigitaldeasturias.com\\\/magazine365\\\/joan-gaspart-sobre-los-foros-de-baleares-ojala-se-hubieran-hecho-tambien-en-barcelona\\\/#breadcrumblist\",\"itemListElement\":[{\"@type\":\"ListItem\",\"@id\":\"https:\\\/\\\/eldigitaldeasturias.com\\\/magazine365#listItem\",\"position\":1,\"name\":\"Home\",\"item\":\"https:\\\/\\\/eldigitaldeasturias.com\\\/magazine365\",\"nextItem\":{\"@type\":\"ListItem\",\"@id\":\"https:\\\/\\\/eldigitaldeasturias.com\\\/magazine365\\\/category\\\/noticias-actualidad\\\/#listItem\",\"name\":\"Noticias y Actualidad\"}},{\"@type\":\"ListItem\",\"@id\":\"https:\\\/\\\/eldigitaldeasturias.com\\\/magazine365\\\/category\\\/noticias-actualidad\\\/#listItem\",\"position\":2,\"name\":\"Noticias y Actualidad\",\"item\":\"https:\\\/\\\/eldigitaldeasturias.com\\\/magazine365\\\/category\\\/noticias-actualidad\\\/\",\"nextItem\":{\"@type\":\"ListItem\",\"@id\":\"https:\\\/\\\/eldigitaldeasturias.com\\\/magazine365\\\/joan-gaspart-sobre-los-foros-de-baleares-ojala-se-hubieran-hecho-tambien-en-barcelona\\\/#listItem\",\"name\":\"Joan Gaspart, sobre los foros de Baleares: \\u00abOjal\\u00e1 se hubieran hecho tambi\\u00e9n en Barcelona\\u00bb\"},\"previousItem\":{\"@type\":\"ListItem\",\"@id\":\"https:\\\/\\\/eldigitaldeasturias.com\\\/magazine365#listItem\",\"name\":\"Home\"}},{\"@type\":\"ListItem\",\"@id\":\"https:\\\/\\\/eldigitaldeasturias.com\\\/magazine365\\\/joan-gaspart-sobre-los-foros-de-baleares-ojala-se-hubieran-hecho-tambien-en-barcelona\\\/#listItem\",\"position\":3,\"name\":\"Joan Gaspart, sobre los foros de Baleares: \\u00abOjal\\u00e1 se hubieran hecho tambi\\u00e9n en Barcelona\\u00bb\",\"previousItem\":{\"@type\":\"ListItem\",\"@id\":\"https:\\\/\\\/eldigitaldeasturias.com\\\/magazine365\\\/category\\\/noticias-actualidad\\\/#listItem\",\"name\":\"Noticias y Actualidad\"}}]},{\"@type\":\"Organization\",\"@id\":\"https:\\\/\\\/eldigitaldeasturias.com\\\/magazine365\\\/#organization\",\"name\":\"El digital de Asturias\",\"description\":\"Revista de ocio, turismo y estilo de vida\",\"url\":\"https:\\\/\\\/eldigitaldeasturias.com\\\/magazine365\\\/\",\"logo\":{\"@type\":\"ImageObject\",\"url\":\"https:\\\/\\\/www.eldigitaldeasturias.com\\\/noticias\\\/wp-content\\\/uploads\\\/2020\\\/12\\\/EDA.jpg\",\"@id\":\"https:\\\/\\\/eldigitaldeasturias.com\\\/magazine365\\\/joan-gaspart-sobre-los-foros-de-baleares-ojala-se-hubieran-hecho-tambien-en-barcelona\\\/#organizationLogo\"},\"image\":{\"@id\":\"https:\\\/\\\/eldigitaldeasturias.com\\\/magazine365\\\/joan-gaspart-sobre-los-foros-de-baleares-ojala-se-hubieran-hecho-tambien-en-barcelona\\\/#organizationLogo\"}},{\"@type\":\"Person\",\"@id\":\"https:\\\/\\\/eldigitaldeasturias.com\\\/magazine365\\\/author\\\/admin\\\/#author\",\"url\":\"https:\\\/\\\/eldigitaldeasturias.com\\\/magazine365\\\/author\\\/admin\\\/\",\"name\":\"admin\",\"image\":{\"@type\":\"ImageObject\",\"@id\":\"https:\\\/\\\/eldigitaldeasturias.com\\\/magazine365\\\/joan-gaspart-sobre-los-foros-de-baleares-ojala-se-hubieran-hecho-tambien-en-barcelona\\\/#authorImage\",\"url\":\"https:\\\/\\\/eldigitaldeasturias.com\\\/magazine365\\\/wp-content\\\/litespeed\\\/avatar\\\/e571bcf59a0edd6fa6838245a470f2fe.jpg?ver=1777574230\",\"width\":96,\"height\":96,\"caption\":\"admin\"}},{\"@type\":\"WebPage\",\"@id\":\"https:\\\/\\\/eldigitaldeasturias.com\\\/magazine365\\\/joan-gaspart-sobre-los-foros-de-baleares-ojala-se-hubieran-hecho-tambien-en-barcelona\\\/#webpage\",\"url\":\"https:\\\/\\\/eldigitaldeasturias.com\\\/magazine365\\\/joan-gaspart-sobre-los-foros-de-baleares-ojala-se-hubieran-hecho-tambien-en-barcelona\\\/\",\"name\":\"Joan Gaspart, sobre los foros de Baleares: \\u00abOjal\\u00e1 se hubieran hecho tambi\\u00e9n en Barcelona\\u00bb | El Digital de Asturias\",\"description\":\"El expresidente del FC Barcelona Joan Gaspart, quien ha declarado como testigo en el juicio del caso N\\u00f3os, ha manifestado, al ser inquirido sobre los denominados Illes Balears Forum, por cuya organizaci\\u00f3n el Instituto N\\u00f3os cobr\\u00f3 2,3 millones de euros p\\u00fablicos, que \\\"ojal\\u00e1 se hubieran hecho tambi\\u00e9n en Barcelona\\\", al recalcar la imporancia de promocionar\",\"inLanguage\":\"es-ES\",\"isPartOf\":{\"@id\":\"https:\\\/\\\/eldigitaldeasturias.com\\\/magazine365\\\/#website\"},\"breadcrumb\":{\"@id\":\"https:\\\/\\\/eldigitaldeasturias.com\\\/magazine365\\\/joan-gaspart-sobre-los-foros-de-baleares-ojala-se-hubieran-hecho-tambien-en-barcelona\\\/#breadcrumblist\"},\"author\":{\"@id\":\"https:\\\/\\\/eldigitaldeasturias.com\\\/magazine365\\\/author\\\/admin\\\/#author\"},\"creator\":{\"@id\":\"https:\\\/\\\/eldigitaldeasturias.com\\\/magazine365\\\/author\\\/admin\\\/#author\"},\"image\":{\"@type\":\"ImageObject\",\"url\":\"https:\\\/\\\/eldigitaldeasturias.com\\\/magazine365\\\/wp-content\\\/uploads\\\/2016\\\/05\\\/fotonoticia_20160519111427_800.jpg\",\"@id\":\"https:\\\/\\\/eldigitaldeasturias.com\\\/magazine365\\\/joan-gaspart-sobre-los-foros-de-baleares-ojala-se-hubieran-hecho-tambien-en-barcelona\\\/#mainImage\",\"width\":800,\"height\":474},\"primaryImageOfPage\":{\"@id\":\"https:\\\/\\\/eldigitaldeasturias.com\\\/magazine365\\\/joan-gaspart-sobre-los-foros-de-baleares-ojala-se-hubieran-hecho-tambien-en-barcelona\\\/#mainImage\"},\"datePublished\":\"2016-05-21T05:06:44+02:00\",\"dateModified\":\"2016-05-21T05:06:44+02:00\"},{\"@type\":\"WebSite\",\"@id\":\"https:\\\/\\\/eldigitaldeasturias.com\\\/magazine365\\\/#website\",\"url\":\"https:\\\/\\\/eldigitaldeasturias.com\\\/magazine365\\\/\",\"name\":\"El Digital de Asturias\",\"description\":\"Revista de ocio, turismo y estilo de vida\",\"inLanguage\":\"es-ES\",\"publisher\":{\"@id\":\"https:\\\/\\\/eldigitaldeasturias.com\\\/magazine365\\\/#organization\"}}]}\n\t\t<\/script>\n\t\t<!-- All in One SEO Pro -->\r\n\t\t<title>Joan Gaspart, sobre los foros de Baleares: \u00abOjal\u00e1 se hubieran hecho tambi\u00e9n en Barcelona\u00bb | El Digital de Asturias<\/title>\n\n","aioseo_head_json":{"title":"Joan Gaspart, sobre los foros de Baleares: \u00abOjal\u00e1 se hubieran hecho tambi\u00e9n en Barcelona\u00bb | El Digital de Asturias","description":"El expresidente del FC Barcelona Joan Gaspart, quien ha declarado como testigo en el juicio del caso N\u00f3os, ha manifestado, al ser inquirido sobre los denominados Illes Balears Forum, por cuya organizaci\u00f3n el Instituto N\u00f3os cobr\u00f3 2,3 millones de euros p\u00fablicos, que \"ojal\u00e1 se hubieran hecho tambi\u00e9n en Barcelona\", al recalcar la imporancia de promocionar","canonical_url":"https:\/\/eldigitaldeasturias.com\/magazine365\/joan-gaspart-sobre-los-foros-de-baleares-ojala-se-hubieran-hecho-tambien-en-barcelona\/","robots":"max-image-preview:large","keywords":"noticias y actualidad","webmasterTools":{"google-site-verification":"UA-38556648-1","miscellaneous":""},"schema":{"@context":"https:\/\/schema.org","@graph":[{"@type":"Article","@id":"https:\/\/eldigitaldeasturias.com\/magazine365\/joan-gaspart-sobre-los-foros-de-baleares-ojala-se-hubieran-hecho-tambien-en-barcelona\/#article","name":"Joan Gaspart, sobre los foros de Baleares: \u00abOjal\u00e1 se hubieran hecho tambi\u00e9n en Barcelona\u00bb | El Digital de Asturias","headline":"Joan Gaspart, sobre los foros de Baleares: \u00abOjal\u00e1 se hubieran hecho tambi\u00e9n en Barcelona\u00bb","author":{"@id":"https:\/\/eldigitaldeasturias.com\/magazine365\/author\/admin\/#author"},"publisher":{"@id":"https:\/\/eldigitaldeasturias.com\/magazine365\/#organization"},"image":{"@type":"ImageObject","url":"https:\/\/eldigitaldeasturias.com\/magazine365\/wp-content\/uploads\/2016\/05\/fotonoticia_20160519111427_800.jpg","width":800,"height":474},"datePublished":"2016-05-21T05:06:44+02:00","dateModified":"2016-05-21T05:06:44+02:00","inLanguage":"es-ES","mainEntityOfPage":{"@id":"https:\/\/eldigitaldeasturias.com\/magazine365\/joan-gaspart-sobre-los-foros-de-baleares-ojala-se-hubieran-hecho-tambien-en-barcelona\/#webpage"},"isPartOf":{"@id":"https:\/\/eldigitaldeasturias.com\/magazine365\/joan-gaspart-sobre-los-foros-de-baleares-ojala-se-hubieran-hecho-tambien-en-barcelona\/#webpage"},"articleSection":"Noticias y Actualidad"},{"@type":"BreadcrumbList","@id":"https:\/\/eldigitaldeasturias.com\/magazine365\/joan-gaspart-sobre-los-foros-de-baleares-ojala-se-hubieran-hecho-tambien-en-barcelona\/#breadcrumblist","itemListElement":[{"@type":"ListItem","@id":"https:\/\/eldigitaldeasturias.com\/magazine365#listItem","position":1,"name":"Home","item":"https:\/\/eldigitaldeasturias.com\/magazine365","nextItem":{"@type":"ListItem","@id":"https:\/\/eldigitaldeasturias.com\/magazine365\/category\/noticias-actualidad\/#listItem","name":"Noticias y Actualidad"}},{"@type":"ListItem","@id":"https:\/\/eldigitaldeasturias.com\/magazine365\/category\/noticias-actualidad\/#listItem","position":2,"name":"Noticias y Actualidad","item":"https:\/\/eldigitaldeasturias.com\/magazine365\/category\/noticias-actualidad\/","nextItem":{"@type":"ListItem","@id":"https:\/\/eldigitaldeasturias.com\/magazine365\/joan-gaspart-sobre-los-foros-de-baleares-ojala-se-hubieran-hecho-tambien-en-barcelona\/#listItem","name":"Joan Gaspart, sobre los foros de Baleares: \u00abOjal\u00e1 se hubieran hecho tambi\u00e9n en Barcelona\u00bb"},"previousItem":{"@type":"ListItem","@id":"https:\/\/eldigitaldeasturias.com\/magazine365#listItem","name":"Home"}},{"@type":"ListItem","@id":"https:\/\/eldigitaldeasturias.com\/magazine365\/joan-gaspart-sobre-los-foros-de-baleares-ojala-se-hubieran-hecho-tambien-en-barcelona\/#listItem","position":3,"name":"Joan Gaspart, sobre los foros de Baleares: \u00abOjal\u00e1 se hubieran hecho tambi\u00e9n en Barcelona\u00bb","previousItem":{"@type":"ListItem","@id":"https:\/\/eldigitaldeasturias.com\/magazine365\/category\/noticias-actualidad\/#listItem","name":"Noticias y Actualidad"}}]},{"@type":"Organization","@id":"https:\/\/eldigitaldeasturias.com\/magazine365\/#organization","name":"El digital de Asturias","description":"Revista de ocio, turismo y estilo de vida","url":"https:\/\/eldigitaldeasturias.com\/magazine365\/","logo":{"@type":"ImageObject","url":"https:\/\/www.eldigitaldeasturias.com\/noticias\/wp-content\/uploads\/2020\/12\/EDA.jpg","@id":"https:\/\/eldigitaldeasturias.com\/magazine365\/joan-gaspart-sobre-los-foros-de-baleares-ojala-se-hubieran-hecho-tambien-en-barcelona\/#organizationLogo"},"image":{"@id":"https:\/\/eldigitaldeasturias.com\/magazine365\/joan-gaspart-sobre-los-foros-de-baleares-ojala-se-hubieran-hecho-tambien-en-barcelona\/#organizationLogo"}},{"@type":"Person","@id":"https:\/\/eldigitaldeasturias.com\/magazine365\/author\/admin\/#author","url":"https:\/\/eldigitaldeasturias.com\/magazine365\/author\/admin\/","name":"admin","image":{"@type":"ImageObject","@id":"https:\/\/eldigitaldeasturias.com\/magazine365\/joan-gaspart-sobre-los-foros-de-baleares-ojala-se-hubieran-hecho-tambien-en-barcelona\/#authorImage","url":"https:\/\/eldigitaldeasturias.com\/magazine365\/wp-content\/litespeed\/avatar\/e571bcf59a0edd6fa6838245a470f2fe.jpg?ver=1777574230","width":96,"height":96,"caption":"admin"}},{"@type":"WebPage","@id":"https:\/\/eldigitaldeasturias.com\/magazine365\/joan-gaspart-sobre-los-foros-de-baleares-ojala-se-hubieran-hecho-tambien-en-barcelona\/#webpage","url":"https:\/\/eldigitaldeasturias.com\/magazine365\/joan-gaspart-sobre-los-foros-de-baleares-ojala-se-hubieran-hecho-tambien-en-barcelona\/","name":"Joan Gaspart, sobre los foros de Baleares: \u00abOjal\u00e1 se hubieran hecho tambi\u00e9n en Barcelona\u00bb | El Digital de Asturias","description":"El expresidente del FC Barcelona Joan Gaspart, quien ha declarado como testigo en el juicio del caso N\u00f3os, ha manifestado, al ser inquirido sobre los denominados Illes Balears Forum, por cuya organizaci\u00f3n el Instituto N\u00f3os cobr\u00f3 2,3 millones de euros p\u00fablicos, que \"ojal\u00e1 se hubieran hecho tambi\u00e9n en Barcelona\", al recalcar la imporancia de promocionar","inLanguage":"es-ES","isPartOf":{"@id":"https:\/\/eldigitaldeasturias.com\/magazine365\/#website"},"breadcrumb":{"@id":"https:\/\/eldigitaldeasturias.com\/magazine365\/joan-gaspart-sobre-los-foros-de-baleares-ojala-se-hubieran-hecho-tambien-en-barcelona\/#breadcrumblist"},"author":{"@id":"https:\/\/eldigitaldeasturias.com\/magazine365\/author\/admin\/#author"},"creator":{"@id":"https:\/\/eldigitaldeasturias.com\/magazine365\/author\/admin\/#author"},"image":{"@type":"ImageObject","url":"https:\/\/eldigitaldeasturias.com\/magazine365\/wp-content\/uploads\/2016\/05\/fotonoticia_20160519111427_800.jpg","@id":"https:\/\/eldigitaldeasturias.com\/magazine365\/joan-gaspart-sobre-los-foros-de-baleares-ojala-se-hubieran-hecho-tambien-en-barcelona\/#mainImage","width":800,"height":474},"primaryImageOfPage":{"@id":"https:\/\/eldigitaldeasturias.com\/magazine365\/joan-gaspart-sobre-los-foros-de-baleares-ojala-se-hubieran-hecho-tambien-en-barcelona\/#mainImage"},"datePublished":"2016-05-21T05:06:44+02:00","dateModified":"2016-05-21T05:06:44+02:00"},{"@type":"WebSite","@id":"https:\/\/eldigitaldeasturias.com\/magazine365\/#website","url":"https:\/\/eldigitaldeasturias.com\/magazine365\/","name":"El Digital de Asturias","description":"Revista de ocio, turismo y estilo de vida","inLanguage":"es-ES","publisher":{"@id":"https:\/\/eldigitaldeasturias.com\/magazine365\/#organization"}}]},"og:locale":"es_ES","og:site_name":"El Digital de Asturias \u2013 Revista de ocio, turismo y estilo de vida","og:type":"article","og:title":"Joan Gaspart, sobre los foros de Baleares: \u00abOjal\u00e1 se hubieran hecho tambi\u00e9n en Barcelona\u00bb | El Digital de Asturias","og:description":"El expresidente del FC Barcelona Joan Gaspart, quien ha declarado como testigo en el juicio del caso N\u00f3os, ha manifestado, al ser inquirido sobre los denominados Illes Balears Forum, por cuya organizaci\u00f3n el Instituto N\u00f3os cobr\u00f3 2,3 millones de euros p\u00fablicos, que &quot;ojal\u00e1 se hubieran hecho tambi\u00e9n en Barcelona&quot;, al recalcar la imporancia de promocionar","og:url":"https:\/\/eldigitaldeasturias.com\/magazine365\/joan-gaspart-sobre-los-foros-de-baleares-ojala-se-hubieran-hecho-tambien-en-barcelona\/","og:image":"https:\/\/eldigitaldeasturias.com\/magazine365\/wp-content\/uploads\/2016\/05\/fotonoticia_20160519111427_800.jpg","og:image:secure_url":"https:\/\/eldigitaldeasturias.com\/magazine365\/wp-content\/uploads\/2016\/05\/fotonoticia_20160519111427_800.jpg","og:image:width":800,"og:image:height":474,"article:published_time":"2016-05-21T03:06:44+00:00","article:modified_time":"2016-05-21T03:06:44+00:00","twitter:card":"summary_large_image","twitter:title":"Joan Gaspart, sobre los foros de Baleares: \u00abOjal\u00e1 se hubieran hecho tambi\u00e9n en Barcelona\u00bb | El Digital de Asturias","twitter:description":"El expresidente del FC Barcelona Joan Gaspart, quien ha declarado como testigo en el juicio del caso N\u00f3os, ha manifestado, al ser inquirido sobre los denominados Illes Balears Forum, por cuya organizaci\u00f3n el Instituto N\u00f3os cobr\u00f3 2,3 millones de euros p\u00fablicos, que &quot;ojal\u00e1 se hubieran hecho tambi\u00e9n en Barcelona&quot;, al recalcar la imporancia de promocionar","twitter:image":"https:\/\/eldigitaldeasturias.com\/magazine365\/wp-content\/uploads\/2016\/05\/fotonoticia_20160519111427_800.jpg"},"aioseo_meta_data":{"post_id":"76443","title":null,"description":null,"keywords":null,"keyphrases":null,"primary_term":null,"canonical_url":null,"og_title":null,"og_description":null,"og_object_type":"default","og_image_type":"default","og_image_url":null,"og_image_width":null,"og_image_height":null,"og_image_custom_url":null,"og_image_custom_fields":null,"og_video":null,"og_custom_url":null,"og_article_section":null,"og_article_tags":null,"twitter_use_og":false,"twitter_card":"default","twitter_image_type":"default","twitter_image_url":null,"twitter_image_custom_url":null,"twitter_image_custom_fields":null,"twitter_title":null,"twitter_description":null,"schema":{"blockGraphs":[],"customGraphs":[],"default":{"data":{"Article":[],"Course":[],"Dataset":[],"FAQPage":[],"Movie":[],"Person":[],"Product":[],"ProductReview":[],"Car":[],"Recipe":[],"Service":[],"SoftwareApplication":[],"WebPage":[]},"graphName":"","isEnabled":true},"graphs":[],"defaultGraph":"","defaultPostTypeGraph":""},"schema_type":null,"schema_type_options":null,"pillar_content":false,"robots_default":true,"robots_noindex":false,"robots_noarchive":false,"robots_nosnippet":false,"robots_nofollow":false,"robots_noimageindex":false,"robots_noodp":false,"robots_notranslate":false,"robots_max_snippet":null,"robots_max_videopreview":null,"robots_max_imagepreview":"large","priority":null,"frequency":null,"location":null,"local_seo":null,"seo_analyzer_scan_date":"2025-09-27 12:39:36","breadcrumb_settings":null,"limit_modified_date":false,"open_ai":null,"ai":null,"created":"2021-03-08 18:28:57","updated":"2025-09-27 12:39:36"},"aioseo_breadcrumb":"<div class=\"aioseo-breadcrumbs\"><span class=\"aioseo-breadcrumb\">\n\t<a href=\"https:\/\/eldigitaldeasturias.com\/magazine365\" title=\"Home\">Home<\/a>\n<\/span><span class=\"aioseo-breadcrumb-separator\">\u2013<\/span><span class=\"aioseo-breadcrumb\">\n\t<a href=\"https:\/\/eldigitaldeasturias.com\/magazine365\/category\/noticias-actualidad\/\" title=\"Noticias y Actualidad\">Noticias y Actualidad<\/a>\n<\/span><span class=\"aioseo-breadcrumb-separator\">\u2013<\/span><span class=\"aioseo-breadcrumb\">\n\t<a href=\"https:\/\/eldigitaldeasturias.com\/magazine365\/joan-gaspart-sobre-los-foros-de-baleares-ojala-se-hubieran-hecho-tambien-en-barcelona\/\" title=\"Joan Gaspart, sobre los foros de Baleares: \u00abOjal\u00e1 se hubieran hecho tambi\u00e9n en Barcelona\u00bb\">Joan Gaspart, sobre los foros de Baleares: \u00abOjal\u00e1 se hubieran hecho tambi\u00e9n en Barcelona\u00bb<\/a>\n<\/span><\/div>","aioseo_breadcrumb_json":[{"label":"Home","link":"https:\/\/eldigitaldeasturias.com\/magazine365"},{"label":"Noticias y Actualidad","link":"https:\/\/eldigitaldeasturias.com\/magazine365\/category\/noticias-actualidad\/"},{"label":"Joan Gaspart, sobre los foros de Baleares: \u00abOjal\u00e1 se hubieran hecho tambi\u00e9n en Barcelona\u00bb","link":"https:\/\/eldigitaldeasturias.com\/magazine365\/joan-gaspart-sobre-los-foros-de-baleares-ojala-se-hubieran-hecho-tambien-en-barcelona\/"}],"_links":{"self":[{"href":"https:\/\/eldigitaldeasturias.com\/magazine365\/wp-json\/wp\/v2\/posts\/76443","targetHints":{"allow":["GET"]}}],"collection":[{"href":"https:\/\/eldigitaldeasturias.com\/magazine365\/wp-json\/wp\/v2\/posts"}],"about":[{"href":"https:\/\/eldigitaldeasturias.com\/magazine365\/wp-json\/wp\/v2\/types\/post"}],"author":[{"embeddable":true,"href":"https:\/\/eldigitaldeasturias.com\/magazine365\/wp-json\/wp\/v2\/users\/1"}],"replies":[{"embeddable":true,"href":"https:\/\/eldigitaldeasturias.com\/magazine365\/wp-json\/wp\/v2\/comments?post=76443"}],"version-history":[{"count":0,"href":"https:\/\/eldigitaldeasturias.com\/magazine365\/wp-json\/wp\/v2\/posts\/76443\/revisions"}],"wp:featuredmedia":[{"embeddable":true,"href":"https:\/\/eldigitaldeasturias.com\/magazine365\/wp-json\/wp\/v2\/media\/76444"}],"wp:attachment":[{"href":"https:\/\/eldigitaldeasturias.com\/magazine365\/wp-json\/wp\/v2\/media?parent=76443"}],"wp:term":[{"taxonomy":"category","embeddable":true,"href":"https:\/\/eldigitaldeasturias.com\/magazine365\/wp-json\/wp\/v2\/categories?post=76443"},{"taxonomy":"post_tag","embeddable":true,"href":"https:\/\/eldigitaldeasturias.com\/magazine365\/wp-json\/wp\/v2\/tags?post=76443"}],"curies":[{"name":"wp","href":"https:\/\/api.w.org\/{rel}","templated":true}]}}