{"id":76433,"date":"2016-05-21T05:02:01","date_gmt":"2016-05-21T03:02:01","guid":{"rendered":"http:\/\/eldigitaldeasturias.com\/magazine365\/?p=76433"},"modified":"2016-05-21T05:02:01","modified_gmt":"2016-05-21T03:02:01","slug":"amadeus-propondra-en-junta-el-pago-de-un-dividendo-complementario-de-0435-euros-por-accion","status":"publish","type":"post","link":"https:\/\/eldigitaldeasturias.com\/magazine365\/amadeus-propondra-en-junta-el-pago-de-un-dividendo-complementario-de-0435-euros-por-accion\/","title":{"rendered":"Amadeus propondr\u00e1 en junta el pago de un dividendo complementario de 0,435 euros por acci\u00f3n"},"content":{"rendered":"<p><img fetchpriority=\"high\" decoding=\"async\" class=\"alignleft size-medium wp-image-76434\" src=\"https:\/\/eldigitaldeasturias.com\/magazine365\/wp-content\/uploads\/2016\/05\/fotonoticia_20160519105548_800-360x270.jpg\" alt=\"fotonoticia_20160519105548_800\" width=\"360\" height=\"270\" srcset=\"https:\/\/eldigitaldeasturias.com\/magazine365\/wp-content\/uploads\/2016\/05\/fotonoticia_20160519105548_800-360x270.jpg 360w, https:\/\/eldigitaldeasturias.com\/magazine365\/wp-content\/uploads\/2016\/05\/fotonoticia_20160519105548_800-650x488.jpg 650w, https:\/\/eldigitaldeasturias.com\/magazine365\/wp-content\/uploads\/2016\/05\/fotonoticia_20160519105548_800-768x577.jpg 768w, https:\/\/eldigitaldeasturias.com\/magazine365\/wp-content\/uploads\/2016\/05\/fotonoticia_20160519105548_800-150x113.jpg 150w, https:\/\/eldigitaldeasturias.com\/magazine365\/wp-content\/uploads\/2016\/05\/fotonoticia_20160519105548_800-450x338.jpg 450w, https:\/\/eldigitaldeasturias.com\/magazine365\/wp-content\/uploads\/2016\/05\/fotonoticia_20160519105548_800-90x67.jpg 90w, https:\/\/eldigitaldeasturias.com\/magazine365\/wp-content\/uploads\/2016\/05\/fotonoticia_20160519105548_800-164x124.jpg 164w, https:\/\/eldigitaldeasturias.com\/magazine365\/wp-content\/uploads\/2016\/05\/fotonoticia_20160519105548_800-100x75.jpg 100w, https:\/\/eldigitaldeasturias.com\/magazine365\/wp-content\/uploads\/2016\/05\/fotonoticia_20160519105548_800.jpg 800w\" sizes=\"(max-width: 360px) 100vw, 360px\" \/>Amadeus IT Holding propondr\u00e1 a su junta de accionistas, que se celebrar\u00e1 en segunda convocatoria el pr\u00f3ximo 24 de junio, el reparto de un dividendo complementario de 0,435 euros por acci\u00f3n a cuenta del ejercicio 2015, que ser\u00e1 efectivo el 28 de julio, seg\u00fan figura en el orden del d\u00eda de la convocatoria remitido por el proveedor tecnol\u00f3gico en un comunicado a la Comisi\u00f3n Nacional del Mercado de Valores (CNMV).<\/p>\n<p>En enero abon\u00f3 ya un dividendo a cuenta de 0,34 euros por acci\u00f3n, que sumado al dividendo complementario, supondr\u00e1 un dividendo bruto total de 0,775 euros por t\u00edtulo, lo que representa un 10,7% m\u00e1s frente al a\u00f1o anterior.<\/p>\n<p>De esta forma, Amadeus destinar\u00e1 340,1 millones de euros en concepto de dividendos con cargo al ejercicio 2015, 2,4 veces m\u00e1s que el ejercicio precedente (141,3 millones).<\/p>\n<p>Amadeus logr\u00f3 un beneficio ajustado de 751,8 millones de euros en 2015, un 10,4% m\u00e1s con respecto al a\u00f1o anterior. Excluyendo los costes extraordinarios asociados a la adquisici\u00f3n de Navitaire en 2015 y de i:FAO en 2014, el beneficio ajustado de Amadeus se situ\u00f3 en 1.472,1 millones de euros, un 12,6% m\u00e1s.<\/p>\n<p>En el orden del d\u00eda, tambi\u00e9n figura la fusi\u00f3n por absorci\u00f3n con su antigua matriz, Amadeus IT Group, por parte de Amadeus IT Holding, que complet\u00f3 ayer la compra de 393.748 acciones, representativas del 0,089% del capital social de Amadeus IT Group, para atender a la ecuaci\u00f3n de canje acordada entre ambas sociedades. La adquisici\u00f3n de estas acciones se ha realizado por unos 12,3 millones, con acciones en autocartera.<\/p>\n<p>FUSI\u00d3N CON SU ANTIGUA MATRIZ.<\/p>\n<p>Amadeus IT Holding es titular del 99,8945% del capital social de Amadeus IT Group y el 0,11% restante son accionistas minoritarios que no acudieron a la oferta de compra lanzada por BC Partners y Cinven y las compa\u00f1\u00edas a\u00e9reas Air France-KLM, Iberia y Lufthansa en 2005.<\/p>\n<p>Los accionistas de Amadeus IT Holding recibir\u00e1n una acci\u00f3n por cada 11,31 acciones de Amadeus IT Group, sociedad absorbida, ambas de 0,01 euros de valor nominal cada una, as\u00ed como, en su caso una compensaci\u00f3n en efectivo con el objetivo de atender a los denominados \u00abpicos\u00bb.<\/p>\n<p>El capital social de Amadeus IT Holding asciende a 4.388.225,06 euros, suscrito y desembolsado en su totalidad, dividido en 438.833.506 acciones con un valor nominal de un c\u00e9ntimo de euro (0,01 euros) cada una, que pertenecen a una misma clase.<\/p>\n<p>Por su parte, el capital de Amadeus IT Group asciende a 42.220.711,87 euros, suscrito y desembolsado en su integridad, dividido en 4.222.071.187 acciones con un valor nominal de un c\u00e9ntimo de euro (0,01 euros) cada una.<\/p>\n<p>El acuerdo de fusi\u00f3n, que ser\u00e1 sometido a la aprobaci\u00f3n por parte de las respectivas juntas de accionistas, prev\u00e9 que tras la operaci\u00f3n la sociedad absorbente pase a denominarse como absorbida, es decir Amadeus IT Group.<\/p>\n","protected":false},"excerpt":{"rendered":"<p>Amadeus IT Holding propondr\u00e1 a su junta de accionistas, que se celebrar\u00e1 en segunda convocatoria el pr\u00f3ximo 24 de junio, el reparto de un dividendo complementario de 0,435 euros por acci\u00f3n a cuenta del ejercicio 2015, que ser\u00e1 efectivo el 28 de julio, seg\u00fan figura en el orden del d\u00eda de la convocatoria remitido por<\/p>\n","protected":false},"author":1,"featured_media":76434,"comment_status":"open","ping_status":"closed","sticky":false,"template":"","format":"standard","meta":{"footnotes":""},"categories":[224],"tags":[],"class_list":{"0":"post-76433","1":"post","2":"type-post","3":"status-publish","4":"format-standard","5":"has-post-thumbnail","7":"category-noticias-actualidad"},"aioseo_notices":[],"aioseo_head":"\n\t\t<!-- All in One SEO Pro 4.9.6.1 - aioseo.com -->\n\t<meta name=\"description\" content=\"Amadeus IT Holding propondr\u00e1 a su junta de accionistas, que se celebrar\u00e1 en segunda convocatoria el pr\u00f3ximo 24 de junio, el reparto de un dividendo complementario de 0,435 euros por acci\u00f3n a cuenta del ejercicio 2015, que ser\u00e1 efectivo el 28 de julio, seg\u00fan figura en el orden del d\u00eda de la convocatoria remitido por\" \/>\n\t<meta name=\"robots\" content=\"max-image-preview:large\" \/>\n\t<meta name=\"author\" content=\"admin\"\/>\n\t<meta name=\"google-site-verification\" content=\"UA-38556648-1\" \/>\n\t<meta name=\"keywords\" content=\"noticias y actualidad\" \/>\n\t<link rel=\"canonical\" href=\"https:\/\/eldigitaldeasturias.com\/magazine365\/amadeus-propondra-en-junta-el-pago-de-un-dividendo-complementario-de-0435-euros-por-accion\/\" \/>\n\t<meta name=\"generator\" content=\"All in One SEO Pro (AIOSEO) 4.9.6.1\" \/>\n\t\t<meta property=\"og:locale\" content=\"es_ES\" \/>\n\t\t<meta property=\"og:site_name\" content=\"El Digital de Asturias \u2013 Revista de ocio, turismo y estilo de vida\" \/>\n\t\t<meta property=\"og:type\" content=\"article\" \/>\n\t\t<meta property=\"og:title\" content=\"Amadeus propondr\u00e1 en junta el pago de un dividendo complementario de 0,435 euros por acci\u00f3n | El Digital de Asturias\" \/>\n\t\t<meta property=\"og:description\" content=\"Amadeus IT Holding propondr\u00e1 a su junta de accionistas, que se celebrar\u00e1 en segunda convocatoria el pr\u00f3ximo 24 de junio, el reparto de un dividendo complementario de 0,435 euros por acci\u00f3n a cuenta del ejercicio 2015, que ser\u00e1 efectivo el 28 de julio, seg\u00fan figura en el orden del d\u00eda de la convocatoria remitido por\" \/>\n\t\t<meta property=\"og:url\" content=\"https:\/\/eldigitaldeasturias.com\/magazine365\/amadeus-propondra-en-junta-el-pago-de-un-dividendo-complementario-de-0435-euros-por-accion\/\" \/>\n\t\t<meta property=\"og:image\" content=\"https:\/\/eldigitaldeasturias.com\/magazine365\/wp-content\/uploads\/2016\/05\/fotonoticia_20160519105548_800.jpg\" \/>\n\t\t<meta property=\"og:image:secure_url\" content=\"https:\/\/eldigitaldeasturias.com\/magazine365\/wp-content\/uploads\/2016\/05\/fotonoticia_20160519105548_800.jpg\" \/>\n\t\t<meta property=\"og:image:width\" content=\"800\" \/>\n\t\t<meta property=\"og:image:height\" content=\"601\" \/>\n\t\t<meta property=\"article:published_time\" content=\"2016-05-21T03:02:01+00:00\" \/>\n\t\t<meta property=\"article:modified_time\" content=\"2016-05-21T03:02:01+00:00\" \/>\n\t\t<meta name=\"twitter:card\" content=\"summary_large_image\" \/>\n\t\t<meta name=\"twitter:title\" content=\"Amadeus propondr\u00e1 en junta el pago de un dividendo complementario de 0,435 euros por acci\u00f3n | El Digital de Asturias\" \/>\n\t\t<meta name=\"twitter:description\" content=\"Amadeus IT Holding propondr\u00e1 a su junta de accionistas, que se celebrar\u00e1 en segunda convocatoria el pr\u00f3ximo 24 de junio, el reparto de un dividendo complementario de 0,435 euros por acci\u00f3n a cuenta del ejercicio 2015, que ser\u00e1 efectivo el 28 de julio, seg\u00fan figura en el orden del d\u00eda de la convocatoria remitido por\" \/>\n\t\t<meta name=\"twitter:image\" content=\"https:\/\/eldigitaldeasturias.com\/magazine365\/wp-content\/uploads\/2016\/05\/fotonoticia_20160519105548_800.jpg\" \/>\n\t\t<script type=\"application\/ld+json\" class=\"aioseo-schema\">\n\t\t\t{\"@context\":\"https:\\\/\\\/schema.org\",\"@graph\":[{\"@type\":\"Article\",\"@id\":\"https:\\\/\\\/eldigitaldeasturias.com\\\/magazine365\\\/amadeus-propondra-en-junta-el-pago-de-un-dividendo-complementario-de-0435-euros-por-accion\\\/#article\",\"name\":\"Amadeus propondr\\u00e1 en junta el pago de un dividendo complementario de 0,435 euros por acci\\u00f3n | El Digital de Asturias\",\"headline\":\"Amadeus propondr\\u00e1 en junta el pago de un dividendo complementario de 0,435 euros por acci\\u00f3n\",\"author\":{\"@id\":\"https:\\\/\\\/eldigitaldeasturias.com\\\/magazine365\\\/author\\\/admin\\\/#author\"},\"publisher\":{\"@id\":\"https:\\\/\\\/eldigitaldeasturias.com\\\/magazine365\\\/#organization\"},\"image\":{\"@type\":\"ImageObject\",\"url\":\"https:\\\/\\\/eldigitaldeasturias.com\\\/magazine365\\\/wp-content\\\/uploads\\\/2016\\\/05\\\/fotonoticia_20160519105548_800.jpg\",\"width\":800,\"height\":601},\"datePublished\":\"2016-05-21T05:02:01+02:00\",\"dateModified\":\"2016-05-21T05:02:01+02:00\",\"inLanguage\":\"es-ES\",\"mainEntityOfPage\":{\"@id\":\"https:\\\/\\\/eldigitaldeasturias.com\\\/magazine365\\\/amadeus-propondra-en-junta-el-pago-de-un-dividendo-complementario-de-0435-euros-por-accion\\\/#webpage\"},\"isPartOf\":{\"@id\":\"https:\\\/\\\/eldigitaldeasturias.com\\\/magazine365\\\/amadeus-propondra-en-junta-el-pago-de-un-dividendo-complementario-de-0435-euros-por-accion\\\/#webpage\"},\"articleSection\":\"Noticias y Actualidad\"},{\"@type\":\"BreadcrumbList\",\"@id\":\"https:\\\/\\\/eldigitaldeasturias.com\\\/magazine365\\\/amadeus-propondra-en-junta-el-pago-de-un-dividendo-complementario-de-0435-euros-por-accion\\\/#breadcrumblist\",\"itemListElement\":[{\"@type\":\"ListItem\",\"@id\":\"https:\\\/\\\/eldigitaldeasturias.com\\\/magazine365#listItem\",\"position\":1,\"name\":\"Home\",\"item\":\"https:\\\/\\\/eldigitaldeasturias.com\\\/magazine365\",\"nextItem\":{\"@type\":\"ListItem\",\"@id\":\"https:\\\/\\\/eldigitaldeasturias.com\\\/magazine365\\\/category\\\/noticias-actualidad\\\/#listItem\",\"name\":\"Noticias y Actualidad\"}},{\"@type\":\"ListItem\",\"@id\":\"https:\\\/\\\/eldigitaldeasturias.com\\\/magazine365\\\/category\\\/noticias-actualidad\\\/#listItem\",\"position\":2,\"name\":\"Noticias y Actualidad\",\"item\":\"https:\\\/\\\/eldigitaldeasturias.com\\\/magazine365\\\/category\\\/noticias-actualidad\\\/\",\"nextItem\":{\"@type\":\"ListItem\",\"@id\":\"https:\\\/\\\/eldigitaldeasturias.com\\\/magazine365\\\/amadeus-propondra-en-junta-el-pago-de-un-dividendo-complementario-de-0435-euros-por-accion\\\/#listItem\",\"name\":\"Amadeus propondr\\u00e1 en junta el pago de un dividendo complementario de 0,435 euros por acci\\u00f3n\"},\"previousItem\":{\"@type\":\"ListItem\",\"@id\":\"https:\\\/\\\/eldigitaldeasturias.com\\\/magazine365#listItem\",\"name\":\"Home\"}},{\"@type\":\"ListItem\",\"@id\":\"https:\\\/\\\/eldigitaldeasturias.com\\\/magazine365\\\/amadeus-propondra-en-junta-el-pago-de-un-dividendo-complementario-de-0435-euros-por-accion\\\/#listItem\",\"position\":3,\"name\":\"Amadeus propondr\\u00e1 en junta el pago de un dividendo complementario de 0,435 euros por acci\\u00f3n\",\"previousItem\":{\"@type\":\"ListItem\",\"@id\":\"https:\\\/\\\/eldigitaldeasturias.com\\\/magazine365\\\/category\\\/noticias-actualidad\\\/#listItem\",\"name\":\"Noticias y Actualidad\"}}]},{\"@type\":\"Organization\",\"@id\":\"https:\\\/\\\/eldigitaldeasturias.com\\\/magazine365\\\/#organization\",\"name\":\"El digital de Asturias\",\"description\":\"Revista de ocio, turismo y estilo de vida\",\"url\":\"https:\\\/\\\/eldigitaldeasturias.com\\\/magazine365\\\/\",\"logo\":{\"@type\":\"ImageObject\",\"url\":\"https:\\\/\\\/www.eldigitaldeasturias.com\\\/noticias\\\/wp-content\\\/uploads\\\/2020\\\/12\\\/EDA.jpg\",\"@id\":\"https:\\\/\\\/eldigitaldeasturias.com\\\/magazine365\\\/amadeus-propondra-en-junta-el-pago-de-un-dividendo-complementario-de-0435-euros-por-accion\\\/#organizationLogo\"},\"image\":{\"@id\":\"https:\\\/\\\/eldigitaldeasturias.com\\\/magazine365\\\/amadeus-propondra-en-junta-el-pago-de-un-dividendo-complementario-de-0435-euros-por-accion\\\/#organizationLogo\"}},{\"@type\":\"Person\",\"@id\":\"https:\\\/\\\/eldigitaldeasturias.com\\\/magazine365\\\/author\\\/admin\\\/#author\",\"url\":\"https:\\\/\\\/eldigitaldeasturias.com\\\/magazine365\\\/author\\\/admin\\\/\",\"name\":\"admin\",\"image\":{\"@type\":\"ImageObject\",\"@id\":\"https:\\\/\\\/eldigitaldeasturias.com\\\/magazine365\\\/amadeus-propondra-en-junta-el-pago-de-un-dividendo-complementario-de-0435-euros-por-accion\\\/#authorImage\",\"url\":\"https:\\\/\\\/eldigitaldeasturias.com\\\/magazine365\\\/wp-content\\\/litespeed\\\/avatar\\\/e571bcf59a0edd6fa6838245a470f2fe.jpg?ver=1777574230\",\"width\":96,\"height\":96,\"caption\":\"admin\"}},{\"@type\":\"WebPage\",\"@id\":\"https:\\\/\\\/eldigitaldeasturias.com\\\/magazine365\\\/amadeus-propondra-en-junta-el-pago-de-un-dividendo-complementario-de-0435-euros-por-accion\\\/#webpage\",\"url\":\"https:\\\/\\\/eldigitaldeasturias.com\\\/magazine365\\\/amadeus-propondra-en-junta-el-pago-de-un-dividendo-complementario-de-0435-euros-por-accion\\\/\",\"name\":\"Amadeus propondr\\u00e1 en junta el pago de un dividendo complementario de 0,435 euros por acci\\u00f3n | El Digital de Asturias\",\"description\":\"Amadeus IT Holding propondr\\u00e1 a su junta de accionistas, que se celebrar\\u00e1 en segunda convocatoria el pr\\u00f3ximo 24 de junio, el reparto de un dividendo complementario de 0,435 euros por acci\\u00f3n a cuenta del ejercicio 2015, que ser\\u00e1 efectivo el 28 de julio, seg\\u00fan figura en el orden del d\\u00eda de la convocatoria remitido por\",\"inLanguage\":\"es-ES\",\"isPartOf\":{\"@id\":\"https:\\\/\\\/eldigitaldeasturias.com\\\/magazine365\\\/#website\"},\"breadcrumb\":{\"@id\":\"https:\\\/\\\/eldigitaldeasturias.com\\\/magazine365\\\/amadeus-propondra-en-junta-el-pago-de-un-dividendo-complementario-de-0435-euros-por-accion\\\/#breadcrumblist\"},\"author\":{\"@id\":\"https:\\\/\\\/eldigitaldeasturias.com\\\/magazine365\\\/author\\\/admin\\\/#author\"},\"creator\":{\"@id\":\"https:\\\/\\\/eldigitaldeasturias.com\\\/magazine365\\\/author\\\/admin\\\/#author\"},\"image\":{\"@type\":\"ImageObject\",\"url\":\"https:\\\/\\\/eldigitaldeasturias.com\\\/magazine365\\\/wp-content\\\/uploads\\\/2016\\\/05\\\/fotonoticia_20160519105548_800.jpg\",\"@id\":\"https:\\\/\\\/eldigitaldeasturias.com\\\/magazine365\\\/amadeus-propondra-en-junta-el-pago-de-un-dividendo-complementario-de-0435-euros-por-accion\\\/#mainImage\",\"width\":800,\"height\":601},\"primaryImageOfPage\":{\"@id\":\"https:\\\/\\\/eldigitaldeasturias.com\\\/magazine365\\\/amadeus-propondra-en-junta-el-pago-de-un-dividendo-complementario-de-0435-euros-por-accion\\\/#mainImage\"},\"datePublished\":\"2016-05-21T05:02:01+02:00\",\"dateModified\":\"2016-05-21T05:02:01+02:00\"},{\"@type\":\"WebSite\",\"@id\":\"https:\\\/\\\/eldigitaldeasturias.com\\\/magazine365\\\/#website\",\"url\":\"https:\\\/\\\/eldigitaldeasturias.com\\\/magazine365\\\/\",\"name\":\"El Digital de Asturias\",\"description\":\"Revista de ocio, turismo y estilo de vida\",\"inLanguage\":\"es-ES\",\"publisher\":{\"@id\":\"https:\\\/\\\/eldigitaldeasturias.com\\\/magazine365\\\/#organization\"}}]}\n\t\t<\/script>\n\t\t<!-- All in One SEO Pro -->\r\n\t\t<title>Amadeus propondr\u00e1 en junta el pago de un dividendo complementario de 0,435 euros por acci\u00f3n | El Digital de Asturias<\/title>\n\n","aioseo_head_json":{"title":"Amadeus propondr\u00e1 en junta el pago de un dividendo complementario de 0,435 euros por acci\u00f3n | El Digital de Asturias","description":"Amadeus IT Holding propondr\u00e1 a su junta de accionistas, que se celebrar\u00e1 en segunda convocatoria el pr\u00f3ximo 24 de junio, el reparto de un dividendo complementario de 0,435 euros por acci\u00f3n a cuenta del ejercicio 2015, que ser\u00e1 efectivo el 28 de julio, seg\u00fan figura en el orden del d\u00eda de la convocatoria remitido por","canonical_url":"https:\/\/eldigitaldeasturias.com\/magazine365\/amadeus-propondra-en-junta-el-pago-de-un-dividendo-complementario-de-0435-euros-por-accion\/","robots":"max-image-preview:large","keywords":"noticias y actualidad","webmasterTools":{"google-site-verification":"UA-38556648-1","miscellaneous":""},"schema":{"@context":"https:\/\/schema.org","@graph":[{"@type":"Article","@id":"https:\/\/eldigitaldeasturias.com\/magazine365\/amadeus-propondra-en-junta-el-pago-de-un-dividendo-complementario-de-0435-euros-por-accion\/#article","name":"Amadeus propondr\u00e1 en junta el pago de un dividendo complementario de 0,435 euros por acci\u00f3n | El Digital de Asturias","headline":"Amadeus propondr\u00e1 en junta el pago de un dividendo complementario de 0,435 euros por acci\u00f3n","author":{"@id":"https:\/\/eldigitaldeasturias.com\/magazine365\/author\/admin\/#author"},"publisher":{"@id":"https:\/\/eldigitaldeasturias.com\/magazine365\/#organization"},"image":{"@type":"ImageObject","url":"https:\/\/eldigitaldeasturias.com\/magazine365\/wp-content\/uploads\/2016\/05\/fotonoticia_20160519105548_800.jpg","width":800,"height":601},"datePublished":"2016-05-21T05:02:01+02:00","dateModified":"2016-05-21T05:02:01+02:00","inLanguage":"es-ES","mainEntityOfPage":{"@id":"https:\/\/eldigitaldeasturias.com\/magazine365\/amadeus-propondra-en-junta-el-pago-de-un-dividendo-complementario-de-0435-euros-por-accion\/#webpage"},"isPartOf":{"@id":"https:\/\/eldigitaldeasturias.com\/magazine365\/amadeus-propondra-en-junta-el-pago-de-un-dividendo-complementario-de-0435-euros-por-accion\/#webpage"},"articleSection":"Noticias y Actualidad"},{"@type":"BreadcrumbList","@id":"https:\/\/eldigitaldeasturias.com\/magazine365\/amadeus-propondra-en-junta-el-pago-de-un-dividendo-complementario-de-0435-euros-por-accion\/#breadcrumblist","itemListElement":[{"@type":"ListItem","@id":"https:\/\/eldigitaldeasturias.com\/magazine365#listItem","position":1,"name":"Home","item":"https:\/\/eldigitaldeasturias.com\/magazine365","nextItem":{"@type":"ListItem","@id":"https:\/\/eldigitaldeasturias.com\/magazine365\/category\/noticias-actualidad\/#listItem","name":"Noticias y Actualidad"}},{"@type":"ListItem","@id":"https:\/\/eldigitaldeasturias.com\/magazine365\/category\/noticias-actualidad\/#listItem","position":2,"name":"Noticias y Actualidad","item":"https:\/\/eldigitaldeasturias.com\/magazine365\/category\/noticias-actualidad\/","nextItem":{"@type":"ListItem","@id":"https:\/\/eldigitaldeasturias.com\/magazine365\/amadeus-propondra-en-junta-el-pago-de-un-dividendo-complementario-de-0435-euros-por-accion\/#listItem","name":"Amadeus propondr\u00e1 en junta el pago de un dividendo complementario de 0,435 euros por acci\u00f3n"},"previousItem":{"@type":"ListItem","@id":"https:\/\/eldigitaldeasturias.com\/magazine365#listItem","name":"Home"}},{"@type":"ListItem","@id":"https:\/\/eldigitaldeasturias.com\/magazine365\/amadeus-propondra-en-junta-el-pago-de-un-dividendo-complementario-de-0435-euros-por-accion\/#listItem","position":3,"name":"Amadeus propondr\u00e1 en junta el pago de un dividendo complementario de 0,435 euros por acci\u00f3n","previousItem":{"@type":"ListItem","@id":"https:\/\/eldigitaldeasturias.com\/magazine365\/category\/noticias-actualidad\/#listItem","name":"Noticias y Actualidad"}}]},{"@type":"Organization","@id":"https:\/\/eldigitaldeasturias.com\/magazine365\/#organization","name":"El digital de Asturias","description":"Revista de ocio, turismo y estilo de vida","url":"https:\/\/eldigitaldeasturias.com\/magazine365\/","logo":{"@type":"ImageObject","url":"https:\/\/www.eldigitaldeasturias.com\/noticias\/wp-content\/uploads\/2020\/12\/EDA.jpg","@id":"https:\/\/eldigitaldeasturias.com\/magazine365\/amadeus-propondra-en-junta-el-pago-de-un-dividendo-complementario-de-0435-euros-por-accion\/#organizationLogo"},"image":{"@id":"https:\/\/eldigitaldeasturias.com\/magazine365\/amadeus-propondra-en-junta-el-pago-de-un-dividendo-complementario-de-0435-euros-por-accion\/#organizationLogo"}},{"@type":"Person","@id":"https:\/\/eldigitaldeasturias.com\/magazine365\/author\/admin\/#author","url":"https:\/\/eldigitaldeasturias.com\/magazine365\/author\/admin\/","name":"admin","image":{"@type":"ImageObject","@id":"https:\/\/eldigitaldeasturias.com\/magazine365\/amadeus-propondra-en-junta-el-pago-de-un-dividendo-complementario-de-0435-euros-por-accion\/#authorImage","url":"https:\/\/eldigitaldeasturias.com\/magazine365\/wp-content\/litespeed\/avatar\/e571bcf59a0edd6fa6838245a470f2fe.jpg?ver=1777574230","width":96,"height":96,"caption":"admin"}},{"@type":"WebPage","@id":"https:\/\/eldigitaldeasturias.com\/magazine365\/amadeus-propondra-en-junta-el-pago-de-un-dividendo-complementario-de-0435-euros-por-accion\/#webpage","url":"https:\/\/eldigitaldeasturias.com\/magazine365\/amadeus-propondra-en-junta-el-pago-de-un-dividendo-complementario-de-0435-euros-por-accion\/","name":"Amadeus propondr\u00e1 en junta el pago de un dividendo complementario de 0,435 euros por acci\u00f3n | El Digital de Asturias","description":"Amadeus IT Holding propondr\u00e1 a su junta de accionistas, que se celebrar\u00e1 en segunda convocatoria el pr\u00f3ximo 24 de junio, el reparto de un dividendo complementario de 0,435 euros por acci\u00f3n a cuenta del ejercicio 2015, que ser\u00e1 efectivo el 28 de julio, seg\u00fan figura en el orden del d\u00eda de la convocatoria remitido por","inLanguage":"es-ES","isPartOf":{"@id":"https:\/\/eldigitaldeasturias.com\/magazine365\/#website"},"breadcrumb":{"@id":"https:\/\/eldigitaldeasturias.com\/magazine365\/amadeus-propondra-en-junta-el-pago-de-un-dividendo-complementario-de-0435-euros-por-accion\/#breadcrumblist"},"author":{"@id":"https:\/\/eldigitaldeasturias.com\/magazine365\/author\/admin\/#author"},"creator":{"@id":"https:\/\/eldigitaldeasturias.com\/magazine365\/author\/admin\/#author"},"image":{"@type":"ImageObject","url":"https:\/\/eldigitaldeasturias.com\/magazine365\/wp-content\/uploads\/2016\/05\/fotonoticia_20160519105548_800.jpg","@id":"https:\/\/eldigitaldeasturias.com\/magazine365\/amadeus-propondra-en-junta-el-pago-de-un-dividendo-complementario-de-0435-euros-por-accion\/#mainImage","width":800,"height":601},"primaryImageOfPage":{"@id":"https:\/\/eldigitaldeasturias.com\/magazine365\/amadeus-propondra-en-junta-el-pago-de-un-dividendo-complementario-de-0435-euros-por-accion\/#mainImage"},"datePublished":"2016-05-21T05:02:01+02:00","dateModified":"2016-05-21T05:02:01+02:00"},{"@type":"WebSite","@id":"https:\/\/eldigitaldeasturias.com\/magazine365\/#website","url":"https:\/\/eldigitaldeasturias.com\/magazine365\/","name":"El Digital de Asturias","description":"Revista de ocio, turismo y estilo de vida","inLanguage":"es-ES","publisher":{"@id":"https:\/\/eldigitaldeasturias.com\/magazine365\/#organization"}}]},"og:locale":"es_ES","og:site_name":"El Digital de Asturias \u2013 Revista de ocio, turismo y estilo de vida","og:type":"article","og:title":"Amadeus propondr\u00e1 en junta el pago de un dividendo complementario de 0,435 euros por acci\u00f3n | El Digital de Asturias","og:description":"Amadeus IT Holding propondr\u00e1 a su junta de accionistas, que se celebrar\u00e1 en segunda convocatoria el pr\u00f3ximo 24 de junio, el reparto de un dividendo complementario de 0,435 euros por acci\u00f3n a cuenta del ejercicio 2015, que ser\u00e1 efectivo el 28 de julio, seg\u00fan figura en el orden del d\u00eda de la convocatoria remitido por","og:url":"https:\/\/eldigitaldeasturias.com\/magazine365\/amadeus-propondra-en-junta-el-pago-de-un-dividendo-complementario-de-0435-euros-por-accion\/","og:image":"https:\/\/eldigitaldeasturias.com\/magazine365\/wp-content\/uploads\/2016\/05\/fotonoticia_20160519105548_800.jpg","og:image:secure_url":"https:\/\/eldigitaldeasturias.com\/magazine365\/wp-content\/uploads\/2016\/05\/fotonoticia_20160519105548_800.jpg","og:image:width":800,"og:image:height":601,"article:published_time":"2016-05-21T03:02:01+00:00","article:modified_time":"2016-05-21T03:02:01+00:00","twitter:card":"summary_large_image","twitter:title":"Amadeus propondr\u00e1 en junta el pago de un dividendo complementario de 0,435 euros por acci\u00f3n | El Digital de Asturias","twitter:description":"Amadeus IT Holding propondr\u00e1 a su junta de accionistas, que se celebrar\u00e1 en segunda convocatoria el pr\u00f3ximo 24 de junio, el reparto de un dividendo complementario de 0,435 euros por acci\u00f3n a cuenta del ejercicio 2015, que ser\u00e1 efectivo el 28 de julio, seg\u00fan figura en el orden del d\u00eda de la convocatoria remitido por","twitter:image":"https:\/\/eldigitaldeasturias.com\/magazine365\/wp-content\/uploads\/2016\/05\/fotonoticia_20160519105548_800.jpg"},"aioseo_meta_data":{"post_id":"76433","title":null,"description":null,"keywords":null,"keyphrases":null,"primary_term":null,"canonical_url":null,"og_title":null,"og_description":null,"og_object_type":"default","og_image_type":"default","og_image_url":null,"og_image_width":null,"og_image_height":null,"og_image_custom_url":null,"og_image_custom_fields":null,"og_video":null,"og_custom_url":null,"og_article_section":null,"og_article_tags":null,"twitter_use_og":false,"twitter_card":"default","twitter_image_type":"default","twitter_image_url":null,"twitter_image_custom_url":null,"twitter_image_custom_fields":null,"twitter_title":null,"twitter_description":null,"schema":{"blockGraphs":[],"customGraphs":[],"default":{"data":{"Article":[],"Course":[],"Dataset":[],"FAQPage":[],"Movie":[],"Person":[],"Product":[],"ProductReview":[],"Car":[],"Recipe":[],"Service":[],"SoftwareApplication":[],"WebPage":[]},"graphName":"","isEnabled":true},"graphs":[],"defaultGraph":"","defaultPostTypeGraph":""},"schema_type":null,"schema_type_options":null,"pillar_content":false,"robots_default":true,"robots_noindex":false,"robots_noarchive":false,"robots_nosnippet":false,"robots_nofollow":false,"robots_noimageindex":false,"robots_noodp":false,"robots_notranslate":false,"robots_max_snippet":null,"robots_max_videopreview":null,"robots_max_imagepreview":"large","priority":null,"frequency":null,"location":null,"local_seo":null,"seo_analyzer_scan_date":"2025-09-27 12:38:31","breadcrumb_settings":null,"limit_modified_date":false,"open_ai":null,"ai":null,"created":"2021-03-08 18:28:57","updated":"2025-09-27 12:38:31"},"aioseo_breadcrumb":"<div class=\"aioseo-breadcrumbs\"><span class=\"aioseo-breadcrumb\">\n\t<a href=\"https:\/\/eldigitaldeasturias.com\/magazine365\" title=\"Home\">Home<\/a>\n<\/span><span class=\"aioseo-breadcrumb-separator\">\u2013<\/span><span class=\"aioseo-breadcrumb\">\n\t<a href=\"https:\/\/eldigitaldeasturias.com\/magazine365\/category\/noticias-actualidad\/\" title=\"Noticias y Actualidad\">Noticias y Actualidad<\/a>\n<\/span><span class=\"aioseo-breadcrumb-separator\">\u2013<\/span><span class=\"aioseo-breadcrumb\">\n\t<a href=\"https:\/\/eldigitaldeasturias.com\/magazine365\/amadeus-propondra-en-junta-el-pago-de-un-dividendo-complementario-de-0435-euros-por-accion\/\" title=\"Amadeus propondr\u00e1 en junta el pago de un dividendo complementario de 0,435 euros por acci\u00f3n\">Amadeus propondr\u00e1 en junta el pago de un dividendo complementario de 0,435 euros por acci\u00f3n<\/a>\n<\/span><\/div>","aioseo_breadcrumb_json":[{"label":"Home","link":"https:\/\/eldigitaldeasturias.com\/magazine365"},{"label":"Noticias y Actualidad","link":"https:\/\/eldigitaldeasturias.com\/magazine365\/category\/noticias-actualidad\/"},{"label":"Amadeus propondr\u00e1 en junta el pago de un dividendo complementario de 0,435 euros por acci\u00f3n","link":"https:\/\/eldigitaldeasturias.com\/magazine365\/amadeus-propondra-en-junta-el-pago-de-un-dividendo-complementario-de-0435-euros-por-accion\/"}],"_links":{"self":[{"href":"https:\/\/eldigitaldeasturias.com\/magazine365\/wp-json\/wp\/v2\/posts\/76433","targetHints":{"allow":["GET"]}}],"collection":[{"href":"https:\/\/eldigitaldeasturias.com\/magazine365\/wp-json\/wp\/v2\/posts"}],"about":[{"href":"https:\/\/eldigitaldeasturias.com\/magazine365\/wp-json\/wp\/v2\/types\/post"}],"author":[{"embeddable":true,"href":"https:\/\/eldigitaldeasturias.com\/magazine365\/wp-json\/wp\/v2\/users\/1"}],"replies":[{"embeddable":true,"href":"https:\/\/eldigitaldeasturias.com\/magazine365\/wp-json\/wp\/v2\/comments?post=76433"}],"version-history":[{"count":0,"href":"https:\/\/eldigitaldeasturias.com\/magazine365\/wp-json\/wp\/v2\/posts\/76433\/revisions"}],"wp:featuredmedia":[{"embeddable":true,"href":"https:\/\/eldigitaldeasturias.com\/magazine365\/wp-json\/wp\/v2\/media\/76434"}],"wp:attachment":[{"href":"https:\/\/eldigitaldeasturias.com\/magazine365\/wp-json\/wp\/v2\/media?parent=76433"}],"wp:term":[{"taxonomy":"category","embeddable":true,"href":"https:\/\/eldigitaldeasturias.com\/magazine365\/wp-json\/wp\/v2\/categories?post=76433"},{"taxonomy":"post_tag","embeddable":true,"href":"https:\/\/eldigitaldeasturias.com\/magazine365\/wp-json\/wp\/v2\/tags?post=76433"}],"curies":[{"name":"wp","href":"https:\/\/api.w.org\/{rel}","templated":true}]}}