{"id":76430,"date":"2016-05-21T04:58:54","date_gmt":"2016-05-21T02:58:54","guid":{"rendered":"http:\/\/eldigitaldeasturias.com\/magazine365\/?p=76430"},"modified":"2016-05-21T04:58:54","modified_gmt":"2016-05-21T02:58:54","slug":"la-junta-pone-las-bases-de-un-plan-de-accion-para-potenciar-el-sector-aeronautico-de-la-provincia-de-cadiz","status":"publish","type":"post","link":"https:\/\/eldigitaldeasturias.com\/magazine365\/la-junta-pone-las-bases-de-un-plan-de-accion-para-potenciar-el-sector-aeronautico-de-la-provincia-de-cadiz\/","title":{"rendered":"La Junta pone las bases de un plan de acci\u00f3n para potenciar el sector aeron\u00e1utico de la provincia de C\u00e1diz"},"content":{"rendered":"<p><img fetchpriority=\"high\" decoding=\"async\" class=\"alignleft size-medium wp-image-76431\" src=\"https:\/\/eldigitaldeasturias.com\/magazine365\/wp-content\/uploads\/2016\/05\/fotonoticia_20160519100153_800-360x251.jpg\" alt=\"fotonoticia_20160519100153_800\" width=\"360\" height=\"251\" srcset=\"https:\/\/eldigitaldeasturias.com\/magazine365\/wp-content\/uploads\/2016\/05\/fotonoticia_20160519100153_800-360x251.jpg 360w, https:\/\/eldigitaldeasturias.com\/magazine365\/wp-content\/uploads\/2016\/05\/fotonoticia_20160519100153_800-650x453.jpg 650w, https:\/\/eldigitaldeasturias.com\/magazine365\/wp-content\/uploads\/2016\/05\/fotonoticia_20160519100153_800-768x535.jpg 768w, https:\/\/eldigitaldeasturias.com\/magazine365\/wp-content\/uploads\/2016\/05\/fotonoticia_20160519100153_800-150x104.jpg 150w, https:\/\/eldigitaldeasturias.com\/magazine365\/wp-content\/uploads\/2016\/05\/fotonoticia_20160519100153_800-450x313.jpg 450w, https:\/\/eldigitaldeasturias.com\/magazine365\/wp-content\/uploads\/2016\/05\/fotonoticia_20160519100153_800.jpg 800w\" sizes=\"(max-width: 360px) 100vw, 360px\" \/>El delegado del Gobierno de la Junta de Andaluc\u00eda en C\u00e1diz, Fernando L\u00f3pez Gil, ha presentado las principales conclusiones del Plan de Acci\u00f3n e Implementaci\u00f3n de Actuaciones para el sector aeron\u00e1utico de C\u00e1diz, que esboza las principales l\u00edneas estrat\u00e9gicas y \u00e1reas de actuaci\u00f3n que se puedan llevar a cabo para potenciarla en el marco de la Inversi\u00f3n Territorial Integrada (ITI) y del TEC (Parque Tecnol\u00f3gico del Sur), \u00abun emplazamiento clave para este desarrollo industrial\u00bb.<\/p>\n<p>Seg\u00fan ha explicado L\u00f3pez Gil, el estudio realizado por la Agencia IDEA a trav\u00e9s de reuniones y entrevistas con las principales empresas aeron\u00e1uticas, tanto tractoras como auxiliares, as\u00ed como con entidades y organismos relacionados, desvela que esta actividad estrat\u00e9gica para la provincia \u00abno solo es un sector fuerte que ha crecido bien incluso en tiempos de crisis, sino tambi\u00e9n una actividad de alta tecnolog\u00eda instalada en el territorio que quiere luchar para seguir estando a la vanguardia\u00bb.<\/p>\n<p>Asimismo, ha se\u00f1alado que los principales objetivos de este informe se centran en \u00abestimular la actividad en la provincia no solo de la mano de los agentes existentes, sino de los emprendedores que puedan nacer en torno a esta actividad y de operadores de otros lugares que puedan interesarse por su asentamiento en la provincia\u00bb.<\/p>\n<p>Adem\u00e1s, otro de los objetivos es facilitar las sinergias y colaboraci\u00f3n entre las empresas, propiciar una uni\u00f3n de todos los agentes en el cl\u00faster aeron\u00e1utico andaluz, y fortalecer a las empresas y operadores p\u00fablicos del sector en la provincia de C\u00e1diz para el \u00abm\u00e1ximo aprovechamiento\u00bb de las oportunidades que el sector ofrece y del empleo de los recursos productivos y de conocimiento que ya existen en C\u00e1diz.<\/p>\n<p>Para ello, seg\u00fan ha explicado L\u00f3pez Gil el estudio realizado incluye un \u00abdiagn\u00f3stico completo y detallado\u00bb de la situaci\u00f3n del sector aeron\u00e1utico en C\u00e1diz que desvela que este sistema productivo, sobre todo en el \u00e1mbito civil, \u00abcuenta con grandes tractoras o empresas fabricantes &#8211;como Airbus&#8211; que dominan el mercado\u00bb.<\/p>\n<p>El delegado de la Junta ha explicado que actualmente en el sector aeron\u00e1utico de C\u00e1diz se han identificado 41 empresas que pertenecen a la industria auxiliar o trabajan como subcontratistas tanto para empresas tractoras como para otras auxiliares.<\/p>\n<p>En este sentido, respecto a la ubicaci\u00f3n, ha destacado El Puerto como ciudad que alberga mayor n\u00famero de empresas auxiliares con 13 de ellas (32 por ciento), seguido de C\u00e1diz con once (27 por ciento) y Puerto Real con ocho (20 por ciento).<\/p>\n<p>Estas empresas, seg\u00fan ha indicado L\u00f3pez Gil, se centran sobre todo en los servicios especializados de ingenier\u00eda aeron\u00e1utica o actividades de montaje de medianos y peque\u00f1os conjuntos.<\/p>\n<p>Adem\u00e1s, ha destacado que en C\u00e1diz el 58 por ciento de las empresas han sido creadas para cubrir las necesidades del sector y \u00fanicamente el 16 por ciento provienen de la Universidad (spin off), \u00abpor lo que aqu\u00ed existe tambi\u00e9n un amplio campo de trabajo para seguir potenciando este modelo\u00bb.<\/p>\n<p>Finalmente, L\u00f3pez Gil ha recalcado que la industria aeron\u00e1utica andaluza en general, as\u00ed como la provincial, ha ampliado en los \u00faltimos a\u00f1os su facturaci\u00f3n, capacidad de producci\u00f3n, plantillas e inversiones en formaci\u00f3n y adaptaci\u00f3n a la normas de calidad e I+D, reforzando el sector con proyectos de concentraci\u00f3n empresarial y diversificando productos y clientes. \u00abA pesar de la crisis econ\u00f3mica, el sector tiene cifras positivas al alza\u00bb, ha insistido.<\/p>\n<p>As\u00ed, en lo que respecta al empleo, el estudio refleja que las empresas de C\u00e1diz aglutinan el 22 por ciento del empleo directo del sector en Andaluc\u00eda, y suma un total de 2.599 puestos de trabajo entorno al sector en la provincia. \u00abDesde el a\u00f1o 2004 en el que se contabilizaron 1.322 empleos hasta la actualidad la evoluci\u00f3n es m\u00e1s que positiva\u00bb, ha detallado L\u00f3pez Gil.<\/p>\n","protected":false},"excerpt":{"rendered":"<p>El delegado del Gobierno de la Junta de Andaluc\u00eda en C\u00e1diz, Fernando L\u00f3pez Gil, ha presentado las principales conclusiones del Plan de Acci\u00f3n e Implementaci\u00f3n de Actuaciones para el sector aeron\u00e1utico de C\u00e1diz, que esboza las principales l\u00edneas estrat\u00e9gicas y \u00e1reas de actuaci\u00f3n que se puedan llevar a cabo para potenciarla en el marco de<\/p>\n","protected":false},"author":1,"featured_media":76431,"comment_status":"open","ping_status":"closed","sticky":false,"template":"","format":"standard","meta":{"footnotes":""},"categories":[224],"tags":[],"class_list":{"0":"post-76430","1":"post","2":"type-post","3":"status-publish","4":"format-standard","5":"has-post-thumbnail","7":"category-noticias-actualidad"},"aioseo_notices":[],"aioseo_head":"\n\t\t<!-- All in One SEO Pro 4.9.6.1 - aioseo.com -->\n\t<meta name=\"description\" content=\"El delegado del Gobierno de la Junta de Andaluc\u00eda en C\u00e1diz, Fernando L\u00f3pez Gil, ha presentado las principales conclusiones del Plan de Acci\u00f3n e Implementaci\u00f3n de Actuaciones para el sector aeron\u00e1utico de C\u00e1diz, que esboza las principales l\u00edneas estrat\u00e9gicas y \u00e1reas de actuaci\u00f3n que se puedan llevar a cabo para potenciarla en el marco de\" \/>\n\t<meta name=\"robots\" content=\"max-image-preview:large\" \/>\n\t<meta name=\"author\" content=\"admin\"\/>\n\t<meta name=\"google-site-verification\" content=\"UA-38556648-1\" \/>\n\t<meta name=\"keywords\" content=\"noticias y actualidad\" \/>\n\t<link rel=\"canonical\" href=\"https:\/\/eldigitaldeasturias.com\/magazine365\/la-junta-pone-las-bases-de-un-plan-de-accion-para-potenciar-el-sector-aeronautico-de-la-provincia-de-cadiz\/\" \/>\n\t<meta name=\"generator\" content=\"All in One SEO Pro (AIOSEO) 4.9.6.1\" \/>\n\t\t<meta property=\"og:locale\" content=\"es_ES\" \/>\n\t\t<meta property=\"og:site_name\" content=\"El Digital de Asturias \u2013 Revista de ocio, turismo y estilo de vida\" \/>\n\t\t<meta property=\"og:type\" content=\"article\" \/>\n\t\t<meta property=\"og:title\" content=\"La Junta pone las bases de un plan de acci\u00f3n para potenciar el sector aeron\u00e1utico de la provincia de C\u00e1diz | El Digital de Asturias\" \/>\n\t\t<meta property=\"og:description\" content=\"El delegado del Gobierno de la Junta de Andaluc\u00eda en C\u00e1diz, Fernando L\u00f3pez Gil, ha presentado las principales conclusiones del Plan de Acci\u00f3n e Implementaci\u00f3n de Actuaciones para el sector aeron\u00e1utico de C\u00e1diz, que esboza las principales l\u00edneas estrat\u00e9gicas y \u00e1reas de actuaci\u00f3n que se puedan llevar a cabo para potenciarla en el marco de\" \/>\n\t\t<meta property=\"og:url\" content=\"https:\/\/eldigitaldeasturias.com\/magazine365\/la-junta-pone-las-bases-de-un-plan-de-accion-para-potenciar-el-sector-aeronautico-de-la-provincia-de-cadiz\/\" \/>\n\t\t<meta property=\"og:image\" content=\"https:\/\/eldigitaldeasturias.com\/magazine365\/wp-content\/uploads\/2016\/05\/fotonoticia_20160519100153_800.jpg\" \/>\n\t\t<meta property=\"og:image:secure_url\" content=\"https:\/\/eldigitaldeasturias.com\/magazine365\/wp-content\/uploads\/2016\/05\/fotonoticia_20160519100153_800.jpg\" \/>\n\t\t<meta property=\"og:image:width\" content=\"800\" \/>\n\t\t<meta property=\"og:image:height\" content=\"557\" \/>\n\t\t<meta property=\"article:published_time\" content=\"2016-05-21T02:58:54+00:00\" \/>\n\t\t<meta property=\"article:modified_time\" content=\"2016-05-21T02:58:54+00:00\" \/>\n\t\t<meta name=\"twitter:card\" content=\"summary_large_image\" \/>\n\t\t<meta name=\"twitter:title\" content=\"La Junta pone las bases de un plan de acci\u00f3n para potenciar el sector aeron\u00e1utico de la provincia de C\u00e1diz | El Digital de Asturias\" \/>\n\t\t<meta name=\"twitter:description\" content=\"El delegado del Gobierno de la Junta de Andaluc\u00eda en C\u00e1diz, Fernando L\u00f3pez Gil, ha presentado las principales conclusiones del Plan de Acci\u00f3n e Implementaci\u00f3n de Actuaciones para el sector aeron\u00e1utico de C\u00e1diz, que esboza las principales l\u00edneas estrat\u00e9gicas y \u00e1reas de actuaci\u00f3n que se puedan llevar a cabo para potenciarla en el marco de\" \/>\n\t\t<meta name=\"twitter:image\" content=\"https:\/\/eldigitaldeasturias.com\/magazine365\/wp-content\/uploads\/2016\/05\/fotonoticia_20160519100153_800.jpg\" \/>\n\t\t<script type=\"application\/ld+json\" class=\"aioseo-schema\">\n\t\t\t{\"@context\":\"https:\\\/\\\/schema.org\",\"@graph\":[{\"@type\":\"Article\",\"@id\":\"https:\\\/\\\/eldigitaldeasturias.com\\\/magazine365\\\/la-junta-pone-las-bases-de-un-plan-de-accion-para-potenciar-el-sector-aeronautico-de-la-provincia-de-cadiz\\\/#article\",\"name\":\"La Junta pone las bases de un plan de acci\\u00f3n para potenciar el sector aeron\\u00e1utico de la provincia de C\\u00e1diz | El Digital de Asturias\",\"headline\":\"La Junta pone las bases de un plan de acci\\u00f3n para potenciar el sector aeron\\u00e1utico de la provincia de C\\u00e1diz\",\"author\":{\"@id\":\"https:\\\/\\\/eldigitaldeasturias.com\\\/magazine365\\\/author\\\/admin\\\/#author\"},\"publisher\":{\"@id\":\"https:\\\/\\\/eldigitaldeasturias.com\\\/magazine365\\\/#organization\"},\"image\":{\"@type\":\"ImageObject\",\"url\":\"https:\\\/\\\/eldigitaldeasturias.com\\\/magazine365\\\/wp-content\\\/uploads\\\/2016\\\/05\\\/fotonoticia_20160519100153_800.jpg\",\"width\":800,\"height\":557},\"datePublished\":\"2016-05-21T04:58:54+02:00\",\"dateModified\":\"2016-05-21T04:58:54+02:00\",\"inLanguage\":\"es-ES\",\"mainEntityOfPage\":{\"@id\":\"https:\\\/\\\/eldigitaldeasturias.com\\\/magazine365\\\/la-junta-pone-las-bases-de-un-plan-de-accion-para-potenciar-el-sector-aeronautico-de-la-provincia-de-cadiz\\\/#webpage\"},\"isPartOf\":{\"@id\":\"https:\\\/\\\/eldigitaldeasturias.com\\\/magazine365\\\/la-junta-pone-las-bases-de-un-plan-de-accion-para-potenciar-el-sector-aeronautico-de-la-provincia-de-cadiz\\\/#webpage\"},\"articleSection\":\"Noticias y Actualidad\"},{\"@type\":\"BreadcrumbList\",\"@id\":\"https:\\\/\\\/eldigitaldeasturias.com\\\/magazine365\\\/la-junta-pone-las-bases-de-un-plan-de-accion-para-potenciar-el-sector-aeronautico-de-la-provincia-de-cadiz\\\/#breadcrumblist\",\"itemListElement\":[{\"@type\":\"ListItem\",\"@id\":\"https:\\\/\\\/eldigitaldeasturias.com\\\/magazine365#listItem\",\"position\":1,\"name\":\"Home\",\"item\":\"https:\\\/\\\/eldigitaldeasturias.com\\\/magazine365\",\"nextItem\":{\"@type\":\"ListItem\",\"@id\":\"https:\\\/\\\/eldigitaldeasturias.com\\\/magazine365\\\/category\\\/noticias-actualidad\\\/#listItem\",\"name\":\"Noticias y Actualidad\"}},{\"@type\":\"ListItem\",\"@id\":\"https:\\\/\\\/eldigitaldeasturias.com\\\/magazine365\\\/category\\\/noticias-actualidad\\\/#listItem\",\"position\":2,\"name\":\"Noticias y Actualidad\",\"item\":\"https:\\\/\\\/eldigitaldeasturias.com\\\/magazine365\\\/category\\\/noticias-actualidad\\\/\",\"nextItem\":{\"@type\":\"ListItem\",\"@id\":\"https:\\\/\\\/eldigitaldeasturias.com\\\/magazine365\\\/la-junta-pone-las-bases-de-un-plan-de-accion-para-potenciar-el-sector-aeronautico-de-la-provincia-de-cadiz\\\/#listItem\",\"name\":\"La Junta pone las bases de un plan de acci\\u00f3n para potenciar el sector aeron\\u00e1utico de la provincia de C\\u00e1diz\"},\"previousItem\":{\"@type\":\"ListItem\",\"@id\":\"https:\\\/\\\/eldigitaldeasturias.com\\\/magazine365#listItem\",\"name\":\"Home\"}},{\"@type\":\"ListItem\",\"@id\":\"https:\\\/\\\/eldigitaldeasturias.com\\\/magazine365\\\/la-junta-pone-las-bases-de-un-plan-de-accion-para-potenciar-el-sector-aeronautico-de-la-provincia-de-cadiz\\\/#listItem\",\"position\":3,\"name\":\"La Junta pone las bases de un plan de acci\\u00f3n para potenciar el sector aeron\\u00e1utico de la provincia de C\\u00e1diz\",\"previousItem\":{\"@type\":\"ListItem\",\"@id\":\"https:\\\/\\\/eldigitaldeasturias.com\\\/magazine365\\\/category\\\/noticias-actualidad\\\/#listItem\",\"name\":\"Noticias y Actualidad\"}}]},{\"@type\":\"Organization\",\"@id\":\"https:\\\/\\\/eldigitaldeasturias.com\\\/magazine365\\\/#organization\",\"name\":\"El digital de Asturias\",\"description\":\"Revista de ocio, turismo y estilo de vida\",\"url\":\"https:\\\/\\\/eldigitaldeasturias.com\\\/magazine365\\\/\",\"logo\":{\"@type\":\"ImageObject\",\"url\":\"https:\\\/\\\/www.eldigitaldeasturias.com\\\/noticias\\\/wp-content\\\/uploads\\\/2020\\\/12\\\/EDA.jpg\",\"@id\":\"https:\\\/\\\/eldigitaldeasturias.com\\\/magazine365\\\/la-junta-pone-las-bases-de-un-plan-de-accion-para-potenciar-el-sector-aeronautico-de-la-provincia-de-cadiz\\\/#organizationLogo\"},\"image\":{\"@id\":\"https:\\\/\\\/eldigitaldeasturias.com\\\/magazine365\\\/la-junta-pone-las-bases-de-un-plan-de-accion-para-potenciar-el-sector-aeronautico-de-la-provincia-de-cadiz\\\/#organizationLogo\"}},{\"@type\":\"Person\",\"@id\":\"https:\\\/\\\/eldigitaldeasturias.com\\\/magazine365\\\/author\\\/admin\\\/#author\",\"url\":\"https:\\\/\\\/eldigitaldeasturias.com\\\/magazine365\\\/author\\\/admin\\\/\",\"name\":\"admin\",\"image\":{\"@type\":\"ImageObject\",\"@id\":\"https:\\\/\\\/eldigitaldeasturias.com\\\/magazine365\\\/la-junta-pone-las-bases-de-un-plan-de-accion-para-potenciar-el-sector-aeronautico-de-la-provincia-de-cadiz\\\/#authorImage\",\"url\":\"https:\\\/\\\/eldigitaldeasturias.com\\\/magazine365\\\/wp-content\\\/litespeed\\\/avatar\\\/e571bcf59a0edd6fa6838245a470f2fe.jpg?ver=1777574230\",\"width\":96,\"height\":96,\"caption\":\"admin\"}},{\"@type\":\"WebPage\",\"@id\":\"https:\\\/\\\/eldigitaldeasturias.com\\\/magazine365\\\/la-junta-pone-las-bases-de-un-plan-de-accion-para-potenciar-el-sector-aeronautico-de-la-provincia-de-cadiz\\\/#webpage\",\"url\":\"https:\\\/\\\/eldigitaldeasturias.com\\\/magazine365\\\/la-junta-pone-las-bases-de-un-plan-de-accion-para-potenciar-el-sector-aeronautico-de-la-provincia-de-cadiz\\\/\",\"name\":\"La Junta pone las bases de un plan de acci\\u00f3n para potenciar el sector aeron\\u00e1utico de la provincia de C\\u00e1diz | El Digital de Asturias\",\"description\":\"El delegado del Gobierno de la Junta de Andaluc\\u00eda en C\\u00e1diz, Fernando L\\u00f3pez Gil, ha presentado las principales conclusiones del Plan de Acci\\u00f3n e Implementaci\\u00f3n de Actuaciones para el sector aeron\\u00e1utico de C\\u00e1diz, que esboza las principales l\\u00edneas estrat\\u00e9gicas y \\u00e1reas de actuaci\\u00f3n que se puedan llevar a cabo para potenciarla en el marco de\",\"inLanguage\":\"es-ES\",\"isPartOf\":{\"@id\":\"https:\\\/\\\/eldigitaldeasturias.com\\\/magazine365\\\/#website\"},\"breadcrumb\":{\"@id\":\"https:\\\/\\\/eldigitaldeasturias.com\\\/magazine365\\\/la-junta-pone-las-bases-de-un-plan-de-accion-para-potenciar-el-sector-aeronautico-de-la-provincia-de-cadiz\\\/#breadcrumblist\"},\"author\":{\"@id\":\"https:\\\/\\\/eldigitaldeasturias.com\\\/magazine365\\\/author\\\/admin\\\/#author\"},\"creator\":{\"@id\":\"https:\\\/\\\/eldigitaldeasturias.com\\\/magazine365\\\/author\\\/admin\\\/#author\"},\"image\":{\"@type\":\"ImageObject\",\"url\":\"https:\\\/\\\/eldigitaldeasturias.com\\\/magazine365\\\/wp-content\\\/uploads\\\/2016\\\/05\\\/fotonoticia_20160519100153_800.jpg\",\"@id\":\"https:\\\/\\\/eldigitaldeasturias.com\\\/magazine365\\\/la-junta-pone-las-bases-de-un-plan-de-accion-para-potenciar-el-sector-aeronautico-de-la-provincia-de-cadiz\\\/#mainImage\",\"width\":800,\"height\":557},\"primaryImageOfPage\":{\"@id\":\"https:\\\/\\\/eldigitaldeasturias.com\\\/magazine365\\\/la-junta-pone-las-bases-de-un-plan-de-accion-para-potenciar-el-sector-aeronautico-de-la-provincia-de-cadiz\\\/#mainImage\"},\"datePublished\":\"2016-05-21T04:58:54+02:00\",\"dateModified\":\"2016-05-21T04:58:54+02:00\"},{\"@type\":\"WebSite\",\"@id\":\"https:\\\/\\\/eldigitaldeasturias.com\\\/magazine365\\\/#website\",\"url\":\"https:\\\/\\\/eldigitaldeasturias.com\\\/magazine365\\\/\",\"name\":\"El Digital de Asturias\",\"description\":\"Revista de ocio, turismo y estilo de vida\",\"inLanguage\":\"es-ES\",\"publisher\":{\"@id\":\"https:\\\/\\\/eldigitaldeasturias.com\\\/magazine365\\\/#organization\"}}]}\n\t\t<\/script>\n\t\t<!-- All in One SEO Pro -->\r\n\t\t<title>La Junta pone las bases de un plan de acci\u00f3n para potenciar el sector aeron\u00e1utico de la provincia de C\u00e1diz | El Digital de Asturias<\/title>\n\n","aioseo_head_json":{"title":"La Junta pone las bases de un plan de acci\u00f3n para potenciar el sector aeron\u00e1utico de la provincia de C\u00e1diz | El Digital de Asturias","description":"El delegado del Gobierno de la Junta de Andaluc\u00eda en C\u00e1diz, Fernando L\u00f3pez Gil, ha presentado las principales conclusiones del Plan de Acci\u00f3n e Implementaci\u00f3n de Actuaciones para el sector aeron\u00e1utico de C\u00e1diz, que esboza las principales l\u00edneas estrat\u00e9gicas y \u00e1reas de actuaci\u00f3n que se puedan llevar a cabo para potenciarla en el marco de","canonical_url":"https:\/\/eldigitaldeasturias.com\/magazine365\/la-junta-pone-las-bases-de-un-plan-de-accion-para-potenciar-el-sector-aeronautico-de-la-provincia-de-cadiz\/","robots":"max-image-preview:large","keywords":"noticias y actualidad","webmasterTools":{"google-site-verification":"UA-38556648-1","miscellaneous":""},"schema":{"@context":"https:\/\/schema.org","@graph":[{"@type":"Article","@id":"https:\/\/eldigitaldeasturias.com\/magazine365\/la-junta-pone-las-bases-de-un-plan-de-accion-para-potenciar-el-sector-aeronautico-de-la-provincia-de-cadiz\/#article","name":"La Junta pone las bases de un plan de acci\u00f3n para potenciar el sector aeron\u00e1utico de la provincia de C\u00e1diz | El Digital de Asturias","headline":"La Junta pone las bases de un plan de acci\u00f3n para potenciar el sector aeron\u00e1utico de la provincia de C\u00e1diz","author":{"@id":"https:\/\/eldigitaldeasturias.com\/magazine365\/author\/admin\/#author"},"publisher":{"@id":"https:\/\/eldigitaldeasturias.com\/magazine365\/#organization"},"image":{"@type":"ImageObject","url":"https:\/\/eldigitaldeasturias.com\/magazine365\/wp-content\/uploads\/2016\/05\/fotonoticia_20160519100153_800.jpg","width":800,"height":557},"datePublished":"2016-05-21T04:58:54+02:00","dateModified":"2016-05-21T04:58:54+02:00","inLanguage":"es-ES","mainEntityOfPage":{"@id":"https:\/\/eldigitaldeasturias.com\/magazine365\/la-junta-pone-las-bases-de-un-plan-de-accion-para-potenciar-el-sector-aeronautico-de-la-provincia-de-cadiz\/#webpage"},"isPartOf":{"@id":"https:\/\/eldigitaldeasturias.com\/magazine365\/la-junta-pone-las-bases-de-un-plan-de-accion-para-potenciar-el-sector-aeronautico-de-la-provincia-de-cadiz\/#webpage"},"articleSection":"Noticias y Actualidad"},{"@type":"BreadcrumbList","@id":"https:\/\/eldigitaldeasturias.com\/magazine365\/la-junta-pone-las-bases-de-un-plan-de-accion-para-potenciar-el-sector-aeronautico-de-la-provincia-de-cadiz\/#breadcrumblist","itemListElement":[{"@type":"ListItem","@id":"https:\/\/eldigitaldeasturias.com\/magazine365#listItem","position":1,"name":"Home","item":"https:\/\/eldigitaldeasturias.com\/magazine365","nextItem":{"@type":"ListItem","@id":"https:\/\/eldigitaldeasturias.com\/magazine365\/category\/noticias-actualidad\/#listItem","name":"Noticias y Actualidad"}},{"@type":"ListItem","@id":"https:\/\/eldigitaldeasturias.com\/magazine365\/category\/noticias-actualidad\/#listItem","position":2,"name":"Noticias y Actualidad","item":"https:\/\/eldigitaldeasturias.com\/magazine365\/category\/noticias-actualidad\/","nextItem":{"@type":"ListItem","@id":"https:\/\/eldigitaldeasturias.com\/magazine365\/la-junta-pone-las-bases-de-un-plan-de-accion-para-potenciar-el-sector-aeronautico-de-la-provincia-de-cadiz\/#listItem","name":"La Junta pone las bases de un plan de acci\u00f3n para potenciar el sector aeron\u00e1utico de la provincia de C\u00e1diz"},"previousItem":{"@type":"ListItem","@id":"https:\/\/eldigitaldeasturias.com\/magazine365#listItem","name":"Home"}},{"@type":"ListItem","@id":"https:\/\/eldigitaldeasturias.com\/magazine365\/la-junta-pone-las-bases-de-un-plan-de-accion-para-potenciar-el-sector-aeronautico-de-la-provincia-de-cadiz\/#listItem","position":3,"name":"La Junta pone las bases de un plan de acci\u00f3n para potenciar el sector aeron\u00e1utico de la provincia de C\u00e1diz","previousItem":{"@type":"ListItem","@id":"https:\/\/eldigitaldeasturias.com\/magazine365\/category\/noticias-actualidad\/#listItem","name":"Noticias y Actualidad"}}]},{"@type":"Organization","@id":"https:\/\/eldigitaldeasturias.com\/magazine365\/#organization","name":"El digital de Asturias","description":"Revista de ocio, turismo y estilo de vida","url":"https:\/\/eldigitaldeasturias.com\/magazine365\/","logo":{"@type":"ImageObject","url":"https:\/\/www.eldigitaldeasturias.com\/noticias\/wp-content\/uploads\/2020\/12\/EDA.jpg","@id":"https:\/\/eldigitaldeasturias.com\/magazine365\/la-junta-pone-las-bases-de-un-plan-de-accion-para-potenciar-el-sector-aeronautico-de-la-provincia-de-cadiz\/#organizationLogo"},"image":{"@id":"https:\/\/eldigitaldeasturias.com\/magazine365\/la-junta-pone-las-bases-de-un-plan-de-accion-para-potenciar-el-sector-aeronautico-de-la-provincia-de-cadiz\/#organizationLogo"}},{"@type":"Person","@id":"https:\/\/eldigitaldeasturias.com\/magazine365\/author\/admin\/#author","url":"https:\/\/eldigitaldeasturias.com\/magazine365\/author\/admin\/","name":"admin","image":{"@type":"ImageObject","@id":"https:\/\/eldigitaldeasturias.com\/magazine365\/la-junta-pone-las-bases-de-un-plan-de-accion-para-potenciar-el-sector-aeronautico-de-la-provincia-de-cadiz\/#authorImage","url":"https:\/\/eldigitaldeasturias.com\/magazine365\/wp-content\/litespeed\/avatar\/e571bcf59a0edd6fa6838245a470f2fe.jpg?ver=1777574230","width":96,"height":96,"caption":"admin"}},{"@type":"WebPage","@id":"https:\/\/eldigitaldeasturias.com\/magazine365\/la-junta-pone-las-bases-de-un-plan-de-accion-para-potenciar-el-sector-aeronautico-de-la-provincia-de-cadiz\/#webpage","url":"https:\/\/eldigitaldeasturias.com\/magazine365\/la-junta-pone-las-bases-de-un-plan-de-accion-para-potenciar-el-sector-aeronautico-de-la-provincia-de-cadiz\/","name":"La Junta pone las bases de un plan de acci\u00f3n para potenciar el sector aeron\u00e1utico de la provincia de C\u00e1diz | El Digital de Asturias","description":"El delegado del Gobierno de la Junta de Andaluc\u00eda en C\u00e1diz, Fernando L\u00f3pez Gil, ha presentado las principales conclusiones del Plan de Acci\u00f3n e Implementaci\u00f3n de Actuaciones para el sector aeron\u00e1utico de C\u00e1diz, que esboza las principales l\u00edneas estrat\u00e9gicas y \u00e1reas de actuaci\u00f3n que se puedan llevar a cabo para potenciarla en el marco de","inLanguage":"es-ES","isPartOf":{"@id":"https:\/\/eldigitaldeasturias.com\/magazine365\/#website"},"breadcrumb":{"@id":"https:\/\/eldigitaldeasturias.com\/magazine365\/la-junta-pone-las-bases-de-un-plan-de-accion-para-potenciar-el-sector-aeronautico-de-la-provincia-de-cadiz\/#breadcrumblist"},"author":{"@id":"https:\/\/eldigitaldeasturias.com\/magazine365\/author\/admin\/#author"},"creator":{"@id":"https:\/\/eldigitaldeasturias.com\/magazine365\/author\/admin\/#author"},"image":{"@type":"ImageObject","url":"https:\/\/eldigitaldeasturias.com\/magazine365\/wp-content\/uploads\/2016\/05\/fotonoticia_20160519100153_800.jpg","@id":"https:\/\/eldigitaldeasturias.com\/magazine365\/la-junta-pone-las-bases-de-un-plan-de-accion-para-potenciar-el-sector-aeronautico-de-la-provincia-de-cadiz\/#mainImage","width":800,"height":557},"primaryImageOfPage":{"@id":"https:\/\/eldigitaldeasturias.com\/magazine365\/la-junta-pone-las-bases-de-un-plan-de-accion-para-potenciar-el-sector-aeronautico-de-la-provincia-de-cadiz\/#mainImage"},"datePublished":"2016-05-21T04:58:54+02:00","dateModified":"2016-05-21T04:58:54+02:00"},{"@type":"WebSite","@id":"https:\/\/eldigitaldeasturias.com\/magazine365\/#website","url":"https:\/\/eldigitaldeasturias.com\/magazine365\/","name":"El Digital de Asturias","description":"Revista de ocio, turismo y estilo de vida","inLanguage":"es-ES","publisher":{"@id":"https:\/\/eldigitaldeasturias.com\/magazine365\/#organization"}}]},"og:locale":"es_ES","og:site_name":"El Digital de Asturias \u2013 Revista de ocio, turismo y estilo de vida","og:type":"article","og:title":"La Junta pone las bases de un plan de acci\u00f3n para potenciar el sector aeron\u00e1utico de la provincia de C\u00e1diz | El Digital de Asturias","og:description":"El delegado del Gobierno de la Junta de Andaluc\u00eda en C\u00e1diz, Fernando L\u00f3pez Gil, ha presentado las principales conclusiones del Plan de Acci\u00f3n e Implementaci\u00f3n de Actuaciones para el sector aeron\u00e1utico de C\u00e1diz, que esboza las principales l\u00edneas estrat\u00e9gicas y \u00e1reas de actuaci\u00f3n que se puedan llevar a cabo para potenciarla en el marco de","og:url":"https:\/\/eldigitaldeasturias.com\/magazine365\/la-junta-pone-las-bases-de-un-plan-de-accion-para-potenciar-el-sector-aeronautico-de-la-provincia-de-cadiz\/","og:image":"https:\/\/eldigitaldeasturias.com\/magazine365\/wp-content\/uploads\/2016\/05\/fotonoticia_20160519100153_800.jpg","og:image:secure_url":"https:\/\/eldigitaldeasturias.com\/magazine365\/wp-content\/uploads\/2016\/05\/fotonoticia_20160519100153_800.jpg","og:image:width":800,"og:image:height":557,"article:published_time":"2016-05-21T02:58:54+00:00","article:modified_time":"2016-05-21T02:58:54+00:00","twitter:card":"summary_large_image","twitter:title":"La Junta pone las bases de un plan de acci\u00f3n para potenciar el sector aeron\u00e1utico de la provincia de C\u00e1diz | El Digital de Asturias","twitter:description":"El delegado del Gobierno de la Junta de Andaluc\u00eda en C\u00e1diz, Fernando L\u00f3pez Gil, ha presentado las principales conclusiones del Plan de Acci\u00f3n e Implementaci\u00f3n de Actuaciones para el sector aeron\u00e1utico de C\u00e1diz, que esboza las principales l\u00edneas estrat\u00e9gicas y \u00e1reas de actuaci\u00f3n que se puedan llevar a cabo para potenciarla en el marco de","twitter:image":"https:\/\/eldigitaldeasturias.com\/magazine365\/wp-content\/uploads\/2016\/05\/fotonoticia_20160519100153_800.jpg"},"aioseo_meta_data":{"post_id":"76430","title":null,"description":null,"keywords":null,"keyphrases":null,"primary_term":null,"canonical_url":null,"og_title":null,"og_description":null,"og_object_type":"default","og_image_type":"default","og_image_url":null,"og_image_width":null,"og_image_height":null,"og_image_custom_url":null,"og_image_custom_fields":null,"og_video":null,"og_custom_url":null,"og_article_section":null,"og_article_tags":null,"twitter_use_og":false,"twitter_card":"default","twitter_image_type":"default","twitter_image_url":null,"twitter_image_custom_url":null,"twitter_image_custom_fields":null,"twitter_title":null,"twitter_description":null,"schema":{"blockGraphs":[],"customGraphs":[],"default":{"data":{"Article":[],"Course":[],"Dataset":[],"FAQPage":[],"Movie":[],"Person":[],"Product":[],"ProductReview":[],"Car":[],"Recipe":[],"Service":[],"SoftwareApplication":[],"WebPage":[]},"graphName":"","isEnabled":true},"graphs":[],"defaultGraph":"","defaultPostTypeGraph":""},"schema_type":null,"schema_type_options":null,"pillar_content":false,"robots_default":true,"robots_noindex":false,"robots_noarchive":false,"robots_nosnippet":false,"robots_nofollow":false,"robots_noimageindex":false,"robots_noodp":false,"robots_notranslate":false,"robots_max_snippet":null,"robots_max_videopreview":null,"robots_max_imagepreview":"large","priority":null,"frequency":null,"location":null,"local_seo":null,"seo_analyzer_scan_date":"2025-09-27 12:38:30","breadcrumb_settings":null,"limit_modified_date":false,"open_ai":null,"ai":null,"created":"2021-03-08 18:28:57","updated":"2025-09-27 12:38:30"},"aioseo_breadcrumb":"<div class=\"aioseo-breadcrumbs\"><span class=\"aioseo-breadcrumb\">\n\t<a href=\"https:\/\/eldigitaldeasturias.com\/magazine365\" title=\"Home\">Home<\/a>\n<\/span><span class=\"aioseo-breadcrumb-separator\">\u2013<\/span><span class=\"aioseo-breadcrumb\">\n\t<a href=\"https:\/\/eldigitaldeasturias.com\/magazine365\/category\/noticias-actualidad\/\" title=\"Noticias y Actualidad\">Noticias y Actualidad<\/a>\n<\/span><span class=\"aioseo-breadcrumb-separator\">\u2013<\/span><span class=\"aioseo-breadcrumb\">\n\t<a href=\"https:\/\/eldigitaldeasturias.com\/magazine365\/la-junta-pone-las-bases-de-un-plan-de-accion-para-potenciar-el-sector-aeronautico-de-la-provincia-de-cadiz\/\" title=\"La Junta pone las bases de un plan de acci\u00f3n para potenciar el sector aeron\u00e1utico de la provincia de C\u00e1diz\">La Junta pone las bases de un plan de acci\u00f3n para potenciar el sector aeron\u00e1utico de la provincia de C\u00e1diz<\/a>\n<\/span><\/div>","aioseo_breadcrumb_json":[{"label":"Home","link":"https:\/\/eldigitaldeasturias.com\/magazine365"},{"label":"Noticias y Actualidad","link":"https:\/\/eldigitaldeasturias.com\/magazine365\/category\/noticias-actualidad\/"},{"label":"La Junta pone las bases de un plan de acci\u00f3n para potenciar el sector aeron\u00e1utico de la provincia de C\u00e1diz","link":"https:\/\/eldigitaldeasturias.com\/magazine365\/la-junta-pone-las-bases-de-un-plan-de-accion-para-potenciar-el-sector-aeronautico-de-la-provincia-de-cadiz\/"}],"_links":{"self":[{"href":"https:\/\/eldigitaldeasturias.com\/magazine365\/wp-json\/wp\/v2\/posts\/76430","targetHints":{"allow":["GET"]}}],"collection":[{"href":"https:\/\/eldigitaldeasturias.com\/magazine365\/wp-json\/wp\/v2\/posts"}],"about":[{"href":"https:\/\/eldigitaldeasturias.com\/magazine365\/wp-json\/wp\/v2\/types\/post"}],"author":[{"embeddable":true,"href":"https:\/\/eldigitaldeasturias.com\/magazine365\/wp-json\/wp\/v2\/users\/1"}],"replies":[{"embeddable":true,"href":"https:\/\/eldigitaldeasturias.com\/magazine365\/wp-json\/wp\/v2\/comments?post=76430"}],"version-history":[{"count":0,"href":"https:\/\/eldigitaldeasturias.com\/magazine365\/wp-json\/wp\/v2\/posts\/76430\/revisions"}],"wp:featuredmedia":[{"embeddable":true,"href":"https:\/\/eldigitaldeasturias.com\/magazine365\/wp-json\/wp\/v2\/media\/76431"}],"wp:attachment":[{"href":"https:\/\/eldigitaldeasturias.com\/magazine365\/wp-json\/wp\/v2\/media?parent=76430"}],"wp:term":[{"taxonomy":"category","embeddable":true,"href":"https:\/\/eldigitaldeasturias.com\/magazine365\/wp-json\/wp\/v2\/categories?post=76430"},{"taxonomy":"post_tag","embeddable":true,"href":"https:\/\/eldigitaldeasturias.com\/magazine365\/wp-json\/wp\/v2\/tags?post=76430"}],"curies":[{"name":"wp","href":"https:\/\/api.w.org\/{rel}","templated":true}]}}