{"id":76396,"date":"2016-05-21T04:27:52","date_gmt":"2016-05-21T02:27:52","guid":{"rendered":"http:\/\/eldigitaldeasturias.com\/magazine365\/?p=76396"},"modified":"2016-05-21T04:27:52","modified_gmt":"2016-05-21T02:27:52","slug":"las-reservas-de-alojamientos-para-la-feria-de-cordoba-aumentan-un-27-segun-wimdu","status":"publish","type":"post","link":"https:\/\/eldigitaldeasturias.com\/magazine365\/las-reservas-de-alojamientos-para-la-feria-de-cordoba-aumentan-un-27-segun-wimdu\/","title":{"rendered":"Las reservas de alojamientos para la feria de C\u00f3rdoba aumentan un 27%, seg\u00fan &#8216;Wimdu&#8217;"},"content":{"rendered":"<p><img fetchpriority=\"high\" decoding=\"async\" class=\"alignleft size-medium wp-image-76397\" src=\"https:\/\/eldigitaldeasturias.com\/magazine365\/wp-content\/uploads\/2016\/05\/fotonoticia_20160518194203_800-360x270.jpg\" alt=\"fotonoticia_20160518194203_800\" width=\"360\" height=\"270\" srcset=\"https:\/\/eldigitaldeasturias.com\/magazine365\/wp-content\/uploads\/2016\/05\/fotonoticia_20160518194203_800-360x270.jpg 360w, https:\/\/eldigitaldeasturias.com\/magazine365\/wp-content\/uploads\/2016\/05\/fotonoticia_20160518194203_800-650x488.jpg 650w, https:\/\/eldigitaldeasturias.com\/magazine365\/wp-content\/uploads\/2016\/05\/fotonoticia_20160518194203_800-768x576.jpg 768w, https:\/\/eldigitaldeasturias.com\/magazine365\/wp-content\/uploads\/2016\/05\/fotonoticia_20160518194203_800-150x113.jpg 150w, https:\/\/eldigitaldeasturias.com\/magazine365\/wp-content\/uploads\/2016\/05\/fotonoticia_20160518194203_800-450x338.jpg 450w, https:\/\/eldigitaldeasturias.com\/magazine365\/wp-content\/uploads\/2016\/05\/fotonoticia_20160518194203_800-90x67.jpg 90w, https:\/\/eldigitaldeasturias.com\/magazine365\/wp-content\/uploads\/2016\/05\/fotonoticia_20160518194203_800-164x124.jpg 164w, https:\/\/eldigitaldeasturias.com\/magazine365\/wp-content\/uploads\/2016\/05\/fotonoticia_20160518194203_800-100x75.jpg 100w, https:\/\/eldigitaldeasturias.com\/magazine365\/wp-content\/uploads\/2016\/05\/fotonoticia_20160518194203_800.jpg 800w\" sizes=\"(max-width: 360px) 100vw, 360px\" \/>Las reservas de alojamientos para la Feria de Nuestra Se\u00f1ora de la Salud de C\u00f3rdoba, que se celebra desde la noche del d\u00eda 21 a la madrugada del domingo 29 de mayo, han aumentado un 27 por ciento en la capital cordobesa, en comparaci\u00f3n con el mismo periodo en el que se celebr\u00f3 esta festividad en 2015, seg\u00fan la plataforma &#8216;online&#8217; europea de alquiler de apartamentos privados &#8216;Wimdu&#8217;.<\/p>\n<p>En este sentido, los apartamentos de &#8216;Wimdu&#8217; en C\u00f3rdoba, que cuentan con \u00abun alto \u00edndice de ocupaci\u00f3n\u00bb para estas fechas, han registrado un precio medio de 34,6 euros por persona y noche, siendo la zona del centro la m\u00e1s solicitada. Una de las principales razones por las que se debe este \u00ab\u00e9xito\u00bb es el aumento del coste de los hoteles durante el periodo de feria, que es una media de un 47,85 por ciento m\u00e1s alto que cualquier otro fin de semana.<\/p>\n<p>M\u00e1s concretamente, durante el fin de semana del 21 al 23 de mayo los hoteles de dos estrellas han aumentado su precio un 67,29 por ciento m\u00e1s; seguidos de los hoteles de cuatro y cinco estrellas, que han experimentado un alza del 65,17 por ciento. En tercer lugar, los hoteles de tres estrellas subieron su precio un 54,90 por ciento de media.<\/p>\n<p>Si un fin de semana de junio, los hoteles de dos estrellas cuestan una media de 55,87 euros por persona y noche en la ciudad de la Mezquita; en feria los alojamientos de esta misma categor\u00eda llegan a valer una media de 87,54 euros por persona y noche.<\/p>\n<p>Asimismo, el precio de los hoteles de tres estrellas var\u00eda de los 73,7 euros un fin de semana normal a los 120,15 euros en mayo. Los hoteles de una estrella son los que menos cambian, dado que su precio oscila de los 32,05 euros de media en junio a los 35,27 euros en mayo; aun as\u00ed, sus tarifas son m\u00e1s caras de lo que paga el turista en un apartamento vacacional por persona y noche.<\/p>\n","protected":false},"excerpt":{"rendered":"<p>Las reservas de alojamientos para la Feria de Nuestra Se\u00f1ora de la Salud de C\u00f3rdoba, que se celebra desde la noche del d\u00eda 21 a la madrugada del domingo 29 de mayo, han aumentado un 27 por ciento en la capital cordobesa, en comparaci\u00f3n con el mismo periodo en el que se celebr\u00f3 esta festividad<\/p>\n","protected":false},"author":1,"featured_media":76397,"comment_status":"open","ping_status":"closed","sticky":false,"template":"","format":"standard","meta":{"footnotes":""},"categories":[224],"tags":[],"class_list":{"0":"post-76396","1":"post","2":"type-post","3":"status-publish","4":"format-standard","5":"has-post-thumbnail","7":"category-noticias-actualidad"},"aioseo_notices":[],"aioseo_head":"\n\t\t<!-- All in One SEO Pro 4.9.6.1 - aioseo.com -->\n\t<meta name=\"description\" content=\"Las reservas de alojamientos para la Feria de Nuestra Se\u00f1ora de la Salud de C\u00f3rdoba, que se celebra desde la noche del d\u00eda 21 a la madrugada del domingo 29 de mayo, han aumentado un 27 por ciento en la capital cordobesa, en comparaci\u00f3n con el mismo periodo en el que se celebr\u00f3 esta festividad\" \/>\n\t<meta name=\"robots\" content=\"max-image-preview:large\" \/>\n\t<meta name=\"author\" content=\"admin\"\/>\n\t<meta name=\"google-site-verification\" content=\"UA-38556648-1\" \/>\n\t<meta name=\"keywords\" content=\"noticias y actualidad\" \/>\n\t<link rel=\"canonical\" href=\"https:\/\/eldigitaldeasturias.com\/magazine365\/las-reservas-de-alojamientos-para-la-feria-de-cordoba-aumentan-un-27-segun-wimdu\/\" \/>\n\t<meta name=\"generator\" content=\"All in One SEO Pro (AIOSEO) 4.9.6.1\" \/>\n\t\t<meta property=\"og:locale\" content=\"es_ES\" \/>\n\t\t<meta property=\"og:site_name\" content=\"El Digital de Asturias \u2013 Revista de ocio, turismo y estilo de vida\" \/>\n\t\t<meta property=\"og:type\" content=\"article\" \/>\n\t\t<meta property=\"og:title\" content=\"Las reservas de alojamientos para la feria de C\u00f3rdoba aumentan un 27%, seg\u00fan \u2018Wimdu\u2019 | El Digital de Asturias\" \/>\n\t\t<meta property=\"og:description\" content=\"Las reservas de alojamientos para la Feria de Nuestra Se\u00f1ora de la Salud de C\u00f3rdoba, que se celebra desde la noche del d\u00eda 21 a la madrugada del domingo 29 de mayo, han aumentado un 27 por ciento en la capital cordobesa, en comparaci\u00f3n con el mismo periodo en el que se celebr\u00f3 esta festividad\" \/>\n\t\t<meta property=\"og:url\" content=\"https:\/\/eldigitaldeasturias.com\/magazine365\/las-reservas-de-alojamientos-para-la-feria-de-cordoba-aumentan-un-27-segun-wimdu\/\" \/>\n\t\t<meta property=\"og:image\" content=\"https:\/\/eldigitaldeasturias.com\/magazine365\/wp-content\/uploads\/2016\/05\/fotonoticia_20160518194203_800.jpg\" \/>\n\t\t<meta property=\"og:image:secure_url\" content=\"https:\/\/eldigitaldeasturias.com\/magazine365\/wp-content\/uploads\/2016\/05\/fotonoticia_20160518194203_800.jpg\" \/>\n\t\t<meta property=\"og:image:width\" content=\"800\" \/>\n\t\t<meta property=\"og:image:height\" content=\"600\" \/>\n\t\t<meta property=\"article:published_time\" content=\"2016-05-21T02:27:52+00:00\" \/>\n\t\t<meta property=\"article:modified_time\" content=\"2016-05-21T02:27:52+00:00\" \/>\n\t\t<meta name=\"twitter:card\" content=\"summary_large_image\" \/>\n\t\t<meta name=\"twitter:title\" content=\"Las reservas de alojamientos para la feria de C\u00f3rdoba aumentan un 27%, seg\u00fan \u2018Wimdu\u2019 | El Digital de Asturias\" \/>\n\t\t<meta name=\"twitter:description\" content=\"Las reservas de alojamientos para la Feria de Nuestra Se\u00f1ora de la Salud de C\u00f3rdoba, que se celebra desde la noche del d\u00eda 21 a la madrugada del domingo 29 de mayo, han aumentado un 27 por ciento en la capital cordobesa, en comparaci\u00f3n con el mismo periodo en el que se celebr\u00f3 esta festividad\" \/>\n\t\t<meta name=\"twitter:image\" content=\"https:\/\/eldigitaldeasturias.com\/magazine365\/wp-content\/uploads\/2016\/05\/fotonoticia_20160518194203_800.jpg\" \/>\n\t\t<script type=\"application\/ld+json\" class=\"aioseo-schema\">\n\t\t\t{\"@context\":\"https:\\\/\\\/schema.org\",\"@graph\":[{\"@type\":\"Article\",\"@id\":\"https:\\\/\\\/eldigitaldeasturias.com\\\/magazine365\\\/las-reservas-de-alojamientos-para-la-feria-de-cordoba-aumentan-un-27-segun-wimdu\\\/#article\",\"name\":\"Las reservas de alojamientos para la feria de C\\u00f3rdoba aumentan un 27%, seg\\u00fan \\u2018Wimdu\\u2019 | El Digital de Asturias\",\"headline\":\"Las reservas de alojamientos para la feria de C\\u00f3rdoba aumentan un 27%, seg\\u00fan &#8216;Wimdu&#8217;\",\"author\":{\"@id\":\"https:\\\/\\\/eldigitaldeasturias.com\\\/magazine365\\\/author\\\/admin\\\/#author\"},\"publisher\":{\"@id\":\"https:\\\/\\\/eldigitaldeasturias.com\\\/magazine365\\\/#organization\"},\"image\":{\"@type\":\"ImageObject\",\"url\":\"https:\\\/\\\/eldigitaldeasturias.com\\\/magazine365\\\/wp-content\\\/uploads\\\/2016\\\/05\\\/fotonoticia_20160518194203_800.jpg\",\"width\":800,\"height\":600},\"datePublished\":\"2016-05-21T04:27:52+02:00\",\"dateModified\":\"2016-05-21T04:27:52+02:00\",\"inLanguage\":\"es-ES\",\"mainEntityOfPage\":{\"@id\":\"https:\\\/\\\/eldigitaldeasturias.com\\\/magazine365\\\/las-reservas-de-alojamientos-para-la-feria-de-cordoba-aumentan-un-27-segun-wimdu\\\/#webpage\"},\"isPartOf\":{\"@id\":\"https:\\\/\\\/eldigitaldeasturias.com\\\/magazine365\\\/las-reservas-de-alojamientos-para-la-feria-de-cordoba-aumentan-un-27-segun-wimdu\\\/#webpage\"},\"articleSection\":\"Noticias y Actualidad\"},{\"@type\":\"BreadcrumbList\",\"@id\":\"https:\\\/\\\/eldigitaldeasturias.com\\\/magazine365\\\/las-reservas-de-alojamientos-para-la-feria-de-cordoba-aumentan-un-27-segun-wimdu\\\/#breadcrumblist\",\"itemListElement\":[{\"@type\":\"ListItem\",\"@id\":\"https:\\\/\\\/eldigitaldeasturias.com\\\/magazine365#listItem\",\"position\":1,\"name\":\"Home\",\"item\":\"https:\\\/\\\/eldigitaldeasturias.com\\\/magazine365\",\"nextItem\":{\"@type\":\"ListItem\",\"@id\":\"https:\\\/\\\/eldigitaldeasturias.com\\\/magazine365\\\/category\\\/noticias-actualidad\\\/#listItem\",\"name\":\"Noticias y Actualidad\"}},{\"@type\":\"ListItem\",\"@id\":\"https:\\\/\\\/eldigitaldeasturias.com\\\/magazine365\\\/category\\\/noticias-actualidad\\\/#listItem\",\"position\":2,\"name\":\"Noticias y Actualidad\",\"item\":\"https:\\\/\\\/eldigitaldeasturias.com\\\/magazine365\\\/category\\\/noticias-actualidad\\\/\",\"nextItem\":{\"@type\":\"ListItem\",\"@id\":\"https:\\\/\\\/eldigitaldeasturias.com\\\/magazine365\\\/las-reservas-de-alojamientos-para-la-feria-de-cordoba-aumentan-un-27-segun-wimdu\\\/#listItem\",\"name\":\"Las reservas de alojamientos para la feria de C\\u00f3rdoba aumentan un 27%, seg\\u00fan &#8216;Wimdu&#8217;\"},\"previousItem\":{\"@type\":\"ListItem\",\"@id\":\"https:\\\/\\\/eldigitaldeasturias.com\\\/magazine365#listItem\",\"name\":\"Home\"}},{\"@type\":\"ListItem\",\"@id\":\"https:\\\/\\\/eldigitaldeasturias.com\\\/magazine365\\\/las-reservas-de-alojamientos-para-la-feria-de-cordoba-aumentan-un-27-segun-wimdu\\\/#listItem\",\"position\":3,\"name\":\"Las reservas de alojamientos para la feria de C\\u00f3rdoba aumentan un 27%, seg\\u00fan &#8216;Wimdu&#8217;\",\"previousItem\":{\"@type\":\"ListItem\",\"@id\":\"https:\\\/\\\/eldigitaldeasturias.com\\\/magazine365\\\/category\\\/noticias-actualidad\\\/#listItem\",\"name\":\"Noticias y Actualidad\"}}]},{\"@type\":\"Organization\",\"@id\":\"https:\\\/\\\/eldigitaldeasturias.com\\\/magazine365\\\/#organization\",\"name\":\"El digital de Asturias\",\"description\":\"Revista de ocio, turismo y estilo de vida\",\"url\":\"https:\\\/\\\/eldigitaldeasturias.com\\\/magazine365\\\/\",\"logo\":{\"@type\":\"ImageObject\",\"url\":\"https:\\\/\\\/www.eldigitaldeasturias.com\\\/noticias\\\/wp-content\\\/uploads\\\/2020\\\/12\\\/EDA.jpg\",\"@id\":\"https:\\\/\\\/eldigitaldeasturias.com\\\/magazine365\\\/las-reservas-de-alojamientos-para-la-feria-de-cordoba-aumentan-un-27-segun-wimdu\\\/#organizationLogo\"},\"image\":{\"@id\":\"https:\\\/\\\/eldigitaldeasturias.com\\\/magazine365\\\/las-reservas-de-alojamientos-para-la-feria-de-cordoba-aumentan-un-27-segun-wimdu\\\/#organizationLogo\"}},{\"@type\":\"Person\",\"@id\":\"https:\\\/\\\/eldigitaldeasturias.com\\\/magazine365\\\/author\\\/admin\\\/#author\",\"url\":\"https:\\\/\\\/eldigitaldeasturias.com\\\/magazine365\\\/author\\\/admin\\\/\",\"name\":\"admin\",\"image\":{\"@type\":\"ImageObject\",\"@id\":\"https:\\\/\\\/eldigitaldeasturias.com\\\/magazine365\\\/las-reservas-de-alojamientos-para-la-feria-de-cordoba-aumentan-un-27-segun-wimdu\\\/#authorImage\",\"url\":\"https:\\\/\\\/eldigitaldeasturias.com\\\/magazine365\\\/wp-content\\\/litespeed\\\/avatar\\\/e571bcf59a0edd6fa6838245a470f2fe.jpg?ver=1777574230\",\"width\":96,\"height\":96,\"caption\":\"admin\"}},{\"@type\":\"WebPage\",\"@id\":\"https:\\\/\\\/eldigitaldeasturias.com\\\/magazine365\\\/las-reservas-de-alojamientos-para-la-feria-de-cordoba-aumentan-un-27-segun-wimdu\\\/#webpage\",\"url\":\"https:\\\/\\\/eldigitaldeasturias.com\\\/magazine365\\\/las-reservas-de-alojamientos-para-la-feria-de-cordoba-aumentan-un-27-segun-wimdu\\\/\",\"name\":\"Las reservas de alojamientos para la feria de C\\u00f3rdoba aumentan un 27%, seg\\u00fan \\u2018Wimdu\\u2019 | El Digital de Asturias\",\"description\":\"Las reservas de alojamientos para la Feria de Nuestra Se\\u00f1ora de la Salud de C\\u00f3rdoba, que se celebra desde la noche del d\\u00eda 21 a la madrugada del domingo 29 de mayo, han aumentado un 27 por ciento en la capital cordobesa, en comparaci\\u00f3n con el mismo periodo en el que se celebr\\u00f3 esta festividad\",\"inLanguage\":\"es-ES\",\"isPartOf\":{\"@id\":\"https:\\\/\\\/eldigitaldeasturias.com\\\/magazine365\\\/#website\"},\"breadcrumb\":{\"@id\":\"https:\\\/\\\/eldigitaldeasturias.com\\\/magazine365\\\/las-reservas-de-alojamientos-para-la-feria-de-cordoba-aumentan-un-27-segun-wimdu\\\/#breadcrumblist\"},\"author\":{\"@id\":\"https:\\\/\\\/eldigitaldeasturias.com\\\/magazine365\\\/author\\\/admin\\\/#author\"},\"creator\":{\"@id\":\"https:\\\/\\\/eldigitaldeasturias.com\\\/magazine365\\\/author\\\/admin\\\/#author\"},\"image\":{\"@type\":\"ImageObject\",\"url\":\"https:\\\/\\\/eldigitaldeasturias.com\\\/magazine365\\\/wp-content\\\/uploads\\\/2016\\\/05\\\/fotonoticia_20160518194203_800.jpg\",\"@id\":\"https:\\\/\\\/eldigitaldeasturias.com\\\/magazine365\\\/las-reservas-de-alojamientos-para-la-feria-de-cordoba-aumentan-un-27-segun-wimdu\\\/#mainImage\",\"width\":800,\"height\":600},\"primaryImageOfPage\":{\"@id\":\"https:\\\/\\\/eldigitaldeasturias.com\\\/magazine365\\\/las-reservas-de-alojamientos-para-la-feria-de-cordoba-aumentan-un-27-segun-wimdu\\\/#mainImage\"},\"datePublished\":\"2016-05-21T04:27:52+02:00\",\"dateModified\":\"2016-05-21T04:27:52+02:00\"},{\"@type\":\"WebSite\",\"@id\":\"https:\\\/\\\/eldigitaldeasturias.com\\\/magazine365\\\/#website\",\"url\":\"https:\\\/\\\/eldigitaldeasturias.com\\\/magazine365\\\/\",\"name\":\"El Digital de Asturias\",\"description\":\"Revista de ocio, turismo y estilo de vida\",\"inLanguage\":\"es-ES\",\"publisher\":{\"@id\":\"https:\\\/\\\/eldigitaldeasturias.com\\\/magazine365\\\/#organization\"}}]}\n\t\t<\/script>\n\t\t<!-- All in One SEO Pro -->\r\n\t\t<title>Las reservas de alojamientos para la feria de C\u00f3rdoba aumentan un 27%, seg\u00fan \u2018Wimdu\u2019 | El Digital de Asturias<\/title>\n\n","aioseo_head_json":{"title":"Las reservas de alojamientos para la feria de C\u00f3rdoba aumentan un 27%, seg\u00fan \u2018Wimdu\u2019 | El Digital de Asturias","description":"Las reservas de alojamientos para la Feria de Nuestra Se\u00f1ora de la Salud de C\u00f3rdoba, que se celebra desde la noche del d\u00eda 21 a la madrugada del domingo 29 de mayo, han aumentado un 27 por ciento en la capital cordobesa, en comparaci\u00f3n con el mismo periodo en el que se celebr\u00f3 esta festividad","canonical_url":"https:\/\/eldigitaldeasturias.com\/magazine365\/las-reservas-de-alojamientos-para-la-feria-de-cordoba-aumentan-un-27-segun-wimdu\/","robots":"max-image-preview:large","keywords":"noticias y actualidad","webmasterTools":{"google-site-verification":"UA-38556648-1","miscellaneous":""},"schema":{"@context":"https:\/\/schema.org","@graph":[{"@type":"Article","@id":"https:\/\/eldigitaldeasturias.com\/magazine365\/las-reservas-de-alojamientos-para-la-feria-de-cordoba-aumentan-un-27-segun-wimdu\/#article","name":"Las reservas de alojamientos para la feria de C\u00f3rdoba aumentan un 27%, seg\u00fan \u2018Wimdu\u2019 | El Digital de Asturias","headline":"Las reservas de alojamientos para la feria de C\u00f3rdoba aumentan un 27%, seg\u00fan &#8216;Wimdu&#8217;","author":{"@id":"https:\/\/eldigitaldeasturias.com\/magazine365\/author\/admin\/#author"},"publisher":{"@id":"https:\/\/eldigitaldeasturias.com\/magazine365\/#organization"},"image":{"@type":"ImageObject","url":"https:\/\/eldigitaldeasturias.com\/magazine365\/wp-content\/uploads\/2016\/05\/fotonoticia_20160518194203_800.jpg","width":800,"height":600},"datePublished":"2016-05-21T04:27:52+02:00","dateModified":"2016-05-21T04:27:52+02:00","inLanguage":"es-ES","mainEntityOfPage":{"@id":"https:\/\/eldigitaldeasturias.com\/magazine365\/las-reservas-de-alojamientos-para-la-feria-de-cordoba-aumentan-un-27-segun-wimdu\/#webpage"},"isPartOf":{"@id":"https:\/\/eldigitaldeasturias.com\/magazine365\/las-reservas-de-alojamientos-para-la-feria-de-cordoba-aumentan-un-27-segun-wimdu\/#webpage"},"articleSection":"Noticias y Actualidad"},{"@type":"BreadcrumbList","@id":"https:\/\/eldigitaldeasturias.com\/magazine365\/las-reservas-de-alojamientos-para-la-feria-de-cordoba-aumentan-un-27-segun-wimdu\/#breadcrumblist","itemListElement":[{"@type":"ListItem","@id":"https:\/\/eldigitaldeasturias.com\/magazine365#listItem","position":1,"name":"Home","item":"https:\/\/eldigitaldeasturias.com\/magazine365","nextItem":{"@type":"ListItem","@id":"https:\/\/eldigitaldeasturias.com\/magazine365\/category\/noticias-actualidad\/#listItem","name":"Noticias y Actualidad"}},{"@type":"ListItem","@id":"https:\/\/eldigitaldeasturias.com\/magazine365\/category\/noticias-actualidad\/#listItem","position":2,"name":"Noticias y Actualidad","item":"https:\/\/eldigitaldeasturias.com\/magazine365\/category\/noticias-actualidad\/","nextItem":{"@type":"ListItem","@id":"https:\/\/eldigitaldeasturias.com\/magazine365\/las-reservas-de-alojamientos-para-la-feria-de-cordoba-aumentan-un-27-segun-wimdu\/#listItem","name":"Las reservas de alojamientos para la feria de C\u00f3rdoba aumentan un 27%, seg\u00fan &#8216;Wimdu&#8217;"},"previousItem":{"@type":"ListItem","@id":"https:\/\/eldigitaldeasturias.com\/magazine365#listItem","name":"Home"}},{"@type":"ListItem","@id":"https:\/\/eldigitaldeasturias.com\/magazine365\/las-reservas-de-alojamientos-para-la-feria-de-cordoba-aumentan-un-27-segun-wimdu\/#listItem","position":3,"name":"Las reservas de alojamientos para la feria de C\u00f3rdoba aumentan un 27%, seg\u00fan &#8216;Wimdu&#8217;","previousItem":{"@type":"ListItem","@id":"https:\/\/eldigitaldeasturias.com\/magazine365\/category\/noticias-actualidad\/#listItem","name":"Noticias y Actualidad"}}]},{"@type":"Organization","@id":"https:\/\/eldigitaldeasturias.com\/magazine365\/#organization","name":"El digital de Asturias","description":"Revista de ocio, turismo y estilo de vida","url":"https:\/\/eldigitaldeasturias.com\/magazine365\/","logo":{"@type":"ImageObject","url":"https:\/\/www.eldigitaldeasturias.com\/noticias\/wp-content\/uploads\/2020\/12\/EDA.jpg","@id":"https:\/\/eldigitaldeasturias.com\/magazine365\/las-reservas-de-alojamientos-para-la-feria-de-cordoba-aumentan-un-27-segun-wimdu\/#organizationLogo"},"image":{"@id":"https:\/\/eldigitaldeasturias.com\/magazine365\/las-reservas-de-alojamientos-para-la-feria-de-cordoba-aumentan-un-27-segun-wimdu\/#organizationLogo"}},{"@type":"Person","@id":"https:\/\/eldigitaldeasturias.com\/magazine365\/author\/admin\/#author","url":"https:\/\/eldigitaldeasturias.com\/magazine365\/author\/admin\/","name":"admin","image":{"@type":"ImageObject","@id":"https:\/\/eldigitaldeasturias.com\/magazine365\/las-reservas-de-alojamientos-para-la-feria-de-cordoba-aumentan-un-27-segun-wimdu\/#authorImage","url":"https:\/\/eldigitaldeasturias.com\/magazine365\/wp-content\/litespeed\/avatar\/e571bcf59a0edd6fa6838245a470f2fe.jpg?ver=1777574230","width":96,"height":96,"caption":"admin"}},{"@type":"WebPage","@id":"https:\/\/eldigitaldeasturias.com\/magazine365\/las-reservas-de-alojamientos-para-la-feria-de-cordoba-aumentan-un-27-segun-wimdu\/#webpage","url":"https:\/\/eldigitaldeasturias.com\/magazine365\/las-reservas-de-alojamientos-para-la-feria-de-cordoba-aumentan-un-27-segun-wimdu\/","name":"Las reservas de alojamientos para la feria de C\u00f3rdoba aumentan un 27%, seg\u00fan \u2018Wimdu\u2019 | El Digital de Asturias","description":"Las reservas de alojamientos para la Feria de Nuestra Se\u00f1ora de la Salud de C\u00f3rdoba, que se celebra desde la noche del d\u00eda 21 a la madrugada del domingo 29 de mayo, han aumentado un 27 por ciento en la capital cordobesa, en comparaci\u00f3n con el mismo periodo en el que se celebr\u00f3 esta festividad","inLanguage":"es-ES","isPartOf":{"@id":"https:\/\/eldigitaldeasturias.com\/magazine365\/#website"},"breadcrumb":{"@id":"https:\/\/eldigitaldeasturias.com\/magazine365\/las-reservas-de-alojamientos-para-la-feria-de-cordoba-aumentan-un-27-segun-wimdu\/#breadcrumblist"},"author":{"@id":"https:\/\/eldigitaldeasturias.com\/magazine365\/author\/admin\/#author"},"creator":{"@id":"https:\/\/eldigitaldeasturias.com\/magazine365\/author\/admin\/#author"},"image":{"@type":"ImageObject","url":"https:\/\/eldigitaldeasturias.com\/magazine365\/wp-content\/uploads\/2016\/05\/fotonoticia_20160518194203_800.jpg","@id":"https:\/\/eldigitaldeasturias.com\/magazine365\/las-reservas-de-alojamientos-para-la-feria-de-cordoba-aumentan-un-27-segun-wimdu\/#mainImage","width":800,"height":600},"primaryImageOfPage":{"@id":"https:\/\/eldigitaldeasturias.com\/magazine365\/las-reservas-de-alojamientos-para-la-feria-de-cordoba-aumentan-un-27-segun-wimdu\/#mainImage"},"datePublished":"2016-05-21T04:27:52+02:00","dateModified":"2016-05-21T04:27:52+02:00"},{"@type":"WebSite","@id":"https:\/\/eldigitaldeasturias.com\/magazine365\/#website","url":"https:\/\/eldigitaldeasturias.com\/magazine365\/","name":"El Digital de Asturias","description":"Revista de ocio, turismo y estilo de vida","inLanguage":"es-ES","publisher":{"@id":"https:\/\/eldigitaldeasturias.com\/magazine365\/#organization"}}]},"og:locale":"es_ES","og:site_name":"El Digital de Asturias \u2013 Revista de ocio, turismo y estilo de vida","og:type":"article","og:title":"Las reservas de alojamientos para la feria de C\u00f3rdoba aumentan un 27%, seg\u00fan \u2018Wimdu\u2019 | El Digital de Asturias","og:description":"Las reservas de alojamientos para la Feria de Nuestra Se\u00f1ora de la Salud de C\u00f3rdoba, que se celebra desde la noche del d\u00eda 21 a la madrugada del domingo 29 de mayo, han aumentado un 27 por ciento en la capital cordobesa, en comparaci\u00f3n con el mismo periodo en el que se celebr\u00f3 esta festividad","og:url":"https:\/\/eldigitaldeasturias.com\/magazine365\/las-reservas-de-alojamientos-para-la-feria-de-cordoba-aumentan-un-27-segun-wimdu\/","og:image":"https:\/\/eldigitaldeasturias.com\/magazine365\/wp-content\/uploads\/2016\/05\/fotonoticia_20160518194203_800.jpg","og:image:secure_url":"https:\/\/eldigitaldeasturias.com\/magazine365\/wp-content\/uploads\/2016\/05\/fotonoticia_20160518194203_800.jpg","og:image:width":800,"og:image:height":600,"article:published_time":"2016-05-21T02:27:52+00:00","article:modified_time":"2016-05-21T02:27:52+00:00","twitter:card":"summary_large_image","twitter:title":"Las reservas de alojamientos para la feria de C\u00f3rdoba aumentan un 27%, seg\u00fan \u2018Wimdu\u2019 | El Digital de Asturias","twitter:description":"Las reservas de alojamientos para la Feria de Nuestra Se\u00f1ora de la Salud de C\u00f3rdoba, que se celebra desde la noche del d\u00eda 21 a la madrugada del domingo 29 de mayo, han aumentado un 27 por ciento en la capital cordobesa, en comparaci\u00f3n con el mismo periodo en el que se celebr\u00f3 esta festividad","twitter:image":"https:\/\/eldigitaldeasturias.com\/magazine365\/wp-content\/uploads\/2016\/05\/fotonoticia_20160518194203_800.jpg"},"aioseo_meta_data":{"post_id":"76396","title":null,"description":null,"keywords":null,"keyphrases":null,"primary_term":null,"canonical_url":null,"og_title":null,"og_description":null,"og_object_type":"default","og_image_type":"default","og_image_url":null,"og_image_width":null,"og_image_height":null,"og_image_custom_url":null,"og_image_custom_fields":null,"og_video":null,"og_custom_url":null,"og_article_section":null,"og_article_tags":null,"twitter_use_og":false,"twitter_card":"default","twitter_image_type":"default","twitter_image_url":null,"twitter_image_custom_url":null,"twitter_image_custom_fields":null,"twitter_title":null,"twitter_description":null,"schema":{"blockGraphs":[],"customGraphs":[],"default":{"data":{"Article":[],"Course":[],"Dataset":[],"FAQPage":[],"Movie":[],"Person":[],"Product":[],"ProductReview":[],"Car":[],"Recipe":[],"Service":[],"SoftwareApplication":[],"WebPage":[]},"graphName":"","isEnabled":true},"graphs":[],"defaultGraph":"","defaultPostTypeGraph":""},"schema_type":null,"schema_type_options":null,"pillar_content":false,"robots_default":true,"robots_noindex":false,"robots_noarchive":false,"robots_nosnippet":false,"robots_nofollow":false,"robots_noimageindex":false,"robots_noodp":false,"robots_notranslate":false,"robots_max_snippet":null,"robots_max_videopreview":null,"robots_max_imagepreview":"large","priority":null,"frequency":null,"location":null,"local_seo":null,"seo_analyzer_scan_date":"2025-09-27 12:32:15","breadcrumb_settings":null,"limit_modified_date":false,"open_ai":null,"ai":null,"created":"2021-03-08 18:28:57","updated":"2025-09-27 12:32:15"},"aioseo_breadcrumb":"<div class=\"aioseo-breadcrumbs\"><span class=\"aioseo-breadcrumb\">\n\t<a href=\"https:\/\/eldigitaldeasturias.com\/magazine365\" title=\"Home\">Home<\/a>\n<\/span><span class=\"aioseo-breadcrumb-separator\">\u2013<\/span><span class=\"aioseo-breadcrumb\">\n\t<a href=\"https:\/\/eldigitaldeasturias.com\/magazine365\/category\/noticias-actualidad\/\" title=\"Noticias y Actualidad\">Noticias y Actualidad<\/a>\n<\/span><span class=\"aioseo-breadcrumb-separator\">\u2013<\/span><span class=\"aioseo-breadcrumb\">\n\t<a href=\"https:\/\/eldigitaldeasturias.com\/magazine365\/las-reservas-de-alojamientos-para-la-feria-de-cordoba-aumentan-un-27-segun-wimdu\/\" title=\"Las reservas de alojamientos para la feria de C\u00f3rdoba aumentan un 27%, seg\u00fan \u2018Wimdu\u2019\">Las reservas de alojamientos para la feria de C\u00f3rdoba aumentan un 27%, seg\u00fan \u2018Wimdu\u2019<\/a>\n<\/span><\/div>","aioseo_breadcrumb_json":[{"label":"Home","link":"https:\/\/eldigitaldeasturias.com\/magazine365"},{"label":"Noticias y Actualidad","link":"https:\/\/eldigitaldeasturias.com\/magazine365\/category\/noticias-actualidad\/"},{"label":"Las reservas de alojamientos para la feria de C\u00f3rdoba aumentan un 27%, seg\u00fan &#8216;Wimdu&#8217;","link":"https:\/\/eldigitaldeasturias.com\/magazine365\/las-reservas-de-alojamientos-para-la-feria-de-cordoba-aumentan-un-27-segun-wimdu\/"}],"_links":{"self":[{"href":"https:\/\/eldigitaldeasturias.com\/magazine365\/wp-json\/wp\/v2\/posts\/76396","targetHints":{"allow":["GET"]}}],"collection":[{"href":"https:\/\/eldigitaldeasturias.com\/magazine365\/wp-json\/wp\/v2\/posts"}],"about":[{"href":"https:\/\/eldigitaldeasturias.com\/magazine365\/wp-json\/wp\/v2\/types\/post"}],"author":[{"embeddable":true,"href":"https:\/\/eldigitaldeasturias.com\/magazine365\/wp-json\/wp\/v2\/users\/1"}],"replies":[{"embeddable":true,"href":"https:\/\/eldigitaldeasturias.com\/magazine365\/wp-json\/wp\/v2\/comments?post=76396"}],"version-history":[{"count":0,"href":"https:\/\/eldigitaldeasturias.com\/magazine365\/wp-json\/wp\/v2\/posts\/76396\/revisions"}],"wp:featuredmedia":[{"embeddable":true,"href":"https:\/\/eldigitaldeasturias.com\/magazine365\/wp-json\/wp\/v2\/media\/76397"}],"wp:attachment":[{"href":"https:\/\/eldigitaldeasturias.com\/magazine365\/wp-json\/wp\/v2\/media?parent=76396"}],"wp:term":[{"taxonomy":"category","embeddable":true,"href":"https:\/\/eldigitaldeasturias.com\/magazine365\/wp-json\/wp\/v2\/categories?post=76396"},{"taxonomy":"post_tag","embeddable":true,"href":"https:\/\/eldigitaldeasturias.com\/magazine365\/wp-json\/wp\/v2\/tags?post=76396"}],"curies":[{"name":"wp","href":"https:\/\/api.w.org\/{rel}","templated":true}]}}