{"id":76390,"date":"2016-05-21T04:25:48","date_gmt":"2016-05-21T02:25:48","guid":{"rendered":"http:\/\/eldigitaldeasturias.com\/magazine365\/?p=76390"},"modified":"2016-05-21T04:25:48","modified_gmt":"2016-05-21T02:25:48","slug":"la-llegada-de-turistas-escandinavos-a-la-costa-del-sol-sigue-en-alza-en-2016","status":"publish","type":"post","link":"https:\/\/eldigitaldeasturias.com\/magazine365\/la-llegada-de-turistas-escandinavos-a-la-costa-del-sol-sigue-en-alza-en-2016\/","title":{"rendered":"La llegada de turistas escandinavos a la Costa del Sol sigue en alza en 2016"},"content":{"rendered":"<p><img fetchpriority=\"high\" decoding=\"async\" class=\"alignleft size-medium wp-image-76391\" src=\"https:\/\/eldigitaldeasturias.com\/magazine365\/wp-content\/uploads\/2016\/05\/fotonoticia_20160518192932_800-360x240.jpg\" alt=\"fotonoticia_20160518192932_800\" width=\"360\" height=\"240\" srcset=\"https:\/\/eldigitaldeasturias.com\/magazine365\/wp-content\/uploads\/2016\/05\/fotonoticia_20160518192932_800-360x240.jpg 360w, https:\/\/eldigitaldeasturias.com\/magazine365\/wp-content\/uploads\/2016\/05\/fotonoticia_20160518192932_800-650x433.jpg 650w, https:\/\/eldigitaldeasturias.com\/magazine365\/wp-content\/uploads\/2016\/05\/fotonoticia_20160518192932_800-768x512.jpg 768w, https:\/\/eldigitaldeasturias.com\/magazine365\/wp-content\/uploads\/2016\/05\/fotonoticia_20160518192932_800-150x100.jpg 150w, https:\/\/eldigitaldeasturias.com\/magazine365\/wp-content\/uploads\/2016\/05\/fotonoticia_20160518192932_800-450x300.jpg 450w, https:\/\/eldigitaldeasturias.com\/magazine365\/wp-content\/uploads\/2016\/05\/fotonoticia_20160518192932_800-101x66.jpg 101w, https:\/\/eldigitaldeasturias.com\/magazine365\/wp-content\/uploads\/2016\/05\/fotonoticia_20160518192932_800.jpg 800w\" sizes=\"(max-width: 360px) 100vw, 360px\" \/>El inter\u00e9s tur\u00edstico del mercado escandinavo por la Costa del Sol sigue creciendo y, en el primer trimestre de este a\u00f1o, ha elevado las cifras de llegadas procedentes de Noruega, Suecia y Finlandia, as\u00ed como Dinamarca, al sur de \u00e9stos, casi un 20 por ciento.<\/p>\n<p>El pasado a\u00f1o arribaron en el aeropuerto de M\u00e1laga-Costa del Sol un total de 836.000 viajeros escandinavos. Estas cifras, al parecer, mantendr\u00e1n una tendencia creciente en 2016 pues en el primer trimestre el aumento ha alcanzado el 19,5 por ciento, seg\u00fan han explicado el consejero delegado de Turismo y Planificaci\u00f3n Costa del Sol, Francisco Salado, en el marco de unas jornadas dedicadas a este mercado.<\/p>\n<p>Las cifras, que ha calificado de \u00abexcepcionales\u00bb sostienen porcentajes parciales como el alza del 25 por ciento en lo que a pasajeros por aeropuerto se refiere desde Dinamarca, del 15,4 por ciento en el caso de Noruega, Finlandia con el cinco por ciento y Suecia con un 26,1 por ciento.<\/p>\n<p>\u00abTodo ello sit\u00faa la Costa del Sol en una posici\u00f3n de liderazgo nacional en atracci\u00f3n tur\u00edstica para el mercado escandinavo. Nuestro destino experiment\u00f3 crecimientos positivos en 2015 cuando en el contexto nacional descendi\u00f3 y en el primer trimestre de 2016 se advierte mejor comportamiento, con un incremento del 20 por ciento frente al 12 por ciento del contexto nacional\u00bb, ha comentado Salado.<\/p>\n<p>ALOJAMIENTO<\/p>\n<p>En 2015, los viajeros alojados en hoteles y apartamentos de la provincia de M\u00e1laga han producido unos datos que rozan los 300.000 viajeros, lo que significa un crecimiento del 7,4 por ciento, por encima de la media espa\u00f1ola, que descendi\u00f3 en un 3,8 por ciento y de la andaluza, cuyo crecimiento se qued\u00f3 en un cuatro por ciento.<\/p>\n<p>Esta tendencia se mantiene durante el primer trimestre de 2016, con un incremento con respecto al mismo per\u00edodo del a\u00f1o pasado del 21,5 por ciento, frente al 10,7 nacional y el 16,3 andaluz. De la misma forma, las pernoctaciones, aunque en menor grados, se alejan de la media espa\u00f1ola y auton\u00f3mica.<\/p>\n<p>LLEGADAS POR PA\u00cdSES<\/p>\n<p>De todos los mercados escandinavos, el de Dinamarca es el m\u00e1s potente por entradas al aeropuerto de M\u00e1laga-Costa del Sol, con 239.000 llegadas, con un crecimiento en los \u00faltimos cinco a\u00f1os de un 48 por ciento.<\/p>\n<p>En este primer trimestre de 2016, los datos han arrojado un incremento de pasajeros del 25,2 por ciento con respecto al mismo periodo de 2015.<\/p>\n<p>Las llegadas procedentes de Suecia, en estos tres meses, ha ascendido un 26,1 por ciento con respecto al primer trimestre del a\u00f1o pasado. Este pa\u00eds es el Suecia tercer mercado escandinavo en volumen, con cerca de 220.000 llegadas en 2015 y presenta mayor evoluci\u00f3n en los \u00faltimos cinco a\u00f1os, registrando un crecimiento acumulado del 84 por ciento.<\/p>\n<p>Noruega, por su parte, el segundo en volumen de llegadas, ha experimentado un crecimiento acumulado del 56 por ciento en el \u00faltimo lustro y ha presentado unos datos durante el primer trimestre de 2016 que superan en un 15,4 por ciento a los datos del mismo per\u00edodo del a\u00f1o pasado.<\/p>\n<p>Por \u00faltimo, Finlandia, ha registrado 141.773 pasajeros en 2015 y ha crecido, en los \u00faltimos cinco a\u00f1os, un 40 por ciento. En el primer trimestre de 2016 se ha advertido un crecimiento del 5 por ciento con respecto al per\u00edodo de enero a marzo de 2015.<\/p>\n<p>PERFIL DEL TURISTA<\/p>\n<p>El perfil de turista escandinavo es \u00abmuy din\u00e1mico, se inclina por la visita a distintos municipios, viaja mayoritariamente en pareja y con hijos y usa habitualmente las redes sociales\u00bb, ha detallado Salado, que ha subrayado que \u00ablo m\u00e1s importante es el alto grado de satisfacci\u00f3n, con una valoraci\u00f3n del destino de nueve sobre diez, lo que hace indicar que estamos trabajando en una l\u00ednea acertada para lograr la fidelizaci\u00f3n\u00bb.<\/p>\n<p>En ese sentido, el consejero delegado de Turismo Costa del Sol se ha referido a la estrategia de segmentaci\u00f3n como uno de los principales factores para la fidelizaci\u00f3n de turistas con el destino: \u00abSabemos que nuestras acciones de promoci\u00f3n ser\u00e1n mucho m\u00e1s efectivas si las basamos en el conocimiento de los mercados y de los segmentos m\u00e1s representativos en los mismos, con estudios que renovamos constantemente\u00bb, ha apuntado.<\/p>\n","protected":false},"excerpt":{"rendered":"<p>El inter\u00e9s tur\u00edstico del mercado escandinavo por la Costa del Sol sigue creciendo y, en el primer trimestre de este a\u00f1o, ha elevado las cifras de llegadas procedentes de Noruega, Suecia y Finlandia, as\u00ed como Dinamarca, al sur de \u00e9stos, casi un 20 por ciento. El pasado a\u00f1o arribaron en el aeropuerto de M\u00e1laga-Costa del<\/p>\n","protected":false},"author":1,"featured_media":76391,"comment_status":"open","ping_status":"closed","sticky":false,"template":"","format":"standard","meta":{"footnotes":""},"categories":[224],"tags":[],"class_list":{"0":"post-76390","1":"post","2":"type-post","3":"status-publish","4":"format-standard","5":"has-post-thumbnail","7":"category-noticias-actualidad"},"aioseo_notices":[],"aioseo_head":"\n\t\t<!-- All in One SEO Pro 4.9.6.1 - aioseo.com -->\n\t<meta name=\"description\" content=\"El inter\u00e9s tur\u00edstico del mercado escandinavo por la Costa del Sol sigue creciendo y, en el primer trimestre de este a\u00f1o, ha elevado las cifras de llegadas procedentes de Noruega, Suecia y Finlandia, as\u00ed como Dinamarca, al sur de \u00e9stos, casi un 20 por ciento. El pasado a\u00f1o arribaron en el aeropuerto de M\u00e1laga-Costa del\" \/>\n\t<meta name=\"robots\" content=\"max-image-preview:large\" \/>\n\t<meta name=\"author\" content=\"admin\"\/>\n\t<meta name=\"google-site-verification\" content=\"UA-38556648-1\" \/>\n\t<meta name=\"keywords\" content=\"noticias y actualidad\" \/>\n\t<link rel=\"canonical\" href=\"https:\/\/eldigitaldeasturias.com\/magazine365\/la-llegada-de-turistas-escandinavos-a-la-costa-del-sol-sigue-en-alza-en-2016\/\" \/>\n\t<meta name=\"generator\" content=\"All in One SEO Pro (AIOSEO) 4.9.6.1\" \/>\n\t\t<meta property=\"og:locale\" content=\"es_ES\" \/>\n\t\t<meta property=\"og:site_name\" content=\"El Digital de Asturias \u2013 Revista de ocio, turismo y estilo de vida\" \/>\n\t\t<meta property=\"og:type\" content=\"article\" \/>\n\t\t<meta property=\"og:title\" content=\"La llegada de turistas escandinavos a la Costa del Sol sigue en alza en 2016 | El Digital de Asturias\" \/>\n\t\t<meta property=\"og:description\" content=\"El inter\u00e9s tur\u00edstico del mercado escandinavo por la Costa del Sol sigue creciendo y, en el primer trimestre de este a\u00f1o, ha elevado las cifras de llegadas procedentes de Noruega, Suecia y Finlandia, as\u00ed como Dinamarca, al sur de \u00e9stos, casi un 20 por ciento. El pasado a\u00f1o arribaron en el aeropuerto de M\u00e1laga-Costa del\" \/>\n\t\t<meta property=\"og:url\" content=\"https:\/\/eldigitaldeasturias.com\/magazine365\/la-llegada-de-turistas-escandinavos-a-la-costa-del-sol-sigue-en-alza-en-2016\/\" \/>\n\t\t<meta property=\"og:image\" content=\"https:\/\/eldigitaldeasturias.com\/magazine365\/wp-content\/uploads\/2016\/05\/fotonoticia_20160518192932_800.jpg\" \/>\n\t\t<meta property=\"og:image:secure_url\" content=\"https:\/\/eldigitaldeasturias.com\/magazine365\/wp-content\/uploads\/2016\/05\/fotonoticia_20160518192932_800.jpg\" \/>\n\t\t<meta property=\"og:image:width\" content=\"800\" \/>\n\t\t<meta property=\"og:image:height\" content=\"533\" \/>\n\t\t<meta property=\"article:published_time\" content=\"2016-05-21T02:25:48+00:00\" \/>\n\t\t<meta property=\"article:modified_time\" content=\"2016-05-21T02:25:48+00:00\" \/>\n\t\t<meta name=\"twitter:card\" content=\"summary_large_image\" \/>\n\t\t<meta name=\"twitter:title\" content=\"La llegada de turistas escandinavos a la Costa del Sol sigue en alza en 2016 | El Digital de Asturias\" \/>\n\t\t<meta name=\"twitter:description\" content=\"El inter\u00e9s tur\u00edstico del mercado escandinavo por la Costa del Sol sigue creciendo y, en el primer trimestre de este a\u00f1o, ha elevado las cifras de llegadas procedentes de Noruega, Suecia y Finlandia, as\u00ed como Dinamarca, al sur de \u00e9stos, casi un 20 por ciento. El pasado a\u00f1o arribaron en el aeropuerto de M\u00e1laga-Costa del\" \/>\n\t\t<meta name=\"twitter:image\" content=\"https:\/\/eldigitaldeasturias.com\/magazine365\/wp-content\/uploads\/2016\/05\/fotonoticia_20160518192932_800.jpg\" \/>\n\t\t<script type=\"application\/ld+json\" class=\"aioseo-schema\">\n\t\t\t{\"@context\":\"https:\\\/\\\/schema.org\",\"@graph\":[{\"@type\":\"Article\",\"@id\":\"https:\\\/\\\/eldigitaldeasturias.com\\\/magazine365\\\/la-llegada-de-turistas-escandinavos-a-la-costa-del-sol-sigue-en-alza-en-2016\\\/#article\",\"name\":\"La llegada de turistas escandinavos a la Costa del Sol sigue en alza en 2016 | El Digital de Asturias\",\"headline\":\"La llegada de turistas escandinavos a la Costa del Sol sigue en alza en 2016\",\"author\":{\"@id\":\"https:\\\/\\\/eldigitaldeasturias.com\\\/magazine365\\\/author\\\/admin\\\/#author\"},\"publisher\":{\"@id\":\"https:\\\/\\\/eldigitaldeasturias.com\\\/magazine365\\\/#organization\"},\"image\":{\"@type\":\"ImageObject\",\"url\":\"https:\\\/\\\/eldigitaldeasturias.com\\\/magazine365\\\/wp-content\\\/uploads\\\/2016\\\/05\\\/fotonoticia_20160518192932_800.jpg\",\"width\":800,\"height\":533},\"datePublished\":\"2016-05-21T04:25:48+02:00\",\"dateModified\":\"2016-05-21T04:25:48+02:00\",\"inLanguage\":\"es-ES\",\"mainEntityOfPage\":{\"@id\":\"https:\\\/\\\/eldigitaldeasturias.com\\\/magazine365\\\/la-llegada-de-turistas-escandinavos-a-la-costa-del-sol-sigue-en-alza-en-2016\\\/#webpage\"},\"isPartOf\":{\"@id\":\"https:\\\/\\\/eldigitaldeasturias.com\\\/magazine365\\\/la-llegada-de-turistas-escandinavos-a-la-costa-del-sol-sigue-en-alza-en-2016\\\/#webpage\"},\"articleSection\":\"Noticias y Actualidad\"},{\"@type\":\"BreadcrumbList\",\"@id\":\"https:\\\/\\\/eldigitaldeasturias.com\\\/magazine365\\\/la-llegada-de-turistas-escandinavos-a-la-costa-del-sol-sigue-en-alza-en-2016\\\/#breadcrumblist\",\"itemListElement\":[{\"@type\":\"ListItem\",\"@id\":\"https:\\\/\\\/eldigitaldeasturias.com\\\/magazine365#listItem\",\"position\":1,\"name\":\"Home\",\"item\":\"https:\\\/\\\/eldigitaldeasturias.com\\\/magazine365\",\"nextItem\":{\"@type\":\"ListItem\",\"@id\":\"https:\\\/\\\/eldigitaldeasturias.com\\\/magazine365\\\/category\\\/noticias-actualidad\\\/#listItem\",\"name\":\"Noticias y Actualidad\"}},{\"@type\":\"ListItem\",\"@id\":\"https:\\\/\\\/eldigitaldeasturias.com\\\/magazine365\\\/category\\\/noticias-actualidad\\\/#listItem\",\"position\":2,\"name\":\"Noticias y Actualidad\",\"item\":\"https:\\\/\\\/eldigitaldeasturias.com\\\/magazine365\\\/category\\\/noticias-actualidad\\\/\",\"nextItem\":{\"@type\":\"ListItem\",\"@id\":\"https:\\\/\\\/eldigitaldeasturias.com\\\/magazine365\\\/la-llegada-de-turistas-escandinavos-a-la-costa-del-sol-sigue-en-alza-en-2016\\\/#listItem\",\"name\":\"La llegada de turistas escandinavos a la Costa del Sol sigue en alza en 2016\"},\"previousItem\":{\"@type\":\"ListItem\",\"@id\":\"https:\\\/\\\/eldigitaldeasturias.com\\\/magazine365#listItem\",\"name\":\"Home\"}},{\"@type\":\"ListItem\",\"@id\":\"https:\\\/\\\/eldigitaldeasturias.com\\\/magazine365\\\/la-llegada-de-turistas-escandinavos-a-la-costa-del-sol-sigue-en-alza-en-2016\\\/#listItem\",\"position\":3,\"name\":\"La llegada de turistas escandinavos a la Costa del Sol sigue en alza en 2016\",\"previousItem\":{\"@type\":\"ListItem\",\"@id\":\"https:\\\/\\\/eldigitaldeasturias.com\\\/magazine365\\\/category\\\/noticias-actualidad\\\/#listItem\",\"name\":\"Noticias y Actualidad\"}}]},{\"@type\":\"Organization\",\"@id\":\"https:\\\/\\\/eldigitaldeasturias.com\\\/magazine365\\\/#organization\",\"name\":\"El digital de Asturias\",\"description\":\"Revista de ocio, turismo y estilo de vida\",\"url\":\"https:\\\/\\\/eldigitaldeasturias.com\\\/magazine365\\\/\",\"logo\":{\"@type\":\"ImageObject\",\"url\":\"https:\\\/\\\/www.eldigitaldeasturias.com\\\/noticias\\\/wp-content\\\/uploads\\\/2020\\\/12\\\/EDA.jpg\",\"@id\":\"https:\\\/\\\/eldigitaldeasturias.com\\\/magazine365\\\/la-llegada-de-turistas-escandinavos-a-la-costa-del-sol-sigue-en-alza-en-2016\\\/#organizationLogo\"},\"image\":{\"@id\":\"https:\\\/\\\/eldigitaldeasturias.com\\\/magazine365\\\/la-llegada-de-turistas-escandinavos-a-la-costa-del-sol-sigue-en-alza-en-2016\\\/#organizationLogo\"}},{\"@type\":\"Person\",\"@id\":\"https:\\\/\\\/eldigitaldeasturias.com\\\/magazine365\\\/author\\\/admin\\\/#author\",\"url\":\"https:\\\/\\\/eldigitaldeasturias.com\\\/magazine365\\\/author\\\/admin\\\/\",\"name\":\"admin\",\"image\":{\"@type\":\"ImageObject\",\"@id\":\"https:\\\/\\\/eldigitaldeasturias.com\\\/magazine365\\\/la-llegada-de-turistas-escandinavos-a-la-costa-del-sol-sigue-en-alza-en-2016\\\/#authorImage\",\"url\":\"https:\\\/\\\/eldigitaldeasturias.com\\\/magazine365\\\/wp-content\\\/litespeed\\\/avatar\\\/e571bcf59a0edd6fa6838245a470f2fe.jpg?ver=1777574230\",\"width\":96,\"height\":96,\"caption\":\"admin\"}},{\"@type\":\"WebPage\",\"@id\":\"https:\\\/\\\/eldigitaldeasturias.com\\\/magazine365\\\/la-llegada-de-turistas-escandinavos-a-la-costa-del-sol-sigue-en-alza-en-2016\\\/#webpage\",\"url\":\"https:\\\/\\\/eldigitaldeasturias.com\\\/magazine365\\\/la-llegada-de-turistas-escandinavos-a-la-costa-del-sol-sigue-en-alza-en-2016\\\/\",\"name\":\"La llegada de turistas escandinavos a la Costa del Sol sigue en alza en 2016 | El Digital de Asturias\",\"description\":\"El inter\\u00e9s tur\\u00edstico del mercado escandinavo por la Costa del Sol sigue creciendo y, en el primer trimestre de este a\\u00f1o, ha elevado las cifras de llegadas procedentes de Noruega, Suecia y Finlandia, as\\u00ed como Dinamarca, al sur de \\u00e9stos, casi un 20 por ciento. El pasado a\\u00f1o arribaron en el aeropuerto de M\\u00e1laga-Costa del\",\"inLanguage\":\"es-ES\",\"isPartOf\":{\"@id\":\"https:\\\/\\\/eldigitaldeasturias.com\\\/magazine365\\\/#website\"},\"breadcrumb\":{\"@id\":\"https:\\\/\\\/eldigitaldeasturias.com\\\/magazine365\\\/la-llegada-de-turistas-escandinavos-a-la-costa-del-sol-sigue-en-alza-en-2016\\\/#breadcrumblist\"},\"author\":{\"@id\":\"https:\\\/\\\/eldigitaldeasturias.com\\\/magazine365\\\/author\\\/admin\\\/#author\"},\"creator\":{\"@id\":\"https:\\\/\\\/eldigitaldeasturias.com\\\/magazine365\\\/author\\\/admin\\\/#author\"},\"image\":{\"@type\":\"ImageObject\",\"url\":\"https:\\\/\\\/eldigitaldeasturias.com\\\/magazine365\\\/wp-content\\\/uploads\\\/2016\\\/05\\\/fotonoticia_20160518192932_800.jpg\",\"@id\":\"https:\\\/\\\/eldigitaldeasturias.com\\\/magazine365\\\/la-llegada-de-turistas-escandinavos-a-la-costa-del-sol-sigue-en-alza-en-2016\\\/#mainImage\",\"width\":800,\"height\":533},\"primaryImageOfPage\":{\"@id\":\"https:\\\/\\\/eldigitaldeasturias.com\\\/magazine365\\\/la-llegada-de-turistas-escandinavos-a-la-costa-del-sol-sigue-en-alza-en-2016\\\/#mainImage\"},\"datePublished\":\"2016-05-21T04:25:48+02:00\",\"dateModified\":\"2016-05-21T04:25:48+02:00\"},{\"@type\":\"WebSite\",\"@id\":\"https:\\\/\\\/eldigitaldeasturias.com\\\/magazine365\\\/#website\",\"url\":\"https:\\\/\\\/eldigitaldeasturias.com\\\/magazine365\\\/\",\"name\":\"El Digital de Asturias\",\"description\":\"Revista de ocio, turismo y estilo de vida\",\"inLanguage\":\"es-ES\",\"publisher\":{\"@id\":\"https:\\\/\\\/eldigitaldeasturias.com\\\/magazine365\\\/#organization\"}}]}\n\t\t<\/script>\n\t\t<!-- All in One SEO Pro -->\r\n\t\t<title>La llegada de turistas escandinavos a la Costa del Sol sigue en alza en 2016 | El Digital de Asturias<\/title>\n\n","aioseo_head_json":{"title":"La llegada de turistas escandinavos a la Costa del Sol sigue en alza en 2016 | El Digital de Asturias","description":"El inter\u00e9s tur\u00edstico del mercado escandinavo por la Costa del Sol sigue creciendo y, en el primer trimestre de este a\u00f1o, ha elevado las cifras de llegadas procedentes de Noruega, Suecia y Finlandia, as\u00ed como Dinamarca, al sur de \u00e9stos, casi un 20 por ciento. El pasado a\u00f1o arribaron en el aeropuerto de M\u00e1laga-Costa del","canonical_url":"https:\/\/eldigitaldeasturias.com\/magazine365\/la-llegada-de-turistas-escandinavos-a-la-costa-del-sol-sigue-en-alza-en-2016\/","robots":"max-image-preview:large","keywords":"noticias y actualidad","webmasterTools":{"google-site-verification":"UA-38556648-1","miscellaneous":""},"schema":{"@context":"https:\/\/schema.org","@graph":[{"@type":"Article","@id":"https:\/\/eldigitaldeasturias.com\/magazine365\/la-llegada-de-turistas-escandinavos-a-la-costa-del-sol-sigue-en-alza-en-2016\/#article","name":"La llegada de turistas escandinavos a la Costa del Sol sigue en alza en 2016 | El Digital de Asturias","headline":"La llegada de turistas escandinavos a la Costa del Sol sigue en alza en 2016","author":{"@id":"https:\/\/eldigitaldeasturias.com\/magazine365\/author\/admin\/#author"},"publisher":{"@id":"https:\/\/eldigitaldeasturias.com\/magazine365\/#organization"},"image":{"@type":"ImageObject","url":"https:\/\/eldigitaldeasturias.com\/magazine365\/wp-content\/uploads\/2016\/05\/fotonoticia_20160518192932_800.jpg","width":800,"height":533},"datePublished":"2016-05-21T04:25:48+02:00","dateModified":"2016-05-21T04:25:48+02:00","inLanguage":"es-ES","mainEntityOfPage":{"@id":"https:\/\/eldigitaldeasturias.com\/magazine365\/la-llegada-de-turistas-escandinavos-a-la-costa-del-sol-sigue-en-alza-en-2016\/#webpage"},"isPartOf":{"@id":"https:\/\/eldigitaldeasturias.com\/magazine365\/la-llegada-de-turistas-escandinavos-a-la-costa-del-sol-sigue-en-alza-en-2016\/#webpage"},"articleSection":"Noticias y Actualidad"},{"@type":"BreadcrumbList","@id":"https:\/\/eldigitaldeasturias.com\/magazine365\/la-llegada-de-turistas-escandinavos-a-la-costa-del-sol-sigue-en-alza-en-2016\/#breadcrumblist","itemListElement":[{"@type":"ListItem","@id":"https:\/\/eldigitaldeasturias.com\/magazine365#listItem","position":1,"name":"Home","item":"https:\/\/eldigitaldeasturias.com\/magazine365","nextItem":{"@type":"ListItem","@id":"https:\/\/eldigitaldeasturias.com\/magazine365\/category\/noticias-actualidad\/#listItem","name":"Noticias y Actualidad"}},{"@type":"ListItem","@id":"https:\/\/eldigitaldeasturias.com\/magazine365\/category\/noticias-actualidad\/#listItem","position":2,"name":"Noticias y Actualidad","item":"https:\/\/eldigitaldeasturias.com\/magazine365\/category\/noticias-actualidad\/","nextItem":{"@type":"ListItem","@id":"https:\/\/eldigitaldeasturias.com\/magazine365\/la-llegada-de-turistas-escandinavos-a-la-costa-del-sol-sigue-en-alza-en-2016\/#listItem","name":"La llegada de turistas escandinavos a la Costa del Sol sigue en alza en 2016"},"previousItem":{"@type":"ListItem","@id":"https:\/\/eldigitaldeasturias.com\/magazine365#listItem","name":"Home"}},{"@type":"ListItem","@id":"https:\/\/eldigitaldeasturias.com\/magazine365\/la-llegada-de-turistas-escandinavos-a-la-costa-del-sol-sigue-en-alza-en-2016\/#listItem","position":3,"name":"La llegada de turistas escandinavos a la Costa del Sol sigue en alza en 2016","previousItem":{"@type":"ListItem","@id":"https:\/\/eldigitaldeasturias.com\/magazine365\/category\/noticias-actualidad\/#listItem","name":"Noticias y Actualidad"}}]},{"@type":"Organization","@id":"https:\/\/eldigitaldeasturias.com\/magazine365\/#organization","name":"El digital de Asturias","description":"Revista de ocio, turismo y estilo de vida","url":"https:\/\/eldigitaldeasturias.com\/magazine365\/","logo":{"@type":"ImageObject","url":"https:\/\/www.eldigitaldeasturias.com\/noticias\/wp-content\/uploads\/2020\/12\/EDA.jpg","@id":"https:\/\/eldigitaldeasturias.com\/magazine365\/la-llegada-de-turistas-escandinavos-a-la-costa-del-sol-sigue-en-alza-en-2016\/#organizationLogo"},"image":{"@id":"https:\/\/eldigitaldeasturias.com\/magazine365\/la-llegada-de-turistas-escandinavos-a-la-costa-del-sol-sigue-en-alza-en-2016\/#organizationLogo"}},{"@type":"Person","@id":"https:\/\/eldigitaldeasturias.com\/magazine365\/author\/admin\/#author","url":"https:\/\/eldigitaldeasturias.com\/magazine365\/author\/admin\/","name":"admin","image":{"@type":"ImageObject","@id":"https:\/\/eldigitaldeasturias.com\/magazine365\/la-llegada-de-turistas-escandinavos-a-la-costa-del-sol-sigue-en-alza-en-2016\/#authorImage","url":"https:\/\/eldigitaldeasturias.com\/magazine365\/wp-content\/litespeed\/avatar\/e571bcf59a0edd6fa6838245a470f2fe.jpg?ver=1777574230","width":96,"height":96,"caption":"admin"}},{"@type":"WebPage","@id":"https:\/\/eldigitaldeasturias.com\/magazine365\/la-llegada-de-turistas-escandinavos-a-la-costa-del-sol-sigue-en-alza-en-2016\/#webpage","url":"https:\/\/eldigitaldeasturias.com\/magazine365\/la-llegada-de-turistas-escandinavos-a-la-costa-del-sol-sigue-en-alza-en-2016\/","name":"La llegada de turistas escandinavos a la Costa del Sol sigue en alza en 2016 | El Digital de Asturias","description":"El inter\u00e9s tur\u00edstico del mercado escandinavo por la Costa del Sol sigue creciendo y, en el primer trimestre de este a\u00f1o, ha elevado las cifras de llegadas procedentes de Noruega, Suecia y Finlandia, as\u00ed como Dinamarca, al sur de \u00e9stos, casi un 20 por ciento. El pasado a\u00f1o arribaron en el aeropuerto de M\u00e1laga-Costa del","inLanguage":"es-ES","isPartOf":{"@id":"https:\/\/eldigitaldeasturias.com\/magazine365\/#website"},"breadcrumb":{"@id":"https:\/\/eldigitaldeasturias.com\/magazine365\/la-llegada-de-turistas-escandinavos-a-la-costa-del-sol-sigue-en-alza-en-2016\/#breadcrumblist"},"author":{"@id":"https:\/\/eldigitaldeasturias.com\/magazine365\/author\/admin\/#author"},"creator":{"@id":"https:\/\/eldigitaldeasturias.com\/magazine365\/author\/admin\/#author"},"image":{"@type":"ImageObject","url":"https:\/\/eldigitaldeasturias.com\/magazine365\/wp-content\/uploads\/2016\/05\/fotonoticia_20160518192932_800.jpg","@id":"https:\/\/eldigitaldeasturias.com\/magazine365\/la-llegada-de-turistas-escandinavos-a-la-costa-del-sol-sigue-en-alza-en-2016\/#mainImage","width":800,"height":533},"primaryImageOfPage":{"@id":"https:\/\/eldigitaldeasturias.com\/magazine365\/la-llegada-de-turistas-escandinavos-a-la-costa-del-sol-sigue-en-alza-en-2016\/#mainImage"},"datePublished":"2016-05-21T04:25:48+02:00","dateModified":"2016-05-21T04:25:48+02:00"},{"@type":"WebSite","@id":"https:\/\/eldigitaldeasturias.com\/magazine365\/#website","url":"https:\/\/eldigitaldeasturias.com\/magazine365\/","name":"El Digital de Asturias","description":"Revista de ocio, turismo y estilo de vida","inLanguage":"es-ES","publisher":{"@id":"https:\/\/eldigitaldeasturias.com\/magazine365\/#organization"}}]},"og:locale":"es_ES","og:site_name":"El Digital de Asturias \u2013 Revista de ocio, turismo y estilo de vida","og:type":"article","og:title":"La llegada de turistas escandinavos a la Costa del Sol sigue en alza en 2016 | El Digital de Asturias","og:description":"El inter\u00e9s tur\u00edstico del mercado escandinavo por la Costa del Sol sigue creciendo y, en el primer trimestre de este a\u00f1o, ha elevado las cifras de llegadas procedentes de Noruega, Suecia y Finlandia, as\u00ed como Dinamarca, al sur de \u00e9stos, casi un 20 por ciento. El pasado a\u00f1o arribaron en el aeropuerto de M\u00e1laga-Costa del","og:url":"https:\/\/eldigitaldeasturias.com\/magazine365\/la-llegada-de-turistas-escandinavos-a-la-costa-del-sol-sigue-en-alza-en-2016\/","og:image":"https:\/\/eldigitaldeasturias.com\/magazine365\/wp-content\/uploads\/2016\/05\/fotonoticia_20160518192932_800.jpg","og:image:secure_url":"https:\/\/eldigitaldeasturias.com\/magazine365\/wp-content\/uploads\/2016\/05\/fotonoticia_20160518192932_800.jpg","og:image:width":800,"og:image:height":533,"article:published_time":"2016-05-21T02:25:48+00:00","article:modified_time":"2016-05-21T02:25:48+00:00","twitter:card":"summary_large_image","twitter:title":"La llegada de turistas escandinavos a la Costa del Sol sigue en alza en 2016 | El Digital de Asturias","twitter:description":"El inter\u00e9s tur\u00edstico del mercado escandinavo por la Costa del Sol sigue creciendo y, en el primer trimestre de este a\u00f1o, ha elevado las cifras de llegadas procedentes de Noruega, Suecia y Finlandia, as\u00ed como Dinamarca, al sur de \u00e9stos, casi un 20 por ciento. El pasado a\u00f1o arribaron en el aeropuerto de M\u00e1laga-Costa del","twitter:image":"https:\/\/eldigitaldeasturias.com\/magazine365\/wp-content\/uploads\/2016\/05\/fotonoticia_20160518192932_800.jpg"},"aioseo_meta_data":{"post_id":"76390","title":null,"description":null,"keywords":null,"keyphrases":null,"primary_term":null,"canonical_url":null,"og_title":null,"og_description":null,"og_object_type":"default","og_image_type":"default","og_image_url":null,"og_image_width":null,"og_image_height":null,"og_image_custom_url":null,"og_image_custom_fields":null,"og_video":null,"og_custom_url":null,"og_article_section":null,"og_article_tags":null,"twitter_use_og":false,"twitter_card":"default","twitter_image_type":"default","twitter_image_url":null,"twitter_image_custom_url":null,"twitter_image_custom_fields":null,"twitter_title":null,"twitter_description":null,"schema":{"blockGraphs":[],"customGraphs":[],"default":{"data":{"Article":[],"Course":[],"Dataset":[],"FAQPage":[],"Movie":[],"Person":[],"Product":[],"ProductReview":[],"Car":[],"Recipe":[],"Service":[],"SoftwareApplication":[],"WebPage":[]},"graphName":"","isEnabled":true},"graphs":[],"defaultGraph":"","defaultPostTypeGraph":""},"schema_type":null,"schema_type_options":null,"pillar_content":false,"robots_default":true,"robots_noindex":false,"robots_noarchive":false,"robots_nosnippet":false,"robots_nofollow":false,"robots_noimageindex":false,"robots_noodp":false,"robots_notranslate":false,"robots_max_snippet":null,"robots_max_videopreview":null,"robots_max_imagepreview":"large","priority":null,"frequency":null,"location":null,"local_seo":null,"seo_analyzer_scan_date":"2025-09-27 12:32:13","breadcrumb_settings":null,"limit_modified_date":false,"open_ai":null,"ai":null,"created":"2021-03-08 18:28:57","updated":"2025-09-27 12:32:13"},"aioseo_breadcrumb":"<div class=\"aioseo-breadcrumbs\"><span class=\"aioseo-breadcrumb\">\n\t<a href=\"https:\/\/eldigitaldeasturias.com\/magazine365\" title=\"Home\">Home<\/a>\n<\/span><span class=\"aioseo-breadcrumb-separator\">\u2013<\/span><span class=\"aioseo-breadcrumb\">\n\t<a href=\"https:\/\/eldigitaldeasturias.com\/magazine365\/category\/noticias-actualidad\/\" title=\"Noticias y Actualidad\">Noticias y Actualidad<\/a>\n<\/span><span class=\"aioseo-breadcrumb-separator\">\u2013<\/span><span class=\"aioseo-breadcrumb\">\n\t<a href=\"https:\/\/eldigitaldeasturias.com\/magazine365\/la-llegada-de-turistas-escandinavos-a-la-costa-del-sol-sigue-en-alza-en-2016\/\" title=\"La llegada de turistas escandinavos a la Costa del Sol sigue en alza en 2016\">La llegada de turistas escandinavos a la Costa del Sol sigue en alza en 2016<\/a>\n<\/span><\/div>","aioseo_breadcrumb_json":[{"label":"Home","link":"https:\/\/eldigitaldeasturias.com\/magazine365"},{"label":"Noticias y Actualidad","link":"https:\/\/eldigitaldeasturias.com\/magazine365\/category\/noticias-actualidad\/"},{"label":"La llegada de turistas escandinavos a la Costa del Sol sigue en alza en 2016","link":"https:\/\/eldigitaldeasturias.com\/magazine365\/la-llegada-de-turistas-escandinavos-a-la-costa-del-sol-sigue-en-alza-en-2016\/"}],"_links":{"self":[{"href":"https:\/\/eldigitaldeasturias.com\/magazine365\/wp-json\/wp\/v2\/posts\/76390","targetHints":{"allow":["GET"]}}],"collection":[{"href":"https:\/\/eldigitaldeasturias.com\/magazine365\/wp-json\/wp\/v2\/posts"}],"about":[{"href":"https:\/\/eldigitaldeasturias.com\/magazine365\/wp-json\/wp\/v2\/types\/post"}],"author":[{"embeddable":true,"href":"https:\/\/eldigitaldeasturias.com\/magazine365\/wp-json\/wp\/v2\/users\/1"}],"replies":[{"embeddable":true,"href":"https:\/\/eldigitaldeasturias.com\/magazine365\/wp-json\/wp\/v2\/comments?post=76390"}],"version-history":[{"count":0,"href":"https:\/\/eldigitaldeasturias.com\/magazine365\/wp-json\/wp\/v2\/posts\/76390\/revisions"}],"wp:featuredmedia":[{"embeddable":true,"href":"https:\/\/eldigitaldeasturias.com\/magazine365\/wp-json\/wp\/v2\/media\/76391"}],"wp:attachment":[{"href":"https:\/\/eldigitaldeasturias.com\/magazine365\/wp-json\/wp\/v2\/media?parent=76390"}],"wp:term":[{"taxonomy":"category","embeddable":true,"href":"https:\/\/eldigitaldeasturias.com\/magazine365\/wp-json\/wp\/v2\/categories?post=76390"},{"taxonomy":"post_tag","embeddable":true,"href":"https:\/\/eldigitaldeasturias.com\/magazine365\/wp-json\/wp\/v2\/tags?post=76390"}],"curies":[{"name":"wp","href":"https:\/\/api.w.org\/{rel}","templated":true}]}}