{"id":76384,"date":"2016-05-21T04:23:32","date_gmt":"2016-05-21T02:23:32","guid":{"rendered":"http:\/\/eldigitaldeasturias.com\/magazine365\/?p=76384"},"modified":"2016-05-21T04:23:32","modified_gmt":"2016-05-21T02:23:32","slug":"francisco-alcalde-se-reune-con-aehcor","status":"publish","type":"post","link":"https:\/\/eldigitaldeasturias.com\/magazine365\/francisco-alcalde-se-reune-con-aehcor\/","title":{"rendered":"Francisco Alcalde se re\u00fane con Aehcor"},"content":{"rendered":"<p><img fetchpriority=\"high\" decoding=\"async\" class=\"alignleft size-medium wp-image-76385\" src=\"https:\/\/eldigitaldeasturias.com\/magazine365\/wp-content\/uploads\/2016\/05\/fotonoticia_20160518185932_800-360x240.jpg\" alt=\"fotonoticia_20160518185932_800\" width=\"360\" height=\"240\" srcset=\"https:\/\/eldigitaldeasturias.com\/magazine365\/wp-content\/uploads\/2016\/05\/fotonoticia_20160518185932_800-360x240.jpg 360w, https:\/\/eldigitaldeasturias.com\/magazine365\/wp-content\/uploads\/2016\/05\/fotonoticia_20160518185932_800-650x434.jpg 650w, https:\/\/eldigitaldeasturias.com\/magazine365\/wp-content\/uploads\/2016\/05\/fotonoticia_20160518185932_800-768x513.jpg 768w, https:\/\/eldigitaldeasturias.com\/magazine365\/wp-content\/uploads\/2016\/05\/fotonoticia_20160518185932_800-150x100.jpg 150w, https:\/\/eldigitaldeasturias.com\/magazine365\/wp-content\/uploads\/2016\/05\/fotonoticia_20160518185932_800-450x300.jpg 450w, https:\/\/eldigitaldeasturias.com\/magazine365\/wp-content\/uploads\/2016\/05\/fotonoticia_20160518185932_800-101x66.jpg 101w, https:\/\/eldigitaldeasturias.com\/magazine365\/wp-content\/uploads\/2016\/05\/fotonoticia_20160518185932_800.jpg 800w\" sizes=\"(max-width: 360px) 100vw, 360px\" \/>El delegado territorial de Cultura, Turismo y Deporte de la Junta de Andaluc\u00eda en C\u00f3rdoba, Francisco Alcalde, se ha reunido con representantes de la Asociaci\u00f3n de Empresarios de Hospedaje de C\u00f3rdoba (Aehcor) para tratar asuntos relacionados con las competencias tur\u00edsticas de la Junta y, particularmente, para abordar el seguimiento de las viviendas con uso tur\u00edstico que no se dan de alta en el Registro de Turismo de Andaluc\u00eda.<\/p>\n<p>En un comunicado la Junta ha indicado que en esta reuni\u00f3n se ha llegado al acuerdo de crear un grupo t\u00e9cnico de trabajo con reuniones peri\u00f3dicas mensuales para poder intercambiar experiencias y consecuencias de los cambios normativos en materia tur\u00edstica, as\u00ed como abordar la problem\u00e1tica de la competencia desleal y clandestina que se da en el sector.<\/p>\n<p>Alcalde ha se\u00f1alado que \u00abha sido una reuni\u00f3n fruct\u00edfera en la que se han sentado la bases para el trabajo conjunto entre Aehccor y la Delegaci\u00f3n Territorial y espera que las reuniones t\u00e9cnicas mensuales que se han programado sean un instrumento eficaz para poder ir solventando y mejorando las diferentes situaciones planteadas por la asociaci\u00f3n, a la vez que redunde en beneficio del sector\u00bb.<\/p>\n","protected":false},"excerpt":{"rendered":"<p>El delegado territorial de Cultura, Turismo y Deporte de la Junta de Andaluc\u00eda en C\u00f3rdoba, Francisco Alcalde, se ha reunido con representantes de la Asociaci\u00f3n de Empresarios de Hospedaje de C\u00f3rdoba (Aehcor) para tratar asuntos relacionados con las competencias tur\u00edsticas de la Junta y, particularmente, para abordar el seguimiento de las viviendas con uso tur\u00edstico<\/p>\n","protected":false},"author":1,"featured_media":76385,"comment_status":"open","ping_status":"closed","sticky":false,"template":"","format":"standard","meta":{"footnotes":""},"categories":[224],"tags":[],"class_list":{"0":"post-76384","1":"post","2":"type-post","3":"status-publish","4":"format-standard","5":"has-post-thumbnail","7":"category-noticias-actualidad"},"aioseo_notices":[],"aioseo_head":"\n\t\t<!-- All in One SEO Pro 4.9.6.1 - aioseo.com -->\n\t<meta name=\"description\" content=\"El delegado territorial de Cultura, Turismo y Deporte de la Junta de Andaluc\u00eda en C\u00f3rdoba, Francisco Alcalde, se ha reunido con representantes de la Asociaci\u00f3n de Empresarios de Hospedaje de C\u00f3rdoba (Aehcor) para tratar asuntos relacionados con las competencias tur\u00edsticas de la Junta y, particularmente, para abordar el seguimiento de las viviendas con uso tur\u00edstico\" \/>\n\t<meta name=\"robots\" content=\"max-image-preview:large\" \/>\n\t<meta name=\"author\" content=\"admin\"\/>\n\t<meta name=\"google-site-verification\" content=\"UA-38556648-1\" \/>\n\t<meta name=\"keywords\" content=\"noticias y actualidad\" \/>\n\t<link rel=\"canonical\" href=\"https:\/\/eldigitaldeasturias.com\/magazine365\/francisco-alcalde-se-reune-con-aehcor\/\" \/>\n\t<meta name=\"generator\" content=\"All in One SEO Pro (AIOSEO) 4.9.6.1\" \/>\n\t\t<meta property=\"og:locale\" content=\"es_ES\" \/>\n\t\t<meta property=\"og:site_name\" content=\"El Digital de Asturias \u2013 Revista de ocio, turismo y estilo de vida\" \/>\n\t\t<meta property=\"og:type\" content=\"article\" \/>\n\t\t<meta property=\"og:title\" content=\"Francisco Alcalde se re\u00fane con Aehcor | El Digital de Asturias\" \/>\n\t\t<meta property=\"og:description\" content=\"El delegado territorial de Cultura, Turismo y Deporte de la Junta de Andaluc\u00eda en C\u00f3rdoba, Francisco Alcalde, se ha reunido con representantes de la Asociaci\u00f3n de Empresarios de Hospedaje de C\u00f3rdoba (Aehcor) para tratar asuntos relacionados con las competencias tur\u00edsticas de la Junta y, particularmente, para abordar el seguimiento de las viviendas con uso tur\u00edstico\" \/>\n\t\t<meta property=\"og:url\" content=\"https:\/\/eldigitaldeasturias.com\/magazine365\/francisco-alcalde-se-reune-con-aehcor\/\" \/>\n\t\t<meta property=\"og:image\" content=\"https:\/\/eldigitaldeasturias.com\/magazine365\/wp-content\/uploads\/2016\/05\/fotonoticia_20160518185932_800.jpg\" \/>\n\t\t<meta property=\"og:image:secure_url\" content=\"https:\/\/eldigitaldeasturias.com\/magazine365\/wp-content\/uploads\/2016\/05\/fotonoticia_20160518185932_800.jpg\" \/>\n\t\t<meta property=\"og:image:width\" content=\"800\" \/>\n\t\t<meta property=\"og:image:height\" content=\"534\" \/>\n\t\t<meta property=\"article:published_time\" content=\"2016-05-21T02:23:32+00:00\" \/>\n\t\t<meta property=\"article:modified_time\" content=\"2016-05-21T02:23:32+00:00\" \/>\n\t\t<meta name=\"twitter:card\" content=\"summary_large_image\" \/>\n\t\t<meta name=\"twitter:title\" content=\"Francisco Alcalde se re\u00fane con Aehcor | El Digital de Asturias\" \/>\n\t\t<meta name=\"twitter:description\" content=\"El delegado territorial de Cultura, Turismo y Deporte de la Junta de Andaluc\u00eda en C\u00f3rdoba, Francisco Alcalde, se ha reunido con representantes de la Asociaci\u00f3n de Empresarios de Hospedaje de C\u00f3rdoba (Aehcor) para tratar asuntos relacionados con las competencias tur\u00edsticas de la Junta y, particularmente, para abordar el seguimiento de las viviendas con uso tur\u00edstico\" \/>\n\t\t<meta name=\"twitter:image\" content=\"https:\/\/eldigitaldeasturias.com\/magazine365\/wp-content\/uploads\/2016\/05\/fotonoticia_20160518185932_800.jpg\" \/>\n\t\t<script type=\"application\/ld+json\" class=\"aioseo-schema\">\n\t\t\t{\"@context\":\"https:\\\/\\\/schema.org\",\"@graph\":[{\"@type\":\"Article\",\"@id\":\"https:\\\/\\\/eldigitaldeasturias.com\\\/magazine365\\\/francisco-alcalde-se-reune-con-aehcor\\\/#article\",\"name\":\"Francisco Alcalde se re\\u00fane con Aehcor | El Digital de Asturias\",\"headline\":\"Francisco Alcalde se re\\u00fane con Aehcor\",\"author\":{\"@id\":\"https:\\\/\\\/eldigitaldeasturias.com\\\/magazine365\\\/author\\\/admin\\\/#author\"},\"publisher\":{\"@id\":\"https:\\\/\\\/eldigitaldeasturias.com\\\/magazine365\\\/#organization\"},\"image\":{\"@type\":\"ImageObject\",\"url\":\"https:\\\/\\\/eldigitaldeasturias.com\\\/magazine365\\\/wp-content\\\/uploads\\\/2016\\\/05\\\/fotonoticia_20160518185932_800.jpg\",\"width\":800,\"height\":534},\"datePublished\":\"2016-05-21T04:23:32+02:00\",\"dateModified\":\"2016-05-21T04:23:32+02:00\",\"inLanguage\":\"es-ES\",\"mainEntityOfPage\":{\"@id\":\"https:\\\/\\\/eldigitaldeasturias.com\\\/magazine365\\\/francisco-alcalde-se-reune-con-aehcor\\\/#webpage\"},\"isPartOf\":{\"@id\":\"https:\\\/\\\/eldigitaldeasturias.com\\\/magazine365\\\/francisco-alcalde-se-reune-con-aehcor\\\/#webpage\"},\"articleSection\":\"Noticias y Actualidad\"},{\"@type\":\"BreadcrumbList\",\"@id\":\"https:\\\/\\\/eldigitaldeasturias.com\\\/magazine365\\\/francisco-alcalde-se-reune-con-aehcor\\\/#breadcrumblist\",\"itemListElement\":[{\"@type\":\"ListItem\",\"@id\":\"https:\\\/\\\/eldigitaldeasturias.com\\\/magazine365#listItem\",\"position\":1,\"name\":\"Home\",\"item\":\"https:\\\/\\\/eldigitaldeasturias.com\\\/magazine365\",\"nextItem\":{\"@type\":\"ListItem\",\"@id\":\"https:\\\/\\\/eldigitaldeasturias.com\\\/magazine365\\\/category\\\/noticias-actualidad\\\/#listItem\",\"name\":\"Noticias y Actualidad\"}},{\"@type\":\"ListItem\",\"@id\":\"https:\\\/\\\/eldigitaldeasturias.com\\\/magazine365\\\/category\\\/noticias-actualidad\\\/#listItem\",\"position\":2,\"name\":\"Noticias y Actualidad\",\"item\":\"https:\\\/\\\/eldigitaldeasturias.com\\\/magazine365\\\/category\\\/noticias-actualidad\\\/\",\"nextItem\":{\"@type\":\"ListItem\",\"@id\":\"https:\\\/\\\/eldigitaldeasturias.com\\\/magazine365\\\/francisco-alcalde-se-reune-con-aehcor\\\/#listItem\",\"name\":\"Francisco Alcalde se re\\u00fane con Aehcor\"},\"previousItem\":{\"@type\":\"ListItem\",\"@id\":\"https:\\\/\\\/eldigitaldeasturias.com\\\/magazine365#listItem\",\"name\":\"Home\"}},{\"@type\":\"ListItem\",\"@id\":\"https:\\\/\\\/eldigitaldeasturias.com\\\/magazine365\\\/francisco-alcalde-se-reune-con-aehcor\\\/#listItem\",\"position\":3,\"name\":\"Francisco Alcalde se re\\u00fane con Aehcor\",\"previousItem\":{\"@type\":\"ListItem\",\"@id\":\"https:\\\/\\\/eldigitaldeasturias.com\\\/magazine365\\\/category\\\/noticias-actualidad\\\/#listItem\",\"name\":\"Noticias y Actualidad\"}}]},{\"@type\":\"Organization\",\"@id\":\"https:\\\/\\\/eldigitaldeasturias.com\\\/magazine365\\\/#organization\",\"name\":\"El digital de Asturias\",\"description\":\"Revista de ocio, turismo y estilo de vida\",\"url\":\"https:\\\/\\\/eldigitaldeasturias.com\\\/magazine365\\\/\",\"logo\":{\"@type\":\"ImageObject\",\"url\":\"https:\\\/\\\/www.eldigitaldeasturias.com\\\/noticias\\\/wp-content\\\/uploads\\\/2020\\\/12\\\/EDA.jpg\",\"@id\":\"https:\\\/\\\/eldigitaldeasturias.com\\\/magazine365\\\/francisco-alcalde-se-reune-con-aehcor\\\/#organizationLogo\"},\"image\":{\"@id\":\"https:\\\/\\\/eldigitaldeasturias.com\\\/magazine365\\\/francisco-alcalde-se-reune-con-aehcor\\\/#organizationLogo\"}},{\"@type\":\"Person\",\"@id\":\"https:\\\/\\\/eldigitaldeasturias.com\\\/magazine365\\\/author\\\/admin\\\/#author\",\"url\":\"https:\\\/\\\/eldigitaldeasturias.com\\\/magazine365\\\/author\\\/admin\\\/\",\"name\":\"admin\",\"image\":{\"@type\":\"ImageObject\",\"@id\":\"https:\\\/\\\/eldigitaldeasturias.com\\\/magazine365\\\/francisco-alcalde-se-reune-con-aehcor\\\/#authorImage\",\"url\":\"https:\\\/\\\/eldigitaldeasturias.com\\\/magazine365\\\/wp-content\\\/litespeed\\\/avatar\\\/e571bcf59a0edd6fa6838245a470f2fe.jpg?ver=1777574230\",\"width\":96,\"height\":96,\"caption\":\"admin\"}},{\"@type\":\"WebPage\",\"@id\":\"https:\\\/\\\/eldigitaldeasturias.com\\\/magazine365\\\/francisco-alcalde-se-reune-con-aehcor\\\/#webpage\",\"url\":\"https:\\\/\\\/eldigitaldeasturias.com\\\/magazine365\\\/francisco-alcalde-se-reune-con-aehcor\\\/\",\"name\":\"Francisco Alcalde se re\\u00fane con Aehcor | El Digital de Asturias\",\"description\":\"El delegado territorial de Cultura, Turismo y Deporte de la Junta de Andaluc\\u00eda en C\\u00f3rdoba, Francisco Alcalde, se ha reunido con representantes de la Asociaci\\u00f3n de Empresarios de Hospedaje de C\\u00f3rdoba (Aehcor) para tratar asuntos relacionados con las competencias tur\\u00edsticas de la Junta y, particularmente, para abordar el seguimiento de las viviendas con uso tur\\u00edstico\",\"inLanguage\":\"es-ES\",\"isPartOf\":{\"@id\":\"https:\\\/\\\/eldigitaldeasturias.com\\\/magazine365\\\/#website\"},\"breadcrumb\":{\"@id\":\"https:\\\/\\\/eldigitaldeasturias.com\\\/magazine365\\\/francisco-alcalde-se-reune-con-aehcor\\\/#breadcrumblist\"},\"author\":{\"@id\":\"https:\\\/\\\/eldigitaldeasturias.com\\\/magazine365\\\/author\\\/admin\\\/#author\"},\"creator\":{\"@id\":\"https:\\\/\\\/eldigitaldeasturias.com\\\/magazine365\\\/author\\\/admin\\\/#author\"},\"image\":{\"@type\":\"ImageObject\",\"url\":\"https:\\\/\\\/eldigitaldeasturias.com\\\/magazine365\\\/wp-content\\\/uploads\\\/2016\\\/05\\\/fotonoticia_20160518185932_800.jpg\",\"@id\":\"https:\\\/\\\/eldigitaldeasturias.com\\\/magazine365\\\/francisco-alcalde-se-reune-con-aehcor\\\/#mainImage\",\"width\":800,\"height\":534},\"primaryImageOfPage\":{\"@id\":\"https:\\\/\\\/eldigitaldeasturias.com\\\/magazine365\\\/francisco-alcalde-se-reune-con-aehcor\\\/#mainImage\"},\"datePublished\":\"2016-05-21T04:23:32+02:00\",\"dateModified\":\"2016-05-21T04:23:32+02:00\"},{\"@type\":\"WebSite\",\"@id\":\"https:\\\/\\\/eldigitaldeasturias.com\\\/magazine365\\\/#website\",\"url\":\"https:\\\/\\\/eldigitaldeasturias.com\\\/magazine365\\\/\",\"name\":\"El Digital de Asturias\",\"description\":\"Revista de ocio, turismo y estilo de vida\",\"inLanguage\":\"es-ES\",\"publisher\":{\"@id\":\"https:\\\/\\\/eldigitaldeasturias.com\\\/magazine365\\\/#organization\"}}]}\n\t\t<\/script>\n\t\t<!-- All in One SEO Pro -->\r\n\t\t<title>Francisco Alcalde se re\u00fane con Aehcor | El Digital de Asturias<\/title>\n\n","aioseo_head_json":{"title":"Francisco Alcalde se re\u00fane con Aehcor | El Digital de Asturias","description":"El delegado territorial de Cultura, Turismo y Deporte de la Junta de Andaluc\u00eda en C\u00f3rdoba, Francisco Alcalde, se ha reunido con representantes de la Asociaci\u00f3n de Empresarios de Hospedaje de C\u00f3rdoba (Aehcor) para tratar asuntos relacionados con las competencias tur\u00edsticas de la Junta y, particularmente, para abordar el seguimiento de las viviendas con uso tur\u00edstico","canonical_url":"https:\/\/eldigitaldeasturias.com\/magazine365\/francisco-alcalde-se-reune-con-aehcor\/","robots":"max-image-preview:large","keywords":"noticias y actualidad","webmasterTools":{"google-site-verification":"UA-38556648-1","miscellaneous":""},"schema":{"@context":"https:\/\/schema.org","@graph":[{"@type":"Article","@id":"https:\/\/eldigitaldeasturias.com\/magazine365\/francisco-alcalde-se-reune-con-aehcor\/#article","name":"Francisco Alcalde se re\u00fane con Aehcor | El Digital de Asturias","headline":"Francisco Alcalde se re\u00fane con Aehcor","author":{"@id":"https:\/\/eldigitaldeasturias.com\/magazine365\/author\/admin\/#author"},"publisher":{"@id":"https:\/\/eldigitaldeasturias.com\/magazine365\/#organization"},"image":{"@type":"ImageObject","url":"https:\/\/eldigitaldeasturias.com\/magazine365\/wp-content\/uploads\/2016\/05\/fotonoticia_20160518185932_800.jpg","width":800,"height":534},"datePublished":"2016-05-21T04:23:32+02:00","dateModified":"2016-05-21T04:23:32+02:00","inLanguage":"es-ES","mainEntityOfPage":{"@id":"https:\/\/eldigitaldeasturias.com\/magazine365\/francisco-alcalde-se-reune-con-aehcor\/#webpage"},"isPartOf":{"@id":"https:\/\/eldigitaldeasturias.com\/magazine365\/francisco-alcalde-se-reune-con-aehcor\/#webpage"},"articleSection":"Noticias y Actualidad"},{"@type":"BreadcrumbList","@id":"https:\/\/eldigitaldeasturias.com\/magazine365\/francisco-alcalde-se-reune-con-aehcor\/#breadcrumblist","itemListElement":[{"@type":"ListItem","@id":"https:\/\/eldigitaldeasturias.com\/magazine365#listItem","position":1,"name":"Home","item":"https:\/\/eldigitaldeasturias.com\/magazine365","nextItem":{"@type":"ListItem","@id":"https:\/\/eldigitaldeasturias.com\/magazine365\/category\/noticias-actualidad\/#listItem","name":"Noticias y Actualidad"}},{"@type":"ListItem","@id":"https:\/\/eldigitaldeasturias.com\/magazine365\/category\/noticias-actualidad\/#listItem","position":2,"name":"Noticias y Actualidad","item":"https:\/\/eldigitaldeasturias.com\/magazine365\/category\/noticias-actualidad\/","nextItem":{"@type":"ListItem","@id":"https:\/\/eldigitaldeasturias.com\/magazine365\/francisco-alcalde-se-reune-con-aehcor\/#listItem","name":"Francisco Alcalde se re\u00fane con Aehcor"},"previousItem":{"@type":"ListItem","@id":"https:\/\/eldigitaldeasturias.com\/magazine365#listItem","name":"Home"}},{"@type":"ListItem","@id":"https:\/\/eldigitaldeasturias.com\/magazine365\/francisco-alcalde-se-reune-con-aehcor\/#listItem","position":3,"name":"Francisco Alcalde se re\u00fane con Aehcor","previousItem":{"@type":"ListItem","@id":"https:\/\/eldigitaldeasturias.com\/magazine365\/category\/noticias-actualidad\/#listItem","name":"Noticias y Actualidad"}}]},{"@type":"Organization","@id":"https:\/\/eldigitaldeasturias.com\/magazine365\/#organization","name":"El digital de Asturias","description":"Revista de ocio, turismo y estilo de vida","url":"https:\/\/eldigitaldeasturias.com\/magazine365\/","logo":{"@type":"ImageObject","url":"https:\/\/www.eldigitaldeasturias.com\/noticias\/wp-content\/uploads\/2020\/12\/EDA.jpg","@id":"https:\/\/eldigitaldeasturias.com\/magazine365\/francisco-alcalde-se-reune-con-aehcor\/#organizationLogo"},"image":{"@id":"https:\/\/eldigitaldeasturias.com\/magazine365\/francisco-alcalde-se-reune-con-aehcor\/#organizationLogo"}},{"@type":"Person","@id":"https:\/\/eldigitaldeasturias.com\/magazine365\/author\/admin\/#author","url":"https:\/\/eldigitaldeasturias.com\/magazine365\/author\/admin\/","name":"admin","image":{"@type":"ImageObject","@id":"https:\/\/eldigitaldeasturias.com\/magazine365\/francisco-alcalde-se-reune-con-aehcor\/#authorImage","url":"https:\/\/eldigitaldeasturias.com\/magazine365\/wp-content\/litespeed\/avatar\/e571bcf59a0edd6fa6838245a470f2fe.jpg?ver=1777574230","width":96,"height":96,"caption":"admin"}},{"@type":"WebPage","@id":"https:\/\/eldigitaldeasturias.com\/magazine365\/francisco-alcalde-se-reune-con-aehcor\/#webpage","url":"https:\/\/eldigitaldeasturias.com\/magazine365\/francisco-alcalde-se-reune-con-aehcor\/","name":"Francisco Alcalde se re\u00fane con Aehcor | El Digital de Asturias","description":"El delegado territorial de Cultura, Turismo y Deporte de la Junta de Andaluc\u00eda en C\u00f3rdoba, Francisco Alcalde, se ha reunido con representantes de la Asociaci\u00f3n de Empresarios de Hospedaje de C\u00f3rdoba (Aehcor) para tratar asuntos relacionados con las competencias tur\u00edsticas de la Junta y, particularmente, para abordar el seguimiento de las viviendas con uso tur\u00edstico","inLanguage":"es-ES","isPartOf":{"@id":"https:\/\/eldigitaldeasturias.com\/magazine365\/#website"},"breadcrumb":{"@id":"https:\/\/eldigitaldeasturias.com\/magazine365\/francisco-alcalde-se-reune-con-aehcor\/#breadcrumblist"},"author":{"@id":"https:\/\/eldigitaldeasturias.com\/magazine365\/author\/admin\/#author"},"creator":{"@id":"https:\/\/eldigitaldeasturias.com\/magazine365\/author\/admin\/#author"},"image":{"@type":"ImageObject","url":"https:\/\/eldigitaldeasturias.com\/magazine365\/wp-content\/uploads\/2016\/05\/fotonoticia_20160518185932_800.jpg","@id":"https:\/\/eldigitaldeasturias.com\/magazine365\/francisco-alcalde-se-reune-con-aehcor\/#mainImage","width":800,"height":534},"primaryImageOfPage":{"@id":"https:\/\/eldigitaldeasturias.com\/magazine365\/francisco-alcalde-se-reune-con-aehcor\/#mainImage"},"datePublished":"2016-05-21T04:23:32+02:00","dateModified":"2016-05-21T04:23:32+02:00"},{"@type":"WebSite","@id":"https:\/\/eldigitaldeasturias.com\/magazine365\/#website","url":"https:\/\/eldigitaldeasturias.com\/magazine365\/","name":"El Digital de Asturias","description":"Revista de ocio, turismo y estilo de vida","inLanguage":"es-ES","publisher":{"@id":"https:\/\/eldigitaldeasturias.com\/magazine365\/#organization"}}]},"og:locale":"es_ES","og:site_name":"El Digital de Asturias \u2013 Revista de ocio, turismo y estilo de vida","og:type":"article","og:title":"Francisco Alcalde se re\u00fane con Aehcor | El Digital de Asturias","og:description":"El delegado territorial de Cultura, Turismo y Deporte de la Junta de Andaluc\u00eda en C\u00f3rdoba, Francisco Alcalde, se ha reunido con representantes de la Asociaci\u00f3n de Empresarios de Hospedaje de C\u00f3rdoba (Aehcor) para tratar asuntos relacionados con las competencias tur\u00edsticas de la Junta y, particularmente, para abordar el seguimiento de las viviendas con uso tur\u00edstico","og:url":"https:\/\/eldigitaldeasturias.com\/magazine365\/francisco-alcalde-se-reune-con-aehcor\/","og:image":"https:\/\/eldigitaldeasturias.com\/magazine365\/wp-content\/uploads\/2016\/05\/fotonoticia_20160518185932_800.jpg","og:image:secure_url":"https:\/\/eldigitaldeasturias.com\/magazine365\/wp-content\/uploads\/2016\/05\/fotonoticia_20160518185932_800.jpg","og:image:width":800,"og:image:height":534,"article:published_time":"2016-05-21T02:23:32+00:00","article:modified_time":"2016-05-21T02:23:32+00:00","twitter:card":"summary_large_image","twitter:title":"Francisco Alcalde se re\u00fane con Aehcor | El Digital de Asturias","twitter:description":"El delegado territorial de Cultura, Turismo y Deporte de la Junta de Andaluc\u00eda en C\u00f3rdoba, Francisco Alcalde, se ha reunido con representantes de la Asociaci\u00f3n de Empresarios de Hospedaje de C\u00f3rdoba (Aehcor) para tratar asuntos relacionados con las competencias tur\u00edsticas de la Junta y, particularmente, para abordar el seguimiento de las viviendas con uso tur\u00edstico","twitter:image":"https:\/\/eldigitaldeasturias.com\/magazine365\/wp-content\/uploads\/2016\/05\/fotonoticia_20160518185932_800.jpg"},"aioseo_meta_data":{"post_id":"76384","title":null,"description":null,"keywords":null,"keyphrases":null,"primary_term":null,"canonical_url":null,"og_title":null,"og_description":null,"og_object_type":"default","og_image_type":"default","og_image_url":null,"og_image_width":null,"og_image_height":null,"og_image_custom_url":null,"og_image_custom_fields":null,"og_video":null,"og_custom_url":null,"og_article_section":null,"og_article_tags":null,"twitter_use_og":false,"twitter_card":"default","twitter_image_type":"default","twitter_image_url":null,"twitter_image_custom_url":null,"twitter_image_custom_fields":null,"twitter_title":null,"twitter_description":null,"schema":{"blockGraphs":[],"customGraphs":[],"default":{"data":{"Article":[],"Course":[],"Dataset":[],"FAQPage":[],"Movie":[],"Person":[],"Product":[],"ProductReview":[],"Car":[],"Recipe":[],"Service":[],"SoftwareApplication":[],"WebPage":[]},"graphName":"","isEnabled":true},"graphs":[],"defaultGraph":"","defaultPostTypeGraph":""},"schema_type":null,"schema_type_options":null,"pillar_content":false,"robots_default":true,"robots_noindex":false,"robots_noarchive":false,"robots_nosnippet":false,"robots_nofollow":false,"robots_noimageindex":false,"robots_noodp":false,"robots_notranslate":false,"robots_max_snippet":null,"robots_max_videopreview":null,"robots_max_imagepreview":"large","priority":null,"frequency":null,"location":null,"local_seo":null,"seo_analyzer_scan_date":"2025-09-27 12:30:23","breadcrumb_settings":null,"limit_modified_date":false,"open_ai":null,"ai":null,"created":"2021-03-08 18:28:57","updated":"2025-09-27 12:30:23"},"aioseo_breadcrumb":"<div class=\"aioseo-breadcrumbs\"><span class=\"aioseo-breadcrumb\">\n\t<a href=\"https:\/\/eldigitaldeasturias.com\/magazine365\" title=\"Home\">Home<\/a>\n<\/span><span class=\"aioseo-breadcrumb-separator\">\u2013<\/span><span class=\"aioseo-breadcrumb\">\n\t<a href=\"https:\/\/eldigitaldeasturias.com\/magazine365\/category\/noticias-actualidad\/\" title=\"Noticias y Actualidad\">Noticias y Actualidad<\/a>\n<\/span><span class=\"aioseo-breadcrumb-separator\">\u2013<\/span><span class=\"aioseo-breadcrumb\">\n\t<a href=\"https:\/\/eldigitaldeasturias.com\/magazine365\/francisco-alcalde-se-reune-con-aehcor\/\" title=\"Francisco Alcalde se re\u00fane con Aehcor\">Francisco Alcalde se re\u00fane con Aehcor<\/a>\n<\/span><\/div>","aioseo_breadcrumb_json":[{"label":"Home","link":"https:\/\/eldigitaldeasturias.com\/magazine365"},{"label":"Noticias y Actualidad","link":"https:\/\/eldigitaldeasturias.com\/magazine365\/category\/noticias-actualidad\/"},{"label":"Francisco Alcalde se re\u00fane con Aehcor","link":"https:\/\/eldigitaldeasturias.com\/magazine365\/francisco-alcalde-se-reune-con-aehcor\/"}],"_links":{"self":[{"href":"https:\/\/eldigitaldeasturias.com\/magazine365\/wp-json\/wp\/v2\/posts\/76384","targetHints":{"allow":["GET"]}}],"collection":[{"href":"https:\/\/eldigitaldeasturias.com\/magazine365\/wp-json\/wp\/v2\/posts"}],"about":[{"href":"https:\/\/eldigitaldeasturias.com\/magazine365\/wp-json\/wp\/v2\/types\/post"}],"author":[{"embeddable":true,"href":"https:\/\/eldigitaldeasturias.com\/magazine365\/wp-json\/wp\/v2\/users\/1"}],"replies":[{"embeddable":true,"href":"https:\/\/eldigitaldeasturias.com\/magazine365\/wp-json\/wp\/v2\/comments?post=76384"}],"version-history":[{"count":0,"href":"https:\/\/eldigitaldeasturias.com\/magazine365\/wp-json\/wp\/v2\/posts\/76384\/revisions"}],"wp:featuredmedia":[{"embeddable":true,"href":"https:\/\/eldigitaldeasturias.com\/magazine365\/wp-json\/wp\/v2\/media\/76385"}],"wp:attachment":[{"href":"https:\/\/eldigitaldeasturias.com\/magazine365\/wp-json\/wp\/v2\/media?parent=76384"}],"wp:term":[{"taxonomy":"category","embeddable":true,"href":"https:\/\/eldigitaldeasturias.com\/magazine365\/wp-json\/wp\/v2\/categories?post=76384"},{"taxonomy":"post_tag","embeddable":true,"href":"https:\/\/eldigitaldeasturias.com\/magazine365\/wp-json\/wp\/v2\/tags?post=76384"}],"curies":[{"name":"wp","href":"https:\/\/api.w.org\/{rel}","templated":true}]}}