{"id":76368,"date":"2016-05-21T04:08:50","date_gmt":"2016-05-21T02:08:50","guid":{"rendered":"http:\/\/eldigitaldeasturias.com\/magazine365\/?p=76368"},"modified":"2016-05-21T04:08:50","modified_gmt":"2016-05-21T02:08:50","slug":"murcia-contara-con-un-aparcamiento-para-mas-de-40-autocaravanas","status":"publish","type":"post","link":"https:\/\/eldigitaldeasturias.com\/magazine365\/murcia-contara-con-un-aparcamiento-para-mas-de-40-autocaravanas\/","title":{"rendered":"Murcia contar\u00e1 con un aparcamiento para m\u00e1s de 40 autocaravanas"},"content":{"rendered":"<p><img fetchpriority=\"high\" decoding=\"async\" class=\"alignleft size-medium wp-image-76369\" src=\"https:\/\/eldigitaldeasturias.com\/magazine365\/wp-content\/uploads\/2016\/05\/fotonoticia_20160518155935_800-360x242.jpg\" alt=\"fotonoticia_20160518155935_800\" width=\"360\" height=\"242\" srcset=\"https:\/\/eldigitaldeasturias.com\/magazine365\/wp-content\/uploads\/2016\/05\/fotonoticia_20160518155935_800-360x242.jpg 360w, https:\/\/eldigitaldeasturias.com\/magazine365\/wp-content\/uploads\/2016\/05\/fotonoticia_20160518155935_800-650x436.jpg 650w, https:\/\/eldigitaldeasturias.com\/magazine365\/wp-content\/uploads\/2016\/05\/fotonoticia_20160518155935_800-768x516.jpg 768w, https:\/\/eldigitaldeasturias.com\/magazine365\/wp-content\/uploads\/2016\/05\/fotonoticia_20160518155935_800-150x101.jpg 150w, https:\/\/eldigitaldeasturias.com\/magazine365\/wp-content\/uploads\/2016\/05\/fotonoticia_20160518155935_800-450x302.jpg 450w, https:\/\/eldigitaldeasturias.com\/magazine365\/wp-content\/uploads\/2016\/05\/fotonoticia_20160518155935_800.jpg 800w\" sizes=\"(max-width: 360px) 100vw, 360px\" \/>Murcia contar\u00e1 con un aparcamiento de autocaravanas mod\u00e9lico en Europa, situado en una parcela de m\u00e1s de 5.600 metros cuadrados junto al Centro Comercial Thader y que permitir\u00e1 el estacionamiento de m\u00e1s de 40 veh\u00edculos de este tipo. El Ayuntamiento invertir\u00e1 250.000 euros en estas instalaciones que, seg\u00fan las previsiones, podr\u00e1 entrar en funcionamiento en la primavera del pr\u00f3ximo a\u00f1o.<\/p>\n<p>As\u00ed lo han anunciado este mi\u00e9rcoles el concejal de Fomento, Roque Ortiz; el concejal de Empleo, Turismo y Cultura, Jes\u00fas Pacheco; y la concejal de Tr\u00e1fico y Seguridad Ciudadana, Lola S\u00e1nchez; acompa\u00f1ados por el presidente de la Asociaci\u00f3n Autocaravanistas de la Regi\u00f3n de Murcia (Ac-Mur), Jos\u00e9 Lucas.<\/p>\n<p>Esta instalaci\u00f3n se crear\u00e1 entre la avenida Princesa Letizia y la avenida de Madrid, junto al centro comercial Thader, por ser \u00e9sta una zona estrat\u00e9gica para este tipo de turismo, ya que se encuentra en un importante n\u00facleo viario y cuenta en sus cercan\u00edas con todo tipo de servicios, como comercios, transporte p\u00fablico, restauraci\u00f3n, supermercados y gasolinera de GLP, entre otros.<\/p>\n<p>Contar\u00e1 con una superficie cercana a los 5.677 metros cuadrados en los que podr\u00e1n estacionar hasta 42 autocaravanas. Los usuarios dispondr\u00e1n de un sistema de dep\u00f3sito de aguas sucias, suministro de agua potable, iluminaci\u00f3n y arbolado.<\/p>\n<p>El concejal de Fomento, Roque Ortiz, ha explicado que esta nueva infraestructura ser\u00e1 \u00abde alta calidad y de m\u00e1ximo nivel europeo\u00bb y que el proyecto ha sido elaborado \u00abteniendo en cuenta todas las sugerencias del sector\u00bb.<\/p>\n<p>Con esta iniciativa se pretende fomentar el turismo de autocaravanas, para lo que es necesario \u00abcrear un espacio adecuado para las mismas, favoreciendo la itinerancia de viajes sin reserva previa de alojamiento y alentando la pernoctaci\u00f3n de turistas en el municipio\u00bb.<\/p>\n<p>La concejal de Tr\u00e1fico y Seguridad Ciudadana, Lola S\u00e1nchez, ha comentado que se ha elegido este emplazamiento por ser \u00abun n\u00facleo de autov\u00edas de acceso a la ciudad, sum\u00e1ndose esta infraestructura a la importante red de aparcamientos disuasorios en el extrarradio de la ciudad que permite, de manera intermodal, acceder al centro a trav\u00e9s del transporte p\u00fablico\u00bb.<\/p>\n<p>Por su parte, el concejal de Empleo, Turismo y Cultura ha indicado que \u00abgracias a esta nueva instalaci\u00f3n podremos crear programas dise\u00f1ados especialmente para estos turistas, ya que este nuevo aparcamiento permitir\u00e1 incorporar a Murcia en los circuitos de este tipo de turismo con el fin de que lleguen a nuestro municipio usuarios de autocaravanas de otras comunidades aut\u00f3nomas y del resto de Europa\u00bb.<\/p>\n<p>Pacheco ha apuntado que \u00abesta infraestructura mejorar\u00e1 la proyecci\u00f3n tur\u00edsticas, permitiendo generar una mayor atracci\u00f3n de visitantes a nuestro municipio, con la l\u00f3gica consecuencia de aumentar los ingresos, el turismo y, por ende, el empleo\u00bb<\/p>\n<p>Seg\u00fan datos de distintos estudios, los usuarios de las m\u00e1s de 30.000 autocaravanas censadas en Espa\u00f1a generan unos 147 millones de euros al a\u00f1o en la actividad tur\u00edstica. \u00abEn muy poco tiempo la inversi\u00f3n realizada redundar\u00e1 en beneficios tur\u00edsticos en nuestro municipio\u00bb, ha apuntado Pacheco.<\/p>\n<p>Unas 200.000 autocaravanas con m\u00e1s de 500.000 turistas visitan Espa\u00f1a cada a\u00f1o, gastando unos 280 millones de euros. La actividad autocaravanista tiene distintas cualidades como la extensi\u00f3n de la temporada tur\u00edstica, la dinamizaci\u00f3n de las \u00e1reas rurales, la promoci\u00f3n de \u00e1reas poco conocidas, la difusi\u00f3n del patrimonio hist\u00f3rico, gastron\u00f3mico, paisaj\u00edstico y cultural y la potenciaci\u00f3n del comercio local.<\/p>\n<p>Ortiz ha explicado que este proyecto \u00abforma parte de la Estrategia de Ciudad ya que una gran ciudad moderna como Murcia ten\u00eda que ofrecer este servicio. Ofrecemos as\u00ed a los autocaravanistas la posibilidad de acceder de manera c\u00f3moda y \u00e1gil a la ciudad de Murcia\u00bb.<\/p>\n","protected":false},"excerpt":{"rendered":"<p>Murcia contar\u00e1 con un aparcamiento de autocaravanas mod\u00e9lico en Europa, situado en una parcela de m\u00e1s de 5.600 metros cuadrados junto al Centro Comercial Thader y que permitir\u00e1 el estacionamiento de m\u00e1s de 40 veh\u00edculos de este tipo. El Ayuntamiento invertir\u00e1 250.000 euros en estas instalaciones que, seg\u00fan las previsiones, podr\u00e1 entrar en funcionamiento en<\/p>\n","protected":false},"author":1,"featured_media":76369,"comment_status":"open","ping_status":"closed","sticky":false,"template":"","format":"standard","meta":{"footnotes":""},"categories":[224],"tags":[],"class_list":{"0":"post-76368","1":"post","2":"type-post","3":"status-publish","4":"format-standard","5":"has-post-thumbnail","7":"category-noticias-actualidad"},"aioseo_notices":[],"aioseo_head":"\n\t\t<!-- All in One SEO Pro 4.9.6.1 - aioseo.com -->\n\t<meta name=\"description\" content=\"Murcia contar\u00e1 con un aparcamiento de autocaravanas mod\u00e9lico en Europa, situado en una parcela de m\u00e1s de 5.600 metros cuadrados junto al Centro Comercial Thader y que permitir\u00e1 el estacionamiento de m\u00e1s de 40 veh\u00edculos de este tipo. El Ayuntamiento invertir\u00e1 250.000 euros en estas instalaciones que, seg\u00fan las previsiones, podr\u00e1 entrar en funcionamiento en\" \/>\n\t<meta name=\"robots\" content=\"max-image-preview:large\" \/>\n\t<meta name=\"author\" content=\"admin\"\/>\n\t<meta name=\"google-site-verification\" content=\"UA-38556648-1\" \/>\n\t<meta name=\"keywords\" content=\"noticias y actualidad\" \/>\n\t<link rel=\"canonical\" href=\"https:\/\/eldigitaldeasturias.com\/magazine365\/murcia-contara-con-un-aparcamiento-para-mas-de-40-autocaravanas\/\" \/>\n\t<meta name=\"generator\" content=\"All in One SEO Pro (AIOSEO) 4.9.6.1\" \/>\n\t\t<meta property=\"og:locale\" content=\"es_ES\" \/>\n\t\t<meta property=\"og:site_name\" content=\"El Digital de Asturias \u2013 Revista de ocio, turismo y estilo de vida\" \/>\n\t\t<meta property=\"og:type\" content=\"article\" \/>\n\t\t<meta property=\"og:title\" content=\"Murcia contar\u00e1 con un aparcamiento para m\u00e1s de 40 autocaravanas | El Digital de Asturias\" \/>\n\t\t<meta property=\"og:description\" content=\"Murcia contar\u00e1 con un aparcamiento de autocaravanas mod\u00e9lico en Europa, situado en una parcela de m\u00e1s de 5.600 metros cuadrados junto al Centro Comercial Thader y que permitir\u00e1 el estacionamiento de m\u00e1s de 40 veh\u00edculos de este tipo. El Ayuntamiento invertir\u00e1 250.000 euros en estas instalaciones que, seg\u00fan las previsiones, podr\u00e1 entrar en funcionamiento en\" \/>\n\t\t<meta property=\"og:url\" content=\"https:\/\/eldigitaldeasturias.com\/magazine365\/murcia-contara-con-un-aparcamiento-para-mas-de-40-autocaravanas\/\" \/>\n\t\t<meta property=\"og:image\" content=\"https:\/\/eldigitaldeasturias.com\/magazine365\/wp-content\/uploads\/2016\/05\/fotonoticia_20160518155935_800.jpg\" \/>\n\t\t<meta property=\"og:image:secure_url\" content=\"https:\/\/eldigitaldeasturias.com\/magazine365\/wp-content\/uploads\/2016\/05\/fotonoticia_20160518155935_800.jpg\" \/>\n\t\t<meta property=\"og:image:width\" content=\"800\" \/>\n\t\t<meta property=\"og:image:height\" content=\"537\" \/>\n\t\t<meta property=\"article:published_time\" content=\"2016-05-21T02:08:50+00:00\" \/>\n\t\t<meta property=\"article:modified_time\" content=\"2016-05-21T02:08:50+00:00\" \/>\n\t\t<meta name=\"twitter:card\" content=\"summary_large_image\" \/>\n\t\t<meta name=\"twitter:title\" content=\"Murcia contar\u00e1 con un aparcamiento para m\u00e1s de 40 autocaravanas | El Digital de Asturias\" \/>\n\t\t<meta name=\"twitter:description\" content=\"Murcia contar\u00e1 con un aparcamiento de autocaravanas mod\u00e9lico en Europa, situado en una parcela de m\u00e1s de 5.600 metros cuadrados junto al Centro Comercial Thader y que permitir\u00e1 el estacionamiento de m\u00e1s de 40 veh\u00edculos de este tipo. El Ayuntamiento invertir\u00e1 250.000 euros en estas instalaciones que, seg\u00fan las previsiones, podr\u00e1 entrar en funcionamiento en\" \/>\n\t\t<meta name=\"twitter:image\" content=\"https:\/\/eldigitaldeasturias.com\/magazine365\/wp-content\/uploads\/2016\/05\/fotonoticia_20160518155935_800.jpg\" \/>\n\t\t<script type=\"application\/ld+json\" class=\"aioseo-schema\">\n\t\t\t{\"@context\":\"https:\\\/\\\/schema.org\",\"@graph\":[{\"@type\":\"Article\",\"@id\":\"https:\\\/\\\/eldigitaldeasturias.com\\\/magazine365\\\/murcia-contara-con-un-aparcamiento-para-mas-de-40-autocaravanas\\\/#article\",\"name\":\"Murcia contar\\u00e1 con un aparcamiento para m\\u00e1s de 40 autocaravanas | El Digital de Asturias\",\"headline\":\"Murcia contar\\u00e1 con un aparcamiento para m\\u00e1s de 40 autocaravanas\",\"author\":{\"@id\":\"https:\\\/\\\/eldigitaldeasturias.com\\\/magazine365\\\/author\\\/admin\\\/#author\"},\"publisher\":{\"@id\":\"https:\\\/\\\/eldigitaldeasturias.com\\\/magazine365\\\/#organization\"},\"image\":{\"@type\":\"ImageObject\",\"url\":\"https:\\\/\\\/eldigitaldeasturias.com\\\/magazine365\\\/wp-content\\\/uploads\\\/2016\\\/05\\\/fotonoticia_20160518155935_800.jpg\",\"width\":800,\"height\":537},\"datePublished\":\"2016-05-21T04:08:50+02:00\",\"dateModified\":\"2016-05-21T04:08:50+02:00\",\"inLanguage\":\"es-ES\",\"mainEntityOfPage\":{\"@id\":\"https:\\\/\\\/eldigitaldeasturias.com\\\/magazine365\\\/murcia-contara-con-un-aparcamiento-para-mas-de-40-autocaravanas\\\/#webpage\"},\"isPartOf\":{\"@id\":\"https:\\\/\\\/eldigitaldeasturias.com\\\/magazine365\\\/murcia-contara-con-un-aparcamiento-para-mas-de-40-autocaravanas\\\/#webpage\"},\"articleSection\":\"Noticias y Actualidad\"},{\"@type\":\"BreadcrumbList\",\"@id\":\"https:\\\/\\\/eldigitaldeasturias.com\\\/magazine365\\\/murcia-contara-con-un-aparcamiento-para-mas-de-40-autocaravanas\\\/#breadcrumblist\",\"itemListElement\":[{\"@type\":\"ListItem\",\"@id\":\"https:\\\/\\\/eldigitaldeasturias.com\\\/magazine365#listItem\",\"position\":1,\"name\":\"Home\",\"item\":\"https:\\\/\\\/eldigitaldeasturias.com\\\/magazine365\",\"nextItem\":{\"@type\":\"ListItem\",\"@id\":\"https:\\\/\\\/eldigitaldeasturias.com\\\/magazine365\\\/category\\\/noticias-actualidad\\\/#listItem\",\"name\":\"Noticias y Actualidad\"}},{\"@type\":\"ListItem\",\"@id\":\"https:\\\/\\\/eldigitaldeasturias.com\\\/magazine365\\\/category\\\/noticias-actualidad\\\/#listItem\",\"position\":2,\"name\":\"Noticias y Actualidad\",\"item\":\"https:\\\/\\\/eldigitaldeasturias.com\\\/magazine365\\\/category\\\/noticias-actualidad\\\/\",\"nextItem\":{\"@type\":\"ListItem\",\"@id\":\"https:\\\/\\\/eldigitaldeasturias.com\\\/magazine365\\\/murcia-contara-con-un-aparcamiento-para-mas-de-40-autocaravanas\\\/#listItem\",\"name\":\"Murcia contar\\u00e1 con un aparcamiento para m\\u00e1s de 40 autocaravanas\"},\"previousItem\":{\"@type\":\"ListItem\",\"@id\":\"https:\\\/\\\/eldigitaldeasturias.com\\\/magazine365#listItem\",\"name\":\"Home\"}},{\"@type\":\"ListItem\",\"@id\":\"https:\\\/\\\/eldigitaldeasturias.com\\\/magazine365\\\/murcia-contara-con-un-aparcamiento-para-mas-de-40-autocaravanas\\\/#listItem\",\"position\":3,\"name\":\"Murcia contar\\u00e1 con un aparcamiento para m\\u00e1s de 40 autocaravanas\",\"previousItem\":{\"@type\":\"ListItem\",\"@id\":\"https:\\\/\\\/eldigitaldeasturias.com\\\/magazine365\\\/category\\\/noticias-actualidad\\\/#listItem\",\"name\":\"Noticias y Actualidad\"}}]},{\"@type\":\"Organization\",\"@id\":\"https:\\\/\\\/eldigitaldeasturias.com\\\/magazine365\\\/#organization\",\"name\":\"El digital de Asturias\",\"description\":\"Revista de ocio, turismo y estilo de vida\",\"url\":\"https:\\\/\\\/eldigitaldeasturias.com\\\/magazine365\\\/\",\"logo\":{\"@type\":\"ImageObject\",\"url\":\"https:\\\/\\\/www.eldigitaldeasturias.com\\\/noticias\\\/wp-content\\\/uploads\\\/2020\\\/12\\\/EDA.jpg\",\"@id\":\"https:\\\/\\\/eldigitaldeasturias.com\\\/magazine365\\\/murcia-contara-con-un-aparcamiento-para-mas-de-40-autocaravanas\\\/#organizationLogo\"},\"image\":{\"@id\":\"https:\\\/\\\/eldigitaldeasturias.com\\\/magazine365\\\/murcia-contara-con-un-aparcamiento-para-mas-de-40-autocaravanas\\\/#organizationLogo\"}},{\"@type\":\"Person\",\"@id\":\"https:\\\/\\\/eldigitaldeasturias.com\\\/magazine365\\\/author\\\/admin\\\/#author\",\"url\":\"https:\\\/\\\/eldigitaldeasturias.com\\\/magazine365\\\/author\\\/admin\\\/\",\"name\":\"admin\",\"image\":{\"@type\":\"ImageObject\",\"@id\":\"https:\\\/\\\/eldigitaldeasturias.com\\\/magazine365\\\/murcia-contara-con-un-aparcamiento-para-mas-de-40-autocaravanas\\\/#authorImage\",\"url\":\"https:\\\/\\\/eldigitaldeasturias.com\\\/magazine365\\\/wp-content\\\/litespeed\\\/avatar\\\/e571bcf59a0edd6fa6838245a470f2fe.jpg?ver=1777574230\",\"width\":96,\"height\":96,\"caption\":\"admin\"}},{\"@type\":\"WebPage\",\"@id\":\"https:\\\/\\\/eldigitaldeasturias.com\\\/magazine365\\\/murcia-contara-con-un-aparcamiento-para-mas-de-40-autocaravanas\\\/#webpage\",\"url\":\"https:\\\/\\\/eldigitaldeasturias.com\\\/magazine365\\\/murcia-contara-con-un-aparcamiento-para-mas-de-40-autocaravanas\\\/\",\"name\":\"Murcia contar\\u00e1 con un aparcamiento para m\\u00e1s de 40 autocaravanas | El Digital de Asturias\",\"description\":\"Murcia contar\\u00e1 con un aparcamiento de autocaravanas mod\\u00e9lico en Europa, situado en una parcela de m\\u00e1s de 5.600 metros cuadrados junto al Centro Comercial Thader y que permitir\\u00e1 el estacionamiento de m\\u00e1s de 40 veh\\u00edculos de este tipo. El Ayuntamiento invertir\\u00e1 250.000 euros en estas instalaciones que, seg\\u00fan las previsiones, podr\\u00e1 entrar en funcionamiento en\",\"inLanguage\":\"es-ES\",\"isPartOf\":{\"@id\":\"https:\\\/\\\/eldigitaldeasturias.com\\\/magazine365\\\/#website\"},\"breadcrumb\":{\"@id\":\"https:\\\/\\\/eldigitaldeasturias.com\\\/magazine365\\\/murcia-contara-con-un-aparcamiento-para-mas-de-40-autocaravanas\\\/#breadcrumblist\"},\"author\":{\"@id\":\"https:\\\/\\\/eldigitaldeasturias.com\\\/magazine365\\\/author\\\/admin\\\/#author\"},\"creator\":{\"@id\":\"https:\\\/\\\/eldigitaldeasturias.com\\\/magazine365\\\/author\\\/admin\\\/#author\"},\"image\":{\"@type\":\"ImageObject\",\"url\":\"https:\\\/\\\/eldigitaldeasturias.com\\\/magazine365\\\/wp-content\\\/uploads\\\/2016\\\/05\\\/fotonoticia_20160518155935_800.jpg\",\"@id\":\"https:\\\/\\\/eldigitaldeasturias.com\\\/magazine365\\\/murcia-contara-con-un-aparcamiento-para-mas-de-40-autocaravanas\\\/#mainImage\",\"width\":800,\"height\":537},\"primaryImageOfPage\":{\"@id\":\"https:\\\/\\\/eldigitaldeasturias.com\\\/magazine365\\\/murcia-contara-con-un-aparcamiento-para-mas-de-40-autocaravanas\\\/#mainImage\"},\"datePublished\":\"2016-05-21T04:08:50+02:00\",\"dateModified\":\"2016-05-21T04:08:50+02:00\"},{\"@type\":\"WebSite\",\"@id\":\"https:\\\/\\\/eldigitaldeasturias.com\\\/magazine365\\\/#website\",\"url\":\"https:\\\/\\\/eldigitaldeasturias.com\\\/magazine365\\\/\",\"name\":\"El Digital de Asturias\",\"description\":\"Revista de ocio, turismo y estilo de vida\",\"inLanguage\":\"es-ES\",\"publisher\":{\"@id\":\"https:\\\/\\\/eldigitaldeasturias.com\\\/magazine365\\\/#organization\"}}]}\n\t\t<\/script>\n\t\t<!-- All in One SEO Pro -->\r\n\t\t<title>Murcia contar\u00e1 con un aparcamiento para m\u00e1s de 40 autocaravanas | El Digital de Asturias<\/title>\n\n","aioseo_head_json":{"title":"Murcia contar\u00e1 con un aparcamiento para m\u00e1s de 40 autocaravanas | El Digital de Asturias","description":"Murcia contar\u00e1 con un aparcamiento de autocaravanas mod\u00e9lico en Europa, situado en una parcela de m\u00e1s de 5.600 metros cuadrados junto al Centro Comercial Thader y que permitir\u00e1 el estacionamiento de m\u00e1s de 40 veh\u00edculos de este tipo. El Ayuntamiento invertir\u00e1 250.000 euros en estas instalaciones que, seg\u00fan las previsiones, podr\u00e1 entrar en funcionamiento en","canonical_url":"https:\/\/eldigitaldeasturias.com\/magazine365\/murcia-contara-con-un-aparcamiento-para-mas-de-40-autocaravanas\/","robots":"max-image-preview:large","keywords":"noticias y actualidad","webmasterTools":{"google-site-verification":"UA-38556648-1","miscellaneous":""},"schema":{"@context":"https:\/\/schema.org","@graph":[{"@type":"Article","@id":"https:\/\/eldigitaldeasturias.com\/magazine365\/murcia-contara-con-un-aparcamiento-para-mas-de-40-autocaravanas\/#article","name":"Murcia contar\u00e1 con un aparcamiento para m\u00e1s de 40 autocaravanas | El Digital de Asturias","headline":"Murcia contar\u00e1 con un aparcamiento para m\u00e1s de 40 autocaravanas","author":{"@id":"https:\/\/eldigitaldeasturias.com\/magazine365\/author\/admin\/#author"},"publisher":{"@id":"https:\/\/eldigitaldeasturias.com\/magazine365\/#organization"},"image":{"@type":"ImageObject","url":"https:\/\/eldigitaldeasturias.com\/magazine365\/wp-content\/uploads\/2016\/05\/fotonoticia_20160518155935_800.jpg","width":800,"height":537},"datePublished":"2016-05-21T04:08:50+02:00","dateModified":"2016-05-21T04:08:50+02:00","inLanguage":"es-ES","mainEntityOfPage":{"@id":"https:\/\/eldigitaldeasturias.com\/magazine365\/murcia-contara-con-un-aparcamiento-para-mas-de-40-autocaravanas\/#webpage"},"isPartOf":{"@id":"https:\/\/eldigitaldeasturias.com\/magazine365\/murcia-contara-con-un-aparcamiento-para-mas-de-40-autocaravanas\/#webpage"},"articleSection":"Noticias y Actualidad"},{"@type":"BreadcrumbList","@id":"https:\/\/eldigitaldeasturias.com\/magazine365\/murcia-contara-con-un-aparcamiento-para-mas-de-40-autocaravanas\/#breadcrumblist","itemListElement":[{"@type":"ListItem","@id":"https:\/\/eldigitaldeasturias.com\/magazine365#listItem","position":1,"name":"Home","item":"https:\/\/eldigitaldeasturias.com\/magazine365","nextItem":{"@type":"ListItem","@id":"https:\/\/eldigitaldeasturias.com\/magazine365\/category\/noticias-actualidad\/#listItem","name":"Noticias y Actualidad"}},{"@type":"ListItem","@id":"https:\/\/eldigitaldeasturias.com\/magazine365\/category\/noticias-actualidad\/#listItem","position":2,"name":"Noticias y Actualidad","item":"https:\/\/eldigitaldeasturias.com\/magazine365\/category\/noticias-actualidad\/","nextItem":{"@type":"ListItem","@id":"https:\/\/eldigitaldeasturias.com\/magazine365\/murcia-contara-con-un-aparcamiento-para-mas-de-40-autocaravanas\/#listItem","name":"Murcia contar\u00e1 con un aparcamiento para m\u00e1s de 40 autocaravanas"},"previousItem":{"@type":"ListItem","@id":"https:\/\/eldigitaldeasturias.com\/magazine365#listItem","name":"Home"}},{"@type":"ListItem","@id":"https:\/\/eldigitaldeasturias.com\/magazine365\/murcia-contara-con-un-aparcamiento-para-mas-de-40-autocaravanas\/#listItem","position":3,"name":"Murcia contar\u00e1 con un aparcamiento para m\u00e1s de 40 autocaravanas","previousItem":{"@type":"ListItem","@id":"https:\/\/eldigitaldeasturias.com\/magazine365\/category\/noticias-actualidad\/#listItem","name":"Noticias y Actualidad"}}]},{"@type":"Organization","@id":"https:\/\/eldigitaldeasturias.com\/magazine365\/#organization","name":"El digital de Asturias","description":"Revista de ocio, turismo y estilo de vida","url":"https:\/\/eldigitaldeasturias.com\/magazine365\/","logo":{"@type":"ImageObject","url":"https:\/\/www.eldigitaldeasturias.com\/noticias\/wp-content\/uploads\/2020\/12\/EDA.jpg","@id":"https:\/\/eldigitaldeasturias.com\/magazine365\/murcia-contara-con-un-aparcamiento-para-mas-de-40-autocaravanas\/#organizationLogo"},"image":{"@id":"https:\/\/eldigitaldeasturias.com\/magazine365\/murcia-contara-con-un-aparcamiento-para-mas-de-40-autocaravanas\/#organizationLogo"}},{"@type":"Person","@id":"https:\/\/eldigitaldeasturias.com\/magazine365\/author\/admin\/#author","url":"https:\/\/eldigitaldeasturias.com\/magazine365\/author\/admin\/","name":"admin","image":{"@type":"ImageObject","@id":"https:\/\/eldigitaldeasturias.com\/magazine365\/murcia-contara-con-un-aparcamiento-para-mas-de-40-autocaravanas\/#authorImage","url":"https:\/\/eldigitaldeasturias.com\/magazine365\/wp-content\/litespeed\/avatar\/e571bcf59a0edd6fa6838245a470f2fe.jpg?ver=1777574230","width":96,"height":96,"caption":"admin"}},{"@type":"WebPage","@id":"https:\/\/eldigitaldeasturias.com\/magazine365\/murcia-contara-con-un-aparcamiento-para-mas-de-40-autocaravanas\/#webpage","url":"https:\/\/eldigitaldeasturias.com\/magazine365\/murcia-contara-con-un-aparcamiento-para-mas-de-40-autocaravanas\/","name":"Murcia contar\u00e1 con un aparcamiento para m\u00e1s de 40 autocaravanas | El Digital de Asturias","description":"Murcia contar\u00e1 con un aparcamiento de autocaravanas mod\u00e9lico en Europa, situado en una parcela de m\u00e1s de 5.600 metros cuadrados junto al Centro Comercial Thader y que permitir\u00e1 el estacionamiento de m\u00e1s de 40 veh\u00edculos de este tipo. El Ayuntamiento invertir\u00e1 250.000 euros en estas instalaciones que, seg\u00fan las previsiones, podr\u00e1 entrar en funcionamiento en","inLanguage":"es-ES","isPartOf":{"@id":"https:\/\/eldigitaldeasturias.com\/magazine365\/#website"},"breadcrumb":{"@id":"https:\/\/eldigitaldeasturias.com\/magazine365\/murcia-contara-con-un-aparcamiento-para-mas-de-40-autocaravanas\/#breadcrumblist"},"author":{"@id":"https:\/\/eldigitaldeasturias.com\/magazine365\/author\/admin\/#author"},"creator":{"@id":"https:\/\/eldigitaldeasturias.com\/magazine365\/author\/admin\/#author"},"image":{"@type":"ImageObject","url":"https:\/\/eldigitaldeasturias.com\/magazine365\/wp-content\/uploads\/2016\/05\/fotonoticia_20160518155935_800.jpg","@id":"https:\/\/eldigitaldeasturias.com\/magazine365\/murcia-contara-con-un-aparcamiento-para-mas-de-40-autocaravanas\/#mainImage","width":800,"height":537},"primaryImageOfPage":{"@id":"https:\/\/eldigitaldeasturias.com\/magazine365\/murcia-contara-con-un-aparcamiento-para-mas-de-40-autocaravanas\/#mainImage"},"datePublished":"2016-05-21T04:08:50+02:00","dateModified":"2016-05-21T04:08:50+02:00"},{"@type":"WebSite","@id":"https:\/\/eldigitaldeasturias.com\/magazine365\/#website","url":"https:\/\/eldigitaldeasturias.com\/magazine365\/","name":"El Digital de Asturias","description":"Revista de ocio, turismo y estilo de vida","inLanguage":"es-ES","publisher":{"@id":"https:\/\/eldigitaldeasturias.com\/magazine365\/#organization"}}]},"og:locale":"es_ES","og:site_name":"El Digital de Asturias \u2013 Revista de ocio, turismo y estilo de vida","og:type":"article","og:title":"Murcia contar\u00e1 con un aparcamiento para m\u00e1s de 40 autocaravanas | El Digital de Asturias","og:description":"Murcia contar\u00e1 con un aparcamiento de autocaravanas mod\u00e9lico en Europa, situado en una parcela de m\u00e1s de 5.600 metros cuadrados junto al Centro Comercial Thader y que permitir\u00e1 el estacionamiento de m\u00e1s de 40 veh\u00edculos de este tipo. El Ayuntamiento invertir\u00e1 250.000 euros en estas instalaciones que, seg\u00fan las previsiones, podr\u00e1 entrar en funcionamiento en","og:url":"https:\/\/eldigitaldeasturias.com\/magazine365\/murcia-contara-con-un-aparcamiento-para-mas-de-40-autocaravanas\/","og:image":"https:\/\/eldigitaldeasturias.com\/magazine365\/wp-content\/uploads\/2016\/05\/fotonoticia_20160518155935_800.jpg","og:image:secure_url":"https:\/\/eldigitaldeasturias.com\/magazine365\/wp-content\/uploads\/2016\/05\/fotonoticia_20160518155935_800.jpg","og:image:width":800,"og:image:height":537,"article:published_time":"2016-05-21T02:08:50+00:00","article:modified_time":"2016-05-21T02:08:50+00:00","twitter:card":"summary_large_image","twitter:title":"Murcia contar\u00e1 con un aparcamiento para m\u00e1s de 40 autocaravanas | El Digital de Asturias","twitter:description":"Murcia contar\u00e1 con un aparcamiento de autocaravanas mod\u00e9lico en Europa, situado en una parcela de m\u00e1s de 5.600 metros cuadrados junto al Centro Comercial Thader y que permitir\u00e1 el estacionamiento de m\u00e1s de 40 veh\u00edculos de este tipo. El Ayuntamiento invertir\u00e1 250.000 euros en estas instalaciones que, seg\u00fan las previsiones, podr\u00e1 entrar en funcionamiento en","twitter:image":"https:\/\/eldigitaldeasturias.com\/magazine365\/wp-content\/uploads\/2016\/05\/fotonoticia_20160518155935_800.jpg"},"aioseo_meta_data":{"post_id":"76368","title":null,"description":null,"keywords":null,"keyphrases":null,"primary_term":null,"canonical_url":null,"og_title":null,"og_description":null,"og_object_type":"default","og_image_type":"default","og_image_url":null,"og_image_width":null,"og_image_height":null,"og_image_custom_url":null,"og_image_custom_fields":null,"og_video":null,"og_custom_url":null,"og_article_section":null,"og_article_tags":null,"twitter_use_og":false,"twitter_card":"default","twitter_image_type":"default","twitter_image_url":null,"twitter_image_custom_url":null,"twitter_image_custom_fields":null,"twitter_title":null,"twitter_description":null,"schema":{"blockGraphs":[],"customGraphs":[],"default":{"data":{"Article":[],"Course":[],"Dataset":[],"FAQPage":[],"Movie":[],"Person":[],"Product":[],"ProductReview":[],"Car":[],"Recipe":[],"Service":[],"SoftwareApplication":[],"WebPage":[]},"graphName":"","isEnabled":true},"graphs":[],"defaultGraph":"","defaultPostTypeGraph":""},"schema_type":null,"schema_type_options":null,"pillar_content":false,"robots_default":true,"robots_noindex":false,"robots_noarchive":false,"robots_nosnippet":false,"robots_nofollow":false,"robots_noimageindex":false,"robots_noodp":false,"robots_notranslate":false,"robots_max_snippet":null,"robots_max_videopreview":null,"robots_max_imagepreview":"large","priority":null,"frequency":null,"location":null,"local_seo":null,"seo_analyzer_scan_date":"2025-09-27 12:28:18","breadcrumb_settings":null,"limit_modified_date":false,"open_ai":null,"ai":null,"created":"2021-03-08 18:28:57","updated":"2025-09-27 12:28:18"},"aioseo_breadcrumb":"<div class=\"aioseo-breadcrumbs\"><span class=\"aioseo-breadcrumb\">\n\t<a href=\"https:\/\/eldigitaldeasturias.com\/magazine365\" title=\"Home\">Home<\/a>\n<\/span><span class=\"aioseo-breadcrumb-separator\">\u2013<\/span><span class=\"aioseo-breadcrumb\">\n\t<a href=\"https:\/\/eldigitaldeasturias.com\/magazine365\/category\/noticias-actualidad\/\" title=\"Noticias y Actualidad\">Noticias y Actualidad<\/a>\n<\/span><span class=\"aioseo-breadcrumb-separator\">\u2013<\/span><span class=\"aioseo-breadcrumb\">\n\t<a href=\"https:\/\/eldigitaldeasturias.com\/magazine365\/murcia-contara-con-un-aparcamiento-para-mas-de-40-autocaravanas\/\" title=\"Murcia contar\u00e1 con un aparcamiento para m\u00e1s de 40 autocaravanas\">Murcia contar\u00e1 con un aparcamiento para m\u00e1s de 40 autocaravanas<\/a>\n<\/span><\/div>","aioseo_breadcrumb_json":[{"label":"Home","link":"https:\/\/eldigitaldeasturias.com\/magazine365"},{"label":"Noticias y Actualidad","link":"https:\/\/eldigitaldeasturias.com\/magazine365\/category\/noticias-actualidad\/"},{"label":"Murcia contar\u00e1 con un aparcamiento para m\u00e1s de 40 autocaravanas","link":"https:\/\/eldigitaldeasturias.com\/magazine365\/murcia-contara-con-un-aparcamiento-para-mas-de-40-autocaravanas\/"}],"_links":{"self":[{"href":"https:\/\/eldigitaldeasturias.com\/magazine365\/wp-json\/wp\/v2\/posts\/76368","targetHints":{"allow":["GET"]}}],"collection":[{"href":"https:\/\/eldigitaldeasturias.com\/magazine365\/wp-json\/wp\/v2\/posts"}],"about":[{"href":"https:\/\/eldigitaldeasturias.com\/magazine365\/wp-json\/wp\/v2\/types\/post"}],"author":[{"embeddable":true,"href":"https:\/\/eldigitaldeasturias.com\/magazine365\/wp-json\/wp\/v2\/users\/1"}],"replies":[{"embeddable":true,"href":"https:\/\/eldigitaldeasturias.com\/magazine365\/wp-json\/wp\/v2\/comments?post=76368"}],"version-history":[{"count":0,"href":"https:\/\/eldigitaldeasturias.com\/magazine365\/wp-json\/wp\/v2\/posts\/76368\/revisions"}],"wp:featuredmedia":[{"embeddable":true,"href":"https:\/\/eldigitaldeasturias.com\/magazine365\/wp-json\/wp\/v2\/media\/76369"}],"wp:attachment":[{"href":"https:\/\/eldigitaldeasturias.com\/magazine365\/wp-json\/wp\/v2\/media?parent=76368"}],"wp:term":[{"taxonomy":"category","embeddable":true,"href":"https:\/\/eldigitaldeasturias.com\/magazine365\/wp-json\/wp\/v2\/categories?post=76368"},{"taxonomy":"post_tag","embeddable":true,"href":"https:\/\/eldigitaldeasturias.com\/magazine365\/wp-json\/wp\/v2\/tags?post=76368"}],"curies":[{"name":"wp","href":"https:\/\/api.w.org\/{rel}","templated":true}]}}