{"id":76363,"date":"2016-05-21T04:06:18","date_gmt":"2016-05-21T02:06:18","guid":{"rendered":"http:\/\/eldigitaldeasturias.com\/magazine365\/?p=76363"},"modified":"2016-05-21T04:06:18","modified_gmt":"2016-05-21T02:06:18","slug":"javier-arenas-los-gobiernos-del-psoe-con-radicales-se-caracterizan-por-perseguir-el-turismo","status":"publish","type":"post","link":"https:\/\/eldigitaldeasturias.com\/magazine365\/javier-arenas-los-gobiernos-del-psoe-con-radicales-se-caracterizan-por-perseguir-el-turismo\/","title":{"rendered":"Javier Arenas: \u00abLos gobiernos del PSOE con radicales se caracterizan por perseguir el turismo\u00bb"},"content":{"rendered":"<p><img fetchpriority=\"high\" decoding=\"async\" class=\"alignleft size-medium wp-image-76364\" src=\"https:\/\/eldigitaldeasturias.com\/magazine365\/wp-content\/uploads\/2016\/05\/fotonoticia_20160518155157_800-360x240.jpg\" alt=\"fotonoticia_20160518155157_800\" width=\"360\" height=\"240\" srcset=\"https:\/\/eldigitaldeasturias.com\/magazine365\/wp-content\/uploads\/2016\/05\/fotonoticia_20160518155157_800-360x240.jpg 360w, https:\/\/eldigitaldeasturias.com\/magazine365\/wp-content\/uploads\/2016\/05\/fotonoticia_20160518155157_800-650x433.jpg 650w, https:\/\/eldigitaldeasturias.com\/magazine365\/wp-content\/uploads\/2016\/05\/fotonoticia_20160518155157_800-768x512.jpg 768w, https:\/\/eldigitaldeasturias.com\/magazine365\/wp-content\/uploads\/2016\/05\/fotonoticia_20160518155157_800-150x100.jpg 150w, https:\/\/eldigitaldeasturias.com\/magazine365\/wp-content\/uploads\/2016\/05\/fotonoticia_20160518155157_800-450x300.jpg 450w, https:\/\/eldigitaldeasturias.com\/magazine365\/wp-content\/uploads\/2016\/05\/fotonoticia_20160518155157_800-101x66.jpg 101w, https:\/\/eldigitaldeasturias.com\/magazine365\/wp-content\/uploads\/2016\/05\/fotonoticia_20160518155157_800.jpg 800w\" sizes=\"(max-width: 360px) 100vw, 360px\" \/>El presidente del Gobierno en funciones y del PP, Mariano Rajoy, clausura este jueves en Palma el &#8216;Foro-Convenci\u00f3n Malas pr\u00e1cticas de gobiernos extremistas, buenas pr\u00e1cticas de gobiernos populares&#8217; en el que participar\u00e1n, entre otros, el presidente del PP de Baleares, Miquel Vidal, la secretaria general del PP, Mar\u00eda Dolores Cospedal, y el vicesecretario de Autonom\u00edas y Ayuntamientos, Javier Arenas.<\/p>\n<p>Precisamente, este \u00faltimo ha explicado que en estos momentos en el que \u00ablos ciudadanos espa\u00f1oles\u00bb se enfrentan a unas nuevas elecciones, \u00abes bueno recordar que la democracia siempre es comparar\u00bb. \u00abEs muy importante que los ciudadanos puedan comparar, no s\u00f3lo las propuestas de todos los partidos, sino tambi\u00e9n su gesti\u00f3n\u00bb, ha destacado.<\/p>\n<p>Por esto, Arenas ha dicho que tras haber transcurrido alrededor de un a\u00f1o desde las elecciones auton\u00f3micas y municipales, los gobiernos pactados por el PSOE con \u00abextremistas, radicales e independentistas\u00bb se han caracterizado por \u00abla falta de respeto a los s\u00edmbolos nacionales, la persecuci\u00f3n a la educaci\u00f3n concertada, el aumento de la burocracia, una subida constante de impuestos, especialmente contra el turismo a trav\u00e9s de la ecotasa, y la permanente imposici\u00f3n de barreras a emprendedores\u00bb.<\/p>\n<p>\u00abPor el contrario\u00bb, ha asegurado, \u00ablos gobiernos del PP centran toda su pol\u00edtica en el empleo, miran al futuro desde la concordia, sirven al inter\u00e9s general y, siempre que se puede, bajan los impuestos\u00bb.<\/p>\n<p>As\u00ed, el vicesecretario del PP ha avanzado que el PP realizar\u00e1 \u00abuna campa\u00f1a ilusionante en torno al su gran objetivo, la consecuci\u00f3n de los 20 millones de empleos\u00bb.<\/p>\n<p>INAUGURACI\u00d3N POR PARTE DE COSPEDAL<\/p>\n<p>Desde el PP, han explicado que todo esto tendr\u00e1 su reflejo en el transcurso de la celebraci\u00f3n del Foro-Convenci\u00f3n, que tendr\u00e1 lugar en el centro Espai Francesc Quetglas, y ser\u00e1 inaugurado a partir de las 10.00 horas por Cospedal. Tras la apertura, intervendr\u00e1 Arenas.<\/p>\n<p>A continuaci\u00f3n, comenzar\u00e1 el primer panel, que se desarrollar\u00e1 bajo el t\u00edtulo &#8216;Malas pr\u00e1cticas en pol\u00edticas institucionales&#8217;. A las 11.30 horas, comenzar\u00e1 el segundo panel, &#8216;Malas pr\u00e1cticas en pol\u00edticas econ\u00f3micas y sociales&#8217;, que ser\u00e1 moderado por el portavoz del PP en el Consell de Mallorca, Mauricio Rovira.<\/p>\n<p>A su t\u00e9rmino, a las 12.15 horas, el secretario ejecutivo de Pol\u00edtica Auton\u00f3mica, Juan Jos\u00e9 Matar\u00ed, modera el panel &#8216;Buenas pr\u00e1cticas de los gobiernos populares&#8217;.<\/p>\n<p>Tras todas ellas, tendr\u00e1 lugar la clausura, a las 13.00 horas, en la que participar\u00e1 el presidente regional, Jeroni Salom, el auton\u00f3mico, Miquel Vidal, y el nacional, Mariano Rajoy.<\/p>\n","protected":false},"excerpt":{"rendered":"<p>El presidente del Gobierno en funciones y del PP, Mariano Rajoy, clausura este jueves en Palma el &#8216;Foro-Convenci\u00f3n Malas pr\u00e1cticas de gobiernos extremistas, buenas pr\u00e1cticas de gobiernos populares&#8217; en el que participar\u00e1n, entre otros, el presidente del PP de Baleares, Miquel Vidal, la secretaria general del PP, Mar\u00eda Dolores Cospedal, y el vicesecretario de Autonom\u00edas<\/p>\n","protected":false},"author":1,"featured_media":76364,"comment_status":"open","ping_status":"closed","sticky":false,"template":"","format":"standard","meta":{"footnotes":""},"categories":[224],"tags":[],"class_list":{"0":"post-76363","1":"post","2":"type-post","3":"status-publish","4":"format-standard","5":"has-post-thumbnail","7":"category-noticias-actualidad"},"aioseo_notices":[],"aioseo_head":"\n\t\t<!-- All in One SEO Pro 4.9.6.1 - aioseo.com -->\n\t<meta name=\"description\" content=\"El presidente del Gobierno en funciones y del PP, Mariano Rajoy, clausura este jueves en Palma el &#039;Foro-Convenci\u00f3n Malas pr\u00e1cticas de gobiernos extremistas, buenas pr\u00e1cticas de gobiernos populares&#039; en el que participar\u00e1n, entre otros, el presidente del PP de Baleares, Miquel Vidal, la secretaria general del PP, Mar\u00eda Dolores Cospedal, y el vicesecretario de Autonom\u00edas\" \/>\n\t<meta name=\"robots\" content=\"max-image-preview:large\" \/>\n\t<meta name=\"author\" content=\"admin\"\/>\n\t<meta name=\"google-site-verification\" content=\"UA-38556648-1\" \/>\n\t<meta name=\"keywords\" content=\"noticias y actualidad\" \/>\n\t<link rel=\"canonical\" href=\"https:\/\/eldigitaldeasturias.com\/magazine365\/javier-arenas-los-gobiernos-del-psoe-con-radicales-se-caracterizan-por-perseguir-el-turismo\/\" \/>\n\t<meta name=\"generator\" content=\"All in One SEO Pro (AIOSEO) 4.9.6.1\" \/>\n\t\t<meta property=\"og:locale\" content=\"es_ES\" \/>\n\t\t<meta property=\"og:site_name\" content=\"El Digital de Asturias \u2013 Revista de ocio, turismo y estilo de vida\" \/>\n\t\t<meta property=\"og:type\" content=\"article\" \/>\n\t\t<meta property=\"og:title\" content=\"Javier Arenas: \u00abLos gobiernos del PSOE con radicales se caracterizan por perseguir el turismo\u00bb | El Digital de Asturias\" \/>\n\t\t<meta property=\"og:description\" content=\"El presidente del Gobierno en funciones y del PP, Mariano Rajoy, clausura este jueves en Palma el &#039;Foro-Convenci\u00f3n Malas pr\u00e1cticas de gobiernos extremistas, buenas pr\u00e1cticas de gobiernos populares&#039; en el que participar\u00e1n, entre otros, el presidente del PP de Baleares, Miquel Vidal, la secretaria general del PP, Mar\u00eda Dolores Cospedal, y el vicesecretario de Autonom\u00edas\" \/>\n\t\t<meta property=\"og:url\" content=\"https:\/\/eldigitaldeasturias.com\/magazine365\/javier-arenas-los-gobiernos-del-psoe-con-radicales-se-caracterizan-por-perseguir-el-turismo\/\" \/>\n\t\t<meta property=\"og:image\" content=\"https:\/\/eldigitaldeasturias.com\/magazine365\/wp-content\/uploads\/2016\/05\/fotonoticia_20160518155157_800.jpg\" \/>\n\t\t<meta property=\"og:image:secure_url\" content=\"https:\/\/eldigitaldeasturias.com\/magazine365\/wp-content\/uploads\/2016\/05\/fotonoticia_20160518155157_800.jpg\" \/>\n\t\t<meta property=\"og:image:width\" content=\"800\" \/>\n\t\t<meta property=\"og:image:height\" content=\"533\" \/>\n\t\t<meta property=\"article:published_time\" content=\"2016-05-21T02:06:18+00:00\" \/>\n\t\t<meta property=\"article:modified_time\" content=\"2016-05-21T02:06:18+00:00\" \/>\n\t\t<meta name=\"twitter:card\" content=\"summary_large_image\" \/>\n\t\t<meta name=\"twitter:title\" content=\"Javier Arenas: \u00abLos gobiernos del PSOE con radicales se caracterizan por perseguir el turismo\u00bb | El Digital de Asturias\" \/>\n\t\t<meta name=\"twitter:description\" content=\"El presidente del Gobierno en funciones y del PP, Mariano Rajoy, clausura este jueves en Palma el &#039;Foro-Convenci\u00f3n Malas pr\u00e1cticas de gobiernos extremistas, buenas pr\u00e1cticas de gobiernos populares&#039; en el que participar\u00e1n, entre otros, el presidente del PP de Baleares, Miquel Vidal, la secretaria general del PP, Mar\u00eda Dolores Cospedal, y el vicesecretario de Autonom\u00edas\" \/>\n\t\t<meta name=\"twitter:image\" content=\"https:\/\/eldigitaldeasturias.com\/magazine365\/wp-content\/uploads\/2016\/05\/fotonoticia_20160518155157_800.jpg\" \/>\n\t\t<script type=\"application\/ld+json\" class=\"aioseo-schema\">\n\t\t\t{\"@context\":\"https:\\\/\\\/schema.org\",\"@graph\":[{\"@type\":\"Article\",\"@id\":\"https:\\\/\\\/eldigitaldeasturias.com\\\/magazine365\\\/javier-arenas-los-gobiernos-del-psoe-con-radicales-se-caracterizan-por-perseguir-el-turismo\\\/#article\",\"name\":\"Javier Arenas: \\u00abLos gobiernos del PSOE con radicales se caracterizan por perseguir el turismo\\u00bb | El Digital de Asturias\",\"headline\":\"Javier Arenas: \\u00abLos gobiernos del PSOE con radicales se caracterizan por perseguir el turismo\\u00bb\",\"author\":{\"@id\":\"https:\\\/\\\/eldigitaldeasturias.com\\\/magazine365\\\/author\\\/admin\\\/#author\"},\"publisher\":{\"@id\":\"https:\\\/\\\/eldigitaldeasturias.com\\\/magazine365\\\/#organization\"},\"image\":{\"@type\":\"ImageObject\",\"url\":\"https:\\\/\\\/eldigitaldeasturias.com\\\/magazine365\\\/wp-content\\\/uploads\\\/2016\\\/05\\\/fotonoticia_20160518155157_800.jpg\",\"width\":800,\"height\":533},\"datePublished\":\"2016-05-21T04:06:18+02:00\",\"dateModified\":\"2016-05-21T04:06:18+02:00\",\"inLanguage\":\"es-ES\",\"mainEntityOfPage\":{\"@id\":\"https:\\\/\\\/eldigitaldeasturias.com\\\/magazine365\\\/javier-arenas-los-gobiernos-del-psoe-con-radicales-se-caracterizan-por-perseguir-el-turismo\\\/#webpage\"},\"isPartOf\":{\"@id\":\"https:\\\/\\\/eldigitaldeasturias.com\\\/magazine365\\\/javier-arenas-los-gobiernos-del-psoe-con-radicales-se-caracterizan-por-perseguir-el-turismo\\\/#webpage\"},\"articleSection\":\"Noticias y Actualidad\"},{\"@type\":\"BreadcrumbList\",\"@id\":\"https:\\\/\\\/eldigitaldeasturias.com\\\/magazine365\\\/javier-arenas-los-gobiernos-del-psoe-con-radicales-se-caracterizan-por-perseguir-el-turismo\\\/#breadcrumblist\",\"itemListElement\":[{\"@type\":\"ListItem\",\"@id\":\"https:\\\/\\\/eldigitaldeasturias.com\\\/magazine365#listItem\",\"position\":1,\"name\":\"Home\",\"item\":\"https:\\\/\\\/eldigitaldeasturias.com\\\/magazine365\",\"nextItem\":{\"@type\":\"ListItem\",\"@id\":\"https:\\\/\\\/eldigitaldeasturias.com\\\/magazine365\\\/category\\\/noticias-actualidad\\\/#listItem\",\"name\":\"Noticias y Actualidad\"}},{\"@type\":\"ListItem\",\"@id\":\"https:\\\/\\\/eldigitaldeasturias.com\\\/magazine365\\\/category\\\/noticias-actualidad\\\/#listItem\",\"position\":2,\"name\":\"Noticias y Actualidad\",\"item\":\"https:\\\/\\\/eldigitaldeasturias.com\\\/magazine365\\\/category\\\/noticias-actualidad\\\/\",\"nextItem\":{\"@type\":\"ListItem\",\"@id\":\"https:\\\/\\\/eldigitaldeasturias.com\\\/magazine365\\\/javier-arenas-los-gobiernos-del-psoe-con-radicales-se-caracterizan-por-perseguir-el-turismo\\\/#listItem\",\"name\":\"Javier Arenas: \\u00abLos gobiernos del PSOE con radicales se caracterizan por perseguir el turismo\\u00bb\"},\"previousItem\":{\"@type\":\"ListItem\",\"@id\":\"https:\\\/\\\/eldigitaldeasturias.com\\\/magazine365#listItem\",\"name\":\"Home\"}},{\"@type\":\"ListItem\",\"@id\":\"https:\\\/\\\/eldigitaldeasturias.com\\\/magazine365\\\/javier-arenas-los-gobiernos-del-psoe-con-radicales-se-caracterizan-por-perseguir-el-turismo\\\/#listItem\",\"position\":3,\"name\":\"Javier Arenas: \\u00abLos gobiernos del PSOE con radicales se caracterizan por perseguir el turismo\\u00bb\",\"previousItem\":{\"@type\":\"ListItem\",\"@id\":\"https:\\\/\\\/eldigitaldeasturias.com\\\/magazine365\\\/category\\\/noticias-actualidad\\\/#listItem\",\"name\":\"Noticias y Actualidad\"}}]},{\"@type\":\"Organization\",\"@id\":\"https:\\\/\\\/eldigitaldeasturias.com\\\/magazine365\\\/#organization\",\"name\":\"El digital de Asturias\",\"description\":\"Revista de ocio, turismo y estilo de vida\",\"url\":\"https:\\\/\\\/eldigitaldeasturias.com\\\/magazine365\\\/\",\"logo\":{\"@type\":\"ImageObject\",\"url\":\"https:\\\/\\\/www.eldigitaldeasturias.com\\\/noticias\\\/wp-content\\\/uploads\\\/2020\\\/12\\\/EDA.jpg\",\"@id\":\"https:\\\/\\\/eldigitaldeasturias.com\\\/magazine365\\\/javier-arenas-los-gobiernos-del-psoe-con-radicales-se-caracterizan-por-perseguir-el-turismo\\\/#organizationLogo\"},\"image\":{\"@id\":\"https:\\\/\\\/eldigitaldeasturias.com\\\/magazine365\\\/javier-arenas-los-gobiernos-del-psoe-con-radicales-se-caracterizan-por-perseguir-el-turismo\\\/#organizationLogo\"}},{\"@type\":\"Person\",\"@id\":\"https:\\\/\\\/eldigitaldeasturias.com\\\/magazine365\\\/author\\\/admin\\\/#author\",\"url\":\"https:\\\/\\\/eldigitaldeasturias.com\\\/magazine365\\\/author\\\/admin\\\/\",\"name\":\"admin\",\"image\":{\"@type\":\"ImageObject\",\"@id\":\"https:\\\/\\\/eldigitaldeasturias.com\\\/magazine365\\\/javier-arenas-los-gobiernos-del-psoe-con-radicales-se-caracterizan-por-perseguir-el-turismo\\\/#authorImage\",\"url\":\"https:\\\/\\\/eldigitaldeasturias.com\\\/magazine365\\\/wp-content\\\/litespeed\\\/avatar\\\/e571bcf59a0edd6fa6838245a470f2fe.jpg?ver=1777574230\",\"width\":96,\"height\":96,\"caption\":\"admin\"}},{\"@type\":\"WebPage\",\"@id\":\"https:\\\/\\\/eldigitaldeasturias.com\\\/magazine365\\\/javier-arenas-los-gobiernos-del-psoe-con-radicales-se-caracterizan-por-perseguir-el-turismo\\\/#webpage\",\"url\":\"https:\\\/\\\/eldigitaldeasturias.com\\\/magazine365\\\/javier-arenas-los-gobiernos-del-psoe-con-radicales-se-caracterizan-por-perseguir-el-turismo\\\/\",\"name\":\"Javier Arenas: \\u00abLos gobiernos del PSOE con radicales se caracterizan por perseguir el turismo\\u00bb | El Digital de Asturias\",\"description\":\"El presidente del Gobierno en funciones y del PP, Mariano Rajoy, clausura este jueves en Palma el 'Foro-Convenci\\u00f3n Malas pr\\u00e1cticas de gobiernos extremistas, buenas pr\\u00e1cticas de gobiernos populares' en el que participar\\u00e1n, entre otros, el presidente del PP de Baleares, Miquel Vidal, la secretaria general del PP, Mar\\u00eda Dolores Cospedal, y el vicesecretario de Autonom\\u00edas\",\"inLanguage\":\"es-ES\",\"isPartOf\":{\"@id\":\"https:\\\/\\\/eldigitaldeasturias.com\\\/magazine365\\\/#website\"},\"breadcrumb\":{\"@id\":\"https:\\\/\\\/eldigitaldeasturias.com\\\/magazine365\\\/javier-arenas-los-gobiernos-del-psoe-con-radicales-se-caracterizan-por-perseguir-el-turismo\\\/#breadcrumblist\"},\"author\":{\"@id\":\"https:\\\/\\\/eldigitaldeasturias.com\\\/magazine365\\\/author\\\/admin\\\/#author\"},\"creator\":{\"@id\":\"https:\\\/\\\/eldigitaldeasturias.com\\\/magazine365\\\/author\\\/admin\\\/#author\"},\"image\":{\"@type\":\"ImageObject\",\"url\":\"https:\\\/\\\/eldigitaldeasturias.com\\\/magazine365\\\/wp-content\\\/uploads\\\/2016\\\/05\\\/fotonoticia_20160518155157_800.jpg\",\"@id\":\"https:\\\/\\\/eldigitaldeasturias.com\\\/magazine365\\\/javier-arenas-los-gobiernos-del-psoe-con-radicales-se-caracterizan-por-perseguir-el-turismo\\\/#mainImage\",\"width\":800,\"height\":533},\"primaryImageOfPage\":{\"@id\":\"https:\\\/\\\/eldigitaldeasturias.com\\\/magazine365\\\/javier-arenas-los-gobiernos-del-psoe-con-radicales-se-caracterizan-por-perseguir-el-turismo\\\/#mainImage\"},\"datePublished\":\"2016-05-21T04:06:18+02:00\",\"dateModified\":\"2016-05-21T04:06:18+02:00\"},{\"@type\":\"WebSite\",\"@id\":\"https:\\\/\\\/eldigitaldeasturias.com\\\/magazine365\\\/#website\",\"url\":\"https:\\\/\\\/eldigitaldeasturias.com\\\/magazine365\\\/\",\"name\":\"El Digital de Asturias\",\"description\":\"Revista de ocio, turismo y estilo de vida\",\"inLanguage\":\"es-ES\",\"publisher\":{\"@id\":\"https:\\\/\\\/eldigitaldeasturias.com\\\/magazine365\\\/#organization\"}}]}\n\t\t<\/script>\n\t\t<!-- All in One SEO Pro -->\r\n\t\t<title>Javier Arenas: \u00abLos gobiernos del PSOE con radicales se caracterizan por perseguir el turismo\u00bb | El Digital de Asturias<\/title>\n\n","aioseo_head_json":{"title":"Javier Arenas: \u00abLos gobiernos del PSOE con radicales se caracterizan por perseguir el turismo\u00bb | El Digital de Asturias","description":"El presidente del Gobierno en funciones y del PP, Mariano Rajoy, clausura este jueves en Palma el 'Foro-Convenci\u00f3n Malas pr\u00e1cticas de gobiernos extremistas, buenas pr\u00e1cticas de gobiernos populares' en el que participar\u00e1n, entre otros, el presidente del PP de Baleares, Miquel Vidal, la secretaria general del PP, Mar\u00eda Dolores Cospedal, y el vicesecretario de Autonom\u00edas","canonical_url":"https:\/\/eldigitaldeasturias.com\/magazine365\/javier-arenas-los-gobiernos-del-psoe-con-radicales-se-caracterizan-por-perseguir-el-turismo\/","robots":"max-image-preview:large","keywords":"noticias y actualidad","webmasterTools":{"google-site-verification":"UA-38556648-1","miscellaneous":""},"schema":{"@context":"https:\/\/schema.org","@graph":[{"@type":"Article","@id":"https:\/\/eldigitaldeasturias.com\/magazine365\/javier-arenas-los-gobiernos-del-psoe-con-radicales-se-caracterizan-por-perseguir-el-turismo\/#article","name":"Javier Arenas: \u00abLos gobiernos del PSOE con radicales se caracterizan por perseguir el turismo\u00bb | El Digital de Asturias","headline":"Javier Arenas: \u00abLos gobiernos del PSOE con radicales se caracterizan por perseguir el turismo\u00bb","author":{"@id":"https:\/\/eldigitaldeasturias.com\/magazine365\/author\/admin\/#author"},"publisher":{"@id":"https:\/\/eldigitaldeasturias.com\/magazine365\/#organization"},"image":{"@type":"ImageObject","url":"https:\/\/eldigitaldeasturias.com\/magazine365\/wp-content\/uploads\/2016\/05\/fotonoticia_20160518155157_800.jpg","width":800,"height":533},"datePublished":"2016-05-21T04:06:18+02:00","dateModified":"2016-05-21T04:06:18+02:00","inLanguage":"es-ES","mainEntityOfPage":{"@id":"https:\/\/eldigitaldeasturias.com\/magazine365\/javier-arenas-los-gobiernos-del-psoe-con-radicales-se-caracterizan-por-perseguir-el-turismo\/#webpage"},"isPartOf":{"@id":"https:\/\/eldigitaldeasturias.com\/magazine365\/javier-arenas-los-gobiernos-del-psoe-con-radicales-se-caracterizan-por-perseguir-el-turismo\/#webpage"},"articleSection":"Noticias y Actualidad"},{"@type":"BreadcrumbList","@id":"https:\/\/eldigitaldeasturias.com\/magazine365\/javier-arenas-los-gobiernos-del-psoe-con-radicales-se-caracterizan-por-perseguir-el-turismo\/#breadcrumblist","itemListElement":[{"@type":"ListItem","@id":"https:\/\/eldigitaldeasturias.com\/magazine365#listItem","position":1,"name":"Home","item":"https:\/\/eldigitaldeasturias.com\/magazine365","nextItem":{"@type":"ListItem","@id":"https:\/\/eldigitaldeasturias.com\/magazine365\/category\/noticias-actualidad\/#listItem","name":"Noticias y Actualidad"}},{"@type":"ListItem","@id":"https:\/\/eldigitaldeasturias.com\/magazine365\/category\/noticias-actualidad\/#listItem","position":2,"name":"Noticias y Actualidad","item":"https:\/\/eldigitaldeasturias.com\/magazine365\/category\/noticias-actualidad\/","nextItem":{"@type":"ListItem","@id":"https:\/\/eldigitaldeasturias.com\/magazine365\/javier-arenas-los-gobiernos-del-psoe-con-radicales-se-caracterizan-por-perseguir-el-turismo\/#listItem","name":"Javier Arenas: \u00abLos gobiernos del PSOE con radicales se caracterizan por perseguir el turismo\u00bb"},"previousItem":{"@type":"ListItem","@id":"https:\/\/eldigitaldeasturias.com\/magazine365#listItem","name":"Home"}},{"@type":"ListItem","@id":"https:\/\/eldigitaldeasturias.com\/magazine365\/javier-arenas-los-gobiernos-del-psoe-con-radicales-se-caracterizan-por-perseguir-el-turismo\/#listItem","position":3,"name":"Javier Arenas: \u00abLos gobiernos del PSOE con radicales se caracterizan por perseguir el turismo\u00bb","previousItem":{"@type":"ListItem","@id":"https:\/\/eldigitaldeasturias.com\/magazine365\/category\/noticias-actualidad\/#listItem","name":"Noticias y Actualidad"}}]},{"@type":"Organization","@id":"https:\/\/eldigitaldeasturias.com\/magazine365\/#organization","name":"El digital de Asturias","description":"Revista de ocio, turismo y estilo de vida","url":"https:\/\/eldigitaldeasturias.com\/magazine365\/","logo":{"@type":"ImageObject","url":"https:\/\/www.eldigitaldeasturias.com\/noticias\/wp-content\/uploads\/2020\/12\/EDA.jpg","@id":"https:\/\/eldigitaldeasturias.com\/magazine365\/javier-arenas-los-gobiernos-del-psoe-con-radicales-se-caracterizan-por-perseguir-el-turismo\/#organizationLogo"},"image":{"@id":"https:\/\/eldigitaldeasturias.com\/magazine365\/javier-arenas-los-gobiernos-del-psoe-con-radicales-se-caracterizan-por-perseguir-el-turismo\/#organizationLogo"}},{"@type":"Person","@id":"https:\/\/eldigitaldeasturias.com\/magazine365\/author\/admin\/#author","url":"https:\/\/eldigitaldeasturias.com\/magazine365\/author\/admin\/","name":"admin","image":{"@type":"ImageObject","@id":"https:\/\/eldigitaldeasturias.com\/magazine365\/javier-arenas-los-gobiernos-del-psoe-con-radicales-se-caracterizan-por-perseguir-el-turismo\/#authorImage","url":"https:\/\/eldigitaldeasturias.com\/magazine365\/wp-content\/litespeed\/avatar\/e571bcf59a0edd6fa6838245a470f2fe.jpg?ver=1777574230","width":96,"height":96,"caption":"admin"}},{"@type":"WebPage","@id":"https:\/\/eldigitaldeasturias.com\/magazine365\/javier-arenas-los-gobiernos-del-psoe-con-radicales-se-caracterizan-por-perseguir-el-turismo\/#webpage","url":"https:\/\/eldigitaldeasturias.com\/magazine365\/javier-arenas-los-gobiernos-del-psoe-con-radicales-se-caracterizan-por-perseguir-el-turismo\/","name":"Javier Arenas: \u00abLos gobiernos del PSOE con radicales se caracterizan por perseguir el turismo\u00bb | El Digital de Asturias","description":"El presidente del Gobierno en funciones y del PP, Mariano Rajoy, clausura este jueves en Palma el 'Foro-Convenci\u00f3n Malas pr\u00e1cticas de gobiernos extremistas, buenas pr\u00e1cticas de gobiernos populares' en el que participar\u00e1n, entre otros, el presidente del PP de Baleares, Miquel Vidal, la secretaria general del PP, Mar\u00eda Dolores Cospedal, y el vicesecretario de Autonom\u00edas","inLanguage":"es-ES","isPartOf":{"@id":"https:\/\/eldigitaldeasturias.com\/magazine365\/#website"},"breadcrumb":{"@id":"https:\/\/eldigitaldeasturias.com\/magazine365\/javier-arenas-los-gobiernos-del-psoe-con-radicales-se-caracterizan-por-perseguir-el-turismo\/#breadcrumblist"},"author":{"@id":"https:\/\/eldigitaldeasturias.com\/magazine365\/author\/admin\/#author"},"creator":{"@id":"https:\/\/eldigitaldeasturias.com\/magazine365\/author\/admin\/#author"},"image":{"@type":"ImageObject","url":"https:\/\/eldigitaldeasturias.com\/magazine365\/wp-content\/uploads\/2016\/05\/fotonoticia_20160518155157_800.jpg","@id":"https:\/\/eldigitaldeasturias.com\/magazine365\/javier-arenas-los-gobiernos-del-psoe-con-radicales-se-caracterizan-por-perseguir-el-turismo\/#mainImage","width":800,"height":533},"primaryImageOfPage":{"@id":"https:\/\/eldigitaldeasturias.com\/magazine365\/javier-arenas-los-gobiernos-del-psoe-con-radicales-se-caracterizan-por-perseguir-el-turismo\/#mainImage"},"datePublished":"2016-05-21T04:06:18+02:00","dateModified":"2016-05-21T04:06:18+02:00"},{"@type":"WebSite","@id":"https:\/\/eldigitaldeasturias.com\/magazine365\/#website","url":"https:\/\/eldigitaldeasturias.com\/magazine365\/","name":"El Digital de Asturias","description":"Revista de ocio, turismo y estilo de vida","inLanguage":"es-ES","publisher":{"@id":"https:\/\/eldigitaldeasturias.com\/magazine365\/#organization"}}]},"og:locale":"es_ES","og:site_name":"El Digital de Asturias \u2013 Revista de ocio, turismo y estilo de vida","og:type":"article","og:title":"Javier Arenas: \u00abLos gobiernos del PSOE con radicales se caracterizan por perseguir el turismo\u00bb | El Digital de Asturias","og:description":"El presidente del Gobierno en funciones y del PP, Mariano Rajoy, clausura este jueves en Palma el 'Foro-Convenci\u00f3n Malas pr\u00e1cticas de gobiernos extremistas, buenas pr\u00e1cticas de gobiernos populares' en el que participar\u00e1n, entre otros, el presidente del PP de Baleares, Miquel Vidal, la secretaria general del PP, Mar\u00eda Dolores Cospedal, y el vicesecretario de Autonom\u00edas","og:url":"https:\/\/eldigitaldeasturias.com\/magazine365\/javier-arenas-los-gobiernos-del-psoe-con-radicales-se-caracterizan-por-perseguir-el-turismo\/","og:image":"https:\/\/eldigitaldeasturias.com\/magazine365\/wp-content\/uploads\/2016\/05\/fotonoticia_20160518155157_800.jpg","og:image:secure_url":"https:\/\/eldigitaldeasturias.com\/magazine365\/wp-content\/uploads\/2016\/05\/fotonoticia_20160518155157_800.jpg","og:image:width":800,"og:image:height":533,"article:published_time":"2016-05-21T02:06:18+00:00","article:modified_time":"2016-05-21T02:06:18+00:00","twitter:card":"summary_large_image","twitter:title":"Javier Arenas: \u00abLos gobiernos del PSOE con radicales se caracterizan por perseguir el turismo\u00bb | El Digital de Asturias","twitter:description":"El presidente del Gobierno en funciones y del PP, Mariano Rajoy, clausura este jueves en Palma el 'Foro-Convenci\u00f3n Malas pr\u00e1cticas de gobiernos extremistas, buenas pr\u00e1cticas de gobiernos populares' en el que participar\u00e1n, entre otros, el presidente del PP de Baleares, Miquel Vidal, la secretaria general del PP, Mar\u00eda Dolores Cospedal, y el vicesecretario de Autonom\u00edas","twitter:image":"https:\/\/eldigitaldeasturias.com\/magazine365\/wp-content\/uploads\/2016\/05\/fotonoticia_20160518155157_800.jpg"},"aioseo_meta_data":{"post_id":"76363","title":null,"description":null,"keywords":null,"keyphrases":null,"primary_term":null,"canonical_url":null,"og_title":null,"og_description":null,"og_object_type":"default","og_image_type":"default","og_image_url":null,"og_image_width":null,"og_image_height":null,"og_image_custom_url":null,"og_image_custom_fields":null,"og_video":null,"og_custom_url":null,"og_article_section":null,"og_article_tags":null,"twitter_use_og":false,"twitter_card":"default","twitter_image_type":"default","twitter_image_url":null,"twitter_image_custom_url":null,"twitter_image_custom_fields":null,"twitter_title":null,"twitter_description":null,"schema":{"blockGraphs":[],"customGraphs":[],"default":{"data":{"Article":[],"Course":[],"Dataset":[],"FAQPage":[],"Movie":[],"Person":[],"Product":[],"ProductReview":[],"Car":[],"Recipe":[],"Service":[],"SoftwareApplication":[],"WebPage":[]},"graphName":"","isEnabled":true},"graphs":[],"defaultGraph":"","defaultPostTypeGraph":""},"schema_type":null,"schema_type_options":null,"pillar_content":false,"robots_default":true,"robots_noindex":false,"robots_noarchive":false,"robots_nosnippet":false,"robots_nofollow":false,"robots_noimageindex":false,"robots_noodp":false,"robots_notranslate":false,"robots_max_snippet":null,"robots_max_videopreview":null,"robots_max_imagepreview":"large","priority":null,"frequency":null,"location":null,"local_seo":null,"seo_analyzer_scan_date":"2025-09-27 12:28:16","breadcrumb_settings":null,"limit_modified_date":false,"open_ai":null,"ai":null,"created":"2021-03-08 18:29:45","updated":"2025-09-27 12:28:16"},"aioseo_breadcrumb":"<div class=\"aioseo-breadcrumbs\"><span class=\"aioseo-breadcrumb\">\n\t<a href=\"https:\/\/eldigitaldeasturias.com\/magazine365\" title=\"Home\">Home<\/a>\n<\/span><span class=\"aioseo-breadcrumb-separator\">\u2013<\/span><span class=\"aioseo-breadcrumb\">\n\t<a href=\"https:\/\/eldigitaldeasturias.com\/magazine365\/category\/noticias-actualidad\/\" title=\"Noticias y Actualidad\">Noticias y Actualidad<\/a>\n<\/span><span class=\"aioseo-breadcrumb-separator\">\u2013<\/span><span class=\"aioseo-breadcrumb\">\n\t<a href=\"https:\/\/eldigitaldeasturias.com\/magazine365\/javier-arenas-los-gobiernos-del-psoe-con-radicales-se-caracterizan-por-perseguir-el-turismo\/\" title=\"Javier Arenas: \u00abLos gobiernos del PSOE con radicales se caracterizan por perseguir el turismo\u00bb\">Javier Arenas: \u00abLos gobiernos del PSOE con radicales se caracterizan por perseguir el turismo\u00bb<\/a>\n<\/span><\/div>","aioseo_breadcrumb_json":[{"label":"Home","link":"https:\/\/eldigitaldeasturias.com\/magazine365"},{"label":"Noticias y Actualidad","link":"https:\/\/eldigitaldeasturias.com\/magazine365\/category\/noticias-actualidad\/"},{"label":"Javier Arenas: \u00abLos gobiernos del PSOE con radicales se caracterizan por perseguir el turismo\u00bb","link":"https:\/\/eldigitaldeasturias.com\/magazine365\/javier-arenas-los-gobiernos-del-psoe-con-radicales-se-caracterizan-por-perseguir-el-turismo\/"}],"_links":{"self":[{"href":"https:\/\/eldigitaldeasturias.com\/magazine365\/wp-json\/wp\/v2\/posts\/76363","targetHints":{"allow":["GET"]}}],"collection":[{"href":"https:\/\/eldigitaldeasturias.com\/magazine365\/wp-json\/wp\/v2\/posts"}],"about":[{"href":"https:\/\/eldigitaldeasturias.com\/magazine365\/wp-json\/wp\/v2\/types\/post"}],"author":[{"embeddable":true,"href":"https:\/\/eldigitaldeasturias.com\/magazine365\/wp-json\/wp\/v2\/users\/1"}],"replies":[{"embeddable":true,"href":"https:\/\/eldigitaldeasturias.com\/magazine365\/wp-json\/wp\/v2\/comments?post=76363"}],"version-history":[{"count":0,"href":"https:\/\/eldigitaldeasturias.com\/magazine365\/wp-json\/wp\/v2\/posts\/76363\/revisions"}],"wp:featuredmedia":[{"embeddable":true,"href":"https:\/\/eldigitaldeasturias.com\/magazine365\/wp-json\/wp\/v2\/media\/76364"}],"wp:attachment":[{"href":"https:\/\/eldigitaldeasturias.com\/magazine365\/wp-json\/wp\/v2\/media?parent=76363"}],"wp:term":[{"taxonomy":"category","embeddable":true,"href":"https:\/\/eldigitaldeasturias.com\/magazine365\/wp-json\/wp\/v2\/categories?post=76363"},{"taxonomy":"post_tag","embeddable":true,"href":"https:\/\/eldigitaldeasturias.com\/magazine365\/wp-json\/wp\/v2\/tags?post=76363"}],"curies":[{"name":"wp","href":"https:\/\/api.w.org\/{rel}","templated":true}]}}