{"id":76360,"date":"2016-05-21T04:04:21","date_gmt":"2016-05-21T02:04:21","guid":{"rendered":"http:\/\/eldigitaldeasturias.com\/magazine365\/?p=76360"},"modified":"2016-05-21T04:04:21","modified_gmt":"2016-05-21T02:04:21","slug":"los-hosteleros-apuestan-por-ampliar-la-zona-de-gran-afluencia-turistica-para-malaga","status":"publish","type":"post","link":"https:\/\/eldigitaldeasturias.com\/magazine365\/los-hosteleros-apuestan-por-ampliar-la-zona-de-gran-afluencia-turistica-para-malaga\/","title":{"rendered":"Los hosteleros apuestan por ampliar la Zona de Gran Afluencia Tur\u00edstica para M\u00e1laga"},"content":{"rendered":"<p><img fetchpriority=\"high\" decoding=\"async\" class=\"alignleft size-medium wp-image-76361\" src=\"https:\/\/eldigitaldeasturias.com\/magazine365\/wp-content\/uploads\/2016\/05\/fotonoticia_20160518154434_800-360x240.jpg\" alt=\"fotonoticia_20160518154434_800\" width=\"360\" height=\"240\" srcset=\"https:\/\/eldigitaldeasturias.com\/magazine365\/wp-content\/uploads\/2016\/05\/fotonoticia_20160518154434_800-360x240.jpg 360w, https:\/\/eldigitaldeasturias.com\/magazine365\/wp-content\/uploads\/2016\/05\/fotonoticia_20160518154434_800-650x433.jpg 650w, https:\/\/eldigitaldeasturias.com\/magazine365\/wp-content\/uploads\/2016\/05\/fotonoticia_20160518154434_800-768x512.jpg 768w, https:\/\/eldigitaldeasturias.com\/magazine365\/wp-content\/uploads\/2016\/05\/fotonoticia_20160518154434_800-150x100.jpg 150w, https:\/\/eldigitaldeasturias.com\/magazine365\/wp-content\/uploads\/2016\/05\/fotonoticia_20160518154434_800-450x300.jpg 450w, https:\/\/eldigitaldeasturias.com\/magazine365\/wp-content\/uploads\/2016\/05\/fotonoticia_20160518154434_800-101x66.jpg 101w, https:\/\/eldigitaldeasturias.com\/magazine365\/wp-content\/uploads\/2016\/05\/fotonoticia_20160518154434_800.jpg 800w\" sizes=\"(max-width: 360px) 100vw, 360px\" \/>La asociaci\u00f3n de hosteleros Mahos-Amares, surgida tras la uni\u00f3n de la Asociaci\u00f3n de Hosteleros de M\u00e1laga (Mahos) y la Asociaci\u00f3n Malague\u00f1a de Restauradores (Amares) se marca entre sus retos a corto y medio plazo solucionar el conflicto de las terrazas o la ampliaci\u00f3n de la declaraci\u00f3n como Zona de Gran Afluencia Tur\u00edstica (ZGAT) del centro de M\u00e1laga.<\/p>\n<p>As\u00ed lo han informado este mi\u00e9rcoles el presidente de la uni\u00f3n y ya expresidente de Mahos, Jes\u00fas S\u00e1nchez Molero; y el vicepresidente de la nueva asociaci\u00f3n y expresidente de Amares, Jos\u00e9 Porras, durante la presentaci\u00f3n de la agrupaci\u00f3n, donde han explicado que buscan ser \u00abuna fuerza para m\u00e1s grande para conseguir mejores convenios\u00bb.<\/p>\n<p>Sobre los citados retos que se marca la asociaci\u00f3n S\u00e1nchez ha explicado en relaci\u00f3n con la declaraci\u00f3n de M\u00e1laga como una ZGAT que \u00aben los pr\u00f3ximos d\u00edas presentaremos una propuesta al alcalde, Francisco de la Torre, y estamos muy en el tema\u00bb.<\/p>\n<p>\u00abCreo que el que piense que M\u00e1laga no es una Zona de Gran Afluencia Tur\u00edstica es que est\u00e1 ciego, porque hace dos semanas ten\u00edamos siete cruceros en el puerto &#8211;ha asegurado&#8211;. Adem\u00e1s, con eso M\u00e1laga va avanzar mucho\u00bb.<\/p>\n<p>Al mismo tiempo, ha indicado que la ZGAT que Mahos ha propuesto ser\u00eda toda la que comprende el c\u00edrculo \u00abdesde el Muelle Uno, Alameda de Col\u00f3n-Soho, calle Carreter\u00edas hasta el Teatro Cervantes, plaza de la Merced y de nuevo hasta el Muelle Uno\u00bb, y ha subrayado que \u00abyo creo que la Junta nos lo tiene que conceder y adem\u00e1s para todo el a\u00f1o, neg\u00e1rnoslo ser\u00eda una estupidez\u00bb.<\/p>\n<p>Sobre las terrazas, S\u00e1nchez ha se\u00f1alado que \u00abla normativa del nomencl\u00e1tor y de horarios ya est\u00e1 hablada con la Junta\u00bb y que la asociaci\u00f3n est\u00e1 \u00aba la espera de que ellos saquen sus nuevos horarios\u00bb, as\u00ed como que est\u00e1n reuni\u00e9ndose con la directora general de Promoci\u00f3n Empresarial y Empleo del Ayuntamiento de M\u00e1laga, Esther Molina; y que la mesa de trabajo con V\u00eda P\u00fablica y Comercio \u00absigue adelante\u00bb.<\/p>\n<p>\u00abEl conflicto de las terrazas es algo que tenemos que tratar con mucho cari\u00f1o todos los malague\u00f1os\u00bb, ha afirmado el presidente de la uni\u00f3n de asociaciones, haciendo hincapi\u00e9 en que su resoluci\u00f3n \u00absigue en marcha\u00bb.<\/p>\n<p>De igual modo se ha referido a la modificaci\u00f3n del PGOU que buscan los hosteleros que defina el centro como una zona comercial abierta y ha asegurado que est\u00e1n pendientes de reunirse con el concejal de Ordenaci\u00f3n del Territorio y Vivienda, Francisco Pomares, para tratar el asunto.<\/p>\n<p>ASOCIACI\u00d3N<\/p>\n<p>Por otro lado, el presidente de la fusi\u00f3n ha valorado que \u00abgracias especialmente a esta fusi\u00f3n, ahora la hosteler\u00eda empieza estar en su sitio\u00bb.<\/p>\n<p>Mahos-Amares ahora a\u00fana a los 207 asociados de Mahos con los m\u00e1s de 60 de Amares, que, en t\u00e9rminos de negocios representados son m\u00e1s de 500, ya que, seg\u00fan ha explicado S\u00e1nchez, cada asociado en ocasiones representa a varios negocios &#8211;como es el caso de la cadena La Canasta, que constituye un solo miembro de la asociaci\u00f3n pero son 15 tiendas en toda la provincia&#8211; .<\/p>\n<p>S\u00e1nchez ha destacado c\u00f3mo la uni\u00f3n va a fortalecer los objetivos para los que se cre\u00f3 Mahos: unir al sector, representar a todo el colectivo, dignificarlo y asesorar a los asociados.<\/p>\n<p>\u00abPinta muy bien, hay muchas ganas de trabajar y mucha visi\u00f3n de futuro\u00bb, ha valorado, incidiendo en que ahora Mahos-Amares es ahora \u00abla asociaci\u00f3n de la hosteler\u00eda de la provincia de M\u00e1laga\u00bb.<\/p>\n<p>Por su parte, Porras ha se\u00f1alado que \u00abla fusi\u00f3n de las dos asociaciones m\u00e1s representativas del sector en M\u00e1laga crea una macro asociaci\u00f3n para dar respuesta a los retos que tiene hoy el sector hostelero\u00bb, al tiempo que ha calificado a los miembros de su sector como \u00ablos gestores m\u00e1s importantes de la felicidad de la sociedad\u00bb.<\/p>\n<p>\u00abQueremos ser una organizaci\u00f3n que pueda asumir los servicios que tanto hoy como ma\u00f1ana pueda necesitar el sector hostelero de la provincia\u00bb, ha concluido.<\/p>\n","protected":false},"excerpt":{"rendered":"<p>La asociaci\u00f3n de hosteleros Mahos-Amares, surgida tras la uni\u00f3n de la Asociaci\u00f3n de Hosteleros de M\u00e1laga (Mahos) y la Asociaci\u00f3n Malague\u00f1a de Restauradores (Amares) se marca entre sus retos a corto y medio plazo solucionar el conflicto de las terrazas o la ampliaci\u00f3n de la declaraci\u00f3n como Zona de Gran Afluencia Tur\u00edstica (ZGAT) del centro<\/p>\n","protected":false},"author":1,"featured_media":76361,"comment_status":"open","ping_status":"closed","sticky":false,"template":"","format":"standard","meta":{"footnotes":""},"categories":[224],"tags":[],"class_list":{"0":"post-76360","1":"post","2":"type-post","3":"status-publish","4":"format-standard","5":"has-post-thumbnail","7":"category-noticias-actualidad"},"aioseo_notices":[],"aioseo_head":"\n\t\t<!-- All in One SEO Pro 4.9.6.1 - aioseo.com -->\n\t<meta name=\"description\" content=\"La asociaci\u00f3n de hosteleros Mahos-Amares, surgida tras la uni\u00f3n de la Asociaci\u00f3n de Hosteleros de M\u00e1laga (Mahos) y la Asociaci\u00f3n Malague\u00f1a de Restauradores (Amares) se marca entre sus retos a corto y medio plazo solucionar el conflicto de las terrazas o la ampliaci\u00f3n de la declaraci\u00f3n como Zona de Gran Afluencia Tur\u00edstica (ZGAT) del centro\" \/>\n\t<meta name=\"robots\" content=\"max-image-preview:large\" \/>\n\t<meta name=\"author\" content=\"admin\"\/>\n\t<meta name=\"google-site-verification\" content=\"UA-38556648-1\" \/>\n\t<meta name=\"keywords\" content=\"noticias y actualidad\" \/>\n\t<link rel=\"canonical\" href=\"https:\/\/eldigitaldeasturias.com\/magazine365\/los-hosteleros-apuestan-por-ampliar-la-zona-de-gran-afluencia-turistica-para-malaga\/\" \/>\n\t<meta name=\"generator\" content=\"All in One SEO Pro (AIOSEO) 4.9.6.1\" \/>\n\t\t<meta property=\"og:locale\" content=\"es_ES\" \/>\n\t\t<meta property=\"og:site_name\" content=\"El Digital de Asturias \u2013 Revista de ocio, turismo y estilo de vida\" \/>\n\t\t<meta property=\"og:type\" content=\"article\" \/>\n\t\t<meta property=\"og:title\" content=\"Los hosteleros apuestan por ampliar la Zona de Gran Afluencia Tur\u00edstica para M\u00e1laga | El Digital de Asturias\" \/>\n\t\t<meta property=\"og:description\" content=\"La asociaci\u00f3n de hosteleros Mahos-Amares, surgida tras la uni\u00f3n de la Asociaci\u00f3n de Hosteleros de M\u00e1laga (Mahos) y la Asociaci\u00f3n Malague\u00f1a de Restauradores (Amares) se marca entre sus retos a corto y medio plazo solucionar el conflicto de las terrazas o la ampliaci\u00f3n de la declaraci\u00f3n como Zona de Gran Afluencia Tur\u00edstica (ZGAT) del centro\" \/>\n\t\t<meta property=\"og:url\" content=\"https:\/\/eldigitaldeasturias.com\/magazine365\/los-hosteleros-apuestan-por-ampliar-la-zona-de-gran-afluencia-turistica-para-malaga\/\" \/>\n\t\t<meta property=\"og:image\" content=\"https:\/\/eldigitaldeasturias.com\/magazine365\/wp-content\/uploads\/2016\/05\/fotonoticia_20160518154434_800.jpg\" \/>\n\t\t<meta property=\"og:image:secure_url\" content=\"https:\/\/eldigitaldeasturias.com\/magazine365\/wp-content\/uploads\/2016\/05\/fotonoticia_20160518154434_800.jpg\" \/>\n\t\t<meta property=\"og:image:width\" content=\"800\" \/>\n\t\t<meta property=\"og:image:height\" content=\"533\" \/>\n\t\t<meta property=\"article:published_time\" content=\"2016-05-21T02:04:21+00:00\" \/>\n\t\t<meta property=\"article:modified_time\" content=\"2016-05-21T02:04:21+00:00\" \/>\n\t\t<meta name=\"twitter:card\" content=\"summary_large_image\" \/>\n\t\t<meta name=\"twitter:title\" content=\"Los hosteleros apuestan por ampliar la Zona de Gran Afluencia Tur\u00edstica para M\u00e1laga | El Digital de Asturias\" \/>\n\t\t<meta name=\"twitter:description\" content=\"La asociaci\u00f3n de hosteleros Mahos-Amares, surgida tras la uni\u00f3n de la Asociaci\u00f3n de Hosteleros de M\u00e1laga (Mahos) y la Asociaci\u00f3n Malague\u00f1a de Restauradores (Amares) se marca entre sus retos a corto y medio plazo solucionar el conflicto de las terrazas o la ampliaci\u00f3n de la declaraci\u00f3n como Zona de Gran Afluencia Tur\u00edstica (ZGAT) del centro\" \/>\n\t\t<meta name=\"twitter:image\" content=\"https:\/\/eldigitaldeasturias.com\/magazine365\/wp-content\/uploads\/2016\/05\/fotonoticia_20160518154434_800.jpg\" \/>\n\t\t<script type=\"application\/ld+json\" class=\"aioseo-schema\">\n\t\t\t{\"@context\":\"https:\\\/\\\/schema.org\",\"@graph\":[{\"@type\":\"Article\",\"@id\":\"https:\\\/\\\/eldigitaldeasturias.com\\\/magazine365\\\/los-hosteleros-apuestan-por-ampliar-la-zona-de-gran-afluencia-turistica-para-malaga\\\/#article\",\"name\":\"Los hosteleros apuestan por ampliar la Zona de Gran Afluencia Tur\\u00edstica para M\\u00e1laga | El Digital de Asturias\",\"headline\":\"Los hosteleros apuestan por ampliar la Zona de Gran Afluencia Tur\\u00edstica para M\\u00e1laga\",\"author\":{\"@id\":\"https:\\\/\\\/eldigitaldeasturias.com\\\/magazine365\\\/author\\\/admin\\\/#author\"},\"publisher\":{\"@id\":\"https:\\\/\\\/eldigitaldeasturias.com\\\/magazine365\\\/#organization\"},\"image\":{\"@type\":\"ImageObject\",\"url\":\"https:\\\/\\\/eldigitaldeasturias.com\\\/magazine365\\\/wp-content\\\/uploads\\\/2016\\\/05\\\/fotonoticia_20160518154434_800.jpg\",\"width\":800,\"height\":533},\"datePublished\":\"2016-05-21T04:04:21+02:00\",\"dateModified\":\"2016-05-21T04:04:21+02:00\",\"inLanguage\":\"es-ES\",\"mainEntityOfPage\":{\"@id\":\"https:\\\/\\\/eldigitaldeasturias.com\\\/magazine365\\\/los-hosteleros-apuestan-por-ampliar-la-zona-de-gran-afluencia-turistica-para-malaga\\\/#webpage\"},\"isPartOf\":{\"@id\":\"https:\\\/\\\/eldigitaldeasturias.com\\\/magazine365\\\/los-hosteleros-apuestan-por-ampliar-la-zona-de-gran-afluencia-turistica-para-malaga\\\/#webpage\"},\"articleSection\":\"Noticias y Actualidad\"},{\"@type\":\"BreadcrumbList\",\"@id\":\"https:\\\/\\\/eldigitaldeasturias.com\\\/magazine365\\\/los-hosteleros-apuestan-por-ampliar-la-zona-de-gran-afluencia-turistica-para-malaga\\\/#breadcrumblist\",\"itemListElement\":[{\"@type\":\"ListItem\",\"@id\":\"https:\\\/\\\/eldigitaldeasturias.com\\\/magazine365#listItem\",\"position\":1,\"name\":\"Home\",\"item\":\"https:\\\/\\\/eldigitaldeasturias.com\\\/magazine365\",\"nextItem\":{\"@type\":\"ListItem\",\"@id\":\"https:\\\/\\\/eldigitaldeasturias.com\\\/magazine365\\\/category\\\/noticias-actualidad\\\/#listItem\",\"name\":\"Noticias y Actualidad\"}},{\"@type\":\"ListItem\",\"@id\":\"https:\\\/\\\/eldigitaldeasturias.com\\\/magazine365\\\/category\\\/noticias-actualidad\\\/#listItem\",\"position\":2,\"name\":\"Noticias y Actualidad\",\"item\":\"https:\\\/\\\/eldigitaldeasturias.com\\\/magazine365\\\/category\\\/noticias-actualidad\\\/\",\"nextItem\":{\"@type\":\"ListItem\",\"@id\":\"https:\\\/\\\/eldigitaldeasturias.com\\\/magazine365\\\/los-hosteleros-apuestan-por-ampliar-la-zona-de-gran-afluencia-turistica-para-malaga\\\/#listItem\",\"name\":\"Los hosteleros apuestan por ampliar la Zona de Gran Afluencia Tur\\u00edstica para M\\u00e1laga\"},\"previousItem\":{\"@type\":\"ListItem\",\"@id\":\"https:\\\/\\\/eldigitaldeasturias.com\\\/magazine365#listItem\",\"name\":\"Home\"}},{\"@type\":\"ListItem\",\"@id\":\"https:\\\/\\\/eldigitaldeasturias.com\\\/magazine365\\\/los-hosteleros-apuestan-por-ampliar-la-zona-de-gran-afluencia-turistica-para-malaga\\\/#listItem\",\"position\":3,\"name\":\"Los hosteleros apuestan por ampliar la Zona de Gran Afluencia Tur\\u00edstica para M\\u00e1laga\",\"previousItem\":{\"@type\":\"ListItem\",\"@id\":\"https:\\\/\\\/eldigitaldeasturias.com\\\/magazine365\\\/category\\\/noticias-actualidad\\\/#listItem\",\"name\":\"Noticias y Actualidad\"}}]},{\"@type\":\"Organization\",\"@id\":\"https:\\\/\\\/eldigitaldeasturias.com\\\/magazine365\\\/#organization\",\"name\":\"El digital de Asturias\",\"description\":\"Revista de ocio, turismo y estilo de vida\",\"url\":\"https:\\\/\\\/eldigitaldeasturias.com\\\/magazine365\\\/\",\"logo\":{\"@type\":\"ImageObject\",\"url\":\"https:\\\/\\\/www.eldigitaldeasturias.com\\\/noticias\\\/wp-content\\\/uploads\\\/2020\\\/12\\\/EDA.jpg\",\"@id\":\"https:\\\/\\\/eldigitaldeasturias.com\\\/magazine365\\\/los-hosteleros-apuestan-por-ampliar-la-zona-de-gran-afluencia-turistica-para-malaga\\\/#organizationLogo\"},\"image\":{\"@id\":\"https:\\\/\\\/eldigitaldeasturias.com\\\/magazine365\\\/los-hosteleros-apuestan-por-ampliar-la-zona-de-gran-afluencia-turistica-para-malaga\\\/#organizationLogo\"}},{\"@type\":\"Person\",\"@id\":\"https:\\\/\\\/eldigitaldeasturias.com\\\/magazine365\\\/author\\\/admin\\\/#author\",\"url\":\"https:\\\/\\\/eldigitaldeasturias.com\\\/magazine365\\\/author\\\/admin\\\/\",\"name\":\"admin\",\"image\":{\"@type\":\"ImageObject\",\"@id\":\"https:\\\/\\\/eldigitaldeasturias.com\\\/magazine365\\\/los-hosteleros-apuestan-por-ampliar-la-zona-de-gran-afluencia-turistica-para-malaga\\\/#authorImage\",\"url\":\"https:\\\/\\\/eldigitaldeasturias.com\\\/magazine365\\\/wp-content\\\/litespeed\\\/avatar\\\/e571bcf59a0edd6fa6838245a470f2fe.jpg?ver=1777574230\",\"width\":96,\"height\":96,\"caption\":\"admin\"}},{\"@type\":\"WebPage\",\"@id\":\"https:\\\/\\\/eldigitaldeasturias.com\\\/magazine365\\\/los-hosteleros-apuestan-por-ampliar-la-zona-de-gran-afluencia-turistica-para-malaga\\\/#webpage\",\"url\":\"https:\\\/\\\/eldigitaldeasturias.com\\\/magazine365\\\/los-hosteleros-apuestan-por-ampliar-la-zona-de-gran-afluencia-turistica-para-malaga\\\/\",\"name\":\"Los hosteleros apuestan por ampliar la Zona de Gran Afluencia Tur\\u00edstica para M\\u00e1laga | El Digital de Asturias\",\"description\":\"La asociaci\\u00f3n de hosteleros Mahos-Amares, surgida tras la uni\\u00f3n de la Asociaci\\u00f3n de Hosteleros de M\\u00e1laga (Mahos) y la Asociaci\\u00f3n Malague\\u00f1a de Restauradores (Amares) se marca entre sus retos a corto y medio plazo solucionar el conflicto de las terrazas o la ampliaci\\u00f3n de la declaraci\\u00f3n como Zona de Gran Afluencia Tur\\u00edstica (ZGAT) del centro\",\"inLanguage\":\"es-ES\",\"isPartOf\":{\"@id\":\"https:\\\/\\\/eldigitaldeasturias.com\\\/magazine365\\\/#website\"},\"breadcrumb\":{\"@id\":\"https:\\\/\\\/eldigitaldeasturias.com\\\/magazine365\\\/los-hosteleros-apuestan-por-ampliar-la-zona-de-gran-afluencia-turistica-para-malaga\\\/#breadcrumblist\"},\"author\":{\"@id\":\"https:\\\/\\\/eldigitaldeasturias.com\\\/magazine365\\\/author\\\/admin\\\/#author\"},\"creator\":{\"@id\":\"https:\\\/\\\/eldigitaldeasturias.com\\\/magazine365\\\/author\\\/admin\\\/#author\"},\"image\":{\"@type\":\"ImageObject\",\"url\":\"https:\\\/\\\/eldigitaldeasturias.com\\\/magazine365\\\/wp-content\\\/uploads\\\/2016\\\/05\\\/fotonoticia_20160518154434_800.jpg\",\"@id\":\"https:\\\/\\\/eldigitaldeasturias.com\\\/magazine365\\\/los-hosteleros-apuestan-por-ampliar-la-zona-de-gran-afluencia-turistica-para-malaga\\\/#mainImage\",\"width\":800,\"height\":533},\"primaryImageOfPage\":{\"@id\":\"https:\\\/\\\/eldigitaldeasturias.com\\\/magazine365\\\/los-hosteleros-apuestan-por-ampliar-la-zona-de-gran-afluencia-turistica-para-malaga\\\/#mainImage\"},\"datePublished\":\"2016-05-21T04:04:21+02:00\",\"dateModified\":\"2016-05-21T04:04:21+02:00\"},{\"@type\":\"WebSite\",\"@id\":\"https:\\\/\\\/eldigitaldeasturias.com\\\/magazine365\\\/#website\",\"url\":\"https:\\\/\\\/eldigitaldeasturias.com\\\/magazine365\\\/\",\"name\":\"El Digital de Asturias\",\"description\":\"Revista de ocio, turismo y estilo de vida\",\"inLanguage\":\"es-ES\",\"publisher\":{\"@id\":\"https:\\\/\\\/eldigitaldeasturias.com\\\/magazine365\\\/#organization\"}}]}\n\t\t<\/script>\n\t\t<!-- All in One SEO Pro -->\r\n\t\t<title>Los hosteleros apuestan por ampliar la Zona de Gran Afluencia Tur\u00edstica para M\u00e1laga | El Digital de Asturias<\/title>\n\n","aioseo_head_json":{"title":"Los hosteleros apuestan por ampliar la Zona de Gran Afluencia Tur\u00edstica para M\u00e1laga | El Digital de Asturias","description":"La asociaci\u00f3n de hosteleros Mahos-Amares, surgida tras la uni\u00f3n de la Asociaci\u00f3n de Hosteleros de M\u00e1laga (Mahos) y la Asociaci\u00f3n Malague\u00f1a de Restauradores (Amares) se marca entre sus retos a corto y medio plazo solucionar el conflicto de las terrazas o la ampliaci\u00f3n de la declaraci\u00f3n como Zona de Gran Afluencia Tur\u00edstica (ZGAT) del centro","canonical_url":"https:\/\/eldigitaldeasturias.com\/magazine365\/los-hosteleros-apuestan-por-ampliar-la-zona-de-gran-afluencia-turistica-para-malaga\/","robots":"max-image-preview:large","keywords":"noticias y actualidad","webmasterTools":{"google-site-verification":"UA-38556648-1","miscellaneous":""},"schema":{"@context":"https:\/\/schema.org","@graph":[{"@type":"Article","@id":"https:\/\/eldigitaldeasturias.com\/magazine365\/los-hosteleros-apuestan-por-ampliar-la-zona-de-gran-afluencia-turistica-para-malaga\/#article","name":"Los hosteleros apuestan por ampliar la Zona de Gran Afluencia Tur\u00edstica para M\u00e1laga | El Digital de Asturias","headline":"Los hosteleros apuestan por ampliar la Zona de Gran Afluencia Tur\u00edstica para M\u00e1laga","author":{"@id":"https:\/\/eldigitaldeasturias.com\/magazine365\/author\/admin\/#author"},"publisher":{"@id":"https:\/\/eldigitaldeasturias.com\/magazine365\/#organization"},"image":{"@type":"ImageObject","url":"https:\/\/eldigitaldeasturias.com\/magazine365\/wp-content\/uploads\/2016\/05\/fotonoticia_20160518154434_800.jpg","width":800,"height":533},"datePublished":"2016-05-21T04:04:21+02:00","dateModified":"2016-05-21T04:04:21+02:00","inLanguage":"es-ES","mainEntityOfPage":{"@id":"https:\/\/eldigitaldeasturias.com\/magazine365\/los-hosteleros-apuestan-por-ampliar-la-zona-de-gran-afluencia-turistica-para-malaga\/#webpage"},"isPartOf":{"@id":"https:\/\/eldigitaldeasturias.com\/magazine365\/los-hosteleros-apuestan-por-ampliar-la-zona-de-gran-afluencia-turistica-para-malaga\/#webpage"},"articleSection":"Noticias y Actualidad"},{"@type":"BreadcrumbList","@id":"https:\/\/eldigitaldeasturias.com\/magazine365\/los-hosteleros-apuestan-por-ampliar-la-zona-de-gran-afluencia-turistica-para-malaga\/#breadcrumblist","itemListElement":[{"@type":"ListItem","@id":"https:\/\/eldigitaldeasturias.com\/magazine365#listItem","position":1,"name":"Home","item":"https:\/\/eldigitaldeasturias.com\/magazine365","nextItem":{"@type":"ListItem","@id":"https:\/\/eldigitaldeasturias.com\/magazine365\/category\/noticias-actualidad\/#listItem","name":"Noticias y Actualidad"}},{"@type":"ListItem","@id":"https:\/\/eldigitaldeasturias.com\/magazine365\/category\/noticias-actualidad\/#listItem","position":2,"name":"Noticias y Actualidad","item":"https:\/\/eldigitaldeasturias.com\/magazine365\/category\/noticias-actualidad\/","nextItem":{"@type":"ListItem","@id":"https:\/\/eldigitaldeasturias.com\/magazine365\/los-hosteleros-apuestan-por-ampliar-la-zona-de-gran-afluencia-turistica-para-malaga\/#listItem","name":"Los hosteleros apuestan por ampliar la Zona de Gran Afluencia Tur\u00edstica para M\u00e1laga"},"previousItem":{"@type":"ListItem","@id":"https:\/\/eldigitaldeasturias.com\/magazine365#listItem","name":"Home"}},{"@type":"ListItem","@id":"https:\/\/eldigitaldeasturias.com\/magazine365\/los-hosteleros-apuestan-por-ampliar-la-zona-de-gran-afluencia-turistica-para-malaga\/#listItem","position":3,"name":"Los hosteleros apuestan por ampliar la Zona de Gran Afluencia Tur\u00edstica para M\u00e1laga","previousItem":{"@type":"ListItem","@id":"https:\/\/eldigitaldeasturias.com\/magazine365\/category\/noticias-actualidad\/#listItem","name":"Noticias y Actualidad"}}]},{"@type":"Organization","@id":"https:\/\/eldigitaldeasturias.com\/magazine365\/#organization","name":"El digital de Asturias","description":"Revista de ocio, turismo y estilo de vida","url":"https:\/\/eldigitaldeasturias.com\/magazine365\/","logo":{"@type":"ImageObject","url":"https:\/\/www.eldigitaldeasturias.com\/noticias\/wp-content\/uploads\/2020\/12\/EDA.jpg","@id":"https:\/\/eldigitaldeasturias.com\/magazine365\/los-hosteleros-apuestan-por-ampliar-la-zona-de-gran-afluencia-turistica-para-malaga\/#organizationLogo"},"image":{"@id":"https:\/\/eldigitaldeasturias.com\/magazine365\/los-hosteleros-apuestan-por-ampliar-la-zona-de-gran-afluencia-turistica-para-malaga\/#organizationLogo"}},{"@type":"Person","@id":"https:\/\/eldigitaldeasturias.com\/magazine365\/author\/admin\/#author","url":"https:\/\/eldigitaldeasturias.com\/magazine365\/author\/admin\/","name":"admin","image":{"@type":"ImageObject","@id":"https:\/\/eldigitaldeasturias.com\/magazine365\/los-hosteleros-apuestan-por-ampliar-la-zona-de-gran-afluencia-turistica-para-malaga\/#authorImage","url":"https:\/\/eldigitaldeasturias.com\/magazine365\/wp-content\/litespeed\/avatar\/e571bcf59a0edd6fa6838245a470f2fe.jpg?ver=1777574230","width":96,"height":96,"caption":"admin"}},{"@type":"WebPage","@id":"https:\/\/eldigitaldeasturias.com\/magazine365\/los-hosteleros-apuestan-por-ampliar-la-zona-de-gran-afluencia-turistica-para-malaga\/#webpage","url":"https:\/\/eldigitaldeasturias.com\/magazine365\/los-hosteleros-apuestan-por-ampliar-la-zona-de-gran-afluencia-turistica-para-malaga\/","name":"Los hosteleros apuestan por ampliar la Zona de Gran Afluencia Tur\u00edstica para M\u00e1laga | El Digital de Asturias","description":"La asociaci\u00f3n de hosteleros Mahos-Amares, surgida tras la uni\u00f3n de la Asociaci\u00f3n de Hosteleros de M\u00e1laga (Mahos) y la Asociaci\u00f3n Malague\u00f1a de Restauradores (Amares) se marca entre sus retos a corto y medio plazo solucionar el conflicto de las terrazas o la ampliaci\u00f3n de la declaraci\u00f3n como Zona de Gran Afluencia Tur\u00edstica (ZGAT) del centro","inLanguage":"es-ES","isPartOf":{"@id":"https:\/\/eldigitaldeasturias.com\/magazine365\/#website"},"breadcrumb":{"@id":"https:\/\/eldigitaldeasturias.com\/magazine365\/los-hosteleros-apuestan-por-ampliar-la-zona-de-gran-afluencia-turistica-para-malaga\/#breadcrumblist"},"author":{"@id":"https:\/\/eldigitaldeasturias.com\/magazine365\/author\/admin\/#author"},"creator":{"@id":"https:\/\/eldigitaldeasturias.com\/magazine365\/author\/admin\/#author"},"image":{"@type":"ImageObject","url":"https:\/\/eldigitaldeasturias.com\/magazine365\/wp-content\/uploads\/2016\/05\/fotonoticia_20160518154434_800.jpg","@id":"https:\/\/eldigitaldeasturias.com\/magazine365\/los-hosteleros-apuestan-por-ampliar-la-zona-de-gran-afluencia-turistica-para-malaga\/#mainImage","width":800,"height":533},"primaryImageOfPage":{"@id":"https:\/\/eldigitaldeasturias.com\/magazine365\/los-hosteleros-apuestan-por-ampliar-la-zona-de-gran-afluencia-turistica-para-malaga\/#mainImage"},"datePublished":"2016-05-21T04:04:21+02:00","dateModified":"2016-05-21T04:04:21+02:00"},{"@type":"WebSite","@id":"https:\/\/eldigitaldeasturias.com\/magazine365\/#website","url":"https:\/\/eldigitaldeasturias.com\/magazine365\/","name":"El Digital de Asturias","description":"Revista de ocio, turismo y estilo de vida","inLanguage":"es-ES","publisher":{"@id":"https:\/\/eldigitaldeasturias.com\/magazine365\/#organization"}}]},"og:locale":"es_ES","og:site_name":"El Digital de Asturias \u2013 Revista de ocio, turismo y estilo de vida","og:type":"article","og:title":"Los hosteleros apuestan por ampliar la Zona de Gran Afluencia Tur\u00edstica para M\u00e1laga | El Digital de Asturias","og:description":"La asociaci\u00f3n de hosteleros Mahos-Amares, surgida tras la uni\u00f3n de la Asociaci\u00f3n de Hosteleros de M\u00e1laga (Mahos) y la Asociaci\u00f3n Malague\u00f1a de Restauradores (Amares) se marca entre sus retos a corto y medio plazo solucionar el conflicto de las terrazas o la ampliaci\u00f3n de la declaraci\u00f3n como Zona de Gran Afluencia Tur\u00edstica (ZGAT) del centro","og:url":"https:\/\/eldigitaldeasturias.com\/magazine365\/los-hosteleros-apuestan-por-ampliar-la-zona-de-gran-afluencia-turistica-para-malaga\/","og:image":"https:\/\/eldigitaldeasturias.com\/magazine365\/wp-content\/uploads\/2016\/05\/fotonoticia_20160518154434_800.jpg","og:image:secure_url":"https:\/\/eldigitaldeasturias.com\/magazine365\/wp-content\/uploads\/2016\/05\/fotonoticia_20160518154434_800.jpg","og:image:width":800,"og:image:height":533,"article:published_time":"2016-05-21T02:04:21+00:00","article:modified_time":"2016-05-21T02:04:21+00:00","twitter:card":"summary_large_image","twitter:title":"Los hosteleros apuestan por ampliar la Zona de Gran Afluencia Tur\u00edstica para M\u00e1laga | El Digital de Asturias","twitter:description":"La asociaci\u00f3n de hosteleros Mahos-Amares, surgida tras la uni\u00f3n de la Asociaci\u00f3n de Hosteleros de M\u00e1laga (Mahos) y la Asociaci\u00f3n Malague\u00f1a de Restauradores (Amares) se marca entre sus retos a corto y medio plazo solucionar el conflicto de las terrazas o la ampliaci\u00f3n de la declaraci\u00f3n como Zona de Gran Afluencia Tur\u00edstica (ZGAT) del centro","twitter:image":"https:\/\/eldigitaldeasturias.com\/magazine365\/wp-content\/uploads\/2016\/05\/fotonoticia_20160518154434_800.jpg"},"aioseo_meta_data":{"post_id":"76360","title":null,"description":null,"keywords":null,"keyphrases":null,"primary_term":null,"canonical_url":null,"og_title":null,"og_description":null,"og_object_type":"default","og_image_type":"default","og_image_url":null,"og_image_width":null,"og_image_height":null,"og_image_custom_url":null,"og_image_custom_fields":null,"og_video":null,"og_custom_url":null,"og_article_section":null,"og_article_tags":null,"twitter_use_og":false,"twitter_card":"default","twitter_image_type":"default","twitter_image_url":null,"twitter_image_custom_url":null,"twitter_image_custom_fields":null,"twitter_title":null,"twitter_description":null,"schema":{"blockGraphs":[],"customGraphs":[],"default":{"data":{"Article":[],"Course":[],"Dataset":[],"FAQPage":[],"Movie":[],"Person":[],"Product":[],"ProductReview":[],"Car":[],"Recipe":[],"Service":[],"SoftwareApplication":[],"WebPage":[]},"graphName":"","isEnabled":true},"graphs":[],"defaultGraph":"","defaultPostTypeGraph":""},"schema_type":null,"schema_type_options":null,"pillar_content":false,"robots_default":true,"robots_noindex":false,"robots_noarchive":false,"robots_nosnippet":false,"robots_nofollow":false,"robots_noimageindex":false,"robots_noodp":false,"robots_notranslate":false,"robots_max_snippet":null,"robots_max_videopreview":null,"robots_max_imagepreview":"large","priority":null,"frequency":null,"location":null,"local_seo":null,"seo_analyzer_scan_date":"2025-09-27 12:28:15","breadcrumb_settings":null,"limit_modified_date":false,"open_ai":null,"ai":null,"created":"2021-03-08 18:29:45","updated":"2025-09-27 12:28:15"},"aioseo_breadcrumb":"<div class=\"aioseo-breadcrumbs\"><span class=\"aioseo-breadcrumb\">\n\t<a href=\"https:\/\/eldigitaldeasturias.com\/magazine365\" title=\"Home\">Home<\/a>\n<\/span><span class=\"aioseo-breadcrumb-separator\">\u2013<\/span><span class=\"aioseo-breadcrumb\">\n\t<a href=\"https:\/\/eldigitaldeasturias.com\/magazine365\/category\/noticias-actualidad\/\" title=\"Noticias y Actualidad\">Noticias y Actualidad<\/a>\n<\/span><span class=\"aioseo-breadcrumb-separator\">\u2013<\/span><span class=\"aioseo-breadcrumb\">\n\t<a href=\"https:\/\/eldigitaldeasturias.com\/magazine365\/los-hosteleros-apuestan-por-ampliar-la-zona-de-gran-afluencia-turistica-para-malaga\/\" title=\"Los hosteleros apuestan por ampliar la Zona de Gran Afluencia Tur\u00edstica para M\u00e1laga\">Los hosteleros apuestan por ampliar la Zona de Gran Afluencia Tur\u00edstica para M\u00e1laga<\/a>\n<\/span><\/div>","aioseo_breadcrumb_json":[{"label":"Home","link":"https:\/\/eldigitaldeasturias.com\/magazine365"},{"label":"Noticias y Actualidad","link":"https:\/\/eldigitaldeasturias.com\/magazine365\/category\/noticias-actualidad\/"},{"label":"Los hosteleros apuestan por ampliar la Zona de Gran Afluencia Tur\u00edstica para M\u00e1laga","link":"https:\/\/eldigitaldeasturias.com\/magazine365\/los-hosteleros-apuestan-por-ampliar-la-zona-de-gran-afluencia-turistica-para-malaga\/"}],"_links":{"self":[{"href":"https:\/\/eldigitaldeasturias.com\/magazine365\/wp-json\/wp\/v2\/posts\/76360","targetHints":{"allow":["GET"]}}],"collection":[{"href":"https:\/\/eldigitaldeasturias.com\/magazine365\/wp-json\/wp\/v2\/posts"}],"about":[{"href":"https:\/\/eldigitaldeasturias.com\/magazine365\/wp-json\/wp\/v2\/types\/post"}],"author":[{"embeddable":true,"href":"https:\/\/eldigitaldeasturias.com\/magazine365\/wp-json\/wp\/v2\/users\/1"}],"replies":[{"embeddable":true,"href":"https:\/\/eldigitaldeasturias.com\/magazine365\/wp-json\/wp\/v2\/comments?post=76360"}],"version-history":[{"count":0,"href":"https:\/\/eldigitaldeasturias.com\/magazine365\/wp-json\/wp\/v2\/posts\/76360\/revisions"}],"wp:featuredmedia":[{"embeddable":true,"href":"https:\/\/eldigitaldeasturias.com\/magazine365\/wp-json\/wp\/v2\/media\/76361"}],"wp:attachment":[{"href":"https:\/\/eldigitaldeasturias.com\/magazine365\/wp-json\/wp\/v2\/media?parent=76360"}],"wp:term":[{"taxonomy":"category","embeddable":true,"href":"https:\/\/eldigitaldeasturias.com\/magazine365\/wp-json\/wp\/v2\/categories?post=76360"},{"taxonomy":"post_tag","embeddable":true,"href":"https:\/\/eldigitaldeasturias.com\/magazine365\/wp-json\/wp\/v2\/tags?post=76360"}],"curies":[{"name":"wp","href":"https:\/\/api.w.org\/{rel}","templated":true}]}}