{"id":76348,"date":"2016-05-21T04:00:15","date_gmt":"2016-05-21T02:00:15","guid":{"rendered":"http:\/\/eldigitaldeasturias.com\/magazine365\/?p=76348"},"modified":"2016-05-21T04:00:15","modified_gmt":"2016-05-21T02:00:15","slug":"sebastian-escarrer-nunca-percibimos-que-noos-fuese-una-ong-pero-tampoco-una-empresa","status":"publish","type":"post","link":"https:\/\/eldigitaldeasturias.com\/magazine365\/sebastian-escarrer-nunca-percibimos-que-noos-fuese-una-ong-pero-tampoco-una-empresa\/","title":{"rendered":"Sebasti\u00e1n Escarrer: \u00abNunca percibimos que N\u00f3os fuese una ONG pero tampoco una empresa\u00bb"},"content":{"rendered":"<p><img fetchpriority=\"high\" decoding=\"async\" class=\"alignleft size-medium wp-image-76349\" src=\"https:\/\/eldigitaldeasturias.com\/magazine365\/wp-content\/uploads\/2016\/05\/fotonoticia_20160518151946_800-360x203.jpg\" alt=\"fotonoticia_20160518151946_800\" width=\"360\" height=\"203\" srcset=\"https:\/\/eldigitaldeasturias.com\/magazine365\/wp-content\/uploads\/2016\/05\/fotonoticia_20160518151946_800-360x203.jpg 360w, https:\/\/eldigitaldeasturias.com\/magazine365\/wp-content\/uploads\/2016\/05\/fotonoticia_20160518151946_800-650x366.jpg 650w, https:\/\/eldigitaldeasturias.com\/magazine365\/wp-content\/uploads\/2016\/05\/fotonoticia_20160518151946_800-768x433.jpg 768w, https:\/\/eldigitaldeasturias.com\/magazine365\/wp-content\/uploads\/2016\/05\/fotonoticia_20160518151946_800-150x85.jpg 150w, https:\/\/eldigitaldeasturias.com\/magazine365\/wp-content\/uploads\/2016\/05\/fotonoticia_20160518151946_800-450x254.jpg 450w, https:\/\/eldigitaldeasturias.com\/magazine365\/wp-content\/uploads\/2016\/05\/fotonoticia_20160518151946_800-499x280.jpg 499w, https:\/\/eldigitaldeasturias.com\/magazine365\/wp-content\/uploads\/2016\/05\/fotonoticia_20160518151946_800-510x289.jpg 510w, https:\/\/eldigitaldeasturias.com\/magazine365\/wp-content\/uploads\/2016\/05\/fotonoticia_20160518151946_800.jpg 800w\" sizes=\"(max-width: 360px) 100vw, 360px\" \/>El consejero de Meli\u00e1 Hotels International Sebasti\u00e1n Escarrer ha manifestado que \u00abnunca percibimos\u00bb que el Instituto N\u00f3os \u00abfuese una ONG, pero tampoco una empresa\u00bb. \u00abS\u00ed sab\u00edamos que I\u00f1aki Urdangarin y Diego Torres le daban respaldo\u00bb, ha aseverado el empresario durante su declaraci\u00f3n como testigo en el juicio que se celebra en Palma por el caso N\u00f3os.<\/p>\n<p>Escarrer ha sido inquirido en concreto por la celebraci\u00f3n de los denominados Illes Balears Forum, por los que N\u00f3os percibi\u00f3 2,3 millones de euros p\u00fablicos: \u00abComo principal empresario hotelero ten\u00edamos inter\u00e9s en posicionar a Mallorca en el turismo deportivo\u00bb, ha manifestado en este sentido Escarrer, recalcando que siempre ha defendido la organizaci\u00f3n de este tipo de eventos en las islas.<\/p>\n<p>Tal y como ha recordado, particip\u00f3 en el Valencia Summit, tambi\u00e9n impulsado por N\u00f3os, \u00absupongo que invitado por Urdangarin y Torres\u00bb. \u00abFue un congreso sumamente positivo para Valencia y Espa\u00f1a puesto que aunaba turismo y grandes eventos. Como ponente tengo que dar la enhorabuena a la organizaci\u00f3n\u00bb, ha espetado.<\/p>\n<p>\u00abEn Espa\u00f1a se hac\u00edan entonces las cosas porque se pod\u00edan hacer, hab\u00eda recursos y bonanza econ\u00f3mica. Los participantes eran de primer nivel. Enriquec\u00eda a todos y se creaba conocimiento\u00bb, ha apostillado el hotelero, quien preguntado sobre si habl\u00f3 con el exduque de la posibilidad de poner en marcha una cumbre similar en Baleares, ha afirmado no recordarlo, pero s\u00ed el hecho de que el Summit \u00abcaus\u00f3 impacto\u00bb.<\/p>\n<p>En referencia a un convenio de patrocinio por el que Sa Nostra abon\u00f3 dos partidas de 50.000 euros entre 2005 y 2006 a N\u00f3os en el marco de los foros de Baleares, ha recordado haber acompa\u00f1ado a Urdangarin a la sede de la caja de ahorros, hoy integrada en el grupo Mare Nostrum, \u00abpara ayudar a que el foro se celebrase en Mallorca. No recuerdo con qui\u00e9n hablamos\u00bb.<\/p>\n<p>Sobre si se produjo alg\u00fan tipo de presi\u00f3n para que la entidad bancaria colaborase econ\u00f3micamente con N\u00f3os, ha negado tajante este extremo: \u00abNi a Sa Nostra ni a otra, siempre he cre\u00eddo en la conveniencia del foro y de lo que supuso para Baleares\u00bb.<\/p>\n","protected":false},"excerpt":{"rendered":"<p>El consejero de Meli\u00e1 Hotels International Sebasti\u00e1n Escarrer ha manifestado que \u00abnunca percibimos\u00bb que el Instituto N\u00f3os \u00abfuese una ONG, pero tampoco una empresa\u00bb. \u00abS\u00ed sab\u00edamos que I\u00f1aki Urdangarin y Diego Torres le daban respaldo\u00bb, ha aseverado el empresario durante su declaraci\u00f3n como testigo en el juicio que se celebra en Palma por el caso<\/p>\n","protected":false},"author":1,"featured_media":76349,"comment_status":"open","ping_status":"closed","sticky":false,"template":"","format":"standard","meta":{"footnotes":""},"categories":[224],"tags":[],"class_list":{"0":"post-76348","1":"post","2":"type-post","3":"status-publish","4":"format-standard","5":"has-post-thumbnail","7":"category-noticias-actualidad"},"aioseo_notices":[],"aioseo_head":"\n\t\t<!-- All in One SEO Pro 4.9.6.1 - aioseo.com -->\n\t<meta name=\"description\" content=\"El consejero de Meli\u00e1 Hotels International Sebasti\u00e1n Escarrer ha manifestado que &quot;nunca percibimos&quot; que el Instituto N\u00f3os &quot;fuese una ONG, pero tampoco una empresa&quot;. &quot;S\u00ed sab\u00edamos que I\u00f1aki Urdangarin y Diego Torres le daban respaldo&quot;, ha aseverado el empresario durante su declaraci\u00f3n como testigo en el juicio que se celebra en Palma por el caso\" \/>\n\t<meta name=\"robots\" content=\"max-image-preview:large\" \/>\n\t<meta name=\"author\" content=\"admin\"\/>\n\t<meta name=\"google-site-verification\" content=\"UA-38556648-1\" \/>\n\t<meta name=\"keywords\" content=\"noticias y actualidad\" \/>\n\t<link rel=\"canonical\" href=\"https:\/\/eldigitaldeasturias.com\/magazine365\/sebastian-escarrer-nunca-percibimos-que-noos-fuese-una-ong-pero-tampoco-una-empresa\/\" \/>\n\t<meta name=\"generator\" content=\"All in One SEO Pro (AIOSEO) 4.9.6.1\" \/>\n\t\t<meta property=\"og:locale\" content=\"es_ES\" \/>\n\t\t<meta property=\"og:site_name\" content=\"El Digital de Asturias \u2013 Revista de ocio, turismo y estilo de vida\" \/>\n\t\t<meta property=\"og:type\" content=\"article\" \/>\n\t\t<meta property=\"og:title\" content=\"Sebasti\u00e1n Escarrer: \u00abNunca percibimos que N\u00f3os fuese una ONG pero tampoco una empresa\u00bb | El Digital de Asturias\" \/>\n\t\t<meta property=\"og:description\" content=\"El consejero de Meli\u00e1 Hotels International Sebasti\u00e1n Escarrer ha manifestado que &quot;nunca percibimos&quot; que el Instituto N\u00f3os &quot;fuese una ONG, pero tampoco una empresa&quot;. &quot;S\u00ed sab\u00edamos que I\u00f1aki Urdangarin y Diego Torres le daban respaldo&quot;, ha aseverado el empresario durante su declaraci\u00f3n como testigo en el juicio que se celebra en Palma por el caso\" \/>\n\t\t<meta property=\"og:url\" content=\"https:\/\/eldigitaldeasturias.com\/magazine365\/sebastian-escarrer-nunca-percibimos-que-noos-fuese-una-ong-pero-tampoco-una-empresa\/\" \/>\n\t\t<meta property=\"og:image\" content=\"https:\/\/eldigitaldeasturias.com\/magazine365\/wp-content\/uploads\/2016\/05\/fotonoticia_20160518151946_800.jpg\" \/>\n\t\t<meta property=\"og:image:secure_url\" content=\"https:\/\/eldigitaldeasturias.com\/magazine365\/wp-content\/uploads\/2016\/05\/fotonoticia_20160518151946_800.jpg\" \/>\n\t\t<meta property=\"og:image:width\" content=\"800\" \/>\n\t\t<meta property=\"og:image:height\" content=\"451\" \/>\n\t\t<meta property=\"article:published_time\" content=\"2016-05-21T02:00:15+00:00\" \/>\n\t\t<meta property=\"article:modified_time\" content=\"2016-05-21T02:00:15+00:00\" \/>\n\t\t<meta name=\"twitter:card\" content=\"summary_large_image\" \/>\n\t\t<meta name=\"twitter:title\" content=\"Sebasti\u00e1n Escarrer: \u00abNunca percibimos que N\u00f3os fuese una ONG pero tampoco una empresa\u00bb | El Digital de Asturias\" \/>\n\t\t<meta name=\"twitter:description\" content=\"El consejero de Meli\u00e1 Hotels International Sebasti\u00e1n Escarrer ha manifestado que &quot;nunca percibimos&quot; que el Instituto N\u00f3os &quot;fuese una ONG, pero tampoco una empresa&quot;. &quot;S\u00ed sab\u00edamos que I\u00f1aki Urdangarin y Diego Torres le daban respaldo&quot;, ha aseverado el empresario durante su declaraci\u00f3n como testigo en el juicio que se celebra en Palma por el caso\" \/>\n\t\t<meta name=\"twitter:image\" content=\"https:\/\/eldigitaldeasturias.com\/magazine365\/wp-content\/uploads\/2016\/05\/fotonoticia_20160518151946_800.jpg\" \/>\n\t\t<script type=\"application\/ld+json\" class=\"aioseo-schema\">\n\t\t\t{\"@context\":\"https:\\\/\\\/schema.org\",\"@graph\":[{\"@type\":\"Article\",\"@id\":\"https:\\\/\\\/eldigitaldeasturias.com\\\/magazine365\\\/sebastian-escarrer-nunca-percibimos-que-noos-fuese-una-ong-pero-tampoco-una-empresa\\\/#article\",\"name\":\"Sebasti\\u00e1n Escarrer: \\u00abNunca percibimos que N\\u00f3os fuese una ONG pero tampoco una empresa\\u00bb | El Digital de Asturias\",\"headline\":\"Sebasti\\u00e1n Escarrer: \\u00abNunca percibimos que N\\u00f3os fuese una ONG pero tampoco una empresa\\u00bb\",\"author\":{\"@id\":\"https:\\\/\\\/eldigitaldeasturias.com\\\/magazine365\\\/author\\\/admin\\\/#author\"},\"publisher\":{\"@id\":\"https:\\\/\\\/eldigitaldeasturias.com\\\/magazine365\\\/#organization\"},\"image\":{\"@type\":\"ImageObject\",\"url\":\"https:\\\/\\\/eldigitaldeasturias.com\\\/magazine365\\\/wp-content\\\/uploads\\\/2016\\\/05\\\/fotonoticia_20160518151946_800.jpg\",\"width\":800,\"height\":451},\"datePublished\":\"2016-05-21T04:00:15+02:00\",\"dateModified\":\"2016-05-21T04:00:15+02:00\",\"inLanguage\":\"es-ES\",\"mainEntityOfPage\":{\"@id\":\"https:\\\/\\\/eldigitaldeasturias.com\\\/magazine365\\\/sebastian-escarrer-nunca-percibimos-que-noos-fuese-una-ong-pero-tampoco-una-empresa\\\/#webpage\"},\"isPartOf\":{\"@id\":\"https:\\\/\\\/eldigitaldeasturias.com\\\/magazine365\\\/sebastian-escarrer-nunca-percibimos-que-noos-fuese-una-ong-pero-tampoco-una-empresa\\\/#webpage\"},\"articleSection\":\"Noticias y Actualidad\"},{\"@type\":\"BreadcrumbList\",\"@id\":\"https:\\\/\\\/eldigitaldeasturias.com\\\/magazine365\\\/sebastian-escarrer-nunca-percibimos-que-noos-fuese-una-ong-pero-tampoco-una-empresa\\\/#breadcrumblist\",\"itemListElement\":[{\"@type\":\"ListItem\",\"@id\":\"https:\\\/\\\/eldigitaldeasturias.com\\\/magazine365#listItem\",\"position\":1,\"name\":\"Home\",\"item\":\"https:\\\/\\\/eldigitaldeasturias.com\\\/magazine365\",\"nextItem\":{\"@type\":\"ListItem\",\"@id\":\"https:\\\/\\\/eldigitaldeasturias.com\\\/magazine365\\\/category\\\/noticias-actualidad\\\/#listItem\",\"name\":\"Noticias y Actualidad\"}},{\"@type\":\"ListItem\",\"@id\":\"https:\\\/\\\/eldigitaldeasturias.com\\\/magazine365\\\/category\\\/noticias-actualidad\\\/#listItem\",\"position\":2,\"name\":\"Noticias y Actualidad\",\"item\":\"https:\\\/\\\/eldigitaldeasturias.com\\\/magazine365\\\/category\\\/noticias-actualidad\\\/\",\"nextItem\":{\"@type\":\"ListItem\",\"@id\":\"https:\\\/\\\/eldigitaldeasturias.com\\\/magazine365\\\/sebastian-escarrer-nunca-percibimos-que-noos-fuese-una-ong-pero-tampoco-una-empresa\\\/#listItem\",\"name\":\"Sebasti\\u00e1n Escarrer: \\u00abNunca percibimos que N\\u00f3os fuese una ONG pero tampoco una empresa\\u00bb\"},\"previousItem\":{\"@type\":\"ListItem\",\"@id\":\"https:\\\/\\\/eldigitaldeasturias.com\\\/magazine365#listItem\",\"name\":\"Home\"}},{\"@type\":\"ListItem\",\"@id\":\"https:\\\/\\\/eldigitaldeasturias.com\\\/magazine365\\\/sebastian-escarrer-nunca-percibimos-que-noos-fuese-una-ong-pero-tampoco-una-empresa\\\/#listItem\",\"position\":3,\"name\":\"Sebasti\\u00e1n Escarrer: \\u00abNunca percibimos que N\\u00f3os fuese una ONG pero tampoco una empresa\\u00bb\",\"previousItem\":{\"@type\":\"ListItem\",\"@id\":\"https:\\\/\\\/eldigitaldeasturias.com\\\/magazine365\\\/category\\\/noticias-actualidad\\\/#listItem\",\"name\":\"Noticias y Actualidad\"}}]},{\"@type\":\"Organization\",\"@id\":\"https:\\\/\\\/eldigitaldeasturias.com\\\/magazine365\\\/#organization\",\"name\":\"El digital de Asturias\",\"description\":\"Revista de ocio, turismo y estilo de vida\",\"url\":\"https:\\\/\\\/eldigitaldeasturias.com\\\/magazine365\\\/\",\"logo\":{\"@type\":\"ImageObject\",\"url\":\"https:\\\/\\\/www.eldigitaldeasturias.com\\\/noticias\\\/wp-content\\\/uploads\\\/2020\\\/12\\\/EDA.jpg\",\"@id\":\"https:\\\/\\\/eldigitaldeasturias.com\\\/magazine365\\\/sebastian-escarrer-nunca-percibimos-que-noos-fuese-una-ong-pero-tampoco-una-empresa\\\/#organizationLogo\"},\"image\":{\"@id\":\"https:\\\/\\\/eldigitaldeasturias.com\\\/magazine365\\\/sebastian-escarrer-nunca-percibimos-que-noos-fuese-una-ong-pero-tampoco-una-empresa\\\/#organizationLogo\"}},{\"@type\":\"Person\",\"@id\":\"https:\\\/\\\/eldigitaldeasturias.com\\\/magazine365\\\/author\\\/admin\\\/#author\",\"url\":\"https:\\\/\\\/eldigitaldeasturias.com\\\/magazine365\\\/author\\\/admin\\\/\",\"name\":\"admin\",\"image\":{\"@type\":\"ImageObject\",\"@id\":\"https:\\\/\\\/eldigitaldeasturias.com\\\/magazine365\\\/sebastian-escarrer-nunca-percibimos-que-noos-fuese-una-ong-pero-tampoco-una-empresa\\\/#authorImage\",\"url\":\"https:\\\/\\\/eldigitaldeasturias.com\\\/magazine365\\\/wp-content\\\/litespeed\\\/avatar\\\/e571bcf59a0edd6fa6838245a470f2fe.jpg?ver=1777574230\",\"width\":96,\"height\":96,\"caption\":\"admin\"}},{\"@type\":\"WebPage\",\"@id\":\"https:\\\/\\\/eldigitaldeasturias.com\\\/magazine365\\\/sebastian-escarrer-nunca-percibimos-que-noos-fuese-una-ong-pero-tampoco-una-empresa\\\/#webpage\",\"url\":\"https:\\\/\\\/eldigitaldeasturias.com\\\/magazine365\\\/sebastian-escarrer-nunca-percibimos-que-noos-fuese-una-ong-pero-tampoco-una-empresa\\\/\",\"name\":\"Sebasti\\u00e1n Escarrer: \\u00abNunca percibimos que N\\u00f3os fuese una ONG pero tampoco una empresa\\u00bb | El Digital de Asturias\",\"description\":\"El consejero de Meli\\u00e1 Hotels International Sebasti\\u00e1n Escarrer ha manifestado que \\\"nunca percibimos\\\" que el Instituto N\\u00f3os \\\"fuese una ONG, pero tampoco una empresa\\\". \\\"S\\u00ed sab\\u00edamos que I\\u00f1aki Urdangarin y Diego Torres le daban respaldo\\\", ha aseverado el empresario durante su declaraci\\u00f3n como testigo en el juicio que se celebra en Palma por el caso\",\"inLanguage\":\"es-ES\",\"isPartOf\":{\"@id\":\"https:\\\/\\\/eldigitaldeasturias.com\\\/magazine365\\\/#website\"},\"breadcrumb\":{\"@id\":\"https:\\\/\\\/eldigitaldeasturias.com\\\/magazine365\\\/sebastian-escarrer-nunca-percibimos-que-noos-fuese-una-ong-pero-tampoco-una-empresa\\\/#breadcrumblist\"},\"author\":{\"@id\":\"https:\\\/\\\/eldigitaldeasturias.com\\\/magazine365\\\/author\\\/admin\\\/#author\"},\"creator\":{\"@id\":\"https:\\\/\\\/eldigitaldeasturias.com\\\/magazine365\\\/author\\\/admin\\\/#author\"},\"image\":{\"@type\":\"ImageObject\",\"url\":\"https:\\\/\\\/eldigitaldeasturias.com\\\/magazine365\\\/wp-content\\\/uploads\\\/2016\\\/05\\\/fotonoticia_20160518151946_800.jpg\",\"@id\":\"https:\\\/\\\/eldigitaldeasturias.com\\\/magazine365\\\/sebastian-escarrer-nunca-percibimos-que-noos-fuese-una-ong-pero-tampoco-una-empresa\\\/#mainImage\",\"width\":800,\"height\":451},\"primaryImageOfPage\":{\"@id\":\"https:\\\/\\\/eldigitaldeasturias.com\\\/magazine365\\\/sebastian-escarrer-nunca-percibimos-que-noos-fuese-una-ong-pero-tampoco-una-empresa\\\/#mainImage\"},\"datePublished\":\"2016-05-21T04:00:15+02:00\",\"dateModified\":\"2016-05-21T04:00:15+02:00\"},{\"@type\":\"WebSite\",\"@id\":\"https:\\\/\\\/eldigitaldeasturias.com\\\/magazine365\\\/#website\",\"url\":\"https:\\\/\\\/eldigitaldeasturias.com\\\/magazine365\\\/\",\"name\":\"El Digital de Asturias\",\"description\":\"Revista de ocio, turismo y estilo de vida\",\"inLanguage\":\"es-ES\",\"publisher\":{\"@id\":\"https:\\\/\\\/eldigitaldeasturias.com\\\/magazine365\\\/#organization\"}}]}\n\t\t<\/script>\n\t\t<!-- All in One SEO Pro -->\r\n\t\t<title>Sebasti\u00e1n Escarrer: \u00abNunca percibimos que N\u00f3os fuese una ONG pero tampoco una empresa\u00bb | El Digital de Asturias<\/title>\n\n","aioseo_head_json":{"title":"Sebasti\u00e1n Escarrer: \u00abNunca percibimos que N\u00f3os fuese una ONG pero tampoco una empresa\u00bb | El Digital de Asturias","description":"El consejero de Meli\u00e1 Hotels International Sebasti\u00e1n Escarrer ha manifestado que \"nunca percibimos\" que el Instituto N\u00f3os \"fuese una ONG, pero tampoco una empresa\". \"S\u00ed sab\u00edamos que I\u00f1aki Urdangarin y Diego Torres le daban respaldo\", ha aseverado el empresario durante su declaraci\u00f3n como testigo en el juicio que se celebra en Palma por el caso","canonical_url":"https:\/\/eldigitaldeasturias.com\/magazine365\/sebastian-escarrer-nunca-percibimos-que-noos-fuese-una-ong-pero-tampoco-una-empresa\/","robots":"max-image-preview:large","keywords":"noticias y actualidad","webmasterTools":{"google-site-verification":"UA-38556648-1","miscellaneous":""},"schema":{"@context":"https:\/\/schema.org","@graph":[{"@type":"Article","@id":"https:\/\/eldigitaldeasturias.com\/magazine365\/sebastian-escarrer-nunca-percibimos-que-noos-fuese-una-ong-pero-tampoco-una-empresa\/#article","name":"Sebasti\u00e1n Escarrer: \u00abNunca percibimos que N\u00f3os fuese una ONG pero tampoco una empresa\u00bb | El Digital de Asturias","headline":"Sebasti\u00e1n Escarrer: \u00abNunca percibimos que N\u00f3os fuese una ONG pero tampoco una empresa\u00bb","author":{"@id":"https:\/\/eldigitaldeasturias.com\/magazine365\/author\/admin\/#author"},"publisher":{"@id":"https:\/\/eldigitaldeasturias.com\/magazine365\/#organization"},"image":{"@type":"ImageObject","url":"https:\/\/eldigitaldeasturias.com\/magazine365\/wp-content\/uploads\/2016\/05\/fotonoticia_20160518151946_800.jpg","width":800,"height":451},"datePublished":"2016-05-21T04:00:15+02:00","dateModified":"2016-05-21T04:00:15+02:00","inLanguage":"es-ES","mainEntityOfPage":{"@id":"https:\/\/eldigitaldeasturias.com\/magazine365\/sebastian-escarrer-nunca-percibimos-que-noos-fuese-una-ong-pero-tampoco-una-empresa\/#webpage"},"isPartOf":{"@id":"https:\/\/eldigitaldeasturias.com\/magazine365\/sebastian-escarrer-nunca-percibimos-que-noos-fuese-una-ong-pero-tampoco-una-empresa\/#webpage"},"articleSection":"Noticias y Actualidad"},{"@type":"BreadcrumbList","@id":"https:\/\/eldigitaldeasturias.com\/magazine365\/sebastian-escarrer-nunca-percibimos-que-noos-fuese-una-ong-pero-tampoco-una-empresa\/#breadcrumblist","itemListElement":[{"@type":"ListItem","@id":"https:\/\/eldigitaldeasturias.com\/magazine365#listItem","position":1,"name":"Home","item":"https:\/\/eldigitaldeasturias.com\/magazine365","nextItem":{"@type":"ListItem","@id":"https:\/\/eldigitaldeasturias.com\/magazine365\/category\/noticias-actualidad\/#listItem","name":"Noticias y Actualidad"}},{"@type":"ListItem","@id":"https:\/\/eldigitaldeasturias.com\/magazine365\/category\/noticias-actualidad\/#listItem","position":2,"name":"Noticias y Actualidad","item":"https:\/\/eldigitaldeasturias.com\/magazine365\/category\/noticias-actualidad\/","nextItem":{"@type":"ListItem","@id":"https:\/\/eldigitaldeasturias.com\/magazine365\/sebastian-escarrer-nunca-percibimos-que-noos-fuese-una-ong-pero-tampoco-una-empresa\/#listItem","name":"Sebasti\u00e1n Escarrer: \u00abNunca percibimos que N\u00f3os fuese una ONG pero tampoco una empresa\u00bb"},"previousItem":{"@type":"ListItem","@id":"https:\/\/eldigitaldeasturias.com\/magazine365#listItem","name":"Home"}},{"@type":"ListItem","@id":"https:\/\/eldigitaldeasturias.com\/magazine365\/sebastian-escarrer-nunca-percibimos-que-noos-fuese-una-ong-pero-tampoco-una-empresa\/#listItem","position":3,"name":"Sebasti\u00e1n Escarrer: \u00abNunca percibimos que N\u00f3os fuese una ONG pero tampoco una empresa\u00bb","previousItem":{"@type":"ListItem","@id":"https:\/\/eldigitaldeasturias.com\/magazine365\/category\/noticias-actualidad\/#listItem","name":"Noticias y Actualidad"}}]},{"@type":"Organization","@id":"https:\/\/eldigitaldeasturias.com\/magazine365\/#organization","name":"El digital de Asturias","description":"Revista de ocio, turismo y estilo de vida","url":"https:\/\/eldigitaldeasturias.com\/magazine365\/","logo":{"@type":"ImageObject","url":"https:\/\/www.eldigitaldeasturias.com\/noticias\/wp-content\/uploads\/2020\/12\/EDA.jpg","@id":"https:\/\/eldigitaldeasturias.com\/magazine365\/sebastian-escarrer-nunca-percibimos-que-noos-fuese-una-ong-pero-tampoco-una-empresa\/#organizationLogo"},"image":{"@id":"https:\/\/eldigitaldeasturias.com\/magazine365\/sebastian-escarrer-nunca-percibimos-que-noos-fuese-una-ong-pero-tampoco-una-empresa\/#organizationLogo"}},{"@type":"Person","@id":"https:\/\/eldigitaldeasturias.com\/magazine365\/author\/admin\/#author","url":"https:\/\/eldigitaldeasturias.com\/magazine365\/author\/admin\/","name":"admin","image":{"@type":"ImageObject","@id":"https:\/\/eldigitaldeasturias.com\/magazine365\/sebastian-escarrer-nunca-percibimos-que-noos-fuese-una-ong-pero-tampoco-una-empresa\/#authorImage","url":"https:\/\/eldigitaldeasturias.com\/magazine365\/wp-content\/litespeed\/avatar\/e571bcf59a0edd6fa6838245a470f2fe.jpg?ver=1777574230","width":96,"height":96,"caption":"admin"}},{"@type":"WebPage","@id":"https:\/\/eldigitaldeasturias.com\/magazine365\/sebastian-escarrer-nunca-percibimos-que-noos-fuese-una-ong-pero-tampoco-una-empresa\/#webpage","url":"https:\/\/eldigitaldeasturias.com\/magazine365\/sebastian-escarrer-nunca-percibimos-que-noos-fuese-una-ong-pero-tampoco-una-empresa\/","name":"Sebasti\u00e1n Escarrer: \u00abNunca percibimos que N\u00f3os fuese una ONG pero tampoco una empresa\u00bb | El Digital de Asturias","description":"El consejero de Meli\u00e1 Hotels International Sebasti\u00e1n Escarrer ha manifestado que \"nunca percibimos\" que el Instituto N\u00f3os \"fuese una ONG, pero tampoco una empresa\". \"S\u00ed sab\u00edamos que I\u00f1aki Urdangarin y Diego Torres le daban respaldo\", ha aseverado el empresario durante su declaraci\u00f3n como testigo en el juicio que se celebra en Palma por el caso","inLanguage":"es-ES","isPartOf":{"@id":"https:\/\/eldigitaldeasturias.com\/magazine365\/#website"},"breadcrumb":{"@id":"https:\/\/eldigitaldeasturias.com\/magazine365\/sebastian-escarrer-nunca-percibimos-que-noos-fuese-una-ong-pero-tampoco-una-empresa\/#breadcrumblist"},"author":{"@id":"https:\/\/eldigitaldeasturias.com\/magazine365\/author\/admin\/#author"},"creator":{"@id":"https:\/\/eldigitaldeasturias.com\/magazine365\/author\/admin\/#author"},"image":{"@type":"ImageObject","url":"https:\/\/eldigitaldeasturias.com\/magazine365\/wp-content\/uploads\/2016\/05\/fotonoticia_20160518151946_800.jpg","@id":"https:\/\/eldigitaldeasturias.com\/magazine365\/sebastian-escarrer-nunca-percibimos-que-noos-fuese-una-ong-pero-tampoco-una-empresa\/#mainImage","width":800,"height":451},"primaryImageOfPage":{"@id":"https:\/\/eldigitaldeasturias.com\/magazine365\/sebastian-escarrer-nunca-percibimos-que-noos-fuese-una-ong-pero-tampoco-una-empresa\/#mainImage"},"datePublished":"2016-05-21T04:00:15+02:00","dateModified":"2016-05-21T04:00:15+02:00"},{"@type":"WebSite","@id":"https:\/\/eldigitaldeasturias.com\/magazine365\/#website","url":"https:\/\/eldigitaldeasturias.com\/magazine365\/","name":"El Digital de Asturias","description":"Revista de ocio, turismo y estilo de vida","inLanguage":"es-ES","publisher":{"@id":"https:\/\/eldigitaldeasturias.com\/magazine365\/#organization"}}]},"og:locale":"es_ES","og:site_name":"El Digital de Asturias \u2013 Revista de ocio, turismo y estilo de vida","og:type":"article","og:title":"Sebasti\u00e1n Escarrer: \u00abNunca percibimos que N\u00f3os fuese una ONG pero tampoco una empresa\u00bb | El Digital de Asturias","og:description":"El consejero de Meli\u00e1 Hotels International Sebasti\u00e1n Escarrer ha manifestado que &quot;nunca percibimos&quot; que el Instituto N\u00f3os &quot;fuese una ONG, pero tampoco una empresa&quot;. &quot;S\u00ed sab\u00edamos que I\u00f1aki Urdangarin y Diego Torres le daban respaldo&quot;, ha aseverado el empresario durante su declaraci\u00f3n como testigo en el juicio que se celebra en Palma por el caso","og:url":"https:\/\/eldigitaldeasturias.com\/magazine365\/sebastian-escarrer-nunca-percibimos-que-noos-fuese-una-ong-pero-tampoco-una-empresa\/","og:image":"https:\/\/eldigitaldeasturias.com\/magazine365\/wp-content\/uploads\/2016\/05\/fotonoticia_20160518151946_800.jpg","og:image:secure_url":"https:\/\/eldigitaldeasturias.com\/magazine365\/wp-content\/uploads\/2016\/05\/fotonoticia_20160518151946_800.jpg","og:image:width":800,"og:image:height":451,"article:published_time":"2016-05-21T02:00:15+00:00","article:modified_time":"2016-05-21T02:00:15+00:00","twitter:card":"summary_large_image","twitter:title":"Sebasti\u00e1n Escarrer: \u00abNunca percibimos que N\u00f3os fuese una ONG pero tampoco una empresa\u00bb | El Digital de Asturias","twitter:description":"El consejero de Meli\u00e1 Hotels International Sebasti\u00e1n Escarrer ha manifestado que &quot;nunca percibimos&quot; que el Instituto N\u00f3os &quot;fuese una ONG, pero tampoco una empresa&quot;. &quot;S\u00ed sab\u00edamos que I\u00f1aki Urdangarin y Diego Torres le daban respaldo&quot;, ha aseverado el empresario durante su declaraci\u00f3n como testigo en el juicio que se celebra en Palma por el caso","twitter:image":"https:\/\/eldigitaldeasturias.com\/magazine365\/wp-content\/uploads\/2016\/05\/fotonoticia_20160518151946_800.jpg"},"aioseo_meta_data":{"post_id":"76348","title":null,"description":null,"keywords":null,"keyphrases":null,"primary_term":null,"canonical_url":null,"og_title":null,"og_description":null,"og_object_type":"default","og_image_type":"default","og_image_url":null,"og_image_width":null,"og_image_height":null,"og_image_custom_url":null,"og_image_custom_fields":null,"og_video":null,"og_custom_url":null,"og_article_section":null,"og_article_tags":null,"twitter_use_og":false,"twitter_card":"default","twitter_image_type":"default","twitter_image_url":null,"twitter_image_custom_url":null,"twitter_image_custom_fields":null,"twitter_title":null,"twitter_description":null,"schema":{"blockGraphs":[],"customGraphs":[],"default":{"data":{"Article":[],"Course":[],"Dataset":[],"FAQPage":[],"Movie":[],"Person":[],"Product":[],"ProductReview":[],"Car":[],"Recipe":[],"Service":[],"SoftwareApplication":[],"WebPage":[]},"graphName":"","isEnabled":true},"graphs":[],"defaultGraph":"","defaultPostTypeGraph":""},"schema_type":null,"schema_type_options":null,"pillar_content":false,"robots_default":true,"robots_noindex":false,"robots_noarchive":false,"robots_nosnippet":false,"robots_nofollow":false,"robots_noimageindex":false,"robots_noodp":false,"robots_notranslate":false,"robots_max_snippet":null,"robots_max_videopreview":null,"robots_max_imagepreview":"large","priority":null,"frequency":null,"location":null,"local_seo":null,"seo_analyzer_scan_date":"2025-09-27 12:26:09","breadcrumb_settings":null,"limit_modified_date":false,"open_ai":null,"ai":null,"created":"2021-03-08 18:29:46","updated":"2025-09-27 12:26:09"},"aioseo_breadcrumb":"<div class=\"aioseo-breadcrumbs\"><span class=\"aioseo-breadcrumb\">\n\t<a href=\"https:\/\/eldigitaldeasturias.com\/magazine365\" title=\"Home\">Home<\/a>\n<\/span><span class=\"aioseo-breadcrumb-separator\">\u2013<\/span><span class=\"aioseo-breadcrumb\">\n\t<a href=\"https:\/\/eldigitaldeasturias.com\/magazine365\/category\/noticias-actualidad\/\" title=\"Noticias y Actualidad\">Noticias y Actualidad<\/a>\n<\/span><span class=\"aioseo-breadcrumb-separator\">\u2013<\/span><span class=\"aioseo-breadcrumb\">\n\t<a href=\"https:\/\/eldigitaldeasturias.com\/magazine365\/sebastian-escarrer-nunca-percibimos-que-noos-fuese-una-ong-pero-tampoco-una-empresa\/\" title=\"Sebasti\u00e1n Escarrer: \u00abNunca percibimos que N\u00f3os fuese una ONG pero tampoco una empresa\u00bb\">Sebasti\u00e1n Escarrer: \u00abNunca percibimos que N\u00f3os fuese una ONG pero tampoco una empresa\u00bb<\/a>\n<\/span><\/div>","aioseo_breadcrumb_json":[{"label":"Home","link":"https:\/\/eldigitaldeasturias.com\/magazine365"},{"label":"Noticias y Actualidad","link":"https:\/\/eldigitaldeasturias.com\/magazine365\/category\/noticias-actualidad\/"},{"label":"Sebasti\u00e1n Escarrer: \u00abNunca percibimos que N\u00f3os fuese una ONG pero tampoco una empresa\u00bb","link":"https:\/\/eldigitaldeasturias.com\/magazine365\/sebastian-escarrer-nunca-percibimos-que-noos-fuese-una-ong-pero-tampoco-una-empresa\/"}],"_links":{"self":[{"href":"https:\/\/eldigitaldeasturias.com\/magazine365\/wp-json\/wp\/v2\/posts\/76348","targetHints":{"allow":["GET"]}}],"collection":[{"href":"https:\/\/eldigitaldeasturias.com\/magazine365\/wp-json\/wp\/v2\/posts"}],"about":[{"href":"https:\/\/eldigitaldeasturias.com\/magazine365\/wp-json\/wp\/v2\/types\/post"}],"author":[{"embeddable":true,"href":"https:\/\/eldigitaldeasturias.com\/magazine365\/wp-json\/wp\/v2\/users\/1"}],"replies":[{"embeddable":true,"href":"https:\/\/eldigitaldeasturias.com\/magazine365\/wp-json\/wp\/v2\/comments?post=76348"}],"version-history":[{"count":0,"href":"https:\/\/eldigitaldeasturias.com\/magazine365\/wp-json\/wp\/v2\/posts\/76348\/revisions"}],"wp:featuredmedia":[{"embeddable":true,"href":"https:\/\/eldigitaldeasturias.com\/magazine365\/wp-json\/wp\/v2\/media\/76349"}],"wp:attachment":[{"href":"https:\/\/eldigitaldeasturias.com\/magazine365\/wp-json\/wp\/v2\/media?parent=76348"}],"wp:term":[{"taxonomy":"category","embeddable":true,"href":"https:\/\/eldigitaldeasturias.com\/magazine365\/wp-json\/wp\/v2\/categories?post=76348"},{"taxonomy":"post_tag","embeddable":true,"href":"https:\/\/eldigitaldeasturias.com\/magazine365\/wp-json\/wp\/v2\/tags?post=76348"}],"curies":[{"name":"wp","href":"https:\/\/api.w.org\/{rel}","templated":true}]}}