{"id":76342,"date":"2016-05-21T03:55:24","date_gmt":"2016-05-21T01:55:24","guid":{"rendered":"http:\/\/eldigitaldeasturias.com\/magazine365\/?p=76342"},"modified":"2016-05-21T03:55:24","modified_gmt":"2016-05-21T01:55:24","slug":"murcia-promueve-la-comercializacion-en-irlanda-de-paquetes-vacacionales-a-la-costa-calida","status":"publish","type":"post","link":"https:\/\/eldigitaldeasturias.com\/magazine365\/murcia-promueve-la-comercializacion-en-irlanda-de-paquetes-vacacionales-a-la-costa-calida\/","title":{"rendered":"Murcia promueve la comercializaci\u00f3n en Irlanda de paquetes vacacionales a la Costa C\u00e1lida"},"content":{"rendered":"<p><img fetchpriority=\"high\" decoding=\"async\" class=\"alignleft size-medium wp-image-76343\" src=\"https:\/\/eldigitaldeasturias.com\/magazine365\/wp-content\/uploads\/2016\/05\/fotonoticia_20160518142936_800-360x203.jpg\" alt=\"fotonoticia_20160518142936_800\" width=\"360\" height=\"203\" srcset=\"https:\/\/eldigitaldeasturias.com\/magazine365\/wp-content\/uploads\/2016\/05\/fotonoticia_20160518142936_800-360x203.jpg 360w, https:\/\/eldigitaldeasturias.com\/magazine365\/wp-content\/uploads\/2016\/05\/fotonoticia_20160518142936_800-650x366.jpg 650w, https:\/\/eldigitaldeasturias.com\/magazine365\/wp-content\/uploads\/2016\/05\/fotonoticia_20160518142936_800-768x432.jpg 768w, https:\/\/eldigitaldeasturias.com\/magazine365\/wp-content\/uploads\/2016\/05\/fotonoticia_20160518142936_800-150x84.jpg 150w, https:\/\/eldigitaldeasturias.com\/magazine365\/wp-content\/uploads\/2016\/05\/fotonoticia_20160518142936_800-450x253.jpg 450w, https:\/\/eldigitaldeasturias.com\/magazine365\/wp-content\/uploads\/2016\/05\/fotonoticia_20160518142936_800-499x280.jpg 499w, https:\/\/eldigitaldeasturias.com\/magazine365\/wp-content\/uploads\/2016\/05\/fotonoticia_20160518142936_800-510x289.jpg 510w, https:\/\/eldigitaldeasturias.com\/magazine365\/wp-content\/uploads\/2016\/05\/fotonoticia_20160518142936_800.jpg 800w\" sizes=\"(max-width: 360px) 100vw, 360px\" \/>La Consejer\u00eda de Desarrollo Econ\u00f3mico, Turismo y Empleo ha invitado a la Regi\u00f3n a representantes del turoperador irland\u00e9s Click&amp;Go.com, que han visitado los establecimientos murcianos que comercializan en su web.<\/p>\n<p>As\u00ed, han conocido m\u00e1s de 30 hoteles y apartamentos reglados ubicados en la zona de San Pedro del Pinatar, Los Alc\u00e1zares y La Manga del Mar Menor, que en la actualidad est\u00e1n incluidos en los paquetes que oferta el portal y en los que tambi\u00e9n se incluye vuelos y servicio de transfer. Adem\u00e1s, los agentes han visitado nuevos establecimientos con el objetivo de incluirlos en su cat\u00e1logo de venta.<\/p>\n<p>Esta es la primera vez que el Instituto de Turismo trabaja con el operador, que es considerado el &#8216;partner&#8217; oficial de la aerol\u00ednea Aer Lingus, la cual ofrece desde pasado 27 de marzo cuatro vuelos semanales desde Dubl\u00edn al aeropuerto de Murcia-San Javier.<\/p>\n<p>En este sentido, el director general del Instituto de Turismo, Manuel Fern\u00e1ndez-Delgado, ha explicado que \u00abse trata de una acci\u00f3n de refuerzo, que busca potenciar la comercializaci\u00f3n del destino en Irlanda y, por lo tanto, seguir dando pasos hacia la internacionalizaci\u00f3n de nuestro turismo\u00bb.<\/p>\n<p>Fern\u00e1ndez-Delgado ha anunciado que el Instituto de Turismo va a firmar un acuerdo de &#8216;co-marketing&#8217; con el objetivo de que el operador irland\u00e9s tambi\u00e9n cubra la temporada durante los meses de junio, julio y septiembre.<\/p>\n<p>Dentro de las acciones para avanzar hacia la desestacionalizaci\u00f3n del turismo regional, se ha aprovechado la visita para dar a conocer al operador la oferta senior y escolar de la Regi\u00f3n, con el fin de que la incluya en sus paquetes.<\/p>\n<p>El director de Turismo ha destacado la oferta de alojamientos con la que cuenta actualmente la Regi\u00f3n, que se materializa en 3.421 establecimientos tur\u00edsticos de todo tipo y 50.101 plazas. En este sentido, en los \u00faltimos diez a\u00f1os se han incrementado los alojamientos de 5 y 4 estrellas, que representan el 53 por ciento de la oferta hotelera.<\/p>\n<p>IRLANDA, TURISMO EN AUGE<\/p>\n<p>Irlanda es un mercado en plena expansi\u00f3n para la Regi\u00f3n, que creci\u00f3 casi un 74 por ciento en 2014 y que en 2015 ha conseguido mantener la tendencia al alza, con un incremento del 6,3 por ciento respecto al a\u00f1o anterior y llegando hasta los 32.432 viajeros. En la actualidad, el mercado irland\u00e9s supone el 3,8 por ciento del total de visitantes internacionales que llegan a la Regi\u00f3n.<\/p>\n<p>El gasto generado por estos turistas ascendi\u00f3 a los 24,4 millones de euros en 2014, casi el doble que el a\u00f1o anterior, lo cual supuso una cuota del 2,8 por ciento del gasto total de los visitantes extranjeros.<\/p>\n<p>Adem\u00e1s, Espa\u00f1a es el primer destino de turismo de ocio para los irlandeses, lo que supuso en 2015 un 2 por ciento del total de turistas extranjeros en el pa\u00eds.<\/p>\n","protected":false},"excerpt":{"rendered":"<p>La Consejer\u00eda de Desarrollo Econ\u00f3mico, Turismo y Empleo ha invitado a la Regi\u00f3n a representantes del turoperador irland\u00e9s Click&amp;Go.com, que han visitado los establecimientos murcianos que comercializan en su web. As\u00ed, han conocido m\u00e1s de 30 hoteles y apartamentos reglados ubicados en la zona de San Pedro del Pinatar, Los Alc\u00e1zares y La Manga del<\/p>\n","protected":false},"author":1,"featured_media":76343,"comment_status":"open","ping_status":"closed","sticky":false,"template":"","format":"standard","meta":{"footnotes":""},"categories":[224],"tags":[],"class_list":{"0":"post-76342","1":"post","2":"type-post","3":"status-publish","4":"format-standard","5":"has-post-thumbnail","7":"category-noticias-actualidad"},"aioseo_notices":[],"aioseo_head":"\n\t\t<!-- All in One SEO Pro 4.9.6.1 - aioseo.com -->\n\t<meta name=\"description\" content=\"La Consejer\u00eda de Desarrollo Econ\u00f3mico, Turismo y Empleo ha invitado a la Regi\u00f3n a representantes del turoperador irland\u00e9s Click&amp;Go.com, que han visitado los establecimientos murcianos que comercializan en su web. As\u00ed, han conocido m\u00e1s de 30 hoteles y apartamentos reglados ubicados en la zona de San Pedro del Pinatar, Los Alc\u00e1zares y La Manga del\" \/>\n\t<meta name=\"robots\" content=\"max-image-preview:large\" \/>\n\t<meta name=\"author\" content=\"admin\"\/>\n\t<meta name=\"google-site-verification\" content=\"UA-38556648-1\" \/>\n\t<meta name=\"keywords\" content=\"noticias y actualidad\" \/>\n\t<link rel=\"canonical\" href=\"https:\/\/eldigitaldeasturias.com\/magazine365\/murcia-promueve-la-comercializacion-en-irlanda-de-paquetes-vacacionales-a-la-costa-calida\/\" \/>\n\t<meta name=\"generator\" content=\"All in One SEO Pro (AIOSEO) 4.9.6.1\" \/>\n\t\t<meta property=\"og:locale\" content=\"es_ES\" \/>\n\t\t<meta property=\"og:site_name\" content=\"El Digital de Asturias \u2013 Revista de ocio, turismo y estilo de vida\" \/>\n\t\t<meta property=\"og:type\" content=\"article\" \/>\n\t\t<meta property=\"og:title\" content=\"Murcia promueve la comercializaci\u00f3n en Irlanda de paquetes vacacionales a la Costa C\u00e1lida | El Digital de Asturias\" \/>\n\t\t<meta property=\"og:description\" content=\"La Consejer\u00eda de Desarrollo Econ\u00f3mico, Turismo y Empleo ha invitado a la Regi\u00f3n a representantes del turoperador irland\u00e9s Click&amp;Go.com, que han visitado los establecimientos murcianos que comercializan en su web. As\u00ed, han conocido m\u00e1s de 30 hoteles y apartamentos reglados ubicados en la zona de San Pedro del Pinatar, Los Alc\u00e1zares y La Manga del\" \/>\n\t\t<meta property=\"og:url\" content=\"https:\/\/eldigitaldeasturias.com\/magazine365\/murcia-promueve-la-comercializacion-en-irlanda-de-paquetes-vacacionales-a-la-costa-calida\/\" \/>\n\t\t<meta property=\"og:image\" content=\"https:\/\/eldigitaldeasturias.com\/magazine365\/wp-content\/uploads\/2016\/05\/fotonoticia_20160518142936_800.jpg\" \/>\n\t\t<meta property=\"og:image:secure_url\" content=\"https:\/\/eldigitaldeasturias.com\/magazine365\/wp-content\/uploads\/2016\/05\/fotonoticia_20160518142936_800.jpg\" \/>\n\t\t<meta property=\"og:image:width\" content=\"800\" \/>\n\t\t<meta property=\"og:image:height\" content=\"450\" \/>\n\t\t<meta property=\"article:published_time\" content=\"2016-05-21T01:55:24+00:00\" \/>\n\t\t<meta property=\"article:modified_time\" content=\"2016-05-21T01:55:24+00:00\" \/>\n\t\t<meta name=\"twitter:card\" content=\"summary_large_image\" \/>\n\t\t<meta name=\"twitter:title\" content=\"Murcia promueve la comercializaci\u00f3n en Irlanda de paquetes vacacionales a la Costa C\u00e1lida | El Digital de Asturias\" \/>\n\t\t<meta name=\"twitter:description\" content=\"La Consejer\u00eda de Desarrollo Econ\u00f3mico, Turismo y Empleo ha invitado a la Regi\u00f3n a representantes del turoperador irland\u00e9s Click&amp;Go.com, que han visitado los establecimientos murcianos que comercializan en su web. As\u00ed, han conocido m\u00e1s de 30 hoteles y apartamentos reglados ubicados en la zona de San Pedro del Pinatar, Los Alc\u00e1zares y La Manga del\" \/>\n\t\t<meta name=\"twitter:image\" content=\"https:\/\/eldigitaldeasturias.com\/magazine365\/wp-content\/uploads\/2016\/05\/fotonoticia_20160518142936_800.jpg\" \/>\n\t\t<script type=\"application\/ld+json\" class=\"aioseo-schema\">\n\t\t\t{\"@context\":\"https:\\\/\\\/schema.org\",\"@graph\":[{\"@type\":\"Article\",\"@id\":\"https:\\\/\\\/eldigitaldeasturias.com\\\/magazine365\\\/murcia-promueve-la-comercializacion-en-irlanda-de-paquetes-vacacionales-a-la-costa-calida\\\/#article\",\"name\":\"Murcia promueve la comercializaci\\u00f3n en Irlanda de paquetes vacacionales a la Costa C\\u00e1lida | El Digital de Asturias\",\"headline\":\"Murcia promueve la comercializaci\\u00f3n en Irlanda de paquetes vacacionales a la Costa C\\u00e1lida\",\"author\":{\"@id\":\"https:\\\/\\\/eldigitaldeasturias.com\\\/magazine365\\\/author\\\/admin\\\/#author\"},\"publisher\":{\"@id\":\"https:\\\/\\\/eldigitaldeasturias.com\\\/magazine365\\\/#organization\"},\"image\":{\"@type\":\"ImageObject\",\"url\":\"https:\\\/\\\/eldigitaldeasturias.com\\\/magazine365\\\/wp-content\\\/uploads\\\/2016\\\/05\\\/fotonoticia_20160518142936_800.jpg\",\"width\":800,\"height\":450},\"datePublished\":\"2016-05-21T03:55:24+02:00\",\"dateModified\":\"2016-05-21T03:55:24+02:00\",\"inLanguage\":\"es-ES\",\"mainEntityOfPage\":{\"@id\":\"https:\\\/\\\/eldigitaldeasturias.com\\\/magazine365\\\/murcia-promueve-la-comercializacion-en-irlanda-de-paquetes-vacacionales-a-la-costa-calida\\\/#webpage\"},\"isPartOf\":{\"@id\":\"https:\\\/\\\/eldigitaldeasturias.com\\\/magazine365\\\/murcia-promueve-la-comercializacion-en-irlanda-de-paquetes-vacacionales-a-la-costa-calida\\\/#webpage\"},\"articleSection\":\"Noticias y Actualidad\"},{\"@type\":\"BreadcrumbList\",\"@id\":\"https:\\\/\\\/eldigitaldeasturias.com\\\/magazine365\\\/murcia-promueve-la-comercializacion-en-irlanda-de-paquetes-vacacionales-a-la-costa-calida\\\/#breadcrumblist\",\"itemListElement\":[{\"@type\":\"ListItem\",\"@id\":\"https:\\\/\\\/eldigitaldeasturias.com\\\/magazine365#listItem\",\"position\":1,\"name\":\"Home\",\"item\":\"https:\\\/\\\/eldigitaldeasturias.com\\\/magazine365\",\"nextItem\":{\"@type\":\"ListItem\",\"@id\":\"https:\\\/\\\/eldigitaldeasturias.com\\\/magazine365\\\/category\\\/noticias-actualidad\\\/#listItem\",\"name\":\"Noticias y Actualidad\"}},{\"@type\":\"ListItem\",\"@id\":\"https:\\\/\\\/eldigitaldeasturias.com\\\/magazine365\\\/category\\\/noticias-actualidad\\\/#listItem\",\"position\":2,\"name\":\"Noticias y Actualidad\",\"item\":\"https:\\\/\\\/eldigitaldeasturias.com\\\/magazine365\\\/category\\\/noticias-actualidad\\\/\",\"nextItem\":{\"@type\":\"ListItem\",\"@id\":\"https:\\\/\\\/eldigitaldeasturias.com\\\/magazine365\\\/murcia-promueve-la-comercializacion-en-irlanda-de-paquetes-vacacionales-a-la-costa-calida\\\/#listItem\",\"name\":\"Murcia promueve la comercializaci\\u00f3n en Irlanda de paquetes vacacionales a la Costa C\\u00e1lida\"},\"previousItem\":{\"@type\":\"ListItem\",\"@id\":\"https:\\\/\\\/eldigitaldeasturias.com\\\/magazine365#listItem\",\"name\":\"Home\"}},{\"@type\":\"ListItem\",\"@id\":\"https:\\\/\\\/eldigitaldeasturias.com\\\/magazine365\\\/murcia-promueve-la-comercializacion-en-irlanda-de-paquetes-vacacionales-a-la-costa-calida\\\/#listItem\",\"position\":3,\"name\":\"Murcia promueve la comercializaci\\u00f3n en Irlanda de paquetes vacacionales a la Costa C\\u00e1lida\",\"previousItem\":{\"@type\":\"ListItem\",\"@id\":\"https:\\\/\\\/eldigitaldeasturias.com\\\/magazine365\\\/category\\\/noticias-actualidad\\\/#listItem\",\"name\":\"Noticias y Actualidad\"}}]},{\"@type\":\"Organization\",\"@id\":\"https:\\\/\\\/eldigitaldeasturias.com\\\/magazine365\\\/#organization\",\"name\":\"El digital de Asturias\",\"description\":\"Revista de ocio, turismo y estilo de vida\",\"url\":\"https:\\\/\\\/eldigitaldeasturias.com\\\/magazine365\\\/\",\"logo\":{\"@type\":\"ImageObject\",\"url\":\"https:\\\/\\\/www.eldigitaldeasturias.com\\\/noticias\\\/wp-content\\\/uploads\\\/2020\\\/12\\\/EDA.jpg\",\"@id\":\"https:\\\/\\\/eldigitaldeasturias.com\\\/magazine365\\\/murcia-promueve-la-comercializacion-en-irlanda-de-paquetes-vacacionales-a-la-costa-calida\\\/#organizationLogo\"},\"image\":{\"@id\":\"https:\\\/\\\/eldigitaldeasturias.com\\\/magazine365\\\/murcia-promueve-la-comercializacion-en-irlanda-de-paquetes-vacacionales-a-la-costa-calida\\\/#organizationLogo\"}},{\"@type\":\"Person\",\"@id\":\"https:\\\/\\\/eldigitaldeasturias.com\\\/magazine365\\\/author\\\/admin\\\/#author\",\"url\":\"https:\\\/\\\/eldigitaldeasturias.com\\\/magazine365\\\/author\\\/admin\\\/\",\"name\":\"admin\",\"image\":{\"@type\":\"ImageObject\",\"@id\":\"https:\\\/\\\/eldigitaldeasturias.com\\\/magazine365\\\/murcia-promueve-la-comercializacion-en-irlanda-de-paquetes-vacacionales-a-la-costa-calida\\\/#authorImage\",\"url\":\"https:\\\/\\\/eldigitaldeasturias.com\\\/magazine365\\\/wp-content\\\/litespeed\\\/avatar\\\/e571bcf59a0edd6fa6838245a470f2fe.jpg?ver=1777574230\",\"width\":96,\"height\":96,\"caption\":\"admin\"}},{\"@type\":\"WebPage\",\"@id\":\"https:\\\/\\\/eldigitaldeasturias.com\\\/magazine365\\\/murcia-promueve-la-comercializacion-en-irlanda-de-paquetes-vacacionales-a-la-costa-calida\\\/#webpage\",\"url\":\"https:\\\/\\\/eldigitaldeasturias.com\\\/magazine365\\\/murcia-promueve-la-comercializacion-en-irlanda-de-paquetes-vacacionales-a-la-costa-calida\\\/\",\"name\":\"Murcia promueve la comercializaci\\u00f3n en Irlanda de paquetes vacacionales a la Costa C\\u00e1lida | El Digital de Asturias\",\"description\":\"La Consejer\\u00eda de Desarrollo Econ\\u00f3mico, Turismo y Empleo ha invitado a la Regi\\u00f3n a representantes del turoperador irland\\u00e9s Click&Go.com, que han visitado los establecimientos murcianos que comercializan en su web. As\\u00ed, han conocido m\\u00e1s de 30 hoteles y apartamentos reglados ubicados en la zona de San Pedro del Pinatar, Los Alc\\u00e1zares y La Manga del\",\"inLanguage\":\"es-ES\",\"isPartOf\":{\"@id\":\"https:\\\/\\\/eldigitaldeasturias.com\\\/magazine365\\\/#website\"},\"breadcrumb\":{\"@id\":\"https:\\\/\\\/eldigitaldeasturias.com\\\/magazine365\\\/murcia-promueve-la-comercializacion-en-irlanda-de-paquetes-vacacionales-a-la-costa-calida\\\/#breadcrumblist\"},\"author\":{\"@id\":\"https:\\\/\\\/eldigitaldeasturias.com\\\/magazine365\\\/author\\\/admin\\\/#author\"},\"creator\":{\"@id\":\"https:\\\/\\\/eldigitaldeasturias.com\\\/magazine365\\\/author\\\/admin\\\/#author\"},\"image\":{\"@type\":\"ImageObject\",\"url\":\"https:\\\/\\\/eldigitaldeasturias.com\\\/magazine365\\\/wp-content\\\/uploads\\\/2016\\\/05\\\/fotonoticia_20160518142936_800.jpg\",\"@id\":\"https:\\\/\\\/eldigitaldeasturias.com\\\/magazine365\\\/murcia-promueve-la-comercializacion-en-irlanda-de-paquetes-vacacionales-a-la-costa-calida\\\/#mainImage\",\"width\":800,\"height\":450},\"primaryImageOfPage\":{\"@id\":\"https:\\\/\\\/eldigitaldeasturias.com\\\/magazine365\\\/murcia-promueve-la-comercializacion-en-irlanda-de-paquetes-vacacionales-a-la-costa-calida\\\/#mainImage\"},\"datePublished\":\"2016-05-21T03:55:24+02:00\",\"dateModified\":\"2016-05-21T03:55:24+02:00\"},{\"@type\":\"WebSite\",\"@id\":\"https:\\\/\\\/eldigitaldeasturias.com\\\/magazine365\\\/#website\",\"url\":\"https:\\\/\\\/eldigitaldeasturias.com\\\/magazine365\\\/\",\"name\":\"El Digital de Asturias\",\"description\":\"Revista de ocio, turismo y estilo de vida\",\"inLanguage\":\"es-ES\",\"publisher\":{\"@id\":\"https:\\\/\\\/eldigitaldeasturias.com\\\/magazine365\\\/#organization\"}}]}\n\t\t<\/script>\n\t\t<!-- All in One SEO Pro -->\r\n\t\t<title>Murcia promueve la comercializaci\u00f3n en Irlanda de paquetes vacacionales a la Costa C\u00e1lida | El Digital de Asturias<\/title>\n\n","aioseo_head_json":{"title":"Murcia promueve la comercializaci\u00f3n en Irlanda de paquetes vacacionales a la Costa C\u00e1lida | El Digital de Asturias","description":"La Consejer\u00eda de Desarrollo Econ\u00f3mico, Turismo y Empleo ha invitado a la Regi\u00f3n a representantes del turoperador irland\u00e9s Click&Go.com, que han visitado los establecimientos murcianos que comercializan en su web. As\u00ed, han conocido m\u00e1s de 30 hoteles y apartamentos reglados ubicados en la zona de San Pedro del Pinatar, Los Alc\u00e1zares y La Manga del","canonical_url":"https:\/\/eldigitaldeasturias.com\/magazine365\/murcia-promueve-la-comercializacion-en-irlanda-de-paquetes-vacacionales-a-la-costa-calida\/","robots":"max-image-preview:large","keywords":"noticias y actualidad","webmasterTools":{"google-site-verification":"UA-38556648-1","miscellaneous":""},"schema":{"@context":"https:\/\/schema.org","@graph":[{"@type":"Article","@id":"https:\/\/eldigitaldeasturias.com\/magazine365\/murcia-promueve-la-comercializacion-en-irlanda-de-paquetes-vacacionales-a-la-costa-calida\/#article","name":"Murcia promueve la comercializaci\u00f3n en Irlanda de paquetes vacacionales a la Costa C\u00e1lida | El Digital de Asturias","headline":"Murcia promueve la comercializaci\u00f3n en Irlanda de paquetes vacacionales a la Costa C\u00e1lida","author":{"@id":"https:\/\/eldigitaldeasturias.com\/magazine365\/author\/admin\/#author"},"publisher":{"@id":"https:\/\/eldigitaldeasturias.com\/magazine365\/#organization"},"image":{"@type":"ImageObject","url":"https:\/\/eldigitaldeasturias.com\/magazine365\/wp-content\/uploads\/2016\/05\/fotonoticia_20160518142936_800.jpg","width":800,"height":450},"datePublished":"2016-05-21T03:55:24+02:00","dateModified":"2016-05-21T03:55:24+02:00","inLanguage":"es-ES","mainEntityOfPage":{"@id":"https:\/\/eldigitaldeasturias.com\/magazine365\/murcia-promueve-la-comercializacion-en-irlanda-de-paquetes-vacacionales-a-la-costa-calida\/#webpage"},"isPartOf":{"@id":"https:\/\/eldigitaldeasturias.com\/magazine365\/murcia-promueve-la-comercializacion-en-irlanda-de-paquetes-vacacionales-a-la-costa-calida\/#webpage"},"articleSection":"Noticias y Actualidad"},{"@type":"BreadcrumbList","@id":"https:\/\/eldigitaldeasturias.com\/magazine365\/murcia-promueve-la-comercializacion-en-irlanda-de-paquetes-vacacionales-a-la-costa-calida\/#breadcrumblist","itemListElement":[{"@type":"ListItem","@id":"https:\/\/eldigitaldeasturias.com\/magazine365#listItem","position":1,"name":"Home","item":"https:\/\/eldigitaldeasturias.com\/magazine365","nextItem":{"@type":"ListItem","@id":"https:\/\/eldigitaldeasturias.com\/magazine365\/category\/noticias-actualidad\/#listItem","name":"Noticias y Actualidad"}},{"@type":"ListItem","@id":"https:\/\/eldigitaldeasturias.com\/magazine365\/category\/noticias-actualidad\/#listItem","position":2,"name":"Noticias y Actualidad","item":"https:\/\/eldigitaldeasturias.com\/magazine365\/category\/noticias-actualidad\/","nextItem":{"@type":"ListItem","@id":"https:\/\/eldigitaldeasturias.com\/magazine365\/murcia-promueve-la-comercializacion-en-irlanda-de-paquetes-vacacionales-a-la-costa-calida\/#listItem","name":"Murcia promueve la comercializaci\u00f3n en Irlanda de paquetes vacacionales a la Costa C\u00e1lida"},"previousItem":{"@type":"ListItem","@id":"https:\/\/eldigitaldeasturias.com\/magazine365#listItem","name":"Home"}},{"@type":"ListItem","@id":"https:\/\/eldigitaldeasturias.com\/magazine365\/murcia-promueve-la-comercializacion-en-irlanda-de-paquetes-vacacionales-a-la-costa-calida\/#listItem","position":3,"name":"Murcia promueve la comercializaci\u00f3n en Irlanda de paquetes vacacionales a la Costa C\u00e1lida","previousItem":{"@type":"ListItem","@id":"https:\/\/eldigitaldeasturias.com\/magazine365\/category\/noticias-actualidad\/#listItem","name":"Noticias y Actualidad"}}]},{"@type":"Organization","@id":"https:\/\/eldigitaldeasturias.com\/magazine365\/#organization","name":"El digital de Asturias","description":"Revista de ocio, turismo y estilo de vida","url":"https:\/\/eldigitaldeasturias.com\/magazine365\/","logo":{"@type":"ImageObject","url":"https:\/\/www.eldigitaldeasturias.com\/noticias\/wp-content\/uploads\/2020\/12\/EDA.jpg","@id":"https:\/\/eldigitaldeasturias.com\/magazine365\/murcia-promueve-la-comercializacion-en-irlanda-de-paquetes-vacacionales-a-la-costa-calida\/#organizationLogo"},"image":{"@id":"https:\/\/eldigitaldeasturias.com\/magazine365\/murcia-promueve-la-comercializacion-en-irlanda-de-paquetes-vacacionales-a-la-costa-calida\/#organizationLogo"}},{"@type":"Person","@id":"https:\/\/eldigitaldeasturias.com\/magazine365\/author\/admin\/#author","url":"https:\/\/eldigitaldeasturias.com\/magazine365\/author\/admin\/","name":"admin","image":{"@type":"ImageObject","@id":"https:\/\/eldigitaldeasturias.com\/magazine365\/murcia-promueve-la-comercializacion-en-irlanda-de-paquetes-vacacionales-a-la-costa-calida\/#authorImage","url":"https:\/\/eldigitaldeasturias.com\/magazine365\/wp-content\/litespeed\/avatar\/e571bcf59a0edd6fa6838245a470f2fe.jpg?ver=1777574230","width":96,"height":96,"caption":"admin"}},{"@type":"WebPage","@id":"https:\/\/eldigitaldeasturias.com\/magazine365\/murcia-promueve-la-comercializacion-en-irlanda-de-paquetes-vacacionales-a-la-costa-calida\/#webpage","url":"https:\/\/eldigitaldeasturias.com\/magazine365\/murcia-promueve-la-comercializacion-en-irlanda-de-paquetes-vacacionales-a-la-costa-calida\/","name":"Murcia promueve la comercializaci\u00f3n en Irlanda de paquetes vacacionales a la Costa C\u00e1lida | El Digital de Asturias","description":"La Consejer\u00eda de Desarrollo Econ\u00f3mico, Turismo y Empleo ha invitado a la Regi\u00f3n a representantes del turoperador irland\u00e9s Click&Go.com, que han visitado los establecimientos murcianos que comercializan en su web. As\u00ed, han conocido m\u00e1s de 30 hoteles y apartamentos reglados ubicados en la zona de San Pedro del Pinatar, Los Alc\u00e1zares y La Manga del","inLanguage":"es-ES","isPartOf":{"@id":"https:\/\/eldigitaldeasturias.com\/magazine365\/#website"},"breadcrumb":{"@id":"https:\/\/eldigitaldeasturias.com\/magazine365\/murcia-promueve-la-comercializacion-en-irlanda-de-paquetes-vacacionales-a-la-costa-calida\/#breadcrumblist"},"author":{"@id":"https:\/\/eldigitaldeasturias.com\/magazine365\/author\/admin\/#author"},"creator":{"@id":"https:\/\/eldigitaldeasturias.com\/magazine365\/author\/admin\/#author"},"image":{"@type":"ImageObject","url":"https:\/\/eldigitaldeasturias.com\/magazine365\/wp-content\/uploads\/2016\/05\/fotonoticia_20160518142936_800.jpg","@id":"https:\/\/eldigitaldeasturias.com\/magazine365\/murcia-promueve-la-comercializacion-en-irlanda-de-paquetes-vacacionales-a-la-costa-calida\/#mainImage","width":800,"height":450},"primaryImageOfPage":{"@id":"https:\/\/eldigitaldeasturias.com\/magazine365\/murcia-promueve-la-comercializacion-en-irlanda-de-paquetes-vacacionales-a-la-costa-calida\/#mainImage"},"datePublished":"2016-05-21T03:55:24+02:00","dateModified":"2016-05-21T03:55:24+02:00"},{"@type":"WebSite","@id":"https:\/\/eldigitaldeasturias.com\/magazine365\/#website","url":"https:\/\/eldigitaldeasturias.com\/magazine365\/","name":"El Digital de Asturias","description":"Revista de ocio, turismo y estilo de vida","inLanguage":"es-ES","publisher":{"@id":"https:\/\/eldigitaldeasturias.com\/magazine365\/#organization"}}]},"og:locale":"es_ES","og:site_name":"El Digital de Asturias \u2013 Revista de ocio, turismo y estilo de vida","og:type":"article","og:title":"Murcia promueve la comercializaci\u00f3n en Irlanda de paquetes vacacionales a la Costa C\u00e1lida | El Digital de Asturias","og:description":"La Consejer\u00eda de Desarrollo Econ\u00f3mico, Turismo y Empleo ha invitado a la Regi\u00f3n a representantes del turoperador irland\u00e9s Click&amp;Go.com, que han visitado los establecimientos murcianos que comercializan en su web. As\u00ed, han conocido m\u00e1s de 30 hoteles y apartamentos reglados ubicados en la zona de San Pedro del Pinatar, Los Alc\u00e1zares y La Manga del","og:url":"https:\/\/eldigitaldeasturias.com\/magazine365\/murcia-promueve-la-comercializacion-en-irlanda-de-paquetes-vacacionales-a-la-costa-calida\/","og:image":"https:\/\/eldigitaldeasturias.com\/magazine365\/wp-content\/uploads\/2016\/05\/fotonoticia_20160518142936_800.jpg","og:image:secure_url":"https:\/\/eldigitaldeasturias.com\/magazine365\/wp-content\/uploads\/2016\/05\/fotonoticia_20160518142936_800.jpg","og:image:width":800,"og:image:height":450,"article:published_time":"2016-05-21T01:55:24+00:00","article:modified_time":"2016-05-21T01:55:24+00:00","twitter:card":"summary_large_image","twitter:title":"Murcia promueve la comercializaci\u00f3n en Irlanda de paquetes vacacionales a la Costa C\u00e1lida | El Digital de Asturias","twitter:description":"La Consejer\u00eda de Desarrollo Econ\u00f3mico, Turismo y Empleo ha invitado a la Regi\u00f3n a representantes del turoperador irland\u00e9s Click&amp;Go.com, que han visitado los establecimientos murcianos que comercializan en su web. As\u00ed, han conocido m\u00e1s de 30 hoteles y apartamentos reglados ubicados en la zona de San Pedro del Pinatar, Los Alc\u00e1zares y La Manga del","twitter:image":"https:\/\/eldigitaldeasturias.com\/magazine365\/wp-content\/uploads\/2016\/05\/fotonoticia_20160518142936_800.jpg"},"aioseo_meta_data":{"post_id":"76342","title":null,"description":null,"keywords":null,"keyphrases":null,"primary_term":null,"canonical_url":null,"og_title":null,"og_description":null,"og_object_type":"default","og_image_type":"default","og_image_url":null,"og_image_width":null,"og_image_height":null,"og_image_custom_url":null,"og_image_custom_fields":null,"og_video":null,"og_custom_url":null,"og_article_section":null,"og_article_tags":null,"twitter_use_og":false,"twitter_card":"default","twitter_image_type":"default","twitter_image_url":null,"twitter_image_custom_url":null,"twitter_image_custom_fields":null,"twitter_title":null,"twitter_description":null,"schema":{"blockGraphs":[],"customGraphs":[],"default":{"data":{"Article":[],"Course":[],"Dataset":[],"FAQPage":[],"Movie":[],"Person":[],"Product":[],"ProductReview":[],"Car":[],"Recipe":[],"Service":[],"SoftwareApplication":[],"WebPage":[]},"graphName":"","isEnabled":true},"graphs":[]},"schema_type":null,"schema_type_options":null,"pillar_content":false,"robots_default":true,"robots_noindex":false,"robots_noarchive":false,"robots_nosnippet":false,"robots_nofollow":false,"robots_noimageindex":false,"robots_noodp":false,"robots_notranslate":false,"robots_max_snippet":null,"robots_max_videopreview":null,"robots_max_imagepreview":"large","priority":null,"frequency":null,"location":null,"local_seo":null,"seo_analyzer_scan_date":"2025-09-27 12:26:07","breadcrumb_settings":null,"limit_modified_date":false,"open_ai":null,"ai":null,"created":"2021-03-08 18:29:46","updated":"2025-09-27 12:26:07"},"aioseo_breadcrumb":"<div class=\"aioseo-breadcrumbs\"><span class=\"aioseo-breadcrumb\">\n\t<a href=\"https:\/\/eldigitaldeasturias.com\/magazine365\" title=\"Home\">Home<\/a>\n<\/span><span class=\"aioseo-breadcrumb-separator\">\u2013<\/span><span class=\"aioseo-breadcrumb\">\n\t<a href=\"https:\/\/eldigitaldeasturias.com\/magazine365\/category\/noticias-actualidad\/\" title=\"Noticias y Actualidad\">Noticias y Actualidad<\/a>\n<\/span><span class=\"aioseo-breadcrumb-separator\">\u2013<\/span><span class=\"aioseo-breadcrumb\">\n\t<a href=\"https:\/\/eldigitaldeasturias.com\/magazine365\/murcia-promueve-la-comercializacion-en-irlanda-de-paquetes-vacacionales-a-la-costa-calida\/\" title=\"Murcia promueve la comercializaci\u00f3n en Irlanda de paquetes vacacionales a la Costa C\u00e1lida\">Murcia promueve la comercializaci\u00f3n en Irlanda de paquetes vacacionales a la Costa C\u00e1lida<\/a>\n<\/span><\/div>","aioseo_breadcrumb_json":[{"label":"Home","link":"https:\/\/eldigitaldeasturias.com\/magazine365"},{"label":"Noticias y Actualidad","link":"https:\/\/eldigitaldeasturias.com\/magazine365\/category\/noticias-actualidad\/"},{"label":"Murcia promueve la comercializaci\u00f3n en Irlanda de paquetes vacacionales a la Costa C\u00e1lida","link":"https:\/\/eldigitaldeasturias.com\/magazine365\/murcia-promueve-la-comercializacion-en-irlanda-de-paquetes-vacacionales-a-la-costa-calida\/"}],"_links":{"self":[{"href":"https:\/\/eldigitaldeasturias.com\/magazine365\/wp-json\/wp\/v2\/posts\/76342","targetHints":{"allow":["GET"]}}],"collection":[{"href":"https:\/\/eldigitaldeasturias.com\/magazine365\/wp-json\/wp\/v2\/posts"}],"about":[{"href":"https:\/\/eldigitaldeasturias.com\/magazine365\/wp-json\/wp\/v2\/types\/post"}],"author":[{"embeddable":true,"href":"https:\/\/eldigitaldeasturias.com\/magazine365\/wp-json\/wp\/v2\/users\/1"}],"replies":[{"embeddable":true,"href":"https:\/\/eldigitaldeasturias.com\/magazine365\/wp-json\/wp\/v2\/comments?post=76342"}],"version-history":[{"count":0,"href":"https:\/\/eldigitaldeasturias.com\/magazine365\/wp-json\/wp\/v2\/posts\/76342\/revisions"}],"wp:featuredmedia":[{"embeddable":true,"href":"https:\/\/eldigitaldeasturias.com\/magazine365\/wp-json\/wp\/v2\/media\/76343"}],"wp:attachment":[{"href":"https:\/\/eldigitaldeasturias.com\/magazine365\/wp-json\/wp\/v2\/media?parent=76342"}],"wp:term":[{"taxonomy":"category","embeddable":true,"href":"https:\/\/eldigitaldeasturias.com\/magazine365\/wp-json\/wp\/v2\/categories?post=76342"},{"taxonomy":"post_tag","embeddable":true,"href":"https:\/\/eldigitaldeasturias.com\/magazine365\/wp-json\/wp\/v2\/tags?post=76342"}],"curies":[{"name":"wp","href":"https:\/\/api.w.org\/{rel}","templated":true}]}}