{"id":76336,"date":"2016-05-21T03:50:10","date_gmt":"2016-05-21T01:50:10","guid":{"rendered":"http:\/\/eldigitaldeasturias.com\/magazine365\/?p=76336"},"modified":"2016-05-21T03:50:10","modified_gmt":"2016-05-21T01:50:10","slug":"la-feria-de-muestras-de-alconchel-centra-su-vigesima-edicion-en-la-dehesa-y-el-turismo-rural-activo-y-fluvial","status":"publish","type":"post","link":"https:\/\/eldigitaldeasturias.com\/magazine365\/la-feria-de-muestras-de-alconchel-centra-su-vigesima-edicion-en-la-dehesa-y-el-turismo-rural-activo-y-fluvial\/","title":{"rendered":"La Feria de Muestras de Alconchel centra su vig\u00e9sima edici\u00f3n en la dehesa y el turismo rural, activo y fluvial"},"content":{"rendered":"<p><img fetchpriority=\"high\" decoding=\"async\" class=\"alignleft size-medium wp-image-76337\" src=\"https:\/\/eldigitaldeasturias.com\/magazine365\/wp-content\/uploads\/2016\/05\/fotonoticia_20160518135938_800-360x270.jpg\" alt=\"fotonoticia_20160518135938_800\" width=\"360\" height=\"270\" srcset=\"https:\/\/eldigitaldeasturias.com\/magazine365\/wp-content\/uploads\/2016\/05\/fotonoticia_20160518135938_800-360x270.jpg 360w, https:\/\/eldigitaldeasturias.com\/magazine365\/wp-content\/uploads\/2016\/05\/fotonoticia_20160518135938_800-650x488.jpg 650w, https:\/\/eldigitaldeasturias.com\/magazine365\/wp-content\/uploads\/2016\/05\/fotonoticia_20160518135938_800-768x576.jpg 768w, https:\/\/eldigitaldeasturias.com\/magazine365\/wp-content\/uploads\/2016\/05\/fotonoticia_20160518135938_800-150x113.jpg 150w, https:\/\/eldigitaldeasturias.com\/magazine365\/wp-content\/uploads\/2016\/05\/fotonoticia_20160518135938_800-450x338.jpg 450w, https:\/\/eldigitaldeasturias.com\/magazine365\/wp-content\/uploads\/2016\/05\/fotonoticia_20160518135938_800-90x67.jpg 90w, https:\/\/eldigitaldeasturias.com\/magazine365\/wp-content\/uploads\/2016\/05\/fotonoticia_20160518135938_800-164x124.jpg 164w, https:\/\/eldigitaldeasturias.com\/magazine365\/wp-content\/uploads\/2016\/05\/fotonoticia_20160518135938_800-100x75.jpg 100w, https:\/\/eldigitaldeasturias.com\/magazine365\/wp-content\/uploads\/2016\/05\/fotonoticia_20160518135938_800.jpg 800w\" sizes=\"(max-width: 360px) 100vw, 360px\" \/>La localidad pacense de Alconchel celebrar\u00e1 del 20 al 22 de mayo la XX Feria de Muestras del municipio (Femual) y la 178\u00ba Feria Ganadera, que este a\u00f1o centra su tem\u00e1tica en la dehesa y en el turismo rural, activo y fluvial con la exposici\u00f3n de m\u00e1s de 60 cabezas de ganado o actividades de ocio y multiaventura.<\/p>\n<p>El diputado de Turismo, Lorenzo Molina, y el alcalde de Alconchel, \u00d3scar D\u00edaz, han presentado en la Diputaci\u00f3n de Badajoz esta Feria de Muestras en la que se expondr\u00e1n m\u00e1s de 60 cabezas de ganado de la comarca como la yeguada Cabeza Rubia, vacas charolesas y las ovejas merinas de la Finca La Cocosa de la instituci\u00f3n provincial, adem\u00e1s de unas 100 aves de diferentes especies.<\/p>\n<p>El regidor alconchelero ha recordado que la Feria Ganadera de Alconchel lleg\u00f3 a ser la segunda m\u00e1s importante de la regi\u00f3n en el siglo XIX junto con la de Zafra y que hoy en d\u00eda se celebra con la presencia de ganaderos y avicultores de toda la comarca en el marco de esta Feria de Muestras que contar\u00e1 con 17 artesanos y tres empresas de turismo activo, junto con la presencia de distintos ayuntamientos de la comarca de Olivenza.<\/p>\n<p>Adem\u00e1s, ha hecho hincapi\u00e9 en que tambi\u00e9n se desarrollar\u00e1n actividades relacionadas con el ocio y tiempo libre como una exposici\u00f3n de motos cl\u00e1sicas, actividades multiaventura o acu\u00e1ticas en Alqueva y un globo cautivo.<\/p>\n<p>Entre los objetivos de este certamen figura dar a conocer las potencialidades de la localidad en materia de dehesa, turismo y gastronom\u00eda y difundir sus recursos naturales, culturales o urban\u00edsticos a nivel local y comarcal.<\/p>\n<p>RIQUEZA PATRIMONIAL DE ALCONCHEL<\/p>\n<p>Por su parte, Lorenzo Molina ha mostrado el apoyo de la diputaci\u00f3n a este tipo de ferias que realizan los ayuntamientos al entender que \u00abpoco a poco\u00bb se puede conseguir \u00abentre todos\u00bb el objetivo de ofrecer paquetes tur\u00edsticos \u00abatractivos\u00bb que permita mantener a los visitantes m\u00e1s tiempo en la provincia.<\/p>\n<p>Respecto a Alconchel, ha puesto en valor su \u00abriqueza patrimonial\u00bb con el Castillo de Miraflores, la Iglesia parroquial de Nuestra Se\u00f1ora de los Remedios, la antigua c\u00e1rcel p\u00fablica que hoy en d\u00eda es un museo o el Convento de Nuestra Se\u00f1ora de la Luz, as\u00ed como su patrimonio natural o el \u00abinter\u00e9s\u00bb que supone su cercan\u00eda con Portugal y con el gran lago de Alqueva, que ha permitido potenciar el turismo en la zona.<\/p>\n","protected":false},"excerpt":{"rendered":"<p>La localidad pacense de Alconchel celebrar\u00e1 del 20 al 22 de mayo la XX Feria de Muestras del municipio (Femual) y la 178\u00ba Feria Ganadera, que este a\u00f1o centra su tem\u00e1tica en la dehesa y en el turismo rural, activo y fluvial con la exposici\u00f3n de m\u00e1s de 60 cabezas de ganado o actividades de<\/p>\n","protected":false},"author":1,"featured_media":76337,"comment_status":"open","ping_status":"closed","sticky":false,"template":"","format":"standard","meta":{"footnotes":""},"categories":[224],"tags":[],"class_list":{"0":"post-76336","1":"post","2":"type-post","3":"status-publish","4":"format-standard","5":"has-post-thumbnail","7":"category-noticias-actualidad"},"aioseo_notices":[],"aioseo_head":"\n\t\t<!-- All in One SEO Pro 4.9.6.1 - aioseo.com -->\n\t<meta name=\"description\" content=\"La localidad pacense de Alconchel celebrar\u00e1 del 20 al 22 de mayo la XX Feria de Muestras del municipio (Femual) y la 178\u00ba Feria Ganadera, que este a\u00f1o centra su tem\u00e1tica en la dehesa y en el turismo rural, activo y fluvial con la exposici\u00f3n de m\u00e1s de 60 cabezas de ganado o actividades de\" \/>\n\t<meta name=\"robots\" content=\"max-image-preview:large\" \/>\n\t<meta name=\"author\" content=\"admin\"\/>\n\t<meta name=\"google-site-verification\" content=\"UA-38556648-1\" \/>\n\t<meta name=\"keywords\" content=\"noticias y actualidad\" \/>\n\t<link rel=\"canonical\" href=\"https:\/\/eldigitaldeasturias.com\/magazine365\/la-feria-de-muestras-de-alconchel-centra-su-vigesima-edicion-en-la-dehesa-y-el-turismo-rural-activo-y-fluvial\/\" \/>\n\t<meta name=\"generator\" content=\"All in One SEO Pro (AIOSEO) 4.9.6.1\" \/>\n\t\t<meta property=\"og:locale\" content=\"es_ES\" \/>\n\t\t<meta property=\"og:site_name\" content=\"El Digital de Asturias \u2013 Revista de ocio, turismo y estilo de vida\" \/>\n\t\t<meta property=\"og:type\" content=\"article\" \/>\n\t\t<meta property=\"og:title\" content=\"La Feria de Muestras de Alconchel centra su vig\u00e9sima edici\u00f3n en la dehesa y el turismo rural, activo y fluvial | El Digital de Asturias\" \/>\n\t\t<meta property=\"og:description\" content=\"La localidad pacense de Alconchel celebrar\u00e1 del 20 al 22 de mayo la XX Feria de Muestras del municipio (Femual) y la 178\u00ba Feria Ganadera, que este a\u00f1o centra su tem\u00e1tica en la dehesa y en el turismo rural, activo y fluvial con la exposici\u00f3n de m\u00e1s de 60 cabezas de ganado o actividades de\" \/>\n\t\t<meta property=\"og:url\" content=\"https:\/\/eldigitaldeasturias.com\/magazine365\/la-feria-de-muestras-de-alconchel-centra-su-vigesima-edicion-en-la-dehesa-y-el-turismo-rural-activo-y-fluvial\/\" \/>\n\t\t<meta property=\"og:image\" content=\"https:\/\/eldigitaldeasturias.com\/magazine365\/wp-content\/uploads\/2016\/05\/fotonoticia_20160518135938_800.jpg\" \/>\n\t\t<meta property=\"og:image:secure_url\" content=\"https:\/\/eldigitaldeasturias.com\/magazine365\/wp-content\/uploads\/2016\/05\/fotonoticia_20160518135938_800.jpg\" \/>\n\t\t<meta property=\"og:image:width\" content=\"800\" \/>\n\t\t<meta property=\"og:image:height\" content=\"600\" \/>\n\t\t<meta property=\"article:published_time\" content=\"2016-05-21T01:50:10+00:00\" \/>\n\t\t<meta property=\"article:modified_time\" content=\"2016-05-21T01:50:10+00:00\" \/>\n\t\t<meta name=\"twitter:card\" content=\"summary_large_image\" \/>\n\t\t<meta name=\"twitter:title\" content=\"La Feria de Muestras de Alconchel centra su vig\u00e9sima edici\u00f3n en la dehesa y el turismo rural, activo y fluvial | El Digital de Asturias\" \/>\n\t\t<meta name=\"twitter:description\" content=\"La localidad pacense de Alconchel celebrar\u00e1 del 20 al 22 de mayo la XX Feria de Muestras del municipio (Femual) y la 178\u00ba Feria Ganadera, que este a\u00f1o centra su tem\u00e1tica en la dehesa y en el turismo rural, activo y fluvial con la exposici\u00f3n de m\u00e1s de 60 cabezas de ganado o actividades de\" \/>\n\t\t<meta name=\"twitter:image\" content=\"https:\/\/eldigitaldeasturias.com\/magazine365\/wp-content\/uploads\/2016\/05\/fotonoticia_20160518135938_800.jpg\" \/>\n\t\t<script type=\"application\/ld+json\" class=\"aioseo-schema\">\n\t\t\t{\"@context\":\"https:\\\/\\\/schema.org\",\"@graph\":[{\"@type\":\"Article\",\"@id\":\"https:\\\/\\\/eldigitaldeasturias.com\\\/magazine365\\\/la-feria-de-muestras-de-alconchel-centra-su-vigesima-edicion-en-la-dehesa-y-el-turismo-rural-activo-y-fluvial\\\/#article\",\"name\":\"La Feria de Muestras de Alconchel centra su vig\\u00e9sima edici\\u00f3n en la dehesa y el turismo rural, activo y fluvial | El Digital de Asturias\",\"headline\":\"La Feria de Muestras de Alconchel centra su vig\\u00e9sima edici\\u00f3n en la dehesa y el turismo rural, activo y fluvial\",\"author\":{\"@id\":\"https:\\\/\\\/eldigitaldeasturias.com\\\/magazine365\\\/author\\\/admin\\\/#author\"},\"publisher\":{\"@id\":\"https:\\\/\\\/eldigitaldeasturias.com\\\/magazine365\\\/#organization\"},\"image\":{\"@type\":\"ImageObject\",\"url\":\"https:\\\/\\\/eldigitaldeasturias.com\\\/magazine365\\\/wp-content\\\/uploads\\\/2016\\\/05\\\/fotonoticia_20160518135938_800.jpg\",\"width\":800,\"height\":600},\"datePublished\":\"2016-05-21T03:50:10+02:00\",\"dateModified\":\"2016-05-21T03:50:10+02:00\",\"inLanguage\":\"es-ES\",\"mainEntityOfPage\":{\"@id\":\"https:\\\/\\\/eldigitaldeasturias.com\\\/magazine365\\\/la-feria-de-muestras-de-alconchel-centra-su-vigesima-edicion-en-la-dehesa-y-el-turismo-rural-activo-y-fluvial\\\/#webpage\"},\"isPartOf\":{\"@id\":\"https:\\\/\\\/eldigitaldeasturias.com\\\/magazine365\\\/la-feria-de-muestras-de-alconchel-centra-su-vigesima-edicion-en-la-dehesa-y-el-turismo-rural-activo-y-fluvial\\\/#webpage\"},\"articleSection\":\"Noticias y Actualidad\"},{\"@type\":\"BreadcrumbList\",\"@id\":\"https:\\\/\\\/eldigitaldeasturias.com\\\/magazine365\\\/la-feria-de-muestras-de-alconchel-centra-su-vigesima-edicion-en-la-dehesa-y-el-turismo-rural-activo-y-fluvial\\\/#breadcrumblist\",\"itemListElement\":[{\"@type\":\"ListItem\",\"@id\":\"https:\\\/\\\/eldigitaldeasturias.com\\\/magazine365#listItem\",\"position\":1,\"name\":\"Home\",\"item\":\"https:\\\/\\\/eldigitaldeasturias.com\\\/magazine365\",\"nextItem\":{\"@type\":\"ListItem\",\"@id\":\"https:\\\/\\\/eldigitaldeasturias.com\\\/magazine365\\\/category\\\/noticias-actualidad\\\/#listItem\",\"name\":\"Noticias y Actualidad\"}},{\"@type\":\"ListItem\",\"@id\":\"https:\\\/\\\/eldigitaldeasturias.com\\\/magazine365\\\/category\\\/noticias-actualidad\\\/#listItem\",\"position\":2,\"name\":\"Noticias y Actualidad\",\"item\":\"https:\\\/\\\/eldigitaldeasturias.com\\\/magazine365\\\/category\\\/noticias-actualidad\\\/\",\"nextItem\":{\"@type\":\"ListItem\",\"@id\":\"https:\\\/\\\/eldigitaldeasturias.com\\\/magazine365\\\/la-feria-de-muestras-de-alconchel-centra-su-vigesima-edicion-en-la-dehesa-y-el-turismo-rural-activo-y-fluvial\\\/#listItem\",\"name\":\"La Feria de Muestras de Alconchel centra su vig\\u00e9sima edici\\u00f3n en la dehesa y el turismo rural, activo y fluvial\"},\"previousItem\":{\"@type\":\"ListItem\",\"@id\":\"https:\\\/\\\/eldigitaldeasturias.com\\\/magazine365#listItem\",\"name\":\"Home\"}},{\"@type\":\"ListItem\",\"@id\":\"https:\\\/\\\/eldigitaldeasturias.com\\\/magazine365\\\/la-feria-de-muestras-de-alconchel-centra-su-vigesima-edicion-en-la-dehesa-y-el-turismo-rural-activo-y-fluvial\\\/#listItem\",\"position\":3,\"name\":\"La Feria de Muestras de Alconchel centra su vig\\u00e9sima edici\\u00f3n en la dehesa y el turismo rural, activo y fluvial\",\"previousItem\":{\"@type\":\"ListItem\",\"@id\":\"https:\\\/\\\/eldigitaldeasturias.com\\\/magazine365\\\/category\\\/noticias-actualidad\\\/#listItem\",\"name\":\"Noticias y Actualidad\"}}]},{\"@type\":\"Organization\",\"@id\":\"https:\\\/\\\/eldigitaldeasturias.com\\\/magazine365\\\/#organization\",\"name\":\"El digital de Asturias\",\"description\":\"Revista de ocio, turismo y estilo de vida\",\"url\":\"https:\\\/\\\/eldigitaldeasturias.com\\\/magazine365\\\/\",\"logo\":{\"@type\":\"ImageObject\",\"url\":\"https:\\\/\\\/www.eldigitaldeasturias.com\\\/noticias\\\/wp-content\\\/uploads\\\/2020\\\/12\\\/EDA.jpg\",\"@id\":\"https:\\\/\\\/eldigitaldeasturias.com\\\/magazine365\\\/la-feria-de-muestras-de-alconchel-centra-su-vigesima-edicion-en-la-dehesa-y-el-turismo-rural-activo-y-fluvial\\\/#organizationLogo\"},\"image\":{\"@id\":\"https:\\\/\\\/eldigitaldeasturias.com\\\/magazine365\\\/la-feria-de-muestras-de-alconchel-centra-su-vigesima-edicion-en-la-dehesa-y-el-turismo-rural-activo-y-fluvial\\\/#organizationLogo\"}},{\"@type\":\"Person\",\"@id\":\"https:\\\/\\\/eldigitaldeasturias.com\\\/magazine365\\\/author\\\/admin\\\/#author\",\"url\":\"https:\\\/\\\/eldigitaldeasturias.com\\\/magazine365\\\/author\\\/admin\\\/\",\"name\":\"admin\",\"image\":{\"@type\":\"ImageObject\",\"@id\":\"https:\\\/\\\/eldigitaldeasturias.com\\\/magazine365\\\/la-feria-de-muestras-de-alconchel-centra-su-vigesima-edicion-en-la-dehesa-y-el-turismo-rural-activo-y-fluvial\\\/#authorImage\",\"url\":\"https:\\\/\\\/eldigitaldeasturias.com\\\/magazine365\\\/wp-content\\\/litespeed\\\/avatar\\\/e571bcf59a0edd6fa6838245a470f2fe.jpg?ver=1777574230\",\"width\":96,\"height\":96,\"caption\":\"admin\"}},{\"@type\":\"WebPage\",\"@id\":\"https:\\\/\\\/eldigitaldeasturias.com\\\/magazine365\\\/la-feria-de-muestras-de-alconchel-centra-su-vigesima-edicion-en-la-dehesa-y-el-turismo-rural-activo-y-fluvial\\\/#webpage\",\"url\":\"https:\\\/\\\/eldigitaldeasturias.com\\\/magazine365\\\/la-feria-de-muestras-de-alconchel-centra-su-vigesima-edicion-en-la-dehesa-y-el-turismo-rural-activo-y-fluvial\\\/\",\"name\":\"La Feria de Muestras de Alconchel centra su vig\\u00e9sima edici\\u00f3n en la dehesa y el turismo rural, activo y fluvial | El Digital de Asturias\",\"description\":\"La localidad pacense de Alconchel celebrar\\u00e1 del 20 al 22 de mayo la XX Feria de Muestras del municipio (Femual) y la 178\\u00ba Feria Ganadera, que este a\\u00f1o centra su tem\\u00e1tica en la dehesa y en el turismo rural, activo y fluvial con la exposici\\u00f3n de m\\u00e1s de 60 cabezas de ganado o actividades de\",\"inLanguage\":\"es-ES\",\"isPartOf\":{\"@id\":\"https:\\\/\\\/eldigitaldeasturias.com\\\/magazine365\\\/#website\"},\"breadcrumb\":{\"@id\":\"https:\\\/\\\/eldigitaldeasturias.com\\\/magazine365\\\/la-feria-de-muestras-de-alconchel-centra-su-vigesima-edicion-en-la-dehesa-y-el-turismo-rural-activo-y-fluvial\\\/#breadcrumblist\"},\"author\":{\"@id\":\"https:\\\/\\\/eldigitaldeasturias.com\\\/magazine365\\\/author\\\/admin\\\/#author\"},\"creator\":{\"@id\":\"https:\\\/\\\/eldigitaldeasturias.com\\\/magazine365\\\/author\\\/admin\\\/#author\"},\"image\":{\"@type\":\"ImageObject\",\"url\":\"https:\\\/\\\/eldigitaldeasturias.com\\\/magazine365\\\/wp-content\\\/uploads\\\/2016\\\/05\\\/fotonoticia_20160518135938_800.jpg\",\"@id\":\"https:\\\/\\\/eldigitaldeasturias.com\\\/magazine365\\\/la-feria-de-muestras-de-alconchel-centra-su-vigesima-edicion-en-la-dehesa-y-el-turismo-rural-activo-y-fluvial\\\/#mainImage\",\"width\":800,\"height\":600},\"primaryImageOfPage\":{\"@id\":\"https:\\\/\\\/eldigitaldeasturias.com\\\/magazine365\\\/la-feria-de-muestras-de-alconchel-centra-su-vigesima-edicion-en-la-dehesa-y-el-turismo-rural-activo-y-fluvial\\\/#mainImage\"},\"datePublished\":\"2016-05-21T03:50:10+02:00\",\"dateModified\":\"2016-05-21T03:50:10+02:00\"},{\"@type\":\"WebSite\",\"@id\":\"https:\\\/\\\/eldigitaldeasturias.com\\\/magazine365\\\/#website\",\"url\":\"https:\\\/\\\/eldigitaldeasturias.com\\\/magazine365\\\/\",\"name\":\"El Digital de Asturias\",\"description\":\"Revista de ocio, turismo y estilo de vida\",\"inLanguage\":\"es-ES\",\"publisher\":{\"@id\":\"https:\\\/\\\/eldigitaldeasturias.com\\\/magazine365\\\/#organization\"}}]}\n\t\t<\/script>\n\t\t<!-- All in One SEO Pro -->\r\n\t\t<title>La Feria de Muestras de Alconchel centra su vig\u00e9sima edici\u00f3n en la dehesa y el turismo rural, activo y fluvial | El Digital de Asturias<\/title>\n\n","aioseo_head_json":{"title":"La Feria de Muestras de Alconchel centra su vig\u00e9sima edici\u00f3n en la dehesa y el turismo rural, activo y fluvial | El Digital de Asturias","description":"La localidad pacense de Alconchel celebrar\u00e1 del 20 al 22 de mayo la XX Feria de Muestras del municipio (Femual) y la 178\u00ba Feria Ganadera, que este a\u00f1o centra su tem\u00e1tica en la dehesa y en el turismo rural, activo y fluvial con la exposici\u00f3n de m\u00e1s de 60 cabezas de ganado o actividades de","canonical_url":"https:\/\/eldigitaldeasturias.com\/magazine365\/la-feria-de-muestras-de-alconchel-centra-su-vigesima-edicion-en-la-dehesa-y-el-turismo-rural-activo-y-fluvial\/","robots":"max-image-preview:large","keywords":"noticias y actualidad","webmasterTools":{"google-site-verification":"UA-38556648-1","miscellaneous":""},"schema":{"@context":"https:\/\/schema.org","@graph":[{"@type":"Article","@id":"https:\/\/eldigitaldeasturias.com\/magazine365\/la-feria-de-muestras-de-alconchel-centra-su-vigesima-edicion-en-la-dehesa-y-el-turismo-rural-activo-y-fluvial\/#article","name":"La Feria de Muestras de Alconchel centra su vig\u00e9sima edici\u00f3n en la dehesa y el turismo rural, activo y fluvial | El Digital de Asturias","headline":"La Feria de Muestras de Alconchel centra su vig\u00e9sima edici\u00f3n en la dehesa y el turismo rural, activo y fluvial","author":{"@id":"https:\/\/eldigitaldeasturias.com\/magazine365\/author\/admin\/#author"},"publisher":{"@id":"https:\/\/eldigitaldeasturias.com\/magazine365\/#organization"},"image":{"@type":"ImageObject","url":"https:\/\/eldigitaldeasturias.com\/magazine365\/wp-content\/uploads\/2016\/05\/fotonoticia_20160518135938_800.jpg","width":800,"height":600},"datePublished":"2016-05-21T03:50:10+02:00","dateModified":"2016-05-21T03:50:10+02:00","inLanguage":"es-ES","mainEntityOfPage":{"@id":"https:\/\/eldigitaldeasturias.com\/magazine365\/la-feria-de-muestras-de-alconchel-centra-su-vigesima-edicion-en-la-dehesa-y-el-turismo-rural-activo-y-fluvial\/#webpage"},"isPartOf":{"@id":"https:\/\/eldigitaldeasturias.com\/magazine365\/la-feria-de-muestras-de-alconchel-centra-su-vigesima-edicion-en-la-dehesa-y-el-turismo-rural-activo-y-fluvial\/#webpage"},"articleSection":"Noticias y Actualidad"},{"@type":"BreadcrumbList","@id":"https:\/\/eldigitaldeasturias.com\/magazine365\/la-feria-de-muestras-de-alconchel-centra-su-vigesima-edicion-en-la-dehesa-y-el-turismo-rural-activo-y-fluvial\/#breadcrumblist","itemListElement":[{"@type":"ListItem","@id":"https:\/\/eldigitaldeasturias.com\/magazine365#listItem","position":1,"name":"Home","item":"https:\/\/eldigitaldeasturias.com\/magazine365","nextItem":{"@type":"ListItem","@id":"https:\/\/eldigitaldeasturias.com\/magazine365\/category\/noticias-actualidad\/#listItem","name":"Noticias y Actualidad"}},{"@type":"ListItem","@id":"https:\/\/eldigitaldeasturias.com\/magazine365\/category\/noticias-actualidad\/#listItem","position":2,"name":"Noticias y Actualidad","item":"https:\/\/eldigitaldeasturias.com\/magazine365\/category\/noticias-actualidad\/","nextItem":{"@type":"ListItem","@id":"https:\/\/eldigitaldeasturias.com\/magazine365\/la-feria-de-muestras-de-alconchel-centra-su-vigesima-edicion-en-la-dehesa-y-el-turismo-rural-activo-y-fluvial\/#listItem","name":"La Feria de Muestras de Alconchel centra su vig\u00e9sima edici\u00f3n en la dehesa y el turismo rural, activo y fluvial"},"previousItem":{"@type":"ListItem","@id":"https:\/\/eldigitaldeasturias.com\/magazine365#listItem","name":"Home"}},{"@type":"ListItem","@id":"https:\/\/eldigitaldeasturias.com\/magazine365\/la-feria-de-muestras-de-alconchel-centra-su-vigesima-edicion-en-la-dehesa-y-el-turismo-rural-activo-y-fluvial\/#listItem","position":3,"name":"La Feria de Muestras de Alconchel centra su vig\u00e9sima edici\u00f3n en la dehesa y el turismo rural, activo y fluvial","previousItem":{"@type":"ListItem","@id":"https:\/\/eldigitaldeasturias.com\/magazine365\/category\/noticias-actualidad\/#listItem","name":"Noticias y Actualidad"}}]},{"@type":"Organization","@id":"https:\/\/eldigitaldeasturias.com\/magazine365\/#organization","name":"El digital de Asturias","description":"Revista de ocio, turismo y estilo de vida","url":"https:\/\/eldigitaldeasturias.com\/magazine365\/","logo":{"@type":"ImageObject","url":"https:\/\/www.eldigitaldeasturias.com\/noticias\/wp-content\/uploads\/2020\/12\/EDA.jpg","@id":"https:\/\/eldigitaldeasturias.com\/magazine365\/la-feria-de-muestras-de-alconchel-centra-su-vigesima-edicion-en-la-dehesa-y-el-turismo-rural-activo-y-fluvial\/#organizationLogo"},"image":{"@id":"https:\/\/eldigitaldeasturias.com\/magazine365\/la-feria-de-muestras-de-alconchel-centra-su-vigesima-edicion-en-la-dehesa-y-el-turismo-rural-activo-y-fluvial\/#organizationLogo"}},{"@type":"Person","@id":"https:\/\/eldigitaldeasturias.com\/magazine365\/author\/admin\/#author","url":"https:\/\/eldigitaldeasturias.com\/magazine365\/author\/admin\/","name":"admin","image":{"@type":"ImageObject","@id":"https:\/\/eldigitaldeasturias.com\/magazine365\/la-feria-de-muestras-de-alconchel-centra-su-vigesima-edicion-en-la-dehesa-y-el-turismo-rural-activo-y-fluvial\/#authorImage","url":"https:\/\/eldigitaldeasturias.com\/magazine365\/wp-content\/litespeed\/avatar\/e571bcf59a0edd6fa6838245a470f2fe.jpg?ver=1777574230","width":96,"height":96,"caption":"admin"}},{"@type":"WebPage","@id":"https:\/\/eldigitaldeasturias.com\/magazine365\/la-feria-de-muestras-de-alconchel-centra-su-vigesima-edicion-en-la-dehesa-y-el-turismo-rural-activo-y-fluvial\/#webpage","url":"https:\/\/eldigitaldeasturias.com\/magazine365\/la-feria-de-muestras-de-alconchel-centra-su-vigesima-edicion-en-la-dehesa-y-el-turismo-rural-activo-y-fluvial\/","name":"La Feria de Muestras de Alconchel centra su vig\u00e9sima edici\u00f3n en la dehesa y el turismo rural, activo y fluvial | El Digital de Asturias","description":"La localidad pacense de Alconchel celebrar\u00e1 del 20 al 22 de mayo la XX Feria de Muestras del municipio (Femual) y la 178\u00ba Feria Ganadera, que este a\u00f1o centra su tem\u00e1tica en la dehesa y en el turismo rural, activo y fluvial con la exposici\u00f3n de m\u00e1s de 60 cabezas de ganado o actividades de","inLanguage":"es-ES","isPartOf":{"@id":"https:\/\/eldigitaldeasturias.com\/magazine365\/#website"},"breadcrumb":{"@id":"https:\/\/eldigitaldeasturias.com\/magazine365\/la-feria-de-muestras-de-alconchel-centra-su-vigesima-edicion-en-la-dehesa-y-el-turismo-rural-activo-y-fluvial\/#breadcrumblist"},"author":{"@id":"https:\/\/eldigitaldeasturias.com\/magazine365\/author\/admin\/#author"},"creator":{"@id":"https:\/\/eldigitaldeasturias.com\/magazine365\/author\/admin\/#author"},"image":{"@type":"ImageObject","url":"https:\/\/eldigitaldeasturias.com\/magazine365\/wp-content\/uploads\/2016\/05\/fotonoticia_20160518135938_800.jpg","@id":"https:\/\/eldigitaldeasturias.com\/magazine365\/la-feria-de-muestras-de-alconchel-centra-su-vigesima-edicion-en-la-dehesa-y-el-turismo-rural-activo-y-fluvial\/#mainImage","width":800,"height":600},"primaryImageOfPage":{"@id":"https:\/\/eldigitaldeasturias.com\/magazine365\/la-feria-de-muestras-de-alconchel-centra-su-vigesima-edicion-en-la-dehesa-y-el-turismo-rural-activo-y-fluvial\/#mainImage"},"datePublished":"2016-05-21T03:50:10+02:00","dateModified":"2016-05-21T03:50:10+02:00"},{"@type":"WebSite","@id":"https:\/\/eldigitaldeasturias.com\/magazine365\/#website","url":"https:\/\/eldigitaldeasturias.com\/magazine365\/","name":"El Digital de Asturias","description":"Revista de ocio, turismo y estilo de vida","inLanguage":"es-ES","publisher":{"@id":"https:\/\/eldigitaldeasturias.com\/magazine365\/#organization"}}]},"og:locale":"es_ES","og:site_name":"El Digital de Asturias \u2013 Revista de ocio, turismo y estilo de vida","og:type":"article","og:title":"La Feria de Muestras de Alconchel centra su vig\u00e9sima edici\u00f3n en la dehesa y el turismo rural, activo y fluvial | El Digital de Asturias","og:description":"La localidad pacense de Alconchel celebrar\u00e1 del 20 al 22 de mayo la XX Feria de Muestras del municipio (Femual) y la 178\u00ba Feria Ganadera, que este a\u00f1o centra su tem\u00e1tica en la dehesa y en el turismo rural, activo y fluvial con la exposici\u00f3n de m\u00e1s de 60 cabezas de ganado o actividades de","og:url":"https:\/\/eldigitaldeasturias.com\/magazine365\/la-feria-de-muestras-de-alconchel-centra-su-vigesima-edicion-en-la-dehesa-y-el-turismo-rural-activo-y-fluvial\/","og:image":"https:\/\/eldigitaldeasturias.com\/magazine365\/wp-content\/uploads\/2016\/05\/fotonoticia_20160518135938_800.jpg","og:image:secure_url":"https:\/\/eldigitaldeasturias.com\/magazine365\/wp-content\/uploads\/2016\/05\/fotonoticia_20160518135938_800.jpg","og:image:width":800,"og:image:height":600,"article:published_time":"2016-05-21T01:50:10+00:00","article:modified_time":"2016-05-21T01:50:10+00:00","twitter:card":"summary_large_image","twitter:title":"La Feria de Muestras de Alconchel centra su vig\u00e9sima edici\u00f3n en la dehesa y el turismo rural, activo y fluvial | El Digital de Asturias","twitter:description":"La localidad pacense de Alconchel celebrar\u00e1 del 20 al 22 de mayo la XX Feria de Muestras del municipio (Femual) y la 178\u00ba Feria Ganadera, que este a\u00f1o centra su tem\u00e1tica en la dehesa y en el turismo rural, activo y fluvial con la exposici\u00f3n de m\u00e1s de 60 cabezas de ganado o actividades de","twitter:image":"https:\/\/eldigitaldeasturias.com\/magazine365\/wp-content\/uploads\/2016\/05\/fotonoticia_20160518135938_800.jpg"},"aioseo_meta_data":{"post_id":"76336","title":null,"description":null,"keywords":null,"keyphrases":null,"primary_term":null,"canonical_url":null,"og_title":null,"og_description":null,"og_object_type":"default","og_image_type":"default","og_image_url":null,"og_image_width":null,"og_image_height":null,"og_image_custom_url":null,"og_image_custom_fields":null,"og_video":null,"og_custom_url":null,"og_article_section":null,"og_article_tags":null,"twitter_use_og":false,"twitter_card":"default","twitter_image_type":"default","twitter_image_url":null,"twitter_image_custom_url":null,"twitter_image_custom_fields":null,"twitter_title":null,"twitter_description":null,"schema":{"blockGraphs":[],"customGraphs":[],"default":{"data":{"Article":[],"Course":[],"Dataset":[],"FAQPage":[],"Movie":[],"Person":[],"Product":[],"ProductReview":[],"Car":[],"Recipe":[],"Service":[],"SoftwareApplication":[],"WebPage":[]},"graphName":"","isEnabled":true},"graphs":[],"defaultGraph":"","defaultPostTypeGraph":""},"schema_type":null,"schema_type_options":null,"pillar_content":false,"robots_default":true,"robots_noindex":false,"robots_noarchive":false,"robots_nosnippet":false,"robots_nofollow":false,"robots_noimageindex":false,"robots_noodp":false,"robots_notranslate":false,"robots_max_snippet":null,"robots_max_videopreview":null,"robots_max_imagepreview":"large","priority":null,"frequency":null,"location":null,"local_seo":null,"seo_analyzer_scan_date":"2025-09-27 12:23:02","breadcrumb_settings":null,"limit_modified_date":false,"open_ai":null,"ai":null,"created":"2021-03-08 18:29:46","updated":"2025-09-27 12:23:02"},"aioseo_breadcrumb":"<div class=\"aioseo-breadcrumbs\"><span class=\"aioseo-breadcrumb\">\n\t<a href=\"https:\/\/eldigitaldeasturias.com\/magazine365\" title=\"Home\">Home<\/a>\n<\/span><span class=\"aioseo-breadcrumb-separator\">\u2013<\/span><span class=\"aioseo-breadcrumb\">\n\t<a href=\"https:\/\/eldigitaldeasturias.com\/magazine365\/category\/noticias-actualidad\/\" title=\"Noticias y Actualidad\">Noticias y Actualidad<\/a>\n<\/span><span class=\"aioseo-breadcrumb-separator\">\u2013<\/span><span class=\"aioseo-breadcrumb\">\n\t<a href=\"https:\/\/eldigitaldeasturias.com\/magazine365\/la-feria-de-muestras-de-alconchel-centra-su-vigesima-edicion-en-la-dehesa-y-el-turismo-rural-activo-y-fluvial\/\" title=\"La Feria de Muestras de Alconchel centra su vig\u00e9sima edici\u00f3n en la dehesa y el turismo rural, activo y fluvial\">La Feria de Muestras de Alconchel centra su vig\u00e9sima edici\u00f3n en la dehesa y el turismo rural, activo y fluvial<\/a>\n<\/span><\/div>","aioseo_breadcrumb_json":[{"label":"Home","link":"https:\/\/eldigitaldeasturias.com\/magazine365"},{"label":"Noticias y Actualidad","link":"https:\/\/eldigitaldeasturias.com\/magazine365\/category\/noticias-actualidad\/"},{"label":"La Feria de Muestras de Alconchel centra su vig\u00e9sima edici\u00f3n en la dehesa y el turismo rural, activo y fluvial","link":"https:\/\/eldigitaldeasturias.com\/magazine365\/la-feria-de-muestras-de-alconchel-centra-su-vigesima-edicion-en-la-dehesa-y-el-turismo-rural-activo-y-fluvial\/"}],"_links":{"self":[{"href":"https:\/\/eldigitaldeasturias.com\/magazine365\/wp-json\/wp\/v2\/posts\/76336","targetHints":{"allow":["GET"]}}],"collection":[{"href":"https:\/\/eldigitaldeasturias.com\/magazine365\/wp-json\/wp\/v2\/posts"}],"about":[{"href":"https:\/\/eldigitaldeasturias.com\/magazine365\/wp-json\/wp\/v2\/types\/post"}],"author":[{"embeddable":true,"href":"https:\/\/eldigitaldeasturias.com\/magazine365\/wp-json\/wp\/v2\/users\/1"}],"replies":[{"embeddable":true,"href":"https:\/\/eldigitaldeasturias.com\/magazine365\/wp-json\/wp\/v2\/comments?post=76336"}],"version-history":[{"count":0,"href":"https:\/\/eldigitaldeasturias.com\/magazine365\/wp-json\/wp\/v2\/posts\/76336\/revisions"}],"wp:featuredmedia":[{"embeddable":true,"href":"https:\/\/eldigitaldeasturias.com\/magazine365\/wp-json\/wp\/v2\/media\/76337"}],"wp:attachment":[{"href":"https:\/\/eldigitaldeasturias.com\/magazine365\/wp-json\/wp\/v2\/media?parent=76336"}],"wp:term":[{"taxonomy":"category","embeddable":true,"href":"https:\/\/eldigitaldeasturias.com\/magazine365\/wp-json\/wp\/v2\/categories?post=76336"},{"taxonomy":"post_tag","embeddable":true,"href":"https:\/\/eldigitaldeasturias.com\/magazine365\/wp-json\/wp\/v2\/tags?post=76336"}],"curies":[{"name":"wp","href":"https:\/\/api.w.org\/{rel}","templated":true}]}}