{"id":76330,"date":"2016-05-21T03:48:17","date_gmt":"2016-05-21T01:48:17","guid":{"rendered":"http:\/\/eldigitaldeasturias.com\/magazine365\/?p=76330"},"modified":"2016-05-21T03:48:17","modified_gmt":"2016-05-21T01:48:17","slug":"mundosenior-plus-niega-haber-usado-el-nombre-del-imserso-frente-a-las-acusaciones-de-mundiplan","status":"publish","type":"post","link":"https:\/\/eldigitaldeasturias.com\/magazine365\/mundosenior-plus-niega-haber-usado-el-nombre-del-imserso-frente-a-las-acusaciones-de-mundiplan\/","title":{"rendered":"Mundosenior Plus niega haber usado el nombre del Imserso frente a las acusaciones de Mundiplan"},"content":{"rendered":"<p><img fetchpriority=\"high\" decoding=\"async\" class=\"alignleft size-medium wp-image-76331\" src=\"https:\/\/eldigitaldeasturias.com\/magazine365\/wp-content\/uploads\/2016\/05\/fotonoticia_20160518133529_800-360x270.jpg\" alt=\"fotonoticia_20160518133529_800\" width=\"360\" height=\"270\" srcset=\"https:\/\/eldigitaldeasturias.com\/magazine365\/wp-content\/uploads\/2016\/05\/fotonoticia_20160518133529_800-360x270.jpg 360w, https:\/\/eldigitaldeasturias.com\/magazine365\/wp-content\/uploads\/2016\/05\/fotonoticia_20160518133529_800-650x488.jpg 650w, https:\/\/eldigitaldeasturias.com\/magazine365\/wp-content\/uploads\/2016\/05\/fotonoticia_20160518133529_800-768x576.jpg 768w, https:\/\/eldigitaldeasturias.com\/magazine365\/wp-content\/uploads\/2016\/05\/fotonoticia_20160518133529_800-150x113.jpg 150w, https:\/\/eldigitaldeasturias.com\/magazine365\/wp-content\/uploads\/2016\/05\/fotonoticia_20160518133529_800-450x338.jpg 450w, https:\/\/eldigitaldeasturias.com\/magazine365\/wp-content\/uploads\/2016\/05\/fotonoticia_20160518133529_800-90x67.jpg 90w, https:\/\/eldigitaldeasturias.com\/magazine365\/wp-content\/uploads\/2016\/05\/fotonoticia_20160518133529_800-164x124.jpg 164w, https:\/\/eldigitaldeasturias.com\/magazine365\/wp-content\/uploads\/2016\/05\/fotonoticia_20160518133529_800-100x75.jpg 100w, https:\/\/eldigitaldeasturias.com\/magazine365\/wp-content\/uploads\/2016\/05\/fotonoticia_20160518133529_800.jpg 800w\" sizes=\"(max-width: 360px) 100vw, 360px\" \/>Mundosenior, la UTE integrada por Globalia (Viajes Halc\u00f3n) y Barcel\u00f3 (Viajes Barcel\u00f3), ha asegurado que \u00abno ha utilizado en ning\u00fan momento el nombre del Imserso\u00bb en su programa no subvencionado, denominado Mundosenior Plus, que lanz\u00f3 en noviembre para competir en el mercado de los viajes para personas mayores.<\/p>\n<p>En un comunicado, la UTE adjudicataria de los dos lotes de costa peninsular y turismo interior de los viajes del Imserso con 750.000 plazas programadas, se\u00f1ala que Mundosenior es \u00abuno de los muchos programas\u00bb de iniciativa privada para personas mayores en el mercado y asegura que en su condici\u00f3n de adjudicatario del Programa de Turismo Social del organismo \u00abcompiti\u00f3 y compite en buena lid con esos programas privados\u00bb.<\/p>\n<p>\u00abNo son ni mucho menos una novedad este a\u00f1o, sino que tienen a\u00f1os de historia en nuestro pa\u00eds y siempre han convivido sin mayor problema con el Programa de Turismo Social del Imserso. Nuestra \u00fanica forma de competir ha sido y ser\u00e1, la mejora continua y la b\u00fasqueda constante de la excelencia\u00bb, afirma.<\/p>\n<p>En esta l\u00ednea, Mundosenior sale al paso de las acusaciones de Mundiplan y se\u00f1ala que ninguno de los programas privados pueden afectar en modo alguno a la gesti\u00f3n del Programa de viajes del Imserso. Seg\u00fan Mundosenior, la licitaci\u00f3n exig\u00eda que se presentasen los contratos con lo que le resulta \u00abinexplicable\u00bb que se alegue el bloqueo de plazas por parte de qui\u00e9n present\u00f3 contratos con establecimientos hoteleros.<\/p>\n<p>A d\u00eda de hoy, 650.000 personas mayores ya han viajado con Mundosenior, que gestiona los lotes de costa peninsular e Interior del Programa de viajes del Imserso, con un \u00edndice de satisfacci\u00f3n superior al 96%, seg\u00fan datos de la UTE adjudicataria.<\/p>\n<p>MUNDIPLAN PODR\u00cdA EMPRENDER ACCIONES CONTRA EL IMSERSO.<\/p>\n<p>Mundiplan ha advertido de la posibilidad de emprender acciones contra el Imserso &#8211;organismo p\u00fablico dependiente del Ministerio de Sanidad&#8211; y contra su direcci\u00f3n por responsabilidad patrimonial, por permitir a Mundosenior lanzar el programa paralelo utilizando el nombre del Imserso y para exigir los da\u00f1os derivados del retraso en la puesta en marcha del programa.<\/p>\n<p>La UTE adjudicataria del lote 2 a las islas, Canarias y Baleares, del programa de viajes del Imserso asegur\u00f3 que ha cumplido con todos los requisitos recogidos en los pliegos y que la penalizaci\u00f3n aplicada se basa en la insuficiente disponibilidad de plazas hoteleras en alg\u00fan destino al inicio del programa por causas \u00abcompletamente ajenas a su control, pese a lo cual ha puesto en marcha medidas que han paliado el problema\u00bb.<\/p>\n<p>El Imserso ha impuesto una penalizaci\u00f3n de 1,98 millones de euros a Mundiplan &#8211;la UTE formada por Iberia, Alsa, Gowaii e IAG7&#8211; por incumplimiento de los compromisos asumidos en el contrato p\u00fablico por \u00abcausas imputables a esa empresa ante la falta de disponibilidad de las plazas hoteleras comprometidas en su oferta\u00bb, seg\u00fan ha confirmado el organismo, que dice que no es una sanci\u00f3n sino \u00abun est\u00edmulo\u00bb para que cumpla con el contrato.<\/p>\n","protected":false},"excerpt":{"rendered":"<p>Mundosenior, la UTE integrada por Globalia (Viajes Halc\u00f3n) y Barcel\u00f3 (Viajes Barcel\u00f3), ha asegurado que \u00abno ha utilizado en ning\u00fan momento el nombre del Imserso\u00bb en su programa no subvencionado, denominado Mundosenior Plus, que lanz\u00f3 en noviembre para competir en el mercado de los viajes para personas mayores. En un comunicado, la UTE adjudicataria de<\/p>\n","protected":false},"author":1,"featured_media":76331,"comment_status":"open","ping_status":"closed","sticky":false,"template":"","format":"standard","meta":{"footnotes":""},"categories":[224],"tags":[],"class_list":{"0":"post-76330","1":"post","2":"type-post","3":"status-publish","4":"format-standard","5":"has-post-thumbnail","7":"category-noticias-actualidad"},"aioseo_notices":[],"aioseo_head":"\n\t\t<!-- All in One SEO Pro 4.9.6.1 - aioseo.com -->\n\t<meta name=\"description\" content=\"Mundosenior, la UTE integrada por Globalia (Viajes Halc\u00f3n) y Barcel\u00f3 (Viajes Barcel\u00f3), ha asegurado que &quot;no ha utilizado en ning\u00fan momento el nombre del Imserso&quot; en su programa no subvencionado, denominado Mundosenior Plus, que lanz\u00f3 en noviembre para competir en el mercado de los viajes para personas mayores. En un comunicado, la UTE adjudicataria de\" \/>\n\t<meta name=\"robots\" content=\"max-image-preview:large\" \/>\n\t<meta name=\"author\" content=\"admin\"\/>\n\t<meta name=\"google-site-verification\" content=\"UA-38556648-1\" \/>\n\t<meta name=\"keywords\" content=\"noticias y actualidad\" \/>\n\t<link rel=\"canonical\" href=\"https:\/\/eldigitaldeasturias.com\/magazine365\/mundosenior-plus-niega-haber-usado-el-nombre-del-imserso-frente-a-las-acusaciones-de-mundiplan\/\" \/>\n\t<meta name=\"generator\" content=\"All in One SEO Pro (AIOSEO) 4.9.6.1\" \/>\n\t\t<meta property=\"og:locale\" content=\"es_ES\" \/>\n\t\t<meta property=\"og:site_name\" content=\"El Digital de Asturias \u2013 Revista de ocio, turismo y estilo de vida\" \/>\n\t\t<meta property=\"og:type\" content=\"article\" \/>\n\t\t<meta property=\"og:title\" content=\"Mundosenior Plus niega haber usado el nombre del Imserso frente a las acusaciones de Mundiplan | El Digital de Asturias\" \/>\n\t\t<meta property=\"og:description\" content=\"Mundosenior, la UTE integrada por Globalia (Viajes Halc\u00f3n) y Barcel\u00f3 (Viajes Barcel\u00f3), ha asegurado que &quot;no ha utilizado en ning\u00fan momento el nombre del Imserso&quot; en su programa no subvencionado, denominado Mundosenior Plus, que lanz\u00f3 en noviembre para competir en el mercado de los viajes para personas mayores. En un comunicado, la UTE adjudicataria de\" \/>\n\t\t<meta property=\"og:url\" content=\"https:\/\/eldigitaldeasturias.com\/magazine365\/mundosenior-plus-niega-haber-usado-el-nombre-del-imserso-frente-a-las-acusaciones-de-mundiplan\/\" \/>\n\t\t<meta property=\"og:image\" content=\"https:\/\/eldigitaldeasturias.com\/magazine365\/wp-content\/uploads\/2016\/05\/fotonoticia_20160518133529_800.jpg\" \/>\n\t\t<meta property=\"og:image:secure_url\" content=\"https:\/\/eldigitaldeasturias.com\/magazine365\/wp-content\/uploads\/2016\/05\/fotonoticia_20160518133529_800.jpg\" \/>\n\t\t<meta property=\"og:image:width\" content=\"800\" \/>\n\t\t<meta property=\"og:image:height\" content=\"600\" \/>\n\t\t<meta property=\"article:published_time\" content=\"2016-05-21T01:48:17+00:00\" \/>\n\t\t<meta property=\"article:modified_time\" content=\"2016-05-21T01:48:17+00:00\" \/>\n\t\t<meta name=\"twitter:card\" content=\"summary_large_image\" \/>\n\t\t<meta name=\"twitter:title\" content=\"Mundosenior Plus niega haber usado el nombre del Imserso frente a las acusaciones de Mundiplan | El Digital de Asturias\" \/>\n\t\t<meta name=\"twitter:description\" content=\"Mundosenior, la UTE integrada por Globalia (Viajes Halc\u00f3n) y Barcel\u00f3 (Viajes Barcel\u00f3), ha asegurado que &quot;no ha utilizado en ning\u00fan momento el nombre del Imserso&quot; en su programa no subvencionado, denominado Mundosenior Plus, que lanz\u00f3 en noviembre para competir en el mercado de los viajes para personas mayores. En un comunicado, la UTE adjudicataria de\" \/>\n\t\t<meta name=\"twitter:image\" content=\"https:\/\/eldigitaldeasturias.com\/magazine365\/wp-content\/uploads\/2016\/05\/fotonoticia_20160518133529_800.jpg\" \/>\n\t\t<script type=\"application\/ld+json\" class=\"aioseo-schema\">\n\t\t\t{\"@context\":\"https:\\\/\\\/schema.org\",\"@graph\":[{\"@type\":\"Article\",\"@id\":\"https:\\\/\\\/eldigitaldeasturias.com\\\/magazine365\\\/mundosenior-plus-niega-haber-usado-el-nombre-del-imserso-frente-a-las-acusaciones-de-mundiplan\\\/#article\",\"name\":\"Mundosenior Plus niega haber usado el nombre del Imserso frente a las acusaciones de Mundiplan | El Digital de Asturias\",\"headline\":\"Mundosenior Plus niega haber usado el nombre del Imserso frente a las acusaciones de Mundiplan\",\"author\":{\"@id\":\"https:\\\/\\\/eldigitaldeasturias.com\\\/magazine365\\\/author\\\/admin\\\/#author\"},\"publisher\":{\"@id\":\"https:\\\/\\\/eldigitaldeasturias.com\\\/magazine365\\\/#organization\"},\"image\":{\"@type\":\"ImageObject\",\"url\":\"https:\\\/\\\/eldigitaldeasturias.com\\\/magazine365\\\/wp-content\\\/uploads\\\/2016\\\/05\\\/fotonoticia_20160518133529_800.jpg\",\"width\":800,\"height\":600},\"datePublished\":\"2016-05-21T03:48:17+02:00\",\"dateModified\":\"2016-05-21T03:48:17+02:00\",\"inLanguage\":\"es-ES\",\"mainEntityOfPage\":{\"@id\":\"https:\\\/\\\/eldigitaldeasturias.com\\\/magazine365\\\/mundosenior-plus-niega-haber-usado-el-nombre-del-imserso-frente-a-las-acusaciones-de-mundiplan\\\/#webpage\"},\"isPartOf\":{\"@id\":\"https:\\\/\\\/eldigitaldeasturias.com\\\/magazine365\\\/mundosenior-plus-niega-haber-usado-el-nombre-del-imserso-frente-a-las-acusaciones-de-mundiplan\\\/#webpage\"},\"articleSection\":\"Noticias y Actualidad\"},{\"@type\":\"BreadcrumbList\",\"@id\":\"https:\\\/\\\/eldigitaldeasturias.com\\\/magazine365\\\/mundosenior-plus-niega-haber-usado-el-nombre-del-imserso-frente-a-las-acusaciones-de-mundiplan\\\/#breadcrumblist\",\"itemListElement\":[{\"@type\":\"ListItem\",\"@id\":\"https:\\\/\\\/eldigitaldeasturias.com\\\/magazine365#listItem\",\"position\":1,\"name\":\"Home\",\"item\":\"https:\\\/\\\/eldigitaldeasturias.com\\\/magazine365\",\"nextItem\":{\"@type\":\"ListItem\",\"@id\":\"https:\\\/\\\/eldigitaldeasturias.com\\\/magazine365\\\/category\\\/noticias-actualidad\\\/#listItem\",\"name\":\"Noticias y Actualidad\"}},{\"@type\":\"ListItem\",\"@id\":\"https:\\\/\\\/eldigitaldeasturias.com\\\/magazine365\\\/category\\\/noticias-actualidad\\\/#listItem\",\"position\":2,\"name\":\"Noticias y Actualidad\",\"item\":\"https:\\\/\\\/eldigitaldeasturias.com\\\/magazine365\\\/category\\\/noticias-actualidad\\\/\",\"nextItem\":{\"@type\":\"ListItem\",\"@id\":\"https:\\\/\\\/eldigitaldeasturias.com\\\/magazine365\\\/mundosenior-plus-niega-haber-usado-el-nombre-del-imserso-frente-a-las-acusaciones-de-mundiplan\\\/#listItem\",\"name\":\"Mundosenior Plus niega haber usado el nombre del Imserso frente a las acusaciones de Mundiplan\"},\"previousItem\":{\"@type\":\"ListItem\",\"@id\":\"https:\\\/\\\/eldigitaldeasturias.com\\\/magazine365#listItem\",\"name\":\"Home\"}},{\"@type\":\"ListItem\",\"@id\":\"https:\\\/\\\/eldigitaldeasturias.com\\\/magazine365\\\/mundosenior-plus-niega-haber-usado-el-nombre-del-imserso-frente-a-las-acusaciones-de-mundiplan\\\/#listItem\",\"position\":3,\"name\":\"Mundosenior Plus niega haber usado el nombre del Imserso frente a las acusaciones de Mundiplan\",\"previousItem\":{\"@type\":\"ListItem\",\"@id\":\"https:\\\/\\\/eldigitaldeasturias.com\\\/magazine365\\\/category\\\/noticias-actualidad\\\/#listItem\",\"name\":\"Noticias y Actualidad\"}}]},{\"@type\":\"Organization\",\"@id\":\"https:\\\/\\\/eldigitaldeasturias.com\\\/magazine365\\\/#organization\",\"name\":\"El digital de Asturias\",\"description\":\"Revista de ocio, turismo y estilo de vida\",\"url\":\"https:\\\/\\\/eldigitaldeasturias.com\\\/magazine365\\\/\",\"logo\":{\"@type\":\"ImageObject\",\"url\":\"https:\\\/\\\/www.eldigitaldeasturias.com\\\/noticias\\\/wp-content\\\/uploads\\\/2020\\\/12\\\/EDA.jpg\",\"@id\":\"https:\\\/\\\/eldigitaldeasturias.com\\\/magazine365\\\/mundosenior-plus-niega-haber-usado-el-nombre-del-imserso-frente-a-las-acusaciones-de-mundiplan\\\/#organizationLogo\"},\"image\":{\"@id\":\"https:\\\/\\\/eldigitaldeasturias.com\\\/magazine365\\\/mundosenior-plus-niega-haber-usado-el-nombre-del-imserso-frente-a-las-acusaciones-de-mundiplan\\\/#organizationLogo\"}},{\"@type\":\"Person\",\"@id\":\"https:\\\/\\\/eldigitaldeasturias.com\\\/magazine365\\\/author\\\/admin\\\/#author\",\"url\":\"https:\\\/\\\/eldigitaldeasturias.com\\\/magazine365\\\/author\\\/admin\\\/\",\"name\":\"admin\",\"image\":{\"@type\":\"ImageObject\",\"@id\":\"https:\\\/\\\/eldigitaldeasturias.com\\\/magazine365\\\/mundosenior-plus-niega-haber-usado-el-nombre-del-imserso-frente-a-las-acusaciones-de-mundiplan\\\/#authorImage\",\"url\":\"https:\\\/\\\/eldigitaldeasturias.com\\\/magazine365\\\/wp-content\\\/litespeed\\\/avatar\\\/e571bcf59a0edd6fa6838245a470f2fe.jpg?ver=1777574230\",\"width\":96,\"height\":96,\"caption\":\"admin\"}},{\"@type\":\"WebPage\",\"@id\":\"https:\\\/\\\/eldigitaldeasturias.com\\\/magazine365\\\/mundosenior-plus-niega-haber-usado-el-nombre-del-imserso-frente-a-las-acusaciones-de-mundiplan\\\/#webpage\",\"url\":\"https:\\\/\\\/eldigitaldeasturias.com\\\/magazine365\\\/mundosenior-plus-niega-haber-usado-el-nombre-del-imserso-frente-a-las-acusaciones-de-mundiplan\\\/\",\"name\":\"Mundosenior Plus niega haber usado el nombre del Imserso frente a las acusaciones de Mundiplan | El Digital de Asturias\",\"description\":\"Mundosenior, la UTE integrada por Globalia (Viajes Halc\\u00f3n) y Barcel\\u00f3 (Viajes Barcel\\u00f3), ha asegurado que \\\"no ha utilizado en ning\\u00fan momento el nombre del Imserso\\\" en su programa no subvencionado, denominado Mundosenior Plus, que lanz\\u00f3 en noviembre para competir en el mercado de los viajes para personas mayores. En un comunicado, la UTE adjudicataria de\",\"inLanguage\":\"es-ES\",\"isPartOf\":{\"@id\":\"https:\\\/\\\/eldigitaldeasturias.com\\\/magazine365\\\/#website\"},\"breadcrumb\":{\"@id\":\"https:\\\/\\\/eldigitaldeasturias.com\\\/magazine365\\\/mundosenior-plus-niega-haber-usado-el-nombre-del-imserso-frente-a-las-acusaciones-de-mundiplan\\\/#breadcrumblist\"},\"author\":{\"@id\":\"https:\\\/\\\/eldigitaldeasturias.com\\\/magazine365\\\/author\\\/admin\\\/#author\"},\"creator\":{\"@id\":\"https:\\\/\\\/eldigitaldeasturias.com\\\/magazine365\\\/author\\\/admin\\\/#author\"},\"image\":{\"@type\":\"ImageObject\",\"url\":\"https:\\\/\\\/eldigitaldeasturias.com\\\/magazine365\\\/wp-content\\\/uploads\\\/2016\\\/05\\\/fotonoticia_20160518133529_800.jpg\",\"@id\":\"https:\\\/\\\/eldigitaldeasturias.com\\\/magazine365\\\/mundosenior-plus-niega-haber-usado-el-nombre-del-imserso-frente-a-las-acusaciones-de-mundiplan\\\/#mainImage\",\"width\":800,\"height\":600},\"primaryImageOfPage\":{\"@id\":\"https:\\\/\\\/eldigitaldeasturias.com\\\/magazine365\\\/mundosenior-plus-niega-haber-usado-el-nombre-del-imserso-frente-a-las-acusaciones-de-mundiplan\\\/#mainImage\"},\"datePublished\":\"2016-05-21T03:48:17+02:00\",\"dateModified\":\"2016-05-21T03:48:17+02:00\"},{\"@type\":\"WebSite\",\"@id\":\"https:\\\/\\\/eldigitaldeasturias.com\\\/magazine365\\\/#website\",\"url\":\"https:\\\/\\\/eldigitaldeasturias.com\\\/magazine365\\\/\",\"name\":\"El Digital de Asturias\",\"description\":\"Revista de ocio, turismo y estilo de vida\",\"inLanguage\":\"es-ES\",\"publisher\":{\"@id\":\"https:\\\/\\\/eldigitaldeasturias.com\\\/magazine365\\\/#organization\"}}]}\n\t\t<\/script>\n\t\t<!-- All in One SEO Pro -->\r\n\t\t<title>Mundosenior Plus niega haber usado el nombre del Imserso frente a las acusaciones de Mundiplan | El Digital de Asturias<\/title>\n\n","aioseo_head_json":{"title":"Mundosenior Plus niega haber usado el nombre del Imserso frente a las acusaciones de Mundiplan | El Digital de Asturias","description":"Mundosenior, la UTE integrada por Globalia (Viajes Halc\u00f3n) y Barcel\u00f3 (Viajes Barcel\u00f3), ha asegurado que \"no ha utilizado en ning\u00fan momento el nombre del Imserso\" en su programa no subvencionado, denominado Mundosenior Plus, que lanz\u00f3 en noviembre para competir en el mercado de los viajes para personas mayores. En un comunicado, la UTE adjudicataria de","canonical_url":"https:\/\/eldigitaldeasturias.com\/magazine365\/mundosenior-plus-niega-haber-usado-el-nombre-del-imserso-frente-a-las-acusaciones-de-mundiplan\/","robots":"max-image-preview:large","keywords":"noticias y actualidad","webmasterTools":{"google-site-verification":"UA-38556648-1","miscellaneous":""},"schema":{"@context":"https:\/\/schema.org","@graph":[{"@type":"Article","@id":"https:\/\/eldigitaldeasturias.com\/magazine365\/mundosenior-plus-niega-haber-usado-el-nombre-del-imserso-frente-a-las-acusaciones-de-mundiplan\/#article","name":"Mundosenior Plus niega haber usado el nombre del Imserso frente a las acusaciones de Mundiplan | El Digital de Asturias","headline":"Mundosenior Plus niega haber usado el nombre del Imserso frente a las acusaciones de Mundiplan","author":{"@id":"https:\/\/eldigitaldeasturias.com\/magazine365\/author\/admin\/#author"},"publisher":{"@id":"https:\/\/eldigitaldeasturias.com\/magazine365\/#organization"},"image":{"@type":"ImageObject","url":"https:\/\/eldigitaldeasturias.com\/magazine365\/wp-content\/uploads\/2016\/05\/fotonoticia_20160518133529_800.jpg","width":800,"height":600},"datePublished":"2016-05-21T03:48:17+02:00","dateModified":"2016-05-21T03:48:17+02:00","inLanguage":"es-ES","mainEntityOfPage":{"@id":"https:\/\/eldigitaldeasturias.com\/magazine365\/mundosenior-plus-niega-haber-usado-el-nombre-del-imserso-frente-a-las-acusaciones-de-mundiplan\/#webpage"},"isPartOf":{"@id":"https:\/\/eldigitaldeasturias.com\/magazine365\/mundosenior-plus-niega-haber-usado-el-nombre-del-imserso-frente-a-las-acusaciones-de-mundiplan\/#webpage"},"articleSection":"Noticias y Actualidad"},{"@type":"BreadcrumbList","@id":"https:\/\/eldigitaldeasturias.com\/magazine365\/mundosenior-plus-niega-haber-usado-el-nombre-del-imserso-frente-a-las-acusaciones-de-mundiplan\/#breadcrumblist","itemListElement":[{"@type":"ListItem","@id":"https:\/\/eldigitaldeasturias.com\/magazine365#listItem","position":1,"name":"Home","item":"https:\/\/eldigitaldeasturias.com\/magazine365","nextItem":{"@type":"ListItem","@id":"https:\/\/eldigitaldeasturias.com\/magazine365\/category\/noticias-actualidad\/#listItem","name":"Noticias y Actualidad"}},{"@type":"ListItem","@id":"https:\/\/eldigitaldeasturias.com\/magazine365\/category\/noticias-actualidad\/#listItem","position":2,"name":"Noticias y Actualidad","item":"https:\/\/eldigitaldeasturias.com\/magazine365\/category\/noticias-actualidad\/","nextItem":{"@type":"ListItem","@id":"https:\/\/eldigitaldeasturias.com\/magazine365\/mundosenior-plus-niega-haber-usado-el-nombre-del-imserso-frente-a-las-acusaciones-de-mundiplan\/#listItem","name":"Mundosenior Plus niega haber usado el nombre del Imserso frente a las acusaciones de Mundiplan"},"previousItem":{"@type":"ListItem","@id":"https:\/\/eldigitaldeasturias.com\/magazine365#listItem","name":"Home"}},{"@type":"ListItem","@id":"https:\/\/eldigitaldeasturias.com\/magazine365\/mundosenior-plus-niega-haber-usado-el-nombre-del-imserso-frente-a-las-acusaciones-de-mundiplan\/#listItem","position":3,"name":"Mundosenior Plus niega haber usado el nombre del Imserso frente a las acusaciones de Mundiplan","previousItem":{"@type":"ListItem","@id":"https:\/\/eldigitaldeasturias.com\/magazine365\/category\/noticias-actualidad\/#listItem","name":"Noticias y Actualidad"}}]},{"@type":"Organization","@id":"https:\/\/eldigitaldeasturias.com\/magazine365\/#organization","name":"El digital de Asturias","description":"Revista de ocio, turismo y estilo de vida","url":"https:\/\/eldigitaldeasturias.com\/magazine365\/","logo":{"@type":"ImageObject","url":"https:\/\/www.eldigitaldeasturias.com\/noticias\/wp-content\/uploads\/2020\/12\/EDA.jpg","@id":"https:\/\/eldigitaldeasturias.com\/magazine365\/mundosenior-plus-niega-haber-usado-el-nombre-del-imserso-frente-a-las-acusaciones-de-mundiplan\/#organizationLogo"},"image":{"@id":"https:\/\/eldigitaldeasturias.com\/magazine365\/mundosenior-plus-niega-haber-usado-el-nombre-del-imserso-frente-a-las-acusaciones-de-mundiplan\/#organizationLogo"}},{"@type":"Person","@id":"https:\/\/eldigitaldeasturias.com\/magazine365\/author\/admin\/#author","url":"https:\/\/eldigitaldeasturias.com\/magazine365\/author\/admin\/","name":"admin","image":{"@type":"ImageObject","@id":"https:\/\/eldigitaldeasturias.com\/magazine365\/mundosenior-plus-niega-haber-usado-el-nombre-del-imserso-frente-a-las-acusaciones-de-mundiplan\/#authorImage","url":"https:\/\/eldigitaldeasturias.com\/magazine365\/wp-content\/litespeed\/avatar\/e571bcf59a0edd6fa6838245a470f2fe.jpg?ver=1777574230","width":96,"height":96,"caption":"admin"}},{"@type":"WebPage","@id":"https:\/\/eldigitaldeasturias.com\/magazine365\/mundosenior-plus-niega-haber-usado-el-nombre-del-imserso-frente-a-las-acusaciones-de-mundiplan\/#webpage","url":"https:\/\/eldigitaldeasturias.com\/magazine365\/mundosenior-plus-niega-haber-usado-el-nombre-del-imserso-frente-a-las-acusaciones-de-mundiplan\/","name":"Mundosenior Plus niega haber usado el nombre del Imserso frente a las acusaciones de Mundiplan | El Digital de Asturias","description":"Mundosenior, la UTE integrada por Globalia (Viajes Halc\u00f3n) y Barcel\u00f3 (Viajes Barcel\u00f3), ha asegurado que \"no ha utilizado en ning\u00fan momento el nombre del Imserso\" en su programa no subvencionado, denominado Mundosenior Plus, que lanz\u00f3 en noviembre para competir en el mercado de los viajes para personas mayores. En un comunicado, la UTE adjudicataria de","inLanguage":"es-ES","isPartOf":{"@id":"https:\/\/eldigitaldeasturias.com\/magazine365\/#website"},"breadcrumb":{"@id":"https:\/\/eldigitaldeasturias.com\/magazine365\/mundosenior-plus-niega-haber-usado-el-nombre-del-imserso-frente-a-las-acusaciones-de-mundiplan\/#breadcrumblist"},"author":{"@id":"https:\/\/eldigitaldeasturias.com\/magazine365\/author\/admin\/#author"},"creator":{"@id":"https:\/\/eldigitaldeasturias.com\/magazine365\/author\/admin\/#author"},"image":{"@type":"ImageObject","url":"https:\/\/eldigitaldeasturias.com\/magazine365\/wp-content\/uploads\/2016\/05\/fotonoticia_20160518133529_800.jpg","@id":"https:\/\/eldigitaldeasturias.com\/magazine365\/mundosenior-plus-niega-haber-usado-el-nombre-del-imserso-frente-a-las-acusaciones-de-mundiplan\/#mainImage","width":800,"height":600},"primaryImageOfPage":{"@id":"https:\/\/eldigitaldeasturias.com\/magazine365\/mundosenior-plus-niega-haber-usado-el-nombre-del-imserso-frente-a-las-acusaciones-de-mundiplan\/#mainImage"},"datePublished":"2016-05-21T03:48:17+02:00","dateModified":"2016-05-21T03:48:17+02:00"},{"@type":"WebSite","@id":"https:\/\/eldigitaldeasturias.com\/magazine365\/#website","url":"https:\/\/eldigitaldeasturias.com\/magazine365\/","name":"El Digital de Asturias","description":"Revista de ocio, turismo y estilo de vida","inLanguage":"es-ES","publisher":{"@id":"https:\/\/eldigitaldeasturias.com\/magazine365\/#organization"}}]},"og:locale":"es_ES","og:site_name":"El Digital de Asturias \u2013 Revista de ocio, turismo y estilo de vida","og:type":"article","og:title":"Mundosenior Plus niega haber usado el nombre del Imserso frente a las acusaciones de Mundiplan | El Digital de Asturias","og:description":"Mundosenior, la UTE integrada por Globalia (Viajes Halc\u00f3n) y Barcel\u00f3 (Viajes Barcel\u00f3), ha asegurado que &quot;no ha utilizado en ning\u00fan momento el nombre del Imserso&quot; en su programa no subvencionado, denominado Mundosenior Plus, que lanz\u00f3 en noviembre para competir en el mercado de los viajes para personas mayores. En un comunicado, la UTE adjudicataria de","og:url":"https:\/\/eldigitaldeasturias.com\/magazine365\/mundosenior-plus-niega-haber-usado-el-nombre-del-imserso-frente-a-las-acusaciones-de-mundiplan\/","og:image":"https:\/\/eldigitaldeasturias.com\/magazine365\/wp-content\/uploads\/2016\/05\/fotonoticia_20160518133529_800.jpg","og:image:secure_url":"https:\/\/eldigitaldeasturias.com\/magazine365\/wp-content\/uploads\/2016\/05\/fotonoticia_20160518133529_800.jpg","og:image:width":800,"og:image:height":600,"article:published_time":"2016-05-21T01:48:17+00:00","article:modified_time":"2016-05-21T01:48:17+00:00","twitter:card":"summary_large_image","twitter:title":"Mundosenior Plus niega haber usado el nombre del Imserso frente a las acusaciones de Mundiplan | El Digital de Asturias","twitter:description":"Mundosenior, la UTE integrada por Globalia (Viajes Halc\u00f3n) y Barcel\u00f3 (Viajes Barcel\u00f3), ha asegurado que &quot;no ha utilizado en ning\u00fan momento el nombre del Imserso&quot; en su programa no subvencionado, denominado Mundosenior Plus, que lanz\u00f3 en noviembre para competir en el mercado de los viajes para personas mayores. En un comunicado, la UTE adjudicataria de","twitter:image":"https:\/\/eldigitaldeasturias.com\/magazine365\/wp-content\/uploads\/2016\/05\/fotonoticia_20160518133529_800.jpg"},"aioseo_meta_data":{"post_id":"76330","title":null,"description":null,"keywords":null,"keyphrases":null,"primary_term":null,"canonical_url":null,"og_title":null,"og_description":null,"og_object_type":"default","og_image_type":"default","og_image_url":null,"og_image_width":null,"og_image_height":null,"og_image_custom_url":null,"og_image_custom_fields":null,"og_video":null,"og_custom_url":null,"og_article_section":null,"og_article_tags":null,"twitter_use_og":false,"twitter_card":"default","twitter_image_type":"default","twitter_image_url":null,"twitter_image_custom_url":null,"twitter_image_custom_fields":null,"twitter_title":null,"twitter_description":null,"schema":{"blockGraphs":[],"customGraphs":[],"default":{"data":{"Article":[],"Course":[],"Dataset":[],"FAQPage":[],"Movie":[],"Person":[],"Product":[],"ProductReview":[],"Car":[],"Recipe":[],"Service":[],"SoftwareApplication":[],"WebPage":[]},"graphName":"","isEnabled":true},"graphs":[],"defaultGraph":"","defaultPostTypeGraph":""},"schema_type":null,"schema_type_options":null,"pillar_content":false,"robots_default":true,"robots_noindex":false,"robots_noarchive":false,"robots_nosnippet":false,"robots_nofollow":false,"robots_noimageindex":false,"robots_noodp":false,"robots_notranslate":false,"robots_max_snippet":null,"robots_max_videopreview":null,"robots_max_imagepreview":"large","priority":null,"frequency":null,"location":null,"local_seo":null,"seo_analyzer_scan_date":"2025-09-27 12:23:00","breadcrumb_settings":null,"limit_modified_date":false,"open_ai":null,"ai":null,"created":"2021-03-08 18:04:41","updated":"2025-09-27 12:23:00"},"aioseo_breadcrumb":"<div class=\"aioseo-breadcrumbs\"><span class=\"aioseo-breadcrumb\">\n\t<a href=\"https:\/\/eldigitaldeasturias.com\/magazine365\" title=\"Home\">Home<\/a>\n<\/span><span class=\"aioseo-breadcrumb-separator\">\u2013<\/span><span class=\"aioseo-breadcrumb\">\n\t<a href=\"https:\/\/eldigitaldeasturias.com\/magazine365\/category\/noticias-actualidad\/\" title=\"Noticias y Actualidad\">Noticias y Actualidad<\/a>\n<\/span><span class=\"aioseo-breadcrumb-separator\">\u2013<\/span><span class=\"aioseo-breadcrumb\">\n\t<a href=\"https:\/\/eldigitaldeasturias.com\/magazine365\/mundosenior-plus-niega-haber-usado-el-nombre-del-imserso-frente-a-las-acusaciones-de-mundiplan\/\" title=\"Mundosenior Plus niega haber usado el nombre del Imserso frente a las acusaciones de Mundiplan\">Mundosenior Plus niega haber usado el nombre del Imserso frente a las acusaciones de Mundiplan<\/a>\n<\/span><\/div>","aioseo_breadcrumb_json":[{"label":"Home","link":"https:\/\/eldigitaldeasturias.com\/magazine365"},{"label":"Noticias y Actualidad","link":"https:\/\/eldigitaldeasturias.com\/magazine365\/category\/noticias-actualidad\/"},{"label":"Mundosenior Plus niega haber usado el nombre del Imserso frente a las acusaciones de Mundiplan","link":"https:\/\/eldigitaldeasturias.com\/magazine365\/mundosenior-plus-niega-haber-usado-el-nombre-del-imserso-frente-a-las-acusaciones-de-mundiplan\/"}],"_links":{"self":[{"href":"https:\/\/eldigitaldeasturias.com\/magazine365\/wp-json\/wp\/v2\/posts\/76330","targetHints":{"allow":["GET"]}}],"collection":[{"href":"https:\/\/eldigitaldeasturias.com\/magazine365\/wp-json\/wp\/v2\/posts"}],"about":[{"href":"https:\/\/eldigitaldeasturias.com\/magazine365\/wp-json\/wp\/v2\/types\/post"}],"author":[{"embeddable":true,"href":"https:\/\/eldigitaldeasturias.com\/magazine365\/wp-json\/wp\/v2\/users\/1"}],"replies":[{"embeddable":true,"href":"https:\/\/eldigitaldeasturias.com\/magazine365\/wp-json\/wp\/v2\/comments?post=76330"}],"version-history":[{"count":0,"href":"https:\/\/eldigitaldeasturias.com\/magazine365\/wp-json\/wp\/v2\/posts\/76330\/revisions"}],"wp:featuredmedia":[{"embeddable":true,"href":"https:\/\/eldigitaldeasturias.com\/magazine365\/wp-json\/wp\/v2\/media\/76331"}],"wp:attachment":[{"href":"https:\/\/eldigitaldeasturias.com\/magazine365\/wp-json\/wp\/v2\/media?parent=76330"}],"wp:term":[{"taxonomy":"category","embeddable":true,"href":"https:\/\/eldigitaldeasturias.com\/magazine365\/wp-json\/wp\/v2\/categories?post=76330"},{"taxonomy":"post_tag","embeddable":true,"href":"https:\/\/eldigitaldeasturias.com\/magazine365\/wp-json\/wp\/v2\/tags?post=76330"}],"curies":[{"name":"wp","href":"https:\/\/api.w.org\/{rel}","templated":true}]}}