{"id":76321,"date":"2016-05-21T03:44:55","date_gmt":"2016-05-21T01:44:55","guid":{"rendered":"http:\/\/eldigitaldeasturias.com\/magazine365\/?p=76321"},"modified":"2016-05-21T03:44:55","modified_gmt":"2016-05-21T01:44:55","slug":"isabel-borrego-numero-3-del-pp-en-la-lista-al-congreso-de-los-diputados-por-murcia","status":"publish","type":"post","link":"https:\/\/eldigitaldeasturias.com\/magazine365\/isabel-borrego-numero-3-del-pp-en-la-lista-al-congreso-de-los-diputados-por-murcia\/","title":{"rendered":"Isabel Borrego, n\u00famero 3 del PP en la lista al Congreso de los Diputados por Murcia"},"content":{"rendered":"<p><img fetchpriority=\"high\" decoding=\"async\" class=\"alignleft size-medium wp-image-76322\" src=\"https:\/\/eldigitaldeasturias.com\/magazine365\/wp-content\/uploads\/2016\/05\/fotonoticia_20160518124313_800-360x240.jpg\" alt=\"fotonoticia_20160518124313_800\" width=\"360\" height=\"240\" srcset=\"https:\/\/eldigitaldeasturias.com\/magazine365\/wp-content\/uploads\/2016\/05\/fotonoticia_20160518124313_800-360x240.jpg 360w, https:\/\/eldigitaldeasturias.com\/magazine365\/wp-content\/uploads\/2016\/05\/fotonoticia_20160518124313_800-650x433.jpg 650w, https:\/\/eldigitaldeasturias.com\/magazine365\/wp-content\/uploads\/2016\/05\/fotonoticia_20160518124313_800-768x512.jpg 768w, https:\/\/eldigitaldeasturias.com\/magazine365\/wp-content\/uploads\/2016\/05\/fotonoticia_20160518124313_800-150x100.jpg 150w, https:\/\/eldigitaldeasturias.com\/magazine365\/wp-content\/uploads\/2016\/05\/fotonoticia_20160518124313_800-450x300.jpg 450w, https:\/\/eldigitaldeasturias.com\/magazine365\/wp-content\/uploads\/2016\/05\/fotonoticia_20160518124313_800-101x66.jpg 101w, https:\/\/eldigitaldeasturias.com\/magazine365\/wp-content\/uploads\/2016\/05\/fotonoticia_20160518124313_800.jpg 800w\" sizes=\"(max-width: 360px) 100vw, 360px\" \/>El Comit\u00e9 Electoral Regional del PP de Murcia, presidido por Antonio S\u00e1nchez Carrillo, ha aprobado este martes por unanimidad la lista al Congreso de los Diputados en las pr\u00f3ximas elecciones del 26 de junio, en el que la actual secretaria de Estado de Turismo, Isabel Borrego, ocupar\u00e1 el n\u00famero 3.<\/p>\n<p>Borrego, nacida en Palma (1968) es licenciada en Derecho y M\u00e1ster en derecho de la Construcci\u00f3n y del Sector Inmobiliario. Adem\u00e1s, en noviembre de 2011 fue elegida diputada nacional en el Congreso de los diputados por la circunscripci\u00f3n de Baleares.<\/p>\n<p>Otra de las novedades de la lista es que el n\u00famero dos lo ocupar\u00e1 el actual consejero de Fomento e Infraestructuras, Francisco Bernab\u00e9, que si resulta elegido tendr\u00e1 que abandonar su actual cartera en el Ejecutivo.<\/p>\n<p>Bernab\u00e9 reemplaza as\u00ed a Andr\u00e9s Ayala, que en las anteriores elecciones del 20 de diciembre ocup\u00f3 el puesto n\u00famero 4 de la lista y que este martes ha comunicado al presidente del PP nacional, Mariano Rajoy, su intenci\u00f3n de no formar parte de la candidatura a las pr\u00f3ximas elecciones generales del 26 de junio por motivos \u00abestrictamente personales\u00bb.<\/p>\n<p>El n\u00famero 3 en las elecciones del 26 de junio lo ocupar\u00e1 Isabel Mar\u00eda Borrego y el n\u00famero 4 ser\u00e1 Juan Mar\u00eda V\u00e1zquez. Completan la lista, Mar\u00eda Ascensi\u00f3n Carre\u00f1o Fern\u00e1ndez, Javier Ruano Garc\u00eda, M\u00aa Dolores Bolar\u00edn S\u00e1nchez, Salvador Madrid Gonz\u00e1lez, Laura S\u00e1nchez Domenecq y Carlos Albaladejo Alarc\u00f3n, seg\u00fan informaron fuentes del PP en un comunicado.<\/p>\n<p>Antonio S\u00e1nchez Carrillo ha valorado la candidatura como formada por \u00abpersonas con capacidad para dar respuesta y buscar soluciones a las demandas de los murcianos\u00bb y ha a\u00f1adido la experiencia y val\u00eda de los candidatos para trabajar por y para la Regi\u00f3n de Murcia\u00bb.<\/p>\n<p>El Comit\u00e9 Electoral Regional del PP, reunido este martes en la sede del Partido Popular de la Regi\u00f3n de Murcia, tambi\u00e9n ha aprobado la lista para el Senado, que estar\u00e1 compuesta por Pedro Jos\u00e9 P\u00e9rez, Pilar Barreiro y Fulgencio Gil.<\/p>\n<p>CURR\u00cdCULUMS<\/p>\n<p>Teodoro Garc\u00eda es doctor ingeniero por la Escuela t\u00e9cnica superior de Ingenieros industriales de la UPCT, y ha sido secretario de \u00e1rea de Tecnolog\u00eda del PP de Murcia. Adem\u00e1s, es ingeniero de Telecomunicaciones, con un curso de doctorado en Tecnolog\u00edas industriales con diploma de estudios avanzados, y posee estudios de Ingenier\u00eda T\u00e9cnica Industrial.<\/p>\n<p>Ha sido diputado de la X legislatura (2011-2015) y de la XI legislatura (2015-2016), en la que ha ejercido como portavoz adjunto del GPP en el Congreso Diputados, y portavoz del Grupo Parlamentario Popular en la Comisi\u00f3n de Industria, Energ\u00eda y Turismo del Congreso de los Diputados<\/p>\n<p>Adem\u00e1s, es miembro del programa Future Energy Leaders del Consejo Mundial de la Energ\u00eda, diploma en el programa de liderazgo para la gesti\u00f3n p\u00fablica IESE-Universidad de Navarra, tiene formaci\u00f3n en marketing pol\u00edtico por la George Washington University, y es evaluador de proyectos de investigaci\u00f3n e innovaci\u00f3n en convocatorias europeas.<\/p>\n<p>Fue nombrado personalidad regional TIC 2012, galard\u00f3n concedido por el Colegio Oficial de Ingenieros de Telecomunicaci\u00f3n, y ha participado en m\u00e1s de una veintena de proyectos nacionales e internacionales, obtenidos a trav\u00e9s de convocatorias competitivas y relacionados con la gesti\u00f3n energ\u00e9tica, el control, la rob\u00f3tica, el procesado de se\u00f1al y el Brain Computer interface.<\/p>\n<p>Bernab\u00e9 es licenciado en Derecho por la Universidad de Murcia, as\u00ed como M\u00e1ster en Pr\u00e1ctica Jur\u00eddica por la Universidad de Murcia (1993-1995), y m\u00e1ster en Asesor\u00eda Jur\u00eddica de Empresas por la Escuela de Negocios y Administraci\u00f3n de Empresas de la Regi\u00f3n de Murcia (1995-1996).<\/p>\n<p>Desde 1994 ejerce la abogac\u00eda, siendo letrado de los Colegios de Abogados de Murcia y de Cartagena. En el \u00e1mbito docente, fue coordinador t\u00e9cnico de la Escuela de Pr\u00e1ctica Jur\u00eddica de la Universidad de Murcia entre 1996 y 2004.<\/p>\n<p>En 2007 asumi\u00f3 la alcald\u00eda de La Uni\u00f3n, cargo que desempe\u00f1\u00f3 hasta 2014. En noviembre de 2014 fue nombrado consejero de Fomento, Obras P\u00fablicas y Ordenaci\u00f3n del Territorio del Gobierno de la Regi\u00f3n de Murcia.<\/p>\n<p>Adem\u00e1s, form\u00f3 parte de la Comisi\u00f3n Nacional de Medio Ambiente de la Federaci\u00f3n Espa\u00f1ola de Municipios y Provincias, donde ostent\u00f3 una vocal\u00eda desde 2011 hasta 2014; al tiempo que form\u00f3 parte de la candidatura auton\u00f3mica de las elecciones del 24 mayo de 2015 por la circunscripci\u00f3n de Cartagena habiendo obtenido esca\u00f1o al que renunci\u00f3 para formar parte del Gobierno regional.<\/p>\n<p>Su trayectoria en pol\u00edtica tambi\u00e9n incluye la Vicesecretar\u00eda General de Comunicaci\u00f3n, Formaci\u00f3n y Nuevas Tecnolog\u00edas del Partido Popular de la Regi\u00f3n de Murcia, entre 2012 y 2015. Es miembro del Comit\u00e9 Ejecutivo Regional de esta formaci\u00f3n pol\u00edtica.<\/p>\n<p>Juan Mar\u00eda V\u00e1zquez, nacido en \u00c1guilas en 1964, es secretario general de Universidades del Ministerio de Educaci\u00f3n, Cultura y Deporte, as\u00ed como licenciado en Veterinaria y Catedr\u00e1tico de Medicina y Cirug\u00eda Animal. Adem\u00e1s, es experto en tecnolog\u00edas aplicadas a la reproducci\u00f3n animal, ha participado en proyectos y contratos de investigaci\u00f3n y es autor de numerosas publicaciones internacionales en revistas de su especialidad, y dos familias de patentes.<\/p>\n<p>Igualmente, es acad\u00e9mico de n\u00famero de la Academia de Ciencias y de la Academia de Ciencias Veterinarias de la Regi\u00f3n de Murcia y hHa participado en la elaboraci\u00f3n de la Estrategia Estatal de Ciencia, Tecnolog\u00eda e Innovaci\u00f3n 2014-2020, el Plan estatal de Investigaci\u00f3n, Desarrollo e Innovaci\u00f3n 2014-2017 y en el documento de trabajo de Horizonte 2020, como director general de investigaci\u00f3n cient\u00edfica y t\u00e9cnica en el Ministerio de Econom\u00eda y Competitividad entre 2012 y 2014.<\/p>\n<p>Asimismo, fue vicerrector de Investigaci\u00f3n de la Universidad de Murcia entre 2006 y 2012; secretario General de la Sectorial de I+D de la conferencia de Rectores de las Universidades Espa\u00f1olas 2011-2012; y coordinador general del proyecto Campus Mare Nostrum, campus de Excelencia Internacional.<\/p>\n<p>Mar\u00eda Ascensi\u00f3n Carre\u00f1o, nacida en Alguazas en 1970, fue diputada de la X Legislatura (2011-2015). Es ingeniera de Obras P\u00fablicas e Ingenier\u00eda Civil, especialidad en Obras P\u00fablicas; as\u00ed como arquitecto T\u00e9cnico por la UCAM y estudios de M\u00e1ster Europeo en Medio ambiente, Energ\u00edas Renovables y Eficiencia Energ\u00e9tica.<\/p>\n<p>Fue diputada del Grupo Parlamentario Popular por la Asamblea Regional de Murcia en la VI y VII legislatura (2003-2011) y miembro de la Comisi\u00f3n de Presupuestos hasta octubre de 2015.<\/p>\n<p>Por su parte, Pedro Jos\u00e9 P\u00e9rez, nacido en Abanilla en 1956, fue senador del partido popular de las \u00faltimas cuatro legislaturas, as\u00ed como diputado de la Asamblea Regional de Murcia entre 1987-1991 y alcalde de San Pedro del Pinatar desde 1991-2007.<\/p>\n<p>Pilar Barreiro, nacida en Lugo en 1955, es licenciada en Derecho. Asimismo, ha sido diputada del Congreso de los Diputados en la IX y X legislaturas; miembro suplente de la Diputaci\u00f3n Permanente; miembro de la Comisi\u00f3n Constitucional hasta octubre de 2015; y fue alcaldesa de Cartagena desde 1997-2015<\/p>\n<p>Por \u00faltimo, Fulgencio Gil J\u00f3dar, nacido en Lorca en 1972, es licenciado en Derecho. Asimismo, fue concejal del Ayuntamiento de Lorca 1999-2003 y en la actualidad; jefe de Gabinete del Alcalde de Lorca 2007-2015; y fue Vicepresidente de la CECLOR de Lorca entre 1997-1999.<\/p>\n","protected":false},"excerpt":{"rendered":"<p>El Comit\u00e9 Electoral Regional del PP de Murcia, presidido por Antonio S\u00e1nchez Carrillo, ha aprobado este martes por unanimidad la lista al Congreso de los Diputados en las pr\u00f3ximas elecciones del 26 de junio, en el que la actual secretaria de Estado de Turismo, Isabel Borrego, ocupar\u00e1 el n\u00famero 3. Borrego, nacida en Palma (1968)<\/p>\n","protected":false},"author":1,"featured_media":76322,"comment_status":"open","ping_status":"closed","sticky":false,"template":"","format":"standard","meta":{"footnotes":""},"categories":[224],"tags":[],"class_list":{"0":"post-76321","1":"post","2":"type-post","3":"status-publish","4":"format-standard","5":"has-post-thumbnail","7":"category-noticias-actualidad"},"aioseo_notices":[],"aioseo_head":"\n\t\t<!-- All in One SEO Pro 4.9.6.1 - aioseo.com -->\n\t<meta name=\"description\" content=\"El Comit\u00e9 Electoral Regional del PP de Murcia, presidido por Antonio S\u00e1nchez Carrillo, ha aprobado este martes por unanimidad la lista al Congreso de los Diputados en las pr\u00f3ximas elecciones del 26 de junio, en el que la actual secretaria de Estado de Turismo, Isabel Borrego, ocupar\u00e1 el n\u00famero 3. Borrego, nacida en Palma (1968)\" \/>\n\t<meta name=\"robots\" content=\"max-image-preview:large\" \/>\n\t<meta name=\"author\" content=\"admin\"\/>\n\t<meta name=\"google-site-verification\" content=\"UA-38556648-1\" \/>\n\t<meta name=\"keywords\" content=\"noticias y actualidad\" \/>\n\t<link rel=\"canonical\" href=\"https:\/\/eldigitaldeasturias.com\/magazine365\/isabel-borrego-numero-3-del-pp-en-la-lista-al-congreso-de-los-diputados-por-murcia\/\" \/>\n\t<meta name=\"generator\" content=\"All in One SEO Pro (AIOSEO) 4.9.6.1\" \/>\n\t\t<meta property=\"og:locale\" content=\"es_ES\" \/>\n\t\t<meta property=\"og:site_name\" content=\"El Digital de Asturias \u2013 Revista de ocio, turismo y estilo de vida\" \/>\n\t\t<meta property=\"og:type\" content=\"article\" \/>\n\t\t<meta property=\"og:title\" content=\"Isabel Borrego, n\u00famero 3 del PP en la lista al Congreso de los Diputados por Murcia | El Digital de Asturias\" \/>\n\t\t<meta property=\"og:description\" content=\"El Comit\u00e9 Electoral Regional del PP de Murcia, presidido por Antonio S\u00e1nchez Carrillo, ha aprobado este martes por unanimidad la lista al Congreso de los Diputados en las pr\u00f3ximas elecciones del 26 de junio, en el que la actual secretaria de Estado de Turismo, Isabel Borrego, ocupar\u00e1 el n\u00famero 3. Borrego, nacida en Palma (1968)\" \/>\n\t\t<meta property=\"og:url\" content=\"https:\/\/eldigitaldeasturias.com\/magazine365\/isabel-borrego-numero-3-del-pp-en-la-lista-al-congreso-de-los-diputados-por-murcia\/\" \/>\n\t\t<meta property=\"og:image\" content=\"https:\/\/eldigitaldeasturias.com\/magazine365\/wp-content\/uploads\/2016\/05\/fotonoticia_20160518124313_800.jpg\" \/>\n\t\t<meta property=\"og:image:secure_url\" content=\"https:\/\/eldigitaldeasturias.com\/magazine365\/wp-content\/uploads\/2016\/05\/fotonoticia_20160518124313_800.jpg\" \/>\n\t\t<meta property=\"og:image:width\" content=\"800\" \/>\n\t\t<meta property=\"og:image:height\" content=\"533\" \/>\n\t\t<meta property=\"article:published_time\" content=\"2016-05-21T01:44:55+00:00\" \/>\n\t\t<meta property=\"article:modified_time\" content=\"2016-05-21T01:44:55+00:00\" \/>\n\t\t<meta name=\"twitter:card\" content=\"summary_large_image\" \/>\n\t\t<meta name=\"twitter:title\" content=\"Isabel Borrego, n\u00famero 3 del PP en la lista al Congreso de los Diputados por Murcia | El Digital de Asturias\" \/>\n\t\t<meta name=\"twitter:description\" content=\"El Comit\u00e9 Electoral Regional del PP de Murcia, presidido por Antonio S\u00e1nchez Carrillo, ha aprobado este martes por unanimidad la lista al Congreso de los Diputados en las pr\u00f3ximas elecciones del 26 de junio, en el que la actual secretaria de Estado de Turismo, Isabel Borrego, ocupar\u00e1 el n\u00famero 3. Borrego, nacida en Palma (1968)\" \/>\n\t\t<meta name=\"twitter:image\" content=\"https:\/\/eldigitaldeasturias.com\/magazine365\/wp-content\/uploads\/2016\/05\/fotonoticia_20160518124313_800.jpg\" \/>\n\t\t<script type=\"application\/ld+json\" class=\"aioseo-schema\">\n\t\t\t{\"@context\":\"https:\\\/\\\/schema.org\",\"@graph\":[{\"@type\":\"Article\",\"@id\":\"https:\\\/\\\/eldigitaldeasturias.com\\\/magazine365\\\/isabel-borrego-numero-3-del-pp-en-la-lista-al-congreso-de-los-diputados-por-murcia\\\/#article\",\"name\":\"Isabel Borrego, n\\u00famero 3 del PP en la lista al Congreso de los Diputados por Murcia | El Digital de Asturias\",\"headline\":\"Isabel Borrego, n\\u00famero 3 del PP en la lista al Congreso de los Diputados por Murcia\",\"author\":{\"@id\":\"https:\\\/\\\/eldigitaldeasturias.com\\\/magazine365\\\/author\\\/admin\\\/#author\"},\"publisher\":{\"@id\":\"https:\\\/\\\/eldigitaldeasturias.com\\\/magazine365\\\/#organization\"},\"image\":{\"@type\":\"ImageObject\",\"url\":\"https:\\\/\\\/eldigitaldeasturias.com\\\/magazine365\\\/wp-content\\\/uploads\\\/2016\\\/05\\\/fotonoticia_20160518124313_800.jpg\",\"width\":800,\"height\":533},\"datePublished\":\"2016-05-21T03:44:55+02:00\",\"dateModified\":\"2016-05-21T03:44:55+02:00\",\"inLanguage\":\"es-ES\",\"mainEntityOfPage\":{\"@id\":\"https:\\\/\\\/eldigitaldeasturias.com\\\/magazine365\\\/isabel-borrego-numero-3-del-pp-en-la-lista-al-congreso-de-los-diputados-por-murcia\\\/#webpage\"},\"isPartOf\":{\"@id\":\"https:\\\/\\\/eldigitaldeasturias.com\\\/magazine365\\\/isabel-borrego-numero-3-del-pp-en-la-lista-al-congreso-de-los-diputados-por-murcia\\\/#webpage\"},\"articleSection\":\"Noticias y Actualidad\"},{\"@type\":\"BreadcrumbList\",\"@id\":\"https:\\\/\\\/eldigitaldeasturias.com\\\/magazine365\\\/isabel-borrego-numero-3-del-pp-en-la-lista-al-congreso-de-los-diputados-por-murcia\\\/#breadcrumblist\",\"itemListElement\":[{\"@type\":\"ListItem\",\"@id\":\"https:\\\/\\\/eldigitaldeasturias.com\\\/magazine365#listItem\",\"position\":1,\"name\":\"Home\",\"item\":\"https:\\\/\\\/eldigitaldeasturias.com\\\/magazine365\",\"nextItem\":{\"@type\":\"ListItem\",\"@id\":\"https:\\\/\\\/eldigitaldeasturias.com\\\/magazine365\\\/category\\\/noticias-actualidad\\\/#listItem\",\"name\":\"Noticias y Actualidad\"}},{\"@type\":\"ListItem\",\"@id\":\"https:\\\/\\\/eldigitaldeasturias.com\\\/magazine365\\\/category\\\/noticias-actualidad\\\/#listItem\",\"position\":2,\"name\":\"Noticias y Actualidad\",\"item\":\"https:\\\/\\\/eldigitaldeasturias.com\\\/magazine365\\\/category\\\/noticias-actualidad\\\/\",\"nextItem\":{\"@type\":\"ListItem\",\"@id\":\"https:\\\/\\\/eldigitaldeasturias.com\\\/magazine365\\\/isabel-borrego-numero-3-del-pp-en-la-lista-al-congreso-de-los-diputados-por-murcia\\\/#listItem\",\"name\":\"Isabel Borrego, n\\u00famero 3 del PP en la lista al Congreso de los Diputados por Murcia\"},\"previousItem\":{\"@type\":\"ListItem\",\"@id\":\"https:\\\/\\\/eldigitaldeasturias.com\\\/magazine365#listItem\",\"name\":\"Home\"}},{\"@type\":\"ListItem\",\"@id\":\"https:\\\/\\\/eldigitaldeasturias.com\\\/magazine365\\\/isabel-borrego-numero-3-del-pp-en-la-lista-al-congreso-de-los-diputados-por-murcia\\\/#listItem\",\"position\":3,\"name\":\"Isabel Borrego, n\\u00famero 3 del PP en la lista al Congreso de los Diputados por Murcia\",\"previousItem\":{\"@type\":\"ListItem\",\"@id\":\"https:\\\/\\\/eldigitaldeasturias.com\\\/magazine365\\\/category\\\/noticias-actualidad\\\/#listItem\",\"name\":\"Noticias y Actualidad\"}}]},{\"@type\":\"Organization\",\"@id\":\"https:\\\/\\\/eldigitaldeasturias.com\\\/magazine365\\\/#organization\",\"name\":\"El digital de Asturias\",\"description\":\"Revista de ocio, turismo y estilo de vida\",\"url\":\"https:\\\/\\\/eldigitaldeasturias.com\\\/magazine365\\\/\",\"logo\":{\"@type\":\"ImageObject\",\"url\":\"https:\\\/\\\/www.eldigitaldeasturias.com\\\/noticias\\\/wp-content\\\/uploads\\\/2020\\\/12\\\/EDA.jpg\",\"@id\":\"https:\\\/\\\/eldigitaldeasturias.com\\\/magazine365\\\/isabel-borrego-numero-3-del-pp-en-la-lista-al-congreso-de-los-diputados-por-murcia\\\/#organizationLogo\"},\"image\":{\"@id\":\"https:\\\/\\\/eldigitaldeasturias.com\\\/magazine365\\\/isabel-borrego-numero-3-del-pp-en-la-lista-al-congreso-de-los-diputados-por-murcia\\\/#organizationLogo\"}},{\"@type\":\"Person\",\"@id\":\"https:\\\/\\\/eldigitaldeasturias.com\\\/magazine365\\\/author\\\/admin\\\/#author\",\"url\":\"https:\\\/\\\/eldigitaldeasturias.com\\\/magazine365\\\/author\\\/admin\\\/\",\"name\":\"admin\",\"image\":{\"@type\":\"ImageObject\",\"@id\":\"https:\\\/\\\/eldigitaldeasturias.com\\\/magazine365\\\/isabel-borrego-numero-3-del-pp-en-la-lista-al-congreso-de-los-diputados-por-murcia\\\/#authorImage\",\"url\":\"https:\\\/\\\/eldigitaldeasturias.com\\\/magazine365\\\/wp-content\\\/litespeed\\\/avatar\\\/e571bcf59a0edd6fa6838245a470f2fe.jpg?ver=1777574230\",\"width\":96,\"height\":96,\"caption\":\"admin\"}},{\"@type\":\"WebPage\",\"@id\":\"https:\\\/\\\/eldigitaldeasturias.com\\\/magazine365\\\/isabel-borrego-numero-3-del-pp-en-la-lista-al-congreso-de-los-diputados-por-murcia\\\/#webpage\",\"url\":\"https:\\\/\\\/eldigitaldeasturias.com\\\/magazine365\\\/isabel-borrego-numero-3-del-pp-en-la-lista-al-congreso-de-los-diputados-por-murcia\\\/\",\"name\":\"Isabel Borrego, n\\u00famero 3 del PP en la lista al Congreso de los Diputados por Murcia | El Digital de Asturias\",\"description\":\"El Comit\\u00e9 Electoral Regional del PP de Murcia, presidido por Antonio S\\u00e1nchez Carrillo, ha aprobado este martes por unanimidad la lista al Congreso de los Diputados en las pr\\u00f3ximas elecciones del 26 de junio, en el que la actual secretaria de Estado de Turismo, Isabel Borrego, ocupar\\u00e1 el n\\u00famero 3. Borrego, nacida en Palma (1968)\",\"inLanguage\":\"es-ES\",\"isPartOf\":{\"@id\":\"https:\\\/\\\/eldigitaldeasturias.com\\\/magazine365\\\/#website\"},\"breadcrumb\":{\"@id\":\"https:\\\/\\\/eldigitaldeasturias.com\\\/magazine365\\\/isabel-borrego-numero-3-del-pp-en-la-lista-al-congreso-de-los-diputados-por-murcia\\\/#breadcrumblist\"},\"author\":{\"@id\":\"https:\\\/\\\/eldigitaldeasturias.com\\\/magazine365\\\/author\\\/admin\\\/#author\"},\"creator\":{\"@id\":\"https:\\\/\\\/eldigitaldeasturias.com\\\/magazine365\\\/author\\\/admin\\\/#author\"},\"image\":{\"@type\":\"ImageObject\",\"url\":\"https:\\\/\\\/eldigitaldeasturias.com\\\/magazine365\\\/wp-content\\\/uploads\\\/2016\\\/05\\\/fotonoticia_20160518124313_800.jpg\",\"@id\":\"https:\\\/\\\/eldigitaldeasturias.com\\\/magazine365\\\/isabel-borrego-numero-3-del-pp-en-la-lista-al-congreso-de-los-diputados-por-murcia\\\/#mainImage\",\"width\":800,\"height\":533},\"primaryImageOfPage\":{\"@id\":\"https:\\\/\\\/eldigitaldeasturias.com\\\/magazine365\\\/isabel-borrego-numero-3-del-pp-en-la-lista-al-congreso-de-los-diputados-por-murcia\\\/#mainImage\"},\"datePublished\":\"2016-05-21T03:44:55+02:00\",\"dateModified\":\"2016-05-21T03:44:55+02:00\"},{\"@type\":\"WebSite\",\"@id\":\"https:\\\/\\\/eldigitaldeasturias.com\\\/magazine365\\\/#website\",\"url\":\"https:\\\/\\\/eldigitaldeasturias.com\\\/magazine365\\\/\",\"name\":\"El Digital de Asturias\",\"description\":\"Revista de ocio, turismo y estilo de vida\",\"inLanguage\":\"es-ES\",\"publisher\":{\"@id\":\"https:\\\/\\\/eldigitaldeasturias.com\\\/magazine365\\\/#organization\"}}]}\n\t\t<\/script>\n\t\t<!-- All in One SEO Pro -->\r\n\t\t<title>Isabel Borrego, n\u00famero 3 del PP en la lista al Congreso de los Diputados por Murcia | El Digital de Asturias<\/title>\n\n","aioseo_head_json":{"title":"Isabel Borrego, n\u00famero 3 del PP en la lista al Congreso de los Diputados por Murcia | El Digital de Asturias","description":"El Comit\u00e9 Electoral Regional del PP de Murcia, presidido por Antonio S\u00e1nchez Carrillo, ha aprobado este martes por unanimidad la lista al Congreso de los Diputados en las pr\u00f3ximas elecciones del 26 de junio, en el que la actual secretaria de Estado de Turismo, Isabel Borrego, ocupar\u00e1 el n\u00famero 3. Borrego, nacida en Palma (1968)","canonical_url":"https:\/\/eldigitaldeasturias.com\/magazine365\/isabel-borrego-numero-3-del-pp-en-la-lista-al-congreso-de-los-diputados-por-murcia\/","robots":"max-image-preview:large","keywords":"noticias y actualidad","webmasterTools":{"google-site-verification":"UA-38556648-1","miscellaneous":""},"schema":{"@context":"https:\/\/schema.org","@graph":[{"@type":"Article","@id":"https:\/\/eldigitaldeasturias.com\/magazine365\/isabel-borrego-numero-3-del-pp-en-la-lista-al-congreso-de-los-diputados-por-murcia\/#article","name":"Isabel Borrego, n\u00famero 3 del PP en la lista al Congreso de los Diputados por Murcia | El Digital de Asturias","headline":"Isabel Borrego, n\u00famero 3 del PP en la lista al Congreso de los Diputados por Murcia","author":{"@id":"https:\/\/eldigitaldeasturias.com\/magazine365\/author\/admin\/#author"},"publisher":{"@id":"https:\/\/eldigitaldeasturias.com\/magazine365\/#organization"},"image":{"@type":"ImageObject","url":"https:\/\/eldigitaldeasturias.com\/magazine365\/wp-content\/uploads\/2016\/05\/fotonoticia_20160518124313_800.jpg","width":800,"height":533},"datePublished":"2016-05-21T03:44:55+02:00","dateModified":"2016-05-21T03:44:55+02:00","inLanguage":"es-ES","mainEntityOfPage":{"@id":"https:\/\/eldigitaldeasturias.com\/magazine365\/isabel-borrego-numero-3-del-pp-en-la-lista-al-congreso-de-los-diputados-por-murcia\/#webpage"},"isPartOf":{"@id":"https:\/\/eldigitaldeasturias.com\/magazine365\/isabel-borrego-numero-3-del-pp-en-la-lista-al-congreso-de-los-diputados-por-murcia\/#webpage"},"articleSection":"Noticias y Actualidad"},{"@type":"BreadcrumbList","@id":"https:\/\/eldigitaldeasturias.com\/magazine365\/isabel-borrego-numero-3-del-pp-en-la-lista-al-congreso-de-los-diputados-por-murcia\/#breadcrumblist","itemListElement":[{"@type":"ListItem","@id":"https:\/\/eldigitaldeasturias.com\/magazine365#listItem","position":1,"name":"Home","item":"https:\/\/eldigitaldeasturias.com\/magazine365","nextItem":{"@type":"ListItem","@id":"https:\/\/eldigitaldeasturias.com\/magazine365\/category\/noticias-actualidad\/#listItem","name":"Noticias y Actualidad"}},{"@type":"ListItem","@id":"https:\/\/eldigitaldeasturias.com\/magazine365\/category\/noticias-actualidad\/#listItem","position":2,"name":"Noticias y Actualidad","item":"https:\/\/eldigitaldeasturias.com\/magazine365\/category\/noticias-actualidad\/","nextItem":{"@type":"ListItem","@id":"https:\/\/eldigitaldeasturias.com\/magazine365\/isabel-borrego-numero-3-del-pp-en-la-lista-al-congreso-de-los-diputados-por-murcia\/#listItem","name":"Isabel Borrego, n\u00famero 3 del PP en la lista al Congreso de los Diputados por Murcia"},"previousItem":{"@type":"ListItem","@id":"https:\/\/eldigitaldeasturias.com\/magazine365#listItem","name":"Home"}},{"@type":"ListItem","@id":"https:\/\/eldigitaldeasturias.com\/magazine365\/isabel-borrego-numero-3-del-pp-en-la-lista-al-congreso-de-los-diputados-por-murcia\/#listItem","position":3,"name":"Isabel Borrego, n\u00famero 3 del PP en la lista al Congreso de los Diputados por Murcia","previousItem":{"@type":"ListItem","@id":"https:\/\/eldigitaldeasturias.com\/magazine365\/category\/noticias-actualidad\/#listItem","name":"Noticias y Actualidad"}}]},{"@type":"Organization","@id":"https:\/\/eldigitaldeasturias.com\/magazine365\/#organization","name":"El digital de Asturias","description":"Revista de ocio, turismo y estilo de vida","url":"https:\/\/eldigitaldeasturias.com\/magazine365\/","logo":{"@type":"ImageObject","url":"https:\/\/www.eldigitaldeasturias.com\/noticias\/wp-content\/uploads\/2020\/12\/EDA.jpg","@id":"https:\/\/eldigitaldeasturias.com\/magazine365\/isabel-borrego-numero-3-del-pp-en-la-lista-al-congreso-de-los-diputados-por-murcia\/#organizationLogo"},"image":{"@id":"https:\/\/eldigitaldeasturias.com\/magazine365\/isabel-borrego-numero-3-del-pp-en-la-lista-al-congreso-de-los-diputados-por-murcia\/#organizationLogo"}},{"@type":"Person","@id":"https:\/\/eldigitaldeasturias.com\/magazine365\/author\/admin\/#author","url":"https:\/\/eldigitaldeasturias.com\/magazine365\/author\/admin\/","name":"admin","image":{"@type":"ImageObject","@id":"https:\/\/eldigitaldeasturias.com\/magazine365\/isabel-borrego-numero-3-del-pp-en-la-lista-al-congreso-de-los-diputados-por-murcia\/#authorImage","url":"https:\/\/eldigitaldeasturias.com\/magazine365\/wp-content\/litespeed\/avatar\/e571bcf59a0edd6fa6838245a470f2fe.jpg?ver=1777574230","width":96,"height":96,"caption":"admin"}},{"@type":"WebPage","@id":"https:\/\/eldigitaldeasturias.com\/magazine365\/isabel-borrego-numero-3-del-pp-en-la-lista-al-congreso-de-los-diputados-por-murcia\/#webpage","url":"https:\/\/eldigitaldeasturias.com\/magazine365\/isabel-borrego-numero-3-del-pp-en-la-lista-al-congreso-de-los-diputados-por-murcia\/","name":"Isabel Borrego, n\u00famero 3 del PP en la lista al Congreso de los Diputados por Murcia | El Digital de Asturias","description":"El Comit\u00e9 Electoral Regional del PP de Murcia, presidido por Antonio S\u00e1nchez Carrillo, ha aprobado este martes por unanimidad la lista al Congreso de los Diputados en las pr\u00f3ximas elecciones del 26 de junio, en el que la actual secretaria de Estado de Turismo, Isabel Borrego, ocupar\u00e1 el n\u00famero 3. Borrego, nacida en Palma (1968)","inLanguage":"es-ES","isPartOf":{"@id":"https:\/\/eldigitaldeasturias.com\/magazine365\/#website"},"breadcrumb":{"@id":"https:\/\/eldigitaldeasturias.com\/magazine365\/isabel-borrego-numero-3-del-pp-en-la-lista-al-congreso-de-los-diputados-por-murcia\/#breadcrumblist"},"author":{"@id":"https:\/\/eldigitaldeasturias.com\/magazine365\/author\/admin\/#author"},"creator":{"@id":"https:\/\/eldigitaldeasturias.com\/magazine365\/author\/admin\/#author"},"image":{"@type":"ImageObject","url":"https:\/\/eldigitaldeasturias.com\/magazine365\/wp-content\/uploads\/2016\/05\/fotonoticia_20160518124313_800.jpg","@id":"https:\/\/eldigitaldeasturias.com\/magazine365\/isabel-borrego-numero-3-del-pp-en-la-lista-al-congreso-de-los-diputados-por-murcia\/#mainImage","width":800,"height":533},"primaryImageOfPage":{"@id":"https:\/\/eldigitaldeasturias.com\/magazine365\/isabel-borrego-numero-3-del-pp-en-la-lista-al-congreso-de-los-diputados-por-murcia\/#mainImage"},"datePublished":"2016-05-21T03:44:55+02:00","dateModified":"2016-05-21T03:44:55+02:00"},{"@type":"WebSite","@id":"https:\/\/eldigitaldeasturias.com\/magazine365\/#website","url":"https:\/\/eldigitaldeasturias.com\/magazine365\/","name":"El Digital de Asturias","description":"Revista de ocio, turismo y estilo de vida","inLanguage":"es-ES","publisher":{"@id":"https:\/\/eldigitaldeasturias.com\/magazine365\/#organization"}}]},"og:locale":"es_ES","og:site_name":"El Digital de Asturias \u2013 Revista de ocio, turismo y estilo de vida","og:type":"article","og:title":"Isabel Borrego, n\u00famero 3 del PP en la lista al Congreso de los Diputados por Murcia | El Digital de Asturias","og:description":"El Comit\u00e9 Electoral Regional del PP de Murcia, presidido por Antonio S\u00e1nchez Carrillo, ha aprobado este martes por unanimidad la lista al Congreso de los Diputados en las pr\u00f3ximas elecciones del 26 de junio, en el que la actual secretaria de Estado de Turismo, Isabel Borrego, ocupar\u00e1 el n\u00famero 3. Borrego, nacida en Palma (1968)","og:url":"https:\/\/eldigitaldeasturias.com\/magazine365\/isabel-borrego-numero-3-del-pp-en-la-lista-al-congreso-de-los-diputados-por-murcia\/","og:image":"https:\/\/eldigitaldeasturias.com\/magazine365\/wp-content\/uploads\/2016\/05\/fotonoticia_20160518124313_800.jpg","og:image:secure_url":"https:\/\/eldigitaldeasturias.com\/magazine365\/wp-content\/uploads\/2016\/05\/fotonoticia_20160518124313_800.jpg","og:image:width":800,"og:image:height":533,"article:published_time":"2016-05-21T01:44:55+00:00","article:modified_time":"2016-05-21T01:44:55+00:00","twitter:card":"summary_large_image","twitter:title":"Isabel Borrego, n\u00famero 3 del PP en la lista al Congreso de los Diputados por Murcia | El Digital de Asturias","twitter:description":"El Comit\u00e9 Electoral Regional del PP de Murcia, presidido por Antonio S\u00e1nchez Carrillo, ha aprobado este martes por unanimidad la lista al Congreso de los Diputados en las pr\u00f3ximas elecciones del 26 de junio, en el que la actual secretaria de Estado de Turismo, Isabel Borrego, ocupar\u00e1 el n\u00famero 3. Borrego, nacida en Palma (1968)","twitter:image":"https:\/\/eldigitaldeasturias.com\/magazine365\/wp-content\/uploads\/2016\/05\/fotonoticia_20160518124313_800.jpg"},"aioseo_meta_data":{"post_id":"76321","title":null,"description":null,"keywords":null,"keyphrases":null,"primary_term":null,"canonical_url":null,"og_title":null,"og_description":null,"og_object_type":"default","og_image_type":"default","og_image_url":null,"og_image_width":null,"og_image_height":null,"og_image_custom_url":null,"og_image_custom_fields":null,"og_video":null,"og_custom_url":null,"og_article_section":null,"og_article_tags":null,"twitter_use_og":false,"twitter_card":"default","twitter_image_type":"default","twitter_image_url":null,"twitter_image_custom_url":null,"twitter_image_custom_fields":null,"twitter_title":null,"twitter_description":null,"schema":{"blockGraphs":[],"customGraphs":[],"default":{"data":{"Article":[],"Course":[],"Dataset":[],"FAQPage":[],"Movie":[],"Person":[],"Product":[],"ProductReview":[],"Car":[],"Recipe":[],"Service":[],"SoftwareApplication":[],"WebPage":[]},"graphName":"","isEnabled":true},"graphs":[],"defaultGraph":"","defaultPostTypeGraph":""},"schema_type":null,"schema_type_options":null,"pillar_content":false,"robots_default":true,"robots_noindex":false,"robots_noarchive":false,"robots_nosnippet":false,"robots_nofollow":false,"robots_noimageindex":false,"robots_noodp":false,"robots_notranslate":false,"robots_max_snippet":null,"robots_max_videopreview":null,"robots_max_imagepreview":"large","priority":null,"frequency":null,"location":null,"local_seo":null,"seo_analyzer_scan_date":"2025-09-27 12:20:55","breadcrumb_settings":null,"limit_modified_date":false,"open_ai":null,"ai":null,"created":"2021-03-08 18:29:46","updated":"2025-09-27 12:20:55"},"aioseo_breadcrumb":"<div class=\"aioseo-breadcrumbs\"><span class=\"aioseo-breadcrumb\">\n\t<a href=\"https:\/\/eldigitaldeasturias.com\/magazine365\" title=\"Home\">Home<\/a>\n<\/span><span class=\"aioseo-breadcrumb-separator\">\u2013<\/span><span class=\"aioseo-breadcrumb\">\n\t<a href=\"https:\/\/eldigitaldeasturias.com\/magazine365\/category\/noticias-actualidad\/\" title=\"Noticias y Actualidad\">Noticias y Actualidad<\/a>\n<\/span><span class=\"aioseo-breadcrumb-separator\">\u2013<\/span><span class=\"aioseo-breadcrumb\">\n\t<a href=\"https:\/\/eldigitaldeasturias.com\/magazine365\/isabel-borrego-numero-3-del-pp-en-la-lista-al-congreso-de-los-diputados-por-murcia\/\" title=\"Isabel Borrego, n\u00famero 3 del PP en la lista al Congreso de los Diputados por Murcia\">Isabel Borrego, n\u00famero 3 del PP en la lista al Congreso de los Diputados por Murcia<\/a>\n<\/span><\/div>","aioseo_breadcrumb_json":[{"label":"Home","link":"https:\/\/eldigitaldeasturias.com\/magazine365"},{"label":"Noticias y Actualidad","link":"https:\/\/eldigitaldeasturias.com\/magazine365\/category\/noticias-actualidad\/"},{"label":"Isabel Borrego, n\u00famero 3 del PP en la lista al Congreso de los Diputados por Murcia","link":"https:\/\/eldigitaldeasturias.com\/magazine365\/isabel-borrego-numero-3-del-pp-en-la-lista-al-congreso-de-los-diputados-por-murcia\/"}],"_links":{"self":[{"href":"https:\/\/eldigitaldeasturias.com\/magazine365\/wp-json\/wp\/v2\/posts\/76321","targetHints":{"allow":["GET"]}}],"collection":[{"href":"https:\/\/eldigitaldeasturias.com\/magazine365\/wp-json\/wp\/v2\/posts"}],"about":[{"href":"https:\/\/eldigitaldeasturias.com\/magazine365\/wp-json\/wp\/v2\/types\/post"}],"author":[{"embeddable":true,"href":"https:\/\/eldigitaldeasturias.com\/magazine365\/wp-json\/wp\/v2\/users\/1"}],"replies":[{"embeddable":true,"href":"https:\/\/eldigitaldeasturias.com\/magazine365\/wp-json\/wp\/v2\/comments?post=76321"}],"version-history":[{"count":0,"href":"https:\/\/eldigitaldeasturias.com\/magazine365\/wp-json\/wp\/v2\/posts\/76321\/revisions"}],"wp:featuredmedia":[{"embeddable":true,"href":"https:\/\/eldigitaldeasturias.com\/magazine365\/wp-json\/wp\/v2\/media\/76322"}],"wp:attachment":[{"href":"https:\/\/eldigitaldeasturias.com\/magazine365\/wp-json\/wp\/v2\/media?parent=76321"}],"wp:term":[{"taxonomy":"category","embeddable":true,"href":"https:\/\/eldigitaldeasturias.com\/magazine365\/wp-json\/wp\/v2\/categories?post=76321"},{"taxonomy":"post_tag","embeddable":true,"href":"https:\/\/eldigitaldeasturias.com\/magazine365\/wp-json\/wp\/v2\/tags?post=76321"}],"curies":[{"name":"wp","href":"https:\/\/api.w.org\/{rel}","templated":true}]}}