{"id":76318,"date":"2016-05-21T03:43:53","date_gmt":"2016-05-21T01:43:53","guid":{"rendered":"http:\/\/eldigitaldeasturias.com\/magazine365\/?p=76318"},"modified":"2016-05-21T03:43:53","modified_gmt":"2016-05-21T01:43:53","slug":"la-paella-consigue-tener-su-emoji-en-whatsapp","status":"publish","type":"post","link":"https:\/\/eldigitaldeasturias.com\/magazine365\/la-paella-consigue-tener-su-emoji-en-whatsapp\/","title":{"rendered":"La paella consigue tener su &#8216;emoji&#8217; en WhatsApp"},"content":{"rendered":"<p><img fetchpriority=\"high\" decoding=\"async\" class=\"alignleft size-medium wp-image-76319\" src=\"https:\/\/eldigitaldeasturias.com\/magazine365\/wp-content\/uploads\/2016\/05\/fotonoticia_20160518123443_800-300x300.jpg\" alt=\"fotonoticia_20160518123443_800\" width=\"300\" height=\"300\" srcset=\"https:\/\/eldigitaldeasturias.com\/magazine365\/wp-content\/uploads\/2016\/05\/fotonoticia_20160518123443_800-300x300.jpg 300w, https:\/\/eldigitaldeasturias.com\/magazine365\/wp-content\/uploads\/2016\/05\/fotonoticia_20160518123443_800-640x640.jpg 640w, https:\/\/eldigitaldeasturias.com\/magazine365\/wp-content\/uploads\/2016\/05\/fotonoticia_20160518123443_800-768x768.jpg 768w, https:\/\/eldigitaldeasturias.com\/magazine365\/wp-content\/uploads\/2016\/05\/fotonoticia_20160518123443_800-150x150.jpg 150w, https:\/\/eldigitaldeasturias.com\/magazine365\/wp-content\/uploads\/2016\/05\/fotonoticia_20160518123443_800-450x450.jpg 450w, https:\/\/eldigitaldeasturias.com\/magazine365\/wp-content\/uploads\/2016\/05\/fotonoticia_20160518123443_800-50x50.jpg 50w, https:\/\/eldigitaldeasturias.com\/magazine365\/wp-content\/uploads\/2016\/05\/fotonoticia_20160518123443_800-301x300.jpg 301w, https:\/\/eldigitaldeasturias.com\/magazine365\/wp-content\/uploads\/2016\/05\/fotonoticia_20160518123443_800-135x135.jpg 135w, https:\/\/eldigitaldeasturias.com\/magazine365\/wp-content\/uploads\/2016\/05\/fotonoticia_20160518123443_800-100x100.jpg 100w, https:\/\/eldigitaldeasturias.com\/magazine365\/wp-content\/uploads\/2016\/05\/fotonoticia_20160518123443_800.jpg 800w\" sizes=\"(max-width: 300px) 100vw, 300px\" \/>La paella ha conseguido tener su &#8216;emoji&#8217; y estar\u00e1 disponible en todos los teclados de los dispositivos electr\u00f3nicos en unos meses. Es la primera vez que una campa\u00f1a colectiva determina la inclusi\u00f3n de un s\u00edmbolo en WhatsApp, seg\u00fan han informado fuentes de La Fallera, promotor de la iniciativa.<\/p>\n<p>La versi\u00f3n 9.0 de Unicode se lanzar\u00e1 incluyendo el &#8216;emoji&#8217; valenciano, que estar\u00e1 presente en el teclado de todos los dispositivos electr\u00f3nicos en unos meses.<\/p>\n<p>Unicode &#8211;consorcio formado por miembros de Apple, Google, Microsoft, IBM y Adobe, entre otros&#8211; certificar\u00e1 en junio la inclusi\u00f3n de la PaellaEmoji en su versi\u00f3n 9.0, por delante de las m\u00faltiples propuestas que debaten cada a\u00f1o.<\/p>\n<p>La PaellaEmoji fue aceptada como candidata el pasado 30 de julio \u00abpor razones de popularidad y ser demanda de varias comunidades\u00bb y pasar\u00e1 a ser uno de los 72 nuevos &#8216;emojis&#8217; del a\u00f1o. Una vez se haya adaptado a los requerimientos t\u00e9cnicos del lenguaje Unicode y que cada empresa desarrolle su propia versi\u00f3n, el &#8216;Shallow Pan of Food'(nombre t\u00e9cnico del PaellaEmoji) se incluir\u00e1 en la actualizaci\u00f3n del sistema operativo de todos los dispositivos.<\/p>\n<p>Es la primera ocasi\u00f3n que una petici\u00f3n colectiva para incluir un nuevo &#8216;emoji&#8217; acaba materializ\u00e1ndose. Ha sido \u00abla unanimidad social\u00bb y su \u00abaceptaci\u00f3n global\u00bb quienes han avalado la propuesta, despu\u00e9s de que en diciembre de 2014 se iniciar\u00e1 en Valencia el reclamo en busca de \u00abhacer justicia con uno de los platos m\u00e1s conocidos del mundo, icono de la gastronom\u00eda espa\u00f1ola y un pilar fundamental de la cultura valenciana\u00bb, seg\u00fan La Fallera, art\u00edfices de la iniciativa.<\/p>\n<p>\u00abPor eso, desde la inscripci\u00f3n del dise\u00f1o original, hemos estado muy atentos al proceso y velado para que el sentir mayoritario de la sociedad valenciana se viera reflejado en el &#8216;emoji'\u00bb, han explicado.<\/p>\n<p>La estrategia de la marca valenciana de arroz se ha basado en el comboi -generar alianzas para multiplicar el efecto de una propuesta-, vali\u00e9ndose de las redes sociales, de una figura como Eugeni Alemany al frente y de apoyos relevantes como el del chef Jos\u00e9 Andr\u00e9s. La campa\u00f1a se inici\u00f3 con un \u00f3rdago de Alemany en el entorno de la gala Wikipaella, pidiendo hablar con Tim Cook -director ejecutivo de Apple- y posteriormente con un viaje a Silicon Valley donde tuvieron lugar los primeros contactos con Unicode.<\/p>\n<p>M\u00e1s tarde la misi\u00f3n del paella emoji puso pie en Jap\u00f3n con el objetivo de modificar el dise\u00f1o propuesto por la influyente plataformaEmojipedia, que representaba una paella con guisantes, gambas y pollo. Con el apoyo de Shigetaka Kurita, creador de los emojis, la iniciativa lanz\u00f3 una causa -#ComboiPaellaEmoji- para que se respetara el dise\u00f1o de la paella tradicional. Fue trending topic mundial con 17.715 tuits y 7.886 usuarios en todo el mundo. Con una audiencia global estimada de 23 millones de usuarios y 60 millones de impresiones. Fue el espaldarazo definitivo, seg\u00fan las mismas fuentes.<\/p>\n<p>La aprobaci\u00f3n de la paella como nuevo &#8216;emoji&#8217; supone \u00abun hito\u00bb en el proceso revalorizador de uno de los m\u00e1ximos iconos de la cultura valenciana. \u00abLa paella es mucho m\u00e1s que un plato. Es cultura y tambi\u00e9n es econom\u00eda. Son miles los turistas gastron\u00f3micos que vienen cada a\u00f1o s\u00f3lo para probar nuestros arroces. Y la difusi\u00f3n que otorgar\u00e1 el &#8216;emoji&#8217; de la paella es una fant\u00e1stica campa\u00f1a tur\u00edstica internacional para nuestro pa\u00eds\u00bb, se\u00f1alan desde La Fallera.<\/p>\n<p>En opini\u00f3n de Eugeni Alemany \u00abha sido una experiencia muy divertida y al mismo tiempo emocionante. Muy contento por haber conseguido algo entre tanta gente. Algo que empez\u00f3 siendo muy peque\u00f1o en las redes y que se fue extendiendo pero sin dejar nunca de ser aut\u00e9ntico\u00bb.<\/p>\n","protected":false},"excerpt":{"rendered":"<p>La paella ha conseguido tener su &#8216;emoji&#8217; y estar\u00e1 disponible en todos los teclados de los dispositivos electr\u00f3nicos en unos meses. Es la primera vez que una campa\u00f1a colectiva determina la inclusi\u00f3n de un s\u00edmbolo en WhatsApp, seg\u00fan han informado fuentes de La Fallera, promotor de la iniciativa. La versi\u00f3n 9.0 de Unicode se lanzar\u00e1<\/p>\n","protected":false},"author":1,"featured_media":76319,"comment_status":"open","ping_status":"closed","sticky":false,"template":"","format":"standard","meta":{"footnotes":""},"categories":[224],"tags":[],"class_list":{"0":"post-76318","1":"post","2":"type-post","3":"status-publish","4":"format-standard","5":"has-post-thumbnail","7":"category-noticias-actualidad"},"aioseo_notices":[],"aioseo_head":"\n\t\t<!-- All in One SEO Pro 4.9.6.1 - aioseo.com -->\n\t<meta name=\"description\" content=\"La paella ha conseguido tener su &#039;emoji&#039; y estar\u00e1 disponible en todos los teclados de los dispositivos electr\u00f3nicos en unos meses. Es la primera vez que una campa\u00f1a colectiva determina la inclusi\u00f3n de un s\u00edmbolo en WhatsApp, seg\u00fan han informado fuentes de La Fallera, promotor de la iniciativa. La versi\u00f3n 9.0 de Unicode se lanzar\u00e1\" \/>\n\t<meta name=\"robots\" content=\"max-image-preview:large\" \/>\n\t<meta name=\"author\" content=\"admin\"\/>\n\t<meta name=\"google-site-verification\" content=\"UA-38556648-1\" \/>\n\t<meta name=\"keywords\" content=\"noticias y actualidad\" \/>\n\t<link rel=\"canonical\" href=\"https:\/\/eldigitaldeasturias.com\/magazine365\/la-paella-consigue-tener-su-emoji-en-whatsapp\/\" \/>\n\t<meta name=\"generator\" content=\"All in One SEO Pro (AIOSEO) 4.9.6.1\" \/>\n\t\t<meta property=\"og:locale\" content=\"es_ES\" \/>\n\t\t<meta property=\"og:site_name\" content=\"El Digital de Asturias \u2013 Revista de ocio, turismo y estilo de vida\" \/>\n\t\t<meta property=\"og:type\" content=\"article\" \/>\n\t\t<meta property=\"og:title\" content=\"La paella consigue tener su \u2018emoji\u2019 en WhatsApp | El Digital de Asturias\" \/>\n\t\t<meta property=\"og:description\" content=\"La paella ha conseguido tener su &#039;emoji&#039; y estar\u00e1 disponible en todos los teclados de los dispositivos electr\u00f3nicos en unos meses. Es la primera vez que una campa\u00f1a colectiva determina la inclusi\u00f3n de un s\u00edmbolo en WhatsApp, seg\u00fan han informado fuentes de La Fallera, promotor de la iniciativa. La versi\u00f3n 9.0 de Unicode se lanzar\u00e1\" \/>\n\t\t<meta property=\"og:url\" content=\"https:\/\/eldigitaldeasturias.com\/magazine365\/la-paella-consigue-tener-su-emoji-en-whatsapp\/\" \/>\n\t\t<meta property=\"og:image\" content=\"https:\/\/eldigitaldeasturias.com\/magazine365\/wp-content\/uploads\/2016\/05\/fotonoticia_20160518123443_800.jpg\" \/>\n\t\t<meta property=\"og:image:secure_url\" content=\"https:\/\/eldigitaldeasturias.com\/magazine365\/wp-content\/uploads\/2016\/05\/fotonoticia_20160518123443_800.jpg\" \/>\n\t\t<meta property=\"og:image:width\" content=\"800\" \/>\n\t\t<meta property=\"og:image:height\" content=\"800\" \/>\n\t\t<meta property=\"article:published_time\" content=\"2016-05-21T01:43:53+00:00\" \/>\n\t\t<meta property=\"article:modified_time\" content=\"2016-05-21T01:43:53+00:00\" \/>\n\t\t<meta name=\"twitter:card\" content=\"summary_large_image\" \/>\n\t\t<meta name=\"twitter:title\" content=\"La paella consigue tener su \u2018emoji\u2019 en WhatsApp | El Digital de Asturias\" \/>\n\t\t<meta name=\"twitter:description\" content=\"La paella ha conseguido tener su &#039;emoji&#039; y estar\u00e1 disponible en todos los teclados de los dispositivos electr\u00f3nicos en unos meses. Es la primera vez que una campa\u00f1a colectiva determina la inclusi\u00f3n de un s\u00edmbolo en WhatsApp, seg\u00fan han informado fuentes de La Fallera, promotor de la iniciativa. La versi\u00f3n 9.0 de Unicode se lanzar\u00e1\" \/>\n\t\t<meta name=\"twitter:image\" content=\"https:\/\/eldigitaldeasturias.com\/magazine365\/wp-content\/uploads\/2016\/05\/fotonoticia_20160518123443_800.jpg\" \/>\n\t\t<script type=\"application\/ld+json\" class=\"aioseo-schema\">\n\t\t\t{\"@context\":\"https:\\\/\\\/schema.org\",\"@graph\":[{\"@type\":\"Article\",\"@id\":\"https:\\\/\\\/eldigitaldeasturias.com\\\/magazine365\\\/la-paella-consigue-tener-su-emoji-en-whatsapp\\\/#article\",\"name\":\"La paella consigue tener su \\u2018emoji\\u2019 en WhatsApp | El Digital de Asturias\",\"headline\":\"La paella consigue tener su &#8216;emoji&#8217; en WhatsApp\",\"author\":{\"@id\":\"https:\\\/\\\/eldigitaldeasturias.com\\\/magazine365\\\/author\\\/admin\\\/#author\"},\"publisher\":{\"@id\":\"https:\\\/\\\/eldigitaldeasturias.com\\\/magazine365\\\/#organization\"},\"image\":{\"@type\":\"ImageObject\",\"url\":\"https:\\\/\\\/eldigitaldeasturias.com\\\/magazine365\\\/wp-content\\\/uploads\\\/2016\\\/05\\\/fotonoticia_20160518123443_800.jpg\",\"width\":800,\"height\":800},\"datePublished\":\"2016-05-21T03:43:53+02:00\",\"dateModified\":\"2016-05-21T03:43:53+02:00\",\"inLanguage\":\"es-ES\",\"mainEntityOfPage\":{\"@id\":\"https:\\\/\\\/eldigitaldeasturias.com\\\/magazine365\\\/la-paella-consigue-tener-su-emoji-en-whatsapp\\\/#webpage\"},\"isPartOf\":{\"@id\":\"https:\\\/\\\/eldigitaldeasturias.com\\\/magazine365\\\/la-paella-consigue-tener-su-emoji-en-whatsapp\\\/#webpage\"},\"articleSection\":\"Noticias y Actualidad\"},{\"@type\":\"BreadcrumbList\",\"@id\":\"https:\\\/\\\/eldigitaldeasturias.com\\\/magazine365\\\/la-paella-consigue-tener-su-emoji-en-whatsapp\\\/#breadcrumblist\",\"itemListElement\":[{\"@type\":\"ListItem\",\"@id\":\"https:\\\/\\\/eldigitaldeasturias.com\\\/magazine365#listItem\",\"position\":1,\"name\":\"Home\",\"item\":\"https:\\\/\\\/eldigitaldeasturias.com\\\/magazine365\",\"nextItem\":{\"@type\":\"ListItem\",\"@id\":\"https:\\\/\\\/eldigitaldeasturias.com\\\/magazine365\\\/category\\\/noticias-actualidad\\\/#listItem\",\"name\":\"Noticias y Actualidad\"}},{\"@type\":\"ListItem\",\"@id\":\"https:\\\/\\\/eldigitaldeasturias.com\\\/magazine365\\\/category\\\/noticias-actualidad\\\/#listItem\",\"position\":2,\"name\":\"Noticias y Actualidad\",\"item\":\"https:\\\/\\\/eldigitaldeasturias.com\\\/magazine365\\\/category\\\/noticias-actualidad\\\/\",\"nextItem\":{\"@type\":\"ListItem\",\"@id\":\"https:\\\/\\\/eldigitaldeasturias.com\\\/magazine365\\\/la-paella-consigue-tener-su-emoji-en-whatsapp\\\/#listItem\",\"name\":\"La paella consigue tener su &#8216;emoji&#8217; en WhatsApp\"},\"previousItem\":{\"@type\":\"ListItem\",\"@id\":\"https:\\\/\\\/eldigitaldeasturias.com\\\/magazine365#listItem\",\"name\":\"Home\"}},{\"@type\":\"ListItem\",\"@id\":\"https:\\\/\\\/eldigitaldeasturias.com\\\/magazine365\\\/la-paella-consigue-tener-su-emoji-en-whatsapp\\\/#listItem\",\"position\":3,\"name\":\"La paella consigue tener su &#8216;emoji&#8217; en WhatsApp\",\"previousItem\":{\"@type\":\"ListItem\",\"@id\":\"https:\\\/\\\/eldigitaldeasturias.com\\\/magazine365\\\/category\\\/noticias-actualidad\\\/#listItem\",\"name\":\"Noticias y Actualidad\"}}]},{\"@type\":\"Organization\",\"@id\":\"https:\\\/\\\/eldigitaldeasturias.com\\\/magazine365\\\/#organization\",\"name\":\"El digital de Asturias\",\"description\":\"Revista de ocio, turismo y estilo de vida\",\"url\":\"https:\\\/\\\/eldigitaldeasturias.com\\\/magazine365\\\/\",\"logo\":{\"@type\":\"ImageObject\",\"url\":\"https:\\\/\\\/www.eldigitaldeasturias.com\\\/noticias\\\/wp-content\\\/uploads\\\/2020\\\/12\\\/EDA.jpg\",\"@id\":\"https:\\\/\\\/eldigitaldeasturias.com\\\/magazine365\\\/la-paella-consigue-tener-su-emoji-en-whatsapp\\\/#organizationLogo\"},\"image\":{\"@id\":\"https:\\\/\\\/eldigitaldeasturias.com\\\/magazine365\\\/la-paella-consigue-tener-su-emoji-en-whatsapp\\\/#organizationLogo\"}},{\"@type\":\"Person\",\"@id\":\"https:\\\/\\\/eldigitaldeasturias.com\\\/magazine365\\\/author\\\/admin\\\/#author\",\"url\":\"https:\\\/\\\/eldigitaldeasturias.com\\\/magazine365\\\/author\\\/admin\\\/\",\"name\":\"admin\",\"image\":{\"@type\":\"ImageObject\",\"@id\":\"https:\\\/\\\/eldigitaldeasturias.com\\\/magazine365\\\/la-paella-consigue-tener-su-emoji-en-whatsapp\\\/#authorImage\",\"url\":\"https:\\\/\\\/eldigitaldeasturias.com\\\/magazine365\\\/wp-content\\\/litespeed\\\/avatar\\\/e571bcf59a0edd6fa6838245a470f2fe.jpg?ver=1777574230\",\"width\":96,\"height\":96,\"caption\":\"admin\"}},{\"@type\":\"WebPage\",\"@id\":\"https:\\\/\\\/eldigitaldeasturias.com\\\/magazine365\\\/la-paella-consigue-tener-su-emoji-en-whatsapp\\\/#webpage\",\"url\":\"https:\\\/\\\/eldigitaldeasturias.com\\\/magazine365\\\/la-paella-consigue-tener-su-emoji-en-whatsapp\\\/\",\"name\":\"La paella consigue tener su \\u2018emoji\\u2019 en WhatsApp | El Digital de Asturias\",\"description\":\"La paella ha conseguido tener su 'emoji' y estar\\u00e1 disponible en todos los teclados de los dispositivos electr\\u00f3nicos en unos meses. Es la primera vez que una campa\\u00f1a colectiva determina la inclusi\\u00f3n de un s\\u00edmbolo en WhatsApp, seg\\u00fan han informado fuentes de La Fallera, promotor de la iniciativa. La versi\\u00f3n 9.0 de Unicode se lanzar\\u00e1\",\"inLanguage\":\"es-ES\",\"isPartOf\":{\"@id\":\"https:\\\/\\\/eldigitaldeasturias.com\\\/magazine365\\\/#website\"},\"breadcrumb\":{\"@id\":\"https:\\\/\\\/eldigitaldeasturias.com\\\/magazine365\\\/la-paella-consigue-tener-su-emoji-en-whatsapp\\\/#breadcrumblist\"},\"author\":{\"@id\":\"https:\\\/\\\/eldigitaldeasturias.com\\\/magazine365\\\/author\\\/admin\\\/#author\"},\"creator\":{\"@id\":\"https:\\\/\\\/eldigitaldeasturias.com\\\/magazine365\\\/author\\\/admin\\\/#author\"},\"image\":{\"@type\":\"ImageObject\",\"url\":\"https:\\\/\\\/eldigitaldeasturias.com\\\/magazine365\\\/wp-content\\\/uploads\\\/2016\\\/05\\\/fotonoticia_20160518123443_800.jpg\",\"@id\":\"https:\\\/\\\/eldigitaldeasturias.com\\\/magazine365\\\/la-paella-consigue-tener-su-emoji-en-whatsapp\\\/#mainImage\",\"width\":800,\"height\":800},\"primaryImageOfPage\":{\"@id\":\"https:\\\/\\\/eldigitaldeasturias.com\\\/magazine365\\\/la-paella-consigue-tener-su-emoji-en-whatsapp\\\/#mainImage\"},\"datePublished\":\"2016-05-21T03:43:53+02:00\",\"dateModified\":\"2016-05-21T03:43:53+02:00\"},{\"@type\":\"WebSite\",\"@id\":\"https:\\\/\\\/eldigitaldeasturias.com\\\/magazine365\\\/#website\",\"url\":\"https:\\\/\\\/eldigitaldeasturias.com\\\/magazine365\\\/\",\"name\":\"El Digital de Asturias\",\"description\":\"Revista de ocio, turismo y estilo de vida\",\"inLanguage\":\"es-ES\",\"publisher\":{\"@id\":\"https:\\\/\\\/eldigitaldeasturias.com\\\/magazine365\\\/#organization\"}}]}\n\t\t<\/script>\n\t\t<!-- All in One SEO Pro -->\r\n\t\t<title>La paella consigue tener su \u2018emoji\u2019 en WhatsApp | El Digital de Asturias<\/title>\n\n","aioseo_head_json":{"title":"La paella consigue tener su \u2018emoji\u2019 en WhatsApp | El Digital de Asturias","description":"La paella ha conseguido tener su 'emoji' y estar\u00e1 disponible en todos los teclados de los dispositivos electr\u00f3nicos en unos meses. Es la primera vez que una campa\u00f1a colectiva determina la inclusi\u00f3n de un s\u00edmbolo en WhatsApp, seg\u00fan han informado fuentes de La Fallera, promotor de la iniciativa. La versi\u00f3n 9.0 de Unicode se lanzar\u00e1","canonical_url":"https:\/\/eldigitaldeasturias.com\/magazine365\/la-paella-consigue-tener-su-emoji-en-whatsapp\/","robots":"max-image-preview:large","keywords":"noticias y actualidad","webmasterTools":{"google-site-verification":"UA-38556648-1","miscellaneous":""},"schema":{"@context":"https:\/\/schema.org","@graph":[{"@type":"Article","@id":"https:\/\/eldigitaldeasturias.com\/magazine365\/la-paella-consigue-tener-su-emoji-en-whatsapp\/#article","name":"La paella consigue tener su \u2018emoji\u2019 en WhatsApp | El Digital de Asturias","headline":"La paella consigue tener su &#8216;emoji&#8217; en WhatsApp","author":{"@id":"https:\/\/eldigitaldeasturias.com\/magazine365\/author\/admin\/#author"},"publisher":{"@id":"https:\/\/eldigitaldeasturias.com\/magazine365\/#organization"},"image":{"@type":"ImageObject","url":"https:\/\/eldigitaldeasturias.com\/magazine365\/wp-content\/uploads\/2016\/05\/fotonoticia_20160518123443_800.jpg","width":800,"height":800},"datePublished":"2016-05-21T03:43:53+02:00","dateModified":"2016-05-21T03:43:53+02:00","inLanguage":"es-ES","mainEntityOfPage":{"@id":"https:\/\/eldigitaldeasturias.com\/magazine365\/la-paella-consigue-tener-su-emoji-en-whatsapp\/#webpage"},"isPartOf":{"@id":"https:\/\/eldigitaldeasturias.com\/magazine365\/la-paella-consigue-tener-su-emoji-en-whatsapp\/#webpage"},"articleSection":"Noticias y Actualidad"},{"@type":"BreadcrumbList","@id":"https:\/\/eldigitaldeasturias.com\/magazine365\/la-paella-consigue-tener-su-emoji-en-whatsapp\/#breadcrumblist","itemListElement":[{"@type":"ListItem","@id":"https:\/\/eldigitaldeasturias.com\/magazine365#listItem","position":1,"name":"Home","item":"https:\/\/eldigitaldeasturias.com\/magazine365","nextItem":{"@type":"ListItem","@id":"https:\/\/eldigitaldeasturias.com\/magazine365\/category\/noticias-actualidad\/#listItem","name":"Noticias y Actualidad"}},{"@type":"ListItem","@id":"https:\/\/eldigitaldeasturias.com\/magazine365\/category\/noticias-actualidad\/#listItem","position":2,"name":"Noticias y Actualidad","item":"https:\/\/eldigitaldeasturias.com\/magazine365\/category\/noticias-actualidad\/","nextItem":{"@type":"ListItem","@id":"https:\/\/eldigitaldeasturias.com\/magazine365\/la-paella-consigue-tener-su-emoji-en-whatsapp\/#listItem","name":"La paella consigue tener su &#8216;emoji&#8217; en WhatsApp"},"previousItem":{"@type":"ListItem","@id":"https:\/\/eldigitaldeasturias.com\/magazine365#listItem","name":"Home"}},{"@type":"ListItem","@id":"https:\/\/eldigitaldeasturias.com\/magazine365\/la-paella-consigue-tener-su-emoji-en-whatsapp\/#listItem","position":3,"name":"La paella consigue tener su &#8216;emoji&#8217; en WhatsApp","previousItem":{"@type":"ListItem","@id":"https:\/\/eldigitaldeasturias.com\/magazine365\/category\/noticias-actualidad\/#listItem","name":"Noticias y Actualidad"}}]},{"@type":"Organization","@id":"https:\/\/eldigitaldeasturias.com\/magazine365\/#organization","name":"El digital de Asturias","description":"Revista de ocio, turismo y estilo de vida","url":"https:\/\/eldigitaldeasturias.com\/magazine365\/","logo":{"@type":"ImageObject","url":"https:\/\/www.eldigitaldeasturias.com\/noticias\/wp-content\/uploads\/2020\/12\/EDA.jpg","@id":"https:\/\/eldigitaldeasturias.com\/magazine365\/la-paella-consigue-tener-su-emoji-en-whatsapp\/#organizationLogo"},"image":{"@id":"https:\/\/eldigitaldeasturias.com\/magazine365\/la-paella-consigue-tener-su-emoji-en-whatsapp\/#organizationLogo"}},{"@type":"Person","@id":"https:\/\/eldigitaldeasturias.com\/magazine365\/author\/admin\/#author","url":"https:\/\/eldigitaldeasturias.com\/magazine365\/author\/admin\/","name":"admin","image":{"@type":"ImageObject","@id":"https:\/\/eldigitaldeasturias.com\/magazine365\/la-paella-consigue-tener-su-emoji-en-whatsapp\/#authorImage","url":"https:\/\/eldigitaldeasturias.com\/magazine365\/wp-content\/litespeed\/avatar\/e571bcf59a0edd6fa6838245a470f2fe.jpg?ver=1777574230","width":96,"height":96,"caption":"admin"}},{"@type":"WebPage","@id":"https:\/\/eldigitaldeasturias.com\/magazine365\/la-paella-consigue-tener-su-emoji-en-whatsapp\/#webpage","url":"https:\/\/eldigitaldeasturias.com\/magazine365\/la-paella-consigue-tener-su-emoji-en-whatsapp\/","name":"La paella consigue tener su \u2018emoji\u2019 en WhatsApp | El Digital de Asturias","description":"La paella ha conseguido tener su 'emoji' y estar\u00e1 disponible en todos los teclados de los dispositivos electr\u00f3nicos en unos meses. Es la primera vez que una campa\u00f1a colectiva determina la inclusi\u00f3n de un s\u00edmbolo en WhatsApp, seg\u00fan han informado fuentes de La Fallera, promotor de la iniciativa. La versi\u00f3n 9.0 de Unicode se lanzar\u00e1","inLanguage":"es-ES","isPartOf":{"@id":"https:\/\/eldigitaldeasturias.com\/magazine365\/#website"},"breadcrumb":{"@id":"https:\/\/eldigitaldeasturias.com\/magazine365\/la-paella-consigue-tener-su-emoji-en-whatsapp\/#breadcrumblist"},"author":{"@id":"https:\/\/eldigitaldeasturias.com\/magazine365\/author\/admin\/#author"},"creator":{"@id":"https:\/\/eldigitaldeasturias.com\/magazine365\/author\/admin\/#author"},"image":{"@type":"ImageObject","url":"https:\/\/eldigitaldeasturias.com\/magazine365\/wp-content\/uploads\/2016\/05\/fotonoticia_20160518123443_800.jpg","@id":"https:\/\/eldigitaldeasturias.com\/magazine365\/la-paella-consigue-tener-su-emoji-en-whatsapp\/#mainImage","width":800,"height":800},"primaryImageOfPage":{"@id":"https:\/\/eldigitaldeasturias.com\/magazine365\/la-paella-consigue-tener-su-emoji-en-whatsapp\/#mainImage"},"datePublished":"2016-05-21T03:43:53+02:00","dateModified":"2016-05-21T03:43:53+02:00"},{"@type":"WebSite","@id":"https:\/\/eldigitaldeasturias.com\/magazine365\/#website","url":"https:\/\/eldigitaldeasturias.com\/magazine365\/","name":"El Digital de Asturias","description":"Revista de ocio, turismo y estilo de vida","inLanguage":"es-ES","publisher":{"@id":"https:\/\/eldigitaldeasturias.com\/magazine365\/#organization"}}]},"og:locale":"es_ES","og:site_name":"El Digital de Asturias \u2013 Revista de ocio, turismo y estilo de vida","og:type":"article","og:title":"La paella consigue tener su \u2018emoji\u2019 en WhatsApp | El Digital de Asturias","og:description":"La paella ha conseguido tener su 'emoji' y estar\u00e1 disponible en todos los teclados de los dispositivos electr\u00f3nicos en unos meses. Es la primera vez que una campa\u00f1a colectiva determina la inclusi\u00f3n de un s\u00edmbolo en WhatsApp, seg\u00fan han informado fuentes de La Fallera, promotor de la iniciativa. La versi\u00f3n 9.0 de Unicode se lanzar\u00e1","og:url":"https:\/\/eldigitaldeasturias.com\/magazine365\/la-paella-consigue-tener-su-emoji-en-whatsapp\/","og:image":"https:\/\/eldigitaldeasturias.com\/magazine365\/wp-content\/uploads\/2016\/05\/fotonoticia_20160518123443_800.jpg","og:image:secure_url":"https:\/\/eldigitaldeasturias.com\/magazine365\/wp-content\/uploads\/2016\/05\/fotonoticia_20160518123443_800.jpg","og:image:width":800,"og:image:height":800,"article:published_time":"2016-05-21T01:43:53+00:00","article:modified_time":"2016-05-21T01:43:53+00:00","twitter:card":"summary_large_image","twitter:title":"La paella consigue tener su \u2018emoji\u2019 en WhatsApp | El Digital de Asturias","twitter:description":"La paella ha conseguido tener su 'emoji' y estar\u00e1 disponible en todos los teclados de los dispositivos electr\u00f3nicos en unos meses. Es la primera vez que una campa\u00f1a colectiva determina la inclusi\u00f3n de un s\u00edmbolo en WhatsApp, seg\u00fan han informado fuentes de La Fallera, promotor de la iniciativa. La versi\u00f3n 9.0 de Unicode se lanzar\u00e1","twitter:image":"https:\/\/eldigitaldeasturias.com\/magazine365\/wp-content\/uploads\/2016\/05\/fotonoticia_20160518123443_800.jpg"},"aioseo_meta_data":{"post_id":"76318","title":null,"description":null,"keywords":null,"keyphrases":null,"primary_term":null,"canonical_url":null,"og_title":null,"og_description":null,"og_object_type":"default","og_image_type":"default","og_image_url":null,"og_image_width":null,"og_image_height":null,"og_image_custom_url":null,"og_image_custom_fields":null,"og_video":null,"og_custom_url":null,"og_article_section":null,"og_article_tags":null,"twitter_use_og":false,"twitter_card":"default","twitter_image_type":"default","twitter_image_url":null,"twitter_image_custom_url":null,"twitter_image_custom_fields":null,"twitter_title":null,"twitter_description":null,"schema":{"blockGraphs":[],"customGraphs":[],"default":{"data":{"Article":[],"Course":[],"Dataset":[],"FAQPage":[],"Movie":[],"Person":[],"Product":[],"ProductReview":[],"Car":[],"Recipe":[],"Service":[],"SoftwareApplication":[],"WebPage":[]},"graphName":"","isEnabled":true},"graphs":[],"defaultGraph":"","defaultPostTypeGraph":""},"schema_type":null,"schema_type_options":null,"pillar_content":false,"robots_default":true,"robots_noindex":false,"robots_noarchive":false,"robots_nosnippet":false,"robots_nofollow":false,"robots_noimageindex":false,"robots_noodp":false,"robots_notranslate":false,"robots_max_snippet":null,"robots_max_videopreview":null,"robots_max_imagepreview":"large","priority":null,"frequency":null,"location":null,"local_seo":null,"seo_analyzer_scan_date":"2025-09-27 12:20:53","breadcrumb_settings":null,"limit_modified_date":false,"open_ai":null,"ai":null,"created":"2021-03-08 18:29:46","updated":"2025-09-27 12:20:53"},"aioseo_breadcrumb":"<div class=\"aioseo-breadcrumbs\"><span class=\"aioseo-breadcrumb\">\n\t<a href=\"https:\/\/eldigitaldeasturias.com\/magazine365\" title=\"Home\">Home<\/a>\n<\/span><span class=\"aioseo-breadcrumb-separator\">\u2013<\/span><span class=\"aioseo-breadcrumb\">\n\t<a href=\"https:\/\/eldigitaldeasturias.com\/magazine365\/category\/noticias-actualidad\/\" title=\"Noticias y Actualidad\">Noticias y Actualidad<\/a>\n<\/span><span class=\"aioseo-breadcrumb-separator\">\u2013<\/span><span class=\"aioseo-breadcrumb\">\n\t<a href=\"https:\/\/eldigitaldeasturias.com\/magazine365\/la-paella-consigue-tener-su-emoji-en-whatsapp\/\" title=\"La paella consigue tener su \u2018emoji\u2019 en WhatsApp\">La paella consigue tener su \u2018emoji\u2019 en WhatsApp<\/a>\n<\/span><\/div>","aioseo_breadcrumb_json":[{"label":"Home","link":"https:\/\/eldigitaldeasturias.com\/magazine365"},{"label":"Noticias y Actualidad","link":"https:\/\/eldigitaldeasturias.com\/magazine365\/category\/noticias-actualidad\/"},{"label":"La paella consigue tener su &#8216;emoji&#8217; en WhatsApp","link":"https:\/\/eldigitaldeasturias.com\/magazine365\/la-paella-consigue-tener-su-emoji-en-whatsapp\/"}],"_links":{"self":[{"href":"https:\/\/eldigitaldeasturias.com\/magazine365\/wp-json\/wp\/v2\/posts\/76318","targetHints":{"allow":["GET"]}}],"collection":[{"href":"https:\/\/eldigitaldeasturias.com\/magazine365\/wp-json\/wp\/v2\/posts"}],"about":[{"href":"https:\/\/eldigitaldeasturias.com\/magazine365\/wp-json\/wp\/v2\/types\/post"}],"author":[{"embeddable":true,"href":"https:\/\/eldigitaldeasturias.com\/magazine365\/wp-json\/wp\/v2\/users\/1"}],"replies":[{"embeddable":true,"href":"https:\/\/eldigitaldeasturias.com\/magazine365\/wp-json\/wp\/v2\/comments?post=76318"}],"version-history":[{"count":0,"href":"https:\/\/eldigitaldeasturias.com\/magazine365\/wp-json\/wp\/v2\/posts\/76318\/revisions"}],"wp:featuredmedia":[{"embeddable":true,"href":"https:\/\/eldigitaldeasturias.com\/magazine365\/wp-json\/wp\/v2\/media\/76319"}],"wp:attachment":[{"href":"https:\/\/eldigitaldeasturias.com\/magazine365\/wp-json\/wp\/v2\/media?parent=76318"}],"wp:term":[{"taxonomy":"category","embeddable":true,"href":"https:\/\/eldigitaldeasturias.com\/magazine365\/wp-json\/wp\/v2\/categories?post=76318"},{"taxonomy":"post_tag","embeddable":true,"href":"https:\/\/eldigitaldeasturias.com\/magazine365\/wp-json\/wp\/v2\/tags?post=76318"}],"curies":[{"name":"wp","href":"https:\/\/api.w.org\/{rel}","templated":true}]}}