{"id":76309,"date":"2016-05-21T03:41:13","date_gmt":"2016-05-21T01:41:13","guid":{"rendered":"http:\/\/eldigitaldeasturias.com\/magazine365\/?p=76309"},"modified":"2016-05-21T03:41:13","modified_gmt":"2016-05-21T01:41:13","slug":"margallo-cree-que-espana-haria-mal-en-mantenerse-al-margen-de-la-normalizacion-de-relaciones-con-cuba","status":"publish","type":"post","link":"https:\/\/eldigitaldeasturias.com\/magazine365\/margallo-cree-que-espana-haria-mal-en-mantenerse-al-margen-de-la-normalizacion-de-relaciones-con-cuba\/","title":{"rendered":"Margallo cree que Espa\u00f1a \u00abhar\u00eda mal\u00bb en mantenerse al margen de la normalizaci\u00f3n de relaciones con Cuba"},"content":{"rendered":"<p><img fetchpriority=\"high\" decoding=\"async\" class=\"alignleft size-medium wp-image-76310\" src=\"https:\/\/eldigitaldeasturias.com\/magazine365\/wp-content\/uploads\/2016\/05\/fotonoticia_20160518121211_800-360x250.jpg\" alt=\"fotonoticia_20160518121211_800\" width=\"360\" height=\"250\" srcset=\"https:\/\/eldigitaldeasturias.com\/magazine365\/wp-content\/uploads\/2016\/05\/fotonoticia_20160518121211_800-360x250.jpg 360w, https:\/\/eldigitaldeasturias.com\/magazine365\/wp-content\/uploads\/2016\/05\/fotonoticia_20160518121211_800-650x451.jpg 650w, https:\/\/eldigitaldeasturias.com\/magazine365\/wp-content\/uploads\/2016\/05\/fotonoticia_20160518121211_800-768x533.jpg 768w, https:\/\/eldigitaldeasturias.com\/magazine365\/wp-content\/uploads\/2016\/05\/fotonoticia_20160518121211_800-150x104.jpg 150w, https:\/\/eldigitaldeasturias.com\/magazine365\/wp-content\/uploads\/2016\/05\/fotonoticia_20160518121211_800-450x312.jpg 450w, https:\/\/eldigitaldeasturias.com\/magazine365\/wp-content\/uploads\/2016\/05\/fotonoticia_20160518121211_800.jpg 800w\" sizes=\"(max-width: 360px) 100vw, 360px\" \/>Espa\u00f1a \u00abhar\u00eda mal en mantenerse al margen\u00bb de la normalizaci\u00f3n de relaciones de Cuba con EEUU y la UE y si se dejara \u00abadelantar por la derecha y la izquierda\u00bb, opina el ministro de Asuntos Exteriores y de Cooperaci\u00f3n en funciones, Jos\u00e9 Manuel Garc\u00eda-Margallo, que este fin de semana pasado efectu\u00f3 su segunda visita a la isla, en la que, esta vez s\u00ed, fue recibido por el presidente Ra\u00fal Castro.<\/p>\n<p>\u00abEspa\u00f1a no pod\u00eda ser, siendo lo que somos y hemos sido en Cuba, el \u00fanico pa\u00eds que tuviese reticencias\u00bb en visitar Cuba, ha se\u00f1alado en declaraciones a TVE recogidas por Europa Press y despu\u00e9s de ser preguntado si con su visita no ha contribuido a mantener la dictadura cubana.<\/p>\n<p>Garc\u00eda-Margallo ha querido subrayar que su segunda visita a Cuba se produce despu\u00e9s de que hayan viajado a la isla el Papa Francisco, el presidente estadounidense, Barack Obama, y \u00abpr\u00e1cticamente todos los l\u00edderes europeos\u00bb, y despu\u00e9s de que la UE haya firmado con Cuba un acuerdo pol\u00edtico que incluye un cap\u00edtulo de Derechos Humanos.<\/p>\n<p>El ministro ha subrayado adem\u00e1s que Espa\u00f1a es el tercer socio comercial de Cuba, solo por detr\u00e1s de China y Venezuela, que hay m\u00e1s de 200 empresas espa\u00f1olas presentes en la isla, que el 90 por ciento de los hoteles de cinco estrellas de la isla est\u00e1n en manos de compa\u00f1\u00edas espa\u00f1olas y que estas compa\u00f1\u00edas acaban de conseguir nuevas licitaciones para construir m\u00e1s complejos hoteleros. Tambi\u00e9n ha revelado que empresas espa\u00f1olas aspiran a construir cuatro aeropuertos en la isla.<\/p>\n<p>\u00abLa poblaci\u00f3n cubana lo que quiere fundamentalmente es progreso econ\u00f3mico. Y vamos a ayudar en eso\u00bb, ha dicho el ministro, que ha se\u00f1alado que el Gobierno espa\u00f1ol mantiene un \u00abcontacto normal con la sociedad civil\u00bb, afirmaci\u00f3n que llega justo un d\u00eda despu\u00e9s de que la periodista y activista cubana Yoani S\u00e1nchez pidiese a los europeos que se reunieran p\u00fablicamente con la oposici\u00f3n cuando visitasen la isla.<\/p>\n","protected":false},"excerpt":{"rendered":"<p>Espa\u00f1a \u00abhar\u00eda mal en mantenerse al margen\u00bb de la normalizaci\u00f3n de relaciones de Cuba con EEUU y la UE y si se dejara \u00abadelantar por la derecha y la izquierda\u00bb, opina el ministro de Asuntos Exteriores y de Cooperaci\u00f3n en funciones, Jos\u00e9 Manuel Garc\u00eda-Margallo, que este fin de semana pasado efectu\u00f3 su segunda visita a<\/p>\n","protected":false},"author":1,"featured_media":76310,"comment_status":"open","ping_status":"closed","sticky":false,"template":"","format":"standard","meta":{"footnotes":""},"categories":[224],"tags":[],"class_list":{"0":"post-76309","1":"post","2":"type-post","3":"status-publish","4":"format-standard","5":"has-post-thumbnail","7":"category-noticias-actualidad"},"aioseo_notices":[],"aioseo_head":"\n\t\t<!-- All in One SEO Pro 4.9.6.1 - aioseo.com -->\n\t<meta name=\"description\" content=\"Espa\u00f1a &quot;har\u00eda mal en mantenerse al margen&quot; de la normalizaci\u00f3n de relaciones de Cuba con EEUU y la UE y si se dejara &quot;adelantar por la derecha y la izquierda&quot;, opina el ministro de Asuntos Exteriores y de Cooperaci\u00f3n en funciones, Jos\u00e9 Manuel Garc\u00eda-Margallo, que este fin de semana pasado efectu\u00f3 su segunda visita a\" \/>\n\t<meta name=\"robots\" content=\"max-image-preview:large\" \/>\n\t<meta name=\"author\" content=\"admin\"\/>\n\t<meta name=\"google-site-verification\" content=\"UA-38556648-1\" \/>\n\t<meta name=\"keywords\" content=\"noticias y actualidad\" \/>\n\t<link rel=\"canonical\" href=\"https:\/\/eldigitaldeasturias.com\/magazine365\/margallo-cree-que-espana-haria-mal-en-mantenerse-al-margen-de-la-normalizacion-de-relaciones-con-cuba\/\" \/>\n\t<meta name=\"generator\" content=\"All in One SEO Pro (AIOSEO) 4.9.6.1\" \/>\n\t\t<meta property=\"og:locale\" content=\"es_ES\" \/>\n\t\t<meta property=\"og:site_name\" content=\"El Digital de Asturias \u2013 Revista de ocio, turismo y estilo de vida\" \/>\n\t\t<meta property=\"og:type\" content=\"article\" \/>\n\t\t<meta property=\"og:title\" content=\"Margallo cree que Espa\u00f1a \u00abhar\u00eda mal\u00bb en mantenerse al margen de la normalizaci\u00f3n de relaciones con Cuba | El Digital de Asturias\" \/>\n\t\t<meta property=\"og:description\" content=\"Espa\u00f1a &quot;har\u00eda mal en mantenerse al margen&quot; de la normalizaci\u00f3n de relaciones de Cuba con EEUU y la UE y si se dejara &quot;adelantar por la derecha y la izquierda&quot;, opina el ministro de Asuntos Exteriores y de Cooperaci\u00f3n en funciones, Jos\u00e9 Manuel Garc\u00eda-Margallo, que este fin de semana pasado efectu\u00f3 su segunda visita a\" \/>\n\t\t<meta property=\"og:url\" content=\"https:\/\/eldigitaldeasturias.com\/magazine365\/margallo-cree-que-espana-haria-mal-en-mantenerse-al-margen-de-la-normalizacion-de-relaciones-con-cuba\/\" \/>\n\t\t<meta property=\"og:image\" content=\"https:\/\/eldigitaldeasturias.com\/magazine365\/wp-content\/uploads\/2016\/05\/fotonoticia_20160518121211_800.jpg\" \/>\n\t\t<meta property=\"og:image:secure_url\" content=\"https:\/\/eldigitaldeasturias.com\/magazine365\/wp-content\/uploads\/2016\/05\/fotonoticia_20160518121211_800.jpg\" \/>\n\t\t<meta property=\"og:image:width\" content=\"800\" \/>\n\t\t<meta property=\"og:image:height\" content=\"555\" \/>\n\t\t<meta property=\"article:published_time\" content=\"2016-05-21T01:41:13+00:00\" \/>\n\t\t<meta property=\"article:modified_time\" content=\"2016-05-21T01:41:13+00:00\" \/>\n\t\t<meta name=\"twitter:card\" content=\"summary_large_image\" \/>\n\t\t<meta name=\"twitter:title\" content=\"Margallo cree que Espa\u00f1a \u00abhar\u00eda mal\u00bb en mantenerse al margen de la normalizaci\u00f3n de relaciones con Cuba | El Digital de Asturias\" \/>\n\t\t<meta name=\"twitter:description\" content=\"Espa\u00f1a &quot;har\u00eda mal en mantenerse al margen&quot; de la normalizaci\u00f3n de relaciones de Cuba con EEUU y la UE y si se dejara &quot;adelantar por la derecha y la izquierda&quot;, opina el ministro de Asuntos Exteriores y de Cooperaci\u00f3n en funciones, Jos\u00e9 Manuel Garc\u00eda-Margallo, que este fin de semana pasado efectu\u00f3 su segunda visita a\" \/>\n\t\t<meta name=\"twitter:image\" content=\"https:\/\/eldigitaldeasturias.com\/magazine365\/wp-content\/uploads\/2016\/05\/fotonoticia_20160518121211_800.jpg\" \/>\n\t\t<script type=\"application\/ld+json\" class=\"aioseo-schema\">\n\t\t\t{\"@context\":\"https:\\\/\\\/schema.org\",\"@graph\":[{\"@type\":\"Article\",\"@id\":\"https:\\\/\\\/eldigitaldeasturias.com\\\/magazine365\\\/margallo-cree-que-espana-haria-mal-en-mantenerse-al-margen-de-la-normalizacion-de-relaciones-con-cuba\\\/#article\",\"name\":\"Margallo cree que Espa\\u00f1a \\u00abhar\\u00eda mal\\u00bb en mantenerse al margen de la normalizaci\\u00f3n de relaciones con Cuba | El Digital de Asturias\",\"headline\":\"Margallo cree que Espa\\u00f1a \\u00abhar\\u00eda mal\\u00bb en mantenerse al margen de la normalizaci\\u00f3n de relaciones con Cuba\",\"author\":{\"@id\":\"https:\\\/\\\/eldigitaldeasturias.com\\\/magazine365\\\/author\\\/admin\\\/#author\"},\"publisher\":{\"@id\":\"https:\\\/\\\/eldigitaldeasturias.com\\\/magazine365\\\/#organization\"},\"image\":{\"@type\":\"ImageObject\",\"url\":\"https:\\\/\\\/eldigitaldeasturias.com\\\/magazine365\\\/wp-content\\\/uploads\\\/2016\\\/05\\\/fotonoticia_20160518121211_800.jpg\",\"width\":800,\"height\":555},\"datePublished\":\"2016-05-21T03:41:13+02:00\",\"dateModified\":\"2016-05-21T03:41:13+02:00\",\"inLanguage\":\"es-ES\",\"mainEntityOfPage\":{\"@id\":\"https:\\\/\\\/eldigitaldeasturias.com\\\/magazine365\\\/margallo-cree-que-espana-haria-mal-en-mantenerse-al-margen-de-la-normalizacion-de-relaciones-con-cuba\\\/#webpage\"},\"isPartOf\":{\"@id\":\"https:\\\/\\\/eldigitaldeasturias.com\\\/magazine365\\\/margallo-cree-que-espana-haria-mal-en-mantenerse-al-margen-de-la-normalizacion-de-relaciones-con-cuba\\\/#webpage\"},\"articleSection\":\"Noticias y Actualidad\"},{\"@type\":\"BreadcrumbList\",\"@id\":\"https:\\\/\\\/eldigitaldeasturias.com\\\/magazine365\\\/margallo-cree-que-espana-haria-mal-en-mantenerse-al-margen-de-la-normalizacion-de-relaciones-con-cuba\\\/#breadcrumblist\",\"itemListElement\":[{\"@type\":\"ListItem\",\"@id\":\"https:\\\/\\\/eldigitaldeasturias.com\\\/magazine365#listItem\",\"position\":1,\"name\":\"Home\",\"item\":\"https:\\\/\\\/eldigitaldeasturias.com\\\/magazine365\",\"nextItem\":{\"@type\":\"ListItem\",\"@id\":\"https:\\\/\\\/eldigitaldeasturias.com\\\/magazine365\\\/category\\\/noticias-actualidad\\\/#listItem\",\"name\":\"Noticias y Actualidad\"}},{\"@type\":\"ListItem\",\"@id\":\"https:\\\/\\\/eldigitaldeasturias.com\\\/magazine365\\\/category\\\/noticias-actualidad\\\/#listItem\",\"position\":2,\"name\":\"Noticias y Actualidad\",\"item\":\"https:\\\/\\\/eldigitaldeasturias.com\\\/magazine365\\\/category\\\/noticias-actualidad\\\/\",\"nextItem\":{\"@type\":\"ListItem\",\"@id\":\"https:\\\/\\\/eldigitaldeasturias.com\\\/magazine365\\\/margallo-cree-que-espana-haria-mal-en-mantenerse-al-margen-de-la-normalizacion-de-relaciones-con-cuba\\\/#listItem\",\"name\":\"Margallo cree que Espa\\u00f1a \\u00abhar\\u00eda mal\\u00bb en mantenerse al margen de la normalizaci\\u00f3n de relaciones con Cuba\"},\"previousItem\":{\"@type\":\"ListItem\",\"@id\":\"https:\\\/\\\/eldigitaldeasturias.com\\\/magazine365#listItem\",\"name\":\"Home\"}},{\"@type\":\"ListItem\",\"@id\":\"https:\\\/\\\/eldigitaldeasturias.com\\\/magazine365\\\/margallo-cree-que-espana-haria-mal-en-mantenerse-al-margen-de-la-normalizacion-de-relaciones-con-cuba\\\/#listItem\",\"position\":3,\"name\":\"Margallo cree que Espa\\u00f1a \\u00abhar\\u00eda mal\\u00bb en mantenerse al margen de la normalizaci\\u00f3n de relaciones con Cuba\",\"previousItem\":{\"@type\":\"ListItem\",\"@id\":\"https:\\\/\\\/eldigitaldeasturias.com\\\/magazine365\\\/category\\\/noticias-actualidad\\\/#listItem\",\"name\":\"Noticias y Actualidad\"}}]},{\"@type\":\"Organization\",\"@id\":\"https:\\\/\\\/eldigitaldeasturias.com\\\/magazine365\\\/#organization\",\"name\":\"El digital de Asturias\",\"description\":\"Revista de ocio, turismo y estilo de vida\",\"url\":\"https:\\\/\\\/eldigitaldeasturias.com\\\/magazine365\\\/\",\"logo\":{\"@type\":\"ImageObject\",\"url\":\"https:\\\/\\\/www.eldigitaldeasturias.com\\\/noticias\\\/wp-content\\\/uploads\\\/2020\\\/12\\\/EDA.jpg\",\"@id\":\"https:\\\/\\\/eldigitaldeasturias.com\\\/magazine365\\\/margallo-cree-que-espana-haria-mal-en-mantenerse-al-margen-de-la-normalizacion-de-relaciones-con-cuba\\\/#organizationLogo\"},\"image\":{\"@id\":\"https:\\\/\\\/eldigitaldeasturias.com\\\/magazine365\\\/margallo-cree-que-espana-haria-mal-en-mantenerse-al-margen-de-la-normalizacion-de-relaciones-con-cuba\\\/#organizationLogo\"}},{\"@type\":\"Person\",\"@id\":\"https:\\\/\\\/eldigitaldeasturias.com\\\/magazine365\\\/author\\\/admin\\\/#author\",\"url\":\"https:\\\/\\\/eldigitaldeasturias.com\\\/magazine365\\\/author\\\/admin\\\/\",\"name\":\"admin\",\"image\":{\"@type\":\"ImageObject\",\"@id\":\"https:\\\/\\\/eldigitaldeasturias.com\\\/magazine365\\\/margallo-cree-que-espana-haria-mal-en-mantenerse-al-margen-de-la-normalizacion-de-relaciones-con-cuba\\\/#authorImage\",\"url\":\"https:\\\/\\\/eldigitaldeasturias.com\\\/magazine365\\\/wp-content\\\/litespeed\\\/avatar\\\/e571bcf59a0edd6fa6838245a470f2fe.jpg?ver=1777574230\",\"width\":96,\"height\":96,\"caption\":\"admin\"}},{\"@type\":\"WebPage\",\"@id\":\"https:\\\/\\\/eldigitaldeasturias.com\\\/magazine365\\\/margallo-cree-que-espana-haria-mal-en-mantenerse-al-margen-de-la-normalizacion-de-relaciones-con-cuba\\\/#webpage\",\"url\":\"https:\\\/\\\/eldigitaldeasturias.com\\\/magazine365\\\/margallo-cree-que-espana-haria-mal-en-mantenerse-al-margen-de-la-normalizacion-de-relaciones-con-cuba\\\/\",\"name\":\"Margallo cree que Espa\\u00f1a \\u00abhar\\u00eda mal\\u00bb en mantenerse al margen de la normalizaci\\u00f3n de relaciones con Cuba | El Digital de Asturias\",\"description\":\"Espa\\u00f1a \\\"har\\u00eda mal en mantenerse al margen\\\" de la normalizaci\\u00f3n de relaciones de Cuba con EEUU y la UE y si se dejara \\\"adelantar por la derecha y la izquierda\\\", opina el ministro de Asuntos Exteriores y de Cooperaci\\u00f3n en funciones, Jos\\u00e9 Manuel Garc\\u00eda-Margallo, que este fin de semana pasado efectu\\u00f3 su segunda visita a\",\"inLanguage\":\"es-ES\",\"isPartOf\":{\"@id\":\"https:\\\/\\\/eldigitaldeasturias.com\\\/magazine365\\\/#website\"},\"breadcrumb\":{\"@id\":\"https:\\\/\\\/eldigitaldeasturias.com\\\/magazine365\\\/margallo-cree-que-espana-haria-mal-en-mantenerse-al-margen-de-la-normalizacion-de-relaciones-con-cuba\\\/#breadcrumblist\"},\"author\":{\"@id\":\"https:\\\/\\\/eldigitaldeasturias.com\\\/magazine365\\\/author\\\/admin\\\/#author\"},\"creator\":{\"@id\":\"https:\\\/\\\/eldigitaldeasturias.com\\\/magazine365\\\/author\\\/admin\\\/#author\"},\"image\":{\"@type\":\"ImageObject\",\"url\":\"https:\\\/\\\/eldigitaldeasturias.com\\\/magazine365\\\/wp-content\\\/uploads\\\/2016\\\/05\\\/fotonoticia_20160518121211_800.jpg\",\"@id\":\"https:\\\/\\\/eldigitaldeasturias.com\\\/magazine365\\\/margallo-cree-que-espana-haria-mal-en-mantenerse-al-margen-de-la-normalizacion-de-relaciones-con-cuba\\\/#mainImage\",\"width\":800,\"height\":555},\"primaryImageOfPage\":{\"@id\":\"https:\\\/\\\/eldigitaldeasturias.com\\\/magazine365\\\/margallo-cree-que-espana-haria-mal-en-mantenerse-al-margen-de-la-normalizacion-de-relaciones-con-cuba\\\/#mainImage\"},\"datePublished\":\"2016-05-21T03:41:13+02:00\",\"dateModified\":\"2016-05-21T03:41:13+02:00\"},{\"@type\":\"WebSite\",\"@id\":\"https:\\\/\\\/eldigitaldeasturias.com\\\/magazine365\\\/#website\",\"url\":\"https:\\\/\\\/eldigitaldeasturias.com\\\/magazine365\\\/\",\"name\":\"El Digital de Asturias\",\"description\":\"Revista de ocio, turismo y estilo de vida\",\"inLanguage\":\"es-ES\",\"publisher\":{\"@id\":\"https:\\\/\\\/eldigitaldeasturias.com\\\/magazine365\\\/#organization\"}}]}\n\t\t<\/script>\n\t\t<!-- All in One SEO Pro -->\r\n\t\t<title>Margallo cree que Espa\u00f1a \u00abhar\u00eda mal\u00bb en mantenerse al margen de la normalizaci\u00f3n de relaciones con Cuba | El Digital de Asturias<\/title>\n\n","aioseo_head_json":{"title":"Margallo cree que Espa\u00f1a \u00abhar\u00eda mal\u00bb en mantenerse al margen de la normalizaci\u00f3n de relaciones con Cuba | El Digital de Asturias","description":"Espa\u00f1a \"har\u00eda mal en mantenerse al margen\" de la normalizaci\u00f3n de relaciones de Cuba con EEUU y la UE y si se dejara \"adelantar por la derecha y la izquierda\", opina el ministro de Asuntos Exteriores y de Cooperaci\u00f3n en funciones, Jos\u00e9 Manuel Garc\u00eda-Margallo, que este fin de semana pasado efectu\u00f3 su segunda visita a","canonical_url":"https:\/\/eldigitaldeasturias.com\/magazine365\/margallo-cree-que-espana-haria-mal-en-mantenerse-al-margen-de-la-normalizacion-de-relaciones-con-cuba\/","robots":"max-image-preview:large","keywords":"noticias y actualidad","webmasterTools":{"google-site-verification":"UA-38556648-1","miscellaneous":""},"schema":{"@context":"https:\/\/schema.org","@graph":[{"@type":"Article","@id":"https:\/\/eldigitaldeasturias.com\/magazine365\/margallo-cree-que-espana-haria-mal-en-mantenerse-al-margen-de-la-normalizacion-de-relaciones-con-cuba\/#article","name":"Margallo cree que Espa\u00f1a \u00abhar\u00eda mal\u00bb en mantenerse al margen de la normalizaci\u00f3n de relaciones con Cuba | El Digital de Asturias","headline":"Margallo cree que Espa\u00f1a \u00abhar\u00eda mal\u00bb en mantenerse al margen de la normalizaci\u00f3n de relaciones con Cuba","author":{"@id":"https:\/\/eldigitaldeasturias.com\/magazine365\/author\/admin\/#author"},"publisher":{"@id":"https:\/\/eldigitaldeasturias.com\/magazine365\/#organization"},"image":{"@type":"ImageObject","url":"https:\/\/eldigitaldeasturias.com\/magazine365\/wp-content\/uploads\/2016\/05\/fotonoticia_20160518121211_800.jpg","width":800,"height":555},"datePublished":"2016-05-21T03:41:13+02:00","dateModified":"2016-05-21T03:41:13+02:00","inLanguage":"es-ES","mainEntityOfPage":{"@id":"https:\/\/eldigitaldeasturias.com\/magazine365\/margallo-cree-que-espana-haria-mal-en-mantenerse-al-margen-de-la-normalizacion-de-relaciones-con-cuba\/#webpage"},"isPartOf":{"@id":"https:\/\/eldigitaldeasturias.com\/magazine365\/margallo-cree-que-espana-haria-mal-en-mantenerse-al-margen-de-la-normalizacion-de-relaciones-con-cuba\/#webpage"},"articleSection":"Noticias y Actualidad"},{"@type":"BreadcrumbList","@id":"https:\/\/eldigitaldeasturias.com\/magazine365\/margallo-cree-que-espana-haria-mal-en-mantenerse-al-margen-de-la-normalizacion-de-relaciones-con-cuba\/#breadcrumblist","itemListElement":[{"@type":"ListItem","@id":"https:\/\/eldigitaldeasturias.com\/magazine365#listItem","position":1,"name":"Home","item":"https:\/\/eldigitaldeasturias.com\/magazine365","nextItem":{"@type":"ListItem","@id":"https:\/\/eldigitaldeasturias.com\/magazine365\/category\/noticias-actualidad\/#listItem","name":"Noticias y Actualidad"}},{"@type":"ListItem","@id":"https:\/\/eldigitaldeasturias.com\/magazine365\/category\/noticias-actualidad\/#listItem","position":2,"name":"Noticias y Actualidad","item":"https:\/\/eldigitaldeasturias.com\/magazine365\/category\/noticias-actualidad\/","nextItem":{"@type":"ListItem","@id":"https:\/\/eldigitaldeasturias.com\/magazine365\/margallo-cree-que-espana-haria-mal-en-mantenerse-al-margen-de-la-normalizacion-de-relaciones-con-cuba\/#listItem","name":"Margallo cree que Espa\u00f1a \u00abhar\u00eda mal\u00bb en mantenerse al margen de la normalizaci\u00f3n de relaciones con Cuba"},"previousItem":{"@type":"ListItem","@id":"https:\/\/eldigitaldeasturias.com\/magazine365#listItem","name":"Home"}},{"@type":"ListItem","@id":"https:\/\/eldigitaldeasturias.com\/magazine365\/margallo-cree-que-espana-haria-mal-en-mantenerse-al-margen-de-la-normalizacion-de-relaciones-con-cuba\/#listItem","position":3,"name":"Margallo cree que Espa\u00f1a \u00abhar\u00eda mal\u00bb en mantenerse al margen de la normalizaci\u00f3n de relaciones con Cuba","previousItem":{"@type":"ListItem","@id":"https:\/\/eldigitaldeasturias.com\/magazine365\/category\/noticias-actualidad\/#listItem","name":"Noticias y Actualidad"}}]},{"@type":"Organization","@id":"https:\/\/eldigitaldeasturias.com\/magazine365\/#organization","name":"El digital de Asturias","description":"Revista de ocio, turismo y estilo de vida","url":"https:\/\/eldigitaldeasturias.com\/magazine365\/","logo":{"@type":"ImageObject","url":"https:\/\/www.eldigitaldeasturias.com\/noticias\/wp-content\/uploads\/2020\/12\/EDA.jpg","@id":"https:\/\/eldigitaldeasturias.com\/magazine365\/margallo-cree-que-espana-haria-mal-en-mantenerse-al-margen-de-la-normalizacion-de-relaciones-con-cuba\/#organizationLogo"},"image":{"@id":"https:\/\/eldigitaldeasturias.com\/magazine365\/margallo-cree-que-espana-haria-mal-en-mantenerse-al-margen-de-la-normalizacion-de-relaciones-con-cuba\/#organizationLogo"}},{"@type":"Person","@id":"https:\/\/eldigitaldeasturias.com\/magazine365\/author\/admin\/#author","url":"https:\/\/eldigitaldeasturias.com\/magazine365\/author\/admin\/","name":"admin","image":{"@type":"ImageObject","@id":"https:\/\/eldigitaldeasturias.com\/magazine365\/margallo-cree-que-espana-haria-mal-en-mantenerse-al-margen-de-la-normalizacion-de-relaciones-con-cuba\/#authorImage","url":"https:\/\/eldigitaldeasturias.com\/magazine365\/wp-content\/litespeed\/avatar\/e571bcf59a0edd6fa6838245a470f2fe.jpg?ver=1777574230","width":96,"height":96,"caption":"admin"}},{"@type":"WebPage","@id":"https:\/\/eldigitaldeasturias.com\/magazine365\/margallo-cree-que-espana-haria-mal-en-mantenerse-al-margen-de-la-normalizacion-de-relaciones-con-cuba\/#webpage","url":"https:\/\/eldigitaldeasturias.com\/magazine365\/margallo-cree-que-espana-haria-mal-en-mantenerse-al-margen-de-la-normalizacion-de-relaciones-con-cuba\/","name":"Margallo cree que Espa\u00f1a \u00abhar\u00eda mal\u00bb en mantenerse al margen de la normalizaci\u00f3n de relaciones con Cuba | El Digital de Asturias","description":"Espa\u00f1a \"har\u00eda mal en mantenerse al margen\" de la normalizaci\u00f3n de relaciones de Cuba con EEUU y la UE y si se dejara \"adelantar por la derecha y la izquierda\", opina el ministro de Asuntos Exteriores y de Cooperaci\u00f3n en funciones, Jos\u00e9 Manuel Garc\u00eda-Margallo, que este fin de semana pasado efectu\u00f3 su segunda visita a","inLanguage":"es-ES","isPartOf":{"@id":"https:\/\/eldigitaldeasturias.com\/magazine365\/#website"},"breadcrumb":{"@id":"https:\/\/eldigitaldeasturias.com\/magazine365\/margallo-cree-que-espana-haria-mal-en-mantenerse-al-margen-de-la-normalizacion-de-relaciones-con-cuba\/#breadcrumblist"},"author":{"@id":"https:\/\/eldigitaldeasturias.com\/magazine365\/author\/admin\/#author"},"creator":{"@id":"https:\/\/eldigitaldeasturias.com\/magazine365\/author\/admin\/#author"},"image":{"@type":"ImageObject","url":"https:\/\/eldigitaldeasturias.com\/magazine365\/wp-content\/uploads\/2016\/05\/fotonoticia_20160518121211_800.jpg","@id":"https:\/\/eldigitaldeasturias.com\/magazine365\/margallo-cree-que-espana-haria-mal-en-mantenerse-al-margen-de-la-normalizacion-de-relaciones-con-cuba\/#mainImage","width":800,"height":555},"primaryImageOfPage":{"@id":"https:\/\/eldigitaldeasturias.com\/magazine365\/margallo-cree-que-espana-haria-mal-en-mantenerse-al-margen-de-la-normalizacion-de-relaciones-con-cuba\/#mainImage"},"datePublished":"2016-05-21T03:41:13+02:00","dateModified":"2016-05-21T03:41:13+02:00"},{"@type":"WebSite","@id":"https:\/\/eldigitaldeasturias.com\/magazine365\/#website","url":"https:\/\/eldigitaldeasturias.com\/magazine365\/","name":"El Digital de Asturias","description":"Revista de ocio, turismo y estilo de vida","inLanguage":"es-ES","publisher":{"@id":"https:\/\/eldigitaldeasturias.com\/magazine365\/#organization"}}]},"og:locale":"es_ES","og:site_name":"El Digital de Asturias \u2013 Revista de ocio, turismo y estilo de vida","og:type":"article","og:title":"Margallo cree que Espa\u00f1a \u00abhar\u00eda mal\u00bb en mantenerse al margen de la normalizaci\u00f3n de relaciones con Cuba | El Digital de Asturias","og:description":"Espa\u00f1a &quot;har\u00eda mal en mantenerse al margen&quot; de la normalizaci\u00f3n de relaciones de Cuba con EEUU y la UE y si se dejara &quot;adelantar por la derecha y la izquierda&quot;, opina el ministro de Asuntos Exteriores y de Cooperaci\u00f3n en funciones, Jos\u00e9 Manuel Garc\u00eda-Margallo, que este fin de semana pasado efectu\u00f3 su segunda visita a","og:url":"https:\/\/eldigitaldeasturias.com\/magazine365\/margallo-cree-que-espana-haria-mal-en-mantenerse-al-margen-de-la-normalizacion-de-relaciones-con-cuba\/","og:image":"https:\/\/eldigitaldeasturias.com\/magazine365\/wp-content\/uploads\/2016\/05\/fotonoticia_20160518121211_800.jpg","og:image:secure_url":"https:\/\/eldigitaldeasturias.com\/magazine365\/wp-content\/uploads\/2016\/05\/fotonoticia_20160518121211_800.jpg","og:image:width":800,"og:image:height":555,"article:published_time":"2016-05-21T01:41:13+00:00","article:modified_time":"2016-05-21T01:41:13+00:00","twitter:card":"summary_large_image","twitter:title":"Margallo cree que Espa\u00f1a \u00abhar\u00eda mal\u00bb en mantenerse al margen de la normalizaci\u00f3n de relaciones con Cuba | El Digital de Asturias","twitter:description":"Espa\u00f1a &quot;har\u00eda mal en mantenerse al margen&quot; de la normalizaci\u00f3n de relaciones de Cuba con EEUU y la UE y si se dejara &quot;adelantar por la derecha y la izquierda&quot;, opina el ministro de Asuntos Exteriores y de Cooperaci\u00f3n en funciones, Jos\u00e9 Manuel Garc\u00eda-Margallo, que este fin de semana pasado efectu\u00f3 su segunda visita a","twitter:image":"https:\/\/eldigitaldeasturias.com\/magazine365\/wp-content\/uploads\/2016\/05\/fotonoticia_20160518121211_800.jpg"},"aioseo_meta_data":{"post_id":"76309","title":null,"description":null,"keywords":null,"keyphrases":null,"primary_term":null,"canonical_url":null,"og_title":null,"og_description":null,"og_object_type":"default","og_image_type":"default","og_image_url":null,"og_image_width":null,"og_image_height":null,"og_image_custom_url":null,"og_image_custom_fields":null,"og_video":null,"og_custom_url":null,"og_article_section":null,"og_article_tags":null,"twitter_use_og":false,"twitter_card":"default","twitter_image_type":"default","twitter_image_url":null,"twitter_image_custom_url":null,"twitter_image_custom_fields":null,"twitter_title":null,"twitter_description":null,"schema":{"blockGraphs":[],"customGraphs":[],"default":{"data":{"Article":[],"Course":[],"Dataset":[],"FAQPage":[],"Movie":[],"Person":[],"Product":[],"ProductReview":[],"Car":[],"Recipe":[],"Service":[],"SoftwareApplication":[],"WebPage":[]},"graphName":"","isEnabled":true},"graphs":[]},"schema_type":null,"schema_type_options":null,"pillar_content":false,"robots_default":true,"robots_noindex":false,"robots_noarchive":false,"robots_nosnippet":false,"robots_nofollow":false,"robots_noimageindex":false,"robots_noodp":false,"robots_notranslate":false,"robots_max_snippet":null,"robots_max_videopreview":null,"robots_max_imagepreview":"large","priority":null,"frequency":null,"location":null,"local_seo":null,"seo_analyzer_scan_date":"2025-09-27 12:19:17","breadcrumb_settings":null,"limit_modified_date":false,"open_ai":null,"ai":null,"created":"2021-03-08 18:29:46","updated":"2025-09-27 12:19:17"},"aioseo_breadcrumb":"<div class=\"aioseo-breadcrumbs\"><span class=\"aioseo-breadcrumb\">\n\t<a href=\"https:\/\/eldigitaldeasturias.com\/magazine365\" title=\"Home\">Home<\/a>\n<\/span><span class=\"aioseo-breadcrumb-separator\">\u2013<\/span><span class=\"aioseo-breadcrumb\">\n\t<a href=\"https:\/\/eldigitaldeasturias.com\/magazine365\/category\/noticias-actualidad\/\" title=\"Noticias y Actualidad\">Noticias y Actualidad<\/a>\n<\/span><span class=\"aioseo-breadcrumb-separator\">\u2013<\/span><span class=\"aioseo-breadcrumb\">\n\t<a href=\"https:\/\/eldigitaldeasturias.com\/magazine365\/margallo-cree-que-espana-haria-mal-en-mantenerse-al-margen-de-la-normalizacion-de-relaciones-con-cuba\/\" title=\"Margallo cree que Espa\u00f1a \u00abhar\u00eda mal\u00bb en mantenerse al margen de la normalizaci\u00f3n de relaciones con Cuba\">Margallo cree que Espa\u00f1a \u00abhar\u00eda mal\u00bb en mantenerse al margen de la normalizaci\u00f3n de relaciones con Cuba<\/a>\n<\/span><\/div>","aioseo_breadcrumb_json":[{"label":"Home","link":"https:\/\/eldigitaldeasturias.com\/magazine365"},{"label":"Noticias y Actualidad","link":"https:\/\/eldigitaldeasturias.com\/magazine365\/category\/noticias-actualidad\/"},{"label":"Margallo cree que Espa\u00f1a \u00abhar\u00eda mal\u00bb en mantenerse al margen de la normalizaci\u00f3n de relaciones con Cuba","link":"https:\/\/eldigitaldeasturias.com\/magazine365\/margallo-cree-que-espana-haria-mal-en-mantenerse-al-margen-de-la-normalizacion-de-relaciones-con-cuba\/"}],"_links":{"self":[{"href":"https:\/\/eldigitaldeasturias.com\/magazine365\/wp-json\/wp\/v2\/posts\/76309","targetHints":{"allow":["GET"]}}],"collection":[{"href":"https:\/\/eldigitaldeasturias.com\/magazine365\/wp-json\/wp\/v2\/posts"}],"about":[{"href":"https:\/\/eldigitaldeasturias.com\/magazine365\/wp-json\/wp\/v2\/types\/post"}],"author":[{"embeddable":true,"href":"https:\/\/eldigitaldeasturias.com\/magazine365\/wp-json\/wp\/v2\/users\/1"}],"replies":[{"embeddable":true,"href":"https:\/\/eldigitaldeasturias.com\/magazine365\/wp-json\/wp\/v2\/comments?post=76309"}],"version-history":[{"count":0,"href":"https:\/\/eldigitaldeasturias.com\/magazine365\/wp-json\/wp\/v2\/posts\/76309\/revisions"}],"wp:featuredmedia":[{"embeddable":true,"href":"https:\/\/eldigitaldeasturias.com\/magazine365\/wp-json\/wp\/v2\/media\/76310"}],"wp:attachment":[{"href":"https:\/\/eldigitaldeasturias.com\/magazine365\/wp-json\/wp\/v2\/media?parent=76309"}],"wp:term":[{"taxonomy":"category","embeddable":true,"href":"https:\/\/eldigitaldeasturias.com\/magazine365\/wp-json\/wp\/v2\/categories?post=76309"},{"taxonomy":"post_tag","embeddable":true,"href":"https:\/\/eldigitaldeasturias.com\/magazine365\/wp-json\/wp\/v2\/tags?post=76309"}],"curies":[{"name":"wp","href":"https:\/\/api.w.org\/{rel}","templated":true}]}}