{"id":76306,"date":"2016-05-21T03:40:24","date_gmt":"2016-05-21T01:40:24","guid":{"rendered":"http:\/\/eldigitaldeasturias.com\/magazine365\/?p=76306"},"modified":"2016-05-21T03:40:24","modified_gmt":"2016-05-21T01:40:24","slug":"bernabe-dice-que-se-va-tranquilo-a-madrid-con-ave-y-aeropuerto-en-su-recta-final-para-dejar-pabellon-murcia-muy-alto","status":"publish","type":"post","link":"https:\/\/eldigitaldeasturias.com\/magazine365\/bernabe-dice-que-se-va-tranquilo-a-madrid-con-ave-y-aeropuerto-en-su-recta-final-para-dejar-pabellon-murcia-muy-alto\/","title":{"rendered":"Bernab\u00e9 dice que se va tranquilo a Madrid, con AVE y aeropuerto en su recta final, para dejar pabell\u00f3n Murcia \u00abmuy alto\u00bb"},"content":{"rendered":"<p><img fetchpriority=\"high\" decoding=\"async\" class=\"alignleft size-medium wp-image-76307\" src=\"https:\/\/eldigitaldeasturias.com\/magazine365\/wp-content\/uploads\/2016\/05\/fotonoticia_20160518121000_800-360x270.jpg\" alt=\"fotonoticia_20160518121000_800\" width=\"360\" height=\"270\" srcset=\"https:\/\/eldigitaldeasturias.com\/magazine365\/wp-content\/uploads\/2016\/05\/fotonoticia_20160518121000_800-360x270.jpg 360w, https:\/\/eldigitaldeasturias.com\/magazine365\/wp-content\/uploads\/2016\/05\/fotonoticia_20160518121000_800-650x488.jpg 650w, https:\/\/eldigitaldeasturias.com\/magazine365\/wp-content\/uploads\/2016\/05\/fotonoticia_20160518121000_800-768x576.jpg 768w, https:\/\/eldigitaldeasturias.com\/magazine365\/wp-content\/uploads\/2016\/05\/fotonoticia_20160518121000_800-150x113.jpg 150w, https:\/\/eldigitaldeasturias.com\/magazine365\/wp-content\/uploads\/2016\/05\/fotonoticia_20160518121000_800-450x338.jpg 450w, https:\/\/eldigitaldeasturias.com\/magazine365\/wp-content\/uploads\/2016\/05\/fotonoticia_20160518121000_800-90x67.jpg 90w, https:\/\/eldigitaldeasturias.com\/magazine365\/wp-content\/uploads\/2016\/05\/fotonoticia_20160518121000_800-164x124.jpg 164w, https:\/\/eldigitaldeasturias.com\/magazine365\/wp-content\/uploads\/2016\/05\/fotonoticia_20160518121000_800-100x75.jpg 100w, https:\/\/eldigitaldeasturias.com\/magazine365\/wp-content\/uploads\/2016\/05\/fotonoticia_20160518121000_800.jpg 800w\" sizes=\"(max-width: 360px) 100vw, 360px\" \/>El consejero de Fomento e Infraestructuras, Francisco Bernab\u00e9, sorprendido por la decisi\u00f3n del Comit\u00e9 Electoral Regional del PP, que ha decidido que sea el n\u00famero dos en la lista al Congreso de los Diputados, en sustituci\u00f3n de Andr\u00e9s Ayala, ha asegurado que se va tranquilo a Madrid con el aeropuerto y el AVE en su recta final, para \u00abdejar el pabell\u00f3n de la Regi\u00f3n muy alto\u00bb.<\/p>\n<p>En una entrevista a la Cadena Cope, recogida por Europa Press, el todav\u00eda consejero ha indicado que \u00abla decisi\u00f3n de Andr\u00e9s Ayala evidentemente se tom\u00f3 hace pocas horas y por tanto la decisi\u00f3n de formar parte de la lista al Congreso es una decisi\u00f3n reciente\u00bb.<\/p>\n<p>Por lo que no puede decir que \u00abesto fuera una operaci\u00f3n que se estuviera preparando hace semanas, ni mucho menos\u00bb, aunque, ha admitido, que acept\u00f3 encantando, \u00abes un honor tremendo el poder representar a la Regi\u00f3n de Murcia donde se va decidir el futuro de nuestro pa\u00eds y en un puesto tan importante como n\u00famero dos\u00bb.<\/p>\n<p>Un nombramiento que \u00abme llena de orgullo y satisfacci\u00f3n, estoy contento e ilusionado, con las pilas puestas\u00bb. Tras lo que ha asegurado que el cambio es \u00abun paso hacia delante\u00bb. Es una muestra m\u00e1s de la confianza del presidente, Pedro Antonio S\u00e1nchez, \u00abque quiere que Murcia se escuche m\u00e1s en Madrid\u00bb, ha afirmado Bernab\u00e9.<\/p>\n<p>Preguntado por el AVE y el aeropuerto, el consejero hasta final de semana, cuando tendr\u00e1 que formalizar su cese ya que el domingo se proclaman las candidaturas para las elecciones del 26 de junio, ha subrayado que \u00abson dos temas que est\u00e1n muy encauzados\u00bb.<\/p>\n<p>\u00abLas hojas de rutas est\u00e1n muy claras, hemos desenredado todos los l\u00edos que podr\u00eda haber previamente\u00bb, que nadie dude que \u00abm\u00e1s pronto que tarde ambas infraestructuras estar\u00e1n en funcionamiento y en la Regi\u00f3n de Murcia\u00bb. Ahora iremos en coche a Madrid, ha apuntado, \u00abpero pronto lo haremos en tren de Alta Velocidad y en avi\u00f3n\u00bb.<\/p>\n<p>En este sentido, Francisco Bernab\u00e9 ha declarado que no se siente fracasado, indicando que la situaci\u00f3n \u00abes mucho mejor en el momento presente\u00bb que cuando lleg\u00f3, pues \u00abel aeropuerto est\u00e1 al poder de la Comunidad\u00bb, por lo que \u00abnadie dude que el aeropuerto se va a sacar pronto a licitaci\u00f3n y que pronto habr\u00e1 un gestor que lo ponga en marcha\u00bb. En cuanto al AVE, ha destacado que est\u00e1 ya a la altura del Canal del Reguer\u00f3n, pasado Alquer\u00edas, \u00aba tres kil\u00f3metros escasos de la estaci\u00f3n del barrio de El Carmen\u00bb.<\/p>\n<p>Por lo que ambas infraestructuras est\u00e1n en su recta final \u00aby con esa tranquilidad doy el paso de ir a Madrid\u00bb, ha zanjado el consejero.<\/p>\n<p>Cabe recordar que el Comit\u00e9 Electoral Regional del PP, presidido por Antonio S\u00e1nchez Carrillo, aprob\u00f3 este martes por unanimidad la lista al Congreso de los Diputados en las pr\u00f3ximas elecciones del 26 de junio, cuya principal novedad es que el n\u00famero dos lo ocupar\u00e1 Bernab\u00e9, que si resulta elegido tendr\u00e1 que abandonar su actual cartera en el Ejecutivo.<\/p>\n<p>Bernab\u00e9 reemplaza as\u00ed a Andr\u00e9s Ayala, que en las anteriores elecciones del 20 de diciembre ocup\u00f3 el puesto n\u00famero 4 de la lista y que este martes ha comunicado al presidente del PP nacional, Mariano Rajoy, su intenci\u00f3n de no formar parte de la candidatura a las pr\u00f3ximas elecciones generales del 26 de junio por motivos \u00abestrictamente personales\u00bb.<\/p>\n","protected":false},"excerpt":{"rendered":"<p>El consejero de Fomento e Infraestructuras, Francisco Bernab\u00e9, sorprendido por la decisi\u00f3n del Comit\u00e9 Electoral Regional del PP, que ha decidido que sea el n\u00famero dos en la lista al Congreso de los Diputados, en sustituci\u00f3n de Andr\u00e9s Ayala, ha asegurado que se va tranquilo a Madrid con el aeropuerto y el AVE en su<\/p>\n","protected":false},"author":1,"featured_media":76307,"comment_status":"open","ping_status":"closed","sticky":false,"template":"","format":"standard","meta":{"footnotes":""},"categories":[224],"tags":[],"class_list":{"0":"post-76306","1":"post","2":"type-post","3":"status-publish","4":"format-standard","5":"has-post-thumbnail","7":"category-noticias-actualidad"},"aioseo_notices":[],"aioseo_head":"\n\t\t<!-- All in One SEO Pro 4.9.6.1 - aioseo.com -->\n\t<meta name=\"description\" content=\"El consejero de Fomento e Infraestructuras, Francisco Bernab\u00e9, sorprendido por la decisi\u00f3n del Comit\u00e9 Electoral Regional del PP, que ha decidido que sea el n\u00famero dos en la lista al Congreso de los Diputados, en sustituci\u00f3n de Andr\u00e9s Ayala, ha asegurado que se va tranquilo a Madrid con el aeropuerto y el AVE en su\" \/>\n\t<meta name=\"robots\" content=\"max-image-preview:large\" \/>\n\t<meta name=\"author\" content=\"admin\"\/>\n\t<meta name=\"google-site-verification\" content=\"UA-38556648-1\" \/>\n\t<meta name=\"keywords\" content=\"noticias y actualidad\" \/>\n\t<link rel=\"canonical\" href=\"https:\/\/eldigitaldeasturias.com\/magazine365\/bernabe-dice-que-se-va-tranquilo-a-madrid-con-ave-y-aeropuerto-en-su-recta-final-para-dejar-pabellon-murcia-muy-alto\/\" \/>\n\t<meta name=\"generator\" content=\"All in One SEO Pro (AIOSEO) 4.9.6.1\" \/>\n\t\t<meta property=\"og:locale\" content=\"es_ES\" \/>\n\t\t<meta property=\"og:site_name\" content=\"El Digital de Asturias \u2013 Revista de ocio, turismo y estilo de vida\" \/>\n\t\t<meta property=\"og:type\" content=\"article\" \/>\n\t\t<meta property=\"og:title\" content=\"Bernab\u00e9 dice que se va tranquilo a Madrid, con AVE y aeropuerto en su recta final, para dejar pabell\u00f3n Murcia \u00abmuy alto\u00bb | El Digital de Asturias\" \/>\n\t\t<meta property=\"og:description\" content=\"El consejero de Fomento e Infraestructuras, Francisco Bernab\u00e9, sorprendido por la decisi\u00f3n del Comit\u00e9 Electoral Regional del PP, que ha decidido que sea el n\u00famero dos en la lista al Congreso de los Diputados, en sustituci\u00f3n de Andr\u00e9s Ayala, ha asegurado que se va tranquilo a Madrid con el aeropuerto y el AVE en su\" \/>\n\t\t<meta property=\"og:url\" content=\"https:\/\/eldigitaldeasturias.com\/magazine365\/bernabe-dice-que-se-va-tranquilo-a-madrid-con-ave-y-aeropuerto-en-su-recta-final-para-dejar-pabellon-murcia-muy-alto\/\" \/>\n\t\t<meta property=\"og:image\" content=\"https:\/\/eldigitaldeasturias.com\/magazine365\/wp-content\/uploads\/2016\/05\/fotonoticia_20160518121000_800.jpg\" \/>\n\t\t<meta property=\"og:image:secure_url\" content=\"https:\/\/eldigitaldeasturias.com\/magazine365\/wp-content\/uploads\/2016\/05\/fotonoticia_20160518121000_800.jpg\" \/>\n\t\t<meta property=\"og:image:width\" content=\"800\" \/>\n\t\t<meta property=\"og:image:height\" content=\"600\" \/>\n\t\t<meta property=\"article:published_time\" content=\"2016-05-21T01:40:24+00:00\" \/>\n\t\t<meta property=\"article:modified_time\" content=\"2016-05-21T01:40:24+00:00\" \/>\n\t\t<meta name=\"twitter:card\" content=\"summary_large_image\" \/>\n\t\t<meta name=\"twitter:title\" content=\"Bernab\u00e9 dice que se va tranquilo a Madrid, con AVE y aeropuerto en su recta final, para dejar pabell\u00f3n Murcia \u00abmuy alto\u00bb | El Digital de Asturias\" \/>\n\t\t<meta name=\"twitter:description\" content=\"El consejero de Fomento e Infraestructuras, Francisco Bernab\u00e9, sorprendido por la decisi\u00f3n del Comit\u00e9 Electoral Regional del PP, que ha decidido que sea el n\u00famero dos en la lista al Congreso de los Diputados, en sustituci\u00f3n de Andr\u00e9s Ayala, ha asegurado que se va tranquilo a Madrid con el aeropuerto y el AVE en su\" \/>\n\t\t<meta name=\"twitter:image\" content=\"https:\/\/eldigitaldeasturias.com\/magazine365\/wp-content\/uploads\/2016\/05\/fotonoticia_20160518121000_800.jpg\" \/>\n\t\t<script type=\"application\/ld+json\" class=\"aioseo-schema\">\n\t\t\t{\"@context\":\"https:\\\/\\\/schema.org\",\"@graph\":[{\"@type\":\"Article\",\"@id\":\"https:\\\/\\\/eldigitaldeasturias.com\\\/magazine365\\\/bernabe-dice-que-se-va-tranquilo-a-madrid-con-ave-y-aeropuerto-en-su-recta-final-para-dejar-pabellon-murcia-muy-alto\\\/#article\",\"name\":\"Bernab\\u00e9 dice que se va tranquilo a Madrid, con AVE y aeropuerto en su recta final, para dejar pabell\\u00f3n Murcia \\u00abmuy alto\\u00bb | El Digital de Asturias\",\"headline\":\"Bernab\\u00e9 dice que se va tranquilo a Madrid, con AVE y aeropuerto en su recta final, para dejar pabell\\u00f3n Murcia \\u00abmuy alto\\u00bb\",\"author\":{\"@id\":\"https:\\\/\\\/eldigitaldeasturias.com\\\/magazine365\\\/author\\\/admin\\\/#author\"},\"publisher\":{\"@id\":\"https:\\\/\\\/eldigitaldeasturias.com\\\/magazine365\\\/#organization\"},\"image\":{\"@type\":\"ImageObject\",\"url\":\"https:\\\/\\\/eldigitaldeasturias.com\\\/magazine365\\\/wp-content\\\/uploads\\\/2016\\\/05\\\/fotonoticia_20160518121000_800.jpg\",\"width\":800,\"height\":600},\"datePublished\":\"2016-05-21T03:40:24+02:00\",\"dateModified\":\"2016-05-21T03:40:24+02:00\",\"inLanguage\":\"es-ES\",\"mainEntityOfPage\":{\"@id\":\"https:\\\/\\\/eldigitaldeasturias.com\\\/magazine365\\\/bernabe-dice-que-se-va-tranquilo-a-madrid-con-ave-y-aeropuerto-en-su-recta-final-para-dejar-pabellon-murcia-muy-alto\\\/#webpage\"},\"isPartOf\":{\"@id\":\"https:\\\/\\\/eldigitaldeasturias.com\\\/magazine365\\\/bernabe-dice-que-se-va-tranquilo-a-madrid-con-ave-y-aeropuerto-en-su-recta-final-para-dejar-pabellon-murcia-muy-alto\\\/#webpage\"},\"articleSection\":\"Noticias y Actualidad\"},{\"@type\":\"BreadcrumbList\",\"@id\":\"https:\\\/\\\/eldigitaldeasturias.com\\\/magazine365\\\/bernabe-dice-que-se-va-tranquilo-a-madrid-con-ave-y-aeropuerto-en-su-recta-final-para-dejar-pabellon-murcia-muy-alto\\\/#breadcrumblist\",\"itemListElement\":[{\"@type\":\"ListItem\",\"@id\":\"https:\\\/\\\/eldigitaldeasturias.com\\\/magazine365#listItem\",\"position\":1,\"name\":\"Home\",\"item\":\"https:\\\/\\\/eldigitaldeasturias.com\\\/magazine365\",\"nextItem\":{\"@type\":\"ListItem\",\"@id\":\"https:\\\/\\\/eldigitaldeasturias.com\\\/magazine365\\\/category\\\/noticias-actualidad\\\/#listItem\",\"name\":\"Noticias y Actualidad\"}},{\"@type\":\"ListItem\",\"@id\":\"https:\\\/\\\/eldigitaldeasturias.com\\\/magazine365\\\/category\\\/noticias-actualidad\\\/#listItem\",\"position\":2,\"name\":\"Noticias y Actualidad\",\"item\":\"https:\\\/\\\/eldigitaldeasturias.com\\\/magazine365\\\/category\\\/noticias-actualidad\\\/\",\"nextItem\":{\"@type\":\"ListItem\",\"@id\":\"https:\\\/\\\/eldigitaldeasturias.com\\\/magazine365\\\/bernabe-dice-que-se-va-tranquilo-a-madrid-con-ave-y-aeropuerto-en-su-recta-final-para-dejar-pabellon-murcia-muy-alto\\\/#listItem\",\"name\":\"Bernab\\u00e9 dice que se va tranquilo a Madrid, con AVE y aeropuerto en su recta final, para dejar pabell\\u00f3n Murcia \\u00abmuy alto\\u00bb\"},\"previousItem\":{\"@type\":\"ListItem\",\"@id\":\"https:\\\/\\\/eldigitaldeasturias.com\\\/magazine365#listItem\",\"name\":\"Home\"}},{\"@type\":\"ListItem\",\"@id\":\"https:\\\/\\\/eldigitaldeasturias.com\\\/magazine365\\\/bernabe-dice-que-se-va-tranquilo-a-madrid-con-ave-y-aeropuerto-en-su-recta-final-para-dejar-pabellon-murcia-muy-alto\\\/#listItem\",\"position\":3,\"name\":\"Bernab\\u00e9 dice que se va tranquilo a Madrid, con AVE y aeropuerto en su recta final, para dejar pabell\\u00f3n Murcia \\u00abmuy alto\\u00bb\",\"previousItem\":{\"@type\":\"ListItem\",\"@id\":\"https:\\\/\\\/eldigitaldeasturias.com\\\/magazine365\\\/category\\\/noticias-actualidad\\\/#listItem\",\"name\":\"Noticias y Actualidad\"}}]},{\"@type\":\"Organization\",\"@id\":\"https:\\\/\\\/eldigitaldeasturias.com\\\/magazine365\\\/#organization\",\"name\":\"El digital de Asturias\",\"description\":\"Revista de ocio, turismo y estilo de vida\",\"url\":\"https:\\\/\\\/eldigitaldeasturias.com\\\/magazine365\\\/\",\"logo\":{\"@type\":\"ImageObject\",\"url\":\"https:\\\/\\\/www.eldigitaldeasturias.com\\\/noticias\\\/wp-content\\\/uploads\\\/2020\\\/12\\\/EDA.jpg\",\"@id\":\"https:\\\/\\\/eldigitaldeasturias.com\\\/magazine365\\\/bernabe-dice-que-se-va-tranquilo-a-madrid-con-ave-y-aeropuerto-en-su-recta-final-para-dejar-pabellon-murcia-muy-alto\\\/#organizationLogo\"},\"image\":{\"@id\":\"https:\\\/\\\/eldigitaldeasturias.com\\\/magazine365\\\/bernabe-dice-que-se-va-tranquilo-a-madrid-con-ave-y-aeropuerto-en-su-recta-final-para-dejar-pabellon-murcia-muy-alto\\\/#organizationLogo\"}},{\"@type\":\"Person\",\"@id\":\"https:\\\/\\\/eldigitaldeasturias.com\\\/magazine365\\\/author\\\/admin\\\/#author\",\"url\":\"https:\\\/\\\/eldigitaldeasturias.com\\\/magazine365\\\/author\\\/admin\\\/\",\"name\":\"admin\",\"image\":{\"@type\":\"ImageObject\",\"@id\":\"https:\\\/\\\/eldigitaldeasturias.com\\\/magazine365\\\/bernabe-dice-que-se-va-tranquilo-a-madrid-con-ave-y-aeropuerto-en-su-recta-final-para-dejar-pabellon-murcia-muy-alto\\\/#authorImage\",\"url\":\"https:\\\/\\\/eldigitaldeasturias.com\\\/magazine365\\\/wp-content\\\/litespeed\\\/avatar\\\/e571bcf59a0edd6fa6838245a470f2fe.jpg?ver=1777574230\",\"width\":96,\"height\":96,\"caption\":\"admin\"}},{\"@type\":\"WebPage\",\"@id\":\"https:\\\/\\\/eldigitaldeasturias.com\\\/magazine365\\\/bernabe-dice-que-se-va-tranquilo-a-madrid-con-ave-y-aeropuerto-en-su-recta-final-para-dejar-pabellon-murcia-muy-alto\\\/#webpage\",\"url\":\"https:\\\/\\\/eldigitaldeasturias.com\\\/magazine365\\\/bernabe-dice-que-se-va-tranquilo-a-madrid-con-ave-y-aeropuerto-en-su-recta-final-para-dejar-pabellon-murcia-muy-alto\\\/\",\"name\":\"Bernab\\u00e9 dice que se va tranquilo a Madrid, con AVE y aeropuerto en su recta final, para dejar pabell\\u00f3n Murcia \\u00abmuy alto\\u00bb | El Digital de Asturias\",\"description\":\"El consejero de Fomento e Infraestructuras, Francisco Bernab\\u00e9, sorprendido por la decisi\\u00f3n del Comit\\u00e9 Electoral Regional del PP, que ha decidido que sea el n\\u00famero dos en la lista al Congreso de los Diputados, en sustituci\\u00f3n de Andr\\u00e9s Ayala, ha asegurado que se va tranquilo a Madrid con el aeropuerto y el AVE en su\",\"inLanguage\":\"es-ES\",\"isPartOf\":{\"@id\":\"https:\\\/\\\/eldigitaldeasturias.com\\\/magazine365\\\/#website\"},\"breadcrumb\":{\"@id\":\"https:\\\/\\\/eldigitaldeasturias.com\\\/magazine365\\\/bernabe-dice-que-se-va-tranquilo-a-madrid-con-ave-y-aeropuerto-en-su-recta-final-para-dejar-pabellon-murcia-muy-alto\\\/#breadcrumblist\"},\"author\":{\"@id\":\"https:\\\/\\\/eldigitaldeasturias.com\\\/magazine365\\\/author\\\/admin\\\/#author\"},\"creator\":{\"@id\":\"https:\\\/\\\/eldigitaldeasturias.com\\\/magazine365\\\/author\\\/admin\\\/#author\"},\"image\":{\"@type\":\"ImageObject\",\"url\":\"https:\\\/\\\/eldigitaldeasturias.com\\\/magazine365\\\/wp-content\\\/uploads\\\/2016\\\/05\\\/fotonoticia_20160518121000_800.jpg\",\"@id\":\"https:\\\/\\\/eldigitaldeasturias.com\\\/magazine365\\\/bernabe-dice-que-se-va-tranquilo-a-madrid-con-ave-y-aeropuerto-en-su-recta-final-para-dejar-pabellon-murcia-muy-alto\\\/#mainImage\",\"width\":800,\"height\":600},\"primaryImageOfPage\":{\"@id\":\"https:\\\/\\\/eldigitaldeasturias.com\\\/magazine365\\\/bernabe-dice-que-se-va-tranquilo-a-madrid-con-ave-y-aeropuerto-en-su-recta-final-para-dejar-pabellon-murcia-muy-alto\\\/#mainImage\"},\"datePublished\":\"2016-05-21T03:40:24+02:00\",\"dateModified\":\"2016-05-21T03:40:24+02:00\"},{\"@type\":\"WebSite\",\"@id\":\"https:\\\/\\\/eldigitaldeasturias.com\\\/magazine365\\\/#website\",\"url\":\"https:\\\/\\\/eldigitaldeasturias.com\\\/magazine365\\\/\",\"name\":\"El Digital de Asturias\",\"description\":\"Revista de ocio, turismo y estilo de vida\",\"inLanguage\":\"es-ES\",\"publisher\":{\"@id\":\"https:\\\/\\\/eldigitaldeasturias.com\\\/magazine365\\\/#organization\"}}]}\n\t\t<\/script>\n\t\t<!-- All in One SEO Pro -->\r\n\t\t<title>Bernab\u00e9 dice que se va tranquilo a Madrid, con AVE y aeropuerto en su recta final, para dejar pabell\u00f3n Murcia \u00abmuy alto\u00bb | El Digital de Asturias<\/title>\n\n","aioseo_head_json":{"title":"Bernab\u00e9 dice que se va tranquilo a Madrid, con AVE y aeropuerto en su recta final, para dejar pabell\u00f3n Murcia \u00abmuy alto\u00bb | El Digital de Asturias","description":"El consejero de Fomento e Infraestructuras, Francisco Bernab\u00e9, sorprendido por la decisi\u00f3n del Comit\u00e9 Electoral Regional del PP, que ha decidido que sea el n\u00famero dos en la lista al Congreso de los Diputados, en sustituci\u00f3n de Andr\u00e9s Ayala, ha asegurado que se va tranquilo a Madrid con el aeropuerto y el AVE en su","canonical_url":"https:\/\/eldigitaldeasturias.com\/magazine365\/bernabe-dice-que-se-va-tranquilo-a-madrid-con-ave-y-aeropuerto-en-su-recta-final-para-dejar-pabellon-murcia-muy-alto\/","robots":"max-image-preview:large","keywords":"noticias y actualidad","webmasterTools":{"google-site-verification":"UA-38556648-1","miscellaneous":""},"schema":{"@context":"https:\/\/schema.org","@graph":[{"@type":"Article","@id":"https:\/\/eldigitaldeasturias.com\/magazine365\/bernabe-dice-que-se-va-tranquilo-a-madrid-con-ave-y-aeropuerto-en-su-recta-final-para-dejar-pabellon-murcia-muy-alto\/#article","name":"Bernab\u00e9 dice que se va tranquilo a Madrid, con AVE y aeropuerto en su recta final, para dejar pabell\u00f3n Murcia \u00abmuy alto\u00bb | El Digital de Asturias","headline":"Bernab\u00e9 dice que se va tranquilo a Madrid, con AVE y aeropuerto en su recta final, para dejar pabell\u00f3n Murcia \u00abmuy alto\u00bb","author":{"@id":"https:\/\/eldigitaldeasturias.com\/magazine365\/author\/admin\/#author"},"publisher":{"@id":"https:\/\/eldigitaldeasturias.com\/magazine365\/#organization"},"image":{"@type":"ImageObject","url":"https:\/\/eldigitaldeasturias.com\/magazine365\/wp-content\/uploads\/2016\/05\/fotonoticia_20160518121000_800.jpg","width":800,"height":600},"datePublished":"2016-05-21T03:40:24+02:00","dateModified":"2016-05-21T03:40:24+02:00","inLanguage":"es-ES","mainEntityOfPage":{"@id":"https:\/\/eldigitaldeasturias.com\/magazine365\/bernabe-dice-que-se-va-tranquilo-a-madrid-con-ave-y-aeropuerto-en-su-recta-final-para-dejar-pabellon-murcia-muy-alto\/#webpage"},"isPartOf":{"@id":"https:\/\/eldigitaldeasturias.com\/magazine365\/bernabe-dice-que-se-va-tranquilo-a-madrid-con-ave-y-aeropuerto-en-su-recta-final-para-dejar-pabellon-murcia-muy-alto\/#webpage"},"articleSection":"Noticias y Actualidad"},{"@type":"BreadcrumbList","@id":"https:\/\/eldigitaldeasturias.com\/magazine365\/bernabe-dice-que-se-va-tranquilo-a-madrid-con-ave-y-aeropuerto-en-su-recta-final-para-dejar-pabellon-murcia-muy-alto\/#breadcrumblist","itemListElement":[{"@type":"ListItem","@id":"https:\/\/eldigitaldeasturias.com\/magazine365#listItem","position":1,"name":"Home","item":"https:\/\/eldigitaldeasturias.com\/magazine365","nextItem":{"@type":"ListItem","@id":"https:\/\/eldigitaldeasturias.com\/magazine365\/category\/noticias-actualidad\/#listItem","name":"Noticias y Actualidad"}},{"@type":"ListItem","@id":"https:\/\/eldigitaldeasturias.com\/magazine365\/category\/noticias-actualidad\/#listItem","position":2,"name":"Noticias y Actualidad","item":"https:\/\/eldigitaldeasturias.com\/magazine365\/category\/noticias-actualidad\/","nextItem":{"@type":"ListItem","@id":"https:\/\/eldigitaldeasturias.com\/magazine365\/bernabe-dice-que-se-va-tranquilo-a-madrid-con-ave-y-aeropuerto-en-su-recta-final-para-dejar-pabellon-murcia-muy-alto\/#listItem","name":"Bernab\u00e9 dice que se va tranquilo a Madrid, con AVE y aeropuerto en su recta final, para dejar pabell\u00f3n Murcia \u00abmuy alto\u00bb"},"previousItem":{"@type":"ListItem","@id":"https:\/\/eldigitaldeasturias.com\/magazine365#listItem","name":"Home"}},{"@type":"ListItem","@id":"https:\/\/eldigitaldeasturias.com\/magazine365\/bernabe-dice-que-se-va-tranquilo-a-madrid-con-ave-y-aeropuerto-en-su-recta-final-para-dejar-pabellon-murcia-muy-alto\/#listItem","position":3,"name":"Bernab\u00e9 dice que se va tranquilo a Madrid, con AVE y aeropuerto en su recta final, para dejar pabell\u00f3n Murcia \u00abmuy alto\u00bb","previousItem":{"@type":"ListItem","@id":"https:\/\/eldigitaldeasturias.com\/magazine365\/category\/noticias-actualidad\/#listItem","name":"Noticias y Actualidad"}}]},{"@type":"Organization","@id":"https:\/\/eldigitaldeasturias.com\/magazine365\/#organization","name":"El digital de Asturias","description":"Revista de ocio, turismo y estilo de vida","url":"https:\/\/eldigitaldeasturias.com\/magazine365\/","logo":{"@type":"ImageObject","url":"https:\/\/www.eldigitaldeasturias.com\/noticias\/wp-content\/uploads\/2020\/12\/EDA.jpg","@id":"https:\/\/eldigitaldeasturias.com\/magazine365\/bernabe-dice-que-se-va-tranquilo-a-madrid-con-ave-y-aeropuerto-en-su-recta-final-para-dejar-pabellon-murcia-muy-alto\/#organizationLogo"},"image":{"@id":"https:\/\/eldigitaldeasturias.com\/magazine365\/bernabe-dice-que-se-va-tranquilo-a-madrid-con-ave-y-aeropuerto-en-su-recta-final-para-dejar-pabellon-murcia-muy-alto\/#organizationLogo"}},{"@type":"Person","@id":"https:\/\/eldigitaldeasturias.com\/magazine365\/author\/admin\/#author","url":"https:\/\/eldigitaldeasturias.com\/magazine365\/author\/admin\/","name":"admin","image":{"@type":"ImageObject","@id":"https:\/\/eldigitaldeasturias.com\/magazine365\/bernabe-dice-que-se-va-tranquilo-a-madrid-con-ave-y-aeropuerto-en-su-recta-final-para-dejar-pabellon-murcia-muy-alto\/#authorImage","url":"https:\/\/eldigitaldeasturias.com\/magazine365\/wp-content\/litespeed\/avatar\/e571bcf59a0edd6fa6838245a470f2fe.jpg?ver=1777574230","width":96,"height":96,"caption":"admin"}},{"@type":"WebPage","@id":"https:\/\/eldigitaldeasturias.com\/magazine365\/bernabe-dice-que-se-va-tranquilo-a-madrid-con-ave-y-aeropuerto-en-su-recta-final-para-dejar-pabellon-murcia-muy-alto\/#webpage","url":"https:\/\/eldigitaldeasturias.com\/magazine365\/bernabe-dice-que-se-va-tranquilo-a-madrid-con-ave-y-aeropuerto-en-su-recta-final-para-dejar-pabellon-murcia-muy-alto\/","name":"Bernab\u00e9 dice que se va tranquilo a Madrid, con AVE y aeropuerto en su recta final, para dejar pabell\u00f3n Murcia \u00abmuy alto\u00bb | El Digital de Asturias","description":"El consejero de Fomento e Infraestructuras, Francisco Bernab\u00e9, sorprendido por la decisi\u00f3n del Comit\u00e9 Electoral Regional del PP, que ha decidido que sea el n\u00famero dos en la lista al Congreso de los Diputados, en sustituci\u00f3n de Andr\u00e9s Ayala, ha asegurado que se va tranquilo a Madrid con el aeropuerto y el AVE en su","inLanguage":"es-ES","isPartOf":{"@id":"https:\/\/eldigitaldeasturias.com\/magazine365\/#website"},"breadcrumb":{"@id":"https:\/\/eldigitaldeasturias.com\/magazine365\/bernabe-dice-que-se-va-tranquilo-a-madrid-con-ave-y-aeropuerto-en-su-recta-final-para-dejar-pabellon-murcia-muy-alto\/#breadcrumblist"},"author":{"@id":"https:\/\/eldigitaldeasturias.com\/magazine365\/author\/admin\/#author"},"creator":{"@id":"https:\/\/eldigitaldeasturias.com\/magazine365\/author\/admin\/#author"},"image":{"@type":"ImageObject","url":"https:\/\/eldigitaldeasturias.com\/magazine365\/wp-content\/uploads\/2016\/05\/fotonoticia_20160518121000_800.jpg","@id":"https:\/\/eldigitaldeasturias.com\/magazine365\/bernabe-dice-que-se-va-tranquilo-a-madrid-con-ave-y-aeropuerto-en-su-recta-final-para-dejar-pabellon-murcia-muy-alto\/#mainImage","width":800,"height":600},"primaryImageOfPage":{"@id":"https:\/\/eldigitaldeasturias.com\/magazine365\/bernabe-dice-que-se-va-tranquilo-a-madrid-con-ave-y-aeropuerto-en-su-recta-final-para-dejar-pabellon-murcia-muy-alto\/#mainImage"},"datePublished":"2016-05-21T03:40:24+02:00","dateModified":"2016-05-21T03:40:24+02:00"},{"@type":"WebSite","@id":"https:\/\/eldigitaldeasturias.com\/magazine365\/#website","url":"https:\/\/eldigitaldeasturias.com\/magazine365\/","name":"El Digital de Asturias","description":"Revista de ocio, turismo y estilo de vida","inLanguage":"es-ES","publisher":{"@id":"https:\/\/eldigitaldeasturias.com\/magazine365\/#organization"}}]},"og:locale":"es_ES","og:site_name":"El Digital de Asturias \u2013 Revista de ocio, turismo y estilo de vida","og:type":"article","og:title":"Bernab\u00e9 dice que se va tranquilo a Madrid, con AVE y aeropuerto en su recta final, para dejar pabell\u00f3n Murcia \u00abmuy alto\u00bb | El Digital de Asturias","og:description":"El consejero de Fomento e Infraestructuras, Francisco Bernab\u00e9, sorprendido por la decisi\u00f3n del Comit\u00e9 Electoral Regional del PP, que ha decidido que sea el n\u00famero dos en la lista al Congreso de los Diputados, en sustituci\u00f3n de Andr\u00e9s Ayala, ha asegurado que se va tranquilo a Madrid con el aeropuerto y el AVE en su","og:url":"https:\/\/eldigitaldeasturias.com\/magazine365\/bernabe-dice-que-se-va-tranquilo-a-madrid-con-ave-y-aeropuerto-en-su-recta-final-para-dejar-pabellon-murcia-muy-alto\/","og:image":"https:\/\/eldigitaldeasturias.com\/magazine365\/wp-content\/uploads\/2016\/05\/fotonoticia_20160518121000_800.jpg","og:image:secure_url":"https:\/\/eldigitaldeasturias.com\/magazine365\/wp-content\/uploads\/2016\/05\/fotonoticia_20160518121000_800.jpg","og:image:width":800,"og:image:height":600,"article:published_time":"2016-05-21T01:40:24+00:00","article:modified_time":"2016-05-21T01:40:24+00:00","twitter:card":"summary_large_image","twitter:title":"Bernab\u00e9 dice que se va tranquilo a Madrid, con AVE y aeropuerto en su recta final, para dejar pabell\u00f3n Murcia \u00abmuy alto\u00bb | El Digital de Asturias","twitter:description":"El consejero de Fomento e Infraestructuras, Francisco Bernab\u00e9, sorprendido por la decisi\u00f3n del Comit\u00e9 Electoral Regional del PP, que ha decidido que sea el n\u00famero dos en la lista al Congreso de los Diputados, en sustituci\u00f3n de Andr\u00e9s Ayala, ha asegurado que se va tranquilo a Madrid con el aeropuerto y el AVE en su","twitter:image":"https:\/\/eldigitaldeasturias.com\/magazine365\/wp-content\/uploads\/2016\/05\/fotonoticia_20160518121000_800.jpg"},"aioseo_meta_data":{"post_id":"76306","title":null,"description":null,"keywords":null,"keyphrases":null,"primary_term":null,"canonical_url":null,"og_title":null,"og_description":null,"og_object_type":"default","og_image_type":"default","og_image_url":null,"og_image_width":null,"og_image_height":null,"og_image_custom_url":null,"og_image_custom_fields":null,"og_video":null,"og_custom_url":null,"og_article_section":null,"og_article_tags":null,"twitter_use_og":false,"twitter_card":"default","twitter_image_type":"default","twitter_image_url":null,"twitter_image_custom_url":null,"twitter_image_custom_fields":null,"twitter_title":null,"twitter_description":null,"schema":{"blockGraphs":[],"customGraphs":[],"default":{"data":{"Article":[],"Course":[],"Dataset":[],"FAQPage":[],"Movie":[],"Person":[],"Product":[],"ProductReview":[],"Car":[],"Recipe":[],"Service":[],"SoftwareApplication":[],"WebPage":[]},"graphName":"","isEnabled":true},"graphs":[],"defaultGraph":"","defaultPostTypeGraph":""},"schema_type":null,"schema_type_options":null,"pillar_content":false,"robots_default":true,"robots_noindex":false,"robots_noarchive":false,"robots_nosnippet":false,"robots_nofollow":false,"robots_noimageindex":false,"robots_noodp":false,"robots_notranslate":false,"robots_max_snippet":null,"robots_max_videopreview":null,"robots_max_imagepreview":"large","priority":null,"frequency":null,"location":null,"local_seo":null,"seo_analyzer_scan_date":"2025-09-27 12:19:16","breadcrumb_settings":null,"limit_modified_date":false,"open_ai":null,"ai":null,"created":"2021-03-08 18:29:46","updated":"2025-09-27 12:19:16"},"aioseo_breadcrumb":"<div class=\"aioseo-breadcrumbs\"><span class=\"aioseo-breadcrumb\">\n\t<a href=\"https:\/\/eldigitaldeasturias.com\/magazine365\" title=\"Home\">Home<\/a>\n<\/span><span class=\"aioseo-breadcrumb-separator\">\u2013<\/span><span class=\"aioseo-breadcrumb\">\n\t<a href=\"https:\/\/eldigitaldeasturias.com\/magazine365\/category\/noticias-actualidad\/\" title=\"Noticias y Actualidad\">Noticias y Actualidad<\/a>\n<\/span><span class=\"aioseo-breadcrumb-separator\">\u2013<\/span><span class=\"aioseo-breadcrumb\">\n\t<a href=\"https:\/\/eldigitaldeasturias.com\/magazine365\/bernabe-dice-que-se-va-tranquilo-a-madrid-con-ave-y-aeropuerto-en-su-recta-final-para-dejar-pabellon-murcia-muy-alto\/\" title=\"Bernab\u00e9 dice que se va tranquilo a Madrid, con AVE y aeropuerto en su recta final, para dejar pabell\u00f3n Murcia \u00abmuy alto\u00bb\">Bernab\u00e9 dice que se va tranquilo a Madrid, con AVE y aeropuerto en su recta final, para dejar pabell\u00f3n Murcia \u00abmuy alto\u00bb<\/a>\n<\/span><\/div>","aioseo_breadcrumb_json":[{"label":"Home","link":"https:\/\/eldigitaldeasturias.com\/magazine365"},{"label":"Noticias y Actualidad","link":"https:\/\/eldigitaldeasturias.com\/magazine365\/category\/noticias-actualidad\/"},{"label":"Bernab\u00e9 dice que se va tranquilo a Madrid, con AVE y aeropuerto en su recta final, para dejar pabell\u00f3n Murcia \u00abmuy alto\u00bb","link":"https:\/\/eldigitaldeasturias.com\/magazine365\/bernabe-dice-que-se-va-tranquilo-a-madrid-con-ave-y-aeropuerto-en-su-recta-final-para-dejar-pabellon-murcia-muy-alto\/"}],"_links":{"self":[{"href":"https:\/\/eldigitaldeasturias.com\/magazine365\/wp-json\/wp\/v2\/posts\/76306","targetHints":{"allow":["GET"]}}],"collection":[{"href":"https:\/\/eldigitaldeasturias.com\/magazine365\/wp-json\/wp\/v2\/posts"}],"about":[{"href":"https:\/\/eldigitaldeasturias.com\/magazine365\/wp-json\/wp\/v2\/types\/post"}],"author":[{"embeddable":true,"href":"https:\/\/eldigitaldeasturias.com\/magazine365\/wp-json\/wp\/v2\/users\/1"}],"replies":[{"embeddable":true,"href":"https:\/\/eldigitaldeasturias.com\/magazine365\/wp-json\/wp\/v2\/comments?post=76306"}],"version-history":[{"count":0,"href":"https:\/\/eldigitaldeasturias.com\/magazine365\/wp-json\/wp\/v2\/posts\/76306\/revisions"}],"wp:featuredmedia":[{"embeddable":true,"href":"https:\/\/eldigitaldeasturias.com\/magazine365\/wp-json\/wp\/v2\/media\/76307"}],"wp:attachment":[{"href":"https:\/\/eldigitaldeasturias.com\/magazine365\/wp-json\/wp\/v2\/media?parent=76306"}],"wp:term":[{"taxonomy":"category","embeddable":true,"href":"https:\/\/eldigitaldeasturias.com\/magazine365\/wp-json\/wp\/v2\/categories?post=76306"},{"taxonomy":"post_tag","embeddable":true,"href":"https:\/\/eldigitaldeasturias.com\/magazine365\/wp-json\/wp\/v2\/tags?post=76306"}],"curies":[{"name":"wp","href":"https:\/\/api.w.org\/{rel}","templated":true}]}}