{"id":76300,"date":"2016-05-21T03:38:34","date_gmt":"2016-05-21T01:38:34","guid":{"rendered":"http:\/\/eldigitaldeasturias.com\/magazine365\/?p=76300"},"modified":"2016-05-21T03:38:34","modified_gmt":"2016-05-21T01:38:34","slug":"crecen-un-61-los-afiliados-en-turismo-a-la-seguridad-social-en-abril","status":"publish","type":"post","link":"https:\/\/eldigitaldeasturias.com\/magazine365\/crecen-un-61-los-afiliados-en-turismo-a-la-seguridad-social-en-abril\/","title":{"rendered":"Crecen un 6,1% los afiliados en turismo a la Seguridad Social en abril"},"content":{"rendered":"<p><img fetchpriority=\"high\" decoding=\"async\" class=\"alignleft size-medium wp-image-76301\" src=\"https:\/\/eldigitaldeasturias.com\/magazine365\/wp-content\/uploads\/2016\/05\/fotonoticia_20160518115224_800-360x269.jpg\" alt=\"fotonoticia_20160518115224_800\" width=\"360\" height=\"269\" srcset=\"https:\/\/eldigitaldeasturias.com\/magazine365\/wp-content\/uploads\/2016\/05\/fotonoticia_20160518115224_800-360x269.jpg 360w, https:\/\/eldigitaldeasturias.com\/magazine365\/wp-content\/uploads\/2016\/05\/fotonoticia_20160518115224_800-650x486.jpg 650w, https:\/\/eldigitaldeasturias.com\/magazine365\/wp-content\/uploads\/2016\/05\/fotonoticia_20160518115224_800-768x574.jpg 768w, https:\/\/eldigitaldeasturias.com\/magazine365\/wp-content\/uploads\/2016\/05\/fotonoticia_20160518115224_800-150x112.jpg 150w, https:\/\/eldigitaldeasturias.com\/magazine365\/wp-content\/uploads\/2016\/05\/fotonoticia_20160518115224_800-450x336.jpg 450w, https:\/\/eldigitaldeasturias.com\/magazine365\/wp-content\/uploads\/2016\/05\/fotonoticia_20160518115224_800-90x67.jpg 90w, https:\/\/eldigitaldeasturias.com\/magazine365\/wp-content\/uploads\/2016\/05\/fotonoticia_20160518115224_800-164x124.jpg 164w, https:\/\/eldigitaldeasturias.com\/magazine365\/wp-content\/uploads\/2016\/05\/fotonoticia_20160518115224_800-100x75.jpg 100w, https:\/\/eldigitaldeasturias.com\/magazine365\/wp-content\/uploads\/2016\/05\/fotonoticia_20160518115224_800.jpg 800w\" sizes=\"(max-width: 360px) 100vw, 360px\" \/>El n\u00famero de trabajadores dados de alta en la Seguridad Social en actividades vinculadas al turismo aument\u00f3 un 6,1% en abril, hasta los 2,10 millones de personas, seg\u00fan los datos definitivos difundidos por la Subdirecci\u00f3n General de Conocimiento y Estudios Tur\u00edsticos, dependiente del Ministerio de Industria, Energ\u00eda y Turismo.<\/p>\n<p>Este crecimiento se explica principalmente por el repunte de los asalariados, que aumentaron un 7,7%, hasta 1,73 millones de afiliados, frente al aumento del 0,5% de los aut\u00f3nomos, que suman 475.590 personas. El crecimiento medio desde enero es del 5,2%.<\/p>\n<p>En abril, los afiliados en hosteler\u00eda y agencias de viajes crecieron un 7%, hasta los 1,56 millones de trabajadores, gracias al incremento del 9,1% de los asalariados (1,21 millones), mientras que los aut\u00f3nomos se mantuvieron en 341.456 viajeros. Desde enero, el aumento fue del 5,9%.<\/p>\n<p>Por ramas de actividad, los ocupados en las agencias de viajes y operadores tur\u00edsticos crecieron un 5,9% respecto al mismo mes del a\u00f1o anterior, hasta las 55.808 personas, lo que supone 3.133 afiliados m\u00e1s que en abril de 2015. Esta cifra implica un incremento del 3,3% en tasa intermensual y del 5,3% en el a\u00f1o.<\/p>\n<p>UN 8,7% M\u00c1S EN ALOJAMIENTO.<\/p>\n<p>El mayor repunte se experiment\u00f3 en el sector del alojamiento, con un 8,7% m\u00e1s de afiliados en abril, hasta las 295.215 personas, tras aumentar en tasa intermensual un 11,2%. En el a\u00f1o, el aumento medio es del 6,4%.<\/p>\n<p>Los afiliados en servicios de restauraci\u00f3n (comidas y bebidas) aumentaron un 6,6% en abril, para superar los 1,2 millones de personas.<\/p>\n<p>AFILIADOS EN HOSTER\u00cdA Y AAVV POR CC.AA.<\/p>\n<p>Por comunidades, las de mayor peso espec\u00edfico en el sector registraron aumentos generalizados en el n\u00famero de afiliados en hosteler\u00eda y agencias de viajes, por encima del 7% de la media nacional.<\/p>\n<p>Baleares increment\u00f3 un 10% sus afiliados en hosteler\u00eda y agencias de viajes, hasta las 103.118 personas. Tambi\u00e9n registraron aumentos notables Andaluc\u00eda (+9,9%), Canarias (+9%), la Comunidad Valenciana (+8,2%), la Comunidad de Madrid (+6,7%), Catalu\u00f1a (+5,8%) y Castilla-La Mancha (+5,8%).<\/p>\n<p>Desde enero, Baleares vio aumentar de media un 9% sus afiliados en hosteler\u00eda y agencias de viajes, seguida de Andaluc\u00eda (+7,9%), Comunidad Valenciana (+7,8%), Canarias (+6,4%) y Comunidad de Madrid (+6%), por encima de la media del 5,9%, y por delante de Catalu\u00f1a (+5,5%).<\/p>\n","protected":false},"excerpt":{"rendered":"<p>El n\u00famero de trabajadores dados de alta en la Seguridad Social en actividades vinculadas al turismo aument\u00f3 un 6,1% en abril, hasta los 2,10 millones de personas, seg\u00fan los datos definitivos difundidos por la Subdirecci\u00f3n General de Conocimiento y Estudios Tur\u00edsticos, dependiente del Ministerio de Industria, Energ\u00eda y Turismo. Este crecimiento se explica principalmente por<\/p>\n","protected":false},"author":1,"featured_media":76301,"comment_status":"open","ping_status":"closed","sticky":false,"template":"","format":"standard","meta":{"footnotes":""},"categories":[224],"tags":[],"class_list":{"0":"post-76300","1":"post","2":"type-post","3":"status-publish","4":"format-standard","5":"has-post-thumbnail","7":"category-noticias-actualidad"},"aioseo_notices":[],"aioseo_head":"\n\t\t<!-- All in One SEO Pro 4.9.6.1 - aioseo.com -->\n\t<meta name=\"description\" content=\"El n\u00famero de trabajadores dados de alta en la Seguridad Social en actividades vinculadas al turismo aument\u00f3 un 6,1% en abril, hasta los 2,10 millones de personas, seg\u00fan los datos definitivos difundidos por la Subdirecci\u00f3n General de Conocimiento y Estudios Tur\u00edsticos, dependiente del Ministerio de Industria, Energ\u00eda y Turismo. Este crecimiento se explica principalmente por\" \/>\n\t<meta name=\"robots\" content=\"max-image-preview:large\" \/>\n\t<meta name=\"author\" content=\"admin\"\/>\n\t<meta name=\"google-site-verification\" content=\"UA-38556648-1\" \/>\n\t<meta name=\"keywords\" content=\"noticias y actualidad\" \/>\n\t<link rel=\"canonical\" href=\"https:\/\/eldigitaldeasturias.com\/magazine365\/crecen-un-61-los-afiliados-en-turismo-a-la-seguridad-social-en-abril\/\" \/>\n\t<meta name=\"generator\" content=\"All in One SEO Pro (AIOSEO) 4.9.6.1\" \/>\n\t\t<meta property=\"og:locale\" content=\"es_ES\" \/>\n\t\t<meta property=\"og:site_name\" content=\"El Digital de Asturias \u2013 Revista de ocio, turismo y estilo de vida\" \/>\n\t\t<meta property=\"og:type\" content=\"article\" \/>\n\t\t<meta property=\"og:title\" content=\"Crecen un 6,1% los afiliados en turismo a la Seguridad Social en abril | El Digital de Asturias\" \/>\n\t\t<meta property=\"og:description\" content=\"El n\u00famero de trabajadores dados de alta en la Seguridad Social en actividades vinculadas al turismo aument\u00f3 un 6,1% en abril, hasta los 2,10 millones de personas, seg\u00fan los datos definitivos difundidos por la Subdirecci\u00f3n General de Conocimiento y Estudios Tur\u00edsticos, dependiente del Ministerio de Industria, Energ\u00eda y Turismo. Este crecimiento se explica principalmente por\" \/>\n\t\t<meta property=\"og:url\" content=\"https:\/\/eldigitaldeasturias.com\/magazine365\/crecen-un-61-los-afiliados-en-turismo-a-la-seguridad-social-en-abril\/\" \/>\n\t\t<meta property=\"og:image\" content=\"https:\/\/eldigitaldeasturias.com\/magazine365\/wp-content\/uploads\/2016\/05\/fotonoticia_20160518115224_800.jpg\" \/>\n\t\t<meta property=\"og:image:secure_url\" content=\"https:\/\/eldigitaldeasturias.com\/magazine365\/wp-content\/uploads\/2016\/05\/fotonoticia_20160518115224_800.jpg\" \/>\n\t\t<meta property=\"og:image:width\" content=\"800\" \/>\n\t\t<meta property=\"og:image:height\" content=\"598\" \/>\n\t\t<meta property=\"article:published_time\" content=\"2016-05-21T01:38:34+00:00\" \/>\n\t\t<meta property=\"article:modified_time\" content=\"2016-05-21T01:38:34+00:00\" \/>\n\t\t<meta name=\"twitter:card\" content=\"summary_large_image\" \/>\n\t\t<meta name=\"twitter:title\" content=\"Crecen un 6,1% los afiliados en turismo a la Seguridad Social en abril | El Digital de Asturias\" \/>\n\t\t<meta name=\"twitter:description\" content=\"El n\u00famero de trabajadores dados de alta en la Seguridad Social en actividades vinculadas al turismo aument\u00f3 un 6,1% en abril, hasta los 2,10 millones de personas, seg\u00fan los datos definitivos difundidos por la Subdirecci\u00f3n General de Conocimiento y Estudios Tur\u00edsticos, dependiente del Ministerio de Industria, Energ\u00eda y Turismo. Este crecimiento se explica principalmente por\" \/>\n\t\t<meta name=\"twitter:image\" content=\"https:\/\/eldigitaldeasturias.com\/magazine365\/wp-content\/uploads\/2016\/05\/fotonoticia_20160518115224_800.jpg\" \/>\n\t\t<script type=\"application\/ld+json\" class=\"aioseo-schema\">\n\t\t\t{\"@context\":\"https:\\\/\\\/schema.org\",\"@graph\":[{\"@type\":\"Article\",\"@id\":\"https:\\\/\\\/eldigitaldeasturias.com\\\/magazine365\\\/crecen-un-61-los-afiliados-en-turismo-a-la-seguridad-social-en-abril\\\/#article\",\"name\":\"Crecen un 6,1% los afiliados en turismo a la Seguridad Social en abril | El Digital de Asturias\",\"headline\":\"Crecen un 6,1% los afiliados en turismo a la Seguridad Social en abril\",\"author\":{\"@id\":\"https:\\\/\\\/eldigitaldeasturias.com\\\/magazine365\\\/author\\\/admin\\\/#author\"},\"publisher\":{\"@id\":\"https:\\\/\\\/eldigitaldeasturias.com\\\/magazine365\\\/#organization\"},\"image\":{\"@type\":\"ImageObject\",\"url\":\"https:\\\/\\\/eldigitaldeasturias.com\\\/magazine365\\\/wp-content\\\/uploads\\\/2016\\\/05\\\/fotonoticia_20160518115224_800.jpg\",\"width\":800,\"height\":598},\"datePublished\":\"2016-05-21T03:38:34+02:00\",\"dateModified\":\"2016-05-21T03:38:34+02:00\",\"inLanguage\":\"es-ES\",\"mainEntityOfPage\":{\"@id\":\"https:\\\/\\\/eldigitaldeasturias.com\\\/magazine365\\\/crecen-un-61-los-afiliados-en-turismo-a-la-seguridad-social-en-abril\\\/#webpage\"},\"isPartOf\":{\"@id\":\"https:\\\/\\\/eldigitaldeasturias.com\\\/magazine365\\\/crecen-un-61-los-afiliados-en-turismo-a-la-seguridad-social-en-abril\\\/#webpage\"},\"articleSection\":\"Noticias y Actualidad\"},{\"@type\":\"BreadcrumbList\",\"@id\":\"https:\\\/\\\/eldigitaldeasturias.com\\\/magazine365\\\/crecen-un-61-los-afiliados-en-turismo-a-la-seguridad-social-en-abril\\\/#breadcrumblist\",\"itemListElement\":[{\"@type\":\"ListItem\",\"@id\":\"https:\\\/\\\/eldigitaldeasturias.com\\\/magazine365#listItem\",\"position\":1,\"name\":\"Home\",\"item\":\"https:\\\/\\\/eldigitaldeasturias.com\\\/magazine365\",\"nextItem\":{\"@type\":\"ListItem\",\"@id\":\"https:\\\/\\\/eldigitaldeasturias.com\\\/magazine365\\\/category\\\/noticias-actualidad\\\/#listItem\",\"name\":\"Noticias y Actualidad\"}},{\"@type\":\"ListItem\",\"@id\":\"https:\\\/\\\/eldigitaldeasturias.com\\\/magazine365\\\/category\\\/noticias-actualidad\\\/#listItem\",\"position\":2,\"name\":\"Noticias y Actualidad\",\"item\":\"https:\\\/\\\/eldigitaldeasturias.com\\\/magazine365\\\/category\\\/noticias-actualidad\\\/\",\"nextItem\":{\"@type\":\"ListItem\",\"@id\":\"https:\\\/\\\/eldigitaldeasturias.com\\\/magazine365\\\/crecen-un-61-los-afiliados-en-turismo-a-la-seguridad-social-en-abril\\\/#listItem\",\"name\":\"Crecen un 6,1% los afiliados en turismo a la Seguridad Social en abril\"},\"previousItem\":{\"@type\":\"ListItem\",\"@id\":\"https:\\\/\\\/eldigitaldeasturias.com\\\/magazine365#listItem\",\"name\":\"Home\"}},{\"@type\":\"ListItem\",\"@id\":\"https:\\\/\\\/eldigitaldeasturias.com\\\/magazine365\\\/crecen-un-61-los-afiliados-en-turismo-a-la-seguridad-social-en-abril\\\/#listItem\",\"position\":3,\"name\":\"Crecen un 6,1% los afiliados en turismo a la Seguridad Social en abril\",\"previousItem\":{\"@type\":\"ListItem\",\"@id\":\"https:\\\/\\\/eldigitaldeasturias.com\\\/magazine365\\\/category\\\/noticias-actualidad\\\/#listItem\",\"name\":\"Noticias y Actualidad\"}}]},{\"@type\":\"Organization\",\"@id\":\"https:\\\/\\\/eldigitaldeasturias.com\\\/magazine365\\\/#organization\",\"name\":\"El digital de Asturias\",\"description\":\"Revista de ocio, turismo y estilo de vida\",\"url\":\"https:\\\/\\\/eldigitaldeasturias.com\\\/magazine365\\\/\",\"logo\":{\"@type\":\"ImageObject\",\"url\":\"https:\\\/\\\/www.eldigitaldeasturias.com\\\/noticias\\\/wp-content\\\/uploads\\\/2020\\\/12\\\/EDA.jpg\",\"@id\":\"https:\\\/\\\/eldigitaldeasturias.com\\\/magazine365\\\/crecen-un-61-los-afiliados-en-turismo-a-la-seguridad-social-en-abril\\\/#organizationLogo\"},\"image\":{\"@id\":\"https:\\\/\\\/eldigitaldeasturias.com\\\/magazine365\\\/crecen-un-61-los-afiliados-en-turismo-a-la-seguridad-social-en-abril\\\/#organizationLogo\"}},{\"@type\":\"Person\",\"@id\":\"https:\\\/\\\/eldigitaldeasturias.com\\\/magazine365\\\/author\\\/admin\\\/#author\",\"url\":\"https:\\\/\\\/eldigitaldeasturias.com\\\/magazine365\\\/author\\\/admin\\\/\",\"name\":\"admin\",\"image\":{\"@type\":\"ImageObject\",\"@id\":\"https:\\\/\\\/eldigitaldeasturias.com\\\/magazine365\\\/crecen-un-61-los-afiliados-en-turismo-a-la-seguridad-social-en-abril\\\/#authorImage\",\"url\":\"https:\\\/\\\/eldigitaldeasturias.com\\\/magazine365\\\/wp-content\\\/litespeed\\\/avatar\\\/e571bcf59a0edd6fa6838245a470f2fe.jpg?ver=1777574230\",\"width\":96,\"height\":96,\"caption\":\"admin\"}},{\"@type\":\"WebPage\",\"@id\":\"https:\\\/\\\/eldigitaldeasturias.com\\\/magazine365\\\/crecen-un-61-los-afiliados-en-turismo-a-la-seguridad-social-en-abril\\\/#webpage\",\"url\":\"https:\\\/\\\/eldigitaldeasturias.com\\\/magazine365\\\/crecen-un-61-los-afiliados-en-turismo-a-la-seguridad-social-en-abril\\\/\",\"name\":\"Crecen un 6,1% los afiliados en turismo a la Seguridad Social en abril | El Digital de Asturias\",\"description\":\"El n\\u00famero de trabajadores dados de alta en la Seguridad Social en actividades vinculadas al turismo aument\\u00f3 un 6,1% en abril, hasta los 2,10 millones de personas, seg\\u00fan los datos definitivos difundidos por la Subdirecci\\u00f3n General de Conocimiento y Estudios Tur\\u00edsticos, dependiente del Ministerio de Industria, Energ\\u00eda y Turismo. Este crecimiento se explica principalmente por\",\"inLanguage\":\"es-ES\",\"isPartOf\":{\"@id\":\"https:\\\/\\\/eldigitaldeasturias.com\\\/magazine365\\\/#website\"},\"breadcrumb\":{\"@id\":\"https:\\\/\\\/eldigitaldeasturias.com\\\/magazine365\\\/crecen-un-61-los-afiliados-en-turismo-a-la-seguridad-social-en-abril\\\/#breadcrumblist\"},\"author\":{\"@id\":\"https:\\\/\\\/eldigitaldeasturias.com\\\/magazine365\\\/author\\\/admin\\\/#author\"},\"creator\":{\"@id\":\"https:\\\/\\\/eldigitaldeasturias.com\\\/magazine365\\\/author\\\/admin\\\/#author\"},\"image\":{\"@type\":\"ImageObject\",\"url\":\"https:\\\/\\\/eldigitaldeasturias.com\\\/magazine365\\\/wp-content\\\/uploads\\\/2016\\\/05\\\/fotonoticia_20160518115224_800.jpg\",\"@id\":\"https:\\\/\\\/eldigitaldeasturias.com\\\/magazine365\\\/crecen-un-61-los-afiliados-en-turismo-a-la-seguridad-social-en-abril\\\/#mainImage\",\"width\":800,\"height\":598},\"primaryImageOfPage\":{\"@id\":\"https:\\\/\\\/eldigitaldeasturias.com\\\/magazine365\\\/crecen-un-61-los-afiliados-en-turismo-a-la-seguridad-social-en-abril\\\/#mainImage\"},\"datePublished\":\"2016-05-21T03:38:34+02:00\",\"dateModified\":\"2016-05-21T03:38:34+02:00\"},{\"@type\":\"WebSite\",\"@id\":\"https:\\\/\\\/eldigitaldeasturias.com\\\/magazine365\\\/#website\",\"url\":\"https:\\\/\\\/eldigitaldeasturias.com\\\/magazine365\\\/\",\"name\":\"El Digital de Asturias\",\"description\":\"Revista de ocio, turismo y estilo de vida\",\"inLanguage\":\"es-ES\",\"publisher\":{\"@id\":\"https:\\\/\\\/eldigitaldeasturias.com\\\/magazine365\\\/#organization\"}}]}\n\t\t<\/script>\n\t\t<!-- All in One SEO Pro -->\r\n\t\t<title>Crecen un 6,1% los afiliados en turismo a la Seguridad Social en abril | El Digital de Asturias<\/title>\n\n","aioseo_head_json":{"title":"Crecen un 6,1% los afiliados en turismo a la Seguridad Social en abril | El Digital de Asturias","description":"El n\u00famero de trabajadores dados de alta en la Seguridad Social en actividades vinculadas al turismo aument\u00f3 un 6,1% en abril, hasta los 2,10 millones de personas, seg\u00fan los datos definitivos difundidos por la Subdirecci\u00f3n General de Conocimiento y Estudios Tur\u00edsticos, dependiente del Ministerio de Industria, Energ\u00eda y Turismo. Este crecimiento se explica principalmente por","canonical_url":"https:\/\/eldigitaldeasturias.com\/magazine365\/crecen-un-61-los-afiliados-en-turismo-a-la-seguridad-social-en-abril\/","robots":"max-image-preview:large","keywords":"noticias y actualidad","webmasterTools":{"google-site-verification":"UA-38556648-1","miscellaneous":""},"schema":{"@context":"https:\/\/schema.org","@graph":[{"@type":"Article","@id":"https:\/\/eldigitaldeasturias.com\/magazine365\/crecen-un-61-los-afiliados-en-turismo-a-la-seguridad-social-en-abril\/#article","name":"Crecen un 6,1% los afiliados en turismo a la Seguridad Social en abril | El Digital de Asturias","headline":"Crecen un 6,1% los afiliados en turismo a la Seguridad Social en abril","author":{"@id":"https:\/\/eldigitaldeasturias.com\/magazine365\/author\/admin\/#author"},"publisher":{"@id":"https:\/\/eldigitaldeasturias.com\/magazine365\/#organization"},"image":{"@type":"ImageObject","url":"https:\/\/eldigitaldeasturias.com\/magazine365\/wp-content\/uploads\/2016\/05\/fotonoticia_20160518115224_800.jpg","width":800,"height":598},"datePublished":"2016-05-21T03:38:34+02:00","dateModified":"2016-05-21T03:38:34+02:00","inLanguage":"es-ES","mainEntityOfPage":{"@id":"https:\/\/eldigitaldeasturias.com\/magazine365\/crecen-un-61-los-afiliados-en-turismo-a-la-seguridad-social-en-abril\/#webpage"},"isPartOf":{"@id":"https:\/\/eldigitaldeasturias.com\/magazine365\/crecen-un-61-los-afiliados-en-turismo-a-la-seguridad-social-en-abril\/#webpage"},"articleSection":"Noticias y Actualidad"},{"@type":"BreadcrumbList","@id":"https:\/\/eldigitaldeasturias.com\/magazine365\/crecen-un-61-los-afiliados-en-turismo-a-la-seguridad-social-en-abril\/#breadcrumblist","itemListElement":[{"@type":"ListItem","@id":"https:\/\/eldigitaldeasturias.com\/magazine365#listItem","position":1,"name":"Home","item":"https:\/\/eldigitaldeasturias.com\/magazine365","nextItem":{"@type":"ListItem","@id":"https:\/\/eldigitaldeasturias.com\/magazine365\/category\/noticias-actualidad\/#listItem","name":"Noticias y Actualidad"}},{"@type":"ListItem","@id":"https:\/\/eldigitaldeasturias.com\/magazine365\/category\/noticias-actualidad\/#listItem","position":2,"name":"Noticias y Actualidad","item":"https:\/\/eldigitaldeasturias.com\/magazine365\/category\/noticias-actualidad\/","nextItem":{"@type":"ListItem","@id":"https:\/\/eldigitaldeasturias.com\/magazine365\/crecen-un-61-los-afiliados-en-turismo-a-la-seguridad-social-en-abril\/#listItem","name":"Crecen un 6,1% los afiliados en turismo a la Seguridad Social en abril"},"previousItem":{"@type":"ListItem","@id":"https:\/\/eldigitaldeasturias.com\/magazine365#listItem","name":"Home"}},{"@type":"ListItem","@id":"https:\/\/eldigitaldeasturias.com\/magazine365\/crecen-un-61-los-afiliados-en-turismo-a-la-seguridad-social-en-abril\/#listItem","position":3,"name":"Crecen un 6,1% los afiliados en turismo a la Seguridad Social en abril","previousItem":{"@type":"ListItem","@id":"https:\/\/eldigitaldeasturias.com\/magazine365\/category\/noticias-actualidad\/#listItem","name":"Noticias y Actualidad"}}]},{"@type":"Organization","@id":"https:\/\/eldigitaldeasturias.com\/magazine365\/#organization","name":"El digital de Asturias","description":"Revista de ocio, turismo y estilo de vida","url":"https:\/\/eldigitaldeasturias.com\/magazine365\/","logo":{"@type":"ImageObject","url":"https:\/\/www.eldigitaldeasturias.com\/noticias\/wp-content\/uploads\/2020\/12\/EDA.jpg","@id":"https:\/\/eldigitaldeasturias.com\/magazine365\/crecen-un-61-los-afiliados-en-turismo-a-la-seguridad-social-en-abril\/#organizationLogo"},"image":{"@id":"https:\/\/eldigitaldeasturias.com\/magazine365\/crecen-un-61-los-afiliados-en-turismo-a-la-seguridad-social-en-abril\/#organizationLogo"}},{"@type":"Person","@id":"https:\/\/eldigitaldeasturias.com\/magazine365\/author\/admin\/#author","url":"https:\/\/eldigitaldeasturias.com\/magazine365\/author\/admin\/","name":"admin","image":{"@type":"ImageObject","@id":"https:\/\/eldigitaldeasturias.com\/magazine365\/crecen-un-61-los-afiliados-en-turismo-a-la-seguridad-social-en-abril\/#authorImage","url":"https:\/\/eldigitaldeasturias.com\/magazine365\/wp-content\/litespeed\/avatar\/e571bcf59a0edd6fa6838245a470f2fe.jpg?ver=1777574230","width":96,"height":96,"caption":"admin"}},{"@type":"WebPage","@id":"https:\/\/eldigitaldeasturias.com\/magazine365\/crecen-un-61-los-afiliados-en-turismo-a-la-seguridad-social-en-abril\/#webpage","url":"https:\/\/eldigitaldeasturias.com\/magazine365\/crecen-un-61-los-afiliados-en-turismo-a-la-seguridad-social-en-abril\/","name":"Crecen un 6,1% los afiliados en turismo a la Seguridad Social en abril | El Digital de Asturias","description":"El n\u00famero de trabajadores dados de alta en la Seguridad Social en actividades vinculadas al turismo aument\u00f3 un 6,1% en abril, hasta los 2,10 millones de personas, seg\u00fan los datos definitivos difundidos por la Subdirecci\u00f3n General de Conocimiento y Estudios Tur\u00edsticos, dependiente del Ministerio de Industria, Energ\u00eda y Turismo. Este crecimiento se explica principalmente por","inLanguage":"es-ES","isPartOf":{"@id":"https:\/\/eldigitaldeasturias.com\/magazine365\/#website"},"breadcrumb":{"@id":"https:\/\/eldigitaldeasturias.com\/magazine365\/crecen-un-61-los-afiliados-en-turismo-a-la-seguridad-social-en-abril\/#breadcrumblist"},"author":{"@id":"https:\/\/eldigitaldeasturias.com\/magazine365\/author\/admin\/#author"},"creator":{"@id":"https:\/\/eldigitaldeasturias.com\/magazine365\/author\/admin\/#author"},"image":{"@type":"ImageObject","url":"https:\/\/eldigitaldeasturias.com\/magazine365\/wp-content\/uploads\/2016\/05\/fotonoticia_20160518115224_800.jpg","@id":"https:\/\/eldigitaldeasturias.com\/magazine365\/crecen-un-61-los-afiliados-en-turismo-a-la-seguridad-social-en-abril\/#mainImage","width":800,"height":598},"primaryImageOfPage":{"@id":"https:\/\/eldigitaldeasturias.com\/magazine365\/crecen-un-61-los-afiliados-en-turismo-a-la-seguridad-social-en-abril\/#mainImage"},"datePublished":"2016-05-21T03:38:34+02:00","dateModified":"2016-05-21T03:38:34+02:00"},{"@type":"WebSite","@id":"https:\/\/eldigitaldeasturias.com\/magazine365\/#website","url":"https:\/\/eldigitaldeasturias.com\/magazine365\/","name":"El Digital de Asturias","description":"Revista de ocio, turismo y estilo de vida","inLanguage":"es-ES","publisher":{"@id":"https:\/\/eldigitaldeasturias.com\/magazine365\/#organization"}}]},"og:locale":"es_ES","og:site_name":"El Digital de Asturias \u2013 Revista de ocio, turismo y estilo de vida","og:type":"article","og:title":"Crecen un 6,1% los afiliados en turismo a la Seguridad Social en abril | El Digital de Asturias","og:description":"El n\u00famero de trabajadores dados de alta en la Seguridad Social en actividades vinculadas al turismo aument\u00f3 un 6,1% en abril, hasta los 2,10 millones de personas, seg\u00fan los datos definitivos difundidos por la Subdirecci\u00f3n General de Conocimiento y Estudios Tur\u00edsticos, dependiente del Ministerio de Industria, Energ\u00eda y Turismo. Este crecimiento se explica principalmente por","og:url":"https:\/\/eldigitaldeasturias.com\/magazine365\/crecen-un-61-los-afiliados-en-turismo-a-la-seguridad-social-en-abril\/","og:image":"https:\/\/eldigitaldeasturias.com\/magazine365\/wp-content\/uploads\/2016\/05\/fotonoticia_20160518115224_800.jpg","og:image:secure_url":"https:\/\/eldigitaldeasturias.com\/magazine365\/wp-content\/uploads\/2016\/05\/fotonoticia_20160518115224_800.jpg","og:image:width":800,"og:image:height":598,"article:published_time":"2016-05-21T01:38:34+00:00","article:modified_time":"2016-05-21T01:38:34+00:00","twitter:card":"summary_large_image","twitter:title":"Crecen un 6,1% los afiliados en turismo a la Seguridad Social en abril | El Digital de Asturias","twitter:description":"El n\u00famero de trabajadores dados de alta en la Seguridad Social en actividades vinculadas al turismo aument\u00f3 un 6,1% en abril, hasta los 2,10 millones de personas, seg\u00fan los datos definitivos difundidos por la Subdirecci\u00f3n General de Conocimiento y Estudios Tur\u00edsticos, dependiente del Ministerio de Industria, Energ\u00eda y Turismo. Este crecimiento se explica principalmente por","twitter:image":"https:\/\/eldigitaldeasturias.com\/magazine365\/wp-content\/uploads\/2016\/05\/fotonoticia_20160518115224_800.jpg"},"aioseo_meta_data":{"post_id":"76300","title":null,"description":null,"keywords":null,"keyphrases":null,"primary_term":null,"canonical_url":null,"og_title":null,"og_description":null,"og_object_type":"default","og_image_type":"default","og_image_url":null,"og_image_width":null,"og_image_height":null,"og_image_custom_url":null,"og_image_custom_fields":null,"og_video":null,"og_custom_url":null,"og_article_section":null,"og_article_tags":null,"twitter_use_og":false,"twitter_card":"default","twitter_image_type":"default","twitter_image_url":null,"twitter_image_custom_url":null,"twitter_image_custom_fields":null,"twitter_title":null,"twitter_description":null,"schema":{"blockGraphs":[],"customGraphs":[],"default":{"data":{"Article":[],"Course":[],"Dataset":[],"FAQPage":[],"Movie":[],"Person":[],"Product":[],"ProductReview":[],"Car":[],"Recipe":[],"Service":[],"SoftwareApplication":[],"WebPage":[]},"graphName":"","isEnabled":true},"graphs":[]},"schema_type":null,"schema_type_options":null,"pillar_content":false,"robots_default":true,"robots_noindex":false,"robots_noarchive":false,"robots_nosnippet":false,"robots_nofollow":false,"robots_noimageindex":false,"robots_noodp":false,"robots_notranslate":false,"robots_max_snippet":null,"robots_max_videopreview":null,"robots_max_imagepreview":"large","priority":null,"frequency":null,"location":null,"local_seo":null,"seo_analyzer_scan_date":"2025-09-27 12:19:14","breadcrumb_settings":null,"limit_modified_date":false,"open_ai":null,"ai":null,"created":"2021-03-08 18:29:46","updated":"2025-09-27 12:19:14"},"aioseo_breadcrumb":"<div class=\"aioseo-breadcrumbs\"><span class=\"aioseo-breadcrumb\">\n\t<a href=\"https:\/\/eldigitaldeasturias.com\/magazine365\" title=\"Home\">Home<\/a>\n<\/span><span class=\"aioseo-breadcrumb-separator\">\u2013<\/span><span class=\"aioseo-breadcrumb\">\n\t<a href=\"https:\/\/eldigitaldeasturias.com\/magazine365\/category\/noticias-actualidad\/\" title=\"Noticias y Actualidad\">Noticias y Actualidad<\/a>\n<\/span><span class=\"aioseo-breadcrumb-separator\">\u2013<\/span><span class=\"aioseo-breadcrumb\">\n\t<a href=\"https:\/\/eldigitaldeasturias.com\/magazine365\/crecen-un-61-los-afiliados-en-turismo-a-la-seguridad-social-en-abril\/\" title=\"Crecen un 6,1% los afiliados en turismo a la Seguridad Social en abril\">Crecen un 6,1% los afiliados en turismo a la Seguridad Social en abril<\/a>\n<\/span><\/div>","aioseo_breadcrumb_json":[{"label":"Home","link":"https:\/\/eldigitaldeasturias.com\/magazine365"},{"label":"Noticias y Actualidad","link":"https:\/\/eldigitaldeasturias.com\/magazine365\/category\/noticias-actualidad\/"},{"label":"Crecen un 6,1% los afiliados en turismo a la Seguridad Social en abril","link":"https:\/\/eldigitaldeasturias.com\/magazine365\/crecen-un-61-los-afiliados-en-turismo-a-la-seguridad-social-en-abril\/"}],"_links":{"self":[{"href":"https:\/\/eldigitaldeasturias.com\/magazine365\/wp-json\/wp\/v2\/posts\/76300","targetHints":{"allow":["GET"]}}],"collection":[{"href":"https:\/\/eldigitaldeasturias.com\/magazine365\/wp-json\/wp\/v2\/posts"}],"about":[{"href":"https:\/\/eldigitaldeasturias.com\/magazine365\/wp-json\/wp\/v2\/types\/post"}],"author":[{"embeddable":true,"href":"https:\/\/eldigitaldeasturias.com\/magazine365\/wp-json\/wp\/v2\/users\/1"}],"replies":[{"embeddable":true,"href":"https:\/\/eldigitaldeasturias.com\/magazine365\/wp-json\/wp\/v2\/comments?post=76300"}],"version-history":[{"count":0,"href":"https:\/\/eldigitaldeasturias.com\/magazine365\/wp-json\/wp\/v2\/posts\/76300\/revisions"}],"wp:featuredmedia":[{"embeddable":true,"href":"https:\/\/eldigitaldeasturias.com\/magazine365\/wp-json\/wp\/v2\/media\/76301"}],"wp:attachment":[{"href":"https:\/\/eldigitaldeasturias.com\/magazine365\/wp-json\/wp\/v2\/media?parent=76300"}],"wp:term":[{"taxonomy":"category","embeddable":true,"href":"https:\/\/eldigitaldeasturias.com\/magazine365\/wp-json\/wp\/v2\/categories?post=76300"},{"taxonomy":"post_tag","embeddable":true,"href":"https:\/\/eldigitaldeasturias.com\/magazine365\/wp-json\/wp\/v2\/tags?post=76300"}],"curies":[{"name":"wp","href":"https:\/\/api.w.org\/{rel}","templated":true}]}}